{"id":5032,"date":"2021-03-17T10:00:24","date_gmt":"2021-03-17T09:00:24","guid":{"rendered":"http:\/\/www.anovapeneira.gal\/?p=5032"},"modified":"2021-03-16T07:49:12","modified_gmt":"2021-03-16T06:49:12","slug":"a-pontarea-anabel-antela-castro-ispe-a-saude-do-idioma-galego-no-sector-textil","status":"publish","type":"post","link":"https:\/\/www.anovapeneira.gal\/index.php\/2021\/03\/17\/a-pontarea-anabel-antela-castro-ispe-a-saude-do-idioma-galego-no-sector-textil\/","title":{"rendered":"A pontare\u00e1 Anabel Antela Castro ispe a sa\u00fade do idioma galego no sector t\u00e9xtil"},"content":{"rendered":"\n<p>Cando o meu pai ti\u00f1a 7 anos quedou orfo. Foi internado nun orfanato de Vigo e a primeira persoa que o atendeu, un crego de Valladolid, recibiuno pregunt\u00e1ndolle como se chamaba. El, natural de San Miguel de Oia, contestou no seu idioma :\u201d Eu ch\u00e1mome Claudio\u201d, d\u00edxolle un neno que con 7 anos acababa de presenciar o accidente que matou \u00e1 s\u00faa nai. A reacci\u00f3n do sacerdote salesiano foi darlle d\u00faas \u201costias\u201d, unha en cada meixela, e obrigarlle a escribir 2.000 veces \u201c No hablar\u00e9 en gallego\u201d. Este episodio \u00e9 unha metonimia de s\u00e9culos de represi\u00f3n e abusos que acabaron convertendo \u00e1 lingua propia de Galicia, en minoritaria no seu propio pa\u00eds. A lingua galega vive unha situaci\u00f3n de extrema dificultade que pon en perigo a s\u00faa transmisi\u00f3n, como lingua de uso, \u00e1s xeraci\u00f3ns futuras. Conv\u00eddolles amigos e amigas a que se dean un paseo polas r\u00faas e corredoiras de calquera vila ou aldea do noso pa\u00eds e escoiten en que idioma falan as e os adolescentes, e ver\u00e1n como a realidade \u00e9 estarrecedora. O noso idioma vive unha situaci\u00f3n de diglosia de manual, na que non est\u00e1 lonxe de ser condenado \u00e1 ser unha lingua ornamental .Por desgraza as pol\u00edticas da Xunta non van na li\u00f1a de tratar de remedialo . S\u00f3 o admirable compromiso de persoas como Anabel, que invisten o seu tempo, o seu esforzo e o seu enorme talento en p\u00f3r encima da mesa a realidade da negra situaci\u00f3n na que se atopa o noso idioma pode facer que a esperanza de 1.000 primaveras m\u00e1is para a lingua galega non sexa a\u00ednda un significante sen significado .Ela \u00e9 unha moza de Ponteareas que acabou a s\u00faa carreira hai pouco tempo, e que como traballo de fin de grao realizou unha exhaustiva investigaci\u00f3n sobre a situaci\u00f3n da lingua galega no sector t\u00e9xtil :\u201d A LINGUA GALEGA NO SECTOR T\u00c9XTIL.VISI\u00d3N, OPINI\u00d3N E POSICI\u00d3N DA XERACI\u00d3N MILLENNIAL GALEGA\u201d e as conclusi\u00f3ns son dram\u00e1ticas, pois nun sector cunha enorme interacci\u00f3n social a presenza do noso idioma \u00e9 case residual. Xa que logo a liberdade de uso ling\u00fc\u00edstico simplemente non existe, pois se queres mercar en galego, non podes. O estudo de Anabel foi publicado coa axuda da Mesa pola Normalizaci\u00f3n ling\u00fc\u00edstica e da DEP e est\u00e1 ao dispor de quen te\u00f1a interese nel en distintas librar\u00edas. Eu animo a todas e todos os que te\u00f1an sensibilidade para coa lingua galega a que se mergullen na s\u00faa lectura, o seu interese \u00e9 superlativo. E a conversa que mantivemos coa s\u00faa autora non foi menos interesante. Vela\u00ed vai o que deu de si<\/p>\n\n\n\n<p>\u201c&nbsp;<strong>DAS 16 MARCAS ANALIZADAS S\u00d3 6 OFRECEN APOSIBILIDADE DO IDIOMA GALEGO. E EN NING\u00daN CASO COMO IDIOMA PRIORITARIO\u201d<\/strong><\/p>\n\n\n\n<p><strong>Como \u00e9 que unha moza tona nova coma ti, tan s\u00f3 tes 23 anos, xa tes un libro publicado?<\/strong><\/p>\n\n\n\n<blockquote class=\"wp-block-quote is-layout-flow wp-block-quote-is-layout-flow\"><p>\u00c9 o meu traballo de fin de grao.<\/p><\/blockquote>\n\n\n\n<p><strong>E que carreira estudaches Ana?<\/strong><\/p>\n\n\n\n<blockquote class=\"wp-block-quote is-layout-flow wp-block-quote-is-layout-flow\"><p>Fixen publicidade e relaci\u00f3ns p\u00fablicas en Pontevedra. e cando tiven que facer o traballo de fin de grao ti\u00f1a claro que quer\u00eda facer algo que puidera contribu\u00edr a darlle \u00e1 lingua galega o espazo que creo que se merece e lle corresponde.<\/p><\/blockquote>\n\n\n\n<blockquote class=\"wp-block-quote is-layout-flow wp-block-quote-is-layout-flow\"><p>Decid\u00edn enfocalo ao \u00e1mbito empresarial, e dentro deste \u00e1mbito, ao t\u00e9xtil.<\/p><\/blockquote>\n\n\n\n<figure class=\"wp-block-image size-large\"><img loading=\"lazy\" decoding=\"async\" width=\"555\" height=\"558\" src=\"http:\/\/www.anovapeneira.gal\/wp-content\/uploads\/2021\/03\/imagen.png\" alt=\"\" class=\"wp-image-5033\" srcset=\"https:\/\/www.anovapeneira.gal\/wp-content\/uploads\/2021\/03\/imagen.png 555w, https:\/\/www.anovapeneira.gal\/wp-content\/uploads\/2021\/03\/imagen-298x300.png 298w, https:\/\/www.anovapeneira.gal\/wp-content\/uploads\/2021\/03\/imagen-150x150.png 150w\" sizes=\"auto, (max-width: 555px) 100vw, 555px\" \/><\/figure>\n\n\n\n<p><strong>por que escolliches o t\u00e9xtil?<\/strong><\/p>\n\n\n\n<blockquote class=\"wp-block-quote is-layout-flow wp-block-quote-is-layout-flow\"><p>Porque temos moitas grades marcas en Galicia e o sector est\u00e1 moi arraigado na nosa terra, cunha facturaci\u00f3n moi elevada e unha gran exportaci\u00f3n. En concreto en Galicia temos 16 grandes marcas cuns ingresos de facturaci\u00f3n anuais superiores aos dous mill\u00f3ns de euros, e con presenza internacional.<\/p><\/blockquote>\n\n\n\n<blockquote class=\"wp-block-quote is-layout-flow wp-block-quote-is-layout-flow\"><p>Para acoutar escoll\u00edn as marcas que naceron en Galicia, que tiveran uns ingresos de facturaci\u00f3n anuais superiores aos 2.000.000 de \u20ac e que tiveran presenza internacional. O estudio foi dirixido en d\u00faas v\u00edas, por unha v\u00eda estudei as marcas, e por outra a xeraci\u00f3n millennial.<\/p><\/blockquote>\n\n\n\n<p><strong>Que \u00e9 a xeraci\u00f3n millennial?<\/strong><\/p>\n\n\n\n<blockquote class=\"wp-block-quote is-layout-flow wp-block-quote-is-layout-flow\"><p>Esta xeraci\u00f3n incl\u00fae a todas as persoas que te\u00f1an entre 19 e 39 anos. Escoll\u00edn esta xeraci\u00f3n porque creo que somos os que agora mesmo temos a capacidade de xerar cambios. Somos n\u00f3s os que imos decidir, ou non, a transmisi\u00f3n da lingua galega a xeraci\u00f3ns futuras.<\/p><\/blockquote>\n\n\n\n<p><strong>Como se desenvolveu a investigaci\u00f3n?<\/strong><\/p>\n\n\n\n<blockquote class=\"wp-block-quote is-layout-flow wp-block-quote-is-layout-flow\"><p>No caso das marcas segu\u00edn o criterio de observaci\u00f3n directa. Este consiste en observar as s\u00faas webs sen ir m\u00e1is al\u00f3 de o que o propio usuario poder ver. Quer\u00eda observar que prioridade lle dan ao idioma, o resultado foi esclarecedor. As 16 marcas te\u00f1en como idioma predeterminado o castel\u00e1n e unicamente as de Inditex( con excepci\u00f3n do propio Inditex) ofrecen a posibilidade de navegar en galego.<\/p><\/blockquote>\n\n\n\n<p><strong>E de esas 16 cantas son do grupo Inditex?<\/strong><\/p>\n\n\n\n<blockquote class=\"wp-block-quote is-layout-flow wp-block-quote-is-layout-flow\"><p>Seis estas son nas que se pode navegar en galego. Nas outras once non se pode.<\/p><\/blockquote>\n\n\n\n<blockquote class=\"wp-block-quote is-layout-flow wp-block-quote-is-layout-flow\"><p>O incrible e que sendo marcas galegas ofrezan a posibilidade de navegar en franc\u00e9s ou portugu\u00e9s, pero non en galego. De feito, a marca Nanos ofrece a posibilidade de navegar en sete idiomas diferentes, deles ning\u00fan \u00e9 o galego.<\/p><\/blockquote>\n\n\n\n<blockquote class=\"wp-block-quote is-layout-flow wp-block-quote-is-layout-flow\"><p>Por outra banda estudei se citaban nalg\u00fan momento a s\u00faa orixe galega e s\u00f3 sete c\u00edtana nalg\u00fan momento. Non aproveitan a marca Galicia nin din somos galegos.<\/p><\/blockquote>\n\n\n\n<blockquote class=\"wp-block-quote is-layout-flow wp-block-quote-is-layout-flow\"><p>Despois decid\u00edn facer unha enquisa durante tres semanas e media dirixida \u00e1 mocidade a trav\u00e9s dun cuestionario de Google e consegu\u00edn un total de 310 respostas. Quer\u00eda que esta enquisa fose sinxela, r\u00e1pida de cubrir e fundamentalmente quer\u00eda obter repostas de cidade, de vila e de aldea, que abranguera todos os tipos de \u00e1mbitos residenciais de Galicia.<\/p><\/blockquote>\n\n\n\n<p><strong>En que consist\u00eda esta enquisa?<\/strong><\/p>\n\n\n\n<blockquote class=\"wp-block-quote is-layout-flow wp-block-quote-is-layout-flow\"><p>Constaba de 20 preguntas curtas para que fose sinxela de contestar.<\/p><\/blockquote>\n\n\n\n<p><strong>E os seus resultados?<\/strong><\/p>\n\n\n\n<blockquote class=\"wp-block-quote is-layout-flow wp-block-quote-is-layout-flow\"><p>Tivo un resultados moi positivos .A opini\u00f3n que ten a mocidade galega sobre o noso idioma \u00e9 positiva , e os datos son moi sorprendentes:<\/p><\/blockquote>\n\n\n\n<blockquote class=\"wp-block-quote is-layout-flow wp-block-quote-is-layout-flow\"><p>O 95% resalta que cando vai mercar no sector t\u00e9xtil directamente os atenden en castel\u00e1n pero que, no 75% dos casos, se o interlocutor comun\u00edcase en galego, o mozo ou moza tam\u00e9n lle responder\u00eda no mesmo idioma. De aqu\u00ed eu extraio que o problema \u00e9 que non temos referentes no \u00e1mbito empresarial que falen en galego.<\/p><\/blockquote>\n\n\n\n<blockquote class=\"wp-block-quote is-layout-flow wp-block-quote-is-layout-flow\"><p>O 70% consideraba que o feito de que unha marca utilice o galego reforza a s\u00faa marca, e o 60% aseguraba que si un produto est\u00e1 anunciado en galego induce \u00e1 compra.<\/p><\/blockquote>\n\n\n\n<blockquote class=\"wp-block-quote is-layout-flow wp-block-quote-is-layout-flow\"><p>O consumidor ten que ter a opci\u00f3n de escoller en que idioma queremos mercar porque en Galicia temos dous idiomas.<\/p><\/blockquote>\n\n\n\n<blockquote class=\"wp-block-quote is-layout-flow wp-block-quote-is-layout-flow\"><p>Atop\u00e1monos cun p\u00fablico que est\u00e1 reclamando que as marcas usen o galego e non o temos. Igual o problema \u00e9 que estas marcas non est\u00e1n considerando a opini\u00f3n destas persoas.<\/p><\/blockquote>\n\n\n\n<p><strong>Que interesante\u2026 Est\u00e1 rematado o traballo?<\/strong><\/p>\n\n\n\n<p>Si, xa est\u00e1 rematado. Ti\u00f1a catro meses para facer o traballo completo entre investigaci\u00f3n e campa\u00f1a e presenteino en xu\u00f1o do 2019.<\/p>\n\n\n\n<blockquote class=\"wp-block-quote is-layout-flow wp-block-quote-is-layout-flow\"><p>Foi curioso como consegu\u00edn publicalo. Dese\u00f1ei esta campa\u00f1a e tiven que buscar unha asociaci\u00f3n que fora a emisora da mesma. Escoll\u00edn a \u201cMesa pola normalizaci\u00f3n ling\u00fc\u00edstica\u201d para facelo , reuninme co seu presidente Marcos Maceiras e incluso quer\u00edan levar a cabo algunha parte da campa\u00f1a, pero con este ano tan complicado que nos tocou vivir a cousa non sa\u00edu adiante. Eles propux\u00e9ronme publicar a investigaci\u00f3n, present\u00e1mola na Deputaci\u00f3n de Pontevedra en decembro do 2020 e imprim\u00edmola contando cunha axuda da deputaci\u00f3n.<\/p><\/blockquote>\n\n\n\n<p><strong>Tes datos da difusi\u00f3n que tivo o traballo?<\/strong><\/p>\n\n\n\n<blockquote class=\"wp-block-quote is-layout-flow wp-block-quote-is-layout-flow\"><p>A\u00ednda non. Est\u00e1 \u00e1 venda en distintas librar\u00edas e de momento non temos datos de cantos se venderon<\/p><\/blockquote>\n\n\n\n<p><strong>Pronto ver\u00e9moste nas terras do Condado, verdade?<\/strong><\/p>\n\n\n\n<blockquote class=\"wp-block-quote is-layout-flow wp-block-quote-is-layout-flow\"><p>Si. Imos facer a presentaci\u00f3n do libro no Auditorio de Ponteareas en abril . E faime moit\u00edsima ilusi\u00f3n presentalo en Ponteareas porque \u00e9 a mi\u00f1a terra.<\/p><\/blockquote>\n\n\n\n<p><strong>Tes a intenci\u00f3n de seguir a t\u00faa vida profesional de investigaci\u00f3n por este cami\u00f1o da protecci\u00f3n da lingua?<\/strong><\/p>\n\n\n\n<blockquote class=\"wp-block-quote is-layout-flow wp-block-quote-is-layout-flow\"><p>Seguro que seguirei investigando ou ben na li\u00f1a da lingua ou na li\u00f1a do feminismo, estas son as d\u00faas tem\u00e1ticas que m\u00e1is me sensibilizan.<\/p><\/blockquote>\n\n\n\n<p><strong>En que idioma fuches educada Ana?<\/strong><\/p>\n\n\n\n<blockquote class=\"wp-block-quote is-layout-flow wp-block-quote-is-layout-flow\"><p>Eu fun educada en galego, tanto por parte dos meus pais coma por parte dos meus av\u00f3s. Toda a mi\u00f1a familia e de Ponteareas, en concreto das parroquias de Areas e Fozara.<\/p><\/blockquote>\n\n\n\n<blockquote class=\"wp-block-quote is-layout-flow wp-block-quote-is-layout-flow\"><p>\u00c9 algo que sempre lla agradecerei aos meus pais, grazas a eles son biling\u00fce, def\u00e9ndome ben nas d\u00faas linguas, e creo que a pluralidade ling\u00fc\u00edstica que hai en Galicia \u00e9 unha riqueza que deber\u00edamos manter.<\/p><\/blockquote>\n\n\n\n<p><strong>Es optimista ou pesimista en que o Galego se poida conservar para as xeraci\u00f3ns futuras?<\/strong><\/p>\n\n\n\n<blockquote class=\"wp-block-quote is-layout-flow wp-block-quote-is-layout-flow\"><p>A mi\u00f1a visi\u00f3n \u00e9 optimista pero creo que hai moit\u00edsimo que facer e somos os mozos e as mozas galegas os que temos que traballar para que a nosa lingua se mante\u00f1a.<\/p><\/blockquote>\n\n\n\n<p><strong>E as pol\u00edticas p\u00fablicas en relaci\u00f3n \u00e1 protecci\u00f3n do idioma como as valoras?<\/strong><\/p>\n\n\n\n<blockquote class=\"wp-block-quote is-layout-flow wp-block-quote-is-layout-flow\"><p>Por esta banda tam\u00e9n hai moito que facer.Non entendo que non apostes pola pluralidade ling\u00fc\u00edstica xa que \u00e9 unha riqueza, \u00e9 cultura, \u00e9 diversidade. Non entendo que haxa xente que poida rexeitar isto.<\/p><\/blockquote>\n\n\n\n<p><strong>Moitas grazas Anabel. Encantoume falar contigo. As persoas coma ti sodes un sopro de frescura e esperanza para que o noso idioma poida vivir. Des\u00e9xoche moita sorte en todo o que fagas<\/strong><\/p>\n\n\n\n<blockquote class=\"wp-block-quote is-layout-flow wp-block-quote-is-layout-flow\"><p>Moitas grazas a ti<\/p><\/blockquote>\n","protected":false},"excerpt":{"rendered":"<div class=\"mh-excerpt\"><p>Cando o meu ti\u00f1a 7 anos quedou orfo. Foi internado nun orfanato de Vigo e a primeira persoa que o atendeu, un crego de Valladolid, recibiuno pregunt\u00e1ndolle como se chamaba. El, natural de San Miguel de Oia, contestou no seu idioma :\u201d Eu ch\u00e1mome Claudio\u201d, d\u00edxolle un neno que con 7 anos acababa de presenciar o accidente que matou \u00e1 s\u00faa nai <a class=\"mh-excerpt-more\" href=\"https:\/\/www.anovapeneira.gal\/index.php\/2021\/03\/17\/a-pontarea-anabel-antela-castro-ispe-a-saude-do-idioma-galego-no-sector-textil\/\" title=\"A pontare\u00e1 Anabel Antela Castro ispe a sa\u00fade do idioma galego no sector t\u00e9xtil\">[&#8230;]<\/a><\/p>\n<\/div>","protected":false},"author":2,"featured_media":5034,"comment_status":"open","ping_status":"open","sticky":false,"template":"","format":"standard","meta":{"_exactmetrics_skip_tracking":false,"_exactmetrics_sitenote_active":false,"_exactmetrics_sitenote_note":"","_exactmetrics_sitenote_category":0,"footnotes":""},"categories":[267],"tags":[208],"class_list":{"0":"post-5032","1":"post","2":"type-post","3":"status-publish","4":"format-standard","5":"has-post-thumbnail","7":"category-condado-entrevistas","8":"tag-concello-de-ponteareas"},"yoast_head":"<!-- This site is optimized with the Yoast SEO plugin v27.4 - https:\/\/yoast.com\/product\/yoast-seo-wordpress\/ -->\n<title>A pontare\u00e1 Anabel Antela Castro ispe a sa\u00fade do idioma galego no sector t\u00e9xtil -<\/title>\n<meta name=\"description\" content=\"Cando o meu ti\u00f1a 7 anos quedou orfo. Foi internado nun orfanato de Vigo e a primeira persoa que o atendeu, un crego de Valladolid, recibiuno pregunt\u00e1ndolle como se chamaba. El, natural de San Miguel de Oia, contestou no seu idioma :\u201d Eu ch\u00e1mome Claudio\u201d, d\u00edxolle un neno que con 7 anos acababa de presenciar o accidente que matou \u00e1 s\u00faa nai\" \/>\n<meta name=\"robots\" content=\"index, follow, max-snippet:-1, max-image-preview:large, max-video-preview:-1\" \/>\n<link rel=\"canonical\" href=\"https:\/\/www.anovapeneira.gal\/index.php\/2021\/03\/17\/a-pontarea-anabel-antela-castro-ispe-a-saude-do-idioma-galego-no-sector-textil\/\" \/>\n<meta property=\"og:locale\" content=\"gl_ES\" \/>\n<meta property=\"og:type\" content=\"article\" \/>\n<meta property=\"og:title\" content=\"A pontare\u00e1 Anabel Antela Castro ispe a sa\u00fade do idioma galego no sector t\u00e9xtil -\" \/>\n<meta property=\"og:description\" content=\"Cando o meu ti\u00f1a 7 anos quedou orfo. Foi internado nun orfanato de Vigo e a primeira persoa que o atendeu, un crego de Valladolid, recibiuno pregunt\u00e1ndolle como se chamaba. El, natural de San Miguel de Oia, contestou no seu idioma :\u201d Eu ch\u00e1mome Claudio\u201d, d\u00edxolle un neno que con 7 anos acababa de presenciar o accidente que matou \u00e1 s\u00faa nai\" \/>\n<meta property=\"og:url\" content=\"https:\/\/www.anovapeneira.gal\/index.php\/2021\/03\/17\/a-pontarea-anabel-antela-castro-ispe-a-saude-do-idioma-galego-no-sector-textil\/\" \/>\n<meta property=\"article:publisher\" content=\"https:\/\/www.facebook.com\/anovapeneira\" \/>\n<meta property=\"article:published_time\" content=\"2021-03-17T09:00:24+00:00\" \/>\n<meta property=\"og:image\" content=\"https:\/\/www.anovapeneira.gal\/wp-content\/uploads\/2021\/03\/anabel_antela_castro.jpg\" \/>\n\t<meta property=\"og:image:width\" content=\"720\" \/>\n\t<meta property=\"og:image:height\" content=\"432\" \/>\n\t<meta property=\"og:image:type\" content=\"image\/jpeg\" \/>\n<meta name=\"author\" content=\"Tino Lago\" \/>\n<meta name=\"twitter:card\" content=\"summary_large_image\" \/>\n<meta name=\"twitter:creator\" content=\"@APeneira\" \/>\n<meta name=\"twitter:site\" content=\"@APeneira\" \/>\n<meta name=\"twitter:label1\" content=\"Escrito por\" \/>\n\t<meta name=\"twitter:data1\" content=\"Tino Lago\" \/>\n\t<meta name=\"twitter:label2\" content=\"Tempo de lectura\" \/>\n\t<meta name=\"twitter:data2\" content=\"7 minutos\" \/>\n<script type=\"application\/ld+json\" class=\"yoast-schema-graph\">{\"@context\":\"https:\\\/\\\/schema.org\",\"@graph\":[{\"@type\":\"Article\",\"@id\":\"https:\\\/\\\/www.anovapeneira.gal\\\/index.php\\\/2021\\\/03\\\/17\\\/a-pontarea-anabel-antela-castro-ispe-a-saude-do-idioma-galego-no-sector-textil\\\/#article\",\"isPartOf\":{\"@id\":\"https:\\\/\\\/www.anovapeneira.gal\\\/index.php\\\/2021\\\/03\\\/17\\\/a-pontarea-anabel-antela-castro-ispe-a-saude-do-idioma-galego-no-sector-textil\\\/\"},\"author\":{\"name\":\"Tino Lago\",\"@id\":\"https:\\\/\\\/www.anovapeneira.gal\\\/#\\\/schema\\\/person\\\/424dfe65e3070fd8a44d22d2c088762a\"},\"headline\":\"A pontare\u00e1 Anabel Antela Castro ispe a sa\u00fade do idioma galego no sector t\u00e9xtil\",\"datePublished\":\"2021-03-17T09:00:24+00:00\",\"mainEntityOfPage\":{\"@id\":\"https:\\\/\\\/www.anovapeneira.gal\\\/index.php\\\/2021\\\/03\\\/17\\\/a-pontarea-anabel-antela-castro-ispe-a-saude-do-idioma-galego-no-sector-textil\\\/\"},\"wordCount\":1626,\"commentCount\":0,\"publisher\":{\"@id\":\"https:\\\/\\\/www.anovapeneira.gal\\\/#organization\"},\"image\":{\"@id\":\"https:\\\/\\\/www.anovapeneira.gal\\\/index.php\\\/2021\\\/03\\\/17\\\/a-pontarea-anabel-antela-castro-ispe-a-saude-do-idioma-galego-no-sector-textil\\\/#primaryimage\"},\"thumbnailUrl\":\"https:\\\/\\\/www.anovapeneira.gal\\\/wp-content\\\/uploads\\\/2021\\\/03\\\/anabel_antela_castro.jpg\",\"keywords\":[\"Concello de Ponteareas\"],\"articleSection\":[\"Condado\"],\"inLanguage\":\"gl-ES\",\"potentialAction\":[{\"@type\":\"CommentAction\",\"name\":\"Comment\",\"target\":[\"https:\\\/\\\/www.anovapeneira.gal\\\/index.php\\\/2021\\\/03\\\/17\\\/a-pontarea-anabel-antela-castro-ispe-a-saude-do-idioma-galego-no-sector-textil\\\/#respond\"]}]},{\"@type\":\"WebPage\",\"@id\":\"https:\\\/\\\/www.anovapeneira.gal\\\/index.php\\\/2021\\\/03\\\/17\\\/a-pontarea-anabel-antela-castro-ispe-a-saude-do-idioma-galego-no-sector-textil\\\/\",\"url\":\"https:\\\/\\\/www.anovapeneira.gal\\\/index.php\\\/2021\\\/03\\\/17\\\/a-pontarea-anabel-antela-castro-ispe-a-saude-do-idioma-galego-no-sector-textil\\\/\",\"name\":\"A pontare\u00e1 Anabel Antela Castro ispe a sa\u00fade do idioma galego no sector t\u00e9xtil -\",\"isPartOf\":{\"@id\":\"https:\\\/\\\/www.anovapeneira.gal\\\/#website\"},\"primaryImageOfPage\":{\"@id\":\"https:\\\/\\\/www.anovapeneira.gal\\\/index.php\\\/2021\\\/03\\\/17\\\/a-pontarea-anabel-antela-castro-ispe-a-saude-do-idioma-galego-no-sector-textil\\\/#primaryimage\"},\"image\":{\"@id\":\"https:\\\/\\\/www.anovapeneira.gal\\\/index.php\\\/2021\\\/03\\\/17\\\/a-pontarea-anabel-antela-castro-ispe-a-saude-do-idioma-galego-no-sector-textil\\\/#primaryimage\"},\"thumbnailUrl\":\"https:\\\/\\\/www.anovapeneira.gal\\\/wp-content\\\/uploads\\\/2021\\\/03\\\/anabel_antela_castro.jpg\",\"datePublished\":\"2021-03-17T09:00:24+00:00\",\"description\":\"Cando o meu ti\u00f1a 7 anos quedou orfo. Foi internado nun orfanato de Vigo e a primeira persoa que o atendeu, un crego de Valladolid, recibiuno pregunt\u00e1ndolle como se chamaba. El, natural de San Miguel de Oia, contestou no seu idioma :\u201d Eu ch\u00e1mome Claudio\u201d, d\u00edxolle un neno que con 7 anos acababa de presenciar o accidente que matou \u00e1 s\u00faa nai\",\"breadcrumb\":{\"@id\":\"https:\\\/\\\/www.anovapeneira.gal\\\/index.php\\\/2021\\\/03\\\/17\\\/a-pontarea-anabel-antela-castro-ispe-a-saude-do-idioma-galego-no-sector-textil\\\/#breadcrumb\"},\"inLanguage\":\"gl-ES\",\"potentialAction\":[{\"@type\":\"ReadAction\",\"target\":[\"https:\\\/\\\/www.anovapeneira.gal\\\/index.php\\\/2021\\\/03\\\/17\\\/a-pontarea-anabel-antela-castro-ispe-a-saude-do-idioma-galego-no-sector-textil\\\/\"]}]},{\"@type\":\"ImageObject\",\"inLanguage\":\"gl-ES\",\"@id\":\"https:\\\/\\\/www.anovapeneira.gal\\\/index.php\\\/2021\\\/03\\\/17\\\/a-pontarea-anabel-antela-castro-ispe-a-saude-do-idioma-galego-no-sector-textil\\\/#primaryimage\",\"url\":\"https:\\\/\\\/www.anovapeneira.gal\\\/wp-content\\\/uploads\\\/2021\\\/03\\\/anabel_antela_castro.jpg\",\"contentUrl\":\"https:\\\/\\\/www.anovapeneira.gal\\\/wp-content\\\/uploads\\\/2021\\\/03\\\/anabel_antela_castro.jpg\",\"width\":720,\"height\":432,\"caption\":\"A pontare\u00e1 Anabel Antela Castro\"},{\"@type\":\"BreadcrumbList\",\"@id\":\"https:\\\/\\\/www.anovapeneira.gal\\\/index.php\\\/2021\\\/03\\\/17\\\/a-pontarea-anabel-antela-castro-ispe-a-saude-do-idioma-galego-no-sector-textil\\\/#breadcrumb\",\"itemListElement\":[{\"@type\":\"ListItem\",\"position\":1,\"name\":\"Portada\",\"item\":\"https:\\\/\\\/www.anovapeneira.gal\\\/\"},{\"@type\":\"ListItem\",\"position\":2,\"name\":\"A pontare\u00e1 Anabel Antela Castro ispe a sa\u00fade do idioma galego no sector t\u00e9xtil\"}]},{\"@type\":\"WebSite\",\"@id\":\"https:\\\/\\\/www.anovapeneira.gal\\\/#website\",\"url\":\"https:\\\/\\\/www.anovapeneira.gal\\\/\",\"name\":\"\",\"description\":\"Xornal galego de informaci\u00f3n xeral Publicaci\u00f3n mensual de novas de Galicia e en especial dos Concellos da sur da provincia de Pontevedra.\",\"publisher\":{\"@id\":\"https:\\\/\\\/www.anovapeneira.gal\\\/#organization\"},\"potentialAction\":[{\"@type\":\"SearchAction\",\"target\":{\"@type\":\"EntryPoint\",\"urlTemplate\":\"https:\\\/\\\/www.anovapeneira.gal\\\/?s={search_term_string}\"},\"query-input\":{\"@type\":\"PropertyValueSpecification\",\"valueRequired\":true,\"valueName\":\"search_term_string\"}}],\"inLanguage\":\"gl-ES\"},{\"@type\":\"Organization\",\"@id\":\"https:\\\/\\\/www.anovapeneira.gal\\\/#organization\",\"name\":\"A Nova Peneira\",\"url\":\"https:\\\/\\\/www.anovapeneira.gal\\\/\",\"logo\":{\"@type\":\"ImageObject\",\"inLanguage\":\"gl-ES\",\"@id\":\"https:\\\/\\\/www.anovapeneira.gal\\\/#\\\/schema\\\/logo\\\/image\\\/\",\"url\":\"http:\\\/\\\/www.anovapeneira.gal\\\/wp-content\\\/uploads\\\/2019\\\/06\\\/logo_a_nova_peneira_portal_web.png\",\"contentUrl\":\"http:\\\/\\\/www.anovapeneira.gal\\\/wp-content\\\/uploads\\\/2019\\\/06\\\/logo_a_nova_peneira_portal_web.png\",\"width\":300,\"height\":100,\"caption\":\"A Nova Peneira\"},\"image\":{\"@id\":\"https:\\\/\\\/www.anovapeneira.gal\\\/#\\\/schema\\\/logo\\\/image\\\/\"},\"sameAs\":[\"https:\\\/\\\/www.facebook.com\\\/anovapeneira\",\"https:\\\/\\\/x.com\\\/APeneira\"]},{\"@type\":\"Person\",\"@id\":\"https:\\\/\\\/www.anovapeneira.gal\\\/#\\\/schema\\\/person\\\/424dfe65e3070fd8a44d22d2c088762a\",\"name\":\"Tino Lago\",\"image\":{\"@type\":\"ImageObject\",\"inLanguage\":\"gl-ES\",\"@id\":\"https:\\\/\\\/secure.gravatar.com\\\/avatar\\\/b3df6a06e44bab3111583b90f0f33a0379ee5e3d22cbadd232d39f21c30c62be?s=96&d=mm&r=g\",\"url\":\"https:\\\/\\\/secure.gravatar.com\\\/avatar\\\/b3df6a06e44bab3111583b90f0f33a0379ee5e3d22cbadd232d39f21c30c62be?s=96&d=mm&r=g\",\"contentUrl\":\"https:\\\/\\\/secure.gravatar.com\\\/avatar\\\/b3df6a06e44bab3111583b90f0f33a0379ee5e3d22cbadd232d39f21c30c62be?s=96&d=mm&r=g\",\"caption\":\"Tino Lago\"},\"sameAs\":[\"http:\\\/\\\/www.anovapeneira.gal\"],\"url\":\"https:\\\/\\\/www.anovapeneira.gal\\\/index.php\\\/author\\\/director\\\/\"}]}<\/script>\n<!-- \/ Yoast SEO plugin. -->","yoast_head_json":{"title":"A pontare\u00e1 Anabel Antela Castro ispe a sa\u00fade do idioma galego no sector t\u00e9xtil -","description":"Cando o meu ti\u00f1a 7 anos quedou orfo. Foi internado nun orfanato de Vigo e a primeira persoa que o atendeu, un crego de Valladolid, recibiuno pregunt\u00e1ndolle como se chamaba. El, natural de San Miguel de Oia, contestou no seu idioma :\u201d Eu ch\u00e1mome Claudio\u201d, d\u00edxolle un neno que con 7 anos acababa de presenciar o accidente que matou \u00e1 s\u00faa nai","robots":{"index":"index","follow":"follow","max-snippet":"max-snippet:-1","max-image-preview":"max-image-preview:large","max-video-preview":"max-video-preview:-1"},"canonical":"https:\/\/www.anovapeneira.gal\/index.php\/2021\/03\/17\/a-pontarea-anabel-antela-castro-ispe-a-saude-do-idioma-galego-no-sector-textil\/","og_locale":"gl_ES","og_type":"article","og_title":"A pontare\u00e1 Anabel Antela Castro ispe a sa\u00fade do idioma galego no sector t\u00e9xtil -","og_description":"Cando o meu ti\u00f1a 7 anos quedou orfo. Foi internado nun orfanato de Vigo e a primeira persoa que o atendeu, un crego de Valladolid, recibiuno pregunt\u00e1ndolle como se chamaba. El, natural de San Miguel de Oia, contestou no seu idioma :\u201d Eu ch\u00e1mome Claudio\u201d, d\u00edxolle un neno que con 7 anos acababa de presenciar o accidente que matou \u00e1 s\u00faa nai","og_url":"https:\/\/www.anovapeneira.gal\/index.php\/2021\/03\/17\/a-pontarea-anabel-antela-castro-ispe-a-saude-do-idioma-galego-no-sector-textil\/","article_publisher":"https:\/\/www.facebook.com\/anovapeneira","article_published_time":"2021-03-17T09:00:24+00:00","og_image":[{"width":720,"height":432,"url":"https:\/\/www.anovapeneira.gal\/wp-content\/uploads\/2021\/03\/anabel_antela_castro.jpg","type":"image\/jpeg"}],"author":"Tino Lago","twitter_card":"summary_large_image","twitter_creator":"@APeneira","twitter_site":"@APeneira","twitter_misc":{"Escrito por":"Tino Lago","Tempo de lectura":"7 minutos"},"schema":{"@context":"https:\/\/schema.org","@graph":[{"@type":"Article","@id":"https:\/\/www.anovapeneira.gal\/index.php\/2021\/03\/17\/a-pontarea-anabel-antela-castro-ispe-a-saude-do-idioma-galego-no-sector-textil\/#article","isPartOf":{"@id":"https:\/\/www.anovapeneira.gal\/index.php\/2021\/03\/17\/a-pontarea-anabel-antela-castro-ispe-a-saude-do-idioma-galego-no-sector-textil\/"},"author":{"name":"Tino Lago","@id":"https:\/\/www.anovapeneira.gal\/#\/schema\/person\/424dfe65e3070fd8a44d22d2c088762a"},"headline":"A pontare\u00e1 Anabel Antela Castro ispe a sa\u00fade do idioma galego no sector t\u00e9xtil","datePublished":"2021-03-17T09:00:24+00:00","mainEntityOfPage":{"@id":"https:\/\/www.anovapeneira.gal\/index.php\/2021\/03\/17\/a-pontarea-anabel-antela-castro-ispe-a-saude-do-idioma-galego-no-sector-textil\/"},"wordCount":1626,"commentCount":0,"publisher":{"@id":"https:\/\/www.anovapeneira.gal\/#organization"},"image":{"@id":"https:\/\/www.anovapeneira.gal\/index.php\/2021\/03\/17\/a-pontarea-anabel-antela-castro-ispe-a-saude-do-idioma-galego-no-sector-textil\/#primaryimage"},"thumbnailUrl":"https:\/\/www.anovapeneira.gal\/wp-content\/uploads\/2021\/03\/anabel_antela_castro.jpg","keywords":["Concello de Ponteareas"],"articleSection":["Condado"],"inLanguage":"gl-ES","potentialAction":[{"@type":"CommentAction","name":"Comment","target":["https:\/\/www.anovapeneira.gal\/index.php\/2021\/03\/17\/a-pontarea-anabel-antela-castro-ispe-a-saude-do-idioma-galego-no-sector-textil\/#respond"]}]},{"@type":"WebPage","@id":"https:\/\/www.anovapeneira.gal\/index.php\/2021\/03\/17\/a-pontarea-anabel-antela-castro-ispe-a-saude-do-idioma-galego-no-sector-textil\/","url":"https:\/\/www.anovapeneira.gal\/index.php\/2021\/03\/17\/a-pontarea-anabel-antela-castro-ispe-a-saude-do-idioma-galego-no-sector-textil\/","name":"A pontare\u00e1 Anabel Antela Castro ispe a sa\u00fade do idioma galego no sector t\u00e9xtil -","isPartOf":{"@id":"https:\/\/www.anovapeneira.gal\/#website"},"primaryImageOfPage":{"@id":"https:\/\/www.anovapeneira.gal\/index.php\/2021\/03\/17\/a-pontarea-anabel-antela-castro-ispe-a-saude-do-idioma-galego-no-sector-textil\/#primaryimage"},"image":{"@id":"https:\/\/www.anovapeneira.gal\/index.php\/2021\/03\/17\/a-pontarea-anabel-antela-castro-ispe-a-saude-do-idioma-galego-no-sector-textil\/#primaryimage"},"thumbnailUrl":"https:\/\/www.anovapeneira.gal\/wp-content\/uploads\/2021\/03\/anabel_antela_castro.jpg","datePublished":"2021-03-17T09:00:24+00:00","description":"Cando o meu ti\u00f1a 7 anos quedou orfo. Foi internado nun orfanato de Vigo e a primeira persoa que o atendeu, un crego de Valladolid, recibiuno pregunt\u00e1ndolle como se chamaba. El, natural de San Miguel de Oia, contestou no seu idioma :\u201d Eu ch\u00e1mome Claudio\u201d, d\u00edxolle un neno que con 7 anos acababa de presenciar o accidente que matou \u00e1 s\u00faa nai","breadcrumb":{"@id":"https:\/\/www.anovapeneira.gal\/index.php\/2021\/03\/17\/a-pontarea-anabel-antela-castro-ispe-a-saude-do-idioma-galego-no-sector-textil\/#breadcrumb"},"inLanguage":"gl-ES","potentialAction":[{"@type":"ReadAction","target":["https:\/\/www.anovapeneira.gal\/index.php\/2021\/03\/17\/a-pontarea-anabel-antela-castro-ispe-a-saude-do-idioma-galego-no-sector-textil\/"]}]},{"@type":"ImageObject","inLanguage":"gl-ES","@id":"https:\/\/www.anovapeneira.gal\/index.php\/2021\/03\/17\/a-pontarea-anabel-antela-castro-ispe-a-saude-do-idioma-galego-no-sector-textil\/#primaryimage","url":"https:\/\/www.anovapeneira.gal\/wp-content\/uploads\/2021\/03\/anabel_antela_castro.jpg","contentUrl":"https:\/\/www.anovapeneira.gal\/wp-content\/uploads\/2021\/03\/anabel_antela_castro.jpg","width":720,"height":432,"caption":"A pontare\u00e1 Anabel Antela Castro"},{"@type":"BreadcrumbList","@id":"https:\/\/www.anovapeneira.gal\/index.php\/2021\/03\/17\/a-pontarea-anabel-antela-castro-ispe-a-saude-do-idioma-galego-no-sector-textil\/#breadcrumb","itemListElement":[{"@type":"ListItem","position":1,"name":"Portada","item":"https:\/\/www.anovapeneira.gal\/"},{"@type":"ListItem","position":2,"name":"A pontare\u00e1 Anabel Antela Castro ispe a sa\u00fade do idioma galego no sector t\u00e9xtil"}]},{"@type":"WebSite","@id":"https:\/\/www.anovapeneira.gal\/#website","url":"https:\/\/www.anovapeneira.gal\/","name":"","description":"Xornal galego de informaci\u00f3n xeral Publicaci\u00f3n mensual de novas de Galicia e en especial dos Concellos da sur da provincia de Pontevedra.","publisher":{"@id":"https:\/\/www.anovapeneira.gal\/#organization"},"potentialAction":[{"@type":"SearchAction","target":{"@type":"EntryPoint","urlTemplate":"https:\/\/www.anovapeneira.gal\/?s={search_term_string}"},"query-input":{"@type":"PropertyValueSpecification","valueRequired":true,"valueName":"search_term_string"}}],"inLanguage":"gl-ES"},{"@type":"Organization","@id":"https:\/\/www.anovapeneira.gal\/#organization","name":"A Nova Peneira","url":"https:\/\/www.anovapeneira.gal\/","logo":{"@type":"ImageObject","inLanguage":"gl-ES","@id":"https:\/\/www.anovapeneira.gal\/#\/schema\/logo\/image\/","url":"http:\/\/www.anovapeneira.gal\/wp-content\/uploads\/2019\/06\/logo_a_nova_peneira_portal_web.png","contentUrl":"http:\/\/www.anovapeneira.gal\/wp-content\/uploads\/2019\/06\/logo_a_nova_peneira_portal_web.png","width":300,"height":100,"caption":"A Nova Peneira"},"image":{"@id":"https:\/\/www.anovapeneira.gal\/#\/schema\/logo\/image\/"},"sameAs":["https:\/\/www.facebook.com\/anovapeneira","https:\/\/x.com\/APeneira"]},{"@type":"Person","@id":"https:\/\/www.anovapeneira.gal\/#\/schema\/person\/424dfe65e3070fd8a44d22d2c088762a","name":"Tino Lago","image":{"@type":"ImageObject","inLanguage":"gl-ES","@id":"https:\/\/secure.gravatar.com\/avatar\/b3df6a06e44bab3111583b90f0f33a0379ee5e3d22cbadd232d39f21c30c62be?s=96&d=mm&r=g","url":"https:\/\/secure.gravatar.com\/avatar\/b3df6a06e44bab3111583b90f0f33a0379ee5e3d22cbadd232d39f21c30c62be?s=96&d=mm&r=g","contentUrl":"https:\/\/secure.gravatar.com\/avatar\/b3df6a06e44bab3111583b90f0f33a0379ee5e3d22cbadd232d39f21c30c62be?s=96&d=mm&r=g","caption":"Tino Lago"},"sameAs":["http:\/\/www.anovapeneira.gal"],"url":"https:\/\/www.anovapeneira.gal\/index.php\/author\/director\/"}]}},"jetpack_featured_media_url":"https:\/\/www.anovapeneira.gal\/wp-content\/uploads\/2021\/03\/anabel_antela_castro.jpg","_links":{"self":[{"href":"https:\/\/www.anovapeneira.gal\/index.php\/wp-json\/wp\/v2\/posts\/5032","targetHints":{"allow":["GET"]}}],"collection":[{"href":"https:\/\/www.anovapeneira.gal\/index.php\/wp-json\/wp\/v2\/posts"}],"about":[{"href":"https:\/\/www.anovapeneira.gal\/index.php\/wp-json\/wp\/v2\/types\/post"}],"author":[{"embeddable":true,"href":"https:\/\/www.anovapeneira.gal\/index.php\/wp-json\/wp\/v2\/users\/2"}],"replies":[{"embeddable":true,"href":"https:\/\/www.anovapeneira.gal\/index.php\/wp-json\/wp\/v2\/comments?post=5032"}],"version-history":[{"count":4,"href":"https:\/\/www.anovapeneira.gal\/index.php\/wp-json\/wp\/v2\/posts\/5032\/revisions"}],"predecessor-version":[{"id":5052,"href":"https:\/\/www.anovapeneira.gal\/index.php\/wp-json\/wp\/v2\/posts\/5032\/revisions\/5052"}],"wp:featuredmedia":[{"embeddable":true,"href":"https:\/\/www.anovapeneira.gal\/index.php\/wp-json\/wp\/v2\/media\/5034"}],"wp:attachment":[{"href":"https:\/\/www.anovapeneira.gal\/index.php\/wp-json\/wp\/v2\/media?parent=5032"}],"wp:term":[{"taxonomy":"category","embeddable":true,"href":"https:\/\/www.anovapeneira.gal\/index.php\/wp-json\/wp\/v2\/categories?post=5032"},{"taxonomy":"post_tag","embeddable":true,"href":"https:\/\/www.anovapeneira.gal\/index.php\/wp-json\/wp\/v2\/tags?post=5032"}],"curies":[{"name":"wp","href":"https:\/\/api.w.org\/{rel}","templated":true}]}}