{"id":5045,"date":"2021-03-18T10:00:42","date_gmt":"2021-03-18T09:00:42","guid":{"rendered":"http:\/\/www.anovapeneira.gal\/?p=5045"},"modified":"2021-03-16T07:33:29","modified_gmt":"2021-03-16T06:33:29","slug":"carlos-babio-investigador-e-un-dos-principais-impulsores-da-recuperacion-do-pazo-de-meiras","status":"publish","type":"post","link":"https:\/\/www.anovapeneira.gal\/index.php\/2021\/03\/18\/carlos-babio-investigador-e-un-dos-principais-impulsores-da-recuperacion-do-pazo-de-meiras\/","title":{"rendered":"Carlos Bab\u00edo, investigador e un dos principais impulsores da recuperaci\u00f3n do Pazo de Meir\u00e1s"},"content":{"rendered":"\n<h2 class=\"wp-block-heading\">\u201cCon Pardo Baz\u00e1n a dereita lograr\u00eda introducir a s\u00faa ideolox\u00eda en Meir\u00e1s \u00e1 vez que silencia de novo as v\u00edtimas\u201d&nbsp;<\/h2>\n\n\n\n<h4 class=\"wp-block-heading\">\u201c<strong>Que a primeira indemnizaci\u00f3n sexa a favor da familia do ditador cando as v\u00edtimas non tiveron nin o m\u00e1is m\u00ednimo reco\u00f1ecemento \u00e9 dunha indignidade inasum\u00edbel\u201d<\/strong><\/h4>\n\n\n\n<h4 class=\"wp-block-heading\">\u201c<strong>Que o Supremo te\u00f1a que avaliar o contexto da ditadura \u00e9 bo. Co\u00f1eceremos o grado de madurez democr\u00e1tica do poder xudicial\u201d<\/strong><\/h4>\n\n\n\n<p><strong>-\u00cdmonos retrotraer \u00e1s orixes. Como se inicia a s\u00faa loita en pro da devoluci\u00f3n do Pazo de Meir\u00e1s?<\/strong><\/p>\n\n\n\n<blockquote class=\"wp-block-quote is-layout-flow wp-block-quote-is-layout-flow\"><p>-Fanme moito esta pregunta e custa contestar porque empezou sendo moi novo arredor do que lle aconteceu \u00e1 mi\u00f1a avoa, o meu pai, os meus t\u00edos&#8230; Fora algo que causaba moita dor, do que s\u00f3 o meu pai falaba porque era pequeno cando sucedera. E a\u00ednda as\u00ed, custaba convencelo. Que falase a maior das mi\u00f1as t\u00edas era xa impos\u00edbel, romp\u00eda a chorar da dor s\u00f3 con pensar en aquilo. As\u00ed que me puxen a investigar nos arquivos e dinme conta de que, para entender a historia da mi\u00f1a familia, ti\u00f1a que saber que pasara coa residencia de Franco.\u00a0<\/p><\/blockquote>\n\n\n\n<p>&#8211; <strong>C\u00f3mo se supera o h\u00e1ndicap de non ter feito nunca unha investigaci\u00f3n as\u00ed?<\/strong><\/p>\n\n\n\n<blockquote class=\"wp-block-quote is-layout-flow wp-block-quote-is-layout-flow\"><p>&#8211; Na actualidade xa non queda ningu\u00e9n que vivira aquela historia en primeira persoa pero cando eu empecei, si, as\u00ed que comecei coas testemu\u00f1as. Por iso me causa tanta dor que a Audiencia Provincial fale da memoria oral con tan pouco respecto, porque foi a que me puxo no cami\u00f1o dun relato logo corroborado con documentos. Facelo non foi doado porque, en xeral, al\u00e9ganse raz\u00f3ns legais para non facilitalos: segredos de Estado, protecci\u00f3n de datos&#8230; Son moitas as leis que evitan que se poida investigar o franquismo. Ademais, no proceso de Meir\u00e1s houbo un gran protagonismo de corporaci\u00f3ns locais e, ag\u00e1s no caso das m\u00e1is grandes, o que atopas como arquivo nos concellos \u00e9 unha sala chea de papeis sen orde nin persoa encargada. Pero, finalmente, conseguimos corroborar documentalmente o que a memoria oral adiantara.\u00a0<\/p><\/blockquote>\n\n\n\n<p><strong>-Fala en plural porque \u00e1 s\u00faa investigaci\u00f3n sumouse o historiador local Manuel P\u00e9rez Lorenzo.<\/strong><\/p>\n\n\n\n<blockquote class=\"wp-block-quote is-layout-flow wp-block-quote-is-layout-flow\"><p>&#8211; Si, era necesario organizar toda a memoria oral e a documentaci\u00f3n, e contextualizala nas diferentes etapas do franquismo, que non \u00e9 igual, evidentemente, en 1938 que en 1960. Para axudarme con iso incorp\u00f3rase ao traballo Lito, que ti\u00f1a unha enorme bagaxe no estudo da II Rep\u00fablica e o franquismo en Sada e a contorna. Entre os dous, po\u00f1endo en com\u00fan investigaci\u00f3ns, conseguimos artellar o relato que se recolle no libro.\u00a0<\/p><\/blockquote>\n\n\n\n<p>&#8211;<strong>A publicaci\u00f3n de <em>Meir\u00e1s: un Pazo, un Caudillo, un espolio\u00a0<\/em>e a campa\u00f1a que realizaron por todo o pa\u00eds para divulgar o acontecido co Pazo foi un fito que logra cambiar ante a opini\u00f3n p\u00fablica o relato franquista do agasallo. Pero, como se consegue dar o salto para que ese masivo apoio popular se traduza nunha implicaci\u00f3n un\u00e1nime e sen precedentes das administraci\u00f3ns p\u00fablicas: Concellos, Deputaci\u00f3n da Coru\u00f1a, Parlamento e Xunta?<\/strong><\/p>\n\n\n\n<blockquote class=\"wp-block-quote is-layout-flow wp-block-quote-is-layout-flow\"><p>&#8211; A loita chega \u00e1s instituci\u00f3ns desde a morte de Franco, por exemplo a trav\u00e9s da petici\u00f3n de devoluci\u00f3n que fai a Esquerda Galega de Camilo Nogueira. Logo, no 2005, canalizouse o sentir popular a trav\u00e9s da CRMH da Coru\u00f1a, e no 2017 confl\u00faen distintas circunstancias que lle dan outra dimensi\u00f3n: a Fundaci\u00f3n Franco anuncia que se encargar\u00e1 das visitas e fai alarde de que realizar\u00e1 un relato de posta en valor do franquismo, nunha nova volta de torca de impunidade e insulto \u00e1s v\u00edtimas. Isto provoca que a Deputaci\u00f3n de Coru\u00f1a a trav\u00e9s da s\u00faa vicepresidenta, Goretti Sanmart\u00edn, busque o xeito de dar o salto da reclamaci\u00f3n social \u00e1 institucional. E nese intento vai m\u00e1is al\u00e1 de implicar \u00e1 Deputaci\u00f3n: crea a Xunta Pro Devoluci\u00f3n do Pazo e nela d\u00e1 oco a outras instituci\u00f3ns afectadas e tam\u00e9n ao movemento memorial\u00edstico, \u00e1 Universidade ou \u00e1 Real Academia Galega, que como a Deputaci\u00f3n participara tam\u00e9n no falso agasallo ao ditador.\u00a0<\/p><\/blockquote>\n\n\n\n<p><strong>&#8211; Ese \u00e9 o primeiro paso pero ap\u00f3s l\u00f3grase unha unanimidade no Parlamento de Galicia, impens\u00e1bel hai uns anos.<\/strong><\/p>\n\n\n\n<blockquote class=\"wp-block-quote is-layout-flow wp-block-quote-is-layout-flow\"><p>&#8211; Porque a Xunta pro Pazo, ademais de canalizar o traballo de reclamaci\u00f3n e divulgaci\u00f3n, dota o relato de informes hist\u00f3ricos e xur\u00eddicos que serven para montar a estratexia de devoluci\u00f3n a coste cero. Esa \u00e9 a x\u00e9nese do salto. En base aos informes que avalan a estratexia, o Parlamento pide por unanimidade ao Estado, que era o que ti\u00f1a a lexitimidade para actuar, que presente a demanda. E ao goberno central non lle queda outra que facerse eco do que en 2017 xa era un clamor un\u00e1nime da sociedade galega.\u00a0<\/p><\/blockquote>\n\n\n\n<p><strong>-A primeira sentenza, que reco\u00f1ece a titularidade p\u00fablica do Pazo e nega calquera tipo de dereito \u00e1 familia Franco, foi unha vitoria rotunda. Que sente cando a co\u00f1ece?\u00a0<\/strong><\/p>\n\n\n\n<blockquote class=\"wp-block-quote is-layout-flow wp-block-quote-is-layout-flow\"><p>&#8211; A sentenza xa veu precedida de moi boas sensaci\u00f3ns. Non me colle de sorpresa porque Lito e m\u00e1is eu non s\u00f3 participamos na elaboraci\u00f3n da demanda aportando documentaci\u00f3n, tam\u00e9n fomos peritos do Estado e declaramos durante m\u00e1is de seis horas no xu\u00edzo. Por vez primeira, podemos falar en sede xudicial do contexto hist\u00f3rico en que se produce o espolio de Meir\u00e1s. Para entender o que pasou era fundamental falar de represi\u00f3n, de extorsi\u00f3n, de abuso&#8230; e se nos deixou facelo. Cando chega a sentenza, o que vemos \u00e9 que recolle perfectamente iso: como o fascismo foi a base do estado totalitario existente ata 1975 e, tam\u00e9n, o fraude de lei que cometera Franco para facerse cunha propiedade que era da xefatura do Estado e que nunca debeu pasar \u00e1 s\u00faa familia. Ademais reco\u00f1ece a mala fe, \u00e9 dicir, fai o \u00fanico correcto nunha democracia.&nbsp;<\/p><\/blockquote>\n\n\n\n<p><strong>-Tras o recurso da familia chega o fallo da Audiencia Provincial que a\u00ednda reco\u00f1ecendo a titularidade do Estado, sup\u00f3n un paso atr\u00e1s porque descarta a mala fe e establece unha indemnizaci\u00f3n para a descendencia do ditador.<\/strong><\/p>\n\n\n\n<blockquote class=\"wp-block-quote is-layout-flow wp-block-quote-is-layout-flow\"><p>-O fallo da Audiencia \u00e9 inasum\u00edbel para as v\u00edtimas do franquismo. Reco\u00f1ece o fraude nas escrituras pero libera a Franco da culpa. Di que \u00e9 responsabilidade doutras persoas que, sen que el o soubese, realizaron a extorsi\u00f3n para poder darlle o Pazo. Pero os que estudamos Meir\u00e1s sabemos, e xa demostramos, que Franco e Carmen Polo, que \u00e9 a que se ocupa de todo nos primeiros meses, dirixen todas e cada unha das decisi\u00f3ns que se toman en Meir\u00e1s. Por iso, ler nun papel oficial, no que se recolle a sentenza, que os desculpan das irregularidades \u00e9, non s\u00f3 sorprendente, sen\u00f3n indignante. O mesmo cando di que \u00e9 un agasallo persoal a Franco porque o caudillo de Dios non pode ser unha administraci\u00f3n, s\u00f3 pode ser el.\u00a0<\/p><\/blockquote>\n\n\n\n<p><strong>&#8211; Ademais dos condicionantes ideol\u00f3xicos, a sentenza amosa, como vostede apuntaba, certo desprezo pola memoria oral e, polo tanto, polo relato das v\u00edtimas&#8230;<\/strong><\/p>\n\n\n\n<blockquote class=\"wp-block-quote is-layout-flow wp-block-quote-is-layout-flow\"><p>&#8211; Hai un absoluto desprezo \u00e1 memoria oral sen ter en conta que o dereito civil acepta en calquera litixio sobre a propiedade a declaraci\u00f3n das testemu\u00f1as e, polo tanto, a memoria oral. En cambio, aqu\u00ed se alega que se non hai documentos que recollan a extorsi\u00f3n a algu\u00e9n, non se pode avalar. Ser\u00eda case tanto como dicir nun xu\u00edzo por atraco, que se o atracador non levanta acta do acontecido non hai probas porque o que digan as persoas atracadas non serve.&nbsp;<\/p><\/blockquote>\n\n\n\n<p><strong>&#8211; Tam\u00e9n hai un relato moi pouco cr\u00edtico coa Transici\u00f3n, a pesar de que posibilitou o mantemento do espolio durante corenta anos.\u00a0<\/strong><\/p>\n\n\n\n<blockquote class=\"wp-block-quote is-layout-flow wp-block-quote-is-layout-flow\"><p>&#8211; A sentenza provincial xustifica precisamente o feito de que non se reclamase a propiedade durante corenta anos e exculpa totalmente a Transici\u00f3n, cando \u00e9 nese per\u00edodo hist\u00f3rico, xa morto o ditador, que se crea o se\u00f1or\u00edo de Meir\u00e1s para a vi\u00fava e tam\u00e9n o ducado de Franco. \u00c9 dicir, que se converte a ditadura en nobleza. Inacept\u00e1bel. E inacept\u00e1bel \u00e9 tam\u00e9n, desde o punto de vista \u00e9tico, hist\u00f3rico e xur\u00eddico que, en base a esa suposta inocencia de Franco e de toda a s\u00faa familia se fale de indemnizar aos netos polos gastos que houbese desde 1975. Nesa data \u00e9 propietaria a vi\u00fava do ditador, como dixen presente nos manexos de Meir\u00e1s desde antes ca el. \u00c9o ata 1988 que morre, e desde ese ano ata 2017 a dona \u00e9 a filla. Polo tanto, de ter que darlle indemnizaci\u00f3n aos netos ser\u00eda deses tres anos, desde 2017, e non dos 45 que pasaron desde 1975.<\/p><\/blockquote>\n\n\n\n<p><strong>&#8211; Como se asume en democracia, a\u00ednda entendendo a igualdade de calquera persoa ante os dereitos que recolle a lei, que se fale de indemnizar \u00e1 descendencia de quen fixo o espolio en Meir\u00e1s e non as familias das s\u00faas v\u00edtimas?<\/strong><\/p>\n\n\n\n<blockquote class=\"wp-block-quote is-layout-flow wp-block-quote-is-layout-flow\"><p>-Moralmente, que a primeira vez que unha sentenza recolla indemnizaci\u00f3ns polo que pasou en Meir\u00e1s sexa a favor da familia do ditador e non, como dis, das v\u00edtimas, que non s\u00f3 non lograron reparaci\u00f3n econ\u00f3mica sen\u00f3n nin tan sequera o debido reco\u00f1ecemento, \u00e9 dunha indignidade inasum\u00edbel non s\u00f3 para o movemento memorialistico sen\u00f3n para a sociedade en xeral e para o propio Estado democr\u00e1tico, que debe facer unha condena rotunda das ditaduras e consecuentemente impedir que se obte\u00f1an beneficios dun xenocidio. Por iso sacamos o manifesto.\u00a0<\/p><\/blockquote>\n\n\n\n<p><strong>-O manifesto e a s\u00faa campa\u00f1a medi\u00e1tica e de recollida de sinaturas xorden porque o Estado e a Xunta, pese \u00e1 gravidade do fallo da Audiencia Provincial que v\u00e9n de explicar, rexeitan nun primeiro momento recorrer. E conseguen que muden de opini\u00f3n e o 9 de marzo anuncien o recurso. A que achaca o cambio de postura?<\/strong><\/p>\n\n\n\n<blockquote class=\"wp-block-quote is-layout-flow wp-block-quote-is-layout-flow\"><p>&#8211; Creo que Madrid daba por feito que a s\u00faa negativa de recorrer non \u00eda provocar tensi\u00f3ns. Pero en Galiza somos grandes co\u00f1ecedores do espolio de Meir\u00e1s e en 48 horas o manifesto pedindo o recurso logra 2.000 sinaturas que se converten en 3.000 ao dia seguinte. Iso amosa un grado enorme de indignaci\u00f3n que se reflicte tam\u00e9n na uni\u00f3n sen fisuras do movemento memorial\u00edstico galego e na postura do resto de administraci\u00f3ns implicadas no proceso: Concellos de Sada e A Coru\u00f1a e Deputaci\u00f3n, que din que si van recorrer. Toda esa mobilizaci\u00f3n, inclu\u00eddas as reuni\u00f3ns que mantemos no Parlamento, fan que o Estado reconduza a situaci\u00f3n. E creo que toda a sociedade galega debe felicitarse pola vitoria de lograr que o Estado defenda valores democr\u00e1ticos. Esa \u00e9 a esencia do movemento memorial\u00edstico: falar do pasado e reclamar verdade e xustiza sup\u00f3n loitar para facer unha sociedade mellor.\u00a0<\/p><\/blockquote>\n\n\n\n<p><strong>-Ten fe no Supremo? No caso hipot\u00e9tico de que recolla a boa fe da familia, e mesmo mantendo a titularidade p\u00fablica do Pazo, estariamos mellor ou peor que antes de iniciar a loita xudicial?\u00a0<\/strong><\/p>\n\n\n\n<blockquote class=\"wp-block-quote is-layout-flow wp-block-quote-is-layout-flow\"><p>-Non te\u00f1o fe no Supremo porque xa nos ten dado bastantes desgustos respecto ao que ter\u00eda que ser un funcionamento normal nunha sociedade democr\u00e1tica. Pero o feito de que o m\u00e1is Alto Tribunal do Estado espa\u00f1ol se te\u00f1a que pronunciar sobre a esencia do franquismo, que te\u00f1a que avaliar o contexto da ditadura \u00e9 bo. Co\u00f1eceremos o grado de madurez democr\u00e1tica do poder xudicial. Se nos d\u00e1 un desgusto \u00e9 mellor que o saibamos, que te\u00f1amos claro cales son os poderes que a\u00ednda operan no Estado. Valer\u00eda a pena a derrota se iso nos fai saber en que marco nos movemos.\u00a0<\/p><\/blockquote>\n\n\n\n<p><strong>&#8211; Insisten vostedes moito en que a loita por Meir\u00e1s \u00e9 allea a calquera obxectivo material, \u00e9 dicir, que non se iniciou para conseguir un ben sen\u00f3n para denunciar a impunidade franquista que a propiedade simbolizaba.<\/strong>\u00a0<\/p>\n\n\n\n<blockquote class=\"wp-block-quote is-layout-flow wp-block-quote-is-layout-flow\"><p>&#8211; Exacto. Nesas reuni\u00f3ns cos grupos parlamentares alg\u00fans non entend\u00edan como considerabamos unha derrota unha sentenza que fac\u00eda, cito textualmente, \u201cque os Franco tiveran un pazo menos e o pobo un pazo m\u00e1is\u201d. E n\u00f3s insistiamos no que acabas de dicir. Pazos en Galiza hai moitos pero a importancia de Meir\u00e1s reside en que era unha illa de impunidade nunha democracia, unha anomal\u00eda que se utilizaba para engrandecer un r\u00e9xime xenocida. O que queremos non \u00e9 o ben en si, sen\u00f3n acabar con esa impunidade. E o relato da Audiencia non o fai.\u00a0<\/p><\/blockquote>\n\n\n\n<p><strong>-M\u00e1is al\u00e1 do que ditamine o Supremo, fica pendente unha nova loita que \u00e9 a dos futuros usos do Pazo. Cal \u00e9 a s\u00faa postura ao respecto?<\/strong><\/p>\n\n\n\n<blockquote class=\"wp-block-quote is-layout-flow wp-block-quote-is-layout-flow\"><p>&#8211; Consecuentemente co que acabo de dicir, co feito de que esta loita se fixese non para conseguir un ben patrimonial sen\u00f3n para denunciar o franquismo, o \u00fanico uso pos\u00edbel \u00e9 converter Meir\u00e1s nun lugar de reco\u00f1ecemento \u00e1s v\u00edtimas. Niso imos estar. Non estariamos falando do Pazo se Franco non dera un golpe de Estado no 36 e estivera logo case corenta anos ocup\u00e1ndoo. Se non temos isto en conta estaremos cometendo un segundo espolio e mandando de novo ao esquecemento \u00e1s v\u00edtimas.\u00a0<\/p><\/blockquote>\n\n\n\n<p><strong>-Pero a Xunta fala de converter o Pazo nun faro do feminismo no que se saliente, nomeadamente, a figura de Emilia Pardo Baz\u00e1n. Cre que est\u00e1 utilizando, como di a oposici\u00f3n, a escritora e a propia loita feminista para branquear o fascismo e para afastar de Meir\u00e1s a memoria como fixo no seu d\u00eda en San Sim\u00f3n coa s\u00faa denominaci\u00f3n como illa do Pensamento?<\/strong><\/p>\n\n\n\n<blockquote class=\"wp-block-quote is-layout-flow wp-block-quote-is-layout-flow\"><p>&#8211; Resulta moi evidente. Incluso penso que se Emilia Pardo Baz\u00e1n levantase a cabeza cuestionar\u00eda o relato que do seu pensamento se est\u00e1 a facer de xeito interesado. A utilizaci\u00f3n de Emilia Pardo Baz\u00e1n \u00e9 unha manobra perversa da dereita galega e a Xunta. Ela era moi conservadora, reaccionaria e defend\u00eda a monarqu\u00eda absoluta. O seu modelo de Estado estaba moi pr\u00f3ximo ao da dereita espa\u00f1ola. E iso buscan en Meir\u00e1s, non o tributo a unha escritora galega ou ao feminismo. Con Pardo Baz\u00e1n, a dereita lograr\u00eda introducir a s\u00faa ideolox\u00eda en Meir\u00e1s \u00e1 vez que silencia de novo as v\u00edtimas. Emilia Pardo Baz\u00e1n ten que estar en Meir\u00e1s \u00fanica e exclusivamente en relaci\u00f3n co relato que explica a propiedade, pola s\u00faa vinculaci\u00f3n co Pazo e o dese\u00f1o das Torres. Nada m\u00e1is. A s\u00faa obra, o seu pensamento, os seus estudos te\u00f1en que estar na Casa-Museo da Coru\u00f1a porque para iso foi doada pola s\u00faa filla. Calquera postura diferente a contar o que Meir\u00e1s supuxo durante corenta anos de ditadura e durante a reivindicaci\u00f3n da propiedade realizada pola sociedade democr\u00e1tica nos corenta seguintes a fin de reverter un relato noxento, ser\u00eda branquear o fascismo e tapar a historia do pobo represaliado.\u00a0<\/p><\/blockquote>\n\n\n\n<h2 class=\"wp-block-heading\">Cr\u00edticas ao papel que est\u00e1 desempe\u00f1ando a RAG no debate dos futuros usos do Pazo<\/h2>\n\n\n\n<p><strong>-Utiliza a Xunta a dous s\u00edmbolos da cultura galega como son a Real Academia Galega e a editorial Galaxia para esta fin? A presencia do presidente na presentaci\u00f3n dun libro sobre Pardo Baz\u00e1n a principios de mes foi moi cuestionada&#8230;<\/strong><\/p>\n\n\n\n<blockquote class=\"wp-block-quote is-layout-flow wp-block-quote-is-layout-flow\"><p>&#8211; Totalmente. Como xa dixen, en 1938, sen d\u00fabida influ\u00edda polo contexto ditatorial, a Real Academia Galega colabora no mal chamado agasallo de Franco e sen embargo, igual por desco\u00f1ecemento, nunca condena aquel proceso. Sorprende que non o faga pero que si colabore en silenciar as v\u00edtimas cunha tremenda campa\u00f1a de reivindicaci\u00f3n dunha constante presencia de Emilia Pardo Baz\u00e1n en Meir\u00e1s. Non en relaci\u00f3n coa propiedade sen\u00f3n introducindo o seu pensamento e os seus valores. Eu non creo, e isto, claro, \u00e9 unha opini\u00f3n persoal, que deba ser ese o seu papel. Por iso vouno denunciar sempre, como integrante do comit\u00e9 de expertos nos que tam\u00e9n est\u00e1 representado a RAG. Fareino polo que sup\u00f3n de ocultaci\u00f3n \u00e1s v\u00edtimas e de dano \u00e1 memoria.\u00a0<\/p><\/blockquote>\n\n\n\n<p><strong>-Esa postura belixerante coa memoria das v\u00edtimas por parte da Xunta de Galicia contrasta, en certo modo, coa mantida polo Partido Popular no debate do 10 de marzo, cando se aprobou por unanimidade unha proposta do BNG para apoiar o recurso.<\/strong><\/p>\n\n\n\n<blockquote class=\"wp-block-quote is-layout-flow wp-block-quote-is-layout-flow\"><p>&#8211; O PP, como outras forzas e administraci\u00f3ns, chega \u00e1 loita de Meir\u00e1s tras un arduo traballo pola nosa parte de investigaci\u00f3n e documentaci\u00f3n. Hai tres anos non estaba nese punto. Se modera a postura \u00e9 empurrado pola sociedade. As evidencias non lle deixan manter o relato e acepta a devoluci\u00f3n, pero iso non implica renunciar a s\u00faa ideolox\u00eda que, como dixen, \u00e9 moi pr\u00f3xima \u00e1 de Pardo Baz\u00e1n.\u00a0<\/p><\/blockquote>\n\n\n\n<p><strong>-O deputado socialista Pablo Aranguena minimizou e mesmo dir\u00eda que ridiculizou nese mesmo debate a importancia do movemento memorial\u00edstico na loita de Meir\u00e1s. Doen m\u00e1is este tipo de actitudes cando chegan dunha formaci\u00f3n na que militaron tantas v\u00edtimas da represi\u00f3n?<\/strong><\/p>\n\n\n\n<blockquote class=\"wp-block-quote is-layout-flow wp-block-quote-is-layout-flow\"><p>&#8211; M\u00e1is al\u00e1 da s\u00faa opini\u00f3n persoal, un cargo p\u00fablico est\u00e1 na obriga de respectar o movemento memorial\u00edstico galego, e el ridiculizou a mobilizaci\u00f3n levada a cabo desde hai anos, cando unha pancarta era o \u00fanico xeito que ti\u00f1amos de facer vis\u00edbel a impunidade de Meir\u00e1s. Hai persoas, como as 19 de Meir\u00e1s, que se enfrontan a condenas de moitos anos por unha denuncia da descendencia do ditador\u2026 Eu mesmo estou denunciado por divulgar o espolio. Burlarse diso e po\u00f1er, por\u00e9n, en valor o que fixo o Estado, cando s\u00f3 se moveu empurrado polo pobo galego, \u00e9 tremendo. Deber\u00eda pedir desculpas porque ademais no primeiro minuto da intervenci\u00f3n bateu o r\u00e9cord de contar mentiras, chegou incluso a negar que o Estado anunciase que non \u00eda recorrer. Terrible.\u00a0<\/p><\/blockquote>\n\n\n\n<p><strong>-Non lle gusta a vostede que enfoquemos a loita de Meir\u00e1s na s\u00faa avoa, que sendo vi\u00fava foi botada da s\u00faa casa para poder ampliar os terreos do ditador. Mais, canto influ\u00edu en vostede ser neto de Josefa Portela, e de Francisco Bab\u00edo, asasinado pola garda civil dunha malleira tras o seu apoio \u00e1 revolta agraria ocorrida en Meir\u00e1s en 1933?<\/strong><\/p>\n\n\n\n<blockquote class=\"wp-block-quote is-layout-flow wp-block-quote-is-layout-flow\"><p>-Ser neto de Francisco e Josefa, fillo de Juan, e sobri\u00f1o de Josefa e do resto da descendencia est\u00e1 na x\u00e9nese de todo. Como che contaba, \u00e9 por iso que empezo nesta loita. Se non lle acontecese iso \u00e1 mi\u00f1a familia \u00e9 pos\u00edbel que nunca se me dera por esta investigaci\u00f3n tan complexa e que demandou tantas horas de traballo. Sen embargo, f\u00edxate que curioso, a historia da mi\u00f1a avoa \u00e9 na que m\u00e1is cuesti\u00f3ns sen resolver nos quedaron. Seguramente polo silencio que se autoimpuxeron para que os que vi\u00f1amos detr\u00e1s non nos meteramos en problemas.\u00a0<\/p><\/blockquote>\n\n\n\n<p><strong>&#8211; Con vostede non o conseguiron, e nesa revolta de 1933 tam\u00e9n participou o bisav\u00f3 de Manuel P\u00e9rez Lorenzo, as\u00ed que parece que o da loita vai na xen\u00e9tica.<\/strong><\/p>\n\n\n\n<blockquote class=\"wp-block-quote is-layout-flow wp-block-quote-is-layout-flow\"><p>-(Ri) Na mi\u00f1a familia dino, que este esp\u00edrito combativo me v\u00e9n do meu av\u00f3. E \u00e9 certo que Lito tam\u00e9n estudou moito ao seu bisav\u00f3, Jos\u00e9 Monzo, unha figura tremendamente importante para entender a Sada republicana e progresista, a Sada do Ateneo Republicano. Vainos na xen\u00e9tica e vainos nos valores herdados, que o franquismo tapou e que ambos loitamos por recuperar. Como di un curm\u00e1n meu: deixaron todo atado e ben atado e tam\u00e9n tapado e ben tapado. E contra iso loitamos.\u00a0<\/p><\/blockquote>\n","protected":false},"excerpt":{"rendered":"<div class=\"mh-excerpt\"><p>Con Pardo Baz\u00e1n a dereita lograr\u00eda introducir a s\u00faa ideolox\u00eda en Meir\u00e1s \u00e1 vez que silencia de novo as v\u00edtimas <a class=\"mh-excerpt-more\" href=\"https:\/\/www.anovapeneira.gal\/index.php\/2021\/03\/18\/carlos-babio-investigador-e-un-dos-principais-impulsores-da-recuperacion-do-pazo-de-meiras\/\" title=\"Carlos Bab\u00edo, investigador e un dos principais impulsores da recuperaci\u00f3n do Pazo de Meir\u00e1s\">[&#8230;]<\/a><\/p>\n<\/div>","protected":false},"author":15,"featured_media":5046,"comment_status":"open","ping_status":"open","sticky":false,"template":"","format":"standard","meta":{"_exactmetrics_skip_tracking":false,"_exactmetrics_sitenote_active":false,"_exactmetrics_sitenote_note":"","_exactmetrics_sitenote_category":0,"footnotes":""},"categories":[264],"tags":[283],"class_list":{"0":"post-5045","1":"post","2":"type-post","3":"status-publish","4":"format-standard","5":"has-post-thumbnail","7":"category-entrevistas-galicia","8":"tag-pazo-de-meiras"},"yoast_head":"<!-- This site is optimized with the Yoast SEO plugin v27.4 - https:\/\/yoast.com\/product\/yoast-seo-wordpress\/ -->\n<title>Carlos Bab\u00edo, investigador e un dos principais impulsores da recuperaci\u00f3n do Pazo de Meir\u00e1s -<\/title>\n<meta name=\"description\" content=\"Con Pardo Baz\u00e1n a dereita lograr\u00eda introducir a s\u00faa ideolox\u00eda en Meir\u00e1s \u00e1 vez que silencia de novo as v\u00edtimas\" \/>\n<meta name=\"robots\" content=\"index, follow, max-snippet:-1, max-image-preview:large, max-video-preview:-1\" \/>\n<link rel=\"canonical\" href=\"https:\/\/www.anovapeneira.gal\/index.php\/2021\/03\/18\/carlos-babio-investigador-e-un-dos-principais-impulsores-da-recuperacion-do-pazo-de-meiras\/\" \/>\n<meta property=\"og:locale\" content=\"gl_ES\" \/>\n<meta property=\"og:type\" content=\"article\" \/>\n<meta property=\"og:title\" content=\"Carlos Bab\u00edo, investigador e un dos principais impulsores da recuperaci\u00f3n do Pazo de Meir\u00e1s -\" \/>\n<meta property=\"og:description\" content=\"Con Pardo Baz\u00e1n a dereita lograr\u00eda introducir a s\u00faa ideolox\u00eda en Meir\u00e1s \u00e1 vez que silencia de novo as v\u00edtimas\" \/>\n<meta property=\"og:url\" content=\"https:\/\/www.anovapeneira.gal\/index.php\/2021\/03\/18\/carlos-babio-investigador-e-un-dos-principais-impulsores-da-recuperacion-do-pazo-de-meiras\/\" \/>\n<meta property=\"article:publisher\" content=\"https:\/\/www.facebook.com\/anovapeneira\" \/>\n<meta property=\"article:published_time\" content=\"2021-03-18T09:00:42+00:00\" \/>\n<meta property=\"og:image\" content=\"https:\/\/www.anovapeneira.gal\/wp-content\/uploads\/2021\/03\/carlos_babio_pazo_meiras.jpg\" \/>\n\t<meta property=\"og:image:width\" content=\"720\" \/>\n\t<meta property=\"og:image:height\" content=\"432\" \/>\n\t<meta property=\"og:image:type\" content=\"image\/jpeg\" \/>\n<meta name=\"author\" content=\"Montse Fajardo\" \/>\n<meta name=\"twitter:card\" content=\"summary_large_image\" \/>\n<meta name=\"twitter:creator\" content=\"@APeneira\" \/>\n<meta name=\"twitter:site\" content=\"@APeneira\" \/>\n<meta name=\"twitter:label1\" content=\"Escrito por\" \/>\n\t<meta name=\"twitter:data1\" content=\"Montse Fajardo\" \/>\n\t<meta name=\"twitter:label2\" content=\"Tempo de lectura\" \/>\n\t<meta name=\"twitter:data2\" content=\"14 minutos\" \/>\n<script type=\"application\/ld+json\" class=\"yoast-schema-graph\">{\"@context\":\"https:\\\/\\\/schema.org\",\"@graph\":[{\"@type\":\"Article\",\"@id\":\"https:\\\/\\\/www.anovapeneira.gal\\\/index.php\\\/2021\\\/03\\\/18\\\/carlos-babio-investigador-e-un-dos-principais-impulsores-da-recuperacion-do-pazo-de-meiras\\\/#article\",\"isPartOf\":{\"@id\":\"https:\\\/\\\/www.anovapeneira.gal\\\/index.php\\\/2021\\\/03\\\/18\\\/carlos-babio-investigador-e-un-dos-principais-impulsores-da-recuperacion-do-pazo-de-meiras\\\/\"},\"author\":{\"name\":\"Montse Fajardo\",\"@id\":\"https:\\\/\\\/www.anovapeneira.gal\\\/#\\\/schema\\\/person\\\/b5d841c74dee61f6776658b07b904c18\"},\"headline\":\"Carlos Bab\u00edo, investigador e un dos principais impulsores da recuperaci\u00f3n do Pazo de Meir\u00e1s\",\"datePublished\":\"2021-03-18T09:00:42+00:00\",\"mainEntityOfPage\":{\"@id\":\"https:\\\/\\\/www.anovapeneira.gal\\\/index.php\\\/2021\\\/03\\\/18\\\/carlos-babio-investigador-e-un-dos-principais-impulsores-da-recuperacion-do-pazo-de-meiras\\\/\"},\"wordCount\":3362,\"commentCount\":0,\"publisher\":{\"@id\":\"https:\\\/\\\/www.anovapeneira.gal\\\/#organization\"},\"image\":{\"@id\":\"https:\\\/\\\/www.anovapeneira.gal\\\/index.php\\\/2021\\\/03\\\/18\\\/carlos-babio-investigador-e-un-dos-principais-impulsores-da-recuperacion-do-pazo-de-meiras\\\/#primaryimage\"},\"thumbnailUrl\":\"https:\\\/\\\/www.anovapeneira.gal\\\/wp-content\\\/uploads\\\/2021\\\/03\\\/carlos_babio_pazo_meiras.jpg\",\"keywords\":[\"Pazo de Meir\u00e1s\"],\"articleSection\":[\"Entrevistas\"],\"inLanguage\":\"gl-ES\",\"potentialAction\":[{\"@type\":\"CommentAction\",\"name\":\"Comment\",\"target\":[\"https:\\\/\\\/www.anovapeneira.gal\\\/index.php\\\/2021\\\/03\\\/18\\\/carlos-babio-investigador-e-un-dos-principais-impulsores-da-recuperacion-do-pazo-de-meiras\\\/#respond\"]}]},{\"@type\":\"WebPage\",\"@id\":\"https:\\\/\\\/www.anovapeneira.gal\\\/index.php\\\/2021\\\/03\\\/18\\\/carlos-babio-investigador-e-un-dos-principais-impulsores-da-recuperacion-do-pazo-de-meiras\\\/\",\"url\":\"https:\\\/\\\/www.anovapeneira.gal\\\/index.php\\\/2021\\\/03\\\/18\\\/carlos-babio-investigador-e-un-dos-principais-impulsores-da-recuperacion-do-pazo-de-meiras\\\/\",\"name\":\"Carlos Bab\u00edo, investigador e un dos principais impulsores da recuperaci\u00f3n do Pazo de Meir\u00e1s -\",\"isPartOf\":{\"@id\":\"https:\\\/\\\/www.anovapeneira.gal\\\/#website\"},\"primaryImageOfPage\":{\"@id\":\"https:\\\/\\\/www.anovapeneira.gal\\\/index.php\\\/2021\\\/03\\\/18\\\/carlos-babio-investigador-e-un-dos-principais-impulsores-da-recuperacion-do-pazo-de-meiras\\\/#primaryimage\"},\"image\":{\"@id\":\"https:\\\/\\\/www.anovapeneira.gal\\\/index.php\\\/2021\\\/03\\\/18\\\/carlos-babio-investigador-e-un-dos-principais-impulsores-da-recuperacion-do-pazo-de-meiras\\\/#primaryimage\"},\"thumbnailUrl\":\"https:\\\/\\\/www.anovapeneira.gal\\\/wp-content\\\/uploads\\\/2021\\\/03\\\/carlos_babio_pazo_meiras.jpg\",\"datePublished\":\"2021-03-18T09:00:42+00:00\",\"description\":\"Con Pardo Baz\u00e1n a dereita lograr\u00eda introducir a s\u00faa ideolox\u00eda en Meir\u00e1s \u00e1 vez que silencia de novo as v\u00edtimas\",\"breadcrumb\":{\"@id\":\"https:\\\/\\\/www.anovapeneira.gal\\\/index.php\\\/2021\\\/03\\\/18\\\/carlos-babio-investigador-e-un-dos-principais-impulsores-da-recuperacion-do-pazo-de-meiras\\\/#breadcrumb\"},\"inLanguage\":\"gl-ES\",\"potentialAction\":[{\"@type\":\"ReadAction\",\"target\":[\"https:\\\/\\\/www.anovapeneira.gal\\\/index.php\\\/2021\\\/03\\\/18\\\/carlos-babio-investigador-e-un-dos-principais-impulsores-da-recuperacion-do-pazo-de-meiras\\\/\"]}]},{\"@type\":\"ImageObject\",\"inLanguage\":\"gl-ES\",\"@id\":\"https:\\\/\\\/www.anovapeneira.gal\\\/index.php\\\/2021\\\/03\\\/18\\\/carlos-babio-investigador-e-un-dos-principais-impulsores-da-recuperacion-do-pazo-de-meiras\\\/#primaryimage\",\"url\":\"https:\\\/\\\/www.anovapeneira.gal\\\/wp-content\\\/uploads\\\/2021\\\/03\\\/carlos_babio_pazo_meiras.jpg\",\"contentUrl\":\"https:\\\/\\\/www.anovapeneira.gal\\\/wp-content\\\/uploads\\\/2021\\\/03\\\/carlos_babio_pazo_meiras.jpg\",\"width\":720,\"height\":432,\"caption\":\"Carlos Bab\u00edo, investigador e un dos principais impulsores da recuperaci\u00f3n do Pazo de Meir\u00e1s\"},{\"@type\":\"BreadcrumbList\",\"@id\":\"https:\\\/\\\/www.anovapeneira.gal\\\/index.php\\\/2021\\\/03\\\/18\\\/carlos-babio-investigador-e-un-dos-principais-impulsores-da-recuperacion-do-pazo-de-meiras\\\/#breadcrumb\",\"itemListElement\":[{\"@type\":\"ListItem\",\"position\":1,\"name\":\"Portada\",\"item\":\"https:\\\/\\\/www.anovapeneira.gal\\\/\"},{\"@type\":\"ListItem\",\"position\":2,\"name\":\"Carlos Bab\u00edo, investigador e un dos principais impulsores da recuperaci\u00f3n do Pazo de Meir\u00e1s\"}]},{\"@type\":\"WebSite\",\"@id\":\"https:\\\/\\\/www.anovapeneira.gal\\\/#website\",\"url\":\"https:\\\/\\\/www.anovapeneira.gal\\\/\",\"name\":\"\",\"description\":\"Xornal galego de informaci\u00f3n xeral Publicaci\u00f3n mensual de novas de Galicia e en especial dos Concellos da sur da provincia de Pontevedra.\",\"publisher\":{\"@id\":\"https:\\\/\\\/www.anovapeneira.gal\\\/#organization\"},\"potentialAction\":[{\"@type\":\"SearchAction\",\"target\":{\"@type\":\"EntryPoint\",\"urlTemplate\":\"https:\\\/\\\/www.anovapeneira.gal\\\/?s={search_term_string}\"},\"query-input\":{\"@type\":\"PropertyValueSpecification\",\"valueRequired\":true,\"valueName\":\"search_term_string\"}}],\"inLanguage\":\"gl-ES\"},{\"@type\":\"Organization\",\"@id\":\"https:\\\/\\\/www.anovapeneira.gal\\\/#organization\",\"name\":\"A Nova Peneira\",\"url\":\"https:\\\/\\\/www.anovapeneira.gal\\\/\",\"logo\":{\"@type\":\"ImageObject\",\"inLanguage\":\"gl-ES\",\"@id\":\"https:\\\/\\\/www.anovapeneira.gal\\\/#\\\/schema\\\/logo\\\/image\\\/\",\"url\":\"http:\\\/\\\/www.anovapeneira.gal\\\/wp-content\\\/uploads\\\/2019\\\/06\\\/logo_a_nova_peneira_portal_web.png\",\"contentUrl\":\"http:\\\/\\\/www.anovapeneira.gal\\\/wp-content\\\/uploads\\\/2019\\\/06\\\/logo_a_nova_peneira_portal_web.png\",\"width\":300,\"height\":100,\"caption\":\"A Nova Peneira\"},\"image\":{\"@id\":\"https:\\\/\\\/www.anovapeneira.gal\\\/#\\\/schema\\\/logo\\\/image\\\/\"},\"sameAs\":[\"https:\\\/\\\/www.facebook.com\\\/anovapeneira\",\"https:\\\/\\\/x.com\\\/APeneira\"]},{\"@type\":\"Person\",\"@id\":\"https:\\\/\\\/www.anovapeneira.gal\\\/#\\\/schema\\\/person\\\/b5d841c74dee61f6776658b07b904c18\",\"name\":\"Montse Fajardo\",\"image\":{\"@type\":\"ImageObject\",\"inLanguage\":\"gl-ES\",\"@id\":\"https:\\\/\\\/secure.gravatar.com\\\/avatar\\\/7167d7c282cf42b377b7010dbd21f855dfb9df18abd8af43f29029fc82996df3?s=96&d=mm&r=g\",\"url\":\"https:\\\/\\\/secure.gravatar.com\\\/avatar\\\/7167d7c282cf42b377b7010dbd21f855dfb9df18abd8af43f29029fc82996df3?s=96&d=mm&r=g\",\"contentUrl\":\"https:\\\/\\\/secure.gravatar.com\\\/avatar\\\/7167d7c282cf42b377b7010dbd21f855dfb9df18abd8af43f29029fc82996df3?s=96&d=mm&r=g\",\"caption\":\"Montse Fajardo\"},\"sameAs\":[\"http:\\\/\\\/www.anovapeneira.gal\\\/\"],\"url\":\"https:\\\/\\\/www.anovapeneira.gal\\\/index.php\\\/author\\\/montse-fajardo\\\/\"}]}<\/script>\n<!-- \/ Yoast SEO plugin. -->","yoast_head_json":{"title":"Carlos Bab\u00edo, investigador e un dos principais impulsores da recuperaci\u00f3n do Pazo de Meir\u00e1s -","description":"Con Pardo Baz\u00e1n a dereita lograr\u00eda introducir a s\u00faa ideolox\u00eda en Meir\u00e1s \u00e1 vez que silencia de novo as v\u00edtimas","robots":{"index":"index","follow":"follow","max-snippet":"max-snippet:-1","max-image-preview":"max-image-preview:large","max-video-preview":"max-video-preview:-1"},"canonical":"https:\/\/www.anovapeneira.gal\/index.php\/2021\/03\/18\/carlos-babio-investigador-e-un-dos-principais-impulsores-da-recuperacion-do-pazo-de-meiras\/","og_locale":"gl_ES","og_type":"article","og_title":"Carlos Bab\u00edo, investigador e un dos principais impulsores da recuperaci\u00f3n do Pazo de Meir\u00e1s -","og_description":"Con Pardo Baz\u00e1n a dereita lograr\u00eda introducir a s\u00faa ideolox\u00eda en Meir\u00e1s \u00e1 vez que silencia de novo as v\u00edtimas","og_url":"https:\/\/www.anovapeneira.gal\/index.php\/2021\/03\/18\/carlos-babio-investigador-e-un-dos-principais-impulsores-da-recuperacion-do-pazo-de-meiras\/","article_publisher":"https:\/\/www.facebook.com\/anovapeneira","article_published_time":"2021-03-18T09:00:42+00:00","og_image":[{"width":720,"height":432,"url":"https:\/\/www.anovapeneira.gal\/wp-content\/uploads\/2021\/03\/carlos_babio_pazo_meiras.jpg","type":"image\/jpeg"}],"author":"Montse Fajardo","twitter_card":"summary_large_image","twitter_creator":"@APeneira","twitter_site":"@APeneira","twitter_misc":{"Escrito por":"Montse Fajardo","Tempo de lectura":"14 minutos"},"schema":{"@context":"https:\/\/schema.org","@graph":[{"@type":"Article","@id":"https:\/\/www.anovapeneira.gal\/index.php\/2021\/03\/18\/carlos-babio-investigador-e-un-dos-principais-impulsores-da-recuperacion-do-pazo-de-meiras\/#article","isPartOf":{"@id":"https:\/\/www.anovapeneira.gal\/index.php\/2021\/03\/18\/carlos-babio-investigador-e-un-dos-principais-impulsores-da-recuperacion-do-pazo-de-meiras\/"},"author":{"name":"Montse Fajardo","@id":"https:\/\/www.anovapeneira.gal\/#\/schema\/person\/b5d841c74dee61f6776658b07b904c18"},"headline":"Carlos Bab\u00edo, investigador e un dos principais impulsores da recuperaci\u00f3n do Pazo de Meir\u00e1s","datePublished":"2021-03-18T09:00:42+00:00","mainEntityOfPage":{"@id":"https:\/\/www.anovapeneira.gal\/index.php\/2021\/03\/18\/carlos-babio-investigador-e-un-dos-principais-impulsores-da-recuperacion-do-pazo-de-meiras\/"},"wordCount":3362,"commentCount":0,"publisher":{"@id":"https:\/\/www.anovapeneira.gal\/#organization"},"image":{"@id":"https:\/\/www.anovapeneira.gal\/index.php\/2021\/03\/18\/carlos-babio-investigador-e-un-dos-principais-impulsores-da-recuperacion-do-pazo-de-meiras\/#primaryimage"},"thumbnailUrl":"https:\/\/www.anovapeneira.gal\/wp-content\/uploads\/2021\/03\/carlos_babio_pazo_meiras.jpg","keywords":["Pazo de Meir\u00e1s"],"articleSection":["Entrevistas"],"inLanguage":"gl-ES","potentialAction":[{"@type":"CommentAction","name":"Comment","target":["https:\/\/www.anovapeneira.gal\/index.php\/2021\/03\/18\/carlos-babio-investigador-e-un-dos-principais-impulsores-da-recuperacion-do-pazo-de-meiras\/#respond"]}]},{"@type":"WebPage","@id":"https:\/\/www.anovapeneira.gal\/index.php\/2021\/03\/18\/carlos-babio-investigador-e-un-dos-principais-impulsores-da-recuperacion-do-pazo-de-meiras\/","url":"https:\/\/www.anovapeneira.gal\/index.php\/2021\/03\/18\/carlos-babio-investigador-e-un-dos-principais-impulsores-da-recuperacion-do-pazo-de-meiras\/","name":"Carlos Bab\u00edo, investigador e un dos principais impulsores da recuperaci\u00f3n do Pazo de Meir\u00e1s -","isPartOf":{"@id":"https:\/\/www.anovapeneira.gal\/#website"},"primaryImageOfPage":{"@id":"https:\/\/www.anovapeneira.gal\/index.php\/2021\/03\/18\/carlos-babio-investigador-e-un-dos-principais-impulsores-da-recuperacion-do-pazo-de-meiras\/#primaryimage"},"image":{"@id":"https:\/\/www.anovapeneira.gal\/index.php\/2021\/03\/18\/carlos-babio-investigador-e-un-dos-principais-impulsores-da-recuperacion-do-pazo-de-meiras\/#primaryimage"},"thumbnailUrl":"https:\/\/www.anovapeneira.gal\/wp-content\/uploads\/2021\/03\/carlos_babio_pazo_meiras.jpg","datePublished":"2021-03-18T09:00:42+00:00","description":"Con Pardo Baz\u00e1n a dereita lograr\u00eda introducir a s\u00faa ideolox\u00eda en Meir\u00e1s \u00e1 vez que silencia de novo as v\u00edtimas","breadcrumb":{"@id":"https:\/\/www.anovapeneira.gal\/index.php\/2021\/03\/18\/carlos-babio-investigador-e-un-dos-principais-impulsores-da-recuperacion-do-pazo-de-meiras\/#breadcrumb"},"inLanguage":"gl-ES","potentialAction":[{"@type":"ReadAction","target":["https:\/\/www.anovapeneira.gal\/index.php\/2021\/03\/18\/carlos-babio-investigador-e-un-dos-principais-impulsores-da-recuperacion-do-pazo-de-meiras\/"]}]},{"@type":"ImageObject","inLanguage":"gl-ES","@id":"https:\/\/www.anovapeneira.gal\/index.php\/2021\/03\/18\/carlos-babio-investigador-e-un-dos-principais-impulsores-da-recuperacion-do-pazo-de-meiras\/#primaryimage","url":"https:\/\/www.anovapeneira.gal\/wp-content\/uploads\/2021\/03\/carlos_babio_pazo_meiras.jpg","contentUrl":"https:\/\/www.anovapeneira.gal\/wp-content\/uploads\/2021\/03\/carlos_babio_pazo_meiras.jpg","width":720,"height":432,"caption":"Carlos Bab\u00edo, investigador e un dos principais impulsores da recuperaci\u00f3n do Pazo de Meir\u00e1s"},{"@type":"BreadcrumbList","@id":"https:\/\/www.anovapeneira.gal\/index.php\/2021\/03\/18\/carlos-babio-investigador-e-un-dos-principais-impulsores-da-recuperacion-do-pazo-de-meiras\/#breadcrumb","itemListElement":[{"@type":"ListItem","position":1,"name":"Portada","item":"https:\/\/www.anovapeneira.gal\/"},{"@type":"ListItem","position":2,"name":"Carlos Bab\u00edo, investigador e un dos principais impulsores da recuperaci\u00f3n do Pazo de Meir\u00e1s"}]},{"@type":"WebSite","@id":"https:\/\/www.anovapeneira.gal\/#website","url":"https:\/\/www.anovapeneira.gal\/","name":"","description":"Xornal galego de informaci\u00f3n xeral Publicaci\u00f3n mensual de novas de Galicia e en especial dos Concellos da sur da provincia de Pontevedra.","publisher":{"@id":"https:\/\/www.anovapeneira.gal\/#organization"},"potentialAction":[{"@type":"SearchAction","target":{"@type":"EntryPoint","urlTemplate":"https:\/\/www.anovapeneira.gal\/?s={search_term_string}"},"query-input":{"@type":"PropertyValueSpecification","valueRequired":true,"valueName":"search_term_string"}}],"inLanguage":"gl-ES"},{"@type":"Organization","@id":"https:\/\/www.anovapeneira.gal\/#organization","name":"A Nova Peneira","url":"https:\/\/www.anovapeneira.gal\/","logo":{"@type":"ImageObject","inLanguage":"gl-ES","@id":"https:\/\/www.anovapeneira.gal\/#\/schema\/logo\/image\/","url":"http:\/\/www.anovapeneira.gal\/wp-content\/uploads\/2019\/06\/logo_a_nova_peneira_portal_web.png","contentUrl":"http:\/\/www.anovapeneira.gal\/wp-content\/uploads\/2019\/06\/logo_a_nova_peneira_portal_web.png","width":300,"height":100,"caption":"A Nova Peneira"},"image":{"@id":"https:\/\/www.anovapeneira.gal\/#\/schema\/logo\/image\/"},"sameAs":["https:\/\/www.facebook.com\/anovapeneira","https:\/\/x.com\/APeneira"]},{"@type":"Person","@id":"https:\/\/www.anovapeneira.gal\/#\/schema\/person\/b5d841c74dee61f6776658b07b904c18","name":"Montse Fajardo","image":{"@type":"ImageObject","inLanguage":"gl-ES","@id":"https:\/\/secure.gravatar.com\/avatar\/7167d7c282cf42b377b7010dbd21f855dfb9df18abd8af43f29029fc82996df3?s=96&d=mm&r=g","url":"https:\/\/secure.gravatar.com\/avatar\/7167d7c282cf42b377b7010dbd21f855dfb9df18abd8af43f29029fc82996df3?s=96&d=mm&r=g","contentUrl":"https:\/\/secure.gravatar.com\/avatar\/7167d7c282cf42b377b7010dbd21f855dfb9df18abd8af43f29029fc82996df3?s=96&d=mm&r=g","caption":"Montse Fajardo"},"sameAs":["http:\/\/www.anovapeneira.gal\/"],"url":"https:\/\/www.anovapeneira.gal\/index.php\/author\/montse-fajardo\/"}]}},"jetpack_featured_media_url":"https:\/\/www.anovapeneira.gal\/wp-content\/uploads\/2021\/03\/carlos_babio_pazo_meiras.jpg","_links":{"self":[{"href":"https:\/\/www.anovapeneira.gal\/index.php\/wp-json\/wp\/v2\/posts\/5045","targetHints":{"allow":["GET"]}}],"collection":[{"href":"https:\/\/www.anovapeneira.gal\/index.php\/wp-json\/wp\/v2\/posts"}],"about":[{"href":"https:\/\/www.anovapeneira.gal\/index.php\/wp-json\/wp\/v2\/types\/post"}],"author":[{"embeddable":true,"href":"https:\/\/www.anovapeneira.gal\/index.php\/wp-json\/wp\/v2\/users\/15"}],"replies":[{"embeddable":true,"href":"https:\/\/www.anovapeneira.gal\/index.php\/wp-json\/wp\/v2\/comments?post=5045"}],"version-history":[{"count":1,"href":"https:\/\/www.anovapeneira.gal\/index.php\/wp-json\/wp\/v2\/posts\/5045\/revisions"}],"predecessor-version":[{"id":5047,"href":"https:\/\/www.anovapeneira.gal\/index.php\/wp-json\/wp\/v2\/posts\/5045\/revisions\/5047"}],"wp:featuredmedia":[{"embeddable":true,"href":"https:\/\/www.anovapeneira.gal\/index.php\/wp-json\/wp\/v2\/media\/5046"}],"wp:attachment":[{"href":"https:\/\/www.anovapeneira.gal\/index.php\/wp-json\/wp\/v2\/media?parent=5045"}],"wp:term":[{"taxonomy":"category","embeddable":true,"href":"https:\/\/www.anovapeneira.gal\/index.php\/wp-json\/wp\/v2\/categories?post=5045"},{"taxonomy":"post_tag","embeddable":true,"href":"https:\/\/www.anovapeneira.gal\/index.php\/wp-json\/wp\/v2\/tags?post=5045"}],"curies":[{"name":"wp","href":"https:\/\/api.w.org\/{rel}","templated":true}]}}