{"id":5053,"date":"2021-03-18T14:00:19","date_gmt":"2021-03-18T13:00:19","guid":{"rendered":"http:\/\/www.anovapeneira.gal\/?p=5053"},"modified":"2021-03-18T11:15:27","modified_gmt":"2021-03-18T10:15:27","slug":"as-leccions-da-actualidade","status":"publish","type":"post","link":"https:\/\/www.anovapeneira.gal\/index.php\/2021\/03\/18\/as-leccions-da-actualidade\/","title":{"rendered":"As lecci\u00f3ns da actualidade"},"content":{"rendered":"\n<figure class=\"wp-block-image size-large is-resized\"><img loading=\"lazy\" decoding=\"async\" src=\"http:\/\/www.anovapeneira.gal\/wp-content\/uploads\/2019\/07\/Baldomero_Iglesias_Dobarrio_Mero.jpg\" alt=\"Baldomero Iglesias Dobarrio Mero artigos de opini\u00f3n A Nova Peneira\" class=\"wp-image-482\" width=\"95\" height=\"111\"\/><figcaption>Baldomero Iglesias Dobarrio, Mero<\/figcaption><\/figure>\n\n\n\n<p>De novo a xustiza no punto de mira, no centro da cuesti\u00f3n e da realidade. Seica \u00e1 se\u00f1ora Cristina Cifuentes, aquela de Madrid, presidenta da comunidade entre o 2015 e 2018, grande responsable de \u00e1reas e servizos p\u00fablicos, mesmo corruptora especialista en furtos aos supermercados, cousas das cremas, am\u00e9n de oportuna conseguidora de m\u00e1steres e outros favores das universidades do embigo estatal. Pois ademais de tentar o xornalismo como faladora-presentadora de sobremesas, quedou exonerada, seica por falta de probas -a quen se lle conte- de falsificar o traballo fin de m\u00e1ster. Iso si, encontraron culpables a quen lles vai pesar ter nada que ver coa se\u00f1ora Cifuentes. Din que as sospeitas non son probas, algo moi certo, pero de a\u00ed a liberala da culpa cando ela \u00e9 a m\u00e1is interesada e dubida das s\u00faas propias credencias, precisamente por ser a que protagoniza a falsificaci\u00f3n en tentativa e ameaza, haber\u00eda &nbsp;un longo treito. A xustiza anda de rebaixas e produce un pro\u00eddo de fartura, de cansazo e desconfianza. E sen xustiza, pouco queda por facer. Ded\u00facense moi doadamente os v\u00ednculos do partido ao que pertenceu coa xudicatura, cos entes supremos onde se manexan os f\u00edos e manipulan sentenzas. Mal asunto, est\u00e1n de lixo at\u00e9 as orellas e por riba non d\u00e1 conciliado as mentiras previas e as que contaron outros amigos para amparala. O fedor \u00e9 tal que xa non lles cremos, perderon o creto e capacidade de nos dar acougo. Seica tam\u00e9n, lle serviu de atenuante a confesi\u00f3n e o medo insuperable que lle fixo &#8220;colaborar&#8221; coa xustiza. Dixo que ela, non sab\u00eda nada e que condenaran \u00e1s culpables da desfeita. Era un m\u00e1ster en dereito auton\u00f3mico, cheo de irregularidades e ela non sab\u00eda nada. Ningu\u00e9n daquel curso a co\u00f1ec\u00eda nin sab\u00eda que estaba matriculada. Porque non asistiu nin estivo, claro. Por riba argumentan que non se lle viu a man, que non se proba ningunha actuaci\u00f3n directa. Manda truco, e o t\u00edtulo expedido estaba precisamente ao seu nome! Ela que foi exemplo de xesti\u00f3n, segundo o partido, e referente de actuaci\u00f3ns p\u00fablicas e agora esconde a man! Menos mal que hai o v\u00eddeo de cando mangou as cremas sen\u00f3n estar\u00eda nos altares e dando indulxencias!&nbsp;<\/p>\n\n\n\n<p>Todo isto v\u00e9n a conto dos efectos que estas cousas do compadreo traen \u00e1 sociedade, provocan unha fonda desesperaci\u00f3n e desacougo. Tam\u00e9n se suma a tristura do espect\u00e1culo, denota que est\u00e1n collidos polas partes m\u00e1is vulnerables, que son capaces de todo por mentir e ocultar, que a xustiza segue a ser barata, tirada de prezo para os de sempre. Pero o peor \u00e9 a vergo\u00f1a que, a&nbsp; min e a moita xente, producen estes asuntos de compra-venda de t\u00edtulos formativos. Sobre todo cando exercemos a docencia. Novamente quedan impunes este tipo de delitos. As\u00ed non hai principios, nin honra. Sen xustiza matan a esperanza e calquera traza de mellora, de dignidade, de responsabilidade, de confianza. Al\u00e1 van os consellos que demos nas aulas, que fac\u00edan referencia ao esforzo e o m\u00e9rito da honestidade para acadar m\u00e1is co\u00f1ecemento, mesmo so\u00f1os.&nbsp;<\/p>\n\n\n\n<p>Novamente unha xustiza inxusta, novamente a trampa, o escapismo. Un sentimento de vergo\u00f1a e de indignaci\u00f3n me percorre de abaixo arriba \u00e1 sociedade. Como poder\u00e1 aprender a xuventude no medio destes exemplos? Que autoridade queda diante destes erros que benefician sempre aos tramposos e que non culpan a quen se arrogou o beneficio? Mal, moi mal polos que tendo probas neg\u00e1ronse a crelas, pasaron delas, e moi mal o exemplo transmitido. Non chega con abandonar a sede, nin con separarse aparentemente daquela xente e alg\u00fans casos de corrupci\u00f3n. Haber\u00eda que dar un golpe moi forte na mesa e, despois de independizar aos xu\u00edces, anunciar unha suma de vontades para que a Xustiza volvese ganar o dereito de escribirse con mai\u00fascula.&nbsp;<\/p>\n\n\n\n<p>Que a ningu\u00e9n estra\u00f1en, xa que logo, os actos violentos e disturbios con feridos e detenci\u00f3ns, con r\u00e9plicas en distintas cidades e vilas que concentran grande inestabilidade social, derivada do paro, da precariedade en todo, do confinamento e do ingreso en prisi\u00f3n dun cantor-rapeiro, Hasel, a quen se lle acusa de enaltecemento de terrorismo, reincidencia, inxurias e calumnias \u00e1 coroa e aos corpos de seguridade do Estado. Puf, case non caben as palabras no delito. En realidade creo que cantou e vociferou, mesmo calumniou, mais a pobre sensaci\u00f3n tan desproporcionada v\u00e9nnos dicir &nbsp;que hai moito que roer, que te\u00f1en moito que mudar, que se quedaron moi atr\u00e1s e mesmo cheiran a aquel pasado rancio de outrora, no que a xustiza delinqu\u00eda co poder, neg\u00e1ndonos o porvir.<\/p>\n","protected":false},"excerpt":{"rendered":"<div class=\"mh-excerpt\"><p>De novo a xustiza no punto de mira, no centro da cuesti\u00f3n e da realidade. Seica \u00e1 se\u00f1ora Cristina Cifuentes, aquela de Madrid, presidenta da comunidade entre o 2015 e 2018, grande responsable de \u00e1reas e servizos p\u00fablicos, mesmo corruptora especialista en furtos aos supermercados, cousas das cremas, am\u00e9n de oportuna conseguidora de m\u00e1steres e outros favores das universidades do embigo estatal <a class=\"mh-excerpt-more\" href=\"https:\/\/www.anovapeneira.gal\/index.php\/2021\/03\/18\/as-leccions-da-actualidade\/\" title=\"As lecci\u00f3ns da actualidade\">[&#8230;]<\/a><\/p>\n<\/div>","protected":false},"author":5,"featured_media":584,"comment_status":"open","ping_status":"open","sticky":false,"template":"","format":"standard","meta":{"_exactmetrics_skip_tracking":false,"_exactmetrics_sitenote_active":false,"_exactmetrics_sitenote_note":"","_exactmetrics_sitenote_category":0,"footnotes":""},"categories":[7],"tags":[58],"class_list":{"0":"post-5053","1":"post","2":"type-post","3":"status-publish","4":"format-standard","5":"has-post-thumbnail","7":"category-artigos-de-opinion","8":"tag-opinion"},"yoast_head":"<!-- This site is optimized with the Yoast SEO plugin v27.4 - https:\/\/yoast.com\/product\/yoast-seo-wordpress\/ -->\n<title>As lecci\u00f3ns da actualidade -<\/title>\n<meta name=\"description\" content=\"De novo a xustiza no punto de mira, no centro da cuesti\u00f3n e da realidade. Seica \u00e1 se\u00f1ora Cristina Cifuentes, aquela de Madrid, presidenta da comunidade entre o 2015 e 2018, grande responsable de \u00e1reas e servizos p\u00fablicos, mesmo corruptora especialista en furtos aos supermercados, cousas das cremas, am\u00e9n de oportuna conseguidora de m\u00e1steres e outros favores das universidades do embigo estatal\" \/>\n<meta name=\"robots\" content=\"index, follow, max-snippet:-1, max-image-preview:large, max-video-preview:-1\" \/>\n<link rel=\"canonical\" href=\"https:\/\/www.anovapeneira.gal\/index.php\/2021\/03\/18\/as-leccions-da-actualidade\/\" \/>\n<meta property=\"og:locale\" content=\"gl_ES\" \/>\n<meta property=\"og:type\" content=\"article\" \/>\n<meta property=\"og:title\" content=\"As lecci\u00f3ns da actualidade -\" \/>\n<meta property=\"og:description\" content=\"De novo a xustiza no punto de mira, no centro da cuesti\u00f3n e da realidade. Seica \u00e1 se\u00f1ora Cristina Cifuentes, aquela de Madrid, presidenta da comunidade entre o 2015 e 2018, grande responsable de \u00e1reas e servizos p\u00fablicos, mesmo corruptora especialista en furtos aos supermercados, cousas das cremas, am\u00e9n de oportuna conseguidora de m\u00e1steres e outros favores das universidades do embigo estatal\" \/>\n<meta property=\"og:url\" content=\"https:\/\/www.anovapeneira.gal\/index.php\/2021\/03\/18\/as-leccions-da-actualidade\/\" \/>\n<meta property=\"article:publisher\" content=\"https:\/\/www.facebook.com\/anovapeneira\" \/>\n<meta property=\"article:published_time\" content=\"2021-03-18T13:00:19+00:00\" \/>\n<meta property=\"og:image\" content=\"https:\/\/www.anovapeneira.gal\/wp-content\/uploads\/2019\/07\/ARTIGO_DE_OPINION_A_NOVA_PENEIRA.jpg\" \/>\n\t<meta property=\"og:image:width\" content=\"720\" \/>\n\t<meta property=\"og:image:height\" content=\"473\" \/>\n\t<meta property=\"og:image:type\" content=\"image\/jpeg\" \/>\n<meta name=\"author\" content=\"Baldomero Iglesias Dobarrio, Mero\" \/>\n<meta name=\"twitter:card\" content=\"summary_large_image\" \/>\n<meta name=\"twitter:creator\" content=\"@APeneira\" \/>\n<meta name=\"twitter:site\" content=\"@APeneira\" \/>\n<meta name=\"twitter:label1\" content=\"Escrito por\" \/>\n\t<meta name=\"twitter:data1\" content=\"Baldomero Iglesias Dobarrio, Mero\" \/>\n\t<meta name=\"twitter:label2\" content=\"Tempo de lectura\" \/>\n\t<meta name=\"twitter:data2\" content=\"4 minutos\" \/>\n<script type=\"application\/ld+json\" class=\"yoast-schema-graph\">{\"@context\":\"https:\\\/\\\/schema.org\",\"@graph\":[{\"@type\":\"Article\",\"@id\":\"https:\\\/\\\/www.anovapeneira.gal\\\/index.php\\\/2021\\\/03\\\/18\\\/as-leccions-da-actualidade\\\/#article\",\"isPartOf\":{\"@id\":\"https:\\\/\\\/www.anovapeneira.gal\\\/index.php\\\/2021\\\/03\\\/18\\\/as-leccions-da-actualidade\\\/\"},\"author\":{\"name\":\"Baldomero Iglesias Dobarrio, Mero\",\"@id\":\"https:\\\/\\\/www.anovapeneira.gal\\\/#\\\/schema\\\/person\\\/b051ed40cfc100e281476674783b32fc\"},\"headline\":\"As lecci\u00f3ns da actualidade\",\"datePublished\":\"2021-03-18T13:00:19+00:00\",\"mainEntityOfPage\":{\"@id\":\"https:\\\/\\\/www.anovapeneira.gal\\\/index.php\\\/2021\\\/03\\\/18\\\/as-leccions-da-actualidade\\\/\"},\"wordCount\":819,\"commentCount\":0,\"publisher\":{\"@id\":\"https:\\\/\\\/www.anovapeneira.gal\\\/#organization\"},\"image\":{\"@id\":\"https:\\\/\\\/www.anovapeneira.gal\\\/index.php\\\/2021\\\/03\\\/18\\\/as-leccions-da-actualidade\\\/#primaryimage\"},\"thumbnailUrl\":\"https:\\\/\\\/www.anovapeneira.gal\\\/wp-content\\\/uploads\\\/2019\\\/07\\\/ARTIGO_DE_OPINION_A_NOVA_PENEIRA.jpg\",\"keywords\":[\"Opini\u00f3n\"],\"articleSection\":[\"Artigos de opini\u00f3n\"],\"inLanguage\":\"gl-ES\",\"potentialAction\":[{\"@type\":\"CommentAction\",\"name\":\"Comment\",\"target\":[\"https:\\\/\\\/www.anovapeneira.gal\\\/index.php\\\/2021\\\/03\\\/18\\\/as-leccions-da-actualidade\\\/#respond\"]}]},{\"@type\":\"WebPage\",\"@id\":\"https:\\\/\\\/www.anovapeneira.gal\\\/index.php\\\/2021\\\/03\\\/18\\\/as-leccions-da-actualidade\\\/\",\"url\":\"https:\\\/\\\/www.anovapeneira.gal\\\/index.php\\\/2021\\\/03\\\/18\\\/as-leccions-da-actualidade\\\/\",\"name\":\"As lecci\u00f3ns da actualidade -\",\"isPartOf\":{\"@id\":\"https:\\\/\\\/www.anovapeneira.gal\\\/#website\"},\"primaryImageOfPage\":{\"@id\":\"https:\\\/\\\/www.anovapeneira.gal\\\/index.php\\\/2021\\\/03\\\/18\\\/as-leccions-da-actualidade\\\/#primaryimage\"},\"image\":{\"@id\":\"https:\\\/\\\/www.anovapeneira.gal\\\/index.php\\\/2021\\\/03\\\/18\\\/as-leccions-da-actualidade\\\/#primaryimage\"},\"thumbnailUrl\":\"https:\\\/\\\/www.anovapeneira.gal\\\/wp-content\\\/uploads\\\/2019\\\/07\\\/ARTIGO_DE_OPINION_A_NOVA_PENEIRA.jpg\",\"datePublished\":\"2021-03-18T13:00:19+00:00\",\"description\":\"De novo a xustiza no punto de mira, no centro da cuesti\u00f3n e da realidade. Seica \u00e1 se\u00f1ora Cristina Cifuentes, aquela de Madrid, presidenta da comunidade entre o 2015 e 2018, grande responsable de \u00e1reas e servizos p\u00fablicos, mesmo corruptora especialista en furtos aos supermercados, cousas das cremas, am\u00e9n de oportuna conseguidora de m\u00e1steres e outros favores das universidades do embigo estatal\",\"breadcrumb\":{\"@id\":\"https:\\\/\\\/www.anovapeneira.gal\\\/index.php\\\/2021\\\/03\\\/18\\\/as-leccions-da-actualidade\\\/#breadcrumb\"},\"inLanguage\":\"gl-ES\",\"potentialAction\":[{\"@type\":\"ReadAction\",\"target\":[\"https:\\\/\\\/www.anovapeneira.gal\\\/index.php\\\/2021\\\/03\\\/18\\\/as-leccions-da-actualidade\\\/\"]}]},{\"@type\":\"ImageObject\",\"inLanguage\":\"gl-ES\",\"@id\":\"https:\\\/\\\/www.anovapeneira.gal\\\/index.php\\\/2021\\\/03\\\/18\\\/as-leccions-da-actualidade\\\/#primaryimage\",\"url\":\"https:\\\/\\\/www.anovapeneira.gal\\\/wp-content\\\/uploads\\\/2019\\\/07\\\/ARTIGO_DE_OPINION_A_NOVA_PENEIRA.jpg\",\"contentUrl\":\"https:\\\/\\\/www.anovapeneira.gal\\\/wp-content\\\/uploads\\\/2019\\\/07\\\/ARTIGO_DE_OPINION_A_NOVA_PENEIRA.jpg\",\"width\":720,\"height\":473,\"caption\":\"Artigo de opini\u00f3n A Nova Peneira\"},{\"@type\":\"BreadcrumbList\",\"@id\":\"https:\\\/\\\/www.anovapeneira.gal\\\/index.php\\\/2021\\\/03\\\/18\\\/as-leccions-da-actualidade\\\/#breadcrumb\",\"itemListElement\":[{\"@type\":\"ListItem\",\"position\":1,\"name\":\"Portada\",\"item\":\"https:\\\/\\\/www.anovapeneira.gal\\\/\"},{\"@type\":\"ListItem\",\"position\":2,\"name\":\"As lecci\u00f3ns da actualidade\"}]},{\"@type\":\"WebSite\",\"@id\":\"https:\\\/\\\/www.anovapeneira.gal\\\/#website\",\"url\":\"https:\\\/\\\/www.anovapeneira.gal\\\/\",\"name\":\"\",\"description\":\"Xornal galego de informaci\u00f3n xeral Publicaci\u00f3n mensual de novas de Galicia e en especial dos Concellos da sur da provincia de Pontevedra.\",\"publisher\":{\"@id\":\"https:\\\/\\\/www.anovapeneira.gal\\\/#organization\"},\"potentialAction\":[{\"@type\":\"SearchAction\",\"target\":{\"@type\":\"EntryPoint\",\"urlTemplate\":\"https:\\\/\\\/www.anovapeneira.gal\\\/?s={search_term_string}\"},\"query-input\":{\"@type\":\"PropertyValueSpecification\",\"valueRequired\":true,\"valueName\":\"search_term_string\"}}],\"inLanguage\":\"gl-ES\"},{\"@type\":\"Organization\",\"@id\":\"https:\\\/\\\/www.anovapeneira.gal\\\/#organization\",\"name\":\"A Nova Peneira\",\"url\":\"https:\\\/\\\/www.anovapeneira.gal\\\/\",\"logo\":{\"@type\":\"ImageObject\",\"inLanguage\":\"gl-ES\",\"@id\":\"https:\\\/\\\/www.anovapeneira.gal\\\/#\\\/schema\\\/logo\\\/image\\\/\",\"url\":\"http:\\\/\\\/www.anovapeneira.gal\\\/wp-content\\\/uploads\\\/2019\\\/06\\\/logo_a_nova_peneira_portal_web.png\",\"contentUrl\":\"http:\\\/\\\/www.anovapeneira.gal\\\/wp-content\\\/uploads\\\/2019\\\/06\\\/logo_a_nova_peneira_portal_web.png\",\"width\":300,\"height\":100,\"caption\":\"A Nova Peneira\"},\"image\":{\"@id\":\"https:\\\/\\\/www.anovapeneira.gal\\\/#\\\/schema\\\/logo\\\/image\\\/\"},\"sameAs\":[\"https:\\\/\\\/www.facebook.com\\\/anovapeneira\",\"https:\\\/\\\/x.com\\\/APeneira\"]},{\"@type\":\"Person\",\"@id\":\"https:\\\/\\\/www.anovapeneira.gal\\\/#\\\/schema\\\/person\\\/b051ed40cfc100e281476674783b32fc\",\"name\":\"Baldomero Iglesias Dobarrio, Mero\",\"image\":{\"@type\":\"ImageObject\",\"inLanguage\":\"gl-ES\",\"@id\":\"https:\\\/\\\/secure.gravatar.com\\\/avatar\\\/ca78fc089f8cf28197f88de2c9ac213e2f7d2097d8e359d9359b8778b539c59d?s=96&d=mm&r=g\",\"url\":\"https:\\\/\\\/secure.gravatar.com\\\/avatar\\\/ca78fc089f8cf28197f88de2c9ac213e2f7d2097d8e359d9359b8778b539c59d?s=96&d=mm&r=g\",\"contentUrl\":\"https:\\\/\\\/secure.gravatar.com\\\/avatar\\\/ca78fc089f8cf28197f88de2c9ac213e2f7d2097d8e359d9359b8778b539c59d?s=96&d=mm&r=g\",\"caption\":\"Baldomero Iglesias Dobarrio, Mero\"},\"sameAs\":[\"http:\\\/\\\/anovapeneira.gal\"],\"url\":\"https:\\\/\\\/www.anovapeneira.gal\\\/index.php\\\/author\\\/opinionmero\\\/\"}]}<\/script>\n<!-- \/ Yoast SEO plugin. -->","yoast_head_json":{"title":"As lecci\u00f3ns da actualidade -","description":"De novo a xustiza no punto de mira, no centro da cuesti\u00f3n e da realidade. Seica \u00e1 se\u00f1ora Cristina Cifuentes, aquela de Madrid, presidenta da comunidade entre o 2015 e 2018, grande responsable de \u00e1reas e servizos p\u00fablicos, mesmo corruptora especialista en furtos aos supermercados, cousas das cremas, am\u00e9n de oportuna conseguidora de m\u00e1steres e outros favores das universidades do embigo estatal","robots":{"index":"index","follow":"follow","max-snippet":"max-snippet:-1","max-image-preview":"max-image-preview:large","max-video-preview":"max-video-preview:-1"},"canonical":"https:\/\/www.anovapeneira.gal\/index.php\/2021\/03\/18\/as-leccions-da-actualidade\/","og_locale":"gl_ES","og_type":"article","og_title":"As lecci\u00f3ns da actualidade -","og_description":"De novo a xustiza no punto de mira, no centro da cuesti\u00f3n e da realidade. Seica \u00e1 se\u00f1ora Cristina Cifuentes, aquela de Madrid, presidenta da comunidade entre o 2015 e 2018, grande responsable de \u00e1reas e servizos p\u00fablicos, mesmo corruptora especialista en furtos aos supermercados, cousas das cremas, am\u00e9n de oportuna conseguidora de m\u00e1steres e outros favores das universidades do embigo estatal","og_url":"https:\/\/www.anovapeneira.gal\/index.php\/2021\/03\/18\/as-leccions-da-actualidade\/","article_publisher":"https:\/\/www.facebook.com\/anovapeneira","article_published_time":"2021-03-18T13:00:19+00:00","og_image":[{"width":720,"height":473,"url":"https:\/\/www.anovapeneira.gal\/wp-content\/uploads\/2019\/07\/ARTIGO_DE_OPINION_A_NOVA_PENEIRA.jpg","type":"image\/jpeg"}],"author":"Baldomero Iglesias Dobarrio, Mero","twitter_card":"summary_large_image","twitter_creator":"@APeneira","twitter_site":"@APeneira","twitter_misc":{"Escrito por":"Baldomero Iglesias Dobarrio, Mero","Tempo de lectura":"4 minutos"},"schema":{"@context":"https:\/\/schema.org","@graph":[{"@type":"Article","@id":"https:\/\/www.anovapeneira.gal\/index.php\/2021\/03\/18\/as-leccions-da-actualidade\/#article","isPartOf":{"@id":"https:\/\/www.anovapeneira.gal\/index.php\/2021\/03\/18\/as-leccions-da-actualidade\/"},"author":{"name":"Baldomero Iglesias Dobarrio, Mero","@id":"https:\/\/www.anovapeneira.gal\/#\/schema\/person\/b051ed40cfc100e281476674783b32fc"},"headline":"As lecci\u00f3ns da actualidade","datePublished":"2021-03-18T13:00:19+00:00","mainEntityOfPage":{"@id":"https:\/\/www.anovapeneira.gal\/index.php\/2021\/03\/18\/as-leccions-da-actualidade\/"},"wordCount":819,"commentCount":0,"publisher":{"@id":"https:\/\/www.anovapeneira.gal\/#organization"},"image":{"@id":"https:\/\/www.anovapeneira.gal\/index.php\/2021\/03\/18\/as-leccions-da-actualidade\/#primaryimage"},"thumbnailUrl":"https:\/\/www.anovapeneira.gal\/wp-content\/uploads\/2019\/07\/ARTIGO_DE_OPINION_A_NOVA_PENEIRA.jpg","keywords":["Opini\u00f3n"],"articleSection":["Artigos de opini\u00f3n"],"inLanguage":"gl-ES","potentialAction":[{"@type":"CommentAction","name":"Comment","target":["https:\/\/www.anovapeneira.gal\/index.php\/2021\/03\/18\/as-leccions-da-actualidade\/#respond"]}]},{"@type":"WebPage","@id":"https:\/\/www.anovapeneira.gal\/index.php\/2021\/03\/18\/as-leccions-da-actualidade\/","url":"https:\/\/www.anovapeneira.gal\/index.php\/2021\/03\/18\/as-leccions-da-actualidade\/","name":"As lecci\u00f3ns da actualidade -","isPartOf":{"@id":"https:\/\/www.anovapeneira.gal\/#website"},"primaryImageOfPage":{"@id":"https:\/\/www.anovapeneira.gal\/index.php\/2021\/03\/18\/as-leccions-da-actualidade\/#primaryimage"},"image":{"@id":"https:\/\/www.anovapeneira.gal\/index.php\/2021\/03\/18\/as-leccions-da-actualidade\/#primaryimage"},"thumbnailUrl":"https:\/\/www.anovapeneira.gal\/wp-content\/uploads\/2019\/07\/ARTIGO_DE_OPINION_A_NOVA_PENEIRA.jpg","datePublished":"2021-03-18T13:00:19+00:00","description":"De novo a xustiza no punto de mira, no centro da cuesti\u00f3n e da realidade. Seica \u00e1 se\u00f1ora Cristina Cifuentes, aquela de Madrid, presidenta da comunidade entre o 2015 e 2018, grande responsable de \u00e1reas e servizos p\u00fablicos, mesmo corruptora especialista en furtos aos supermercados, cousas das cremas, am\u00e9n de oportuna conseguidora de m\u00e1steres e outros favores das universidades do embigo estatal","breadcrumb":{"@id":"https:\/\/www.anovapeneira.gal\/index.php\/2021\/03\/18\/as-leccions-da-actualidade\/#breadcrumb"},"inLanguage":"gl-ES","potentialAction":[{"@type":"ReadAction","target":["https:\/\/www.anovapeneira.gal\/index.php\/2021\/03\/18\/as-leccions-da-actualidade\/"]}]},{"@type":"ImageObject","inLanguage":"gl-ES","@id":"https:\/\/www.anovapeneira.gal\/index.php\/2021\/03\/18\/as-leccions-da-actualidade\/#primaryimage","url":"https:\/\/www.anovapeneira.gal\/wp-content\/uploads\/2019\/07\/ARTIGO_DE_OPINION_A_NOVA_PENEIRA.jpg","contentUrl":"https:\/\/www.anovapeneira.gal\/wp-content\/uploads\/2019\/07\/ARTIGO_DE_OPINION_A_NOVA_PENEIRA.jpg","width":720,"height":473,"caption":"Artigo de opini\u00f3n A Nova Peneira"},{"@type":"BreadcrumbList","@id":"https:\/\/www.anovapeneira.gal\/index.php\/2021\/03\/18\/as-leccions-da-actualidade\/#breadcrumb","itemListElement":[{"@type":"ListItem","position":1,"name":"Portada","item":"https:\/\/www.anovapeneira.gal\/"},{"@type":"ListItem","position":2,"name":"As lecci\u00f3ns da actualidade"}]},{"@type":"WebSite","@id":"https:\/\/www.anovapeneira.gal\/#website","url":"https:\/\/www.anovapeneira.gal\/","name":"","description":"Xornal galego de informaci\u00f3n xeral Publicaci\u00f3n mensual de novas de Galicia e en especial dos Concellos da sur da provincia de Pontevedra.","publisher":{"@id":"https:\/\/www.anovapeneira.gal\/#organization"},"potentialAction":[{"@type":"SearchAction","target":{"@type":"EntryPoint","urlTemplate":"https:\/\/www.anovapeneira.gal\/?s={search_term_string}"},"query-input":{"@type":"PropertyValueSpecification","valueRequired":true,"valueName":"search_term_string"}}],"inLanguage":"gl-ES"},{"@type":"Organization","@id":"https:\/\/www.anovapeneira.gal\/#organization","name":"A Nova Peneira","url":"https:\/\/www.anovapeneira.gal\/","logo":{"@type":"ImageObject","inLanguage":"gl-ES","@id":"https:\/\/www.anovapeneira.gal\/#\/schema\/logo\/image\/","url":"http:\/\/www.anovapeneira.gal\/wp-content\/uploads\/2019\/06\/logo_a_nova_peneira_portal_web.png","contentUrl":"http:\/\/www.anovapeneira.gal\/wp-content\/uploads\/2019\/06\/logo_a_nova_peneira_portal_web.png","width":300,"height":100,"caption":"A Nova Peneira"},"image":{"@id":"https:\/\/www.anovapeneira.gal\/#\/schema\/logo\/image\/"},"sameAs":["https:\/\/www.facebook.com\/anovapeneira","https:\/\/x.com\/APeneira"]},{"@type":"Person","@id":"https:\/\/www.anovapeneira.gal\/#\/schema\/person\/b051ed40cfc100e281476674783b32fc","name":"Baldomero Iglesias Dobarrio, Mero","image":{"@type":"ImageObject","inLanguage":"gl-ES","@id":"https:\/\/secure.gravatar.com\/avatar\/ca78fc089f8cf28197f88de2c9ac213e2f7d2097d8e359d9359b8778b539c59d?s=96&d=mm&r=g","url":"https:\/\/secure.gravatar.com\/avatar\/ca78fc089f8cf28197f88de2c9ac213e2f7d2097d8e359d9359b8778b539c59d?s=96&d=mm&r=g","contentUrl":"https:\/\/secure.gravatar.com\/avatar\/ca78fc089f8cf28197f88de2c9ac213e2f7d2097d8e359d9359b8778b539c59d?s=96&d=mm&r=g","caption":"Baldomero Iglesias Dobarrio, Mero"},"sameAs":["http:\/\/anovapeneira.gal"],"url":"https:\/\/www.anovapeneira.gal\/index.php\/author\/opinionmero\/"}]}},"jetpack_featured_media_url":"https:\/\/www.anovapeneira.gal\/wp-content\/uploads\/2019\/07\/ARTIGO_DE_OPINION_A_NOVA_PENEIRA.jpg","_links":{"self":[{"href":"https:\/\/www.anovapeneira.gal\/index.php\/wp-json\/wp\/v2\/posts\/5053","targetHints":{"allow":["GET"]}}],"collection":[{"href":"https:\/\/www.anovapeneira.gal\/index.php\/wp-json\/wp\/v2\/posts"}],"about":[{"href":"https:\/\/www.anovapeneira.gal\/index.php\/wp-json\/wp\/v2\/types\/post"}],"author":[{"embeddable":true,"href":"https:\/\/www.anovapeneira.gal\/index.php\/wp-json\/wp\/v2\/users\/5"}],"replies":[{"embeddable":true,"href":"https:\/\/www.anovapeneira.gal\/index.php\/wp-json\/wp\/v2\/comments?post=5053"}],"version-history":[{"count":1,"href":"https:\/\/www.anovapeneira.gal\/index.php\/wp-json\/wp\/v2\/posts\/5053\/revisions"}],"predecessor-version":[{"id":5054,"href":"https:\/\/www.anovapeneira.gal\/index.php\/wp-json\/wp\/v2\/posts\/5053\/revisions\/5054"}],"wp:featuredmedia":[{"embeddable":true,"href":"https:\/\/www.anovapeneira.gal\/index.php\/wp-json\/wp\/v2\/media\/584"}],"wp:attachment":[{"href":"https:\/\/www.anovapeneira.gal\/index.php\/wp-json\/wp\/v2\/media?parent=5053"}],"wp:term":[{"taxonomy":"category","embeddable":true,"href":"https:\/\/www.anovapeneira.gal\/index.php\/wp-json\/wp\/v2\/categories?post=5053"},{"taxonomy":"post_tag","embeddable":true,"href":"https:\/\/www.anovapeneira.gal\/index.php\/wp-json\/wp\/v2\/tags?post=5053"}],"curies":[{"name":"wp","href":"https:\/\/api.w.org\/{rel}","templated":true}]}}