{"id":5082,"date":"2021-03-22T12:00:54","date_gmt":"2021-03-22T11:00:54","guid":{"rendered":"http:\/\/www.anovapeneira.gal\/?p=5082"},"modified":"2021-03-19T09:30:32","modified_gmt":"2021-03-19T08:30:32","slug":"o-colectivo-de-pensionistas-da-cig-exemplo-de-compromiso-social-e-sindical","status":"publish","type":"post","link":"https:\/\/www.anovapeneira.gal\/index.php\/2021\/03\/22\/o-colectivo-de-pensionistas-da-cig-exemplo-de-compromiso-social-e-sindical\/","title":{"rendered":"O colectivo de pensionistas da CIG exemplo de compromiso social e sindical"},"content":{"rendered":"\n<p>A central sindical nacionalista leva anos denunciando o deterioro sistem\u00e1tico ao que goberno do PP somete ao que debera ser un dos pilares de calquera sociedade civilizada e decente : a existencia dun sistema p\u00fablico galego de servizos de atenci\u00f3n \u00e1s persoas. O desleixo e falta de sensibilidade que amosa o liberalismo econ\u00f3mico cara a todo que non poida ser unha fonte de ingreso de cartos para os grandes grupos empresariais, que non te\u00f1en escr\u00fapulos en facer da atenci\u00f3n \u00e1s persoas unha \u00e1rea de mercado m\u00e1is, fan que nos servizos de axuda no fogar ou nas residencias da terceira idade sexan manifestas as carencias de persoal e material, al\u00e9n de que a precariedade laboral sexa, en moitos casos, unha ingrata compa\u00f1\u00eda para traballadoras e traballadores. Desde a CIG est\u00e1n \u00e1 procura de sinaturas para tramitar unha ILP que permita debater no parlamento galego a creaci\u00f3n dun sistema p\u00fablico galego de servizos de atenci\u00f3n \u00e1s persoas, integrado por unha \u00fanica rede p\u00fablica que preste os seguintes servizos:<\/p>\n\n\n\n<ul class=\"wp-block-list\"><li>Centros asistenciais e residencias da terceira idade<\/li><li>Centros de d\u00eda<\/li><li>Centros de atenci\u00f3n \u00e1 diversidade<\/li><li>Servizos de Axuda no Fogar<\/li><\/ul>\n\n\n\n<p>E como non pod\u00eda ser doutra maneira, o Colectivo de Pensionistas da CIG despois de toda unha vida na loita sindical, no momento de poderen gozar dunha merecida xubilaci\u00f3n, a\u00ed est\u00e1n en primeira li\u00f1a mobiliz\u00e1ndose para que a iniciativa da ILP poida ter \u00e9xito e ser debatida no parlamento galego.<\/p>\n","protected":false},"excerpt":{"rendered":"<div class=\"mh-excerpt\"><p>A central sindical nacionalista leva anos denunciando o deterioro sistem\u00e1tico ao que goberno do PP somete ao que debera ser un dos pilares de calquera sociedade civilizada e decente : a existencia dun sistema p\u00fablico galego de servizos de atenci\u00f3n \u00e1s persoas <a class=\"mh-excerpt-more\" href=\"https:\/\/www.anovapeneira.gal\/index.php\/2021\/03\/22\/o-colectivo-de-pensionistas-da-cig-exemplo-de-compromiso-social-e-sindical\/\" title=\"O colectivo de pensionistas da CIG exemplo de compromiso social e sindical\">[&#8230;]<\/a><\/p>\n<\/div>","protected":false},"author":3,"featured_media":5084,"comment_status":"open","ping_status":"open","sticky":false,"template":"","format":"standard","meta":{"_exactmetrics_skip_tracking":false,"_exactmetrics_sitenote_active":false,"_exactmetrics_sitenote_note":"","_exactmetrics_sitenote_category":0,"footnotes":""},"categories":[19],"tags":[227],"class_list":{"0":"post-5082","1":"post","2":"type-post","3":"status-publish","4":"format-standard","5":"has-post-thumbnail","7":"category-vigo","8":"tag-concello-de-vigo"},"yoast_head":"<!-- This site is optimized with the Yoast SEO plugin v27.5 - https:\/\/yoast.com\/product\/yoast-seo-wordpress\/ -->\n<title>O colectivo de pensionistas da CIG exemplo de compromiso social e sindical -<\/title>\n<meta name=\"description\" content=\"A central sindical nacionalista leva anos denunciando o deterioro sistem\u00e1tico ao que goberno do PP somete ao que debera ser un dos pilares de calquera sociedade civilizada e decente : a existencia dun sistema p\u00fablico galego de servizos de atenci\u00f3n \u00e1s persoas\" \/>\n<meta name=\"robots\" content=\"index, follow, max-snippet:-1, max-image-preview:large, max-video-preview:-1\" \/>\n<link rel=\"canonical\" href=\"https:\/\/www.anovapeneira.gal\/index.php\/2021\/03\/22\/o-colectivo-de-pensionistas-da-cig-exemplo-de-compromiso-social-e-sindical\/\" \/>\n<meta property=\"og:locale\" content=\"gl_ES\" \/>\n<meta property=\"og:type\" content=\"article\" \/>\n<meta property=\"og:title\" content=\"O colectivo de pensionistas da CIG exemplo de compromiso social e sindical -\" \/>\n<meta property=\"og:description\" content=\"A central sindical nacionalista leva anos denunciando o deterioro sistem\u00e1tico ao que goberno do PP somete ao que debera ser un dos pilares de calquera sociedade civilizada e decente : a existencia dun sistema p\u00fablico galego de servizos de atenci\u00f3n \u00e1s persoas\" \/>\n<meta property=\"og:url\" content=\"https:\/\/www.anovapeneira.gal\/index.php\/2021\/03\/22\/o-colectivo-de-pensionistas-da-cig-exemplo-de-compromiso-social-e-sindical\/\" \/>\n<meta property=\"article:publisher\" content=\"https:\/\/www.facebook.com\/anovapeneira\" \/>\n<meta property=\"article:published_time\" content=\"2021-03-22T11:00:54+00:00\" \/>\n<meta property=\"og:image\" content=\"https:\/\/www.anovapeneira.gal\/wp-content\/uploads\/2021\/03\/en_defensa_dos_servizos_publicos_cig.jpg\" \/>\n\t<meta property=\"og:image:width\" content=\"720\" \/>\n\t<meta property=\"og:image:height\" content=\"432\" \/>\n\t<meta property=\"og:image:type\" content=\"image\/jpeg\" \/>\n<meta name=\"author\" content=\"Redacci\u00f3n A Nova Peneira\" \/>\n<meta name=\"twitter:card\" content=\"summary_large_image\" \/>\n<meta name=\"twitter:creator\" content=\"@APeneira\" \/>\n<meta name=\"twitter:site\" content=\"@APeneira\" \/>\n<meta name=\"twitter:label1\" content=\"Escrito por\" \/>\n\t<meta name=\"twitter:data1\" content=\"Redacci\u00f3n A Nova Peneira\" \/>\n\t<meta name=\"twitter:label2\" content=\"Tempo de lectura\" \/>\n\t<meta name=\"twitter:data2\" content=\"2 minutos\" \/>\n<script type=\"application\/ld+json\" class=\"yoast-schema-graph\">{\"@context\":\"https:\\\/\\\/schema.org\",\"@graph\":[{\"@type\":\"Article\",\"@id\":\"https:\\\/\\\/www.anovapeneira.gal\\\/index.php\\\/2021\\\/03\\\/22\\\/o-colectivo-de-pensionistas-da-cig-exemplo-de-compromiso-social-e-sindical\\\/#article\",\"isPartOf\":{\"@id\":\"https:\\\/\\\/www.anovapeneira.gal\\\/index.php\\\/2021\\\/03\\\/22\\\/o-colectivo-de-pensionistas-da-cig-exemplo-de-compromiso-social-e-sindical\\\/\"},\"author\":{\"name\":\"Redacci\u00f3n A Nova Peneira\",\"@id\":\"https:\\\/\\\/www.anovapeneira.gal\\\/#\\\/schema\\\/person\\\/b93e3f8932e3f8da96334607eb6ac6aa\"},\"headline\":\"O colectivo de pensionistas da CIG exemplo de compromiso social e sindical\",\"datePublished\":\"2021-03-22T11:00:54+00:00\",\"mainEntityOfPage\":{\"@id\":\"https:\\\/\\\/www.anovapeneira.gal\\\/index.php\\\/2021\\\/03\\\/22\\\/o-colectivo-de-pensionistas-da-cig-exemplo-de-compromiso-social-e-sindical\\\/\"},\"wordCount\":267,\"commentCount\":0,\"publisher\":{\"@id\":\"https:\\\/\\\/www.anovapeneira.gal\\\/#organization\"},\"image\":{\"@id\":\"https:\\\/\\\/www.anovapeneira.gal\\\/index.php\\\/2021\\\/03\\\/22\\\/o-colectivo-de-pensionistas-da-cig-exemplo-de-compromiso-social-e-sindical\\\/#primaryimage\"},\"thumbnailUrl\":\"https:\\\/\\\/www.anovapeneira.gal\\\/wp-content\\\/uploads\\\/2021\\\/03\\\/en_defensa_dos_servizos_publicos_cig.jpg\",\"keywords\":[\"Concello de Vigo\"],\"articleSection\":[\"Vigo\"],\"inLanguage\":\"gl-ES\",\"potentialAction\":[{\"@type\":\"CommentAction\",\"name\":\"Comment\",\"target\":[\"https:\\\/\\\/www.anovapeneira.gal\\\/index.php\\\/2021\\\/03\\\/22\\\/o-colectivo-de-pensionistas-da-cig-exemplo-de-compromiso-social-e-sindical\\\/#respond\"]}]},{\"@type\":\"WebPage\",\"@id\":\"https:\\\/\\\/www.anovapeneira.gal\\\/index.php\\\/2021\\\/03\\\/22\\\/o-colectivo-de-pensionistas-da-cig-exemplo-de-compromiso-social-e-sindical\\\/\",\"url\":\"https:\\\/\\\/www.anovapeneira.gal\\\/index.php\\\/2021\\\/03\\\/22\\\/o-colectivo-de-pensionistas-da-cig-exemplo-de-compromiso-social-e-sindical\\\/\",\"name\":\"O colectivo de pensionistas da CIG exemplo de compromiso social e sindical -\",\"isPartOf\":{\"@id\":\"https:\\\/\\\/www.anovapeneira.gal\\\/#website\"},\"primaryImageOfPage\":{\"@id\":\"https:\\\/\\\/www.anovapeneira.gal\\\/index.php\\\/2021\\\/03\\\/22\\\/o-colectivo-de-pensionistas-da-cig-exemplo-de-compromiso-social-e-sindical\\\/#primaryimage\"},\"image\":{\"@id\":\"https:\\\/\\\/www.anovapeneira.gal\\\/index.php\\\/2021\\\/03\\\/22\\\/o-colectivo-de-pensionistas-da-cig-exemplo-de-compromiso-social-e-sindical\\\/#primaryimage\"},\"thumbnailUrl\":\"https:\\\/\\\/www.anovapeneira.gal\\\/wp-content\\\/uploads\\\/2021\\\/03\\\/en_defensa_dos_servizos_publicos_cig.jpg\",\"datePublished\":\"2021-03-22T11:00:54+00:00\",\"description\":\"A central sindical nacionalista leva anos denunciando o deterioro sistem\u00e1tico ao que goberno do PP somete ao que debera ser un dos pilares de calquera sociedade civilizada e decente : a existencia dun sistema p\u00fablico galego de servizos de atenci\u00f3n \u00e1s persoas\",\"breadcrumb\":{\"@id\":\"https:\\\/\\\/www.anovapeneira.gal\\\/index.php\\\/2021\\\/03\\\/22\\\/o-colectivo-de-pensionistas-da-cig-exemplo-de-compromiso-social-e-sindical\\\/#breadcrumb\"},\"inLanguage\":\"gl-ES\",\"potentialAction\":[{\"@type\":\"ReadAction\",\"target\":[\"https:\\\/\\\/www.anovapeneira.gal\\\/index.php\\\/2021\\\/03\\\/22\\\/o-colectivo-de-pensionistas-da-cig-exemplo-de-compromiso-social-e-sindical\\\/\"]}]},{\"@type\":\"ImageObject\",\"inLanguage\":\"gl-ES\",\"@id\":\"https:\\\/\\\/www.anovapeneira.gal\\\/index.php\\\/2021\\\/03\\\/22\\\/o-colectivo-de-pensionistas-da-cig-exemplo-de-compromiso-social-e-sindical\\\/#primaryimage\",\"url\":\"https:\\\/\\\/www.anovapeneira.gal\\\/wp-content\\\/uploads\\\/2021\\\/03\\\/en_defensa_dos_servizos_publicos_cig.jpg\",\"contentUrl\":\"https:\\\/\\\/www.anovapeneira.gal\\\/wp-content\\\/uploads\\\/2021\\\/03\\\/en_defensa_dos_servizos_publicos_cig.jpg\",\"width\":720,\"height\":432,\"caption\":\"En defensa de los servizos p\u00fablicos CIG\"},{\"@type\":\"BreadcrumbList\",\"@id\":\"https:\\\/\\\/www.anovapeneira.gal\\\/index.php\\\/2021\\\/03\\\/22\\\/o-colectivo-de-pensionistas-da-cig-exemplo-de-compromiso-social-e-sindical\\\/#breadcrumb\",\"itemListElement\":[{\"@type\":\"ListItem\",\"position\":1,\"name\":\"Portada\",\"item\":\"https:\\\/\\\/www.anovapeneira.gal\\\/\"},{\"@type\":\"ListItem\",\"position\":2,\"name\":\"O colectivo de pensionistas da CIG exemplo de compromiso social e sindical\"}]},{\"@type\":\"WebSite\",\"@id\":\"https:\\\/\\\/www.anovapeneira.gal\\\/#website\",\"url\":\"https:\\\/\\\/www.anovapeneira.gal\\\/\",\"name\":\"\",\"description\":\"Xornal galego de informaci\u00f3n xeral Publicaci\u00f3n mensual de novas de Galicia e en especial dos Concellos da sur da provincia de Pontevedra.\",\"publisher\":{\"@id\":\"https:\\\/\\\/www.anovapeneira.gal\\\/#organization\"},\"potentialAction\":[{\"@type\":\"SearchAction\",\"target\":{\"@type\":\"EntryPoint\",\"urlTemplate\":\"https:\\\/\\\/www.anovapeneira.gal\\\/?s={search_term_string}\"},\"query-input\":{\"@type\":\"PropertyValueSpecification\",\"valueRequired\":true,\"valueName\":\"search_term_string\"}}],\"inLanguage\":\"gl-ES\"},{\"@type\":\"Organization\",\"@id\":\"https:\\\/\\\/www.anovapeneira.gal\\\/#organization\",\"name\":\"A Nova Peneira\",\"url\":\"https:\\\/\\\/www.anovapeneira.gal\\\/\",\"logo\":{\"@type\":\"ImageObject\",\"inLanguage\":\"gl-ES\",\"@id\":\"https:\\\/\\\/www.anovapeneira.gal\\\/#\\\/schema\\\/logo\\\/image\\\/\",\"url\":\"http:\\\/\\\/www.anovapeneira.gal\\\/wp-content\\\/uploads\\\/2019\\\/06\\\/logo_a_nova_peneira_portal_web.png\",\"contentUrl\":\"http:\\\/\\\/www.anovapeneira.gal\\\/wp-content\\\/uploads\\\/2019\\\/06\\\/logo_a_nova_peneira_portal_web.png\",\"width\":300,\"height\":100,\"caption\":\"A Nova Peneira\"},\"image\":{\"@id\":\"https:\\\/\\\/www.anovapeneira.gal\\\/#\\\/schema\\\/logo\\\/image\\\/\"},\"sameAs\":[\"https:\\\/\\\/www.facebook.com\\\/anovapeneira\",\"https:\\\/\\\/x.com\\\/APeneira\"]},{\"@type\":\"Person\",\"@id\":\"https:\\\/\\\/www.anovapeneira.gal\\\/#\\\/schema\\\/person\\\/b93e3f8932e3f8da96334607eb6ac6aa\",\"name\":\"Redacci\u00f3n A Nova Peneira\",\"image\":{\"@type\":\"ImageObject\",\"inLanguage\":\"gl-ES\",\"@id\":\"https:\\\/\\\/secure.gravatar.com\\\/avatar\\\/c052a2551a06e23fac63626232eaa90abd78dbcf1700fc46a2b2c89fd27b735f?s=96&d=mm&r=g\",\"url\":\"https:\\\/\\\/secure.gravatar.com\\\/avatar\\\/c052a2551a06e23fac63626232eaa90abd78dbcf1700fc46a2b2c89fd27b735f?s=96&d=mm&r=g\",\"contentUrl\":\"https:\\\/\\\/secure.gravatar.com\\\/avatar\\\/c052a2551a06e23fac63626232eaa90abd78dbcf1700fc46a2b2c89fd27b735f?s=96&d=mm&r=g\",\"caption\":\"Redacci\u00f3n A Nova Peneira\"},\"sameAs\":[\"http:\\\/\\\/www.anovapeneira.gal\\\/\"],\"url\":\"https:\\\/\\\/www.anovapeneira.gal\\\/index.php\\\/author\\\/redactor\\\/\"}]}<\/script>\n<!-- \/ Yoast SEO plugin. -->","yoast_head_json":{"title":"O colectivo de pensionistas da CIG exemplo de compromiso social e sindical -","description":"A central sindical nacionalista leva anos denunciando o deterioro sistem\u00e1tico ao que goberno do PP somete ao que debera ser un dos pilares de calquera sociedade civilizada e decente : a existencia dun sistema p\u00fablico galego de servizos de atenci\u00f3n \u00e1s persoas","robots":{"index":"index","follow":"follow","max-snippet":"max-snippet:-1","max-image-preview":"max-image-preview:large","max-video-preview":"max-video-preview:-1"},"canonical":"https:\/\/www.anovapeneira.gal\/index.php\/2021\/03\/22\/o-colectivo-de-pensionistas-da-cig-exemplo-de-compromiso-social-e-sindical\/","og_locale":"gl_ES","og_type":"article","og_title":"O colectivo de pensionistas da CIG exemplo de compromiso social e sindical -","og_description":"A central sindical nacionalista leva anos denunciando o deterioro sistem\u00e1tico ao que goberno do PP somete ao que debera ser un dos pilares de calquera sociedade civilizada e decente : a existencia dun sistema p\u00fablico galego de servizos de atenci\u00f3n \u00e1s persoas","og_url":"https:\/\/www.anovapeneira.gal\/index.php\/2021\/03\/22\/o-colectivo-de-pensionistas-da-cig-exemplo-de-compromiso-social-e-sindical\/","article_publisher":"https:\/\/www.facebook.com\/anovapeneira","article_published_time":"2021-03-22T11:00:54+00:00","og_image":[{"width":720,"height":432,"url":"https:\/\/www.anovapeneira.gal\/wp-content\/uploads\/2021\/03\/en_defensa_dos_servizos_publicos_cig.jpg","type":"image\/jpeg"}],"author":"Redacci\u00f3n A Nova Peneira","twitter_card":"summary_large_image","twitter_creator":"@APeneira","twitter_site":"@APeneira","twitter_misc":{"Escrito por":"Redacci\u00f3n A Nova Peneira","Tempo de lectura":"2 minutos"},"schema":{"@context":"https:\/\/schema.org","@graph":[{"@type":"Article","@id":"https:\/\/www.anovapeneira.gal\/index.php\/2021\/03\/22\/o-colectivo-de-pensionistas-da-cig-exemplo-de-compromiso-social-e-sindical\/#article","isPartOf":{"@id":"https:\/\/www.anovapeneira.gal\/index.php\/2021\/03\/22\/o-colectivo-de-pensionistas-da-cig-exemplo-de-compromiso-social-e-sindical\/"},"author":{"name":"Redacci\u00f3n A Nova Peneira","@id":"https:\/\/www.anovapeneira.gal\/#\/schema\/person\/b93e3f8932e3f8da96334607eb6ac6aa"},"headline":"O colectivo de pensionistas da CIG exemplo de compromiso social e sindical","datePublished":"2021-03-22T11:00:54+00:00","mainEntityOfPage":{"@id":"https:\/\/www.anovapeneira.gal\/index.php\/2021\/03\/22\/o-colectivo-de-pensionistas-da-cig-exemplo-de-compromiso-social-e-sindical\/"},"wordCount":267,"commentCount":0,"publisher":{"@id":"https:\/\/www.anovapeneira.gal\/#organization"},"image":{"@id":"https:\/\/www.anovapeneira.gal\/index.php\/2021\/03\/22\/o-colectivo-de-pensionistas-da-cig-exemplo-de-compromiso-social-e-sindical\/#primaryimage"},"thumbnailUrl":"https:\/\/www.anovapeneira.gal\/wp-content\/uploads\/2021\/03\/en_defensa_dos_servizos_publicos_cig.jpg","keywords":["Concello de Vigo"],"articleSection":["Vigo"],"inLanguage":"gl-ES","potentialAction":[{"@type":"CommentAction","name":"Comment","target":["https:\/\/www.anovapeneira.gal\/index.php\/2021\/03\/22\/o-colectivo-de-pensionistas-da-cig-exemplo-de-compromiso-social-e-sindical\/#respond"]}]},{"@type":"WebPage","@id":"https:\/\/www.anovapeneira.gal\/index.php\/2021\/03\/22\/o-colectivo-de-pensionistas-da-cig-exemplo-de-compromiso-social-e-sindical\/","url":"https:\/\/www.anovapeneira.gal\/index.php\/2021\/03\/22\/o-colectivo-de-pensionistas-da-cig-exemplo-de-compromiso-social-e-sindical\/","name":"O colectivo de pensionistas da CIG exemplo de compromiso social e sindical -","isPartOf":{"@id":"https:\/\/www.anovapeneira.gal\/#website"},"primaryImageOfPage":{"@id":"https:\/\/www.anovapeneira.gal\/index.php\/2021\/03\/22\/o-colectivo-de-pensionistas-da-cig-exemplo-de-compromiso-social-e-sindical\/#primaryimage"},"image":{"@id":"https:\/\/www.anovapeneira.gal\/index.php\/2021\/03\/22\/o-colectivo-de-pensionistas-da-cig-exemplo-de-compromiso-social-e-sindical\/#primaryimage"},"thumbnailUrl":"https:\/\/www.anovapeneira.gal\/wp-content\/uploads\/2021\/03\/en_defensa_dos_servizos_publicos_cig.jpg","datePublished":"2021-03-22T11:00:54+00:00","description":"A central sindical nacionalista leva anos denunciando o deterioro sistem\u00e1tico ao que goberno do PP somete ao que debera ser un dos pilares de calquera sociedade civilizada e decente : a existencia dun sistema p\u00fablico galego de servizos de atenci\u00f3n \u00e1s persoas","breadcrumb":{"@id":"https:\/\/www.anovapeneira.gal\/index.php\/2021\/03\/22\/o-colectivo-de-pensionistas-da-cig-exemplo-de-compromiso-social-e-sindical\/#breadcrumb"},"inLanguage":"gl-ES","potentialAction":[{"@type":"ReadAction","target":["https:\/\/www.anovapeneira.gal\/index.php\/2021\/03\/22\/o-colectivo-de-pensionistas-da-cig-exemplo-de-compromiso-social-e-sindical\/"]}]},{"@type":"ImageObject","inLanguage":"gl-ES","@id":"https:\/\/www.anovapeneira.gal\/index.php\/2021\/03\/22\/o-colectivo-de-pensionistas-da-cig-exemplo-de-compromiso-social-e-sindical\/#primaryimage","url":"https:\/\/www.anovapeneira.gal\/wp-content\/uploads\/2021\/03\/en_defensa_dos_servizos_publicos_cig.jpg","contentUrl":"https:\/\/www.anovapeneira.gal\/wp-content\/uploads\/2021\/03\/en_defensa_dos_servizos_publicos_cig.jpg","width":720,"height":432,"caption":"En defensa de los servizos p\u00fablicos CIG"},{"@type":"BreadcrumbList","@id":"https:\/\/www.anovapeneira.gal\/index.php\/2021\/03\/22\/o-colectivo-de-pensionistas-da-cig-exemplo-de-compromiso-social-e-sindical\/#breadcrumb","itemListElement":[{"@type":"ListItem","position":1,"name":"Portada","item":"https:\/\/www.anovapeneira.gal\/"},{"@type":"ListItem","position":2,"name":"O colectivo de pensionistas da CIG exemplo de compromiso social e sindical"}]},{"@type":"WebSite","@id":"https:\/\/www.anovapeneira.gal\/#website","url":"https:\/\/www.anovapeneira.gal\/","name":"","description":"Xornal galego de informaci\u00f3n xeral Publicaci\u00f3n mensual de novas de Galicia e en especial dos Concellos da sur da provincia de Pontevedra.","publisher":{"@id":"https:\/\/www.anovapeneira.gal\/#organization"},"potentialAction":[{"@type":"SearchAction","target":{"@type":"EntryPoint","urlTemplate":"https:\/\/www.anovapeneira.gal\/?s={search_term_string}"},"query-input":{"@type":"PropertyValueSpecification","valueRequired":true,"valueName":"search_term_string"}}],"inLanguage":"gl-ES"},{"@type":"Organization","@id":"https:\/\/www.anovapeneira.gal\/#organization","name":"A Nova Peneira","url":"https:\/\/www.anovapeneira.gal\/","logo":{"@type":"ImageObject","inLanguage":"gl-ES","@id":"https:\/\/www.anovapeneira.gal\/#\/schema\/logo\/image\/","url":"http:\/\/www.anovapeneira.gal\/wp-content\/uploads\/2019\/06\/logo_a_nova_peneira_portal_web.png","contentUrl":"http:\/\/www.anovapeneira.gal\/wp-content\/uploads\/2019\/06\/logo_a_nova_peneira_portal_web.png","width":300,"height":100,"caption":"A Nova Peneira"},"image":{"@id":"https:\/\/www.anovapeneira.gal\/#\/schema\/logo\/image\/"},"sameAs":["https:\/\/www.facebook.com\/anovapeneira","https:\/\/x.com\/APeneira"]},{"@type":"Person","@id":"https:\/\/www.anovapeneira.gal\/#\/schema\/person\/b93e3f8932e3f8da96334607eb6ac6aa","name":"Redacci\u00f3n A Nova Peneira","image":{"@type":"ImageObject","inLanguage":"gl-ES","@id":"https:\/\/secure.gravatar.com\/avatar\/c052a2551a06e23fac63626232eaa90abd78dbcf1700fc46a2b2c89fd27b735f?s=96&d=mm&r=g","url":"https:\/\/secure.gravatar.com\/avatar\/c052a2551a06e23fac63626232eaa90abd78dbcf1700fc46a2b2c89fd27b735f?s=96&d=mm&r=g","contentUrl":"https:\/\/secure.gravatar.com\/avatar\/c052a2551a06e23fac63626232eaa90abd78dbcf1700fc46a2b2c89fd27b735f?s=96&d=mm&r=g","caption":"Redacci\u00f3n A Nova Peneira"},"sameAs":["http:\/\/www.anovapeneira.gal\/"],"url":"https:\/\/www.anovapeneira.gal\/index.php\/author\/redactor\/"}]}},"jetpack_featured_media_url":"https:\/\/www.anovapeneira.gal\/wp-content\/uploads\/2021\/03\/en_defensa_dos_servizos_publicos_cig.jpg","_links":{"self":[{"href":"https:\/\/www.anovapeneira.gal\/index.php\/wp-json\/wp\/v2\/posts\/5082","targetHints":{"allow":["GET"]}}],"collection":[{"href":"https:\/\/www.anovapeneira.gal\/index.php\/wp-json\/wp\/v2\/posts"}],"about":[{"href":"https:\/\/www.anovapeneira.gal\/index.php\/wp-json\/wp\/v2\/types\/post"}],"author":[{"embeddable":true,"href":"https:\/\/www.anovapeneira.gal\/index.php\/wp-json\/wp\/v2\/users\/3"}],"replies":[{"embeddable":true,"href":"https:\/\/www.anovapeneira.gal\/index.php\/wp-json\/wp\/v2\/comments?post=5082"}],"version-history":[{"count":2,"href":"https:\/\/www.anovapeneira.gal\/index.php\/wp-json\/wp\/v2\/posts\/5082\/revisions"}],"predecessor-version":[{"id":5085,"href":"https:\/\/www.anovapeneira.gal\/index.php\/wp-json\/wp\/v2\/posts\/5082\/revisions\/5085"}],"wp:featuredmedia":[{"embeddable":true,"href":"https:\/\/www.anovapeneira.gal\/index.php\/wp-json\/wp\/v2\/media\/5084"}],"wp:attachment":[{"href":"https:\/\/www.anovapeneira.gal\/index.php\/wp-json\/wp\/v2\/media?parent=5082"}],"wp:term":[{"taxonomy":"category","embeddable":true,"href":"https:\/\/www.anovapeneira.gal\/index.php\/wp-json\/wp\/v2\/categories?post=5082"},{"taxonomy":"post_tag","embeddable":true,"href":"https:\/\/www.anovapeneira.gal\/index.php\/wp-json\/wp\/v2\/tags?post=5082"}],"curies":[{"name":"wp","href":"https:\/\/api.w.org\/{rel}","templated":true}]}}