{"id":5090,"date":"2021-03-23T12:00:11","date_gmt":"2021-03-23T11:00:11","guid":{"rendered":"http:\/\/www.anovapeneira.gal\/?p=5090"},"modified":"2021-03-21T08:05:13","modified_gmt":"2021-03-21T07:05:13","slug":"que-lle-pasa-ao-depor","status":"publish","type":"post","link":"https:\/\/www.anovapeneira.gal\/index.php\/2021\/03\/23\/que-lle-pasa-ao-depor\/","title":{"rendered":"\u201cQue lle pasa ao Depor ?\u201d"},"content":{"rendered":"\n<p>O Deportivo da Coru\u00f1a \u00e9 un equipo de primeira divisi\u00f3n. A\u00ednda que circunstancialmente estea na 2\u00ba divisi\u00f3n B, a terceira categor\u00eda do f\u00fatbol espa\u00f1ol, o Depor \u00e9 o equipo m\u00e1is importante da historia de Galicia. Foi fundado o 8 de decembro de 1906. \u00c9 o Club Decano de Galicia, e \u00e9 un dos 9 Equipos de Espa\u00f1a cun T\u00edtulo de Liga e o \u00fanico en Galicia con t\u00edtulos oficiais nas s\u00faas Vitrinas: 1 Liga de Espa\u00f1a, 2 Copas do Rei e 3 Supercopas.<\/p>\n\n\n\n<p>Podemos dicir que o seu lema \u00e9:<\/p>\n\n\n\n<p><em>Unha cidade. Unha camiseta. Un escudo. Unha bandeira. Unha historia. Unha imaxe. Unha identidade. Unha paix\u00f3n. O RC Deportivo \u00e9 moito m\u00e1is que un equipo de f\u00fatbol. \u00c9 unha entidade que representa \u00e1 Coru\u00f1a e a Galicia al\u00e1 onde vai, desde 1906. O orgullo dun pobo. Un Club cuxo prestixio traspasa fronteiras.<\/em><\/p>\n\n\n\n<p>Ser\u00eda moi dif\u00edcil de explicar nunhas breves li\u00f1as as raz\u00f3ns que levaron a un equipo, que hai pouco pelexaba de igual a igual contra os grandes de Europa, a vexetar na 3\u00ba categor\u00eda do f\u00fatbol espa\u00f1ol. Se cadra, e esta xa \u00e9 unha opini\u00f3n persoal, o f\u00fatbol sexa unha metonimia do sistema capitalista de oligarqu\u00edas econ\u00f3micas que impiden a ningu\u00e9n alleo a elas entrar no seu mundo. O Depor durante un tempo conseguino, pero tivo que pagar un prezo moi alto por elo, pois non lle quedou m\u00e1is remedio que sobre dimensionarse economicamente para poder competir. Un equipo dunha cidade pequena como A Coru\u00f1a non se poder\u00eda permitir fichar a Bebeto, Mauro Silva, Diego Trist\u00e1n e outras moitas estrelas do firmamento futbol\u00edstico , como ficharon, a non ser que emprendan arriscad\u00edsimas manobras de enxe\u00f1er\u00eda econ\u00f3mica. E arriscarse a vivir por encima das posibilidades econ\u00f3micas propias, case con certeza supor\u00e1 consecuencias desastrosas no futuro. E o futuro xa est\u00e1 aqu\u00ed. O capitalismo \u00e9 cruel e cobra as s\u00faas d\u00e9bedas sempre. A historia do Depor deu un xiro de 180 grados. Todo comezou a truncarse na temporada 2017\/2018, o Depor baixou \u00e1 segunda divisi\u00f3n rematando no posto 18 con 29 puntos a tan s\u00f3 a dous da salvaci\u00f3n.<\/p>\n\n\n\n<p><em>Na temporada 2018\/2019 a piques estivo o equipo de ascender \u00e1 m\u00e1xima categor\u00eda do f\u00fatbol espa\u00f1ol despois dunha gran primeira volta na que remataron no 4\u00ba posto. Por\u00e9n na segunda metade da liga as cousas xa non foron tan ben, chegaron a xogar os playoff de ascenso pero non conseguiron o ansiado premio da primeira divisi\u00f3n.<\/em><\/p>\n\n\n\n<p><em>Despois deste ano en segunda no que chegaron a rozar as meles do ascenso , comezan a temporada 2019\/2020 dunha maneira nefasta, eu dir\u00eda que unha das peores da s\u00faa historia. O equipo iniciou a liga cunha vitoria na xornada 1 fronte ao Real Oviedo en Riazor por 3-2 con Anquela aos mandos. Ap\u00f3s esa vitoria inicial o Depor encadeou a peor serie de resultados da s\u00faa historia con 19 partidos seguidos sen co\u00f1ecer a vitoria ata que venceu na xornada 21 ao Tenerife en Riazor por 2-1 con gol no \u00faltimo minuto de Peru Nolaskoain xa co galego Lu\u00eds C\u00e9sar aos mandos do equipo. Este nefasto refacho custoulle o posto aos dous adestradores, ao director deportivo e ao presidente da directiva. Tras todas estas dimisi\u00f3ns e destituci\u00f3ns f\u00edxose cargo da direcci\u00f3n deportiva do club un grande adestrador do noso f\u00fatbol, Fernando V\u00e1zquez, , e Fernando Vidal asumiu a presidencia. Semellaba que os cambios necesarios supor\u00edan que se conseguir\u00eda a ansiada permanencia na 2\u00ba categor\u00eda do f\u00fatbol profesional, pois o equipo encadeou unha moi boa xeira de 7 vitorias consecutivas, que daba vida a un equipo totalmente desafiuzado, por facer unha primeira volta de tan s\u00f3 15 puntos. Durante a segunda volta consegu\u00edronse 36 puntos sendo o equipo que m\u00e1is puntos logrou na segunda metade do campionato. Por desgraza foron insuficientes para lograr a salvaci\u00f3n por m\u00e9ritos deportivos ao quedar empatados coa Ponferradina a 51 puntos, pero a peor diferencia de goles particular co equipo leon\u00e9s condenou ao Depor \u00e1s catacumbas do descenso. Con esta puntuaci\u00f3n, a entidade herculina consegu\u00eda o triste r\u00e9cord do descenso a Segunda B con maior puntuaci\u00f3n da historia<\/em>. Todo isto aderezado cun par\u00f3n de f\u00fatbol profesional duns meses provocado pola pandemia mundial do covid19 e un accidentado \u00faltimo partido co Fuenlabrada despois de ter que anular o mesmo por cinco positivos dos seus xogadores e a pol\u00e9mica polos diferentes criterios entre equipo e a LFP, diverxencia a\u00ednda pendente dunha decisi\u00f3n da xustiza ordinaria.&nbsp;<\/p>\n\n\n\n<p>Na presente temporada 2020\/2021 non lle est\u00e1n indo mellor as cousas ao equipo xa que o que, por historia , dimensi\u00f3n e orzamento, pod\u00eda presumirse que o paso do Depor por 2\u00ba B ser\u00eda unha especie de paseo militar, est\u00e1 resultando terriblemente dif\u00edcil. E a d\u00eda de hoxe a\u00ednda non ten asegurado quedar entre os tres primeiros na fase regular, de feito teno dif\u00edcil, e polo tanto poder disputar as eliminatorias de ascenso \u00e1 2\u00ba divisi\u00f3n. Este mes de marzo esta a ser un tanto ca\u00f3tico eu dir\u00eda que de infarto, o equipo pasou de estar no 6\u00ba posto con 23 puntostras a derrota en Ferrol e practicamente ter truncado o cami\u00f1o do Depor para poder manter o obxectivo de loitar ata o final polo ascenso a estar no 4\u00ba posto con 26 puntos e a 4 do primeiro do grupo, o Zamora e a tan s\u00f3 1 do terceiro posto que actualmente ocupa o equipo filial do Celta e que d\u00e1 dereito a xogar a ansiada fase de ascenso.<\/p>\n\n\n\n<p>Todo vai depender da \u00faltima e emocionante xornada da fase regular. Desde esta redacci\u00f3n estaremos atentos a este Depor. Esperamos que lle sa\u00edan ben as cousas, poidan promocionar para o ascenso. E nun par de anos queremos telo de novo en primeira Divisi\u00f3n para volver ver xogar ese gran e esperado derbi&nbsp;<em><strong>\u201cCelta de Vigo versus Deportivo da Coru\u00f1a\u201d<\/strong><\/em>que tanto botamos en falta as afeccionadas ao bo f\u00fatbol.&nbsp;<\/p>\n\n\n\n<p><strong>Esta reportaxe est\u00e1 dedicada, con moito cari\u00f1o, ao noso prezado amigo Mario L\u00f3pez Rico.<\/strong><\/p>\n","protected":false},"excerpt":{"rendered":"<div class=\"mh-excerpt\"><p>O Deportivo da Coru\u00f1a \u00e9 un equipo de primeira divisi\u00f3n. A\u00ednda que circunstancialmente estea na 2\u00ba divisi\u00f3n B, a terceira categor\u00eda do f\u00fatbol espa\u00f1ol, o Depor \u00e9 o equipo m\u00e1is importante da historia de Galicia <a class=\"mh-excerpt-more\" href=\"https:\/\/www.anovapeneira.gal\/index.php\/2021\/03\/23\/que-lle-pasa-ao-depor\/\" title=\"\u201cQue lle pasa ao Depor ?\u201d\">[&#8230;]<\/a><\/p>\n<\/div>","protected":false},"author":17,"featured_media":5091,"comment_status":"open","ping_status":"open","sticky":false,"template":"","format":"standard","meta":{"_exactmetrics_skip_tracking":false,"_exactmetrics_sitenote_active":false,"_exactmetrics_sitenote_note":"","_exactmetrics_sitenote_category":0,"footnotes":""},"categories":[589],"tags":[368],"class_list":{"0":"post-5090","1":"post","2":"type-post","3":"status-publish","4":"format-standard","5":"has-post-thumbnail","7":"category-reportaxe_galicia","8":"tag-futbol"},"yoast_head":"<!-- This site is optimized with the Yoast SEO plugin v27.4 - https:\/\/yoast.com\/product\/yoast-seo-wordpress\/ -->\n<title>\u201cQue lle pasa ao Depor ?\u201d -<\/title>\n<meta name=\"description\" content=\"O Deportivo da Coru\u00f1a \u00e9 un equipo de primeira divisi\u00f3n. A\u00ednda que circunstancialmente estea na 2\u00ba divisi\u00f3n B, a terceira categor\u00eda do f\u00fatbol espa\u00f1ol, o Depor \u00e9 o equipo m\u00e1is importante da historia de Galicia\" \/>\n<meta name=\"robots\" content=\"index, follow, max-snippet:-1, max-image-preview:large, max-video-preview:-1\" \/>\n<link rel=\"canonical\" href=\"https:\/\/www.anovapeneira.gal\/index.php\/2021\/03\/23\/que-lle-pasa-ao-depor\/\" \/>\n<meta property=\"og:locale\" content=\"gl_ES\" \/>\n<meta property=\"og:type\" content=\"article\" \/>\n<meta property=\"og:title\" content=\"\u201cQue lle pasa ao Depor ?\u201d -\" \/>\n<meta property=\"og:description\" content=\"O Deportivo da Coru\u00f1a \u00e9 un equipo de primeira divisi\u00f3n. A\u00ednda que circunstancialmente estea na 2\u00ba divisi\u00f3n B, a terceira categor\u00eda do f\u00fatbol espa\u00f1ol, o Depor \u00e9 o equipo m\u00e1is importante da historia de Galicia\" \/>\n<meta property=\"og:url\" content=\"https:\/\/www.anovapeneira.gal\/index.php\/2021\/03\/23\/que-lle-pasa-ao-depor\/\" \/>\n<meta property=\"article:publisher\" content=\"https:\/\/www.facebook.com\/anovapeneira\" \/>\n<meta property=\"article:published_time\" content=\"2021-03-23T11:00:11+00:00\" \/>\n<meta property=\"og:image\" content=\"https:\/\/www.anovapeneira.gal\/wp-content\/uploads\/2021\/03\/depor_futbol.jpg\" \/>\n\t<meta property=\"og:image:width\" content=\"720\" \/>\n\t<meta property=\"og:image:height\" content=\"432\" \/>\n\t<meta property=\"og:image:type\" content=\"image\/jpeg\" \/>\n<meta name=\"author\" content=\"G. Figueiredo\" \/>\n<meta name=\"twitter:card\" content=\"summary_large_image\" \/>\n<meta name=\"twitter:creator\" content=\"@APeneira\" \/>\n<meta name=\"twitter:site\" content=\"@APeneira\" \/>\n<meta name=\"twitter:label1\" content=\"Escrito por\" \/>\n\t<meta name=\"twitter:data1\" content=\"G. Figueiredo\" \/>\n\t<meta name=\"twitter:label2\" content=\"Tempo de lectura\" \/>\n\t<meta name=\"twitter:data2\" content=\"5 minutos\" \/>\n<script type=\"application\/ld+json\" class=\"yoast-schema-graph\">{\"@context\":\"https:\\\/\\\/schema.org\",\"@graph\":[{\"@type\":\"Article\",\"@id\":\"https:\\\/\\\/www.anovapeneira.gal\\\/index.php\\\/2021\\\/03\\\/23\\\/que-lle-pasa-ao-depor\\\/#article\",\"isPartOf\":{\"@id\":\"https:\\\/\\\/www.anovapeneira.gal\\\/index.php\\\/2021\\\/03\\\/23\\\/que-lle-pasa-ao-depor\\\/\"},\"author\":{\"name\":\"G. Figueiredo\",\"@id\":\"https:\\\/\\\/www.anovapeneira.gal\\\/#\\\/schema\\\/person\\\/42f904d7cac80cf3f5a31494dd82a9b6\"},\"headline\":\"\u201cQue lle pasa ao Depor ?\u201d\",\"datePublished\":\"2021-03-23T11:00:11+00:00\",\"mainEntityOfPage\":{\"@id\":\"https:\\\/\\\/www.anovapeneira.gal\\\/index.php\\\/2021\\\/03\\\/23\\\/que-lle-pasa-ao-depor\\\/\"},\"wordCount\":1042,\"commentCount\":0,\"publisher\":{\"@id\":\"https:\\\/\\\/www.anovapeneira.gal\\\/#organization\"},\"image\":{\"@id\":\"https:\\\/\\\/www.anovapeneira.gal\\\/index.php\\\/2021\\\/03\\\/23\\\/que-lle-pasa-ao-depor\\\/#primaryimage\"},\"thumbnailUrl\":\"https:\\\/\\\/www.anovapeneira.gal\\\/wp-content\\\/uploads\\\/2021\\\/03\\\/depor_futbol.jpg\",\"keywords\":[\"F\u00fatbol\"],\"articleSection\":[\"Reportaxes\"],\"inLanguage\":\"gl-ES\",\"potentialAction\":[{\"@type\":\"CommentAction\",\"name\":\"Comment\",\"target\":[\"https:\\\/\\\/www.anovapeneira.gal\\\/index.php\\\/2021\\\/03\\\/23\\\/que-lle-pasa-ao-depor\\\/#respond\"]}]},{\"@type\":\"WebPage\",\"@id\":\"https:\\\/\\\/www.anovapeneira.gal\\\/index.php\\\/2021\\\/03\\\/23\\\/que-lle-pasa-ao-depor\\\/\",\"url\":\"https:\\\/\\\/www.anovapeneira.gal\\\/index.php\\\/2021\\\/03\\\/23\\\/que-lle-pasa-ao-depor\\\/\",\"name\":\"\u201cQue lle pasa ao Depor ?\u201d -\",\"isPartOf\":{\"@id\":\"https:\\\/\\\/www.anovapeneira.gal\\\/#website\"},\"primaryImageOfPage\":{\"@id\":\"https:\\\/\\\/www.anovapeneira.gal\\\/index.php\\\/2021\\\/03\\\/23\\\/que-lle-pasa-ao-depor\\\/#primaryimage\"},\"image\":{\"@id\":\"https:\\\/\\\/www.anovapeneira.gal\\\/index.php\\\/2021\\\/03\\\/23\\\/que-lle-pasa-ao-depor\\\/#primaryimage\"},\"thumbnailUrl\":\"https:\\\/\\\/www.anovapeneira.gal\\\/wp-content\\\/uploads\\\/2021\\\/03\\\/depor_futbol.jpg\",\"datePublished\":\"2021-03-23T11:00:11+00:00\",\"description\":\"O Deportivo da Coru\u00f1a \u00e9 un equipo de primeira divisi\u00f3n. A\u00ednda que circunstancialmente estea na 2\u00ba divisi\u00f3n B, a terceira categor\u00eda do f\u00fatbol espa\u00f1ol, o Depor \u00e9 o equipo m\u00e1is importante da historia de Galicia\",\"breadcrumb\":{\"@id\":\"https:\\\/\\\/www.anovapeneira.gal\\\/index.php\\\/2021\\\/03\\\/23\\\/que-lle-pasa-ao-depor\\\/#breadcrumb\"},\"inLanguage\":\"gl-ES\",\"potentialAction\":[{\"@type\":\"ReadAction\",\"target\":[\"https:\\\/\\\/www.anovapeneira.gal\\\/index.php\\\/2021\\\/03\\\/23\\\/que-lle-pasa-ao-depor\\\/\"]}]},{\"@type\":\"ImageObject\",\"inLanguage\":\"gl-ES\",\"@id\":\"https:\\\/\\\/www.anovapeneira.gal\\\/index.php\\\/2021\\\/03\\\/23\\\/que-lle-pasa-ao-depor\\\/#primaryimage\",\"url\":\"https:\\\/\\\/www.anovapeneira.gal\\\/wp-content\\\/uploads\\\/2021\\\/03\\\/depor_futbol.jpg\",\"contentUrl\":\"https:\\\/\\\/www.anovapeneira.gal\\\/wp-content\\\/uploads\\\/2021\\\/03\\\/depor_futbol.jpg\",\"width\":720,\"height\":432,\"caption\":\"RC Deportivo\"},{\"@type\":\"BreadcrumbList\",\"@id\":\"https:\\\/\\\/www.anovapeneira.gal\\\/index.php\\\/2021\\\/03\\\/23\\\/que-lle-pasa-ao-depor\\\/#breadcrumb\",\"itemListElement\":[{\"@type\":\"ListItem\",\"position\":1,\"name\":\"Portada\",\"item\":\"https:\\\/\\\/www.anovapeneira.gal\\\/\"},{\"@type\":\"ListItem\",\"position\":2,\"name\":\"\u201cQue lle pasa ao Depor ?\u201d\"}]},{\"@type\":\"WebSite\",\"@id\":\"https:\\\/\\\/www.anovapeneira.gal\\\/#website\",\"url\":\"https:\\\/\\\/www.anovapeneira.gal\\\/\",\"name\":\"\",\"description\":\"Xornal galego de informaci\u00f3n xeral Publicaci\u00f3n mensual de novas de Galicia e en especial dos Concellos da sur da provincia de Pontevedra.\",\"publisher\":{\"@id\":\"https:\\\/\\\/www.anovapeneira.gal\\\/#organization\"},\"potentialAction\":[{\"@type\":\"SearchAction\",\"target\":{\"@type\":\"EntryPoint\",\"urlTemplate\":\"https:\\\/\\\/www.anovapeneira.gal\\\/?s={search_term_string}\"},\"query-input\":{\"@type\":\"PropertyValueSpecification\",\"valueRequired\":true,\"valueName\":\"search_term_string\"}}],\"inLanguage\":\"gl-ES\"},{\"@type\":\"Organization\",\"@id\":\"https:\\\/\\\/www.anovapeneira.gal\\\/#organization\",\"name\":\"A Nova Peneira\",\"url\":\"https:\\\/\\\/www.anovapeneira.gal\\\/\",\"logo\":{\"@type\":\"ImageObject\",\"inLanguage\":\"gl-ES\",\"@id\":\"https:\\\/\\\/www.anovapeneira.gal\\\/#\\\/schema\\\/logo\\\/image\\\/\",\"url\":\"http:\\\/\\\/www.anovapeneira.gal\\\/wp-content\\\/uploads\\\/2019\\\/06\\\/logo_a_nova_peneira_portal_web.png\",\"contentUrl\":\"http:\\\/\\\/www.anovapeneira.gal\\\/wp-content\\\/uploads\\\/2019\\\/06\\\/logo_a_nova_peneira_portal_web.png\",\"width\":300,\"height\":100,\"caption\":\"A Nova Peneira\"},\"image\":{\"@id\":\"https:\\\/\\\/www.anovapeneira.gal\\\/#\\\/schema\\\/logo\\\/image\\\/\"},\"sameAs\":[\"https:\\\/\\\/www.facebook.com\\\/anovapeneira\",\"https:\\\/\\\/x.com\\\/APeneira\"]},{\"@type\":\"Person\",\"@id\":\"https:\\\/\\\/www.anovapeneira.gal\\\/#\\\/schema\\\/person\\\/42f904d7cac80cf3f5a31494dd82a9b6\",\"name\":\"G. Figueiredo\",\"image\":{\"@type\":\"ImageObject\",\"inLanguage\":\"gl-ES\",\"@id\":\"https:\\\/\\\/secure.gravatar.com\\\/avatar\\\/2d970086688458e0398ef8b84f5cbb8cc1ec3ab115aeb8435135a9f556af97b3?s=96&d=mm&r=g\",\"url\":\"https:\\\/\\\/secure.gravatar.com\\\/avatar\\\/2d970086688458e0398ef8b84f5cbb8cc1ec3ab115aeb8435135a9f556af97b3?s=96&d=mm&r=g\",\"contentUrl\":\"https:\\\/\\\/secure.gravatar.com\\\/avatar\\\/2d970086688458e0398ef8b84f5cbb8cc1ec3ab115aeb8435135a9f556af97b3?s=96&d=mm&r=g\",\"caption\":\"G. Figueiredo\"},\"sameAs\":[\"http:\\\/\\\/www.anovapeneira.gal\\\/\"],\"url\":\"https:\\\/\\\/www.anovapeneira.gal\\\/index.php\\\/author\\\/g-figueiredo\\\/\"}]}<\/script>\n<!-- \/ Yoast SEO plugin. -->","yoast_head_json":{"title":"\u201cQue lle pasa ao Depor ?\u201d -","description":"O Deportivo da Coru\u00f1a \u00e9 un equipo de primeira divisi\u00f3n. A\u00ednda que circunstancialmente estea na 2\u00ba divisi\u00f3n B, a terceira categor\u00eda do f\u00fatbol espa\u00f1ol, o Depor \u00e9 o equipo m\u00e1is importante da historia de Galicia","robots":{"index":"index","follow":"follow","max-snippet":"max-snippet:-1","max-image-preview":"max-image-preview:large","max-video-preview":"max-video-preview:-1"},"canonical":"https:\/\/www.anovapeneira.gal\/index.php\/2021\/03\/23\/que-lle-pasa-ao-depor\/","og_locale":"gl_ES","og_type":"article","og_title":"\u201cQue lle pasa ao Depor ?\u201d -","og_description":"O Deportivo da Coru\u00f1a \u00e9 un equipo de primeira divisi\u00f3n. A\u00ednda que circunstancialmente estea na 2\u00ba divisi\u00f3n B, a terceira categor\u00eda do f\u00fatbol espa\u00f1ol, o Depor \u00e9 o equipo m\u00e1is importante da historia de Galicia","og_url":"https:\/\/www.anovapeneira.gal\/index.php\/2021\/03\/23\/que-lle-pasa-ao-depor\/","article_publisher":"https:\/\/www.facebook.com\/anovapeneira","article_published_time":"2021-03-23T11:00:11+00:00","og_image":[{"width":720,"height":432,"url":"https:\/\/www.anovapeneira.gal\/wp-content\/uploads\/2021\/03\/depor_futbol.jpg","type":"image\/jpeg"}],"author":"G. Figueiredo","twitter_card":"summary_large_image","twitter_creator":"@APeneira","twitter_site":"@APeneira","twitter_misc":{"Escrito por":"G. Figueiredo","Tempo de lectura":"5 minutos"},"schema":{"@context":"https:\/\/schema.org","@graph":[{"@type":"Article","@id":"https:\/\/www.anovapeneira.gal\/index.php\/2021\/03\/23\/que-lle-pasa-ao-depor\/#article","isPartOf":{"@id":"https:\/\/www.anovapeneira.gal\/index.php\/2021\/03\/23\/que-lle-pasa-ao-depor\/"},"author":{"name":"G. Figueiredo","@id":"https:\/\/www.anovapeneira.gal\/#\/schema\/person\/42f904d7cac80cf3f5a31494dd82a9b6"},"headline":"\u201cQue lle pasa ao Depor ?\u201d","datePublished":"2021-03-23T11:00:11+00:00","mainEntityOfPage":{"@id":"https:\/\/www.anovapeneira.gal\/index.php\/2021\/03\/23\/que-lle-pasa-ao-depor\/"},"wordCount":1042,"commentCount":0,"publisher":{"@id":"https:\/\/www.anovapeneira.gal\/#organization"},"image":{"@id":"https:\/\/www.anovapeneira.gal\/index.php\/2021\/03\/23\/que-lle-pasa-ao-depor\/#primaryimage"},"thumbnailUrl":"https:\/\/www.anovapeneira.gal\/wp-content\/uploads\/2021\/03\/depor_futbol.jpg","keywords":["F\u00fatbol"],"articleSection":["Reportaxes"],"inLanguage":"gl-ES","potentialAction":[{"@type":"CommentAction","name":"Comment","target":["https:\/\/www.anovapeneira.gal\/index.php\/2021\/03\/23\/que-lle-pasa-ao-depor\/#respond"]}]},{"@type":"WebPage","@id":"https:\/\/www.anovapeneira.gal\/index.php\/2021\/03\/23\/que-lle-pasa-ao-depor\/","url":"https:\/\/www.anovapeneira.gal\/index.php\/2021\/03\/23\/que-lle-pasa-ao-depor\/","name":"\u201cQue lle pasa ao Depor ?\u201d -","isPartOf":{"@id":"https:\/\/www.anovapeneira.gal\/#website"},"primaryImageOfPage":{"@id":"https:\/\/www.anovapeneira.gal\/index.php\/2021\/03\/23\/que-lle-pasa-ao-depor\/#primaryimage"},"image":{"@id":"https:\/\/www.anovapeneira.gal\/index.php\/2021\/03\/23\/que-lle-pasa-ao-depor\/#primaryimage"},"thumbnailUrl":"https:\/\/www.anovapeneira.gal\/wp-content\/uploads\/2021\/03\/depor_futbol.jpg","datePublished":"2021-03-23T11:00:11+00:00","description":"O Deportivo da Coru\u00f1a \u00e9 un equipo de primeira divisi\u00f3n. A\u00ednda que circunstancialmente estea na 2\u00ba divisi\u00f3n B, a terceira categor\u00eda do f\u00fatbol espa\u00f1ol, o Depor \u00e9 o equipo m\u00e1is importante da historia de Galicia","breadcrumb":{"@id":"https:\/\/www.anovapeneira.gal\/index.php\/2021\/03\/23\/que-lle-pasa-ao-depor\/#breadcrumb"},"inLanguage":"gl-ES","potentialAction":[{"@type":"ReadAction","target":["https:\/\/www.anovapeneira.gal\/index.php\/2021\/03\/23\/que-lle-pasa-ao-depor\/"]}]},{"@type":"ImageObject","inLanguage":"gl-ES","@id":"https:\/\/www.anovapeneira.gal\/index.php\/2021\/03\/23\/que-lle-pasa-ao-depor\/#primaryimage","url":"https:\/\/www.anovapeneira.gal\/wp-content\/uploads\/2021\/03\/depor_futbol.jpg","contentUrl":"https:\/\/www.anovapeneira.gal\/wp-content\/uploads\/2021\/03\/depor_futbol.jpg","width":720,"height":432,"caption":"RC Deportivo"},{"@type":"BreadcrumbList","@id":"https:\/\/www.anovapeneira.gal\/index.php\/2021\/03\/23\/que-lle-pasa-ao-depor\/#breadcrumb","itemListElement":[{"@type":"ListItem","position":1,"name":"Portada","item":"https:\/\/www.anovapeneira.gal\/"},{"@type":"ListItem","position":2,"name":"\u201cQue lle pasa ao Depor ?\u201d"}]},{"@type":"WebSite","@id":"https:\/\/www.anovapeneira.gal\/#website","url":"https:\/\/www.anovapeneira.gal\/","name":"","description":"Xornal galego de informaci\u00f3n xeral Publicaci\u00f3n mensual de novas de Galicia e en especial dos Concellos da sur da provincia de Pontevedra.","publisher":{"@id":"https:\/\/www.anovapeneira.gal\/#organization"},"potentialAction":[{"@type":"SearchAction","target":{"@type":"EntryPoint","urlTemplate":"https:\/\/www.anovapeneira.gal\/?s={search_term_string}"},"query-input":{"@type":"PropertyValueSpecification","valueRequired":true,"valueName":"search_term_string"}}],"inLanguage":"gl-ES"},{"@type":"Organization","@id":"https:\/\/www.anovapeneira.gal\/#organization","name":"A Nova Peneira","url":"https:\/\/www.anovapeneira.gal\/","logo":{"@type":"ImageObject","inLanguage":"gl-ES","@id":"https:\/\/www.anovapeneira.gal\/#\/schema\/logo\/image\/","url":"http:\/\/www.anovapeneira.gal\/wp-content\/uploads\/2019\/06\/logo_a_nova_peneira_portal_web.png","contentUrl":"http:\/\/www.anovapeneira.gal\/wp-content\/uploads\/2019\/06\/logo_a_nova_peneira_portal_web.png","width":300,"height":100,"caption":"A Nova Peneira"},"image":{"@id":"https:\/\/www.anovapeneira.gal\/#\/schema\/logo\/image\/"},"sameAs":["https:\/\/www.facebook.com\/anovapeneira","https:\/\/x.com\/APeneira"]},{"@type":"Person","@id":"https:\/\/www.anovapeneira.gal\/#\/schema\/person\/42f904d7cac80cf3f5a31494dd82a9b6","name":"G. Figueiredo","image":{"@type":"ImageObject","inLanguage":"gl-ES","@id":"https:\/\/secure.gravatar.com\/avatar\/2d970086688458e0398ef8b84f5cbb8cc1ec3ab115aeb8435135a9f556af97b3?s=96&d=mm&r=g","url":"https:\/\/secure.gravatar.com\/avatar\/2d970086688458e0398ef8b84f5cbb8cc1ec3ab115aeb8435135a9f556af97b3?s=96&d=mm&r=g","contentUrl":"https:\/\/secure.gravatar.com\/avatar\/2d970086688458e0398ef8b84f5cbb8cc1ec3ab115aeb8435135a9f556af97b3?s=96&d=mm&r=g","caption":"G. Figueiredo"},"sameAs":["http:\/\/www.anovapeneira.gal\/"],"url":"https:\/\/www.anovapeneira.gal\/index.php\/author\/g-figueiredo\/"}]}},"jetpack_featured_media_url":"https:\/\/www.anovapeneira.gal\/wp-content\/uploads\/2021\/03\/depor_futbol.jpg","_links":{"self":[{"href":"https:\/\/www.anovapeneira.gal\/index.php\/wp-json\/wp\/v2\/posts\/5090","targetHints":{"allow":["GET"]}}],"collection":[{"href":"https:\/\/www.anovapeneira.gal\/index.php\/wp-json\/wp\/v2\/posts"}],"about":[{"href":"https:\/\/www.anovapeneira.gal\/index.php\/wp-json\/wp\/v2\/types\/post"}],"author":[{"embeddable":true,"href":"https:\/\/www.anovapeneira.gal\/index.php\/wp-json\/wp\/v2\/users\/17"}],"replies":[{"embeddable":true,"href":"https:\/\/www.anovapeneira.gal\/index.php\/wp-json\/wp\/v2\/comments?post=5090"}],"version-history":[{"count":1,"href":"https:\/\/www.anovapeneira.gal\/index.php\/wp-json\/wp\/v2\/posts\/5090\/revisions"}],"predecessor-version":[{"id":5092,"href":"https:\/\/www.anovapeneira.gal\/index.php\/wp-json\/wp\/v2\/posts\/5090\/revisions\/5092"}],"wp:featuredmedia":[{"embeddable":true,"href":"https:\/\/www.anovapeneira.gal\/index.php\/wp-json\/wp\/v2\/media\/5091"}],"wp:attachment":[{"href":"https:\/\/www.anovapeneira.gal\/index.php\/wp-json\/wp\/v2\/media?parent=5090"}],"wp:term":[{"taxonomy":"category","embeddable":true,"href":"https:\/\/www.anovapeneira.gal\/index.php\/wp-json\/wp\/v2\/categories?post=5090"},{"taxonomy":"post_tag","embeddable":true,"href":"https:\/\/www.anovapeneira.gal\/index.php\/wp-json\/wp\/v2\/tags?post=5090"}],"curies":[{"name":"wp","href":"https:\/\/api.w.org\/{rel}","templated":true}]}}