{"id":5093,"date":"2021-03-24T10:00:35","date_gmt":"2021-03-24T09:00:35","guid":{"rendered":"http:\/\/www.anovapeneira.gal\/?p=5093"},"modified":"2021-03-26T18:59:38","modified_gmt":"2021-03-26T17:59:38","slug":"entrevistamos-as-efemeras-o-grupo-de-moda-de-redondela-e-comarca","status":"publish","type":"post","link":"https:\/\/www.anovapeneira.gal\/index.php\/2021\/03\/24\/entrevistamos-as-efemeras-o-grupo-de-moda-de-redondela-e-comarca\/","title":{"rendered":"Entrevistamos \u00e1s Ef\u00e9meras, o grupo de moda de Redondela e comarca"},"content":{"rendered":"\n<p>Fon Conde (compositor, pandeiro e voz), Olga Nogueira (compositora, acordeonista e voz), Berto Covelo (compositor, bombo e voz), Claudia S\u00e1nchez (saxo, pandeireta e voz) Paqui Crespo (pandeireta e voz) e Irene Campelos (cunchas e voz) forman&nbsp;\u201cAS EF\u00c9MERAS\u201d, un grupo que ten a raiz no movemento asociacionista redondel\u00e1n, un grupo coa forza da poes\u00eda e a m\u00fasica, que hai un ano nos presentaban aqu\u00ed o seu primeiro tema&nbsp;\u201cNAMORARE\u201d, e como A Peneira ten olfato para a cultura galega, hoxe volven para presentarnos xa o seu primeiro disco. Fan, segundo elas, Punk-Rock furancheiro, mesturando a m\u00fasica actual coa tradicional galega. Persoalmente penso que vai ser un dos discos do ano no panorama musical galego.<\/p>\n\n\n\n<p><strong>Brevemente cales son os inicios do grupo?<\/strong><\/p>\n\n\n\n<blockquote class=\"wp-block-quote is-layout-flow wp-block-quote-is-layout-flow\"><p>N\u00f3s xurdimos do movemento asocia vo de Redondela, sobre todo do colec vo ecoar s co\u201cArteLixo\u201d. Logo comenzamos a xuntarnos catro, de vez en cando, a cantar nalg\u00fan furancho: empezamos cunhas boas letras, unhas m\u00fasicas festeiras&#8230; e Fon foinos liando ao resto.<\/p><\/blockquote>\n\n\n\n<blockquote class=\"wp-block-quote is-layout-flow wp-block-quote-is-layout-flow\"><p>Por usar a met\u00e1fora do insecto que nos d\u00e1 nome, parecemos ef\u00e9meras pero non o somos. Algunha de n\u00f3s leva d\u00e9cadas na m\u00fasica galega, como Olga (en Chouteira) ou Fon e Paqui (en Mar\u00eda Fuma\u00e7a) mais todas lev\u00e1mos anos na m\u00fasica de base. O que facemos agora \u00e9 emerxer. Un pouco.<\/p><\/blockquote>\n\n\n\n<p><strong>Que imos atopar neste disco?<\/strong><\/p>\n\n\n\n<blockquote class=\"wp-block-quote is-layout-flow wp-block-quote-is-layout-flow\"><p>Canci\u00f3ns quil\u00f3metro cero: feitas en Redondela, da enseada, das nosas xentes, costumes, na propia xeogra a posta en valor, e logo letras dos problemas universais de macho e femia, letras ecoloxista, de movementos sociais urxentes e necesarios, letras feministas e tam\u00e9n letras festeiras de cantar e bailar&#8230;<\/p><\/blockquote>\n\n\n\n<p><strong>Disque as vosas letras son dignas de ler, \u00e9 certo?<\/strong><\/p>\n\n\n\n<blockquote class=\"wp-block-quote is-layout-flow wp-block-quote-is-layout-flow\"><p>\u00c9. O letrista o cial do grupo \u00e9 Fon, que sofre incon nencia cuple sta. (Risos). Mais el foi liando a outros e outras. Para poder tomar alento entre os temas, nos concertos. (M\u00e1is risos). Primeiro liou a Olga, logo a Pedro, a Berto&#8230; Por veces compo\u00f1emos todo, letra e m\u00fasica, e outras musicamos textos alleos. Mais si, d\u00e1moslle moita importancia ao texto. E ao contexto.<\/p><\/blockquote>\n\n\n\n<p><strong>Que diferenza hai entre o disco e escoitarvos en directo?<\/strong><\/p>\n\n\n\n<blockquote class=\"wp-block-quote is-layout-flow wp-block-quote-is-layout-flow\"><p>O disco \u00e9 m\u00e1is elaborado e ademais contamos con colaboraci\u00f3ns especiais, que nos se poden revelar, pero que seguro vos van sorprender. Ar stas de renome de Redondela e do panorama musical galego. Ent\u00f3n ten m\u00e1is elaboraci\u00f3n c\u00f3 directo, pero v\u00e9n coa mesma enerx\u00eda do directo, por supost\u00edsimo.<\/p><\/blockquote>\n\n\n\n<p><strong>Cando sae o disco e onde se gravou?<\/strong><\/p>\n\n\n\n<blockquote class=\"wp-block-quote is-layout-flow wp-block-quote-is-layout-flow\"><p>O disco gravouse en Ventosela, unha parroquia de Redondela, grazas ao trabalho marabilloso de produci\u00f3n, mestura e paciencia do noso amigo Jos\u00e9 Manuel D\u00edaz. E poderedes escoitalo e, se vos presta, mercar o disco nos puntos habituais de venda, desde mediados de abril.<\/p><\/blockquote>\n\n\n\n<p>O dese\u00f1o \u00e9 unha preciosidade obra das Koebra, un colectivo art\u00edstico de Quintela. Outra parroquia de Redondela. E xa van d\u00faas. E enc\u00e1ntanos que as\u00ed sexa. Porque a cultura tam\u00e9n se fai nas parroquias, sempre se xo, a\u00ednda que os gobernos municipais case non invistan cultura nelas.<\/p>\n\n\n\n<p><strong>Por que temos que escoitar AS EF\u00c9MERAS?<\/strong><\/p>\n\n\n\n<blockquote class=\"wp-block-quote is-layout-flow wp-block-quote-is-layout-flow\"><p>Porque transmitimos alegr\u00eda e enerx\u00eda vital. E cando disfrutas no escenario, transmites \u00e1 xente que te escoita doutro xeito, e n\u00f3s pas\u00e1molo moi ben. E n\u00f3tase.<\/p><\/blockquote>\n\n\n\n<p><strong>Que signi ca este grupo para v\u00f3s?<\/strong><\/p>\n\n\n\n<blockquote class=\"wp-block-quote is-layout-flow wp-block-quote-is-layout-flow\"><p>\u00c9 un bo xeito de compartir momentos de ensaio e directos, xuntarnos con boa xente, e sacar o proxecto adiante.<\/p><\/blockquote>\n\n\n\n<p><strong>Ides facer presentaci\u00f3ns do CD?<\/strong><\/p>\n\n\n\n<blockquote class=\"wp-block-quote is-layout-flow wp-block-quote-is-layout-flow\"><p>Pandemia mediante, contamos facer catro presentaci\u00f3ns, todas con reserva previa. Arrincamos o s\u00e1bado 24 de abril na \u201cArca da Noe\u201d (Vilar de Santos, Ourense), a 25 de abril imos ao Courel (\u201cPatrio da Tola&#8221;, Vieiros); o s\u00e1bado 1 de maio estaremos no \u201cCentro Cultural As Pedri\u00f1as\u201d en Mos e o domingo 2 de maio remataremos no \u201cAlbergue Jamarte\u201d (Pontecaldelas). Todos ser\u00e1n en horario de ma\u00f1\u00e1, sesi\u00f3n verm\u00fa, a par r das 13h. E en formato familiar. E alg\u00fan mesmo con posibilidade de reservar o xantar, se se quere. As actuais circunstancias obrigan a reducir a capacidade as\u00ed que, se estades interesados, bulide a reservar entrando en contacto directo con eses lugares.<\/p><\/blockquote>\n\n\n\n<p><strong>E en Redondela? Non contades facer presentaci\u00f3n en Redondela?<\/strong><\/p>\n\n\n\n<blockquote class=\"wp-block-quote is-layout-flow wp-block-quote-is-layout-flow\"><p>Sen d\u00fabida faremos. Mais non polo momento. Temos datas reservadas para o ver\u00e1n na Coru\u00f1a, Lugo, Portugal, Le\u00f3n e mesmo alg\u00fans contactos internacionais&#8230; Esperemos que poidan sa\u00edr e poidamos vernos nos torreiros. A\u00ednda que non descartamos reeditar a xira \u201cOkupando os palcos\u201d e \u201cFuranchos ao vivo\u201d que xemos o ver\u00e1n pasado. A ver se damos feito todo.<\/p><\/blockquote>\n\n\n\n<p>Pois moitas grazas. A\u00ed nos veremos. Nos palcos e furanchos. Moita sorte con este proxecto!<\/p>\n","protected":false},"excerpt":{"rendered":"<div class=\"mh-excerpt\"><p>Fon Conde (compositor, pandeiro e voz), Olga Nogueira (compositora, acordeonista e voz), Berto Covelo ( compositor, bombo e voz), Claudia S\u00e1nchez (saxo, pandeireta e voz) Paqui Crespo (pandeireta e voz) e Irene Campelos (cunchas e voz) forman \u201cAS EF\u00c9MERAS <a class=\"mh-excerpt-more\" href=\"https:\/\/www.anovapeneira.gal\/index.php\/2021\/03\/24\/entrevistamos-as-efemeras-o-grupo-de-moda-de-redondela-e-comarca\/\" title=\"Entrevistamos \u00e1s Ef\u00e9meras, o grupo de moda de Redondela e comarca\">[&#8230;]<\/a><\/p>\n<\/div>","protected":false},"author":3,"featured_media":5101,"comment_status":"open","ping_status":"open","sticky":false,"template":"","format":"standard","meta":{"_exactmetrics_skip_tracking":false,"_exactmetrics_sitenote_active":false,"_exactmetrics_sitenote_note":"","_exactmetrics_sitenote_category":0,"footnotes":""},"categories":[270],"tags":[171],"class_list":{"0":"post-5093","1":"post","2":"type-post","3":"status-publish","4":"format-standard","5":"has-post-thumbnail","7":"category-redondela-entrevistas","8":"tag-concello-de-redondela"},"yoast_head":"<!-- This site is optimized with the Yoast SEO plugin v27.4 - https:\/\/yoast.com\/product\/yoast-seo-wordpress\/ -->\n<title>Entrevistamos \u00e1s Ef\u00e9meras, o grupo de moda de Redondela e comarca -<\/title>\n<meta name=\"description\" content=\"Fon Conde (compositor, pandeiro e voz), Olga Nogueira (compositora, acordeonista e voz), Berto Covelo ( compositor, bombo e voz), Claudia S\u00e1nchez (saxo, pandeireta e voz) Paqui Crespo (pandeireta e voz) e Irene Campelos (cunchas e voz) forman \u201cAS EF\u00c9MERAS\" \/>\n<meta name=\"robots\" content=\"index, follow, max-snippet:-1, max-image-preview:large, max-video-preview:-1\" \/>\n<link rel=\"canonical\" href=\"https:\/\/www.anovapeneira.gal\/index.php\/2021\/03\/24\/entrevistamos-as-efemeras-o-grupo-de-moda-de-redondela-e-comarca\/\" \/>\n<meta property=\"og:locale\" content=\"gl_ES\" \/>\n<meta property=\"og:type\" content=\"article\" \/>\n<meta property=\"og:title\" content=\"Entrevistamos \u00e1s Ef\u00e9meras, o grupo de moda de Redondela e comarca -\" \/>\n<meta property=\"og:description\" content=\"Fon Conde (compositor, pandeiro e voz), Olga Nogueira (compositora, acordeonista e voz), Berto Covelo ( compositor, bombo e voz), Claudia S\u00e1nchez (saxo, pandeireta e voz) Paqui Crespo (pandeireta e voz) e Irene Campelos (cunchas e voz) forman \u201cAS EF\u00c9MERAS\" \/>\n<meta property=\"og:url\" content=\"https:\/\/www.anovapeneira.gal\/index.php\/2021\/03\/24\/entrevistamos-as-efemeras-o-grupo-de-moda-de-redondela-e-comarca\/\" \/>\n<meta property=\"article:publisher\" content=\"https:\/\/www.facebook.com\/anovapeneira\" \/>\n<meta property=\"article:published_time\" content=\"2021-03-24T09:00:35+00:00\" \/>\n<meta property=\"article:modified_time\" content=\"2021-03-26T17:59:38+00:00\" \/>\n<meta property=\"og:image\" content=\"https:\/\/www.anovapeneira.gal\/wp-content\/uploads\/2021\/03\/efemeras_musica_redondela.jpg\" \/>\n\t<meta property=\"og:image:width\" content=\"720\" \/>\n\t<meta property=\"og:image:height\" content=\"432\" \/>\n\t<meta property=\"og:image:type\" content=\"image\/jpeg\" \/>\n<meta name=\"author\" content=\"Redacci\u00f3n A Nova Peneira\" \/>\n<meta name=\"twitter:card\" content=\"summary_large_image\" \/>\n<meta name=\"twitter:creator\" content=\"@APeneira\" \/>\n<meta name=\"twitter:site\" content=\"@APeneira\" \/>\n<meta name=\"twitter:label1\" content=\"Escrito por\" \/>\n\t<meta name=\"twitter:data1\" content=\"Redacci\u00f3n A Nova Peneira\" \/>\n\t<meta name=\"twitter:label2\" content=\"Tempo de lectura\" \/>\n\t<meta name=\"twitter:data2\" content=\"4 minutos\" \/>\n<script type=\"application\/ld+json\" class=\"yoast-schema-graph\">{\"@context\":\"https:\\\/\\\/schema.org\",\"@graph\":[{\"@type\":\"Article\",\"@id\":\"https:\\\/\\\/www.anovapeneira.gal\\\/index.php\\\/2021\\\/03\\\/24\\\/entrevistamos-as-efemeras-o-grupo-de-moda-de-redondela-e-comarca\\\/#article\",\"isPartOf\":{\"@id\":\"https:\\\/\\\/www.anovapeneira.gal\\\/index.php\\\/2021\\\/03\\\/24\\\/entrevistamos-as-efemeras-o-grupo-de-moda-de-redondela-e-comarca\\\/\"},\"author\":{\"name\":\"Redacci\u00f3n A Nova Peneira\",\"@id\":\"https:\\\/\\\/www.anovapeneira.gal\\\/#\\\/schema\\\/person\\\/b93e3f8932e3f8da96334607eb6ac6aa\"},\"headline\":\"Entrevistamos \u00e1s Ef\u00e9meras, o grupo de moda de Redondela e comarca\",\"datePublished\":\"2021-03-24T09:00:35+00:00\",\"dateModified\":\"2021-03-26T17:59:38+00:00\",\"mainEntityOfPage\":{\"@id\":\"https:\\\/\\\/www.anovapeneira.gal\\\/index.php\\\/2021\\\/03\\\/24\\\/entrevistamos-as-efemeras-o-grupo-de-moda-de-redondela-e-comarca\\\/\"},\"wordCount\":823,\"commentCount\":0,\"publisher\":{\"@id\":\"https:\\\/\\\/www.anovapeneira.gal\\\/#organization\"},\"image\":{\"@id\":\"https:\\\/\\\/www.anovapeneira.gal\\\/index.php\\\/2021\\\/03\\\/24\\\/entrevistamos-as-efemeras-o-grupo-de-moda-de-redondela-e-comarca\\\/#primaryimage\"},\"thumbnailUrl\":\"https:\\\/\\\/www.anovapeneira.gal\\\/wp-content\\\/uploads\\\/2021\\\/03\\\/efemeras_musica_redondela.jpg\",\"keywords\":[\"Concello de Redondela\"],\"articleSection\":[\"Redondela\"],\"inLanguage\":\"gl-ES\",\"potentialAction\":[{\"@type\":\"CommentAction\",\"name\":\"Comment\",\"target\":[\"https:\\\/\\\/www.anovapeneira.gal\\\/index.php\\\/2021\\\/03\\\/24\\\/entrevistamos-as-efemeras-o-grupo-de-moda-de-redondela-e-comarca\\\/#respond\"]}]},{\"@type\":\"WebPage\",\"@id\":\"https:\\\/\\\/www.anovapeneira.gal\\\/index.php\\\/2021\\\/03\\\/24\\\/entrevistamos-as-efemeras-o-grupo-de-moda-de-redondela-e-comarca\\\/\",\"url\":\"https:\\\/\\\/www.anovapeneira.gal\\\/index.php\\\/2021\\\/03\\\/24\\\/entrevistamos-as-efemeras-o-grupo-de-moda-de-redondela-e-comarca\\\/\",\"name\":\"Entrevistamos \u00e1s Ef\u00e9meras, o grupo de moda de Redondela e comarca -\",\"isPartOf\":{\"@id\":\"https:\\\/\\\/www.anovapeneira.gal\\\/#website\"},\"primaryImageOfPage\":{\"@id\":\"https:\\\/\\\/www.anovapeneira.gal\\\/index.php\\\/2021\\\/03\\\/24\\\/entrevistamos-as-efemeras-o-grupo-de-moda-de-redondela-e-comarca\\\/#primaryimage\"},\"image\":{\"@id\":\"https:\\\/\\\/www.anovapeneira.gal\\\/index.php\\\/2021\\\/03\\\/24\\\/entrevistamos-as-efemeras-o-grupo-de-moda-de-redondela-e-comarca\\\/#primaryimage\"},\"thumbnailUrl\":\"https:\\\/\\\/www.anovapeneira.gal\\\/wp-content\\\/uploads\\\/2021\\\/03\\\/efemeras_musica_redondela.jpg\",\"datePublished\":\"2021-03-24T09:00:35+00:00\",\"dateModified\":\"2021-03-26T17:59:38+00:00\",\"description\":\"Fon Conde (compositor, pandeiro e voz), Olga Nogueira (compositora, acordeonista e voz), Berto Covelo ( compositor, bombo e voz), Claudia S\u00e1nchez (saxo, pandeireta e voz) Paqui Crespo (pandeireta e voz) e Irene Campelos (cunchas e voz) forman \u201cAS EF\u00c9MERAS\",\"breadcrumb\":{\"@id\":\"https:\\\/\\\/www.anovapeneira.gal\\\/index.php\\\/2021\\\/03\\\/24\\\/entrevistamos-as-efemeras-o-grupo-de-moda-de-redondela-e-comarca\\\/#breadcrumb\"},\"inLanguage\":\"gl-ES\",\"potentialAction\":[{\"@type\":\"ReadAction\",\"target\":[\"https:\\\/\\\/www.anovapeneira.gal\\\/index.php\\\/2021\\\/03\\\/24\\\/entrevistamos-as-efemeras-o-grupo-de-moda-de-redondela-e-comarca\\\/\"]}]},{\"@type\":\"ImageObject\",\"inLanguage\":\"gl-ES\",\"@id\":\"https:\\\/\\\/www.anovapeneira.gal\\\/index.php\\\/2021\\\/03\\\/24\\\/entrevistamos-as-efemeras-o-grupo-de-moda-de-redondela-e-comarca\\\/#primaryimage\",\"url\":\"https:\\\/\\\/www.anovapeneira.gal\\\/wp-content\\\/uploads\\\/2021\\\/03\\\/efemeras_musica_redondela.jpg\",\"contentUrl\":\"https:\\\/\\\/www.anovapeneira.gal\\\/wp-content\\\/uploads\\\/2021\\\/03\\\/efemeras_musica_redondela.jpg\",\"width\":720,\"height\":432,\"caption\":\"Ef\u00e9meras m\u00fasica Redondela\"},{\"@type\":\"BreadcrumbList\",\"@id\":\"https:\\\/\\\/www.anovapeneira.gal\\\/index.php\\\/2021\\\/03\\\/24\\\/entrevistamos-as-efemeras-o-grupo-de-moda-de-redondela-e-comarca\\\/#breadcrumb\",\"itemListElement\":[{\"@type\":\"ListItem\",\"position\":1,\"name\":\"Portada\",\"item\":\"https:\\\/\\\/www.anovapeneira.gal\\\/\"},{\"@type\":\"ListItem\",\"position\":2,\"name\":\"Entrevistamos \u00e1s Ef\u00e9meras, o grupo de moda de Redondela e comarca\"}]},{\"@type\":\"WebSite\",\"@id\":\"https:\\\/\\\/www.anovapeneira.gal\\\/#website\",\"url\":\"https:\\\/\\\/www.anovapeneira.gal\\\/\",\"name\":\"\",\"description\":\"Xornal galego de informaci\u00f3n xeral Publicaci\u00f3n mensual de novas de Galicia e en especial dos Concellos da sur da provincia de Pontevedra.\",\"publisher\":{\"@id\":\"https:\\\/\\\/www.anovapeneira.gal\\\/#organization\"},\"potentialAction\":[{\"@type\":\"SearchAction\",\"target\":{\"@type\":\"EntryPoint\",\"urlTemplate\":\"https:\\\/\\\/www.anovapeneira.gal\\\/?s={search_term_string}\"},\"query-input\":{\"@type\":\"PropertyValueSpecification\",\"valueRequired\":true,\"valueName\":\"search_term_string\"}}],\"inLanguage\":\"gl-ES\"},{\"@type\":\"Organization\",\"@id\":\"https:\\\/\\\/www.anovapeneira.gal\\\/#organization\",\"name\":\"A Nova Peneira\",\"url\":\"https:\\\/\\\/www.anovapeneira.gal\\\/\",\"logo\":{\"@type\":\"ImageObject\",\"inLanguage\":\"gl-ES\",\"@id\":\"https:\\\/\\\/www.anovapeneira.gal\\\/#\\\/schema\\\/logo\\\/image\\\/\",\"url\":\"http:\\\/\\\/www.anovapeneira.gal\\\/wp-content\\\/uploads\\\/2019\\\/06\\\/logo_a_nova_peneira_portal_web.png\",\"contentUrl\":\"http:\\\/\\\/www.anovapeneira.gal\\\/wp-content\\\/uploads\\\/2019\\\/06\\\/logo_a_nova_peneira_portal_web.png\",\"width\":300,\"height\":100,\"caption\":\"A Nova Peneira\"},\"image\":{\"@id\":\"https:\\\/\\\/www.anovapeneira.gal\\\/#\\\/schema\\\/logo\\\/image\\\/\"},\"sameAs\":[\"https:\\\/\\\/www.facebook.com\\\/anovapeneira\",\"https:\\\/\\\/x.com\\\/APeneira\"]},{\"@type\":\"Person\",\"@id\":\"https:\\\/\\\/www.anovapeneira.gal\\\/#\\\/schema\\\/person\\\/b93e3f8932e3f8da96334607eb6ac6aa\",\"name\":\"Redacci\u00f3n A Nova Peneira\",\"image\":{\"@type\":\"ImageObject\",\"inLanguage\":\"gl-ES\",\"@id\":\"https:\\\/\\\/secure.gravatar.com\\\/avatar\\\/c052a2551a06e23fac63626232eaa90abd78dbcf1700fc46a2b2c89fd27b735f?s=96&d=mm&r=g\",\"url\":\"https:\\\/\\\/secure.gravatar.com\\\/avatar\\\/c052a2551a06e23fac63626232eaa90abd78dbcf1700fc46a2b2c89fd27b735f?s=96&d=mm&r=g\",\"contentUrl\":\"https:\\\/\\\/secure.gravatar.com\\\/avatar\\\/c052a2551a06e23fac63626232eaa90abd78dbcf1700fc46a2b2c89fd27b735f?s=96&d=mm&r=g\",\"caption\":\"Redacci\u00f3n A Nova Peneira\"},\"sameAs\":[\"http:\\\/\\\/www.anovapeneira.gal\\\/\"],\"url\":\"https:\\\/\\\/www.anovapeneira.gal\\\/index.php\\\/author\\\/redactor\\\/\"}]}<\/script>\n<!-- \/ Yoast SEO plugin. -->","yoast_head_json":{"title":"Entrevistamos \u00e1s Ef\u00e9meras, o grupo de moda de Redondela e comarca -","description":"Fon Conde (compositor, pandeiro e voz), Olga Nogueira (compositora, acordeonista e voz), Berto Covelo ( compositor, bombo e voz), Claudia S\u00e1nchez (saxo, pandeireta e voz) Paqui Crespo (pandeireta e voz) e Irene Campelos (cunchas e voz) forman \u201cAS EF\u00c9MERAS","robots":{"index":"index","follow":"follow","max-snippet":"max-snippet:-1","max-image-preview":"max-image-preview:large","max-video-preview":"max-video-preview:-1"},"canonical":"https:\/\/www.anovapeneira.gal\/index.php\/2021\/03\/24\/entrevistamos-as-efemeras-o-grupo-de-moda-de-redondela-e-comarca\/","og_locale":"gl_ES","og_type":"article","og_title":"Entrevistamos \u00e1s Ef\u00e9meras, o grupo de moda de Redondela e comarca -","og_description":"Fon Conde (compositor, pandeiro e voz), Olga Nogueira (compositora, acordeonista e voz), Berto Covelo ( compositor, bombo e voz), Claudia S\u00e1nchez (saxo, pandeireta e voz) Paqui Crespo (pandeireta e voz) e Irene Campelos (cunchas e voz) forman \u201cAS EF\u00c9MERAS","og_url":"https:\/\/www.anovapeneira.gal\/index.php\/2021\/03\/24\/entrevistamos-as-efemeras-o-grupo-de-moda-de-redondela-e-comarca\/","article_publisher":"https:\/\/www.facebook.com\/anovapeneira","article_published_time":"2021-03-24T09:00:35+00:00","article_modified_time":"2021-03-26T17:59:38+00:00","og_image":[{"width":720,"height":432,"url":"https:\/\/www.anovapeneira.gal\/wp-content\/uploads\/2021\/03\/efemeras_musica_redondela.jpg","type":"image\/jpeg"}],"author":"Redacci\u00f3n A Nova Peneira","twitter_card":"summary_large_image","twitter_creator":"@APeneira","twitter_site":"@APeneira","twitter_misc":{"Escrito por":"Redacci\u00f3n A Nova Peneira","Tempo de lectura":"4 minutos"},"schema":{"@context":"https:\/\/schema.org","@graph":[{"@type":"Article","@id":"https:\/\/www.anovapeneira.gal\/index.php\/2021\/03\/24\/entrevistamos-as-efemeras-o-grupo-de-moda-de-redondela-e-comarca\/#article","isPartOf":{"@id":"https:\/\/www.anovapeneira.gal\/index.php\/2021\/03\/24\/entrevistamos-as-efemeras-o-grupo-de-moda-de-redondela-e-comarca\/"},"author":{"name":"Redacci\u00f3n A Nova Peneira","@id":"https:\/\/www.anovapeneira.gal\/#\/schema\/person\/b93e3f8932e3f8da96334607eb6ac6aa"},"headline":"Entrevistamos \u00e1s Ef\u00e9meras, o grupo de moda de Redondela e comarca","datePublished":"2021-03-24T09:00:35+00:00","dateModified":"2021-03-26T17:59:38+00:00","mainEntityOfPage":{"@id":"https:\/\/www.anovapeneira.gal\/index.php\/2021\/03\/24\/entrevistamos-as-efemeras-o-grupo-de-moda-de-redondela-e-comarca\/"},"wordCount":823,"commentCount":0,"publisher":{"@id":"https:\/\/www.anovapeneira.gal\/#organization"},"image":{"@id":"https:\/\/www.anovapeneira.gal\/index.php\/2021\/03\/24\/entrevistamos-as-efemeras-o-grupo-de-moda-de-redondela-e-comarca\/#primaryimage"},"thumbnailUrl":"https:\/\/www.anovapeneira.gal\/wp-content\/uploads\/2021\/03\/efemeras_musica_redondela.jpg","keywords":["Concello de Redondela"],"articleSection":["Redondela"],"inLanguage":"gl-ES","potentialAction":[{"@type":"CommentAction","name":"Comment","target":["https:\/\/www.anovapeneira.gal\/index.php\/2021\/03\/24\/entrevistamos-as-efemeras-o-grupo-de-moda-de-redondela-e-comarca\/#respond"]}]},{"@type":"WebPage","@id":"https:\/\/www.anovapeneira.gal\/index.php\/2021\/03\/24\/entrevistamos-as-efemeras-o-grupo-de-moda-de-redondela-e-comarca\/","url":"https:\/\/www.anovapeneira.gal\/index.php\/2021\/03\/24\/entrevistamos-as-efemeras-o-grupo-de-moda-de-redondela-e-comarca\/","name":"Entrevistamos \u00e1s Ef\u00e9meras, o grupo de moda de Redondela e comarca -","isPartOf":{"@id":"https:\/\/www.anovapeneira.gal\/#website"},"primaryImageOfPage":{"@id":"https:\/\/www.anovapeneira.gal\/index.php\/2021\/03\/24\/entrevistamos-as-efemeras-o-grupo-de-moda-de-redondela-e-comarca\/#primaryimage"},"image":{"@id":"https:\/\/www.anovapeneira.gal\/index.php\/2021\/03\/24\/entrevistamos-as-efemeras-o-grupo-de-moda-de-redondela-e-comarca\/#primaryimage"},"thumbnailUrl":"https:\/\/www.anovapeneira.gal\/wp-content\/uploads\/2021\/03\/efemeras_musica_redondela.jpg","datePublished":"2021-03-24T09:00:35+00:00","dateModified":"2021-03-26T17:59:38+00:00","description":"Fon Conde (compositor, pandeiro e voz), Olga Nogueira (compositora, acordeonista e voz), Berto Covelo ( compositor, bombo e voz), Claudia S\u00e1nchez (saxo, pandeireta e voz) Paqui Crespo (pandeireta e voz) e Irene Campelos (cunchas e voz) forman \u201cAS EF\u00c9MERAS","breadcrumb":{"@id":"https:\/\/www.anovapeneira.gal\/index.php\/2021\/03\/24\/entrevistamos-as-efemeras-o-grupo-de-moda-de-redondela-e-comarca\/#breadcrumb"},"inLanguage":"gl-ES","potentialAction":[{"@type":"ReadAction","target":["https:\/\/www.anovapeneira.gal\/index.php\/2021\/03\/24\/entrevistamos-as-efemeras-o-grupo-de-moda-de-redondela-e-comarca\/"]}]},{"@type":"ImageObject","inLanguage":"gl-ES","@id":"https:\/\/www.anovapeneira.gal\/index.php\/2021\/03\/24\/entrevistamos-as-efemeras-o-grupo-de-moda-de-redondela-e-comarca\/#primaryimage","url":"https:\/\/www.anovapeneira.gal\/wp-content\/uploads\/2021\/03\/efemeras_musica_redondela.jpg","contentUrl":"https:\/\/www.anovapeneira.gal\/wp-content\/uploads\/2021\/03\/efemeras_musica_redondela.jpg","width":720,"height":432,"caption":"Ef\u00e9meras m\u00fasica Redondela"},{"@type":"BreadcrumbList","@id":"https:\/\/www.anovapeneira.gal\/index.php\/2021\/03\/24\/entrevistamos-as-efemeras-o-grupo-de-moda-de-redondela-e-comarca\/#breadcrumb","itemListElement":[{"@type":"ListItem","position":1,"name":"Portada","item":"https:\/\/www.anovapeneira.gal\/"},{"@type":"ListItem","position":2,"name":"Entrevistamos \u00e1s Ef\u00e9meras, o grupo de moda de Redondela e comarca"}]},{"@type":"WebSite","@id":"https:\/\/www.anovapeneira.gal\/#website","url":"https:\/\/www.anovapeneira.gal\/","name":"","description":"Xornal galego de informaci\u00f3n xeral Publicaci\u00f3n mensual de novas de Galicia e en especial dos Concellos da sur da provincia de Pontevedra.","publisher":{"@id":"https:\/\/www.anovapeneira.gal\/#organization"},"potentialAction":[{"@type":"SearchAction","target":{"@type":"EntryPoint","urlTemplate":"https:\/\/www.anovapeneira.gal\/?s={search_term_string}"},"query-input":{"@type":"PropertyValueSpecification","valueRequired":true,"valueName":"search_term_string"}}],"inLanguage":"gl-ES"},{"@type":"Organization","@id":"https:\/\/www.anovapeneira.gal\/#organization","name":"A Nova Peneira","url":"https:\/\/www.anovapeneira.gal\/","logo":{"@type":"ImageObject","inLanguage":"gl-ES","@id":"https:\/\/www.anovapeneira.gal\/#\/schema\/logo\/image\/","url":"http:\/\/www.anovapeneira.gal\/wp-content\/uploads\/2019\/06\/logo_a_nova_peneira_portal_web.png","contentUrl":"http:\/\/www.anovapeneira.gal\/wp-content\/uploads\/2019\/06\/logo_a_nova_peneira_portal_web.png","width":300,"height":100,"caption":"A Nova Peneira"},"image":{"@id":"https:\/\/www.anovapeneira.gal\/#\/schema\/logo\/image\/"},"sameAs":["https:\/\/www.facebook.com\/anovapeneira","https:\/\/x.com\/APeneira"]},{"@type":"Person","@id":"https:\/\/www.anovapeneira.gal\/#\/schema\/person\/b93e3f8932e3f8da96334607eb6ac6aa","name":"Redacci\u00f3n A Nova Peneira","image":{"@type":"ImageObject","inLanguage":"gl-ES","@id":"https:\/\/secure.gravatar.com\/avatar\/c052a2551a06e23fac63626232eaa90abd78dbcf1700fc46a2b2c89fd27b735f?s=96&d=mm&r=g","url":"https:\/\/secure.gravatar.com\/avatar\/c052a2551a06e23fac63626232eaa90abd78dbcf1700fc46a2b2c89fd27b735f?s=96&d=mm&r=g","contentUrl":"https:\/\/secure.gravatar.com\/avatar\/c052a2551a06e23fac63626232eaa90abd78dbcf1700fc46a2b2c89fd27b735f?s=96&d=mm&r=g","caption":"Redacci\u00f3n A Nova Peneira"},"sameAs":["http:\/\/www.anovapeneira.gal\/"],"url":"https:\/\/www.anovapeneira.gal\/index.php\/author\/redactor\/"}]}},"jetpack_featured_media_url":"https:\/\/www.anovapeneira.gal\/wp-content\/uploads\/2021\/03\/efemeras_musica_redondela.jpg","_links":{"self":[{"href":"https:\/\/www.anovapeneira.gal\/index.php\/wp-json\/wp\/v2\/posts\/5093","targetHints":{"allow":["GET"]}}],"collection":[{"href":"https:\/\/www.anovapeneira.gal\/index.php\/wp-json\/wp\/v2\/posts"}],"about":[{"href":"https:\/\/www.anovapeneira.gal\/index.php\/wp-json\/wp\/v2\/types\/post"}],"author":[{"embeddable":true,"href":"https:\/\/www.anovapeneira.gal\/index.php\/wp-json\/wp\/v2\/users\/3"}],"replies":[{"embeddable":true,"href":"https:\/\/www.anovapeneira.gal\/index.php\/wp-json\/wp\/v2\/comments?post=5093"}],"version-history":[{"count":5,"href":"https:\/\/www.anovapeneira.gal\/index.php\/wp-json\/wp\/v2\/posts\/5093\/revisions"}],"predecessor-version":[{"id":5145,"href":"https:\/\/www.anovapeneira.gal\/index.php\/wp-json\/wp\/v2\/posts\/5093\/revisions\/5145"}],"wp:featuredmedia":[{"embeddable":true,"href":"https:\/\/www.anovapeneira.gal\/index.php\/wp-json\/wp\/v2\/media\/5101"}],"wp:attachment":[{"href":"https:\/\/www.anovapeneira.gal\/index.php\/wp-json\/wp\/v2\/media?parent=5093"}],"wp:term":[{"taxonomy":"category","embeddable":true,"href":"https:\/\/www.anovapeneira.gal\/index.php\/wp-json\/wp\/v2\/categories?post=5093"},{"taxonomy":"post_tag","embeddable":true,"href":"https:\/\/www.anovapeneira.gal\/index.php\/wp-json\/wp\/v2\/tags?post=5093"}],"curies":[{"name":"wp","href":"https:\/\/api.w.org\/{rel}","templated":true}]}}