{"id":5103,"date":"2021-03-24T12:00:32","date_gmt":"2021-03-24T11:00:32","guid":{"rendered":"http:\/\/www.anovapeneira.gal\/?p=5103"},"modified":"2021-03-21T08:40:17","modified_gmt":"2021-03-21T07:40:17","slug":"bng-reclama-ao-miteco-que-rectifique-e-permita-comercializar-o-marraxo-dientuso","status":"publish","type":"post","link":"https:\/\/www.anovapeneira.gal\/index.php\/2021\/03\/24\/bng-reclama-ao-miteco-que-rectifique-e-permita-comercializar-o-marraxo-dientuso\/","title":{"rendered":"BNG reclama ao MITECO que rectifique e permita comercializar o marraxo dientuso"},"content":{"rendered":"\n<h2 class=\"wp-block-heading\"><strong>A formaci\u00f3n nacionalista exixe un cambio na postura do Goberno do Estado tras co\u00f1ecer a postura favor\u00e1bel da Comisi\u00f3n Europea para que se poidan vender as toneladas da especie almacenada pola frota galega pescadas legalmente.&nbsp;<\/strong><\/h2>\n\n\n\n<p><strong>Madrid, 19 de marzo de 2021<\/strong>. <\/p>\n\n\n\n<p>O Bloque Nacionalista Galego (BNG) chama a reconsiderar a postura adoptada polo Goberno do Estado no relativo a retenci\u00f3n, desembarco e venda de exemplares de marraxo tras facerse p\u00fablica a posici\u00f3n da Comisi\u00f3n Europea que recomenda a comercializaci\u00f3n das capturas almacenadas de marraxo. Este cambio de pol\u00edtica pesqueira beneficiar\u00eda ao sector palangreiro da Galiza, pois dar\u00eda sa\u00edda \u00e1s toneladas pescadas de forma legal durante o 2020.<\/p>\n\n\n\n<p>A formaci\u00f3n nacionalista xa reclamou ao MITECO mudar a proposta de capturas cero e, seguindo os seus propios informes t\u00e9cnicos e as recomendaci\u00f3ns dos organismos internacionais, manter un tope de capturas que permita a recuperaci\u00f3n da especia mais que dea sa\u00edda \u00e1s capturas accidentais de marraxo nas li\u00f1as de palangre.&nbsp;<\/p>\n\n\n\n<p>Agora, a Comisi\u00f3n Europea fixo p\u00fablica a s\u00faa postura favor\u00e1bel a permitir a venda da especie fronte ao veto total imposto polo Ministerio para a Transici\u00f3n Ecol\u00f3xica e Reto Demogr\u00e1fico. Desta maneira, o organismo europeo apoia os intereses da frota de palangre da Galiza e o posicionamento que defendeu desde o comezo o BNG.<\/p>\n\n\n\n<p>\u201cA Comisi\u00f3n considera que a prohibici\u00f3n de venda e retenci\u00f3n total provoca un quebranto econ\u00f3mico para a frota e non ten demostrado beneficios ambientais\u201d explica o deputado do BNG no Congreso. As\u00ed mesmo, N\u00e9stor Rego aclara que \u201cna actualidade non hai pesca dirixida de marraxo mais non se pode evitar a s\u00faa captura accidental, como consecuencia da pesca de especies como o peixe espada ou o at\u00fan e \u00e9 habitual que durante a actividade aparezan exemplares mortos de marraxo\u201d.<\/p>\n\n\n\n<p>Al\u00e9n do m\u00e1is, para a formaci\u00f3n nacionalista o Ministerio de Transici\u00f3n Ecol\u00f3xica ten que cambiar a s\u00faa posici\u00f3n e permitir a comercializaci\u00f3n da especie capturada legalmente pola frota en 2020. \u201c\u00c9 urxente que se permita a comercializaci\u00f3ns das toneladas de marraxo almacenadas nas c\u00e1maras frigor\u00edficas e evitar\u00edanse as\u00ed, os descartes en li\u00f1a mentres que se respectar\u00eda a actual Pol\u00edtica Pesqueira Com\u00fan\u201d afirma o deputado nacionalista.<\/p>\n\n\n\n<p>De seguir mantendo o veto \u00e1 comercializaci\u00f3n o Ministerio provocar\u00e1 de forma consciente un grave quebranto econ\u00f3mico \u00e1 frota galega, sen lograr a cambio beneficio ambiental alg\u00fan, pois o peixe conxelado foi pescado respectando a normativa, e a propia Comisi\u00f3n considera perfectamente encadr\u00e1bel na pol\u00edtica pesqueira com\u00fan reter e comercializar os exemplares que chegan mortos, \u201cse non rectifica o Goberno far\u00e1 perigar a viabilidade econ\u00f3mica da actividade e por\u00e1 a moitos armadores e patr\u00f3ns nunha situaci\u00f3n l\u00edmite\u201d subli\u00f1a Rego.<\/p>\n","protected":false},"excerpt":{"rendered":"<div class=\"mh-excerpt\"><p>A formaci\u00f3n nacionalista exixe un cambio na postura do Goberno do Estado tras co\u00f1ecer a postura favor\u00e1bel da Comisi\u00f3n Europea para que se poidan vender as toneladas da especie almacenada pola frota galega pescadas legalmente <a class=\"mh-excerpt-more\" href=\"https:\/\/www.anovapeneira.gal\/index.php\/2021\/03\/24\/bng-reclama-ao-miteco-que-rectifique-e-permita-comercializar-o-marraxo-dientuso\/\" title=\"BNG reclama ao MITECO que rectifique e permita comercializar o marraxo dientuso\">[&#8230;]<\/a><\/p>\n<\/div>","protected":false},"author":3,"featured_media":5104,"comment_status":"open","ping_status":"open","sticky":false,"template":"","format":"standard","meta":{"_exactmetrics_skip_tracking":false,"_exactmetrics_sitenote_active":false,"_exactmetrics_sitenote_note":"","_exactmetrics_sitenote_category":0,"footnotes":""},"categories":[263],"tags":[10,1151],"class_list":{"0":"post-5103","1":"post","2":"type-post","3":"status-publish","4":"format-standard","5":"has-post-thumbnail","7":"category-novas","8":"tag-bng","9":"tag-pesca"},"yoast_head":"<!-- This site is optimized with the Yoast SEO plugin v27.4 - https:\/\/yoast.com\/product\/yoast-seo-wordpress\/ -->\n<title>BNG reclama ao MITECO que rectifique e permita comercializar o marraxo dientuso -<\/title>\n<meta name=\"description\" content=\"A formaci\u00f3n nacionalista exixe un cambio na postura do Goberno do Estado tras co\u00f1ecer a postura favor\u00e1bel da Comisi\u00f3n Europea para que se poidan vender as toneladas da especie almacenada pola frota galega pescadas legalmente\" \/>\n<meta name=\"robots\" content=\"index, follow, max-snippet:-1, max-image-preview:large, max-video-preview:-1\" \/>\n<link rel=\"canonical\" href=\"https:\/\/www.anovapeneira.gal\/index.php\/2021\/03\/24\/bng-reclama-ao-miteco-que-rectifique-e-permita-comercializar-o-marraxo-dientuso\/\" \/>\n<meta property=\"og:locale\" content=\"gl_ES\" \/>\n<meta property=\"og:type\" content=\"article\" \/>\n<meta property=\"og:title\" content=\"BNG reclama ao MITECO que rectifique e permita comercializar o marraxo dientuso -\" \/>\n<meta property=\"og:description\" content=\"A formaci\u00f3n nacionalista exixe un cambio na postura do Goberno do Estado tras co\u00f1ecer a postura favor\u00e1bel da Comisi\u00f3n Europea para que se poidan vender as toneladas da especie almacenada pola frota galega pescadas legalmente\" \/>\n<meta property=\"og:url\" content=\"https:\/\/www.anovapeneira.gal\/index.php\/2021\/03\/24\/bng-reclama-ao-miteco-que-rectifique-e-permita-comercializar-o-marraxo-dientuso\/\" \/>\n<meta property=\"article:publisher\" content=\"https:\/\/www.facebook.com\/anovapeneira\" \/>\n<meta property=\"article:published_time\" content=\"2021-03-24T11:00:32+00:00\" \/>\n<meta property=\"og:image\" content=\"https:\/\/www.anovapeneira.gal\/wp-content\/uploads\/2021\/03\/nestor_rego_pesca.jpg\" \/>\n\t<meta property=\"og:image:width\" content=\"720\" \/>\n\t<meta property=\"og:image:height\" content=\"432\" \/>\n\t<meta property=\"og:image:type\" content=\"image\/jpeg\" \/>\n<meta name=\"author\" content=\"Redacci\u00f3n A Nova Peneira\" \/>\n<meta name=\"twitter:card\" content=\"summary_large_image\" \/>\n<meta name=\"twitter:creator\" content=\"@APeneira\" \/>\n<meta name=\"twitter:site\" content=\"@APeneira\" \/>\n<meta name=\"twitter:label1\" content=\"Escrito por\" \/>\n\t<meta name=\"twitter:data1\" content=\"Redacci\u00f3n A Nova Peneira\" \/>\n\t<meta name=\"twitter:label2\" content=\"Tempo de lectura\" \/>\n\t<meta name=\"twitter:data2\" content=\"2 minutos\" \/>\n<script type=\"application\/ld+json\" class=\"yoast-schema-graph\">{\"@context\":\"https:\\\/\\\/schema.org\",\"@graph\":[{\"@type\":\"Article\",\"@id\":\"https:\\\/\\\/www.anovapeneira.gal\\\/index.php\\\/2021\\\/03\\\/24\\\/bng-reclama-ao-miteco-que-rectifique-e-permita-comercializar-o-marraxo-dientuso\\\/#article\",\"isPartOf\":{\"@id\":\"https:\\\/\\\/www.anovapeneira.gal\\\/index.php\\\/2021\\\/03\\\/24\\\/bng-reclama-ao-miteco-que-rectifique-e-permita-comercializar-o-marraxo-dientuso\\\/\"},\"author\":{\"name\":\"Redacci\u00f3n A Nova Peneira\",\"@id\":\"https:\\\/\\\/www.anovapeneira.gal\\\/#\\\/schema\\\/person\\\/b93e3f8932e3f8da96334607eb6ac6aa\"},\"headline\":\"BNG reclama ao MITECO que rectifique e permita comercializar o marraxo dientuso\",\"datePublished\":\"2021-03-24T11:00:32+00:00\",\"mainEntityOfPage\":{\"@id\":\"https:\\\/\\\/www.anovapeneira.gal\\\/index.php\\\/2021\\\/03\\\/24\\\/bng-reclama-ao-miteco-que-rectifique-e-permita-comercializar-o-marraxo-dientuso\\\/\"},\"wordCount\":501,\"commentCount\":0,\"publisher\":{\"@id\":\"https:\\\/\\\/www.anovapeneira.gal\\\/#organization\"},\"image\":{\"@id\":\"https:\\\/\\\/www.anovapeneira.gal\\\/index.php\\\/2021\\\/03\\\/24\\\/bng-reclama-ao-miteco-que-rectifique-e-permita-comercializar-o-marraxo-dientuso\\\/#primaryimage\"},\"thumbnailUrl\":\"https:\\\/\\\/www.anovapeneira.gal\\\/wp-content\\\/uploads\\\/2021\\\/03\\\/nestor_rego_pesca.jpg\",\"keywords\":[\"BNG\",\"Pesca\"],\"articleSection\":[\"Novas\"],\"inLanguage\":\"gl-ES\",\"potentialAction\":[{\"@type\":\"CommentAction\",\"name\":\"Comment\",\"target\":[\"https:\\\/\\\/www.anovapeneira.gal\\\/index.php\\\/2021\\\/03\\\/24\\\/bng-reclama-ao-miteco-que-rectifique-e-permita-comercializar-o-marraxo-dientuso\\\/#respond\"]}]},{\"@type\":\"WebPage\",\"@id\":\"https:\\\/\\\/www.anovapeneira.gal\\\/index.php\\\/2021\\\/03\\\/24\\\/bng-reclama-ao-miteco-que-rectifique-e-permita-comercializar-o-marraxo-dientuso\\\/\",\"url\":\"https:\\\/\\\/www.anovapeneira.gal\\\/index.php\\\/2021\\\/03\\\/24\\\/bng-reclama-ao-miteco-que-rectifique-e-permita-comercializar-o-marraxo-dientuso\\\/\",\"name\":\"BNG reclama ao MITECO que rectifique e permita comercializar o marraxo dientuso -\",\"isPartOf\":{\"@id\":\"https:\\\/\\\/www.anovapeneira.gal\\\/#website\"},\"primaryImageOfPage\":{\"@id\":\"https:\\\/\\\/www.anovapeneira.gal\\\/index.php\\\/2021\\\/03\\\/24\\\/bng-reclama-ao-miteco-que-rectifique-e-permita-comercializar-o-marraxo-dientuso\\\/#primaryimage\"},\"image\":{\"@id\":\"https:\\\/\\\/www.anovapeneira.gal\\\/index.php\\\/2021\\\/03\\\/24\\\/bng-reclama-ao-miteco-que-rectifique-e-permita-comercializar-o-marraxo-dientuso\\\/#primaryimage\"},\"thumbnailUrl\":\"https:\\\/\\\/www.anovapeneira.gal\\\/wp-content\\\/uploads\\\/2021\\\/03\\\/nestor_rego_pesca.jpg\",\"datePublished\":\"2021-03-24T11:00:32+00:00\",\"description\":\"A formaci\u00f3n nacionalista exixe un cambio na postura do Goberno do Estado tras co\u00f1ecer a postura favor\u00e1bel da Comisi\u00f3n Europea para que se poidan vender as toneladas da especie almacenada pola frota galega pescadas legalmente\",\"breadcrumb\":{\"@id\":\"https:\\\/\\\/www.anovapeneira.gal\\\/index.php\\\/2021\\\/03\\\/24\\\/bng-reclama-ao-miteco-que-rectifique-e-permita-comercializar-o-marraxo-dientuso\\\/#breadcrumb\"},\"inLanguage\":\"gl-ES\",\"potentialAction\":[{\"@type\":\"ReadAction\",\"target\":[\"https:\\\/\\\/www.anovapeneira.gal\\\/index.php\\\/2021\\\/03\\\/24\\\/bng-reclama-ao-miteco-que-rectifique-e-permita-comercializar-o-marraxo-dientuso\\\/\"]}]},{\"@type\":\"ImageObject\",\"inLanguage\":\"gl-ES\",\"@id\":\"https:\\\/\\\/www.anovapeneira.gal\\\/index.php\\\/2021\\\/03\\\/24\\\/bng-reclama-ao-miteco-que-rectifique-e-permita-comercializar-o-marraxo-dientuso\\\/#primaryimage\",\"url\":\"https:\\\/\\\/www.anovapeneira.gal\\\/wp-content\\\/uploads\\\/2021\\\/03\\\/nestor_rego_pesca.jpg\",\"contentUrl\":\"https:\\\/\\\/www.anovapeneira.gal\\\/wp-content\\\/uploads\\\/2021\\\/03\\\/nestor_rego_pesca.jpg\",\"width\":720,\"height\":432,\"caption\":\"Nestor Rego Congreso Diputados\"},{\"@type\":\"BreadcrumbList\",\"@id\":\"https:\\\/\\\/www.anovapeneira.gal\\\/index.php\\\/2021\\\/03\\\/24\\\/bng-reclama-ao-miteco-que-rectifique-e-permita-comercializar-o-marraxo-dientuso\\\/#breadcrumb\",\"itemListElement\":[{\"@type\":\"ListItem\",\"position\":1,\"name\":\"Portada\",\"item\":\"https:\\\/\\\/www.anovapeneira.gal\\\/\"},{\"@type\":\"ListItem\",\"position\":2,\"name\":\"BNG reclama ao MITECO que rectifique e permita comercializar o marraxo dientuso\"}]},{\"@type\":\"WebSite\",\"@id\":\"https:\\\/\\\/www.anovapeneira.gal\\\/#website\",\"url\":\"https:\\\/\\\/www.anovapeneira.gal\\\/\",\"name\":\"\",\"description\":\"Xornal galego de informaci\u00f3n xeral Publicaci\u00f3n mensual de novas de Galicia e en especial dos Concellos da sur da provincia de Pontevedra.\",\"publisher\":{\"@id\":\"https:\\\/\\\/www.anovapeneira.gal\\\/#organization\"},\"potentialAction\":[{\"@type\":\"SearchAction\",\"target\":{\"@type\":\"EntryPoint\",\"urlTemplate\":\"https:\\\/\\\/www.anovapeneira.gal\\\/?s={search_term_string}\"},\"query-input\":{\"@type\":\"PropertyValueSpecification\",\"valueRequired\":true,\"valueName\":\"search_term_string\"}}],\"inLanguage\":\"gl-ES\"},{\"@type\":\"Organization\",\"@id\":\"https:\\\/\\\/www.anovapeneira.gal\\\/#organization\",\"name\":\"A Nova Peneira\",\"url\":\"https:\\\/\\\/www.anovapeneira.gal\\\/\",\"logo\":{\"@type\":\"ImageObject\",\"inLanguage\":\"gl-ES\",\"@id\":\"https:\\\/\\\/www.anovapeneira.gal\\\/#\\\/schema\\\/logo\\\/image\\\/\",\"url\":\"http:\\\/\\\/www.anovapeneira.gal\\\/wp-content\\\/uploads\\\/2019\\\/06\\\/logo_a_nova_peneira_portal_web.png\",\"contentUrl\":\"http:\\\/\\\/www.anovapeneira.gal\\\/wp-content\\\/uploads\\\/2019\\\/06\\\/logo_a_nova_peneira_portal_web.png\",\"width\":300,\"height\":100,\"caption\":\"A Nova Peneira\"},\"image\":{\"@id\":\"https:\\\/\\\/www.anovapeneira.gal\\\/#\\\/schema\\\/logo\\\/image\\\/\"},\"sameAs\":[\"https:\\\/\\\/www.facebook.com\\\/anovapeneira\",\"https:\\\/\\\/x.com\\\/APeneira\"]},{\"@type\":\"Person\",\"@id\":\"https:\\\/\\\/www.anovapeneira.gal\\\/#\\\/schema\\\/person\\\/b93e3f8932e3f8da96334607eb6ac6aa\",\"name\":\"Redacci\u00f3n A Nova Peneira\",\"image\":{\"@type\":\"ImageObject\",\"inLanguage\":\"gl-ES\",\"@id\":\"https:\\\/\\\/secure.gravatar.com\\\/avatar\\\/c052a2551a06e23fac63626232eaa90abd78dbcf1700fc46a2b2c89fd27b735f?s=96&d=mm&r=g\",\"url\":\"https:\\\/\\\/secure.gravatar.com\\\/avatar\\\/c052a2551a06e23fac63626232eaa90abd78dbcf1700fc46a2b2c89fd27b735f?s=96&d=mm&r=g\",\"contentUrl\":\"https:\\\/\\\/secure.gravatar.com\\\/avatar\\\/c052a2551a06e23fac63626232eaa90abd78dbcf1700fc46a2b2c89fd27b735f?s=96&d=mm&r=g\",\"caption\":\"Redacci\u00f3n A Nova Peneira\"},\"sameAs\":[\"http:\\\/\\\/www.anovapeneira.gal\\\/\"],\"url\":\"https:\\\/\\\/www.anovapeneira.gal\\\/index.php\\\/author\\\/redactor\\\/\"}]}<\/script>\n<!-- \/ Yoast SEO plugin. -->","yoast_head_json":{"title":"BNG reclama ao MITECO que rectifique e permita comercializar o marraxo dientuso -","description":"A formaci\u00f3n nacionalista exixe un cambio na postura do Goberno do Estado tras co\u00f1ecer a postura favor\u00e1bel da Comisi\u00f3n Europea para que se poidan vender as toneladas da especie almacenada pola frota galega pescadas legalmente","robots":{"index":"index","follow":"follow","max-snippet":"max-snippet:-1","max-image-preview":"max-image-preview:large","max-video-preview":"max-video-preview:-1"},"canonical":"https:\/\/www.anovapeneira.gal\/index.php\/2021\/03\/24\/bng-reclama-ao-miteco-que-rectifique-e-permita-comercializar-o-marraxo-dientuso\/","og_locale":"gl_ES","og_type":"article","og_title":"BNG reclama ao MITECO que rectifique e permita comercializar o marraxo dientuso -","og_description":"A formaci\u00f3n nacionalista exixe un cambio na postura do Goberno do Estado tras co\u00f1ecer a postura favor\u00e1bel da Comisi\u00f3n Europea para que se poidan vender as toneladas da especie almacenada pola frota galega pescadas legalmente","og_url":"https:\/\/www.anovapeneira.gal\/index.php\/2021\/03\/24\/bng-reclama-ao-miteco-que-rectifique-e-permita-comercializar-o-marraxo-dientuso\/","article_publisher":"https:\/\/www.facebook.com\/anovapeneira","article_published_time":"2021-03-24T11:00:32+00:00","og_image":[{"width":720,"height":432,"url":"https:\/\/www.anovapeneira.gal\/wp-content\/uploads\/2021\/03\/nestor_rego_pesca.jpg","type":"image\/jpeg"}],"author":"Redacci\u00f3n A Nova Peneira","twitter_card":"summary_large_image","twitter_creator":"@APeneira","twitter_site":"@APeneira","twitter_misc":{"Escrito por":"Redacci\u00f3n A Nova Peneira","Tempo de lectura":"2 minutos"},"schema":{"@context":"https:\/\/schema.org","@graph":[{"@type":"Article","@id":"https:\/\/www.anovapeneira.gal\/index.php\/2021\/03\/24\/bng-reclama-ao-miteco-que-rectifique-e-permita-comercializar-o-marraxo-dientuso\/#article","isPartOf":{"@id":"https:\/\/www.anovapeneira.gal\/index.php\/2021\/03\/24\/bng-reclama-ao-miteco-que-rectifique-e-permita-comercializar-o-marraxo-dientuso\/"},"author":{"name":"Redacci\u00f3n A Nova Peneira","@id":"https:\/\/www.anovapeneira.gal\/#\/schema\/person\/b93e3f8932e3f8da96334607eb6ac6aa"},"headline":"BNG reclama ao MITECO que rectifique e permita comercializar o marraxo dientuso","datePublished":"2021-03-24T11:00:32+00:00","mainEntityOfPage":{"@id":"https:\/\/www.anovapeneira.gal\/index.php\/2021\/03\/24\/bng-reclama-ao-miteco-que-rectifique-e-permita-comercializar-o-marraxo-dientuso\/"},"wordCount":501,"commentCount":0,"publisher":{"@id":"https:\/\/www.anovapeneira.gal\/#organization"},"image":{"@id":"https:\/\/www.anovapeneira.gal\/index.php\/2021\/03\/24\/bng-reclama-ao-miteco-que-rectifique-e-permita-comercializar-o-marraxo-dientuso\/#primaryimage"},"thumbnailUrl":"https:\/\/www.anovapeneira.gal\/wp-content\/uploads\/2021\/03\/nestor_rego_pesca.jpg","keywords":["BNG","Pesca"],"articleSection":["Novas"],"inLanguage":"gl-ES","potentialAction":[{"@type":"CommentAction","name":"Comment","target":["https:\/\/www.anovapeneira.gal\/index.php\/2021\/03\/24\/bng-reclama-ao-miteco-que-rectifique-e-permita-comercializar-o-marraxo-dientuso\/#respond"]}]},{"@type":"WebPage","@id":"https:\/\/www.anovapeneira.gal\/index.php\/2021\/03\/24\/bng-reclama-ao-miteco-que-rectifique-e-permita-comercializar-o-marraxo-dientuso\/","url":"https:\/\/www.anovapeneira.gal\/index.php\/2021\/03\/24\/bng-reclama-ao-miteco-que-rectifique-e-permita-comercializar-o-marraxo-dientuso\/","name":"BNG reclama ao MITECO que rectifique e permita comercializar o marraxo dientuso -","isPartOf":{"@id":"https:\/\/www.anovapeneira.gal\/#website"},"primaryImageOfPage":{"@id":"https:\/\/www.anovapeneira.gal\/index.php\/2021\/03\/24\/bng-reclama-ao-miteco-que-rectifique-e-permita-comercializar-o-marraxo-dientuso\/#primaryimage"},"image":{"@id":"https:\/\/www.anovapeneira.gal\/index.php\/2021\/03\/24\/bng-reclama-ao-miteco-que-rectifique-e-permita-comercializar-o-marraxo-dientuso\/#primaryimage"},"thumbnailUrl":"https:\/\/www.anovapeneira.gal\/wp-content\/uploads\/2021\/03\/nestor_rego_pesca.jpg","datePublished":"2021-03-24T11:00:32+00:00","description":"A formaci\u00f3n nacionalista exixe un cambio na postura do Goberno do Estado tras co\u00f1ecer a postura favor\u00e1bel da Comisi\u00f3n Europea para que se poidan vender as toneladas da especie almacenada pola frota galega pescadas legalmente","breadcrumb":{"@id":"https:\/\/www.anovapeneira.gal\/index.php\/2021\/03\/24\/bng-reclama-ao-miteco-que-rectifique-e-permita-comercializar-o-marraxo-dientuso\/#breadcrumb"},"inLanguage":"gl-ES","potentialAction":[{"@type":"ReadAction","target":["https:\/\/www.anovapeneira.gal\/index.php\/2021\/03\/24\/bng-reclama-ao-miteco-que-rectifique-e-permita-comercializar-o-marraxo-dientuso\/"]}]},{"@type":"ImageObject","inLanguage":"gl-ES","@id":"https:\/\/www.anovapeneira.gal\/index.php\/2021\/03\/24\/bng-reclama-ao-miteco-que-rectifique-e-permita-comercializar-o-marraxo-dientuso\/#primaryimage","url":"https:\/\/www.anovapeneira.gal\/wp-content\/uploads\/2021\/03\/nestor_rego_pesca.jpg","contentUrl":"https:\/\/www.anovapeneira.gal\/wp-content\/uploads\/2021\/03\/nestor_rego_pesca.jpg","width":720,"height":432,"caption":"Nestor Rego Congreso Diputados"},{"@type":"BreadcrumbList","@id":"https:\/\/www.anovapeneira.gal\/index.php\/2021\/03\/24\/bng-reclama-ao-miteco-que-rectifique-e-permita-comercializar-o-marraxo-dientuso\/#breadcrumb","itemListElement":[{"@type":"ListItem","position":1,"name":"Portada","item":"https:\/\/www.anovapeneira.gal\/"},{"@type":"ListItem","position":2,"name":"BNG reclama ao MITECO que rectifique e permita comercializar o marraxo dientuso"}]},{"@type":"WebSite","@id":"https:\/\/www.anovapeneira.gal\/#website","url":"https:\/\/www.anovapeneira.gal\/","name":"","description":"Xornal galego de informaci\u00f3n xeral Publicaci\u00f3n mensual de novas de Galicia e en especial dos Concellos da sur da provincia de Pontevedra.","publisher":{"@id":"https:\/\/www.anovapeneira.gal\/#organization"},"potentialAction":[{"@type":"SearchAction","target":{"@type":"EntryPoint","urlTemplate":"https:\/\/www.anovapeneira.gal\/?s={search_term_string}"},"query-input":{"@type":"PropertyValueSpecification","valueRequired":true,"valueName":"search_term_string"}}],"inLanguage":"gl-ES"},{"@type":"Organization","@id":"https:\/\/www.anovapeneira.gal\/#organization","name":"A Nova Peneira","url":"https:\/\/www.anovapeneira.gal\/","logo":{"@type":"ImageObject","inLanguage":"gl-ES","@id":"https:\/\/www.anovapeneira.gal\/#\/schema\/logo\/image\/","url":"http:\/\/www.anovapeneira.gal\/wp-content\/uploads\/2019\/06\/logo_a_nova_peneira_portal_web.png","contentUrl":"http:\/\/www.anovapeneira.gal\/wp-content\/uploads\/2019\/06\/logo_a_nova_peneira_portal_web.png","width":300,"height":100,"caption":"A Nova Peneira"},"image":{"@id":"https:\/\/www.anovapeneira.gal\/#\/schema\/logo\/image\/"},"sameAs":["https:\/\/www.facebook.com\/anovapeneira","https:\/\/x.com\/APeneira"]},{"@type":"Person","@id":"https:\/\/www.anovapeneira.gal\/#\/schema\/person\/b93e3f8932e3f8da96334607eb6ac6aa","name":"Redacci\u00f3n A Nova Peneira","image":{"@type":"ImageObject","inLanguage":"gl-ES","@id":"https:\/\/secure.gravatar.com\/avatar\/c052a2551a06e23fac63626232eaa90abd78dbcf1700fc46a2b2c89fd27b735f?s=96&d=mm&r=g","url":"https:\/\/secure.gravatar.com\/avatar\/c052a2551a06e23fac63626232eaa90abd78dbcf1700fc46a2b2c89fd27b735f?s=96&d=mm&r=g","contentUrl":"https:\/\/secure.gravatar.com\/avatar\/c052a2551a06e23fac63626232eaa90abd78dbcf1700fc46a2b2c89fd27b735f?s=96&d=mm&r=g","caption":"Redacci\u00f3n A Nova Peneira"},"sameAs":["http:\/\/www.anovapeneira.gal\/"],"url":"https:\/\/www.anovapeneira.gal\/index.php\/author\/redactor\/"}]}},"jetpack_featured_media_url":"https:\/\/www.anovapeneira.gal\/wp-content\/uploads\/2021\/03\/nestor_rego_pesca.jpg","_links":{"self":[{"href":"https:\/\/www.anovapeneira.gal\/index.php\/wp-json\/wp\/v2\/posts\/5103","targetHints":{"allow":["GET"]}}],"collection":[{"href":"https:\/\/www.anovapeneira.gal\/index.php\/wp-json\/wp\/v2\/posts"}],"about":[{"href":"https:\/\/www.anovapeneira.gal\/index.php\/wp-json\/wp\/v2\/types\/post"}],"author":[{"embeddable":true,"href":"https:\/\/www.anovapeneira.gal\/index.php\/wp-json\/wp\/v2\/users\/3"}],"replies":[{"embeddable":true,"href":"https:\/\/www.anovapeneira.gal\/index.php\/wp-json\/wp\/v2\/comments?post=5103"}],"version-history":[{"count":1,"href":"https:\/\/www.anovapeneira.gal\/index.php\/wp-json\/wp\/v2\/posts\/5103\/revisions"}],"predecessor-version":[{"id":5105,"href":"https:\/\/www.anovapeneira.gal\/index.php\/wp-json\/wp\/v2\/posts\/5103\/revisions\/5105"}],"wp:featuredmedia":[{"embeddable":true,"href":"https:\/\/www.anovapeneira.gal\/index.php\/wp-json\/wp\/v2\/media\/5104"}],"wp:attachment":[{"href":"https:\/\/www.anovapeneira.gal\/index.php\/wp-json\/wp\/v2\/media?parent=5103"}],"wp:term":[{"taxonomy":"category","embeddable":true,"href":"https:\/\/www.anovapeneira.gal\/index.php\/wp-json\/wp\/v2\/categories?post=5103"},{"taxonomy":"post_tag","embeddable":true,"href":"https:\/\/www.anovapeneira.gal\/index.php\/wp-json\/wp\/v2\/tags?post=5103"}],"curies":[{"name":"wp","href":"https:\/\/api.w.org\/{rel}","templated":true}]}}