{"id":5120,"date":"2021-03-26T12:00:34","date_gmt":"2021-03-26T11:00:34","guid":{"rendered":"http:\/\/www.anovapeneira.gal\/?p=5120"},"modified":"2021-03-25T16:55:04","modified_gmt":"2021-03-25T15:55:04","slug":"mudhar","status":"publish","type":"post","link":"https:\/\/www.anovapeneira.gal\/index.php\/2021\/03\/26\/mudhar\/","title":{"rendered":"Mudhar"},"content":{"rendered":"\n<figure class=\"wp-block-image size-large is-resized is-style-default\"><img loading=\"lazy\" decoding=\"async\" src=\"http:\/\/www.anovapeneira.gal\/wp-content\/uploads\/2019\/09\/ANDRES_Counago_REDONDELA_opinion_a_nova_peneira.jpg\" alt=\"Andr\u00e9s Cou\u00f1ago Opini\u00f3n A Nova Peneira\" class=\"wp-image-1349\" width=\"95\" height=\"111\"\/><figcaption>Andr\u00e9s Cou\u00f1ago<\/figcaption><\/figure>\n\n\n\n<p>Os entendidos no oficio de vivir&nbsp;din: a vida, para&nbsp;vivila,&nbsp;hai&nbsp;que&nbsp;mirala&nbsp;cara a&nbsp;adiante, para&nbsp;entendela&nbsp;hai&nbsp;que&nbsp;mirala&nbsp;cara a atr\u00e1s. Par\u00e9cenos de&nbsp;moita&nbsp;raz\u00f3n a&nbsp;sentenza.&nbsp;<\/p>\n\n\n\n<p>Sendo&nbsp;as\u00ed,&nbsp;cremos&nbsp;conveniente que se&nbsp;constr\u00faa&nbsp;o Museo de Historia e&nbsp;Antropolox\u00eda&nbsp;de&nbsp;Redondela, MUDHAR. \u00c9 necesario que&nbsp;haxa&nbsp;memoria para recordar, o&nbsp;bo&nbsp;e o malo, porque as&nbsp;persoas&nbsp;esquecemos, e \u00e9 imprescindible&nbsp;amosar&nbsp;os elementos positivos para que sirvan de est\u00edmulo e&nbsp;exemplo&nbsp;para os&nbsp;nosos&nbsp;sucesores e&nbsp;seguintes&nbsp;xeraci\u00f3ns.&nbsp;<\/p>\n\n\n\n<p>Foi&nbsp;en 1997 cando a Asociaci\u00f3n Cultural&nbsp;Al\u00e9n&nbsp;N\u00f3s&nbsp;lle&nbsp;fixo&nbsp;a&nbsp;primeira&nbsp;proposta&nbsp;ao&nbsp;Concello para a creaci\u00f3n do Museo Etnogr\u00e1fico de&nbsp;Redondela,&nbsp;co&nbsp;consenso de&nbsp;m\u00e1is&nbsp;de cincuenta colectivos&nbsp;sociais&nbsp;do municipio;&nbsp;hoxe, seguro que se&nbsp;poder\u00eda&nbsp;duplicar o n\u00famero.&nbsp;Pretendiamos&nbsp;que&nbsp;Redondela&nbsp;contase&nbsp;cun&nbsp;lugar&nbsp;onde&nbsp;expo\u00f1er&nbsp;e conservar, cando menos,&nbsp;unha&nbsp;parte esencial da&nbsp;nosa&nbsp;memoria&nbsp;identitaria. A Casa da Torre&nbsp;foi&nbsp;a&nbsp;primeira&nbsp;suxesti\u00f3n&nbsp;para a&nbsp;s\u00faa&nbsp;sede.&nbsp;Quedou&nbsp;en nada. Anos&nbsp;m\u00e1is&nbsp;tarde insinuamos a Casa da Fenosa.&nbsp;Tivo&nbsp;id\u00e9ntico resultado. A&nbsp;terceira&nbsp;ser\u00eda para&nbsp;as&nbsp;casas de Casto Sampedro e Alejandro Otero. Similar consecuencia. O&nbsp;desleixo&nbsp;e falta de&nbsp;vontade&nbsp;pol\u00edtica&nbsp;foron&nbsp;a \u00fanica explicaci\u00f3n.&nbsp;<\/p>\n\n\n\n<p>A principios&nbsp;do&nbsp;2015 volvemos a insistir e presentamos&nbsp;unha&nbsp;nova&nbsp;proposta.&nbsp;Nesta&nbsp;ocasi\u00f3n a idea&nbsp;ti\u00f1\u00e1mola&nbsp;ampliado e, para a&nbsp;s\u00faa&nbsp;exposici\u00f3n,&nbsp;encarg\u00e1moslle&nbsp;un&nbsp;estudo&nbsp;t\u00e9cnico \u00e1 empresa de&nbsp;arqueolox\u00eda&nbsp;A&nbsp;Citania. O equipo de&nbsp;traballo&nbsp;estivo formado por&nbsp;persoas&nbsp;da asociaci\u00f3n, polo arque\u00f3logo&nbsp;Xurxo&nbsp;Constela, o etn\u00f3grafo&nbsp;Clodio&nbsp;Gonz\u00e1lez, o historiador Jos\u00e9 Mart\u00ednez Crespo, e o antrop\u00f3logo Rafael&nbsp;Quint\u00eda. Durante a&nbsp;s\u00faa&nbsp;redacci\u00f3n&nbsp;concibimos&nbsp;e&nbsp;naceu&nbsp;a idea do MUDHAR que, para ser un&nbsp;proxecto&nbsp;para os pr\u00f3ximos 50&nbsp;anos, deber\u00eda de contar con distintas salas destinadas a diferentes tem\u00e1ticas:&nbsp;\u00e1s&nbsp;persoas&nbsp;e o territorio, a r\u00eda e o&nbsp;cami\u00f1o, a prehistoria e historia&nbsp;antiga, a \u00e9poca medieval, a \u00e9poca moderna e contempor\u00e1nea, a industria, a Coca e o Corpus, os&nbsp;Maios, o Choco, o&nbsp;Entroido, as&nbsp;curtametraxes, os Fachos, os oficios, as&nbsp;tradici\u00f3ns, os t\u00edteres\u2026 para o que se precisar\u00eda a&nbsp;totalidade&nbsp;do edificio&nbsp;elixido&nbsp;para a&nbsp;s\u00faa&nbsp;creaci\u00f3n, a Casa dos Mestres, situada&nbsp;na&nbsp;avenida de&nbsp;Mendi\u00f1o.&nbsp;<\/p>\n\n\n\n<p>En abril&nbsp;daquel&nbsp;2015,&nbsp;nun&nbsp;acto no&nbsp;Multi\u00fasos&nbsp;da&nbsp;Xunqueira&nbsp;foille&nbsp;presentado&nbsp;ao&nbsp;goberno&nbsp;municipal e a todos os grupos pol\u00edticos do Concello coa&nbsp;presenza&nbsp;de&nbsp;m\u00e1is&nbsp;de&nbsp;duascentas&nbsp;persoas,&nbsp;recibindo&nbsp;a aceptaci\u00f3n e os&nbsp;parab\u00e9ns&nbsp;de todos.&nbsp;Tam\u00e9n&nbsp;con&nbsp;algunha&nbsp;cr\u00edtica: este non \u00e9 o momento,&nbsp;hai&nbsp;outras&nbsp;necesidades,&nbsp;co&nbsp;paro que&nbsp;hai!\u2026 Os de&nbsp;sempre.&nbsp;<\/p>\n\n\n\n<p>Non&nbsp;se&nbsp;decatan&nbsp;de que, para que o turismo&nbsp;sexa&nbsp;unha&nbsp;fonte&nbsp;m\u00e1is&nbsp;de recursos econ\u00f3micos,&nbsp;tam\u00e9n&nbsp;temos&nbsp;que ofrecer e mostrar a&nbsp;nosa&nbsp;Historia.&nbsp;Unha&nbsp;mostra&nbsp;exitosa do que&nbsp;dicimos?: O&nbsp;Meirande.&nbsp;M\u00e1is&nbsp;de mil visitas&nbsp;ao&nbsp;mes. O segundo&nbsp;m\u00e1is&nbsp;visitado da provincia,&nbsp;despois&nbsp;do Museo de Pontevedra.&nbsp;<\/p>\n\n\n\n<p>Estes&nbsp;d\u00edas (febreiro&nbsp;de 2021)&nbsp;lemos&nbsp;na&nbsp;prensa que o&nbsp;goberno&nbsp;local&nbsp;quere&nbsp;p\u00f3rlle&nbsp;mans&nbsp;\u00e1 obra e&nbsp;facer&nbsp;realidade&nbsp;unha&nbsp;reivindicaci\u00f3n de&nbsp;m\u00e1is&nbsp;de 20 anos do asociacionismo&nbsp;redondel\u00e1n.&nbsp;Celebrar\u00e9molo! Hai&nbsp;unha&nbsp;parte da mesma informaci\u00f3n que nos preocupa: o traslado e instalaci\u00f3n da Biblioteca Municipal (32.000&nbsp;volumes, polo de&nbsp;agora)&nbsp;ao&nbsp;mesmo edificio.&nbsp;Consider\u00e1molo&nbsp;un desatino. A biblioteca do futuro debe de contar&nbsp;cunha&nbsp;serie de&nbsp;servizos&nbsp;tales como: recepci\u00f3n, sal\u00f3n de actos para&nbsp;a&nbsp;presentaci\u00f3n de libros e&nbsp;outras&nbsp;necesidades, cafeter\u00eda, dep\u00f3sito de fondos e documentos, salas de lectura infantil, salas de&nbsp;estudo&nbsp;e lectura de adultos, salas&nbsp;de&nbsp;inform\u00e1tica, hemeroteca&#8230; Ser\u00edan incompatibles, por falta de&nbsp;espazo, os&nbsp;dous&nbsp;servizos&nbsp;na&nbsp;mesma casa, Museo e Biblioteca.&nbsp;Outra&nbsp;cousa&nbsp;ser\u00eda&nbsp;unha&nbsp;librer\u00eda espec\u00edfica de Redondela relacionada&nbsp;co&nbsp;museo.&nbsp;<\/p>\n\n\n\n<p>Segundo o&nbsp;dicionario&nbsp;da Real Academia Galega, MUDAR \u00e9&nbsp;facer&nbsp;que algo&nbsp;sexa&nbsp;distinto de&nbsp;como&nbsp;era, transformar algo, especialmente un criterio,&nbsp;unha&nbsp;actitude, un&nbsp;sentimento\u2026&nbsp;<\/p>\n\n\n\n<p>Andr\u00e9s&nbsp;Cou\u00f1ago&nbsp;Laxe .Directivo&nbsp;da Asociaci\u00f3n Cultural Al\u00e9n&nbsp;N\u00f3s.&nbsp;<\/p>\n","protected":false},"excerpt":{"rendered":"<div class=\"mh-excerpt\"><p>Os entendidos no oficio de vivir din: a vida, para vivila, hai que mirala cara a adiante, para entendela hai que mirala cara a atr\u00e1s. Par\u00e9cenos de moita raz\u00f3n a sentenza <a class=\"mh-excerpt-more\" href=\"https:\/\/www.anovapeneira.gal\/index.php\/2021\/03\/26\/mudhar\/\" title=\"Mudhar\">[&#8230;]<\/a><\/p>\n<\/div>","protected":false},"author":33,"featured_media":584,"comment_status":"open","ping_status":"open","sticky":false,"template":"","format":"standard","meta":{"_exactmetrics_skip_tracking":false,"_exactmetrics_sitenote_active":false,"_exactmetrics_sitenote_note":"","_exactmetrics_sitenote_category":0,"footnotes":""},"categories":[7],"tags":[58],"class_list":{"0":"post-5120","1":"post","2":"type-post","3":"status-publish","4":"format-standard","5":"has-post-thumbnail","7":"category-artigos-de-opinion","8":"tag-opinion"},"yoast_head":"<!-- This site is optimized with the Yoast SEO plugin v27.4 - https:\/\/yoast.com\/product\/yoast-seo-wordpress\/ -->\n<title>Mudhar -<\/title>\n<meta name=\"description\" content=\"Os entendidos no oficio de vivir din: a vida, para vivila, hai que mirala cara a adiante, para entendela hai que mirala cara a atr\u00e1s. Par\u00e9cenos de moita raz\u00f3n a sentenza.\" \/>\n<meta name=\"robots\" content=\"index, follow, max-snippet:-1, max-image-preview:large, max-video-preview:-1\" \/>\n<link rel=\"canonical\" href=\"https:\/\/www.anovapeneira.gal\/index.php\/2021\/03\/26\/mudhar\/\" \/>\n<meta property=\"og:locale\" content=\"gl_ES\" \/>\n<meta property=\"og:type\" content=\"article\" \/>\n<meta property=\"og:title\" content=\"Mudhar\" \/>\n<meta property=\"og:description\" content=\"Os entendidos no oficio de vivir din: a vida, para vivila, hai que mirala cara a adiante, para entendela hai que mirala cara a atr\u00e1s. Par\u00e9cenos de moita raz\u00f3n a sentenza\" \/>\n<meta property=\"og:url\" content=\"https:\/\/www.anovapeneira.gal\/index.php\/2021\/03\/26\/mudhar\/\" \/>\n<meta property=\"article:publisher\" content=\"https:\/\/www.facebook.com\/anovapeneira\" \/>\n<meta property=\"article:published_time\" content=\"2021-03-26T11:00:34+00:00\" \/>\n<meta property=\"og:image\" content=\"https:\/\/www.anovapeneira.gal\/wp-content\/uploads\/2019\/07\/ARTIGO_DE_OPINION_A_NOVA_PENEIRA.jpg\" \/>\n\t<meta property=\"og:image:width\" content=\"720\" \/>\n\t<meta property=\"og:image:height\" content=\"473\" \/>\n\t<meta property=\"og:image:type\" content=\"image\/jpeg\" \/>\n<meta name=\"author\" content=\"Andr\u00e9s Cou\u00f1ago\" \/>\n<meta name=\"twitter:card\" content=\"summary_large_image\" \/>\n<meta name=\"twitter:title\" content=\"Mudhar\" \/>\n<meta name=\"twitter:description\" content=\"Os entendidos no oficio de vivir din: a vida, para vivila, hai que mirala cara a adiante, para entendela hai que mirala cara a atr\u00e1s. Par\u00e9cenos de moita raz\u00f3n a sentenza\" \/>\n<meta name=\"twitter:image\" content=\"https:\/\/www.anovapeneira.gal\/wp-content\/uploads\/2019\/07\/ARTIGO_DE_OPINION_A_NOVA_PENEIRA.jpg\" \/>\n<meta name=\"twitter:creator\" content=\"@APeneira\" \/>\n<meta name=\"twitter:site\" content=\"@APeneira\" \/>\n<meta name=\"twitter:label1\" content=\"Escrito por\" \/>\n\t<meta name=\"twitter:data1\" content=\"Andr\u00e9s Cou\u00f1ago\" \/>\n\t<meta name=\"twitter:label2\" content=\"Tempo de lectura\" \/>\n\t<meta name=\"twitter:data2\" content=\"2 minutos\" \/>\n<script type=\"application\/ld+json\" class=\"yoast-schema-graph\">{\"@context\":\"https:\\\/\\\/schema.org\",\"@graph\":[{\"@type\":\"Article\",\"@id\":\"https:\\\/\\\/www.anovapeneira.gal\\\/index.php\\\/2021\\\/03\\\/26\\\/mudhar\\\/#article\",\"isPartOf\":{\"@id\":\"https:\\\/\\\/www.anovapeneira.gal\\\/index.php\\\/2021\\\/03\\\/26\\\/mudhar\\\/\"},\"author\":{\"name\":\"Andr\u00e9s Cou\u00f1ago\",\"@id\":\"https:\\\/\\\/www.anovapeneira.gal\\\/#\\\/schema\\\/person\\\/e69606857344e399ba73c917333a6477\"},\"headline\":\"Mudhar\",\"datePublished\":\"2021-03-26T11:00:34+00:00\",\"mainEntityOfPage\":{\"@id\":\"https:\\\/\\\/www.anovapeneira.gal\\\/index.php\\\/2021\\\/03\\\/26\\\/mudhar\\\/\"},\"wordCount\":986,\"commentCount\":0,\"publisher\":{\"@id\":\"https:\\\/\\\/www.anovapeneira.gal\\\/#organization\"},\"image\":{\"@id\":\"https:\\\/\\\/www.anovapeneira.gal\\\/index.php\\\/2021\\\/03\\\/26\\\/mudhar\\\/#primaryimage\"},\"thumbnailUrl\":\"https:\\\/\\\/www.anovapeneira.gal\\\/wp-content\\\/uploads\\\/2019\\\/07\\\/ARTIGO_DE_OPINION_A_NOVA_PENEIRA.jpg\",\"keywords\":[\"Opini\u00f3n\"],\"articleSection\":[\"Artigos de opini\u00f3n\"],\"inLanguage\":\"gl-ES\",\"potentialAction\":[{\"@type\":\"CommentAction\",\"name\":\"Comment\",\"target\":[\"https:\\\/\\\/www.anovapeneira.gal\\\/index.php\\\/2021\\\/03\\\/26\\\/mudhar\\\/#respond\"]}]},{\"@type\":\"WebPage\",\"@id\":\"https:\\\/\\\/www.anovapeneira.gal\\\/index.php\\\/2021\\\/03\\\/26\\\/mudhar\\\/\",\"url\":\"https:\\\/\\\/www.anovapeneira.gal\\\/index.php\\\/2021\\\/03\\\/26\\\/mudhar\\\/\",\"name\":\"Mudhar -\",\"isPartOf\":{\"@id\":\"https:\\\/\\\/www.anovapeneira.gal\\\/#website\"},\"primaryImageOfPage\":{\"@id\":\"https:\\\/\\\/www.anovapeneira.gal\\\/index.php\\\/2021\\\/03\\\/26\\\/mudhar\\\/#primaryimage\"},\"image\":{\"@id\":\"https:\\\/\\\/www.anovapeneira.gal\\\/index.php\\\/2021\\\/03\\\/26\\\/mudhar\\\/#primaryimage\"},\"thumbnailUrl\":\"https:\\\/\\\/www.anovapeneira.gal\\\/wp-content\\\/uploads\\\/2019\\\/07\\\/ARTIGO_DE_OPINION_A_NOVA_PENEIRA.jpg\",\"datePublished\":\"2021-03-26T11:00:34+00:00\",\"description\":\"Os entendidos no oficio de vivir din: a vida, para vivila, hai que mirala cara a adiante, para entendela hai que mirala cara a atr\u00e1s. Par\u00e9cenos de moita raz\u00f3n a sentenza.\",\"breadcrumb\":{\"@id\":\"https:\\\/\\\/www.anovapeneira.gal\\\/index.php\\\/2021\\\/03\\\/26\\\/mudhar\\\/#breadcrumb\"},\"inLanguage\":\"gl-ES\",\"potentialAction\":[{\"@type\":\"ReadAction\",\"target\":[\"https:\\\/\\\/www.anovapeneira.gal\\\/index.php\\\/2021\\\/03\\\/26\\\/mudhar\\\/\"]}]},{\"@type\":\"ImageObject\",\"inLanguage\":\"gl-ES\",\"@id\":\"https:\\\/\\\/www.anovapeneira.gal\\\/index.php\\\/2021\\\/03\\\/26\\\/mudhar\\\/#primaryimage\",\"url\":\"https:\\\/\\\/www.anovapeneira.gal\\\/wp-content\\\/uploads\\\/2019\\\/07\\\/ARTIGO_DE_OPINION_A_NOVA_PENEIRA.jpg\",\"contentUrl\":\"https:\\\/\\\/www.anovapeneira.gal\\\/wp-content\\\/uploads\\\/2019\\\/07\\\/ARTIGO_DE_OPINION_A_NOVA_PENEIRA.jpg\",\"width\":720,\"height\":473,\"caption\":\"Artigo de opini\u00f3n A Nova Peneira\"},{\"@type\":\"BreadcrumbList\",\"@id\":\"https:\\\/\\\/www.anovapeneira.gal\\\/index.php\\\/2021\\\/03\\\/26\\\/mudhar\\\/#breadcrumb\",\"itemListElement\":[{\"@type\":\"ListItem\",\"position\":1,\"name\":\"Portada\",\"item\":\"https:\\\/\\\/www.anovapeneira.gal\\\/\"},{\"@type\":\"ListItem\",\"position\":2,\"name\":\"Mudhar\"}]},{\"@type\":\"WebSite\",\"@id\":\"https:\\\/\\\/www.anovapeneira.gal\\\/#website\",\"url\":\"https:\\\/\\\/www.anovapeneira.gal\\\/\",\"name\":\"\",\"description\":\"Xornal galego de informaci\u00f3n xeral Publicaci\u00f3n mensual de novas de Galicia e en especial dos Concellos da sur da provincia de Pontevedra.\",\"publisher\":{\"@id\":\"https:\\\/\\\/www.anovapeneira.gal\\\/#organization\"},\"potentialAction\":[{\"@type\":\"SearchAction\",\"target\":{\"@type\":\"EntryPoint\",\"urlTemplate\":\"https:\\\/\\\/www.anovapeneira.gal\\\/?s={search_term_string}\"},\"query-input\":{\"@type\":\"PropertyValueSpecification\",\"valueRequired\":true,\"valueName\":\"search_term_string\"}}],\"inLanguage\":\"gl-ES\"},{\"@type\":\"Organization\",\"@id\":\"https:\\\/\\\/www.anovapeneira.gal\\\/#organization\",\"name\":\"A Nova Peneira\",\"url\":\"https:\\\/\\\/www.anovapeneira.gal\\\/\",\"logo\":{\"@type\":\"ImageObject\",\"inLanguage\":\"gl-ES\",\"@id\":\"https:\\\/\\\/www.anovapeneira.gal\\\/#\\\/schema\\\/logo\\\/image\\\/\",\"url\":\"http:\\\/\\\/www.anovapeneira.gal\\\/wp-content\\\/uploads\\\/2019\\\/06\\\/logo_a_nova_peneira_portal_web.png\",\"contentUrl\":\"http:\\\/\\\/www.anovapeneira.gal\\\/wp-content\\\/uploads\\\/2019\\\/06\\\/logo_a_nova_peneira_portal_web.png\",\"width\":300,\"height\":100,\"caption\":\"A Nova Peneira\"},\"image\":{\"@id\":\"https:\\\/\\\/www.anovapeneira.gal\\\/#\\\/schema\\\/logo\\\/image\\\/\"},\"sameAs\":[\"https:\\\/\\\/www.facebook.com\\\/anovapeneira\",\"https:\\\/\\\/x.com\\\/APeneira\"]},{\"@type\":\"Person\",\"@id\":\"https:\\\/\\\/www.anovapeneira.gal\\\/#\\\/schema\\\/person\\\/e69606857344e399ba73c917333a6477\",\"name\":\"Andr\u00e9s Cou\u00f1ago\",\"image\":{\"@type\":\"ImageObject\",\"inLanguage\":\"gl-ES\",\"@id\":\"https:\\\/\\\/secure.gravatar.com\\\/avatar\\\/3f243567e3458b933b9da8c60ba286e080e6f6ec65981230a64797648ac1aa86?s=96&d=mm&r=g\",\"url\":\"https:\\\/\\\/secure.gravatar.com\\\/avatar\\\/3f243567e3458b933b9da8c60ba286e080e6f6ec65981230a64797648ac1aa86?s=96&d=mm&r=g\",\"contentUrl\":\"https:\\\/\\\/secure.gravatar.com\\\/avatar\\\/3f243567e3458b933b9da8c60ba286e080e6f6ec65981230a64797648ac1aa86?s=96&d=mm&r=g\",\"caption\":\"Andr\u00e9s Cou\u00f1ago\"},\"url\":\"https:\\\/\\\/www.anovapeneira.gal\\\/index.php\\\/author\\\/andres-c\\\/\"}]}<\/script>\n<!-- \/ Yoast SEO plugin. -->","yoast_head_json":{"title":"Mudhar -","description":"Os entendidos no oficio de vivir din: a vida, para vivila, hai que mirala cara a adiante, para entendela hai que mirala cara a atr\u00e1s. Par\u00e9cenos de moita raz\u00f3n a sentenza.","robots":{"index":"index","follow":"follow","max-snippet":"max-snippet:-1","max-image-preview":"max-image-preview:large","max-video-preview":"max-video-preview:-1"},"canonical":"https:\/\/www.anovapeneira.gal\/index.php\/2021\/03\/26\/mudhar\/","og_locale":"gl_ES","og_type":"article","og_title":"Mudhar","og_description":"Os entendidos no oficio de vivir din: a vida, para vivila, hai que mirala cara a adiante, para entendela hai que mirala cara a atr\u00e1s. Par\u00e9cenos de moita raz\u00f3n a sentenza","og_url":"https:\/\/www.anovapeneira.gal\/index.php\/2021\/03\/26\/mudhar\/","article_publisher":"https:\/\/www.facebook.com\/anovapeneira","article_published_time":"2021-03-26T11:00:34+00:00","og_image":[{"width":720,"height":473,"url":"https:\/\/www.anovapeneira.gal\/wp-content\/uploads\/2019\/07\/ARTIGO_DE_OPINION_A_NOVA_PENEIRA.jpg","type":"image\/jpeg"}],"author":"Andr\u00e9s Cou\u00f1ago","twitter_card":"summary_large_image","twitter_title":"Mudhar","twitter_description":"Os entendidos no oficio de vivir din: a vida, para vivila, hai que mirala cara a adiante, para entendela hai que mirala cara a atr\u00e1s. Par\u00e9cenos de moita raz\u00f3n a sentenza","twitter_image":"https:\/\/www.anovapeneira.gal\/wp-content\/uploads\/2019\/07\/ARTIGO_DE_OPINION_A_NOVA_PENEIRA.jpg","twitter_creator":"@APeneira","twitter_site":"@APeneira","twitter_misc":{"Escrito por":"Andr\u00e9s Cou\u00f1ago","Tempo de lectura":"2 minutos"},"schema":{"@context":"https:\/\/schema.org","@graph":[{"@type":"Article","@id":"https:\/\/www.anovapeneira.gal\/index.php\/2021\/03\/26\/mudhar\/#article","isPartOf":{"@id":"https:\/\/www.anovapeneira.gal\/index.php\/2021\/03\/26\/mudhar\/"},"author":{"name":"Andr\u00e9s Cou\u00f1ago","@id":"https:\/\/www.anovapeneira.gal\/#\/schema\/person\/e69606857344e399ba73c917333a6477"},"headline":"Mudhar","datePublished":"2021-03-26T11:00:34+00:00","mainEntityOfPage":{"@id":"https:\/\/www.anovapeneira.gal\/index.php\/2021\/03\/26\/mudhar\/"},"wordCount":986,"commentCount":0,"publisher":{"@id":"https:\/\/www.anovapeneira.gal\/#organization"},"image":{"@id":"https:\/\/www.anovapeneira.gal\/index.php\/2021\/03\/26\/mudhar\/#primaryimage"},"thumbnailUrl":"https:\/\/www.anovapeneira.gal\/wp-content\/uploads\/2019\/07\/ARTIGO_DE_OPINION_A_NOVA_PENEIRA.jpg","keywords":["Opini\u00f3n"],"articleSection":["Artigos de opini\u00f3n"],"inLanguage":"gl-ES","potentialAction":[{"@type":"CommentAction","name":"Comment","target":["https:\/\/www.anovapeneira.gal\/index.php\/2021\/03\/26\/mudhar\/#respond"]}]},{"@type":"WebPage","@id":"https:\/\/www.anovapeneira.gal\/index.php\/2021\/03\/26\/mudhar\/","url":"https:\/\/www.anovapeneira.gal\/index.php\/2021\/03\/26\/mudhar\/","name":"Mudhar -","isPartOf":{"@id":"https:\/\/www.anovapeneira.gal\/#website"},"primaryImageOfPage":{"@id":"https:\/\/www.anovapeneira.gal\/index.php\/2021\/03\/26\/mudhar\/#primaryimage"},"image":{"@id":"https:\/\/www.anovapeneira.gal\/index.php\/2021\/03\/26\/mudhar\/#primaryimage"},"thumbnailUrl":"https:\/\/www.anovapeneira.gal\/wp-content\/uploads\/2019\/07\/ARTIGO_DE_OPINION_A_NOVA_PENEIRA.jpg","datePublished":"2021-03-26T11:00:34+00:00","description":"Os entendidos no oficio de vivir din: a vida, para vivila, hai que mirala cara a adiante, para entendela hai que mirala cara a atr\u00e1s. Par\u00e9cenos de moita raz\u00f3n a sentenza.","breadcrumb":{"@id":"https:\/\/www.anovapeneira.gal\/index.php\/2021\/03\/26\/mudhar\/#breadcrumb"},"inLanguage":"gl-ES","potentialAction":[{"@type":"ReadAction","target":["https:\/\/www.anovapeneira.gal\/index.php\/2021\/03\/26\/mudhar\/"]}]},{"@type":"ImageObject","inLanguage":"gl-ES","@id":"https:\/\/www.anovapeneira.gal\/index.php\/2021\/03\/26\/mudhar\/#primaryimage","url":"https:\/\/www.anovapeneira.gal\/wp-content\/uploads\/2019\/07\/ARTIGO_DE_OPINION_A_NOVA_PENEIRA.jpg","contentUrl":"https:\/\/www.anovapeneira.gal\/wp-content\/uploads\/2019\/07\/ARTIGO_DE_OPINION_A_NOVA_PENEIRA.jpg","width":720,"height":473,"caption":"Artigo de opini\u00f3n A Nova Peneira"},{"@type":"BreadcrumbList","@id":"https:\/\/www.anovapeneira.gal\/index.php\/2021\/03\/26\/mudhar\/#breadcrumb","itemListElement":[{"@type":"ListItem","position":1,"name":"Portada","item":"https:\/\/www.anovapeneira.gal\/"},{"@type":"ListItem","position":2,"name":"Mudhar"}]},{"@type":"WebSite","@id":"https:\/\/www.anovapeneira.gal\/#website","url":"https:\/\/www.anovapeneira.gal\/","name":"","description":"Xornal galego de informaci\u00f3n xeral Publicaci\u00f3n mensual de novas de Galicia e en especial dos Concellos da sur da provincia de Pontevedra.","publisher":{"@id":"https:\/\/www.anovapeneira.gal\/#organization"},"potentialAction":[{"@type":"SearchAction","target":{"@type":"EntryPoint","urlTemplate":"https:\/\/www.anovapeneira.gal\/?s={search_term_string}"},"query-input":{"@type":"PropertyValueSpecification","valueRequired":true,"valueName":"search_term_string"}}],"inLanguage":"gl-ES"},{"@type":"Organization","@id":"https:\/\/www.anovapeneira.gal\/#organization","name":"A Nova Peneira","url":"https:\/\/www.anovapeneira.gal\/","logo":{"@type":"ImageObject","inLanguage":"gl-ES","@id":"https:\/\/www.anovapeneira.gal\/#\/schema\/logo\/image\/","url":"http:\/\/www.anovapeneira.gal\/wp-content\/uploads\/2019\/06\/logo_a_nova_peneira_portal_web.png","contentUrl":"http:\/\/www.anovapeneira.gal\/wp-content\/uploads\/2019\/06\/logo_a_nova_peneira_portal_web.png","width":300,"height":100,"caption":"A Nova Peneira"},"image":{"@id":"https:\/\/www.anovapeneira.gal\/#\/schema\/logo\/image\/"},"sameAs":["https:\/\/www.facebook.com\/anovapeneira","https:\/\/x.com\/APeneira"]},{"@type":"Person","@id":"https:\/\/www.anovapeneira.gal\/#\/schema\/person\/e69606857344e399ba73c917333a6477","name":"Andr\u00e9s Cou\u00f1ago","image":{"@type":"ImageObject","inLanguage":"gl-ES","@id":"https:\/\/secure.gravatar.com\/avatar\/3f243567e3458b933b9da8c60ba286e080e6f6ec65981230a64797648ac1aa86?s=96&d=mm&r=g","url":"https:\/\/secure.gravatar.com\/avatar\/3f243567e3458b933b9da8c60ba286e080e6f6ec65981230a64797648ac1aa86?s=96&d=mm&r=g","contentUrl":"https:\/\/secure.gravatar.com\/avatar\/3f243567e3458b933b9da8c60ba286e080e6f6ec65981230a64797648ac1aa86?s=96&d=mm&r=g","caption":"Andr\u00e9s Cou\u00f1ago"},"url":"https:\/\/www.anovapeneira.gal\/index.php\/author\/andres-c\/"}]}},"jetpack_featured_media_url":"https:\/\/www.anovapeneira.gal\/wp-content\/uploads\/2019\/07\/ARTIGO_DE_OPINION_A_NOVA_PENEIRA.jpg","_links":{"self":[{"href":"https:\/\/www.anovapeneira.gal\/index.php\/wp-json\/wp\/v2\/posts\/5120","targetHints":{"allow":["GET"]}}],"collection":[{"href":"https:\/\/www.anovapeneira.gal\/index.php\/wp-json\/wp\/v2\/posts"}],"about":[{"href":"https:\/\/www.anovapeneira.gal\/index.php\/wp-json\/wp\/v2\/types\/post"}],"author":[{"embeddable":true,"href":"https:\/\/www.anovapeneira.gal\/index.php\/wp-json\/wp\/v2\/users\/33"}],"replies":[{"embeddable":true,"href":"https:\/\/www.anovapeneira.gal\/index.php\/wp-json\/wp\/v2\/comments?post=5120"}],"version-history":[{"count":1,"href":"https:\/\/www.anovapeneira.gal\/index.php\/wp-json\/wp\/v2\/posts\/5120\/revisions"}],"predecessor-version":[{"id":5121,"href":"https:\/\/www.anovapeneira.gal\/index.php\/wp-json\/wp\/v2\/posts\/5120\/revisions\/5121"}],"wp:featuredmedia":[{"embeddable":true,"href":"https:\/\/www.anovapeneira.gal\/index.php\/wp-json\/wp\/v2\/media\/584"}],"wp:attachment":[{"href":"https:\/\/www.anovapeneira.gal\/index.php\/wp-json\/wp\/v2\/media?parent=5120"}],"wp:term":[{"taxonomy":"category","embeddable":true,"href":"https:\/\/www.anovapeneira.gal\/index.php\/wp-json\/wp\/v2\/categories?post=5120"},{"taxonomy":"post_tag","embeddable":true,"href":"https:\/\/www.anovapeneira.gal\/index.php\/wp-json\/wp\/v2\/tags?post=5120"}],"curies":[{"name":"wp","href":"https:\/\/api.w.org\/{rel}","templated":true}]}}