{"id":5129,"date":"2021-03-30T10:00:53","date_gmt":"2021-03-30T08:00:53","guid":{"rendered":"http:\/\/www.anovapeneira.gal\/?p=5129"},"modified":"2021-03-25T17:25:55","modified_gmt":"2021-03-25T16:25:55","slug":"o-concello-de-nigran-renova-a-regulacion-do-aparcamento-de-caravanas-nas-zonas-de-praia-desde-semana-santa-ata-fin-de-setembro","status":"publish","type":"post","link":"https:\/\/www.anovapeneira.gal\/index.php\/2021\/03\/30\/o-concello-de-nigran-renova-a-regulacion-do-aparcamento-de-caravanas-nas-zonas-de-praia-desde-semana-santa-ata-fin-de-setembro\/","title":{"rendered":"O Concello de Nigr\u00e1n renova a regulaci\u00f3n do aparcamento de caravanas nas zonas de praia desde Semana Santa ata fin de setembro"},"content":{"rendered":"\n<h2 class=\"wp-block-heading\"><strong>Ante o continuo auxe deste tipo de turismo o Concello renova o bando que reserva 30 prazas en cinco aparcamentos das diferentes praias para uso exclusivo de caravanas ou similares<\/strong><\/h2>\n\n\n\n<p><strong>&#8220;O ano pasado iniciamos a regulaci\u00f3n na tempada estival e funcionou moi ben. Agora prevemos que coa chegada da Semana Santa e a Primavera o turismo se multiplique en Nigr\u00e1n, por iso debemos harmonizar a convivencia dos caravanistas coa dos propios veci\u00f1os e demais visitantes&#8221;, explica o alcalde, Juan Gonz\u00e1lez<\/strong><\/p>\n\n\n\n<p><strong>Nigr\u00e1n, 23 de marzo de 2021<\/strong><\/p>\n\n\n\n<p>O Concello de Nigr\u00e1n prorrogar\u00e1 desde o 27 de marzo ao 30 de setembro de 2021 o bando de urxencia que regula o aparcamento de caravanas nas zonas de praia do municipio co fin de garantir os dereitos dos caravanistas a aparcar (non acampar) e dos demais visitantes que acuden en turismos. Deste xeito, o Concello renova a vixencia do bando ditado o 24 de xullo e que caducara o 15 de outubro e que consiste en sinalizar 30 prazas de uso exclusivo de caravanas ou veh\u00edculos de similares dimensi\u00f3ns en cinco zonas de praia (d\u00faas \u00e1reas de Praia Am\u00e9rica, unha en Panx\u00f3n e outras d\u00faas en Patos).<\/p>\n\n\n\n<p>&#8220;O ano pasado iniciamos a regulaci\u00f3n na tempada estival e funcionou moi ben. Agora prevemos que coa chegada da Semana Santa e a Primavera o turismo se multiplique en Nigr\u00e1n, por iso debemos harmonizar a convivencia dos caravanistas coa dos propios veci\u00f1os e demais visitantes. Consideramos que o turismo de caravanas \u00e9 beneficioso para a econom\u00eda local e protexemos os seu dereito a aparcar nas zonas de praia, non a acampar, e o facemos harmonizando usos&#8221;, indica o alcalde, Juan Gonz\u00e1lez, quen defende que o turismo de caravanas &#8220;est\u00e1 en auxe precisamente pola crise do covid-19 e \u00e9 unha oportunidade m\u00e1is para Nigr\u00e1n que non se pode rexeitar&#8221;. Neste sentido, remarca que, precisamente, o Camping de Playa Am\u00e9rica abrir\u00e1 as s\u00faas portas o 26 de marzo e conta con todos os servizos para caravanas.<\/p>\n\n\n\n<p>Tal e como sinala o propio bando do Concello de Nigr\u00e1n, as bolsas de aparcamento ao car\u00f3n das praias son moi limitadas en relaci\u00f3n ao n\u00famero de persoas que se desprazan en veh\u00edculos \u00e1s mesmas, por esta raz\u00f3n, \u00e9 preciso garantir o dereito a aparcar de todos establecendo zonas exclusivas para os de grandes dimensi\u00f3ns e que, ao mesmo tempo, estes non ocupen o resto do espazo non destinado a eles desde as 10:00 \u00e1s 21:00 horas. &#8220;Tr\u00e1tase de harmonizar e regular polo interese de todos, non de prohibir&#8221;, incide Gonz\u00e1lez, quen sublil\u00f1a que &#8220;non \u00e9 o mismo aparcar que acampar, xa que a acampada libre est\u00e1 expresamente prohibida&#8221;.<\/p>\n\n\n\n<p>As\u00ed, as zonas onde as caravanas ou similares te\u00f1en xa a s\u00faa zona de aparcamento exclusivo, convintemente sinalizado, son en Praia Am\u00e9rica na zona de Fonte Seca e a antiga escola de vela; en Panx\u00f3n no Campo de Redes e en Patos nas escolas de surf e Cansadoura.<\/p>\n","protected":false},"excerpt":{"rendered":"<div class=\"mh-excerpt\"><p>Ante o continuo auxe deste tipo de turismo o Concello renova o bando que reserva 30 prazas en cinco aparcamentos das diferentes praias para uso exclusivo de caravanas ou similares <a class=\"mh-excerpt-more\" href=\"https:\/\/www.anovapeneira.gal\/index.php\/2021\/03\/30\/o-concello-de-nigran-renova-a-regulacion-do-aparcamento-de-caravanas-nas-zonas-de-praia-desde-semana-santa-ata-fin-de-setembro\/\" title=\"O Concello de Nigr\u00e1n renova a regulaci\u00f3n do aparcamento de caravanas nas zonas de praia desde Semana Santa ata fin de setembro\">[&#8230;]<\/a><\/p>\n<\/div>","protected":false},"author":3,"featured_media":5130,"comment_status":"open","ping_status":"open","sticky":false,"template":"","format":"standard","meta":{"_exactmetrics_skip_tracking":false,"_exactmetrics_sitenote_active":false,"_exactmetrics_sitenote_note":"","_exactmetrics_sitenote_category":0,"footnotes":""},"categories":[20],"tags":[135],"class_list":{"0":"post-5129","1":"post","2":"type-post","3":"status-publish","4":"format-standard","5":"has-post-thumbnail","7":"category-val-minor","8":"tag-concello-de-nigran"},"yoast_head":"<!-- This site is optimized with the Yoast SEO plugin v27.4 - https:\/\/yoast.com\/product\/yoast-seo-wordpress\/ -->\n<title>O Concello de Nigr\u00e1n renova a regulaci\u00f3n do aparcamento de caravanas nas zonas de praia desde Semana Santa ata fin de setembro -<\/title>\n<meta name=\"robots\" content=\"index, follow, max-snippet:-1, max-image-preview:large, max-video-preview:-1\" \/>\n<link rel=\"canonical\" href=\"https:\/\/www.anovapeneira.gal\/index.php\/2021\/03\/30\/o-concello-de-nigran-renova-a-regulacion-do-aparcamento-de-caravanas-nas-zonas-de-praia-desde-semana-santa-ata-fin-de-setembro\/\" \/>\n<meta property=\"og:locale\" content=\"gl_ES\" \/>\n<meta property=\"og:type\" content=\"article\" \/>\n<meta property=\"og:title\" content=\"O Concello de Nigr\u00e1n renova a regulaci\u00f3n do aparcamento de caravanas nas zonas de praia desde Semana Santa ata fin de setembro -\" \/>\n<meta property=\"og:description\" content=\"Ante o continuo auxe deste tipo de turismo o Concello renova o bando que reserva 30 prazas en cinco aparcamentos das diferentes praias para uso exclusivo de caravanas ou similares [...]\" \/>\n<meta property=\"og:url\" content=\"https:\/\/www.anovapeneira.gal\/index.php\/2021\/03\/30\/o-concello-de-nigran-renova-a-regulacion-do-aparcamento-de-caravanas-nas-zonas-de-praia-desde-semana-santa-ata-fin-de-setembro\/\" \/>\n<meta property=\"article:publisher\" content=\"https:\/\/www.facebook.com\/anovapeneira\" \/>\n<meta property=\"article:published_time\" content=\"2021-03-30T08:00:53+00:00\" \/>\n<meta property=\"og:image\" content=\"https:\/\/www.anovapeneira.gal\/wp-content\/uploads\/2021\/03\/autocaravanas_concello_nigran.jpg\" \/>\n\t<meta property=\"og:image:width\" content=\"720\" \/>\n\t<meta property=\"og:image:height\" content=\"432\" \/>\n\t<meta property=\"og:image:type\" content=\"image\/jpeg\" \/>\n<meta name=\"author\" content=\"Redacci\u00f3n A Nova Peneira\" \/>\n<meta name=\"twitter:card\" content=\"summary_large_image\" \/>\n<meta name=\"twitter:creator\" content=\"@APeneira\" \/>\n<meta name=\"twitter:site\" content=\"@APeneira\" \/>\n<meta name=\"twitter:label1\" content=\"Escrito por\" \/>\n\t<meta name=\"twitter:data1\" content=\"Redacci\u00f3n A Nova Peneira\" \/>\n\t<meta name=\"twitter:label2\" content=\"Tempo de lectura\" \/>\n\t<meta name=\"twitter:data2\" content=\"3 minutos\" \/>\n<script type=\"application\/ld+json\" class=\"yoast-schema-graph\">{\"@context\":\"https:\\\/\\\/schema.org\",\"@graph\":[{\"@type\":\"Article\",\"@id\":\"https:\\\/\\\/www.anovapeneira.gal\\\/index.php\\\/2021\\\/03\\\/30\\\/o-concello-de-nigran-renova-a-regulacion-do-aparcamento-de-caravanas-nas-zonas-de-praia-desde-semana-santa-ata-fin-de-setembro\\\/#article\",\"isPartOf\":{\"@id\":\"https:\\\/\\\/www.anovapeneira.gal\\\/index.php\\\/2021\\\/03\\\/30\\\/o-concello-de-nigran-renova-a-regulacion-do-aparcamento-de-caravanas-nas-zonas-de-praia-desde-semana-santa-ata-fin-de-setembro\\\/\"},\"author\":{\"name\":\"Redacci\u00f3n A Nova Peneira\",\"@id\":\"https:\\\/\\\/www.anovapeneira.gal\\\/#\\\/schema\\\/person\\\/b93e3f8932e3f8da96334607eb6ac6aa\"},\"headline\":\"O Concello de Nigr\u00e1n renova a regulaci\u00f3n do aparcamento de caravanas nas zonas de praia desde Semana Santa ata fin de setembro\",\"datePublished\":\"2021-03-30T08:00:53+00:00\",\"mainEntityOfPage\":{\"@id\":\"https:\\\/\\\/www.anovapeneira.gal\\\/index.php\\\/2021\\\/03\\\/30\\\/o-concello-de-nigran-renova-a-regulacion-do-aparcamento-de-caravanas-nas-zonas-de-praia-desde-semana-santa-ata-fin-de-setembro\\\/\"},\"wordCount\":528,\"commentCount\":0,\"publisher\":{\"@id\":\"https:\\\/\\\/www.anovapeneira.gal\\\/#organization\"},\"image\":{\"@id\":\"https:\\\/\\\/www.anovapeneira.gal\\\/index.php\\\/2021\\\/03\\\/30\\\/o-concello-de-nigran-renova-a-regulacion-do-aparcamento-de-caravanas-nas-zonas-de-praia-desde-semana-santa-ata-fin-de-setembro\\\/#primaryimage\"},\"thumbnailUrl\":\"https:\\\/\\\/www.anovapeneira.gal\\\/wp-content\\\/uploads\\\/2021\\\/03\\\/autocaravanas_concello_nigran.jpg\",\"keywords\":[\"Concello de Nigr\u00e1n\"],\"articleSection\":[\"Val Mi\u00f1or\"],\"inLanguage\":\"gl-ES\",\"potentialAction\":[{\"@type\":\"CommentAction\",\"name\":\"Comment\",\"target\":[\"https:\\\/\\\/www.anovapeneira.gal\\\/index.php\\\/2021\\\/03\\\/30\\\/o-concello-de-nigran-renova-a-regulacion-do-aparcamento-de-caravanas-nas-zonas-de-praia-desde-semana-santa-ata-fin-de-setembro\\\/#respond\"]}]},{\"@type\":\"WebPage\",\"@id\":\"https:\\\/\\\/www.anovapeneira.gal\\\/index.php\\\/2021\\\/03\\\/30\\\/o-concello-de-nigran-renova-a-regulacion-do-aparcamento-de-caravanas-nas-zonas-de-praia-desde-semana-santa-ata-fin-de-setembro\\\/\",\"url\":\"https:\\\/\\\/www.anovapeneira.gal\\\/index.php\\\/2021\\\/03\\\/30\\\/o-concello-de-nigran-renova-a-regulacion-do-aparcamento-de-caravanas-nas-zonas-de-praia-desde-semana-santa-ata-fin-de-setembro\\\/\",\"name\":\"O Concello de Nigr\u00e1n renova a regulaci\u00f3n do aparcamento de caravanas nas zonas de praia desde Semana Santa ata fin de setembro -\",\"isPartOf\":{\"@id\":\"https:\\\/\\\/www.anovapeneira.gal\\\/#website\"},\"primaryImageOfPage\":{\"@id\":\"https:\\\/\\\/www.anovapeneira.gal\\\/index.php\\\/2021\\\/03\\\/30\\\/o-concello-de-nigran-renova-a-regulacion-do-aparcamento-de-caravanas-nas-zonas-de-praia-desde-semana-santa-ata-fin-de-setembro\\\/#primaryimage\"},\"image\":{\"@id\":\"https:\\\/\\\/www.anovapeneira.gal\\\/index.php\\\/2021\\\/03\\\/30\\\/o-concello-de-nigran-renova-a-regulacion-do-aparcamento-de-caravanas-nas-zonas-de-praia-desde-semana-santa-ata-fin-de-setembro\\\/#primaryimage\"},\"thumbnailUrl\":\"https:\\\/\\\/www.anovapeneira.gal\\\/wp-content\\\/uploads\\\/2021\\\/03\\\/autocaravanas_concello_nigran.jpg\",\"datePublished\":\"2021-03-30T08:00:53+00:00\",\"breadcrumb\":{\"@id\":\"https:\\\/\\\/www.anovapeneira.gal\\\/index.php\\\/2021\\\/03\\\/30\\\/o-concello-de-nigran-renova-a-regulacion-do-aparcamento-de-caravanas-nas-zonas-de-praia-desde-semana-santa-ata-fin-de-setembro\\\/#breadcrumb\"},\"inLanguage\":\"gl-ES\",\"potentialAction\":[{\"@type\":\"ReadAction\",\"target\":[\"https:\\\/\\\/www.anovapeneira.gal\\\/index.php\\\/2021\\\/03\\\/30\\\/o-concello-de-nigran-renova-a-regulacion-do-aparcamento-de-caravanas-nas-zonas-de-praia-desde-semana-santa-ata-fin-de-setembro\\\/\"]}]},{\"@type\":\"ImageObject\",\"inLanguage\":\"gl-ES\",\"@id\":\"https:\\\/\\\/www.anovapeneira.gal\\\/index.php\\\/2021\\\/03\\\/30\\\/o-concello-de-nigran-renova-a-regulacion-do-aparcamento-de-caravanas-nas-zonas-de-praia-desde-semana-santa-ata-fin-de-setembro\\\/#primaryimage\",\"url\":\"https:\\\/\\\/www.anovapeneira.gal\\\/wp-content\\\/uploads\\\/2021\\\/03\\\/autocaravanas_concello_nigran.jpg\",\"contentUrl\":\"https:\\\/\\\/www.anovapeneira.gal\\\/wp-content\\\/uploads\\\/2021\\\/03\\\/autocaravanas_concello_nigran.jpg\",\"width\":720,\"height\":432,\"caption\":\"O Concello de Nigr\u00e1n renova a regulaci\u00f3n do aparcamento de caravanas nas zonas de praia desde Semana Santa ata fin de setembro\"},{\"@type\":\"BreadcrumbList\",\"@id\":\"https:\\\/\\\/www.anovapeneira.gal\\\/index.php\\\/2021\\\/03\\\/30\\\/o-concello-de-nigran-renova-a-regulacion-do-aparcamento-de-caravanas-nas-zonas-de-praia-desde-semana-santa-ata-fin-de-setembro\\\/#breadcrumb\",\"itemListElement\":[{\"@type\":\"ListItem\",\"position\":1,\"name\":\"Portada\",\"item\":\"https:\\\/\\\/www.anovapeneira.gal\\\/\"},{\"@type\":\"ListItem\",\"position\":2,\"name\":\"O Concello de Nigr\u00e1n renova a regulaci\u00f3n do aparcamento de caravanas nas zonas de praia desde Semana Santa ata fin de setembro\"}]},{\"@type\":\"WebSite\",\"@id\":\"https:\\\/\\\/www.anovapeneira.gal\\\/#website\",\"url\":\"https:\\\/\\\/www.anovapeneira.gal\\\/\",\"name\":\"\",\"description\":\"Xornal galego de informaci\u00f3n xeral Publicaci\u00f3n mensual de novas de Galicia e en especial dos Concellos da sur da provincia de Pontevedra.\",\"publisher\":{\"@id\":\"https:\\\/\\\/www.anovapeneira.gal\\\/#organization\"},\"potentialAction\":[{\"@type\":\"SearchAction\",\"target\":{\"@type\":\"EntryPoint\",\"urlTemplate\":\"https:\\\/\\\/www.anovapeneira.gal\\\/?s={search_term_string}\"},\"query-input\":{\"@type\":\"PropertyValueSpecification\",\"valueRequired\":true,\"valueName\":\"search_term_string\"}}],\"inLanguage\":\"gl-ES\"},{\"@type\":\"Organization\",\"@id\":\"https:\\\/\\\/www.anovapeneira.gal\\\/#organization\",\"name\":\"A Nova Peneira\",\"url\":\"https:\\\/\\\/www.anovapeneira.gal\\\/\",\"logo\":{\"@type\":\"ImageObject\",\"inLanguage\":\"gl-ES\",\"@id\":\"https:\\\/\\\/www.anovapeneira.gal\\\/#\\\/schema\\\/logo\\\/image\\\/\",\"url\":\"http:\\\/\\\/www.anovapeneira.gal\\\/wp-content\\\/uploads\\\/2019\\\/06\\\/logo_a_nova_peneira_portal_web.png\",\"contentUrl\":\"http:\\\/\\\/www.anovapeneira.gal\\\/wp-content\\\/uploads\\\/2019\\\/06\\\/logo_a_nova_peneira_portal_web.png\",\"width\":300,\"height\":100,\"caption\":\"A Nova Peneira\"},\"image\":{\"@id\":\"https:\\\/\\\/www.anovapeneira.gal\\\/#\\\/schema\\\/logo\\\/image\\\/\"},\"sameAs\":[\"https:\\\/\\\/www.facebook.com\\\/anovapeneira\",\"https:\\\/\\\/x.com\\\/APeneira\"]},{\"@type\":\"Person\",\"@id\":\"https:\\\/\\\/www.anovapeneira.gal\\\/#\\\/schema\\\/person\\\/b93e3f8932e3f8da96334607eb6ac6aa\",\"name\":\"Redacci\u00f3n A Nova Peneira\",\"image\":{\"@type\":\"ImageObject\",\"inLanguage\":\"gl-ES\",\"@id\":\"https:\\\/\\\/secure.gravatar.com\\\/avatar\\\/c052a2551a06e23fac63626232eaa90abd78dbcf1700fc46a2b2c89fd27b735f?s=96&d=mm&r=g\",\"url\":\"https:\\\/\\\/secure.gravatar.com\\\/avatar\\\/c052a2551a06e23fac63626232eaa90abd78dbcf1700fc46a2b2c89fd27b735f?s=96&d=mm&r=g\",\"contentUrl\":\"https:\\\/\\\/secure.gravatar.com\\\/avatar\\\/c052a2551a06e23fac63626232eaa90abd78dbcf1700fc46a2b2c89fd27b735f?s=96&d=mm&r=g\",\"caption\":\"Redacci\u00f3n A Nova Peneira\"},\"sameAs\":[\"http:\\\/\\\/www.anovapeneira.gal\\\/\"],\"url\":\"https:\\\/\\\/www.anovapeneira.gal\\\/index.php\\\/author\\\/redactor\\\/\"}]}<\/script>\n<!-- \/ Yoast SEO plugin. -->","yoast_head_json":{"title":"O Concello de Nigr\u00e1n renova a regulaci\u00f3n do aparcamento de caravanas nas zonas de praia desde Semana Santa ata fin de setembro -","robots":{"index":"index","follow":"follow","max-snippet":"max-snippet:-1","max-image-preview":"max-image-preview:large","max-video-preview":"max-video-preview:-1"},"canonical":"https:\/\/www.anovapeneira.gal\/index.php\/2021\/03\/30\/o-concello-de-nigran-renova-a-regulacion-do-aparcamento-de-caravanas-nas-zonas-de-praia-desde-semana-santa-ata-fin-de-setembro\/","og_locale":"gl_ES","og_type":"article","og_title":"O Concello de Nigr\u00e1n renova a regulaci\u00f3n do aparcamento de caravanas nas zonas de praia desde Semana Santa ata fin de setembro -","og_description":"Ante o continuo auxe deste tipo de turismo o Concello renova o bando que reserva 30 prazas en cinco aparcamentos das diferentes praias para uso exclusivo de caravanas ou similares [...]","og_url":"https:\/\/www.anovapeneira.gal\/index.php\/2021\/03\/30\/o-concello-de-nigran-renova-a-regulacion-do-aparcamento-de-caravanas-nas-zonas-de-praia-desde-semana-santa-ata-fin-de-setembro\/","article_publisher":"https:\/\/www.facebook.com\/anovapeneira","article_published_time":"2021-03-30T08:00:53+00:00","og_image":[{"width":720,"height":432,"url":"https:\/\/www.anovapeneira.gal\/wp-content\/uploads\/2021\/03\/autocaravanas_concello_nigran.jpg","type":"image\/jpeg"}],"author":"Redacci\u00f3n A Nova Peneira","twitter_card":"summary_large_image","twitter_creator":"@APeneira","twitter_site":"@APeneira","twitter_misc":{"Escrito por":"Redacci\u00f3n A Nova Peneira","Tempo de lectura":"3 minutos"},"schema":{"@context":"https:\/\/schema.org","@graph":[{"@type":"Article","@id":"https:\/\/www.anovapeneira.gal\/index.php\/2021\/03\/30\/o-concello-de-nigran-renova-a-regulacion-do-aparcamento-de-caravanas-nas-zonas-de-praia-desde-semana-santa-ata-fin-de-setembro\/#article","isPartOf":{"@id":"https:\/\/www.anovapeneira.gal\/index.php\/2021\/03\/30\/o-concello-de-nigran-renova-a-regulacion-do-aparcamento-de-caravanas-nas-zonas-de-praia-desde-semana-santa-ata-fin-de-setembro\/"},"author":{"name":"Redacci\u00f3n A Nova Peneira","@id":"https:\/\/www.anovapeneira.gal\/#\/schema\/person\/b93e3f8932e3f8da96334607eb6ac6aa"},"headline":"O Concello de Nigr\u00e1n renova a regulaci\u00f3n do aparcamento de caravanas nas zonas de praia desde Semana Santa ata fin de setembro","datePublished":"2021-03-30T08:00:53+00:00","mainEntityOfPage":{"@id":"https:\/\/www.anovapeneira.gal\/index.php\/2021\/03\/30\/o-concello-de-nigran-renova-a-regulacion-do-aparcamento-de-caravanas-nas-zonas-de-praia-desde-semana-santa-ata-fin-de-setembro\/"},"wordCount":528,"commentCount":0,"publisher":{"@id":"https:\/\/www.anovapeneira.gal\/#organization"},"image":{"@id":"https:\/\/www.anovapeneira.gal\/index.php\/2021\/03\/30\/o-concello-de-nigran-renova-a-regulacion-do-aparcamento-de-caravanas-nas-zonas-de-praia-desde-semana-santa-ata-fin-de-setembro\/#primaryimage"},"thumbnailUrl":"https:\/\/www.anovapeneira.gal\/wp-content\/uploads\/2021\/03\/autocaravanas_concello_nigran.jpg","keywords":["Concello de Nigr\u00e1n"],"articleSection":["Val Mi\u00f1or"],"inLanguage":"gl-ES","potentialAction":[{"@type":"CommentAction","name":"Comment","target":["https:\/\/www.anovapeneira.gal\/index.php\/2021\/03\/30\/o-concello-de-nigran-renova-a-regulacion-do-aparcamento-de-caravanas-nas-zonas-de-praia-desde-semana-santa-ata-fin-de-setembro\/#respond"]}]},{"@type":"WebPage","@id":"https:\/\/www.anovapeneira.gal\/index.php\/2021\/03\/30\/o-concello-de-nigran-renova-a-regulacion-do-aparcamento-de-caravanas-nas-zonas-de-praia-desde-semana-santa-ata-fin-de-setembro\/","url":"https:\/\/www.anovapeneira.gal\/index.php\/2021\/03\/30\/o-concello-de-nigran-renova-a-regulacion-do-aparcamento-de-caravanas-nas-zonas-de-praia-desde-semana-santa-ata-fin-de-setembro\/","name":"O Concello de Nigr\u00e1n renova a regulaci\u00f3n do aparcamento de caravanas nas zonas de praia desde Semana Santa ata fin de setembro -","isPartOf":{"@id":"https:\/\/www.anovapeneira.gal\/#website"},"primaryImageOfPage":{"@id":"https:\/\/www.anovapeneira.gal\/index.php\/2021\/03\/30\/o-concello-de-nigran-renova-a-regulacion-do-aparcamento-de-caravanas-nas-zonas-de-praia-desde-semana-santa-ata-fin-de-setembro\/#primaryimage"},"image":{"@id":"https:\/\/www.anovapeneira.gal\/index.php\/2021\/03\/30\/o-concello-de-nigran-renova-a-regulacion-do-aparcamento-de-caravanas-nas-zonas-de-praia-desde-semana-santa-ata-fin-de-setembro\/#primaryimage"},"thumbnailUrl":"https:\/\/www.anovapeneira.gal\/wp-content\/uploads\/2021\/03\/autocaravanas_concello_nigran.jpg","datePublished":"2021-03-30T08:00:53+00:00","breadcrumb":{"@id":"https:\/\/www.anovapeneira.gal\/index.php\/2021\/03\/30\/o-concello-de-nigran-renova-a-regulacion-do-aparcamento-de-caravanas-nas-zonas-de-praia-desde-semana-santa-ata-fin-de-setembro\/#breadcrumb"},"inLanguage":"gl-ES","potentialAction":[{"@type":"ReadAction","target":["https:\/\/www.anovapeneira.gal\/index.php\/2021\/03\/30\/o-concello-de-nigran-renova-a-regulacion-do-aparcamento-de-caravanas-nas-zonas-de-praia-desde-semana-santa-ata-fin-de-setembro\/"]}]},{"@type":"ImageObject","inLanguage":"gl-ES","@id":"https:\/\/www.anovapeneira.gal\/index.php\/2021\/03\/30\/o-concello-de-nigran-renova-a-regulacion-do-aparcamento-de-caravanas-nas-zonas-de-praia-desde-semana-santa-ata-fin-de-setembro\/#primaryimage","url":"https:\/\/www.anovapeneira.gal\/wp-content\/uploads\/2021\/03\/autocaravanas_concello_nigran.jpg","contentUrl":"https:\/\/www.anovapeneira.gal\/wp-content\/uploads\/2021\/03\/autocaravanas_concello_nigran.jpg","width":720,"height":432,"caption":"O Concello de Nigr\u00e1n renova a regulaci\u00f3n do aparcamento de caravanas nas zonas de praia desde Semana Santa ata fin de setembro"},{"@type":"BreadcrumbList","@id":"https:\/\/www.anovapeneira.gal\/index.php\/2021\/03\/30\/o-concello-de-nigran-renova-a-regulacion-do-aparcamento-de-caravanas-nas-zonas-de-praia-desde-semana-santa-ata-fin-de-setembro\/#breadcrumb","itemListElement":[{"@type":"ListItem","position":1,"name":"Portada","item":"https:\/\/www.anovapeneira.gal\/"},{"@type":"ListItem","position":2,"name":"O Concello de Nigr\u00e1n renova a regulaci\u00f3n do aparcamento de caravanas nas zonas de praia desde Semana Santa ata fin de setembro"}]},{"@type":"WebSite","@id":"https:\/\/www.anovapeneira.gal\/#website","url":"https:\/\/www.anovapeneira.gal\/","name":"","description":"Xornal galego de informaci\u00f3n xeral Publicaci\u00f3n mensual de novas de Galicia e en especial dos Concellos da sur da provincia de Pontevedra.","publisher":{"@id":"https:\/\/www.anovapeneira.gal\/#organization"},"potentialAction":[{"@type":"SearchAction","target":{"@type":"EntryPoint","urlTemplate":"https:\/\/www.anovapeneira.gal\/?s={search_term_string}"},"query-input":{"@type":"PropertyValueSpecification","valueRequired":true,"valueName":"search_term_string"}}],"inLanguage":"gl-ES"},{"@type":"Organization","@id":"https:\/\/www.anovapeneira.gal\/#organization","name":"A Nova Peneira","url":"https:\/\/www.anovapeneira.gal\/","logo":{"@type":"ImageObject","inLanguage":"gl-ES","@id":"https:\/\/www.anovapeneira.gal\/#\/schema\/logo\/image\/","url":"http:\/\/www.anovapeneira.gal\/wp-content\/uploads\/2019\/06\/logo_a_nova_peneira_portal_web.png","contentUrl":"http:\/\/www.anovapeneira.gal\/wp-content\/uploads\/2019\/06\/logo_a_nova_peneira_portal_web.png","width":300,"height":100,"caption":"A Nova Peneira"},"image":{"@id":"https:\/\/www.anovapeneira.gal\/#\/schema\/logo\/image\/"},"sameAs":["https:\/\/www.facebook.com\/anovapeneira","https:\/\/x.com\/APeneira"]},{"@type":"Person","@id":"https:\/\/www.anovapeneira.gal\/#\/schema\/person\/b93e3f8932e3f8da96334607eb6ac6aa","name":"Redacci\u00f3n A Nova Peneira","image":{"@type":"ImageObject","inLanguage":"gl-ES","@id":"https:\/\/secure.gravatar.com\/avatar\/c052a2551a06e23fac63626232eaa90abd78dbcf1700fc46a2b2c89fd27b735f?s=96&d=mm&r=g","url":"https:\/\/secure.gravatar.com\/avatar\/c052a2551a06e23fac63626232eaa90abd78dbcf1700fc46a2b2c89fd27b735f?s=96&d=mm&r=g","contentUrl":"https:\/\/secure.gravatar.com\/avatar\/c052a2551a06e23fac63626232eaa90abd78dbcf1700fc46a2b2c89fd27b735f?s=96&d=mm&r=g","caption":"Redacci\u00f3n A Nova Peneira"},"sameAs":["http:\/\/www.anovapeneira.gal\/"],"url":"https:\/\/www.anovapeneira.gal\/index.php\/author\/redactor\/"}]}},"jetpack_featured_media_url":"https:\/\/www.anovapeneira.gal\/wp-content\/uploads\/2021\/03\/autocaravanas_concello_nigran.jpg","_links":{"self":[{"href":"https:\/\/www.anovapeneira.gal\/index.php\/wp-json\/wp\/v2\/posts\/5129","targetHints":{"allow":["GET"]}}],"collection":[{"href":"https:\/\/www.anovapeneira.gal\/index.php\/wp-json\/wp\/v2\/posts"}],"about":[{"href":"https:\/\/www.anovapeneira.gal\/index.php\/wp-json\/wp\/v2\/types\/post"}],"author":[{"embeddable":true,"href":"https:\/\/www.anovapeneira.gal\/index.php\/wp-json\/wp\/v2\/users\/3"}],"replies":[{"embeddable":true,"href":"https:\/\/www.anovapeneira.gal\/index.php\/wp-json\/wp\/v2\/comments?post=5129"}],"version-history":[{"count":1,"href":"https:\/\/www.anovapeneira.gal\/index.php\/wp-json\/wp\/v2\/posts\/5129\/revisions"}],"predecessor-version":[{"id":5131,"href":"https:\/\/www.anovapeneira.gal\/index.php\/wp-json\/wp\/v2\/posts\/5129\/revisions\/5131"}],"wp:featuredmedia":[{"embeddable":true,"href":"https:\/\/www.anovapeneira.gal\/index.php\/wp-json\/wp\/v2\/media\/5130"}],"wp:attachment":[{"href":"https:\/\/www.anovapeneira.gal\/index.php\/wp-json\/wp\/v2\/media?parent=5129"}],"wp:term":[{"taxonomy":"category","embeddable":true,"href":"https:\/\/www.anovapeneira.gal\/index.php\/wp-json\/wp\/v2\/categories?post=5129"},{"taxonomy":"post_tag","embeddable":true,"href":"https:\/\/www.anovapeneira.gal\/index.php\/wp-json\/wp\/v2\/tags?post=5129"}],"curies":[{"name":"wp","href":"https:\/\/api.w.org\/{rel}","templated":true}]}}