{"id":5132,"date":"2021-03-31T10:00:57","date_gmt":"2021-03-31T08:00:57","guid":{"rendered":"http:\/\/www.anovapeneira.gal\/?p=5132"},"modified":"2021-03-25T17:50:21","modified_gmt":"2021-03-25T16:50:21","slug":"manifesto-para-a-eliminacion-do-monumento-fascista-en-celanova","status":"publish","type":"post","link":"https:\/\/www.anovapeneira.gal\/index.php\/2021\/03\/31\/manifesto-para-a-eliminacion-do-monumento-fascista-en-celanova\/","title":{"rendered":"Manifesto para a eliminaci\u00f3n do monumento fascista en Celanova"},"content":{"rendered":"\n<h2 class=\"wp-block-heading\">ASINA AO FINAL DA LISTA DE SINATURAS QUE SEGUE O TEXTO. GRAZAS!<\/h2>\n\n\n\n<p>A vila de Celanova xogou un triste e singular papel na represi\u00f3n posterior ao golpe de Estado de 1936. O mosteiro converteuse nun dos maiores c\u00e1rceres do pa\u00eds e lugares como o Furriolo, en escenarios de crimes que seguen impunes. A poboaci\u00f3n viviu aterrorizada pola ameaza das armas e as elites locais que apoiaron o golpe practicaron espolios e outros abusos.<\/p>\n\n\n\n<p>Na comarca de Celanova houbo intentos not\u00e1beis para recuperar a memoria das v\u00edtimas e rend\u00e9ronselles xustas homenaxes. Nesa li\u00f1a este Comit\u00e9 reiniciou o traballo para seguir desvelando a verdade e completar acci\u00f3ns de reparaci\u00f3n. Con ese fin impulsamos a seguinte declaraci\u00f3n en demanda do cumprimento da lei sobre memoria hist\u00f3rica:<\/p>\n\n\n\n<p>As e os abaixo asinantes, diante da reclamaci\u00f3n do Comit\u00e9 de Memoria Hist\u00f3rica da Comarca de Celanova que promove a eliminaci\u00f3n do monumento fascista da cruz dos ca\u00eddos levantada en agosto de 1939 por falanxistas no Outeiro da Obra no termo municipal de Celanova, as\u00ed como a resignificaci\u00f3n do espazo como lugar de memoria, expresamos o noso apoio e sinalamos que:<\/p>\n\n\n\n<p>1. O Comit\u00e9 de Memoria Hist\u00f3rica da Comarca de Celanova acredita que o citado elemento \u00e9 un s\u00edmbolo de exaltaci\u00f3n falanxista da barbarie franquista e, polo tanto, debe aplicarse a lei de memoria hist\u00f3rica en vigor desde o ano 2007.<\/p>\n\n\n\n<p>2. O Concello de Celanova debe cumprir a lei como primeiro paso no reco\u00f1ecemento da dignidade das v\u00edtimas do franquismo e co horizonte de satisfacer os principios de verdade, xustiza e reparaci\u00f3n que impulsan o labor dos colectivos memorial\u00edsticos ao abeiro das Naci\u00f3ns Unidas. As\u00ed mesmo, e dentro do marco da lei, ten a obriga de elaborar un cat\u00e1logo de s\u00edmbolos franquistas e ordenar a s\u00faa retirada; ademais da retirada de t\u00edtulos honor\u00edficos e distinci\u00f3ns se as houbese, agasallos e nomes de r\u00faas que supo\u00f1an a exaltaci\u00f3n do golpe de Estado do 36 e da ditadura.<\/p>\n\n\n\n<p>3. Animamos este Comit\u00e9 e as veci\u00f1as e veci\u00f1os de toda a comarca a levantar o manto de silencio que tapa as biograf\u00edas de todas aquelas persoas que desde o seu desempe\u00f1o profesional, vital e pol\u00edtico promoveron os valores republicanos antes de 1936 e que foron represaliados polos golpistas e o poder ilegal que se instaurou no Estado durante as catro d\u00e9cadas seguintes. E aconsellamos que se sinalicen os lugares de memoria, especialmente as foxas, e que se traballe na procura de familiares das v\u00edtimas. Al\u00e9n do estrito cumprimento da lei, c\u00f3mpre tam\u00e9n pedir da actual corporaci\u00f3n unha declaraci\u00f3n de honorabilidade da \u00faltima corporaci\u00f3n republicana e dos funcionarios que foron represaliados.<\/p>\n\n\n\n<p>Consideramos, xunto co Comit\u00e9, que a eliminaci\u00f3n do s\u00edmbolo fascista que alimentou o medo durante m\u00e1is de oitenta anos \u00e9 unha oportunidade para dialogar co pasado, sobre todo con ese pasado que se nos negou: o das v\u00edtimas, como eses 7 \u00faltimos presos fusilados pola Bandera de Falange de Marruecos en setembro do 39, e cos legados de personalidades como Lu\u00eds Soto, Pepe Velo, Celso Emilio ou Xulio Gonz\u00e1lez, entre outros e outras que foron borradas da historia. E tam\u00e9n con ese outro pasado que nunca se cancelou de todo porque as destruci\u00f3ns e as inxustizas seguen presentes e o poder que as causou segue presente.<\/p>\n\n\n\n<p>Comit\u00e9 de Memoria Hist\u00f3rica da Comarca de Celanova<br>Celanova, 16 de febreiro de 2021.<\/p>\n\n\n\n<p>Informe:<\/p>\n\n\n\n<p><a href=\"http:\/\/www.anovapeneira.gal\/wp-content\/uploads\/2021\/03\/Informe-1.pdf\">http:\/\/www.anovapeneira.gal\/wp-content\/uploads\/2021\/03\/Informe-1.pdf<\/a><\/p>\n\n\n\n<p>Asinar:<\/p>\n\n\n\n<p><a href=\"https:\/\/docs.google.com\/forms\/d\/1SSChuO-oPWyEeUJrnJZVyJ5iukB6CNqmdL3Ee-9YHO0\/edit?gxids=7628\">https:\/\/docs.google.com\/forms\/d\/1SSChuO-oPWyEeUJrnJZVyJ5iukB6CNqmdL3Ee-9YHO0\/edit?gxids=7628<\/a><\/p>\n","protected":false},"excerpt":{"rendered":"<div class=\"mh-excerpt\"><p>A vila de Celanova xogou un triste e singular papel na represi\u00f3n posterior ao golpe de Estado de 1936. O mosteiro converteuse nun dos maiores c\u00e1rceres do pa\u00eds e lugares como o Furriolo, en escenarios de crimes que seguen impunes. A poboaci\u00f3n viviu aterrorizada pola ameaza das armas e as elites locais que apoiaron o golpe practicaron espolios e outros abusos. <a class=\"mh-excerpt-more\" href=\"https:\/\/www.anovapeneira.gal\/index.php\/2021\/03\/31\/manifesto-para-a-eliminacion-do-monumento-fascista-en-celanova\/\" title=\"Manifesto para a eliminaci\u00f3n do monumento fascista en Celanova\">[&#8230;]<\/a><\/p>\n<\/div>","protected":false},"author":3,"featured_media":5134,"comment_status":"open","ping_status":"open","sticky":false,"template":"","format":"standard","meta":{"_exactmetrics_skip_tracking":false,"_exactmetrics_sitenote_active":false,"_exactmetrics_sitenote_note":"","_exactmetrics_sitenote_category":0,"footnotes":""},"categories":[263],"tags":[1230],"class_list":{"0":"post-5132","1":"post","2":"type-post","3":"status-publish","4":"format-standard","5":"has-post-thumbnail","7":"category-novas","8":"tag-concello-de-celanova"},"yoast_head":"<!-- This site is optimized with the Yoast SEO plugin v27.4 - https:\/\/yoast.com\/product\/yoast-seo-wordpress\/ -->\n<title>Manifesto para a eliminaci\u00f3n do monumento fascista en Celanova -<\/title>\n<meta name=\"description\" content=\"A vila de Celanova xogou un triste e singular papel na represi\u00f3n posterior ao golpe de Estado de 1936. O mosteiro converteuse nun dos maiores c\u00e1rceres do pa\u00eds e lugares como o Furriolo, en escenarios de crimes que seguen impunes. A poboaci\u00f3n viviu aterrorizada pola ameaza das armas e as elites locais que apoiaron o golpe practicaron espolios e outros abusos.\" \/>\n<meta name=\"robots\" content=\"index, follow, max-snippet:-1, max-image-preview:large, max-video-preview:-1\" \/>\n<link rel=\"canonical\" href=\"https:\/\/www.anovapeneira.gal\/index.php\/2021\/03\/31\/manifesto-para-a-eliminacion-do-monumento-fascista-en-celanova\/\" \/>\n<meta property=\"og:locale\" content=\"gl_ES\" \/>\n<meta property=\"og:type\" content=\"article\" \/>\n<meta property=\"og:title\" content=\"Manifesto para a eliminaci\u00f3n do monumento fascista en Celanova -\" \/>\n<meta property=\"og:description\" content=\"A vila de Celanova xogou un triste e singular papel na represi\u00f3n posterior ao golpe de Estado de 1936. O mosteiro converteuse nun dos maiores c\u00e1rceres do pa\u00eds e lugares como o Furriolo, en escenarios de crimes que seguen impunes. A poboaci\u00f3n viviu aterrorizada pola ameaza das armas e as elites locais que apoiaron o golpe practicaron espolios e outros abusos.\" \/>\n<meta property=\"og:url\" content=\"https:\/\/www.anovapeneira.gal\/index.php\/2021\/03\/31\/manifesto-para-a-eliminacion-do-monumento-fascista-en-celanova\/\" \/>\n<meta property=\"article:publisher\" content=\"https:\/\/www.facebook.com\/anovapeneira\" \/>\n<meta property=\"article:published_time\" content=\"2021-03-31T08:00:57+00:00\" \/>\n<meta property=\"og:image\" content=\"https:\/\/www.anovapeneira.gal\/wp-content\/uploads\/2021\/03\/comite_memoria_historica_comarca_celanova.jpg\" \/>\n\t<meta property=\"og:image:width\" content=\"720\" \/>\n\t<meta property=\"og:image:height\" content=\"432\" \/>\n\t<meta property=\"og:image:type\" content=\"image\/jpeg\" \/>\n<meta name=\"author\" content=\"Redacci\u00f3n A Nova Peneira\" \/>\n<meta name=\"twitter:card\" content=\"summary_large_image\" \/>\n<meta name=\"twitter:creator\" content=\"@APeneira\" \/>\n<meta name=\"twitter:site\" content=\"@APeneira\" \/>\n<meta name=\"twitter:label1\" content=\"Escrito por\" \/>\n\t<meta name=\"twitter:data1\" content=\"Redacci\u00f3n A Nova Peneira\" \/>\n\t<meta name=\"twitter:label2\" content=\"Tempo de lectura\" \/>\n\t<meta name=\"twitter:data2\" content=\"3 minutos\" \/>\n<script type=\"application\/ld+json\" class=\"yoast-schema-graph\">{\"@context\":\"https:\\\/\\\/schema.org\",\"@graph\":[{\"@type\":\"Article\",\"@id\":\"https:\\\/\\\/www.anovapeneira.gal\\\/index.php\\\/2021\\\/03\\\/31\\\/manifesto-para-a-eliminacion-do-monumento-fascista-en-celanova\\\/#article\",\"isPartOf\":{\"@id\":\"https:\\\/\\\/www.anovapeneira.gal\\\/index.php\\\/2021\\\/03\\\/31\\\/manifesto-para-a-eliminacion-do-monumento-fascista-en-celanova\\\/\"},\"author\":{\"name\":\"Redacci\u00f3n A Nova Peneira\",\"@id\":\"https:\\\/\\\/www.anovapeneira.gal\\\/#\\\/schema\\\/person\\\/b93e3f8932e3f8da96334607eb6ac6aa\"},\"headline\":\"Manifesto para a eliminaci\u00f3n do monumento fascista en Celanova\",\"datePublished\":\"2021-03-31T08:00:57+00:00\",\"mainEntityOfPage\":{\"@id\":\"https:\\\/\\\/www.anovapeneira.gal\\\/index.php\\\/2021\\\/03\\\/31\\\/manifesto-para-a-eliminacion-do-monumento-fascista-en-celanova\\\/\"},\"wordCount\":626,\"commentCount\":0,\"publisher\":{\"@id\":\"https:\\\/\\\/www.anovapeneira.gal\\\/#organization\"},\"image\":{\"@id\":\"https:\\\/\\\/www.anovapeneira.gal\\\/index.php\\\/2021\\\/03\\\/31\\\/manifesto-para-a-eliminacion-do-monumento-fascista-en-celanova\\\/#primaryimage\"},\"thumbnailUrl\":\"https:\\\/\\\/www.anovapeneira.gal\\\/wp-content\\\/uploads\\\/2021\\\/03\\\/comite_memoria_historica_comarca_celanova.jpg\",\"keywords\":[\"Concello de Celanova\"],\"articleSection\":[\"Novas\"],\"inLanguage\":\"gl-ES\",\"potentialAction\":[{\"@type\":\"CommentAction\",\"name\":\"Comment\",\"target\":[\"https:\\\/\\\/www.anovapeneira.gal\\\/index.php\\\/2021\\\/03\\\/31\\\/manifesto-para-a-eliminacion-do-monumento-fascista-en-celanova\\\/#respond\"]}]},{\"@type\":\"WebPage\",\"@id\":\"https:\\\/\\\/www.anovapeneira.gal\\\/index.php\\\/2021\\\/03\\\/31\\\/manifesto-para-a-eliminacion-do-monumento-fascista-en-celanova\\\/\",\"url\":\"https:\\\/\\\/www.anovapeneira.gal\\\/index.php\\\/2021\\\/03\\\/31\\\/manifesto-para-a-eliminacion-do-monumento-fascista-en-celanova\\\/\",\"name\":\"Manifesto para a eliminaci\u00f3n do monumento fascista en Celanova -\",\"isPartOf\":{\"@id\":\"https:\\\/\\\/www.anovapeneira.gal\\\/#website\"},\"primaryImageOfPage\":{\"@id\":\"https:\\\/\\\/www.anovapeneira.gal\\\/index.php\\\/2021\\\/03\\\/31\\\/manifesto-para-a-eliminacion-do-monumento-fascista-en-celanova\\\/#primaryimage\"},\"image\":{\"@id\":\"https:\\\/\\\/www.anovapeneira.gal\\\/index.php\\\/2021\\\/03\\\/31\\\/manifesto-para-a-eliminacion-do-monumento-fascista-en-celanova\\\/#primaryimage\"},\"thumbnailUrl\":\"https:\\\/\\\/www.anovapeneira.gal\\\/wp-content\\\/uploads\\\/2021\\\/03\\\/comite_memoria_historica_comarca_celanova.jpg\",\"datePublished\":\"2021-03-31T08:00:57+00:00\",\"description\":\"A vila de Celanova xogou un triste e singular papel na represi\u00f3n posterior ao golpe de Estado de 1936. O mosteiro converteuse nun dos maiores c\u00e1rceres do pa\u00eds e lugares como o Furriolo, en escenarios de crimes que seguen impunes. A poboaci\u00f3n viviu aterrorizada pola ameaza das armas e as elites locais que apoiaron o golpe practicaron espolios e outros abusos.\",\"breadcrumb\":{\"@id\":\"https:\\\/\\\/www.anovapeneira.gal\\\/index.php\\\/2021\\\/03\\\/31\\\/manifesto-para-a-eliminacion-do-monumento-fascista-en-celanova\\\/#breadcrumb\"},\"inLanguage\":\"gl-ES\",\"potentialAction\":[{\"@type\":\"ReadAction\",\"target\":[\"https:\\\/\\\/www.anovapeneira.gal\\\/index.php\\\/2021\\\/03\\\/31\\\/manifesto-para-a-eliminacion-do-monumento-fascista-en-celanova\\\/\"]}]},{\"@type\":\"ImageObject\",\"inLanguage\":\"gl-ES\",\"@id\":\"https:\\\/\\\/www.anovapeneira.gal\\\/index.php\\\/2021\\\/03\\\/31\\\/manifesto-para-a-eliminacion-do-monumento-fascista-en-celanova\\\/#primaryimage\",\"url\":\"https:\\\/\\\/www.anovapeneira.gal\\\/wp-content\\\/uploads\\\/2021\\\/03\\\/comite_memoria_historica_comarca_celanova.jpg\",\"contentUrl\":\"https:\\\/\\\/www.anovapeneira.gal\\\/wp-content\\\/uploads\\\/2021\\\/03\\\/comite_memoria_historica_comarca_celanova.jpg\",\"width\":720,\"height\":432,\"caption\":\"Comit\u00e9 memoria hist\u00f3rica Comarca de Celanova\"},{\"@type\":\"BreadcrumbList\",\"@id\":\"https:\\\/\\\/www.anovapeneira.gal\\\/index.php\\\/2021\\\/03\\\/31\\\/manifesto-para-a-eliminacion-do-monumento-fascista-en-celanova\\\/#breadcrumb\",\"itemListElement\":[{\"@type\":\"ListItem\",\"position\":1,\"name\":\"Portada\",\"item\":\"https:\\\/\\\/www.anovapeneira.gal\\\/\"},{\"@type\":\"ListItem\",\"position\":2,\"name\":\"Manifesto para a eliminaci\u00f3n do monumento fascista en Celanova\"}]},{\"@type\":\"WebSite\",\"@id\":\"https:\\\/\\\/www.anovapeneira.gal\\\/#website\",\"url\":\"https:\\\/\\\/www.anovapeneira.gal\\\/\",\"name\":\"\",\"description\":\"Xornal galego de informaci\u00f3n xeral Publicaci\u00f3n mensual de novas de Galicia e en especial dos Concellos da sur da provincia de Pontevedra.\",\"publisher\":{\"@id\":\"https:\\\/\\\/www.anovapeneira.gal\\\/#organization\"},\"potentialAction\":[{\"@type\":\"SearchAction\",\"target\":{\"@type\":\"EntryPoint\",\"urlTemplate\":\"https:\\\/\\\/www.anovapeneira.gal\\\/?s={search_term_string}\"},\"query-input\":{\"@type\":\"PropertyValueSpecification\",\"valueRequired\":true,\"valueName\":\"search_term_string\"}}],\"inLanguage\":\"gl-ES\"},{\"@type\":\"Organization\",\"@id\":\"https:\\\/\\\/www.anovapeneira.gal\\\/#organization\",\"name\":\"A Nova Peneira\",\"url\":\"https:\\\/\\\/www.anovapeneira.gal\\\/\",\"logo\":{\"@type\":\"ImageObject\",\"inLanguage\":\"gl-ES\",\"@id\":\"https:\\\/\\\/www.anovapeneira.gal\\\/#\\\/schema\\\/logo\\\/image\\\/\",\"url\":\"http:\\\/\\\/www.anovapeneira.gal\\\/wp-content\\\/uploads\\\/2019\\\/06\\\/logo_a_nova_peneira_portal_web.png\",\"contentUrl\":\"http:\\\/\\\/www.anovapeneira.gal\\\/wp-content\\\/uploads\\\/2019\\\/06\\\/logo_a_nova_peneira_portal_web.png\",\"width\":300,\"height\":100,\"caption\":\"A Nova Peneira\"},\"image\":{\"@id\":\"https:\\\/\\\/www.anovapeneira.gal\\\/#\\\/schema\\\/logo\\\/image\\\/\"},\"sameAs\":[\"https:\\\/\\\/www.facebook.com\\\/anovapeneira\",\"https:\\\/\\\/x.com\\\/APeneira\"]},{\"@type\":\"Person\",\"@id\":\"https:\\\/\\\/www.anovapeneira.gal\\\/#\\\/schema\\\/person\\\/b93e3f8932e3f8da96334607eb6ac6aa\",\"name\":\"Redacci\u00f3n A Nova Peneira\",\"image\":{\"@type\":\"ImageObject\",\"inLanguage\":\"gl-ES\",\"@id\":\"https:\\\/\\\/secure.gravatar.com\\\/avatar\\\/c052a2551a06e23fac63626232eaa90abd78dbcf1700fc46a2b2c89fd27b735f?s=96&d=mm&r=g\",\"url\":\"https:\\\/\\\/secure.gravatar.com\\\/avatar\\\/c052a2551a06e23fac63626232eaa90abd78dbcf1700fc46a2b2c89fd27b735f?s=96&d=mm&r=g\",\"contentUrl\":\"https:\\\/\\\/secure.gravatar.com\\\/avatar\\\/c052a2551a06e23fac63626232eaa90abd78dbcf1700fc46a2b2c89fd27b735f?s=96&d=mm&r=g\",\"caption\":\"Redacci\u00f3n A Nova Peneira\"},\"sameAs\":[\"http:\\\/\\\/www.anovapeneira.gal\\\/\"],\"url\":\"https:\\\/\\\/www.anovapeneira.gal\\\/index.php\\\/author\\\/redactor\\\/\"}]}<\/script>\n<!-- \/ Yoast SEO plugin. -->","yoast_head_json":{"title":"Manifesto para a eliminaci\u00f3n do monumento fascista en Celanova -","description":"A vila de Celanova xogou un triste e singular papel na represi\u00f3n posterior ao golpe de Estado de 1936. O mosteiro converteuse nun dos maiores c\u00e1rceres do pa\u00eds e lugares como o Furriolo, en escenarios de crimes que seguen impunes. A poboaci\u00f3n viviu aterrorizada pola ameaza das armas e as elites locais que apoiaron o golpe practicaron espolios e outros abusos.","robots":{"index":"index","follow":"follow","max-snippet":"max-snippet:-1","max-image-preview":"max-image-preview:large","max-video-preview":"max-video-preview:-1"},"canonical":"https:\/\/www.anovapeneira.gal\/index.php\/2021\/03\/31\/manifesto-para-a-eliminacion-do-monumento-fascista-en-celanova\/","og_locale":"gl_ES","og_type":"article","og_title":"Manifesto para a eliminaci\u00f3n do monumento fascista en Celanova -","og_description":"A vila de Celanova xogou un triste e singular papel na represi\u00f3n posterior ao golpe de Estado de 1936. O mosteiro converteuse nun dos maiores c\u00e1rceres do pa\u00eds e lugares como o Furriolo, en escenarios de crimes que seguen impunes. A poboaci\u00f3n viviu aterrorizada pola ameaza das armas e as elites locais que apoiaron o golpe practicaron espolios e outros abusos.","og_url":"https:\/\/www.anovapeneira.gal\/index.php\/2021\/03\/31\/manifesto-para-a-eliminacion-do-monumento-fascista-en-celanova\/","article_publisher":"https:\/\/www.facebook.com\/anovapeneira","article_published_time":"2021-03-31T08:00:57+00:00","og_image":[{"width":720,"height":432,"url":"https:\/\/www.anovapeneira.gal\/wp-content\/uploads\/2021\/03\/comite_memoria_historica_comarca_celanova.jpg","type":"image\/jpeg"}],"author":"Redacci\u00f3n A Nova Peneira","twitter_card":"summary_large_image","twitter_creator":"@APeneira","twitter_site":"@APeneira","twitter_misc":{"Escrito por":"Redacci\u00f3n A Nova Peneira","Tempo de lectura":"3 minutos"},"schema":{"@context":"https:\/\/schema.org","@graph":[{"@type":"Article","@id":"https:\/\/www.anovapeneira.gal\/index.php\/2021\/03\/31\/manifesto-para-a-eliminacion-do-monumento-fascista-en-celanova\/#article","isPartOf":{"@id":"https:\/\/www.anovapeneira.gal\/index.php\/2021\/03\/31\/manifesto-para-a-eliminacion-do-monumento-fascista-en-celanova\/"},"author":{"name":"Redacci\u00f3n A Nova Peneira","@id":"https:\/\/www.anovapeneira.gal\/#\/schema\/person\/b93e3f8932e3f8da96334607eb6ac6aa"},"headline":"Manifesto para a eliminaci\u00f3n do monumento fascista en Celanova","datePublished":"2021-03-31T08:00:57+00:00","mainEntityOfPage":{"@id":"https:\/\/www.anovapeneira.gal\/index.php\/2021\/03\/31\/manifesto-para-a-eliminacion-do-monumento-fascista-en-celanova\/"},"wordCount":626,"commentCount":0,"publisher":{"@id":"https:\/\/www.anovapeneira.gal\/#organization"},"image":{"@id":"https:\/\/www.anovapeneira.gal\/index.php\/2021\/03\/31\/manifesto-para-a-eliminacion-do-monumento-fascista-en-celanova\/#primaryimage"},"thumbnailUrl":"https:\/\/www.anovapeneira.gal\/wp-content\/uploads\/2021\/03\/comite_memoria_historica_comarca_celanova.jpg","keywords":["Concello de Celanova"],"articleSection":["Novas"],"inLanguage":"gl-ES","potentialAction":[{"@type":"CommentAction","name":"Comment","target":["https:\/\/www.anovapeneira.gal\/index.php\/2021\/03\/31\/manifesto-para-a-eliminacion-do-monumento-fascista-en-celanova\/#respond"]}]},{"@type":"WebPage","@id":"https:\/\/www.anovapeneira.gal\/index.php\/2021\/03\/31\/manifesto-para-a-eliminacion-do-monumento-fascista-en-celanova\/","url":"https:\/\/www.anovapeneira.gal\/index.php\/2021\/03\/31\/manifesto-para-a-eliminacion-do-monumento-fascista-en-celanova\/","name":"Manifesto para a eliminaci\u00f3n do monumento fascista en Celanova -","isPartOf":{"@id":"https:\/\/www.anovapeneira.gal\/#website"},"primaryImageOfPage":{"@id":"https:\/\/www.anovapeneira.gal\/index.php\/2021\/03\/31\/manifesto-para-a-eliminacion-do-monumento-fascista-en-celanova\/#primaryimage"},"image":{"@id":"https:\/\/www.anovapeneira.gal\/index.php\/2021\/03\/31\/manifesto-para-a-eliminacion-do-monumento-fascista-en-celanova\/#primaryimage"},"thumbnailUrl":"https:\/\/www.anovapeneira.gal\/wp-content\/uploads\/2021\/03\/comite_memoria_historica_comarca_celanova.jpg","datePublished":"2021-03-31T08:00:57+00:00","description":"A vila de Celanova xogou un triste e singular papel na represi\u00f3n posterior ao golpe de Estado de 1936. O mosteiro converteuse nun dos maiores c\u00e1rceres do pa\u00eds e lugares como o Furriolo, en escenarios de crimes que seguen impunes. A poboaci\u00f3n viviu aterrorizada pola ameaza das armas e as elites locais que apoiaron o golpe practicaron espolios e outros abusos.","breadcrumb":{"@id":"https:\/\/www.anovapeneira.gal\/index.php\/2021\/03\/31\/manifesto-para-a-eliminacion-do-monumento-fascista-en-celanova\/#breadcrumb"},"inLanguage":"gl-ES","potentialAction":[{"@type":"ReadAction","target":["https:\/\/www.anovapeneira.gal\/index.php\/2021\/03\/31\/manifesto-para-a-eliminacion-do-monumento-fascista-en-celanova\/"]}]},{"@type":"ImageObject","inLanguage":"gl-ES","@id":"https:\/\/www.anovapeneira.gal\/index.php\/2021\/03\/31\/manifesto-para-a-eliminacion-do-monumento-fascista-en-celanova\/#primaryimage","url":"https:\/\/www.anovapeneira.gal\/wp-content\/uploads\/2021\/03\/comite_memoria_historica_comarca_celanova.jpg","contentUrl":"https:\/\/www.anovapeneira.gal\/wp-content\/uploads\/2021\/03\/comite_memoria_historica_comarca_celanova.jpg","width":720,"height":432,"caption":"Comit\u00e9 memoria hist\u00f3rica Comarca de Celanova"},{"@type":"BreadcrumbList","@id":"https:\/\/www.anovapeneira.gal\/index.php\/2021\/03\/31\/manifesto-para-a-eliminacion-do-monumento-fascista-en-celanova\/#breadcrumb","itemListElement":[{"@type":"ListItem","position":1,"name":"Portada","item":"https:\/\/www.anovapeneira.gal\/"},{"@type":"ListItem","position":2,"name":"Manifesto para a eliminaci\u00f3n do monumento fascista en Celanova"}]},{"@type":"WebSite","@id":"https:\/\/www.anovapeneira.gal\/#website","url":"https:\/\/www.anovapeneira.gal\/","name":"","description":"Xornal galego de informaci\u00f3n xeral Publicaci\u00f3n mensual de novas de Galicia e en especial dos Concellos da sur da provincia de Pontevedra.","publisher":{"@id":"https:\/\/www.anovapeneira.gal\/#organization"},"potentialAction":[{"@type":"SearchAction","target":{"@type":"EntryPoint","urlTemplate":"https:\/\/www.anovapeneira.gal\/?s={search_term_string}"},"query-input":{"@type":"PropertyValueSpecification","valueRequired":true,"valueName":"search_term_string"}}],"inLanguage":"gl-ES"},{"@type":"Organization","@id":"https:\/\/www.anovapeneira.gal\/#organization","name":"A Nova Peneira","url":"https:\/\/www.anovapeneira.gal\/","logo":{"@type":"ImageObject","inLanguage":"gl-ES","@id":"https:\/\/www.anovapeneira.gal\/#\/schema\/logo\/image\/","url":"http:\/\/www.anovapeneira.gal\/wp-content\/uploads\/2019\/06\/logo_a_nova_peneira_portal_web.png","contentUrl":"http:\/\/www.anovapeneira.gal\/wp-content\/uploads\/2019\/06\/logo_a_nova_peneira_portal_web.png","width":300,"height":100,"caption":"A Nova Peneira"},"image":{"@id":"https:\/\/www.anovapeneira.gal\/#\/schema\/logo\/image\/"},"sameAs":["https:\/\/www.facebook.com\/anovapeneira","https:\/\/x.com\/APeneira"]},{"@type":"Person","@id":"https:\/\/www.anovapeneira.gal\/#\/schema\/person\/b93e3f8932e3f8da96334607eb6ac6aa","name":"Redacci\u00f3n A Nova Peneira","image":{"@type":"ImageObject","inLanguage":"gl-ES","@id":"https:\/\/secure.gravatar.com\/avatar\/c052a2551a06e23fac63626232eaa90abd78dbcf1700fc46a2b2c89fd27b735f?s=96&d=mm&r=g","url":"https:\/\/secure.gravatar.com\/avatar\/c052a2551a06e23fac63626232eaa90abd78dbcf1700fc46a2b2c89fd27b735f?s=96&d=mm&r=g","contentUrl":"https:\/\/secure.gravatar.com\/avatar\/c052a2551a06e23fac63626232eaa90abd78dbcf1700fc46a2b2c89fd27b735f?s=96&d=mm&r=g","caption":"Redacci\u00f3n A Nova Peneira"},"sameAs":["http:\/\/www.anovapeneira.gal\/"],"url":"https:\/\/www.anovapeneira.gal\/index.php\/author\/redactor\/"}]}},"jetpack_featured_media_url":"https:\/\/www.anovapeneira.gal\/wp-content\/uploads\/2021\/03\/comite_memoria_historica_comarca_celanova.jpg","_links":{"self":[{"href":"https:\/\/www.anovapeneira.gal\/index.php\/wp-json\/wp\/v2\/posts\/5132","targetHints":{"allow":["GET"]}}],"collection":[{"href":"https:\/\/www.anovapeneira.gal\/index.php\/wp-json\/wp\/v2\/posts"}],"about":[{"href":"https:\/\/www.anovapeneira.gal\/index.php\/wp-json\/wp\/v2\/types\/post"}],"author":[{"embeddable":true,"href":"https:\/\/www.anovapeneira.gal\/index.php\/wp-json\/wp\/v2\/users\/3"}],"replies":[{"embeddable":true,"href":"https:\/\/www.anovapeneira.gal\/index.php\/wp-json\/wp\/v2\/comments?post=5132"}],"version-history":[{"count":2,"href":"https:\/\/www.anovapeneira.gal\/index.php\/wp-json\/wp\/v2\/posts\/5132\/revisions"}],"predecessor-version":[{"id":5137,"href":"https:\/\/www.anovapeneira.gal\/index.php\/wp-json\/wp\/v2\/posts\/5132\/revisions\/5137"}],"wp:featuredmedia":[{"embeddable":true,"href":"https:\/\/www.anovapeneira.gal\/index.php\/wp-json\/wp\/v2\/media\/5134"}],"wp:attachment":[{"href":"https:\/\/www.anovapeneira.gal\/index.php\/wp-json\/wp\/v2\/media?parent=5132"}],"wp:term":[{"taxonomy":"category","embeddable":true,"href":"https:\/\/www.anovapeneira.gal\/index.php\/wp-json\/wp\/v2\/categories?post=5132"},{"taxonomy":"post_tag","embeddable":true,"href":"https:\/\/www.anovapeneira.gal\/index.php\/wp-json\/wp\/v2\/tags?post=5132"}],"curies":[{"name":"wp","href":"https:\/\/api.w.org\/{rel}","templated":true}]}}