{"id":5138,"date":"2021-03-31T12:00:36","date_gmt":"2021-03-31T10:00:36","guid":{"rendered":"http:\/\/www.anovapeneira.gal\/?p=5138"},"modified":"2021-03-25T17:50:36","modified_gmt":"2021-03-25T16:50:36","slug":"vicki-alonso-voceira-do-psoe-de-mos","status":"publish","type":"post","link":"https:\/\/www.anovapeneira.gal\/index.php\/2021\/03\/31\/vicki-alonso-voceira-do-psoe-de-mos\/","title":{"rendered":"Vicki Alonso, voceira do PSOE de Mos"},"content":{"rendered":"\n<p>A POSICI\u00d3N DA ALCALDESA NO ASUNTO DE MONTE FAQUI\u00d1A \u00c9 DELIRANTE.AGORA RESULTA QUE NIDIA DEBE DE SER COMUNISTA E NON ACEPTA QUE UN PROPIETARIO DE SOLO POIDA FIXAR O PREZO DO ALUGUER DA S\u00daA PROPIEDADE\u201d<\/p>\n\n\n\n<h2 class=\"wp-block-heading\">A Nova Peneira conversa con Vicki Alonso, voceira do PSOE de Mos para que nos dea a s\u00faa visi\u00f3n de como est\u00e1n as cousas  no concello da Louri\u00f1a.<\/h2>\n\n\n\n<p><strong>Est\u00e1s satisfeita do tipo de oposici\u00f3n que nestes dous anos estades a desenvolver?<\/strong><\/p>\n\n\n\n<blockquote class=\"wp-block-quote is-layout-flow wp-block-quote-is-layout-flow\"><p>Sempre se pode mellorar e traballar m\u00e1is. E seguro que se nos escapa algunha cuesti\u00f3n pero, si que creemos que estamos a desenvolver un bo traballo. Isto queda reflectido en que o goberno local estase a implicar en cuesti\u00f3ns como, por exemplo, a igualdade. Quere facer ver que se preocupa un pouco pola igualdade, e iso \u00e9 grazas a n\u00f3s. Hai un dito moi do noso pa\u00eds que ben define o que creo que pasa \u201cquen ten cu, ten medo\u201d.<\/p><\/blockquote>\n\n\n\n<p><strong>Agora que me mencionas a igualdade,<\/strong> <strong>ti tes unha posici\u00f3n moral e pol\u00edtica activamente feminista. E o goberno de Mos aparentemente tam\u00e9n. A posici\u00f3n do goberno municipal \u00e9 \u00e9tica, ou s\u00f3 \u00e9 est\u00e9tica?<\/strong><\/p>\n\n\n\n<blockquote class=\"wp-block-quote is-layout-flow wp-block-quote-is-layout-flow\"><p>\u00c9 est\u00e9tica. No \u00faltimo pleno do concello, antes do 8M, o PP levou unha moci\u00f3n de igualdade ao pleno utilizando as traballadoras do CIM (Centro de Informaci\u00f3n \u00e1 Muller) na que esix\u00edan maiores compromisos en igualdade social ao goberno central, cando as competencias en materia de igualdade son do goberno da Xunta de Galicia. N\u00f3s presentamos emendas a esta moci\u00f3n porque entendemos que se poden mellorar varias cuesti\u00f3ns e non nolas aprobaron dicindo que lle pediamos demasiado \u00e1 Xunta de Galicia, evidentemente, temos que pedirllo ao organismo competente na materia que neste caso, \u00e9 a Xunta de Galicia.<\/p><\/blockquote>\n\n\n\n<blockquote class=\"wp-block-quote is-layout-flow wp-block-quote-is-layout-flow\"><p>Este ano polo 8M non se fixo ning\u00fan acto reivindicativo nin sequera houbo ning\u00fan cartel ou ning\u00fan manifesto institucional, non se fixo nada.<\/p><\/blockquote>\n\n\n\n<p><strong>Cales son os eixos nos que estades baseando a vosa labor de oposici\u00f3n?, cres que son suficientes para concienciar a unha maior\u00eda da poboaci\u00f3n mosense ?<\/strong><\/p>\n\n\n\n<blockquote class=\"wp-block-quote is-layout-flow wp-block-quote-is-layout-flow\"><p>O noso pilar fundamental \u00e9 facer ver a mala xesti\u00f3n econ\u00f3mica que hai no concello co mandato de Nidia Ar\u00e9valo. Aqu\u00ed temos un problema de liquidez, pagamos facturas de anos anteriores, levamos arrastrando esta situaci\u00f3n moit\u00edsimo tempo e fac\u00e9ndonos cargo das d\u00e9bedas a base de pedir cr\u00e9ditos. Non se pode ter unha perspectiva de futuro. As poucas inversi\u00f3ns que se fan no concello son sufragadas con fondos doutras administraci\u00f3ns coma o Plan Concellos da DEP, con investimentos da Xunta ou do Goberno Central. O presuposto do concello non d\u00e1 pola mala xesti\u00f3n econ\u00f3mica que se est\u00e1 facendo.<\/p><\/blockquote>\n\n\n\n<p><strong>Cal \u00e9 a vosa opini\u00f3n sobre a xesti\u00f3n do goberno local en relaci\u00f3n co seu trato cos sectores empresariais de Mos m\u00e1is afectados como consecuencia da pandemia sanitaria?<\/strong><\/p>\n\n\n\n<blockquote class=\"wp-block-quote is-layout-flow wp-block-quote-is-layout-flow\"><p>O goberno municipal ten m\u00e1is interese en certas empresas que en atender \u00e1s necesidades de aut\u00f3nomos ou pequenos e medianos empresarios. Nidia afirma continuamente que o Pol\u00edgono da Veigada\u00f1a est\u00e1 cheo e non \u00e9 certo. Ataca continuamente ao Pol\u00edgono de Monte Faqui\u00f1a porque \u00e9 xestionado pola Comunidade de Montes de Tameiga e intenta confrontar aos empresarios usuarios do pol\u00edgono coa Comunidade de Montes. \u00c9 moi triste que utilice ao sector industrial, e aos seus empresarios para confrontar \u00e1 Comunidade de Montes de Tameiga cos nosos veci\u00f1os.<\/p><\/blockquote>\n\n\n\n<p><strong>E en concreto sobre o peche de Pili Carrera, cal \u00e9 a posici\u00f3n do PSOE de Mos? E como valoras a xesti\u00f3n do goberno local?<\/strong><\/p>\n\n\n\n<blockquote class=\"wp-block-quote is-layout-flow wp-block-quote-is-layout-flow\"><p>En canto soubemos do peche e que os traballadores estaban apostados nas portas da empresa, para facer garda e que non desmantelaran as instalaci\u00f3ns, acudimos a falar con eles. Desde o concello atac\u00e1ronos dicindo que faciamos demagoxia por isto e cando publicamos unhas fotos para denunciar a situaci\u00f3n do que estaba pasando en Pili Carrera foi cando a alcaldesa p\u00faxose en contacto cos traballadores e chamou a Salom\u00e9, a actual mandataria da empresa e filla de Pili Carrera. Esta d\u00edxolle \u00e1 alcaldesa que non hab\u00eda problema ning\u00fan e que todo estaba feito de mutuo acordo cos traballadores, xa se desentendeu do tema e non fixo nada m\u00e1is.<\/p><\/blockquote>\n\n\n\n<blockquote class=\"wp-block-quote is-layout-flow wp-block-quote-is-layout-flow\"><p>Esta empresa fixo o seu imperio e converteuse na industria que \u00e9 hoxe grazas ao traballo das s\u00faas traballadoras, non sempre tratadas con xustiza. E agora deciden pechar deixando na r\u00faa a moitas familias. Por este motivo tam\u00e9n presentamos unha moci\u00f3n no pleno e solicitamos que se lle retire a Medalla ao M\u00e9rito Empresarial que lle concedeu o concello. Esta \u00e9 unha medida simb\u00f3lica pero creemos que \u00e9 o correcto.<\/p><\/blockquote>\n\n\n\n<p><strong>Como cres que evolucionar\u00e1 o tema do Centro Comercial en Tameiga? Atreverase o goberno municipal a continuar a s\u00faa agresiva pol\u00edtica contra a Comunidade de Montes?<\/strong><\/p>\n\n\n\n<blockquote class=\"wp-block-quote is-layout-flow wp-block-quote-is-layout-flow\"><p>A d\u00eda de hoxe e coas decisi\u00f3ns que esta tomando estanos a demostrar que vai seguir adiante coa s\u00faa pol\u00edtica. Presentou recurso contra a sentenza das facturas falsas, apoiou no parlamento aos empresarios de Pol\u00edgono de Monte Faqui\u00f1a porque falan de que son v\u00edtima dunha subida de prezos desmesurada e amezan con marchar a Portugal, cando a realidade e que te\u00f1en un contrato moi antigo, cunha rendas moi baixas e agora te\u00f1en que actualizalo e pasar a pagar un prezo m\u00e1is razoable en relaci\u00f3n co valor actual do solo . A posici\u00f3n da alcaldesa no asunto de Monte Faqui\u00f1a \u00e9 delirante. Agora resulta que Nidia debe de ser comunista e non acepta que o propietario do solo poida fixar o prezo do aluguer da s\u00faa propiedade. Por desgraza segue confrontando aos empresarios coa Comunidade de Montes.<\/p><\/blockquote>\n\n\n\n<p><strong>As derrotas xudiciais que sufriu a alcaldesa no tema das supostas agresi\u00f3ns no multiusos como no asunto das presuntas facturas falsas ser\u00e1n suficientes para que cese no seu cami\u00f1o de xudicializar a vida pol\u00edtica?<\/strong><\/p>\n\n\n\n<blockquote class=\"wp-block-quote is-layout-flow wp-block-quote-is-layout-flow\"><p>Nidia Ar\u00e9valo \u00e9 alumna pol\u00edtica de Louz\u00e1n. El ti\u00f1a un M\u00e1ster neste tipo de xesti\u00f3ns e cacicadas. Nidia entrou na Deputaci\u00f3n de Pontevedra da man de Louzan. O mesmo que no Concello de Mos, foi alcaldesa de Mos por unha moci\u00f3n de censura da man de Louz\u00e1n tam\u00e9n. O \u201cmodus operandi\u201d de Louzan era xudicializar todo na vida pol\u00edtica e Nidia fai o mesmo, non o vai mudar, non quere mediar nin chegar a ning\u00fan tipo de acordo con ningu\u00e9n, o seu \u00e9 a confrontaci\u00f3n, canta m\u00e1is divisi\u00f3n, mellor.<\/p><\/blockquote>\n\n\n\n<p><strong>O goberno de Mos compra o favor de determinados medios de comunicaci\u00f3n con axudas econ\u00f3micas desmesuradas?<\/strong><\/p>\n\n\n\n<blockquote class=\"wp-block-quote is-layout-flow wp-block-quote-is-layout-flow\"><p>O Concello de Mos gasta en publicidade m\u00e1is de 40.000\u20ac ao ano, incluso durante a pandemia. Esta \u00e9 unha cantidade desmesurada para o noso concello.<\/p><\/blockquote>\n\n\n\n<p><strong>Cal \u00e9 a t\u00faa posici\u00f3n sobre a A55 ao seu paso por Mos?<\/strong><\/p>\n\n\n\n<blockquote class=\"wp-block-quote is-layout-flow wp-block-quote-is-layout-flow\"><p>O noso concello est\u00e1 xeograficamente nunha situaci\u00f3n privilexiada, no medio de dous concellos cuns pol\u00edgonos industriais enormes, falamos de O Porri\u00f1o e Vigo. Este \u00faltimo \u00e9 o n\u00facleo da nosa Provincia, isto provoca que temos infraestruturas que atravesan o noso concello. Independentemente disto, Mos non pode estar disposto a que todo pase pola vila cunhas condici\u00f3ns abusivas.<\/p><\/blockquote>\n\n\n\n<p><strong>E sobre as declaraci\u00f3ns de B\u00e1rcenas que vinculaba a parte do PP galego na suposta caixa B dos populares?<\/strong><\/p>\n\n\n\n<blockquote class=\"wp-block-quote is-layout-flow wp-block-quote-is-layout-flow\"><p>Observando como \u00e9 a xesti\u00f3n de Feijo\u00f3 ao cargo da Xunta de Galicia, poder\u00edame esperar practicamente todo. A xunta non \u00e9 nada imparcial e posici\u00f3nase ao car\u00f3n dos concellos das s\u00faas siglas pol\u00edticas en todo.<\/p><\/blockquote>\n\n\n\n<p><strong>Como valoras o teu paso pola DEP?<\/strong><\/p>\n\n\n\n<blockquote class=\"wp-block-quote is-layout-flow wp-block-quote-is-layout-flow\"><p>Estou aprendendo moit\u00edsimo como \u00e9 o funcionamento da administraci\u00f3n por dentro<\/p><\/blockquote>\n\n\n\n<blockquote class=\"wp-block-quote is-layout-flow wp-block-quote-is-layout-flow\"><p>Comparo a maneira de xestionar que ten a DEP coa xesti\u00f3n do concello e as diferencias son abismais. Na DEP non hai reco\u00f1ecementos extraxudiciais, non hai contratos a dedo, non hai transvasamento de partidas orzamentarias, limit\u00e1monos ao orzamento aprobado, temos un orzamento real. Aqu\u00ed no concello todo o contrario, sempre se traballa coa mesma xente, e \u00e9 xente que apoia ao PP. Aqu\u00ed presupostamos m\u00e1is ingresos dos que se van a producir, presupostamos gastos irreais, despois modif\u00edcanse as partidas e as\u00ed temos a xesti\u00f3n econ\u00f3mica que temos no Concello.<\/p><\/blockquote>\n\n\n\n<p><strong>E o trato da DEP ao Concello de Mos?<\/strong><\/p>\n\n\n\n<blockquote class=\"wp-block-quote is-layout-flow wp-block-quote-is-layout-flow\"><p>A alcaldesa non pode ter queixa do trato. A DEP \u00e9 a que m\u00e1is fondos transfire no Plan Concellos cun 30% de orzamento. Estes cartos transf\u00edrense en base a uns criterios obxectivos independentemente da cor do partido que estea a gobernar, logo son os propios concellos os que administran estes fondos.<\/p><\/blockquote>\n\n\n\n<p><strong>E o da Xunta?<\/strong><\/p>\n\n\n\n<blockquote class=\"wp-block-quote is-layout-flow wp-block-quote-is-layout-flow\"><p>Este \u00e9 moi electoralista, si que apoia ao concello por ser das mesmas siglas pol\u00edticas, pero m\u00e1is cando hai unhas elecci\u00f3n electorais preto. Meten billetes en inversi\u00f3ns para sacar rendemento electoral.<\/p><\/blockquote>\n\n\n\n<p><strong>Rematamos Vicki, se eu fose unha veci\u00f1a de Mos por que ter\u00eda que confiar no proxecto socialista que ti encabezas?<\/strong><\/p>\n\n\n\n<blockquote class=\"wp-block-quote is-layout-flow wp-block-quote-is-layout-flow\"><p>Este \u00e9 un proxecto que desenrolamos un grupo de persoas que confiamos en que as cousas p\u00f3dense facer doutra maneira.<\/p><\/blockquote>\n\n\n\n<blockquote class=\"wp-block-quote is-layout-flow wp-block-quote-is-layout-flow\"><p>Os veci\u00f1os poden facer memoria e decatarse de que cando gobernabamos co bipartito fix\u00e9ronse infraestruturas. Conseguiuse facer o Multiusos das Pozas, por exemplo, e desde que est\u00e1 a gobernar Nidia houbo un par\u00f3n e non se est\u00e1 a facer ning\u00fan tipo de mellora para o concello m\u00e1is que o asfaltado de estradas. Aqu\u00ed non temos beirarr\u00faas, as augas canalizadas, axudas para a cidadan\u00eda. En definitiva, defendemos un proxecto e unha forma de xestionar onde esteamos todos, sen separaci\u00f3n de colectivos e asociaci\u00f3ns, non queremos confrontaci\u00f3ns entre veci\u00f1os e queremos apoiar aos aut\u00f3nomos e empresarios do noso concello. Queremos fomentar actividades para os nosos veci\u00f1os e veci\u00f1as para que non te\u00f1an que ir a outros concellos a desenvolvelas, fomentar un n\u00facleo urbano para poder ofrecer vivendas en alugueiro e que a nosa mocidade non te\u00f1a que marchar do concello para poder independizarse. Unha xesti\u00f3n \u00e1xil para que os veci\u00f1os e veci\u00f1as poidan solicitar licenzas para constru\u00edr unha vivenda. Queremos que os veci\u00f1os poidan quedarse non noso concello e que te\u00f1an opci\u00f3ns de vida e de ocio para poder facelo.<\/p><\/blockquote>\n","protected":false},"excerpt":{"rendered":"<div class=\"mh-excerpt\"><p>A Nova Peneira conversa con Vicki Alonso, voceira do PSOE de Mos para que nos dea a s\u00faa visi\u00f3n de como est\u00e1n as cousas A Nova Peneira conversa con Vicki Alonso, voceira do PSOE de Mos para que nos dea a s\u00faa visi\u00f3n de como est\u00e1n as cousas as no concello da Louri\u00f1a no concello da Louri\u00f1a <a class=\"mh-excerpt-more\" href=\"https:\/\/www.anovapeneira.gal\/index.php\/2021\/03\/31\/vicki-alonso-voceira-do-psoe-de-mos\/\" title=\"Vicki Alonso, voceira do PSOE de Mos\">[&#8230;]<\/a><\/p>\n<\/div>","protected":false},"author":17,"featured_media":5140,"comment_status":"open","ping_status":"open","sticky":false,"template":"","format":"standard","meta":{"_exactmetrics_skip_tracking":false,"_exactmetrics_sitenote_active":false,"_exactmetrics_sitenote_note":"","_exactmetrics_sitenote_category":0,"footnotes":""},"categories":[265],"tags":[],"class_list":{"0":"post-5138","1":"post","2":"type-post","3":"status-publish","4":"format-standard","5":"has-post-thumbnail","7":"category-a-lourina-entrevistas"},"yoast_head":"<!-- This site is optimized with the Yoast SEO plugin v27.4 - https:\/\/yoast.com\/product\/yoast-seo-wordpress\/ -->\n<title>Vicki Alonso, voceira do PSOE de Mos -<\/title>\n<meta name=\"description\" content=\"A Nova Peneira conversa con Vicki Alonso, voceira do PSOE de Mos para que nos dea a s\u00faa visi\u00f3n de como est\u00e1n as cousas no concello da Louri\u00f1a\" \/>\n<meta name=\"robots\" content=\"index, follow, max-snippet:-1, max-image-preview:large, max-video-preview:-1\" \/>\n<link rel=\"canonical\" href=\"https:\/\/www.anovapeneira.gal\/index.php\/2021\/03\/31\/vicki-alonso-voceira-do-psoe-de-mos\/\" \/>\n<meta property=\"og:locale\" content=\"gl_ES\" \/>\n<meta property=\"og:type\" content=\"article\" \/>\n<meta property=\"og:title\" content=\"Vicki Alonso, voceira do PSOE de Mos -\" \/>\n<meta property=\"og:description\" content=\"A Nova Peneira conversa con Vicki Alonso, voceira do PSOE de Mos para que nos dea a s\u00faa visi\u00f3n de como est\u00e1n as cousas no concello da Louri\u00f1a\" \/>\n<meta property=\"og:url\" content=\"https:\/\/www.anovapeneira.gal\/index.php\/2021\/03\/31\/vicki-alonso-voceira-do-psoe-de-mos\/\" \/>\n<meta property=\"article:publisher\" content=\"https:\/\/www.facebook.com\/anovapeneira\" \/>\n<meta property=\"article:published_time\" content=\"2021-03-31T10:00:36+00:00\" \/>\n<meta property=\"og:image\" content=\"https:\/\/www.anovapeneira.gal\/wp-content\/uploads\/2021\/03\/Vicki_Alonso_voceira_psoe_mos.jpg\" \/>\n\t<meta property=\"og:image:width\" content=\"720\" \/>\n\t<meta property=\"og:image:height\" content=\"432\" \/>\n\t<meta property=\"og:image:type\" content=\"image\/jpeg\" \/>\n<meta name=\"author\" content=\"G. Figueiredo\" \/>\n<meta name=\"twitter:card\" content=\"summary_large_image\" \/>\n<meta name=\"twitter:creator\" content=\"@APeneira\" \/>\n<meta name=\"twitter:site\" content=\"@APeneira\" \/>\n<meta name=\"twitter:label1\" content=\"Escrito por\" \/>\n\t<meta name=\"twitter:data1\" content=\"G. Figueiredo\" \/>\n\t<meta name=\"twitter:label2\" content=\"Tempo de lectura\" \/>\n\t<meta name=\"twitter:data2\" content=\"8 minutos\" \/>\n<script type=\"application\/ld+json\" class=\"yoast-schema-graph\">{\"@context\":\"https:\\\/\\\/schema.org\",\"@graph\":[{\"@type\":\"Article\",\"@id\":\"https:\\\/\\\/www.anovapeneira.gal\\\/index.php\\\/2021\\\/03\\\/31\\\/vicki-alonso-voceira-do-psoe-de-mos\\\/#article\",\"isPartOf\":{\"@id\":\"https:\\\/\\\/www.anovapeneira.gal\\\/index.php\\\/2021\\\/03\\\/31\\\/vicki-alonso-voceira-do-psoe-de-mos\\\/\"},\"author\":{\"name\":\"G. Figueiredo\",\"@id\":\"https:\\\/\\\/www.anovapeneira.gal\\\/#\\\/schema\\\/person\\\/42f904d7cac80cf3f5a31494dd82a9b6\"},\"headline\":\"Vicki Alonso, voceira do PSOE de Mos\",\"datePublished\":\"2021-03-31T10:00:36+00:00\",\"mainEntityOfPage\":{\"@id\":\"https:\\\/\\\/www.anovapeneira.gal\\\/index.php\\\/2021\\\/03\\\/31\\\/vicki-alonso-voceira-do-psoe-de-mos\\\/\"},\"wordCount\":1759,\"commentCount\":0,\"publisher\":{\"@id\":\"https:\\\/\\\/www.anovapeneira.gal\\\/#organization\"},\"image\":{\"@id\":\"https:\\\/\\\/www.anovapeneira.gal\\\/index.php\\\/2021\\\/03\\\/31\\\/vicki-alonso-voceira-do-psoe-de-mos\\\/#primaryimage\"},\"thumbnailUrl\":\"https:\\\/\\\/www.anovapeneira.gal\\\/wp-content\\\/uploads\\\/2021\\\/03\\\/Vicki_Alonso_voceira_psoe_mos.jpg\",\"articleSection\":[\"A Louri\u00f1a\"],\"inLanguage\":\"gl-ES\",\"potentialAction\":[{\"@type\":\"CommentAction\",\"name\":\"Comment\",\"target\":[\"https:\\\/\\\/www.anovapeneira.gal\\\/index.php\\\/2021\\\/03\\\/31\\\/vicki-alonso-voceira-do-psoe-de-mos\\\/#respond\"]}]},{\"@type\":\"WebPage\",\"@id\":\"https:\\\/\\\/www.anovapeneira.gal\\\/index.php\\\/2021\\\/03\\\/31\\\/vicki-alonso-voceira-do-psoe-de-mos\\\/\",\"url\":\"https:\\\/\\\/www.anovapeneira.gal\\\/index.php\\\/2021\\\/03\\\/31\\\/vicki-alonso-voceira-do-psoe-de-mos\\\/\",\"name\":\"Vicki Alonso, voceira do PSOE de Mos -\",\"isPartOf\":{\"@id\":\"https:\\\/\\\/www.anovapeneira.gal\\\/#website\"},\"primaryImageOfPage\":{\"@id\":\"https:\\\/\\\/www.anovapeneira.gal\\\/index.php\\\/2021\\\/03\\\/31\\\/vicki-alonso-voceira-do-psoe-de-mos\\\/#primaryimage\"},\"image\":{\"@id\":\"https:\\\/\\\/www.anovapeneira.gal\\\/index.php\\\/2021\\\/03\\\/31\\\/vicki-alonso-voceira-do-psoe-de-mos\\\/#primaryimage\"},\"thumbnailUrl\":\"https:\\\/\\\/www.anovapeneira.gal\\\/wp-content\\\/uploads\\\/2021\\\/03\\\/Vicki_Alonso_voceira_psoe_mos.jpg\",\"datePublished\":\"2021-03-31T10:00:36+00:00\",\"description\":\"A Nova Peneira conversa con Vicki Alonso, voceira do PSOE de Mos para que nos dea a s\u00faa visi\u00f3n de como est\u00e1n as cousas no concello da Louri\u00f1a\",\"breadcrumb\":{\"@id\":\"https:\\\/\\\/www.anovapeneira.gal\\\/index.php\\\/2021\\\/03\\\/31\\\/vicki-alonso-voceira-do-psoe-de-mos\\\/#breadcrumb\"},\"inLanguage\":\"gl-ES\",\"potentialAction\":[{\"@type\":\"ReadAction\",\"target\":[\"https:\\\/\\\/www.anovapeneira.gal\\\/index.php\\\/2021\\\/03\\\/31\\\/vicki-alonso-voceira-do-psoe-de-mos\\\/\"]}]},{\"@type\":\"ImageObject\",\"inLanguage\":\"gl-ES\",\"@id\":\"https:\\\/\\\/www.anovapeneira.gal\\\/index.php\\\/2021\\\/03\\\/31\\\/vicki-alonso-voceira-do-psoe-de-mos\\\/#primaryimage\",\"url\":\"https:\\\/\\\/www.anovapeneira.gal\\\/wp-content\\\/uploads\\\/2021\\\/03\\\/Vicki_Alonso_voceira_psoe_mos.jpg\",\"contentUrl\":\"https:\\\/\\\/www.anovapeneira.gal\\\/wp-content\\\/uploads\\\/2021\\\/03\\\/Vicki_Alonso_voceira_psoe_mos.jpg\",\"width\":720,\"height\":432,\"caption\":\"Vicki Alonso voceira do PSOE de Mos\"},{\"@type\":\"BreadcrumbList\",\"@id\":\"https:\\\/\\\/www.anovapeneira.gal\\\/index.php\\\/2021\\\/03\\\/31\\\/vicki-alonso-voceira-do-psoe-de-mos\\\/#breadcrumb\",\"itemListElement\":[{\"@type\":\"ListItem\",\"position\":1,\"name\":\"Portada\",\"item\":\"https:\\\/\\\/www.anovapeneira.gal\\\/\"},{\"@type\":\"ListItem\",\"position\":2,\"name\":\"Vicki Alonso, voceira do PSOE de Mos\"}]},{\"@type\":\"WebSite\",\"@id\":\"https:\\\/\\\/www.anovapeneira.gal\\\/#website\",\"url\":\"https:\\\/\\\/www.anovapeneira.gal\\\/\",\"name\":\"\",\"description\":\"Xornal galego de informaci\u00f3n xeral Publicaci\u00f3n mensual de novas de Galicia e en especial dos Concellos da sur da provincia de Pontevedra.\",\"publisher\":{\"@id\":\"https:\\\/\\\/www.anovapeneira.gal\\\/#organization\"},\"potentialAction\":[{\"@type\":\"SearchAction\",\"target\":{\"@type\":\"EntryPoint\",\"urlTemplate\":\"https:\\\/\\\/www.anovapeneira.gal\\\/?s={search_term_string}\"},\"query-input\":{\"@type\":\"PropertyValueSpecification\",\"valueRequired\":true,\"valueName\":\"search_term_string\"}}],\"inLanguage\":\"gl-ES\"},{\"@type\":\"Organization\",\"@id\":\"https:\\\/\\\/www.anovapeneira.gal\\\/#organization\",\"name\":\"A Nova Peneira\",\"url\":\"https:\\\/\\\/www.anovapeneira.gal\\\/\",\"logo\":{\"@type\":\"ImageObject\",\"inLanguage\":\"gl-ES\",\"@id\":\"https:\\\/\\\/www.anovapeneira.gal\\\/#\\\/schema\\\/logo\\\/image\\\/\",\"url\":\"http:\\\/\\\/www.anovapeneira.gal\\\/wp-content\\\/uploads\\\/2019\\\/06\\\/logo_a_nova_peneira_portal_web.png\",\"contentUrl\":\"http:\\\/\\\/www.anovapeneira.gal\\\/wp-content\\\/uploads\\\/2019\\\/06\\\/logo_a_nova_peneira_portal_web.png\",\"width\":300,\"height\":100,\"caption\":\"A Nova Peneira\"},\"image\":{\"@id\":\"https:\\\/\\\/www.anovapeneira.gal\\\/#\\\/schema\\\/logo\\\/image\\\/\"},\"sameAs\":[\"https:\\\/\\\/www.facebook.com\\\/anovapeneira\",\"https:\\\/\\\/x.com\\\/APeneira\"]},{\"@type\":\"Person\",\"@id\":\"https:\\\/\\\/www.anovapeneira.gal\\\/#\\\/schema\\\/person\\\/42f904d7cac80cf3f5a31494dd82a9b6\",\"name\":\"G. Figueiredo\",\"image\":{\"@type\":\"ImageObject\",\"inLanguage\":\"gl-ES\",\"@id\":\"https:\\\/\\\/secure.gravatar.com\\\/avatar\\\/2d970086688458e0398ef8b84f5cbb8cc1ec3ab115aeb8435135a9f556af97b3?s=96&d=mm&r=g\",\"url\":\"https:\\\/\\\/secure.gravatar.com\\\/avatar\\\/2d970086688458e0398ef8b84f5cbb8cc1ec3ab115aeb8435135a9f556af97b3?s=96&d=mm&r=g\",\"contentUrl\":\"https:\\\/\\\/secure.gravatar.com\\\/avatar\\\/2d970086688458e0398ef8b84f5cbb8cc1ec3ab115aeb8435135a9f556af97b3?s=96&d=mm&r=g\",\"caption\":\"G. Figueiredo\"},\"sameAs\":[\"http:\\\/\\\/www.anovapeneira.gal\\\/\"],\"url\":\"https:\\\/\\\/www.anovapeneira.gal\\\/index.php\\\/author\\\/g-figueiredo\\\/\"}]}<\/script>\n<!-- \/ Yoast SEO plugin. -->","yoast_head_json":{"title":"Vicki Alonso, voceira do PSOE de Mos -","description":"A Nova Peneira conversa con Vicki Alonso, voceira do PSOE de Mos para que nos dea a s\u00faa visi\u00f3n de como est\u00e1n as cousas no concello da Louri\u00f1a","robots":{"index":"index","follow":"follow","max-snippet":"max-snippet:-1","max-image-preview":"max-image-preview:large","max-video-preview":"max-video-preview:-1"},"canonical":"https:\/\/www.anovapeneira.gal\/index.php\/2021\/03\/31\/vicki-alonso-voceira-do-psoe-de-mos\/","og_locale":"gl_ES","og_type":"article","og_title":"Vicki Alonso, voceira do PSOE de Mos -","og_description":"A Nova Peneira conversa con Vicki Alonso, voceira do PSOE de Mos para que nos dea a s\u00faa visi\u00f3n de como est\u00e1n as cousas no concello da Louri\u00f1a","og_url":"https:\/\/www.anovapeneira.gal\/index.php\/2021\/03\/31\/vicki-alonso-voceira-do-psoe-de-mos\/","article_publisher":"https:\/\/www.facebook.com\/anovapeneira","article_published_time":"2021-03-31T10:00:36+00:00","og_image":[{"width":720,"height":432,"url":"https:\/\/www.anovapeneira.gal\/wp-content\/uploads\/2021\/03\/Vicki_Alonso_voceira_psoe_mos.jpg","type":"image\/jpeg"}],"author":"G. Figueiredo","twitter_card":"summary_large_image","twitter_creator":"@APeneira","twitter_site":"@APeneira","twitter_misc":{"Escrito por":"G. Figueiredo","Tempo de lectura":"8 minutos"},"schema":{"@context":"https:\/\/schema.org","@graph":[{"@type":"Article","@id":"https:\/\/www.anovapeneira.gal\/index.php\/2021\/03\/31\/vicki-alonso-voceira-do-psoe-de-mos\/#article","isPartOf":{"@id":"https:\/\/www.anovapeneira.gal\/index.php\/2021\/03\/31\/vicki-alonso-voceira-do-psoe-de-mos\/"},"author":{"name":"G. Figueiredo","@id":"https:\/\/www.anovapeneira.gal\/#\/schema\/person\/42f904d7cac80cf3f5a31494dd82a9b6"},"headline":"Vicki Alonso, voceira do PSOE de Mos","datePublished":"2021-03-31T10:00:36+00:00","mainEntityOfPage":{"@id":"https:\/\/www.anovapeneira.gal\/index.php\/2021\/03\/31\/vicki-alonso-voceira-do-psoe-de-mos\/"},"wordCount":1759,"commentCount":0,"publisher":{"@id":"https:\/\/www.anovapeneira.gal\/#organization"},"image":{"@id":"https:\/\/www.anovapeneira.gal\/index.php\/2021\/03\/31\/vicki-alonso-voceira-do-psoe-de-mos\/#primaryimage"},"thumbnailUrl":"https:\/\/www.anovapeneira.gal\/wp-content\/uploads\/2021\/03\/Vicki_Alonso_voceira_psoe_mos.jpg","articleSection":["A Louri\u00f1a"],"inLanguage":"gl-ES","potentialAction":[{"@type":"CommentAction","name":"Comment","target":["https:\/\/www.anovapeneira.gal\/index.php\/2021\/03\/31\/vicki-alonso-voceira-do-psoe-de-mos\/#respond"]}]},{"@type":"WebPage","@id":"https:\/\/www.anovapeneira.gal\/index.php\/2021\/03\/31\/vicki-alonso-voceira-do-psoe-de-mos\/","url":"https:\/\/www.anovapeneira.gal\/index.php\/2021\/03\/31\/vicki-alonso-voceira-do-psoe-de-mos\/","name":"Vicki Alonso, voceira do PSOE de Mos -","isPartOf":{"@id":"https:\/\/www.anovapeneira.gal\/#website"},"primaryImageOfPage":{"@id":"https:\/\/www.anovapeneira.gal\/index.php\/2021\/03\/31\/vicki-alonso-voceira-do-psoe-de-mos\/#primaryimage"},"image":{"@id":"https:\/\/www.anovapeneira.gal\/index.php\/2021\/03\/31\/vicki-alonso-voceira-do-psoe-de-mos\/#primaryimage"},"thumbnailUrl":"https:\/\/www.anovapeneira.gal\/wp-content\/uploads\/2021\/03\/Vicki_Alonso_voceira_psoe_mos.jpg","datePublished":"2021-03-31T10:00:36+00:00","description":"A Nova Peneira conversa con Vicki Alonso, voceira do PSOE de Mos para que nos dea a s\u00faa visi\u00f3n de como est\u00e1n as cousas no concello da Louri\u00f1a","breadcrumb":{"@id":"https:\/\/www.anovapeneira.gal\/index.php\/2021\/03\/31\/vicki-alonso-voceira-do-psoe-de-mos\/#breadcrumb"},"inLanguage":"gl-ES","potentialAction":[{"@type":"ReadAction","target":["https:\/\/www.anovapeneira.gal\/index.php\/2021\/03\/31\/vicki-alonso-voceira-do-psoe-de-mos\/"]}]},{"@type":"ImageObject","inLanguage":"gl-ES","@id":"https:\/\/www.anovapeneira.gal\/index.php\/2021\/03\/31\/vicki-alonso-voceira-do-psoe-de-mos\/#primaryimage","url":"https:\/\/www.anovapeneira.gal\/wp-content\/uploads\/2021\/03\/Vicki_Alonso_voceira_psoe_mos.jpg","contentUrl":"https:\/\/www.anovapeneira.gal\/wp-content\/uploads\/2021\/03\/Vicki_Alonso_voceira_psoe_mos.jpg","width":720,"height":432,"caption":"Vicki Alonso voceira do PSOE de Mos"},{"@type":"BreadcrumbList","@id":"https:\/\/www.anovapeneira.gal\/index.php\/2021\/03\/31\/vicki-alonso-voceira-do-psoe-de-mos\/#breadcrumb","itemListElement":[{"@type":"ListItem","position":1,"name":"Portada","item":"https:\/\/www.anovapeneira.gal\/"},{"@type":"ListItem","position":2,"name":"Vicki Alonso, voceira do PSOE de Mos"}]},{"@type":"WebSite","@id":"https:\/\/www.anovapeneira.gal\/#website","url":"https:\/\/www.anovapeneira.gal\/","name":"","description":"Xornal galego de informaci\u00f3n xeral Publicaci\u00f3n mensual de novas de Galicia e en especial dos Concellos da sur da provincia de Pontevedra.","publisher":{"@id":"https:\/\/www.anovapeneira.gal\/#organization"},"potentialAction":[{"@type":"SearchAction","target":{"@type":"EntryPoint","urlTemplate":"https:\/\/www.anovapeneira.gal\/?s={search_term_string}"},"query-input":{"@type":"PropertyValueSpecification","valueRequired":true,"valueName":"search_term_string"}}],"inLanguage":"gl-ES"},{"@type":"Organization","@id":"https:\/\/www.anovapeneira.gal\/#organization","name":"A Nova Peneira","url":"https:\/\/www.anovapeneira.gal\/","logo":{"@type":"ImageObject","inLanguage":"gl-ES","@id":"https:\/\/www.anovapeneira.gal\/#\/schema\/logo\/image\/","url":"http:\/\/www.anovapeneira.gal\/wp-content\/uploads\/2019\/06\/logo_a_nova_peneira_portal_web.png","contentUrl":"http:\/\/www.anovapeneira.gal\/wp-content\/uploads\/2019\/06\/logo_a_nova_peneira_portal_web.png","width":300,"height":100,"caption":"A Nova Peneira"},"image":{"@id":"https:\/\/www.anovapeneira.gal\/#\/schema\/logo\/image\/"},"sameAs":["https:\/\/www.facebook.com\/anovapeneira","https:\/\/x.com\/APeneira"]},{"@type":"Person","@id":"https:\/\/www.anovapeneira.gal\/#\/schema\/person\/42f904d7cac80cf3f5a31494dd82a9b6","name":"G. Figueiredo","image":{"@type":"ImageObject","inLanguage":"gl-ES","@id":"https:\/\/secure.gravatar.com\/avatar\/2d970086688458e0398ef8b84f5cbb8cc1ec3ab115aeb8435135a9f556af97b3?s=96&d=mm&r=g","url":"https:\/\/secure.gravatar.com\/avatar\/2d970086688458e0398ef8b84f5cbb8cc1ec3ab115aeb8435135a9f556af97b3?s=96&d=mm&r=g","contentUrl":"https:\/\/secure.gravatar.com\/avatar\/2d970086688458e0398ef8b84f5cbb8cc1ec3ab115aeb8435135a9f556af97b3?s=96&d=mm&r=g","caption":"G. Figueiredo"},"sameAs":["http:\/\/www.anovapeneira.gal\/"],"url":"https:\/\/www.anovapeneira.gal\/index.php\/author\/g-figueiredo\/"}]}},"jetpack_featured_media_url":"https:\/\/www.anovapeneira.gal\/wp-content\/uploads\/2021\/03\/Vicki_Alonso_voceira_psoe_mos.jpg","_links":{"self":[{"href":"https:\/\/www.anovapeneira.gal\/index.php\/wp-json\/wp\/v2\/posts\/5138","targetHints":{"allow":["GET"]}}],"collection":[{"href":"https:\/\/www.anovapeneira.gal\/index.php\/wp-json\/wp\/v2\/posts"}],"about":[{"href":"https:\/\/www.anovapeneira.gal\/index.php\/wp-json\/wp\/v2\/types\/post"}],"author":[{"embeddable":true,"href":"https:\/\/www.anovapeneira.gal\/index.php\/wp-json\/wp\/v2\/users\/17"}],"replies":[{"embeddable":true,"href":"https:\/\/www.anovapeneira.gal\/index.php\/wp-json\/wp\/v2\/comments?post=5138"}],"version-history":[{"count":2,"href":"https:\/\/www.anovapeneira.gal\/index.php\/wp-json\/wp\/v2\/posts\/5138\/revisions"}],"predecessor-version":[{"id":5141,"href":"https:\/\/www.anovapeneira.gal\/index.php\/wp-json\/wp\/v2\/posts\/5138\/revisions\/5141"}],"wp:featuredmedia":[{"embeddable":true,"href":"https:\/\/www.anovapeneira.gal\/index.php\/wp-json\/wp\/v2\/media\/5140"}],"wp:attachment":[{"href":"https:\/\/www.anovapeneira.gal\/index.php\/wp-json\/wp\/v2\/media?parent=5138"}],"wp:term":[{"taxonomy":"category","embeddable":true,"href":"https:\/\/www.anovapeneira.gal\/index.php\/wp-json\/wp\/v2\/categories?post=5138"},{"taxonomy":"post_tag","embeddable":true,"href":"https:\/\/www.anovapeneira.gal\/index.php\/wp-json\/wp\/v2\/tags?post=5138"}],"curies":[{"name":"wp","href":"https:\/\/api.w.org\/{rel}","templated":true}]}}