{"id":5142,"date":"2021-04-01T10:00:35","date_gmt":"2021-04-01T08:00:35","guid":{"rendered":"http:\/\/www.anovapeneira.gal\/?p=5142"},"modified":"2021-03-25T17:57:26","modified_gmt":"2021-03-25T16:57:26","slug":"o-metal-pontevedres-convoca-unha-xornada-de-folga-para-forzar-a-patronal-a-retomar-a-renovacion-do-convenio-provincial","status":"publish","type":"post","link":"https:\/\/www.anovapeneira.gal\/index.php\/2021\/04\/01\/o-metal-pontevedres-convoca-unha-xornada-de-folga-para-forzar-a-patronal-a-retomar-a-renovacion-do-convenio-provincial\/","title":{"rendered":"O metal pontevedr\u00e9s convoca unha xornada de folga para forzar a patronal a retomar a renovaci\u00f3n do convenio provincial"},"content":{"rendered":"\n<h3 class=\"wp-block-heading\">As centrais chaman a seguir neg\u00e1ndose a facer horas extras como medida de presi\u00f3n<\/h3>\n\n\n\n<p><strong>Vigo,\u00a024 Marzo  2021<\/strong><\/p>\n\n\n\n<p>Os sindicatos maioritarios no sector do metal da provincia de Pontevedra -CIG, CCOO e UGT- convocan unha xornada de folga o vindeiro 22 de abril para forzar a patronal a retomar as negociaci\u00f3ns para renovar o convenio colectivo. A decisi\u00f3n foi anunciada na asemblea de delegados\/as e traballadores\/as celebrada hoxe nas inmediaci\u00f3ns da estaci\u00f3n mar\u00edtima de Vigo.<\/p>\n\n\n\n<figure class=\"wp-block-image\"><a href=\"https:\/\/www.cig.gal\/files\/novas\/2021\/03\/24\/Folga%20metal%20Vigo%20e%20Vilagarcia\/21-03-24_Asemblea_Folga_Metal_Pontevedra_Vigo_02.JPG\"><img decoding=\"async\" src=\"https:\/\/www.cig.gal\/imaxes\/adaptadas\/780\/files\/novas\/2021\/03\/24\/Folga%20metal%20Vigo%20e%20Vilagarcia\/21-03-24_Asemblea_Folga_Metal_Pontevedra_Vigo_02.JPG\" alt=\" \"\/><\/a><\/figure>\n\n\n\n<p>O secretario comarcal da CIG-Industria de Vigo, Xulio Fern\u00e1ndez, foi o encargado de facer p\u00fablica a convocatoria de folga durante a s\u00faa intervenci\u00f3n na asemblea, ao tempo que adiantou que detr\u00e1s desta xornada vir\u00e1n m\u00e1is no caso de que a patronal contin\u00fae coa s\u00faa actitude inmobilista.<\/p>\n\n\n\n<p>Lembrou que dende o inicio das conversas co empresariado quedou clara a s\u00faa estratexia, \u201cque non \u00e9 outra que esnaquizar o convenio e precarizar a\u00ednda m\u00e1is o sector\u201d. Por iso incidiu en que \u201cse perdemos esta batalla os convenios que vir\u00e1n ser\u00e1n dram\u00e1ticos\u201d e salientou que grazas \u00e1 loita dos traballadores\/as este sector logrou convenio dignos \u201cincluso en \u00e9pocas peores\u201d.<\/p>\n\n\n\n<p>Criticou o feito de que a patronal mante\u00f1a a d\u00eda de hoxe a proposta de que o plus de eventualidade se pague a final de contrato, \u201cporque o que est\u00e1 a dicir \u00e9 que van a seguir roub\u00e1ndolles aos compa\u00f1eiros\/as que se atopan nunha situaci\u00f3n m\u00e1is precaria\u201d. As\u00ed como a insistencia en volver a introducir as ETT no sector.<\/p>\n\n\n\n<p>Diante disto, proclamou que \u201cchegou a hora de dar un paso adiante e lanzar unha mensaxe clara e contundente porque temos a raz\u00f3n e a forza para facer que se volvan sentar a negociar un convenio digno\u201d.<\/p>\n\n\n\n<p>Dende os tres sindicatos denunciaron que o persoal do sector leva dende finais de 2019 cos salarios conxelados e sen ning\u00fan tipo de mellora nas condici\u00f3ns laborais e sociais como consecuencia da falta de interese da patronal en renovar un convenio do que dependen preto de 30.000 traballadores\/as a pesar dos esforzos feitos dende a representaci\u00f3n sindical para consensuar unha proposta conxunta.<\/p>\n\n\n\n<figure class=\"wp-block-image\"><a href=\"https:\/\/www.cig.gal\/files\/novas\/2021\/03\/24\/Folga%20metal%20Vigo%20e%20Vilagarcia\/21-03-24_Asemblea_Folga_Metal_Pontevedra_Vigo_03.JPG\"><img decoding=\"async\" src=\"https:\/\/www.cig.gal\/imaxes\/adaptadas\/780\/files\/novas\/2021\/03\/24\/Folga%20metal%20Vigo%20e%20Vilagarcia\/21-03-24_Asemblea_Folga_Metal_Pontevedra_Vigo_03.JPG\" alt=\" \"\/><\/a><\/figure>\n\n\n\n<p><strong>Plataforma conxunta<\/strong><\/p>\n\n\n\n<p>O resultado foi unha plataforma que condensa as reivindicaci\u00f3ns en varios eixos principais, que pasan pola subrogaci\u00f3n do persoal por parte das empresas privadas; incremento salarial acorde ao esforzo dos empregados\/as do sector; reduci\u00f3n da xornada anual para evitar ter unha das xornadas m\u00e1is altas da media dos convenios colectivos; control dos Centros Especiais de Emprego; introducir pol\u00edticas contra o acoso para previr situaci\u00f3ns discriminatorias; axeitar o rexistro de xornada ao que marca a lexislaci\u00f3n laboral para o control horario; e actualizar as licenzas de acordo coas novas realidades persoais.<\/p>\n\n\n\n<p>Con todo, e ante a inmobilidade da parte empresarial, os sindicatos est\u00e1n dispostos a aparcar a negociaci\u00f3n do conxunto do convenio a 2022 sempre e cando se pacte de inmediato a actualizaci\u00f3n dos salarios, \u201cporque non pode ser que levan conxelados dende 2019 mentres o prezo da vida non deixa de subir\u201d. Esta proposta tam\u00e9n foi rexeitada por unha patronal \u201cque o \u00fanico que persigue unha vez m\u00e1is \u00e9 aproveitarse da actual crise sanitaria e econ\u00f3mica para precarizar a\u00ednda m\u00e1is as condici\u00f3ns laborais\u201d.<\/p>\n\n\n\n<p>Por iso a CIG, CCOO e UGT apostan por unha mobilizaci\u00f3n contundente para forzar o reinicio das negociaci\u00f3ns e por que os traballadores\/as do sector contin\u00faan neg\u00e1ndose a realizar horas extraordinarias como medida de presi\u00f3n.<\/p>\n\n\n\n<p><strong>Reparto informativo en Vilagarc\u00eda<\/strong><\/p>\n\n\n\n<p>Precisamente para apoiar a loita dos traballadores\/as do sector do metal da provincia de Pontevedra, a CIG-Saln\u00e9s levou a cabo este mediod\u00eda un reparto informativo anunciando a convocatoria de folga e chamando \u00e1 participaci\u00f3n entre o persoal dos concesionarios de autom\u00f3biles de Vilagarc\u00eda de Arousa.<\/p>\n","protected":false},"excerpt":{"rendered":"<div class=\"mh-excerpt\"><p>Os sindicatos maioritarios no sector do metal da provincia de Pontevedra -CIG, CCOO e UGT- convocan unha xornada de folga o vindeiro 22 de abril para forzar a patronal a retomar as negociaci\u00f3ns para renovar o convenio colectivo. A decisi\u00f3n foi anunciada na asemblea de delegados\/as e traballadores\/as celebrada hoxe nas inmediaci\u00f3ns da estaci\u00f3n mar\u00edtima de Vigo <a class=\"mh-excerpt-more\" href=\"https:\/\/www.anovapeneira.gal\/index.php\/2021\/04\/01\/o-metal-pontevedres-convoca-unha-xornada-de-folga-para-forzar-a-patronal-a-retomar-a-renovacion-do-convenio-provincial\/\" title=\"O metal pontevedr\u00e9s convoca unha xornada de folga para forzar a patronal a retomar a renovaci\u00f3n do convenio provincial\">[&#8230;]<\/a><\/p>\n<\/div>","protected":false},"author":3,"featured_media":5143,"comment_status":"open","ping_status":"open","sticky":false,"template":"","format":"standard","meta":{"_exactmetrics_skip_tracking":false,"_exactmetrics_sitenote_active":false,"_exactmetrics_sitenote_note":"","_exactmetrics_sitenote_category":0,"footnotes":""},"categories":[19],"tags":[227,1245],"class_list":{"0":"post-5142","1":"post","2":"type-post","3":"status-publish","4":"format-standard","5":"has-post-thumbnail","7":"category-vigo","8":"tag-concello-de-vigo","9":"tag-metal-pontevedra"},"yoast_head":"<!-- This site is optimized with the Yoast SEO plugin v27.4 - https:\/\/yoast.com\/product\/yoast-seo-wordpress\/ -->\n<title>O metal pontevedr\u00e9s convoca unha xornada de folga para forzar a patronal a retomar a renovaci\u00f3n do convenio provincial -<\/title>\n<meta name=\"description\" content=\"Os sindicatos maioritarios no sector do metal da provincia de Pontevedra -CIG, CCOO e UGT- convocan unha xornada de folga o vindeiro 22 de abril para forzar a patronal a retomar as negociaci\u00f3ns para renovar o convenio colectivo. A decisi\u00f3n foi anunciada na asemblea de delegados\/as e traballadores\/as celebrada hoxe nas inmediaci\u00f3ns da estaci\u00f3n mar\u00edtima de Vigo\" \/>\n<meta name=\"robots\" content=\"index, follow, max-snippet:-1, max-image-preview:large, max-video-preview:-1\" \/>\n<link rel=\"canonical\" href=\"https:\/\/www.anovapeneira.gal\/index.php\/2021\/04\/01\/o-metal-pontevedres-convoca-unha-xornada-de-folga-para-forzar-a-patronal-a-retomar-a-renovacion-do-convenio-provincial\/\" \/>\n<meta property=\"og:locale\" content=\"gl_ES\" \/>\n<meta property=\"og:type\" content=\"article\" \/>\n<meta property=\"og:title\" content=\"O metal pontevedr\u00e9s convoca unha xornada de folga para forzar a patronal a retomar a renovaci\u00f3n do convenio provincial -\" \/>\n<meta property=\"og:description\" content=\"Os sindicatos maioritarios no sector do metal da provincia de Pontevedra -CIG, CCOO e UGT- convocan unha xornada de folga o vindeiro 22 de abril para forzar a patronal a retomar as negociaci\u00f3ns para renovar o convenio colectivo. A decisi\u00f3n foi anunciada na asemblea de delegados\/as e traballadores\/as celebrada hoxe nas inmediaci\u00f3ns da estaci\u00f3n mar\u00edtima de Vigo\" \/>\n<meta property=\"og:url\" content=\"https:\/\/www.anovapeneira.gal\/index.php\/2021\/04\/01\/o-metal-pontevedres-convoca-unha-xornada-de-folga-para-forzar-a-patronal-a-retomar-a-renovacion-do-convenio-provincial\/\" \/>\n<meta property=\"article:publisher\" content=\"https:\/\/www.facebook.com\/anovapeneira\" \/>\n<meta property=\"article:published_time\" content=\"2021-04-01T08:00:35+00:00\" \/>\n<meta property=\"og:image\" content=\"https:\/\/www.anovapeneira.gal\/wp-content\/uploads\/2021\/03\/21-03-24_Asemblea_Folga_Metal_Pontevedra_Vigo_01.jpg\" \/>\n\t<meta property=\"og:image:width\" content=\"720\" \/>\n\t<meta property=\"og:image:height\" content=\"432\" \/>\n\t<meta property=\"og:image:type\" content=\"image\/jpeg\" \/>\n<meta name=\"author\" content=\"Redacci\u00f3n A Nova Peneira\" \/>\n<meta name=\"twitter:card\" content=\"summary_large_image\" \/>\n<meta name=\"twitter:creator\" content=\"@APeneira\" \/>\n<meta name=\"twitter:site\" content=\"@APeneira\" \/>\n<meta name=\"twitter:label1\" content=\"Escrito por\" \/>\n\t<meta name=\"twitter:data1\" content=\"Redacci\u00f3n A Nova Peneira\" \/>\n\t<meta name=\"twitter:label2\" content=\"Tempo de lectura\" \/>\n\t<meta name=\"twitter:data2\" content=\"4 minutos\" \/>\n<script type=\"application\/ld+json\" class=\"yoast-schema-graph\">{\"@context\":\"https:\\\/\\\/schema.org\",\"@graph\":[{\"@type\":\"Article\",\"@id\":\"https:\\\/\\\/www.anovapeneira.gal\\\/index.php\\\/2021\\\/04\\\/01\\\/o-metal-pontevedres-convoca-unha-xornada-de-folga-para-forzar-a-patronal-a-retomar-a-renovacion-do-convenio-provincial\\\/#article\",\"isPartOf\":{\"@id\":\"https:\\\/\\\/www.anovapeneira.gal\\\/index.php\\\/2021\\\/04\\\/01\\\/o-metal-pontevedres-convoca-unha-xornada-de-folga-para-forzar-a-patronal-a-retomar-a-renovacion-do-convenio-provincial\\\/\"},\"author\":{\"name\":\"Redacci\u00f3n A Nova Peneira\",\"@id\":\"https:\\\/\\\/www.anovapeneira.gal\\\/#\\\/schema\\\/person\\\/b93e3f8932e3f8da96334607eb6ac6aa\"},\"headline\":\"O metal pontevedr\u00e9s convoca unha xornada de folga para forzar a patronal a retomar a renovaci\u00f3n do convenio provincial\",\"datePublished\":\"2021-04-01T08:00:35+00:00\",\"mainEntityOfPage\":{\"@id\":\"https:\\\/\\\/www.anovapeneira.gal\\\/index.php\\\/2021\\\/04\\\/01\\\/o-metal-pontevedres-convoca-unha-xornada-de-folga-para-forzar-a-patronal-a-retomar-a-renovacion-do-convenio-provincial\\\/\"},\"wordCount\":674,\"commentCount\":0,\"publisher\":{\"@id\":\"https:\\\/\\\/www.anovapeneira.gal\\\/#organization\"},\"image\":{\"@id\":\"https:\\\/\\\/www.anovapeneira.gal\\\/index.php\\\/2021\\\/04\\\/01\\\/o-metal-pontevedres-convoca-unha-xornada-de-folga-para-forzar-a-patronal-a-retomar-a-renovacion-do-convenio-provincial\\\/#primaryimage\"},\"thumbnailUrl\":\"https:\\\/\\\/www.anovapeneira.gal\\\/wp-content\\\/uploads\\\/2021\\\/03\\\/21-03-24_Asemblea_Folga_Metal_Pontevedra_Vigo_01.jpg\",\"keywords\":[\"Concello de Vigo\",\"Metal Pontevedra\"],\"articleSection\":[\"Vigo\"],\"inLanguage\":\"gl-ES\",\"potentialAction\":[{\"@type\":\"CommentAction\",\"name\":\"Comment\",\"target\":[\"https:\\\/\\\/www.anovapeneira.gal\\\/index.php\\\/2021\\\/04\\\/01\\\/o-metal-pontevedres-convoca-unha-xornada-de-folga-para-forzar-a-patronal-a-retomar-a-renovacion-do-convenio-provincial\\\/#respond\"]}]},{\"@type\":\"WebPage\",\"@id\":\"https:\\\/\\\/www.anovapeneira.gal\\\/index.php\\\/2021\\\/04\\\/01\\\/o-metal-pontevedres-convoca-unha-xornada-de-folga-para-forzar-a-patronal-a-retomar-a-renovacion-do-convenio-provincial\\\/\",\"url\":\"https:\\\/\\\/www.anovapeneira.gal\\\/index.php\\\/2021\\\/04\\\/01\\\/o-metal-pontevedres-convoca-unha-xornada-de-folga-para-forzar-a-patronal-a-retomar-a-renovacion-do-convenio-provincial\\\/\",\"name\":\"O metal pontevedr\u00e9s convoca unha xornada de folga para forzar a patronal a retomar a renovaci\u00f3n do convenio provincial -\",\"isPartOf\":{\"@id\":\"https:\\\/\\\/www.anovapeneira.gal\\\/#website\"},\"primaryImageOfPage\":{\"@id\":\"https:\\\/\\\/www.anovapeneira.gal\\\/index.php\\\/2021\\\/04\\\/01\\\/o-metal-pontevedres-convoca-unha-xornada-de-folga-para-forzar-a-patronal-a-retomar-a-renovacion-do-convenio-provincial\\\/#primaryimage\"},\"image\":{\"@id\":\"https:\\\/\\\/www.anovapeneira.gal\\\/index.php\\\/2021\\\/04\\\/01\\\/o-metal-pontevedres-convoca-unha-xornada-de-folga-para-forzar-a-patronal-a-retomar-a-renovacion-do-convenio-provincial\\\/#primaryimage\"},\"thumbnailUrl\":\"https:\\\/\\\/www.anovapeneira.gal\\\/wp-content\\\/uploads\\\/2021\\\/03\\\/21-03-24_Asemblea_Folga_Metal_Pontevedra_Vigo_01.jpg\",\"datePublished\":\"2021-04-01T08:00:35+00:00\",\"description\":\"Os sindicatos maioritarios no sector do metal da provincia de Pontevedra -CIG, CCOO e UGT- convocan unha xornada de folga o vindeiro 22 de abril para forzar a patronal a retomar as negociaci\u00f3ns para renovar o convenio colectivo. A decisi\u00f3n foi anunciada na asemblea de delegados\\\/as e traballadores\\\/as celebrada hoxe nas inmediaci\u00f3ns da estaci\u00f3n mar\u00edtima de Vigo\",\"breadcrumb\":{\"@id\":\"https:\\\/\\\/www.anovapeneira.gal\\\/index.php\\\/2021\\\/04\\\/01\\\/o-metal-pontevedres-convoca-unha-xornada-de-folga-para-forzar-a-patronal-a-retomar-a-renovacion-do-convenio-provincial\\\/#breadcrumb\"},\"inLanguage\":\"gl-ES\",\"potentialAction\":[{\"@type\":\"ReadAction\",\"target\":[\"https:\\\/\\\/www.anovapeneira.gal\\\/index.php\\\/2021\\\/04\\\/01\\\/o-metal-pontevedres-convoca-unha-xornada-de-folga-para-forzar-a-patronal-a-retomar-a-renovacion-do-convenio-provincial\\\/\"]}]},{\"@type\":\"ImageObject\",\"inLanguage\":\"gl-ES\",\"@id\":\"https:\\\/\\\/www.anovapeneira.gal\\\/index.php\\\/2021\\\/04\\\/01\\\/o-metal-pontevedres-convoca-unha-xornada-de-folga-para-forzar-a-patronal-a-retomar-a-renovacion-do-convenio-provincial\\\/#primaryimage\",\"url\":\"https:\\\/\\\/www.anovapeneira.gal\\\/wp-content\\\/uploads\\\/2021\\\/03\\\/21-03-24_Asemblea_Folga_Metal_Pontevedra_Vigo_01.jpg\",\"contentUrl\":\"https:\\\/\\\/www.anovapeneira.gal\\\/wp-content\\\/uploads\\\/2021\\\/03\\\/21-03-24_Asemblea_Folga_Metal_Pontevedra_Vigo_01.jpg\",\"width\":720,\"height\":432,\"caption\":\"O metal pontevedr\u00e9s convoca unha xornada de folga para forzar a patronal a retomar a renovaci\u00f3n do convenio provincial\"},{\"@type\":\"BreadcrumbList\",\"@id\":\"https:\\\/\\\/www.anovapeneira.gal\\\/index.php\\\/2021\\\/04\\\/01\\\/o-metal-pontevedres-convoca-unha-xornada-de-folga-para-forzar-a-patronal-a-retomar-a-renovacion-do-convenio-provincial\\\/#breadcrumb\",\"itemListElement\":[{\"@type\":\"ListItem\",\"position\":1,\"name\":\"Portada\",\"item\":\"https:\\\/\\\/www.anovapeneira.gal\\\/\"},{\"@type\":\"ListItem\",\"position\":2,\"name\":\"O metal pontevedr\u00e9s convoca unha xornada de folga para forzar a patronal a retomar a renovaci\u00f3n do convenio provincial\"}]},{\"@type\":\"WebSite\",\"@id\":\"https:\\\/\\\/www.anovapeneira.gal\\\/#website\",\"url\":\"https:\\\/\\\/www.anovapeneira.gal\\\/\",\"name\":\"\",\"description\":\"Xornal galego de informaci\u00f3n xeral Publicaci\u00f3n mensual de novas de Galicia e en especial dos Concellos da sur da provincia de Pontevedra.\",\"publisher\":{\"@id\":\"https:\\\/\\\/www.anovapeneira.gal\\\/#organization\"},\"potentialAction\":[{\"@type\":\"SearchAction\",\"target\":{\"@type\":\"EntryPoint\",\"urlTemplate\":\"https:\\\/\\\/www.anovapeneira.gal\\\/?s={search_term_string}\"},\"query-input\":{\"@type\":\"PropertyValueSpecification\",\"valueRequired\":true,\"valueName\":\"search_term_string\"}}],\"inLanguage\":\"gl-ES\"},{\"@type\":\"Organization\",\"@id\":\"https:\\\/\\\/www.anovapeneira.gal\\\/#organization\",\"name\":\"A Nova Peneira\",\"url\":\"https:\\\/\\\/www.anovapeneira.gal\\\/\",\"logo\":{\"@type\":\"ImageObject\",\"inLanguage\":\"gl-ES\",\"@id\":\"https:\\\/\\\/www.anovapeneira.gal\\\/#\\\/schema\\\/logo\\\/image\\\/\",\"url\":\"http:\\\/\\\/www.anovapeneira.gal\\\/wp-content\\\/uploads\\\/2019\\\/06\\\/logo_a_nova_peneira_portal_web.png\",\"contentUrl\":\"http:\\\/\\\/www.anovapeneira.gal\\\/wp-content\\\/uploads\\\/2019\\\/06\\\/logo_a_nova_peneira_portal_web.png\",\"width\":300,\"height\":100,\"caption\":\"A Nova Peneira\"},\"image\":{\"@id\":\"https:\\\/\\\/www.anovapeneira.gal\\\/#\\\/schema\\\/logo\\\/image\\\/\"},\"sameAs\":[\"https:\\\/\\\/www.facebook.com\\\/anovapeneira\",\"https:\\\/\\\/x.com\\\/APeneira\"]},{\"@type\":\"Person\",\"@id\":\"https:\\\/\\\/www.anovapeneira.gal\\\/#\\\/schema\\\/person\\\/b93e3f8932e3f8da96334607eb6ac6aa\",\"name\":\"Redacci\u00f3n A Nova Peneira\",\"image\":{\"@type\":\"ImageObject\",\"inLanguage\":\"gl-ES\",\"@id\":\"https:\\\/\\\/secure.gravatar.com\\\/avatar\\\/c052a2551a06e23fac63626232eaa90abd78dbcf1700fc46a2b2c89fd27b735f?s=96&d=mm&r=g\",\"url\":\"https:\\\/\\\/secure.gravatar.com\\\/avatar\\\/c052a2551a06e23fac63626232eaa90abd78dbcf1700fc46a2b2c89fd27b735f?s=96&d=mm&r=g\",\"contentUrl\":\"https:\\\/\\\/secure.gravatar.com\\\/avatar\\\/c052a2551a06e23fac63626232eaa90abd78dbcf1700fc46a2b2c89fd27b735f?s=96&d=mm&r=g\",\"caption\":\"Redacci\u00f3n A Nova Peneira\"},\"sameAs\":[\"http:\\\/\\\/www.anovapeneira.gal\\\/\"],\"url\":\"https:\\\/\\\/www.anovapeneira.gal\\\/index.php\\\/author\\\/redactor\\\/\"}]}<\/script>\n<!-- \/ Yoast SEO plugin. -->","yoast_head_json":{"title":"O metal pontevedr\u00e9s convoca unha xornada de folga para forzar a patronal a retomar a renovaci\u00f3n do convenio provincial -","description":"Os sindicatos maioritarios no sector do metal da provincia de Pontevedra -CIG, CCOO e UGT- convocan unha xornada de folga o vindeiro 22 de abril para forzar a patronal a retomar as negociaci\u00f3ns para renovar o convenio colectivo. A decisi\u00f3n foi anunciada na asemblea de delegados\/as e traballadores\/as celebrada hoxe nas inmediaci\u00f3ns da estaci\u00f3n mar\u00edtima de Vigo","robots":{"index":"index","follow":"follow","max-snippet":"max-snippet:-1","max-image-preview":"max-image-preview:large","max-video-preview":"max-video-preview:-1"},"canonical":"https:\/\/www.anovapeneira.gal\/index.php\/2021\/04\/01\/o-metal-pontevedres-convoca-unha-xornada-de-folga-para-forzar-a-patronal-a-retomar-a-renovacion-do-convenio-provincial\/","og_locale":"gl_ES","og_type":"article","og_title":"O metal pontevedr\u00e9s convoca unha xornada de folga para forzar a patronal a retomar a renovaci\u00f3n do convenio provincial -","og_description":"Os sindicatos maioritarios no sector do metal da provincia de Pontevedra -CIG, CCOO e UGT- convocan unha xornada de folga o vindeiro 22 de abril para forzar a patronal a retomar as negociaci\u00f3ns para renovar o convenio colectivo. A decisi\u00f3n foi anunciada na asemblea de delegados\/as e traballadores\/as celebrada hoxe nas inmediaci\u00f3ns da estaci\u00f3n mar\u00edtima de Vigo","og_url":"https:\/\/www.anovapeneira.gal\/index.php\/2021\/04\/01\/o-metal-pontevedres-convoca-unha-xornada-de-folga-para-forzar-a-patronal-a-retomar-a-renovacion-do-convenio-provincial\/","article_publisher":"https:\/\/www.facebook.com\/anovapeneira","article_published_time":"2021-04-01T08:00:35+00:00","og_image":[{"width":720,"height":432,"url":"https:\/\/www.anovapeneira.gal\/wp-content\/uploads\/2021\/03\/21-03-24_Asemblea_Folga_Metal_Pontevedra_Vigo_01.jpg","type":"image\/jpeg"}],"author":"Redacci\u00f3n A Nova Peneira","twitter_card":"summary_large_image","twitter_creator":"@APeneira","twitter_site":"@APeneira","twitter_misc":{"Escrito por":"Redacci\u00f3n A Nova Peneira","Tempo de lectura":"4 minutos"},"schema":{"@context":"https:\/\/schema.org","@graph":[{"@type":"Article","@id":"https:\/\/www.anovapeneira.gal\/index.php\/2021\/04\/01\/o-metal-pontevedres-convoca-unha-xornada-de-folga-para-forzar-a-patronal-a-retomar-a-renovacion-do-convenio-provincial\/#article","isPartOf":{"@id":"https:\/\/www.anovapeneira.gal\/index.php\/2021\/04\/01\/o-metal-pontevedres-convoca-unha-xornada-de-folga-para-forzar-a-patronal-a-retomar-a-renovacion-do-convenio-provincial\/"},"author":{"name":"Redacci\u00f3n A Nova Peneira","@id":"https:\/\/www.anovapeneira.gal\/#\/schema\/person\/b93e3f8932e3f8da96334607eb6ac6aa"},"headline":"O metal pontevedr\u00e9s convoca unha xornada de folga para forzar a patronal a retomar a renovaci\u00f3n do convenio provincial","datePublished":"2021-04-01T08:00:35+00:00","mainEntityOfPage":{"@id":"https:\/\/www.anovapeneira.gal\/index.php\/2021\/04\/01\/o-metal-pontevedres-convoca-unha-xornada-de-folga-para-forzar-a-patronal-a-retomar-a-renovacion-do-convenio-provincial\/"},"wordCount":674,"commentCount":0,"publisher":{"@id":"https:\/\/www.anovapeneira.gal\/#organization"},"image":{"@id":"https:\/\/www.anovapeneira.gal\/index.php\/2021\/04\/01\/o-metal-pontevedres-convoca-unha-xornada-de-folga-para-forzar-a-patronal-a-retomar-a-renovacion-do-convenio-provincial\/#primaryimage"},"thumbnailUrl":"https:\/\/www.anovapeneira.gal\/wp-content\/uploads\/2021\/03\/21-03-24_Asemblea_Folga_Metal_Pontevedra_Vigo_01.jpg","keywords":["Concello de Vigo","Metal Pontevedra"],"articleSection":["Vigo"],"inLanguage":"gl-ES","potentialAction":[{"@type":"CommentAction","name":"Comment","target":["https:\/\/www.anovapeneira.gal\/index.php\/2021\/04\/01\/o-metal-pontevedres-convoca-unha-xornada-de-folga-para-forzar-a-patronal-a-retomar-a-renovacion-do-convenio-provincial\/#respond"]}]},{"@type":"WebPage","@id":"https:\/\/www.anovapeneira.gal\/index.php\/2021\/04\/01\/o-metal-pontevedres-convoca-unha-xornada-de-folga-para-forzar-a-patronal-a-retomar-a-renovacion-do-convenio-provincial\/","url":"https:\/\/www.anovapeneira.gal\/index.php\/2021\/04\/01\/o-metal-pontevedres-convoca-unha-xornada-de-folga-para-forzar-a-patronal-a-retomar-a-renovacion-do-convenio-provincial\/","name":"O metal pontevedr\u00e9s convoca unha xornada de folga para forzar a patronal a retomar a renovaci\u00f3n do convenio provincial -","isPartOf":{"@id":"https:\/\/www.anovapeneira.gal\/#website"},"primaryImageOfPage":{"@id":"https:\/\/www.anovapeneira.gal\/index.php\/2021\/04\/01\/o-metal-pontevedres-convoca-unha-xornada-de-folga-para-forzar-a-patronal-a-retomar-a-renovacion-do-convenio-provincial\/#primaryimage"},"image":{"@id":"https:\/\/www.anovapeneira.gal\/index.php\/2021\/04\/01\/o-metal-pontevedres-convoca-unha-xornada-de-folga-para-forzar-a-patronal-a-retomar-a-renovacion-do-convenio-provincial\/#primaryimage"},"thumbnailUrl":"https:\/\/www.anovapeneira.gal\/wp-content\/uploads\/2021\/03\/21-03-24_Asemblea_Folga_Metal_Pontevedra_Vigo_01.jpg","datePublished":"2021-04-01T08:00:35+00:00","description":"Os sindicatos maioritarios no sector do metal da provincia de Pontevedra -CIG, CCOO e UGT- convocan unha xornada de folga o vindeiro 22 de abril para forzar a patronal a retomar as negociaci\u00f3ns para renovar o convenio colectivo. A decisi\u00f3n foi anunciada na asemblea de delegados\/as e traballadores\/as celebrada hoxe nas inmediaci\u00f3ns da estaci\u00f3n mar\u00edtima de Vigo","breadcrumb":{"@id":"https:\/\/www.anovapeneira.gal\/index.php\/2021\/04\/01\/o-metal-pontevedres-convoca-unha-xornada-de-folga-para-forzar-a-patronal-a-retomar-a-renovacion-do-convenio-provincial\/#breadcrumb"},"inLanguage":"gl-ES","potentialAction":[{"@type":"ReadAction","target":["https:\/\/www.anovapeneira.gal\/index.php\/2021\/04\/01\/o-metal-pontevedres-convoca-unha-xornada-de-folga-para-forzar-a-patronal-a-retomar-a-renovacion-do-convenio-provincial\/"]}]},{"@type":"ImageObject","inLanguage":"gl-ES","@id":"https:\/\/www.anovapeneira.gal\/index.php\/2021\/04\/01\/o-metal-pontevedres-convoca-unha-xornada-de-folga-para-forzar-a-patronal-a-retomar-a-renovacion-do-convenio-provincial\/#primaryimage","url":"https:\/\/www.anovapeneira.gal\/wp-content\/uploads\/2021\/03\/21-03-24_Asemblea_Folga_Metal_Pontevedra_Vigo_01.jpg","contentUrl":"https:\/\/www.anovapeneira.gal\/wp-content\/uploads\/2021\/03\/21-03-24_Asemblea_Folga_Metal_Pontevedra_Vigo_01.jpg","width":720,"height":432,"caption":"O metal pontevedr\u00e9s convoca unha xornada de folga para forzar a patronal a retomar a renovaci\u00f3n do convenio provincial"},{"@type":"BreadcrumbList","@id":"https:\/\/www.anovapeneira.gal\/index.php\/2021\/04\/01\/o-metal-pontevedres-convoca-unha-xornada-de-folga-para-forzar-a-patronal-a-retomar-a-renovacion-do-convenio-provincial\/#breadcrumb","itemListElement":[{"@type":"ListItem","position":1,"name":"Portada","item":"https:\/\/www.anovapeneira.gal\/"},{"@type":"ListItem","position":2,"name":"O metal pontevedr\u00e9s convoca unha xornada de folga para forzar a patronal a retomar a renovaci\u00f3n do convenio provincial"}]},{"@type":"WebSite","@id":"https:\/\/www.anovapeneira.gal\/#website","url":"https:\/\/www.anovapeneira.gal\/","name":"","description":"Xornal galego de informaci\u00f3n xeral Publicaci\u00f3n mensual de novas de Galicia e en especial dos Concellos da sur da provincia de Pontevedra.","publisher":{"@id":"https:\/\/www.anovapeneira.gal\/#organization"},"potentialAction":[{"@type":"SearchAction","target":{"@type":"EntryPoint","urlTemplate":"https:\/\/www.anovapeneira.gal\/?s={search_term_string}"},"query-input":{"@type":"PropertyValueSpecification","valueRequired":true,"valueName":"search_term_string"}}],"inLanguage":"gl-ES"},{"@type":"Organization","@id":"https:\/\/www.anovapeneira.gal\/#organization","name":"A Nova Peneira","url":"https:\/\/www.anovapeneira.gal\/","logo":{"@type":"ImageObject","inLanguage":"gl-ES","@id":"https:\/\/www.anovapeneira.gal\/#\/schema\/logo\/image\/","url":"http:\/\/www.anovapeneira.gal\/wp-content\/uploads\/2019\/06\/logo_a_nova_peneira_portal_web.png","contentUrl":"http:\/\/www.anovapeneira.gal\/wp-content\/uploads\/2019\/06\/logo_a_nova_peneira_portal_web.png","width":300,"height":100,"caption":"A Nova Peneira"},"image":{"@id":"https:\/\/www.anovapeneira.gal\/#\/schema\/logo\/image\/"},"sameAs":["https:\/\/www.facebook.com\/anovapeneira","https:\/\/x.com\/APeneira"]},{"@type":"Person","@id":"https:\/\/www.anovapeneira.gal\/#\/schema\/person\/b93e3f8932e3f8da96334607eb6ac6aa","name":"Redacci\u00f3n A Nova Peneira","image":{"@type":"ImageObject","inLanguage":"gl-ES","@id":"https:\/\/secure.gravatar.com\/avatar\/c052a2551a06e23fac63626232eaa90abd78dbcf1700fc46a2b2c89fd27b735f?s=96&d=mm&r=g","url":"https:\/\/secure.gravatar.com\/avatar\/c052a2551a06e23fac63626232eaa90abd78dbcf1700fc46a2b2c89fd27b735f?s=96&d=mm&r=g","contentUrl":"https:\/\/secure.gravatar.com\/avatar\/c052a2551a06e23fac63626232eaa90abd78dbcf1700fc46a2b2c89fd27b735f?s=96&d=mm&r=g","caption":"Redacci\u00f3n A Nova Peneira"},"sameAs":["http:\/\/www.anovapeneira.gal\/"],"url":"https:\/\/www.anovapeneira.gal\/index.php\/author\/redactor\/"}]}},"jetpack_featured_media_url":"https:\/\/www.anovapeneira.gal\/wp-content\/uploads\/2021\/03\/21-03-24_Asemblea_Folga_Metal_Pontevedra_Vigo_01.jpg","_links":{"self":[{"href":"https:\/\/www.anovapeneira.gal\/index.php\/wp-json\/wp\/v2\/posts\/5142","targetHints":{"allow":["GET"]}}],"collection":[{"href":"https:\/\/www.anovapeneira.gal\/index.php\/wp-json\/wp\/v2\/posts"}],"about":[{"href":"https:\/\/www.anovapeneira.gal\/index.php\/wp-json\/wp\/v2\/types\/post"}],"author":[{"embeddable":true,"href":"https:\/\/www.anovapeneira.gal\/index.php\/wp-json\/wp\/v2\/users\/3"}],"replies":[{"embeddable":true,"href":"https:\/\/www.anovapeneira.gal\/index.php\/wp-json\/wp\/v2\/comments?post=5142"}],"version-history":[{"count":1,"href":"https:\/\/www.anovapeneira.gal\/index.php\/wp-json\/wp\/v2\/posts\/5142\/revisions"}],"predecessor-version":[{"id":5144,"href":"https:\/\/www.anovapeneira.gal\/index.php\/wp-json\/wp\/v2\/posts\/5142\/revisions\/5144"}],"wp:featuredmedia":[{"embeddable":true,"href":"https:\/\/www.anovapeneira.gal\/index.php\/wp-json\/wp\/v2\/media\/5143"}],"wp:attachment":[{"href":"https:\/\/www.anovapeneira.gal\/index.php\/wp-json\/wp\/v2\/media?parent=5142"}],"wp:term":[{"taxonomy":"category","embeddable":true,"href":"https:\/\/www.anovapeneira.gal\/index.php\/wp-json\/wp\/v2\/categories?post=5142"},{"taxonomy":"post_tag","embeddable":true,"href":"https:\/\/www.anovapeneira.gal\/index.php\/wp-json\/wp\/v2\/tags?post=5142"}],"curies":[{"name":"wp","href":"https:\/\/api.w.org\/{rel}","templated":true}]}}