{"id":5146,"date":"2021-04-01T12:00:28","date_gmt":"2021-04-01T10:00:28","guid":{"rendered":"http:\/\/www.anovapeneira.gal\/?p=5146"},"modified":"2021-03-26T19:04:56","modified_gmt":"2021-03-26T18:04:56","slug":"grave-estado-de-abandono-do-lugar-de-interese-comunitario-das-branas-de-xestoso","status":"publish","type":"post","link":"https:\/\/www.anovapeneira.gal\/index.php\/2021\/04\/01\/grave-estado-de-abandono-do-lugar-de-interese-comunitario-das-branas-de-xestoso\/","title":{"rendered":"Grave estado de abandono do lugar de interese comunitario das Bra\u00f1as de Xestoso"},"content":{"rendered":"\n<p>Dende o grupo municipal do BNG-Foro Forcarei queremos mostrar a nosa preocupaci\u00f3n polo grave estado de abandono do lugar de interese comunitario das Bra\u00f1as de Xestoso, que ocupa parte dos concellos de A Estrada, Forcarei e Silleda.<\/p>\n\n\n\n<p>Este espazo natural conta con protecci\u00f3n dende o 27 de marzo de 2004 e sen embargo, no ano 2021 s\u00f3 observamos que o estado de conservaci\u00f3n \u00e9 peor e que o futuro a\u00ednda \u00e9 m\u00e1is incerto.<\/p>\n\n\n\n<p>Este LIC vai a verse afectado pola construci\u00f3n do parque e\u00f3lico Tramontana, un megaparque de 70MW que tramita o goberno do estado e que afectar\u00eda sobre todo \u00e1 parte de Forcarei, danando gravemente os valores naturais desta zona, como son os rar\u00edsimos solos de turbeira ou a especies como o falc\u00f3n ou o sis\u00f3n.<\/p>\n\n\n\n<p>\u00c9 por elo que cremos que o goberno do estado non deber\u00eda autorizar este parque co actual proxecto, debendo reformular o mesmo a empresa solicitante para evitar afectaci\u00f3ns abusivas.<\/p>\n\n\n\n<p>Esta afectaci\u00f3n, ao igual c\u00e1s demais dos parques e\u00f3licos proxectados en Forcarei, esiximos sexan vixiadas e contestadas polo concello de Forcarei, para conseguir un desenrolo pero sostible, o cal ata o d\u00eda de hoxe non presentou alegaci\u00f3ns a estes parques.<\/p>\n\n\n\n<p>Por outra banda, a ausencia de conservaci\u00f3n deste espazo, que corresponde \u00e1 Xunta de Galicia como administraci\u00f3n competente na conservaci\u00f3n da Rede Natura 2000, provoca que a vexetaci\u00f3n est\u00e9 a invadir espazos como a Lagoa Sacra, elemento natural e patrimonial esencial deste espazo.<\/p>\n\n\n\n<p>Esta invasi\u00f3n descontrolada de especies arb\u00f3reas pode por en risco os valores naturais da zona, polo que solicitamos da Xunta de Galicia que po\u00f1a en valor este espazo natural e leve a cabo medidas de mellora dos h\u00e1bitats que fan importante este espazo natural mellorando a accesibilidade e a corta de especies invasoras.<\/p>\n\n\n\n<p>No actual contexto de mobilidade limitada e a b\u00fasqueda de espazos naturais cercanos para o lecer, cremos important\u00edsimo apostar por potenciar os espazos naturais galegos, no noso caso as Bra\u00f1as de Xestoso, pondo o foco na conservaci\u00f3n dos valores naturais que fan de este un espazo \u00fanico, convertindoo ao mesmo tempo un elemento dinamizador do turismo de natureza dos concellos de A Estrada, Forcarei e Silleda.<\/p>\n","protected":false},"excerpt":{"rendered":"<div class=\"mh-excerpt\"><p>Dende o grupo municipal do BNG-Foro Forcarei queremos mostrar a nosa preocupaci\u00f3n polo grave estado de abandono do lugar de interese comunitario das Bra\u00f1as de Xestoso, que ocupa parte dos concellos de A Estrada, Forcarei e Silleda <a class=\"mh-excerpt-more\" href=\"https:\/\/www.anovapeneira.gal\/index.php\/2021\/04\/01\/grave-estado-de-abandono-do-lugar-de-interese-comunitario-das-branas-de-xestoso\/\" title=\"Grave estado de abandono do lugar de interese comunitario das Bra\u00f1as de Xestoso\">[&#8230;]<\/a><\/p>\n<\/div>","protected":false},"author":3,"featured_media":5148,"comment_status":"open","ping_status":"open","sticky":false,"template":"","format":"standard","meta":{"_exactmetrics_skip_tracking":false,"_exactmetrics_sitenote_active":false,"_exactmetrics_sitenote_note":"","_exactmetrics_sitenote_category":0,"footnotes":""},"categories":[26],"tags":[1188],"class_list":{"0":"post-5146","1":"post","2":"type-post","3":"status-publish","4":"format-standard","5":"has-post-thumbnail","7":"category-pontevedra","8":"tag-concello-de-forcarei"},"yoast_head":"<!-- This site is optimized with the Yoast SEO plugin v27.4 - https:\/\/yoast.com\/product\/yoast-seo-wordpress\/ -->\n<title>Grave estado de abandono do lugar de interese comunitario das Bra\u00f1as de Xestoso -<\/title>\n<meta name=\"description\" content=\"Dende o grupo municipal do BNG-Foro Forcarei queremos mostrar a nosa preocupaci\u00f3n polo grave estado de abandono do lugar de interese comunitario das Bra\u00f1as de Xestoso, que ocupa parte dos concellos de A Estrada, Forcarei e Silleda\" \/>\n<meta name=\"robots\" content=\"index, follow, max-snippet:-1, max-image-preview:large, max-video-preview:-1\" \/>\n<link rel=\"canonical\" href=\"https:\/\/www.anovapeneira.gal\/index.php\/2021\/04\/01\/grave-estado-de-abandono-do-lugar-de-interese-comunitario-das-branas-de-xestoso\/\" \/>\n<meta property=\"og:locale\" content=\"gl_ES\" \/>\n<meta property=\"og:type\" content=\"article\" \/>\n<meta property=\"og:title\" content=\"Grave estado de abandono do lugar de interese comunitario das Bra\u00f1as de Xestoso -\" \/>\n<meta property=\"og:description\" content=\"Dende o grupo municipal do BNG-Foro Forcarei queremos mostrar a nosa preocupaci\u00f3n polo grave estado de abandono do lugar de interese comunitario das Bra\u00f1as de Xestoso, que ocupa parte dos concellos de A Estrada, Forcarei e Silleda\" \/>\n<meta property=\"og:url\" content=\"https:\/\/www.anovapeneira.gal\/index.php\/2021\/04\/01\/grave-estado-de-abandono-do-lugar-de-interese-comunitario-das-branas-de-xestoso\/\" \/>\n<meta property=\"article:publisher\" content=\"https:\/\/www.facebook.com\/anovapeneira\" \/>\n<meta property=\"article:published_time\" content=\"2021-04-01T10:00:28+00:00\" \/>\n<meta property=\"og:image\" content=\"https:\/\/www.anovapeneira.gal\/wp-content\/uploads\/2021\/03\/brana_xestoso.jpg\" \/>\n\t<meta property=\"og:image:width\" content=\"720\" \/>\n\t<meta property=\"og:image:height\" content=\"432\" \/>\n\t<meta property=\"og:image:type\" content=\"image\/jpeg\" \/>\n<meta name=\"author\" content=\"Redacci\u00f3n A Nova Peneira\" \/>\n<meta name=\"twitter:card\" content=\"summary_large_image\" \/>\n<meta name=\"twitter:creator\" content=\"@APeneira\" \/>\n<meta name=\"twitter:site\" content=\"@APeneira\" \/>\n<meta name=\"twitter:label1\" content=\"Escrito por\" \/>\n\t<meta name=\"twitter:data1\" content=\"Redacci\u00f3n A Nova Peneira\" \/>\n\t<meta name=\"twitter:label2\" content=\"Tempo de lectura\" \/>\n\t<meta name=\"twitter:data2\" content=\"2 minutos\" \/>\n<script type=\"application\/ld+json\" class=\"yoast-schema-graph\">{\"@context\":\"https:\\\/\\\/schema.org\",\"@graph\":[{\"@type\":\"Article\",\"@id\":\"https:\\\/\\\/www.anovapeneira.gal\\\/index.php\\\/2021\\\/04\\\/01\\\/grave-estado-de-abandono-do-lugar-de-interese-comunitario-das-branas-de-xestoso\\\/#article\",\"isPartOf\":{\"@id\":\"https:\\\/\\\/www.anovapeneira.gal\\\/index.php\\\/2021\\\/04\\\/01\\\/grave-estado-de-abandono-do-lugar-de-interese-comunitario-das-branas-de-xestoso\\\/\"},\"author\":{\"name\":\"Redacci\u00f3n A Nova Peneira\",\"@id\":\"https:\\\/\\\/www.anovapeneira.gal\\\/#\\\/schema\\\/person\\\/b93e3f8932e3f8da96334607eb6ac6aa\"},\"headline\":\"Grave estado de abandono do lugar de interese comunitario das Bra\u00f1as de Xestoso\",\"datePublished\":\"2021-04-01T10:00:28+00:00\",\"mainEntityOfPage\":{\"@id\":\"https:\\\/\\\/www.anovapeneira.gal\\\/index.php\\\/2021\\\/04\\\/01\\\/grave-estado-de-abandono-do-lugar-de-interese-comunitario-das-branas-de-xestoso\\\/\"},\"wordCount\":394,\"commentCount\":0,\"publisher\":{\"@id\":\"https:\\\/\\\/www.anovapeneira.gal\\\/#organization\"},\"image\":{\"@id\":\"https:\\\/\\\/www.anovapeneira.gal\\\/index.php\\\/2021\\\/04\\\/01\\\/grave-estado-de-abandono-do-lugar-de-interese-comunitario-das-branas-de-xestoso\\\/#primaryimage\"},\"thumbnailUrl\":\"https:\\\/\\\/www.anovapeneira.gal\\\/wp-content\\\/uploads\\\/2021\\\/03\\\/brana_xestoso.jpg\",\"keywords\":[\"Concello de Forcarei\"],\"articleSection\":[\"Pontevedra\"],\"inLanguage\":\"gl-ES\",\"potentialAction\":[{\"@type\":\"CommentAction\",\"name\":\"Comment\",\"target\":[\"https:\\\/\\\/www.anovapeneira.gal\\\/index.php\\\/2021\\\/04\\\/01\\\/grave-estado-de-abandono-do-lugar-de-interese-comunitario-das-branas-de-xestoso\\\/#respond\"]}]},{\"@type\":\"WebPage\",\"@id\":\"https:\\\/\\\/www.anovapeneira.gal\\\/index.php\\\/2021\\\/04\\\/01\\\/grave-estado-de-abandono-do-lugar-de-interese-comunitario-das-branas-de-xestoso\\\/\",\"url\":\"https:\\\/\\\/www.anovapeneira.gal\\\/index.php\\\/2021\\\/04\\\/01\\\/grave-estado-de-abandono-do-lugar-de-interese-comunitario-das-branas-de-xestoso\\\/\",\"name\":\"Grave estado de abandono do lugar de interese comunitario das Bra\u00f1as de Xestoso -\",\"isPartOf\":{\"@id\":\"https:\\\/\\\/www.anovapeneira.gal\\\/#website\"},\"primaryImageOfPage\":{\"@id\":\"https:\\\/\\\/www.anovapeneira.gal\\\/index.php\\\/2021\\\/04\\\/01\\\/grave-estado-de-abandono-do-lugar-de-interese-comunitario-das-branas-de-xestoso\\\/#primaryimage\"},\"image\":{\"@id\":\"https:\\\/\\\/www.anovapeneira.gal\\\/index.php\\\/2021\\\/04\\\/01\\\/grave-estado-de-abandono-do-lugar-de-interese-comunitario-das-branas-de-xestoso\\\/#primaryimage\"},\"thumbnailUrl\":\"https:\\\/\\\/www.anovapeneira.gal\\\/wp-content\\\/uploads\\\/2021\\\/03\\\/brana_xestoso.jpg\",\"datePublished\":\"2021-04-01T10:00:28+00:00\",\"description\":\"Dende o grupo municipal do BNG-Foro Forcarei queremos mostrar a nosa preocupaci\u00f3n polo grave estado de abandono do lugar de interese comunitario das Bra\u00f1as de Xestoso, que ocupa parte dos concellos de A Estrada, Forcarei e Silleda\",\"breadcrumb\":{\"@id\":\"https:\\\/\\\/www.anovapeneira.gal\\\/index.php\\\/2021\\\/04\\\/01\\\/grave-estado-de-abandono-do-lugar-de-interese-comunitario-das-branas-de-xestoso\\\/#breadcrumb\"},\"inLanguage\":\"gl-ES\",\"potentialAction\":[{\"@type\":\"ReadAction\",\"target\":[\"https:\\\/\\\/www.anovapeneira.gal\\\/index.php\\\/2021\\\/04\\\/01\\\/grave-estado-de-abandono-do-lugar-de-interese-comunitario-das-branas-de-xestoso\\\/\"]}]},{\"@type\":\"ImageObject\",\"inLanguage\":\"gl-ES\",\"@id\":\"https:\\\/\\\/www.anovapeneira.gal\\\/index.php\\\/2021\\\/04\\\/01\\\/grave-estado-de-abandono-do-lugar-de-interese-comunitario-das-branas-de-xestoso\\\/#primaryimage\",\"url\":\"https:\\\/\\\/www.anovapeneira.gal\\\/wp-content\\\/uploads\\\/2021\\\/03\\\/brana_xestoso.jpg\",\"contentUrl\":\"https:\\\/\\\/www.anovapeneira.gal\\\/wp-content\\\/uploads\\\/2021\\\/03\\\/brana_xestoso.jpg\",\"width\":720,\"height\":432,\"caption\":\"grave estado de abandono do lugar de interese comunitario das Bra\u00f1as de Xestoso\"},{\"@type\":\"BreadcrumbList\",\"@id\":\"https:\\\/\\\/www.anovapeneira.gal\\\/index.php\\\/2021\\\/04\\\/01\\\/grave-estado-de-abandono-do-lugar-de-interese-comunitario-das-branas-de-xestoso\\\/#breadcrumb\",\"itemListElement\":[{\"@type\":\"ListItem\",\"position\":1,\"name\":\"Portada\",\"item\":\"https:\\\/\\\/www.anovapeneira.gal\\\/\"},{\"@type\":\"ListItem\",\"position\":2,\"name\":\"Grave estado de abandono do lugar de interese comunitario das Bra\u00f1as de Xestoso\"}]},{\"@type\":\"WebSite\",\"@id\":\"https:\\\/\\\/www.anovapeneira.gal\\\/#website\",\"url\":\"https:\\\/\\\/www.anovapeneira.gal\\\/\",\"name\":\"\",\"description\":\"Xornal galego de informaci\u00f3n xeral Publicaci\u00f3n mensual de novas de Galicia e en especial dos Concellos da sur da provincia de Pontevedra.\",\"publisher\":{\"@id\":\"https:\\\/\\\/www.anovapeneira.gal\\\/#organization\"},\"potentialAction\":[{\"@type\":\"SearchAction\",\"target\":{\"@type\":\"EntryPoint\",\"urlTemplate\":\"https:\\\/\\\/www.anovapeneira.gal\\\/?s={search_term_string}\"},\"query-input\":{\"@type\":\"PropertyValueSpecification\",\"valueRequired\":true,\"valueName\":\"search_term_string\"}}],\"inLanguage\":\"gl-ES\"},{\"@type\":\"Organization\",\"@id\":\"https:\\\/\\\/www.anovapeneira.gal\\\/#organization\",\"name\":\"A Nova Peneira\",\"url\":\"https:\\\/\\\/www.anovapeneira.gal\\\/\",\"logo\":{\"@type\":\"ImageObject\",\"inLanguage\":\"gl-ES\",\"@id\":\"https:\\\/\\\/www.anovapeneira.gal\\\/#\\\/schema\\\/logo\\\/image\\\/\",\"url\":\"http:\\\/\\\/www.anovapeneira.gal\\\/wp-content\\\/uploads\\\/2019\\\/06\\\/logo_a_nova_peneira_portal_web.png\",\"contentUrl\":\"http:\\\/\\\/www.anovapeneira.gal\\\/wp-content\\\/uploads\\\/2019\\\/06\\\/logo_a_nova_peneira_portal_web.png\",\"width\":300,\"height\":100,\"caption\":\"A Nova Peneira\"},\"image\":{\"@id\":\"https:\\\/\\\/www.anovapeneira.gal\\\/#\\\/schema\\\/logo\\\/image\\\/\"},\"sameAs\":[\"https:\\\/\\\/www.facebook.com\\\/anovapeneira\",\"https:\\\/\\\/x.com\\\/APeneira\"]},{\"@type\":\"Person\",\"@id\":\"https:\\\/\\\/www.anovapeneira.gal\\\/#\\\/schema\\\/person\\\/b93e3f8932e3f8da96334607eb6ac6aa\",\"name\":\"Redacci\u00f3n A Nova Peneira\",\"image\":{\"@type\":\"ImageObject\",\"inLanguage\":\"gl-ES\",\"@id\":\"https:\\\/\\\/secure.gravatar.com\\\/avatar\\\/c052a2551a06e23fac63626232eaa90abd78dbcf1700fc46a2b2c89fd27b735f?s=96&d=mm&r=g\",\"url\":\"https:\\\/\\\/secure.gravatar.com\\\/avatar\\\/c052a2551a06e23fac63626232eaa90abd78dbcf1700fc46a2b2c89fd27b735f?s=96&d=mm&r=g\",\"contentUrl\":\"https:\\\/\\\/secure.gravatar.com\\\/avatar\\\/c052a2551a06e23fac63626232eaa90abd78dbcf1700fc46a2b2c89fd27b735f?s=96&d=mm&r=g\",\"caption\":\"Redacci\u00f3n A Nova Peneira\"},\"sameAs\":[\"http:\\\/\\\/www.anovapeneira.gal\\\/\"],\"url\":\"https:\\\/\\\/www.anovapeneira.gal\\\/index.php\\\/author\\\/redactor\\\/\"}]}<\/script>\n<!-- \/ Yoast SEO plugin. -->","yoast_head_json":{"title":"Grave estado de abandono do lugar de interese comunitario das Bra\u00f1as de Xestoso -","description":"Dende o grupo municipal do BNG-Foro Forcarei queremos mostrar a nosa preocupaci\u00f3n polo grave estado de abandono do lugar de interese comunitario das Bra\u00f1as de Xestoso, que ocupa parte dos concellos de A Estrada, Forcarei e Silleda","robots":{"index":"index","follow":"follow","max-snippet":"max-snippet:-1","max-image-preview":"max-image-preview:large","max-video-preview":"max-video-preview:-1"},"canonical":"https:\/\/www.anovapeneira.gal\/index.php\/2021\/04\/01\/grave-estado-de-abandono-do-lugar-de-interese-comunitario-das-branas-de-xestoso\/","og_locale":"gl_ES","og_type":"article","og_title":"Grave estado de abandono do lugar de interese comunitario das Bra\u00f1as de Xestoso -","og_description":"Dende o grupo municipal do BNG-Foro Forcarei queremos mostrar a nosa preocupaci\u00f3n polo grave estado de abandono do lugar de interese comunitario das Bra\u00f1as de Xestoso, que ocupa parte dos concellos de A Estrada, Forcarei e Silleda","og_url":"https:\/\/www.anovapeneira.gal\/index.php\/2021\/04\/01\/grave-estado-de-abandono-do-lugar-de-interese-comunitario-das-branas-de-xestoso\/","article_publisher":"https:\/\/www.facebook.com\/anovapeneira","article_published_time":"2021-04-01T10:00:28+00:00","og_image":[{"width":720,"height":432,"url":"https:\/\/www.anovapeneira.gal\/wp-content\/uploads\/2021\/03\/brana_xestoso.jpg","type":"image\/jpeg"}],"author":"Redacci\u00f3n A Nova Peneira","twitter_card":"summary_large_image","twitter_creator":"@APeneira","twitter_site":"@APeneira","twitter_misc":{"Escrito por":"Redacci\u00f3n A Nova Peneira","Tempo de lectura":"2 minutos"},"schema":{"@context":"https:\/\/schema.org","@graph":[{"@type":"Article","@id":"https:\/\/www.anovapeneira.gal\/index.php\/2021\/04\/01\/grave-estado-de-abandono-do-lugar-de-interese-comunitario-das-branas-de-xestoso\/#article","isPartOf":{"@id":"https:\/\/www.anovapeneira.gal\/index.php\/2021\/04\/01\/grave-estado-de-abandono-do-lugar-de-interese-comunitario-das-branas-de-xestoso\/"},"author":{"name":"Redacci\u00f3n A Nova Peneira","@id":"https:\/\/www.anovapeneira.gal\/#\/schema\/person\/b93e3f8932e3f8da96334607eb6ac6aa"},"headline":"Grave estado de abandono do lugar de interese comunitario das Bra\u00f1as de Xestoso","datePublished":"2021-04-01T10:00:28+00:00","mainEntityOfPage":{"@id":"https:\/\/www.anovapeneira.gal\/index.php\/2021\/04\/01\/grave-estado-de-abandono-do-lugar-de-interese-comunitario-das-branas-de-xestoso\/"},"wordCount":394,"commentCount":0,"publisher":{"@id":"https:\/\/www.anovapeneira.gal\/#organization"},"image":{"@id":"https:\/\/www.anovapeneira.gal\/index.php\/2021\/04\/01\/grave-estado-de-abandono-do-lugar-de-interese-comunitario-das-branas-de-xestoso\/#primaryimage"},"thumbnailUrl":"https:\/\/www.anovapeneira.gal\/wp-content\/uploads\/2021\/03\/brana_xestoso.jpg","keywords":["Concello de Forcarei"],"articleSection":["Pontevedra"],"inLanguage":"gl-ES","potentialAction":[{"@type":"CommentAction","name":"Comment","target":["https:\/\/www.anovapeneira.gal\/index.php\/2021\/04\/01\/grave-estado-de-abandono-do-lugar-de-interese-comunitario-das-branas-de-xestoso\/#respond"]}]},{"@type":"WebPage","@id":"https:\/\/www.anovapeneira.gal\/index.php\/2021\/04\/01\/grave-estado-de-abandono-do-lugar-de-interese-comunitario-das-branas-de-xestoso\/","url":"https:\/\/www.anovapeneira.gal\/index.php\/2021\/04\/01\/grave-estado-de-abandono-do-lugar-de-interese-comunitario-das-branas-de-xestoso\/","name":"Grave estado de abandono do lugar de interese comunitario das Bra\u00f1as de Xestoso -","isPartOf":{"@id":"https:\/\/www.anovapeneira.gal\/#website"},"primaryImageOfPage":{"@id":"https:\/\/www.anovapeneira.gal\/index.php\/2021\/04\/01\/grave-estado-de-abandono-do-lugar-de-interese-comunitario-das-branas-de-xestoso\/#primaryimage"},"image":{"@id":"https:\/\/www.anovapeneira.gal\/index.php\/2021\/04\/01\/grave-estado-de-abandono-do-lugar-de-interese-comunitario-das-branas-de-xestoso\/#primaryimage"},"thumbnailUrl":"https:\/\/www.anovapeneira.gal\/wp-content\/uploads\/2021\/03\/brana_xestoso.jpg","datePublished":"2021-04-01T10:00:28+00:00","description":"Dende o grupo municipal do BNG-Foro Forcarei queremos mostrar a nosa preocupaci\u00f3n polo grave estado de abandono do lugar de interese comunitario das Bra\u00f1as de Xestoso, que ocupa parte dos concellos de A Estrada, Forcarei e Silleda","breadcrumb":{"@id":"https:\/\/www.anovapeneira.gal\/index.php\/2021\/04\/01\/grave-estado-de-abandono-do-lugar-de-interese-comunitario-das-branas-de-xestoso\/#breadcrumb"},"inLanguage":"gl-ES","potentialAction":[{"@type":"ReadAction","target":["https:\/\/www.anovapeneira.gal\/index.php\/2021\/04\/01\/grave-estado-de-abandono-do-lugar-de-interese-comunitario-das-branas-de-xestoso\/"]}]},{"@type":"ImageObject","inLanguage":"gl-ES","@id":"https:\/\/www.anovapeneira.gal\/index.php\/2021\/04\/01\/grave-estado-de-abandono-do-lugar-de-interese-comunitario-das-branas-de-xestoso\/#primaryimage","url":"https:\/\/www.anovapeneira.gal\/wp-content\/uploads\/2021\/03\/brana_xestoso.jpg","contentUrl":"https:\/\/www.anovapeneira.gal\/wp-content\/uploads\/2021\/03\/brana_xestoso.jpg","width":720,"height":432,"caption":"grave estado de abandono do lugar de interese comunitario das Bra\u00f1as de Xestoso"},{"@type":"BreadcrumbList","@id":"https:\/\/www.anovapeneira.gal\/index.php\/2021\/04\/01\/grave-estado-de-abandono-do-lugar-de-interese-comunitario-das-branas-de-xestoso\/#breadcrumb","itemListElement":[{"@type":"ListItem","position":1,"name":"Portada","item":"https:\/\/www.anovapeneira.gal\/"},{"@type":"ListItem","position":2,"name":"Grave estado de abandono do lugar de interese comunitario das Bra\u00f1as de Xestoso"}]},{"@type":"WebSite","@id":"https:\/\/www.anovapeneira.gal\/#website","url":"https:\/\/www.anovapeneira.gal\/","name":"","description":"Xornal galego de informaci\u00f3n xeral Publicaci\u00f3n mensual de novas de Galicia e en especial dos Concellos da sur da provincia de Pontevedra.","publisher":{"@id":"https:\/\/www.anovapeneira.gal\/#organization"},"potentialAction":[{"@type":"SearchAction","target":{"@type":"EntryPoint","urlTemplate":"https:\/\/www.anovapeneira.gal\/?s={search_term_string}"},"query-input":{"@type":"PropertyValueSpecification","valueRequired":true,"valueName":"search_term_string"}}],"inLanguage":"gl-ES"},{"@type":"Organization","@id":"https:\/\/www.anovapeneira.gal\/#organization","name":"A Nova Peneira","url":"https:\/\/www.anovapeneira.gal\/","logo":{"@type":"ImageObject","inLanguage":"gl-ES","@id":"https:\/\/www.anovapeneira.gal\/#\/schema\/logo\/image\/","url":"http:\/\/www.anovapeneira.gal\/wp-content\/uploads\/2019\/06\/logo_a_nova_peneira_portal_web.png","contentUrl":"http:\/\/www.anovapeneira.gal\/wp-content\/uploads\/2019\/06\/logo_a_nova_peneira_portal_web.png","width":300,"height":100,"caption":"A Nova Peneira"},"image":{"@id":"https:\/\/www.anovapeneira.gal\/#\/schema\/logo\/image\/"},"sameAs":["https:\/\/www.facebook.com\/anovapeneira","https:\/\/x.com\/APeneira"]},{"@type":"Person","@id":"https:\/\/www.anovapeneira.gal\/#\/schema\/person\/b93e3f8932e3f8da96334607eb6ac6aa","name":"Redacci\u00f3n A Nova Peneira","image":{"@type":"ImageObject","inLanguage":"gl-ES","@id":"https:\/\/secure.gravatar.com\/avatar\/c052a2551a06e23fac63626232eaa90abd78dbcf1700fc46a2b2c89fd27b735f?s=96&d=mm&r=g","url":"https:\/\/secure.gravatar.com\/avatar\/c052a2551a06e23fac63626232eaa90abd78dbcf1700fc46a2b2c89fd27b735f?s=96&d=mm&r=g","contentUrl":"https:\/\/secure.gravatar.com\/avatar\/c052a2551a06e23fac63626232eaa90abd78dbcf1700fc46a2b2c89fd27b735f?s=96&d=mm&r=g","caption":"Redacci\u00f3n A Nova Peneira"},"sameAs":["http:\/\/www.anovapeneira.gal\/"],"url":"https:\/\/www.anovapeneira.gal\/index.php\/author\/redactor\/"}]}},"jetpack_featured_media_url":"https:\/\/www.anovapeneira.gal\/wp-content\/uploads\/2021\/03\/brana_xestoso.jpg","_links":{"self":[{"href":"https:\/\/www.anovapeneira.gal\/index.php\/wp-json\/wp\/v2\/posts\/5146","targetHints":{"allow":["GET"]}}],"collection":[{"href":"https:\/\/www.anovapeneira.gal\/index.php\/wp-json\/wp\/v2\/posts"}],"about":[{"href":"https:\/\/www.anovapeneira.gal\/index.php\/wp-json\/wp\/v2\/types\/post"}],"author":[{"embeddable":true,"href":"https:\/\/www.anovapeneira.gal\/index.php\/wp-json\/wp\/v2\/users\/3"}],"replies":[{"embeddable":true,"href":"https:\/\/www.anovapeneira.gal\/index.php\/wp-json\/wp\/v2\/comments?post=5146"}],"version-history":[{"count":1,"href":"https:\/\/www.anovapeneira.gal\/index.php\/wp-json\/wp\/v2\/posts\/5146\/revisions"}],"predecessor-version":[{"id":5147,"href":"https:\/\/www.anovapeneira.gal\/index.php\/wp-json\/wp\/v2\/posts\/5146\/revisions\/5147"}],"wp:featuredmedia":[{"embeddable":true,"href":"https:\/\/www.anovapeneira.gal\/index.php\/wp-json\/wp\/v2\/media\/5148"}],"wp:attachment":[{"href":"https:\/\/www.anovapeneira.gal\/index.php\/wp-json\/wp\/v2\/media?parent=5146"}],"wp:term":[{"taxonomy":"category","embeddable":true,"href":"https:\/\/www.anovapeneira.gal\/index.php\/wp-json\/wp\/v2\/categories?post=5146"},{"taxonomy":"post_tag","embeddable":true,"href":"https:\/\/www.anovapeneira.gal\/index.php\/wp-json\/wp\/v2\/tags?post=5146"}],"curies":[{"name":"wp","href":"https:\/\/api.w.org\/{rel}","templated":true}]}}