{"id":5149,"date":"2021-04-02T10:00:47","date_gmt":"2021-04-02T08:00:47","guid":{"rendered":"http:\/\/www.anovapeneira.gal\/?p=5149"},"modified":"2021-03-26T19:10:38","modified_gmt":"2021-03-26T18:10:38","slug":"bng-presenta-emendas-a-lei-de-proteccion-de-datos-tratados-na-investigacion-e-sancion-de-infraccions-penais-por-limitar-as-liberdades-publicas","status":"publish","type":"post","link":"https:\/\/www.anovapeneira.gal\/index.php\/2021\/04\/02\/bng-presenta-emendas-a-lei-de-proteccion-de-datos-tratados-na-investigacion-e-sancion-de-infraccions-penais-por-limitar-as-liberdades-publicas\/","title":{"rendered":"BNG presenta emendas \u00e1 Lei de protecci\u00f3n de datos tratados na investigaci\u00f3n e sanci\u00f3n de infracci\u00f3ns penais por limitar as liberdades p\u00fablicas"},"content":{"rendered":"\n<h2 class=\"wp-block-heading\"><strong>N\u00e9stor Rego defende os dereitos fundamentais, como o de non discriminaci\u00f3n, liberdade, manifestaci\u00f3n e \u00e1 intimidade e propia imaxe, que se ven gravemente afectados neste proxecto ao outorgar m\u00e1is poderes \u00e1s Forzas e Corpos de Seguridade do Estado para reunir, tratar e almacenar datos sobre a cidadan\u00eda, sen control xudicial e sen respectar o dereito \u00e1 presunci\u00f3n de inocencia das e dos investigados.<\/strong><\/h2>\n\n\n\n<p><strong>Madrid, 26 de marzo de 2021<\/strong><\/p>\n\n\n\n<p>O deputado do BNG no Congreso, N\u00e9stor Rego, presentou unha bater\u00eda de emendas ao articulado do <em>Proxecto de Lei Org\u00e1nica de protecci\u00f3n de datos persoais tratados para fins de prevenci\u00f3n, detecci\u00f3n, investigaci\u00f3n e axuizamento de infracci\u00f3ns penais e de execuci\u00f3n de sanci\u00f3ns penais<\/em>, que trasp\u00f3n as Directiva europea do mesmo nome. O obxectivo da organizaci\u00f3n nacionalista \u00e9 protexer os dereitos fundamentais reco\u00f1ecidos tanto na lexislaci\u00f3n estatal como internacional e que agora se ven ameazados pola aprobaci\u00f3n deste Proxecto de Lei.<\/p>\n\n\n\n<p>En primeiro lugar, pret\u00e9ndese impedir o almacenamento de informaci\u00f3n que afecte \u00e1 intimidade das persoas e que podan ser discriminatoria, por facer referencia \u00e1 s\u00faa ideolox\u00eda, relixi\u00f3n, raza, etnia, orientaci\u00f3n sexual ou procedencia, debendo ademais evitar sempre que se re\u00fanan para \u201cprevir\u201d delitos, pois pode levar a identificaci\u00f3ns baseadas en prexu\u00edzos das persoas, e no caso de investigaci\u00f3n de persoas sospeitosas, s\u00f3 cando eses datos podan ser relevantes directamente segundo a infracci\u00f3n de que se trate. \u201cA inclusi\u00f3n de datos sobre a situaci\u00f3n cultural, social ou econ\u00f3mica sup\u00f3n un estigma que abrir\u00eda a porta a prexu\u00edzos e discriminaci\u00f3ns baseados na capacidade adquisitiva, o ideario relixioso, a orixe cultural ou racial\u201d sinala Rego. Neste sentido, tam\u00e9n apunta que non se pode obrigar a revelar a pertenza ou non a un partido pol\u00edtico, sindicato ou asociaci\u00f3n \u201cporque atenta directamente ao dereito fundamental \u00e1 intimidade persoal\u201d. Para co\u00f1ecer esta informaci\u00f3n, segundo afirma a formaci\u00f3n nacionalista, ter\u00edase que solicitar unha autorizaci\u00f3n xudicial que garanta que a necesidade de investigar un delito prevalece sobre o da intimidade e que autorice esa intromisi\u00f3n.<\/p>\n\n\n\n<p>Neste mesmo sentido, o proxecto pretende estabelecer a obriga para todas as persoas tanto f\u00edsicas como xur\u00eddicas de entregar a documentaci\u00f3n e informaci\u00f3n que as Forzas e Corpos de Seguridade do Estado lle soliciten, sen necesidade de solicitar autorizaci\u00f3n xudicial e baixo ameza de sanci\u00f3ns graves en caso de negarse. Como \u00e9 l\u00f3xico, o BNG entende que durante unha investigaci\u00f3n a Polic\u00eda debe poder ter acceso a todos os documentos considerados p\u00fablicos ou de libre difusi\u00f3n, mais aqueles que afectan a materias de especial protecci\u00f3n ou \u00e1 intimidade (datos de socios, clientes, investigaci\u00f3ns realizadas nas empresas, datos econ\u00f3micos&#8230;), s\u00f3 poden seren entregados voluntariamente ou ben con autorizaci\u00f3n xudicial, mais non ante un mero requirimento dos investigadores. \u201cAdemais a norma obriga a que unha vez entregada a documentaci\u00f3n non se informe desta disposici\u00f3n \u00e1s persoas afectadas, o que vulnerar\u00eda non s\u00f3 os seus dereitos a saber se os seus datos foron comunicados, sen\u00f3n o seu dereito \u00e1 presunci\u00f3n de inocencia e a unha adecuada defensa procesual, por este motivo, o BNG solicitou a s\u00faa supresi\u00f3n do texto\u201d, sinala N\u00e9stor Rego.<\/p>\n\n\n\n<p>Por outra parte, present\u00e1ronse tam\u00e9n emendas para axustar o tempo m\u00e1ximo de conservaci\u00f3n dos documentos e informaci\u00f3n en poder das Forzas e Corpos de Seguridade do Estado e resto de \u00f3rganos relacionados coa investigaci\u00f3n de infracci\u00f3ns as\u00ed como do axuizamento e execuci\u00f3n das sanci\u00f3ns. Esta emenda foi xa aceitada mediante transacci\u00f3n na fase de relatorio da norma, garant\u00edndose que se deber\u00e1 destru\u00edr \u00e1 informaci\u00f3n en canto xa non poda ser \u00fatil para as investigaci\u00f3ns que sigan en curso e nuns prazos m\u00e1is breves que os dispostos inicialmente.<\/p>\n\n\n\n<p>A Lei tam\u00e9n regula a instalaci\u00f3ns de c\u00e1maras fixas en vilas e cidades, e prev\u00e9 expresamente que estas poder\u00e1n instalarse sen necesidade de contar coa autorizaci\u00f3n, ou nin sequera, ter que informar \u00e1s autoridades locais e \u00e1s administraci\u00f3ns con competencias no territorio. \u201c\u00c9 impens\u00e1bel que se permita instalar unha c\u00e1mara fixa na cidade de Santiago de Compostela, por exemplo, sen que o Concello te\u00f1a co\u00f1ecemento de onde se instala e dos motivos para facelo. A instalaci\u00f3n de c\u00e1maras de v\u00eddeo vixilancia indiscriminadamente non respecta o principio de excepcionalidade e de proporcionalidade entre o dereito \u00e1 intimidade das persoas e os bens xur\u00eddicos que se pretenden protexer\u201d apunta o deputado do BNG, e por este motivo reclamamos a supresi\u00f3n desta previsi\u00f3n.<\/p>\n\n\n\n<p>No relativo ao uso de dispositivos m\u00f3biles para gravar, a organizaci\u00f3n nacionalista sinala que o texto lexislativo proposto ten a intencionalidade clara de perseguir e investigar \u201cpreventivamente\u201d eventos p\u00fablicos, actos amparados na liberdade de expresi\u00f3n, opini\u00f3n e protesta perfectamente l\u00edcitos, criminaliz\u00e1ndoos. \u201cAs concentraci\u00f3ns e as manifestaci\u00f3ns non poden ser obxecto de control policial en ning\u00fan caso. As gravaci\u00f3ns de actos p\u00fablicos non se poden realizar con car\u00e1cter preventivo\u201d incide Rego. No referido \u00e1s gravaci\u00f3ns tam\u00e9n se pretende introducir a obriga para as Forzas e Corpos de Seguridade do Estado de que as gravaci\u00f3ns obtidas deben ser destru\u00eddas nun prazo m\u00e1ximo de 72 horas desde o momento en que foron tomadas se non existe infracci\u00f3n penal ou administrativa apreci\u00e1bel\u201d aclara Rego.<\/p>\n\n\n\n<p>Por \u00faltimo o proxecto de lei regula o dereito de acceso, informaci\u00f3n e cancelaci\u00f3n sobre os datos que obran en poder das distintas autoridades p\u00fablicas, esquecendo m\u00e1is unha vez, o estabelecemento da obrigatoriedade de que toda a informaci\u00f3n que se subministre, os formularios de acceso, as\u00ed como as comunicaci\u00f3ns de todo tipo ao respecto deban estar dispo\u00f1\u00edbeis e acces\u00edbeis en todas as linguas oficiais do Estado. \u201cOutras das emendas presentadas garante o dereito a acceder \u00e1 informaci\u00f3n e a exercer os dereitos de cancelaci\u00f3n e rectificaci\u00f3n en galego, recollendo as\u00ed de forma expl\u00edcita o deber de respectar a realidade pluriling\u00fce do Estado\u201d subli\u00f1a o deputado do BNG no Congreso.<\/p>\n\n\n\n<p>En definitiva, o texto proposto polo Goberno sup\u00f3n un grave retroceso nos dereitos civ\u00eds e liberdades p\u00fablicas reco\u00f1ecidas no Estado espa\u00f1ol, dando m\u00e1is liberdade de actuaci\u00f3n \u00e1s Forzas e Corpos de Seguridade do Estado sen necesidade de control xudicial para reprimir e criminalizar preventivamente conductas que consideren perigosas. \u201cO BNG non pode ficar calado ante esta grave ameza \u00e1s liberdades dos galegos e galegas e do conxunto da cidadan\u00eda, manter\u00e1 as emendas presentadas e defender\u00e1 que se corrixa o texto tanto na Comisi\u00f3n de Interior como no Pleno do Congreso, mais de manterse o contido actual, non poder\u00e1 apoialo\u201d concl\u00fae N\u00e9stor Rego.<\/p>\n","protected":false},"excerpt":{"rendered":"<div class=\"mh-excerpt\"><p>N\u00e9stor Rego defende os dereitos fundamentais, como o de non discriminaci\u00f3n, liberdade, manifestaci\u00f3n e \u00e1 intimidade e propia imaxe, que se ven gravemente afectados neste proxecto ao outorgar m\u00e1is poderes \u00e1s Forzas e Corpos de Seguridade do Estado para reunir, tratar e almacenar datos sobre a cidadan\u00eda, sen control xudicial e sen respectar o dereito \u00e1 presunci\u00f3n de inocencia das e dos investigados <a class=\"mh-excerpt-more\" href=\"https:\/\/www.anovapeneira.gal\/index.php\/2021\/04\/02\/bng-presenta-emendas-a-lei-de-proteccion-de-datos-tratados-na-investigacion-e-sancion-de-infraccions-penais-por-limitar-as-liberdades-publicas\/\" title=\"BNG presenta emendas \u00e1 Lei de protecci\u00f3n de datos tratados na investigaci\u00f3n e sanci\u00f3n de infracci\u00f3ns penais por limitar as liberdades p\u00fablicas\">[&#8230;]<\/a><\/p>\n<\/div>","protected":false},"author":3,"featured_media":5104,"comment_status":"open","ping_status":"open","sticky":false,"template":"","format":"standard","meta":{"_exactmetrics_skip_tracking":false,"_exactmetrics_sitenote_active":false,"_exactmetrics_sitenote_note":"","_exactmetrics_sitenote_category":0,"footnotes":""},"categories":[263],"tags":[631],"class_list":{"0":"post-5149","1":"post","2":"type-post","3":"status-publish","4":"format-standard","5":"has-post-thumbnail","7":"category-novas","8":"tag-nestor-rego"},"yoast_head":"<!-- This site is optimized with the Yoast SEO plugin v27.4 - https:\/\/yoast.com\/product\/yoast-seo-wordpress\/ -->\n<title>BNG presenta emendas \u00e1 Lei de protecci\u00f3n de datos tratados na investigaci\u00f3n e sanci\u00f3n de infracci\u00f3ns penais por limitar as liberdades p\u00fablicas -<\/title>\n<meta name=\"description\" content=\"N\u00e9stor Rego defende os dereitos fundamentais, como o de non discriminaci\u00f3n, liberdade, manifestaci\u00f3n e \u00e1 intimidade e propia imaxe, que se ven gravemente afectados neste proxecto ao outorgar m\u00e1is poderes \u00e1s Forzas e Corpos de Seguridade do Estado para reunir, tratar e almacenar datos sobre a cidadan\u00eda, sen control xudicial e sen respectar o dereito \u00e1 presunci\u00f3n de inocencia das e dos investigados\" \/>\n<meta name=\"robots\" content=\"index, follow, max-snippet:-1, max-image-preview:large, max-video-preview:-1\" \/>\n<link rel=\"canonical\" href=\"https:\/\/www.anovapeneira.gal\/index.php\/2021\/04\/02\/bng-presenta-emendas-a-lei-de-proteccion-de-datos-tratados-na-investigacion-e-sancion-de-infraccions-penais-por-limitar-as-liberdades-publicas\/\" \/>\n<meta property=\"og:locale\" content=\"gl_ES\" \/>\n<meta property=\"og:type\" content=\"article\" \/>\n<meta property=\"og:title\" content=\"BNG presenta emendas \u00e1 Lei de protecci\u00f3n de datos tratados na investigaci\u00f3n e sanci\u00f3n de infracci\u00f3ns penais por limitar as liberdades p\u00fablicas -\" \/>\n<meta property=\"og:description\" content=\"N\u00e9stor Rego defende os dereitos fundamentais, como o de non discriminaci\u00f3n, liberdade, manifestaci\u00f3n e \u00e1 intimidade e propia imaxe, que se ven gravemente afectados neste proxecto ao outorgar m\u00e1is poderes \u00e1s Forzas e Corpos de Seguridade do Estado para reunir, tratar e almacenar datos sobre a cidadan\u00eda, sen control xudicial e sen respectar o dereito \u00e1 presunci\u00f3n de inocencia das e dos investigados\" \/>\n<meta property=\"og:url\" content=\"https:\/\/www.anovapeneira.gal\/index.php\/2021\/04\/02\/bng-presenta-emendas-a-lei-de-proteccion-de-datos-tratados-na-investigacion-e-sancion-de-infraccions-penais-por-limitar-as-liberdades-publicas\/\" \/>\n<meta property=\"article:publisher\" content=\"https:\/\/www.facebook.com\/anovapeneira\" \/>\n<meta property=\"article:published_time\" content=\"2021-04-02T08:00:47+00:00\" \/>\n<meta property=\"og:image\" content=\"https:\/\/www.anovapeneira.gal\/wp-content\/uploads\/2021\/03\/nestor_rego_pesca.jpg\" \/>\n\t<meta property=\"og:image:width\" content=\"720\" \/>\n\t<meta property=\"og:image:height\" content=\"432\" \/>\n\t<meta property=\"og:image:type\" content=\"image\/jpeg\" \/>\n<meta name=\"author\" content=\"Redacci\u00f3n A Nova Peneira\" \/>\n<meta name=\"twitter:card\" content=\"summary_large_image\" \/>\n<meta name=\"twitter:creator\" content=\"@APeneira\" \/>\n<meta name=\"twitter:site\" content=\"@APeneira\" \/>\n<meta name=\"twitter:label1\" content=\"Escrito por\" \/>\n\t<meta name=\"twitter:data1\" content=\"Redacci\u00f3n A Nova Peneira\" \/>\n\t<meta name=\"twitter:label2\" content=\"Tempo de lectura\" \/>\n\t<meta name=\"twitter:data2\" content=\"5 minutos\" \/>\n<script type=\"application\/ld+json\" class=\"yoast-schema-graph\">{\"@context\":\"https:\\\/\\\/schema.org\",\"@graph\":[{\"@type\":\"Article\",\"@id\":\"https:\\\/\\\/www.anovapeneira.gal\\\/index.php\\\/2021\\\/04\\\/02\\\/bng-presenta-emendas-a-lei-de-proteccion-de-datos-tratados-na-investigacion-e-sancion-de-infraccions-penais-por-limitar-as-liberdades-publicas\\\/#article\",\"isPartOf\":{\"@id\":\"https:\\\/\\\/www.anovapeneira.gal\\\/index.php\\\/2021\\\/04\\\/02\\\/bng-presenta-emendas-a-lei-de-proteccion-de-datos-tratados-na-investigacion-e-sancion-de-infraccions-penais-por-limitar-as-liberdades-publicas\\\/\"},\"author\":{\"name\":\"Redacci\u00f3n A Nova Peneira\",\"@id\":\"https:\\\/\\\/www.anovapeneira.gal\\\/#\\\/schema\\\/person\\\/b93e3f8932e3f8da96334607eb6ac6aa\"},\"headline\":\"BNG presenta emendas \u00e1 Lei de protecci\u00f3n de datos tratados na investigaci\u00f3n e sanci\u00f3n de infracci\u00f3ns penais por limitar as liberdades p\u00fablicas\",\"datePublished\":\"2021-04-02T08:00:47+00:00\",\"mainEntityOfPage\":{\"@id\":\"https:\\\/\\\/www.anovapeneira.gal\\\/index.php\\\/2021\\\/04\\\/02\\\/bng-presenta-emendas-a-lei-de-proteccion-de-datos-tratados-na-investigacion-e-sancion-de-infraccions-penais-por-limitar-as-liberdades-publicas\\\/\"},\"wordCount\":1200,\"commentCount\":0,\"publisher\":{\"@id\":\"https:\\\/\\\/www.anovapeneira.gal\\\/#organization\"},\"image\":{\"@id\":\"https:\\\/\\\/www.anovapeneira.gal\\\/index.php\\\/2021\\\/04\\\/02\\\/bng-presenta-emendas-a-lei-de-proteccion-de-datos-tratados-na-investigacion-e-sancion-de-infraccions-penais-por-limitar-as-liberdades-publicas\\\/#primaryimage\"},\"thumbnailUrl\":\"https:\\\/\\\/www.anovapeneira.gal\\\/wp-content\\\/uploads\\\/2021\\\/03\\\/nestor_rego_pesca.jpg\",\"keywords\":[\"N\u00e9stor Rego\"],\"articleSection\":[\"Novas\"],\"inLanguage\":\"gl-ES\",\"potentialAction\":[{\"@type\":\"CommentAction\",\"name\":\"Comment\",\"target\":[\"https:\\\/\\\/www.anovapeneira.gal\\\/index.php\\\/2021\\\/04\\\/02\\\/bng-presenta-emendas-a-lei-de-proteccion-de-datos-tratados-na-investigacion-e-sancion-de-infraccions-penais-por-limitar-as-liberdades-publicas\\\/#respond\"]}]},{\"@type\":\"WebPage\",\"@id\":\"https:\\\/\\\/www.anovapeneira.gal\\\/index.php\\\/2021\\\/04\\\/02\\\/bng-presenta-emendas-a-lei-de-proteccion-de-datos-tratados-na-investigacion-e-sancion-de-infraccions-penais-por-limitar-as-liberdades-publicas\\\/\",\"url\":\"https:\\\/\\\/www.anovapeneira.gal\\\/index.php\\\/2021\\\/04\\\/02\\\/bng-presenta-emendas-a-lei-de-proteccion-de-datos-tratados-na-investigacion-e-sancion-de-infraccions-penais-por-limitar-as-liberdades-publicas\\\/\",\"name\":\"BNG presenta emendas \u00e1 Lei de protecci\u00f3n de datos tratados na investigaci\u00f3n e sanci\u00f3n de infracci\u00f3ns penais por limitar as liberdades p\u00fablicas -\",\"isPartOf\":{\"@id\":\"https:\\\/\\\/www.anovapeneira.gal\\\/#website\"},\"primaryImageOfPage\":{\"@id\":\"https:\\\/\\\/www.anovapeneira.gal\\\/index.php\\\/2021\\\/04\\\/02\\\/bng-presenta-emendas-a-lei-de-proteccion-de-datos-tratados-na-investigacion-e-sancion-de-infraccions-penais-por-limitar-as-liberdades-publicas\\\/#primaryimage\"},\"image\":{\"@id\":\"https:\\\/\\\/www.anovapeneira.gal\\\/index.php\\\/2021\\\/04\\\/02\\\/bng-presenta-emendas-a-lei-de-proteccion-de-datos-tratados-na-investigacion-e-sancion-de-infraccions-penais-por-limitar-as-liberdades-publicas\\\/#primaryimage\"},\"thumbnailUrl\":\"https:\\\/\\\/www.anovapeneira.gal\\\/wp-content\\\/uploads\\\/2021\\\/03\\\/nestor_rego_pesca.jpg\",\"datePublished\":\"2021-04-02T08:00:47+00:00\",\"description\":\"N\u00e9stor Rego defende os dereitos fundamentais, como o de non discriminaci\u00f3n, liberdade, manifestaci\u00f3n e \u00e1 intimidade e propia imaxe, que se ven gravemente afectados neste proxecto ao outorgar m\u00e1is poderes \u00e1s Forzas e Corpos de Seguridade do Estado para reunir, tratar e almacenar datos sobre a cidadan\u00eda, sen control xudicial e sen respectar o dereito \u00e1 presunci\u00f3n de inocencia das e dos investigados\",\"breadcrumb\":{\"@id\":\"https:\\\/\\\/www.anovapeneira.gal\\\/index.php\\\/2021\\\/04\\\/02\\\/bng-presenta-emendas-a-lei-de-proteccion-de-datos-tratados-na-investigacion-e-sancion-de-infraccions-penais-por-limitar-as-liberdades-publicas\\\/#breadcrumb\"},\"inLanguage\":\"gl-ES\",\"potentialAction\":[{\"@type\":\"ReadAction\",\"target\":[\"https:\\\/\\\/www.anovapeneira.gal\\\/index.php\\\/2021\\\/04\\\/02\\\/bng-presenta-emendas-a-lei-de-proteccion-de-datos-tratados-na-investigacion-e-sancion-de-infraccions-penais-por-limitar-as-liberdades-publicas\\\/\"]}]},{\"@type\":\"ImageObject\",\"inLanguage\":\"gl-ES\",\"@id\":\"https:\\\/\\\/www.anovapeneira.gal\\\/index.php\\\/2021\\\/04\\\/02\\\/bng-presenta-emendas-a-lei-de-proteccion-de-datos-tratados-na-investigacion-e-sancion-de-infraccions-penais-por-limitar-as-liberdades-publicas\\\/#primaryimage\",\"url\":\"https:\\\/\\\/www.anovapeneira.gal\\\/wp-content\\\/uploads\\\/2021\\\/03\\\/nestor_rego_pesca.jpg\",\"contentUrl\":\"https:\\\/\\\/www.anovapeneira.gal\\\/wp-content\\\/uploads\\\/2021\\\/03\\\/nestor_rego_pesca.jpg\",\"width\":720,\"height\":432,\"caption\":\"Nestor Rego Congreso Diputados\"},{\"@type\":\"BreadcrumbList\",\"@id\":\"https:\\\/\\\/www.anovapeneira.gal\\\/index.php\\\/2021\\\/04\\\/02\\\/bng-presenta-emendas-a-lei-de-proteccion-de-datos-tratados-na-investigacion-e-sancion-de-infraccions-penais-por-limitar-as-liberdades-publicas\\\/#breadcrumb\",\"itemListElement\":[{\"@type\":\"ListItem\",\"position\":1,\"name\":\"Portada\",\"item\":\"https:\\\/\\\/www.anovapeneira.gal\\\/\"},{\"@type\":\"ListItem\",\"position\":2,\"name\":\"BNG presenta emendas \u00e1 Lei de protecci\u00f3n de datos tratados na investigaci\u00f3n e sanci\u00f3n de infracci\u00f3ns penais por limitar as liberdades p\u00fablicas\"}]},{\"@type\":\"WebSite\",\"@id\":\"https:\\\/\\\/www.anovapeneira.gal\\\/#website\",\"url\":\"https:\\\/\\\/www.anovapeneira.gal\\\/\",\"name\":\"\",\"description\":\"Xornal galego de informaci\u00f3n xeral Publicaci\u00f3n mensual de novas de Galicia e en especial dos Concellos da sur da provincia de Pontevedra.\",\"publisher\":{\"@id\":\"https:\\\/\\\/www.anovapeneira.gal\\\/#organization\"},\"potentialAction\":[{\"@type\":\"SearchAction\",\"target\":{\"@type\":\"EntryPoint\",\"urlTemplate\":\"https:\\\/\\\/www.anovapeneira.gal\\\/?s={search_term_string}\"},\"query-input\":{\"@type\":\"PropertyValueSpecification\",\"valueRequired\":true,\"valueName\":\"search_term_string\"}}],\"inLanguage\":\"gl-ES\"},{\"@type\":\"Organization\",\"@id\":\"https:\\\/\\\/www.anovapeneira.gal\\\/#organization\",\"name\":\"A Nova Peneira\",\"url\":\"https:\\\/\\\/www.anovapeneira.gal\\\/\",\"logo\":{\"@type\":\"ImageObject\",\"inLanguage\":\"gl-ES\",\"@id\":\"https:\\\/\\\/www.anovapeneira.gal\\\/#\\\/schema\\\/logo\\\/image\\\/\",\"url\":\"http:\\\/\\\/www.anovapeneira.gal\\\/wp-content\\\/uploads\\\/2019\\\/06\\\/logo_a_nova_peneira_portal_web.png\",\"contentUrl\":\"http:\\\/\\\/www.anovapeneira.gal\\\/wp-content\\\/uploads\\\/2019\\\/06\\\/logo_a_nova_peneira_portal_web.png\",\"width\":300,\"height\":100,\"caption\":\"A Nova Peneira\"},\"image\":{\"@id\":\"https:\\\/\\\/www.anovapeneira.gal\\\/#\\\/schema\\\/logo\\\/image\\\/\"},\"sameAs\":[\"https:\\\/\\\/www.facebook.com\\\/anovapeneira\",\"https:\\\/\\\/x.com\\\/APeneira\"]},{\"@type\":\"Person\",\"@id\":\"https:\\\/\\\/www.anovapeneira.gal\\\/#\\\/schema\\\/person\\\/b93e3f8932e3f8da96334607eb6ac6aa\",\"name\":\"Redacci\u00f3n A Nova Peneira\",\"image\":{\"@type\":\"ImageObject\",\"inLanguage\":\"gl-ES\",\"@id\":\"https:\\\/\\\/secure.gravatar.com\\\/avatar\\\/c052a2551a06e23fac63626232eaa90abd78dbcf1700fc46a2b2c89fd27b735f?s=96&d=mm&r=g\",\"url\":\"https:\\\/\\\/secure.gravatar.com\\\/avatar\\\/c052a2551a06e23fac63626232eaa90abd78dbcf1700fc46a2b2c89fd27b735f?s=96&d=mm&r=g\",\"contentUrl\":\"https:\\\/\\\/secure.gravatar.com\\\/avatar\\\/c052a2551a06e23fac63626232eaa90abd78dbcf1700fc46a2b2c89fd27b735f?s=96&d=mm&r=g\",\"caption\":\"Redacci\u00f3n A Nova Peneira\"},\"sameAs\":[\"http:\\\/\\\/www.anovapeneira.gal\\\/\"],\"url\":\"https:\\\/\\\/www.anovapeneira.gal\\\/index.php\\\/author\\\/redactor\\\/\"}]}<\/script>\n<!-- \/ Yoast SEO plugin. -->","yoast_head_json":{"title":"BNG presenta emendas \u00e1 Lei de protecci\u00f3n de datos tratados na investigaci\u00f3n e sanci\u00f3n de infracci\u00f3ns penais por limitar as liberdades p\u00fablicas -","description":"N\u00e9stor Rego defende os dereitos fundamentais, como o de non discriminaci\u00f3n, liberdade, manifestaci\u00f3n e \u00e1 intimidade e propia imaxe, que se ven gravemente afectados neste proxecto ao outorgar m\u00e1is poderes \u00e1s Forzas e Corpos de Seguridade do Estado para reunir, tratar e almacenar datos sobre a cidadan\u00eda, sen control xudicial e sen respectar o dereito \u00e1 presunci\u00f3n de inocencia das e dos investigados","robots":{"index":"index","follow":"follow","max-snippet":"max-snippet:-1","max-image-preview":"max-image-preview:large","max-video-preview":"max-video-preview:-1"},"canonical":"https:\/\/www.anovapeneira.gal\/index.php\/2021\/04\/02\/bng-presenta-emendas-a-lei-de-proteccion-de-datos-tratados-na-investigacion-e-sancion-de-infraccions-penais-por-limitar-as-liberdades-publicas\/","og_locale":"gl_ES","og_type":"article","og_title":"BNG presenta emendas \u00e1 Lei de protecci\u00f3n de datos tratados na investigaci\u00f3n e sanci\u00f3n de infracci\u00f3ns penais por limitar as liberdades p\u00fablicas -","og_description":"N\u00e9stor Rego defende os dereitos fundamentais, como o de non discriminaci\u00f3n, liberdade, manifestaci\u00f3n e \u00e1 intimidade e propia imaxe, que se ven gravemente afectados neste proxecto ao outorgar m\u00e1is poderes \u00e1s Forzas e Corpos de Seguridade do Estado para reunir, tratar e almacenar datos sobre a cidadan\u00eda, sen control xudicial e sen respectar o dereito \u00e1 presunci\u00f3n de inocencia das e dos investigados","og_url":"https:\/\/www.anovapeneira.gal\/index.php\/2021\/04\/02\/bng-presenta-emendas-a-lei-de-proteccion-de-datos-tratados-na-investigacion-e-sancion-de-infraccions-penais-por-limitar-as-liberdades-publicas\/","article_publisher":"https:\/\/www.facebook.com\/anovapeneira","article_published_time":"2021-04-02T08:00:47+00:00","og_image":[{"width":720,"height":432,"url":"https:\/\/www.anovapeneira.gal\/wp-content\/uploads\/2021\/03\/nestor_rego_pesca.jpg","type":"image\/jpeg"}],"author":"Redacci\u00f3n A Nova Peneira","twitter_card":"summary_large_image","twitter_creator":"@APeneira","twitter_site":"@APeneira","twitter_misc":{"Escrito por":"Redacci\u00f3n A Nova Peneira","Tempo de lectura":"5 minutos"},"schema":{"@context":"https:\/\/schema.org","@graph":[{"@type":"Article","@id":"https:\/\/www.anovapeneira.gal\/index.php\/2021\/04\/02\/bng-presenta-emendas-a-lei-de-proteccion-de-datos-tratados-na-investigacion-e-sancion-de-infraccions-penais-por-limitar-as-liberdades-publicas\/#article","isPartOf":{"@id":"https:\/\/www.anovapeneira.gal\/index.php\/2021\/04\/02\/bng-presenta-emendas-a-lei-de-proteccion-de-datos-tratados-na-investigacion-e-sancion-de-infraccions-penais-por-limitar-as-liberdades-publicas\/"},"author":{"name":"Redacci\u00f3n A Nova Peneira","@id":"https:\/\/www.anovapeneira.gal\/#\/schema\/person\/b93e3f8932e3f8da96334607eb6ac6aa"},"headline":"BNG presenta emendas \u00e1 Lei de protecci\u00f3n de datos tratados na investigaci\u00f3n e sanci\u00f3n de infracci\u00f3ns penais por limitar as liberdades p\u00fablicas","datePublished":"2021-04-02T08:00:47+00:00","mainEntityOfPage":{"@id":"https:\/\/www.anovapeneira.gal\/index.php\/2021\/04\/02\/bng-presenta-emendas-a-lei-de-proteccion-de-datos-tratados-na-investigacion-e-sancion-de-infraccions-penais-por-limitar-as-liberdades-publicas\/"},"wordCount":1200,"commentCount":0,"publisher":{"@id":"https:\/\/www.anovapeneira.gal\/#organization"},"image":{"@id":"https:\/\/www.anovapeneira.gal\/index.php\/2021\/04\/02\/bng-presenta-emendas-a-lei-de-proteccion-de-datos-tratados-na-investigacion-e-sancion-de-infraccions-penais-por-limitar-as-liberdades-publicas\/#primaryimage"},"thumbnailUrl":"https:\/\/www.anovapeneira.gal\/wp-content\/uploads\/2021\/03\/nestor_rego_pesca.jpg","keywords":["N\u00e9stor Rego"],"articleSection":["Novas"],"inLanguage":"gl-ES","potentialAction":[{"@type":"CommentAction","name":"Comment","target":["https:\/\/www.anovapeneira.gal\/index.php\/2021\/04\/02\/bng-presenta-emendas-a-lei-de-proteccion-de-datos-tratados-na-investigacion-e-sancion-de-infraccions-penais-por-limitar-as-liberdades-publicas\/#respond"]}]},{"@type":"WebPage","@id":"https:\/\/www.anovapeneira.gal\/index.php\/2021\/04\/02\/bng-presenta-emendas-a-lei-de-proteccion-de-datos-tratados-na-investigacion-e-sancion-de-infraccions-penais-por-limitar-as-liberdades-publicas\/","url":"https:\/\/www.anovapeneira.gal\/index.php\/2021\/04\/02\/bng-presenta-emendas-a-lei-de-proteccion-de-datos-tratados-na-investigacion-e-sancion-de-infraccions-penais-por-limitar-as-liberdades-publicas\/","name":"BNG presenta emendas \u00e1 Lei de protecci\u00f3n de datos tratados na investigaci\u00f3n e sanci\u00f3n de infracci\u00f3ns penais por limitar as liberdades p\u00fablicas -","isPartOf":{"@id":"https:\/\/www.anovapeneira.gal\/#website"},"primaryImageOfPage":{"@id":"https:\/\/www.anovapeneira.gal\/index.php\/2021\/04\/02\/bng-presenta-emendas-a-lei-de-proteccion-de-datos-tratados-na-investigacion-e-sancion-de-infraccions-penais-por-limitar-as-liberdades-publicas\/#primaryimage"},"image":{"@id":"https:\/\/www.anovapeneira.gal\/index.php\/2021\/04\/02\/bng-presenta-emendas-a-lei-de-proteccion-de-datos-tratados-na-investigacion-e-sancion-de-infraccions-penais-por-limitar-as-liberdades-publicas\/#primaryimage"},"thumbnailUrl":"https:\/\/www.anovapeneira.gal\/wp-content\/uploads\/2021\/03\/nestor_rego_pesca.jpg","datePublished":"2021-04-02T08:00:47+00:00","description":"N\u00e9stor Rego defende os dereitos fundamentais, como o de non discriminaci\u00f3n, liberdade, manifestaci\u00f3n e \u00e1 intimidade e propia imaxe, que se ven gravemente afectados neste proxecto ao outorgar m\u00e1is poderes \u00e1s Forzas e Corpos de Seguridade do Estado para reunir, tratar e almacenar datos sobre a cidadan\u00eda, sen control xudicial e sen respectar o dereito \u00e1 presunci\u00f3n de inocencia das e dos investigados","breadcrumb":{"@id":"https:\/\/www.anovapeneira.gal\/index.php\/2021\/04\/02\/bng-presenta-emendas-a-lei-de-proteccion-de-datos-tratados-na-investigacion-e-sancion-de-infraccions-penais-por-limitar-as-liberdades-publicas\/#breadcrumb"},"inLanguage":"gl-ES","potentialAction":[{"@type":"ReadAction","target":["https:\/\/www.anovapeneira.gal\/index.php\/2021\/04\/02\/bng-presenta-emendas-a-lei-de-proteccion-de-datos-tratados-na-investigacion-e-sancion-de-infraccions-penais-por-limitar-as-liberdades-publicas\/"]}]},{"@type":"ImageObject","inLanguage":"gl-ES","@id":"https:\/\/www.anovapeneira.gal\/index.php\/2021\/04\/02\/bng-presenta-emendas-a-lei-de-proteccion-de-datos-tratados-na-investigacion-e-sancion-de-infraccions-penais-por-limitar-as-liberdades-publicas\/#primaryimage","url":"https:\/\/www.anovapeneira.gal\/wp-content\/uploads\/2021\/03\/nestor_rego_pesca.jpg","contentUrl":"https:\/\/www.anovapeneira.gal\/wp-content\/uploads\/2021\/03\/nestor_rego_pesca.jpg","width":720,"height":432,"caption":"Nestor Rego Congreso Diputados"},{"@type":"BreadcrumbList","@id":"https:\/\/www.anovapeneira.gal\/index.php\/2021\/04\/02\/bng-presenta-emendas-a-lei-de-proteccion-de-datos-tratados-na-investigacion-e-sancion-de-infraccions-penais-por-limitar-as-liberdades-publicas\/#breadcrumb","itemListElement":[{"@type":"ListItem","position":1,"name":"Portada","item":"https:\/\/www.anovapeneira.gal\/"},{"@type":"ListItem","position":2,"name":"BNG presenta emendas \u00e1 Lei de protecci\u00f3n de datos tratados na investigaci\u00f3n e sanci\u00f3n de infracci\u00f3ns penais por limitar as liberdades p\u00fablicas"}]},{"@type":"WebSite","@id":"https:\/\/www.anovapeneira.gal\/#website","url":"https:\/\/www.anovapeneira.gal\/","name":"","description":"Xornal galego de informaci\u00f3n xeral Publicaci\u00f3n mensual de novas de Galicia e en especial dos Concellos da sur da provincia de Pontevedra.","publisher":{"@id":"https:\/\/www.anovapeneira.gal\/#organization"},"potentialAction":[{"@type":"SearchAction","target":{"@type":"EntryPoint","urlTemplate":"https:\/\/www.anovapeneira.gal\/?s={search_term_string}"},"query-input":{"@type":"PropertyValueSpecification","valueRequired":true,"valueName":"search_term_string"}}],"inLanguage":"gl-ES"},{"@type":"Organization","@id":"https:\/\/www.anovapeneira.gal\/#organization","name":"A Nova Peneira","url":"https:\/\/www.anovapeneira.gal\/","logo":{"@type":"ImageObject","inLanguage":"gl-ES","@id":"https:\/\/www.anovapeneira.gal\/#\/schema\/logo\/image\/","url":"http:\/\/www.anovapeneira.gal\/wp-content\/uploads\/2019\/06\/logo_a_nova_peneira_portal_web.png","contentUrl":"http:\/\/www.anovapeneira.gal\/wp-content\/uploads\/2019\/06\/logo_a_nova_peneira_portal_web.png","width":300,"height":100,"caption":"A Nova Peneira"},"image":{"@id":"https:\/\/www.anovapeneira.gal\/#\/schema\/logo\/image\/"},"sameAs":["https:\/\/www.facebook.com\/anovapeneira","https:\/\/x.com\/APeneira"]},{"@type":"Person","@id":"https:\/\/www.anovapeneira.gal\/#\/schema\/person\/b93e3f8932e3f8da96334607eb6ac6aa","name":"Redacci\u00f3n A Nova Peneira","image":{"@type":"ImageObject","inLanguage":"gl-ES","@id":"https:\/\/secure.gravatar.com\/avatar\/c052a2551a06e23fac63626232eaa90abd78dbcf1700fc46a2b2c89fd27b735f?s=96&d=mm&r=g","url":"https:\/\/secure.gravatar.com\/avatar\/c052a2551a06e23fac63626232eaa90abd78dbcf1700fc46a2b2c89fd27b735f?s=96&d=mm&r=g","contentUrl":"https:\/\/secure.gravatar.com\/avatar\/c052a2551a06e23fac63626232eaa90abd78dbcf1700fc46a2b2c89fd27b735f?s=96&d=mm&r=g","caption":"Redacci\u00f3n A Nova Peneira"},"sameAs":["http:\/\/www.anovapeneira.gal\/"],"url":"https:\/\/www.anovapeneira.gal\/index.php\/author\/redactor\/"}]}},"jetpack_featured_media_url":"https:\/\/www.anovapeneira.gal\/wp-content\/uploads\/2021\/03\/nestor_rego_pesca.jpg","_links":{"self":[{"href":"https:\/\/www.anovapeneira.gal\/index.php\/wp-json\/wp\/v2\/posts\/5149","targetHints":{"allow":["GET"]}}],"collection":[{"href":"https:\/\/www.anovapeneira.gal\/index.php\/wp-json\/wp\/v2\/posts"}],"about":[{"href":"https:\/\/www.anovapeneira.gal\/index.php\/wp-json\/wp\/v2\/types\/post"}],"author":[{"embeddable":true,"href":"https:\/\/www.anovapeneira.gal\/index.php\/wp-json\/wp\/v2\/users\/3"}],"replies":[{"embeddable":true,"href":"https:\/\/www.anovapeneira.gal\/index.php\/wp-json\/wp\/v2\/comments?post=5149"}],"version-history":[{"count":2,"href":"https:\/\/www.anovapeneira.gal\/index.php\/wp-json\/wp\/v2\/posts\/5149\/revisions"}],"predecessor-version":[{"id":5151,"href":"https:\/\/www.anovapeneira.gal\/index.php\/wp-json\/wp\/v2\/posts\/5149\/revisions\/5151"}],"wp:featuredmedia":[{"embeddable":true,"href":"https:\/\/www.anovapeneira.gal\/index.php\/wp-json\/wp\/v2\/media\/5104"}],"wp:attachment":[{"href":"https:\/\/www.anovapeneira.gal\/index.php\/wp-json\/wp\/v2\/media?parent=5149"}],"wp:term":[{"taxonomy":"category","embeddable":true,"href":"https:\/\/www.anovapeneira.gal\/index.php\/wp-json\/wp\/v2\/categories?post=5149"},{"taxonomy":"post_tag","embeddable":true,"href":"https:\/\/www.anovapeneira.gal\/index.php\/wp-json\/wp\/v2\/tags?post=5149"}],"curies":[{"name":"wp","href":"https:\/\/api.w.org\/{rel}","templated":true}]}}