{"id":5152,"date":"2021-04-02T12:00:48","date_gmt":"2021-04-02T10:00:48","guid":{"rendered":"http:\/\/www.anovapeneira.gal\/?p=5152"},"modified":"2021-03-26T19:13:28","modified_gmt":"2021-03-26T18:13:28","slug":"o-concello-realizara-un-estudo-para-poner-en-funcionamento-o-mercado-de-san-miguel","status":"publish","type":"post","link":"https:\/\/www.anovapeneira.gal\/index.php\/2021\/04\/02\/o-concello-realizara-un-estudo-para-poner-en-funcionamento-o-mercado-de-san-miguel\/","title":{"rendered":"O Concello realizar\u00e1 un estudo para po\u00f1er en funcionamento o mercado de San Miguel"},"content":{"rendered":"\n<h2 class=\"wp-block-heading\"><strong>A iniciativa, aprobada este xoves en pleno, busca recuperar o seu uso adapt\u00e1ndoo a realidade actual contando coa veci\u00f1anza<\/strong><\/h2>\n\n\n\n<p><strong>O Rosal, 26 de marzo de 2021<\/strong><\/p>\n\n\n\n<p>O pleno do Concello do Rosal aprobou este xoves en pleno a realizaci\u00f3n dun estudo para a posta en marcha de novo do mercado de San Miguel, que tras a reforma feita hai uns anos contin\u00faa sen actividade algunha e en total desuso. Para esta reactivaci\u00f3n, o Concello realizar\u00e1 un estudo de campo e de viabilidade sobre as utilidades deste mercado \u201csituado nunha contorna moi particular e que merece recuperar a actividade que tivo hai tempo adapt\u00e1ndoa \u00e1 realidade actual e \u00e1s necesidades da veci\u00f1anza\u201d, salienta a alcaldesa, \u00c1nxela Fern\u00e1ndez.<\/p>\n\n\n\n<p>Para co\u00f1ecer cal \u00e9 a orientaci\u00f3n adecuada para a praza de San Miguel realizarase unha diagnose da situaci\u00f3n e dos usos na que se ter\u00e1 en conta tanto o estado actual da edificaci\u00f3n, dos equipamentos e dos servizos dos que dispo\u00f1e como da percepci\u00f3n e opini\u00f3n sobre o mercado dos propios rosaleiros e rosaleiras e das persoas interesadas en ter un posto e desenvolver a s\u00faa actividade comercial nel.<\/p>\n\n\n\n<p>Por outra banda, tam\u00e9n se establecer\u00e1 unha estratexia de optimizaci\u00f3n e redimensionamento dos usos do mercado e se realizar\u00e1 unha an\u00e1lise de posibles actuaci\u00f3ns de innovaci\u00f3n a efectuar nas instalaci\u00f3ns.<\/p>\n","protected":false},"excerpt":{"rendered":"<div class=\"mh-excerpt\"><p>A iniciativa, aprobada este xoves en pleno, busca recuperar o seu uso adapt\u00e1ndoo a realidade actual contando coa veci\u00f1anza <a class=\"mh-excerpt-more\" href=\"https:\/\/www.anovapeneira.gal\/index.php\/2021\/04\/02\/o-concello-realizara-un-estudo-para-poner-en-funcionamento-o-mercado-de-san-miguel\/\" title=\"O Concello realizar\u00e1 un estudo para po\u00f1er en funcionamento o mercado de San Miguel\">[&#8230;]<\/a><\/p>\n<\/div>","protected":false},"author":3,"featured_media":2529,"comment_status":"open","ping_status":"open","sticky":false,"template":"","format":"standard","meta":{"_exactmetrics_skip_tracking":false,"_exactmetrics_sitenote_active":false,"_exactmetrics_sitenote_note":"","_exactmetrics_sitenote_category":0,"footnotes":""},"categories":[21],"tags":[131],"class_list":{"0":"post-5152","1":"post","2":"type-post","3":"status-publish","4":"format-standard","5":"has-post-thumbnail","7":"category-baixo-mino","8":"tag-concello-do-rosal"},"yoast_head":"<!-- This site is optimized with the Yoast SEO plugin v27.4 - https:\/\/yoast.com\/product\/yoast-seo-wordpress\/ -->\n<title>O Concello realizar\u00e1 un estudo para po\u00f1er en funcionamento o mercado de San Miguel -<\/title>\n<meta name=\"description\" content=\"A iniciativa, aprobada este xoves en pleno, busca recuperar o seu uso adapt\u00e1ndoo a realidade actual contando coa veci\u00f1anza\" \/>\n<meta name=\"robots\" content=\"index, follow, max-snippet:-1, max-image-preview:large, max-video-preview:-1\" \/>\n<link rel=\"canonical\" href=\"https:\/\/www.anovapeneira.gal\/index.php\/2021\/04\/02\/o-concello-realizara-un-estudo-para-poner-en-funcionamento-o-mercado-de-san-miguel\/\" \/>\n<meta property=\"og:locale\" content=\"gl_ES\" \/>\n<meta property=\"og:type\" content=\"article\" \/>\n<meta property=\"og:title\" content=\"O Concello realizar\u00e1 un estudo para po\u00f1er en funcionamento o mercado de San Miguel -\" \/>\n<meta property=\"og:description\" content=\"A iniciativa, aprobada este xoves en pleno, busca recuperar o seu uso adapt\u00e1ndoo a realidade actual contando coa veci\u00f1anza\" \/>\n<meta property=\"og:url\" content=\"https:\/\/www.anovapeneira.gal\/index.php\/2021\/04\/02\/o-concello-realizara-un-estudo-para-poner-en-funcionamento-o-mercado-de-san-miguel\/\" \/>\n<meta property=\"article:publisher\" content=\"https:\/\/www.facebook.com\/anovapeneira\" \/>\n<meta property=\"article:published_time\" content=\"2021-04-02T10:00:48+00:00\" \/>\n<meta property=\"og:image\" content=\"https:\/\/www.anovapeneira.gal\/wp-content\/uploads\/2020\/02\/concello_do_rosal_a_nova_peneira.jpg\" \/>\n\t<meta property=\"og:image:width\" content=\"720\" \/>\n\t<meta property=\"og:image:height\" content=\"432\" \/>\n\t<meta property=\"og:image:type\" content=\"image\/jpeg\" \/>\n<meta name=\"author\" content=\"Redacci\u00f3n A Nova Peneira\" \/>\n<meta name=\"twitter:card\" content=\"summary_large_image\" \/>\n<meta name=\"twitter:creator\" content=\"@APeneira\" \/>\n<meta name=\"twitter:site\" content=\"@APeneira\" \/>\n<meta name=\"twitter:label1\" content=\"Escrito por\" \/>\n\t<meta name=\"twitter:data1\" content=\"Redacci\u00f3n A Nova Peneira\" \/>\n\t<meta name=\"twitter:label2\" content=\"Tempo de lectura\" \/>\n\t<meta name=\"twitter:data2\" content=\"1 minuto\" \/>\n<script type=\"application\/ld+json\" class=\"yoast-schema-graph\">{\"@context\":\"https:\\\/\\\/schema.org\",\"@graph\":[{\"@type\":\"Article\",\"@id\":\"https:\\\/\\\/www.anovapeneira.gal\\\/index.php\\\/2021\\\/04\\\/02\\\/o-concello-realizara-un-estudo-para-poner-en-funcionamento-o-mercado-de-san-miguel\\\/#article\",\"isPartOf\":{\"@id\":\"https:\\\/\\\/www.anovapeneira.gal\\\/index.php\\\/2021\\\/04\\\/02\\\/o-concello-realizara-un-estudo-para-poner-en-funcionamento-o-mercado-de-san-miguel\\\/\"},\"author\":{\"name\":\"Redacci\u00f3n A Nova Peneira\",\"@id\":\"https:\\\/\\\/www.anovapeneira.gal\\\/#\\\/schema\\\/person\\\/b93e3f8932e3f8da96334607eb6ac6aa\"},\"headline\":\"O Concello realizar\u00e1 un estudo para po\u00f1er en funcionamento o mercado de San Miguel\",\"datePublished\":\"2021-04-02T10:00:48+00:00\",\"mainEntityOfPage\":{\"@id\":\"https:\\\/\\\/www.anovapeneira.gal\\\/index.php\\\/2021\\\/04\\\/02\\\/o-concello-realizara-un-estudo-para-poner-en-funcionamento-o-mercado-de-san-miguel\\\/\"},\"wordCount\":248,\"commentCount\":0,\"publisher\":{\"@id\":\"https:\\\/\\\/www.anovapeneira.gal\\\/#organization\"},\"image\":{\"@id\":\"https:\\\/\\\/www.anovapeneira.gal\\\/index.php\\\/2021\\\/04\\\/02\\\/o-concello-realizara-un-estudo-para-poner-en-funcionamento-o-mercado-de-san-miguel\\\/#primaryimage\"},\"thumbnailUrl\":\"https:\\\/\\\/www.anovapeneira.gal\\\/wp-content\\\/uploads\\\/2020\\\/02\\\/concello_do_rosal_a_nova_peneira.jpg\",\"keywords\":[\"Concello do Rosal\"],\"articleSection\":[\"Baixo Mi\u00f1o\"],\"inLanguage\":\"gl-ES\",\"potentialAction\":[{\"@type\":\"CommentAction\",\"name\":\"Comment\",\"target\":[\"https:\\\/\\\/www.anovapeneira.gal\\\/index.php\\\/2021\\\/04\\\/02\\\/o-concello-realizara-un-estudo-para-poner-en-funcionamento-o-mercado-de-san-miguel\\\/#respond\"]}]},{\"@type\":\"WebPage\",\"@id\":\"https:\\\/\\\/www.anovapeneira.gal\\\/index.php\\\/2021\\\/04\\\/02\\\/o-concello-realizara-un-estudo-para-poner-en-funcionamento-o-mercado-de-san-miguel\\\/\",\"url\":\"https:\\\/\\\/www.anovapeneira.gal\\\/index.php\\\/2021\\\/04\\\/02\\\/o-concello-realizara-un-estudo-para-poner-en-funcionamento-o-mercado-de-san-miguel\\\/\",\"name\":\"O Concello realizar\u00e1 un estudo para po\u00f1er en funcionamento o mercado de San Miguel -\",\"isPartOf\":{\"@id\":\"https:\\\/\\\/www.anovapeneira.gal\\\/#website\"},\"primaryImageOfPage\":{\"@id\":\"https:\\\/\\\/www.anovapeneira.gal\\\/index.php\\\/2021\\\/04\\\/02\\\/o-concello-realizara-un-estudo-para-poner-en-funcionamento-o-mercado-de-san-miguel\\\/#primaryimage\"},\"image\":{\"@id\":\"https:\\\/\\\/www.anovapeneira.gal\\\/index.php\\\/2021\\\/04\\\/02\\\/o-concello-realizara-un-estudo-para-poner-en-funcionamento-o-mercado-de-san-miguel\\\/#primaryimage\"},\"thumbnailUrl\":\"https:\\\/\\\/www.anovapeneira.gal\\\/wp-content\\\/uploads\\\/2020\\\/02\\\/concello_do_rosal_a_nova_peneira.jpg\",\"datePublished\":\"2021-04-02T10:00:48+00:00\",\"description\":\"A iniciativa, aprobada este xoves en pleno, busca recuperar o seu uso adapt\u00e1ndoo a realidade actual contando coa veci\u00f1anza\",\"breadcrumb\":{\"@id\":\"https:\\\/\\\/www.anovapeneira.gal\\\/index.php\\\/2021\\\/04\\\/02\\\/o-concello-realizara-un-estudo-para-poner-en-funcionamento-o-mercado-de-san-miguel\\\/#breadcrumb\"},\"inLanguage\":\"gl-ES\",\"potentialAction\":[{\"@type\":\"ReadAction\",\"target\":[\"https:\\\/\\\/www.anovapeneira.gal\\\/index.php\\\/2021\\\/04\\\/02\\\/o-concello-realizara-un-estudo-para-poner-en-funcionamento-o-mercado-de-san-miguel\\\/\"]}]},{\"@type\":\"ImageObject\",\"inLanguage\":\"gl-ES\",\"@id\":\"https:\\\/\\\/www.anovapeneira.gal\\\/index.php\\\/2021\\\/04\\\/02\\\/o-concello-realizara-un-estudo-para-poner-en-funcionamento-o-mercado-de-san-miguel\\\/#primaryimage\",\"url\":\"https:\\\/\\\/www.anovapeneira.gal\\\/wp-content\\\/uploads\\\/2020\\\/02\\\/concello_do_rosal_a_nova_peneira.jpg\",\"contentUrl\":\"https:\\\/\\\/www.anovapeneira.gal\\\/wp-content\\\/uploads\\\/2020\\\/02\\\/concello_do_rosal_a_nova_peneira.jpg\",\"width\":720,\"height\":432},{\"@type\":\"BreadcrumbList\",\"@id\":\"https:\\\/\\\/www.anovapeneira.gal\\\/index.php\\\/2021\\\/04\\\/02\\\/o-concello-realizara-un-estudo-para-poner-en-funcionamento-o-mercado-de-san-miguel\\\/#breadcrumb\",\"itemListElement\":[{\"@type\":\"ListItem\",\"position\":1,\"name\":\"Portada\",\"item\":\"https:\\\/\\\/www.anovapeneira.gal\\\/\"},{\"@type\":\"ListItem\",\"position\":2,\"name\":\"O Concello realizar\u00e1 un estudo para po\u00f1er en funcionamento o mercado de San Miguel\"}]},{\"@type\":\"WebSite\",\"@id\":\"https:\\\/\\\/www.anovapeneira.gal\\\/#website\",\"url\":\"https:\\\/\\\/www.anovapeneira.gal\\\/\",\"name\":\"\",\"description\":\"Xornal galego de informaci\u00f3n xeral Publicaci\u00f3n mensual de novas de Galicia e en especial dos Concellos da sur da provincia de Pontevedra.\",\"publisher\":{\"@id\":\"https:\\\/\\\/www.anovapeneira.gal\\\/#organization\"},\"potentialAction\":[{\"@type\":\"SearchAction\",\"target\":{\"@type\":\"EntryPoint\",\"urlTemplate\":\"https:\\\/\\\/www.anovapeneira.gal\\\/?s={search_term_string}\"},\"query-input\":{\"@type\":\"PropertyValueSpecification\",\"valueRequired\":true,\"valueName\":\"search_term_string\"}}],\"inLanguage\":\"gl-ES\"},{\"@type\":\"Organization\",\"@id\":\"https:\\\/\\\/www.anovapeneira.gal\\\/#organization\",\"name\":\"A Nova Peneira\",\"url\":\"https:\\\/\\\/www.anovapeneira.gal\\\/\",\"logo\":{\"@type\":\"ImageObject\",\"inLanguage\":\"gl-ES\",\"@id\":\"https:\\\/\\\/www.anovapeneira.gal\\\/#\\\/schema\\\/logo\\\/image\\\/\",\"url\":\"http:\\\/\\\/www.anovapeneira.gal\\\/wp-content\\\/uploads\\\/2019\\\/06\\\/logo_a_nova_peneira_portal_web.png\",\"contentUrl\":\"http:\\\/\\\/www.anovapeneira.gal\\\/wp-content\\\/uploads\\\/2019\\\/06\\\/logo_a_nova_peneira_portal_web.png\",\"width\":300,\"height\":100,\"caption\":\"A Nova Peneira\"},\"image\":{\"@id\":\"https:\\\/\\\/www.anovapeneira.gal\\\/#\\\/schema\\\/logo\\\/image\\\/\"},\"sameAs\":[\"https:\\\/\\\/www.facebook.com\\\/anovapeneira\",\"https:\\\/\\\/x.com\\\/APeneira\"]},{\"@type\":\"Person\",\"@id\":\"https:\\\/\\\/www.anovapeneira.gal\\\/#\\\/schema\\\/person\\\/b93e3f8932e3f8da96334607eb6ac6aa\",\"name\":\"Redacci\u00f3n A Nova Peneira\",\"image\":{\"@type\":\"ImageObject\",\"inLanguage\":\"gl-ES\",\"@id\":\"https:\\\/\\\/secure.gravatar.com\\\/avatar\\\/c052a2551a06e23fac63626232eaa90abd78dbcf1700fc46a2b2c89fd27b735f?s=96&d=mm&r=g\",\"url\":\"https:\\\/\\\/secure.gravatar.com\\\/avatar\\\/c052a2551a06e23fac63626232eaa90abd78dbcf1700fc46a2b2c89fd27b735f?s=96&d=mm&r=g\",\"contentUrl\":\"https:\\\/\\\/secure.gravatar.com\\\/avatar\\\/c052a2551a06e23fac63626232eaa90abd78dbcf1700fc46a2b2c89fd27b735f?s=96&d=mm&r=g\",\"caption\":\"Redacci\u00f3n A Nova Peneira\"},\"sameAs\":[\"http:\\\/\\\/www.anovapeneira.gal\\\/\"],\"url\":\"https:\\\/\\\/www.anovapeneira.gal\\\/index.php\\\/author\\\/redactor\\\/\"}]}<\/script>\n<!-- \/ Yoast SEO plugin. -->","yoast_head_json":{"title":"O Concello realizar\u00e1 un estudo para po\u00f1er en funcionamento o mercado de San Miguel -","description":"A iniciativa, aprobada este xoves en pleno, busca recuperar o seu uso adapt\u00e1ndoo a realidade actual contando coa veci\u00f1anza","robots":{"index":"index","follow":"follow","max-snippet":"max-snippet:-1","max-image-preview":"max-image-preview:large","max-video-preview":"max-video-preview:-1"},"canonical":"https:\/\/www.anovapeneira.gal\/index.php\/2021\/04\/02\/o-concello-realizara-un-estudo-para-poner-en-funcionamento-o-mercado-de-san-miguel\/","og_locale":"gl_ES","og_type":"article","og_title":"O Concello realizar\u00e1 un estudo para po\u00f1er en funcionamento o mercado de San Miguel -","og_description":"A iniciativa, aprobada este xoves en pleno, busca recuperar o seu uso adapt\u00e1ndoo a realidade actual contando coa veci\u00f1anza","og_url":"https:\/\/www.anovapeneira.gal\/index.php\/2021\/04\/02\/o-concello-realizara-un-estudo-para-poner-en-funcionamento-o-mercado-de-san-miguel\/","article_publisher":"https:\/\/www.facebook.com\/anovapeneira","article_published_time":"2021-04-02T10:00:48+00:00","og_image":[{"width":720,"height":432,"url":"https:\/\/www.anovapeneira.gal\/wp-content\/uploads\/2020\/02\/concello_do_rosal_a_nova_peneira.jpg","type":"image\/jpeg"}],"author":"Redacci\u00f3n A Nova Peneira","twitter_card":"summary_large_image","twitter_creator":"@APeneira","twitter_site":"@APeneira","twitter_misc":{"Escrito por":"Redacci\u00f3n A Nova Peneira","Tempo de lectura":"1 minuto"},"schema":{"@context":"https:\/\/schema.org","@graph":[{"@type":"Article","@id":"https:\/\/www.anovapeneira.gal\/index.php\/2021\/04\/02\/o-concello-realizara-un-estudo-para-poner-en-funcionamento-o-mercado-de-san-miguel\/#article","isPartOf":{"@id":"https:\/\/www.anovapeneira.gal\/index.php\/2021\/04\/02\/o-concello-realizara-un-estudo-para-poner-en-funcionamento-o-mercado-de-san-miguel\/"},"author":{"name":"Redacci\u00f3n A Nova Peneira","@id":"https:\/\/www.anovapeneira.gal\/#\/schema\/person\/b93e3f8932e3f8da96334607eb6ac6aa"},"headline":"O Concello realizar\u00e1 un estudo para po\u00f1er en funcionamento o mercado de San Miguel","datePublished":"2021-04-02T10:00:48+00:00","mainEntityOfPage":{"@id":"https:\/\/www.anovapeneira.gal\/index.php\/2021\/04\/02\/o-concello-realizara-un-estudo-para-poner-en-funcionamento-o-mercado-de-san-miguel\/"},"wordCount":248,"commentCount":0,"publisher":{"@id":"https:\/\/www.anovapeneira.gal\/#organization"},"image":{"@id":"https:\/\/www.anovapeneira.gal\/index.php\/2021\/04\/02\/o-concello-realizara-un-estudo-para-poner-en-funcionamento-o-mercado-de-san-miguel\/#primaryimage"},"thumbnailUrl":"https:\/\/www.anovapeneira.gal\/wp-content\/uploads\/2020\/02\/concello_do_rosal_a_nova_peneira.jpg","keywords":["Concello do Rosal"],"articleSection":["Baixo Mi\u00f1o"],"inLanguage":"gl-ES","potentialAction":[{"@type":"CommentAction","name":"Comment","target":["https:\/\/www.anovapeneira.gal\/index.php\/2021\/04\/02\/o-concello-realizara-un-estudo-para-poner-en-funcionamento-o-mercado-de-san-miguel\/#respond"]}]},{"@type":"WebPage","@id":"https:\/\/www.anovapeneira.gal\/index.php\/2021\/04\/02\/o-concello-realizara-un-estudo-para-poner-en-funcionamento-o-mercado-de-san-miguel\/","url":"https:\/\/www.anovapeneira.gal\/index.php\/2021\/04\/02\/o-concello-realizara-un-estudo-para-poner-en-funcionamento-o-mercado-de-san-miguel\/","name":"O Concello realizar\u00e1 un estudo para po\u00f1er en funcionamento o mercado de San Miguel -","isPartOf":{"@id":"https:\/\/www.anovapeneira.gal\/#website"},"primaryImageOfPage":{"@id":"https:\/\/www.anovapeneira.gal\/index.php\/2021\/04\/02\/o-concello-realizara-un-estudo-para-poner-en-funcionamento-o-mercado-de-san-miguel\/#primaryimage"},"image":{"@id":"https:\/\/www.anovapeneira.gal\/index.php\/2021\/04\/02\/o-concello-realizara-un-estudo-para-poner-en-funcionamento-o-mercado-de-san-miguel\/#primaryimage"},"thumbnailUrl":"https:\/\/www.anovapeneira.gal\/wp-content\/uploads\/2020\/02\/concello_do_rosal_a_nova_peneira.jpg","datePublished":"2021-04-02T10:00:48+00:00","description":"A iniciativa, aprobada este xoves en pleno, busca recuperar o seu uso adapt\u00e1ndoo a realidade actual contando coa veci\u00f1anza","breadcrumb":{"@id":"https:\/\/www.anovapeneira.gal\/index.php\/2021\/04\/02\/o-concello-realizara-un-estudo-para-poner-en-funcionamento-o-mercado-de-san-miguel\/#breadcrumb"},"inLanguage":"gl-ES","potentialAction":[{"@type":"ReadAction","target":["https:\/\/www.anovapeneira.gal\/index.php\/2021\/04\/02\/o-concello-realizara-un-estudo-para-poner-en-funcionamento-o-mercado-de-san-miguel\/"]}]},{"@type":"ImageObject","inLanguage":"gl-ES","@id":"https:\/\/www.anovapeneira.gal\/index.php\/2021\/04\/02\/o-concello-realizara-un-estudo-para-poner-en-funcionamento-o-mercado-de-san-miguel\/#primaryimage","url":"https:\/\/www.anovapeneira.gal\/wp-content\/uploads\/2020\/02\/concello_do_rosal_a_nova_peneira.jpg","contentUrl":"https:\/\/www.anovapeneira.gal\/wp-content\/uploads\/2020\/02\/concello_do_rosal_a_nova_peneira.jpg","width":720,"height":432},{"@type":"BreadcrumbList","@id":"https:\/\/www.anovapeneira.gal\/index.php\/2021\/04\/02\/o-concello-realizara-un-estudo-para-poner-en-funcionamento-o-mercado-de-san-miguel\/#breadcrumb","itemListElement":[{"@type":"ListItem","position":1,"name":"Portada","item":"https:\/\/www.anovapeneira.gal\/"},{"@type":"ListItem","position":2,"name":"O Concello realizar\u00e1 un estudo para po\u00f1er en funcionamento o mercado de San Miguel"}]},{"@type":"WebSite","@id":"https:\/\/www.anovapeneira.gal\/#website","url":"https:\/\/www.anovapeneira.gal\/","name":"","description":"Xornal galego de informaci\u00f3n xeral Publicaci\u00f3n mensual de novas de Galicia e en especial dos Concellos da sur da provincia de Pontevedra.","publisher":{"@id":"https:\/\/www.anovapeneira.gal\/#organization"},"potentialAction":[{"@type":"SearchAction","target":{"@type":"EntryPoint","urlTemplate":"https:\/\/www.anovapeneira.gal\/?s={search_term_string}"},"query-input":{"@type":"PropertyValueSpecification","valueRequired":true,"valueName":"search_term_string"}}],"inLanguage":"gl-ES"},{"@type":"Organization","@id":"https:\/\/www.anovapeneira.gal\/#organization","name":"A Nova Peneira","url":"https:\/\/www.anovapeneira.gal\/","logo":{"@type":"ImageObject","inLanguage":"gl-ES","@id":"https:\/\/www.anovapeneira.gal\/#\/schema\/logo\/image\/","url":"http:\/\/www.anovapeneira.gal\/wp-content\/uploads\/2019\/06\/logo_a_nova_peneira_portal_web.png","contentUrl":"http:\/\/www.anovapeneira.gal\/wp-content\/uploads\/2019\/06\/logo_a_nova_peneira_portal_web.png","width":300,"height":100,"caption":"A Nova Peneira"},"image":{"@id":"https:\/\/www.anovapeneira.gal\/#\/schema\/logo\/image\/"},"sameAs":["https:\/\/www.facebook.com\/anovapeneira","https:\/\/x.com\/APeneira"]},{"@type":"Person","@id":"https:\/\/www.anovapeneira.gal\/#\/schema\/person\/b93e3f8932e3f8da96334607eb6ac6aa","name":"Redacci\u00f3n A Nova Peneira","image":{"@type":"ImageObject","inLanguage":"gl-ES","@id":"https:\/\/secure.gravatar.com\/avatar\/c052a2551a06e23fac63626232eaa90abd78dbcf1700fc46a2b2c89fd27b735f?s=96&d=mm&r=g","url":"https:\/\/secure.gravatar.com\/avatar\/c052a2551a06e23fac63626232eaa90abd78dbcf1700fc46a2b2c89fd27b735f?s=96&d=mm&r=g","contentUrl":"https:\/\/secure.gravatar.com\/avatar\/c052a2551a06e23fac63626232eaa90abd78dbcf1700fc46a2b2c89fd27b735f?s=96&d=mm&r=g","caption":"Redacci\u00f3n A Nova Peneira"},"sameAs":["http:\/\/www.anovapeneira.gal\/"],"url":"https:\/\/www.anovapeneira.gal\/index.php\/author\/redactor\/"}]}},"jetpack_featured_media_url":"https:\/\/www.anovapeneira.gal\/wp-content\/uploads\/2020\/02\/concello_do_rosal_a_nova_peneira.jpg","_links":{"self":[{"href":"https:\/\/www.anovapeneira.gal\/index.php\/wp-json\/wp\/v2\/posts\/5152","targetHints":{"allow":["GET"]}}],"collection":[{"href":"https:\/\/www.anovapeneira.gal\/index.php\/wp-json\/wp\/v2\/posts"}],"about":[{"href":"https:\/\/www.anovapeneira.gal\/index.php\/wp-json\/wp\/v2\/types\/post"}],"author":[{"embeddable":true,"href":"https:\/\/www.anovapeneira.gal\/index.php\/wp-json\/wp\/v2\/users\/3"}],"replies":[{"embeddable":true,"href":"https:\/\/www.anovapeneira.gal\/index.php\/wp-json\/wp\/v2\/comments?post=5152"}],"version-history":[{"count":1,"href":"https:\/\/www.anovapeneira.gal\/index.php\/wp-json\/wp\/v2\/posts\/5152\/revisions"}],"predecessor-version":[{"id":5153,"href":"https:\/\/www.anovapeneira.gal\/index.php\/wp-json\/wp\/v2\/posts\/5152\/revisions\/5153"}],"wp:featuredmedia":[{"embeddable":true,"href":"https:\/\/www.anovapeneira.gal\/index.php\/wp-json\/wp\/v2\/media\/2529"}],"wp:attachment":[{"href":"https:\/\/www.anovapeneira.gal\/index.php\/wp-json\/wp\/v2\/media?parent=5152"}],"wp:term":[{"taxonomy":"category","embeddable":true,"href":"https:\/\/www.anovapeneira.gal\/index.php\/wp-json\/wp\/v2\/categories?post=5152"},{"taxonomy":"post_tag","embeddable":true,"href":"https:\/\/www.anovapeneira.gal\/index.php\/wp-json\/wp\/v2\/tags?post=5152"}],"curies":[{"name":"wp","href":"https:\/\/api.w.org\/{rel}","templated":true}]}}