{"id":5160,"date":"2021-04-06T10:00:54","date_gmt":"2021-04-06T08:00:54","guid":{"rendered":"http:\/\/www.anovapeneira.gal\/?p=5160"},"modified":"2021-04-04T21:51:40","modified_gmt":"2021-04-04T19:51:40","slug":"a-solidariedade-e-feminina","status":"publish","type":"post","link":"https:\/\/www.anovapeneira.gal\/index.php\/2021\/04\/06\/a-solidariedade-e-feminina\/","title":{"rendered":"A solidariedade \u00e9 feminina"},"content":{"rendered":"\n<figure class=\"wp-block-image size-large is-resized is-style-default\"><img loading=\"lazy\" decoding=\"async\" src=\"http:\/\/www.anovapeneira.gal\/wp-content\/uploads\/2020\/08\/xurxo_martinez_a_nova_peneira_opinion.jpg\" alt=\"\" class=\"wp-image-3738\" width=\"95\" height=\"111\"\/><figcaption><strong>Xurxo Mart\u00ednez. Escritor<\/strong><\/figcaption><\/figure>\n\n\n\n<p>Mucha, a da Praia, ten uns ollos redondos como plenilunios e brillantes como o salitre. Se fas o exercicio de concentrarte neles parece que os trasparentas, traspas\u00e1ndoos coma un cat\u00e9ter que ascende pola anatom\u00eda da humanidade deica chegar ao coraz\u00f3n.<\/p>\n\n\n\n<p>Cando Mucha era rapariga acompa\u00f1aba o papai na chalana que \u00eda \u00e1 illa de San Sim\u00f3n. Unha traves\u00eda curta pro suficiente pra distinguir a distancia entre o cautiverio e a liberdade condicional.<\/p>\n\n\n\n<p>Ao manobrar prao desembarco no peirao, a p\u00edcara outeaba praos homes de miradas arrastradas. Eran os presos pol\u00edticos que ench\u00edan o campo de concentraci\u00f3n en que se convertera o arquip\u00e9lago de Meendinho.<\/p>\n\n\n\n<p>Mucha intimou coa filla dun garda. Entre elas estableceron unha rede de correspondencia ba\u00f1ada de candor. Os presos pas\u00e1banlle cartas \u00e1s agochadas. Letras pra tranquilizar a familia ou pedir roupa ou xab\u00f3n ou comida. M\u00e1is nada, porque a urxencia era alimenticia e sanitaria.<\/p>\n\n\n\n<p>Xa en terra, a cativa distribu\u00eda os recados. Con ese pequeneiro xesto precipitaba o acougo en almas aterradas. En Redondela asent\u00e1ranse familiares dos presos. Alg\u00fans quedaron aqu\u00ed pra sempre, como o escritor Diego San Jos\u00e9, autor do libro <em>De c\u00e1rcel en c\u00e1rcel<\/em>.<\/p>\n\n\n\n<p>Na vila dos viadutos artell\u00e1rase un c\u00edrculo de solidariedade de substancia feminina. Elas sostiveron, nos seus \u00f3sos e m\u00fasculos, a dignidade do ser humano. Elas constitu\u00edron un valo de resistencia solidaria. Elas puxeron o corpo perante as identificaci\u00f3ns dos novos mandos militares ou os chivatazos de seres ru\u00edns desexosos de arranxar contas e ga\u00f1arse calquer favor.<\/p>\n\n\n\n<p>Algunhas mulleres foron interrogadas. Escoitei dicir que, \u00e1s veces, vi\u00f1an buscalas no crep\u00fasculo do d\u00eda e pasaban a noite f\u00f3ra, retidas, mentres no casal familiar a inquedanza carcom\u00eda os \u00f3rganos polos que fl\u00fae a vida. Noutras ocasi\u00f3ns, os falanxistas petaban nas portas das casas ao berro de \u201c<em>Rojos, fuera<\/em>\u201d, sinalando publicamente esa casa de \u201cmaos espa\u00f1ois\u201d. Fixeron marchas con mulleres rapadas polas r\u00faas centrais pra gozo s\u00e1dico do feixismo. Empurraban, cusp\u00edan ou insultaba a se\u00f1oras, nais de militantes republicanos de esquerdas, que carregaban apenas unha empanada ou un bolo de pan praos seus fillos presos.<\/p>\n\n\n\n<p>Todo isto \u00e9 memoria viva en moitas vivendas de Redondela. Esta lembranza quente chegou a min en distintas conversas mantidas con Manuel Puga, Tono Orge ou \u00c1ngel Barros. Ou tam\u00e9n na fala cos membros do Colectivo Republicano ou do Obradoiro Monroy. Os detalles do contexto linos nos libros de Gonzalo Amoedo, Roberto Gil Moure ou Carlos Antu\u00f1a. E mesmo chegou en formato audiovisual con <em>Aillados<\/em>.<\/p>\n\n\n\n<p>Neste 2021 o Concello de Redondela honra a s\u00faa memoria por acordo un\u00e1nime. Feliz concordia! Pro ademais do recordo debe pervivir o exemplo. As crianzas deben co\u00f1ecer o sucedido (unha forma \u00e9 o libro de Eva Mejuto, <em>A lavandeira de San Sim\u00f3n<\/em>), as persoas adultas tomar conciencia da heroicidade daquelas mulleres e as familias recibir a sensaci\u00f3n de gratitude que un pobo lle ofrece.<\/p>\n\n\n\n<p>\u00c9 ben aclarar que as \u201cmadri\u00f1as\u201d (como se lles co\u00f1ece) eran m\u00e1is ca lavandeiras. Cada unha fac\u00eda o que pod\u00eda: houbo casas onde se cos\u00eda, salas onde se gardaban paquetes, artesas onde se pu\u00f1a comida, cuartos onde durm\u00edan familiares\u2026 todo praos presos pol\u00edticos retidos na illa de San Sim\u00f3n.<\/p>\n\n\n\n<p>No ano 1995 a asociaci\u00f3n Xanela homenaxeara estas mulleres. Daquela a\u00ednda viv\u00edan algunhas. Elas levaron consigo retallos de memoria cos cales conformar esta paisaxe solidaria.<\/p>\n\n\n\n<p>Neste planeta, que son os ollos humanos, g\u00e1rdanse instant\u00e1neas da vida, que \u00e1s veces \u00e9 xenerosa connosco e outras \u00e9 fodida de m\u00e1is. Todo \u00e9 caer e erguerse. Iso fixeron todas estas mulleres que souberon das torturas e asasinatos sucedidos na guerra. E a\u00ednda as\u00ed, co medo instalado na alma,a ntepuxeron os valores humanos fronte \u00e1 barbarie feixista.<\/p>\n\n\n\n<p>Por iso, cando escoito referirse a este lugar coma a \u201cVila dos Viadutos\u201d, penso se non ser\u00eda m\u00e1is expresivo, xusto e definitorio falar de Redondela coma a \u201cVila Solidaria\u201d.<\/p>\n","protected":false},"excerpt":{"rendered":"<div class=\"mh-excerpt\"><p>Mucha, a da Praia, ten uns ollos redondos como plenilunios e brillantes como o salitre. Se fas o exercicio de concentrarte neles parece que os trasparentas, traspas\u00e1ndoos coma un cat\u00e9ter que ascende pola anatom\u00eda da humanidade deica chegar ao coraz\u00f3n. <a class=\"mh-excerpt-more\" href=\"https:\/\/www.anovapeneira.gal\/index.php\/2021\/04\/06\/a-solidariedade-e-feminina\/\" title=\"A solidariedade \u00e9 feminina\">[&#8230;]<\/a><\/p>\n<\/div>","protected":false},"author":30,"featured_media":584,"comment_status":"open","ping_status":"open","sticky":false,"template":"","format":"standard","meta":{"_exactmetrics_skip_tracking":false,"_exactmetrics_sitenote_active":false,"_exactmetrics_sitenote_note":"","_exactmetrics_sitenote_category":0,"footnotes":""},"categories":[7],"tags":[58],"class_list":{"0":"post-5160","1":"post","2":"type-post","3":"status-publish","4":"format-standard","5":"has-post-thumbnail","7":"category-artigos-de-opinion","8":"tag-opinion"},"yoast_head":"<!-- This site is optimized with the Yoast SEO plugin v27.4 - https:\/\/yoast.com\/product\/yoast-seo-wordpress\/ -->\n<title>A solidariedade \u00e9 feminina -<\/title>\n<meta name=\"description\" content=\"Mucha, a da Praia, ten uns ollos redondos como plenilunios e brillantes como o salitre. Se fas o exercicio de concentrarte neles parece que os trasparentas, traspas\u00e1ndoos coma un cat\u00e9ter que ascende pola anatom\u00eda da humanidade deica chegar ao coraz\u00f3n.\" \/>\n<meta name=\"robots\" content=\"index, follow, max-snippet:-1, max-image-preview:large, max-video-preview:-1\" \/>\n<link rel=\"canonical\" href=\"https:\/\/www.anovapeneira.gal\/index.php\/2021\/04\/06\/a-solidariedade-e-feminina\/\" \/>\n<meta property=\"og:locale\" content=\"gl_ES\" \/>\n<meta property=\"og:type\" content=\"article\" \/>\n<meta property=\"og:title\" content=\"A solidariedade \u00e9 feminina -\" \/>\n<meta property=\"og:description\" content=\"Mucha, a da Praia, ten uns ollos redondos como plenilunios e brillantes como o salitre. Se fas o exercicio de concentrarte neles parece que os trasparentas, traspas\u00e1ndoos coma un cat\u00e9ter que ascende pola anatom\u00eda da humanidade deica chegar ao coraz\u00f3n.\" \/>\n<meta property=\"og:url\" content=\"https:\/\/www.anovapeneira.gal\/index.php\/2021\/04\/06\/a-solidariedade-e-feminina\/\" \/>\n<meta property=\"article:publisher\" content=\"https:\/\/www.facebook.com\/anovapeneira\" \/>\n<meta property=\"article:published_time\" content=\"2021-04-06T08:00:54+00:00\" \/>\n<meta property=\"og:image\" content=\"https:\/\/www.anovapeneira.gal\/wp-content\/uploads\/2019\/07\/ARTIGO_DE_OPINION_A_NOVA_PENEIRA.jpg\" \/>\n\t<meta property=\"og:image:width\" content=\"720\" \/>\n\t<meta property=\"og:image:height\" content=\"473\" \/>\n\t<meta property=\"og:image:type\" content=\"image\/jpeg\" \/>\n<meta name=\"author\" content=\"Xurxo Mart\u00ednez\" \/>\n<meta name=\"twitter:card\" content=\"summary_large_image\" \/>\n<meta name=\"twitter:creator\" content=\"@APeneira\" \/>\n<meta name=\"twitter:site\" content=\"@APeneira\" \/>\n<meta name=\"twitter:label1\" content=\"Escrito por\" \/>\n\t<meta name=\"twitter:data1\" content=\"Xurxo Mart\u00ednez\" \/>\n\t<meta name=\"twitter:label2\" content=\"Tempo de lectura\" \/>\n\t<meta name=\"twitter:data2\" content=\"3 minutos\" \/>\n<script type=\"application\/ld+json\" class=\"yoast-schema-graph\">{\"@context\":\"https:\\\/\\\/schema.org\",\"@graph\":[{\"@type\":\"Article\",\"@id\":\"https:\\\/\\\/www.anovapeneira.gal\\\/index.php\\\/2021\\\/04\\\/06\\\/a-solidariedade-e-feminina\\\/#article\",\"isPartOf\":{\"@id\":\"https:\\\/\\\/www.anovapeneira.gal\\\/index.php\\\/2021\\\/04\\\/06\\\/a-solidariedade-e-feminina\\\/\"},\"author\":{\"name\":\"Xurxo Mart\u00ednez\",\"@id\":\"https:\\\/\\\/www.anovapeneira.gal\\\/#\\\/schema\\\/person\\\/d52dbbbf149d517ce65e4e586762bc71\"},\"headline\":\"A solidariedade \u00e9 feminina\",\"datePublished\":\"2021-04-06T08:00:54+00:00\",\"mainEntityOfPage\":{\"@id\":\"https:\\\/\\\/www.anovapeneira.gal\\\/index.php\\\/2021\\\/04\\\/06\\\/a-solidariedade-e-feminina\\\/\"},\"wordCount\":690,\"commentCount\":0,\"publisher\":{\"@id\":\"https:\\\/\\\/www.anovapeneira.gal\\\/#organization\"},\"image\":{\"@id\":\"https:\\\/\\\/www.anovapeneira.gal\\\/index.php\\\/2021\\\/04\\\/06\\\/a-solidariedade-e-feminina\\\/#primaryimage\"},\"thumbnailUrl\":\"https:\\\/\\\/www.anovapeneira.gal\\\/wp-content\\\/uploads\\\/2019\\\/07\\\/ARTIGO_DE_OPINION_A_NOVA_PENEIRA.jpg\",\"keywords\":[\"Opini\u00f3n\"],\"articleSection\":[\"Artigos de opini\u00f3n\"],\"inLanguage\":\"gl-ES\",\"potentialAction\":[{\"@type\":\"CommentAction\",\"name\":\"Comment\",\"target\":[\"https:\\\/\\\/www.anovapeneira.gal\\\/index.php\\\/2021\\\/04\\\/06\\\/a-solidariedade-e-feminina\\\/#respond\"]}]},{\"@type\":\"WebPage\",\"@id\":\"https:\\\/\\\/www.anovapeneira.gal\\\/index.php\\\/2021\\\/04\\\/06\\\/a-solidariedade-e-feminina\\\/\",\"url\":\"https:\\\/\\\/www.anovapeneira.gal\\\/index.php\\\/2021\\\/04\\\/06\\\/a-solidariedade-e-feminina\\\/\",\"name\":\"A solidariedade \u00e9 feminina -\",\"isPartOf\":{\"@id\":\"https:\\\/\\\/www.anovapeneira.gal\\\/#website\"},\"primaryImageOfPage\":{\"@id\":\"https:\\\/\\\/www.anovapeneira.gal\\\/index.php\\\/2021\\\/04\\\/06\\\/a-solidariedade-e-feminina\\\/#primaryimage\"},\"image\":{\"@id\":\"https:\\\/\\\/www.anovapeneira.gal\\\/index.php\\\/2021\\\/04\\\/06\\\/a-solidariedade-e-feminina\\\/#primaryimage\"},\"thumbnailUrl\":\"https:\\\/\\\/www.anovapeneira.gal\\\/wp-content\\\/uploads\\\/2019\\\/07\\\/ARTIGO_DE_OPINION_A_NOVA_PENEIRA.jpg\",\"datePublished\":\"2021-04-06T08:00:54+00:00\",\"description\":\"Mucha, a da Praia, ten uns ollos redondos como plenilunios e brillantes como o salitre. Se fas o exercicio de concentrarte neles parece que os trasparentas, traspas\u00e1ndoos coma un cat\u00e9ter que ascende pola anatom\u00eda da humanidade deica chegar ao coraz\u00f3n.\",\"breadcrumb\":{\"@id\":\"https:\\\/\\\/www.anovapeneira.gal\\\/index.php\\\/2021\\\/04\\\/06\\\/a-solidariedade-e-feminina\\\/#breadcrumb\"},\"inLanguage\":\"gl-ES\",\"potentialAction\":[{\"@type\":\"ReadAction\",\"target\":[\"https:\\\/\\\/www.anovapeneira.gal\\\/index.php\\\/2021\\\/04\\\/06\\\/a-solidariedade-e-feminina\\\/\"]}]},{\"@type\":\"ImageObject\",\"inLanguage\":\"gl-ES\",\"@id\":\"https:\\\/\\\/www.anovapeneira.gal\\\/index.php\\\/2021\\\/04\\\/06\\\/a-solidariedade-e-feminina\\\/#primaryimage\",\"url\":\"https:\\\/\\\/www.anovapeneira.gal\\\/wp-content\\\/uploads\\\/2019\\\/07\\\/ARTIGO_DE_OPINION_A_NOVA_PENEIRA.jpg\",\"contentUrl\":\"https:\\\/\\\/www.anovapeneira.gal\\\/wp-content\\\/uploads\\\/2019\\\/07\\\/ARTIGO_DE_OPINION_A_NOVA_PENEIRA.jpg\",\"width\":720,\"height\":473,\"caption\":\"Artigo de opini\u00f3n A Nova Peneira\"},{\"@type\":\"BreadcrumbList\",\"@id\":\"https:\\\/\\\/www.anovapeneira.gal\\\/index.php\\\/2021\\\/04\\\/06\\\/a-solidariedade-e-feminina\\\/#breadcrumb\",\"itemListElement\":[{\"@type\":\"ListItem\",\"position\":1,\"name\":\"Portada\",\"item\":\"https:\\\/\\\/www.anovapeneira.gal\\\/\"},{\"@type\":\"ListItem\",\"position\":2,\"name\":\"A solidariedade \u00e9 feminina\"}]},{\"@type\":\"WebSite\",\"@id\":\"https:\\\/\\\/www.anovapeneira.gal\\\/#website\",\"url\":\"https:\\\/\\\/www.anovapeneira.gal\\\/\",\"name\":\"\",\"description\":\"Xornal galego de informaci\u00f3n xeral Publicaci\u00f3n mensual de novas de Galicia e en especial dos Concellos da sur da provincia de Pontevedra.\",\"publisher\":{\"@id\":\"https:\\\/\\\/www.anovapeneira.gal\\\/#organization\"},\"potentialAction\":[{\"@type\":\"SearchAction\",\"target\":{\"@type\":\"EntryPoint\",\"urlTemplate\":\"https:\\\/\\\/www.anovapeneira.gal\\\/?s={search_term_string}\"},\"query-input\":{\"@type\":\"PropertyValueSpecification\",\"valueRequired\":true,\"valueName\":\"search_term_string\"}}],\"inLanguage\":\"gl-ES\"},{\"@type\":\"Organization\",\"@id\":\"https:\\\/\\\/www.anovapeneira.gal\\\/#organization\",\"name\":\"A Nova Peneira\",\"url\":\"https:\\\/\\\/www.anovapeneira.gal\\\/\",\"logo\":{\"@type\":\"ImageObject\",\"inLanguage\":\"gl-ES\",\"@id\":\"https:\\\/\\\/www.anovapeneira.gal\\\/#\\\/schema\\\/logo\\\/image\\\/\",\"url\":\"http:\\\/\\\/www.anovapeneira.gal\\\/wp-content\\\/uploads\\\/2019\\\/06\\\/logo_a_nova_peneira_portal_web.png\",\"contentUrl\":\"http:\\\/\\\/www.anovapeneira.gal\\\/wp-content\\\/uploads\\\/2019\\\/06\\\/logo_a_nova_peneira_portal_web.png\",\"width\":300,\"height\":100,\"caption\":\"A Nova Peneira\"},\"image\":{\"@id\":\"https:\\\/\\\/www.anovapeneira.gal\\\/#\\\/schema\\\/logo\\\/image\\\/\"},\"sameAs\":[\"https:\\\/\\\/www.facebook.com\\\/anovapeneira\",\"https:\\\/\\\/x.com\\\/APeneira\"]},{\"@type\":\"Person\",\"@id\":\"https:\\\/\\\/www.anovapeneira.gal\\\/#\\\/schema\\\/person\\\/d52dbbbf149d517ce65e4e586762bc71\",\"name\":\"Xurxo Mart\u00ednez\",\"image\":{\"@type\":\"ImageObject\",\"inLanguage\":\"gl-ES\",\"@id\":\"https:\\\/\\\/secure.gravatar.com\\\/avatar\\\/0a76004ba1c349b37c00b08828ad1bec7dac494b82eb417f5be2cef9de4ed382?s=96&d=mm&r=g\",\"url\":\"https:\\\/\\\/secure.gravatar.com\\\/avatar\\\/0a76004ba1c349b37c00b08828ad1bec7dac494b82eb417f5be2cef9de4ed382?s=96&d=mm&r=g\",\"contentUrl\":\"https:\\\/\\\/secure.gravatar.com\\\/avatar\\\/0a76004ba1c349b37c00b08828ad1bec7dac494b82eb417f5be2cef9de4ed382?s=96&d=mm&r=g\",\"caption\":\"Xurxo Mart\u00ednez\"},\"url\":\"https:\\\/\\\/www.anovapeneira.gal\\\/index.php\\\/author\\\/xurxomartinez\\\/\"}]}<\/script>\n<!-- \/ Yoast SEO plugin. -->","yoast_head_json":{"title":"A solidariedade \u00e9 feminina -","description":"Mucha, a da Praia, ten uns ollos redondos como plenilunios e brillantes como o salitre. Se fas o exercicio de concentrarte neles parece que os trasparentas, traspas\u00e1ndoos coma un cat\u00e9ter que ascende pola anatom\u00eda da humanidade deica chegar ao coraz\u00f3n.","robots":{"index":"index","follow":"follow","max-snippet":"max-snippet:-1","max-image-preview":"max-image-preview:large","max-video-preview":"max-video-preview:-1"},"canonical":"https:\/\/www.anovapeneira.gal\/index.php\/2021\/04\/06\/a-solidariedade-e-feminina\/","og_locale":"gl_ES","og_type":"article","og_title":"A solidariedade \u00e9 feminina -","og_description":"Mucha, a da Praia, ten uns ollos redondos como plenilunios e brillantes como o salitre. Se fas o exercicio de concentrarte neles parece que os trasparentas, traspas\u00e1ndoos coma un cat\u00e9ter que ascende pola anatom\u00eda da humanidade deica chegar ao coraz\u00f3n.","og_url":"https:\/\/www.anovapeneira.gal\/index.php\/2021\/04\/06\/a-solidariedade-e-feminina\/","article_publisher":"https:\/\/www.facebook.com\/anovapeneira","article_published_time":"2021-04-06T08:00:54+00:00","og_image":[{"width":720,"height":473,"url":"https:\/\/www.anovapeneira.gal\/wp-content\/uploads\/2019\/07\/ARTIGO_DE_OPINION_A_NOVA_PENEIRA.jpg","type":"image\/jpeg"}],"author":"Xurxo Mart\u00ednez","twitter_card":"summary_large_image","twitter_creator":"@APeneira","twitter_site":"@APeneira","twitter_misc":{"Escrito por":"Xurxo Mart\u00ednez","Tempo de lectura":"3 minutos"},"schema":{"@context":"https:\/\/schema.org","@graph":[{"@type":"Article","@id":"https:\/\/www.anovapeneira.gal\/index.php\/2021\/04\/06\/a-solidariedade-e-feminina\/#article","isPartOf":{"@id":"https:\/\/www.anovapeneira.gal\/index.php\/2021\/04\/06\/a-solidariedade-e-feminina\/"},"author":{"name":"Xurxo Mart\u00ednez","@id":"https:\/\/www.anovapeneira.gal\/#\/schema\/person\/d52dbbbf149d517ce65e4e586762bc71"},"headline":"A solidariedade \u00e9 feminina","datePublished":"2021-04-06T08:00:54+00:00","mainEntityOfPage":{"@id":"https:\/\/www.anovapeneira.gal\/index.php\/2021\/04\/06\/a-solidariedade-e-feminina\/"},"wordCount":690,"commentCount":0,"publisher":{"@id":"https:\/\/www.anovapeneira.gal\/#organization"},"image":{"@id":"https:\/\/www.anovapeneira.gal\/index.php\/2021\/04\/06\/a-solidariedade-e-feminina\/#primaryimage"},"thumbnailUrl":"https:\/\/www.anovapeneira.gal\/wp-content\/uploads\/2019\/07\/ARTIGO_DE_OPINION_A_NOVA_PENEIRA.jpg","keywords":["Opini\u00f3n"],"articleSection":["Artigos de opini\u00f3n"],"inLanguage":"gl-ES","potentialAction":[{"@type":"CommentAction","name":"Comment","target":["https:\/\/www.anovapeneira.gal\/index.php\/2021\/04\/06\/a-solidariedade-e-feminina\/#respond"]}]},{"@type":"WebPage","@id":"https:\/\/www.anovapeneira.gal\/index.php\/2021\/04\/06\/a-solidariedade-e-feminina\/","url":"https:\/\/www.anovapeneira.gal\/index.php\/2021\/04\/06\/a-solidariedade-e-feminina\/","name":"A solidariedade \u00e9 feminina -","isPartOf":{"@id":"https:\/\/www.anovapeneira.gal\/#website"},"primaryImageOfPage":{"@id":"https:\/\/www.anovapeneira.gal\/index.php\/2021\/04\/06\/a-solidariedade-e-feminina\/#primaryimage"},"image":{"@id":"https:\/\/www.anovapeneira.gal\/index.php\/2021\/04\/06\/a-solidariedade-e-feminina\/#primaryimage"},"thumbnailUrl":"https:\/\/www.anovapeneira.gal\/wp-content\/uploads\/2019\/07\/ARTIGO_DE_OPINION_A_NOVA_PENEIRA.jpg","datePublished":"2021-04-06T08:00:54+00:00","description":"Mucha, a da Praia, ten uns ollos redondos como plenilunios e brillantes como o salitre. Se fas o exercicio de concentrarte neles parece que os trasparentas, traspas\u00e1ndoos coma un cat\u00e9ter que ascende pola anatom\u00eda da humanidade deica chegar ao coraz\u00f3n.","breadcrumb":{"@id":"https:\/\/www.anovapeneira.gal\/index.php\/2021\/04\/06\/a-solidariedade-e-feminina\/#breadcrumb"},"inLanguage":"gl-ES","potentialAction":[{"@type":"ReadAction","target":["https:\/\/www.anovapeneira.gal\/index.php\/2021\/04\/06\/a-solidariedade-e-feminina\/"]}]},{"@type":"ImageObject","inLanguage":"gl-ES","@id":"https:\/\/www.anovapeneira.gal\/index.php\/2021\/04\/06\/a-solidariedade-e-feminina\/#primaryimage","url":"https:\/\/www.anovapeneira.gal\/wp-content\/uploads\/2019\/07\/ARTIGO_DE_OPINION_A_NOVA_PENEIRA.jpg","contentUrl":"https:\/\/www.anovapeneira.gal\/wp-content\/uploads\/2019\/07\/ARTIGO_DE_OPINION_A_NOVA_PENEIRA.jpg","width":720,"height":473,"caption":"Artigo de opini\u00f3n A Nova Peneira"},{"@type":"BreadcrumbList","@id":"https:\/\/www.anovapeneira.gal\/index.php\/2021\/04\/06\/a-solidariedade-e-feminina\/#breadcrumb","itemListElement":[{"@type":"ListItem","position":1,"name":"Portada","item":"https:\/\/www.anovapeneira.gal\/"},{"@type":"ListItem","position":2,"name":"A solidariedade \u00e9 feminina"}]},{"@type":"WebSite","@id":"https:\/\/www.anovapeneira.gal\/#website","url":"https:\/\/www.anovapeneira.gal\/","name":"","description":"Xornal galego de informaci\u00f3n xeral Publicaci\u00f3n mensual de novas de Galicia e en especial dos Concellos da sur da provincia de Pontevedra.","publisher":{"@id":"https:\/\/www.anovapeneira.gal\/#organization"},"potentialAction":[{"@type":"SearchAction","target":{"@type":"EntryPoint","urlTemplate":"https:\/\/www.anovapeneira.gal\/?s={search_term_string}"},"query-input":{"@type":"PropertyValueSpecification","valueRequired":true,"valueName":"search_term_string"}}],"inLanguage":"gl-ES"},{"@type":"Organization","@id":"https:\/\/www.anovapeneira.gal\/#organization","name":"A Nova Peneira","url":"https:\/\/www.anovapeneira.gal\/","logo":{"@type":"ImageObject","inLanguage":"gl-ES","@id":"https:\/\/www.anovapeneira.gal\/#\/schema\/logo\/image\/","url":"http:\/\/www.anovapeneira.gal\/wp-content\/uploads\/2019\/06\/logo_a_nova_peneira_portal_web.png","contentUrl":"http:\/\/www.anovapeneira.gal\/wp-content\/uploads\/2019\/06\/logo_a_nova_peneira_portal_web.png","width":300,"height":100,"caption":"A Nova Peneira"},"image":{"@id":"https:\/\/www.anovapeneira.gal\/#\/schema\/logo\/image\/"},"sameAs":["https:\/\/www.facebook.com\/anovapeneira","https:\/\/x.com\/APeneira"]},{"@type":"Person","@id":"https:\/\/www.anovapeneira.gal\/#\/schema\/person\/d52dbbbf149d517ce65e4e586762bc71","name":"Xurxo Mart\u00ednez","image":{"@type":"ImageObject","inLanguage":"gl-ES","@id":"https:\/\/secure.gravatar.com\/avatar\/0a76004ba1c349b37c00b08828ad1bec7dac494b82eb417f5be2cef9de4ed382?s=96&d=mm&r=g","url":"https:\/\/secure.gravatar.com\/avatar\/0a76004ba1c349b37c00b08828ad1bec7dac494b82eb417f5be2cef9de4ed382?s=96&d=mm&r=g","contentUrl":"https:\/\/secure.gravatar.com\/avatar\/0a76004ba1c349b37c00b08828ad1bec7dac494b82eb417f5be2cef9de4ed382?s=96&d=mm&r=g","caption":"Xurxo Mart\u00ednez"},"url":"https:\/\/www.anovapeneira.gal\/index.php\/author\/xurxomartinez\/"}]}},"jetpack_featured_media_url":"https:\/\/www.anovapeneira.gal\/wp-content\/uploads\/2019\/07\/ARTIGO_DE_OPINION_A_NOVA_PENEIRA.jpg","_links":{"self":[{"href":"https:\/\/www.anovapeneira.gal\/index.php\/wp-json\/wp\/v2\/posts\/5160","targetHints":{"allow":["GET"]}}],"collection":[{"href":"https:\/\/www.anovapeneira.gal\/index.php\/wp-json\/wp\/v2\/posts"}],"about":[{"href":"https:\/\/www.anovapeneira.gal\/index.php\/wp-json\/wp\/v2\/types\/post"}],"author":[{"embeddable":true,"href":"https:\/\/www.anovapeneira.gal\/index.php\/wp-json\/wp\/v2\/users\/30"}],"replies":[{"embeddable":true,"href":"https:\/\/www.anovapeneira.gal\/index.php\/wp-json\/wp\/v2\/comments?post=5160"}],"version-history":[{"count":1,"href":"https:\/\/www.anovapeneira.gal\/index.php\/wp-json\/wp\/v2\/posts\/5160\/revisions"}],"predecessor-version":[{"id":5161,"href":"https:\/\/www.anovapeneira.gal\/index.php\/wp-json\/wp\/v2\/posts\/5160\/revisions\/5161"}],"wp:featuredmedia":[{"embeddable":true,"href":"https:\/\/www.anovapeneira.gal\/index.php\/wp-json\/wp\/v2\/media\/584"}],"wp:attachment":[{"href":"https:\/\/www.anovapeneira.gal\/index.php\/wp-json\/wp\/v2\/media?parent=5160"}],"wp:term":[{"taxonomy":"category","embeddable":true,"href":"https:\/\/www.anovapeneira.gal\/index.php\/wp-json\/wp\/v2\/categories?post=5160"},{"taxonomy":"post_tag","embeddable":true,"href":"https:\/\/www.anovapeneira.gal\/index.php\/wp-json\/wp\/v2\/tags?post=5160"}],"curies":[{"name":"wp","href":"https:\/\/api.w.org\/{rel}","templated":true}]}}