{"id":5162,"date":"2021-04-06T12:00:03","date_gmt":"2021-04-06T10:00:03","guid":{"rendered":"http:\/\/www.anovapeneira.gal\/?p=5162"},"modified":"2021-04-04T21:58:21","modified_gmt":"2021-04-04T19:58:21","slug":"bng-exixe-a-paralizacion-do-macroproxecto-eolico-na-comarca-do-deza","status":"publish","type":"post","link":"https:\/\/www.anovapeneira.gal\/index.php\/2021\/04\/06\/bng-exixe-a-paralizacion-do-macroproxecto-eolico-na-comarca-do-deza\/","title":{"rendered":"BNG exixe a paralizaci\u00f3n do macroproxecto e\u00f3lico na comarca do Deza"},"content":{"rendered":"\n<h2 class=\"wp-block-heading\"><strong>N\u00e9stor Rego defende a aplicaci\u00f3n da Tarifa El\u00e9ctrica Galega para beneficiar &#8220;a familias e empresas galegas pois Galiza \u00e9 excedentaria e exporta enerx\u00eda ao resto do Estado, na s\u00faa maior\u00eda renov\u00e1bel, pero segue a pagar unha das facturas el\u00e9ctricas m\u00e1is altas&#8221;.<\/strong><\/h2>\n\n\n\n<h3 class=\"wp-block-heading\"><strong>O BNG comarcal anuncia que far\u00e1 alegaci\u00f3ns ao macroproxecto que afectar\u00e1 aos concellos de Lal\u00edn, Doz\u00f3n, Rodeiro, Vila de Cruces e Silleda e chama a mobilizaci\u00f3n social.<\/strong><\/h3>\n\n\n\n<p><strong>Lal\u00edn, 31 de marzo de 2021<\/strong>. <\/p>\n\n\n\n<p>O deputado do BNG no Congreso, N\u00e9stor Rego, acudiu a localidade pontevedresa de Lal\u00edn para reclamar a paralizaci\u00f3n dos dous proxectos e\u00f3licos que est\u00e1 a tramitar o Ministerio de Transici\u00f3n Ecol\u00f3xica e nestes momentos se atopa a exposici\u00f3n p\u00fablica. Rego estivo acompa\u00f1ado polo voceiro municipal do BNG de Lal\u00edn, Francisco Vilari\u00f1o, pola militante e veci\u00f1a de Goi\u00e1s, Adriana Fern\u00e1ndez, a concelleira de Silleda, Ana Rosa Cornado Molina, e a concelleira do BNG en Vila de Cruces, Carlota Salgado.<\/p>\n\n\n\n<p>N\u00e9stor Rego cualificou como &#8220;grande ofensiva&#8221; a tramitaci\u00f3n dos dous proxectos e\u00f3licos tramitados polo Goberno do Estado, e denunciou o pregamento das administraci\u00f3ns que parecen estar ao servizo das empresas. A Xunta ten a competencia nos parques de menos de 50MW e est\u00e1 a favorecer a s\u00faa instalaci\u00f3n en todo o territorio sen control e o Ministerio parece querer facer o mesmo no caso dos proxectos que superan esa potencia.&nbsp;<\/p>\n\n\n\n<p>&#8220;Non podemos permitir que se siga estragando o noso medio natural, as nosas potencialidades agrogandeiras, a nosa paisaxe en favor para grandes empresas espoliadoras que levan o beneficio que obte\u00f1en fora do Pa\u00eds, sen que repercuta nin un s\u00f3 euro na Galiza&#8221; comezou a intervenci\u00f3n o deputado do BNG, N\u00e9stor Rego. Neste caso, o macroparque e\u00f3lico de 112W at\u00f3pase nas localidades de Lal\u00edn, Rodeiro e Doz\u00f3n que, a pesar de presentarse como dous proxecto diferenciados, a formaci\u00f3n nacionalista recriminou que se trataba do mesmo proxecto, &#8220;un \u00fanico macroproxecto xa que a li\u00f1a de evacuaci\u00f3n \u00e9 a mesma&#8221;. Isto obedece a un intento por flexibilizar a normativa medioambiental actual. &#8220;Tr\u00e1tase dun \u00fanico parque. Temos que denunciar esta fraude xa que afecta a todo o territorio sens\u00edbel, terreo agrogandeiro e mesmo a especies que se atopan en perigo de extinci\u00f3n, como \u00e9 a tartara\u00f1a cincenta&#8221; salientou o deputado do BNG.<\/p>\n\n\n\n<p>Segundo datos oficiais do ano pasado, Galiza exportou case un 30% da enerx\u00eda que produciu. &#8220;Hai outro dato m\u00e1is relevante a\u00ednda e \u00e9 que Galiza xa produce m\u00e1is enerx\u00eda de fontes renov\u00e1beis da que consome: estamos falando dunha produci\u00f3n de 18.500 GW cando o consumo se sit\u00faa, ao sumo, nos 17.300&#8221; apuntou o deputado nacionalista. Un excedente de m\u00e1is de 1.000 GW s\u00f3 en enerx\u00edas renov\u00e1beis que &#8220;non repercute positivamente en beneficio do pa\u00eds&#8221;.<\/p>\n\n\n\n<p>&#8220;PP e PSOE parece que est\u00e1n de acordo, unha vez m\u00e1is, en que o destino da Galiza \u00e9 servir os intereses de fora. N\u00f3s queremos servir os intereses do noso pobo, do noso pa\u00eds e da nosa xente e, desde logo, esta non \u00e9 a v\u00eda&#8221; apuntou Rego. Lembrou que a formaci\u00f3n nacionalista leva moito tempo defendendo unha Tarifa El\u00e9ctrica Galega para que, tanto familias como empresas galegas, se poidan &#8220;beneficiar minimamente por seren un pa\u00eds excedentario de enerx\u00eda el\u00e9ctrica: rebaixando un 30% a factura da luz nas nosas casas e nas empresas, para facelas tam\u00e9n m\u00e1is competitivas&#8221;.<\/p>\n\n\n\n<p>Por \u00faltimo, o deputado nacionalista avanza que presentar\u00e1 alegaci\u00f3ns ao proxecto e mesmo rexistrar\u00e1n iniciativas no Congreso exixindo ao Ministerio de Transici\u00f3n Ecol\u00f3xica que paralice este macroproxecto. &#8220;Xa non debeu nin sa\u00edr a exposici\u00f3n p\u00fablica na medida en que ten unha grand\u00edsima afectaci\u00f3n \u00e1s zonas de produci\u00f3n agr\u00edcola e gandeira&#8221; conclu\u00eda o deputado nacionalista mentres animaba a cidadan\u00eda a presentar alegaci\u00f3ns ao proxecto e chamaba a mobilizaci\u00f3n social para evitar que este proxecto saia adiante.<\/p>\n\n\n\n<p><strong>Basta xa a este espolio organizado<\/strong><\/p>\n\n\n\n<p>Pola s\u00faa banda, o voceiro municipal do BNG en Lal\u00edn recriminou que &#8220;quen promove e ampara estes proxectos semella non ser consciente da importancia econ\u00f3mica agrogandeira do territorio escollido. Tr\u00e1tase dun desprezo a capacidade produtiva do rural galego e so pode cualificarse de aut\u00e9ntico espolio do territorio servido aos especuladores enerx\u00e9ticos do vento. Valoramos como especialmente grave, que a diferencia doutros parques que por costume ocuparon superficie forestal e de mato nos altos das Serras, agora estes, denominados &#8220;Val do Folgoso&#8221; e &#8220;Monte dos Porcallos&#8221;, ocuparan na maior parte terras de uso agr\u00edcola e gandeiro para pasto vac\u00fan. Unhas 30 granxas da contorna, de vac\u00fan, porcino e av\u00edcola, case todas elas con moi poucos anos de funcionamento, quedaran baixo a influencia da construci\u00f3n e do ru\u00eddo dos aeroxeradores, a maior\u00eda entre 200 a 400 metros de distancia.<\/p>\n\n\n\n<figure class=\"wp-block-audio\"><audio controls src=\"http:\/\/www.anovapeneira.gal\/wp-content\/uploads\/2021\/04\/nestor-rego-bng-lali\u0301n-31-03-2021.mp3\"><\/audio><\/figure>\n","protected":false},"excerpt":{"rendered":"<div class=\"mh-excerpt\"><p>N\u00e9stor Rego defende a aplicaci\u00f3n da Tarifa El\u00e9ctrica Galega para beneficiar &#8220;a familias e empresas galegas pois Galiza \u00e9 excedentaria e exporta enerx\u00eda ao resto do Estado, na s\u00faa maior\u00eda renov\u00e1bel, pero segue a pagar unha das facturas el\u00e9ctricas m\u00e1is altas&#8221; <a class=\"mh-excerpt-more\" href=\"https:\/\/www.anovapeneira.gal\/index.php\/2021\/04\/06\/bng-exixe-a-paralizacion-do-macroproxecto-eolico-na-comarca-do-deza\/\" title=\"BNG exixe a paralizaci\u00f3n do macroproxecto e\u00f3lico na comarca do Deza\">[&#8230;]<\/a><\/p>\n<\/div>","protected":false},"author":3,"featured_media":5163,"comment_status":"open","ping_status":"open","sticky":false,"template":"","format":"standard","meta":{"_exactmetrics_skip_tracking":false,"_exactmetrics_sitenote_active":false,"_exactmetrics_sitenote_note":"","_exactmetrics_sitenote_category":0,"footnotes":""},"categories":[263],"tags":[1246],"class_list":{"0":"post-5162","1":"post","2":"type-post","3":"status-publish","4":"format-standard","5":"has-post-thumbnail","7":"category-novas","8":"tag-comarca-do-deza"},"yoast_head":"<!-- This site is optimized with the Yoast SEO plugin v27.4 - https:\/\/yoast.com\/product\/yoast-seo-wordpress\/ -->\n<title>BNG exixe a paralizaci\u00f3n do macroproxecto e\u00f3lico na comarca do Deza -<\/title>\n<meta name=\"description\" content=\"N\u00e9stor Rego defende a aplicaci\u00f3n da Tarifa El\u00e9ctrica Galega para beneficiar &quot;a familias e empresas galegas pois Galiza \u00e9 excedentaria e exporta enerx\u00eda ao resto do Estado, na s\u00faa maior\u00eda renov\u00e1bel, pero segue a pagar unha das facturas el\u00e9ctricas m\u00e1is altas&quot;\" \/>\n<meta name=\"robots\" content=\"index, follow, max-snippet:-1, max-image-preview:large, max-video-preview:-1\" \/>\n<link rel=\"canonical\" href=\"https:\/\/www.anovapeneira.gal\/index.php\/2021\/04\/06\/bng-exixe-a-paralizacion-do-macroproxecto-eolico-na-comarca-do-deza\/\" \/>\n<meta property=\"og:locale\" content=\"gl_ES\" \/>\n<meta property=\"og:type\" content=\"article\" \/>\n<meta property=\"og:title\" content=\"BNG exixe a paralizaci\u00f3n do macroproxecto e\u00f3lico na comarca do Deza -\" \/>\n<meta property=\"og:description\" content=\"N\u00e9stor Rego defende a aplicaci\u00f3n da Tarifa El\u00e9ctrica Galega para beneficiar &quot;a familias e empresas galegas pois Galiza \u00e9 excedentaria e exporta enerx\u00eda ao resto do Estado, na s\u00faa maior\u00eda renov\u00e1bel, pero segue a pagar unha das facturas el\u00e9ctricas m\u00e1is altas&quot;\" \/>\n<meta property=\"og:url\" content=\"https:\/\/www.anovapeneira.gal\/index.php\/2021\/04\/06\/bng-exixe-a-paralizacion-do-macroproxecto-eolico-na-comarca-do-deza\/\" \/>\n<meta property=\"article:publisher\" content=\"https:\/\/www.facebook.com\/anovapeneira\" \/>\n<meta property=\"article:published_time\" content=\"2021-04-06T10:00:03+00:00\" \/>\n<meta property=\"og:image\" content=\"https:\/\/www.anovapeneira.gal\/wp-content\/uploads\/2021\/04\/nestor_rego_comarca_deza.jpg\" \/>\n\t<meta property=\"og:image:width\" content=\"720\" \/>\n\t<meta property=\"og:image:height\" content=\"432\" \/>\n\t<meta property=\"og:image:type\" content=\"image\/jpeg\" \/>\n<meta name=\"author\" content=\"Redacci\u00f3n A Nova Peneira\" \/>\n<meta name=\"twitter:card\" content=\"summary_large_image\" \/>\n<meta name=\"twitter:creator\" content=\"@APeneira\" \/>\n<meta name=\"twitter:site\" content=\"@APeneira\" \/>\n<meta name=\"twitter:label1\" content=\"Escrito por\" \/>\n\t<meta name=\"twitter:data1\" content=\"Redacci\u00f3n A Nova Peneira\" \/>\n\t<meta name=\"twitter:label2\" content=\"Tempo de lectura\" \/>\n\t<meta name=\"twitter:data2\" content=\"4 minutos\" \/>\n<script type=\"application\/ld+json\" class=\"yoast-schema-graph\">{\"@context\":\"https:\\\/\\\/schema.org\",\"@graph\":[{\"@type\":\"Article\",\"@id\":\"https:\\\/\\\/www.anovapeneira.gal\\\/index.php\\\/2021\\\/04\\\/06\\\/bng-exixe-a-paralizacion-do-macroproxecto-eolico-na-comarca-do-deza\\\/#article\",\"isPartOf\":{\"@id\":\"https:\\\/\\\/www.anovapeneira.gal\\\/index.php\\\/2021\\\/04\\\/06\\\/bng-exixe-a-paralizacion-do-macroproxecto-eolico-na-comarca-do-deza\\\/\"},\"author\":{\"name\":\"Redacci\u00f3n A Nova Peneira\",\"@id\":\"https:\\\/\\\/www.anovapeneira.gal\\\/#\\\/schema\\\/person\\\/b93e3f8932e3f8da96334607eb6ac6aa\"},\"headline\":\"BNG exixe a paralizaci\u00f3n do macroproxecto e\u00f3lico na comarca do Deza\",\"datePublished\":\"2021-04-06T10:00:03+00:00\",\"mainEntityOfPage\":{\"@id\":\"https:\\\/\\\/www.anovapeneira.gal\\\/index.php\\\/2021\\\/04\\\/06\\\/bng-exixe-a-paralizacion-do-macroproxecto-eolico-na-comarca-do-deza\\\/\"},\"wordCount\":859,\"commentCount\":0,\"publisher\":{\"@id\":\"https:\\\/\\\/www.anovapeneira.gal\\\/#organization\"},\"image\":{\"@id\":\"https:\\\/\\\/www.anovapeneira.gal\\\/index.php\\\/2021\\\/04\\\/06\\\/bng-exixe-a-paralizacion-do-macroproxecto-eolico-na-comarca-do-deza\\\/#primaryimage\"},\"thumbnailUrl\":\"https:\\\/\\\/www.anovapeneira.gal\\\/wp-content\\\/uploads\\\/2021\\\/04\\\/nestor_rego_comarca_deza.jpg\",\"keywords\":[\"Comarca do Deza\"],\"articleSection\":[\"Novas\"],\"inLanguage\":\"gl-ES\",\"potentialAction\":[{\"@type\":\"CommentAction\",\"name\":\"Comment\",\"target\":[\"https:\\\/\\\/www.anovapeneira.gal\\\/index.php\\\/2021\\\/04\\\/06\\\/bng-exixe-a-paralizacion-do-macroproxecto-eolico-na-comarca-do-deza\\\/#respond\"]}]},{\"@type\":\"WebPage\",\"@id\":\"https:\\\/\\\/www.anovapeneira.gal\\\/index.php\\\/2021\\\/04\\\/06\\\/bng-exixe-a-paralizacion-do-macroproxecto-eolico-na-comarca-do-deza\\\/\",\"url\":\"https:\\\/\\\/www.anovapeneira.gal\\\/index.php\\\/2021\\\/04\\\/06\\\/bng-exixe-a-paralizacion-do-macroproxecto-eolico-na-comarca-do-deza\\\/\",\"name\":\"BNG exixe a paralizaci\u00f3n do macroproxecto e\u00f3lico na comarca do Deza -\",\"isPartOf\":{\"@id\":\"https:\\\/\\\/www.anovapeneira.gal\\\/#website\"},\"primaryImageOfPage\":{\"@id\":\"https:\\\/\\\/www.anovapeneira.gal\\\/index.php\\\/2021\\\/04\\\/06\\\/bng-exixe-a-paralizacion-do-macroproxecto-eolico-na-comarca-do-deza\\\/#primaryimage\"},\"image\":{\"@id\":\"https:\\\/\\\/www.anovapeneira.gal\\\/index.php\\\/2021\\\/04\\\/06\\\/bng-exixe-a-paralizacion-do-macroproxecto-eolico-na-comarca-do-deza\\\/#primaryimage\"},\"thumbnailUrl\":\"https:\\\/\\\/www.anovapeneira.gal\\\/wp-content\\\/uploads\\\/2021\\\/04\\\/nestor_rego_comarca_deza.jpg\",\"datePublished\":\"2021-04-06T10:00:03+00:00\",\"description\":\"N\u00e9stor Rego defende a aplicaci\u00f3n da Tarifa El\u00e9ctrica Galega para beneficiar \\\"a familias e empresas galegas pois Galiza \u00e9 excedentaria e exporta enerx\u00eda ao resto do Estado, na s\u00faa maior\u00eda renov\u00e1bel, pero segue a pagar unha das facturas el\u00e9ctricas m\u00e1is altas\\\"\",\"breadcrumb\":{\"@id\":\"https:\\\/\\\/www.anovapeneira.gal\\\/index.php\\\/2021\\\/04\\\/06\\\/bng-exixe-a-paralizacion-do-macroproxecto-eolico-na-comarca-do-deza\\\/#breadcrumb\"},\"inLanguage\":\"gl-ES\",\"potentialAction\":[{\"@type\":\"ReadAction\",\"target\":[\"https:\\\/\\\/www.anovapeneira.gal\\\/index.php\\\/2021\\\/04\\\/06\\\/bng-exixe-a-paralizacion-do-macroproxecto-eolico-na-comarca-do-deza\\\/\"]}]},{\"@type\":\"ImageObject\",\"inLanguage\":\"gl-ES\",\"@id\":\"https:\\\/\\\/www.anovapeneira.gal\\\/index.php\\\/2021\\\/04\\\/06\\\/bng-exixe-a-paralizacion-do-macroproxecto-eolico-na-comarca-do-deza\\\/#primaryimage\",\"url\":\"https:\\\/\\\/www.anovapeneira.gal\\\/wp-content\\\/uploads\\\/2021\\\/04\\\/nestor_rego_comarca_deza.jpg\",\"contentUrl\":\"https:\\\/\\\/www.anovapeneira.gal\\\/wp-content\\\/uploads\\\/2021\\\/04\\\/nestor_rego_comarca_deza.jpg\",\"width\":720,\"height\":432,\"caption\":\"BNG exixe a paralizaci\u00f3n do macroproxecto e\u00f3lico na comarca do Deza\"},{\"@type\":\"BreadcrumbList\",\"@id\":\"https:\\\/\\\/www.anovapeneira.gal\\\/index.php\\\/2021\\\/04\\\/06\\\/bng-exixe-a-paralizacion-do-macroproxecto-eolico-na-comarca-do-deza\\\/#breadcrumb\",\"itemListElement\":[{\"@type\":\"ListItem\",\"position\":1,\"name\":\"Portada\",\"item\":\"https:\\\/\\\/www.anovapeneira.gal\\\/\"},{\"@type\":\"ListItem\",\"position\":2,\"name\":\"BNG exixe a paralizaci\u00f3n do macroproxecto e\u00f3lico na comarca do Deza\"}]},{\"@type\":\"WebSite\",\"@id\":\"https:\\\/\\\/www.anovapeneira.gal\\\/#website\",\"url\":\"https:\\\/\\\/www.anovapeneira.gal\\\/\",\"name\":\"\",\"description\":\"Xornal galego de informaci\u00f3n xeral Publicaci\u00f3n mensual de novas de Galicia e en especial dos Concellos da sur da provincia de Pontevedra.\",\"publisher\":{\"@id\":\"https:\\\/\\\/www.anovapeneira.gal\\\/#organization\"},\"potentialAction\":[{\"@type\":\"SearchAction\",\"target\":{\"@type\":\"EntryPoint\",\"urlTemplate\":\"https:\\\/\\\/www.anovapeneira.gal\\\/?s={search_term_string}\"},\"query-input\":{\"@type\":\"PropertyValueSpecification\",\"valueRequired\":true,\"valueName\":\"search_term_string\"}}],\"inLanguage\":\"gl-ES\"},{\"@type\":\"Organization\",\"@id\":\"https:\\\/\\\/www.anovapeneira.gal\\\/#organization\",\"name\":\"A Nova Peneira\",\"url\":\"https:\\\/\\\/www.anovapeneira.gal\\\/\",\"logo\":{\"@type\":\"ImageObject\",\"inLanguage\":\"gl-ES\",\"@id\":\"https:\\\/\\\/www.anovapeneira.gal\\\/#\\\/schema\\\/logo\\\/image\\\/\",\"url\":\"http:\\\/\\\/www.anovapeneira.gal\\\/wp-content\\\/uploads\\\/2019\\\/06\\\/logo_a_nova_peneira_portal_web.png\",\"contentUrl\":\"http:\\\/\\\/www.anovapeneira.gal\\\/wp-content\\\/uploads\\\/2019\\\/06\\\/logo_a_nova_peneira_portal_web.png\",\"width\":300,\"height\":100,\"caption\":\"A Nova Peneira\"},\"image\":{\"@id\":\"https:\\\/\\\/www.anovapeneira.gal\\\/#\\\/schema\\\/logo\\\/image\\\/\"},\"sameAs\":[\"https:\\\/\\\/www.facebook.com\\\/anovapeneira\",\"https:\\\/\\\/x.com\\\/APeneira\"]},{\"@type\":\"Person\",\"@id\":\"https:\\\/\\\/www.anovapeneira.gal\\\/#\\\/schema\\\/person\\\/b93e3f8932e3f8da96334607eb6ac6aa\",\"name\":\"Redacci\u00f3n A Nova Peneira\",\"image\":{\"@type\":\"ImageObject\",\"inLanguage\":\"gl-ES\",\"@id\":\"https:\\\/\\\/secure.gravatar.com\\\/avatar\\\/c052a2551a06e23fac63626232eaa90abd78dbcf1700fc46a2b2c89fd27b735f?s=96&d=mm&r=g\",\"url\":\"https:\\\/\\\/secure.gravatar.com\\\/avatar\\\/c052a2551a06e23fac63626232eaa90abd78dbcf1700fc46a2b2c89fd27b735f?s=96&d=mm&r=g\",\"contentUrl\":\"https:\\\/\\\/secure.gravatar.com\\\/avatar\\\/c052a2551a06e23fac63626232eaa90abd78dbcf1700fc46a2b2c89fd27b735f?s=96&d=mm&r=g\",\"caption\":\"Redacci\u00f3n A Nova Peneira\"},\"sameAs\":[\"http:\\\/\\\/www.anovapeneira.gal\\\/\"],\"url\":\"https:\\\/\\\/www.anovapeneira.gal\\\/index.php\\\/author\\\/redactor\\\/\"}]}<\/script>\n<!-- \/ Yoast SEO plugin. -->","yoast_head_json":{"title":"BNG exixe a paralizaci\u00f3n do macroproxecto e\u00f3lico na comarca do Deza -","description":"N\u00e9stor Rego defende a aplicaci\u00f3n da Tarifa El\u00e9ctrica Galega para beneficiar \"a familias e empresas galegas pois Galiza \u00e9 excedentaria e exporta enerx\u00eda ao resto do Estado, na s\u00faa maior\u00eda renov\u00e1bel, pero segue a pagar unha das facturas el\u00e9ctricas m\u00e1is altas\"","robots":{"index":"index","follow":"follow","max-snippet":"max-snippet:-1","max-image-preview":"max-image-preview:large","max-video-preview":"max-video-preview:-1"},"canonical":"https:\/\/www.anovapeneira.gal\/index.php\/2021\/04\/06\/bng-exixe-a-paralizacion-do-macroproxecto-eolico-na-comarca-do-deza\/","og_locale":"gl_ES","og_type":"article","og_title":"BNG exixe a paralizaci\u00f3n do macroproxecto e\u00f3lico na comarca do Deza -","og_description":"N\u00e9stor Rego defende a aplicaci\u00f3n da Tarifa El\u00e9ctrica Galega para beneficiar \"a familias e empresas galegas pois Galiza \u00e9 excedentaria e exporta enerx\u00eda ao resto do Estado, na s\u00faa maior\u00eda renov\u00e1bel, pero segue a pagar unha das facturas el\u00e9ctricas m\u00e1is altas\"","og_url":"https:\/\/www.anovapeneira.gal\/index.php\/2021\/04\/06\/bng-exixe-a-paralizacion-do-macroproxecto-eolico-na-comarca-do-deza\/","article_publisher":"https:\/\/www.facebook.com\/anovapeneira","article_published_time":"2021-04-06T10:00:03+00:00","og_image":[{"width":720,"height":432,"url":"https:\/\/www.anovapeneira.gal\/wp-content\/uploads\/2021\/04\/nestor_rego_comarca_deza.jpg","type":"image\/jpeg"}],"author":"Redacci\u00f3n A Nova Peneira","twitter_card":"summary_large_image","twitter_creator":"@APeneira","twitter_site":"@APeneira","twitter_misc":{"Escrito por":"Redacci\u00f3n A Nova Peneira","Tempo de lectura":"4 minutos"},"schema":{"@context":"https:\/\/schema.org","@graph":[{"@type":"Article","@id":"https:\/\/www.anovapeneira.gal\/index.php\/2021\/04\/06\/bng-exixe-a-paralizacion-do-macroproxecto-eolico-na-comarca-do-deza\/#article","isPartOf":{"@id":"https:\/\/www.anovapeneira.gal\/index.php\/2021\/04\/06\/bng-exixe-a-paralizacion-do-macroproxecto-eolico-na-comarca-do-deza\/"},"author":{"name":"Redacci\u00f3n A Nova Peneira","@id":"https:\/\/www.anovapeneira.gal\/#\/schema\/person\/b93e3f8932e3f8da96334607eb6ac6aa"},"headline":"BNG exixe a paralizaci\u00f3n do macroproxecto e\u00f3lico na comarca do Deza","datePublished":"2021-04-06T10:00:03+00:00","mainEntityOfPage":{"@id":"https:\/\/www.anovapeneira.gal\/index.php\/2021\/04\/06\/bng-exixe-a-paralizacion-do-macroproxecto-eolico-na-comarca-do-deza\/"},"wordCount":859,"commentCount":0,"publisher":{"@id":"https:\/\/www.anovapeneira.gal\/#organization"},"image":{"@id":"https:\/\/www.anovapeneira.gal\/index.php\/2021\/04\/06\/bng-exixe-a-paralizacion-do-macroproxecto-eolico-na-comarca-do-deza\/#primaryimage"},"thumbnailUrl":"https:\/\/www.anovapeneira.gal\/wp-content\/uploads\/2021\/04\/nestor_rego_comarca_deza.jpg","keywords":["Comarca do Deza"],"articleSection":["Novas"],"inLanguage":"gl-ES","potentialAction":[{"@type":"CommentAction","name":"Comment","target":["https:\/\/www.anovapeneira.gal\/index.php\/2021\/04\/06\/bng-exixe-a-paralizacion-do-macroproxecto-eolico-na-comarca-do-deza\/#respond"]}]},{"@type":"WebPage","@id":"https:\/\/www.anovapeneira.gal\/index.php\/2021\/04\/06\/bng-exixe-a-paralizacion-do-macroproxecto-eolico-na-comarca-do-deza\/","url":"https:\/\/www.anovapeneira.gal\/index.php\/2021\/04\/06\/bng-exixe-a-paralizacion-do-macroproxecto-eolico-na-comarca-do-deza\/","name":"BNG exixe a paralizaci\u00f3n do macroproxecto e\u00f3lico na comarca do Deza -","isPartOf":{"@id":"https:\/\/www.anovapeneira.gal\/#website"},"primaryImageOfPage":{"@id":"https:\/\/www.anovapeneira.gal\/index.php\/2021\/04\/06\/bng-exixe-a-paralizacion-do-macroproxecto-eolico-na-comarca-do-deza\/#primaryimage"},"image":{"@id":"https:\/\/www.anovapeneira.gal\/index.php\/2021\/04\/06\/bng-exixe-a-paralizacion-do-macroproxecto-eolico-na-comarca-do-deza\/#primaryimage"},"thumbnailUrl":"https:\/\/www.anovapeneira.gal\/wp-content\/uploads\/2021\/04\/nestor_rego_comarca_deza.jpg","datePublished":"2021-04-06T10:00:03+00:00","description":"N\u00e9stor Rego defende a aplicaci\u00f3n da Tarifa El\u00e9ctrica Galega para beneficiar \"a familias e empresas galegas pois Galiza \u00e9 excedentaria e exporta enerx\u00eda ao resto do Estado, na s\u00faa maior\u00eda renov\u00e1bel, pero segue a pagar unha das facturas el\u00e9ctricas m\u00e1is altas\"","breadcrumb":{"@id":"https:\/\/www.anovapeneira.gal\/index.php\/2021\/04\/06\/bng-exixe-a-paralizacion-do-macroproxecto-eolico-na-comarca-do-deza\/#breadcrumb"},"inLanguage":"gl-ES","potentialAction":[{"@type":"ReadAction","target":["https:\/\/www.anovapeneira.gal\/index.php\/2021\/04\/06\/bng-exixe-a-paralizacion-do-macroproxecto-eolico-na-comarca-do-deza\/"]}]},{"@type":"ImageObject","inLanguage":"gl-ES","@id":"https:\/\/www.anovapeneira.gal\/index.php\/2021\/04\/06\/bng-exixe-a-paralizacion-do-macroproxecto-eolico-na-comarca-do-deza\/#primaryimage","url":"https:\/\/www.anovapeneira.gal\/wp-content\/uploads\/2021\/04\/nestor_rego_comarca_deza.jpg","contentUrl":"https:\/\/www.anovapeneira.gal\/wp-content\/uploads\/2021\/04\/nestor_rego_comarca_deza.jpg","width":720,"height":432,"caption":"BNG exixe a paralizaci\u00f3n do macroproxecto e\u00f3lico na comarca do Deza"},{"@type":"BreadcrumbList","@id":"https:\/\/www.anovapeneira.gal\/index.php\/2021\/04\/06\/bng-exixe-a-paralizacion-do-macroproxecto-eolico-na-comarca-do-deza\/#breadcrumb","itemListElement":[{"@type":"ListItem","position":1,"name":"Portada","item":"https:\/\/www.anovapeneira.gal\/"},{"@type":"ListItem","position":2,"name":"BNG exixe a paralizaci\u00f3n do macroproxecto e\u00f3lico na comarca do Deza"}]},{"@type":"WebSite","@id":"https:\/\/www.anovapeneira.gal\/#website","url":"https:\/\/www.anovapeneira.gal\/","name":"","description":"Xornal galego de informaci\u00f3n xeral Publicaci\u00f3n mensual de novas de Galicia e en especial dos Concellos da sur da provincia de Pontevedra.","publisher":{"@id":"https:\/\/www.anovapeneira.gal\/#organization"},"potentialAction":[{"@type":"SearchAction","target":{"@type":"EntryPoint","urlTemplate":"https:\/\/www.anovapeneira.gal\/?s={search_term_string}"},"query-input":{"@type":"PropertyValueSpecification","valueRequired":true,"valueName":"search_term_string"}}],"inLanguage":"gl-ES"},{"@type":"Organization","@id":"https:\/\/www.anovapeneira.gal\/#organization","name":"A Nova Peneira","url":"https:\/\/www.anovapeneira.gal\/","logo":{"@type":"ImageObject","inLanguage":"gl-ES","@id":"https:\/\/www.anovapeneira.gal\/#\/schema\/logo\/image\/","url":"http:\/\/www.anovapeneira.gal\/wp-content\/uploads\/2019\/06\/logo_a_nova_peneira_portal_web.png","contentUrl":"http:\/\/www.anovapeneira.gal\/wp-content\/uploads\/2019\/06\/logo_a_nova_peneira_portal_web.png","width":300,"height":100,"caption":"A Nova Peneira"},"image":{"@id":"https:\/\/www.anovapeneira.gal\/#\/schema\/logo\/image\/"},"sameAs":["https:\/\/www.facebook.com\/anovapeneira","https:\/\/x.com\/APeneira"]},{"@type":"Person","@id":"https:\/\/www.anovapeneira.gal\/#\/schema\/person\/b93e3f8932e3f8da96334607eb6ac6aa","name":"Redacci\u00f3n A Nova Peneira","image":{"@type":"ImageObject","inLanguage":"gl-ES","@id":"https:\/\/secure.gravatar.com\/avatar\/c052a2551a06e23fac63626232eaa90abd78dbcf1700fc46a2b2c89fd27b735f?s=96&d=mm&r=g","url":"https:\/\/secure.gravatar.com\/avatar\/c052a2551a06e23fac63626232eaa90abd78dbcf1700fc46a2b2c89fd27b735f?s=96&d=mm&r=g","contentUrl":"https:\/\/secure.gravatar.com\/avatar\/c052a2551a06e23fac63626232eaa90abd78dbcf1700fc46a2b2c89fd27b735f?s=96&d=mm&r=g","caption":"Redacci\u00f3n A Nova Peneira"},"sameAs":["http:\/\/www.anovapeneira.gal\/"],"url":"https:\/\/www.anovapeneira.gal\/index.php\/author\/redactor\/"}]}},"jetpack_featured_media_url":"https:\/\/www.anovapeneira.gal\/wp-content\/uploads\/2021\/04\/nestor_rego_comarca_deza.jpg","_links":{"self":[{"href":"https:\/\/www.anovapeneira.gal\/index.php\/wp-json\/wp\/v2\/posts\/5162","targetHints":{"allow":["GET"]}}],"collection":[{"href":"https:\/\/www.anovapeneira.gal\/index.php\/wp-json\/wp\/v2\/posts"}],"about":[{"href":"https:\/\/www.anovapeneira.gal\/index.php\/wp-json\/wp\/v2\/types\/post"}],"author":[{"embeddable":true,"href":"https:\/\/www.anovapeneira.gal\/index.php\/wp-json\/wp\/v2\/users\/3"}],"replies":[{"embeddable":true,"href":"https:\/\/www.anovapeneira.gal\/index.php\/wp-json\/wp\/v2\/comments?post=5162"}],"version-history":[{"count":2,"href":"https:\/\/www.anovapeneira.gal\/index.php\/wp-json\/wp\/v2\/posts\/5162\/revisions"}],"predecessor-version":[{"id":5166,"href":"https:\/\/www.anovapeneira.gal\/index.php\/wp-json\/wp\/v2\/posts\/5162\/revisions\/5166"}],"wp:featuredmedia":[{"embeddable":true,"href":"https:\/\/www.anovapeneira.gal\/index.php\/wp-json\/wp\/v2\/media\/5163"}],"wp:attachment":[{"href":"https:\/\/www.anovapeneira.gal\/index.php\/wp-json\/wp\/v2\/media?parent=5162"}],"wp:term":[{"taxonomy":"category","embeddable":true,"href":"https:\/\/www.anovapeneira.gal\/index.php\/wp-json\/wp\/v2\/categories?post=5162"},{"taxonomy":"post_tag","embeddable":true,"href":"https:\/\/www.anovapeneira.gal\/index.php\/wp-json\/wp\/v2\/tags?post=5162"}],"curies":[{"name":"wp","href":"https:\/\/api.w.org\/{rel}","templated":true}]}}