{"id":5167,"date":"2021-04-07T10:00:40","date_gmt":"2021-04-07T08:00:40","guid":{"rendered":"http:\/\/www.anovapeneira.gal\/?p=5167"},"modified":"2021-04-04T22:03:45","modified_gmt":"2021-04-04T20:03:45","slug":"mandas-ao-redor-de-isaac-diaz-pardo","status":"publish","type":"post","link":"https:\/\/www.anovapeneira.gal\/index.php\/2021\/04\/07\/mandas-ao-redor-de-isaac-diaz-pardo\/","title":{"rendered":"Mandas ao redor de Isaac D\u00edaz Pardo"},"content":{"rendered":"\n<figure class=\"wp-block-image size-large is-resized\"><img loading=\"lazy\" decoding=\"async\" src=\"http:\/\/www.anovapeneira.gal\/wp-content\/uploads\/2019\/07\/Baldomero_Iglesias_Dobarrio_Mero.jpg\" alt=\"Baldomero Iglesias Dobarrio Mero artigos de opini\u00f3n A Nova Peneira\" class=\"wp-image-482\" width=\"95\" height=\"111\"\/><figcaption>Baldomero Iglesias Dobarrio, Mero<\/figcaption><\/figure>\n\n\n\n<p>Conciliar vontades ao redor dun ser singular, mesmo tan poliedricamente argumentado, como Isaac D\u00edaz Pardo \u00e9 un labor encomiable e unha causa complexa, mesmo de dif\u00edcil discurso e tam\u00e9n de posterior espallamento. A persoa ao redor da cal se trazaron rostros e lembranzas, nalg\u00fan caso semellanzas, \u00e9 un ser asim\u00e9trico e de complicada conciliaci\u00f3n harmonizada. A\u00ednda as\u00ed e sabendo que precisa de moitos trazos, moitas visi\u00f3ns e perspectivas a\u00ed vai un enlace para dar con elas. Reco\u00f1ezo nesa persoa a un xenio das artes pl\u00e1sticas e da interpretaci\u00f3n, a unha persoa capaz de sintetizar pluralidades, de asumir cr\u00edticas, de saberse do lado dos perdedores para desde al\u00ed dar batalla e asumir derrotas sempre e sobre todo canto se trataba de atribu\u00edrse as responsabilidade da mala xesti\u00f3n que levou aos frouxos resultados, a\u00ednda que non fose propia. Sei da s\u00faa capacidade especial para ver e para prever, para esculcar e ponderar, para ser capaz e \u00fanico. \u00a0Por iso reco\u00f1\u00e9zolle virtudes dif\u00edciles de asumir e transmitir, esas que falan do ser humano na condici\u00f3n m\u00e1is b\u00e1sica, na de sufrir a historia e desde ela querer un mundo mellor. Reco\u00f1ezo \u00e1 persoa que coma todas -xa sabemos- cos seus defectos e imposibles, fixeron posible un so\u00f1o com\u00fan de pertenza e propiedade, de honra de ser. Son duascentas e moitas colaboraci\u00f3ns que seguro dan unha imaxe aproximada da grandeza do pol\u00edtico, escritor e artista, do xenio creador e pensante, do testemu\u00f1o de tantos aconteceres pasados da nosa intrahistoria e da historia a\u00ednda nunca de n\u00f3s contada. Algunha, ben sei, resultar\u00e1n estra\u00f1as, textos escritos, esculturas, gravados, pirogravados, ilustraci\u00f3ns, poemas, caricaturas, cer\u00e1micas, colaxe, instalaci\u00f3ns, fotograf\u00edas, arte conceptual, corporal, mural ou foto impresi\u00f3n e bordado. Son expresi\u00f3ns art\u00edsticas, palabras, m\u00fasicas, canci\u00f3ns, ouriver\u00edas, t\u00e9xtil, poes\u00edas, fotos, narrativas, ensaios ou prosas, obras en definitiva que se abeiran na memoria colectiva dunha xente, \u00a0mulleres e homes dun mesmo proxecto asociativo de &#8220;alento esbravexo&#8221;, cunha \u00fanica proposta:\u00a0<a href=\"https:\/\/mandadepezasparaisaac.blogspot.com\/\" target=\"_blank\" rel=\"noreferrer noopener\">https:\/\/mandadepezasparaisaac.blogspot.com\/<\/a>, que seguro servir\u00e1n para restaurar un pouco o agradecemento e valor debido a quen tanto deu por Galiza, algu\u00e9n que a\u00ednda ecoa nos actos de dignidade e honra desta Casa. Eu ben sei que, nesta relaci\u00f3n de xente, faltan moitas persoas que puideron, mellor ca moitos dos que estamos, dar conta m\u00e1is precisa, moito m\u00e1is atinada. Sei, e non vou dar nomes, de amigos e colaboradores, de xente que compartiu loitas e so\u00f1os, horas de traballo e que non foron convocados tendo m\u00e1is dereito ca outros que aqu\u00ed constan. Ben que o sinto. Mais reparade no acerto dun primeiro intento, pois alg\u00fans dos traballos e expresi\u00f3ns son verdadeiramente xoias nas que todo se aprecia e nota, todo transcende incluso as intranscendencias, sobre todo cando \u00e9 o enorme agarimo expresado en matices, formas ou en verbas, lembranzas da fonda pasada que nos deixou. Sobre todo reparade naquel enorme exemplo, o agasallo da s\u00faa obra e en sabernos agradecidos de cadrar con el.<\/p>\n","protected":false},"excerpt":{"rendered":"<div class=\"mh-excerpt\"><p>Conciliar vontades ao redor dun ser singular, mesmo tan poliedricamente argumentado, como Isaac D\u00edaz Pardo \u00e9 un labor encomiable e unha causa complexa, mesmo de dif\u00edcil discurso e tam\u00e9n de posterior espallamento <a class=\"mh-excerpt-more\" href=\"https:\/\/www.anovapeneira.gal\/index.php\/2021\/04\/07\/mandas-ao-redor-de-isaac-diaz-pardo\/\" title=\"Mandas ao redor de Isaac D\u00edaz Pardo\">[&#8230;]<\/a><\/p>\n<\/div>","protected":false},"author":5,"featured_media":584,"comment_status":"open","ping_status":"open","sticky":false,"template":"","format":"standard","meta":{"_exactmetrics_skip_tracking":false,"_exactmetrics_sitenote_active":false,"_exactmetrics_sitenote_note":"","_exactmetrics_sitenote_category":0,"footnotes":""},"categories":[7],"tags":[58],"class_list":{"0":"post-5167","1":"post","2":"type-post","3":"status-publish","4":"format-standard","5":"has-post-thumbnail","7":"category-artigos-de-opinion","8":"tag-opinion"},"yoast_head":"<!-- This site is optimized with the Yoast SEO plugin v27.4 - https:\/\/yoast.com\/product\/yoast-seo-wordpress\/ -->\n<title>Mandas ao redor de Isaac D\u00edaz Pardo -<\/title>\n<meta name=\"description\" content=\"Conciliar vontades ao redor dun ser singular, mesmo tan poliedricamente argumentado, como Isaac D\u00edaz Pardo \u00e9 un labor encomiable e unha causa complexa, mesmo de dif\u00edcil discurso e tam\u00e9n de posterior espallamento\" \/>\n<meta name=\"robots\" content=\"index, follow, max-snippet:-1, max-image-preview:large, max-video-preview:-1\" \/>\n<link rel=\"canonical\" href=\"https:\/\/www.anovapeneira.gal\/index.php\/2021\/04\/07\/mandas-ao-redor-de-isaac-diaz-pardo\/\" \/>\n<meta property=\"og:locale\" content=\"gl_ES\" \/>\n<meta property=\"og:type\" content=\"article\" \/>\n<meta property=\"og:title\" content=\"Mandas ao redor de Isaac D\u00edaz Pardo -\" \/>\n<meta property=\"og:description\" content=\"Conciliar vontades ao redor dun ser singular, mesmo tan poliedricamente argumentado, como Isaac D\u00edaz Pardo \u00e9 un labor encomiable e unha causa complexa, mesmo de dif\u00edcil discurso e tam\u00e9n de posterior espallamento\" \/>\n<meta property=\"og:url\" content=\"https:\/\/www.anovapeneira.gal\/index.php\/2021\/04\/07\/mandas-ao-redor-de-isaac-diaz-pardo\/\" \/>\n<meta property=\"article:publisher\" content=\"https:\/\/www.facebook.com\/anovapeneira\" \/>\n<meta property=\"article:published_time\" content=\"2021-04-07T08:00:40+00:00\" \/>\n<meta property=\"og:image\" content=\"https:\/\/www.anovapeneira.gal\/wp-content\/uploads\/2019\/07\/ARTIGO_DE_OPINION_A_NOVA_PENEIRA.jpg\" \/>\n\t<meta property=\"og:image:width\" content=\"720\" \/>\n\t<meta property=\"og:image:height\" content=\"473\" \/>\n\t<meta property=\"og:image:type\" content=\"image\/jpeg\" \/>\n<meta name=\"author\" content=\"Baldomero Iglesias Dobarrio, Mero\" \/>\n<meta name=\"twitter:card\" content=\"summary_large_image\" \/>\n<meta name=\"twitter:creator\" content=\"@APeneira\" \/>\n<meta name=\"twitter:site\" content=\"@APeneira\" \/>\n<meta name=\"twitter:label1\" content=\"Escrito por\" \/>\n\t<meta name=\"twitter:data1\" content=\"Baldomero Iglesias Dobarrio, Mero\" \/>\n\t<meta name=\"twitter:label2\" content=\"Tempo de lectura\" \/>\n\t<meta name=\"twitter:data2\" content=\"3 minutos\" \/>\n<script type=\"application\/ld+json\" class=\"yoast-schema-graph\">{\"@context\":\"https:\\\/\\\/schema.org\",\"@graph\":[{\"@type\":\"Article\",\"@id\":\"https:\\\/\\\/www.anovapeneira.gal\\\/index.php\\\/2021\\\/04\\\/07\\\/mandas-ao-redor-de-isaac-diaz-pardo\\\/#article\",\"isPartOf\":{\"@id\":\"https:\\\/\\\/www.anovapeneira.gal\\\/index.php\\\/2021\\\/04\\\/07\\\/mandas-ao-redor-de-isaac-diaz-pardo\\\/\"},\"author\":{\"name\":\"Baldomero Iglesias Dobarrio, Mero\",\"@id\":\"https:\\\/\\\/www.anovapeneira.gal\\\/#\\\/schema\\\/person\\\/b051ed40cfc100e281476674783b32fc\"},\"headline\":\"Mandas ao redor de Isaac D\u00edaz Pardo\",\"datePublished\":\"2021-04-07T08:00:40+00:00\",\"mainEntityOfPage\":{\"@id\":\"https:\\\/\\\/www.anovapeneira.gal\\\/index.php\\\/2021\\\/04\\\/07\\\/mandas-ao-redor-de-isaac-diaz-pardo\\\/\"},\"wordCount\":539,\"commentCount\":0,\"publisher\":{\"@id\":\"https:\\\/\\\/www.anovapeneira.gal\\\/#organization\"},\"image\":{\"@id\":\"https:\\\/\\\/www.anovapeneira.gal\\\/index.php\\\/2021\\\/04\\\/07\\\/mandas-ao-redor-de-isaac-diaz-pardo\\\/#primaryimage\"},\"thumbnailUrl\":\"https:\\\/\\\/www.anovapeneira.gal\\\/wp-content\\\/uploads\\\/2019\\\/07\\\/ARTIGO_DE_OPINION_A_NOVA_PENEIRA.jpg\",\"keywords\":[\"Opini\u00f3n\"],\"articleSection\":[\"Artigos de opini\u00f3n\"],\"inLanguage\":\"gl-ES\",\"potentialAction\":[{\"@type\":\"CommentAction\",\"name\":\"Comment\",\"target\":[\"https:\\\/\\\/www.anovapeneira.gal\\\/index.php\\\/2021\\\/04\\\/07\\\/mandas-ao-redor-de-isaac-diaz-pardo\\\/#respond\"]}]},{\"@type\":\"WebPage\",\"@id\":\"https:\\\/\\\/www.anovapeneira.gal\\\/index.php\\\/2021\\\/04\\\/07\\\/mandas-ao-redor-de-isaac-diaz-pardo\\\/\",\"url\":\"https:\\\/\\\/www.anovapeneira.gal\\\/index.php\\\/2021\\\/04\\\/07\\\/mandas-ao-redor-de-isaac-diaz-pardo\\\/\",\"name\":\"Mandas ao redor de Isaac D\u00edaz Pardo -\",\"isPartOf\":{\"@id\":\"https:\\\/\\\/www.anovapeneira.gal\\\/#website\"},\"primaryImageOfPage\":{\"@id\":\"https:\\\/\\\/www.anovapeneira.gal\\\/index.php\\\/2021\\\/04\\\/07\\\/mandas-ao-redor-de-isaac-diaz-pardo\\\/#primaryimage\"},\"image\":{\"@id\":\"https:\\\/\\\/www.anovapeneira.gal\\\/index.php\\\/2021\\\/04\\\/07\\\/mandas-ao-redor-de-isaac-diaz-pardo\\\/#primaryimage\"},\"thumbnailUrl\":\"https:\\\/\\\/www.anovapeneira.gal\\\/wp-content\\\/uploads\\\/2019\\\/07\\\/ARTIGO_DE_OPINION_A_NOVA_PENEIRA.jpg\",\"datePublished\":\"2021-04-07T08:00:40+00:00\",\"description\":\"Conciliar vontades ao redor dun ser singular, mesmo tan poliedricamente argumentado, como Isaac D\u00edaz Pardo \u00e9 un labor encomiable e unha causa complexa, mesmo de dif\u00edcil discurso e tam\u00e9n de posterior espallamento\",\"breadcrumb\":{\"@id\":\"https:\\\/\\\/www.anovapeneira.gal\\\/index.php\\\/2021\\\/04\\\/07\\\/mandas-ao-redor-de-isaac-diaz-pardo\\\/#breadcrumb\"},\"inLanguage\":\"gl-ES\",\"potentialAction\":[{\"@type\":\"ReadAction\",\"target\":[\"https:\\\/\\\/www.anovapeneira.gal\\\/index.php\\\/2021\\\/04\\\/07\\\/mandas-ao-redor-de-isaac-diaz-pardo\\\/\"]}]},{\"@type\":\"ImageObject\",\"inLanguage\":\"gl-ES\",\"@id\":\"https:\\\/\\\/www.anovapeneira.gal\\\/index.php\\\/2021\\\/04\\\/07\\\/mandas-ao-redor-de-isaac-diaz-pardo\\\/#primaryimage\",\"url\":\"https:\\\/\\\/www.anovapeneira.gal\\\/wp-content\\\/uploads\\\/2019\\\/07\\\/ARTIGO_DE_OPINION_A_NOVA_PENEIRA.jpg\",\"contentUrl\":\"https:\\\/\\\/www.anovapeneira.gal\\\/wp-content\\\/uploads\\\/2019\\\/07\\\/ARTIGO_DE_OPINION_A_NOVA_PENEIRA.jpg\",\"width\":720,\"height\":473,\"caption\":\"Artigo de opini\u00f3n A Nova Peneira\"},{\"@type\":\"BreadcrumbList\",\"@id\":\"https:\\\/\\\/www.anovapeneira.gal\\\/index.php\\\/2021\\\/04\\\/07\\\/mandas-ao-redor-de-isaac-diaz-pardo\\\/#breadcrumb\",\"itemListElement\":[{\"@type\":\"ListItem\",\"position\":1,\"name\":\"Portada\",\"item\":\"https:\\\/\\\/www.anovapeneira.gal\\\/\"},{\"@type\":\"ListItem\",\"position\":2,\"name\":\"Mandas ao redor de Isaac D\u00edaz Pardo\"}]},{\"@type\":\"WebSite\",\"@id\":\"https:\\\/\\\/www.anovapeneira.gal\\\/#website\",\"url\":\"https:\\\/\\\/www.anovapeneira.gal\\\/\",\"name\":\"\",\"description\":\"Xornal galego de informaci\u00f3n xeral Publicaci\u00f3n mensual de novas de Galicia e en especial dos Concellos da sur da provincia de Pontevedra.\",\"publisher\":{\"@id\":\"https:\\\/\\\/www.anovapeneira.gal\\\/#organization\"},\"potentialAction\":[{\"@type\":\"SearchAction\",\"target\":{\"@type\":\"EntryPoint\",\"urlTemplate\":\"https:\\\/\\\/www.anovapeneira.gal\\\/?s={search_term_string}\"},\"query-input\":{\"@type\":\"PropertyValueSpecification\",\"valueRequired\":true,\"valueName\":\"search_term_string\"}}],\"inLanguage\":\"gl-ES\"},{\"@type\":\"Organization\",\"@id\":\"https:\\\/\\\/www.anovapeneira.gal\\\/#organization\",\"name\":\"A Nova Peneira\",\"url\":\"https:\\\/\\\/www.anovapeneira.gal\\\/\",\"logo\":{\"@type\":\"ImageObject\",\"inLanguage\":\"gl-ES\",\"@id\":\"https:\\\/\\\/www.anovapeneira.gal\\\/#\\\/schema\\\/logo\\\/image\\\/\",\"url\":\"http:\\\/\\\/www.anovapeneira.gal\\\/wp-content\\\/uploads\\\/2019\\\/06\\\/logo_a_nova_peneira_portal_web.png\",\"contentUrl\":\"http:\\\/\\\/www.anovapeneira.gal\\\/wp-content\\\/uploads\\\/2019\\\/06\\\/logo_a_nova_peneira_portal_web.png\",\"width\":300,\"height\":100,\"caption\":\"A Nova Peneira\"},\"image\":{\"@id\":\"https:\\\/\\\/www.anovapeneira.gal\\\/#\\\/schema\\\/logo\\\/image\\\/\"},\"sameAs\":[\"https:\\\/\\\/www.facebook.com\\\/anovapeneira\",\"https:\\\/\\\/x.com\\\/APeneira\"]},{\"@type\":\"Person\",\"@id\":\"https:\\\/\\\/www.anovapeneira.gal\\\/#\\\/schema\\\/person\\\/b051ed40cfc100e281476674783b32fc\",\"name\":\"Baldomero Iglesias Dobarrio, Mero\",\"image\":{\"@type\":\"ImageObject\",\"inLanguage\":\"gl-ES\",\"@id\":\"https:\\\/\\\/secure.gravatar.com\\\/avatar\\\/ca78fc089f8cf28197f88de2c9ac213e2f7d2097d8e359d9359b8778b539c59d?s=96&d=mm&r=g\",\"url\":\"https:\\\/\\\/secure.gravatar.com\\\/avatar\\\/ca78fc089f8cf28197f88de2c9ac213e2f7d2097d8e359d9359b8778b539c59d?s=96&d=mm&r=g\",\"contentUrl\":\"https:\\\/\\\/secure.gravatar.com\\\/avatar\\\/ca78fc089f8cf28197f88de2c9ac213e2f7d2097d8e359d9359b8778b539c59d?s=96&d=mm&r=g\",\"caption\":\"Baldomero Iglesias Dobarrio, Mero\"},\"sameAs\":[\"http:\\\/\\\/anovapeneira.gal\"],\"url\":\"https:\\\/\\\/www.anovapeneira.gal\\\/index.php\\\/author\\\/opinionmero\\\/\"}]}<\/script>\n<!-- \/ Yoast SEO plugin. -->","yoast_head_json":{"title":"Mandas ao redor de Isaac D\u00edaz Pardo -","description":"Conciliar vontades ao redor dun ser singular, mesmo tan poliedricamente argumentado, como Isaac D\u00edaz Pardo \u00e9 un labor encomiable e unha causa complexa, mesmo de dif\u00edcil discurso e tam\u00e9n de posterior espallamento","robots":{"index":"index","follow":"follow","max-snippet":"max-snippet:-1","max-image-preview":"max-image-preview:large","max-video-preview":"max-video-preview:-1"},"canonical":"https:\/\/www.anovapeneira.gal\/index.php\/2021\/04\/07\/mandas-ao-redor-de-isaac-diaz-pardo\/","og_locale":"gl_ES","og_type":"article","og_title":"Mandas ao redor de Isaac D\u00edaz Pardo -","og_description":"Conciliar vontades ao redor dun ser singular, mesmo tan poliedricamente argumentado, como Isaac D\u00edaz Pardo \u00e9 un labor encomiable e unha causa complexa, mesmo de dif\u00edcil discurso e tam\u00e9n de posterior espallamento","og_url":"https:\/\/www.anovapeneira.gal\/index.php\/2021\/04\/07\/mandas-ao-redor-de-isaac-diaz-pardo\/","article_publisher":"https:\/\/www.facebook.com\/anovapeneira","article_published_time":"2021-04-07T08:00:40+00:00","og_image":[{"width":720,"height":473,"url":"https:\/\/www.anovapeneira.gal\/wp-content\/uploads\/2019\/07\/ARTIGO_DE_OPINION_A_NOVA_PENEIRA.jpg","type":"image\/jpeg"}],"author":"Baldomero Iglesias Dobarrio, Mero","twitter_card":"summary_large_image","twitter_creator":"@APeneira","twitter_site":"@APeneira","twitter_misc":{"Escrito por":"Baldomero Iglesias Dobarrio, Mero","Tempo de lectura":"3 minutos"},"schema":{"@context":"https:\/\/schema.org","@graph":[{"@type":"Article","@id":"https:\/\/www.anovapeneira.gal\/index.php\/2021\/04\/07\/mandas-ao-redor-de-isaac-diaz-pardo\/#article","isPartOf":{"@id":"https:\/\/www.anovapeneira.gal\/index.php\/2021\/04\/07\/mandas-ao-redor-de-isaac-diaz-pardo\/"},"author":{"name":"Baldomero Iglesias Dobarrio, Mero","@id":"https:\/\/www.anovapeneira.gal\/#\/schema\/person\/b051ed40cfc100e281476674783b32fc"},"headline":"Mandas ao redor de Isaac D\u00edaz Pardo","datePublished":"2021-04-07T08:00:40+00:00","mainEntityOfPage":{"@id":"https:\/\/www.anovapeneira.gal\/index.php\/2021\/04\/07\/mandas-ao-redor-de-isaac-diaz-pardo\/"},"wordCount":539,"commentCount":0,"publisher":{"@id":"https:\/\/www.anovapeneira.gal\/#organization"},"image":{"@id":"https:\/\/www.anovapeneira.gal\/index.php\/2021\/04\/07\/mandas-ao-redor-de-isaac-diaz-pardo\/#primaryimage"},"thumbnailUrl":"https:\/\/www.anovapeneira.gal\/wp-content\/uploads\/2019\/07\/ARTIGO_DE_OPINION_A_NOVA_PENEIRA.jpg","keywords":["Opini\u00f3n"],"articleSection":["Artigos de opini\u00f3n"],"inLanguage":"gl-ES","potentialAction":[{"@type":"CommentAction","name":"Comment","target":["https:\/\/www.anovapeneira.gal\/index.php\/2021\/04\/07\/mandas-ao-redor-de-isaac-diaz-pardo\/#respond"]}]},{"@type":"WebPage","@id":"https:\/\/www.anovapeneira.gal\/index.php\/2021\/04\/07\/mandas-ao-redor-de-isaac-diaz-pardo\/","url":"https:\/\/www.anovapeneira.gal\/index.php\/2021\/04\/07\/mandas-ao-redor-de-isaac-diaz-pardo\/","name":"Mandas ao redor de Isaac D\u00edaz Pardo -","isPartOf":{"@id":"https:\/\/www.anovapeneira.gal\/#website"},"primaryImageOfPage":{"@id":"https:\/\/www.anovapeneira.gal\/index.php\/2021\/04\/07\/mandas-ao-redor-de-isaac-diaz-pardo\/#primaryimage"},"image":{"@id":"https:\/\/www.anovapeneira.gal\/index.php\/2021\/04\/07\/mandas-ao-redor-de-isaac-diaz-pardo\/#primaryimage"},"thumbnailUrl":"https:\/\/www.anovapeneira.gal\/wp-content\/uploads\/2019\/07\/ARTIGO_DE_OPINION_A_NOVA_PENEIRA.jpg","datePublished":"2021-04-07T08:00:40+00:00","description":"Conciliar vontades ao redor dun ser singular, mesmo tan poliedricamente argumentado, como Isaac D\u00edaz Pardo \u00e9 un labor encomiable e unha causa complexa, mesmo de dif\u00edcil discurso e tam\u00e9n de posterior espallamento","breadcrumb":{"@id":"https:\/\/www.anovapeneira.gal\/index.php\/2021\/04\/07\/mandas-ao-redor-de-isaac-diaz-pardo\/#breadcrumb"},"inLanguage":"gl-ES","potentialAction":[{"@type":"ReadAction","target":["https:\/\/www.anovapeneira.gal\/index.php\/2021\/04\/07\/mandas-ao-redor-de-isaac-diaz-pardo\/"]}]},{"@type":"ImageObject","inLanguage":"gl-ES","@id":"https:\/\/www.anovapeneira.gal\/index.php\/2021\/04\/07\/mandas-ao-redor-de-isaac-diaz-pardo\/#primaryimage","url":"https:\/\/www.anovapeneira.gal\/wp-content\/uploads\/2019\/07\/ARTIGO_DE_OPINION_A_NOVA_PENEIRA.jpg","contentUrl":"https:\/\/www.anovapeneira.gal\/wp-content\/uploads\/2019\/07\/ARTIGO_DE_OPINION_A_NOVA_PENEIRA.jpg","width":720,"height":473,"caption":"Artigo de opini\u00f3n A Nova Peneira"},{"@type":"BreadcrumbList","@id":"https:\/\/www.anovapeneira.gal\/index.php\/2021\/04\/07\/mandas-ao-redor-de-isaac-diaz-pardo\/#breadcrumb","itemListElement":[{"@type":"ListItem","position":1,"name":"Portada","item":"https:\/\/www.anovapeneira.gal\/"},{"@type":"ListItem","position":2,"name":"Mandas ao redor de Isaac D\u00edaz Pardo"}]},{"@type":"WebSite","@id":"https:\/\/www.anovapeneira.gal\/#website","url":"https:\/\/www.anovapeneira.gal\/","name":"","description":"Xornal galego de informaci\u00f3n xeral Publicaci\u00f3n mensual de novas de Galicia e en especial dos Concellos da sur da provincia de Pontevedra.","publisher":{"@id":"https:\/\/www.anovapeneira.gal\/#organization"},"potentialAction":[{"@type":"SearchAction","target":{"@type":"EntryPoint","urlTemplate":"https:\/\/www.anovapeneira.gal\/?s={search_term_string}"},"query-input":{"@type":"PropertyValueSpecification","valueRequired":true,"valueName":"search_term_string"}}],"inLanguage":"gl-ES"},{"@type":"Organization","@id":"https:\/\/www.anovapeneira.gal\/#organization","name":"A Nova Peneira","url":"https:\/\/www.anovapeneira.gal\/","logo":{"@type":"ImageObject","inLanguage":"gl-ES","@id":"https:\/\/www.anovapeneira.gal\/#\/schema\/logo\/image\/","url":"http:\/\/www.anovapeneira.gal\/wp-content\/uploads\/2019\/06\/logo_a_nova_peneira_portal_web.png","contentUrl":"http:\/\/www.anovapeneira.gal\/wp-content\/uploads\/2019\/06\/logo_a_nova_peneira_portal_web.png","width":300,"height":100,"caption":"A Nova Peneira"},"image":{"@id":"https:\/\/www.anovapeneira.gal\/#\/schema\/logo\/image\/"},"sameAs":["https:\/\/www.facebook.com\/anovapeneira","https:\/\/x.com\/APeneira"]},{"@type":"Person","@id":"https:\/\/www.anovapeneira.gal\/#\/schema\/person\/b051ed40cfc100e281476674783b32fc","name":"Baldomero Iglesias Dobarrio, Mero","image":{"@type":"ImageObject","inLanguage":"gl-ES","@id":"https:\/\/secure.gravatar.com\/avatar\/ca78fc089f8cf28197f88de2c9ac213e2f7d2097d8e359d9359b8778b539c59d?s=96&d=mm&r=g","url":"https:\/\/secure.gravatar.com\/avatar\/ca78fc089f8cf28197f88de2c9ac213e2f7d2097d8e359d9359b8778b539c59d?s=96&d=mm&r=g","contentUrl":"https:\/\/secure.gravatar.com\/avatar\/ca78fc089f8cf28197f88de2c9ac213e2f7d2097d8e359d9359b8778b539c59d?s=96&d=mm&r=g","caption":"Baldomero Iglesias Dobarrio, Mero"},"sameAs":["http:\/\/anovapeneira.gal"],"url":"https:\/\/www.anovapeneira.gal\/index.php\/author\/opinionmero\/"}]}},"jetpack_featured_media_url":"https:\/\/www.anovapeneira.gal\/wp-content\/uploads\/2019\/07\/ARTIGO_DE_OPINION_A_NOVA_PENEIRA.jpg","_links":{"self":[{"href":"https:\/\/www.anovapeneira.gal\/index.php\/wp-json\/wp\/v2\/posts\/5167","targetHints":{"allow":["GET"]}}],"collection":[{"href":"https:\/\/www.anovapeneira.gal\/index.php\/wp-json\/wp\/v2\/posts"}],"about":[{"href":"https:\/\/www.anovapeneira.gal\/index.php\/wp-json\/wp\/v2\/types\/post"}],"author":[{"embeddable":true,"href":"https:\/\/www.anovapeneira.gal\/index.php\/wp-json\/wp\/v2\/users\/5"}],"replies":[{"embeddable":true,"href":"https:\/\/www.anovapeneira.gal\/index.php\/wp-json\/wp\/v2\/comments?post=5167"}],"version-history":[{"count":2,"href":"https:\/\/www.anovapeneira.gal\/index.php\/wp-json\/wp\/v2\/posts\/5167\/revisions"}],"predecessor-version":[{"id":5169,"href":"https:\/\/www.anovapeneira.gal\/index.php\/wp-json\/wp\/v2\/posts\/5167\/revisions\/5169"}],"wp:featuredmedia":[{"embeddable":true,"href":"https:\/\/www.anovapeneira.gal\/index.php\/wp-json\/wp\/v2\/media\/584"}],"wp:attachment":[{"href":"https:\/\/www.anovapeneira.gal\/index.php\/wp-json\/wp\/v2\/media?parent=5167"}],"wp:term":[{"taxonomy":"category","embeddable":true,"href":"https:\/\/www.anovapeneira.gal\/index.php\/wp-json\/wp\/v2\/categories?post=5167"},{"taxonomy":"post_tag","embeddable":true,"href":"https:\/\/www.anovapeneira.gal\/index.php\/wp-json\/wp\/v2\/tags?post=5167"}],"curies":[{"name":"wp","href":"https:\/\/api.w.org\/{rel}","templated":true}]}}