{"id":5170,"date":"2021-04-07T12:00:00","date_gmt":"2021-04-07T10:00:00","guid":{"rendered":"http:\/\/www.anovapeneira.gal\/?p=5170"},"modified":"2021-04-04T22:08:32","modified_gmt":"2021-04-04T20:08:32","slug":"a-concelleria-de-patrimonio-restaura-a-fonte-da-maria-rosa-en-pontellas","status":"publish","type":"post","link":"https:\/\/www.anovapeneira.gal\/index.php\/2021\/04\/07\/a-concelleria-de-patrimonio-restaura-a-fonte-da-maria-rosa-en-pontellas\/","title":{"rendered":"A Conceller\u00eda de Patrimonio Restaura a Fonte da Mar\u00eda Rosa En Pontellas"},"content":{"rendered":"\n<p>Est\u00e1n a rematar as obras de restauraci\u00f3n da Fonte da Mar\u00eda Rosa en Pontellas. Despois de anos en estado de abandono, a Conceller\u00eda de Patrimonio que dirixe o nacionalista Pedro Pereira, est\u00e1 a levar a cabo obras de mellora e conservaci\u00f3n neste elemento patrimonial municipal. O proxecto exec\u00fatase con cargo a unha li\u00f1a de subvenci\u00f3ns para a rehabilitaci\u00f3n e sinalizaci\u00f3n do patrimonio hist\u00f3rico e cultural da Deputaci\u00f3n de Pontevedra. O orzamento ascende a 9.769 \u20ac.<\/p>\n\n\n\n<p>As obras incl\u00faen a construci\u00f3n dun novo fronte a base de lousas de pedra e a instalaci\u00f3n dunha placa en metacrilato que recupera o nome tradicional, Fonte de Mar\u00eda Rosa. Demol\u00e9ronse as antigas escaleiras de baixada e habilitouse un novo acceso m\u00e1is seguro dende unha zona pavimentada. Revest\u00edronse tam\u00e9n con pedra os muros de contenci\u00f3n para conseguir harmonizar esteticamente o conxunto arquitect\u00f3nico. Na contorna da fonte lev\u00e1ronse a cabo traballos de rozado as\u00ed como o encintado e saneamento das xuntas dos muros que rodean o lugar.<\/p>\n\n\n\n<p>\u201cA fonte estaba en moi mal estado, cun perigoso acceso que imped\u00eda un uso seguro e normal por parte da xente\u201d, afirmou o concelleiro de Patrimonio, Pedro Pereira. \u201cQueremos recuperar espazos p\u00fablicos tam\u00e9n no rural. Con estas obras de mellora e conservaci\u00f3n a Fonte de Mar\u00eda de Rosa ga\u00f1a en utilidade e conv\u00e9rtese nun lugar de encontro para a veci\u00f1anza\u201d, conclu\u00edu Pereira.<\/p>\n","protected":false},"excerpt":{"rendered":"<div class=\"mh-excerpt\"><p>Est\u00e1n a rematar as obras de restauraci\u00f3n da Fonte da Mar\u00eda Rosa en Pontellas. Despois de anos en estado de abandono, a Conceller\u00eda de Patrimonio que dirixe o nacionalista Pedro Pereira, est\u00e1 a levar a cabo obras de mellora e conservaci\u00f3n neste elemento patrimonial municipal <a class=\"mh-excerpt-more\" href=\"https:\/\/www.anovapeneira.gal\/index.php\/2021\/04\/07\/a-concelleria-de-patrimonio-restaura-a-fonte-da-maria-rosa-en-pontellas\/\" title=\"A Conceller\u00eda de Patrimonio Restaura a Fonte da Mar\u00eda Rosa En Pontellas\">[&#8230;]<\/a><\/p>\n<\/div>","protected":false},"author":3,"featured_media":5171,"comment_status":"open","ping_status":"open","sticky":false,"template":"","format":"standard","meta":{"_exactmetrics_skip_tracking":false,"_exactmetrics_sitenote_active":false,"_exactmetrics_sitenote_note":"","_exactmetrics_sitenote_category":0,"footnotes":""},"categories":[23],"tags":[411],"class_list":{"0":"post-5170","1":"post","2":"type-post","3":"status-publish","4":"format-standard","5":"has-post-thumbnail","7":"category-a-lourina","8":"tag-concello-do-porrino"},"yoast_head":"<!-- This site is optimized with the Yoast SEO plugin v27.4 - https:\/\/yoast.com\/product\/yoast-seo-wordpress\/ -->\n<title>A Conceller\u00eda de Patrimonio Restaura a Fonte da Mar\u00eda Rosa En Pontellas -<\/title>\n<meta name=\"description\" content=\"Est\u00e1n a rematar as obras de restauraci\u00f3n da Fonte da Mar\u00eda Rosa en Pontellas. Despois de anos en estado de abandono, a Conceller\u00eda de Patrimonio que dirixe o nacionalista Pedro Pereira, est\u00e1 a levar a cabo obras de mellora e conservaci\u00f3n neste elemento patrimonial municipal\" \/>\n<meta name=\"robots\" content=\"index, follow, max-snippet:-1, max-image-preview:large, max-video-preview:-1\" \/>\n<link rel=\"canonical\" href=\"https:\/\/www.anovapeneira.gal\/index.php\/2021\/04\/07\/a-concelleria-de-patrimonio-restaura-a-fonte-da-maria-rosa-en-pontellas\/\" \/>\n<meta property=\"og:locale\" content=\"gl_ES\" \/>\n<meta property=\"og:type\" content=\"article\" \/>\n<meta property=\"og:title\" content=\"A Conceller\u00eda de Patrimonio Restaura a Fonte da Mar\u00eda Rosa En Pontellas -\" \/>\n<meta property=\"og:description\" content=\"Est\u00e1n a rematar as obras de restauraci\u00f3n da Fonte da Mar\u00eda Rosa en Pontellas. Despois de anos en estado de abandono, a Conceller\u00eda de Patrimonio que dirixe o nacionalista Pedro Pereira, est\u00e1 a levar a cabo obras de mellora e conservaci\u00f3n neste elemento patrimonial municipal\" \/>\n<meta property=\"og:url\" content=\"https:\/\/www.anovapeneira.gal\/index.php\/2021\/04\/07\/a-concelleria-de-patrimonio-restaura-a-fonte-da-maria-rosa-en-pontellas\/\" \/>\n<meta property=\"article:publisher\" content=\"https:\/\/www.facebook.com\/anovapeneira\" \/>\n<meta property=\"article:published_time\" content=\"2021-04-07T10:00:00+00:00\" \/>\n<meta property=\"og:image\" content=\"https:\/\/www.anovapeneira.gal\/wp-content\/uploads\/2021\/04\/restauracion_fonte.jpg\" \/>\n\t<meta property=\"og:image:width\" content=\"720\" \/>\n\t<meta property=\"og:image:height\" content=\"432\" \/>\n\t<meta property=\"og:image:type\" content=\"image\/jpeg\" \/>\n<meta name=\"author\" content=\"Redacci\u00f3n A Nova Peneira\" \/>\n<meta name=\"twitter:card\" content=\"summary_large_image\" \/>\n<meta name=\"twitter:creator\" content=\"@APeneira\" \/>\n<meta name=\"twitter:site\" content=\"@APeneira\" \/>\n<meta name=\"twitter:label1\" content=\"Escrito por\" \/>\n\t<meta name=\"twitter:data1\" content=\"Redacci\u00f3n A Nova Peneira\" \/>\n\t<meta name=\"twitter:label2\" content=\"Tempo de lectura\" \/>\n\t<meta name=\"twitter:data2\" content=\"1 minuto\" \/>\n<script type=\"application\/ld+json\" class=\"yoast-schema-graph\">{\"@context\":\"https:\\\/\\\/schema.org\",\"@graph\":[{\"@type\":\"Article\",\"@id\":\"https:\\\/\\\/www.anovapeneira.gal\\\/index.php\\\/2021\\\/04\\\/07\\\/a-concelleria-de-patrimonio-restaura-a-fonte-da-maria-rosa-en-pontellas\\\/#article\",\"isPartOf\":{\"@id\":\"https:\\\/\\\/www.anovapeneira.gal\\\/index.php\\\/2021\\\/04\\\/07\\\/a-concelleria-de-patrimonio-restaura-a-fonte-da-maria-rosa-en-pontellas\\\/\"},\"author\":{\"name\":\"Redacci\u00f3n A Nova Peneira\",\"@id\":\"https:\\\/\\\/www.anovapeneira.gal\\\/#\\\/schema\\\/person\\\/b93e3f8932e3f8da96334607eb6ac6aa\"},\"headline\":\"A Conceller\u00eda de Patrimonio Restaura a Fonte da Mar\u00eda Rosa En Pontellas\",\"datePublished\":\"2021-04-07T10:00:00+00:00\",\"mainEntityOfPage\":{\"@id\":\"https:\\\/\\\/www.anovapeneira.gal\\\/index.php\\\/2021\\\/04\\\/07\\\/a-concelleria-de-patrimonio-restaura-a-fonte-da-maria-rosa-en-pontellas\\\/\"},\"wordCount\":267,\"commentCount\":0,\"publisher\":{\"@id\":\"https:\\\/\\\/www.anovapeneira.gal\\\/#organization\"},\"image\":{\"@id\":\"https:\\\/\\\/www.anovapeneira.gal\\\/index.php\\\/2021\\\/04\\\/07\\\/a-concelleria-de-patrimonio-restaura-a-fonte-da-maria-rosa-en-pontellas\\\/#primaryimage\"},\"thumbnailUrl\":\"https:\\\/\\\/www.anovapeneira.gal\\\/wp-content\\\/uploads\\\/2021\\\/04\\\/restauracion_fonte.jpg\",\"keywords\":[\"Concello do Porri\u00f1o\"],\"articleSection\":[\"A Louri\u00f1a\"],\"inLanguage\":\"gl-ES\",\"potentialAction\":[{\"@type\":\"CommentAction\",\"name\":\"Comment\",\"target\":[\"https:\\\/\\\/www.anovapeneira.gal\\\/index.php\\\/2021\\\/04\\\/07\\\/a-concelleria-de-patrimonio-restaura-a-fonte-da-maria-rosa-en-pontellas\\\/#respond\"]}]},{\"@type\":\"WebPage\",\"@id\":\"https:\\\/\\\/www.anovapeneira.gal\\\/index.php\\\/2021\\\/04\\\/07\\\/a-concelleria-de-patrimonio-restaura-a-fonte-da-maria-rosa-en-pontellas\\\/\",\"url\":\"https:\\\/\\\/www.anovapeneira.gal\\\/index.php\\\/2021\\\/04\\\/07\\\/a-concelleria-de-patrimonio-restaura-a-fonte-da-maria-rosa-en-pontellas\\\/\",\"name\":\"A Conceller\u00eda de Patrimonio Restaura a Fonte da Mar\u00eda Rosa En Pontellas -\",\"isPartOf\":{\"@id\":\"https:\\\/\\\/www.anovapeneira.gal\\\/#website\"},\"primaryImageOfPage\":{\"@id\":\"https:\\\/\\\/www.anovapeneira.gal\\\/index.php\\\/2021\\\/04\\\/07\\\/a-concelleria-de-patrimonio-restaura-a-fonte-da-maria-rosa-en-pontellas\\\/#primaryimage\"},\"image\":{\"@id\":\"https:\\\/\\\/www.anovapeneira.gal\\\/index.php\\\/2021\\\/04\\\/07\\\/a-concelleria-de-patrimonio-restaura-a-fonte-da-maria-rosa-en-pontellas\\\/#primaryimage\"},\"thumbnailUrl\":\"https:\\\/\\\/www.anovapeneira.gal\\\/wp-content\\\/uploads\\\/2021\\\/04\\\/restauracion_fonte.jpg\",\"datePublished\":\"2021-04-07T10:00:00+00:00\",\"description\":\"Est\u00e1n a rematar as obras de restauraci\u00f3n da Fonte da Mar\u00eda Rosa en Pontellas. Despois de anos en estado de abandono, a Conceller\u00eda de Patrimonio que dirixe o nacionalista Pedro Pereira, est\u00e1 a levar a cabo obras de mellora e conservaci\u00f3n neste elemento patrimonial municipal\",\"breadcrumb\":{\"@id\":\"https:\\\/\\\/www.anovapeneira.gal\\\/index.php\\\/2021\\\/04\\\/07\\\/a-concelleria-de-patrimonio-restaura-a-fonte-da-maria-rosa-en-pontellas\\\/#breadcrumb\"},\"inLanguage\":\"gl-ES\",\"potentialAction\":[{\"@type\":\"ReadAction\",\"target\":[\"https:\\\/\\\/www.anovapeneira.gal\\\/index.php\\\/2021\\\/04\\\/07\\\/a-concelleria-de-patrimonio-restaura-a-fonte-da-maria-rosa-en-pontellas\\\/\"]}]},{\"@type\":\"ImageObject\",\"inLanguage\":\"gl-ES\",\"@id\":\"https:\\\/\\\/www.anovapeneira.gal\\\/index.php\\\/2021\\\/04\\\/07\\\/a-concelleria-de-patrimonio-restaura-a-fonte-da-maria-rosa-en-pontellas\\\/#primaryimage\",\"url\":\"https:\\\/\\\/www.anovapeneira.gal\\\/wp-content\\\/uploads\\\/2021\\\/04\\\/restauracion_fonte.jpg\",\"contentUrl\":\"https:\\\/\\\/www.anovapeneira.gal\\\/wp-content\\\/uploads\\\/2021\\\/04\\\/restauracion_fonte.jpg\",\"width\":720,\"height\":432,\"caption\":\"A Conceller\u00eda de Patrimonio Restaura a Fonte da Mar\u00eda Rosa En Pontellas\"},{\"@type\":\"BreadcrumbList\",\"@id\":\"https:\\\/\\\/www.anovapeneira.gal\\\/index.php\\\/2021\\\/04\\\/07\\\/a-concelleria-de-patrimonio-restaura-a-fonte-da-maria-rosa-en-pontellas\\\/#breadcrumb\",\"itemListElement\":[{\"@type\":\"ListItem\",\"position\":1,\"name\":\"Portada\",\"item\":\"https:\\\/\\\/www.anovapeneira.gal\\\/\"},{\"@type\":\"ListItem\",\"position\":2,\"name\":\"A Conceller\u00eda de Patrimonio Restaura a Fonte da Mar\u00eda Rosa En Pontellas\"}]},{\"@type\":\"WebSite\",\"@id\":\"https:\\\/\\\/www.anovapeneira.gal\\\/#website\",\"url\":\"https:\\\/\\\/www.anovapeneira.gal\\\/\",\"name\":\"\",\"description\":\"Xornal galego de informaci\u00f3n xeral Publicaci\u00f3n mensual de novas de Galicia e en especial dos Concellos da sur da provincia de Pontevedra.\",\"publisher\":{\"@id\":\"https:\\\/\\\/www.anovapeneira.gal\\\/#organization\"},\"potentialAction\":[{\"@type\":\"SearchAction\",\"target\":{\"@type\":\"EntryPoint\",\"urlTemplate\":\"https:\\\/\\\/www.anovapeneira.gal\\\/?s={search_term_string}\"},\"query-input\":{\"@type\":\"PropertyValueSpecification\",\"valueRequired\":true,\"valueName\":\"search_term_string\"}}],\"inLanguage\":\"gl-ES\"},{\"@type\":\"Organization\",\"@id\":\"https:\\\/\\\/www.anovapeneira.gal\\\/#organization\",\"name\":\"A Nova Peneira\",\"url\":\"https:\\\/\\\/www.anovapeneira.gal\\\/\",\"logo\":{\"@type\":\"ImageObject\",\"inLanguage\":\"gl-ES\",\"@id\":\"https:\\\/\\\/www.anovapeneira.gal\\\/#\\\/schema\\\/logo\\\/image\\\/\",\"url\":\"http:\\\/\\\/www.anovapeneira.gal\\\/wp-content\\\/uploads\\\/2019\\\/06\\\/logo_a_nova_peneira_portal_web.png\",\"contentUrl\":\"http:\\\/\\\/www.anovapeneira.gal\\\/wp-content\\\/uploads\\\/2019\\\/06\\\/logo_a_nova_peneira_portal_web.png\",\"width\":300,\"height\":100,\"caption\":\"A Nova Peneira\"},\"image\":{\"@id\":\"https:\\\/\\\/www.anovapeneira.gal\\\/#\\\/schema\\\/logo\\\/image\\\/\"},\"sameAs\":[\"https:\\\/\\\/www.facebook.com\\\/anovapeneira\",\"https:\\\/\\\/x.com\\\/APeneira\"]},{\"@type\":\"Person\",\"@id\":\"https:\\\/\\\/www.anovapeneira.gal\\\/#\\\/schema\\\/person\\\/b93e3f8932e3f8da96334607eb6ac6aa\",\"name\":\"Redacci\u00f3n A Nova Peneira\",\"image\":{\"@type\":\"ImageObject\",\"inLanguage\":\"gl-ES\",\"@id\":\"https:\\\/\\\/secure.gravatar.com\\\/avatar\\\/c052a2551a06e23fac63626232eaa90abd78dbcf1700fc46a2b2c89fd27b735f?s=96&d=mm&r=g\",\"url\":\"https:\\\/\\\/secure.gravatar.com\\\/avatar\\\/c052a2551a06e23fac63626232eaa90abd78dbcf1700fc46a2b2c89fd27b735f?s=96&d=mm&r=g\",\"contentUrl\":\"https:\\\/\\\/secure.gravatar.com\\\/avatar\\\/c052a2551a06e23fac63626232eaa90abd78dbcf1700fc46a2b2c89fd27b735f?s=96&d=mm&r=g\",\"caption\":\"Redacci\u00f3n A Nova Peneira\"},\"sameAs\":[\"http:\\\/\\\/www.anovapeneira.gal\\\/\"],\"url\":\"https:\\\/\\\/www.anovapeneira.gal\\\/index.php\\\/author\\\/redactor\\\/\"}]}<\/script>\n<!-- \/ Yoast SEO plugin. -->","yoast_head_json":{"title":"A Conceller\u00eda de Patrimonio Restaura a Fonte da Mar\u00eda Rosa En Pontellas -","description":"Est\u00e1n a rematar as obras de restauraci\u00f3n da Fonte da Mar\u00eda Rosa en Pontellas. Despois de anos en estado de abandono, a Conceller\u00eda de Patrimonio que dirixe o nacionalista Pedro Pereira, est\u00e1 a levar a cabo obras de mellora e conservaci\u00f3n neste elemento patrimonial municipal","robots":{"index":"index","follow":"follow","max-snippet":"max-snippet:-1","max-image-preview":"max-image-preview:large","max-video-preview":"max-video-preview:-1"},"canonical":"https:\/\/www.anovapeneira.gal\/index.php\/2021\/04\/07\/a-concelleria-de-patrimonio-restaura-a-fonte-da-maria-rosa-en-pontellas\/","og_locale":"gl_ES","og_type":"article","og_title":"A Conceller\u00eda de Patrimonio Restaura a Fonte da Mar\u00eda Rosa En Pontellas -","og_description":"Est\u00e1n a rematar as obras de restauraci\u00f3n da Fonte da Mar\u00eda Rosa en Pontellas. Despois de anos en estado de abandono, a Conceller\u00eda de Patrimonio que dirixe o nacionalista Pedro Pereira, est\u00e1 a levar a cabo obras de mellora e conservaci\u00f3n neste elemento patrimonial municipal","og_url":"https:\/\/www.anovapeneira.gal\/index.php\/2021\/04\/07\/a-concelleria-de-patrimonio-restaura-a-fonte-da-maria-rosa-en-pontellas\/","article_publisher":"https:\/\/www.facebook.com\/anovapeneira","article_published_time":"2021-04-07T10:00:00+00:00","og_image":[{"width":720,"height":432,"url":"https:\/\/www.anovapeneira.gal\/wp-content\/uploads\/2021\/04\/restauracion_fonte.jpg","type":"image\/jpeg"}],"author":"Redacci\u00f3n A Nova Peneira","twitter_card":"summary_large_image","twitter_creator":"@APeneira","twitter_site":"@APeneira","twitter_misc":{"Escrito por":"Redacci\u00f3n A Nova Peneira","Tempo de lectura":"1 minuto"},"schema":{"@context":"https:\/\/schema.org","@graph":[{"@type":"Article","@id":"https:\/\/www.anovapeneira.gal\/index.php\/2021\/04\/07\/a-concelleria-de-patrimonio-restaura-a-fonte-da-maria-rosa-en-pontellas\/#article","isPartOf":{"@id":"https:\/\/www.anovapeneira.gal\/index.php\/2021\/04\/07\/a-concelleria-de-patrimonio-restaura-a-fonte-da-maria-rosa-en-pontellas\/"},"author":{"name":"Redacci\u00f3n A Nova Peneira","@id":"https:\/\/www.anovapeneira.gal\/#\/schema\/person\/b93e3f8932e3f8da96334607eb6ac6aa"},"headline":"A Conceller\u00eda de Patrimonio Restaura a Fonte da Mar\u00eda Rosa En Pontellas","datePublished":"2021-04-07T10:00:00+00:00","mainEntityOfPage":{"@id":"https:\/\/www.anovapeneira.gal\/index.php\/2021\/04\/07\/a-concelleria-de-patrimonio-restaura-a-fonte-da-maria-rosa-en-pontellas\/"},"wordCount":267,"commentCount":0,"publisher":{"@id":"https:\/\/www.anovapeneira.gal\/#organization"},"image":{"@id":"https:\/\/www.anovapeneira.gal\/index.php\/2021\/04\/07\/a-concelleria-de-patrimonio-restaura-a-fonte-da-maria-rosa-en-pontellas\/#primaryimage"},"thumbnailUrl":"https:\/\/www.anovapeneira.gal\/wp-content\/uploads\/2021\/04\/restauracion_fonte.jpg","keywords":["Concello do Porri\u00f1o"],"articleSection":["A Louri\u00f1a"],"inLanguage":"gl-ES","potentialAction":[{"@type":"CommentAction","name":"Comment","target":["https:\/\/www.anovapeneira.gal\/index.php\/2021\/04\/07\/a-concelleria-de-patrimonio-restaura-a-fonte-da-maria-rosa-en-pontellas\/#respond"]}]},{"@type":"WebPage","@id":"https:\/\/www.anovapeneira.gal\/index.php\/2021\/04\/07\/a-concelleria-de-patrimonio-restaura-a-fonte-da-maria-rosa-en-pontellas\/","url":"https:\/\/www.anovapeneira.gal\/index.php\/2021\/04\/07\/a-concelleria-de-patrimonio-restaura-a-fonte-da-maria-rosa-en-pontellas\/","name":"A Conceller\u00eda de Patrimonio Restaura a Fonte da Mar\u00eda Rosa En Pontellas -","isPartOf":{"@id":"https:\/\/www.anovapeneira.gal\/#website"},"primaryImageOfPage":{"@id":"https:\/\/www.anovapeneira.gal\/index.php\/2021\/04\/07\/a-concelleria-de-patrimonio-restaura-a-fonte-da-maria-rosa-en-pontellas\/#primaryimage"},"image":{"@id":"https:\/\/www.anovapeneira.gal\/index.php\/2021\/04\/07\/a-concelleria-de-patrimonio-restaura-a-fonte-da-maria-rosa-en-pontellas\/#primaryimage"},"thumbnailUrl":"https:\/\/www.anovapeneira.gal\/wp-content\/uploads\/2021\/04\/restauracion_fonte.jpg","datePublished":"2021-04-07T10:00:00+00:00","description":"Est\u00e1n a rematar as obras de restauraci\u00f3n da Fonte da Mar\u00eda Rosa en Pontellas. Despois de anos en estado de abandono, a Conceller\u00eda de Patrimonio que dirixe o nacionalista Pedro Pereira, est\u00e1 a levar a cabo obras de mellora e conservaci\u00f3n neste elemento patrimonial municipal","breadcrumb":{"@id":"https:\/\/www.anovapeneira.gal\/index.php\/2021\/04\/07\/a-concelleria-de-patrimonio-restaura-a-fonte-da-maria-rosa-en-pontellas\/#breadcrumb"},"inLanguage":"gl-ES","potentialAction":[{"@type":"ReadAction","target":["https:\/\/www.anovapeneira.gal\/index.php\/2021\/04\/07\/a-concelleria-de-patrimonio-restaura-a-fonte-da-maria-rosa-en-pontellas\/"]}]},{"@type":"ImageObject","inLanguage":"gl-ES","@id":"https:\/\/www.anovapeneira.gal\/index.php\/2021\/04\/07\/a-concelleria-de-patrimonio-restaura-a-fonte-da-maria-rosa-en-pontellas\/#primaryimage","url":"https:\/\/www.anovapeneira.gal\/wp-content\/uploads\/2021\/04\/restauracion_fonte.jpg","contentUrl":"https:\/\/www.anovapeneira.gal\/wp-content\/uploads\/2021\/04\/restauracion_fonte.jpg","width":720,"height":432,"caption":"A Conceller\u00eda de Patrimonio Restaura a Fonte da Mar\u00eda Rosa En Pontellas"},{"@type":"BreadcrumbList","@id":"https:\/\/www.anovapeneira.gal\/index.php\/2021\/04\/07\/a-concelleria-de-patrimonio-restaura-a-fonte-da-maria-rosa-en-pontellas\/#breadcrumb","itemListElement":[{"@type":"ListItem","position":1,"name":"Portada","item":"https:\/\/www.anovapeneira.gal\/"},{"@type":"ListItem","position":2,"name":"A Conceller\u00eda de Patrimonio Restaura a Fonte da Mar\u00eda Rosa En Pontellas"}]},{"@type":"WebSite","@id":"https:\/\/www.anovapeneira.gal\/#website","url":"https:\/\/www.anovapeneira.gal\/","name":"","description":"Xornal galego de informaci\u00f3n xeral Publicaci\u00f3n mensual de novas de Galicia e en especial dos Concellos da sur da provincia de Pontevedra.","publisher":{"@id":"https:\/\/www.anovapeneira.gal\/#organization"},"potentialAction":[{"@type":"SearchAction","target":{"@type":"EntryPoint","urlTemplate":"https:\/\/www.anovapeneira.gal\/?s={search_term_string}"},"query-input":{"@type":"PropertyValueSpecification","valueRequired":true,"valueName":"search_term_string"}}],"inLanguage":"gl-ES"},{"@type":"Organization","@id":"https:\/\/www.anovapeneira.gal\/#organization","name":"A Nova Peneira","url":"https:\/\/www.anovapeneira.gal\/","logo":{"@type":"ImageObject","inLanguage":"gl-ES","@id":"https:\/\/www.anovapeneira.gal\/#\/schema\/logo\/image\/","url":"http:\/\/www.anovapeneira.gal\/wp-content\/uploads\/2019\/06\/logo_a_nova_peneira_portal_web.png","contentUrl":"http:\/\/www.anovapeneira.gal\/wp-content\/uploads\/2019\/06\/logo_a_nova_peneira_portal_web.png","width":300,"height":100,"caption":"A Nova Peneira"},"image":{"@id":"https:\/\/www.anovapeneira.gal\/#\/schema\/logo\/image\/"},"sameAs":["https:\/\/www.facebook.com\/anovapeneira","https:\/\/x.com\/APeneira"]},{"@type":"Person","@id":"https:\/\/www.anovapeneira.gal\/#\/schema\/person\/b93e3f8932e3f8da96334607eb6ac6aa","name":"Redacci\u00f3n A Nova Peneira","image":{"@type":"ImageObject","inLanguage":"gl-ES","@id":"https:\/\/secure.gravatar.com\/avatar\/c052a2551a06e23fac63626232eaa90abd78dbcf1700fc46a2b2c89fd27b735f?s=96&d=mm&r=g","url":"https:\/\/secure.gravatar.com\/avatar\/c052a2551a06e23fac63626232eaa90abd78dbcf1700fc46a2b2c89fd27b735f?s=96&d=mm&r=g","contentUrl":"https:\/\/secure.gravatar.com\/avatar\/c052a2551a06e23fac63626232eaa90abd78dbcf1700fc46a2b2c89fd27b735f?s=96&d=mm&r=g","caption":"Redacci\u00f3n A Nova Peneira"},"sameAs":["http:\/\/www.anovapeneira.gal\/"],"url":"https:\/\/www.anovapeneira.gal\/index.php\/author\/redactor\/"}]}},"jetpack_featured_media_url":"https:\/\/www.anovapeneira.gal\/wp-content\/uploads\/2021\/04\/restauracion_fonte.jpg","_links":{"self":[{"href":"https:\/\/www.anovapeneira.gal\/index.php\/wp-json\/wp\/v2\/posts\/5170","targetHints":{"allow":["GET"]}}],"collection":[{"href":"https:\/\/www.anovapeneira.gal\/index.php\/wp-json\/wp\/v2\/posts"}],"about":[{"href":"https:\/\/www.anovapeneira.gal\/index.php\/wp-json\/wp\/v2\/types\/post"}],"author":[{"embeddable":true,"href":"https:\/\/www.anovapeneira.gal\/index.php\/wp-json\/wp\/v2\/users\/3"}],"replies":[{"embeddable":true,"href":"https:\/\/www.anovapeneira.gal\/index.php\/wp-json\/wp\/v2\/comments?post=5170"}],"version-history":[{"count":1,"href":"https:\/\/www.anovapeneira.gal\/index.php\/wp-json\/wp\/v2\/posts\/5170\/revisions"}],"predecessor-version":[{"id":5172,"href":"https:\/\/www.anovapeneira.gal\/index.php\/wp-json\/wp\/v2\/posts\/5170\/revisions\/5172"}],"wp:featuredmedia":[{"embeddable":true,"href":"https:\/\/www.anovapeneira.gal\/index.php\/wp-json\/wp\/v2\/media\/5171"}],"wp:attachment":[{"href":"https:\/\/www.anovapeneira.gal\/index.php\/wp-json\/wp\/v2\/media?parent=5170"}],"wp:term":[{"taxonomy":"category","embeddable":true,"href":"https:\/\/www.anovapeneira.gal\/index.php\/wp-json\/wp\/v2\/categories?post=5170"},{"taxonomy":"post_tag","embeddable":true,"href":"https:\/\/www.anovapeneira.gal\/index.php\/wp-json\/wp\/v2\/tags?post=5170"}],"curies":[{"name":"wp","href":"https:\/\/api.w.org\/{rel}","templated":true}]}}