{"id":5173,"date":"2021-04-07T12:00:56","date_gmt":"2021-04-07T10:00:56","guid":{"rendered":"http:\/\/www.anovapeneira.gal\/?p=5173"},"modified":"2021-04-04T22:12:38","modified_gmt":"2021-04-04T20:12:38","slug":"representantes-do-consello-municipal-da-infancia-e-adolescencia-do-porrino-reencontranse-logo-de-meses-de-traballo-online","status":"publish","type":"post","link":"https:\/\/www.anovapeneira.gal\/index.php\/2021\/04\/07\/representantes-do-consello-municipal-da-infancia-e-adolescencia-do-porrino-reencontranse-logo-de-meses-de-traballo-online\/","title":{"rendered":"Representantes do Consello Municipal da Infancia e Adolescencia do Porri\u00f1o reenc\u00f3ntranse logo de meses de traballo online"},"content":{"rendered":"\n<p>Cumprindo as medidas de seguridade que permiten reuni\u00f3ns de ata 6 persoas non conviventes e aproveitando as vacaci\u00f3ns de Semana Santa, alg\u00fans dos voceiros\/as do grupo de participaci\u00f3n infantil do Concello do Porri\u00f1o mantiveron unha reuni\u00f3n presencial.<\/p>\n\n\n\n<p>Puideron po\u00f1erse cara sen unha pantalla de por medio para seguir compartindo ideas, impresi\u00f3ns, e preparar o traballo que realizar\u00e1n nos vindeiros meses.<\/p>\n\n\n\n<p>Entre outras cousas pensaron nas propostas que lle far\u00e1n ao Director Xeral de Familia, Infancia e Dinamizaci\u00f3n Demogr\u00e1fica da Xunta de Galicia, co que se reunir\u00e1n nun encontro organizado por UNICEF e no que participar\u00e1n tam\u00e9n representantes doutros concellos \u201camigos da infancia\u201d de Galicia.<\/p>\n\n\n\n<p>Fix\u00e9rono nos soportais da Casa do Concello, e aproveitaron a ocasi\u00f3n para animar ao resto de xente nova do municipio a unirse ao grupo para acadar as\u00ed unha representaci\u00f3n m\u00e1is diversa.<\/p>\n\n\n\n<p>Os nenos e nenas que desexen participar poden po\u00f1erse en contacto coa OMIX do Concello do Porri\u00f1o a trav\u00e9s do n\u00famero de tel\u00e9fono 986 33 76 24 ou directamente co equipo dinamizador no 604 086 970<\/p>\n","protected":false},"excerpt":{"rendered":"<div class=\"mh-excerpt\"><p>Cumprindo as medidas de seguridade que permiten reuni\u00f3ns de ata 6 persoas non conviventes e aproveitando as vacaci\u00f3ns de Semana Santa, alg\u00fans dos voceiros\/as do grupo de participaci\u00f3n infantil do Concello do Porri\u00f1o mantiveron unha reuni\u00f3n presencial <a class=\"mh-excerpt-more\" href=\"https:\/\/www.anovapeneira.gal\/index.php\/2021\/04\/07\/representantes-do-consello-municipal-da-infancia-e-adolescencia-do-porrino-reencontranse-logo-de-meses-de-traballo-online\/\" title=\"Representantes do Consello Municipal da Infancia e Adolescencia do Porri\u00f1o reenc\u00f3ntranse logo de meses de traballo online\">[&#8230;]<\/a><\/p>\n<\/div>","protected":false},"author":3,"featured_media":5174,"comment_status":"open","ping_status":"open","sticky":false,"template":"","format":"standard","meta":{"_exactmetrics_skip_tracking":false,"_exactmetrics_sitenote_active":false,"_exactmetrics_sitenote_note":"","_exactmetrics_sitenote_category":0,"footnotes":""},"categories":[23],"tags":[411],"class_list":{"0":"post-5173","1":"post","2":"type-post","3":"status-publish","4":"format-standard","5":"has-post-thumbnail","7":"category-a-lourina","8":"tag-concello-do-porrino"},"yoast_head":"<!-- This site is optimized with the Yoast SEO plugin v27.5 - https:\/\/yoast.com\/product\/yoast-seo-wordpress\/ -->\n<title>Representantes do Consello Municipal da Infancia e Adolescencia do Porri\u00f1o reenc\u00f3ntranse logo de meses de traballo online -<\/title>\n<meta name=\"description\" content=\"Cumprindo as medidas de seguridade que permiten reuni\u00f3ns de ata 6 persoas non conviventes e aproveitando as vacaci\u00f3ns de Semana Santa, alg\u00fans dos voceiros\/as do grupo de participaci\u00f3n infantil do Concello do Porri\u00f1o mantiveron unha reuni\u00f3n presencial\" \/>\n<meta name=\"robots\" content=\"index, follow, max-snippet:-1, max-image-preview:large, max-video-preview:-1\" \/>\n<link rel=\"canonical\" href=\"https:\/\/www.anovapeneira.gal\/index.php\/2021\/04\/07\/representantes-do-consello-municipal-da-infancia-e-adolescencia-do-porrino-reencontranse-logo-de-meses-de-traballo-online\/\" \/>\n<meta property=\"og:locale\" content=\"gl_ES\" \/>\n<meta property=\"og:type\" content=\"article\" \/>\n<meta property=\"og:title\" content=\"Representantes do Consello Municipal da Infancia e Adolescencia do Porri\u00f1o reenc\u00f3ntranse logo de meses de traballo online -\" \/>\n<meta property=\"og:description\" content=\"Cumprindo as medidas de seguridade que permiten reuni\u00f3ns de ata 6 persoas non conviventes e aproveitando as vacaci\u00f3ns de Semana Santa, alg\u00fans dos voceiros\/as do grupo de participaci\u00f3n infantil do Concello do Porri\u00f1o mantiveron unha reuni\u00f3n presencial\" \/>\n<meta property=\"og:url\" content=\"https:\/\/www.anovapeneira.gal\/index.php\/2021\/04\/07\/representantes-do-consello-municipal-da-infancia-e-adolescencia-do-porrino-reencontranse-logo-de-meses-de-traballo-online\/\" \/>\n<meta property=\"article:publisher\" content=\"https:\/\/www.facebook.com\/anovapeneira\" \/>\n<meta property=\"article:published_time\" content=\"2021-04-07T10:00:56+00:00\" \/>\n<meta property=\"og:image\" content=\"https:\/\/www.anovapeneira.gal\/wp-content\/uploads\/2021\/04\/consello_infacia.jpg\" \/>\n\t<meta property=\"og:image:width\" content=\"720\" \/>\n\t<meta property=\"og:image:height\" content=\"432\" \/>\n\t<meta property=\"og:image:type\" content=\"image\/jpeg\" \/>\n<meta name=\"author\" content=\"Redacci\u00f3n A Nova Peneira\" \/>\n<meta name=\"twitter:card\" content=\"summary_large_image\" \/>\n<meta name=\"twitter:creator\" content=\"@APeneira\" \/>\n<meta name=\"twitter:site\" content=\"@APeneira\" \/>\n<meta name=\"twitter:label1\" content=\"Escrito por\" \/>\n\t<meta name=\"twitter:data1\" content=\"Redacci\u00f3n A Nova Peneira\" \/>\n\t<meta name=\"twitter:label2\" content=\"Tempo de lectura\" \/>\n\t<meta name=\"twitter:data2\" content=\"1 minuto\" \/>\n<script type=\"application\/ld+json\" class=\"yoast-schema-graph\">{\"@context\":\"https:\\\/\\\/schema.org\",\"@graph\":[{\"@type\":\"Article\",\"@id\":\"https:\\\/\\\/www.anovapeneira.gal\\\/index.php\\\/2021\\\/04\\\/07\\\/representantes-do-consello-municipal-da-infancia-e-adolescencia-do-porrino-reencontranse-logo-de-meses-de-traballo-online\\\/#article\",\"isPartOf\":{\"@id\":\"https:\\\/\\\/www.anovapeneira.gal\\\/index.php\\\/2021\\\/04\\\/07\\\/representantes-do-consello-municipal-da-infancia-e-adolescencia-do-porrino-reencontranse-logo-de-meses-de-traballo-online\\\/\"},\"author\":{\"name\":\"Redacci\u00f3n A Nova Peneira\",\"@id\":\"https:\\\/\\\/www.anovapeneira.gal\\\/#\\\/schema\\\/person\\\/b93e3f8932e3f8da96334607eb6ac6aa\"},\"headline\":\"Representantes do Consello Municipal da Infancia e Adolescencia do Porri\u00f1o reenc\u00f3ntranse logo de meses de traballo online\",\"datePublished\":\"2021-04-07T10:00:56+00:00\",\"mainEntityOfPage\":{\"@id\":\"https:\\\/\\\/www.anovapeneira.gal\\\/index.php\\\/2021\\\/04\\\/07\\\/representantes-do-consello-municipal-da-infancia-e-adolescencia-do-porrino-reencontranse-logo-de-meses-de-traballo-online\\\/\"},\"wordCount\":207,\"commentCount\":0,\"publisher\":{\"@id\":\"https:\\\/\\\/www.anovapeneira.gal\\\/#organization\"},\"image\":{\"@id\":\"https:\\\/\\\/www.anovapeneira.gal\\\/index.php\\\/2021\\\/04\\\/07\\\/representantes-do-consello-municipal-da-infancia-e-adolescencia-do-porrino-reencontranse-logo-de-meses-de-traballo-online\\\/#primaryimage\"},\"thumbnailUrl\":\"https:\\\/\\\/www.anovapeneira.gal\\\/wp-content\\\/uploads\\\/2021\\\/04\\\/consello_infacia.jpg\",\"keywords\":[\"Concello do Porri\u00f1o\"],\"articleSection\":[\"A Louri\u00f1a\"],\"inLanguage\":\"gl-ES\",\"potentialAction\":[{\"@type\":\"CommentAction\",\"name\":\"Comment\",\"target\":[\"https:\\\/\\\/www.anovapeneira.gal\\\/index.php\\\/2021\\\/04\\\/07\\\/representantes-do-consello-municipal-da-infancia-e-adolescencia-do-porrino-reencontranse-logo-de-meses-de-traballo-online\\\/#respond\"]}]},{\"@type\":\"WebPage\",\"@id\":\"https:\\\/\\\/www.anovapeneira.gal\\\/index.php\\\/2021\\\/04\\\/07\\\/representantes-do-consello-municipal-da-infancia-e-adolescencia-do-porrino-reencontranse-logo-de-meses-de-traballo-online\\\/\",\"url\":\"https:\\\/\\\/www.anovapeneira.gal\\\/index.php\\\/2021\\\/04\\\/07\\\/representantes-do-consello-municipal-da-infancia-e-adolescencia-do-porrino-reencontranse-logo-de-meses-de-traballo-online\\\/\",\"name\":\"Representantes do Consello Municipal da Infancia e Adolescencia do Porri\u00f1o reenc\u00f3ntranse logo de meses de traballo online -\",\"isPartOf\":{\"@id\":\"https:\\\/\\\/www.anovapeneira.gal\\\/#website\"},\"primaryImageOfPage\":{\"@id\":\"https:\\\/\\\/www.anovapeneira.gal\\\/index.php\\\/2021\\\/04\\\/07\\\/representantes-do-consello-municipal-da-infancia-e-adolescencia-do-porrino-reencontranse-logo-de-meses-de-traballo-online\\\/#primaryimage\"},\"image\":{\"@id\":\"https:\\\/\\\/www.anovapeneira.gal\\\/index.php\\\/2021\\\/04\\\/07\\\/representantes-do-consello-municipal-da-infancia-e-adolescencia-do-porrino-reencontranse-logo-de-meses-de-traballo-online\\\/#primaryimage\"},\"thumbnailUrl\":\"https:\\\/\\\/www.anovapeneira.gal\\\/wp-content\\\/uploads\\\/2021\\\/04\\\/consello_infacia.jpg\",\"datePublished\":\"2021-04-07T10:00:56+00:00\",\"description\":\"Cumprindo as medidas de seguridade que permiten reuni\u00f3ns de ata 6 persoas non conviventes e aproveitando as vacaci\u00f3ns de Semana Santa, alg\u00fans dos voceiros\\\/as do grupo de participaci\u00f3n infantil do Concello do Porri\u00f1o mantiveron unha reuni\u00f3n presencial\",\"breadcrumb\":{\"@id\":\"https:\\\/\\\/www.anovapeneira.gal\\\/index.php\\\/2021\\\/04\\\/07\\\/representantes-do-consello-municipal-da-infancia-e-adolescencia-do-porrino-reencontranse-logo-de-meses-de-traballo-online\\\/#breadcrumb\"},\"inLanguage\":\"gl-ES\",\"potentialAction\":[{\"@type\":\"ReadAction\",\"target\":[\"https:\\\/\\\/www.anovapeneira.gal\\\/index.php\\\/2021\\\/04\\\/07\\\/representantes-do-consello-municipal-da-infancia-e-adolescencia-do-porrino-reencontranse-logo-de-meses-de-traballo-online\\\/\"]}]},{\"@type\":\"ImageObject\",\"inLanguage\":\"gl-ES\",\"@id\":\"https:\\\/\\\/www.anovapeneira.gal\\\/index.php\\\/2021\\\/04\\\/07\\\/representantes-do-consello-municipal-da-infancia-e-adolescencia-do-porrino-reencontranse-logo-de-meses-de-traballo-online\\\/#primaryimage\",\"url\":\"https:\\\/\\\/www.anovapeneira.gal\\\/wp-content\\\/uploads\\\/2021\\\/04\\\/consello_infacia.jpg\",\"contentUrl\":\"https:\\\/\\\/www.anovapeneira.gal\\\/wp-content\\\/uploads\\\/2021\\\/04\\\/consello_infacia.jpg\",\"width\":720,\"height\":432,\"caption\":\"Representantes do Consello Municipal da Infancia e Adolescencia do Porri\u00f1o reenc\u00f3ntranse logo de meses de traballo online.\"},{\"@type\":\"BreadcrumbList\",\"@id\":\"https:\\\/\\\/www.anovapeneira.gal\\\/index.php\\\/2021\\\/04\\\/07\\\/representantes-do-consello-municipal-da-infancia-e-adolescencia-do-porrino-reencontranse-logo-de-meses-de-traballo-online\\\/#breadcrumb\",\"itemListElement\":[{\"@type\":\"ListItem\",\"position\":1,\"name\":\"Portada\",\"item\":\"https:\\\/\\\/www.anovapeneira.gal\\\/\"},{\"@type\":\"ListItem\",\"position\":2,\"name\":\"Representantes do Consello Municipal da Infancia e Adolescencia do Porri\u00f1o reenc\u00f3ntranse logo de meses de traballo online\"}]},{\"@type\":\"WebSite\",\"@id\":\"https:\\\/\\\/www.anovapeneira.gal\\\/#website\",\"url\":\"https:\\\/\\\/www.anovapeneira.gal\\\/\",\"name\":\"\",\"description\":\"Xornal galego de informaci\u00f3n xeral Publicaci\u00f3n mensual de novas de Galicia e en especial dos Concellos da sur da provincia de Pontevedra.\",\"publisher\":{\"@id\":\"https:\\\/\\\/www.anovapeneira.gal\\\/#organization\"},\"potentialAction\":[{\"@type\":\"SearchAction\",\"target\":{\"@type\":\"EntryPoint\",\"urlTemplate\":\"https:\\\/\\\/www.anovapeneira.gal\\\/?s={search_term_string}\"},\"query-input\":{\"@type\":\"PropertyValueSpecification\",\"valueRequired\":true,\"valueName\":\"search_term_string\"}}],\"inLanguage\":\"gl-ES\"},{\"@type\":\"Organization\",\"@id\":\"https:\\\/\\\/www.anovapeneira.gal\\\/#organization\",\"name\":\"A Nova Peneira\",\"url\":\"https:\\\/\\\/www.anovapeneira.gal\\\/\",\"logo\":{\"@type\":\"ImageObject\",\"inLanguage\":\"gl-ES\",\"@id\":\"https:\\\/\\\/www.anovapeneira.gal\\\/#\\\/schema\\\/logo\\\/image\\\/\",\"url\":\"http:\\\/\\\/www.anovapeneira.gal\\\/wp-content\\\/uploads\\\/2019\\\/06\\\/logo_a_nova_peneira_portal_web.png\",\"contentUrl\":\"http:\\\/\\\/www.anovapeneira.gal\\\/wp-content\\\/uploads\\\/2019\\\/06\\\/logo_a_nova_peneira_portal_web.png\",\"width\":300,\"height\":100,\"caption\":\"A Nova Peneira\"},\"image\":{\"@id\":\"https:\\\/\\\/www.anovapeneira.gal\\\/#\\\/schema\\\/logo\\\/image\\\/\"},\"sameAs\":[\"https:\\\/\\\/www.facebook.com\\\/anovapeneira\",\"https:\\\/\\\/x.com\\\/APeneira\"]},{\"@type\":\"Person\",\"@id\":\"https:\\\/\\\/www.anovapeneira.gal\\\/#\\\/schema\\\/person\\\/b93e3f8932e3f8da96334607eb6ac6aa\",\"name\":\"Redacci\u00f3n A Nova Peneira\",\"image\":{\"@type\":\"ImageObject\",\"inLanguage\":\"gl-ES\",\"@id\":\"https:\\\/\\\/secure.gravatar.com\\\/avatar\\\/c052a2551a06e23fac63626232eaa90abd78dbcf1700fc46a2b2c89fd27b735f?s=96&d=mm&r=g\",\"url\":\"https:\\\/\\\/secure.gravatar.com\\\/avatar\\\/c052a2551a06e23fac63626232eaa90abd78dbcf1700fc46a2b2c89fd27b735f?s=96&d=mm&r=g\",\"contentUrl\":\"https:\\\/\\\/secure.gravatar.com\\\/avatar\\\/c052a2551a06e23fac63626232eaa90abd78dbcf1700fc46a2b2c89fd27b735f?s=96&d=mm&r=g\",\"caption\":\"Redacci\u00f3n A Nova Peneira\"},\"sameAs\":[\"http:\\\/\\\/www.anovapeneira.gal\\\/\"],\"url\":\"https:\\\/\\\/www.anovapeneira.gal\\\/index.php\\\/author\\\/redactor\\\/\"}]}<\/script>\n<!-- \/ Yoast SEO plugin. -->","yoast_head_json":{"title":"Representantes do Consello Municipal da Infancia e Adolescencia do Porri\u00f1o reenc\u00f3ntranse logo de meses de traballo online -","description":"Cumprindo as medidas de seguridade que permiten reuni\u00f3ns de ata 6 persoas non conviventes e aproveitando as vacaci\u00f3ns de Semana Santa, alg\u00fans dos voceiros\/as do grupo de participaci\u00f3n infantil do Concello do Porri\u00f1o mantiveron unha reuni\u00f3n presencial","robots":{"index":"index","follow":"follow","max-snippet":"max-snippet:-1","max-image-preview":"max-image-preview:large","max-video-preview":"max-video-preview:-1"},"canonical":"https:\/\/www.anovapeneira.gal\/index.php\/2021\/04\/07\/representantes-do-consello-municipal-da-infancia-e-adolescencia-do-porrino-reencontranse-logo-de-meses-de-traballo-online\/","og_locale":"gl_ES","og_type":"article","og_title":"Representantes do Consello Municipal da Infancia e Adolescencia do Porri\u00f1o reenc\u00f3ntranse logo de meses de traballo online -","og_description":"Cumprindo as medidas de seguridade que permiten reuni\u00f3ns de ata 6 persoas non conviventes e aproveitando as vacaci\u00f3ns de Semana Santa, alg\u00fans dos voceiros\/as do grupo de participaci\u00f3n infantil do Concello do Porri\u00f1o mantiveron unha reuni\u00f3n presencial","og_url":"https:\/\/www.anovapeneira.gal\/index.php\/2021\/04\/07\/representantes-do-consello-municipal-da-infancia-e-adolescencia-do-porrino-reencontranse-logo-de-meses-de-traballo-online\/","article_publisher":"https:\/\/www.facebook.com\/anovapeneira","article_published_time":"2021-04-07T10:00:56+00:00","og_image":[{"width":720,"height":432,"url":"https:\/\/www.anovapeneira.gal\/wp-content\/uploads\/2021\/04\/consello_infacia.jpg","type":"image\/jpeg"}],"author":"Redacci\u00f3n A Nova Peneira","twitter_card":"summary_large_image","twitter_creator":"@APeneira","twitter_site":"@APeneira","twitter_misc":{"Escrito por":"Redacci\u00f3n A Nova Peneira","Tempo de lectura":"1 minuto"},"schema":{"@context":"https:\/\/schema.org","@graph":[{"@type":"Article","@id":"https:\/\/www.anovapeneira.gal\/index.php\/2021\/04\/07\/representantes-do-consello-municipal-da-infancia-e-adolescencia-do-porrino-reencontranse-logo-de-meses-de-traballo-online\/#article","isPartOf":{"@id":"https:\/\/www.anovapeneira.gal\/index.php\/2021\/04\/07\/representantes-do-consello-municipal-da-infancia-e-adolescencia-do-porrino-reencontranse-logo-de-meses-de-traballo-online\/"},"author":{"name":"Redacci\u00f3n A Nova Peneira","@id":"https:\/\/www.anovapeneira.gal\/#\/schema\/person\/b93e3f8932e3f8da96334607eb6ac6aa"},"headline":"Representantes do Consello Municipal da Infancia e Adolescencia do Porri\u00f1o reenc\u00f3ntranse logo de meses de traballo online","datePublished":"2021-04-07T10:00:56+00:00","mainEntityOfPage":{"@id":"https:\/\/www.anovapeneira.gal\/index.php\/2021\/04\/07\/representantes-do-consello-municipal-da-infancia-e-adolescencia-do-porrino-reencontranse-logo-de-meses-de-traballo-online\/"},"wordCount":207,"commentCount":0,"publisher":{"@id":"https:\/\/www.anovapeneira.gal\/#organization"},"image":{"@id":"https:\/\/www.anovapeneira.gal\/index.php\/2021\/04\/07\/representantes-do-consello-municipal-da-infancia-e-adolescencia-do-porrino-reencontranse-logo-de-meses-de-traballo-online\/#primaryimage"},"thumbnailUrl":"https:\/\/www.anovapeneira.gal\/wp-content\/uploads\/2021\/04\/consello_infacia.jpg","keywords":["Concello do Porri\u00f1o"],"articleSection":["A Louri\u00f1a"],"inLanguage":"gl-ES","potentialAction":[{"@type":"CommentAction","name":"Comment","target":["https:\/\/www.anovapeneira.gal\/index.php\/2021\/04\/07\/representantes-do-consello-municipal-da-infancia-e-adolescencia-do-porrino-reencontranse-logo-de-meses-de-traballo-online\/#respond"]}]},{"@type":"WebPage","@id":"https:\/\/www.anovapeneira.gal\/index.php\/2021\/04\/07\/representantes-do-consello-municipal-da-infancia-e-adolescencia-do-porrino-reencontranse-logo-de-meses-de-traballo-online\/","url":"https:\/\/www.anovapeneira.gal\/index.php\/2021\/04\/07\/representantes-do-consello-municipal-da-infancia-e-adolescencia-do-porrino-reencontranse-logo-de-meses-de-traballo-online\/","name":"Representantes do Consello Municipal da Infancia e Adolescencia do Porri\u00f1o reenc\u00f3ntranse logo de meses de traballo online -","isPartOf":{"@id":"https:\/\/www.anovapeneira.gal\/#website"},"primaryImageOfPage":{"@id":"https:\/\/www.anovapeneira.gal\/index.php\/2021\/04\/07\/representantes-do-consello-municipal-da-infancia-e-adolescencia-do-porrino-reencontranse-logo-de-meses-de-traballo-online\/#primaryimage"},"image":{"@id":"https:\/\/www.anovapeneira.gal\/index.php\/2021\/04\/07\/representantes-do-consello-municipal-da-infancia-e-adolescencia-do-porrino-reencontranse-logo-de-meses-de-traballo-online\/#primaryimage"},"thumbnailUrl":"https:\/\/www.anovapeneira.gal\/wp-content\/uploads\/2021\/04\/consello_infacia.jpg","datePublished":"2021-04-07T10:00:56+00:00","description":"Cumprindo as medidas de seguridade que permiten reuni\u00f3ns de ata 6 persoas non conviventes e aproveitando as vacaci\u00f3ns de Semana Santa, alg\u00fans dos voceiros\/as do grupo de participaci\u00f3n infantil do Concello do Porri\u00f1o mantiveron unha reuni\u00f3n presencial","breadcrumb":{"@id":"https:\/\/www.anovapeneira.gal\/index.php\/2021\/04\/07\/representantes-do-consello-municipal-da-infancia-e-adolescencia-do-porrino-reencontranse-logo-de-meses-de-traballo-online\/#breadcrumb"},"inLanguage":"gl-ES","potentialAction":[{"@type":"ReadAction","target":["https:\/\/www.anovapeneira.gal\/index.php\/2021\/04\/07\/representantes-do-consello-municipal-da-infancia-e-adolescencia-do-porrino-reencontranse-logo-de-meses-de-traballo-online\/"]}]},{"@type":"ImageObject","inLanguage":"gl-ES","@id":"https:\/\/www.anovapeneira.gal\/index.php\/2021\/04\/07\/representantes-do-consello-municipal-da-infancia-e-adolescencia-do-porrino-reencontranse-logo-de-meses-de-traballo-online\/#primaryimage","url":"https:\/\/www.anovapeneira.gal\/wp-content\/uploads\/2021\/04\/consello_infacia.jpg","contentUrl":"https:\/\/www.anovapeneira.gal\/wp-content\/uploads\/2021\/04\/consello_infacia.jpg","width":720,"height":432,"caption":"Representantes do Consello Municipal da Infancia e Adolescencia do Porri\u00f1o reenc\u00f3ntranse logo de meses de traballo online."},{"@type":"BreadcrumbList","@id":"https:\/\/www.anovapeneira.gal\/index.php\/2021\/04\/07\/representantes-do-consello-municipal-da-infancia-e-adolescencia-do-porrino-reencontranse-logo-de-meses-de-traballo-online\/#breadcrumb","itemListElement":[{"@type":"ListItem","position":1,"name":"Portada","item":"https:\/\/www.anovapeneira.gal\/"},{"@type":"ListItem","position":2,"name":"Representantes do Consello Municipal da Infancia e Adolescencia do Porri\u00f1o reenc\u00f3ntranse logo de meses de traballo online"}]},{"@type":"WebSite","@id":"https:\/\/www.anovapeneira.gal\/#website","url":"https:\/\/www.anovapeneira.gal\/","name":"","description":"Xornal galego de informaci\u00f3n xeral Publicaci\u00f3n mensual de novas de Galicia e en especial dos Concellos da sur da provincia de Pontevedra.","publisher":{"@id":"https:\/\/www.anovapeneira.gal\/#organization"},"potentialAction":[{"@type":"SearchAction","target":{"@type":"EntryPoint","urlTemplate":"https:\/\/www.anovapeneira.gal\/?s={search_term_string}"},"query-input":{"@type":"PropertyValueSpecification","valueRequired":true,"valueName":"search_term_string"}}],"inLanguage":"gl-ES"},{"@type":"Organization","@id":"https:\/\/www.anovapeneira.gal\/#organization","name":"A Nova Peneira","url":"https:\/\/www.anovapeneira.gal\/","logo":{"@type":"ImageObject","inLanguage":"gl-ES","@id":"https:\/\/www.anovapeneira.gal\/#\/schema\/logo\/image\/","url":"http:\/\/www.anovapeneira.gal\/wp-content\/uploads\/2019\/06\/logo_a_nova_peneira_portal_web.png","contentUrl":"http:\/\/www.anovapeneira.gal\/wp-content\/uploads\/2019\/06\/logo_a_nova_peneira_portal_web.png","width":300,"height":100,"caption":"A Nova Peneira"},"image":{"@id":"https:\/\/www.anovapeneira.gal\/#\/schema\/logo\/image\/"},"sameAs":["https:\/\/www.facebook.com\/anovapeneira","https:\/\/x.com\/APeneira"]},{"@type":"Person","@id":"https:\/\/www.anovapeneira.gal\/#\/schema\/person\/b93e3f8932e3f8da96334607eb6ac6aa","name":"Redacci\u00f3n A Nova Peneira","image":{"@type":"ImageObject","inLanguage":"gl-ES","@id":"https:\/\/secure.gravatar.com\/avatar\/c052a2551a06e23fac63626232eaa90abd78dbcf1700fc46a2b2c89fd27b735f?s=96&d=mm&r=g","url":"https:\/\/secure.gravatar.com\/avatar\/c052a2551a06e23fac63626232eaa90abd78dbcf1700fc46a2b2c89fd27b735f?s=96&d=mm&r=g","contentUrl":"https:\/\/secure.gravatar.com\/avatar\/c052a2551a06e23fac63626232eaa90abd78dbcf1700fc46a2b2c89fd27b735f?s=96&d=mm&r=g","caption":"Redacci\u00f3n A Nova Peneira"},"sameAs":["http:\/\/www.anovapeneira.gal\/"],"url":"https:\/\/www.anovapeneira.gal\/index.php\/author\/redactor\/"}]}},"jetpack_featured_media_url":"https:\/\/www.anovapeneira.gal\/wp-content\/uploads\/2021\/04\/consello_infacia.jpg","_links":{"self":[{"href":"https:\/\/www.anovapeneira.gal\/index.php\/wp-json\/wp\/v2\/posts\/5173","targetHints":{"allow":["GET"]}}],"collection":[{"href":"https:\/\/www.anovapeneira.gal\/index.php\/wp-json\/wp\/v2\/posts"}],"about":[{"href":"https:\/\/www.anovapeneira.gal\/index.php\/wp-json\/wp\/v2\/types\/post"}],"author":[{"embeddable":true,"href":"https:\/\/www.anovapeneira.gal\/index.php\/wp-json\/wp\/v2\/users\/3"}],"replies":[{"embeddable":true,"href":"https:\/\/www.anovapeneira.gal\/index.php\/wp-json\/wp\/v2\/comments?post=5173"}],"version-history":[{"count":1,"href":"https:\/\/www.anovapeneira.gal\/index.php\/wp-json\/wp\/v2\/posts\/5173\/revisions"}],"predecessor-version":[{"id":5175,"href":"https:\/\/www.anovapeneira.gal\/index.php\/wp-json\/wp\/v2\/posts\/5173\/revisions\/5175"}],"wp:featuredmedia":[{"embeddable":true,"href":"https:\/\/www.anovapeneira.gal\/index.php\/wp-json\/wp\/v2\/media\/5174"}],"wp:attachment":[{"href":"https:\/\/www.anovapeneira.gal\/index.php\/wp-json\/wp\/v2\/media?parent=5173"}],"wp:term":[{"taxonomy":"category","embeddable":true,"href":"https:\/\/www.anovapeneira.gal\/index.php\/wp-json\/wp\/v2\/categories?post=5173"},{"taxonomy":"post_tag","embeddable":true,"href":"https:\/\/www.anovapeneira.gal\/index.php\/wp-json\/wp\/v2\/tags?post=5173"}],"curies":[{"name":"wp","href":"https:\/\/api.w.org\/{rel}","templated":true}]}}