{"id":5178,"date":"2021-04-08T10:00:51","date_gmt":"2021-04-08T08:00:51","guid":{"rendered":"http:\/\/www.anovapeneira.gal\/?p=5178"},"modified":"2021-04-06T08:03:30","modified_gmt":"2021-04-06T06:03:30","slug":"o-trixesimo-terceiro-fragmento-do-diario-de-senlua-arraiana","status":"publish","type":"post","link":"https:\/\/www.anovapeneira.gal\/index.php\/2021\/04\/08\/o-trixesimo-terceiro-fragmento-do-diario-de-senlua-arraiana\/","title":{"rendered":"O trix\u00e9simo terceiro fragmento do diario de Senl\u00faa Arraiana"},"content":{"rendered":"\n<h2 class=\"wp-block-heading\">Emancipando a Vilania de si mesma<\/h2>\n\n\n\n<figure class=\"wp-block-image size-large is-resized is-style-default\"><img loading=\"lazy\" decoding=\"async\" src=\"http:\/\/www.anovapeneira.gal\/wp-content\/uploads\/2019\/07\/cristobal_a_nova_peneira.jpg\" alt=\"Crist\u00f3bal L\u00f3pez A Nova Peneira\" class=\"wp-image-555\" width=\"95\" height=\"111\"\/><figcaption>Crist\u00f3bal L\u00f3pez Pazo | Comuneiro dos montes de Tameiga, militante de anticapitalistas, ecoloxista en acci\u00f3n e veci\u00f1o constitu\u00ednte da asemblea veci\u00f1al ga\u00f1aM\u00f3s<\/figcaption><\/figure>\n\n\n\n<div class=\"wp-block-columns is-layout-flex wp-container-core-columns-is-layout-9d6595d7 wp-block-columns-is-layout-flex\">\n<div class=\"wp-block-column is-layout-flow wp-block-column-is-layout-flow\">\n<figure class=\"wp-block-image size-large is-resized\"><img loading=\"lazy\" decoding=\"async\" src=\"http:\/\/www.anovapeneira.gal\/wp-content\/uploads\/2019\/08\/senlua_arraiana_2135.jpg\" alt=\"\" class=\"wp-image-877\" width=\"225\" height=\"262\" srcset=\"https:\/\/www.anovapeneira.gal\/wp-content\/uploads\/2019\/08\/senlua_arraiana_2135.jpg 700w, https:\/\/www.anovapeneira.gal\/wp-content\/uploads\/2019\/08\/senlua_arraiana_2135-257x300.jpg 257w\" sizes=\"auto, (max-width: 225px) 100vw, 225px\" \/><\/figure>\n<\/div>\n\n\n\n<div class=\"wp-block-column is-layout-flow wp-block-column-is-layout-flow\">\n<h2 class=\"wp-block-heading\"><strong><em>Este trix\u00e9simo terceiro fragmento do diario de Senl\u00faa Arraiana foi recuperado e adiantado ao noso tempo por Noitepedralonga, fiel camarada do av\u00f3 da futura l\u00edder da resistencia arraiana<\/em><\/strong><\/h2>\n<\/div>\n<\/div>\n\n\n\n<p>Suced\u00e9ronse d\u00edas longos traballando sen respiro na ardua tarefa de rescatar \u00e1 dignidade da poboaci\u00f3n de Vilania do fondo pozo onde a agochara a d\u00e9cada de terror do imperio de Areval\u00e9fica.&nbsp;<\/p>\n\n\n\n<p>Pasaron os d\u00edas cruz\u00e1ndonos miradas ansiosas de novas da fronte. Devec\u00edamos por ter novidades do que estaba sucedendo e sa\u00edr da agoniante incertidumbre.&nbsp;<\/p>\n\n\n\n<p>Nestas poucas semanas consegu\u00edramos avances notables no comportamento da poboaci\u00f3n. Todo isto poder\u00eda irse ao traste se Areval\u00e9fica acadaba unha victoria sobre o ex\u00e9rcito rebelde acantonado en Anatolia.&nbsp; Con non menos temor contempl\u00e1bamos a posibilidade de que desistiran do asedio \u00e1 cidade rebelde e se revolveran contra n\u00f3s para recuperar a capital.&nbsp;<\/p>\n\n\n\n<p>Con dar un paseo polas r\u00faas de Vilania unha se decataba enseguida da nova fisonom\u00eda social. Observar a gran presenza de xente nas r\u00faas, velas bulliciosas entre os postos e tenderetes que progresivamente volv\u00edan a engalonar as fachadas, era moi reconfortante.&nbsp;<\/p>\n\n\n\n<p>Propiciaramos unha entente entre o campo e a cidade que r\u00e1pidamente deu os seus froitos. Volveron as cuadrillas de ciudadanos ao campo para axudar \u00e1s familias agricultoras nas labores. A cambio os clans aparceiros consent\u00edan en ceder todos os seus excedentes para abastecer \u00e1 capital mentres non acadaramos revertir a carest\u00eda de alimentos. Era un contrato de colaboraci\u00f3n mutua que recuperaba en gran medida o esp\u00edritu comunal da federaci\u00f3n de cooperativas agrarias articulada polos Puxeiros antes do golpe de estado.&nbsp;<\/p>\n\n\n\n<p>Era un gran paso para recuperar a confianza e reconstruir o tecido social laminado polo terror. A Colmea sempre considerou ao campesinado como un x\u00e9rmolo de insurxencia e procurou illar aos clans que non fuxiron no \u00e9xodo e permaneceron traballando as terras como aparceiros.&nbsp;<\/p>\n\n\n\n<p>Areval\u00e9fica sempre escudou a s\u00faa responsabilidade na crise alimentaria que sufr\u00eda a Colmea sinalando aos aparceiros como os culpables. Acusabaos de agochar alimentos, de neglixentes e perezosos nas labores e incluso de sabotear e destrozar os seus propios sembrados por encono e carraxe co novo orde da capital. Esa imaxe distorsionada dos aparceiros foi calando na poboaci\u00f3n&nbsp;<\/p>\n\n\n\n<p>de Vilania que nos d\u00edas de fame m\u00e1is acuciante chegaron a atacar e malferir a unha familia aparceira de visita na cidade.&nbsp;<\/p>\n\n\n\n<p>Este incidente ben o ti\u00f1an presente os clans aparceiros quen recelaban de todo o que vi\u00f1a da capital. Para eles os capitalinos consentiron e mesmo apoiaron coas s\u00faas manifestaci\u00f3ns toda a vaga represiva acometida contra eles pola Colmea.&nbsp;<\/p>\n\n\n\n<p>Encargueime persoalnente de intermediar neste acordo e co\u00f1ecendora dos antecedentes foi unha satisfacci\u00f3n que rematara nunha realidade. Ambas partes nos reclamaron como garantes do cumplimento do trato. Uns reco\u00f1ecendo a nosa autoridade como o ex\u00e9rcito de Puxeiros o Negro e os outros crendonos as todopoderosas huestes da Gran Feiticeira.&nbsp;<\/p>\n\n\n\n<p>M\u00e1is doada foi a empresa de Portela e Zafra para recuperar os obradoiros artesanais e as labores menestrais m\u00e1is sinxelas. Cos co\u00f1ecementos t\u00e9cnicos que atesoraba a s\u00faa comunidade cient\u00edfica non tardaron en proliferar na r\u00faa os postos de zapateiros, costureiros e ferreiros. Con m\u00e1is paciencia estaban formando a enfermeiros e sanitarios que poideran atender \u00e1 poboaci\u00f3n.<\/p>\n\n\n\n<p>Todos os d\u00edas visitaba a escola unitaria que crearamos para os cativos. Era un canto \u00e1 esperanza velos chegar cada ma\u00f1\u00e1, ocupar os seus asentos e desfrutar sorrintes en todos os xogos participativos que os mestres lles propo\u00f1ian. Inculcarlles os valores comunitarios e democr\u00e1ticos nos dar\u00eda un punto de inflexi\u00f3n xeracional.&nbsp;<\/p>\n\n\n\n<p>A tarefa m\u00e1is complicada recaeu sobre os hombreiros de Puxeiros o Roxo e a s\u00faa xente. Era imprescindible formar unha milicia propia de Vilania, que eles mesmos se veran capaces e confiados en poder manter a orden e defender a cidade. A dificultade estribaba na selecci\u00f3n dos integrantes,&nbsp; c\u00f3mo escollelos coa seguridade de que non n\u00f3s traicionaran. Todo o Consello coincidimos co Roxo na necesidades de controlar moi ben a quen lle entreg\u00e1bamos armas. Ningu\u00e9n desexaba correr riscos as\u00ed que armouse unha pequena milicia mediante unha leva pactada cos aparceiros e s\u00f3 d\u00faas patrullas de orden urbanas recabando voluntarios entre as poucas familias da cidade nas que conf\u00edabamos.&nbsp;<\/p>\n\n\n\n<p>Hai d\u00edas nas que unha se levanta cunha idea luminosa que o tempo desvela desastrosa. Ese aciago d\u00eda espertei leda pola mi\u00f1a ocurrencia de celebrar unha festa polos cen d\u00edas que lev\u00e1bamos en Vilania. Unha especie de festa da liberaci\u00f3n que oportunamente poderiamos facer coincidir co remate da sembra. A proposta tivo de inmediato unha acollida favorable, todas necesit\u00e1bamos un d\u00eda de asueto e que hab\u00eda m\u00e1is importante que celebrar o fin do imperio do terror en Vilania.&nbsp;<\/p>\n\n\n\n<p>Marcamos o d\u00eda e formamos un grupo para organizar os preparativos dos festexos. A poboaci\u00f3n acolleu tam\u00e9n con entusiasmo crear esta festividade. Pronto present\u00e1ronse voluntarios para cantantes, c\u00f3micos e malabaristas, dispostos a facer as delicias do p\u00fablico. Ante a gran expectaci\u00f3n que despertou a celebraci\u00f3n do D\u00eda da Liberaci\u00f3n decidimos facer un dispendio no racionamento de alimentos e servir ese d\u00eda unha cea especial.&nbsp;<\/p>\n\n\n\n<p>Chegou o esperado d\u00eda e ningu\u00e9n quiso perd\u00e9rselo. A praza maior e as r\u00faas aleda\u00f1as eran un fervor de xente que con regocixo r\u00edan as chanzas dos c\u00f3micos ou se deleitaban coas peripecias dos malabaristas. O tempo acompa\u00f1aba cun sol primaveral que nos iluminaba reconfort\u00e1ndonos co seu agarimoso calor. Nada do que acontec\u00eda presaxiaba o final funesto daquela xornada.&nbsp;<\/p>\n\n\n\n<p>Antes do banquete nocturno representamos unha obra teatral coa axuda dos artistas voluntarios. Unha pequena peza na que o ben triunfaba sobre o mal e a rai\u00f1a escura remataba cun final truculento. Do gui\u00f3n encargouse Vegatinta quen xa revelara as s\u00faas dotes na creaci\u00f3n da Gran Feiticeira e a pantomima da auga.&nbsp;<\/p>\n\n\n\n<p>Congregouse moitisimo p\u00fablico diante do escenario, incluso xa un bo rato antes de que comenzara. Creo que Vegatinta pretendeu ser pedag\u00f3xica co t\u00edtulo da obra: &#8220;A maxia da democracia&#8221;. Pero sen querer despertou o interese dos vilanos entre os que se propagou o rumor que na actuaci\u00f3n far\u00eda aparici\u00f3n a Gran Feiticeira.&nbsp;<\/p>\n\n\n\n<p>Arrancou a obra entre aplausos para os representantes do ben e abucheos para os mal\u00e9ficos oportunamente ataviados con ropaxes escuras. Os abucheos, compartidos por todo o p\u00fablico, foron continuos e cada vez m\u00e1is exacerbados, chegando ao lanzamento de peque\u00f1os obxetos cando aparec\u00eda a rai\u00f1a escura.&nbsp;<\/p>\n\n\n\n<p>Avanzada a obra, os mal\u00e9ficos capturan a heroina dos dem\u00f3cratas quen est\u00e1 a punto de morrer \u00e1s mans da rai\u00f1a escura antes de que o pobo sublevado contra a tiran\u00eda a liberte e xuntos proclamen a democracia en solemne final teatral. O p\u00fablico alporizado desmadrouse arroxando todo tipo de obxetos contra os mal\u00e9ficos e a s\u00faa rai\u00f1a. Era bo que a poboaci\u00f3n dera renda solta a todos aqueles sentimentos, pero peligraba a integridade f\u00edsica dos c\u00f3micos, de todos porque era patente a mala punter\u00eda da maior\u00eda do p\u00fablico.&nbsp;<\/p>\n\n\n\n<p>Pudimos continuar grazas a unha improvisada rede protectora que apa\u00f1ou Vegatinta.&nbsp; Intentamos calmar aos presentes, pero non surtiu efecto alg\u00fan e ao remate da obra invadiron o esceario sacando a hombreiros aos heroes populares da obra. Vegatinta, \u00e1xil coma un c\u00f3mico do s\u00e9culo dezaoito nunha representaci\u00f3n en provincias, habilitou entre bastidores un escondite para os actores vestidos de negro. Grazas a Vegatinta evitouse a traxedia ante aquela muchedumbre emancipada e resolta a axustar contas co terror.&nbsp;<\/p>\n\n\n\n<p>S\u00f3lo grazas ao anticipado anuncio do comezo do banquete e ao atractivo cheiro das viandas na lumbre acadamos que baixaran aos c\u00f3micos ao chan e amainaran os \u00e1nimos.&nbsp;<\/p>\n\n\n\n<p>M\u00e1is tarde, na investigaci\u00f3n do sucedido naquel d\u00eda, enter\u00e1monos que varios veci\u00f1os recuperar\u00e1n un antigo alambique e destilaran un licor de pataca para a ocasi\u00f3n. Aquel infernal brevaxe rematou quentando a corrente sanguinea da maior\u00eda da poboaci\u00f3n. Toda a algarab\u00eda estivera espoleada por aquel potente licor. E seguramente foi un acicate do que sucedeu na sobremesa do \u00e1gape.&nbsp;<\/p>\n\n\n\n<p>A copiosa cea serenou os \u00e1nimos e todo auguraba que rematar\u00edamos aquela memorable xornada sen ning\u00fan incidente salientable.&nbsp;<\/p>\n\n\n\n<p>Cando o berro quebrou a nosa ledicia xa est\u00e1bamos nesa fase postrimera&nbsp; da sobremesa na que os m\u00e1is vellos apod\u00e9ranse de todo protagonismo coas s\u00faas historias e c\u00e1nticos prehecat\u00f3mbe&nbsp; e moitos xovenes van retir\u00e1ndose da mesa e formando corrillos.&nbsp;<\/p>\n\n\n\n<p>O berro que anunciou a desgraza foi tan cortante que enmudeceu todas as conversas. Aquel aciago alarido actuou coma un resorte e enseguida alcancei o lugar onde a morte nos visitara de forma intempestiva. Naquel intre non pod\u00eda intuir a dram\u00e1tica situaci\u00f3n que se aveci\u00f1aba.<\/p>\n","protected":false},"excerpt":{"rendered":"<div class=\"mh-excerpt\"><p>Este trix\u00e9simo terceiro fragmento do diario de Senl\u00faa Arraiana foi recuperado e adiantado ao noso tempo por Noitepedralonga, fiel camarada do av\u00f3 da futura l\u00edder da resistencia arraiana <a class=\"mh-excerpt-more\" href=\"https:\/\/www.anovapeneira.gal\/index.php\/2021\/04\/08\/o-trixesimo-terceiro-fragmento-do-diario-de-senlua-arraiana\/\" title=\"O trix\u00e9simo terceiro fragmento do diario de Senl\u00faa Arraiana\">[&#8230;]<\/a><\/p>\n<\/div>","protected":false},"author":13,"featured_media":2944,"comment_status":"open","ping_status":"open","sticky":false,"template":"","format":"standard","meta":{"_exactmetrics_skip_tracking":false,"_exactmetrics_sitenote_active":false,"_exactmetrics_sitenote_note":"","_exactmetrics_sitenote_category":0,"footnotes":""},"categories":[7],"tags":[235],"class_list":{"0":"post-5178","1":"post","2":"type-post","3":"status-publish","4":"format-standard","5":"has-post-thumbnail","7":"category-artigos-de-opinion","8":"tag-senlua-arraiana"},"yoast_head":"<!-- This site is optimized with the Yoast SEO plugin v27.4 - https:\/\/yoast.com\/product\/yoast-seo-wordpress\/ -->\n<title>O trix\u00e9simo terceiro fragmento do diario de Senl\u00faa Arraiana -<\/title>\n<meta name=\"description\" content=\"Este trix\u00e9simo terceiro fragmento do diario de Senl\u00faa Arraiana foi recuperado e adiantado ao noso tempo por Noitepedralonga, fiel camarada do av\u00f3 da futura l\u00edder da resistencia arraiana\" \/>\n<meta name=\"robots\" content=\"index, follow, max-snippet:-1, max-image-preview:large, max-video-preview:-1\" \/>\n<link rel=\"canonical\" href=\"https:\/\/www.anovapeneira.gal\/index.php\/2021\/04\/08\/o-trixesimo-terceiro-fragmento-do-diario-de-senlua-arraiana\/\" \/>\n<meta property=\"og:locale\" content=\"gl_ES\" \/>\n<meta property=\"og:type\" content=\"article\" \/>\n<meta property=\"og:title\" content=\"O trix\u00e9simo terceiro fragmento do diario de Senl\u00faa Arraiana -\" \/>\n<meta property=\"og:description\" content=\"Este trix\u00e9simo terceiro fragmento do diario de Senl\u00faa Arraiana foi recuperado e adiantado ao noso tempo por Noitepedralonga, fiel camarada do av\u00f3 da futura l\u00edder da resistencia arraiana\" \/>\n<meta property=\"og:url\" content=\"https:\/\/www.anovapeneira.gal\/index.php\/2021\/04\/08\/o-trixesimo-terceiro-fragmento-do-diario-de-senlua-arraiana\/\" \/>\n<meta property=\"article:publisher\" content=\"https:\/\/www.facebook.com\/anovapeneira\" \/>\n<meta property=\"article:published_time\" content=\"2021-04-08T08:00:51+00:00\" \/>\n<meta property=\"og:image\" content=\"https:\/\/www.anovapeneira.gal\/wp-content\/uploads\/2020\/04\/senlua_arraiana_a_nova_peneira_cabeceira.jpg\" \/>\n\t<meta property=\"og:image:width\" content=\"1590\" \/>\n\t<meta property=\"og:image:height\" content=\"832\" \/>\n\t<meta property=\"og:image:type\" content=\"image\/jpeg\" \/>\n<meta name=\"author\" content=\"Cristobal L\u00f3pez\" \/>\n<meta name=\"twitter:card\" content=\"summary_large_image\" \/>\n<meta name=\"twitter:creator\" content=\"@APeneira\" \/>\n<meta name=\"twitter:site\" content=\"@APeneira\" \/>\n<meta name=\"twitter:label1\" content=\"Escrito por\" \/>\n\t<meta name=\"twitter:data1\" content=\"Cristobal L\u00f3pez\" \/>\n\t<meta name=\"twitter:label2\" content=\"Tempo de lectura\" \/>\n\t<meta name=\"twitter:data2\" content=\"7 minutos\" \/>\n<script type=\"application\/ld+json\" class=\"yoast-schema-graph\">{\"@context\":\"https:\\\/\\\/schema.org\",\"@graph\":[{\"@type\":\"Article\",\"@id\":\"https:\\\/\\\/www.anovapeneira.gal\\\/index.php\\\/2021\\\/04\\\/08\\\/o-trixesimo-terceiro-fragmento-do-diario-de-senlua-arraiana\\\/#article\",\"isPartOf\":{\"@id\":\"https:\\\/\\\/www.anovapeneira.gal\\\/index.php\\\/2021\\\/04\\\/08\\\/o-trixesimo-terceiro-fragmento-do-diario-de-senlua-arraiana\\\/\"},\"author\":{\"name\":\"Cristobal L\u00f3pez\",\"@id\":\"https:\\\/\\\/www.anovapeneira.gal\\\/#\\\/schema\\\/person\\\/45b3df2338e4d898b7616809f9c5906c\"},\"headline\":\"O trix\u00e9simo terceiro fragmento do diario de Senl\u00faa Arraiana\",\"datePublished\":\"2021-04-08T08:00:51+00:00\",\"mainEntityOfPage\":{\"@id\":\"https:\\\/\\\/www.anovapeneira.gal\\\/index.php\\\/2021\\\/04\\\/08\\\/o-trixesimo-terceiro-fragmento-do-diario-de-senlua-arraiana\\\/\"},\"wordCount\":1581,\"commentCount\":0,\"publisher\":{\"@id\":\"https:\\\/\\\/www.anovapeneira.gal\\\/#organization\"},\"image\":{\"@id\":\"https:\\\/\\\/www.anovapeneira.gal\\\/index.php\\\/2021\\\/04\\\/08\\\/o-trixesimo-terceiro-fragmento-do-diario-de-senlua-arraiana\\\/#primaryimage\"},\"thumbnailUrl\":\"https:\\\/\\\/www.anovapeneira.gal\\\/wp-content\\\/uploads\\\/2020\\\/04\\\/senlua_arraiana_a_nova_peneira_cabeceira.jpg\",\"keywords\":[\"Senl\u00faa Arraiana\"],\"articleSection\":[\"Artigos de opini\u00f3n\"],\"inLanguage\":\"gl-ES\",\"potentialAction\":[{\"@type\":\"CommentAction\",\"name\":\"Comment\",\"target\":[\"https:\\\/\\\/www.anovapeneira.gal\\\/index.php\\\/2021\\\/04\\\/08\\\/o-trixesimo-terceiro-fragmento-do-diario-de-senlua-arraiana\\\/#respond\"]}]},{\"@type\":\"WebPage\",\"@id\":\"https:\\\/\\\/www.anovapeneira.gal\\\/index.php\\\/2021\\\/04\\\/08\\\/o-trixesimo-terceiro-fragmento-do-diario-de-senlua-arraiana\\\/\",\"url\":\"https:\\\/\\\/www.anovapeneira.gal\\\/index.php\\\/2021\\\/04\\\/08\\\/o-trixesimo-terceiro-fragmento-do-diario-de-senlua-arraiana\\\/\",\"name\":\"O trix\u00e9simo terceiro fragmento do diario de Senl\u00faa Arraiana -\",\"isPartOf\":{\"@id\":\"https:\\\/\\\/www.anovapeneira.gal\\\/#website\"},\"primaryImageOfPage\":{\"@id\":\"https:\\\/\\\/www.anovapeneira.gal\\\/index.php\\\/2021\\\/04\\\/08\\\/o-trixesimo-terceiro-fragmento-do-diario-de-senlua-arraiana\\\/#primaryimage\"},\"image\":{\"@id\":\"https:\\\/\\\/www.anovapeneira.gal\\\/index.php\\\/2021\\\/04\\\/08\\\/o-trixesimo-terceiro-fragmento-do-diario-de-senlua-arraiana\\\/#primaryimage\"},\"thumbnailUrl\":\"https:\\\/\\\/www.anovapeneira.gal\\\/wp-content\\\/uploads\\\/2020\\\/04\\\/senlua_arraiana_a_nova_peneira_cabeceira.jpg\",\"datePublished\":\"2021-04-08T08:00:51+00:00\",\"description\":\"Este trix\u00e9simo terceiro fragmento do diario de Senl\u00faa Arraiana foi recuperado e adiantado ao noso tempo por Noitepedralonga, fiel camarada do av\u00f3 da futura l\u00edder da resistencia arraiana\",\"breadcrumb\":{\"@id\":\"https:\\\/\\\/www.anovapeneira.gal\\\/index.php\\\/2021\\\/04\\\/08\\\/o-trixesimo-terceiro-fragmento-do-diario-de-senlua-arraiana\\\/#breadcrumb\"},\"inLanguage\":\"gl-ES\",\"potentialAction\":[{\"@type\":\"ReadAction\",\"target\":[\"https:\\\/\\\/www.anovapeneira.gal\\\/index.php\\\/2021\\\/04\\\/08\\\/o-trixesimo-terceiro-fragmento-do-diario-de-senlua-arraiana\\\/\"]}]},{\"@type\":\"ImageObject\",\"inLanguage\":\"gl-ES\",\"@id\":\"https:\\\/\\\/www.anovapeneira.gal\\\/index.php\\\/2021\\\/04\\\/08\\\/o-trixesimo-terceiro-fragmento-do-diario-de-senlua-arraiana\\\/#primaryimage\",\"url\":\"https:\\\/\\\/www.anovapeneira.gal\\\/wp-content\\\/uploads\\\/2020\\\/04\\\/senlua_arraiana_a_nova_peneira_cabeceira.jpg\",\"contentUrl\":\"https:\\\/\\\/www.anovapeneira.gal\\\/wp-content\\\/uploads\\\/2020\\\/04\\\/senlua_arraiana_a_nova_peneira_cabeceira.jpg\",\"width\":1590,\"height\":832,\"caption\":\"Senl\u00faa Arraiana A Nova Peneira\"},{\"@type\":\"BreadcrumbList\",\"@id\":\"https:\\\/\\\/www.anovapeneira.gal\\\/index.php\\\/2021\\\/04\\\/08\\\/o-trixesimo-terceiro-fragmento-do-diario-de-senlua-arraiana\\\/#breadcrumb\",\"itemListElement\":[{\"@type\":\"ListItem\",\"position\":1,\"name\":\"Portada\",\"item\":\"https:\\\/\\\/www.anovapeneira.gal\\\/\"},{\"@type\":\"ListItem\",\"position\":2,\"name\":\"O trix\u00e9simo terceiro fragmento do diario de Senl\u00faa Arraiana\"}]},{\"@type\":\"WebSite\",\"@id\":\"https:\\\/\\\/www.anovapeneira.gal\\\/#website\",\"url\":\"https:\\\/\\\/www.anovapeneira.gal\\\/\",\"name\":\"\",\"description\":\"Xornal galego de informaci\u00f3n xeral Publicaci\u00f3n mensual de novas de Galicia e en especial dos Concellos da sur da provincia de Pontevedra.\",\"publisher\":{\"@id\":\"https:\\\/\\\/www.anovapeneira.gal\\\/#organization\"},\"potentialAction\":[{\"@type\":\"SearchAction\",\"target\":{\"@type\":\"EntryPoint\",\"urlTemplate\":\"https:\\\/\\\/www.anovapeneira.gal\\\/?s={search_term_string}\"},\"query-input\":{\"@type\":\"PropertyValueSpecification\",\"valueRequired\":true,\"valueName\":\"search_term_string\"}}],\"inLanguage\":\"gl-ES\"},{\"@type\":\"Organization\",\"@id\":\"https:\\\/\\\/www.anovapeneira.gal\\\/#organization\",\"name\":\"A Nova Peneira\",\"url\":\"https:\\\/\\\/www.anovapeneira.gal\\\/\",\"logo\":{\"@type\":\"ImageObject\",\"inLanguage\":\"gl-ES\",\"@id\":\"https:\\\/\\\/www.anovapeneira.gal\\\/#\\\/schema\\\/logo\\\/image\\\/\",\"url\":\"http:\\\/\\\/www.anovapeneira.gal\\\/wp-content\\\/uploads\\\/2019\\\/06\\\/logo_a_nova_peneira_portal_web.png\",\"contentUrl\":\"http:\\\/\\\/www.anovapeneira.gal\\\/wp-content\\\/uploads\\\/2019\\\/06\\\/logo_a_nova_peneira_portal_web.png\",\"width\":300,\"height\":100,\"caption\":\"A Nova Peneira\"},\"image\":{\"@id\":\"https:\\\/\\\/www.anovapeneira.gal\\\/#\\\/schema\\\/logo\\\/image\\\/\"},\"sameAs\":[\"https:\\\/\\\/www.facebook.com\\\/anovapeneira\",\"https:\\\/\\\/x.com\\\/APeneira\"]},{\"@type\":\"Person\",\"@id\":\"https:\\\/\\\/www.anovapeneira.gal\\\/#\\\/schema\\\/person\\\/45b3df2338e4d898b7616809f9c5906c\",\"name\":\"Cristobal L\u00f3pez\",\"image\":{\"@type\":\"ImageObject\",\"inLanguage\":\"gl-ES\",\"@id\":\"https:\\\/\\\/secure.gravatar.com\\\/avatar\\\/b537cf06ef8166c9ef72b09f4d5f6446b1e22ea99505d94e40b8685710482f79?s=96&d=mm&r=g\",\"url\":\"https:\\\/\\\/secure.gravatar.com\\\/avatar\\\/b537cf06ef8166c9ef72b09f4d5f6446b1e22ea99505d94e40b8685710482f79?s=96&d=mm&r=g\",\"contentUrl\":\"https:\\\/\\\/secure.gravatar.com\\\/avatar\\\/b537cf06ef8166c9ef72b09f4d5f6446b1e22ea99505d94e40b8685710482f79?s=96&d=mm&r=g\",\"caption\":\"Cristobal L\u00f3pez\"},\"sameAs\":[\"http:\\\/\\\/anovapeneira.gal\"],\"url\":\"https:\\\/\\\/www.anovapeneira.gal\\\/index.php\\\/author\\\/opinioncristoballopez\\\/\"}]}<\/script>\n<!-- \/ Yoast SEO plugin. -->","yoast_head_json":{"title":"O trix\u00e9simo terceiro fragmento do diario de Senl\u00faa Arraiana -","description":"Este trix\u00e9simo terceiro fragmento do diario de Senl\u00faa Arraiana foi recuperado e adiantado ao noso tempo por Noitepedralonga, fiel camarada do av\u00f3 da futura l\u00edder da resistencia arraiana","robots":{"index":"index","follow":"follow","max-snippet":"max-snippet:-1","max-image-preview":"max-image-preview:large","max-video-preview":"max-video-preview:-1"},"canonical":"https:\/\/www.anovapeneira.gal\/index.php\/2021\/04\/08\/o-trixesimo-terceiro-fragmento-do-diario-de-senlua-arraiana\/","og_locale":"gl_ES","og_type":"article","og_title":"O trix\u00e9simo terceiro fragmento do diario de Senl\u00faa Arraiana -","og_description":"Este trix\u00e9simo terceiro fragmento do diario de Senl\u00faa Arraiana foi recuperado e adiantado ao noso tempo por Noitepedralonga, fiel camarada do av\u00f3 da futura l\u00edder da resistencia arraiana","og_url":"https:\/\/www.anovapeneira.gal\/index.php\/2021\/04\/08\/o-trixesimo-terceiro-fragmento-do-diario-de-senlua-arraiana\/","article_publisher":"https:\/\/www.facebook.com\/anovapeneira","article_published_time":"2021-04-08T08:00:51+00:00","og_image":[{"width":1590,"height":832,"url":"https:\/\/www.anovapeneira.gal\/wp-content\/uploads\/2020\/04\/senlua_arraiana_a_nova_peneira_cabeceira.jpg","type":"image\/jpeg"}],"author":"Cristobal L\u00f3pez","twitter_card":"summary_large_image","twitter_creator":"@APeneira","twitter_site":"@APeneira","twitter_misc":{"Escrito por":"Cristobal L\u00f3pez","Tempo de lectura":"7 minutos"},"schema":{"@context":"https:\/\/schema.org","@graph":[{"@type":"Article","@id":"https:\/\/www.anovapeneira.gal\/index.php\/2021\/04\/08\/o-trixesimo-terceiro-fragmento-do-diario-de-senlua-arraiana\/#article","isPartOf":{"@id":"https:\/\/www.anovapeneira.gal\/index.php\/2021\/04\/08\/o-trixesimo-terceiro-fragmento-do-diario-de-senlua-arraiana\/"},"author":{"name":"Cristobal L\u00f3pez","@id":"https:\/\/www.anovapeneira.gal\/#\/schema\/person\/45b3df2338e4d898b7616809f9c5906c"},"headline":"O trix\u00e9simo terceiro fragmento do diario de Senl\u00faa Arraiana","datePublished":"2021-04-08T08:00:51+00:00","mainEntityOfPage":{"@id":"https:\/\/www.anovapeneira.gal\/index.php\/2021\/04\/08\/o-trixesimo-terceiro-fragmento-do-diario-de-senlua-arraiana\/"},"wordCount":1581,"commentCount":0,"publisher":{"@id":"https:\/\/www.anovapeneira.gal\/#organization"},"image":{"@id":"https:\/\/www.anovapeneira.gal\/index.php\/2021\/04\/08\/o-trixesimo-terceiro-fragmento-do-diario-de-senlua-arraiana\/#primaryimage"},"thumbnailUrl":"https:\/\/www.anovapeneira.gal\/wp-content\/uploads\/2020\/04\/senlua_arraiana_a_nova_peneira_cabeceira.jpg","keywords":["Senl\u00faa Arraiana"],"articleSection":["Artigos de opini\u00f3n"],"inLanguage":"gl-ES","potentialAction":[{"@type":"CommentAction","name":"Comment","target":["https:\/\/www.anovapeneira.gal\/index.php\/2021\/04\/08\/o-trixesimo-terceiro-fragmento-do-diario-de-senlua-arraiana\/#respond"]}]},{"@type":"WebPage","@id":"https:\/\/www.anovapeneira.gal\/index.php\/2021\/04\/08\/o-trixesimo-terceiro-fragmento-do-diario-de-senlua-arraiana\/","url":"https:\/\/www.anovapeneira.gal\/index.php\/2021\/04\/08\/o-trixesimo-terceiro-fragmento-do-diario-de-senlua-arraiana\/","name":"O trix\u00e9simo terceiro fragmento do diario de Senl\u00faa Arraiana -","isPartOf":{"@id":"https:\/\/www.anovapeneira.gal\/#website"},"primaryImageOfPage":{"@id":"https:\/\/www.anovapeneira.gal\/index.php\/2021\/04\/08\/o-trixesimo-terceiro-fragmento-do-diario-de-senlua-arraiana\/#primaryimage"},"image":{"@id":"https:\/\/www.anovapeneira.gal\/index.php\/2021\/04\/08\/o-trixesimo-terceiro-fragmento-do-diario-de-senlua-arraiana\/#primaryimage"},"thumbnailUrl":"https:\/\/www.anovapeneira.gal\/wp-content\/uploads\/2020\/04\/senlua_arraiana_a_nova_peneira_cabeceira.jpg","datePublished":"2021-04-08T08:00:51+00:00","description":"Este trix\u00e9simo terceiro fragmento do diario de Senl\u00faa Arraiana foi recuperado e adiantado ao noso tempo por Noitepedralonga, fiel camarada do av\u00f3 da futura l\u00edder da resistencia arraiana","breadcrumb":{"@id":"https:\/\/www.anovapeneira.gal\/index.php\/2021\/04\/08\/o-trixesimo-terceiro-fragmento-do-diario-de-senlua-arraiana\/#breadcrumb"},"inLanguage":"gl-ES","potentialAction":[{"@type":"ReadAction","target":["https:\/\/www.anovapeneira.gal\/index.php\/2021\/04\/08\/o-trixesimo-terceiro-fragmento-do-diario-de-senlua-arraiana\/"]}]},{"@type":"ImageObject","inLanguage":"gl-ES","@id":"https:\/\/www.anovapeneira.gal\/index.php\/2021\/04\/08\/o-trixesimo-terceiro-fragmento-do-diario-de-senlua-arraiana\/#primaryimage","url":"https:\/\/www.anovapeneira.gal\/wp-content\/uploads\/2020\/04\/senlua_arraiana_a_nova_peneira_cabeceira.jpg","contentUrl":"https:\/\/www.anovapeneira.gal\/wp-content\/uploads\/2020\/04\/senlua_arraiana_a_nova_peneira_cabeceira.jpg","width":1590,"height":832,"caption":"Senl\u00faa Arraiana A Nova Peneira"},{"@type":"BreadcrumbList","@id":"https:\/\/www.anovapeneira.gal\/index.php\/2021\/04\/08\/o-trixesimo-terceiro-fragmento-do-diario-de-senlua-arraiana\/#breadcrumb","itemListElement":[{"@type":"ListItem","position":1,"name":"Portada","item":"https:\/\/www.anovapeneira.gal\/"},{"@type":"ListItem","position":2,"name":"O trix\u00e9simo terceiro fragmento do diario de Senl\u00faa Arraiana"}]},{"@type":"WebSite","@id":"https:\/\/www.anovapeneira.gal\/#website","url":"https:\/\/www.anovapeneira.gal\/","name":"","description":"Xornal galego de informaci\u00f3n xeral Publicaci\u00f3n mensual de novas de Galicia e en especial dos Concellos da sur da provincia de Pontevedra.","publisher":{"@id":"https:\/\/www.anovapeneira.gal\/#organization"},"potentialAction":[{"@type":"SearchAction","target":{"@type":"EntryPoint","urlTemplate":"https:\/\/www.anovapeneira.gal\/?s={search_term_string}"},"query-input":{"@type":"PropertyValueSpecification","valueRequired":true,"valueName":"search_term_string"}}],"inLanguage":"gl-ES"},{"@type":"Organization","@id":"https:\/\/www.anovapeneira.gal\/#organization","name":"A Nova Peneira","url":"https:\/\/www.anovapeneira.gal\/","logo":{"@type":"ImageObject","inLanguage":"gl-ES","@id":"https:\/\/www.anovapeneira.gal\/#\/schema\/logo\/image\/","url":"http:\/\/www.anovapeneira.gal\/wp-content\/uploads\/2019\/06\/logo_a_nova_peneira_portal_web.png","contentUrl":"http:\/\/www.anovapeneira.gal\/wp-content\/uploads\/2019\/06\/logo_a_nova_peneira_portal_web.png","width":300,"height":100,"caption":"A Nova Peneira"},"image":{"@id":"https:\/\/www.anovapeneira.gal\/#\/schema\/logo\/image\/"},"sameAs":["https:\/\/www.facebook.com\/anovapeneira","https:\/\/x.com\/APeneira"]},{"@type":"Person","@id":"https:\/\/www.anovapeneira.gal\/#\/schema\/person\/45b3df2338e4d898b7616809f9c5906c","name":"Cristobal L\u00f3pez","image":{"@type":"ImageObject","inLanguage":"gl-ES","@id":"https:\/\/secure.gravatar.com\/avatar\/b537cf06ef8166c9ef72b09f4d5f6446b1e22ea99505d94e40b8685710482f79?s=96&d=mm&r=g","url":"https:\/\/secure.gravatar.com\/avatar\/b537cf06ef8166c9ef72b09f4d5f6446b1e22ea99505d94e40b8685710482f79?s=96&d=mm&r=g","contentUrl":"https:\/\/secure.gravatar.com\/avatar\/b537cf06ef8166c9ef72b09f4d5f6446b1e22ea99505d94e40b8685710482f79?s=96&d=mm&r=g","caption":"Cristobal L\u00f3pez"},"sameAs":["http:\/\/anovapeneira.gal"],"url":"https:\/\/www.anovapeneira.gal\/index.php\/author\/opinioncristoballopez\/"}]}},"jetpack_featured_media_url":"https:\/\/www.anovapeneira.gal\/wp-content\/uploads\/2020\/04\/senlua_arraiana_a_nova_peneira_cabeceira.jpg","_links":{"self":[{"href":"https:\/\/www.anovapeneira.gal\/index.php\/wp-json\/wp\/v2\/posts\/5178","targetHints":{"allow":["GET"]}}],"collection":[{"href":"https:\/\/www.anovapeneira.gal\/index.php\/wp-json\/wp\/v2\/posts"}],"about":[{"href":"https:\/\/www.anovapeneira.gal\/index.php\/wp-json\/wp\/v2\/types\/post"}],"author":[{"embeddable":true,"href":"https:\/\/www.anovapeneira.gal\/index.php\/wp-json\/wp\/v2\/users\/13"}],"replies":[{"embeddable":true,"href":"https:\/\/www.anovapeneira.gal\/index.php\/wp-json\/wp\/v2\/comments?post=5178"}],"version-history":[{"count":6,"href":"https:\/\/www.anovapeneira.gal\/index.php\/wp-json\/wp\/v2\/posts\/5178\/revisions"}],"predecessor-version":[{"id":5185,"href":"https:\/\/www.anovapeneira.gal\/index.php\/wp-json\/wp\/v2\/posts\/5178\/revisions\/5185"}],"wp:featuredmedia":[{"embeddable":true,"href":"https:\/\/www.anovapeneira.gal\/index.php\/wp-json\/wp\/v2\/media\/2944"}],"wp:attachment":[{"href":"https:\/\/www.anovapeneira.gal\/index.php\/wp-json\/wp\/v2\/media?parent=5178"}],"wp:term":[{"taxonomy":"category","embeddable":true,"href":"https:\/\/www.anovapeneira.gal\/index.php\/wp-json\/wp\/v2\/categories?post=5178"},{"taxonomy":"post_tag","embeddable":true,"href":"https:\/\/www.anovapeneira.gal\/index.php\/wp-json\/wp\/v2\/tags?post=5178"}],"curies":[{"name":"wp","href":"https:\/\/api.w.org\/{rel}","templated":true}]}}