{"id":5188,"date":"2021-04-09T10:00:20","date_gmt":"2021-04-09T08:00:20","guid":{"rendered":"http:\/\/www.anovapeneira.gal\/?p=5188"},"modified":"2021-04-06T08:18:44","modified_gmt":"2021-04-06T06:18:44","slug":"a-mesa-insta-a-xunta-e-estado-a-dialogar-sobre-o-galego-e-a-acatar-as-recomendacions-de-obrigado-cumprimento-do-consello-de-europa","status":"publish","type":"post","link":"https:\/\/www.anovapeneira.gal\/index.php\/2021\/04\/09\/a-mesa-insta-a-xunta-e-estado-a-dialogar-sobre-o-galego-e-a-acatar-as-recomendacions-de-obrigado-cumprimento-do-consello-de-europa\/","title":{"rendered":"A Mesa insta a Xunta e Estado a dialogar sobre o galego e a acatar as recomendaci\u00f3ns de obrigado cumprimento do Consello de Europa"},"content":{"rendered":"\n<p><strong>Santiago de Compostela, 3 de abril de 2021<\/strong><\/p>\n\n\n\n<p>O Consello de Europa v\u00e9n de facer p\u00fablico o <a href=\"https:\/\/www.amesa.gal\/wp-content\/uploads\/spainevaliria5-pdf.pdf\"><u>informe de avaliaci\u00f3n a medio termo<\/u><\/a> do 5\u00ba ciclo de avaliaci\u00f3n da Carta Europea das Linguas Rexionais e Minorizadas elaborado polo Comit\u00e9 de expertos deste tratado internacional, onde se constatan de novo os incumprimentos respecto ao galego. O documento insta ademais a informar das acci\u00f3ns tomadas para cumprir o tratado <strong>antes do 1 de agosto de 2023<\/strong>.<\/p>\n\n\n\n<p>O informe sinala a gravidade da situaci\u00f3n no ensino, indicando que segundo o compromiso do Estado e da Xunta &#8220;o ensino debe ter o galego como lingua de instruci\u00f3n&#8221; e que &#8220;o marco legal actual \u00e9 contrario aos compromisos do Estado espa\u00f1ol&#8221;, polo que &#8220;non todas as limitaci\u00f3n ao ensino en galego foron eliminadas&#8221; tal e como est\u00e1 comprometido. Neste sentido alerta sobre o feito de que o 23,9 % de menores de 15 anos non sexan capaces de se expresaren en galego.<\/p>\n\n\n\n<p>A respecto da Xustiza, o Consello de Europa contin\u00faa a insistir na necesidade de asegurar o uso do galego nos procedementos xudiciais a petici\u00f3n dunha das partes, a trav\u00e9s da reforma da Lei org\u00e1nica do poder xudicial.<\/p>\n\n\n\n<p>O Consello de Europa insta ademais a inclu\u00edr a protecci\u00f3n do galego nos estatutos de Asturias, Castela e Le\u00f3n e Extremadura nos territorios destas comunidades aut\u00f3nomas onde se fala. o ignored<\/p>\n\n\n\n<p>o ignored &nbsp;<\/p>\n\n\n\n<p><strong>Presi\u00f3ns do Goberno espa\u00f1ol e Xunta<\/strong>A Mesa pola Normalizaci\u00f3n xa denunciou en febreiro deste ano as manipulaci\u00f3ns do datos oferecidos polo Estado ao Comit\u00e9 de expertos para esta avaliaci\u00f3n, que foron contestados pola Mesa a petici\u00f3n do propio comit\u00e9 de expertos. O informe documentado e detallado presentado pola Mesa foi tido amplamente en conta polo Comit\u00e9 de expertos que non cedeu \u00e1 presi\u00f3n do goberno espa\u00f1ol e da Xunta.<\/p>\n\n\n\n<p>A Mesa insiste en que a Xunta debe sentarse, falar e chegar a un acordo sobre o galego no ensino cos sindicatos, movementos de renovaci\u00f3n pedag\u00f3xica, asociaci\u00f3n de nais e pais e a propia Mesa, que elaboraron unha <a href=\"https:\/\/www.amesa.gal\/wp-content\/uploads\/propostanormensinoa4-pdf.pdf\"><u>proposta de bases para a normalizaci\u00f3n no ensino<\/u><\/a>, a \u00fanica proposta existente neste momento que cumpre coas exixencias do Consello de Europa.<\/p>\n\n\n\n<p>A entidade en defensa da lingua xunto a outras entidades do Estado presentou o pasado 9 de marzo unha iniciativa no Congreso instando a facer efectiva a Carta Europea das Linguas. A\u00ednda que finalmente <a href=\"https:\/\/www.amesa.gal\/noticias\/noticias-da-mesa\/a-mesa-considera-un-pequeno-paso-cara-a-igualdade-a-aprobacion-no-congreso-espanol-de-parte-da-inl-para-garantir-o-uso-da-lingua-propia-a-toda-a-cidadania\"><u>foron aprobados 3 dos 8 puntos propostos<\/u><\/a>, a Mesa s\u00e9guese a coordinar coas outras entidades para que o Estado avance no cumprimento dos seus compromisos e nuns d\u00edas anunciar\u00e1n novas acci\u00f3ns.<\/p>\n","protected":false},"excerpt":{"rendered":"<div class=\"mh-excerpt\"><p>O Consello de Europa v\u00e9n de facer p\u00fablico o informe de avaliaci\u00f3n a medio termo do 5\u00ba ciclo de avaliaci\u00f3n da Carta Europea das Linguas Rexionais e Minorizadas elaborado polo Comit\u00e9 de expertos deste tratado internacional, onde se constatan de novo os incumprimentos respecto ao galego <a class=\"mh-excerpt-more\" href=\"https:\/\/www.anovapeneira.gal\/index.php\/2021\/04\/09\/a-mesa-insta-a-xunta-e-estado-a-dialogar-sobre-o-galego-e-a-acatar-as-recomendacions-de-obrigado-cumprimento-do-consello-de-europa\/\" title=\"A Mesa insta a Xunta e Estado a dialogar sobre o galego e a acatar as recomendaci\u00f3ns de obrigado cumprimento do Consello de Europa\">[&#8230;]<\/a><\/p>\n<\/div>","protected":false},"author":3,"featured_media":1422,"comment_status":"open","ping_status":"open","sticky":false,"template":"","format":"standard","meta":{"_exactmetrics_skip_tracking":false,"_exactmetrics_sitenote_active":false,"_exactmetrics_sitenote_note":"","_exactmetrics_sitenote_category":0,"footnotes":""},"categories":[263],"tags":[684],"class_list":{"0":"post-5188","1":"post","2":"type-post","3":"status-publish","4":"format-standard","5":"has-post-thumbnail","7":"category-novas","8":"tag-mesa-pola-normalizacion-linguistica-para-galicia"},"yoast_head":"<!-- This site is optimized with the Yoast SEO plugin v27.4 - https:\/\/yoast.com\/product\/yoast-seo-wordpress\/ -->\n<title>A Mesa insta a Xunta e Estado a dialogar sobre o galego e a acatar as recomendaci\u00f3ns de obrigado cumprimento do Consello de Europa -<\/title>\n<meta name=\"description\" content=\"O Consello de Europa v\u00e9n de facer p\u00fablico o informe de avaliaci\u00f3n a medio termo do 5\u00ba ciclo de avaliaci\u00f3n da Carta Europea das Linguas Rexionais e Minorizadas elaborado polo Comit\u00e9 de expertos deste tratado internacional, onde se constatan de novo os incumprimentos respecto ao galego\" \/>\n<meta name=\"robots\" content=\"index, follow, max-snippet:-1, max-image-preview:large, max-video-preview:-1\" \/>\n<link rel=\"canonical\" href=\"https:\/\/www.anovapeneira.gal\/index.php\/2021\/04\/09\/a-mesa-insta-a-xunta-e-estado-a-dialogar-sobre-o-galego-e-a-acatar-as-recomendacions-de-obrigado-cumprimento-do-consello-de-europa\/\" \/>\n<meta property=\"og:locale\" content=\"gl_ES\" \/>\n<meta property=\"og:type\" content=\"article\" \/>\n<meta property=\"og:title\" content=\"A Mesa insta a Xunta e Estado a dialogar sobre o galego e a acatar as recomendaci\u00f3ns de obrigado cumprimento do Consello de Europa -\" \/>\n<meta property=\"og:description\" content=\"O Consello de Europa v\u00e9n de facer p\u00fablico o informe de avaliaci\u00f3n a medio termo do 5\u00ba ciclo de avaliaci\u00f3n da Carta Europea das Linguas Rexionais e Minorizadas elaborado polo Comit\u00e9 de expertos deste tratado internacional, onde se constatan de novo os incumprimentos respecto ao galego\" \/>\n<meta property=\"og:url\" content=\"https:\/\/www.anovapeneira.gal\/index.php\/2021\/04\/09\/a-mesa-insta-a-xunta-e-estado-a-dialogar-sobre-o-galego-e-a-acatar-as-recomendacions-de-obrigado-cumprimento-do-consello-de-europa\/\" \/>\n<meta property=\"article:publisher\" content=\"https:\/\/www.facebook.com\/anovapeneira\" \/>\n<meta property=\"article:published_time\" content=\"2021-04-09T08:00:20+00:00\" \/>\n<meta property=\"og:image\" content=\"https:\/\/www.anovapeneira.gal\/wp-content\/uploads\/2019\/09\/a_mesa_normalizacion_linguisticas_a_nova_peneira.jpg\" \/>\n\t<meta property=\"og:image:width\" content=\"720\" \/>\n\t<meta property=\"og:image:height\" content=\"473\" \/>\n\t<meta property=\"og:image:type\" content=\"image\/jpeg\" \/>\n<meta name=\"author\" content=\"Redacci\u00f3n A Nova Peneira\" \/>\n<meta name=\"twitter:card\" content=\"summary_large_image\" \/>\n<meta name=\"twitter:creator\" content=\"@APeneira\" \/>\n<meta name=\"twitter:site\" content=\"@APeneira\" \/>\n<meta name=\"twitter:label1\" content=\"Escrito por\" \/>\n\t<meta name=\"twitter:data1\" content=\"Redacci\u00f3n A Nova Peneira\" \/>\n\t<meta name=\"twitter:label2\" content=\"Tempo de lectura\" \/>\n\t<meta name=\"twitter:data2\" content=\"2 minutos\" \/>\n<script type=\"application\/ld+json\" class=\"yoast-schema-graph\">{\"@context\":\"https:\\\/\\\/schema.org\",\"@graph\":[{\"@type\":\"Article\",\"@id\":\"https:\\\/\\\/www.anovapeneira.gal\\\/index.php\\\/2021\\\/04\\\/09\\\/a-mesa-insta-a-xunta-e-estado-a-dialogar-sobre-o-galego-e-a-acatar-as-recomendacions-de-obrigado-cumprimento-do-consello-de-europa\\\/#article\",\"isPartOf\":{\"@id\":\"https:\\\/\\\/www.anovapeneira.gal\\\/index.php\\\/2021\\\/04\\\/09\\\/a-mesa-insta-a-xunta-e-estado-a-dialogar-sobre-o-galego-e-a-acatar-as-recomendacions-de-obrigado-cumprimento-do-consello-de-europa\\\/\"},\"author\":{\"name\":\"Redacci\u00f3n A Nova Peneira\",\"@id\":\"https:\\\/\\\/www.anovapeneira.gal\\\/#\\\/schema\\\/person\\\/b93e3f8932e3f8da96334607eb6ac6aa\"},\"headline\":\"A Mesa insta a Xunta e Estado a dialogar sobre o galego e a acatar as recomendaci\u00f3ns de obrigado cumprimento do Consello de Europa\",\"datePublished\":\"2021-04-09T08:00:20+00:00\",\"mainEntityOfPage\":{\"@id\":\"https:\\\/\\\/www.anovapeneira.gal\\\/index.php\\\/2021\\\/04\\\/09\\\/a-mesa-insta-a-xunta-e-estado-a-dialogar-sobre-o-galego-e-a-acatar-as-recomendacions-de-obrigado-cumprimento-do-consello-de-europa\\\/\"},\"wordCount\":468,\"commentCount\":0,\"publisher\":{\"@id\":\"https:\\\/\\\/www.anovapeneira.gal\\\/#organization\"},\"image\":{\"@id\":\"https:\\\/\\\/www.anovapeneira.gal\\\/index.php\\\/2021\\\/04\\\/09\\\/a-mesa-insta-a-xunta-e-estado-a-dialogar-sobre-o-galego-e-a-acatar-as-recomendacions-de-obrigado-cumprimento-do-consello-de-europa\\\/#primaryimage\"},\"thumbnailUrl\":\"https:\\\/\\\/www.anovapeneira.gal\\\/wp-content\\\/uploads\\\/2019\\\/09\\\/a_mesa_normalizacion_linguisticas_a_nova_peneira.jpg\",\"keywords\":[\"Mesa pola normalizaci\u00f3n ling\u00fc\u00edstica para Galicia\"],\"articleSection\":[\"Novas\"],\"inLanguage\":\"gl-ES\",\"potentialAction\":[{\"@type\":\"CommentAction\",\"name\":\"Comment\",\"target\":[\"https:\\\/\\\/www.anovapeneira.gal\\\/index.php\\\/2021\\\/04\\\/09\\\/a-mesa-insta-a-xunta-e-estado-a-dialogar-sobre-o-galego-e-a-acatar-as-recomendacions-de-obrigado-cumprimento-do-consello-de-europa\\\/#respond\"]}]},{\"@type\":\"WebPage\",\"@id\":\"https:\\\/\\\/www.anovapeneira.gal\\\/index.php\\\/2021\\\/04\\\/09\\\/a-mesa-insta-a-xunta-e-estado-a-dialogar-sobre-o-galego-e-a-acatar-as-recomendacions-de-obrigado-cumprimento-do-consello-de-europa\\\/\",\"url\":\"https:\\\/\\\/www.anovapeneira.gal\\\/index.php\\\/2021\\\/04\\\/09\\\/a-mesa-insta-a-xunta-e-estado-a-dialogar-sobre-o-galego-e-a-acatar-as-recomendacions-de-obrigado-cumprimento-do-consello-de-europa\\\/\",\"name\":\"A Mesa insta a Xunta e Estado a dialogar sobre o galego e a acatar as recomendaci\u00f3ns de obrigado cumprimento do Consello de Europa -\",\"isPartOf\":{\"@id\":\"https:\\\/\\\/www.anovapeneira.gal\\\/#website\"},\"primaryImageOfPage\":{\"@id\":\"https:\\\/\\\/www.anovapeneira.gal\\\/index.php\\\/2021\\\/04\\\/09\\\/a-mesa-insta-a-xunta-e-estado-a-dialogar-sobre-o-galego-e-a-acatar-as-recomendacions-de-obrigado-cumprimento-do-consello-de-europa\\\/#primaryimage\"},\"image\":{\"@id\":\"https:\\\/\\\/www.anovapeneira.gal\\\/index.php\\\/2021\\\/04\\\/09\\\/a-mesa-insta-a-xunta-e-estado-a-dialogar-sobre-o-galego-e-a-acatar-as-recomendacions-de-obrigado-cumprimento-do-consello-de-europa\\\/#primaryimage\"},\"thumbnailUrl\":\"https:\\\/\\\/www.anovapeneira.gal\\\/wp-content\\\/uploads\\\/2019\\\/09\\\/a_mesa_normalizacion_linguisticas_a_nova_peneira.jpg\",\"datePublished\":\"2021-04-09T08:00:20+00:00\",\"description\":\"O Consello de Europa v\u00e9n de facer p\u00fablico o informe de avaliaci\u00f3n a medio termo do 5\u00ba ciclo de avaliaci\u00f3n da Carta Europea das Linguas Rexionais e Minorizadas elaborado polo Comit\u00e9 de expertos deste tratado internacional, onde se constatan de novo os incumprimentos respecto ao galego\",\"breadcrumb\":{\"@id\":\"https:\\\/\\\/www.anovapeneira.gal\\\/index.php\\\/2021\\\/04\\\/09\\\/a-mesa-insta-a-xunta-e-estado-a-dialogar-sobre-o-galego-e-a-acatar-as-recomendacions-de-obrigado-cumprimento-do-consello-de-europa\\\/#breadcrumb\"},\"inLanguage\":\"gl-ES\",\"potentialAction\":[{\"@type\":\"ReadAction\",\"target\":[\"https:\\\/\\\/www.anovapeneira.gal\\\/index.php\\\/2021\\\/04\\\/09\\\/a-mesa-insta-a-xunta-e-estado-a-dialogar-sobre-o-galego-e-a-acatar-as-recomendacions-de-obrigado-cumprimento-do-consello-de-europa\\\/\"]}]},{\"@type\":\"ImageObject\",\"inLanguage\":\"gl-ES\",\"@id\":\"https:\\\/\\\/www.anovapeneira.gal\\\/index.php\\\/2021\\\/04\\\/09\\\/a-mesa-insta-a-xunta-e-estado-a-dialogar-sobre-o-galego-e-a-acatar-as-recomendacions-de-obrigado-cumprimento-do-consello-de-europa\\\/#primaryimage\",\"url\":\"https:\\\/\\\/www.anovapeneira.gal\\\/wp-content\\\/uploads\\\/2019\\\/09\\\/a_mesa_normalizacion_linguisticas_a_nova_peneira.jpg\",\"contentUrl\":\"https:\\\/\\\/www.anovapeneira.gal\\\/wp-content\\\/uploads\\\/2019\\\/09\\\/a_mesa_normalizacion_linguisticas_a_nova_peneira.jpg\",\"width\":720,\"height\":473,\"caption\":\"A Mesa de normalizaci\u00f3n A Nova Peneira\"},{\"@type\":\"BreadcrumbList\",\"@id\":\"https:\\\/\\\/www.anovapeneira.gal\\\/index.php\\\/2021\\\/04\\\/09\\\/a-mesa-insta-a-xunta-e-estado-a-dialogar-sobre-o-galego-e-a-acatar-as-recomendacions-de-obrigado-cumprimento-do-consello-de-europa\\\/#breadcrumb\",\"itemListElement\":[{\"@type\":\"ListItem\",\"position\":1,\"name\":\"Portada\",\"item\":\"https:\\\/\\\/www.anovapeneira.gal\\\/\"},{\"@type\":\"ListItem\",\"position\":2,\"name\":\"A Mesa insta a Xunta e Estado a dialogar sobre o galego e a acatar as recomendaci\u00f3ns de obrigado cumprimento do Consello de Europa\"}]},{\"@type\":\"WebSite\",\"@id\":\"https:\\\/\\\/www.anovapeneira.gal\\\/#website\",\"url\":\"https:\\\/\\\/www.anovapeneira.gal\\\/\",\"name\":\"\",\"description\":\"Xornal galego de informaci\u00f3n xeral Publicaci\u00f3n mensual de novas de Galicia e en especial dos Concellos da sur da provincia de Pontevedra.\",\"publisher\":{\"@id\":\"https:\\\/\\\/www.anovapeneira.gal\\\/#organization\"},\"potentialAction\":[{\"@type\":\"SearchAction\",\"target\":{\"@type\":\"EntryPoint\",\"urlTemplate\":\"https:\\\/\\\/www.anovapeneira.gal\\\/?s={search_term_string}\"},\"query-input\":{\"@type\":\"PropertyValueSpecification\",\"valueRequired\":true,\"valueName\":\"search_term_string\"}}],\"inLanguage\":\"gl-ES\"},{\"@type\":\"Organization\",\"@id\":\"https:\\\/\\\/www.anovapeneira.gal\\\/#organization\",\"name\":\"A Nova Peneira\",\"url\":\"https:\\\/\\\/www.anovapeneira.gal\\\/\",\"logo\":{\"@type\":\"ImageObject\",\"inLanguage\":\"gl-ES\",\"@id\":\"https:\\\/\\\/www.anovapeneira.gal\\\/#\\\/schema\\\/logo\\\/image\\\/\",\"url\":\"http:\\\/\\\/www.anovapeneira.gal\\\/wp-content\\\/uploads\\\/2019\\\/06\\\/logo_a_nova_peneira_portal_web.png\",\"contentUrl\":\"http:\\\/\\\/www.anovapeneira.gal\\\/wp-content\\\/uploads\\\/2019\\\/06\\\/logo_a_nova_peneira_portal_web.png\",\"width\":300,\"height\":100,\"caption\":\"A Nova Peneira\"},\"image\":{\"@id\":\"https:\\\/\\\/www.anovapeneira.gal\\\/#\\\/schema\\\/logo\\\/image\\\/\"},\"sameAs\":[\"https:\\\/\\\/www.facebook.com\\\/anovapeneira\",\"https:\\\/\\\/x.com\\\/APeneira\"]},{\"@type\":\"Person\",\"@id\":\"https:\\\/\\\/www.anovapeneira.gal\\\/#\\\/schema\\\/person\\\/b93e3f8932e3f8da96334607eb6ac6aa\",\"name\":\"Redacci\u00f3n A Nova Peneira\",\"image\":{\"@type\":\"ImageObject\",\"inLanguage\":\"gl-ES\",\"@id\":\"https:\\\/\\\/secure.gravatar.com\\\/avatar\\\/c052a2551a06e23fac63626232eaa90abd78dbcf1700fc46a2b2c89fd27b735f?s=96&d=mm&r=g\",\"url\":\"https:\\\/\\\/secure.gravatar.com\\\/avatar\\\/c052a2551a06e23fac63626232eaa90abd78dbcf1700fc46a2b2c89fd27b735f?s=96&d=mm&r=g\",\"contentUrl\":\"https:\\\/\\\/secure.gravatar.com\\\/avatar\\\/c052a2551a06e23fac63626232eaa90abd78dbcf1700fc46a2b2c89fd27b735f?s=96&d=mm&r=g\",\"caption\":\"Redacci\u00f3n A Nova Peneira\"},\"sameAs\":[\"http:\\\/\\\/www.anovapeneira.gal\\\/\"],\"url\":\"https:\\\/\\\/www.anovapeneira.gal\\\/index.php\\\/author\\\/redactor\\\/\"}]}<\/script>\n<!-- \/ Yoast SEO plugin. -->","yoast_head_json":{"title":"A Mesa insta a Xunta e Estado a dialogar sobre o galego e a acatar as recomendaci\u00f3ns de obrigado cumprimento do Consello de Europa -","description":"O Consello de Europa v\u00e9n de facer p\u00fablico o informe de avaliaci\u00f3n a medio termo do 5\u00ba ciclo de avaliaci\u00f3n da Carta Europea das Linguas Rexionais e Minorizadas elaborado polo Comit\u00e9 de expertos deste tratado internacional, onde se constatan de novo os incumprimentos respecto ao galego","robots":{"index":"index","follow":"follow","max-snippet":"max-snippet:-1","max-image-preview":"max-image-preview:large","max-video-preview":"max-video-preview:-1"},"canonical":"https:\/\/www.anovapeneira.gal\/index.php\/2021\/04\/09\/a-mesa-insta-a-xunta-e-estado-a-dialogar-sobre-o-galego-e-a-acatar-as-recomendacions-de-obrigado-cumprimento-do-consello-de-europa\/","og_locale":"gl_ES","og_type":"article","og_title":"A Mesa insta a Xunta e Estado a dialogar sobre o galego e a acatar as recomendaci\u00f3ns de obrigado cumprimento do Consello de Europa -","og_description":"O Consello de Europa v\u00e9n de facer p\u00fablico o informe de avaliaci\u00f3n a medio termo do 5\u00ba ciclo de avaliaci\u00f3n da Carta Europea das Linguas Rexionais e Minorizadas elaborado polo Comit\u00e9 de expertos deste tratado internacional, onde se constatan de novo os incumprimentos respecto ao galego","og_url":"https:\/\/www.anovapeneira.gal\/index.php\/2021\/04\/09\/a-mesa-insta-a-xunta-e-estado-a-dialogar-sobre-o-galego-e-a-acatar-as-recomendacions-de-obrigado-cumprimento-do-consello-de-europa\/","article_publisher":"https:\/\/www.facebook.com\/anovapeneira","article_published_time":"2021-04-09T08:00:20+00:00","og_image":[{"width":720,"height":473,"url":"https:\/\/www.anovapeneira.gal\/wp-content\/uploads\/2019\/09\/a_mesa_normalizacion_linguisticas_a_nova_peneira.jpg","type":"image\/jpeg"}],"author":"Redacci\u00f3n A Nova Peneira","twitter_card":"summary_large_image","twitter_creator":"@APeneira","twitter_site":"@APeneira","twitter_misc":{"Escrito por":"Redacci\u00f3n A Nova Peneira","Tempo de lectura":"2 minutos"},"schema":{"@context":"https:\/\/schema.org","@graph":[{"@type":"Article","@id":"https:\/\/www.anovapeneira.gal\/index.php\/2021\/04\/09\/a-mesa-insta-a-xunta-e-estado-a-dialogar-sobre-o-galego-e-a-acatar-as-recomendacions-de-obrigado-cumprimento-do-consello-de-europa\/#article","isPartOf":{"@id":"https:\/\/www.anovapeneira.gal\/index.php\/2021\/04\/09\/a-mesa-insta-a-xunta-e-estado-a-dialogar-sobre-o-galego-e-a-acatar-as-recomendacions-de-obrigado-cumprimento-do-consello-de-europa\/"},"author":{"name":"Redacci\u00f3n A Nova Peneira","@id":"https:\/\/www.anovapeneira.gal\/#\/schema\/person\/b93e3f8932e3f8da96334607eb6ac6aa"},"headline":"A Mesa insta a Xunta e Estado a dialogar sobre o galego e a acatar as recomendaci\u00f3ns de obrigado cumprimento do Consello de Europa","datePublished":"2021-04-09T08:00:20+00:00","mainEntityOfPage":{"@id":"https:\/\/www.anovapeneira.gal\/index.php\/2021\/04\/09\/a-mesa-insta-a-xunta-e-estado-a-dialogar-sobre-o-galego-e-a-acatar-as-recomendacions-de-obrigado-cumprimento-do-consello-de-europa\/"},"wordCount":468,"commentCount":0,"publisher":{"@id":"https:\/\/www.anovapeneira.gal\/#organization"},"image":{"@id":"https:\/\/www.anovapeneira.gal\/index.php\/2021\/04\/09\/a-mesa-insta-a-xunta-e-estado-a-dialogar-sobre-o-galego-e-a-acatar-as-recomendacions-de-obrigado-cumprimento-do-consello-de-europa\/#primaryimage"},"thumbnailUrl":"https:\/\/www.anovapeneira.gal\/wp-content\/uploads\/2019\/09\/a_mesa_normalizacion_linguisticas_a_nova_peneira.jpg","keywords":["Mesa pola normalizaci\u00f3n ling\u00fc\u00edstica para Galicia"],"articleSection":["Novas"],"inLanguage":"gl-ES","potentialAction":[{"@type":"CommentAction","name":"Comment","target":["https:\/\/www.anovapeneira.gal\/index.php\/2021\/04\/09\/a-mesa-insta-a-xunta-e-estado-a-dialogar-sobre-o-galego-e-a-acatar-as-recomendacions-de-obrigado-cumprimento-do-consello-de-europa\/#respond"]}]},{"@type":"WebPage","@id":"https:\/\/www.anovapeneira.gal\/index.php\/2021\/04\/09\/a-mesa-insta-a-xunta-e-estado-a-dialogar-sobre-o-galego-e-a-acatar-as-recomendacions-de-obrigado-cumprimento-do-consello-de-europa\/","url":"https:\/\/www.anovapeneira.gal\/index.php\/2021\/04\/09\/a-mesa-insta-a-xunta-e-estado-a-dialogar-sobre-o-galego-e-a-acatar-as-recomendacions-de-obrigado-cumprimento-do-consello-de-europa\/","name":"A Mesa insta a Xunta e Estado a dialogar sobre o galego e a acatar as recomendaci\u00f3ns de obrigado cumprimento do Consello de Europa -","isPartOf":{"@id":"https:\/\/www.anovapeneira.gal\/#website"},"primaryImageOfPage":{"@id":"https:\/\/www.anovapeneira.gal\/index.php\/2021\/04\/09\/a-mesa-insta-a-xunta-e-estado-a-dialogar-sobre-o-galego-e-a-acatar-as-recomendacions-de-obrigado-cumprimento-do-consello-de-europa\/#primaryimage"},"image":{"@id":"https:\/\/www.anovapeneira.gal\/index.php\/2021\/04\/09\/a-mesa-insta-a-xunta-e-estado-a-dialogar-sobre-o-galego-e-a-acatar-as-recomendacions-de-obrigado-cumprimento-do-consello-de-europa\/#primaryimage"},"thumbnailUrl":"https:\/\/www.anovapeneira.gal\/wp-content\/uploads\/2019\/09\/a_mesa_normalizacion_linguisticas_a_nova_peneira.jpg","datePublished":"2021-04-09T08:00:20+00:00","description":"O Consello de Europa v\u00e9n de facer p\u00fablico o informe de avaliaci\u00f3n a medio termo do 5\u00ba ciclo de avaliaci\u00f3n da Carta Europea das Linguas Rexionais e Minorizadas elaborado polo Comit\u00e9 de expertos deste tratado internacional, onde se constatan de novo os incumprimentos respecto ao galego","breadcrumb":{"@id":"https:\/\/www.anovapeneira.gal\/index.php\/2021\/04\/09\/a-mesa-insta-a-xunta-e-estado-a-dialogar-sobre-o-galego-e-a-acatar-as-recomendacions-de-obrigado-cumprimento-do-consello-de-europa\/#breadcrumb"},"inLanguage":"gl-ES","potentialAction":[{"@type":"ReadAction","target":["https:\/\/www.anovapeneira.gal\/index.php\/2021\/04\/09\/a-mesa-insta-a-xunta-e-estado-a-dialogar-sobre-o-galego-e-a-acatar-as-recomendacions-de-obrigado-cumprimento-do-consello-de-europa\/"]}]},{"@type":"ImageObject","inLanguage":"gl-ES","@id":"https:\/\/www.anovapeneira.gal\/index.php\/2021\/04\/09\/a-mesa-insta-a-xunta-e-estado-a-dialogar-sobre-o-galego-e-a-acatar-as-recomendacions-de-obrigado-cumprimento-do-consello-de-europa\/#primaryimage","url":"https:\/\/www.anovapeneira.gal\/wp-content\/uploads\/2019\/09\/a_mesa_normalizacion_linguisticas_a_nova_peneira.jpg","contentUrl":"https:\/\/www.anovapeneira.gal\/wp-content\/uploads\/2019\/09\/a_mesa_normalizacion_linguisticas_a_nova_peneira.jpg","width":720,"height":473,"caption":"A Mesa de normalizaci\u00f3n A Nova Peneira"},{"@type":"BreadcrumbList","@id":"https:\/\/www.anovapeneira.gal\/index.php\/2021\/04\/09\/a-mesa-insta-a-xunta-e-estado-a-dialogar-sobre-o-galego-e-a-acatar-as-recomendacions-de-obrigado-cumprimento-do-consello-de-europa\/#breadcrumb","itemListElement":[{"@type":"ListItem","position":1,"name":"Portada","item":"https:\/\/www.anovapeneira.gal\/"},{"@type":"ListItem","position":2,"name":"A Mesa insta a Xunta e Estado a dialogar sobre o galego e a acatar as recomendaci\u00f3ns de obrigado cumprimento do Consello de Europa"}]},{"@type":"WebSite","@id":"https:\/\/www.anovapeneira.gal\/#website","url":"https:\/\/www.anovapeneira.gal\/","name":"","description":"Xornal galego de informaci\u00f3n xeral Publicaci\u00f3n mensual de novas de Galicia e en especial dos Concellos da sur da provincia de Pontevedra.","publisher":{"@id":"https:\/\/www.anovapeneira.gal\/#organization"},"potentialAction":[{"@type":"SearchAction","target":{"@type":"EntryPoint","urlTemplate":"https:\/\/www.anovapeneira.gal\/?s={search_term_string}"},"query-input":{"@type":"PropertyValueSpecification","valueRequired":true,"valueName":"search_term_string"}}],"inLanguage":"gl-ES"},{"@type":"Organization","@id":"https:\/\/www.anovapeneira.gal\/#organization","name":"A Nova Peneira","url":"https:\/\/www.anovapeneira.gal\/","logo":{"@type":"ImageObject","inLanguage":"gl-ES","@id":"https:\/\/www.anovapeneira.gal\/#\/schema\/logo\/image\/","url":"http:\/\/www.anovapeneira.gal\/wp-content\/uploads\/2019\/06\/logo_a_nova_peneira_portal_web.png","contentUrl":"http:\/\/www.anovapeneira.gal\/wp-content\/uploads\/2019\/06\/logo_a_nova_peneira_portal_web.png","width":300,"height":100,"caption":"A Nova Peneira"},"image":{"@id":"https:\/\/www.anovapeneira.gal\/#\/schema\/logo\/image\/"},"sameAs":["https:\/\/www.facebook.com\/anovapeneira","https:\/\/x.com\/APeneira"]},{"@type":"Person","@id":"https:\/\/www.anovapeneira.gal\/#\/schema\/person\/b93e3f8932e3f8da96334607eb6ac6aa","name":"Redacci\u00f3n A Nova Peneira","image":{"@type":"ImageObject","inLanguage":"gl-ES","@id":"https:\/\/secure.gravatar.com\/avatar\/c052a2551a06e23fac63626232eaa90abd78dbcf1700fc46a2b2c89fd27b735f?s=96&d=mm&r=g","url":"https:\/\/secure.gravatar.com\/avatar\/c052a2551a06e23fac63626232eaa90abd78dbcf1700fc46a2b2c89fd27b735f?s=96&d=mm&r=g","contentUrl":"https:\/\/secure.gravatar.com\/avatar\/c052a2551a06e23fac63626232eaa90abd78dbcf1700fc46a2b2c89fd27b735f?s=96&d=mm&r=g","caption":"Redacci\u00f3n A Nova Peneira"},"sameAs":["http:\/\/www.anovapeneira.gal\/"],"url":"https:\/\/www.anovapeneira.gal\/index.php\/author\/redactor\/"}]}},"jetpack_featured_media_url":"https:\/\/www.anovapeneira.gal\/wp-content\/uploads\/2019\/09\/a_mesa_normalizacion_linguisticas_a_nova_peneira.jpg","_links":{"self":[{"href":"https:\/\/www.anovapeneira.gal\/index.php\/wp-json\/wp\/v2\/posts\/5188","targetHints":{"allow":["GET"]}}],"collection":[{"href":"https:\/\/www.anovapeneira.gal\/index.php\/wp-json\/wp\/v2\/posts"}],"about":[{"href":"https:\/\/www.anovapeneira.gal\/index.php\/wp-json\/wp\/v2\/types\/post"}],"author":[{"embeddable":true,"href":"https:\/\/www.anovapeneira.gal\/index.php\/wp-json\/wp\/v2\/users\/3"}],"replies":[{"embeddable":true,"href":"https:\/\/www.anovapeneira.gal\/index.php\/wp-json\/wp\/v2\/comments?post=5188"}],"version-history":[{"count":1,"href":"https:\/\/www.anovapeneira.gal\/index.php\/wp-json\/wp\/v2\/posts\/5188\/revisions"}],"predecessor-version":[{"id":5189,"href":"https:\/\/www.anovapeneira.gal\/index.php\/wp-json\/wp\/v2\/posts\/5188\/revisions\/5189"}],"wp:featuredmedia":[{"embeddable":true,"href":"https:\/\/www.anovapeneira.gal\/index.php\/wp-json\/wp\/v2\/media\/1422"}],"wp:attachment":[{"href":"https:\/\/www.anovapeneira.gal\/index.php\/wp-json\/wp\/v2\/media?parent=5188"}],"wp:term":[{"taxonomy":"category","embeddable":true,"href":"https:\/\/www.anovapeneira.gal\/index.php\/wp-json\/wp\/v2\/categories?post=5188"},{"taxonomy":"post_tag","embeddable":true,"href":"https:\/\/www.anovapeneira.gal\/index.php\/wp-json\/wp\/v2\/tags?post=5188"}],"curies":[{"name":"wp","href":"https:\/\/api.w.org\/{rel}","templated":true}]}}