{"id":5190,"date":"2021-04-09T12:00:24","date_gmt":"2021-04-09T10:00:24","guid":{"rendered":"http:\/\/www.anovapeneira.gal\/?p=5190"},"modified":"2021-04-06T08:24:18","modified_gmt":"2021-04-06T06:24:18","slug":"federicas-e-froilans","status":"publish","type":"post","link":"https:\/\/www.anovapeneira.gal\/index.php\/2021\/04\/09\/federicas-e-froilans\/","title":{"rendered":"Federicas e Froil\u00e1ns"},"content":{"rendered":"\n<figure class=\"wp-block-image size-large is-resized is-style-default\"><img loading=\"lazy\" decoding=\"async\" src=\"http:\/\/www.anovapeneira.gal\/wp-content\/uploads\/2020\/03\/mestre_ceip_salvaterra_a_nova_peneira.jpg\" alt=\"Xo\u00e1n Carlos Caballero\" class=\"wp-image-2693\" width=\"95\" height=\"111\"\/><figcaption>Xo\u00e1n Carlos Caballero\n&#8211; Mestre no CEIP de Salvaterra<\/figcaption><\/figure>\n\n\n\n<p>Estou comezando a escribir estas li\u00f1as, para tod@s aqueles que te\u00f1an a ben botarlle unha ollada, pensando no seguinte: que carallo me importa a min o que fagan ou deixen de facer estas r\u00e9moras? (utilizo este adxectivo porque lles ven feito a medida, non creo que haxa outro mellor, sen caer na inmundicia da descualificaci\u00f3n e do insulto) Parece unha gilipollez pero non o \u00e9. Da s\u00faa forma de comportarse extr\u00e1ense conclusi\u00f3ns que nos indican m\u00e1is unha vez, a pesar do que digan pseudorrepublicanos e o resto do centro-extremo, que este \u00e9 un pa\u00eds no que a s\u00faa democracia a\u00ednda lle queda un cacho para ser medio normal. Podo entender que a rapazada estea ata as narices. Un ano para eles \u00e9 equiparable aos sete anos caninos. Imaxinen que con 17 os teus pais te castiguen 3 meses sen sa\u00edr da casa, que che rouben 90 d\u00edas da t\u00faa vida. Logo, cando che levanten o castigo, impo\u00f1enche un r\u00e9xime de terceiro grao. Nin visitas a bares a partires das 6 e como moi tarde as 10 da noite na casa. O que si te\u00f1en claro, os poucos que se saltan as normas, \u00e9 ao que se expo\u00f1en si os pillan. Sanci\u00f3ns econ\u00f3micas, desprezo da sociedade en xeral, enfrontamento coas forzas da orde ou agresi\u00f3ns policiais. Se non que llo pregunten a rapaza de Benidorm, abatida e mallada por dous polic\u00edas nacionais cando paseaba, soa, sen m\u00e1scara pola r\u00faa. Agora estar\u00e1 lament\u00e1ndose de porque os seus pais non a bautizaran como Victoria Federica. Pero Vik e Pipe son diferentes. Chega a Semana Santa e as autoridades sanitarias avisan do perigo dunha vaga a\u00ednda m\u00e1is perigosa. Mais eles son outlaws 4.0 de \u00faltima xeraci\u00f3n, e ao igual cos seus modelos m\u00e1is antigos, con prestaci\u00f3ns en forma de tarxeta black. \u00c1mbolos dous deciden botarlle parafina a s\u00faa t\u00e1boa de surf, amarrar o cable co velcro ao nocello e surfear por riba da cresta que os levar\u00e1 directamente a Marbella. Dende al\u00e1 arriba, descojon\u00e1ndose de risa e salt\u00e1ndose os controis perimetrais das diferentes comunidades, miran cara abaixo pensando: menudos pringaos! Mentres os moz@s e s\u00fabditos dos susoditos te\u00f1en que agocharse en pisos para tentar, sen moito \u00e9xito, pasar desapercibidos, a Federica e Froil\u00e1n se la suda que as s\u00faas fotos copen as portadas dos xornais Da sanci\u00f3n, en caso de que lla po\u00f1an, xa se far\u00e1 cargo dela papi, mami o el abuelete. O seu t\u00edo non creo, cun presuposto anual de 8.431.150\u20ac, f\u00e1iselle duro chegar a fin de mes. Isto que parece unha travesura de dous nenos pijos \u00e9 un s\u00edntoma m\u00e1is da degradaci\u00f3n da sociedade na que vivimos na que os mesmos delitos, dependendo de quen os cometa, te\u00f1en castigos diferentes.<\/p>\n\n\n\n<p>Cada vez faise m\u00e1is dif\u00edcil de aturar esta continua tomadura de pelo e o bochorno que produce escoitar a parte do goberno dicir que os comportamentos persoais no afectan a instituci\u00f3n mon\u00e1rquica. Froil\u00e1n de Todos los Santos, a\u00ednda que poucas, ten posibilidades de ser Rei de Espa\u00f1a e si non respecta as normas, coma os demais plebeos do Reino, \u00e9 porque se sente ao marxe da lei por formar parte do entramado mon\u00e1rquico.<\/p>\n\n\n\n<p>Todo o que arrodea este tinglado apesta, xa non sei que m\u00e1is ten que pasar para botalos a gorrazos. Dende logo n\u00f3s nunca os botaremos, nin polas boas nin polas malas. Estamos moi ben domesticados. Para que desapareza a monarqu\u00eda ter\u00edan que nacer Borb\u00f3ns sensatos e honrados que se decatasen dunha vez por todas de que isto non se sost\u00e9n e que renunciaran \u00e1 coroa. Eu te\u00f1o depositada toda a mi\u00f1a confianza en Leonor e creo que vai ser ela a que asuma esa responsabilidade. A rapaza apunta maneiras e pode darse a paradoxa de que sexa ela a que explique e convenza aos mon\u00e1rquicos, sempre dende unha pedagoxia de f\u00e1cil comprensi\u00f3n, de que xa somos maoirci\u00f1os para vivir sen eles.<\/p>\n","protected":false},"excerpt":{"rendered":"<div class=\"mh-excerpt\"><p>Estou comezando a escribir estas li\u00f1as, para tod@s aqueles que te\u00f1an a ben botarlle unha ollada, pensando no seguinte: que carallo me importa a min o que fagan ou deixen de facer estas r\u00e9moras? (utilizo este adxectivo porque lles ven feito a medida, non creo que haxa outro mellor, sen caer na inmundicia da descualificaci\u00f3n e do insulto) Parece unha gilipollez pero non o \u00e9 <a class=\"mh-excerpt-more\" href=\"https:\/\/www.anovapeneira.gal\/index.php\/2021\/04\/09\/federicas-e-froilans\/\" title=\"Federicas e Froil\u00e1ns\">[&#8230;]<\/a><\/p>\n<\/div>","protected":false},"author":22,"featured_media":584,"comment_status":"open","ping_status":"open","sticky":false,"template":"","format":"standard","meta":{"_exactmetrics_skip_tracking":false,"_exactmetrics_sitenote_active":false,"_exactmetrics_sitenote_note":"","_exactmetrics_sitenote_category":0,"footnotes":""},"categories":[7],"tags":[58],"class_list":{"0":"post-5190","1":"post","2":"type-post","3":"status-publish","4":"format-standard","5":"has-post-thumbnail","7":"category-artigos-de-opinion","8":"tag-opinion"},"yoast_head":"<!-- This site is optimized with the Yoast SEO plugin v27.4 - https:\/\/yoast.com\/product\/yoast-seo-wordpress\/ -->\n<title>Federicas e Froil\u00e1ns -<\/title>\n<meta name=\"description\" content=\"Estou comezando a escribir estas li\u00f1as, para tod@s aqueles que te\u00f1an a ben botarlle unha ollada, pensando no seguinte: que carallo me importa a min o que fagan ou deixen de facer estas r\u00e9moras? (utilizo este adxectivo porque lles ven feito a medida, non creo que haxa outro mellor, sen caer na inmundicia da descualificaci\u00f3n e do insulto) Parece unha gilipollez pero non o \u00e9\" \/>\n<meta name=\"robots\" content=\"index, follow, max-snippet:-1, max-image-preview:large, max-video-preview:-1\" \/>\n<link rel=\"canonical\" href=\"https:\/\/www.anovapeneira.gal\/index.php\/2021\/04\/09\/federicas-e-froilans\/\" \/>\n<meta property=\"og:locale\" content=\"gl_ES\" \/>\n<meta property=\"og:type\" content=\"article\" \/>\n<meta property=\"og:title\" content=\"Federicas e Froil\u00e1ns -\" \/>\n<meta property=\"og:description\" content=\"Estou comezando a escribir estas li\u00f1as, para tod@s aqueles que te\u00f1an a ben botarlle unha ollada, pensando no seguinte: que carallo me importa a min o que fagan ou deixen de facer estas r\u00e9moras? (utilizo este adxectivo porque lles ven feito a medida, non creo que haxa outro mellor, sen caer na inmundicia da descualificaci\u00f3n e do insulto) Parece unha gilipollez pero non o \u00e9\" \/>\n<meta property=\"og:url\" content=\"https:\/\/www.anovapeneira.gal\/index.php\/2021\/04\/09\/federicas-e-froilans\/\" \/>\n<meta property=\"article:publisher\" content=\"https:\/\/www.facebook.com\/anovapeneira\" \/>\n<meta property=\"article:published_time\" content=\"2021-04-09T10:00:24+00:00\" \/>\n<meta property=\"og:image\" content=\"https:\/\/www.anovapeneira.gal\/wp-content\/uploads\/2019\/07\/ARTIGO_DE_OPINION_A_NOVA_PENEIRA.jpg\" \/>\n\t<meta property=\"og:image:width\" content=\"720\" \/>\n\t<meta property=\"og:image:height\" content=\"473\" \/>\n\t<meta property=\"og:image:type\" content=\"image\/jpeg\" \/>\n<meta name=\"author\" content=\"Xo\u00e1n Carlos Caballero\" \/>\n<meta name=\"twitter:card\" content=\"summary_large_image\" \/>\n<meta name=\"twitter:creator\" content=\"@APeneira\" \/>\n<meta name=\"twitter:site\" content=\"@APeneira\" \/>\n<meta name=\"twitter:label1\" content=\"Escrito por\" \/>\n\t<meta name=\"twitter:data1\" content=\"Xo\u00e1n Carlos Caballero\" \/>\n\t<meta name=\"twitter:label2\" content=\"Tempo de lectura\" \/>\n\t<meta name=\"twitter:data2\" content=\"3 minutos\" \/>\n<script type=\"application\/ld+json\" class=\"yoast-schema-graph\">{\"@context\":\"https:\\\/\\\/schema.org\",\"@graph\":[{\"@type\":\"Article\",\"@id\":\"https:\\\/\\\/www.anovapeneira.gal\\\/index.php\\\/2021\\\/04\\\/09\\\/federicas-e-froilans\\\/#article\",\"isPartOf\":{\"@id\":\"https:\\\/\\\/www.anovapeneira.gal\\\/index.php\\\/2021\\\/04\\\/09\\\/federicas-e-froilans\\\/\"},\"author\":{\"name\":\"Xo\u00e1n Carlos Caballero\",\"@id\":\"https:\\\/\\\/www.anovapeneira.gal\\\/#\\\/schema\\\/person\\\/1b50ea4c70279e2639668c02bf1674e5\"},\"headline\":\"Federicas e Froil\u00e1ns\",\"datePublished\":\"2021-04-09T10:00:24+00:00\",\"mainEntityOfPage\":{\"@id\":\"https:\\\/\\\/www.anovapeneira.gal\\\/index.php\\\/2021\\\/04\\\/09\\\/federicas-e-froilans\\\/\"},\"wordCount\":701,\"commentCount\":0,\"publisher\":{\"@id\":\"https:\\\/\\\/www.anovapeneira.gal\\\/#organization\"},\"image\":{\"@id\":\"https:\\\/\\\/www.anovapeneira.gal\\\/index.php\\\/2021\\\/04\\\/09\\\/federicas-e-froilans\\\/#primaryimage\"},\"thumbnailUrl\":\"https:\\\/\\\/www.anovapeneira.gal\\\/wp-content\\\/uploads\\\/2019\\\/07\\\/ARTIGO_DE_OPINION_A_NOVA_PENEIRA.jpg\",\"keywords\":[\"Opini\u00f3n\"],\"articleSection\":[\"Artigos de opini\u00f3n\"],\"inLanguage\":\"gl-ES\",\"potentialAction\":[{\"@type\":\"CommentAction\",\"name\":\"Comment\",\"target\":[\"https:\\\/\\\/www.anovapeneira.gal\\\/index.php\\\/2021\\\/04\\\/09\\\/federicas-e-froilans\\\/#respond\"]}]},{\"@type\":\"WebPage\",\"@id\":\"https:\\\/\\\/www.anovapeneira.gal\\\/index.php\\\/2021\\\/04\\\/09\\\/federicas-e-froilans\\\/\",\"url\":\"https:\\\/\\\/www.anovapeneira.gal\\\/index.php\\\/2021\\\/04\\\/09\\\/federicas-e-froilans\\\/\",\"name\":\"Federicas e Froil\u00e1ns -\",\"isPartOf\":{\"@id\":\"https:\\\/\\\/www.anovapeneira.gal\\\/#website\"},\"primaryImageOfPage\":{\"@id\":\"https:\\\/\\\/www.anovapeneira.gal\\\/index.php\\\/2021\\\/04\\\/09\\\/federicas-e-froilans\\\/#primaryimage\"},\"image\":{\"@id\":\"https:\\\/\\\/www.anovapeneira.gal\\\/index.php\\\/2021\\\/04\\\/09\\\/federicas-e-froilans\\\/#primaryimage\"},\"thumbnailUrl\":\"https:\\\/\\\/www.anovapeneira.gal\\\/wp-content\\\/uploads\\\/2019\\\/07\\\/ARTIGO_DE_OPINION_A_NOVA_PENEIRA.jpg\",\"datePublished\":\"2021-04-09T10:00:24+00:00\",\"description\":\"Estou comezando a escribir estas li\u00f1as, para tod@s aqueles que te\u00f1an a ben botarlle unha ollada, pensando no seguinte: que carallo me importa a min o que fagan ou deixen de facer estas r\u00e9moras? (utilizo este adxectivo porque lles ven feito a medida, non creo que haxa outro mellor, sen caer na inmundicia da descualificaci\u00f3n e do insulto) Parece unha gilipollez pero non o \u00e9\",\"breadcrumb\":{\"@id\":\"https:\\\/\\\/www.anovapeneira.gal\\\/index.php\\\/2021\\\/04\\\/09\\\/federicas-e-froilans\\\/#breadcrumb\"},\"inLanguage\":\"gl-ES\",\"potentialAction\":[{\"@type\":\"ReadAction\",\"target\":[\"https:\\\/\\\/www.anovapeneira.gal\\\/index.php\\\/2021\\\/04\\\/09\\\/federicas-e-froilans\\\/\"]}]},{\"@type\":\"ImageObject\",\"inLanguage\":\"gl-ES\",\"@id\":\"https:\\\/\\\/www.anovapeneira.gal\\\/index.php\\\/2021\\\/04\\\/09\\\/federicas-e-froilans\\\/#primaryimage\",\"url\":\"https:\\\/\\\/www.anovapeneira.gal\\\/wp-content\\\/uploads\\\/2019\\\/07\\\/ARTIGO_DE_OPINION_A_NOVA_PENEIRA.jpg\",\"contentUrl\":\"https:\\\/\\\/www.anovapeneira.gal\\\/wp-content\\\/uploads\\\/2019\\\/07\\\/ARTIGO_DE_OPINION_A_NOVA_PENEIRA.jpg\",\"width\":720,\"height\":473,\"caption\":\"Artigo de opini\u00f3n A Nova Peneira\"},{\"@type\":\"BreadcrumbList\",\"@id\":\"https:\\\/\\\/www.anovapeneira.gal\\\/index.php\\\/2021\\\/04\\\/09\\\/federicas-e-froilans\\\/#breadcrumb\",\"itemListElement\":[{\"@type\":\"ListItem\",\"position\":1,\"name\":\"Portada\",\"item\":\"https:\\\/\\\/www.anovapeneira.gal\\\/\"},{\"@type\":\"ListItem\",\"position\":2,\"name\":\"Federicas e Froil\u00e1ns\"}]},{\"@type\":\"WebSite\",\"@id\":\"https:\\\/\\\/www.anovapeneira.gal\\\/#website\",\"url\":\"https:\\\/\\\/www.anovapeneira.gal\\\/\",\"name\":\"\",\"description\":\"Xornal galego de informaci\u00f3n xeral Publicaci\u00f3n mensual de novas de Galicia e en especial dos Concellos da sur da provincia de Pontevedra.\",\"publisher\":{\"@id\":\"https:\\\/\\\/www.anovapeneira.gal\\\/#organization\"},\"potentialAction\":[{\"@type\":\"SearchAction\",\"target\":{\"@type\":\"EntryPoint\",\"urlTemplate\":\"https:\\\/\\\/www.anovapeneira.gal\\\/?s={search_term_string}\"},\"query-input\":{\"@type\":\"PropertyValueSpecification\",\"valueRequired\":true,\"valueName\":\"search_term_string\"}}],\"inLanguage\":\"gl-ES\"},{\"@type\":\"Organization\",\"@id\":\"https:\\\/\\\/www.anovapeneira.gal\\\/#organization\",\"name\":\"A Nova Peneira\",\"url\":\"https:\\\/\\\/www.anovapeneira.gal\\\/\",\"logo\":{\"@type\":\"ImageObject\",\"inLanguage\":\"gl-ES\",\"@id\":\"https:\\\/\\\/www.anovapeneira.gal\\\/#\\\/schema\\\/logo\\\/image\\\/\",\"url\":\"http:\\\/\\\/www.anovapeneira.gal\\\/wp-content\\\/uploads\\\/2019\\\/06\\\/logo_a_nova_peneira_portal_web.png\",\"contentUrl\":\"http:\\\/\\\/www.anovapeneira.gal\\\/wp-content\\\/uploads\\\/2019\\\/06\\\/logo_a_nova_peneira_portal_web.png\",\"width\":300,\"height\":100,\"caption\":\"A Nova Peneira\"},\"image\":{\"@id\":\"https:\\\/\\\/www.anovapeneira.gal\\\/#\\\/schema\\\/logo\\\/image\\\/\"},\"sameAs\":[\"https:\\\/\\\/www.facebook.com\\\/anovapeneira\",\"https:\\\/\\\/x.com\\\/APeneira\"]},{\"@type\":\"Person\",\"@id\":\"https:\\\/\\\/www.anovapeneira.gal\\\/#\\\/schema\\\/person\\\/1b50ea4c70279e2639668c02bf1674e5\",\"name\":\"Xo\u00e1n Carlos Caballero\",\"image\":{\"@type\":\"ImageObject\",\"inLanguage\":\"gl-ES\",\"@id\":\"https:\\\/\\\/secure.gravatar.com\\\/avatar\\\/3527a74f68662d57f3183bf223473824f80a9c34a28b750bb59badaf22fb2f38?s=96&d=mm&r=g\",\"url\":\"https:\\\/\\\/secure.gravatar.com\\\/avatar\\\/3527a74f68662d57f3183bf223473824f80a9c34a28b750bb59badaf22fb2f38?s=96&d=mm&r=g\",\"contentUrl\":\"https:\\\/\\\/secure.gravatar.com\\\/avatar\\\/3527a74f68662d57f3183bf223473824f80a9c34a28b750bb59badaf22fb2f38?s=96&d=mm&r=g\",\"caption\":\"Xo\u00e1n Carlos Caballero\"},\"sameAs\":[\"http:\\\/\\\/anovapeneira.gal\"],\"url\":\"https:\\\/\\\/www.anovapeneira.gal\\\/index.php\\\/author\\\/xoan-carlos-caballero\\\/\"}]}<\/script>\n<!-- \/ Yoast SEO plugin. -->","yoast_head_json":{"title":"Federicas e Froil\u00e1ns -","description":"Estou comezando a escribir estas li\u00f1as, para tod@s aqueles que te\u00f1an a ben botarlle unha ollada, pensando no seguinte: que carallo me importa a min o que fagan ou deixen de facer estas r\u00e9moras? (utilizo este adxectivo porque lles ven feito a medida, non creo que haxa outro mellor, sen caer na inmundicia da descualificaci\u00f3n e do insulto) Parece unha gilipollez pero non o \u00e9","robots":{"index":"index","follow":"follow","max-snippet":"max-snippet:-1","max-image-preview":"max-image-preview:large","max-video-preview":"max-video-preview:-1"},"canonical":"https:\/\/www.anovapeneira.gal\/index.php\/2021\/04\/09\/federicas-e-froilans\/","og_locale":"gl_ES","og_type":"article","og_title":"Federicas e Froil\u00e1ns -","og_description":"Estou comezando a escribir estas li\u00f1as, para tod@s aqueles que te\u00f1an a ben botarlle unha ollada, pensando no seguinte: que carallo me importa a min o que fagan ou deixen de facer estas r\u00e9moras? (utilizo este adxectivo porque lles ven feito a medida, non creo que haxa outro mellor, sen caer na inmundicia da descualificaci\u00f3n e do insulto) Parece unha gilipollez pero non o \u00e9","og_url":"https:\/\/www.anovapeneira.gal\/index.php\/2021\/04\/09\/federicas-e-froilans\/","article_publisher":"https:\/\/www.facebook.com\/anovapeneira","article_published_time":"2021-04-09T10:00:24+00:00","og_image":[{"width":720,"height":473,"url":"https:\/\/www.anovapeneira.gal\/wp-content\/uploads\/2019\/07\/ARTIGO_DE_OPINION_A_NOVA_PENEIRA.jpg","type":"image\/jpeg"}],"author":"Xo\u00e1n Carlos Caballero","twitter_card":"summary_large_image","twitter_creator":"@APeneira","twitter_site":"@APeneira","twitter_misc":{"Escrito por":"Xo\u00e1n Carlos Caballero","Tempo de lectura":"3 minutos"},"schema":{"@context":"https:\/\/schema.org","@graph":[{"@type":"Article","@id":"https:\/\/www.anovapeneira.gal\/index.php\/2021\/04\/09\/federicas-e-froilans\/#article","isPartOf":{"@id":"https:\/\/www.anovapeneira.gal\/index.php\/2021\/04\/09\/federicas-e-froilans\/"},"author":{"name":"Xo\u00e1n Carlos Caballero","@id":"https:\/\/www.anovapeneira.gal\/#\/schema\/person\/1b50ea4c70279e2639668c02bf1674e5"},"headline":"Federicas e Froil\u00e1ns","datePublished":"2021-04-09T10:00:24+00:00","mainEntityOfPage":{"@id":"https:\/\/www.anovapeneira.gal\/index.php\/2021\/04\/09\/federicas-e-froilans\/"},"wordCount":701,"commentCount":0,"publisher":{"@id":"https:\/\/www.anovapeneira.gal\/#organization"},"image":{"@id":"https:\/\/www.anovapeneira.gal\/index.php\/2021\/04\/09\/federicas-e-froilans\/#primaryimage"},"thumbnailUrl":"https:\/\/www.anovapeneira.gal\/wp-content\/uploads\/2019\/07\/ARTIGO_DE_OPINION_A_NOVA_PENEIRA.jpg","keywords":["Opini\u00f3n"],"articleSection":["Artigos de opini\u00f3n"],"inLanguage":"gl-ES","potentialAction":[{"@type":"CommentAction","name":"Comment","target":["https:\/\/www.anovapeneira.gal\/index.php\/2021\/04\/09\/federicas-e-froilans\/#respond"]}]},{"@type":"WebPage","@id":"https:\/\/www.anovapeneira.gal\/index.php\/2021\/04\/09\/federicas-e-froilans\/","url":"https:\/\/www.anovapeneira.gal\/index.php\/2021\/04\/09\/federicas-e-froilans\/","name":"Federicas e Froil\u00e1ns -","isPartOf":{"@id":"https:\/\/www.anovapeneira.gal\/#website"},"primaryImageOfPage":{"@id":"https:\/\/www.anovapeneira.gal\/index.php\/2021\/04\/09\/federicas-e-froilans\/#primaryimage"},"image":{"@id":"https:\/\/www.anovapeneira.gal\/index.php\/2021\/04\/09\/federicas-e-froilans\/#primaryimage"},"thumbnailUrl":"https:\/\/www.anovapeneira.gal\/wp-content\/uploads\/2019\/07\/ARTIGO_DE_OPINION_A_NOVA_PENEIRA.jpg","datePublished":"2021-04-09T10:00:24+00:00","description":"Estou comezando a escribir estas li\u00f1as, para tod@s aqueles que te\u00f1an a ben botarlle unha ollada, pensando no seguinte: que carallo me importa a min o que fagan ou deixen de facer estas r\u00e9moras? (utilizo este adxectivo porque lles ven feito a medida, non creo que haxa outro mellor, sen caer na inmundicia da descualificaci\u00f3n e do insulto) Parece unha gilipollez pero non o \u00e9","breadcrumb":{"@id":"https:\/\/www.anovapeneira.gal\/index.php\/2021\/04\/09\/federicas-e-froilans\/#breadcrumb"},"inLanguage":"gl-ES","potentialAction":[{"@type":"ReadAction","target":["https:\/\/www.anovapeneira.gal\/index.php\/2021\/04\/09\/federicas-e-froilans\/"]}]},{"@type":"ImageObject","inLanguage":"gl-ES","@id":"https:\/\/www.anovapeneira.gal\/index.php\/2021\/04\/09\/federicas-e-froilans\/#primaryimage","url":"https:\/\/www.anovapeneira.gal\/wp-content\/uploads\/2019\/07\/ARTIGO_DE_OPINION_A_NOVA_PENEIRA.jpg","contentUrl":"https:\/\/www.anovapeneira.gal\/wp-content\/uploads\/2019\/07\/ARTIGO_DE_OPINION_A_NOVA_PENEIRA.jpg","width":720,"height":473,"caption":"Artigo de opini\u00f3n A Nova Peneira"},{"@type":"BreadcrumbList","@id":"https:\/\/www.anovapeneira.gal\/index.php\/2021\/04\/09\/federicas-e-froilans\/#breadcrumb","itemListElement":[{"@type":"ListItem","position":1,"name":"Portada","item":"https:\/\/www.anovapeneira.gal\/"},{"@type":"ListItem","position":2,"name":"Federicas e Froil\u00e1ns"}]},{"@type":"WebSite","@id":"https:\/\/www.anovapeneira.gal\/#website","url":"https:\/\/www.anovapeneira.gal\/","name":"","description":"Xornal galego de informaci\u00f3n xeral Publicaci\u00f3n mensual de novas de Galicia e en especial dos Concellos da sur da provincia de Pontevedra.","publisher":{"@id":"https:\/\/www.anovapeneira.gal\/#organization"},"potentialAction":[{"@type":"SearchAction","target":{"@type":"EntryPoint","urlTemplate":"https:\/\/www.anovapeneira.gal\/?s={search_term_string}"},"query-input":{"@type":"PropertyValueSpecification","valueRequired":true,"valueName":"search_term_string"}}],"inLanguage":"gl-ES"},{"@type":"Organization","@id":"https:\/\/www.anovapeneira.gal\/#organization","name":"A Nova Peneira","url":"https:\/\/www.anovapeneira.gal\/","logo":{"@type":"ImageObject","inLanguage":"gl-ES","@id":"https:\/\/www.anovapeneira.gal\/#\/schema\/logo\/image\/","url":"http:\/\/www.anovapeneira.gal\/wp-content\/uploads\/2019\/06\/logo_a_nova_peneira_portal_web.png","contentUrl":"http:\/\/www.anovapeneira.gal\/wp-content\/uploads\/2019\/06\/logo_a_nova_peneira_portal_web.png","width":300,"height":100,"caption":"A Nova Peneira"},"image":{"@id":"https:\/\/www.anovapeneira.gal\/#\/schema\/logo\/image\/"},"sameAs":["https:\/\/www.facebook.com\/anovapeneira","https:\/\/x.com\/APeneira"]},{"@type":"Person","@id":"https:\/\/www.anovapeneira.gal\/#\/schema\/person\/1b50ea4c70279e2639668c02bf1674e5","name":"Xo\u00e1n Carlos Caballero","image":{"@type":"ImageObject","inLanguage":"gl-ES","@id":"https:\/\/secure.gravatar.com\/avatar\/3527a74f68662d57f3183bf223473824f80a9c34a28b750bb59badaf22fb2f38?s=96&d=mm&r=g","url":"https:\/\/secure.gravatar.com\/avatar\/3527a74f68662d57f3183bf223473824f80a9c34a28b750bb59badaf22fb2f38?s=96&d=mm&r=g","contentUrl":"https:\/\/secure.gravatar.com\/avatar\/3527a74f68662d57f3183bf223473824f80a9c34a28b750bb59badaf22fb2f38?s=96&d=mm&r=g","caption":"Xo\u00e1n Carlos Caballero"},"sameAs":["http:\/\/anovapeneira.gal"],"url":"https:\/\/www.anovapeneira.gal\/index.php\/author\/xoan-carlos-caballero\/"}]}},"jetpack_featured_media_url":"https:\/\/www.anovapeneira.gal\/wp-content\/uploads\/2019\/07\/ARTIGO_DE_OPINION_A_NOVA_PENEIRA.jpg","_links":{"self":[{"href":"https:\/\/www.anovapeneira.gal\/index.php\/wp-json\/wp\/v2\/posts\/5190","targetHints":{"allow":["GET"]}}],"collection":[{"href":"https:\/\/www.anovapeneira.gal\/index.php\/wp-json\/wp\/v2\/posts"}],"about":[{"href":"https:\/\/www.anovapeneira.gal\/index.php\/wp-json\/wp\/v2\/types\/post"}],"author":[{"embeddable":true,"href":"https:\/\/www.anovapeneira.gal\/index.php\/wp-json\/wp\/v2\/users\/22"}],"replies":[{"embeddable":true,"href":"https:\/\/www.anovapeneira.gal\/index.php\/wp-json\/wp\/v2\/comments?post=5190"}],"version-history":[{"count":1,"href":"https:\/\/www.anovapeneira.gal\/index.php\/wp-json\/wp\/v2\/posts\/5190\/revisions"}],"predecessor-version":[{"id":5191,"href":"https:\/\/www.anovapeneira.gal\/index.php\/wp-json\/wp\/v2\/posts\/5190\/revisions\/5191"}],"wp:featuredmedia":[{"embeddable":true,"href":"https:\/\/www.anovapeneira.gal\/index.php\/wp-json\/wp\/v2\/media\/584"}],"wp:attachment":[{"href":"https:\/\/www.anovapeneira.gal\/index.php\/wp-json\/wp\/v2\/media?parent=5190"}],"wp:term":[{"taxonomy":"category","embeddable":true,"href":"https:\/\/www.anovapeneira.gal\/index.php\/wp-json\/wp\/v2\/categories?post=5190"},{"taxonomy":"post_tag","embeddable":true,"href":"https:\/\/www.anovapeneira.gal\/index.php\/wp-json\/wp\/v2\/tags?post=5190"}],"curies":[{"name":"wp","href":"https:\/\/api.w.org\/{rel}","templated":true}]}}