{"id":5206,"date":"2021-04-14T10:00:13","date_gmt":"2021-04-14T08:00:13","guid":{"rendered":"http:\/\/www.anovapeneira.gal\/?p=5206"},"modified":"2021-04-10T08:56:32","modified_gmt":"2021-04-10T06:56:32","slug":"inician-as-obras-de-renovacion-do-campo-de-futbol-alfredo-bautista-alconero-de-ponteareas","status":"publish","type":"post","link":"https:\/\/www.anovapeneira.gal\/index.php\/2021\/04\/14\/inician-as-obras-de-renovacion-do-campo-de-futbol-alfredo-bautista-alconero-de-ponteareas\/","title":{"rendered":"Inician as obras de renovaci\u00f3n do campo de f\u00fatbol Alfredo Bautista Alconero de Ponteareas"},"content":{"rendered":"\n<p><strong>Ponteareas, 8 de abril de 2021<\/strong><\/p>\n\n\n\n<p>A concellar\u00eda de Deportes, que dirixe en funci\u00f3ns Miguel Bouz\u00f3, deu conta do inicio das obras de renovaci\u00f3n do campo de f\u00fatbol Alfredo Bautista Alconero \u2013 Rey, integrado nas instalaci\u00f3ns do Estadio Municipal de Ponteareas.<\/p>\n\n\n\n<p>As obras, adxudicadas por un importe de 170.353,14 \u20ac, consisten na retirada do c\u00e9spede artificial existente, na reparaci\u00f3n do aglomerado asf\u00e1ltico para corrixir deficiencias na planeidade do terreo de xogo, na instalaci\u00f3n dunha base el\u00e1stica con granulado de caucho sint\u00e9tico e na instalaci\u00f3n do novo c\u00e9spede artificial de \u00faltima xeraci\u00f3n. Ademais, incl\u00fae a montaxe de bordes de seguridade e a instalaci\u00f3n dun novo marcador electr\u00f3nico de alta visibilidade.<\/p>\n\n\n\n<p>\u201cCon estas obras poremos fin \u00e1 unha degradaci\u00f3n do c\u00e9spede que vi\u00f1a dificultando nos \u00faltimos anos a actividade f\u00edsica por parte dos clubs usuarios da instalaci\u00f3n. Xunto a outros traballos que se ve\u00f1en acometendo nos \u00faltimos meses, esta actuaci\u00f3n sup\u00f3n un novo paso na renovaci\u00f3n do Estadio Municipal de Ponteareas, na procura de convertelo nun espazo agradable e en \u00f3ptimas condici\u00f3ns para a pr\u00e1ctica deportiva\u201d, indicou Miguel Bouz\u00f3.<\/p>\n","protected":false},"excerpt":{"rendered":"<div class=\"mh-excerpt\"><p>A concellar\u00eda de Deportes, que dirixe en funci\u00f3ns Miguel Bouz\u00f3, deu conta do inicio das obras de renovaci\u00f3n do campo de f\u00fatbol Alfredo Bautista Alconero \u2013 Rey, integrado nas instalaci\u00f3ns do Estadio Municipal de Ponteareas <a class=\"mh-excerpt-more\" href=\"https:\/\/www.anovapeneira.gal\/index.php\/2021\/04\/14\/inician-as-obras-de-renovacion-do-campo-de-futbol-alfredo-bautista-alconero-de-ponteareas\/\" title=\"Inician as obras de renovaci\u00f3n do campo de f\u00fatbol Alfredo Bautista Alconero de Ponteareas\">[&#8230;]<\/a><\/p>\n<\/div>","protected":false},"author":3,"featured_media":5207,"comment_status":"open","ping_status":"open","sticky":false,"template":"","format":"standard","meta":{"_exactmetrics_skip_tracking":false,"_exactmetrics_sitenote_active":false,"_exactmetrics_sitenote_note":"","_exactmetrics_sitenote_category":0,"footnotes":""},"categories":[25],"tags":[208],"class_list":{"0":"post-5206","1":"post","2":"type-post","3":"status-publish","4":"format-standard","5":"has-post-thumbnail","7":"category-condado","8":"tag-concello-de-ponteareas"},"yoast_head":"<!-- This site is optimized with the Yoast SEO plugin v27.4 - https:\/\/yoast.com\/product\/yoast-seo-wordpress\/ -->\n<title>Inician as obras de renovaci\u00f3n do campo de f\u00fatbol Alfredo Bautista Alconero de Ponteareas -<\/title>\n<meta name=\"description\" content=\"A concellar\u00eda de Deportes, que dirixe en funci\u00f3ns Miguel Bouz\u00f3, deu conta do inicio das obras de renovaci\u00f3n do campo de f\u00fatbol Alfredo Bautista Alconero \u2013 Rey, integrado nas instalaci\u00f3ns do Estadio Municipal de Ponteareas\" \/>\n<meta name=\"robots\" content=\"index, follow, max-snippet:-1, max-image-preview:large, max-video-preview:-1\" \/>\n<link rel=\"canonical\" href=\"https:\/\/www.anovapeneira.gal\/index.php\/2021\/04\/14\/inician-as-obras-de-renovacion-do-campo-de-futbol-alfredo-bautista-alconero-de-ponteareas\/\" \/>\n<meta property=\"og:locale\" content=\"gl_ES\" \/>\n<meta property=\"og:type\" content=\"article\" \/>\n<meta property=\"og:title\" content=\"Inician as obras de renovaci\u00f3n do campo de f\u00fatbol Alfredo Bautista Alconero de Ponteareas -\" \/>\n<meta property=\"og:description\" content=\"A concellar\u00eda de Deportes, que dirixe en funci\u00f3ns Miguel Bouz\u00f3, deu conta do inicio das obras de renovaci\u00f3n do campo de f\u00fatbol Alfredo Bautista Alconero \u2013 Rey, integrado nas instalaci\u00f3ns do Estadio Municipal de Ponteareas\" \/>\n<meta property=\"og:url\" content=\"https:\/\/www.anovapeneira.gal\/index.php\/2021\/04\/14\/inician-as-obras-de-renovacion-do-campo-de-futbol-alfredo-bautista-alconero-de-ponteareas\/\" \/>\n<meta property=\"article:publisher\" content=\"https:\/\/www.facebook.com\/anovapeneira\" \/>\n<meta property=\"article:published_time\" content=\"2021-04-14T08:00:13+00:00\" \/>\n<meta property=\"og:image\" content=\"https:\/\/www.anovapeneira.gal\/wp-content\/uploads\/2021\/04\/campo_futbol_ponteareas.jpg\" \/>\n\t<meta property=\"og:image:width\" content=\"720\" \/>\n\t<meta property=\"og:image:height\" content=\"432\" \/>\n\t<meta property=\"og:image:type\" content=\"image\/jpeg\" \/>\n<meta name=\"author\" content=\"Redacci\u00f3n A Nova Peneira\" \/>\n<meta name=\"twitter:card\" content=\"summary_large_image\" \/>\n<meta name=\"twitter:creator\" content=\"@APeneira\" \/>\n<meta name=\"twitter:site\" content=\"@APeneira\" \/>\n<meta name=\"twitter:label1\" content=\"Escrito por\" \/>\n\t<meta name=\"twitter:data1\" content=\"Redacci\u00f3n A Nova Peneira\" \/>\n\t<meta name=\"twitter:label2\" content=\"Tempo de lectura\" \/>\n\t<meta name=\"twitter:data2\" content=\"1 minuto\" \/>\n<script type=\"application\/ld+json\" class=\"yoast-schema-graph\">{\"@context\":\"https:\\\/\\\/schema.org\",\"@graph\":[{\"@type\":\"Article\",\"@id\":\"https:\\\/\\\/www.anovapeneira.gal\\\/index.php\\\/2021\\\/04\\\/14\\\/inician-as-obras-de-renovacion-do-campo-de-futbol-alfredo-bautista-alconero-de-ponteareas\\\/#article\",\"isPartOf\":{\"@id\":\"https:\\\/\\\/www.anovapeneira.gal\\\/index.php\\\/2021\\\/04\\\/14\\\/inician-as-obras-de-renovacion-do-campo-de-futbol-alfredo-bautista-alconero-de-ponteareas\\\/\"},\"author\":{\"name\":\"Redacci\u00f3n A Nova Peneira\",\"@id\":\"https:\\\/\\\/www.anovapeneira.gal\\\/#\\\/schema\\\/person\\\/b93e3f8932e3f8da96334607eb6ac6aa\"},\"headline\":\"Inician as obras de renovaci\u00f3n do campo de f\u00fatbol Alfredo Bautista Alconero de Ponteareas\",\"datePublished\":\"2021-04-14T08:00:13+00:00\",\"mainEntityOfPage\":{\"@id\":\"https:\\\/\\\/www.anovapeneira.gal\\\/index.php\\\/2021\\\/04\\\/14\\\/inician-as-obras-de-renovacion-do-campo-de-futbol-alfredo-bautista-alconero-de-ponteareas\\\/\"},\"wordCount\":215,\"commentCount\":0,\"publisher\":{\"@id\":\"https:\\\/\\\/www.anovapeneira.gal\\\/#organization\"},\"image\":{\"@id\":\"https:\\\/\\\/www.anovapeneira.gal\\\/index.php\\\/2021\\\/04\\\/14\\\/inician-as-obras-de-renovacion-do-campo-de-futbol-alfredo-bautista-alconero-de-ponteareas\\\/#primaryimage\"},\"thumbnailUrl\":\"https:\\\/\\\/www.anovapeneira.gal\\\/wp-content\\\/uploads\\\/2021\\\/04\\\/campo_futbol_ponteareas.jpg\",\"keywords\":[\"Concello de Ponteareas\"],\"articleSection\":[\"Condado\"],\"inLanguage\":\"gl-ES\",\"potentialAction\":[{\"@type\":\"CommentAction\",\"name\":\"Comment\",\"target\":[\"https:\\\/\\\/www.anovapeneira.gal\\\/index.php\\\/2021\\\/04\\\/14\\\/inician-as-obras-de-renovacion-do-campo-de-futbol-alfredo-bautista-alconero-de-ponteareas\\\/#respond\"]}]},{\"@type\":\"WebPage\",\"@id\":\"https:\\\/\\\/www.anovapeneira.gal\\\/index.php\\\/2021\\\/04\\\/14\\\/inician-as-obras-de-renovacion-do-campo-de-futbol-alfredo-bautista-alconero-de-ponteareas\\\/\",\"url\":\"https:\\\/\\\/www.anovapeneira.gal\\\/index.php\\\/2021\\\/04\\\/14\\\/inician-as-obras-de-renovacion-do-campo-de-futbol-alfredo-bautista-alconero-de-ponteareas\\\/\",\"name\":\"Inician as obras de renovaci\u00f3n do campo de f\u00fatbol Alfredo Bautista Alconero de Ponteareas -\",\"isPartOf\":{\"@id\":\"https:\\\/\\\/www.anovapeneira.gal\\\/#website\"},\"primaryImageOfPage\":{\"@id\":\"https:\\\/\\\/www.anovapeneira.gal\\\/index.php\\\/2021\\\/04\\\/14\\\/inician-as-obras-de-renovacion-do-campo-de-futbol-alfredo-bautista-alconero-de-ponteareas\\\/#primaryimage\"},\"image\":{\"@id\":\"https:\\\/\\\/www.anovapeneira.gal\\\/index.php\\\/2021\\\/04\\\/14\\\/inician-as-obras-de-renovacion-do-campo-de-futbol-alfredo-bautista-alconero-de-ponteareas\\\/#primaryimage\"},\"thumbnailUrl\":\"https:\\\/\\\/www.anovapeneira.gal\\\/wp-content\\\/uploads\\\/2021\\\/04\\\/campo_futbol_ponteareas.jpg\",\"datePublished\":\"2021-04-14T08:00:13+00:00\",\"description\":\"A concellar\u00eda de Deportes, que dirixe en funci\u00f3ns Miguel Bouz\u00f3, deu conta do inicio das obras de renovaci\u00f3n do campo de f\u00fatbol Alfredo Bautista Alconero \u2013 Rey, integrado nas instalaci\u00f3ns do Estadio Municipal de Ponteareas\",\"breadcrumb\":{\"@id\":\"https:\\\/\\\/www.anovapeneira.gal\\\/index.php\\\/2021\\\/04\\\/14\\\/inician-as-obras-de-renovacion-do-campo-de-futbol-alfredo-bautista-alconero-de-ponteareas\\\/#breadcrumb\"},\"inLanguage\":\"gl-ES\",\"potentialAction\":[{\"@type\":\"ReadAction\",\"target\":[\"https:\\\/\\\/www.anovapeneira.gal\\\/index.php\\\/2021\\\/04\\\/14\\\/inician-as-obras-de-renovacion-do-campo-de-futbol-alfredo-bautista-alconero-de-ponteareas\\\/\"]}]},{\"@type\":\"ImageObject\",\"inLanguage\":\"gl-ES\",\"@id\":\"https:\\\/\\\/www.anovapeneira.gal\\\/index.php\\\/2021\\\/04\\\/14\\\/inician-as-obras-de-renovacion-do-campo-de-futbol-alfredo-bautista-alconero-de-ponteareas\\\/#primaryimage\",\"url\":\"https:\\\/\\\/www.anovapeneira.gal\\\/wp-content\\\/uploads\\\/2021\\\/04\\\/campo_futbol_ponteareas.jpg\",\"contentUrl\":\"https:\\\/\\\/www.anovapeneira.gal\\\/wp-content\\\/uploads\\\/2021\\\/04\\\/campo_futbol_ponteareas.jpg\",\"width\":720,\"height\":432,\"caption\":\"campo de f\u00fatbol Alfredo Bautista Alconero de Ponteareas\"},{\"@type\":\"BreadcrumbList\",\"@id\":\"https:\\\/\\\/www.anovapeneira.gal\\\/index.php\\\/2021\\\/04\\\/14\\\/inician-as-obras-de-renovacion-do-campo-de-futbol-alfredo-bautista-alconero-de-ponteareas\\\/#breadcrumb\",\"itemListElement\":[{\"@type\":\"ListItem\",\"position\":1,\"name\":\"Portada\",\"item\":\"https:\\\/\\\/www.anovapeneira.gal\\\/\"},{\"@type\":\"ListItem\",\"position\":2,\"name\":\"Inician as obras de renovaci\u00f3n do campo de f\u00fatbol Alfredo Bautista Alconero de Ponteareas\"}]},{\"@type\":\"WebSite\",\"@id\":\"https:\\\/\\\/www.anovapeneira.gal\\\/#website\",\"url\":\"https:\\\/\\\/www.anovapeneira.gal\\\/\",\"name\":\"\",\"description\":\"Xornal galego de informaci\u00f3n xeral Publicaci\u00f3n mensual de novas de Galicia e en especial dos Concellos da sur da provincia de Pontevedra.\",\"publisher\":{\"@id\":\"https:\\\/\\\/www.anovapeneira.gal\\\/#organization\"},\"potentialAction\":[{\"@type\":\"SearchAction\",\"target\":{\"@type\":\"EntryPoint\",\"urlTemplate\":\"https:\\\/\\\/www.anovapeneira.gal\\\/?s={search_term_string}\"},\"query-input\":{\"@type\":\"PropertyValueSpecification\",\"valueRequired\":true,\"valueName\":\"search_term_string\"}}],\"inLanguage\":\"gl-ES\"},{\"@type\":\"Organization\",\"@id\":\"https:\\\/\\\/www.anovapeneira.gal\\\/#organization\",\"name\":\"A Nova Peneira\",\"url\":\"https:\\\/\\\/www.anovapeneira.gal\\\/\",\"logo\":{\"@type\":\"ImageObject\",\"inLanguage\":\"gl-ES\",\"@id\":\"https:\\\/\\\/www.anovapeneira.gal\\\/#\\\/schema\\\/logo\\\/image\\\/\",\"url\":\"http:\\\/\\\/www.anovapeneira.gal\\\/wp-content\\\/uploads\\\/2019\\\/06\\\/logo_a_nova_peneira_portal_web.png\",\"contentUrl\":\"http:\\\/\\\/www.anovapeneira.gal\\\/wp-content\\\/uploads\\\/2019\\\/06\\\/logo_a_nova_peneira_portal_web.png\",\"width\":300,\"height\":100,\"caption\":\"A Nova Peneira\"},\"image\":{\"@id\":\"https:\\\/\\\/www.anovapeneira.gal\\\/#\\\/schema\\\/logo\\\/image\\\/\"},\"sameAs\":[\"https:\\\/\\\/www.facebook.com\\\/anovapeneira\",\"https:\\\/\\\/x.com\\\/APeneira\"]},{\"@type\":\"Person\",\"@id\":\"https:\\\/\\\/www.anovapeneira.gal\\\/#\\\/schema\\\/person\\\/b93e3f8932e3f8da96334607eb6ac6aa\",\"name\":\"Redacci\u00f3n A Nova Peneira\",\"image\":{\"@type\":\"ImageObject\",\"inLanguage\":\"gl-ES\",\"@id\":\"https:\\\/\\\/secure.gravatar.com\\\/avatar\\\/c052a2551a06e23fac63626232eaa90abd78dbcf1700fc46a2b2c89fd27b735f?s=96&d=mm&r=g\",\"url\":\"https:\\\/\\\/secure.gravatar.com\\\/avatar\\\/c052a2551a06e23fac63626232eaa90abd78dbcf1700fc46a2b2c89fd27b735f?s=96&d=mm&r=g\",\"contentUrl\":\"https:\\\/\\\/secure.gravatar.com\\\/avatar\\\/c052a2551a06e23fac63626232eaa90abd78dbcf1700fc46a2b2c89fd27b735f?s=96&d=mm&r=g\",\"caption\":\"Redacci\u00f3n A Nova Peneira\"},\"sameAs\":[\"http:\\\/\\\/www.anovapeneira.gal\\\/\"],\"url\":\"https:\\\/\\\/www.anovapeneira.gal\\\/index.php\\\/author\\\/redactor\\\/\"}]}<\/script>\n<!-- \/ Yoast SEO plugin. -->","yoast_head_json":{"title":"Inician as obras de renovaci\u00f3n do campo de f\u00fatbol Alfredo Bautista Alconero de Ponteareas -","description":"A concellar\u00eda de Deportes, que dirixe en funci\u00f3ns Miguel Bouz\u00f3, deu conta do inicio das obras de renovaci\u00f3n do campo de f\u00fatbol Alfredo Bautista Alconero \u2013 Rey, integrado nas instalaci\u00f3ns do Estadio Municipal de Ponteareas","robots":{"index":"index","follow":"follow","max-snippet":"max-snippet:-1","max-image-preview":"max-image-preview:large","max-video-preview":"max-video-preview:-1"},"canonical":"https:\/\/www.anovapeneira.gal\/index.php\/2021\/04\/14\/inician-as-obras-de-renovacion-do-campo-de-futbol-alfredo-bautista-alconero-de-ponteareas\/","og_locale":"gl_ES","og_type":"article","og_title":"Inician as obras de renovaci\u00f3n do campo de f\u00fatbol Alfredo Bautista Alconero de Ponteareas -","og_description":"A concellar\u00eda de Deportes, que dirixe en funci\u00f3ns Miguel Bouz\u00f3, deu conta do inicio das obras de renovaci\u00f3n do campo de f\u00fatbol Alfredo Bautista Alconero \u2013 Rey, integrado nas instalaci\u00f3ns do Estadio Municipal de Ponteareas","og_url":"https:\/\/www.anovapeneira.gal\/index.php\/2021\/04\/14\/inician-as-obras-de-renovacion-do-campo-de-futbol-alfredo-bautista-alconero-de-ponteareas\/","article_publisher":"https:\/\/www.facebook.com\/anovapeneira","article_published_time":"2021-04-14T08:00:13+00:00","og_image":[{"width":720,"height":432,"url":"https:\/\/www.anovapeneira.gal\/wp-content\/uploads\/2021\/04\/campo_futbol_ponteareas.jpg","type":"image\/jpeg"}],"author":"Redacci\u00f3n A Nova Peneira","twitter_card":"summary_large_image","twitter_creator":"@APeneira","twitter_site":"@APeneira","twitter_misc":{"Escrito por":"Redacci\u00f3n A Nova Peneira","Tempo de lectura":"1 minuto"},"schema":{"@context":"https:\/\/schema.org","@graph":[{"@type":"Article","@id":"https:\/\/www.anovapeneira.gal\/index.php\/2021\/04\/14\/inician-as-obras-de-renovacion-do-campo-de-futbol-alfredo-bautista-alconero-de-ponteareas\/#article","isPartOf":{"@id":"https:\/\/www.anovapeneira.gal\/index.php\/2021\/04\/14\/inician-as-obras-de-renovacion-do-campo-de-futbol-alfredo-bautista-alconero-de-ponteareas\/"},"author":{"name":"Redacci\u00f3n A Nova Peneira","@id":"https:\/\/www.anovapeneira.gal\/#\/schema\/person\/b93e3f8932e3f8da96334607eb6ac6aa"},"headline":"Inician as obras de renovaci\u00f3n do campo de f\u00fatbol Alfredo Bautista Alconero de Ponteareas","datePublished":"2021-04-14T08:00:13+00:00","mainEntityOfPage":{"@id":"https:\/\/www.anovapeneira.gal\/index.php\/2021\/04\/14\/inician-as-obras-de-renovacion-do-campo-de-futbol-alfredo-bautista-alconero-de-ponteareas\/"},"wordCount":215,"commentCount":0,"publisher":{"@id":"https:\/\/www.anovapeneira.gal\/#organization"},"image":{"@id":"https:\/\/www.anovapeneira.gal\/index.php\/2021\/04\/14\/inician-as-obras-de-renovacion-do-campo-de-futbol-alfredo-bautista-alconero-de-ponteareas\/#primaryimage"},"thumbnailUrl":"https:\/\/www.anovapeneira.gal\/wp-content\/uploads\/2021\/04\/campo_futbol_ponteareas.jpg","keywords":["Concello de Ponteareas"],"articleSection":["Condado"],"inLanguage":"gl-ES","potentialAction":[{"@type":"CommentAction","name":"Comment","target":["https:\/\/www.anovapeneira.gal\/index.php\/2021\/04\/14\/inician-as-obras-de-renovacion-do-campo-de-futbol-alfredo-bautista-alconero-de-ponteareas\/#respond"]}]},{"@type":"WebPage","@id":"https:\/\/www.anovapeneira.gal\/index.php\/2021\/04\/14\/inician-as-obras-de-renovacion-do-campo-de-futbol-alfredo-bautista-alconero-de-ponteareas\/","url":"https:\/\/www.anovapeneira.gal\/index.php\/2021\/04\/14\/inician-as-obras-de-renovacion-do-campo-de-futbol-alfredo-bautista-alconero-de-ponteareas\/","name":"Inician as obras de renovaci\u00f3n do campo de f\u00fatbol Alfredo Bautista Alconero de Ponteareas -","isPartOf":{"@id":"https:\/\/www.anovapeneira.gal\/#website"},"primaryImageOfPage":{"@id":"https:\/\/www.anovapeneira.gal\/index.php\/2021\/04\/14\/inician-as-obras-de-renovacion-do-campo-de-futbol-alfredo-bautista-alconero-de-ponteareas\/#primaryimage"},"image":{"@id":"https:\/\/www.anovapeneira.gal\/index.php\/2021\/04\/14\/inician-as-obras-de-renovacion-do-campo-de-futbol-alfredo-bautista-alconero-de-ponteareas\/#primaryimage"},"thumbnailUrl":"https:\/\/www.anovapeneira.gal\/wp-content\/uploads\/2021\/04\/campo_futbol_ponteareas.jpg","datePublished":"2021-04-14T08:00:13+00:00","description":"A concellar\u00eda de Deportes, que dirixe en funci\u00f3ns Miguel Bouz\u00f3, deu conta do inicio das obras de renovaci\u00f3n do campo de f\u00fatbol Alfredo Bautista Alconero \u2013 Rey, integrado nas instalaci\u00f3ns do Estadio Municipal de Ponteareas","breadcrumb":{"@id":"https:\/\/www.anovapeneira.gal\/index.php\/2021\/04\/14\/inician-as-obras-de-renovacion-do-campo-de-futbol-alfredo-bautista-alconero-de-ponteareas\/#breadcrumb"},"inLanguage":"gl-ES","potentialAction":[{"@type":"ReadAction","target":["https:\/\/www.anovapeneira.gal\/index.php\/2021\/04\/14\/inician-as-obras-de-renovacion-do-campo-de-futbol-alfredo-bautista-alconero-de-ponteareas\/"]}]},{"@type":"ImageObject","inLanguage":"gl-ES","@id":"https:\/\/www.anovapeneira.gal\/index.php\/2021\/04\/14\/inician-as-obras-de-renovacion-do-campo-de-futbol-alfredo-bautista-alconero-de-ponteareas\/#primaryimage","url":"https:\/\/www.anovapeneira.gal\/wp-content\/uploads\/2021\/04\/campo_futbol_ponteareas.jpg","contentUrl":"https:\/\/www.anovapeneira.gal\/wp-content\/uploads\/2021\/04\/campo_futbol_ponteareas.jpg","width":720,"height":432,"caption":"campo de f\u00fatbol Alfredo Bautista Alconero de Ponteareas"},{"@type":"BreadcrumbList","@id":"https:\/\/www.anovapeneira.gal\/index.php\/2021\/04\/14\/inician-as-obras-de-renovacion-do-campo-de-futbol-alfredo-bautista-alconero-de-ponteareas\/#breadcrumb","itemListElement":[{"@type":"ListItem","position":1,"name":"Portada","item":"https:\/\/www.anovapeneira.gal\/"},{"@type":"ListItem","position":2,"name":"Inician as obras de renovaci\u00f3n do campo de f\u00fatbol Alfredo Bautista Alconero de Ponteareas"}]},{"@type":"WebSite","@id":"https:\/\/www.anovapeneira.gal\/#website","url":"https:\/\/www.anovapeneira.gal\/","name":"","description":"Xornal galego de informaci\u00f3n xeral Publicaci\u00f3n mensual de novas de Galicia e en especial dos Concellos da sur da provincia de Pontevedra.","publisher":{"@id":"https:\/\/www.anovapeneira.gal\/#organization"},"potentialAction":[{"@type":"SearchAction","target":{"@type":"EntryPoint","urlTemplate":"https:\/\/www.anovapeneira.gal\/?s={search_term_string}"},"query-input":{"@type":"PropertyValueSpecification","valueRequired":true,"valueName":"search_term_string"}}],"inLanguage":"gl-ES"},{"@type":"Organization","@id":"https:\/\/www.anovapeneira.gal\/#organization","name":"A Nova Peneira","url":"https:\/\/www.anovapeneira.gal\/","logo":{"@type":"ImageObject","inLanguage":"gl-ES","@id":"https:\/\/www.anovapeneira.gal\/#\/schema\/logo\/image\/","url":"http:\/\/www.anovapeneira.gal\/wp-content\/uploads\/2019\/06\/logo_a_nova_peneira_portal_web.png","contentUrl":"http:\/\/www.anovapeneira.gal\/wp-content\/uploads\/2019\/06\/logo_a_nova_peneira_portal_web.png","width":300,"height":100,"caption":"A Nova Peneira"},"image":{"@id":"https:\/\/www.anovapeneira.gal\/#\/schema\/logo\/image\/"},"sameAs":["https:\/\/www.facebook.com\/anovapeneira","https:\/\/x.com\/APeneira"]},{"@type":"Person","@id":"https:\/\/www.anovapeneira.gal\/#\/schema\/person\/b93e3f8932e3f8da96334607eb6ac6aa","name":"Redacci\u00f3n A Nova Peneira","image":{"@type":"ImageObject","inLanguage":"gl-ES","@id":"https:\/\/secure.gravatar.com\/avatar\/c052a2551a06e23fac63626232eaa90abd78dbcf1700fc46a2b2c89fd27b735f?s=96&d=mm&r=g","url":"https:\/\/secure.gravatar.com\/avatar\/c052a2551a06e23fac63626232eaa90abd78dbcf1700fc46a2b2c89fd27b735f?s=96&d=mm&r=g","contentUrl":"https:\/\/secure.gravatar.com\/avatar\/c052a2551a06e23fac63626232eaa90abd78dbcf1700fc46a2b2c89fd27b735f?s=96&d=mm&r=g","caption":"Redacci\u00f3n A Nova Peneira"},"sameAs":["http:\/\/www.anovapeneira.gal\/"],"url":"https:\/\/www.anovapeneira.gal\/index.php\/author\/redactor\/"}]}},"jetpack_featured_media_url":"https:\/\/www.anovapeneira.gal\/wp-content\/uploads\/2021\/04\/campo_futbol_ponteareas.jpg","_links":{"self":[{"href":"https:\/\/www.anovapeneira.gal\/index.php\/wp-json\/wp\/v2\/posts\/5206","targetHints":{"allow":["GET"]}}],"collection":[{"href":"https:\/\/www.anovapeneira.gal\/index.php\/wp-json\/wp\/v2\/posts"}],"about":[{"href":"https:\/\/www.anovapeneira.gal\/index.php\/wp-json\/wp\/v2\/types\/post"}],"author":[{"embeddable":true,"href":"https:\/\/www.anovapeneira.gal\/index.php\/wp-json\/wp\/v2\/users\/3"}],"replies":[{"embeddable":true,"href":"https:\/\/www.anovapeneira.gal\/index.php\/wp-json\/wp\/v2\/comments?post=5206"}],"version-history":[{"count":1,"href":"https:\/\/www.anovapeneira.gal\/index.php\/wp-json\/wp\/v2\/posts\/5206\/revisions"}],"predecessor-version":[{"id":5208,"href":"https:\/\/www.anovapeneira.gal\/index.php\/wp-json\/wp\/v2\/posts\/5206\/revisions\/5208"}],"wp:featuredmedia":[{"embeddable":true,"href":"https:\/\/www.anovapeneira.gal\/index.php\/wp-json\/wp\/v2\/media\/5207"}],"wp:attachment":[{"href":"https:\/\/www.anovapeneira.gal\/index.php\/wp-json\/wp\/v2\/media?parent=5206"}],"wp:term":[{"taxonomy":"category","embeddable":true,"href":"https:\/\/www.anovapeneira.gal\/index.php\/wp-json\/wp\/v2\/categories?post=5206"},{"taxonomy":"post_tag","embeddable":true,"href":"https:\/\/www.anovapeneira.gal\/index.php\/wp-json\/wp\/v2\/tags?post=5206"}],"curies":[{"name":"wp","href":"https:\/\/api.w.org\/{rel}","templated":true}]}}