{"id":5214,"date":"2021-04-14T12:00:41","date_gmt":"2021-04-14T10:00:41","guid":{"rendered":"http:\/\/www.anovapeneira.gal\/?p=5214"},"modified":"2021-04-13T23:18:30","modified_gmt":"2021-04-13T21:18:30","slug":"anxo-baz-voceiro-do-bng-de-a-guarda","status":"publish","type":"post","link":"https:\/\/www.anovapeneira.gal\/index.php\/2021\/04\/14\/anxo-baz-voceiro-do-bng-de-a-guarda\/","title":{"rendered":"Anxo Baz, voceiro do BNG de A Guarda"},"content":{"rendered":"\n<p><strong>O BNG \u00e9 forza de oposici\u00f3n no Concello de A Guarda co mesmo n\u00famero de asentos c\u00f3 partido socialista, e a moi poucos votos dos obtidos polo grupo de de goberno. Ambas forzas iniciaron o mandato nun goberno conxunto co noso protagonista de hoxe na tenencia da alcald\u00eda. Por\u00e9n, a existencia de serias diferenzas co PSOE \u00e1 hora de concibir a necesaria remodelaci\u00f3n da r\u00faa Concepci\u00f3n Areal, que d\u00e1 acceso ao porto da vila, provocaron a ruptura do goberno e o paso dos nacionalistas \u00e1 oposici\u00f3n. N\u00f3s acheg\u00e1monos ata a Guarda a conversar con Anxo<\/strong><\/p>\n\n\n\n<h1 class=\"wp-block-heading\">\u201cAgardo que o goberno recapacite e aposte po transformar o centro da vila, de verdade, como propuxo o BNG\u201d<\/h1>\n\n\n\n<p><strong>Como valoras a situaci\u00f3n pol\u00edtica na Guarda nestes momentos Anxo?<\/strong><\/p>\n\n\n\n<blockquote class=\"wp-block-quote is-layout-flow wp-block-quote-is-layout-flow\"><p>Vivimos nunha situaci\u00f3n complicada e m\u00e1xime cando vemos que o goberno non trata de buscar pol\u00edticas transformadoras, segue nunha pol\u00edtica continuadora. Nestes momentos sufrimos unha baixada de poboaci\u00f3n. E a responsabilidade en parte ser\u00e1 da Xunta, pero tam\u00e9n \u00e9 deste goberno que leva m\u00e1is de 12 anos traballando no concello.<\/p><\/blockquote>\n\n\n\n<p><strong>Cales son as li\u00f1as pol\u00edticas que estades desenvolvendo v\u00f3s, como principal partido da oposici\u00f3n?<\/strong><\/p>\n\n\n\n<blockquote class=\"wp-block-quote is-layout-flow wp-block-quote-is-layout-flow\"><p>Hai un antes e un despois da aparici\u00f3n do Covid. O BNG nunca deixou de traballar e presentou unha bater\u00eda de propostas ao goberno para intentar minimizar a situaci\u00f3n que viv\u00edan as nosas empresas e os nosos veci\u00f1os e veci\u00f1as.<\/p><\/blockquote>\n\n\n\n<blockquote class=\"wp-block-quote is-layout-flow wp-block-quote-is-layout-flow\"><p>Proposta de rebaixa na taxa do lixo, rebaixa nas futuras licenzas, abaratamento ou anulaci\u00f3n das taxas de terrazas, tam\u00e9n as de Portos de Galicia nas que o concello non ten competencias.<\/p><\/blockquote>\n\n\n\n<blockquote class=\"wp-block-quote is-layout-flow wp-block-quote-is-layout-flow\"><p>A Guarda tam\u00e9n adheriuse ao proxecto AGORA da DEP malia ter o voto en contra do goberno. Agardo que recapaciten e aposten de verdade por transformar o centro da vila, como propuxo o BNG.<\/p><\/blockquote>\n\n\n\n<p><strong>Cal foi a receptividade do goberno municipal sobre as vosas propostas?<\/strong><\/p>\n\n\n\n<blockquote class=\"wp-block-quote is-layout-flow wp-block-quote-is-layout-flow\"><p>Nun principio dic\u00edan que administrativamente non eran posibles levalas a cabo, pero en base a uns informes t\u00e9cnicos municipais constatouse que si e a finais de ano, a trav\u00e9s do Oral da Deputaci\u00f3n, vexe que a demanda na rebaixa do lixo si se pod\u00eda facer. E a \u00faltima hora a Guarda entrou nesa rebaixa.<\/p><\/blockquote>\n\n\n\n<p><strong>A Guarda \u00e9 un pobo que ten unha substancial dependencia do turismo. Como se presenta o ver\u00e1n para o BNG?<\/strong><\/p>\n\n\n\n<blockquote class=\"wp-block-quote is-layout-flow wp-block-quote-is-layout-flow\"><p>Este vai ser un ver\u00e1n con incerteza, vemos que mentres non haxa un n\u00famero grande de persoas vacinadas, a cousa vai a estar complicada. Entendemos que a cidadan\u00eda est\u00e1 a facer todos os esforzos por ser respectuosos coas medidas que hai que tomar pero necesitamos esa vacinaci\u00f3n masiva que nos encami\u00f1e cara a certa normalidade.<\/p><\/blockquote>\n\n\n\n<p><strong>E o goberno municipal est\u00e1 a facer todo o que pode para os sectores empresariais da Guarda directamente afectados por esta situaci\u00f3n?<\/strong><\/p>\n\n\n\n<blockquote class=\"wp-block-quote is-layout-flow wp-block-quote-is-layout-flow\"><p>Creo que o goberno ven un pouco a remolque, coma sempre. Puxo en marcha unhas axudas para aqueles sectores afectados polo peche de xaneiro pero, pero despois de que estes sectores se mobilizaran na r\u00faa.<\/p><\/blockquote>\n\n\n\n<blockquote class=\"wp-block-quote is-layout-flow wp-block-quote-is-layout-flow\"><p>Houbo unha reuni\u00f3n cos portavoces municipais para que fixeramos achegas, n\u00f3s presentamos achegas pero non se moveu nada, xa o ti\u00f1an preparado e non moveron nada.<\/p><\/blockquote>\n\n\n\n<blockquote class=\"wp-block-quote is-layout-flow wp-block-quote-is-layout-flow\"><p>Sabemos que mellor esta axuda que nada, e as\u00ed o fixemos saber, pero esperamos que haxa m\u00e1is.<\/p><\/blockquote>\n\n\n\n<p><strong>A pol\u00e9mica por Concepci\u00f3n Arenal est\u00e1 morta xa?<\/strong><\/p>\n\n\n\n<blockquote class=\"wp-block-quote is-layout-flow wp-block-quote-is-layout-flow\"><p>Concepci\u00f3n Areal, Brasilino \u00c1lvarez, Joaqu\u00edn Alonso, Vicente Sobrino, Pac\u00edfico Rodr\u00edguez, D.Fontenla non variaron nada. Malia padecer unha pandemia brutal que evidencia m\u00e1is a\u00ednda a necesidade de recuperar o espazo p\u00fablico para as persoas, nestas r\u00faas segue mandando o coche e non hai liberdade e prioridade peonil para pasear tranquilamente, sempre hai que ir atento e mirando cara os lados por se ven alg\u00fan veh\u00edculo. Hai unha circulaci\u00f3n de coches moi numerosa en todas estas r\u00faas.<\/p><\/blockquote>\n\n\n\n<p><strong>Como est\u00e1 a sa\u00fade da agrupaci\u00f3n local do BNG da Guarda?<\/strong><\/p>\n\n\n\n<blockquote class=\"wp-block-quote is-layout-flow wp-block-quote-is-layout-flow\"><p>Estamos traballando dentro das limitaci\u00f3ns que nos trouxo esta pandemia, facendo reuni\u00f3ns virtuais, intentamos chegar a todos os colectivos da vila, tivemos reuni\u00f3ns sectoriais cos Espadeiros na que participaron tam\u00e9n representantes do BNG nacional, reun\u00edmonos co deputado nacional N\u00e9stor Rego, tam\u00e9n co sector da hostaler\u00eda. En definitiva, os cinco concelleiros e concelleiras da Guarda estamos facendo un traballo de oposici\u00f3n, pero sempre cunha visi\u00f3n construtiva que \u00e9 o que necesita a vila.<\/p><\/blockquote>\n\n\n\n<p><strong>Para rematar Anxo, como te atopas animicamente, con ganas de ser o candidato a alcald\u00eda nas vindeiras elecci\u00f3ns do 2023?<\/strong><\/p>\n\n\n\n<blockquote class=\"wp-block-quote is-layout-flow wp-block-quote-is-layout-flow\"><p>Iso ter\u00e1 que decidilo a asemblea do BNG. Creo que tanto eu coma o resto do equipo v\u00e9monos fortes e apoiados tanto pola asemblea coma pola cidadan\u00eda que \u00e9 moi receptiva a falar con n\u00f3s e a facernos part\u00edcipes das s\u00faas demandas. Despois de tres anos de demanda dos veci\u00f1os para solicitar unha marquesi\u00f1a para a Pasaxe e a mellora das sinalizaci\u00f3ns duns pasos de pe\u00f3ns, vimos de conseguir que o goberno se comprometera con estas demandas hai uns d\u00edas.<\/p><\/blockquote>\n\n\n\n<p><\/p>\n","protected":false},"excerpt":{"rendered":"<div class=\"mh-excerpt\"><p>O BNG \u00e9 forza de oposici\u00f3n no Concello de A Guarda co mesmo n\u00famero de asentos c\u00f3 partido socialista, e a moi poucos votos dos obtidos polo grupo de de goberno. Ambas forzas iniciaron o mandato nun goberno conxunto co noso protagonista de hoxe na tenencia da alcald\u00eda. Por\u00e9n, a existencia de serias diferenzas co PSOE \u00e1 hora de concibir a necesaria remodelaci\u00f3n da r\u00faa Concepci\u00f3n Areal, que d\u00e1 acceso ao porto da vila, provocaron a ruptura do goberno e o paso dos nacionalistas \u00e1 oposici\u00f3n. N\u00f3s acheg\u00e1monos ata a Guarda a conversar con Anxo <a class=\"mh-excerpt-more\" href=\"https:\/\/www.anovapeneira.gal\/index.php\/2021\/04\/14\/anxo-baz-voceiro-do-bng-de-a-guarda\/\" title=\"Anxo Baz, voceiro do BNG de A Guarda\">[&#8230;]<\/a><\/p>\n<\/div>","protected":false},"author":3,"featured_media":5215,"comment_status":"open","ping_status":"open","sticky":false,"template":"","format":"standard","meta":{"_exactmetrics_skip_tracking":false,"_exactmetrics_sitenote_active":false,"_exactmetrics_sitenote_note":"","_exactmetrics_sitenote_category":0,"footnotes":""},"categories":[266],"tags":[238],"class_list":{"0":"post-5214","1":"post","2":"type-post","3":"status-publish","4":"format-standard","5":"has-post-thumbnail","7":"category-baixo-mino-entrevistas","8":"tag-concello-da-guarda"},"yoast_head":"<!-- This site is optimized with the Yoast SEO plugin v27.4 - https:\/\/yoast.com\/product\/yoast-seo-wordpress\/ -->\n<title>Anxo Baz, voceiro do BNG de A Guarda -<\/title>\n<meta name=\"description\" content=\"O BNG \u00e9 forza de oposici\u00f3n no Concello de A Guarda co mesmo n\u00famero de asentos c\u00f3 partido socialista, e a moi poucos votos dos obtidos polo grupo de de goberno. Ambas forzas iniciaron o mandato nun goberno conxunto co noso protagonista de hoxe na tenencia da alcald\u00eda. Por\u00e9n, a existencia de serias diferenzas co PSOE \u00e1 hora de concibir a necesaria remodelaci\u00f3n da r\u00faa Concepci\u00f3n Areal, que d\u00e1 acceso ao porto da vila, provocaron a ruptura do goberno e o paso dos nacionalistas \u00e1 oposici\u00f3n. N\u00f3s acheg\u00e1monos ata a Guarda a conversar con Anxo\" \/>\n<meta name=\"robots\" content=\"index, follow, max-snippet:-1, max-image-preview:large, max-video-preview:-1\" \/>\n<link rel=\"canonical\" href=\"https:\/\/www.anovapeneira.gal\/index.php\/2021\/04\/14\/anxo-baz-voceiro-do-bng-de-a-guarda\/\" \/>\n<meta property=\"og:locale\" content=\"gl_ES\" \/>\n<meta property=\"og:type\" content=\"article\" \/>\n<meta property=\"og:title\" content=\"Anxo Baz, voceiro do BNG de A Guarda -\" \/>\n<meta property=\"og:description\" content=\"O BNG \u00e9 forza de oposici\u00f3n no Concello de A Guarda co mesmo n\u00famero de asentos c\u00f3 partido socialista, e a moi poucos votos dos obtidos polo grupo de de goberno. Ambas forzas iniciaron o mandato nun goberno conxunto co noso protagonista de hoxe na tenencia da alcald\u00eda. Por\u00e9n, a existencia de serias diferenzas co PSOE \u00e1 hora de concibir a necesaria remodelaci\u00f3n da r\u00faa Concepci\u00f3n Areal, que d\u00e1 acceso ao porto da vila, provocaron a ruptura do goberno e o paso dos nacionalistas \u00e1 oposici\u00f3n. N\u00f3s acheg\u00e1monos ata a Guarda a conversar con Anxo\" \/>\n<meta property=\"og:url\" content=\"https:\/\/www.anovapeneira.gal\/index.php\/2021\/04\/14\/anxo-baz-voceiro-do-bng-de-a-guarda\/\" \/>\n<meta property=\"article:publisher\" content=\"https:\/\/www.facebook.com\/anovapeneira\" \/>\n<meta property=\"article:published_time\" content=\"2021-04-14T10:00:41+00:00\" \/>\n<meta property=\"og:image\" content=\"https:\/\/www.anovapeneira.gal\/wp-content\/uploads\/2021\/04\/anxo_baz_a_garda.jpg\" \/>\n\t<meta property=\"og:image:width\" content=\"720\" \/>\n\t<meta property=\"og:image:height\" content=\"432\" \/>\n\t<meta property=\"og:image:type\" content=\"image\/jpeg\" \/>\n<meta name=\"author\" content=\"Redacci\u00f3n A Nova Peneira\" \/>\n<meta name=\"twitter:card\" content=\"summary_large_image\" \/>\n<meta name=\"twitter:creator\" content=\"@APeneira\" \/>\n<meta name=\"twitter:site\" content=\"@APeneira\" \/>\n<meta name=\"twitter:label1\" content=\"Escrito por\" \/>\n\t<meta name=\"twitter:data1\" content=\"Redacci\u00f3n A Nova Peneira\" \/>\n\t<meta name=\"twitter:label2\" content=\"Tempo de lectura\" \/>\n\t<meta name=\"twitter:data2\" content=\"4 minutos\" \/>\n<script type=\"application\/ld+json\" class=\"yoast-schema-graph\">{\"@context\":\"https:\\\/\\\/schema.org\",\"@graph\":[{\"@type\":\"Article\",\"@id\":\"https:\\\/\\\/www.anovapeneira.gal\\\/index.php\\\/2021\\\/04\\\/14\\\/anxo-baz-voceiro-do-bng-de-a-guarda\\\/#article\",\"isPartOf\":{\"@id\":\"https:\\\/\\\/www.anovapeneira.gal\\\/index.php\\\/2021\\\/04\\\/14\\\/anxo-baz-voceiro-do-bng-de-a-guarda\\\/\"},\"author\":{\"name\":\"Redacci\u00f3n A Nova Peneira\",\"@id\":\"https:\\\/\\\/www.anovapeneira.gal\\\/#\\\/schema\\\/person\\\/b93e3f8932e3f8da96334607eb6ac6aa\"},\"headline\":\"Anxo Baz, voceiro do BNG de A Guarda\",\"datePublished\":\"2021-04-14T10:00:41+00:00\",\"mainEntityOfPage\":{\"@id\":\"https:\\\/\\\/www.anovapeneira.gal\\\/index.php\\\/2021\\\/04\\\/14\\\/anxo-baz-voceiro-do-bng-de-a-guarda\\\/\"},\"wordCount\":886,\"commentCount\":0,\"publisher\":{\"@id\":\"https:\\\/\\\/www.anovapeneira.gal\\\/#organization\"},\"image\":{\"@id\":\"https:\\\/\\\/www.anovapeneira.gal\\\/index.php\\\/2021\\\/04\\\/14\\\/anxo-baz-voceiro-do-bng-de-a-guarda\\\/#primaryimage\"},\"thumbnailUrl\":\"https:\\\/\\\/www.anovapeneira.gal\\\/wp-content\\\/uploads\\\/2021\\\/04\\\/anxo_baz_a_garda.jpg\",\"keywords\":[\"Concello da Guarda\"],\"articleSection\":[\"Baixo Mi\u00f1o\"],\"inLanguage\":\"gl-ES\",\"potentialAction\":[{\"@type\":\"CommentAction\",\"name\":\"Comment\",\"target\":[\"https:\\\/\\\/www.anovapeneira.gal\\\/index.php\\\/2021\\\/04\\\/14\\\/anxo-baz-voceiro-do-bng-de-a-guarda\\\/#respond\"]}]},{\"@type\":\"WebPage\",\"@id\":\"https:\\\/\\\/www.anovapeneira.gal\\\/index.php\\\/2021\\\/04\\\/14\\\/anxo-baz-voceiro-do-bng-de-a-guarda\\\/\",\"url\":\"https:\\\/\\\/www.anovapeneira.gal\\\/index.php\\\/2021\\\/04\\\/14\\\/anxo-baz-voceiro-do-bng-de-a-guarda\\\/\",\"name\":\"Anxo Baz, voceiro do BNG de A Guarda -\",\"isPartOf\":{\"@id\":\"https:\\\/\\\/www.anovapeneira.gal\\\/#website\"},\"primaryImageOfPage\":{\"@id\":\"https:\\\/\\\/www.anovapeneira.gal\\\/index.php\\\/2021\\\/04\\\/14\\\/anxo-baz-voceiro-do-bng-de-a-guarda\\\/#primaryimage\"},\"image\":{\"@id\":\"https:\\\/\\\/www.anovapeneira.gal\\\/index.php\\\/2021\\\/04\\\/14\\\/anxo-baz-voceiro-do-bng-de-a-guarda\\\/#primaryimage\"},\"thumbnailUrl\":\"https:\\\/\\\/www.anovapeneira.gal\\\/wp-content\\\/uploads\\\/2021\\\/04\\\/anxo_baz_a_garda.jpg\",\"datePublished\":\"2021-04-14T10:00:41+00:00\",\"description\":\"O BNG \u00e9 forza de oposici\u00f3n no Concello de A Guarda co mesmo n\u00famero de asentos c\u00f3 partido socialista, e a moi poucos votos dos obtidos polo grupo de de goberno. Ambas forzas iniciaron o mandato nun goberno conxunto co noso protagonista de hoxe na tenencia da alcald\u00eda. Por\u00e9n, a existencia de serias diferenzas co PSOE \u00e1 hora de concibir a necesaria remodelaci\u00f3n da r\u00faa Concepci\u00f3n Areal, que d\u00e1 acceso ao porto da vila, provocaron a ruptura do goberno e o paso dos nacionalistas \u00e1 oposici\u00f3n. N\u00f3s acheg\u00e1monos ata a Guarda a conversar con Anxo\",\"breadcrumb\":{\"@id\":\"https:\\\/\\\/www.anovapeneira.gal\\\/index.php\\\/2021\\\/04\\\/14\\\/anxo-baz-voceiro-do-bng-de-a-guarda\\\/#breadcrumb\"},\"inLanguage\":\"gl-ES\",\"potentialAction\":[{\"@type\":\"ReadAction\",\"target\":[\"https:\\\/\\\/www.anovapeneira.gal\\\/index.php\\\/2021\\\/04\\\/14\\\/anxo-baz-voceiro-do-bng-de-a-guarda\\\/\"]}]},{\"@type\":\"ImageObject\",\"inLanguage\":\"gl-ES\",\"@id\":\"https:\\\/\\\/www.anovapeneira.gal\\\/index.php\\\/2021\\\/04\\\/14\\\/anxo-baz-voceiro-do-bng-de-a-guarda\\\/#primaryimage\",\"url\":\"https:\\\/\\\/www.anovapeneira.gal\\\/wp-content\\\/uploads\\\/2021\\\/04\\\/anxo_baz_a_garda.jpg\",\"contentUrl\":\"https:\\\/\\\/www.anovapeneira.gal\\\/wp-content\\\/uploads\\\/2021\\\/04\\\/anxo_baz_a_garda.jpg\",\"width\":720,\"height\":432,\"caption\":\"Anxo Baz BNG A Garda\"},{\"@type\":\"BreadcrumbList\",\"@id\":\"https:\\\/\\\/www.anovapeneira.gal\\\/index.php\\\/2021\\\/04\\\/14\\\/anxo-baz-voceiro-do-bng-de-a-guarda\\\/#breadcrumb\",\"itemListElement\":[{\"@type\":\"ListItem\",\"position\":1,\"name\":\"Portada\",\"item\":\"https:\\\/\\\/www.anovapeneira.gal\\\/\"},{\"@type\":\"ListItem\",\"position\":2,\"name\":\"Anxo Baz, voceiro do BNG de A Guarda\"}]},{\"@type\":\"WebSite\",\"@id\":\"https:\\\/\\\/www.anovapeneira.gal\\\/#website\",\"url\":\"https:\\\/\\\/www.anovapeneira.gal\\\/\",\"name\":\"\",\"description\":\"Xornal galego de informaci\u00f3n xeral Publicaci\u00f3n mensual de novas de Galicia e en especial dos Concellos da sur da provincia de Pontevedra.\",\"publisher\":{\"@id\":\"https:\\\/\\\/www.anovapeneira.gal\\\/#organization\"},\"potentialAction\":[{\"@type\":\"SearchAction\",\"target\":{\"@type\":\"EntryPoint\",\"urlTemplate\":\"https:\\\/\\\/www.anovapeneira.gal\\\/?s={search_term_string}\"},\"query-input\":{\"@type\":\"PropertyValueSpecification\",\"valueRequired\":true,\"valueName\":\"search_term_string\"}}],\"inLanguage\":\"gl-ES\"},{\"@type\":\"Organization\",\"@id\":\"https:\\\/\\\/www.anovapeneira.gal\\\/#organization\",\"name\":\"A Nova Peneira\",\"url\":\"https:\\\/\\\/www.anovapeneira.gal\\\/\",\"logo\":{\"@type\":\"ImageObject\",\"inLanguage\":\"gl-ES\",\"@id\":\"https:\\\/\\\/www.anovapeneira.gal\\\/#\\\/schema\\\/logo\\\/image\\\/\",\"url\":\"http:\\\/\\\/www.anovapeneira.gal\\\/wp-content\\\/uploads\\\/2019\\\/06\\\/logo_a_nova_peneira_portal_web.png\",\"contentUrl\":\"http:\\\/\\\/www.anovapeneira.gal\\\/wp-content\\\/uploads\\\/2019\\\/06\\\/logo_a_nova_peneira_portal_web.png\",\"width\":300,\"height\":100,\"caption\":\"A Nova Peneira\"},\"image\":{\"@id\":\"https:\\\/\\\/www.anovapeneira.gal\\\/#\\\/schema\\\/logo\\\/image\\\/\"},\"sameAs\":[\"https:\\\/\\\/www.facebook.com\\\/anovapeneira\",\"https:\\\/\\\/x.com\\\/APeneira\"]},{\"@type\":\"Person\",\"@id\":\"https:\\\/\\\/www.anovapeneira.gal\\\/#\\\/schema\\\/person\\\/b93e3f8932e3f8da96334607eb6ac6aa\",\"name\":\"Redacci\u00f3n A Nova Peneira\",\"image\":{\"@type\":\"ImageObject\",\"inLanguage\":\"gl-ES\",\"@id\":\"https:\\\/\\\/secure.gravatar.com\\\/avatar\\\/c052a2551a06e23fac63626232eaa90abd78dbcf1700fc46a2b2c89fd27b735f?s=96&d=mm&r=g\",\"url\":\"https:\\\/\\\/secure.gravatar.com\\\/avatar\\\/c052a2551a06e23fac63626232eaa90abd78dbcf1700fc46a2b2c89fd27b735f?s=96&d=mm&r=g\",\"contentUrl\":\"https:\\\/\\\/secure.gravatar.com\\\/avatar\\\/c052a2551a06e23fac63626232eaa90abd78dbcf1700fc46a2b2c89fd27b735f?s=96&d=mm&r=g\",\"caption\":\"Redacci\u00f3n A Nova Peneira\"},\"sameAs\":[\"http:\\\/\\\/www.anovapeneira.gal\\\/\"],\"url\":\"https:\\\/\\\/www.anovapeneira.gal\\\/index.php\\\/author\\\/redactor\\\/\"}]}<\/script>\n<!-- \/ Yoast SEO plugin. -->","yoast_head_json":{"title":"Anxo Baz, voceiro do BNG de A Guarda -","description":"O BNG \u00e9 forza de oposici\u00f3n no Concello de A Guarda co mesmo n\u00famero de asentos c\u00f3 partido socialista, e a moi poucos votos dos obtidos polo grupo de de goberno. Ambas forzas iniciaron o mandato nun goberno conxunto co noso protagonista de hoxe na tenencia da alcald\u00eda. Por\u00e9n, a existencia de serias diferenzas co PSOE \u00e1 hora de concibir a necesaria remodelaci\u00f3n da r\u00faa Concepci\u00f3n Areal, que d\u00e1 acceso ao porto da vila, provocaron a ruptura do goberno e o paso dos nacionalistas \u00e1 oposici\u00f3n. N\u00f3s acheg\u00e1monos ata a Guarda a conversar con Anxo","robots":{"index":"index","follow":"follow","max-snippet":"max-snippet:-1","max-image-preview":"max-image-preview:large","max-video-preview":"max-video-preview:-1"},"canonical":"https:\/\/www.anovapeneira.gal\/index.php\/2021\/04\/14\/anxo-baz-voceiro-do-bng-de-a-guarda\/","og_locale":"gl_ES","og_type":"article","og_title":"Anxo Baz, voceiro do BNG de A Guarda -","og_description":"O BNG \u00e9 forza de oposici\u00f3n no Concello de A Guarda co mesmo n\u00famero de asentos c\u00f3 partido socialista, e a moi poucos votos dos obtidos polo grupo de de goberno. Ambas forzas iniciaron o mandato nun goberno conxunto co noso protagonista de hoxe na tenencia da alcald\u00eda. Por\u00e9n, a existencia de serias diferenzas co PSOE \u00e1 hora de concibir a necesaria remodelaci\u00f3n da r\u00faa Concepci\u00f3n Areal, que d\u00e1 acceso ao porto da vila, provocaron a ruptura do goberno e o paso dos nacionalistas \u00e1 oposici\u00f3n. N\u00f3s acheg\u00e1monos ata a Guarda a conversar con Anxo","og_url":"https:\/\/www.anovapeneira.gal\/index.php\/2021\/04\/14\/anxo-baz-voceiro-do-bng-de-a-guarda\/","article_publisher":"https:\/\/www.facebook.com\/anovapeneira","article_published_time":"2021-04-14T10:00:41+00:00","og_image":[{"width":720,"height":432,"url":"https:\/\/www.anovapeneira.gal\/wp-content\/uploads\/2021\/04\/anxo_baz_a_garda.jpg","type":"image\/jpeg"}],"author":"Redacci\u00f3n A Nova Peneira","twitter_card":"summary_large_image","twitter_creator":"@APeneira","twitter_site":"@APeneira","twitter_misc":{"Escrito por":"Redacci\u00f3n A Nova Peneira","Tempo de lectura":"4 minutos"},"schema":{"@context":"https:\/\/schema.org","@graph":[{"@type":"Article","@id":"https:\/\/www.anovapeneira.gal\/index.php\/2021\/04\/14\/anxo-baz-voceiro-do-bng-de-a-guarda\/#article","isPartOf":{"@id":"https:\/\/www.anovapeneira.gal\/index.php\/2021\/04\/14\/anxo-baz-voceiro-do-bng-de-a-guarda\/"},"author":{"name":"Redacci\u00f3n A Nova Peneira","@id":"https:\/\/www.anovapeneira.gal\/#\/schema\/person\/b93e3f8932e3f8da96334607eb6ac6aa"},"headline":"Anxo Baz, voceiro do BNG de A Guarda","datePublished":"2021-04-14T10:00:41+00:00","mainEntityOfPage":{"@id":"https:\/\/www.anovapeneira.gal\/index.php\/2021\/04\/14\/anxo-baz-voceiro-do-bng-de-a-guarda\/"},"wordCount":886,"commentCount":0,"publisher":{"@id":"https:\/\/www.anovapeneira.gal\/#organization"},"image":{"@id":"https:\/\/www.anovapeneira.gal\/index.php\/2021\/04\/14\/anxo-baz-voceiro-do-bng-de-a-guarda\/#primaryimage"},"thumbnailUrl":"https:\/\/www.anovapeneira.gal\/wp-content\/uploads\/2021\/04\/anxo_baz_a_garda.jpg","keywords":["Concello da Guarda"],"articleSection":["Baixo Mi\u00f1o"],"inLanguage":"gl-ES","potentialAction":[{"@type":"CommentAction","name":"Comment","target":["https:\/\/www.anovapeneira.gal\/index.php\/2021\/04\/14\/anxo-baz-voceiro-do-bng-de-a-guarda\/#respond"]}]},{"@type":"WebPage","@id":"https:\/\/www.anovapeneira.gal\/index.php\/2021\/04\/14\/anxo-baz-voceiro-do-bng-de-a-guarda\/","url":"https:\/\/www.anovapeneira.gal\/index.php\/2021\/04\/14\/anxo-baz-voceiro-do-bng-de-a-guarda\/","name":"Anxo Baz, voceiro do BNG de A Guarda -","isPartOf":{"@id":"https:\/\/www.anovapeneira.gal\/#website"},"primaryImageOfPage":{"@id":"https:\/\/www.anovapeneira.gal\/index.php\/2021\/04\/14\/anxo-baz-voceiro-do-bng-de-a-guarda\/#primaryimage"},"image":{"@id":"https:\/\/www.anovapeneira.gal\/index.php\/2021\/04\/14\/anxo-baz-voceiro-do-bng-de-a-guarda\/#primaryimage"},"thumbnailUrl":"https:\/\/www.anovapeneira.gal\/wp-content\/uploads\/2021\/04\/anxo_baz_a_garda.jpg","datePublished":"2021-04-14T10:00:41+00:00","description":"O BNG \u00e9 forza de oposici\u00f3n no Concello de A Guarda co mesmo n\u00famero de asentos c\u00f3 partido socialista, e a moi poucos votos dos obtidos polo grupo de de goberno. Ambas forzas iniciaron o mandato nun goberno conxunto co noso protagonista de hoxe na tenencia da alcald\u00eda. Por\u00e9n, a existencia de serias diferenzas co PSOE \u00e1 hora de concibir a necesaria remodelaci\u00f3n da r\u00faa Concepci\u00f3n Areal, que d\u00e1 acceso ao porto da vila, provocaron a ruptura do goberno e o paso dos nacionalistas \u00e1 oposici\u00f3n. N\u00f3s acheg\u00e1monos ata a Guarda a conversar con Anxo","breadcrumb":{"@id":"https:\/\/www.anovapeneira.gal\/index.php\/2021\/04\/14\/anxo-baz-voceiro-do-bng-de-a-guarda\/#breadcrumb"},"inLanguage":"gl-ES","potentialAction":[{"@type":"ReadAction","target":["https:\/\/www.anovapeneira.gal\/index.php\/2021\/04\/14\/anxo-baz-voceiro-do-bng-de-a-guarda\/"]}]},{"@type":"ImageObject","inLanguage":"gl-ES","@id":"https:\/\/www.anovapeneira.gal\/index.php\/2021\/04\/14\/anxo-baz-voceiro-do-bng-de-a-guarda\/#primaryimage","url":"https:\/\/www.anovapeneira.gal\/wp-content\/uploads\/2021\/04\/anxo_baz_a_garda.jpg","contentUrl":"https:\/\/www.anovapeneira.gal\/wp-content\/uploads\/2021\/04\/anxo_baz_a_garda.jpg","width":720,"height":432,"caption":"Anxo Baz BNG A Garda"},{"@type":"BreadcrumbList","@id":"https:\/\/www.anovapeneira.gal\/index.php\/2021\/04\/14\/anxo-baz-voceiro-do-bng-de-a-guarda\/#breadcrumb","itemListElement":[{"@type":"ListItem","position":1,"name":"Portada","item":"https:\/\/www.anovapeneira.gal\/"},{"@type":"ListItem","position":2,"name":"Anxo Baz, voceiro do BNG de A Guarda"}]},{"@type":"WebSite","@id":"https:\/\/www.anovapeneira.gal\/#website","url":"https:\/\/www.anovapeneira.gal\/","name":"","description":"Xornal galego de informaci\u00f3n xeral Publicaci\u00f3n mensual de novas de Galicia e en especial dos Concellos da sur da provincia de Pontevedra.","publisher":{"@id":"https:\/\/www.anovapeneira.gal\/#organization"},"potentialAction":[{"@type":"SearchAction","target":{"@type":"EntryPoint","urlTemplate":"https:\/\/www.anovapeneira.gal\/?s={search_term_string}"},"query-input":{"@type":"PropertyValueSpecification","valueRequired":true,"valueName":"search_term_string"}}],"inLanguage":"gl-ES"},{"@type":"Organization","@id":"https:\/\/www.anovapeneira.gal\/#organization","name":"A Nova Peneira","url":"https:\/\/www.anovapeneira.gal\/","logo":{"@type":"ImageObject","inLanguage":"gl-ES","@id":"https:\/\/www.anovapeneira.gal\/#\/schema\/logo\/image\/","url":"http:\/\/www.anovapeneira.gal\/wp-content\/uploads\/2019\/06\/logo_a_nova_peneira_portal_web.png","contentUrl":"http:\/\/www.anovapeneira.gal\/wp-content\/uploads\/2019\/06\/logo_a_nova_peneira_portal_web.png","width":300,"height":100,"caption":"A Nova Peneira"},"image":{"@id":"https:\/\/www.anovapeneira.gal\/#\/schema\/logo\/image\/"},"sameAs":["https:\/\/www.facebook.com\/anovapeneira","https:\/\/x.com\/APeneira"]},{"@type":"Person","@id":"https:\/\/www.anovapeneira.gal\/#\/schema\/person\/b93e3f8932e3f8da96334607eb6ac6aa","name":"Redacci\u00f3n A Nova Peneira","image":{"@type":"ImageObject","inLanguage":"gl-ES","@id":"https:\/\/secure.gravatar.com\/avatar\/c052a2551a06e23fac63626232eaa90abd78dbcf1700fc46a2b2c89fd27b735f?s=96&d=mm&r=g","url":"https:\/\/secure.gravatar.com\/avatar\/c052a2551a06e23fac63626232eaa90abd78dbcf1700fc46a2b2c89fd27b735f?s=96&d=mm&r=g","contentUrl":"https:\/\/secure.gravatar.com\/avatar\/c052a2551a06e23fac63626232eaa90abd78dbcf1700fc46a2b2c89fd27b735f?s=96&d=mm&r=g","caption":"Redacci\u00f3n A Nova Peneira"},"sameAs":["http:\/\/www.anovapeneira.gal\/"],"url":"https:\/\/www.anovapeneira.gal\/index.php\/author\/redactor\/"}]}},"jetpack_featured_media_url":"https:\/\/www.anovapeneira.gal\/wp-content\/uploads\/2021\/04\/anxo_baz_a_garda.jpg","_links":{"self":[{"href":"https:\/\/www.anovapeneira.gal\/index.php\/wp-json\/wp\/v2\/posts\/5214","targetHints":{"allow":["GET"]}}],"collection":[{"href":"https:\/\/www.anovapeneira.gal\/index.php\/wp-json\/wp\/v2\/posts"}],"about":[{"href":"https:\/\/www.anovapeneira.gal\/index.php\/wp-json\/wp\/v2\/types\/post"}],"author":[{"embeddable":true,"href":"https:\/\/www.anovapeneira.gal\/index.php\/wp-json\/wp\/v2\/users\/3"}],"replies":[{"embeddable":true,"href":"https:\/\/www.anovapeneira.gal\/index.php\/wp-json\/wp\/v2\/comments?post=5214"}],"version-history":[{"count":1,"href":"https:\/\/www.anovapeneira.gal\/index.php\/wp-json\/wp\/v2\/posts\/5214\/revisions"}],"predecessor-version":[{"id":5216,"href":"https:\/\/www.anovapeneira.gal\/index.php\/wp-json\/wp\/v2\/posts\/5214\/revisions\/5216"}],"wp:featuredmedia":[{"embeddable":true,"href":"https:\/\/www.anovapeneira.gal\/index.php\/wp-json\/wp\/v2\/media\/5215"}],"wp:attachment":[{"href":"https:\/\/www.anovapeneira.gal\/index.php\/wp-json\/wp\/v2\/media?parent=5214"}],"wp:term":[{"taxonomy":"category","embeddable":true,"href":"https:\/\/www.anovapeneira.gal\/index.php\/wp-json\/wp\/v2\/categories?post=5214"},{"taxonomy":"post_tag","embeddable":true,"href":"https:\/\/www.anovapeneira.gal\/index.php\/wp-json\/wp\/v2\/tags?post=5214"}],"curies":[{"name":"wp","href":"https:\/\/api.w.org\/{rel}","templated":true}]}}