{"id":5217,"date":"2021-04-15T10:00:08","date_gmt":"2021-04-15T08:00:08","guid":{"rendered":"http:\/\/www.anovapeneira.gal\/?p=5217"},"modified":"2021-04-13T23:26:35","modified_gmt":"2021-04-13T21:26:35","slug":"a-asemblea-republicana-de-vigo-interpuxo-unha-querela-contra-dolores-delgado-fiscal-xeral-do-estado-e-contra-jesus-gascon-director-da-axencia-tributaria-por-suposto-trato-de-favor-ao-anterior-xefe","status":"publish","type":"post","link":"https:\/\/www.anovapeneira.gal\/index.php\/2021\/04\/15\/a-asemblea-republicana-de-vigo-interpuxo-unha-querela-contra-dolores-delgado-fiscal-xeral-do-estado-e-contra-jesus-gascon-director-da-axencia-tributaria-por-suposto-trato-de-favor-ao-anterior-xefe\/","title":{"rendered":"A Asemblea Republicana de Vigo interpuxo unha querela contra Dolores Delgado, fiscal xeral do estado, e contra Jes\u00fas Gasc\u00f3n, director da Axencia Tributaria, por suposto trato de favor ao anterior xefe do estado. O avogado vigu\u00e9s Ant\u00f3n Beiras \u00e9 quen presentou a demanda no Tribunal Supremo. N\u00f3s acheg\u00e1monos ata o seu despacho a conversar con el. Vela\u00ed vai o que deu de si a nosa visita"},"content":{"rendered":"\n<p><strong>ANT\u00d3N BEIRAS.AVOGADO<\/strong><\/p>\n\n\n\n<p>\u201c<strong>No Cerne desta querela non est\u00e1 o debate entre a monarqu\u00eda ou a Rep\u00fablica. Est\u00e1 a existencia dunha monarqu\u00eda que non funciona cos est\u00e1ndares esixibles. Un mon\u00e1rquico dem\u00f3crata ten que apoiar a querela\u201d<\/strong><\/p>\n\n\n\n<p><strong>Esta entrevista fac\u00e9mola no mes de abril, supo\u00f1o que un mes moi bonito para un home que leva a bandeira da Rep\u00fablica prendida na chaqueta?<\/strong><\/p>\n\n\n\n<blockquote class=\"wp-block-quote is-layout-flow wp-block-quote-is-layout-flow\"><p>Abof\u00e9 que \u00e9 as\u00ed, pois o 14 de abril \u00e9 o aniversario da instauraci\u00f3n da Rep\u00fablica<\/p><\/blockquote>\n\n\n\n<p><strong>Est\u00e1s de acordo con aquela afirmaci\u00f3n de Julia Otero cando dic\u00eda que \u201cracionalmente s\u00f3 se pode ser republicano \u201d?<\/strong><\/p>\n\n\n\n<blockquote class=\"wp-block-quote is-layout-flow wp-block-quote-is-layout-flow\"><p>Si, estou de acordo claro. O feito de que a xefatura do estado recaia de maneira permanente nunha persoa, que sexa hereditario para a s\u00faa descendencia e centr\u00e1ndonos no caso de Espa\u00f1a que se lle dea preferencia ao var\u00f3n sobre a muller \u00e9 un anacronismo absoluto.<\/p><\/blockquote>\n\n\n\n<p><strong>Por\u00e9n, en Europa hai sociedades nas que a monarqu\u00eda parece consubstancial .Ti cres que tam\u00e9n neses estados acabar\u00e1 por desaparecer?<\/strong><\/p>\n\n\n\n<blockquote class=\"wp-block-quote is-layout-flow wp-block-quote-is-layout-flow\"><p>Probablemente si. Pero eu creo que nas monarqu\u00edas parlamentarias avanzadas, que non \u00e9 o caso de Espa\u00f1a, ten unha connotaci\u00f3n ritual. \u00c9 unha tradici\u00f3n simb\u00f3lica, como tantas outras , na que a figura do xefe do estado \u00e9 meramente decorativa.<\/p><\/blockquote>\n\n\n\n<p><strong>A monarqu\u00eda espa\u00f1ola est\u00e1 tocada polo estigma da s\u00faa orixe, procedente do dedo dun ditador fascista?<\/strong><\/p>\n\n\n\n<blockquote class=\"wp-block-quote is-layout-flow wp-block-quote-is-layout-flow\"><p>Evidentemente. A forma do estado non puido ser consensuada na transici\u00f3n pol\u00edtica, pois nas posici\u00f3ns pol\u00edticas do ex\u00e9rcito e da igrexa algo diferente era impensable e de ning\u00fan modo ter\u00eda sido negociable, de a\u00ed que Felipe Gonz\u00e1lez e Carrillo renunciaran \u00e1 aposta republicana.<\/p><\/blockquote>\n\n\n\n<p><strong>Por que non foi un esc\u00e1ndalo aquela confesi\u00f3n de Su\u00e1rez a Victoria Prego na que reco\u00f1ec\u00eda a fraude que supuxo meter a monarqu\u00eda no medio do texto da \u201cLei para a Reforma Pol\u00edtica\u201d?<\/strong><\/p>\n\n\n\n<blockquote class=\"wp-block-quote is-layout-flow wp-block-quote-is-layout-flow\"><p>Eu creo que eran tan grandes as ansias de liberdade que unha vez morto o ditador a transici\u00f3n foi un acordo de m\u00ednimos e eu penso que as forzas de esquerda renunciaron \u00e1 pelexa pola Rep\u00fablica como un mal menor. Entendo que o que di Su\u00e1rez non responde \u00e1 realidade, a raz\u00f3n non \u00e9 que perderan os mon\u00e1rquicos, sen\u00f3n que en realidade non estaba no paquete negociador.<\/p><\/blockquote>\n\n\n\n<p><strong>A arquitectura do estado en forma de monarqu\u00eda era intocable?<\/strong><\/p>\n\n\n\n<blockquote class=\"wp-block-quote is-layout-flow wp-block-quote-is-layout-flow\"><p>Absolutamente intocable. O que dixo Su\u00e1rez \u00e9 unha forma de eludir dicir a realidade : que as forzas vivas do ex\u00e9rcito, igrexa e gran capital non permitir\u00edan outra cousa.<\/p><\/blockquote>\n\n\n\n<p><strong>Antes de entrar na querela, Ant\u00f3n, quero falar da xustiza. O mundo da xudicatura espa\u00f1ola est\u00e1, en xeral, politizado en posici\u00f3ns dereitistas?<\/strong><\/p>\n\n\n\n<blockquote class=\"wp-block-quote is-layout-flow wp-block-quote-is-layout-flow\"><p>Os xu\u00edces son fillos de familias podentes. E por regra xeral a xudicatura \u00e9 unha instituci\u00f3n conservadora<\/p><\/blockquote>\n\n\n\n<p><strong>Iso implica unha mingua da s\u00faa capacidade de impartir xustiza de maneira ecu\u00e1nime?<\/strong><\/p>\n\n\n\n<blockquote class=\"wp-block-quote is-layout-flow wp-block-quote-is-layout-flow\"><p>Non. Eu creo que por enriba da ideolox\u00eda, que si \u00e9 maioritariamente conservadora, a inmensa maior\u00eda dos xu\u00edces son neutrais, imparciais e administran xustiza o mellor que poden e saben<\/p><\/blockquote>\n\n\n\n<p><strong>Falemos da querela, ti pres\u00e9ntala en nome de?<\/strong><\/p>\n\n\n\n<blockquote class=\"wp-block-quote is-layout-flow wp-block-quote-is-layout-flow\"><p>A Asemblea Republicana de Vigo<\/p><\/blockquote>\n\n\n\n<p><strong>Contra quen te querelas?<\/strong><\/p>\n\n\n\n<blockquote class=\"wp-block-quote is-layout-flow wp-block-quote-is-layout-flow\"><p>Eu quero aclarar que a querela non pretende p\u00f3r enriba da mesa o debate entra a monarqu\u00eda e a Rep\u00fablica sen\u00f3n p\u00f3r en cuesti\u00f3n o que entendemos como un p\u00e9simo funcionamento de d\u00faas instituci\u00f3ns b\u00e1sicas en calquera estado de dereito como son a fiscal\u00eda xeral do estado e a axencia tributaria. Son as d\u00faas instituci\u00f3ns cun poder m\u00e1is grande de inxerencia nas vidas e nas facendas dos cidad\u00e1ns. E ambas instituci\u00f3ns miraron para outro lado no caso do anterior xefe do estado. Todas as querelas pres\u00e9ntase contra persoas f\u00edsicas e neste caso fac\u00e9molo contra a m\u00e1xima responsable da fiscal\u00eda, Dolores Delgado, e contra o m\u00e1ximo responsable da AT, Jes\u00fas Gasc\u00f3n<\/p><\/blockquote>\n\n\n\n<p><strong>En que te baseas para afirmar iso?<\/strong><\/p>\n\n\n\n<blockquote class=\"wp-block-quote is-layout-flow wp-block-quote-is-layout-flow\"><p>Levan dous anos dicindo que o est\u00e1n investigando, filtrando novas \u00e1 prensa pero sen emprazalo. A AT o que ten que facer cando ten indicios da existencia dunha fraude \u00e9 emprazar ao presunto defraudador. Ese emprazamento inmediatamente interrompe a prescrici\u00f3n das obrigas tributarias. Como sabes son catro anos os que se poden investigar, pero se non emprazas ao suposto infractor os feitos que puidesen ser delituosos van prescribindo. Nin a AT emprazou, nin a fiscal\u00eda denunciou de maneira que entre eles dous converteron un dereito, o dereito a regularizar a situaci\u00f3n tributaria mentres sexa unha regularizaci\u00f3n espont\u00e1nea, nun privilexio para o rei em\u00e9rito<\/p><\/blockquote>\n\n\n\n<p><strong>Por que?<\/strong><\/p>\n\n\n\n<blockquote class=\"wp-block-quote is-layout-flow wp-block-quote-is-layout-flow\"><p>Porque a trav\u00e9s da prensa a mensaxe que se lle estaba dando aos avogados do em\u00e9rito era: Regularizade xa<\/p><\/blockquote>\n\n\n\n<p><strong>Ser\u00edan s\u00f3 mensaxes indirectas a trav\u00e9s da prensa, ou tes constancias dalgunha mensaxe directa en contactos co equipo xur\u00eddico do em\u00e9rito?<\/strong><\/p>\n\n\n\n<blockquote class=\"wp-block-quote is-layout-flow wp-block-quote-is-layout-flow\"><p>Na querela non acusamos de negociaci\u00f3ns prohibidas porque non temos a proba.<\/p><\/blockquote>\n\n\n\n<p><strong>Ante que tribunal presentas a querela?<\/strong><\/p>\n\n\n\n<blockquote class=\"wp-block-quote is-layout-flow wp-block-quote-is-layout-flow\"><p>Ante o TS pois Dolores Delgado \u00e9 aforada. Se se admitise a tr\u00e1mite non \u00e9 descartable que se desgaxe, e a acci\u00f3n contra o director da AT vaia a un xulgado ordinario para que puidese ter dereito a unha segunda instancia.<\/p><\/blockquote>\n\n\n\n<p><strong>Est\u00e1 presentada?<\/strong><\/p>\n\n\n\n<blockquote class=\"wp-block-quote is-layout-flow wp-block-quote-is-layout-flow\"><p>O 18 de marzo<\/p><\/blockquote>\n\n\n\n<p><strong>Temos alg\u00fan tipo de resposta?<\/strong><\/p>\n\n\n\n<blockquote class=\"wp-block-quote is-layout-flow wp-block-quote-is-layout-flow\"><p>A d\u00eda de hoxe,9 de abril, non<\/p><\/blockquote>\n\n\n\n<p><strong>Obxectivamente que expectativas tes?<\/strong><\/p>\n\n\n\n<blockquote class=\"wp-block-quote is-layout-flow wp-block-quote-is-layout-flow\"><p>Obxectivamente os feitos te\u00f1en que ser investigados. En calquera monarqu\u00eda parlamentaria avanzada estes feitos non ser\u00edan imaxinables.<\/p><\/blockquote>\n\n\n\n<p><strong>E pensas que a querela vai ser admitida a tr\u00e1mite?<\/strong><\/p>\n\n\n\n<blockquote class=\"wp-block-quote is-layout-flow wp-block-quote-is-layout-flow\"><p>Eu creo que a posici\u00f3n intelixente do TS debe ser admitila a tr\u00e1mite, porque non facelo ser\u00eda m\u00e1is do mesmo. Mira para outro lado a AT, mira para outro lado a fiscal\u00eda e agora mira para outro lado o TS<\/p><\/blockquote>\n\n\n\n<p><strong>Se non se admite a tr\u00e1mite mudar\u00edas a t\u00faa posici\u00f3n intelectual de que a maior\u00eda dos xu\u00edces espa\u00f1ois administran xustiza de maneira imparcial?<\/strong><\/p>\n\n\n\n<blockquote class=\"wp-block-quote is-layout-flow wp-block-quote-is-layout-flow\"><p>Non, porque o TS non \u00e9 a maior\u00eda dos xu\u00edces<\/p><\/blockquote>\n\n\n\n<p><strong>Ha ha ha ha moi boa resposta. Se non se admite vas recorrer?<\/strong><\/p>\n\n\n\n<blockquote class=\"wp-block-quote is-layout-flow wp-block-quote-is-layout-flow\"><p>Si claro, ante o plenario<\/p><\/blockquote>\n\n\n\n<p><strong>E se si se admite a tr\u00e1mite sorprender\u00edache que chegara a abrirse xu\u00edzo oral?<\/strong><\/p>\n\n\n\n<blockquote class=\"wp-block-quote is-layout-flow wp-block-quote-is-layout-flow\"><p>Sinceramente si. En Espa\u00f1a unha acusaci\u00f3n contra d\u00faas instituci\u00f3ns tan importantes ser\u00eda sorprendente<\/p><\/blockquote>\n\n\n\n<p><strong>No caso de que levaramos unha sorpresa e se chegase ao xu\u00edzo oral a Asemblea Republicana de Vigo ser\u00eda acusaci\u00f3n particular, pero entendo que a fiscal\u00eda non acusar\u00eda?<\/strong><\/p>\n\n\n\n<blockquote class=\"wp-block-quote is-layout-flow wp-block-quote-is-layout-flow\"><p>Non claro, ser\u00eda absurdo que a fiscal\u00eda se acusase a si mesma<\/p><\/blockquote>\n\n\n\n<p><strong>Ser\u00eda surrealista que a fiscal\u00eda acusase \u00e1 propia fiscal\u00eda?<\/strong><\/p>\n\n\n\n<blockquote class=\"wp-block-quote is-layout-flow wp-block-quote-is-layout-flow\"><p>Ser\u00eda absolutamente kafkiano. N\u00f3s temos claro que a fiscal\u00eda vai negar a existencia de delito<\/p><\/blockquote>\n\n\n\n<p><strong>Se finalmente a querela non se admite a tr\u00e1mite dar\u00edaste por satisfeito se serve para crear conciencia social sobre a inxustiza que sup\u00f3n que a instituci\u00f3n mon\u00e1rquica reciba, presuntamente, trato de favor?<\/strong><\/p>\n\n\n\n<blockquote class=\"wp-block-quote is-layout-flow wp-block-quote-is-layout-flow\"><p>Creo que si, que me dar\u00eda por satisfeito. Por\u00e9n eu insisto en que no cerne desta querela non est\u00e1 o debate entre monarqu\u00eda ou Rep\u00fablica sen\u00f3n a existencia dunha monarqu\u00eda que non funciona cos est\u00e1ndares esixibles. Eu entendo que esta querela tena que apoiar un mon\u00e1rquico dem\u00f3crata<\/p><\/blockquote>\n\n\n\n<p><strong>Eu te\u00f1o ser\u00edas d\u00fabidas de que ese perfil \u201c mon\u00e1rquico dem\u00f3crata\u201d exista<\/strong><\/p>\n\n\n\n<blockquote class=\"wp-block-quote is-layout-flow wp-block-quote-is-layout-flow\"><p>O Psoe \u00e9 dem\u00f3crata e \u00e9 o principal sustento da monarqu\u00eda<\/p><\/blockquote>\n\n\n\n<p><strong>Estou absolutamente de acordo contigo en ambas proposici\u00f3ns , pero na cuesti\u00f3n referente \u00e1 forma pol\u00edtica do estado eu creo que existe unha distancia quilom\u00e9trica entre a abafadora maior\u00eda de militantes socialistas e as s\u00faas diferentes executivas?<\/strong><\/p>\n\n\n\n<blockquote class=\"wp-block-quote is-layout-flow wp-block-quote-is-layout-flow\"><p>Absolutamente. Os militantes do PSOE e unha gran maior\u00eda dos seus votantes son republicanos pero asumen a monarqu\u00eda como un pacto necesario. Isto nos levar\u00eda a unha conversa demasiado t\u00e9cnica sobre como os constitu\u00edntes, posiblemente por medo \u00e1 involuci\u00f3n, dese\u00f1aron un mecanismo de modificaci\u00f3n constitucional absolutamente imposible.<\/p><\/blockquote>\n","protected":false},"excerpt":{"rendered":"<div class=\"mh-excerpt\"><p>No Cerne desta querela non est\u00e1 o debate entre a monarqu\u00eda ou a Rep\u00fablica. Est\u00e1 a existencia dunha monarqu\u00eda que non funciona cos est\u00e1ndares esixibles. Un mon\u00e1rquico dem\u00f3crata ten que apoiar a querela <a class=\"mh-excerpt-more\" href=\"https:\/\/www.anovapeneira.gal\/index.php\/2021\/04\/15\/a-asemblea-republicana-de-vigo-interpuxo-unha-querela-contra-dolores-delgado-fiscal-xeral-do-estado-e-contra-jesus-gascon-director-da-axencia-tributaria-por-suposto-trato-de-favor-ao-anterior-xefe\/\" title=\"A Asemblea Republicana de Vigo interpuxo unha querela contra Dolores Delgado, fiscal xeral do estado, e contra Jes\u00fas Gasc\u00f3n, director da Axencia Tributaria, por suposto trato de favor ao anterior xefe do estado. O avogado vigu\u00e9s Ant\u00f3n Beiras \u00e9 quen presentou a demanda no Tribunal Supremo. N\u00f3s acheg\u00e1monos ata o seu despacho a conversar con el. Vela\u00ed vai o que deu de si a nosa visita\">[&#8230;]<\/a><\/p>\n<\/div>","protected":false},"author":3,"featured_media":5218,"comment_status":"open","ping_status":"open","sticky":false,"template":"","format":"standard","meta":{"_exactmetrics_skip_tracking":false,"_exactmetrics_sitenote_active":false,"_exactmetrics_sitenote_note":"","_exactmetrics_sitenote_category":0,"footnotes":""},"categories":[19],"tags":[1247],"class_list":{"0":"post-5217","1":"post","2":"type-post","3":"status-publish","4":"format-standard","5":"has-post-thumbnail","7":"category-vigo","8":"tag-asamblea-republicana-de-vigo"},"yoast_head":"<!-- This site is optimized with the Yoast SEO plugin v27.4 - https:\/\/yoast.com\/product\/yoast-seo-wordpress\/ -->\n<title>A Asemblea Republicana de Vigo interpuxo unha querela contra Dolores Delgado, fiscal xeral do estado, e contra Jes\u00fas Gasc\u00f3n, director da Axencia Tributaria, por suposto trato de favor ao anterior xefe do estado. O avogado vigu\u00e9s Ant\u00f3n Beiras \u00e9 quen presentou a demanda no Tribunal Supremo. N\u00f3s acheg\u00e1monos ata o seu despacho a conversar con el. Vela\u00ed vai o que deu de si a nosa visita -<\/title>\n<meta name=\"description\" content=\"No Cerne desta querela non est\u00e1 o debate entre a monarqu\u00eda ou a Rep\u00fablica. Est\u00e1 a existencia dunha monarqu\u00eda que non funciona cos est\u00e1ndares esixibles. Un mon\u00e1rquico dem\u00f3crata ten que apoiar a querela\" \/>\n<meta name=\"robots\" content=\"index, follow, max-snippet:-1, max-image-preview:large, max-video-preview:-1\" \/>\n<link rel=\"canonical\" href=\"https:\/\/www.anovapeneira.gal\/index.php\/2021\/04\/15\/a-asemblea-republicana-de-vigo-interpuxo-unha-querela-contra-dolores-delgado-fiscal-xeral-do-estado-e-contra-jesus-gascon-director-da-axencia-tributaria-por-suposto-trato-de-favor-ao-anterior-xefe\/\" \/>\n<meta property=\"og:locale\" content=\"gl_ES\" \/>\n<meta property=\"og:type\" content=\"article\" \/>\n<meta property=\"og:title\" content=\"A Asemblea Republicana de Vigo interpuxo unha querela contra Dolores Delgado, fiscal xeral do estado, e contra Jes\u00fas Gasc\u00f3n, director da Axencia Tributaria, por suposto trato de favor ao anterior xefe do estado. O avogado vigu\u00e9s Ant\u00f3n Beiras \u00e9 quen presentou a demanda no Tribunal Supremo. N\u00f3s acheg\u00e1monos ata o seu despacho a conversar con el. Vela\u00ed vai o que deu de si a nosa visita -\" \/>\n<meta property=\"og:description\" content=\"No Cerne desta querela non est\u00e1 o debate entre a monarqu\u00eda ou a Rep\u00fablica. Est\u00e1 a existencia dunha monarqu\u00eda que non funciona cos est\u00e1ndares esixibles. Un mon\u00e1rquico dem\u00f3crata ten que apoiar a querela\" \/>\n<meta property=\"og:url\" content=\"https:\/\/www.anovapeneira.gal\/index.php\/2021\/04\/15\/a-asemblea-republicana-de-vigo-interpuxo-unha-querela-contra-dolores-delgado-fiscal-xeral-do-estado-e-contra-jesus-gascon-director-da-axencia-tributaria-por-suposto-trato-de-favor-ao-anterior-xefe\/\" \/>\n<meta property=\"article:publisher\" content=\"https:\/\/www.facebook.com\/anovapeneira\" \/>\n<meta property=\"article:published_time\" content=\"2021-04-15T08:00:08+00:00\" \/>\n<meta property=\"og:image\" content=\"https:\/\/www.anovapeneira.gal\/wp-content\/uploads\/2021\/04\/anton_beiras.jpg\" \/>\n\t<meta property=\"og:image:width\" content=\"720\" \/>\n\t<meta property=\"og:image:height\" content=\"432\" \/>\n\t<meta property=\"og:image:type\" content=\"image\/jpeg\" \/>\n<meta name=\"author\" content=\"Redacci\u00f3n A Nova Peneira\" \/>\n<meta name=\"twitter:card\" content=\"summary_large_image\" \/>\n<meta name=\"twitter:creator\" content=\"@APeneira\" \/>\n<meta name=\"twitter:site\" content=\"@APeneira\" \/>\n<meta name=\"twitter:label1\" content=\"Escrito por\" \/>\n\t<meta name=\"twitter:data1\" content=\"Redacci\u00f3n A Nova Peneira\" \/>\n\t<meta name=\"twitter:label2\" content=\"Tempo de lectura\" \/>\n\t<meta name=\"twitter:data2\" content=\"6 minutos\" \/>\n<script type=\"application\/ld+json\" class=\"yoast-schema-graph\">{\"@context\":\"https:\\\/\\\/schema.org\",\"@graph\":[{\"@type\":\"Article\",\"@id\":\"https:\\\/\\\/www.anovapeneira.gal\\\/index.php\\\/2021\\\/04\\\/15\\\/a-asemblea-republicana-de-vigo-interpuxo-unha-querela-contra-dolores-delgado-fiscal-xeral-do-estado-e-contra-jesus-gascon-director-da-axencia-tributaria-por-suposto-trato-de-favor-ao-anterior-xefe\\\/#article\",\"isPartOf\":{\"@id\":\"https:\\\/\\\/www.anovapeneira.gal\\\/index.php\\\/2021\\\/04\\\/15\\\/a-asemblea-republicana-de-vigo-interpuxo-unha-querela-contra-dolores-delgado-fiscal-xeral-do-estado-e-contra-jesus-gascon-director-da-axencia-tributaria-por-suposto-trato-de-favor-ao-anterior-xefe\\\/\"},\"author\":{\"name\":\"Redacci\u00f3n A Nova Peneira\",\"@id\":\"https:\\\/\\\/www.anovapeneira.gal\\\/#\\\/schema\\\/person\\\/b93e3f8932e3f8da96334607eb6ac6aa\"},\"headline\":\"A Asemblea Republicana de Vigo interpuxo unha querela contra Dolores Delgado, fiscal xeral do estado, e contra Jes\u00fas Gasc\u00f3n, director da Axencia Tributaria, por suposto trato de favor ao anterior xefe do estado. O avogado vigu\u00e9s Ant\u00f3n Beiras \u00e9 quen presentou a demanda no Tribunal Supremo. N\u00f3s acheg\u00e1monos ata o seu despacho a conversar con el. Vela\u00ed vai o que deu de si a nosa visita\",\"datePublished\":\"2021-04-15T08:00:08+00:00\",\"mainEntityOfPage\":{\"@id\":\"https:\\\/\\\/www.anovapeneira.gal\\\/index.php\\\/2021\\\/04\\\/15\\\/a-asemblea-republicana-de-vigo-interpuxo-unha-querela-contra-dolores-delgado-fiscal-xeral-do-estado-e-contra-jesus-gascon-director-da-axencia-tributaria-por-suposto-trato-de-favor-ao-anterior-xefe\\\/\"},\"wordCount\":1461,\"commentCount\":0,\"publisher\":{\"@id\":\"https:\\\/\\\/www.anovapeneira.gal\\\/#organization\"},\"image\":{\"@id\":\"https:\\\/\\\/www.anovapeneira.gal\\\/index.php\\\/2021\\\/04\\\/15\\\/a-asemblea-republicana-de-vigo-interpuxo-unha-querela-contra-dolores-delgado-fiscal-xeral-do-estado-e-contra-jesus-gascon-director-da-axencia-tributaria-por-suposto-trato-de-favor-ao-anterior-xefe\\\/#primaryimage\"},\"thumbnailUrl\":\"https:\\\/\\\/www.anovapeneira.gal\\\/wp-content\\\/uploads\\\/2021\\\/04\\\/anton_beiras.jpg\",\"keywords\":[\"Asamblea Republicana de Vigo\"],\"articleSection\":[\"Vigo\"],\"inLanguage\":\"gl-ES\",\"potentialAction\":[{\"@type\":\"CommentAction\",\"name\":\"Comment\",\"target\":[\"https:\\\/\\\/www.anovapeneira.gal\\\/index.php\\\/2021\\\/04\\\/15\\\/a-asemblea-republicana-de-vigo-interpuxo-unha-querela-contra-dolores-delgado-fiscal-xeral-do-estado-e-contra-jesus-gascon-director-da-axencia-tributaria-por-suposto-trato-de-favor-ao-anterior-xefe\\\/#respond\"]}]},{\"@type\":\"WebPage\",\"@id\":\"https:\\\/\\\/www.anovapeneira.gal\\\/index.php\\\/2021\\\/04\\\/15\\\/a-asemblea-republicana-de-vigo-interpuxo-unha-querela-contra-dolores-delgado-fiscal-xeral-do-estado-e-contra-jesus-gascon-director-da-axencia-tributaria-por-suposto-trato-de-favor-ao-anterior-xefe\\\/\",\"url\":\"https:\\\/\\\/www.anovapeneira.gal\\\/index.php\\\/2021\\\/04\\\/15\\\/a-asemblea-republicana-de-vigo-interpuxo-unha-querela-contra-dolores-delgado-fiscal-xeral-do-estado-e-contra-jesus-gascon-director-da-axencia-tributaria-por-suposto-trato-de-favor-ao-anterior-xefe\\\/\",\"name\":\"A Asemblea Republicana de Vigo interpuxo unha querela contra Dolores Delgado, fiscal xeral do estado, e contra Jes\u00fas Gasc\u00f3n, director da Axencia Tributaria, por suposto trato de favor ao anterior xefe do estado. O avogado vigu\u00e9s Ant\u00f3n Beiras \u00e9 quen presentou a demanda no Tribunal Supremo. N\u00f3s acheg\u00e1monos ata o seu despacho a conversar con el. Vela\u00ed vai o que deu de si a nosa visita -\",\"isPartOf\":{\"@id\":\"https:\\\/\\\/www.anovapeneira.gal\\\/#website\"},\"primaryImageOfPage\":{\"@id\":\"https:\\\/\\\/www.anovapeneira.gal\\\/index.php\\\/2021\\\/04\\\/15\\\/a-asemblea-republicana-de-vigo-interpuxo-unha-querela-contra-dolores-delgado-fiscal-xeral-do-estado-e-contra-jesus-gascon-director-da-axencia-tributaria-por-suposto-trato-de-favor-ao-anterior-xefe\\\/#primaryimage\"},\"image\":{\"@id\":\"https:\\\/\\\/www.anovapeneira.gal\\\/index.php\\\/2021\\\/04\\\/15\\\/a-asemblea-republicana-de-vigo-interpuxo-unha-querela-contra-dolores-delgado-fiscal-xeral-do-estado-e-contra-jesus-gascon-director-da-axencia-tributaria-por-suposto-trato-de-favor-ao-anterior-xefe\\\/#primaryimage\"},\"thumbnailUrl\":\"https:\\\/\\\/www.anovapeneira.gal\\\/wp-content\\\/uploads\\\/2021\\\/04\\\/anton_beiras.jpg\",\"datePublished\":\"2021-04-15T08:00:08+00:00\",\"description\":\"No Cerne desta querela non est\u00e1 o debate entre a monarqu\u00eda ou a Rep\u00fablica. Est\u00e1 a existencia dunha monarqu\u00eda que non funciona cos est\u00e1ndares esixibles. Un mon\u00e1rquico dem\u00f3crata ten que apoiar a querela\",\"breadcrumb\":{\"@id\":\"https:\\\/\\\/www.anovapeneira.gal\\\/index.php\\\/2021\\\/04\\\/15\\\/a-asemblea-republicana-de-vigo-interpuxo-unha-querela-contra-dolores-delgado-fiscal-xeral-do-estado-e-contra-jesus-gascon-director-da-axencia-tributaria-por-suposto-trato-de-favor-ao-anterior-xefe\\\/#breadcrumb\"},\"inLanguage\":\"gl-ES\",\"potentialAction\":[{\"@type\":\"ReadAction\",\"target\":[\"https:\\\/\\\/www.anovapeneira.gal\\\/index.php\\\/2021\\\/04\\\/15\\\/a-asemblea-republicana-de-vigo-interpuxo-unha-querela-contra-dolores-delgado-fiscal-xeral-do-estado-e-contra-jesus-gascon-director-da-axencia-tributaria-por-suposto-trato-de-favor-ao-anterior-xefe\\\/\"]}]},{\"@type\":\"ImageObject\",\"inLanguage\":\"gl-ES\",\"@id\":\"https:\\\/\\\/www.anovapeneira.gal\\\/index.php\\\/2021\\\/04\\\/15\\\/a-asemblea-republicana-de-vigo-interpuxo-unha-querela-contra-dolores-delgado-fiscal-xeral-do-estado-e-contra-jesus-gascon-director-da-axencia-tributaria-por-suposto-trato-de-favor-ao-anterior-xefe\\\/#primaryimage\",\"url\":\"https:\\\/\\\/www.anovapeneira.gal\\\/wp-content\\\/uploads\\\/2021\\\/04\\\/anton_beiras.jpg\",\"contentUrl\":\"https:\\\/\\\/www.anovapeneira.gal\\\/wp-content\\\/uploads\\\/2021\\\/04\\\/anton_beiras.jpg\",\"width\":720,\"height\":432,\"caption\":\"Ant\u00f3n Beiras\"},{\"@type\":\"BreadcrumbList\",\"@id\":\"https:\\\/\\\/www.anovapeneira.gal\\\/index.php\\\/2021\\\/04\\\/15\\\/a-asemblea-republicana-de-vigo-interpuxo-unha-querela-contra-dolores-delgado-fiscal-xeral-do-estado-e-contra-jesus-gascon-director-da-axencia-tributaria-por-suposto-trato-de-favor-ao-anterior-xefe\\\/#breadcrumb\",\"itemListElement\":[{\"@type\":\"ListItem\",\"position\":1,\"name\":\"Portada\",\"item\":\"https:\\\/\\\/www.anovapeneira.gal\\\/\"},{\"@type\":\"ListItem\",\"position\":2,\"name\":\"A Asemblea Republicana de Vigo interpuxo unha querela contra Dolores Delgado, fiscal xeral do estado, e contra Jes\u00fas Gasc\u00f3n, director da Axencia Tributaria, por suposto trato de favor ao anterior xefe do estado. O avogado vigu\u00e9s Ant\u00f3n Beiras \u00e9 quen presentou a demanda no Tribunal Supremo. N\u00f3s acheg\u00e1monos ata o seu despacho a conversar con el. Vela\u00ed vai o que deu de si a nosa visita\"}]},{\"@type\":\"WebSite\",\"@id\":\"https:\\\/\\\/www.anovapeneira.gal\\\/#website\",\"url\":\"https:\\\/\\\/www.anovapeneira.gal\\\/\",\"name\":\"\",\"description\":\"Xornal galego de informaci\u00f3n xeral Publicaci\u00f3n mensual de novas de Galicia e en especial dos Concellos da sur da provincia de Pontevedra.\",\"publisher\":{\"@id\":\"https:\\\/\\\/www.anovapeneira.gal\\\/#organization\"},\"potentialAction\":[{\"@type\":\"SearchAction\",\"target\":{\"@type\":\"EntryPoint\",\"urlTemplate\":\"https:\\\/\\\/www.anovapeneira.gal\\\/?s={search_term_string}\"},\"query-input\":{\"@type\":\"PropertyValueSpecification\",\"valueRequired\":true,\"valueName\":\"search_term_string\"}}],\"inLanguage\":\"gl-ES\"},{\"@type\":\"Organization\",\"@id\":\"https:\\\/\\\/www.anovapeneira.gal\\\/#organization\",\"name\":\"A Nova Peneira\",\"url\":\"https:\\\/\\\/www.anovapeneira.gal\\\/\",\"logo\":{\"@type\":\"ImageObject\",\"inLanguage\":\"gl-ES\",\"@id\":\"https:\\\/\\\/www.anovapeneira.gal\\\/#\\\/schema\\\/logo\\\/image\\\/\",\"url\":\"http:\\\/\\\/www.anovapeneira.gal\\\/wp-content\\\/uploads\\\/2019\\\/06\\\/logo_a_nova_peneira_portal_web.png\",\"contentUrl\":\"http:\\\/\\\/www.anovapeneira.gal\\\/wp-content\\\/uploads\\\/2019\\\/06\\\/logo_a_nova_peneira_portal_web.png\",\"width\":300,\"height\":100,\"caption\":\"A Nova Peneira\"},\"image\":{\"@id\":\"https:\\\/\\\/www.anovapeneira.gal\\\/#\\\/schema\\\/logo\\\/image\\\/\"},\"sameAs\":[\"https:\\\/\\\/www.facebook.com\\\/anovapeneira\",\"https:\\\/\\\/x.com\\\/APeneira\"]},{\"@type\":\"Person\",\"@id\":\"https:\\\/\\\/www.anovapeneira.gal\\\/#\\\/schema\\\/person\\\/b93e3f8932e3f8da96334607eb6ac6aa\",\"name\":\"Redacci\u00f3n A Nova Peneira\",\"image\":{\"@type\":\"ImageObject\",\"inLanguage\":\"gl-ES\",\"@id\":\"https:\\\/\\\/secure.gravatar.com\\\/avatar\\\/c052a2551a06e23fac63626232eaa90abd78dbcf1700fc46a2b2c89fd27b735f?s=96&d=mm&r=g\",\"url\":\"https:\\\/\\\/secure.gravatar.com\\\/avatar\\\/c052a2551a06e23fac63626232eaa90abd78dbcf1700fc46a2b2c89fd27b735f?s=96&d=mm&r=g\",\"contentUrl\":\"https:\\\/\\\/secure.gravatar.com\\\/avatar\\\/c052a2551a06e23fac63626232eaa90abd78dbcf1700fc46a2b2c89fd27b735f?s=96&d=mm&r=g\",\"caption\":\"Redacci\u00f3n A Nova Peneira\"},\"sameAs\":[\"http:\\\/\\\/www.anovapeneira.gal\\\/\"],\"url\":\"https:\\\/\\\/www.anovapeneira.gal\\\/index.php\\\/author\\\/redactor\\\/\"}]}<\/script>\n<!-- \/ Yoast SEO plugin. -->","yoast_head_json":{"title":"A Asemblea Republicana de Vigo interpuxo unha querela contra Dolores Delgado, fiscal xeral do estado, e contra Jes\u00fas Gasc\u00f3n, director da Axencia Tributaria, por suposto trato de favor ao anterior xefe do estado. O avogado vigu\u00e9s Ant\u00f3n Beiras \u00e9 quen presentou a demanda no Tribunal Supremo. N\u00f3s acheg\u00e1monos ata o seu despacho a conversar con el. Vela\u00ed vai o que deu de si a nosa visita -","description":"No Cerne desta querela non est\u00e1 o debate entre a monarqu\u00eda ou a Rep\u00fablica. Est\u00e1 a existencia dunha monarqu\u00eda que non funciona cos est\u00e1ndares esixibles. Un mon\u00e1rquico dem\u00f3crata ten que apoiar a querela","robots":{"index":"index","follow":"follow","max-snippet":"max-snippet:-1","max-image-preview":"max-image-preview:large","max-video-preview":"max-video-preview:-1"},"canonical":"https:\/\/www.anovapeneira.gal\/index.php\/2021\/04\/15\/a-asemblea-republicana-de-vigo-interpuxo-unha-querela-contra-dolores-delgado-fiscal-xeral-do-estado-e-contra-jesus-gascon-director-da-axencia-tributaria-por-suposto-trato-de-favor-ao-anterior-xefe\/","og_locale":"gl_ES","og_type":"article","og_title":"A Asemblea Republicana de Vigo interpuxo unha querela contra Dolores Delgado, fiscal xeral do estado, e contra Jes\u00fas Gasc\u00f3n, director da Axencia Tributaria, por suposto trato de favor ao anterior xefe do estado. O avogado vigu\u00e9s Ant\u00f3n Beiras \u00e9 quen presentou a demanda no Tribunal Supremo. N\u00f3s acheg\u00e1monos ata o seu despacho a conversar con el. Vela\u00ed vai o que deu de si a nosa visita -","og_description":"No Cerne desta querela non est\u00e1 o debate entre a monarqu\u00eda ou a Rep\u00fablica. Est\u00e1 a existencia dunha monarqu\u00eda que non funciona cos est\u00e1ndares esixibles. Un mon\u00e1rquico dem\u00f3crata ten que apoiar a querela","og_url":"https:\/\/www.anovapeneira.gal\/index.php\/2021\/04\/15\/a-asemblea-republicana-de-vigo-interpuxo-unha-querela-contra-dolores-delgado-fiscal-xeral-do-estado-e-contra-jesus-gascon-director-da-axencia-tributaria-por-suposto-trato-de-favor-ao-anterior-xefe\/","article_publisher":"https:\/\/www.facebook.com\/anovapeneira","article_published_time":"2021-04-15T08:00:08+00:00","og_image":[{"width":720,"height":432,"url":"https:\/\/www.anovapeneira.gal\/wp-content\/uploads\/2021\/04\/anton_beiras.jpg","type":"image\/jpeg"}],"author":"Redacci\u00f3n A Nova Peneira","twitter_card":"summary_large_image","twitter_creator":"@APeneira","twitter_site":"@APeneira","twitter_misc":{"Escrito por":"Redacci\u00f3n A Nova Peneira","Tempo de lectura":"6 minutos"},"schema":{"@context":"https:\/\/schema.org","@graph":[{"@type":"Article","@id":"https:\/\/www.anovapeneira.gal\/index.php\/2021\/04\/15\/a-asemblea-republicana-de-vigo-interpuxo-unha-querela-contra-dolores-delgado-fiscal-xeral-do-estado-e-contra-jesus-gascon-director-da-axencia-tributaria-por-suposto-trato-de-favor-ao-anterior-xefe\/#article","isPartOf":{"@id":"https:\/\/www.anovapeneira.gal\/index.php\/2021\/04\/15\/a-asemblea-republicana-de-vigo-interpuxo-unha-querela-contra-dolores-delgado-fiscal-xeral-do-estado-e-contra-jesus-gascon-director-da-axencia-tributaria-por-suposto-trato-de-favor-ao-anterior-xefe\/"},"author":{"name":"Redacci\u00f3n A Nova Peneira","@id":"https:\/\/www.anovapeneira.gal\/#\/schema\/person\/b93e3f8932e3f8da96334607eb6ac6aa"},"headline":"A Asemblea Republicana de Vigo interpuxo unha querela contra Dolores Delgado, fiscal xeral do estado, e contra Jes\u00fas Gasc\u00f3n, director da Axencia Tributaria, por suposto trato de favor ao anterior xefe do estado. O avogado vigu\u00e9s Ant\u00f3n Beiras \u00e9 quen presentou a demanda no Tribunal Supremo. N\u00f3s acheg\u00e1monos ata o seu despacho a conversar con el. Vela\u00ed vai o que deu de si a nosa visita","datePublished":"2021-04-15T08:00:08+00:00","mainEntityOfPage":{"@id":"https:\/\/www.anovapeneira.gal\/index.php\/2021\/04\/15\/a-asemblea-republicana-de-vigo-interpuxo-unha-querela-contra-dolores-delgado-fiscal-xeral-do-estado-e-contra-jesus-gascon-director-da-axencia-tributaria-por-suposto-trato-de-favor-ao-anterior-xefe\/"},"wordCount":1461,"commentCount":0,"publisher":{"@id":"https:\/\/www.anovapeneira.gal\/#organization"},"image":{"@id":"https:\/\/www.anovapeneira.gal\/index.php\/2021\/04\/15\/a-asemblea-republicana-de-vigo-interpuxo-unha-querela-contra-dolores-delgado-fiscal-xeral-do-estado-e-contra-jesus-gascon-director-da-axencia-tributaria-por-suposto-trato-de-favor-ao-anterior-xefe\/#primaryimage"},"thumbnailUrl":"https:\/\/www.anovapeneira.gal\/wp-content\/uploads\/2021\/04\/anton_beiras.jpg","keywords":["Asamblea Republicana de Vigo"],"articleSection":["Vigo"],"inLanguage":"gl-ES","potentialAction":[{"@type":"CommentAction","name":"Comment","target":["https:\/\/www.anovapeneira.gal\/index.php\/2021\/04\/15\/a-asemblea-republicana-de-vigo-interpuxo-unha-querela-contra-dolores-delgado-fiscal-xeral-do-estado-e-contra-jesus-gascon-director-da-axencia-tributaria-por-suposto-trato-de-favor-ao-anterior-xefe\/#respond"]}]},{"@type":"WebPage","@id":"https:\/\/www.anovapeneira.gal\/index.php\/2021\/04\/15\/a-asemblea-republicana-de-vigo-interpuxo-unha-querela-contra-dolores-delgado-fiscal-xeral-do-estado-e-contra-jesus-gascon-director-da-axencia-tributaria-por-suposto-trato-de-favor-ao-anterior-xefe\/","url":"https:\/\/www.anovapeneira.gal\/index.php\/2021\/04\/15\/a-asemblea-republicana-de-vigo-interpuxo-unha-querela-contra-dolores-delgado-fiscal-xeral-do-estado-e-contra-jesus-gascon-director-da-axencia-tributaria-por-suposto-trato-de-favor-ao-anterior-xefe\/","name":"A Asemblea Republicana de Vigo interpuxo unha querela contra Dolores Delgado, fiscal xeral do estado, e contra Jes\u00fas Gasc\u00f3n, director da Axencia Tributaria, por suposto trato de favor ao anterior xefe do estado. O avogado vigu\u00e9s Ant\u00f3n Beiras \u00e9 quen presentou a demanda no Tribunal Supremo. N\u00f3s acheg\u00e1monos ata o seu despacho a conversar con el. Vela\u00ed vai o que deu de si a nosa visita -","isPartOf":{"@id":"https:\/\/www.anovapeneira.gal\/#website"},"primaryImageOfPage":{"@id":"https:\/\/www.anovapeneira.gal\/index.php\/2021\/04\/15\/a-asemblea-republicana-de-vigo-interpuxo-unha-querela-contra-dolores-delgado-fiscal-xeral-do-estado-e-contra-jesus-gascon-director-da-axencia-tributaria-por-suposto-trato-de-favor-ao-anterior-xefe\/#primaryimage"},"image":{"@id":"https:\/\/www.anovapeneira.gal\/index.php\/2021\/04\/15\/a-asemblea-republicana-de-vigo-interpuxo-unha-querela-contra-dolores-delgado-fiscal-xeral-do-estado-e-contra-jesus-gascon-director-da-axencia-tributaria-por-suposto-trato-de-favor-ao-anterior-xefe\/#primaryimage"},"thumbnailUrl":"https:\/\/www.anovapeneira.gal\/wp-content\/uploads\/2021\/04\/anton_beiras.jpg","datePublished":"2021-04-15T08:00:08+00:00","description":"No Cerne desta querela non est\u00e1 o debate entre a monarqu\u00eda ou a Rep\u00fablica. Est\u00e1 a existencia dunha monarqu\u00eda que non funciona cos est\u00e1ndares esixibles. Un mon\u00e1rquico dem\u00f3crata ten que apoiar a querela","breadcrumb":{"@id":"https:\/\/www.anovapeneira.gal\/index.php\/2021\/04\/15\/a-asemblea-republicana-de-vigo-interpuxo-unha-querela-contra-dolores-delgado-fiscal-xeral-do-estado-e-contra-jesus-gascon-director-da-axencia-tributaria-por-suposto-trato-de-favor-ao-anterior-xefe\/#breadcrumb"},"inLanguage":"gl-ES","potentialAction":[{"@type":"ReadAction","target":["https:\/\/www.anovapeneira.gal\/index.php\/2021\/04\/15\/a-asemblea-republicana-de-vigo-interpuxo-unha-querela-contra-dolores-delgado-fiscal-xeral-do-estado-e-contra-jesus-gascon-director-da-axencia-tributaria-por-suposto-trato-de-favor-ao-anterior-xefe\/"]}]},{"@type":"ImageObject","inLanguage":"gl-ES","@id":"https:\/\/www.anovapeneira.gal\/index.php\/2021\/04\/15\/a-asemblea-republicana-de-vigo-interpuxo-unha-querela-contra-dolores-delgado-fiscal-xeral-do-estado-e-contra-jesus-gascon-director-da-axencia-tributaria-por-suposto-trato-de-favor-ao-anterior-xefe\/#primaryimage","url":"https:\/\/www.anovapeneira.gal\/wp-content\/uploads\/2021\/04\/anton_beiras.jpg","contentUrl":"https:\/\/www.anovapeneira.gal\/wp-content\/uploads\/2021\/04\/anton_beiras.jpg","width":720,"height":432,"caption":"Ant\u00f3n Beiras"},{"@type":"BreadcrumbList","@id":"https:\/\/www.anovapeneira.gal\/index.php\/2021\/04\/15\/a-asemblea-republicana-de-vigo-interpuxo-unha-querela-contra-dolores-delgado-fiscal-xeral-do-estado-e-contra-jesus-gascon-director-da-axencia-tributaria-por-suposto-trato-de-favor-ao-anterior-xefe\/#breadcrumb","itemListElement":[{"@type":"ListItem","position":1,"name":"Portada","item":"https:\/\/www.anovapeneira.gal\/"},{"@type":"ListItem","position":2,"name":"A Asemblea Republicana de Vigo interpuxo unha querela contra Dolores Delgado, fiscal xeral do estado, e contra Jes\u00fas Gasc\u00f3n, director da Axencia Tributaria, por suposto trato de favor ao anterior xefe do estado. O avogado vigu\u00e9s Ant\u00f3n Beiras \u00e9 quen presentou a demanda no Tribunal Supremo. N\u00f3s acheg\u00e1monos ata o seu despacho a conversar con el. Vela\u00ed vai o que deu de si a nosa visita"}]},{"@type":"WebSite","@id":"https:\/\/www.anovapeneira.gal\/#website","url":"https:\/\/www.anovapeneira.gal\/","name":"","description":"Xornal galego de informaci\u00f3n xeral Publicaci\u00f3n mensual de novas de Galicia e en especial dos Concellos da sur da provincia de Pontevedra.","publisher":{"@id":"https:\/\/www.anovapeneira.gal\/#organization"},"potentialAction":[{"@type":"SearchAction","target":{"@type":"EntryPoint","urlTemplate":"https:\/\/www.anovapeneira.gal\/?s={search_term_string}"},"query-input":{"@type":"PropertyValueSpecification","valueRequired":true,"valueName":"search_term_string"}}],"inLanguage":"gl-ES"},{"@type":"Organization","@id":"https:\/\/www.anovapeneira.gal\/#organization","name":"A Nova Peneira","url":"https:\/\/www.anovapeneira.gal\/","logo":{"@type":"ImageObject","inLanguage":"gl-ES","@id":"https:\/\/www.anovapeneira.gal\/#\/schema\/logo\/image\/","url":"http:\/\/www.anovapeneira.gal\/wp-content\/uploads\/2019\/06\/logo_a_nova_peneira_portal_web.png","contentUrl":"http:\/\/www.anovapeneira.gal\/wp-content\/uploads\/2019\/06\/logo_a_nova_peneira_portal_web.png","width":300,"height":100,"caption":"A Nova Peneira"},"image":{"@id":"https:\/\/www.anovapeneira.gal\/#\/schema\/logo\/image\/"},"sameAs":["https:\/\/www.facebook.com\/anovapeneira","https:\/\/x.com\/APeneira"]},{"@type":"Person","@id":"https:\/\/www.anovapeneira.gal\/#\/schema\/person\/b93e3f8932e3f8da96334607eb6ac6aa","name":"Redacci\u00f3n A Nova Peneira","image":{"@type":"ImageObject","inLanguage":"gl-ES","@id":"https:\/\/secure.gravatar.com\/avatar\/c052a2551a06e23fac63626232eaa90abd78dbcf1700fc46a2b2c89fd27b735f?s=96&d=mm&r=g","url":"https:\/\/secure.gravatar.com\/avatar\/c052a2551a06e23fac63626232eaa90abd78dbcf1700fc46a2b2c89fd27b735f?s=96&d=mm&r=g","contentUrl":"https:\/\/secure.gravatar.com\/avatar\/c052a2551a06e23fac63626232eaa90abd78dbcf1700fc46a2b2c89fd27b735f?s=96&d=mm&r=g","caption":"Redacci\u00f3n A Nova Peneira"},"sameAs":["http:\/\/www.anovapeneira.gal\/"],"url":"https:\/\/www.anovapeneira.gal\/index.php\/author\/redactor\/"}]}},"jetpack_featured_media_url":"https:\/\/www.anovapeneira.gal\/wp-content\/uploads\/2021\/04\/anton_beiras.jpg","_links":{"self":[{"href":"https:\/\/www.anovapeneira.gal\/index.php\/wp-json\/wp\/v2\/posts\/5217","targetHints":{"allow":["GET"]}}],"collection":[{"href":"https:\/\/www.anovapeneira.gal\/index.php\/wp-json\/wp\/v2\/posts"}],"about":[{"href":"https:\/\/www.anovapeneira.gal\/index.php\/wp-json\/wp\/v2\/types\/post"}],"author":[{"embeddable":true,"href":"https:\/\/www.anovapeneira.gal\/index.php\/wp-json\/wp\/v2\/users\/3"}],"replies":[{"embeddable":true,"href":"https:\/\/www.anovapeneira.gal\/index.php\/wp-json\/wp\/v2\/comments?post=5217"}],"version-history":[{"count":1,"href":"https:\/\/www.anovapeneira.gal\/index.php\/wp-json\/wp\/v2\/posts\/5217\/revisions"}],"predecessor-version":[{"id":5219,"href":"https:\/\/www.anovapeneira.gal\/index.php\/wp-json\/wp\/v2\/posts\/5217\/revisions\/5219"}],"wp:featuredmedia":[{"embeddable":true,"href":"https:\/\/www.anovapeneira.gal\/index.php\/wp-json\/wp\/v2\/media\/5218"}],"wp:attachment":[{"href":"https:\/\/www.anovapeneira.gal\/index.php\/wp-json\/wp\/v2\/media?parent=5217"}],"wp:term":[{"taxonomy":"category","embeddable":true,"href":"https:\/\/www.anovapeneira.gal\/index.php\/wp-json\/wp\/v2\/categories?post=5217"},{"taxonomy":"post_tag","embeddable":true,"href":"https:\/\/www.anovapeneira.gal\/index.php\/wp-json\/wp\/v2\/tags?post=5217"}],"curies":[{"name":"wp","href":"https:\/\/api.w.org\/{rel}","templated":true}]}}