{"id":5220,"date":"2021-04-15T12:00:37","date_gmt":"2021-04-15T10:00:37","guid":{"rendered":"http:\/\/www.anovapeneira.gal\/?p=5220"},"modified":"2021-04-13T23:41:18","modified_gmt":"2021-04-13T21:41:18","slug":"o-trauma-do-tulipan","status":"publish","type":"post","link":"https:\/\/www.anovapeneira.gal\/index.php\/2021\/04\/15\/o-trauma-do-tulipan\/","title":{"rendered":"O trauma do Tulip\u00e1n"},"content":{"rendered":"\n<figure class=\"wp-block-image size-large is-resized\"><img loading=\"lazy\" decoding=\"async\" src=\"http:\/\/www.anovapeneira.gal\/wp-content\/uploads\/2019\/12\/retrato_montse_fajardo_cambados_a_nova_peneira.jpg\" alt=\"Retrato Montse Fajardo A Nova Peneira\" class=\"wp-image-2085\" width=\"95\" height=\"111\"\/><figcaption>Montse Fajardo<\/figcaption><\/figure>\n\n\n\n<pre class=\"wp-block-verse\">Milana Bonita<\/pre>\n\n\n\n<p>Compart\u00edn estes d\u00edas nas redes o ch\u00edo dunha internauta, Sara, que dic\u00eda: \u201cDe ser pequena boto de menos os bocadillos de chourizo e o consenso social de que o fascismo era malo\u201d. Inmediatamente dous homes contest\u00e1ronme para dicir, un, que o sent\u00eda pola mi\u00f1a nenez, e o outro que el, sen embargo, tivera unha \u201cinfancia normal\u201d, na que non se falaba de pol\u00edtica, na que se xogaba. E empecei a preocuparme. Estar\u00e1n enganadas as mi\u00f1as lembranzas de nena de infancia normal, feliz, e terei un trauma pola conciencia social resultante de lembrar perfectamente, pese a ter sete anos, o desasosego que provocou na mi\u00f1a familia o golpe de Estado de Tejero ou por ter m\u00e1is lembranzas da vitoria socialista do 82 que do Mundial do Naranjito? Provocoume algunha carencia non saber -ata fai un minuto que o consultei en Google- que fora Italia a que ga\u00f1ara ese ano e por\u00e9n que o meu pai me explicara na EXB que o contrabando de tabaco non xeraba riqueza na vila, que, ao contrario, supu\u00f1a competencia desleal para o pequeno comercio e un fraude para un sistema impositivo imprecind\u00edbel por sustentar a redistribuci\u00f3n das riquezas? El non usou esas palabras exactamente, claro, porque estabamos nos oitenta e eu ter\u00eda once anos, pero a idea quedoume clara. Como dic\u00eda a nai do meu amigo Pablo, -outro neno que debe ter trauma porque estaba politizado-, \u00e9 vital aprender a distinguir o que est\u00e1 ben do que est\u00e1 mal independentemente do que a ti te conve\u00f1a m\u00e1is. Iso \u00e9 bo, non?<\/p>\n\n\n\n<p>Que queredes que vos diga, na mi\u00f1a opini\u00f3n,- e de dala vai esta secci\u00f3n-, o erro \u00e9 pensar que a pol\u00edtica s\u00f3 lle afecta as persoas a partir dunha determinada idade e, de paso, \u201cdespolitizar\u201d a escola.<\/p>\n\n\n\n<p>As\u00ed nos vai. Afastamos das aulas ou reducimos \u00e1 m\u00ednima expresi\u00f3n a an\u00e1lise pol\u00edtica ou o debate ideol\u00f3xico porque iso \u00e9 adoutrinar ao alumnado, e seica \u00e9 mellor crear raba\u00f1os. Pero podemos permitirnos como sociedade crear unha xeraci\u00f3n que \u00e1 hora de votar non saiba distinguir entre as distintas opci\u00f3ns? Que a forza de non estar informada poida chegar a crer que o fascismo \u00e9 un concepto tolerable en democracia? Que non saiba ver con esp\u00edrito cr\u00edtico un telexornal e trague as consignas marcadas pola batuta do capital? Eu creo que non, e non invento nada novo. Xa a principios do s\u00e9culo XX ti\u00f1an claro que a verdadeira democracia pasaba, indefectiblemente, por un pobo alfabetizado. A II Rep\u00fablica \u2013outro tempo marcado polo desco\u00f1ecemento- apostou polo esp\u00edrito da Instituci\u00f3n Libre de Ense\u00f1anza, que entend\u00eda que o destino da escola non era formar man de obra sen\u00f3n unha cidadan\u00eda ilustrada. A prioridade na preparaci\u00f3n do capital humano non deben ser os centros de traballo sen\u00f3n a propia sociedade. S\u00f3 iso nos far\u00e1 mellores, pero non estamos avanzando.<\/p>\n\n\n\n<p>Apenas uns d\u00edas despois daquel ch\u00edo chegoume a ameazante mensaxe dun home que enmascaraba a s\u00faa identidade baixo un deses perf\u00eds con nomes parvos de interese freudiano, e dic\u00eda ser pai da alumna dun centro ao que fun dar unha charla sobre malos tratos. Que para el falar de violencia machista fose politizar, reafirmoume no meu convencemento de que levar a ideolox\u00eda as aulas nunca pode ser malo. O contrario da pol\u00edtica, das cousas da <em>polis<\/em>, das cousas que competen a cidade, a todos e a todas como sociedade, \u00e9 a ditadura, o fascismo, e diso xa tivemos dabondo durante anos.<\/p>\n\n\n\n<p>As\u00ed que, para min, o \u00fanico debate pos\u00edbel naquel ch\u00edo de Sara era escoller entre o bocata de chourizo e o de Tulip\u00e1n con azucre. Eu t\u00e9\u00f1oo ben claro.<\/p>\n","protected":false},"excerpt":{"rendered":"<div class=\"mh-excerpt\"><p>Compart\u00edn estes d\u00edas nas redes o ch\u00edo dunha internauta, Sara, que dic\u00eda: \u201cDe ser pequena boto de menos os bocadillos de chourizo e o consenso social de que o fascismo era malo\u201d <a class=\"mh-excerpt-more\" href=\"https:\/\/www.anovapeneira.gal\/index.php\/2021\/04\/15\/o-trauma-do-tulipan\/\" title=\"O trauma do Tulip\u00e1n\">[&#8230;]<\/a><\/p>\n<\/div>","protected":false},"author":15,"featured_media":584,"comment_status":"open","ping_status":"open","sticky":false,"template":"","format":"standard","meta":{"_exactmetrics_skip_tracking":false,"_exactmetrics_sitenote_active":false,"_exactmetrics_sitenote_note":"","_exactmetrics_sitenote_category":0,"footnotes":""},"categories":[7],"tags":[1067],"class_list":{"0":"post-5220","1":"post","2":"type-post","3":"status-publish","4":"format-standard","5":"has-post-thumbnail","7":"category-artigos-de-opinion","8":"tag-milana-bonita"},"yoast_head":"<!-- This site is optimized with the Yoast SEO plugin v27.4 - https:\/\/yoast.com\/product\/yoast-seo-wordpress\/ -->\n<title>O trauma do Tulip\u00e1n -<\/title>\n<meta name=\"description\" content=\"Compart\u00edn estes d\u00edas nas redes o ch\u00edo dunha internauta, Sara, que dic\u00eda: \u201cDe ser pequena boto de menos os bocadillos de chourizo e o consenso social de que o fascismo era malo\u201d\" \/>\n<meta name=\"robots\" content=\"index, follow, max-snippet:-1, max-image-preview:large, max-video-preview:-1\" \/>\n<link rel=\"canonical\" href=\"https:\/\/www.anovapeneira.gal\/index.php\/2021\/04\/15\/o-trauma-do-tulipan\/\" \/>\n<meta property=\"og:locale\" content=\"gl_ES\" \/>\n<meta property=\"og:type\" content=\"article\" \/>\n<meta property=\"og:title\" content=\"O trauma do Tulip\u00e1n -\" \/>\n<meta property=\"og:description\" content=\"Compart\u00edn estes d\u00edas nas redes o ch\u00edo dunha internauta, Sara, que dic\u00eda: \u201cDe ser pequena boto de menos os bocadillos de chourizo e o consenso social de que o fascismo era malo\u201d\" \/>\n<meta property=\"og:url\" content=\"https:\/\/www.anovapeneira.gal\/index.php\/2021\/04\/15\/o-trauma-do-tulipan\/\" \/>\n<meta property=\"article:publisher\" content=\"https:\/\/www.facebook.com\/anovapeneira\" \/>\n<meta property=\"article:published_time\" content=\"2021-04-15T10:00:37+00:00\" \/>\n<meta property=\"og:image\" content=\"https:\/\/www.anovapeneira.gal\/wp-content\/uploads\/2019\/12\/montse_fajardo_cambados_a_nova_peneira.jpg\" \/>\n\t<meta property=\"og:image:width\" content=\"720\" \/>\n\t<meta property=\"og:image:height\" content=\"432\" \/>\n\t<meta property=\"og:image:type\" content=\"image\/jpeg\" \/>\n<meta name=\"author\" content=\"Montse Fajardo\" \/>\n<meta name=\"twitter:card\" content=\"summary_large_image\" \/>\n<meta name=\"twitter:image\" content=\"https:\/\/www.anovapeneira.gal\/wp-content\/uploads\/2019\/12\/montse_fajardo_cambados_a_nova_peneira.jpg\" \/>\n<meta name=\"twitter:creator\" content=\"@APeneira\" \/>\n<meta name=\"twitter:site\" content=\"@APeneira\" \/>\n<meta name=\"twitter:label1\" content=\"Escrito por\" \/>\n\t<meta name=\"twitter:data1\" content=\"Montse Fajardo\" \/>\n\t<meta name=\"twitter:label2\" content=\"Tempo de lectura\" \/>\n\t<meta name=\"twitter:data2\" content=\"3 minutos\" \/>\n<script type=\"application\/ld+json\" class=\"yoast-schema-graph\">{\"@context\":\"https:\\\/\\\/schema.org\",\"@graph\":[{\"@type\":\"Article\",\"@id\":\"https:\\\/\\\/www.anovapeneira.gal\\\/index.php\\\/2021\\\/04\\\/15\\\/o-trauma-do-tulipan\\\/#article\",\"isPartOf\":{\"@id\":\"https:\\\/\\\/www.anovapeneira.gal\\\/index.php\\\/2021\\\/04\\\/15\\\/o-trauma-do-tulipan\\\/\"},\"author\":{\"name\":\"Montse Fajardo\",\"@id\":\"https:\\\/\\\/www.anovapeneira.gal\\\/#\\\/schema\\\/person\\\/b5d841c74dee61f6776658b07b904c18\"},\"headline\":\"O trauma do Tulip\u00e1n\",\"datePublished\":\"2021-04-15T10:00:37+00:00\",\"mainEntityOfPage\":{\"@id\":\"https:\\\/\\\/www.anovapeneira.gal\\\/index.php\\\/2021\\\/04\\\/15\\\/o-trauma-do-tulipan\\\/\"},\"wordCount\":651,\"commentCount\":0,\"publisher\":{\"@id\":\"https:\\\/\\\/www.anovapeneira.gal\\\/#organization\"},\"image\":{\"@id\":\"https:\\\/\\\/www.anovapeneira.gal\\\/index.php\\\/2021\\\/04\\\/15\\\/o-trauma-do-tulipan\\\/#primaryimage\"},\"thumbnailUrl\":\"https:\\\/\\\/www.anovapeneira.gal\\\/wp-content\\\/uploads\\\/2019\\\/07\\\/ARTIGO_DE_OPINION_A_NOVA_PENEIRA.jpg\",\"keywords\":[\"Milana Bonita\"],\"articleSection\":[\"Artigos de opini\u00f3n\"],\"inLanguage\":\"gl-ES\",\"potentialAction\":[{\"@type\":\"CommentAction\",\"name\":\"Comment\",\"target\":[\"https:\\\/\\\/www.anovapeneira.gal\\\/index.php\\\/2021\\\/04\\\/15\\\/o-trauma-do-tulipan\\\/#respond\"]}]},{\"@type\":\"WebPage\",\"@id\":\"https:\\\/\\\/www.anovapeneira.gal\\\/index.php\\\/2021\\\/04\\\/15\\\/o-trauma-do-tulipan\\\/\",\"url\":\"https:\\\/\\\/www.anovapeneira.gal\\\/index.php\\\/2021\\\/04\\\/15\\\/o-trauma-do-tulipan\\\/\",\"name\":\"O trauma do Tulip\u00e1n -\",\"isPartOf\":{\"@id\":\"https:\\\/\\\/www.anovapeneira.gal\\\/#website\"},\"primaryImageOfPage\":{\"@id\":\"https:\\\/\\\/www.anovapeneira.gal\\\/index.php\\\/2021\\\/04\\\/15\\\/o-trauma-do-tulipan\\\/#primaryimage\"},\"image\":{\"@id\":\"https:\\\/\\\/www.anovapeneira.gal\\\/index.php\\\/2021\\\/04\\\/15\\\/o-trauma-do-tulipan\\\/#primaryimage\"},\"thumbnailUrl\":\"https:\\\/\\\/www.anovapeneira.gal\\\/wp-content\\\/uploads\\\/2019\\\/07\\\/ARTIGO_DE_OPINION_A_NOVA_PENEIRA.jpg\",\"datePublished\":\"2021-04-15T10:00:37+00:00\",\"description\":\"Compart\u00edn estes d\u00edas nas redes o ch\u00edo dunha internauta, Sara, que dic\u00eda: \u201cDe ser pequena boto de menos os bocadillos de chourizo e o consenso social de que o fascismo era malo\u201d\",\"breadcrumb\":{\"@id\":\"https:\\\/\\\/www.anovapeneira.gal\\\/index.php\\\/2021\\\/04\\\/15\\\/o-trauma-do-tulipan\\\/#breadcrumb\"},\"inLanguage\":\"gl-ES\",\"potentialAction\":[{\"@type\":\"ReadAction\",\"target\":[\"https:\\\/\\\/www.anovapeneira.gal\\\/index.php\\\/2021\\\/04\\\/15\\\/o-trauma-do-tulipan\\\/\"]}]},{\"@type\":\"ImageObject\",\"inLanguage\":\"gl-ES\",\"@id\":\"https:\\\/\\\/www.anovapeneira.gal\\\/index.php\\\/2021\\\/04\\\/15\\\/o-trauma-do-tulipan\\\/#primaryimage\",\"url\":\"https:\\\/\\\/www.anovapeneira.gal\\\/wp-content\\\/uploads\\\/2019\\\/07\\\/ARTIGO_DE_OPINION_A_NOVA_PENEIRA.jpg\",\"contentUrl\":\"https:\\\/\\\/www.anovapeneira.gal\\\/wp-content\\\/uploads\\\/2019\\\/07\\\/ARTIGO_DE_OPINION_A_NOVA_PENEIRA.jpg\",\"width\":720,\"height\":473,\"caption\":\"Artigo de opini\u00f3n A Nova Peneira\"},{\"@type\":\"BreadcrumbList\",\"@id\":\"https:\\\/\\\/www.anovapeneira.gal\\\/index.php\\\/2021\\\/04\\\/15\\\/o-trauma-do-tulipan\\\/#breadcrumb\",\"itemListElement\":[{\"@type\":\"ListItem\",\"position\":1,\"name\":\"Portada\",\"item\":\"https:\\\/\\\/www.anovapeneira.gal\\\/\"},{\"@type\":\"ListItem\",\"position\":2,\"name\":\"O trauma do Tulip\u00e1n\"}]},{\"@type\":\"WebSite\",\"@id\":\"https:\\\/\\\/www.anovapeneira.gal\\\/#website\",\"url\":\"https:\\\/\\\/www.anovapeneira.gal\\\/\",\"name\":\"\",\"description\":\"Xornal galego de informaci\u00f3n xeral Publicaci\u00f3n mensual de novas de Galicia e en especial dos Concellos da sur da provincia de Pontevedra.\",\"publisher\":{\"@id\":\"https:\\\/\\\/www.anovapeneira.gal\\\/#organization\"},\"potentialAction\":[{\"@type\":\"SearchAction\",\"target\":{\"@type\":\"EntryPoint\",\"urlTemplate\":\"https:\\\/\\\/www.anovapeneira.gal\\\/?s={search_term_string}\"},\"query-input\":{\"@type\":\"PropertyValueSpecification\",\"valueRequired\":true,\"valueName\":\"search_term_string\"}}],\"inLanguage\":\"gl-ES\"},{\"@type\":\"Organization\",\"@id\":\"https:\\\/\\\/www.anovapeneira.gal\\\/#organization\",\"name\":\"A Nova Peneira\",\"url\":\"https:\\\/\\\/www.anovapeneira.gal\\\/\",\"logo\":{\"@type\":\"ImageObject\",\"inLanguage\":\"gl-ES\",\"@id\":\"https:\\\/\\\/www.anovapeneira.gal\\\/#\\\/schema\\\/logo\\\/image\\\/\",\"url\":\"http:\\\/\\\/www.anovapeneira.gal\\\/wp-content\\\/uploads\\\/2019\\\/06\\\/logo_a_nova_peneira_portal_web.png\",\"contentUrl\":\"http:\\\/\\\/www.anovapeneira.gal\\\/wp-content\\\/uploads\\\/2019\\\/06\\\/logo_a_nova_peneira_portal_web.png\",\"width\":300,\"height\":100,\"caption\":\"A Nova Peneira\"},\"image\":{\"@id\":\"https:\\\/\\\/www.anovapeneira.gal\\\/#\\\/schema\\\/logo\\\/image\\\/\"},\"sameAs\":[\"https:\\\/\\\/www.facebook.com\\\/anovapeneira\",\"https:\\\/\\\/x.com\\\/APeneira\"]},{\"@type\":\"Person\",\"@id\":\"https:\\\/\\\/www.anovapeneira.gal\\\/#\\\/schema\\\/person\\\/b5d841c74dee61f6776658b07b904c18\",\"name\":\"Montse Fajardo\",\"image\":{\"@type\":\"ImageObject\",\"inLanguage\":\"gl-ES\",\"@id\":\"https:\\\/\\\/secure.gravatar.com\\\/avatar\\\/7167d7c282cf42b377b7010dbd21f855dfb9df18abd8af43f29029fc82996df3?s=96&d=mm&r=g\",\"url\":\"https:\\\/\\\/secure.gravatar.com\\\/avatar\\\/7167d7c282cf42b377b7010dbd21f855dfb9df18abd8af43f29029fc82996df3?s=96&d=mm&r=g\",\"contentUrl\":\"https:\\\/\\\/secure.gravatar.com\\\/avatar\\\/7167d7c282cf42b377b7010dbd21f855dfb9df18abd8af43f29029fc82996df3?s=96&d=mm&r=g\",\"caption\":\"Montse Fajardo\"},\"sameAs\":[\"http:\\\/\\\/www.anovapeneira.gal\\\/\"],\"url\":\"https:\\\/\\\/www.anovapeneira.gal\\\/index.php\\\/author\\\/montse-fajardo\\\/\"}]}<\/script>\n<!-- \/ Yoast SEO plugin. -->","yoast_head_json":{"title":"O trauma do Tulip\u00e1n -","description":"Compart\u00edn estes d\u00edas nas redes o ch\u00edo dunha internauta, Sara, que dic\u00eda: \u201cDe ser pequena boto de menos os bocadillos de chourizo e o consenso social de que o fascismo era malo\u201d","robots":{"index":"index","follow":"follow","max-snippet":"max-snippet:-1","max-image-preview":"max-image-preview:large","max-video-preview":"max-video-preview:-1"},"canonical":"https:\/\/www.anovapeneira.gal\/index.php\/2021\/04\/15\/o-trauma-do-tulipan\/","og_locale":"gl_ES","og_type":"article","og_title":"O trauma do Tulip\u00e1n -","og_description":"Compart\u00edn estes d\u00edas nas redes o ch\u00edo dunha internauta, Sara, que dic\u00eda: \u201cDe ser pequena boto de menos os bocadillos de chourizo e o consenso social de que o fascismo era malo\u201d","og_url":"https:\/\/www.anovapeneira.gal\/index.php\/2021\/04\/15\/o-trauma-do-tulipan\/","article_publisher":"https:\/\/www.facebook.com\/anovapeneira","article_published_time":"2021-04-15T10:00:37+00:00","og_image":[{"width":720,"height":432,"url":"https:\/\/www.anovapeneira.gal\/wp-content\/uploads\/2019\/12\/montse_fajardo_cambados_a_nova_peneira.jpg","type":"image\/jpeg"}],"author":"Montse Fajardo","twitter_card":"summary_large_image","twitter_image":"https:\/\/www.anovapeneira.gal\/wp-content\/uploads\/2019\/12\/montse_fajardo_cambados_a_nova_peneira.jpg","twitter_creator":"@APeneira","twitter_site":"@APeneira","twitter_misc":{"Escrito por":"Montse Fajardo","Tempo de lectura":"3 minutos"},"schema":{"@context":"https:\/\/schema.org","@graph":[{"@type":"Article","@id":"https:\/\/www.anovapeneira.gal\/index.php\/2021\/04\/15\/o-trauma-do-tulipan\/#article","isPartOf":{"@id":"https:\/\/www.anovapeneira.gal\/index.php\/2021\/04\/15\/o-trauma-do-tulipan\/"},"author":{"name":"Montse Fajardo","@id":"https:\/\/www.anovapeneira.gal\/#\/schema\/person\/b5d841c74dee61f6776658b07b904c18"},"headline":"O trauma do Tulip\u00e1n","datePublished":"2021-04-15T10:00:37+00:00","mainEntityOfPage":{"@id":"https:\/\/www.anovapeneira.gal\/index.php\/2021\/04\/15\/o-trauma-do-tulipan\/"},"wordCount":651,"commentCount":0,"publisher":{"@id":"https:\/\/www.anovapeneira.gal\/#organization"},"image":{"@id":"https:\/\/www.anovapeneira.gal\/index.php\/2021\/04\/15\/o-trauma-do-tulipan\/#primaryimage"},"thumbnailUrl":"https:\/\/www.anovapeneira.gal\/wp-content\/uploads\/2019\/07\/ARTIGO_DE_OPINION_A_NOVA_PENEIRA.jpg","keywords":["Milana Bonita"],"articleSection":["Artigos de opini\u00f3n"],"inLanguage":"gl-ES","potentialAction":[{"@type":"CommentAction","name":"Comment","target":["https:\/\/www.anovapeneira.gal\/index.php\/2021\/04\/15\/o-trauma-do-tulipan\/#respond"]}]},{"@type":"WebPage","@id":"https:\/\/www.anovapeneira.gal\/index.php\/2021\/04\/15\/o-trauma-do-tulipan\/","url":"https:\/\/www.anovapeneira.gal\/index.php\/2021\/04\/15\/o-trauma-do-tulipan\/","name":"O trauma do Tulip\u00e1n -","isPartOf":{"@id":"https:\/\/www.anovapeneira.gal\/#website"},"primaryImageOfPage":{"@id":"https:\/\/www.anovapeneira.gal\/index.php\/2021\/04\/15\/o-trauma-do-tulipan\/#primaryimage"},"image":{"@id":"https:\/\/www.anovapeneira.gal\/index.php\/2021\/04\/15\/o-trauma-do-tulipan\/#primaryimage"},"thumbnailUrl":"https:\/\/www.anovapeneira.gal\/wp-content\/uploads\/2019\/07\/ARTIGO_DE_OPINION_A_NOVA_PENEIRA.jpg","datePublished":"2021-04-15T10:00:37+00:00","description":"Compart\u00edn estes d\u00edas nas redes o ch\u00edo dunha internauta, Sara, que dic\u00eda: \u201cDe ser pequena boto de menos os bocadillos de chourizo e o consenso social de que o fascismo era malo\u201d","breadcrumb":{"@id":"https:\/\/www.anovapeneira.gal\/index.php\/2021\/04\/15\/o-trauma-do-tulipan\/#breadcrumb"},"inLanguage":"gl-ES","potentialAction":[{"@type":"ReadAction","target":["https:\/\/www.anovapeneira.gal\/index.php\/2021\/04\/15\/o-trauma-do-tulipan\/"]}]},{"@type":"ImageObject","inLanguage":"gl-ES","@id":"https:\/\/www.anovapeneira.gal\/index.php\/2021\/04\/15\/o-trauma-do-tulipan\/#primaryimage","url":"https:\/\/www.anovapeneira.gal\/wp-content\/uploads\/2019\/07\/ARTIGO_DE_OPINION_A_NOVA_PENEIRA.jpg","contentUrl":"https:\/\/www.anovapeneira.gal\/wp-content\/uploads\/2019\/07\/ARTIGO_DE_OPINION_A_NOVA_PENEIRA.jpg","width":720,"height":473,"caption":"Artigo de opini\u00f3n A Nova Peneira"},{"@type":"BreadcrumbList","@id":"https:\/\/www.anovapeneira.gal\/index.php\/2021\/04\/15\/o-trauma-do-tulipan\/#breadcrumb","itemListElement":[{"@type":"ListItem","position":1,"name":"Portada","item":"https:\/\/www.anovapeneira.gal\/"},{"@type":"ListItem","position":2,"name":"O trauma do Tulip\u00e1n"}]},{"@type":"WebSite","@id":"https:\/\/www.anovapeneira.gal\/#website","url":"https:\/\/www.anovapeneira.gal\/","name":"","description":"Xornal galego de informaci\u00f3n xeral Publicaci\u00f3n mensual de novas de Galicia e en especial dos Concellos da sur da provincia de Pontevedra.","publisher":{"@id":"https:\/\/www.anovapeneira.gal\/#organization"},"potentialAction":[{"@type":"SearchAction","target":{"@type":"EntryPoint","urlTemplate":"https:\/\/www.anovapeneira.gal\/?s={search_term_string}"},"query-input":{"@type":"PropertyValueSpecification","valueRequired":true,"valueName":"search_term_string"}}],"inLanguage":"gl-ES"},{"@type":"Organization","@id":"https:\/\/www.anovapeneira.gal\/#organization","name":"A Nova Peneira","url":"https:\/\/www.anovapeneira.gal\/","logo":{"@type":"ImageObject","inLanguage":"gl-ES","@id":"https:\/\/www.anovapeneira.gal\/#\/schema\/logo\/image\/","url":"http:\/\/www.anovapeneira.gal\/wp-content\/uploads\/2019\/06\/logo_a_nova_peneira_portal_web.png","contentUrl":"http:\/\/www.anovapeneira.gal\/wp-content\/uploads\/2019\/06\/logo_a_nova_peneira_portal_web.png","width":300,"height":100,"caption":"A Nova Peneira"},"image":{"@id":"https:\/\/www.anovapeneira.gal\/#\/schema\/logo\/image\/"},"sameAs":["https:\/\/www.facebook.com\/anovapeneira","https:\/\/x.com\/APeneira"]},{"@type":"Person","@id":"https:\/\/www.anovapeneira.gal\/#\/schema\/person\/b5d841c74dee61f6776658b07b904c18","name":"Montse Fajardo","image":{"@type":"ImageObject","inLanguage":"gl-ES","@id":"https:\/\/secure.gravatar.com\/avatar\/7167d7c282cf42b377b7010dbd21f855dfb9df18abd8af43f29029fc82996df3?s=96&d=mm&r=g","url":"https:\/\/secure.gravatar.com\/avatar\/7167d7c282cf42b377b7010dbd21f855dfb9df18abd8af43f29029fc82996df3?s=96&d=mm&r=g","contentUrl":"https:\/\/secure.gravatar.com\/avatar\/7167d7c282cf42b377b7010dbd21f855dfb9df18abd8af43f29029fc82996df3?s=96&d=mm&r=g","caption":"Montse Fajardo"},"sameAs":["http:\/\/www.anovapeneira.gal\/"],"url":"https:\/\/www.anovapeneira.gal\/index.php\/author\/montse-fajardo\/"}]}},"jetpack_featured_media_url":"https:\/\/www.anovapeneira.gal\/wp-content\/uploads\/2019\/07\/ARTIGO_DE_OPINION_A_NOVA_PENEIRA.jpg","_links":{"self":[{"href":"https:\/\/www.anovapeneira.gal\/index.php\/wp-json\/wp\/v2\/posts\/5220","targetHints":{"allow":["GET"]}}],"collection":[{"href":"https:\/\/www.anovapeneira.gal\/index.php\/wp-json\/wp\/v2\/posts"}],"about":[{"href":"https:\/\/www.anovapeneira.gal\/index.php\/wp-json\/wp\/v2\/types\/post"}],"author":[{"embeddable":true,"href":"https:\/\/www.anovapeneira.gal\/index.php\/wp-json\/wp\/v2\/users\/15"}],"replies":[{"embeddable":true,"href":"https:\/\/www.anovapeneira.gal\/index.php\/wp-json\/wp\/v2\/comments?post=5220"}],"version-history":[{"count":1,"href":"https:\/\/www.anovapeneira.gal\/index.php\/wp-json\/wp\/v2\/posts\/5220\/revisions"}],"predecessor-version":[{"id":5221,"href":"https:\/\/www.anovapeneira.gal\/index.php\/wp-json\/wp\/v2\/posts\/5220\/revisions\/5221"}],"wp:featuredmedia":[{"embeddable":true,"href":"https:\/\/www.anovapeneira.gal\/index.php\/wp-json\/wp\/v2\/media\/584"}],"wp:attachment":[{"href":"https:\/\/www.anovapeneira.gal\/index.php\/wp-json\/wp\/v2\/media?parent=5220"}],"wp:term":[{"taxonomy":"category","embeddable":true,"href":"https:\/\/www.anovapeneira.gal\/index.php\/wp-json\/wp\/v2\/categories?post=5220"},{"taxonomy":"post_tag","embeddable":true,"href":"https:\/\/www.anovapeneira.gal\/index.php\/wp-json\/wp\/v2\/tags?post=5220"}],"curies":[{"name":"wp","href":"https:\/\/api.w.org\/{rel}","templated":true}]}}