{"id":5222,"date":"2021-04-16T10:00:42","date_gmt":"2021-04-16T08:00:42","guid":{"rendered":"http:\/\/www.anovapeneira.gal\/?p=5222"},"modified":"2021-04-16T10:42:47","modified_gmt":"2021-04-16T08:42:47","slug":"vivan-as-cadeas","status":"publish","type":"post","link":"https:\/\/www.anovapeneira.gal\/index.php\/2021\/04\/16\/vivan-as-cadeas\/","title":{"rendered":"Vivan as  Cadeas\u00a1\u00a1"},"content":{"rendered":"\n\n\n<p>En 1.823 Espa\u00f1a pu\u00f1a fin ao Trienio Liberal e restablec\u00eda o absolutismo na persoa de Fernando VII grazas \u00e1 axuda do exercito do duque de Angulema. En Sevilla tense constancia por vez primeira de terse escoitado o berro popular, que titula este artigo, e que fai apolox\u00eda da situaci\u00f3n de perda de dereitos e liberades que a restauraci\u00f3n do rei fel\u00f3n Fernando VII supu\u00f1a para os distintos pobos de Espa\u00f1a. Aquela defensa da imbecilidade, condensada nas tres palabras que dan t\u00edtulo a este artigo, foi o primeiro que veu \u00e1 mi\u00f1a mente cando nun sem\u00e1foro calquera, de calquera vila galega un d\u00eda calquera do mes que non \u00e9 calquera, pois hai 90 abriles proclam\u00e1base a Rep\u00fablica en Espa\u00f1a, cruceime co mozo que, parado diante mi\u00f1a, conduc\u00eda unha motocicleta de reparto facendo apolox\u00eda da s\u00faa propia explotaci\u00f3n.<\/p>\n\n\n\n<p>Os modelos de negocio baseados en plataformas dixitais para adquirir produtos, que son servidos a domicilio, utilizan repartidores, para trasladar ditos pedidos, como se fosen aut\u00f3nomos que tiveran o seu propio negocio que poden xestionar con liberdade. Por\u00e9n, un repartidor dunha desas plataformas non \u00e9 un aut\u00f3nomo real pois o condutor recibe desde a plataforma, na que se integra, as ofertas dos servizos asignados pola empresa que mant\u00e9n o control da actividade para a que determinou unhas regras determinadas. Por outra parte o repartidor vese na obriga de cumprir con par\u00e1metros marcados como os horarios, ou o tempo no que se deben de facer as entregas. En consecuencia, a suposta liberdade que ter\u00eda o repartidor para decidir cando e como traballa, algo consubstancial \u00e1 condici\u00f3n de aut\u00f3nomo, non \u00e9 real. O borrador da chamada lei rider obrigar\u00e1 \u00e1s empresas a dar de alta aos repartidores como traballadores por conta allea nun prazo de tres meses. Cando se aprobe os repartidores pasar\u00e1n a ter unha n\u00f3mina mensual , regulada por convenio, vacaci\u00f3ns pagadas e ser\u00e1n as empresas as que se fagan cargo da seguridade social do traballador que se ver\u00e1 aliviado de ter que pagala el mesmo.<\/p>\n\n\n\n<p>Aparentemente calquera persoa afectada deber\u00eda de estar moi satisfeita porque as s\u00faas condici\u00f3ns laborais melloren. Por\u00e9n, a realidade parece contradicir \u00e1 aparencia pois a imaxe que ilustra estas palabras as\u00ed o evidencia.<\/p>\n\n\n\n<div class=\"wp-block-columns is-layout-flex wp-container-core-columns-is-layout-9d6595d7 wp-block-columns-is-layout-flex\">\n<div class=\"wp-block-column is-layout-flow wp-block-column-is-layout-flow\">\n<figure class=\"wp-block-image size-large is-style-default\"><img loading=\"lazy\" decoding=\"async\" width=\"736\" height=\"1024\" src=\"http:\/\/www.anovapeneira.gal\/wp-content\/uploads\/2021\/04\/sisoyautonomo-736x1024.jpg\" alt=\"\" class=\"wp-image-5228\" srcset=\"https:\/\/www.anovapeneira.gal\/wp-content\/uploads\/2021\/04\/sisoyautonomo-736x1024.jpg 736w, https:\/\/www.anovapeneira.gal\/wp-content\/uploads\/2021\/04\/sisoyautonomo-216x300.jpg 216w, https:\/\/www.anovapeneira.gal\/wp-content\/uploads\/2021\/04\/sisoyautonomo-768x1068.jpg 768w, https:\/\/www.anovapeneira.gal\/wp-content\/uploads\/2021\/04\/sisoyautonomo.jpg 945w\" sizes=\"auto, (max-width: 736px) 100vw, 736px\" \/><\/figure>\n<\/div>\n\n\n\n<div class=\"wp-block-column is-layout-flow wp-block-column-is-layout-flow\">\n<p>Pero que pode provocar que algu\u00e9n defenda, incluso de maneira visceral, unha situaci\u00f3n que \u00e9 prexudicial para si mesmo?. Por que ao longo da historia encontramos traballadores que se po\u00f1en en fronte dos compa\u00f1eiros e compa\u00f1eiras que arriscan a s\u00faa posici\u00f3n persoal para promover melloras laborais que afectar\u00edan tam\u00e9n a quen se op\u00f3n a elas?. Ao meu modo de ver hai catro hip\u00f3teses posibles para explicar o cartel que luc\u00eda o an\u00f3nimo condutor que se cruzou no meu cami\u00f1o:1) O medo.2) A alienaci\u00f3n entendida en sentido marxista, como a relaci\u00f3n de explotaci\u00f3n propia do capitalismo.3)A incultura e ou a estupidez.4) A miseria moral que leva a alg\u00fans explotados a p\u00f3rse do lado do explotador, na procura dalgunha migalla a maiores das que reciben o resto de explotados. <\/p>\n<\/div>\n<\/div>\n\n\n\n<p>Esta \u00faltima hip\u00f3tese, que espero sexa a menos numerosa das catro, non ten soluci\u00f3n. Pola contra as outras tres si a te\u00f1en. \u00c9 unha soluci\u00f3n dupla: Ch\u00e1mase educaci\u00f3n p\u00fablica, laica , gratu\u00edta e universal nos anos da nosa infancia e adolescencia, e ch\u00e1mase sindicalismo de clase nos anos da nosa vida adulta.<\/p>\n","protected":false},"excerpt":{"rendered":"<div class=\"mh-excerpt\"><p>En 1.823 Espa\u00f1a pu\u00f1a fin ao Trienio Liberal e restablec\u00eda o absolutismo na persoa de Fernando VII grazas \u00e1 axuda do exercito do duque de Angulema <a class=\"mh-excerpt-more\" href=\"https:\/\/www.anovapeneira.gal\/index.php\/2021\/04\/16\/vivan-as-cadeas\/\" title=\"Vivan as  Cadeas\u00a1\u00a1\">[&#8230;]<\/a><\/p>\n<\/div>","protected":false},"author":2,"featured_media":913,"comment_status":"open","ping_status":"open","sticky":false,"template":"","format":"standard","meta":{"_exactmetrics_skip_tracking":false,"_exactmetrics_sitenote_active":false,"_exactmetrics_sitenote_note":"","_exactmetrics_sitenote_category":0,"footnotes":""},"categories":[61],"tags":[],"class_list":{"0":"post-5222","1":"post","2":"type-post","3":"status-publish","4":"format-standard","5":"has-post-thumbnail","7":"category-artigo-editorial"},"yoast_head":"<!-- This site is optimized with the Yoast SEO plugin v27.4 - https:\/\/yoast.com\/product\/yoast-seo-wordpress\/ -->\n<title>Vivan as Cadeas\u00a1\u00a1 -<\/title>\n<meta name=\"description\" content=\"En 1.823 Espa\u00f1a pu\u00f1a fin ao Trienio Liberal e restablec\u00eda o absolutismo na persoa de Fernando VII grazas \u00e1 axuda do exercito do duque de Angulema\" \/>\n<meta name=\"robots\" content=\"index, follow, max-snippet:-1, max-image-preview:large, max-video-preview:-1\" \/>\n<link rel=\"canonical\" href=\"https:\/\/www.anovapeneira.gal\/index.php\/2021\/04\/16\/vivan-as-cadeas\/\" \/>\n<meta property=\"og:locale\" content=\"gl_ES\" \/>\n<meta property=\"og:type\" content=\"article\" \/>\n<meta property=\"og:title\" content=\"Vivan as Cadeas\u00a1\u00a1 -\" \/>\n<meta property=\"og:description\" content=\"En 1.823 Espa\u00f1a pu\u00f1a fin ao Trienio Liberal e restablec\u00eda o absolutismo na persoa de Fernando VII grazas \u00e1 axuda do exercito do duque de Angulema\" \/>\n<meta property=\"og:url\" content=\"https:\/\/www.anovapeneira.gal\/index.php\/2021\/04\/16\/vivan-as-cadeas\/\" \/>\n<meta property=\"article:publisher\" content=\"https:\/\/www.facebook.com\/anovapeneira\" \/>\n<meta property=\"article:published_time\" content=\"2021-04-16T08:00:42+00:00\" \/>\n<meta property=\"article:modified_time\" content=\"2021-04-16T08:42:47+00:00\" \/>\n<meta property=\"og:image\" content=\"https:\/\/www.anovapeneira.gal\/wp-content\/uploads\/2019\/08\/artigo_editorial_a_nova_peneira.jpg\" \/>\n\t<meta property=\"og:image:width\" content=\"720\" \/>\n\t<meta property=\"og:image:height\" content=\"473\" \/>\n\t<meta property=\"og:image:type\" content=\"image\/jpeg\" \/>\n<meta name=\"author\" content=\"Tino Lago\" \/>\n<meta name=\"twitter:card\" content=\"summary_large_image\" \/>\n<meta name=\"twitter:creator\" content=\"@APeneira\" \/>\n<meta name=\"twitter:site\" content=\"@APeneira\" \/>\n<meta name=\"twitter:label1\" content=\"Escrito por\" \/>\n\t<meta name=\"twitter:data1\" content=\"Tino Lago\" \/>\n\t<meta name=\"twitter:label2\" content=\"Tempo de lectura\" \/>\n\t<meta name=\"twitter:data2\" content=\"3 minutos\" \/>\n<script type=\"application\/ld+json\" class=\"yoast-schema-graph\">{\"@context\":\"https:\\\/\\\/schema.org\",\"@graph\":[{\"@type\":\"Article\",\"@id\":\"https:\\\/\\\/www.anovapeneira.gal\\\/index.php\\\/2021\\\/04\\\/16\\\/vivan-as-cadeas\\\/#article\",\"isPartOf\":{\"@id\":\"https:\\\/\\\/www.anovapeneira.gal\\\/index.php\\\/2021\\\/04\\\/16\\\/vivan-as-cadeas\\\/\"},\"author\":{\"name\":\"Tino Lago\",\"@id\":\"https:\\\/\\\/www.anovapeneira.gal\\\/#\\\/schema\\\/person\\\/424dfe65e3070fd8a44d22d2c088762a\"},\"headline\":\"Vivan as Cadeas\u00a1\u00a1\",\"datePublished\":\"2021-04-16T08:00:42+00:00\",\"dateModified\":\"2021-04-16T08:42:47+00:00\",\"mainEntityOfPage\":{\"@id\":\"https:\\\/\\\/www.anovapeneira.gal\\\/index.php\\\/2021\\\/04\\\/16\\\/vivan-as-cadeas\\\/\"},\"wordCount\":599,\"commentCount\":0,\"publisher\":{\"@id\":\"https:\\\/\\\/www.anovapeneira.gal\\\/#organization\"},\"image\":{\"@id\":\"https:\\\/\\\/www.anovapeneira.gal\\\/index.php\\\/2021\\\/04\\\/16\\\/vivan-as-cadeas\\\/#primaryimage\"},\"thumbnailUrl\":\"https:\\\/\\\/www.anovapeneira.gal\\\/wp-content\\\/uploads\\\/2019\\\/08\\\/artigo_editorial_a_nova_peneira.jpg\",\"articleSection\":[\"Artigo editorial\"],\"inLanguage\":\"gl-ES\",\"potentialAction\":[{\"@type\":\"CommentAction\",\"name\":\"Comment\",\"target\":[\"https:\\\/\\\/www.anovapeneira.gal\\\/index.php\\\/2021\\\/04\\\/16\\\/vivan-as-cadeas\\\/#respond\"]}]},{\"@type\":\"WebPage\",\"@id\":\"https:\\\/\\\/www.anovapeneira.gal\\\/index.php\\\/2021\\\/04\\\/16\\\/vivan-as-cadeas\\\/\",\"url\":\"https:\\\/\\\/www.anovapeneira.gal\\\/index.php\\\/2021\\\/04\\\/16\\\/vivan-as-cadeas\\\/\",\"name\":\"Vivan as Cadeas\u00a1\u00a1 -\",\"isPartOf\":{\"@id\":\"https:\\\/\\\/www.anovapeneira.gal\\\/#website\"},\"primaryImageOfPage\":{\"@id\":\"https:\\\/\\\/www.anovapeneira.gal\\\/index.php\\\/2021\\\/04\\\/16\\\/vivan-as-cadeas\\\/#primaryimage\"},\"image\":{\"@id\":\"https:\\\/\\\/www.anovapeneira.gal\\\/index.php\\\/2021\\\/04\\\/16\\\/vivan-as-cadeas\\\/#primaryimage\"},\"thumbnailUrl\":\"https:\\\/\\\/www.anovapeneira.gal\\\/wp-content\\\/uploads\\\/2019\\\/08\\\/artigo_editorial_a_nova_peneira.jpg\",\"datePublished\":\"2021-04-16T08:00:42+00:00\",\"dateModified\":\"2021-04-16T08:42:47+00:00\",\"description\":\"En 1.823 Espa\u00f1a pu\u00f1a fin ao Trienio Liberal e restablec\u00eda o absolutismo na persoa de Fernando VII grazas \u00e1 axuda do exercito do duque de Angulema\",\"breadcrumb\":{\"@id\":\"https:\\\/\\\/www.anovapeneira.gal\\\/index.php\\\/2021\\\/04\\\/16\\\/vivan-as-cadeas\\\/#breadcrumb\"},\"inLanguage\":\"gl-ES\",\"potentialAction\":[{\"@type\":\"ReadAction\",\"target\":[\"https:\\\/\\\/www.anovapeneira.gal\\\/index.php\\\/2021\\\/04\\\/16\\\/vivan-as-cadeas\\\/\"]}]},{\"@type\":\"ImageObject\",\"inLanguage\":\"gl-ES\",\"@id\":\"https:\\\/\\\/www.anovapeneira.gal\\\/index.php\\\/2021\\\/04\\\/16\\\/vivan-as-cadeas\\\/#primaryimage\",\"url\":\"https:\\\/\\\/www.anovapeneira.gal\\\/wp-content\\\/uploads\\\/2019\\\/08\\\/artigo_editorial_a_nova_peneira.jpg\",\"contentUrl\":\"https:\\\/\\\/www.anovapeneira.gal\\\/wp-content\\\/uploads\\\/2019\\\/08\\\/artigo_editorial_a_nova_peneira.jpg\",\"width\":720,\"height\":473,\"caption\":\"Artigo editorial Tino Lago A Nova Peneira\"},{\"@type\":\"BreadcrumbList\",\"@id\":\"https:\\\/\\\/www.anovapeneira.gal\\\/index.php\\\/2021\\\/04\\\/16\\\/vivan-as-cadeas\\\/#breadcrumb\",\"itemListElement\":[{\"@type\":\"ListItem\",\"position\":1,\"name\":\"Portada\",\"item\":\"https:\\\/\\\/www.anovapeneira.gal\\\/\"},{\"@type\":\"ListItem\",\"position\":2,\"name\":\"Vivan as Cadeas\u00a1\u00a1\"}]},{\"@type\":\"WebSite\",\"@id\":\"https:\\\/\\\/www.anovapeneira.gal\\\/#website\",\"url\":\"https:\\\/\\\/www.anovapeneira.gal\\\/\",\"name\":\"\",\"description\":\"Xornal galego de informaci\u00f3n xeral Publicaci\u00f3n mensual de novas de Galicia e en especial dos Concellos da sur da provincia de Pontevedra.\",\"publisher\":{\"@id\":\"https:\\\/\\\/www.anovapeneira.gal\\\/#organization\"},\"potentialAction\":[{\"@type\":\"SearchAction\",\"target\":{\"@type\":\"EntryPoint\",\"urlTemplate\":\"https:\\\/\\\/www.anovapeneira.gal\\\/?s={search_term_string}\"},\"query-input\":{\"@type\":\"PropertyValueSpecification\",\"valueRequired\":true,\"valueName\":\"search_term_string\"}}],\"inLanguage\":\"gl-ES\"},{\"@type\":\"Organization\",\"@id\":\"https:\\\/\\\/www.anovapeneira.gal\\\/#organization\",\"name\":\"A Nova Peneira\",\"url\":\"https:\\\/\\\/www.anovapeneira.gal\\\/\",\"logo\":{\"@type\":\"ImageObject\",\"inLanguage\":\"gl-ES\",\"@id\":\"https:\\\/\\\/www.anovapeneira.gal\\\/#\\\/schema\\\/logo\\\/image\\\/\",\"url\":\"http:\\\/\\\/www.anovapeneira.gal\\\/wp-content\\\/uploads\\\/2019\\\/06\\\/logo_a_nova_peneira_portal_web.png\",\"contentUrl\":\"http:\\\/\\\/www.anovapeneira.gal\\\/wp-content\\\/uploads\\\/2019\\\/06\\\/logo_a_nova_peneira_portal_web.png\",\"width\":300,\"height\":100,\"caption\":\"A Nova Peneira\"},\"image\":{\"@id\":\"https:\\\/\\\/www.anovapeneira.gal\\\/#\\\/schema\\\/logo\\\/image\\\/\"},\"sameAs\":[\"https:\\\/\\\/www.facebook.com\\\/anovapeneira\",\"https:\\\/\\\/x.com\\\/APeneira\"]},{\"@type\":\"Person\",\"@id\":\"https:\\\/\\\/www.anovapeneira.gal\\\/#\\\/schema\\\/person\\\/424dfe65e3070fd8a44d22d2c088762a\",\"name\":\"Tino Lago\",\"image\":{\"@type\":\"ImageObject\",\"inLanguage\":\"gl-ES\",\"@id\":\"https:\\\/\\\/secure.gravatar.com\\\/avatar\\\/b3df6a06e44bab3111583b90f0f33a0379ee5e3d22cbadd232d39f21c30c62be?s=96&d=mm&r=g\",\"url\":\"https:\\\/\\\/secure.gravatar.com\\\/avatar\\\/b3df6a06e44bab3111583b90f0f33a0379ee5e3d22cbadd232d39f21c30c62be?s=96&d=mm&r=g\",\"contentUrl\":\"https:\\\/\\\/secure.gravatar.com\\\/avatar\\\/b3df6a06e44bab3111583b90f0f33a0379ee5e3d22cbadd232d39f21c30c62be?s=96&d=mm&r=g\",\"caption\":\"Tino Lago\"},\"sameAs\":[\"http:\\\/\\\/www.anovapeneira.gal\"],\"url\":\"https:\\\/\\\/www.anovapeneira.gal\\\/index.php\\\/author\\\/director\\\/\"}]}<\/script>\n<!-- \/ Yoast SEO plugin. -->","yoast_head_json":{"title":"Vivan as Cadeas\u00a1\u00a1 -","description":"En 1.823 Espa\u00f1a pu\u00f1a fin ao Trienio Liberal e restablec\u00eda o absolutismo na persoa de Fernando VII grazas \u00e1 axuda do exercito do duque de Angulema","robots":{"index":"index","follow":"follow","max-snippet":"max-snippet:-1","max-image-preview":"max-image-preview:large","max-video-preview":"max-video-preview:-1"},"canonical":"https:\/\/www.anovapeneira.gal\/index.php\/2021\/04\/16\/vivan-as-cadeas\/","og_locale":"gl_ES","og_type":"article","og_title":"Vivan as Cadeas\u00a1\u00a1 -","og_description":"En 1.823 Espa\u00f1a pu\u00f1a fin ao Trienio Liberal e restablec\u00eda o absolutismo na persoa de Fernando VII grazas \u00e1 axuda do exercito do duque de Angulema","og_url":"https:\/\/www.anovapeneira.gal\/index.php\/2021\/04\/16\/vivan-as-cadeas\/","article_publisher":"https:\/\/www.facebook.com\/anovapeneira","article_published_time":"2021-04-16T08:00:42+00:00","article_modified_time":"2021-04-16T08:42:47+00:00","og_image":[{"width":720,"height":473,"url":"https:\/\/www.anovapeneira.gal\/wp-content\/uploads\/2019\/08\/artigo_editorial_a_nova_peneira.jpg","type":"image\/jpeg"}],"author":"Tino Lago","twitter_card":"summary_large_image","twitter_creator":"@APeneira","twitter_site":"@APeneira","twitter_misc":{"Escrito por":"Tino Lago","Tempo de lectura":"3 minutos"},"schema":{"@context":"https:\/\/schema.org","@graph":[{"@type":"Article","@id":"https:\/\/www.anovapeneira.gal\/index.php\/2021\/04\/16\/vivan-as-cadeas\/#article","isPartOf":{"@id":"https:\/\/www.anovapeneira.gal\/index.php\/2021\/04\/16\/vivan-as-cadeas\/"},"author":{"name":"Tino Lago","@id":"https:\/\/www.anovapeneira.gal\/#\/schema\/person\/424dfe65e3070fd8a44d22d2c088762a"},"headline":"Vivan as Cadeas\u00a1\u00a1","datePublished":"2021-04-16T08:00:42+00:00","dateModified":"2021-04-16T08:42:47+00:00","mainEntityOfPage":{"@id":"https:\/\/www.anovapeneira.gal\/index.php\/2021\/04\/16\/vivan-as-cadeas\/"},"wordCount":599,"commentCount":0,"publisher":{"@id":"https:\/\/www.anovapeneira.gal\/#organization"},"image":{"@id":"https:\/\/www.anovapeneira.gal\/index.php\/2021\/04\/16\/vivan-as-cadeas\/#primaryimage"},"thumbnailUrl":"https:\/\/www.anovapeneira.gal\/wp-content\/uploads\/2019\/08\/artigo_editorial_a_nova_peneira.jpg","articleSection":["Artigo editorial"],"inLanguage":"gl-ES","potentialAction":[{"@type":"CommentAction","name":"Comment","target":["https:\/\/www.anovapeneira.gal\/index.php\/2021\/04\/16\/vivan-as-cadeas\/#respond"]}]},{"@type":"WebPage","@id":"https:\/\/www.anovapeneira.gal\/index.php\/2021\/04\/16\/vivan-as-cadeas\/","url":"https:\/\/www.anovapeneira.gal\/index.php\/2021\/04\/16\/vivan-as-cadeas\/","name":"Vivan as Cadeas\u00a1\u00a1 -","isPartOf":{"@id":"https:\/\/www.anovapeneira.gal\/#website"},"primaryImageOfPage":{"@id":"https:\/\/www.anovapeneira.gal\/index.php\/2021\/04\/16\/vivan-as-cadeas\/#primaryimage"},"image":{"@id":"https:\/\/www.anovapeneira.gal\/index.php\/2021\/04\/16\/vivan-as-cadeas\/#primaryimage"},"thumbnailUrl":"https:\/\/www.anovapeneira.gal\/wp-content\/uploads\/2019\/08\/artigo_editorial_a_nova_peneira.jpg","datePublished":"2021-04-16T08:00:42+00:00","dateModified":"2021-04-16T08:42:47+00:00","description":"En 1.823 Espa\u00f1a pu\u00f1a fin ao Trienio Liberal e restablec\u00eda o absolutismo na persoa de Fernando VII grazas \u00e1 axuda do exercito do duque de Angulema","breadcrumb":{"@id":"https:\/\/www.anovapeneira.gal\/index.php\/2021\/04\/16\/vivan-as-cadeas\/#breadcrumb"},"inLanguage":"gl-ES","potentialAction":[{"@type":"ReadAction","target":["https:\/\/www.anovapeneira.gal\/index.php\/2021\/04\/16\/vivan-as-cadeas\/"]}]},{"@type":"ImageObject","inLanguage":"gl-ES","@id":"https:\/\/www.anovapeneira.gal\/index.php\/2021\/04\/16\/vivan-as-cadeas\/#primaryimage","url":"https:\/\/www.anovapeneira.gal\/wp-content\/uploads\/2019\/08\/artigo_editorial_a_nova_peneira.jpg","contentUrl":"https:\/\/www.anovapeneira.gal\/wp-content\/uploads\/2019\/08\/artigo_editorial_a_nova_peneira.jpg","width":720,"height":473,"caption":"Artigo editorial Tino Lago A Nova Peneira"},{"@type":"BreadcrumbList","@id":"https:\/\/www.anovapeneira.gal\/index.php\/2021\/04\/16\/vivan-as-cadeas\/#breadcrumb","itemListElement":[{"@type":"ListItem","position":1,"name":"Portada","item":"https:\/\/www.anovapeneira.gal\/"},{"@type":"ListItem","position":2,"name":"Vivan as Cadeas\u00a1\u00a1"}]},{"@type":"WebSite","@id":"https:\/\/www.anovapeneira.gal\/#website","url":"https:\/\/www.anovapeneira.gal\/","name":"","description":"Xornal galego de informaci\u00f3n xeral Publicaci\u00f3n mensual de novas de Galicia e en especial dos Concellos da sur da provincia de Pontevedra.","publisher":{"@id":"https:\/\/www.anovapeneira.gal\/#organization"},"potentialAction":[{"@type":"SearchAction","target":{"@type":"EntryPoint","urlTemplate":"https:\/\/www.anovapeneira.gal\/?s={search_term_string}"},"query-input":{"@type":"PropertyValueSpecification","valueRequired":true,"valueName":"search_term_string"}}],"inLanguage":"gl-ES"},{"@type":"Organization","@id":"https:\/\/www.anovapeneira.gal\/#organization","name":"A Nova Peneira","url":"https:\/\/www.anovapeneira.gal\/","logo":{"@type":"ImageObject","inLanguage":"gl-ES","@id":"https:\/\/www.anovapeneira.gal\/#\/schema\/logo\/image\/","url":"http:\/\/www.anovapeneira.gal\/wp-content\/uploads\/2019\/06\/logo_a_nova_peneira_portal_web.png","contentUrl":"http:\/\/www.anovapeneira.gal\/wp-content\/uploads\/2019\/06\/logo_a_nova_peneira_portal_web.png","width":300,"height":100,"caption":"A Nova Peneira"},"image":{"@id":"https:\/\/www.anovapeneira.gal\/#\/schema\/logo\/image\/"},"sameAs":["https:\/\/www.facebook.com\/anovapeneira","https:\/\/x.com\/APeneira"]},{"@type":"Person","@id":"https:\/\/www.anovapeneira.gal\/#\/schema\/person\/424dfe65e3070fd8a44d22d2c088762a","name":"Tino Lago","image":{"@type":"ImageObject","inLanguage":"gl-ES","@id":"https:\/\/secure.gravatar.com\/avatar\/b3df6a06e44bab3111583b90f0f33a0379ee5e3d22cbadd232d39f21c30c62be?s=96&d=mm&r=g","url":"https:\/\/secure.gravatar.com\/avatar\/b3df6a06e44bab3111583b90f0f33a0379ee5e3d22cbadd232d39f21c30c62be?s=96&d=mm&r=g","contentUrl":"https:\/\/secure.gravatar.com\/avatar\/b3df6a06e44bab3111583b90f0f33a0379ee5e3d22cbadd232d39f21c30c62be?s=96&d=mm&r=g","caption":"Tino Lago"},"sameAs":["http:\/\/www.anovapeneira.gal"],"url":"https:\/\/www.anovapeneira.gal\/index.php\/author\/director\/"}]}},"jetpack_featured_media_url":"https:\/\/www.anovapeneira.gal\/wp-content\/uploads\/2019\/08\/artigo_editorial_a_nova_peneira.jpg","_links":{"self":[{"href":"https:\/\/www.anovapeneira.gal\/index.php\/wp-json\/wp\/v2\/posts\/5222","targetHints":{"allow":["GET"]}}],"collection":[{"href":"https:\/\/www.anovapeneira.gal\/index.php\/wp-json\/wp\/v2\/posts"}],"about":[{"href":"https:\/\/www.anovapeneira.gal\/index.php\/wp-json\/wp\/v2\/types\/post"}],"author":[{"embeddable":true,"href":"https:\/\/www.anovapeneira.gal\/index.php\/wp-json\/wp\/v2\/users\/2"}],"replies":[{"embeddable":true,"href":"https:\/\/www.anovapeneira.gal\/index.php\/wp-json\/wp\/v2\/comments?post=5222"}],"version-history":[{"count":3,"href":"https:\/\/www.anovapeneira.gal\/index.php\/wp-json\/wp\/v2\/posts\/5222\/revisions"}],"predecessor-version":[{"id":5231,"href":"https:\/\/www.anovapeneira.gal\/index.php\/wp-json\/wp\/v2\/posts\/5222\/revisions\/5231"}],"wp:featuredmedia":[{"embeddable":true,"href":"https:\/\/www.anovapeneira.gal\/index.php\/wp-json\/wp\/v2\/media\/913"}],"wp:attachment":[{"href":"https:\/\/www.anovapeneira.gal\/index.php\/wp-json\/wp\/v2\/media?parent=5222"}],"wp:term":[{"taxonomy":"category","embeddable":true,"href":"https:\/\/www.anovapeneira.gal\/index.php\/wp-json\/wp\/v2\/categories?post=5222"},{"taxonomy":"post_tag","embeddable":true,"href":"https:\/\/www.anovapeneira.gal\/index.php\/wp-json\/wp\/v2\/tags?post=5222"}],"curies":[{"name":"wp","href":"https:\/\/api.w.org\/{rel}","templated":true}]}}