{"id":5224,"date":"2021-04-16T12:00:13","date_gmt":"2021-04-16T10:00:13","guid":{"rendered":"http:\/\/www.anovapeneira.gal\/?p=5224"},"modified":"2021-04-13T23:40:55","modified_gmt":"2021-04-13T21:40:55","slug":"maio-chegamos-ao-ecuador-da-lexislatura","status":"publish","type":"post","link":"https:\/\/www.anovapeneira.gal\/index.php\/2021\/04\/16\/maio-chegamos-ao-ecuador-da-lexislatura\/","title":{"rendered":"Maio: chegamos ao ecuador da lexislatura"},"content":{"rendered":"\n<figure class=\"wp-block-image size-large is-resized\"><img loading=\"lazy\" decoding=\"async\" src=\"http:\/\/www.anovapeneira.gal\/wp-content\/uploads\/2019\/07\/pedro_cortegoso_opinion_a_nova_peneira_bn.jpg\" alt=\"Pedro M. Cortegoso Gago Artigo Opini\u00f3n A Nova Peneira\" class=\"wp-image-464\" width=\"95\" height=\"111\"\/><figcaption>Pedro M. Cortegoso Gago Traballador do Centro de Sa\u00fade de Moa\u00f1a<\/figcaption><\/figure>\n\n\n\n<p>O pr\u00f3ximo mes de maio cumpriranse dous anos das elecci\u00f3ns municipais. Chegamos \u00e1 metade da lexislatura e podemos comezar a facer balanzo tanto da actuaci\u00f3n do goberno municipal como da oposici\u00f3n.<\/p>\n\n\n\n<p>\u00c9 bo que o pobo examine e po\u00f1a nota aos seus representantes, gobernen ou non, pois todas as candidaturas presentan un programa electoral, un compromiso coa cidadan\u00eda e deben dar conta do que levan feito.<\/p>\n\n\n\n<p>Foron unhas elecci\u00f3ns onde o PP, cunha pequena competencia no campo da dereita representada polo extinto Ciudadanos e a incomparecencia da extrema dereita, voltou acadar unha nova maior\u00eda absoluta.<\/p>\n\n\n\n<p>Con esta sobrada maior\u00eda o PP, con alcaldesa-deputada a tempo parcial, limitouse a facer a mesma xesti\u00f3n que nas lexislaturas anteriores: deixarse levar. Sen grandes proxectos, sen ter un modelo para sacar Mar\u00edn do letargo, facendo favores aqu\u00ed e al\u00e1, sen meterse en moitas fonduras e evitando calquera conflitividade.<\/p>\n\n\n\n<p>Por\u00e9n, temos que reco\u00f1ecer que o PP de Mar\u00edn ten unha estrutura, pod\u00edamos denominala rede caciquil, de gran implantaci\u00f3n. Mais tam\u00e9n temos que dicir que xoga coas cartas marcadas e non s\u00f3 polo exceso de financiamento de orixes escuras. Este partido ten unha sobre representaci\u00f3n nos medios de comunicaci\u00f3n, tanto nos tradicionais como nos novos medios dixitais, mentres a oposici\u00f3n e fundamentalmente o nacionalismo \u00e9 arrombado ou directamente ignorado.<\/p>\n\n\n\n<p>En canto \u00e1 oposici\u00f3n hai que reco\u00f1ecer que ten moi dif\u00edcil competir cunha maior\u00eda absoluta tan contundente e cunha \u201cpaz social\u201d que parece se vai manter at\u00e9 o final da lexislatura. Non hai grandes conflitos, non hai grandes mobilizaci\u00f3ns e, por se isto non chegara, levamos mais dun ano atrapados coa pandemia que paralizou o mundo.<\/p>\n\n\n\n<p>Con todo chama a atenci\u00f3n a actitude \u201csuave e am\u00e1bel\u201d do PSOE, que con cinco concelleir@s poder\u00eda sacarlles maior proveito. Este partido mantense na s\u00faa li\u00f1a habitual esperando que o mana chova do ceo, neste caso que ve\u00f1a de Madrid, e deixase levar pola inercia de estar gobernando no estado.<\/p>\n\n\n\n<p>O BNG est\u00e1, a nivel local, nunha situaci\u00f3n de debilidade institucional cunha \u00fanica representante no concello, resultado da s\u00faa convulsa historia en Mar\u00edn. Por\u00e9n, isto non deber\u00eda ser problema para unha organizaci\u00f3n acostumada a facer todo a base de \u201cpan de millo\u201d e sen apoios financeiros, empresariais e medi\u00e1ticos.<\/p>\n\n\n\n<p>Con todo, e pese as dificultades, podemos afirmar que o BNG est\u00e1 mantendo certa iniciativa e recuperando certa capacidade de mobilizaci\u00f3n, especialmente na reivindicaci\u00f3n dunha sanidade p\u00fablica e presencial.<\/p>\n\n\n\n<p>O nacionalismo en Mar\u00edn ten o reto de ampliar e recuperar unha base social que buscou outras alternativas, que hoxe xa non existen. Con ideas claras, coherencia e moito traballo \u00e9 pos\u00edbel ser o que foi onte e lograr constru\u00edr unha alternativa \u00e1 maior\u00eda que hoxe ten emprestada o PP.<\/p>\n\n\n\n<p>Temos que facerlle ver ao pobo de Mar\u00edn que o nacionalismo conta cun instrumento serio e traballador, que sempre est\u00e1 cando debe estar con propostas e alternativas para mellorar as condici\u00f3ns de vida, para facer Mar\u00edn un lugar m\u00e1is habit\u00e1bel, para defender a nosa sanidade p\u00fablica, para defender os nosos sectores produtivos.<\/p>\n\n\n\n<p>Vai ser un cami\u00f1o longo e non \u00e9 recomend\u00e1bel sprintar para chegar \u00e1 meta. Nesta marat\u00f3n debemos correr con intelixencia e sen buscar atallos que n\u00f3s leven ao precipicio.<\/p>\n\n\n\n<p>Mar\u00edn, 9 de abril de 2021.<\/p>\n\n\n\n<p>Asdo.: Pedro M. Cortegoso Gago.<\/p>\n","protected":false},"excerpt":{"rendered":"<div class=\"mh-excerpt\"><p>O pr\u00f3ximo mes de maio cumpriranse dous anos das elecci\u00f3ns municipais. Chegamos \u00e1 metade da lexislatura e podemos comezar a facer balanzo tanto da actuaci\u00f3n do goberno municipal como da oposici\u00f3n. <a class=\"mh-excerpt-more\" href=\"https:\/\/www.anovapeneira.gal\/index.php\/2021\/04\/16\/maio-chegamos-ao-ecuador-da-lexislatura\/\" title=\"Maio: chegamos ao ecuador da lexislatura\">[&#8230;]<\/a><\/p>\n<\/div>","protected":false},"author":4,"featured_media":584,"comment_status":"open","ping_status":"open","sticky":false,"template":"","format":"standard","meta":{"_exactmetrics_skip_tracking":false,"_exactmetrics_sitenote_active":false,"_exactmetrics_sitenote_note":"","_exactmetrics_sitenote_category":0,"footnotes":""},"categories":[7],"tags":[],"class_list":{"0":"post-5224","1":"post","2":"type-post","3":"status-publish","4":"format-standard","5":"has-post-thumbnail","7":"category-artigos-de-opinion"},"yoast_head":"<!-- This site is optimized with the Yoast SEO plugin v27.4 - https:\/\/yoast.com\/product\/yoast-seo-wordpress\/ -->\n<title>Maio: chegamos ao ecuador da lexislatura -<\/title>\n<meta name=\"description\" content=\"O pr\u00f3ximo mes de maio cumpriranse dous anos das elecci\u00f3ns municipais. Chegamos \u00e1 metade da lexislatura e podemos comezar a facer balanzo tanto da actuaci\u00f3n do goberno municipal como da oposici\u00f3n.\" \/>\n<meta name=\"robots\" content=\"index, follow, max-snippet:-1, max-image-preview:large, max-video-preview:-1\" \/>\n<link rel=\"canonical\" href=\"https:\/\/www.anovapeneira.gal\/index.php\/2021\/04\/16\/maio-chegamos-ao-ecuador-da-lexislatura\/\" \/>\n<meta property=\"og:locale\" content=\"gl_ES\" \/>\n<meta property=\"og:type\" content=\"article\" \/>\n<meta property=\"og:title\" content=\"Maio: chegamos ao ecuador da lexislatura -\" \/>\n<meta property=\"og:description\" content=\"O pr\u00f3ximo mes de maio cumpriranse dous anos das elecci\u00f3ns municipais. Chegamos \u00e1 metade da lexislatura e podemos comezar a facer balanzo tanto da actuaci\u00f3n do goberno municipal como da oposici\u00f3n.\" \/>\n<meta property=\"og:url\" content=\"https:\/\/www.anovapeneira.gal\/index.php\/2021\/04\/16\/maio-chegamos-ao-ecuador-da-lexislatura\/\" \/>\n<meta property=\"article:publisher\" content=\"https:\/\/www.facebook.com\/anovapeneira\" \/>\n<meta property=\"article:published_time\" content=\"2021-04-16T10:00:13+00:00\" \/>\n<meta property=\"og:image\" content=\"https:\/\/www.anovapeneira.gal\/wp-content\/uploads\/2019\/07\/ARTIGO_DE_OPINION_A_NOVA_PENEIRA.jpg\" \/>\n\t<meta property=\"og:image:width\" content=\"720\" \/>\n\t<meta property=\"og:image:height\" content=\"473\" \/>\n\t<meta property=\"og:image:type\" content=\"image\/jpeg\" \/>\n<meta name=\"author\" content=\"Pedro M. Cortegoso Gago\" \/>\n<meta name=\"twitter:card\" content=\"summary_large_image\" \/>\n<meta name=\"twitter:creator\" content=\"@APeneira\" \/>\n<meta name=\"twitter:site\" content=\"@APeneira\" \/>\n<meta name=\"twitter:label1\" content=\"Escrito por\" \/>\n\t<meta name=\"twitter:data1\" content=\"Pedro M. Cortegoso Gago\" \/>\n\t<meta name=\"twitter:label2\" content=\"Tempo de lectura\" \/>\n\t<meta name=\"twitter:data2\" content=\"3 minutos\" \/>\n<script type=\"application\/ld+json\" class=\"yoast-schema-graph\">{\"@context\":\"https:\\\/\\\/schema.org\",\"@graph\":[{\"@type\":\"Article\",\"@id\":\"https:\\\/\\\/www.anovapeneira.gal\\\/index.php\\\/2021\\\/04\\\/16\\\/maio-chegamos-ao-ecuador-da-lexislatura\\\/#article\",\"isPartOf\":{\"@id\":\"https:\\\/\\\/www.anovapeneira.gal\\\/index.php\\\/2021\\\/04\\\/16\\\/maio-chegamos-ao-ecuador-da-lexislatura\\\/\"},\"author\":{\"name\":\"Pedro M. Cortegoso Gago\",\"@id\":\"https:\\\/\\\/www.anovapeneira.gal\\\/#\\\/schema\\\/person\\\/c04a9c9f722c9446e71ae434c0353337\"},\"headline\":\"Maio: chegamos ao ecuador da lexislatura\",\"datePublished\":\"2021-04-16T10:00:13+00:00\",\"mainEntityOfPage\":{\"@id\":\"https:\\\/\\\/www.anovapeneira.gal\\\/index.php\\\/2021\\\/04\\\/16\\\/maio-chegamos-ao-ecuador-da-lexislatura\\\/\"},\"wordCount\":592,\"commentCount\":0,\"publisher\":{\"@id\":\"https:\\\/\\\/www.anovapeneira.gal\\\/#organization\"},\"image\":{\"@id\":\"https:\\\/\\\/www.anovapeneira.gal\\\/index.php\\\/2021\\\/04\\\/16\\\/maio-chegamos-ao-ecuador-da-lexislatura\\\/#primaryimage\"},\"thumbnailUrl\":\"https:\\\/\\\/www.anovapeneira.gal\\\/wp-content\\\/uploads\\\/2019\\\/07\\\/ARTIGO_DE_OPINION_A_NOVA_PENEIRA.jpg\",\"articleSection\":[\"Artigos de opini\u00f3n\"],\"inLanguage\":\"gl-ES\",\"potentialAction\":[{\"@type\":\"CommentAction\",\"name\":\"Comment\",\"target\":[\"https:\\\/\\\/www.anovapeneira.gal\\\/index.php\\\/2021\\\/04\\\/16\\\/maio-chegamos-ao-ecuador-da-lexislatura\\\/#respond\"]}]},{\"@type\":\"WebPage\",\"@id\":\"https:\\\/\\\/www.anovapeneira.gal\\\/index.php\\\/2021\\\/04\\\/16\\\/maio-chegamos-ao-ecuador-da-lexislatura\\\/\",\"url\":\"https:\\\/\\\/www.anovapeneira.gal\\\/index.php\\\/2021\\\/04\\\/16\\\/maio-chegamos-ao-ecuador-da-lexislatura\\\/\",\"name\":\"Maio: chegamos ao ecuador da lexislatura -\",\"isPartOf\":{\"@id\":\"https:\\\/\\\/www.anovapeneira.gal\\\/#website\"},\"primaryImageOfPage\":{\"@id\":\"https:\\\/\\\/www.anovapeneira.gal\\\/index.php\\\/2021\\\/04\\\/16\\\/maio-chegamos-ao-ecuador-da-lexislatura\\\/#primaryimage\"},\"image\":{\"@id\":\"https:\\\/\\\/www.anovapeneira.gal\\\/index.php\\\/2021\\\/04\\\/16\\\/maio-chegamos-ao-ecuador-da-lexislatura\\\/#primaryimage\"},\"thumbnailUrl\":\"https:\\\/\\\/www.anovapeneira.gal\\\/wp-content\\\/uploads\\\/2019\\\/07\\\/ARTIGO_DE_OPINION_A_NOVA_PENEIRA.jpg\",\"datePublished\":\"2021-04-16T10:00:13+00:00\",\"description\":\"O pr\u00f3ximo mes de maio cumpriranse dous anos das elecci\u00f3ns municipais. Chegamos \u00e1 metade da lexislatura e podemos comezar a facer balanzo tanto da actuaci\u00f3n do goberno municipal como da oposici\u00f3n.\",\"breadcrumb\":{\"@id\":\"https:\\\/\\\/www.anovapeneira.gal\\\/index.php\\\/2021\\\/04\\\/16\\\/maio-chegamos-ao-ecuador-da-lexislatura\\\/#breadcrumb\"},\"inLanguage\":\"gl-ES\",\"potentialAction\":[{\"@type\":\"ReadAction\",\"target\":[\"https:\\\/\\\/www.anovapeneira.gal\\\/index.php\\\/2021\\\/04\\\/16\\\/maio-chegamos-ao-ecuador-da-lexislatura\\\/\"]}]},{\"@type\":\"ImageObject\",\"inLanguage\":\"gl-ES\",\"@id\":\"https:\\\/\\\/www.anovapeneira.gal\\\/index.php\\\/2021\\\/04\\\/16\\\/maio-chegamos-ao-ecuador-da-lexislatura\\\/#primaryimage\",\"url\":\"https:\\\/\\\/www.anovapeneira.gal\\\/wp-content\\\/uploads\\\/2019\\\/07\\\/ARTIGO_DE_OPINION_A_NOVA_PENEIRA.jpg\",\"contentUrl\":\"https:\\\/\\\/www.anovapeneira.gal\\\/wp-content\\\/uploads\\\/2019\\\/07\\\/ARTIGO_DE_OPINION_A_NOVA_PENEIRA.jpg\",\"width\":720,\"height\":473,\"caption\":\"Artigo de opini\u00f3n A Nova Peneira\"},{\"@type\":\"BreadcrumbList\",\"@id\":\"https:\\\/\\\/www.anovapeneira.gal\\\/index.php\\\/2021\\\/04\\\/16\\\/maio-chegamos-ao-ecuador-da-lexislatura\\\/#breadcrumb\",\"itemListElement\":[{\"@type\":\"ListItem\",\"position\":1,\"name\":\"Portada\",\"item\":\"https:\\\/\\\/www.anovapeneira.gal\\\/\"},{\"@type\":\"ListItem\",\"position\":2,\"name\":\"Maio: chegamos ao ecuador da lexislatura\"}]},{\"@type\":\"WebSite\",\"@id\":\"https:\\\/\\\/www.anovapeneira.gal\\\/#website\",\"url\":\"https:\\\/\\\/www.anovapeneira.gal\\\/\",\"name\":\"\",\"description\":\"Xornal galego de informaci\u00f3n xeral Publicaci\u00f3n mensual de novas de Galicia e en especial dos Concellos da sur da provincia de Pontevedra.\",\"publisher\":{\"@id\":\"https:\\\/\\\/www.anovapeneira.gal\\\/#organization\"},\"potentialAction\":[{\"@type\":\"SearchAction\",\"target\":{\"@type\":\"EntryPoint\",\"urlTemplate\":\"https:\\\/\\\/www.anovapeneira.gal\\\/?s={search_term_string}\"},\"query-input\":{\"@type\":\"PropertyValueSpecification\",\"valueRequired\":true,\"valueName\":\"search_term_string\"}}],\"inLanguage\":\"gl-ES\"},{\"@type\":\"Organization\",\"@id\":\"https:\\\/\\\/www.anovapeneira.gal\\\/#organization\",\"name\":\"A Nova Peneira\",\"url\":\"https:\\\/\\\/www.anovapeneira.gal\\\/\",\"logo\":{\"@type\":\"ImageObject\",\"inLanguage\":\"gl-ES\",\"@id\":\"https:\\\/\\\/www.anovapeneira.gal\\\/#\\\/schema\\\/logo\\\/image\\\/\",\"url\":\"http:\\\/\\\/www.anovapeneira.gal\\\/wp-content\\\/uploads\\\/2019\\\/06\\\/logo_a_nova_peneira_portal_web.png\",\"contentUrl\":\"http:\\\/\\\/www.anovapeneira.gal\\\/wp-content\\\/uploads\\\/2019\\\/06\\\/logo_a_nova_peneira_portal_web.png\",\"width\":300,\"height\":100,\"caption\":\"A Nova Peneira\"},\"image\":{\"@id\":\"https:\\\/\\\/www.anovapeneira.gal\\\/#\\\/schema\\\/logo\\\/image\\\/\"},\"sameAs\":[\"https:\\\/\\\/www.facebook.com\\\/anovapeneira\",\"https:\\\/\\\/x.com\\\/APeneira\"]},{\"@type\":\"Person\",\"@id\":\"https:\\\/\\\/www.anovapeneira.gal\\\/#\\\/schema\\\/person\\\/c04a9c9f722c9446e71ae434c0353337\",\"name\":\"Pedro M. Cortegoso Gago\",\"image\":{\"@type\":\"ImageObject\",\"inLanguage\":\"gl-ES\",\"@id\":\"https:\\\/\\\/secure.gravatar.com\\\/avatar\\\/1613b27278a972c04db5c2f04fb2cbfa9edb58d6c3e2547817ecb8240eb58381?s=96&d=mm&r=g\",\"url\":\"https:\\\/\\\/secure.gravatar.com\\\/avatar\\\/1613b27278a972c04db5c2f04fb2cbfa9edb58d6c3e2547817ecb8240eb58381?s=96&d=mm&r=g\",\"contentUrl\":\"https:\\\/\\\/secure.gravatar.com\\\/avatar\\\/1613b27278a972c04db5c2f04fb2cbfa9edb58d6c3e2547817ecb8240eb58381?s=96&d=mm&r=g\",\"caption\":\"Pedro M. Cortegoso Gago\"},\"sameAs\":[\"http:\\\/\\\/anovapeneira.gal\"],\"url\":\"https:\\\/\\\/www.anovapeneira.gal\\\/index.php\\\/author\\\/opinionpcortegoso\\\/\"}]}<\/script>\n<!-- \/ Yoast SEO plugin. -->","yoast_head_json":{"title":"Maio: chegamos ao ecuador da lexislatura -","description":"O pr\u00f3ximo mes de maio cumpriranse dous anos das elecci\u00f3ns municipais. Chegamos \u00e1 metade da lexislatura e podemos comezar a facer balanzo tanto da actuaci\u00f3n do goberno municipal como da oposici\u00f3n.","robots":{"index":"index","follow":"follow","max-snippet":"max-snippet:-1","max-image-preview":"max-image-preview:large","max-video-preview":"max-video-preview:-1"},"canonical":"https:\/\/www.anovapeneira.gal\/index.php\/2021\/04\/16\/maio-chegamos-ao-ecuador-da-lexislatura\/","og_locale":"gl_ES","og_type":"article","og_title":"Maio: chegamos ao ecuador da lexislatura -","og_description":"O pr\u00f3ximo mes de maio cumpriranse dous anos das elecci\u00f3ns municipais. Chegamos \u00e1 metade da lexislatura e podemos comezar a facer balanzo tanto da actuaci\u00f3n do goberno municipal como da oposici\u00f3n.","og_url":"https:\/\/www.anovapeneira.gal\/index.php\/2021\/04\/16\/maio-chegamos-ao-ecuador-da-lexislatura\/","article_publisher":"https:\/\/www.facebook.com\/anovapeneira","article_published_time":"2021-04-16T10:00:13+00:00","og_image":[{"width":720,"height":473,"url":"https:\/\/www.anovapeneira.gal\/wp-content\/uploads\/2019\/07\/ARTIGO_DE_OPINION_A_NOVA_PENEIRA.jpg","type":"image\/jpeg"}],"author":"Pedro M. Cortegoso Gago","twitter_card":"summary_large_image","twitter_creator":"@APeneira","twitter_site":"@APeneira","twitter_misc":{"Escrito por":"Pedro M. Cortegoso Gago","Tempo de lectura":"3 minutos"},"schema":{"@context":"https:\/\/schema.org","@graph":[{"@type":"Article","@id":"https:\/\/www.anovapeneira.gal\/index.php\/2021\/04\/16\/maio-chegamos-ao-ecuador-da-lexislatura\/#article","isPartOf":{"@id":"https:\/\/www.anovapeneira.gal\/index.php\/2021\/04\/16\/maio-chegamos-ao-ecuador-da-lexislatura\/"},"author":{"name":"Pedro M. Cortegoso Gago","@id":"https:\/\/www.anovapeneira.gal\/#\/schema\/person\/c04a9c9f722c9446e71ae434c0353337"},"headline":"Maio: chegamos ao ecuador da lexislatura","datePublished":"2021-04-16T10:00:13+00:00","mainEntityOfPage":{"@id":"https:\/\/www.anovapeneira.gal\/index.php\/2021\/04\/16\/maio-chegamos-ao-ecuador-da-lexislatura\/"},"wordCount":592,"commentCount":0,"publisher":{"@id":"https:\/\/www.anovapeneira.gal\/#organization"},"image":{"@id":"https:\/\/www.anovapeneira.gal\/index.php\/2021\/04\/16\/maio-chegamos-ao-ecuador-da-lexislatura\/#primaryimage"},"thumbnailUrl":"https:\/\/www.anovapeneira.gal\/wp-content\/uploads\/2019\/07\/ARTIGO_DE_OPINION_A_NOVA_PENEIRA.jpg","articleSection":["Artigos de opini\u00f3n"],"inLanguage":"gl-ES","potentialAction":[{"@type":"CommentAction","name":"Comment","target":["https:\/\/www.anovapeneira.gal\/index.php\/2021\/04\/16\/maio-chegamos-ao-ecuador-da-lexislatura\/#respond"]}]},{"@type":"WebPage","@id":"https:\/\/www.anovapeneira.gal\/index.php\/2021\/04\/16\/maio-chegamos-ao-ecuador-da-lexislatura\/","url":"https:\/\/www.anovapeneira.gal\/index.php\/2021\/04\/16\/maio-chegamos-ao-ecuador-da-lexislatura\/","name":"Maio: chegamos ao ecuador da lexislatura -","isPartOf":{"@id":"https:\/\/www.anovapeneira.gal\/#website"},"primaryImageOfPage":{"@id":"https:\/\/www.anovapeneira.gal\/index.php\/2021\/04\/16\/maio-chegamos-ao-ecuador-da-lexislatura\/#primaryimage"},"image":{"@id":"https:\/\/www.anovapeneira.gal\/index.php\/2021\/04\/16\/maio-chegamos-ao-ecuador-da-lexislatura\/#primaryimage"},"thumbnailUrl":"https:\/\/www.anovapeneira.gal\/wp-content\/uploads\/2019\/07\/ARTIGO_DE_OPINION_A_NOVA_PENEIRA.jpg","datePublished":"2021-04-16T10:00:13+00:00","description":"O pr\u00f3ximo mes de maio cumpriranse dous anos das elecci\u00f3ns municipais. Chegamos \u00e1 metade da lexislatura e podemos comezar a facer balanzo tanto da actuaci\u00f3n do goberno municipal como da oposici\u00f3n.","breadcrumb":{"@id":"https:\/\/www.anovapeneira.gal\/index.php\/2021\/04\/16\/maio-chegamos-ao-ecuador-da-lexislatura\/#breadcrumb"},"inLanguage":"gl-ES","potentialAction":[{"@type":"ReadAction","target":["https:\/\/www.anovapeneira.gal\/index.php\/2021\/04\/16\/maio-chegamos-ao-ecuador-da-lexislatura\/"]}]},{"@type":"ImageObject","inLanguage":"gl-ES","@id":"https:\/\/www.anovapeneira.gal\/index.php\/2021\/04\/16\/maio-chegamos-ao-ecuador-da-lexislatura\/#primaryimage","url":"https:\/\/www.anovapeneira.gal\/wp-content\/uploads\/2019\/07\/ARTIGO_DE_OPINION_A_NOVA_PENEIRA.jpg","contentUrl":"https:\/\/www.anovapeneira.gal\/wp-content\/uploads\/2019\/07\/ARTIGO_DE_OPINION_A_NOVA_PENEIRA.jpg","width":720,"height":473,"caption":"Artigo de opini\u00f3n A Nova Peneira"},{"@type":"BreadcrumbList","@id":"https:\/\/www.anovapeneira.gal\/index.php\/2021\/04\/16\/maio-chegamos-ao-ecuador-da-lexislatura\/#breadcrumb","itemListElement":[{"@type":"ListItem","position":1,"name":"Portada","item":"https:\/\/www.anovapeneira.gal\/"},{"@type":"ListItem","position":2,"name":"Maio: chegamos ao ecuador da lexislatura"}]},{"@type":"WebSite","@id":"https:\/\/www.anovapeneira.gal\/#website","url":"https:\/\/www.anovapeneira.gal\/","name":"","description":"Xornal galego de informaci\u00f3n xeral Publicaci\u00f3n mensual de novas de Galicia e en especial dos Concellos da sur da provincia de Pontevedra.","publisher":{"@id":"https:\/\/www.anovapeneira.gal\/#organization"},"potentialAction":[{"@type":"SearchAction","target":{"@type":"EntryPoint","urlTemplate":"https:\/\/www.anovapeneira.gal\/?s={search_term_string}"},"query-input":{"@type":"PropertyValueSpecification","valueRequired":true,"valueName":"search_term_string"}}],"inLanguage":"gl-ES"},{"@type":"Organization","@id":"https:\/\/www.anovapeneira.gal\/#organization","name":"A Nova Peneira","url":"https:\/\/www.anovapeneira.gal\/","logo":{"@type":"ImageObject","inLanguage":"gl-ES","@id":"https:\/\/www.anovapeneira.gal\/#\/schema\/logo\/image\/","url":"http:\/\/www.anovapeneira.gal\/wp-content\/uploads\/2019\/06\/logo_a_nova_peneira_portal_web.png","contentUrl":"http:\/\/www.anovapeneira.gal\/wp-content\/uploads\/2019\/06\/logo_a_nova_peneira_portal_web.png","width":300,"height":100,"caption":"A Nova Peneira"},"image":{"@id":"https:\/\/www.anovapeneira.gal\/#\/schema\/logo\/image\/"},"sameAs":["https:\/\/www.facebook.com\/anovapeneira","https:\/\/x.com\/APeneira"]},{"@type":"Person","@id":"https:\/\/www.anovapeneira.gal\/#\/schema\/person\/c04a9c9f722c9446e71ae434c0353337","name":"Pedro M. Cortegoso Gago","image":{"@type":"ImageObject","inLanguage":"gl-ES","@id":"https:\/\/secure.gravatar.com\/avatar\/1613b27278a972c04db5c2f04fb2cbfa9edb58d6c3e2547817ecb8240eb58381?s=96&d=mm&r=g","url":"https:\/\/secure.gravatar.com\/avatar\/1613b27278a972c04db5c2f04fb2cbfa9edb58d6c3e2547817ecb8240eb58381?s=96&d=mm&r=g","contentUrl":"https:\/\/secure.gravatar.com\/avatar\/1613b27278a972c04db5c2f04fb2cbfa9edb58d6c3e2547817ecb8240eb58381?s=96&d=mm&r=g","caption":"Pedro M. Cortegoso Gago"},"sameAs":["http:\/\/anovapeneira.gal"],"url":"https:\/\/www.anovapeneira.gal\/index.php\/author\/opinionpcortegoso\/"}]}},"jetpack_featured_media_url":"https:\/\/www.anovapeneira.gal\/wp-content\/uploads\/2019\/07\/ARTIGO_DE_OPINION_A_NOVA_PENEIRA.jpg","_links":{"self":[{"href":"https:\/\/www.anovapeneira.gal\/index.php\/wp-json\/wp\/v2\/posts\/5224","targetHints":{"allow":["GET"]}}],"collection":[{"href":"https:\/\/www.anovapeneira.gal\/index.php\/wp-json\/wp\/v2\/posts"}],"about":[{"href":"https:\/\/www.anovapeneira.gal\/index.php\/wp-json\/wp\/v2\/types\/post"}],"author":[{"embeddable":true,"href":"https:\/\/www.anovapeneira.gal\/index.php\/wp-json\/wp\/v2\/users\/4"}],"replies":[{"embeddable":true,"href":"https:\/\/www.anovapeneira.gal\/index.php\/wp-json\/wp\/v2\/comments?post=5224"}],"version-history":[{"count":1,"href":"https:\/\/www.anovapeneira.gal\/index.php\/wp-json\/wp\/v2\/posts\/5224\/revisions"}],"predecessor-version":[{"id":5225,"href":"https:\/\/www.anovapeneira.gal\/index.php\/wp-json\/wp\/v2\/posts\/5224\/revisions\/5225"}],"wp:featuredmedia":[{"embeddable":true,"href":"https:\/\/www.anovapeneira.gal\/index.php\/wp-json\/wp\/v2\/media\/584"}],"wp:attachment":[{"href":"https:\/\/www.anovapeneira.gal\/index.php\/wp-json\/wp\/v2\/media?parent=5224"}],"wp:term":[{"taxonomy":"category","embeddable":true,"href":"https:\/\/www.anovapeneira.gal\/index.php\/wp-json\/wp\/v2\/categories?post=5224"},{"taxonomy":"post_tag","embeddable":true,"href":"https:\/\/www.anovapeneira.gal\/index.php\/wp-json\/wp\/v2\/tags?post=5224"}],"curies":[{"name":"wp","href":"https:\/\/api.w.org\/{rel}","templated":true}]}}