{"id":5232,"date":"2021-04-19T10:00:29","date_gmt":"2021-04-19T08:00:29","guid":{"rendered":"http:\/\/www.anovapeneira.gal\/?p=5232"},"modified":"2021-04-18T18:32:52","modified_gmt":"2021-04-18T16:32:52","slug":"letras-galegas-2021-xela-arias","status":"publish","type":"post","link":"https:\/\/www.anovapeneira.gal\/index.php\/2021\/04\/19\/letras-galegas-2021-xela-arias\/","title":{"rendered":"Letras Galegas 2021, Xela Arias"},"content":{"rendered":"\n<h4 class=\"wp-block-heading\">O D\u00eda das Letras Galegas \u00e9 un d\u00eda de festa no noso pa\u00eds iniciado no ano 1963 pola Real Academia Galega para homenaxear a todas aquelas persoas que destacaron pola s\u00faa creaci\u00f3n literaria en galego ou pola defensa da nosa lingua. Cada ano ded\u00edcase a unha persoa diferente, escollida pola Real Academia Galega, e un dos requisitos para poder optar a este reco\u00f1ecemento e ter falecido polo menos dez anos antes da homenaxe. Desde a instauraci\u00f3n desta celebraci\u00f3n, soamente en 1998 houbo unha dedicaci\u00f3n conxunta aos poetas medievais Mart\u00edn Codax, Xoh\u00e1n de Cangas e Mendinho.<\/h4>\n\n\n\n<h4 class=\"wp-block-heading\">A data da celebraci\u00f3n, o 17 de maio, d\u00e9bese a que este mesmo d\u00eda, en 1863, publicouse en Vigo o primeiro exemplar da obra \u201cCantares Galegos\u201d, da gran Rosal\u00eda de Castro, que marcar\u00eda o inicio do &#8221; Rexurdimento&#8221; ou renacemento cultural de Galicia. Este d\u00eda \u00e9 festivo en Galicia e este ano esta dedicado a unha brillante muller chamada Xela Arias, poetisa, escritora e tradutora dedicada a docencia nos \u00faltimos anos da s\u00faa corta vida.<\/h4>\n\n\n\n<p>Xela Arias comezou a s\u00faa andaina pola vida un 4 de marzo de 1962 en Sarria, Lugo. O nome que lle deron os seus proxenitores&nbsp;Amparo Casta\u00f1o L\u00f3pez e&nbsp;<a href=\"https:\/\/es.wikipedia.org\/w\/index.php?title=Valent%C3%ADn_Arias_L%C3%B3pez&amp;action=edit&amp;redlink=1\">Valent\u00edn Arias L\u00f3pez<\/a>,non foi Xela, sen\u00f3n Mar\u00eda de los \u00c1ngeles.<\/p>\n\n\n\n<p>En 1984 Mar\u00eda de los \u00c1ngeles pasou a ser Mar\u00eda dos Anxos, pero desde os seis anos cham\u00e1rona sempre Xela e no ano 1995 conseguiu que un xu\u00edz autorizara o cambio de nome e as\u00ed pasou a ser Xela Arias Casta\u00f1o.<\/p>\n\n\n\n<p>Ata os sete anos estudou na Granxa Barreiros, nun proxecto cunha orientaci\u00f3n agraria e integraci\u00f3n da cultura galega cos ciclos da natureza. Posteriormente trasl\u00e1dase a Vigo coa s\u00faa familia, ingresando no Instituto Castelao situado no barrio do Calvario. Deixou os seus estudos cando estudaba COU, para empezar a traballar en Edici\u00f3ns Xerais de Galicia, en 1979, ano de fundaci\u00f3n da editorial, xunto a Xuli\u00e1n Maure Rivas e Roberto P\u00e9rez Pardo. Primeiro traballou como empregada de oficina, despois na creaci\u00f3n e investigaci\u00f3n, e entre 1990 e 1996 como correctora e editora.<\/p>\n\n\n\n<p>Xela non s\u00f3 formaba parte De Edici\u00f3ns Xerais de Galicia, xa desde o ano 1980 cando apenas alcanzaba a maior\u00eda de idade, empezou a publicar en xornais e revistas como A Nosa Terra, Diario 16 de Galicia, Faro de Vigo, Xornal de Noticias do Porto, Dorna, Tintim\u00e1n, Carel ou Katarsis. Colaborou tam\u00e9n en publicaci\u00f3ns como Festa d\u00e1 Palabra Silenciada, Luzes de Galiza ou no Bolet\u00edn Galego de Literatura e formou parte do consello de redacci\u00f3n de Viceversa, revista galega de traduci\u00f3n.<\/p>\n\n\n\n<div class=\"wp-block-columns is-layout-flex wp-container-core-columns-is-layout-9d6595d7 wp-block-columns-is-layout-flex\">\n<div class=\"wp-block-column is-layout-flow wp-block-column-is-layout-flow\">\n<figure class=\"wp-block-image size-large is-style-default\"><img loading=\"lazy\" decoding=\"async\" width=\"220\" height=\"311\" src=\"http:\/\/www.anovapeneira.gal\/wp-content\/uploads\/2021\/04\/xela_Arias_ilustracion.jpg\" alt=\"Xela Arias D\u00eda das Letras Galegas\" class=\"wp-image-5234\" srcset=\"https:\/\/www.anovapeneira.gal\/wp-content\/uploads\/2021\/04\/xela_Arias_ilustracion.jpg 220w, https:\/\/www.anovapeneira.gal\/wp-content\/uploads\/2021\/04\/xela_Arias_ilustracion-212x300.jpg 212w\" sizes=\"auto, (max-width: 220px) 100vw, 220px\" \/><\/figure>\n<\/div>\n\n\n\n<div class=\"wp-block-column is-layout-flow wp-block-column-is-layout-flow\">\n<p>Entre tanto tam\u00e9n comeza a s\u00faa introduci\u00f3n no mundo literario en 1986 con \u201c<em>Denuncia do equilibrio<\/em>\u201d, un poemario innovador. Con esta obra deuse a co\u00f1ecer e logrou ser finalista do Premio Losada Di\u00e9guez. Neste mesmo ano ingresou na Asociaci\u00f3n de Escritores e escritoras en Lingua Galega.<\/p>\n<\/div>\n<\/div>\n\n\n\n<p>Xela Arias tam\u00e9n escribiu relatos, alg\u00fans dos cales p\u00f3dense atopar dentro da obra \u201c<em>Contos er\u00f3ticos\/ Elas<\/em>\u201d de 1990. Ademais, no ano 1991, colaborou co desaparecido grupo de rock vigu\u00e9s Desertores, rexistrando as letras dun dos seus discos, con canci\u00f3ns baseadas nos seus poemas. Foi tam\u00e9n neste mesmo ano cando decide retomar os seus estudos e cursou Filolox\u00eda Hisp\u00e1nica na Universidade de Vigo, licenci\u00e1ndose en 1996 pola Universidade de Santiago de Compostela, e iniciando a especialidade en galego-portugu\u00e9s.<\/p>\n\n\n\n<p>Nin o seu traballo, os seus estudos e os seus escritos foron impedimento para que Xela pensase na s\u00faa vida persoal e decidise casar co fot\u00f3grafo e matem\u00e1tico Xulio Gil Rodr\u00edguez en 1992, con quen tivo en 1994 ao seu \u00fanico fillo, Dar\u00edo. Tres anos despois do nacemento do seu descendente, en 1996, publicou \u201c<em>Dar\u00edo a diario<\/em>\u201d, onde ofrece unha reflexi\u00f3n sobre a s\u00faa propia experiencia como nai, cunha lectura da maternidade afastada da visi\u00f3n tradicional e desde o coti\u00e1n.<\/p>\n\n\n\n<p>A s\u00faa obra po\u00e9tica deuse a co\u00f1ecer tam\u00e9n a trav\u00e9s de libros colectivos como&nbsp;<em>\u201cPalabra d\u00e1 muller en 1992<\/em>\u201d ou \u201c<em>Daquelas que cantan<\/em>,<em>Rosal\u00eda na palabra<\/em>\u201d de once escritoras galegas en 1997.&nbsp;<\/p>\n\n\n\n<p>Nos anos 1999-2000 comezou a exercer como profesora substituta de ensino secundario, na materia de lingua e literatura castel\u00e1, en institutos de Santa Comba, Moa\u00f1a, Pontevedra, Santiago de Compostela e Vigo para rematar os seus \u00faltimos anos de vida como docente en diferentes vilas de Pontevedra, como Chapela, A Guarda e Vigo.<\/p>\n\n\n\n<p>Ademais da s\u00faa faceta po\u00e9tica, Xela Arias dedicouse amplamente \u00e1 traduci\u00f3n ao galego de diversos autores como Jorge Amado, Camilo Castelo Branco, James Joyce, James Fenimore Cooper, Wenceslao Fern\u00e1ndez Fl\u00f3rez, Carlos Oroza, Gianni Rodari, Roald Dahl, Juan Farias, Miguel de Cervantes, Vicen\u00e7 Beltran, Jan Terlouw, Bram Stoker, Angela Carter, Charles Baudelaire e Jean Rhys.<\/p>\n\n\n\n<p>O 1 de novembro do ano 2003 Xela Arias falece moi novi\u00f1a, aos 41 anos de idade, nun hospital de Vigo debido a un ataque card\u00edaco e foi enterrada no cemiterio Pereir\u00f3 de Vigo.<\/p>\n\n\n\n<p>Xela Arias supuxo un modelo para novas xeraci\u00f3ns. Participou en recitais po\u00e9ticos ligados \u00e1 contestaci\u00f3n pol\u00edtica e social, como o que tivo lugar en 1982 contra a entrada de Espa\u00f1a na OTAN, ou en 2002 en solidariedade coas persoas afectadas polas consecuencias do afundimento do Prestige no MARCO e outro coa Plataforma contra a Burla Negra, organizado por ela xunto co escritor Xos\u00e9 Mar\u00eda \u00c1lvarez C\u00e1ccamo en febreiro de 2003. Ese mesmo mes de febreiro e en marzo leu unhas declaraci\u00f3ns nas manifestaci\u00f3ns que houbo contra a Guerra de Iraq. Co m\u00fasico Fernando Abreu estaba a preparar un espect\u00e1culo po\u00e9tico musical sobre a s\u00faa obra \u201c<em>Intemp\u00e9riome<\/em>\u201d, que non puido chegar a realizar e este mesmo e \u00faltimo poemario foi editado o mesmo ano da s\u00faa morte por Miguel Anxo Fern\u00e1n Vello.<\/p>\n\n\n\n<p>A s\u00faa obra contribu\u00edu \u00e1 renovaci\u00f3n da poes\u00eda galega, co tratamento de novos temas e un estilo moi persoal e cualificado de vangardista. Foi precursora do boom literario feminino que se deu na poes\u00eda galega nos 90, xa que moitos temas e caracter\u00edsticas formais das poetas dos 90 aparecen xa nos seus primeiros poemas publicados nos 80. Ao non existir unha clasificaci\u00f3n rotunda por parte da cr\u00edtica literaria para as poetas desta \u00e9poca, ad\u00f3itese adscribir a Xela Arias \u00e1 corrente de &#8220;poes\u00eda de muller&#8221;, xunto a poetas como Yolanda Casta\u00f1o, Olga Novo ou Enma Couceiro, dado que boa parte da s\u00faa obra aparece nos anos 90.<\/p>\n\n\n\n<p>Xela Arias foi proposta en d\u00faas ocasi\u00f3ns para ser a figura homenaxeada no D\u00eda das Letras Galegas nos anos 2015 e 2016, pero foi finalmente para este ano 2021 cando por fin vai ser homenaxeada, coma ben se merece.<\/p>\n\n\n\n<p>En 2018 a Asociaci\u00f3n Galega de Profesionais da Traduci\u00f3n e da Interpretaci\u00f3n creou o Premio Xela Arias que reco\u00f1ece o seu traballo como tradutora. A finais de decembro dese ano, o pleno do Concello de Redondela acordou denominar a biblioteca municipal de Chapela como &#8221; Xela Arias&#8221;, parroquia onde ela exercera como profesora. En xu\u00f1o de 2019, continuando co reco\u00f1ecemento \u00e1 escritora, o IES de Chapela onde exerceu como profesora inaugurou un grafiti cun verso do poema Independencia\u02d0 &#8220;I<em>ndepend\u00e9nciome<\/em><em>para que eu saiba onde quero estar atada<\/em>&#8220;<\/p>\n\n\n\n<p>En 2019 a plataforma de cr\u00edtica literaria A Sega dedicoulle o seu D\u00eda d\u00e1s Galegas nas Letras. A Sega, escolleu o d\u00eda 15 de agosto para celebrar cada ano a figura dunha muller sobresaliente da cultura en xeral e da literatura en particular.<\/p>\n\n\n\n<p><em>Unha muller sobresaliente, brillante, comprometida e innovadora era ela. M\u00e1goa que a t\u00faa vida se truncase tan cedo e o teu falecemento nos privase da t\u00faa magnifica obra, ata sempre Xela.<\/em><\/p>\n","protected":false},"excerpt":{"rendered":"<div class=\"mh-excerpt\"><p>O D\u00eda das Letras Galegas \u00e9 un d\u00eda de festa no noso pa\u00eds iniciado no ano 1963 pola Real Academia Galega para homenaxear a todas aquelas persoas que destacaron pola s\u00faa creaci\u00f3n literaria en galego ou pola defensa da nosa lingua. Cada ano ded\u00edcase a unha persoa diferente, escollida pola Real Academia Galega, e un dos requisitos para poder optar a este reco\u00f1ecemento e ter falecido polo menos dez anos antes da homenaxe. Desde a instauraci\u00f3n desta celebraci\u00f3n, soamente en 1998 houbo unha dedicaci\u00f3n conxunta aos poetas medievais Mart\u00edn Codax, Xoh\u00e1n de Cangas e Mendinho. <a class=\"mh-excerpt-more\" href=\"https:\/\/www.anovapeneira.gal\/index.php\/2021\/04\/19\/letras-galegas-2021-xela-arias\/\" title=\"Letras Galegas 2021, Xela Arias\">[&#8230;]<\/a><\/p>\n<\/div>","protected":false},"author":17,"featured_media":5236,"comment_status":"open","ping_status":"open","sticky":false,"template":"","format":"standard","meta":{"_exactmetrics_skip_tracking":false,"_exactmetrics_sitenote_active":false,"_exactmetrics_sitenote_note":"","_exactmetrics_sitenote_category":0,"footnotes":""},"categories":[263],"tags":[588],"class_list":{"0":"post-5232","1":"post","2":"type-post","3":"status-publish","4":"format-standard","5":"has-post-thumbnail","7":"category-novas","8":"tag-letras-galegas"},"yoast_head":"<!-- This site is optimized with the Yoast SEO plugin v27.4 - https:\/\/yoast.com\/product\/yoast-seo-wordpress\/ -->\n<title>Letras Galegas 2021, Xela Arias -<\/title>\n<meta name=\"description\" content=\"O D\u00eda das Letras Galegas \u00e9 un d\u00eda de festa no noso pa\u00eds iniciado no ano 1963 pola Real Academia Galega para homenaxear a todas aquelas persoas que destacaron pola s\u00faa creaci\u00f3n literaria en galego ou pola defensa da nosa lingua. Cada ano ded\u00edcase a unha persoa diferente, escollida pola Real Academia Galega, e un dos requisitos para poder optar a este reco\u00f1ecemento e ter falecido polo menos dez anos antes da homenaxe. Desde a instauraci\u00f3n desta celebraci\u00f3n, soamente en 1998 houbo unha dedicaci\u00f3n conxunta aos poetas medievais Mart\u00edn Codax, Xoh\u00e1n de Cangas e Mendinho.\" \/>\n<meta name=\"robots\" content=\"index, follow, max-snippet:-1, max-image-preview:large, max-video-preview:-1\" \/>\n<link rel=\"canonical\" href=\"https:\/\/www.anovapeneira.gal\/index.php\/2021\/04\/19\/letras-galegas-2021-xela-arias\/\" \/>\n<meta property=\"og:locale\" content=\"gl_ES\" \/>\n<meta property=\"og:type\" content=\"article\" \/>\n<meta property=\"og:title\" content=\"Letras Galegas 2021, Xela Arias -\" \/>\n<meta property=\"og:description\" content=\"O D\u00eda das Letras Galegas \u00e9 un d\u00eda de festa no noso pa\u00eds iniciado no ano 1963 pola Real Academia Galega para homenaxear a todas aquelas persoas que destacaron pola s\u00faa creaci\u00f3n literaria en galego ou pola defensa da nosa lingua. Cada ano ded\u00edcase a unha persoa diferente, escollida pola Real Academia Galega, e un dos requisitos para poder optar a este reco\u00f1ecemento e ter falecido polo menos dez anos antes da homenaxe. Desde a instauraci\u00f3n desta celebraci\u00f3n, soamente en 1998 houbo unha dedicaci\u00f3n conxunta aos poetas medievais Mart\u00edn Codax, Xoh\u00e1n de Cangas e Mendinho.\" \/>\n<meta property=\"og:url\" content=\"https:\/\/www.anovapeneira.gal\/index.php\/2021\/04\/19\/letras-galegas-2021-xela-arias\/\" \/>\n<meta property=\"article:publisher\" content=\"https:\/\/www.facebook.com\/anovapeneira\" \/>\n<meta property=\"article:published_time\" content=\"2021-04-19T08:00:29+00:00\" \/>\n<meta property=\"og:image\" content=\"https:\/\/www.anovapeneira.gal\/wp-content\/uploads\/2021\/04\/xela_arias_dia_das_letras_galegas_2.jpg\" \/>\n\t<meta property=\"og:image:width\" content=\"720\" \/>\n\t<meta property=\"og:image:height\" content=\"432\" \/>\n\t<meta property=\"og:image:type\" content=\"image\/jpeg\" \/>\n<meta name=\"author\" content=\"G. Figueiredo\" \/>\n<meta name=\"twitter:card\" content=\"summary_large_image\" \/>\n<meta name=\"twitter:creator\" content=\"@APeneira\" \/>\n<meta name=\"twitter:site\" content=\"@APeneira\" \/>\n<meta name=\"twitter:label1\" content=\"Escrito por\" \/>\n\t<meta name=\"twitter:data1\" content=\"G. Figueiredo\" \/>\n\t<meta name=\"twitter:label2\" content=\"Tempo de lectura\" \/>\n\t<meta name=\"twitter:data2\" content=\"6 minutos\" \/>\n<script type=\"application\/ld+json\" class=\"yoast-schema-graph\">{\"@context\":\"https:\\\/\\\/schema.org\",\"@graph\":[{\"@type\":\"Article\",\"@id\":\"https:\\\/\\\/www.anovapeneira.gal\\\/index.php\\\/2021\\\/04\\\/19\\\/letras-galegas-2021-xela-arias\\\/#article\",\"isPartOf\":{\"@id\":\"https:\\\/\\\/www.anovapeneira.gal\\\/index.php\\\/2021\\\/04\\\/19\\\/letras-galegas-2021-xela-arias\\\/\"},\"author\":{\"name\":\"G. Figueiredo\",\"@id\":\"https:\\\/\\\/www.anovapeneira.gal\\\/#\\\/schema\\\/person\\\/42f904d7cac80cf3f5a31494dd82a9b6\"},\"headline\":\"Letras Galegas 2021, Xela Arias\",\"datePublished\":\"2021-04-19T08:00:29+00:00\",\"mainEntityOfPage\":{\"@id\":\"https:\\\/\\\/www.anovapeneira.gal\\\/index.php\\\/2021\\\/04\\\/19\\\/letras-galegas-2021-xela-arias\\\/\"},\"wordCount\":1329,\"commentCount\":0,\"publisher\":{\"@id\":\"https:\\\/\\\/www.anovapeneira.gal\\\/#organization\"},\"image\":{\"@id\":\"https:\\\/\\\/www.anovapeneira.gal\\\/index.php\\\/2021\\\/04\\\/19\\\/letras-galegas-2021-xela-arias\\\/#primaryimage\"},\"thumbnailUrl\":\"https:\\\/\\\/www.anovapeneira.gal\\\/wp-content\\\/uploads\\\/2021\\\/04\\\/xela_arias_dia_das_letras_galegas_2.jpg\",\"keywords\":[\"Letras Galegas\"],\"articleSection\":[\"Novas\"],\"inLanguage\":\"gl-ES\",\"potentialAction\":[{\"@type\":\"CommentAction\",\"name\":\"Comment\",\"target\":[\"https:\\\/\\\/www.anovapeneira.gal\\\/index.php\\\/2021\\\/04\\\/19\\\/letras-galegas-2021-xela-arias\\\/#respond\"]}]},{\"@type\":\"WebPage\",\"@id\":\"https:\\\/\\\/www.anovapeneira.gal\\\/index.php\\\/2021\\\/04\\\/19\\\/letras-galegas-2021-xela-arias\\\/\",\"url\":\"https:\\\/\\\/www.anovapeneira.gal\\\/index.php\\\/2021\\\/04\\\/19\\\/letras-galegas-2021-xela-arias\\\/\",\"name\":\"Letras Galegas 2021, Xela Arias -\",\"isPartOf\":{\"@id\":\"https:\\\/\\\/www.anovapeneira.gal\\\/#website\"},\"primaryImageOfPage\":{\"@id\":\"https:\\\/\\\/www.anovapeneira.gal\\\/index.php\\\/2021\\\/04\\\/19\\\/letras-galegas-2021-xela-arias\\\/#primaryimage\"},\"image\":{\"@id\":\"https:\\\/\\\/www.anovapeneira.gal\\\/index.php\\\/2021\\\/04\\\/19\\\/letras-galegas-2021-xela-arias\\\/#primaryimage\"},\"thumbnailUrl\":\"https:\\\/\\\/www.anovapeneira.gal\\\/wp-content\\\/uploads\\\/2021\\\/04\\\/xela_arias_dia_das_letras_galegas_2.jpg\",\"datePublished\":\"2021-04-19T08:00:29+00:00\",\"description\":\"O D\u00eda das Letras Galegas \u00e9 un d\u00eda de festa no noso pa\u00eds iniciado no ano 1963 pola Real Academia Galega para homenaxear a todas aquelas persoas que destacaron pola s\u00faa creaci\u00f3n literaria en galego ou pola defensa da nosa lingua. Cada ano ded\u00edcase a unha persoa diferente, escollida pola Real Academia Galega, e un dos requisitos para poder optar a este reco\u00f1ecemento e ter falecido polo menos dez anos antes da homenaxe. Desde a instauraci\u00f3n desta celebraci\u00f3n, soamente en 1998 houbo unha dedicaci\u00f3n conxunta aos poetas medievais Mart\u00edn Codax, Xoh\u00e1n de Cangas e Mendinho.\",\"breadcrumb\":{\"@id\":\"https:\\\/\\\/www.anovapeneira.gal\\\/index.php\\\/2021\\\/04\\\/19\\\/letras-galegas-2021-xela-arias\\\/#breadcrumb\"},\"inLanguage\":\"gl-ES\",\"potentialAction\":[{\"@type\":\"ReadAction\",\"target\":[\"https:\\\/\\\/www.anovapeneira.gal\\\/index.php\\\/2021\\\/04\\\/19\\\/letras-galegas-2021-xela-arias\\\/\"]}]},{\"@type\":\"ImageObject\",\"inLanguage\":\"gl-ES\",\"@id\":\"https:\\\/\\\/www.anovapeneira.gal\\\/index.php\\\/2021\\\/04\\\/19\\\/letras-galegas-2021-xela-arias\\\/#primaryimage\",\"url\":\"https:\\\/\\\/www.anovapeneira.gal\\\/wp-content\\\/uploads\\\/2021\\\/04\\\/xela_arias_dia_das_letras_galegas_2.jpg\",\"contentUrl\":\"https:\\\/\\\/www.anovapeneira.gal\\\/wp-content\\\/uploads\\\/2021\\\/04\\\/xela_arias_dia_das_letras_galegas_2.jpg\",\"width\":720,\"height\":432,\"caption\":\"Xela Arias D\u00eda das Letras Galegas\"},{\"@type\":\"BreadcrumbList\",\"@id\":\"https:\\\/\\\/www.anovapeneira.gal\\\/index.php\\\/2021\\\/04\\\/19\\\/letras-galegas-2021-xela-arias\\\/#breadcrumb\",\"itemListElement\":[{\"@type\":\"ListItem\",\"position\":1,\"name\":\"Portada\",\"item\":\"https:\\\/\\\/www.anovapeneira.gal\\\/\"},{\"@type\":\"ListItem\",\"position\":2,\"name\":\"Letras Galegas 2021, Xela Arias\"}]},{\"@type\":\"WebSite\",\"@id\":\"https:\\\/\\\/www.anovapeneira.gal\\\/#website\",\"url\":\"https:\\\/\\\/www.anovapeneira.gal\\\/\",\"name\":\"\",\"description\":\"Xornal galego de informaci\u00f3n xeral Publicaci\u00f3n mensual de novas de Galicia e en especial dos Concellos da sur da provincia de Pontevedra.\",\"publisher\":{\"@id\":\"https:\\\/\\\/www.anovapeneira.gal\\\/#organization\"},\"potentialAction\":[{\"@type\":\"SearchAction\",\"target\":{\"@type\":\"EntryPoint\",\"urlTemplate\":\"https:\\\/\\\/www.anovapeneira.gal\\\/?s={search_term_string}\"},\"query-input\":{\"@type\":\"PropertyValueSpecification\",\"valueRequired\":true,\"valueName\":\"search_term_string\"}}],\"inLanguage\":\"gl-ES\"},{\"@type\":\"Organization\",\"@id\":\"https:\\\/\\\/www.anovapeneira.gal\\\/#organization\",\"name\":\"A Nova Peneira\",\"url\":\"https:\\\/\\\/www.anovapeneira.gal\\\/\",\"logo\":{\"@type\":\"ImageObject\",\"inLanguage\":\"gl-ES\",\"@id\":\"https:\\\/\\\/www.anovapeneira.gal\\\/#\\\/schema\\\/logo\\\/image\\\/\",\"url\":\"http:\\\/\\\/www.anovapeneira.gal\\\/wp-content\\\/uploads\\\/2019\\\/06\\\/logo_a_nova_peneira_portal_web.png\",\"contentUrl\":\"http:\\\/\\\/www.anovapeneira.gal\\\/wp-content\\\/uploads\\\/2019\\\/06\\\/logo_a_nova_peneira_portal_web.png\",\"width\":300,\"height\":100,\"caption\":\"A Nova Peneira\"},\"image\":{\"@id\":\"https:\\\/\\\/www.anovapeneira.gal\\\/#\\\/schema\\\/logo\\\/image\\\/\"},\"sameAs\":[\"https:\\\/\\\/www.facebook.com\\\/anovapeneira\",\"https:\\\/\\\/x.com\\\/APeneira\"]},{\"@type\":\"Person\",\"@id\":\"https:\\\/\\\/www.anovapeneira.gal\\\/#\\\/schema\\\/person\\\/42f904d7cac80cf3f5a31494dd82a9b6\",\"name\":\"G. Figueiredo\",\"image\":{\"@type\":\"ImageObject\",\"inLanguage\":\"gl-ES\",\"@id\":\"https:\\\/\\\/secure.gravatar.com\\\/avatar\\\/2d970086688458e0398ef8b84f5cbb8cc1ec3ab115aeb8435135a9f556af97b3?s=96&d=mm&r=g\",\"url\":\"https:\\\/\\\/secure.gravatar.com\\\/avatar\\\/2d970086688458e0398ef8b84f5cbb8cc1ec3ab115aeb8435135a9f556af97b3?s=96&d=mm&r=g\",\"contentUrl\":\"https:\\\/\\\/secure.gravatar.com\\\/avatar\\\/2d970086688458e0398ef8b84f5cbb8cc1ec3ab115aeb8435135a9f556af97b3?s=96&d=mm&r=g\",\"caption\":\"G. Figueiredo\"},\"sameAs\":[\"http:\\\/\\\/www.anovapeneira.gal\\\/\"],\"url\":\"https:\\\/\\\/www.anovapeneira.gal\\\/index.php\\\/author\\\/g-figueiredo\\\/\"}]}<\/script>\n<!-- \/ Yoast SEO plugin. -->","yoast_head_json":{"title":"Letras Galegas 2021, Xela Arias -","description":"O D\u00eda das Letras Galegas \u00e9 un d\u00eda de festa no noso pa\u00eds iniciado no ano 1963 pola Real Academia Galega para homenaxear a todas aquelas persoas que destacaron pola s\u00faa creaci\u00f3n literaria en galego ou pola defensa da nosa lingua. Cada ano ded\u00edcase a unha persoa diferente, escollida pola Real Academia Galega, e un dos requisitos para poder optar a este reco\u00f1ecemento e ter falecido polo menos dez anos antes da homenaxe. Desde a instauraci\u00f3n desta celebraci\u00f3n, soamente en 1998 houbo unha dedicaci\u00f3n conxunta aos poetas medievais Mart\u00edn Codax, Xoh\u00e1n de Cangas e Mendinho.","robots":{"index":"index","follow":"follow","max-snippet":"max-snippet:-1","max-image-preview":"max-image-preview:large","max-video-preview":"max-video-preview:-1"},"canonical":"https:\/\/www.anovapeneira.gal\/index.php\/2021\/04\/19\/letras-galegas-2021-xela-arias\/","og_locale":"gl_ES","og_type":"article","og_title":"Letras Galegas 2021, Xela Arias -","og_description":"O D\u00eda das Letras Galegas \u00e9 un d\u00eda de festa no noso pa\u00eds iniciado no ano 1963 pola Real Academia Galega para homenaxear a todas aquelas persoas que destacaron pola s\u00faa creaci\u00f3n literaria en galego ou pola defensa da nosa lingua. Cada ano ded\u00edcase a unha persoa diferente, escollida pola Real Academia Galega, e un dos requisitos para poder optar a este reco\u00f1ecemento e ter falecido polo menos dez anos antes da homenaxe. Desde a instauraci\u00f3n desta celebraci\u00f3n, soamente en 1998 houbo unha dedicaci\u00f3n conxunta aos poetas medievais Mart\u00edn Codax, Xoh\u00e1n de Cangas e Mendinho.","og_url":"https:\/\/www.anovapeneira.gal\/index.php\/2021\/04\/19\/letras-galegas-2021-xela-arias\/","article_publisher":"https:\/\/www.facebook.com\/anovapeneira","article_published_time":"2021-04-19T08:00:29+00:00","og_image":[{"width":720,"height":432,"url":"https:\/\/www.anovapeneira.gal\/wp-content\/uploads\/2021\/04\/xela_arias_dia_das_letras_galegas_2.jpg","type":"image\/jpeg"}],"author":"G. Figueiredo","twitter_card":"summary_large_image","twitter_creator":"@APeneira","twitter_site":"@APeneira","twitter_misc":{"Escrito por":"G. Figueiredo","Tempo de lectura":"6 minutos"},"schema":{"@context":"https:\/\/schema.org","@graph":[{"@type":"Article","@id":"https:\/\/www.anovapeneira.gal\/index.php\/2021\/04\/19\/letras-galegas-2021-xela-arias\/#article","isPartOf":{"@id":"https:\/\/www.anovapeneira.gal\/index.php\/2021\/04\/19\/letras-galegas-2021-xela-arias\/"},"author":{"name":"G. Figueiredo","@id":"https:\/\/www.anovapeneira.gal\/#\/schema\/person\/42f904d7cac80cf3f5a31494dd82a9b6"},"headline":"Letras Galegas 2021, Xela Arias","datePublished":"2021-04-19T08:00:29+00:00","mainEntityOfPage":{"@id":"https:\/\/www.anovapeneira.gal\/index.php\/2021\/04\/19\/letras-galegas-2021-xela-arias\/"},"wordCount":1329,"commentCount":0,"publisher":{"@id":"https:\/\/www.anovapeneira.gal\/#organization"},"image":{"@id":"https:\/\/www.anovapeneira.gal\/index.php\/2021\/04\/19\/letras-galegas-2021-xela-arias\/#primaryimage"},"thumbnailUrl":"https:\/\/www.anovapeneira.gal\/wp-content\/uploads\/2021\/04\/xela_arias_dia_das_letras_galegas_2.jpg","keywords":["Letras Galegas"],"articleSection":["Novas"],"inLanguage":"gl-ES","potentialAction":[{"@type":"CommentAction","name":"Comment","target":["https:\/\/www.anovapeneira.gal\/index.php\/2021\/04\/19\/letras-galegas-2021-xela-arias\/#respond"]}]},{"@type":"WebPage","@id":"https:\/\/www.anovapeneira.gal\/index.php\/2021\/04\/19\/letras-galegas-2021-xela-arias\/","url":"https:\/\/www.anovapeneira.gal\/index.php\/2021\/04\/19\/letras-galegas-2021-xela-arias\/","name":"Letras Galegas 2021, Xela Arias -","isPartOf":{"@id":"https:\/\/www.anovapeneira.gal\/#website"},"primaryImageOfPage":{"@id":"https:\/\/www.anovapeneira.gal\/index.php\/2021\/04\/19\/letras-galegas-2021-xela-arias\/#primaryimage"},"image":{"@id":"https:\/\/www.anovapeneira.gal\/index.php\/2021\/04\/19\/letras-galegas-2021-xela-arias\/#primaryimage"},"thumbnailUrl":"https:\/\/www.anovapeneira.gal\/wp-content\/uploads\/2021\/04\/xela_arias_dia_das_letras_galegas_2.jpg","datePublished":"2021-04-19T08:00:29+00:00","description":"O D\u00eda das Letras Galegas \u00e9 un d\u00eda de festa no noso pa\u00eds iniciado no ano 1963 pola Real Academia Galega para homenaxear a todas aquelas persoas que destacaron pola s\u00faa creaci\u00f3n literaria en galego ou pola defensa da nosa lingua. Cada ano ded\u00edcase a unha persoa diferente, escollida pola Real Academia Galega, e un dos requisitos para poder optar a este reco\u00f1ecemento e ter falecido polo menos dez anos antes da homenaxe. Desde a instauraci\u00f3n desta celebraci\u00f3n, soamente en 1998 houbo unha dedicaci\u00f3n conxunta aos poetas medievais Mart\u00edn Codax, Xoh\u00e1n de Cangas e Mendinho.","breadcrumb":{"@id":"https:\/\/www.anovapeneira.gal\/index.php\/2021\/04\/19\/letras-galegas-2021-xela-arias\/#breadcrumb"},"inLanguage":"gl-ES","potentialAction":[{"@type":"ReadAction","target":["https:\/\/www.anovapeneira.gal\/index.php\/2021\/04\/19\/letras-galegas-2021-xela-arias\/"]}]},{"@type":"ImageObject","inLanguage":"gl-ES","@id":"https:\/\/www.anovapeneira.gal\/index.php\/2021\/04\/19\/letras-galegas-2021-xela-arias\/#primaryimage","url":"https:\/\/www.anovapeneira.gal\/wp-content\/uploads\/2021\/04\/xela_arias_dia_das_letras_galegas_2.jpg","contentUrl":"https:\/\/www.anovapeneira.gal\/wp-content\/uploads\/2021\/04\/xela_arias_dia_das_letras_galegas_2.jpg","width":720,"height":432,"caption":"Xela Arias D\u00eda das Letras Galegas"},{"@type":"BreadcrumbList","@id":"https:\/\/www.anovapeneira.gal\/index.php\/2021\/04\/19\/letras-galegas-2021-xela-arias\/#breadcrumb","itemListElement":[{"@type":"ListItem","position":1,"name":"Portada","item":"https:\/\/www.anovapeneira.gal\/"},{"@type":"ListItem","position":2,"name":"Letras Galegas 2021, Xela Arias"}]},{"@type":"WebSite","@id":"https:\/\/www.anovapeneira.gal\/#website","url":"https:\/\/www.anovapeneira.gal\/","name":"","description":"Xornal galego de informaci\u00f3n xeral Publicaci\u00f3n mensual de novas de Galicia e en especial dos Concellos da sur da provincia de Pontevedra.","publisher":{"@id":"https:\/\/www.anovapeneira.gal\/#organization"},"potentialAction":[{"@type":"SearchAction","target":{"@type":"EntryPoint","urlTemplate":"https:\/\/www.anovapeneira.gal\/?s={search_term_string}"},"query-input":{"@type":"PropertyValueSpecification","valueRequired":true,"valueName":"search_term_string"}}],"inLanguage":"gl-ES"},{"@type":"Organization","@id":"https:\/\/www.anovapeneira.gal\/#organization","name":"A Nova Peneira","url":"https:\/\/www.anovapeneira.gal\/","logo":{"@type":"ImageObject","inLanguage":"gl-ES","@id":"https:\/\/www.anovapeneira.gal\/#\/schema\/logo\/image\/","url":"http:\/\/www.anovapeneira.gal\/wp-content\/uploads\/2019\/06\/logo_a_nova_peneira_portal_web.png","contentUrl":"http:\/\/www.anovapeneira.gal\/wp-content\/uploads\/2019\/06\/logo_a_nova_peneira_portal_web.png","width":300,"height":100,"caption":"A Nova Peneira"},"image":{"@id":"https:\/\/www.anovapeneira.gal\/#\/schema\/logo\/image\/"},"sameAs":["https:\/\/www.facebook.com\/anovapeneira","https:\/\/x.com\/APeneira"]},{"@type":"Person","@id":"https:\/\/www.anovapeneira.gal\/#\/schema\/person\/42f904d7cac80cf3f5a31494dd82a9b6","name":"G. Figueiredo","image":{"@type":"ImageObject","inLanguage":"gl-ES","@id":"https:\/\/secure.gravatar.com\/avatar\/2d970086688458e0398ef8b84f5cbb8cc1ec3ab115aeb8435135a9f556af97b3?s=96&d=mm&r=g","url":"https:\/\/secure.gravatar.com\/avatar\/2d970086688458e0398ef8b84f5cbb8cc1ec3ab115aeb8435135a9f556af97b3?s=96&d=mm&r=g","contentUrl":"https:\/\/secure.gravatar.com\/avatar\/2d970086688458e0398ef8b84f5cbb8cc1ec3ab115aeb8435135a9f556af97b3?s=96&d=mm&r=g","caption":"G. Figueiredo"},"sameAs":["http:\/\/www.anovapeneira.gal\/"],"url":"https:\/\/www.anovapeneira.gal\/index.php\/author\/g-figueiredo\/"}]}},"jetpack_featured_media_url":"https:\/\/www.anovapeneira.gal\/wp-content\/uploads\/2021\/04\/xela_arias_dia_das_letras_galegas_2.jpg","_links":{"self":[{"href":"https:\/\/www.anovapeneira.gal\/index.php\/wp-json\/wp\/v2\/posts\/5232","targetHints":{"allow":["GET"]}}],"collection":[{"href":"https:\/\/www.anovapeneira.gal\/index.php\/wp-json\/wp\/v2\/posts"}],"about":[{"href":"https:\/\/www.anovapeneira.gal\/index.php\/wp-json\/wp\/v2\/types\/post"}],"author":[{"embeddable":true,"href":"https:\/\/www.anovapeneira.gal\/index.php\/wp-json\/wp\/v2\/users\/17"}],"replies":[{"embeddable":true,"href":"https:\/\/www.anovapeneira.gal\/index.php\/wp-json\/wp\/v2\/comments?post=5232"}],"version-history":[{"count":1,"href":"https:\/\/www.anovapeneira.gal\/index.php\/wp-json\/wp\/v2\/posts\/5232\/revisions"}],"predecessor-version":[{"id":5235,"href":"https:\/\/www.anovapeneira.gal\/index.php\/wp-json\/wp\/v2\/posts\/5232\/revisions\/5235"}],"wp:featuredmedia":[{"embeddable":true,"href":"https:\/\/www.anovapeneira.gal\/index.php\/wp-json\/wp\/v2\/media\/5236"}],"wp:attachment":[{"href":"https:\/\/www.anovapeneira.gal\/index.php\/wp-json\/wp\/v2\/media?parent=5232"}],"wp:term":[{"taxonomy":"category","embeddable":true,"href":"https:\/\/www.anovapeneira.gal\/index.php\/wp-json\/wp\/v2\/categories?post=5232"},{"taxonomy":"post_tag","embeddable":true,"href":"https:\/\/www.anovapeneira.gal\/index.php\/wp-json\/wp\/v2\/tags?post=5232"}],"curies":[{"name":"wp","href":"https:\/\/api.w.org\/{rel}","templated":true}]}}