{"id":5237,"date":"2021-04-19T12:00:01","date_gmt":"2021-04-19T10:00:01","guid":{"rendered":"http:\/\/www.anovapeneira.gal\/?p=5237"},"modified":"2021-04-18T18:42:58","modified_gmt":"2021-04-18T16:42:58","slug":"espolio-eolico-en-cerdedo-cotobade","status":"publish","type":"post","link":"https:\/\/www.anovapeneira.gal\/index.php\/2021\/04\/19\/espolio-eolico-en-cerdedo-cotobade\/","title":{"rendered":"Espolio e\u00f3lico en Cerdedo-Cotobade"},"content":{"rendered":"\n<p>As comunidades de montes, augas e a vizi\u00f1anza de Cerdedo-Cotobade manifestan unha grande sorpresa ante as novas sobre a instalaci\u00f3n de extensos parques e\u00f3licos no noso territorio, nomeadamente atendendo \u00e0 escasa e pouco transparente informaci\u00f3n fornecida desde a administraci\u00f3n.<\/p>\n\n\n\n<p><strong>TRAMITACI\u00d3N URXENTE E FRAGMENTACI\u00d3N DOS PROXECTOS<\/strong><\/p>\n\n\n\n<p>O Plan Sectorial E\u00f3lico de Galiza de 1997 e a sua modificaci\u00f3n de 2002 ficaron obsoletos polos cambios tecnol\u00f3xicos, o aumento de tama\u00f1o dos aeroxeradores e as mudanzas na normativa medioambiental. Mais recentemente, a Xunta do PP ten promulgado a Lei 5\/2017 de \u201cFomento da Implantaci\u00f3n empresarial\u201d ou a Lei 9\/2021 de \u201cSimplificaci\u00f3n administrativa e de apoio \u00e1 reactivaci\u00f3n econ\u00f3mica\u201d, co\u00f1ecidas como \u201c leis depredadoras\u201d que facilitan a tramitaci\u00f3n e aprobaci\u00f3n destes proxectos, favorecendo as grandes empresas da enerx\u00eda e contra os intereses das comunidades locais. A Lei 9\/2021, aprobada este mesmo ano, incl\u00fae unha disposici\u00f3n adicional que permite, baixo a validaci\u00f3n da Xunta, a instalaci\u00f3n en zonas que non estaban incluidas no plan sectorial inicial. Ademais, a fragmentaci\u00f3n fraudulenta dos proxectos apresentados sortea requisitos mais restritivos e evita a avaliaci\u00f3n do impacto ambiental acumulativo dos macroproxectos agregados.&nbsp;<\/p>\n\n\n\n<p><strong>AFECTACI\u00d3N DOS&nbsp;<\/strong><strong>NOVOS PARQUES E\u00d3LICOS<\/strong><\/p>\n\n\n\n<p>Segundo o Observatorio E\u00f3lico de Galicia, en 2019 xa hab\u00eda instalados 21 aeroxeradores no noso concello. Novos proxectos como o de Campo das Rosas, en fase de alegaci\u00f3n, que afecta Campo Lameiro e A Estrada adem\u00e1is de Cerdedo-Cotobade, e cuxo estudo de impacto ambiental \u00e9 considerado polo propio informe t\u00e9cnico municipal como \u201cpouco rigoroso e incompleto\u201d, ou o Parque de Porto Vidros que est\u00e1 en fase de exposici\u00f3n. Outros proxectos poderian ser retomados afectando outras moitas parroquias como Rebordelo, Borela, Loureiro, Para\u00f1os ou Viasc\u00f3n, e cuxa proximidade c\u00f3s primeiros e o n\u00edvel agregado de producci\u00f3n indicar\u00eda que se trata realmente dun \u00fanico proxecto fragmentado.<\/p>\n\n\n\n<p>Galiza est\u00e1 en perigo pola afectaci\u00f3n patrimonial, ambiental e dos recursos h\u00eddricos e agropecuarios polo incumprimento de diversas figuras de protecci\u00f3n ambiental e directrices comunit\u00e1rias como a ampliaci\u00f3n da Rede Natura 2000, a Directiva Marco da Auga, a Directiva do H\u00e1bitat ou a Directiva de Informaci\u00f3n Ambiental, tanto na fase de construcci\u00f3n como na de explotaci\u00f3n e mesmo no proceso de actualizaci\u00f3n tecnol\u00f3xica ou o seu desmantelamento.&nbsp;<\/p>\n\n\n\n<p>Mananciais, tra\u00eddas de auga e drenaxes poden ver-se contaminadas e desviadas polo movimento de terras para ampliaci\u00f3n ou construcci\u00f3n de novas pistas de acceso. A s\u00faa incidencia supramunicipal atenta gravemente contra a autonomia municipal e ten efeitos urban\u00edsticos, pois muitas fincas poden deixar de ser edific\u00e1beis, prexudicando o seu valor. E muitas outras, objeto de expropiaci\u00f3n forzosa en virtude da declaraci\u00f3n de utilidade p\u00fablica dos proxectos. Ali\u00e1s, poderian ver-se afectadas tam\u00e9n \u00e0s emisi\u00f3ns de radio, TV e a telefonia m\u00f3bil.<\/p>\n\n\n\n<p>Vai-se producir afectaci\u00f3n ambiental, cultural, paisax\u00edstica, \u00e0 fauna e flora, afectaci\u00f3n ao aproveitamento produtivo agrario, gandeiro, florestal, social ou ambiental do solo rural e dos montes. E ao ter como obxectivo o m\u00e1ximo beneficio para as grandes compa\u00f1ias do oligop\u00f3lio el\u00e9ctrico, sen apenas compensaci\u00f3n social, provocar\u00e1 un forte efeito empobrecedor e maior despovoamento do rural. Desde o Bng de Cerdedo-Cotobade comezamos nestes d\u00edas unha campa\u00f1a informativa sobre a ameaza que pode sup\u00f3r para o noso futuro, a posta en marcha destes macroproxectos.<\/p>\n\n\n\n<p><strong>UN OUTRO MODELO \u00c9 POS\u00cdBEL<\/strong><\/p>\n\n\n\n<p>O BNG apoia as enerx\u00edas renov\u00e1beis, mais tendo en conta as necesidades do noso Pa\u00eds, os intereses das comunidades locais e a sostibilidade ambiental. A enerx\u00eda debe ser considerada un ben p\u00fablico e o feito de que Galiza exporte mais do 30% da electricidade que produce debe repercutir no noso beneficio mediante unha tarifa el\u00e9ctrica galega bonificada para particulares e empresas, a promoci\u00f3n de comunidades enerx\u00e9ticas, de redes de enerx\u00eda distribuida e sistemas de autoabastecemento e autoconsumo. Todo inserido nun novo plan sectorial e\u00f3lico, resultado dun grande acordo galego en beneficio das comunidades locais, desde a participaci\u00f3n e o consenso de todos os axentes<\/p>\n","protected":false},"excerpt":{"rendered":"<div class=\"mh-excerpt\"><p>As comunidades de montes, augas e a vizi\u00f1anza de Cerdedo-Cotobade manifestan unha grande sorpresa ante as novas sobre a instalaci\u00f3n de extensos parques e\u00f3licos no noso territorio, nomeadamente atendendo \u00e0 escasa e pouco transparente informaci\u00f3n fornecida desde a administraci\u00f3n <a class=\"mh-excerpt-more\" href=\"https:\/\/www.anovapeneira.gal\/index.php\/2021\/04\/19\/espolio-eolico-en-cerdedo-cotobade\/\" title=\"Espolio e\u00f3lico en Cerdedo-Cotobade\">[&#8230;]<\/a><\/p>\n<\/div>","protected":false},"author":3,"featured_media":5238,"comment_status":"open","ping_status":"open","sticky":false,"template":"","format":"standard","meta":{"_exactmetrics_skip_tracking":false,"_exactmetrics_sitenote_active":false,"_exactmetrics_sitenote_note":"","_exactmetrics_sitenote_category":0,"footnotes":""},"categories":[1],"tags":[1201],"class_list":{"0":"post-5237","1":"post","2":"type-post","3":"status-publish","4":"format-standard","5":"has-post-thumbnail","7":"category-sin-categoria","8":"tag-concello-cerdedo-e-cotobade"},"yoast_head":"<!-- This site is optimized with the Yoast SEO plugin v27.4 - https:\/\/yoast.com\/product\/yoast-seo-wordpress\/ -->\n<title>Espolio e\u00f3lico en Cerdedo-Cotobade -<\/title>\n<meta name=\"robots\" content=\"index, follow, max-snippet:-1, max-image-preview:large, max-video-preview:-1\" \/>\n<link rel=\"canonical\" href=\"https:\/\/www.anovapeneira.gal\/index.php\/2021\/04\/19\/espolio-eolico-en-cerdedo-cotobade\/\" \/>\n<meta property=\"og:locale\" content=\"gl_ES\" \/>\n<meta property=\"og:type\" content=\"article\" \/>\n<meta property=\"og:title\" content=\"Espolio e\u00f3lico en Cerdedo-Cotobade -\" \/>\n<meta property=\"og:description\" content=\"As comunidades de montes, augas e a vizi\u00f1anza de Cerdedo-Cotobade manifestan unha grande sorpresa ante as novas sobre a instalaci\u00f3n de extensos parques e\u00f3licos no noso territorio, nomeadamente atendendo \u00e0 escasa e pouco transparente informaci\u00f3n fornecida desde a administraci\u00f3n [...]\" \/>\n<meta property=\"og:url\" content=\"https:\/\/www.anovapeneira.gal\/index.php\/2021\/04\/19\/espolio-eolico-en-cerdedo-cotobade\/\" \/>\n<meta property=\"article:publisher\" content=\"https:\/\/www.facebook.com\/anovapeneira\" \/>\n<meta property=\"article:published_time\" content=\"2021-04-19T10:00:01+00:00\" \/>\n<meta property=\"og:image\" content=\"https:\/\/www.anovapeneira.gal\/wp-content\/uploads\/2021\/04\/joam_romero.jpg\" \/>\n\t<meta property=\"og:image:width\" content=\"720\" \/>\n\t<meta property=\"og:image:height\" content=\"432\" \/>\n\t<meta property=\"og:image:type\" content=\"image\/jpeg\" \/>\n<meta name=\"author\" content=\"Redacci\u00f3n A Nova Peneira\" \/>\n<meta name=\"twitter:card\" content=\"summary_large_image\" \/>\n<meta name=\"twitter:creator\" content=\"@APeneira\" \/>\n<meta name=\"twitter:site\" content=\"@APeneira\" \/>\n<meta name=\"twitter:label1\" content=\"Escrito por\" \/>\n\t<meta name=\"twitter:data1\" content=\"Redacci\u00f3n A Nova Peneira\" \/>\n\t<meta name=\"twitter:label2\" content=\"Tempo de lectura\" \/>\n\t<meta name=\"twitter:data2\" content=\"3 minutos\" \/>\n<script type=\"application\/ld+json\" class=\"yoast-schema-graph\">{\"@context\":\"https:\\\/\\\/schema.org\",\"@graph\":[{\"@type\":\"Article\",\"@id\":\"https:\\\/\\\/www.anovapeneira.gal\\\/index.php\\\/2021\\\/04\\\/19\\\/espolio-eolico-en-cerdedo-cotobade\\\/#article\",\"isPartOf\":{\"@id\":\"https:\\\/\\\/www.anovapeneira.gal\\\/index.php\\\/2021\\\/04\\\/19\\\/espolio-eolico-en-cerdedo-cotobade\\\/\"},\"author\":{\"name\":\"Redacci\u00f3n A Nova Peneira\",\"@id\":\"https:\\\/\\\/www.anovapeneira.gal\\\/#\\\/schema\\\/person\\\/b93e3f8932e3f8da96334607eb6ac6aa\"},\"headline\":\"Espolio e\u00f3lico en Cerdedo-Cotobade\",\"datePublished\":\"2021-04-19T10:00:01+00:00\",\"mainEntityOfPage\":{\"@id\":\"https:\\\/\\\/www.anovapeneira.gal\\\/index.php\\\/2021\\\/04\\\/19\\\/espolio-eolico-en-cerdedo-cotobade\\\/\"},\"wordCount\":709,\"commentCount\":0,\"publisher\":{\"@id\":\"https:\\\/\\\/www.anovapeneira.gal\\\/#organization\"},\"image\":{\"@id\":\"https:\\\/\\\/www.anovapeneira.gal\\\/index.php\\\/2021\\\/04\\\/19\\\/espolio-eolico-en-cerdedo-cotobade\\\/#primaryimage\"},\"thumbnailUrl\":\"https:\\\/\\\/www.anovapeneira.gal\\\/wp-content\\\/uploads\\\/2021\\\/04\\\/joam_romero.jpg\",\"keywords\":[\"Concello Cerdedo e Cotobade\"],\"articleSection\":[\"Sin categor\u00eda\"],\"inLanguage\":\"gl-ES\",\"potentialAction\":[{\"@type\":\"CommentAction\",\"name\":\"Comment\",\"target\":[\"https:\\\/\\\/www.anovapeneira.gal\\\/index.php\\\/2021\\\/04\\\/19\\\/espolio-eolico-en-cerdedo-cotobade\\\/#respond\"]}]},{\"@type\":\"WebPage\",\"@id\":\"https:\\\/\\\/www.anovapeneira.gal\\\/index.php\\\/2021\\\/04\\\/19\\\/espolio-eolico-en-cerdedo-cotobade\\\/\",\"url\":\"https:\\\/\\\/www.anovapeneira.gal\\\/index.php\\\/2021\\\/04\\\/19\\\/espolio-eolico-en-cerdedo-cotobade\\\/\",\"name\":\"Espolio e\u00f3lico en Cerdedo-Cotobade -\",\"isPartOf\":{\"@id\":\"https:\\\/\\\/www.anovapeneira.gal\\\/#website\"},\"primaryImageOfPage\":{\"@id\":\"https:\\\/\\\/www.anovapeneira.gal\\\/index.php\\\/2021\\\/04\\\/19\\\/espolio-eolico-en-cerdedo-cotobade\\\/#primaryimage\"},\"image\":{\"@id\":\"https:\\\/\\\/www.anovapeneira.gal\\\/index.php\\\/2021\\\/04\\\/19\\\/espolio-eolico-en-cerdedo-cotobade\\\/#primaryimage\"},\"thumbnailUrl\":\"https:\\\/\\\/www.anovapeneira.gal\\\/wp-content\\\/uploads\\\/2021\\\/04\\\/joam_romero.jpg\",\"datePublished\":\"2021-04-19T10:00:01+00:00\",\"breadcrumb\":{\"@id\":\"https:\\\/\\\/www.anovapeneira.gal\\\/index.php\\\/2021\\\/04\\\/19\\\/espolio-eolico-en-cerdedo-cotobade\\\/#breadcrumb\"},\"inLanguage\":\"gl-ES\",\"potentialAction\":[{\"@type\":\"ReadAction\",\"target\":[\"https:\\\/\\\/www.anovapeneira.gal\\\/index.php\\\/2021\\\/04\\\/19\\\/espolio-eolico-en-cerdedo-cotobade\\\/\"]}]},{\"@type\":\"ImageObject\",\"inLanguage\":\"gl-ES\",\"@id\":\"https:\\\/\\\/www.anovapeneira.gal\\\/index.php\\\/2021\\\/04\\\/19\\\/espolio-eolico-en-cerdedo-cotobade\\\/#primaryimage\",\"url\":\"https:\\\/\\\/www.anovapeneira.gal\\\/wp-content\\\/uploads\\\/2021\\\/04\\\/joam_romero.jpg\",\"contentUrl\":\"https:\\\/\\\/www.anovapeneira.gal\\\/wp-content\\\/uploads\\\/2021\\\/04\\\/joam_romero.jpg\",\"width\":720,\"height\":432,\"caption\":\"J\u00f3am Romero: Economista e vicerespons\u00e1bel local do BNG de Cercedo-Cotobade\"},{\"@type\":\"BreadcrumbList\",\"@id\":\"https:\\\/\\\/www.anovapeneira.gal\\\/index.php\\\/2021\\\/04\\\/19\\\/espolio-eolico-en-cerdedo-cotobade\\\/#breadcrumb\",\"itemListElement\":[{\"@type\":\"ListItem\",\"position\":1,\"name\":\"Portada\",\"item\":\"https:\\\/\\\/www.anovapeneira.gal\\\/\"},{\"@type\":\"ListItem\",\"position\":2,\"name\":\"Espolio e\u00f3lico en Cerdedo-Cotobade\"}]},{\"@type\":\"WebSite\",\"@id\":\"https:\\\/\\\/www.anovapeneira.gal\\\/#website\",\"url\":\"https:\\\/\\\/www.anovapeneira.gal\\\/\",\"name\":\"\",\"description\":\"Xornal galego de informaci\u00f3n xeral Publicaci\u00f3n mensual de novas de Galicia e en especial dos Concellos da sur da provincia de Pontevedra.\",\"publisher\":{\"@id\":\"https:\\\/\\\/www.anovapeneira.gal\\\/#organization\"},\"potentialAction\":[{\"@type\":\"SearchAction\",\"target\":{\"@type\":\"EntryPoint\",\"urlTemplate\":\"https:\\\/\\\/www.anovapeneira.gal\\\/?s={search_term_string}\"},\"query-input\":{\"@type\":\"PropertyValueSpecification\",\"valueRequired\":true,\"valueName\":\"search_term_string\"}}],\"inLanguage\":\"gl-ES\"},{\"@type\":\"Organization\",\"@id\":\"https:\\\/\\\/www.anovapeneira.gal\\\/#organization\",\"name\":\"A Nova Peneira\",\"url\":\"https:\\\/\\\/www.anovapeneira.gal\\\/\",\"logo\":{\"@type\":\"ImageObject\",\"inLanguage\":\"gl-ES\",\"@id\":\"https:\\\/\\\/www.anovapeneira.gal\\\/#\\\/schema\\\/logo\\\/image\\\/\",\"url\":\"http:\\\/\\\/www.anovapeneira.gal\\\/wp-content\\\/uploads\\\/2019\\\/06\\\/logo_a_nova_peneira_portal_web.png\",\"contentUrl\":\"http:\\\/\\\/www.anovapeneira.gal\\\/wp-content\\\/uploads\\\/2019\\\/06\\\/logo_a_nova_peneira_portal_web.png\",\"width\":300,\"height\":100,\"caption\":\"A Nova Peneira\"},\"image\":{\"@id\":\"https:\\\/\\\/www.anovapeneira.gal\\\/#\\\/schema\\\/logo\\\/image\\\/\"},\"sameAs\":[\"https:\\\/\\\/www.facebook.com\\\/anovapeneira\",\"https:\\\/\\\/x.com\\\/APeneira\"]},{\"@type\":\"Person\",\"@id\":\"https:\\\/\\\/www.anovapeneira.gal\\\/#\\\/schema\\\/person\\\/b93e3f8932e3f8da96334607eb6ac6aa\",\"name\":\"Redacci\u00f3n A Nova Peneira\",\"image\":{\"@type\":\"ImageObject\",\"inLanguage\":\"gl-ES\",\"@id\":\"https:\\\/\\\/secure.gravatar.com\\\/avatar\\\/c052a2551a06e23fac63626232eaa90abd78dbcf1700fc46a2b2c89fd27b735f?s=96&d=mm&r=g\",\"url\":\"https:\\\/\\\/secure.gravatar.com\\\/avatar\\\/c052a2551a06e23fac63626232eaa90abd78dbcf1700fc46a2b2c89fd27b735f?s=96&d=mm&r=g\",\"contentUrl\":\"https:\\\/\\\/secure.gravatar.com\\\/avatar\\\/c052a2551a06e23fac63626232eaa90abd78dbcf1700fc46a2b2c89fd27b735f?s=96&d=mm&r=g\",\"caption\":\"Redacci\u00f3n A Nova Peneira\"},\"sameAs\":[\"http:\\\/\\\/www.anovapeneira.gal\\\/\"],\"url\":\"https:\\\/\\\/www.anovapeneira.gal\\\/index.php\\\/author\\\/redactor\\\/\"}]}<\/script>\n<!-- \/ Yoast SEO plugin. -->","yoast_head_json":{"title":"Espolio e\u00f3lico en Cerdedo-Cotobade -","robots":{"index":"index","follow":"follow","max-snippet":"max-snippet:-1","max-image-preview":"max-image-preview:large","max-video-preview":"max-video-preview:-1"},"canonical":"https:\/\/www.anovapeneira.gal\/index.php\/2021\/04\/19\/espolio-eolico-en-cerdedo-cotobade\/","og_locale":"gl_ES","og_type":"article","og_title":"Espolio e\u00f3lico en Cerdedo-Cotobade -","og_description":"As comunidades de montes, augas e a vizi\u00f1anza de Cerdedo-Cotobade manifestan unha grande sorpresa ante as novas sobre a instalaci\u00f3n de extensos parques e\u00f3licos no noso territorio, nomeadamente atendendo \u00e0 escasa e pouco transparente informaci\u00f3n fornecida desde a administraci\u00f3n [...]","og_url":"https:\/\/www.anovapeneira.gal\/index.php\/2021\/04\/19\/espolio-eolico-en-cerdedo-cotobade\/","article_publisher":"https:\/\/www.facebook.com\/anovapeneira","article_published_time":"2021-04-19T10:00:01+00:00","og_image":[{"width":720,"height":432,"url":"https:\/\/www.anovapeneira.gal\/wp-content\/uploads\/2021\/04\/joam_romero.jpg","type":"image\/jpeg"}],"author":"Redacci\u00f3n A Nova Peneira","twitter_card":"summary_large_image","twitter_creator":"@APeneira","twitter_site":"@APeneira","twitter_misc":{"Escrito por":"Redacci\u00f3n A Nova Peneira","Tempo de lectura":"3 minutos"},"schema":{"@context":"https:\/\/schema.org","@graph":[{"@type":"Article","@id":"https:\/\/www.anovapeneira.gal\/index.php\/2021\/04\/19\/espolio-eolico-en-cerdedo-cotobade\/#article","isPartOf":{"@id":"https:\/\/www.anovapeneira.gal\/index.php\/2021\/04\/19\/espolio-eolico-en-cerdedo-cotobade\/"},"author":{"name":"Redacci\u00f3n A Nova Peneira","@id":"https:\/\/www.anovapeneira.gal\/#\/schema\/person\/b93e3f8932e3f8da96334607eb6ac6aa"},"headline":"Espolio e\u00f3lico en Cerdedo-Cotobade","datePublished":"2021-04-19T10:00:01+00:00","mainEntityOfPage":{"@id":"https:\/\/www.anovapeneira.gal\/index.php\/2021\/04\/19\/espolio-eolico-en-cerdedo-cotobade\/"},"wordCount":709,"commentCount":0,"publisher":{"@id":"https:\/\/www.anovapeneira.gal\/#organization"},"image":{"@id":"https:\/\/www.anovapeneira.gal\/index.php\/2021\/04\/19\/espolio-eolico-en-cerdedo-cotobade\/#primaryimage"},"thumbnailUrl":"https:\/\/www.anovapeneira.gal\/wp-content\/uploads\/2021\/04\/joam_romero.jpg","keywords":["Concello Cerdedo e Cotobade"],"articleSection":["Sin categor\u00eda"],"inLanguage":"gl-ES","potentialAction":[{"@type":"CommentAction","name":"Comment","target":["https:\/\/www.anovapeneira.gal\/index.php\/2021\/04\/19\/espolio-eolico-en-cerdedo-cotobade\/#respond"]}]},{"@type":"WebPage","@id":"https:\/\/www.anovapeneira.gal\/index.php\/2021\/04\/19\/espolio-eolico-en-cerdedo-cotobade\/","url":"https:\/\/www.anovapeneira.gal\/index.php\/2021\/04\/19\/espolio-eolico-en-cerdedo-cotobade\/","name":"Espolio e\u00f3lico en Cerdedo-Cotobade -","isPartOf":{"@id":"https:\/\/www.anovapeneira.gal\/#website"},"primaryImageOfPage":{"@id":"https:\/\/www.anovapeneira.gal\/index.php\/2021\/04\/19\/espolio-eolico-en-cerdedo-cotobade\/#primaryimage"},"image":{"@id":"https:\/\/www.anovapeneira.gal\/index.php\/2021\/04\/19\/espolio-eolico-en-cerdedo-cotobade\/#primaryimage"},"thumbnailUrl":"https:\/\/www.anovapeneira.gal\/wp-content\/uploads\/2021\/04\/joam_romero.jpg","datePublished":"2021-04-19T10:00:01+00:00","breadcrumb":{"@id":"https:\/\/www.anovapeneira.gal\/index.php\/2021\/04\/19\/espolio-eolico-en-cerdedo-cotobade\/#breadcrumb"},"inLanguage":"gl-ES","potentialAction":[{"@type":"ReadAction","target":["https:\/\/www.anovapeneira.gal\/index.php\/2021\/04\/19\/espolio-eolico-en-cerdedo-cotobade\/"]}]},{"@type":"ImageObject","inLanguage":"gl-ES","@id":"https:\/\/www.anovapeneira.gal\/index.php\/2021\/04\/19\/espolio-eolico-en-cerdedo-cotobade\/#primaryimage","url":"https:\/\/www.anovapeneira.gal\/wp-content\/uploads\/2021\/04\/joam_romero.jpg","contentUrl":"https:\/\/www.anovapeneira.gal\/wp-content\/uploads\/2021\/04\/joam_romero.jpg","width":720,"height":432,"caption":"J\u00f3am Romero: Economista e vicerespons\u00e1bel local do BNG de Cercedo-Cotobade"},{"@type":"BreadcrumbList","@id":"https:\/\/www.anovapeneira.gal\/index.php\/2021\/04\/19\/espolio-eolico-en-cerdedo-cotobade\/#breadcrumb","itemListElement":[{"@type":"ListItem","position":1,"name":"Portada","item":"https:\/\/www.anovapeneira.gal\/"},{"@type":"ListItem","position":2,"name":"Espolio e\u00f3lico en Cerdedo-Cotobade"}]},{"@type":"WebSite","@id":"https:\/\/www.anovapeneira.gal\/#website","url":"https:\/\/www.anovapeneira.gal\/","name":"","description":"Xornal galego de informaci\u00f3n xeral Publicaci\u00f3n mensual de novas de Galicia e en especial dos Concellos da sur da provincia de Pontevedra.","publisher":{"@id":"https:\/\/www.anovapeneira.gal\/#organization"},"potentialAction":[{"@type":"SearchAction","target":{"@type":"EntryPoint","urlTemplate":"https:\/\/www.anovapeneira.gal\/?s={search_term_string}"},"query-input":{"@type":"PropertyValueSpecification","valueRequired":true,"valueName":"search_term_string"}}],"inLanguage":"gl-ES"},{"@type":"Organization","@id":"https:\/\/www.anovapeneira.gal\/#organization","name":"A Nova Peneira","url":"https:\/\/www.anovapeneira.gal\/","logo":{"@type":"ImageObject","inLanguage":"gl-ES","@id":"https:\/\/www.anovapeneira.gal\/#\/schema\/logo\/image\/","url":"http:\/\/www.anovapeneira.gal\/wp-content\/uploads\/2019\/06\/logo_a_nova_peneira_portal_web.png","contentUrl":"http:\/\/www.anovapeneira.gal\/wp-content\/uploads\/2019\/06\/logo_a_nova_peneira_portal_web.png","width":300,"height":100,"caption":"A Nova Peneira"},"image":{"@id":"https:\/\/www.anovapeneira.gal\/#\/schema\/logo\/image\/"},"sameAs":["https:\/\/www.facebook.com\/anovapeneira","https:\/\/x.com\/APeneira"]},{"@type":"Person","@id":"https:\/\/www.anovapeneira.gal\/#\/schema\/person\/b93e3f8932e3f8da96334607eb6ac6aa","name":"Redacci\u00f3n A Nova Peneira","image":{"@type":"ImageObject","inLanguage":"gl-ES","@id":"https:\/\/secure.gravatar.com\/avatar\/c052a2551a06e23fac63626232eaa90abd78dbcf1700fc46a2b2c89fd27b735f?s=96&d=mm&r=g","url":"https:\/\/secure.gravatar.com\/avatar\/c052a2551a06e23fac63626232eaa90abd78dbcf1700fc46a2b2c89fd27b735f?s=96&d=mm&r=g","contentUrl":"https:\/\/secure.gravatar.com\/avatar\/c052a2551a06e23fac63626232eaa90abd78dbcf1700fc46a2b2c89fd27b735f?s=96&d=mm&r=g","caption":"Redacci\u00f3n A Nova Peneira"},"sameAs":["http:\/\/www.anovapeneira.gal\/"],"url":"https:\/\/www.anovapeneira.gal\/index.php\/author\/redactor\/"}]}},"jetpack_featured_media_url":"https:\/\/www.anovapeneira.gal\/wp-content\/uploads\/2021\/04\/joam_romero.jpg","_links":{"self":[{"href":"https:\/\/www.anovapeneira.gal\/index.php\/wp-json\/wp\/v2\/posts\/5237","targetHints":{"allow":["GET"]}}],"collection":[{"href":"https:\/\/www.anovapeneira.gal\/index.php\/wp-json\/wp\/v2\/posts"}],"about":[{"href":"https:\/\/www.anovapeneira.gal\/index.php\/wp-json\/wp\/v2\/types\/post"}],"author":[{"embeddable":true,"href":"https:\/\/www.anovapeneira.gal\/index.php\/wp-json\/wp\/v2\/users\/3"}],"replies":[{"embeddable":true,"href":"https:\/\/www.anovapeneira.gal\/index.php\/wp-json\/wp\/v2\/comments?post=5237"}],"version-history":[{"count":1,"href":"https:\/\/www.anovapeneira.gal\/index.php\/wp-json\/wp\/v2\/posts\/5237\/revisions"}],"predecessor-version":[{"id":5239,"href":"https:\/\/www.anovapeneira.gal\/index.php\/wp-json\/wp\/v2\/posts\/5237\/revisions\/5239"}],"wp:featuredmedia":[{"embeddable":true,"href":"https:\/\/www.anovapeneira.gal\/index.php\/wp-json\/wp\/v2\/media\/5238"}],"wp:attachment":[{"href":"https:\/\/www.anovapeneira.gal\/index.php\/wp-json\/wp\/v2\/media?parent=5237"}],"wp:term":[{"taxonomy":"category","embeddable":true,"href":"https:\/\/www.anovapeneira.gal\/index.php\/wp-json\/wp\/v2\/categories?post=5237"},{"taxonomy":"post_tag","embeddable":true,"href":"https:\/\/www.anovapeneira.gal\/index.php\/wp-json\/wp\/v2\/tags?post=5237"}],"curies":[{"name":"wp","href":"https:\/\/api.w.org\/{rel}","templated":true}]}}