{"id":524,"date":"2019-07-22T23:01:00","date_gmt":"2019-07-22T21:01:00","guid":{"rendered":"http:\/\/www.anovapeneira.gal\/?p=524"},"modified":"2019-07-23T07:51:22","modified_gmt":"2019-07-23T05:51:22","slug":"eva-solla-coordinadora-nacional-de-esquerda-unida","status":"publish","type":"post","link":"https:\/\/www.anovapeneira.gal\/index.php\/2019\/07\/22\/eva-solla-coordinadora-nacional-de-esquerda-unida\/","title":{"rendered":"Eva Solla coordinadora nacional de Esquerda Unida"},"content":{"rendered":"\n<p><strong>Eva Solla\n\u00e9 a coordinadora nacional de Esquerda Unida, SX do PCG,  deputada no\nparlamento de Galicia, e \u00e9 unha muller intelixente, amable e cordial\ncoa que sempre \u00e9 un  pracer manter unha conversa .Acheg\u00e1monos ata o\nlocal de Esquerda Unida de Vigo para co\u00f1ecer a s\u00faa visi\u00f3n sobre a\nsituaci\u00f3n pol\u00edtica.<\/strong><\/p>\n\n\n\n<p>\u201c<strong>O\nALCALDE DE VIGO ACT\u00daA COMO UN VERDADEIRO S\u00c1TRAPA.OS AUT\u00c9NTICOS\nL\u00cdDERES NON NECESITAN ESMAGAR AOS DEMAIS PARA AMOSAR O SEU LIDERADO\u201d<\/strong><\/p>\n\n\n\n<p><strong>Acabas de\nchegar do Sahara, Eva, c\u00f3ntanos como foi a experiencia?<\/strong><\/p>\n\n\n\n<blockquote class=\"wp-block-quote is-layout-flow wp-block-quote-is-layout-flow\"><p>Enormemente gratificante, o pobo Saharaui ten unha dignidade superlativa ,levan resistindo 43 anos nunhas condici\u00f3ns extremadamente dif\u00edciles, debido ao reiterado incumprimento das resoluci\u00f3ns da ONU.E non esquezamos que na situaci\u00f3n deste pobo, Espa\u00f1a ten unha responsabilidade moi importante<\/p><\/blockquote>\n\n\n\n<p><strong>Se cadra a\nposici\u00f3n que  mant\u00e9n O PSOE en relaci\u00f3n a este tema, das cousas\nque m\u00e1is decepci\u00f3n produciron para calquera persoa sensible ao\nsufrimento alleo<\/strong><\/p>\n\n\n\n<blockquote class=\"wp-block-quote is-layout-flow wp-block-quote-is-layout-flow\"><p>Eu creo que ning\u00fan goberno espa\u00f1ol tivo, en realidade, interese en resolver este problema. Prefiren  os v\u00ednculos econ\u00f3micos co reino de Marrocos que o cumprimento dos dereitos humanos no Sahara<\/p><\/blockquote>\n\n\n\n<p><strong>A principios deste ano\nestiveches en Venezuela, cal \u00e9 a t\u00faa opini\u00f3n ao respecto?<\/strong><\/p>\n\n\n\n<blockquote class=\"wp-block-quote is-layout-flow wp-block-quote-is-layout-flow\"><p>Est\u00e1n a vivir unha situaci\u00f3n moi complicada por mor, fundamentalmente, das sanci\u00f3ns econ\u00f3micas que lles aplican, sobre todo os EEUU<\/p><\/blockquote>\n\n\n\n<p><strong>A pol\u00edtica\ndo EEUU \u00e9 a que causa a crise de Venezuela, segundo o teu punto de\nvista?<\/strong><\/p>\n\n\n\n<blockquote class=\"wp-block-quote is-layout-flow wp-block-quote-is-layout-flow\"><p>A crise \u00e9 xerada externamente por EEUU e os seus adlatares. Todos eles xa te\u00f1en pedigree nese modus operandi; abafan economicamente ao pa\u00eds, xeran unha situaci\u00f3n de crise e transmiten a falsa idea de que falta democracia co gallo de xustificar unha intervenci\u00f3n externa. O pobo de Venezuela \u00e9 un pobo orgulloso e combativo e con moitas dificultades est\u00e1n a sa\u00edr adiante.<\/p><\/blockquote>\n\n\n\n<p><strong>Esta\nentrevista vaise publicar o 25 de Xullo, presuntamente 3 d\u00edas antes\ncelebrarase o pleno de investidura de Pedro S\u00e1nchez, e non sei que\npasar\u00e1, pero a d\u00eda de hoxe non pintan moi ben as cousas?<\/strong><\/p>\n\n\n\n<blockquote class=\"wp-block-quote is-layout-flow wp-block-quote-is-layout-flow\"><p>Eu creo que ata o momento o partido socialista est\u00e1 a actuar de maneira moi pouco responsable, n\u00e9gase a dialogar e o que fai \u00e9 p\u00f3r moi dif\u00edcil o apoio das  distintas forzas pol\u00edticas<\/p><\/blockquote>\n\n\n\n<p><strong>Ese \u201c\nCon Rivera no, Con Rivera no\u201d que berraban as bases do PSOE no\nmomento de celebrar a s\u00faa vitoria pensas que amosa a diferencia\nentre un corpus de votantes moi maioritario de esquerdas, e unha\nc\u00fapula que se trasviste de esquerdismo nos procesos electorais para\nlogo decepcionar unha vez si e outra tam\u00e9n?<\/strong><\/p>\n\n\n\n<blockquote class=\"wp-block-quote is-layout-flow wp-block-quote-is-layout-flow\"><p>O electorado do PSOE \u00e9 na s\u00faa ampla maior\u00eda de esquerdas, pero por desgraza cando o partido socialista ten a oportunidade de gobernar non adoita aplicar pol\u00edticas de esquerda<\/p><\/blockquote>\n\n\n\n<p><strong>Pedro\nS\u00e1nchez, despois da moci\u00f3n de censura, gobernou un ano co apoio de\nUnidas Podemos, e non se tocaron nin a Lei Mordaza nin a Reforma\nLaboral?<\/strong><\/p>\n\n\n\n<blockquote class=\"wp-block-quote is-layout-flow wp-block-quote-is-layout-flow\"><p>Os poucos elementos de recuperaci\u00f3n de dereitos que se conseguiron ese ano foi pola presi\u00f3n de Unidas Podemos, que foron a suba das pensi\u00f3ns e a suba do SMI<\/p><\/blockquote>\n\n\n\n<p><strong>Unha parte\nmaioritaria do nacionalismo galego entende que os deputados e\ndeputadas galegos de Unidas Podemos, 5 no mandato anterior, e 2\nneste, non defenderon adecuadamente os intereses de Galicia, seguro\nque ti non est\u00e1s de acordo con esa apreciaci\u00f3n&#8230;.<\/strong><\/p>\n\n\n\n<blockquote class=\"wp-block-quote is-layout-flow wp-block-quote-is-layout-flow\"><p>Pois non, non estou de acordo claro que non. Eles fixeron un traballo moi importante tanto na defensa de elementos com\u00fans para Espa\u00f1a como por exemplo na suba do SMI, como nas particularidades de Galicia como por exemplo a defensa das infraestruturas como o tema da AP9 ou o ferrocarril<\/p><\/blockquote>\n\n\n\n<p><strong>Contemplas\na posibilidade dunhas novas elecci\u00f3ns?<\/strong><\/p>\n\n\n\n<blockquote class=\"wp-block-quote is-layout-flow wp-block-quote-is-layout-flow\"><p>Ser\u00eda un estrepitoso fracaso<\/p><\/blockquote>\n\n\n\n<p><strong>As\ncontinuas re configuraci\u00f3ns do espazo pol\u00edtico do chamado\nrupturismo ou unidade popular , transmitindo cara ao exterior unha\npermanente sensaci\u00f3n de leas e conflitos internos, bota para atr\u00e1s\na moita xente, para cando unha  configuraci\u00f3n definitiva?<\/strong><\/p>\n\n\n\n<blockquote class=\"wp-block-quote is-layout-flow wp-block-quote-is-layout-flow\"><p>N\u00f3s levamos desde o 2.012 coa mellor das vontades tentando crear a estrutura de unidade popular m\u00e1is ampla e mellor soldada posible, por desgraza esa estrutura foi ocupada por persoas que realmente non cren na confluencia. Hai que recompo\u00f1er o espazo, veremos nos seguintes meses como se vai conformando, polo menos desde esquerda unida temos a firme convicci\u00f3n de facelo de maneira que te\u00f1a permanencia por abaixo<\/p><\/blockquote>\n\n\n\n<p><strong>Quero\npreguntarche por alg\u00fans concellos da nosa \u00e1rea de influencia; en\nPorri\u00f1o apoiades a investidura de Eva De La Torre e non entrades no\ngoberno, por que?<\/strong><\/p>\n\n\n\n<blockquote class=\"wp-block-quote is-layout-flow wp-block-quote-is-layout-flow\"><p>A militancia escolleu impedir o acceso da dereita ao goberno como mal menor, pero nos estamos moi lonxe das pol\u00edticas que aplicou o goberno municipal de O Porri\u00f1o, nin as consideramos de esquerdas nin pensamos que a s\u00faa xesti\u00f3n mereza o aprobado. O Porri\u00f1o ten un problema  grav\u00edsimo referente a un volume moi elevado  de impagamento de facturas, problemas coa xesti\u00f3n de servizos do concello..<\/p><\/blockquote>\n\n\n\n<p><strong>A sa\u00edda\nde Lino do Concello de Ponteareas e de Cuevas en Nigr\u00e1n, non foi\nfrustrante para ti?<\/strong><\/p>\n\n\n\n<blockquote class=\"wp-block-quote is-layout-flow wp-block-quote-is-layout-flow\"><p>Home frustrante non, decepcionante si. En Ponteareas sa\u00edmos por moi pouqui\u00f1o ,al\u00ed entraron varios factores, fundamentalmente o recordo de voto ao Psoe nunhas xerais celebradas moi pouqui\u00f1o tempo antes. A nosa sa\u00edda deses concellos amosa que o mantra do liberalismo referente a que o bo traballo sempre ten premio non  ten porque ser verdade. Malia que n\u00f3s somos unha organizaci\u00f3n de militancia disciplinada, afeita a traballar en calquera escenario e al\u00ed seguiremos desde logo.<\/p><\/blockquote>\n\n\n\n<p><strong>E en\nCangas, como est\u00e1 a situaci\u00f3n, que tal anda o amigo Pazos de\npaciencia?<\/strong><\/p>\n\n\n\n<blockquote class=\"wp-block-quote is-layout-flow wp-block-quote-is-layout-flow\"><p>Ha ha ha,  Xose Manuel Pazos ten moit\u00edsimas virtudes e estou segura de que a paciencia \u00e9 unha delas. En Cangas acabamos de asinar un acordo de goberno co PSOE, as outras d\u00faas forzas de esquerda AVANTE e o BNG non quixeron entrar, e eu conf\u00edo no seu sentido da responsabilidade porque non esquezamos que nese concello a esquerda ten 14 actas e a dereita 7.<\/p><\/blockquote>\n\n\n\n<p><strong>En Vigo,\ntendo d\u00faas actas, Abel Caballero m\u00e1ndavos ao grupo mixto, que ides\nfacer para responder?<\/strong><\/p>\n\n\n\n<blockquote class=\"wp-block-quote is-layout-flow wp-block-quote-is-layout-flow\"><p>O alcalde de Vigo, act\u00faa como un verdadeiro s\u00e1trapa. Os verdadeiros l\u00edderes non necesitan esmagar aos demais para amosar que o son. Abel Caballero rise do electorado que votou tanto \u00e1 Marea de Vigo como ao BNG. N\u00f3s de momento temos posto unha reclamaci\u00f3n pola v\u00eda administrativa. No caso dunha resposta negativa estudaremos as medidas a tomar<\/p><\/blockquote>\n\n\n\n<p><strong>En Mos,\npor apenas 40 votos o PP conservou a alcald\u00eda, presumo que se\naveci\u00f1an tempos escuros para a veci\u00f1anza de Tameiga porque entendo\nque o goberno municipal vai ir \u00e1 guerra contra a comunidade de\nmontes para tratar de que se constr\u00faa o centro comercial. Esquerda\nUnida apoiou \u00e1 campa\u00f1a de Ga\u00f1aM\u00f3s, a vosa vontade de oposici\u00f3n a\nese proxecto nos montes de Tameiga contin\u00faa firme?<\/strong><\/p>\n\n\n\n<blockquote class=\"wp-block-quote is-layout-flow wp-block-quote-is-layout-flow\"><p>O noso compromiso de oposici\u00f3n a ese disparate \u00e9 absoluto. O s centros comercias ,que en moitos casos est\u00e1n baleiros, matan o pequeno comercio, o ano pasado pecharon 1.800, o  impacto econ\u00f3mico das grandes superficies \u00e9 negativo, e nesta \u00e9poca na que todos os indicadores amosan a situaci\u00f3n tan preocupante do medio ambiente en pleno cambio clim\u00e1tico..tratar de arrasar un monte s\u00f3 para especular \u00e9 demencial, e Esquerda Unida vaise opor frontalmente sen ningunha d\u00fabida<\/p><\/blockquote>\n\n\n\n<p><strong>A t\u00faa\nprofesi\u00f3n est\u00e1 no campo da sanidade a situaci\u00f3n da sanidade galega\nnon parece a mellor das posibles?<\/strong><\/p>\n\n\n\n<blockquote class=\"wp-block-quote is-layout-flow wp-block-quote-is-layout-flow\"><p>\u00c9 a consecuencia dos recortes do PP, temos menos m\u00e9dicos e m\u00e9dicas, menos persoal de enfermer\u00eda e iso impacta directamente na sa\u00fade da poboaci\u00f3n<\/p><\/blockquote>\n\n\n\n<p><strong>Rematamos\nEva, agradec\u00e9ndoche a t\u00faa amabilidade e cunha \u00faltima cuesti\u00f3n,\nfalta moi pouco para as auton\u00f3micas?<\/strong><\/p>\n\n\n\n<blockquote class=\"wp-block-quote is-layout-flow wp-block-quote-is-layout-flow\"><p>Si, e polo que a Esquerda Unida respecta estamos xa a traballar nas nosas asembleas para debullar o modelo que aspiramos a trazar coas outras forzas pol\u00edticas: Equo, Podemos e Anova para tentar chegar a acordos na conformaci\u00f3n dunha candidatura forte, que po\u00f1a por diante a proposta pol\u00edtica<\/p><\/blockquote>\n\n\n\n<p><strong>Falastes\nde candidata ou candidato?<\/strong><\/p>\n\n\n\n<blockquote class=\"wp-block-quote is-layout-flow wp-block-quote-is-layout-flow\"><p>\u00c9 moi pronto<\/p><\/blockquote>\n\n\n\n<p><strong>Ti estar\u00e1s\na\u00ed?<\/strong><\/p>\n\n\n\n<blockquote class=\"wp-block-quote is-layout-flow wp-block-quote-is-layout-flow\"><p>Eu son unha militante disciplinada que estou ao que diga a mi\u00f1a organizaci\u00f3n<\/p><\/blockquote>\n","protected":false},"excerpt":{"rendered":"<div class=\"mh-excerpt\"><p>Eva Solla \u00e9 a coordinadora nacional de Esquerda Unida, SX do PCG, deputada no parlamento de Galicia, e \u00e9 unha muller intelixente, amable e cordial coa que sempre \u00e9 un pracer manter unha conversa .Acheg\u00e1monos <a class=\"mh-excerpt-more\" href=\"https:\/\/www.anovapeneira.gal\/index.php\/2019\/07\/22\/eva-solla-coordinadora-nacional-de-esquerda-unida\/\" title=\"Eva Solla coordinadora nacional de Esquerda Unida\">[&#8230;]<\/a><\/p>\n<\/div>","protected":false},"author":3,"featured_media":525,"comment_status":"open","ping_status":"open","sticky":false,"template":"","format":"standard","meta":{"_exactmetrics_skip_tracking":false,"_exactmetrics_sitenote_active":false,"_exactmetrics_sitenote_note":"","_exactmetrics_sitenote_category":0,"footnotes":""},"categories":[264],"tags":[203,204,12],"class_list":{"0":"post-524","1":"post","2":"type-post","3":"status-publish","4":"format-standard","5":"has-post-thumbnail","7":"category-entrevistas-galicia","8":"tag-esquerda-unida","9":"tag-eva-solla","10":"tag-politica"},"yoast_head":"<!-- This site is optimized with the Yoast SEO plugin v27.4 - https:\/\/yoast.com\/product\/yoast-seo-wordpress\/ -->\n<title>Eva Solla coordinadora nacional de Esquerda Unida -<\/title>\n<meta name=\"robots\" content=\"index, follow, max-snippet:-1, max-image-preview:large, max-video-preview:-1\" \/>\n<link rel=\"canonical\" href=\"https:\/\/www.anovapeneira.gal\/index.php\/2019\/07\/22\/eva-solla-coordinadora-nacional-de-esquerda-unida\/\" \/>\n<meta property=\"og:locale\" content=\"gl_ES\" \/>\n<meta property=\"og:type\" content=\"article\" \/>\n<meta property=\"og:title\" content=\"Eva Solla coordinadora nacional de Esquerda Unida -\" \/>\n<meta property=\"og:description\" content=\"Eva Solla \u00e9 a coordinadora nacional de Esquerda Unida, SX do PCG, deputada no parlamento de Galicia, e \u00e9 unha muller intelixente, amable e cordial coa que sempre \u00e9 un pracer manter unha conversa .Acheg\u00e1monos [...]\" \/>\n<meta property=\"og:url\" content=\"https:\/\/www.anovapeneira.gal\/index.php\/2019\/07\/22\/eva-solla-coordinadora-nacional-de-esquerda-unida\/\" \/>\n<meta property=\"article:publisher\" content=\"https:\/\/www.facebook.com\/anovapeneira\" \/>\n<meta property=\"article:published_time\" content=\"2019-07-22T21:01:00+00:00\" \/>\n<meta property=\"article:modified_time\" content=\"2019-07-23T05:51:22+00:00\" \/>\n<meta property=\"og:image\" content=\"https:\/\/www.anovapeneira.gal\/wp-content\/uploads\/2019\/07\/eva_solla_a_nova_peneira.jpg\" \/>\n\t<meta property=\"og:image:width\" content=\"720\" \/>\n\t<meta property=\"og:image:height\" content=\"473\" \/>\n\t<meta property=\"og:image:type\" content=\"image\/jpeg\" \/>\n<meta name=\"author\" content=\"Redacci\u00f3n A Nova Peneira\" \/>\n<meta name=\"twitter:card\" content=\"summary_large_image\" \/>\n<meta name=\"twitter:creator\" content=\"@APeneira\" \/>\n<meta name=\"twitter:site\" content=\"@APeneira\" \/>\n<meta name=\"twitter:label1\" content=\"Escrito por\" \/>\n\t<meta name=\"twitter:data1\" content=\"Redacci\u00f3n A Nova Peneira\" \/>\n\t<meta name=\"twitter:label2\" content=\"Tempo de lectura\" \/>\n\t<meta name=\"twitter:data2\" content=\"7 minutos\" \/>\n<script type=\"application\/ld+json\" class=\"yoast-schema-graph\">{\"@context\":\"https:\\\/\\\/schema.org\",\"@graph\":[{\"@type\":\"Article\",\"@id\":\"https:\\\/\\\/www.anovapeneira.gal\\\/index.php\\\/2019\\\/07\\\/22\\\/eva-solla-coordinadora-nacional-de-esquerda-unida\\\/#article\",\"isPartOf\":{\"@id\":\"https:\\\/\\\/www.anovapeneira.gal\\\/index.php\\\/2019\\\/07\\\/22\\\/eva-solla-coordinadora-nacional-de-esquerda-unida\\\/\"},\"author\":{\"name\":\"Redacci\u00f3n A Nova Peneira\",\"@id\":\"https:\\\/\\\/www.anovapeneira.gal\\\/#\\\/schema\\\/person\\\/b93e3f8932e3f8da96334607eb6ac6aa\"},\"headline\":\"Eva Solla coordinadora nacional de Esquerda Unida\",\"datePublished\":\"2019-07-22T21:01:00+00:00\",\"dateModified\":\"2019-07-23T05:51:22+00:00\",\"mainEntityOfPage\":{\"@id\":\"https:\\\/\\\/www.anovapeneira.gal\\\/index.php\\\/2019\\\/07\\\/22\\\/eva-solla-coordinadora-nacional-de-esquerda-unida\\\/\"},\"wordCount\":1432,\"commentCount\":2,\"publisher\":{\"@id\":\"https:\\\/\\\/www.anovapeneira.gal\\\/#organization\"},\"image\":{\"@id\":\"https:\\\/\\\/www.anovapeneira.gal\\\/index.php\\\/2019\\\/07\\\/22\\\/eva-solla-coordinadora-nacional-de-esquerda-unida\\\/#primaryimage\"},\"thumbnailUrl\":\"https:\\\/\\\/www.anovapeneira.gal\\\/wp-content\\\/uploads\\\/2019\\\/07\\\/eva_solla_a_nova_peneira.jpg\",\"keywords\":[\"Esquerda Unida\",\"Eva Solla\",\"Pol\u00edtica\"],\"articleSection\":[\"Entrevistas\"],\"inLanguage\":\"gl-ES\",\"potentialAction\":[{\"@type\":\"CommentAction\",\"name\":\"Comment\",\"target\":[\"https:\\\/\\\/www.anovapeneira.gal\\\/index.php\\\/2019\\\/07\\\/22\\\/eva-solla-coordinadora-nacional-de-esquerda-unida\\\/#respond\"]}]},{\"@type\":\"WebPage\",\"@id\":\"https:\\\/\\\/www.anovapeneira.gal\\\/index.php\\\/2019\\\/07\\\/22\\\/eva-solla-coordinadora-nacional-de-esquerda-unida\\\/\",\"url\":\"https:\\\/\\\/www.anovapeneira.gal\\\/index.php\\\/2019\\\/07\\\/22\\\/eva-solla-coordinadora-nacional-de-esquerda-unida\\\/\",\"name\":\"Eva Solla coordinadora nacional de Esquerda Unida -\",\"isPartOf\":{\"@id\":\"https:\\\/\\\/www.anovapeneira.gal\\\/#website\"},\"primaryImageOfPage\":{\"@id\":\"https:\\\/\\\/www.anovapeneira.gal\\\/index.php\\\/2019\\\/07\\\/22\\\/eva-solla-coordinadora-nacional-de-esquerda-unida\\\/#primaryimage\"},\"image\":{\"@id\":\"https:\\\/\\\/www.anovapeneira.gal\\\/index.php\\\/2019\\\/07\\\/22\\\/eva-solla-coordinadora-nacional-de-esquerda-unida\\\/#primaryimage\"},\"thumbnailUrl\":\"https:\\\/\\\/www.anovapeneira.gal\\\/wp-content\\\/uploads\\\/2019\\\/07\\\/eva_solla_a_nova_peneira.jpg\",\"datePublished\":\"2019-07-22T21:01:00+00:00\",\"dateModified\":\"2019-07-23T05:51:22+00:00\",\"breadcrumb\":{\"@id\":\"https:\\\/\\\/www.anovapeneira.gal\\\/index.php\\\/2019\\\/07\\\/22\\\/eva-solla-coordinadora-nacional-de-esquerda-unida\\\/#breadcrumb\"},\"inLanguage\":\"gl-ES\",\"potentialAction\":[{\"@type\":\"ReadAction\",\"target\":[\"https:\\\/\\\/www.anovapeneira.gal\\\/index.php\\\/2019\\\/07\\\/22\\\/eva-solla-coordinadora-nacional-de-esquerda-unida\\\/\"]}]},{\"@type\":\"ImageObject\",\"inLanguage\":\"gl-ES\",\"@id\":\"https:\\\/\\\/www.anovapeneira.gal\\\/index.php\\\/2019\\\/07\\\/22\\\/eva-solla-coordinadora-nacional-de-esquerda-unida\\\/#primaryimage\",\"url\":\"https:\\\/\\\/www.anovapeneira.gal\\\/wp-content\\\/uploads\\\/2019\\\/07\\\/eva_solla_a_nova_peneira.jpg\",\"contentUrl\":\"https:\\\/\\\/www.anovapeneira.gal\\\/wp-content\\\/uploads\\\/2019\\\/07\\\/eva_solla_a_nova_peneira.jpg\",\"width\":720,\"height\":473,\"caption\":\"Eva Solla coordinadora nacional de Esquerda Unida. A Nova Peneira\"},{\"@type\":\"BreadcrumbList\",\"@id\":\"https:\\\/\\\/www.anovapeneira.gal\\\/index.php\\\/2019\\\/07\\\/22\\\/eva-solla-coordinadora-nacional-de-esquerda-unida\\\/#breadcrumb\",\"itemListElement\":[{\"@type\":\"ListItem\",\"position\":1,\"name\":\"Portada\",\"item\":\"https:\\\/\\\/www.anovapeneira.gal\\\/\"},{\"@type\":\"ListItem\",\"position\":2,\"name\":\"Eva Solla coordinadora nacional de Esquerda Unida\"}]},{\"@type\":\"WebSite\",\"@id\":\"https:\\\/\\\/www.anovapeneira.gal\\\/#website\",\"url\":\"https:\\\/\\\/www.anovapeneira.gal\\\/\",\"name\":\"\",\"description\":\"Xornal galego de informaci\u00f3n xeral Publicaci\u00f3n mensual de novas de Galicia e en especial dos Concellos da sur da provincia de Pontevedra.\",\"publisher\":{\"@id\":\"https:\\\/\\\/www.anovapeneira.gal\\\/#organization\"},\"potentialAction\":[{\"@type\":\"SearchAction\",\"target\":{\"@type\":\"EntryPoint\",\"urlTemplate\":\"https:\\\/\\\/www.anovapeneira.gal\\\/?s={search_term_string}\"},\"query-input\":{\"@type\":\"PropertyValueSpecification\",\"valueRequired\":true,\"valueName\":\"search_term_string\"}}],\"inLanguage\":\"gl-ES\"},{\"@type\":\"Organization\",\"@id\":\"https:\\\/\\\/www.anovapeneira.gal\\\/#organization\",\"name\":\"A Nova Peneira\",\"url\":\"https:\\\/\\\/www.anovapeneira.gal\\\/\",\"logo\":{\"@type\":\"ImageObject\",\"inLanguage\":\"gl-ES\",\"@id\":\"https:\\\/\\\/www.anovapeneira.gal\\\/#\\\/schema\\\/logo\\\/image\\\/\",\"url\":\"http:\\\/\\\/www.anovapeneira.gal\\\/wp-content\\\/uploads\\\/2019\\\/06\\\/logo_a_nova_peneira_portal_web.png\",\"contentUrl\":\"http:\\\/\\\/www.anovapeneira.gal\\\/wp-content\\\/uploads\\\/2019\\\/06\\\/logo_a_nova_peneira_portal_web.png\",\"width\":300,\"height\":100,\"caption\":\"A Nova Peneira\"},\"image\":{\"@id\":\"https:\\\/\\\/www.anovapeneira.gal\\\/#\\\/schema\\\/logo\\\/image\\\/\"},\"sameAs\":[\"https:\\\/\\\/www.facebook.com\\\/anovapeneira\",\"https:\\\/\\\/x.com\\\/APeneira\"]},{\"@type\":\"Person\",\"@id\":\"https:\\\/\\\/www.anovapeneira.gal\\\/#\\\/schema\\\/person\\\/b93e3f8932e3f8da96334607eb6ac6aa\",\"name\":\"Redacci\u00f3n A Nova Peneira\",\"image\":{\"@type\":\"ImageObject\",\"inLanguage\":\"gl-ES\",\"@id\":\"https:\\\/\\\/secure.gravatar.com\\\/avatar\\\/c052a2551a06e23fac63626232eaa90abd78dbcf1700fc46a2b2c89fd27b735f?s=96&d=mm&r=g\",\"url\":\"https:\\\/\\\/secure.gravatar.com\\\/avatar\\\/c052a2551a06e23fac63626232eaa90abd78dbcf1700fc46a2b2c89fd27b735f?s=96&d=mm&r=g\",\"contentUrl\":\"https:\\\/\\\/secure.gravatar.com\\\/avatar\\\/c052a2551a06e23fac63626232eaa90abd78dbcf1700fc46a2b2c89fd27b735f?s=96&d=mm&r=g\",\"caption\":\"Redacci\u00f3n A Nova Peneira\"},\"sameAs\":[\"http:\\\/\\\/www.anovapeneira.gal\\\/\"],\"url\":\"https:\\\/\\\/www.anovapeneira.gal\\\/index.php\\\/author\\\/redactor\\\/\"}]}<\/script>\n<!-- \/ Yoast SEO plugin. -->","yoast_head_json":{"title":"Eva Solla coordinadora nacional de Esquerda Unida -","robots":{"index":"index","follow":"follow","max-snippet":"max-snippet:-1","max-image-preview":"max-image-preview:large","max-video-preview":"max-video-preview:-1"},"canonical":"https:\/\/www.anovapeneira.gal\/index.php\/2019\/07\/22\/eva-solla-coordinadora-nacional-de-esquerda-unida\/","og_locale":"gl_ES","og_type":"article","og_title":"Eva Solla coordinadora nacional de Esquerda Unida -","og_description":"Eva Solla \u00e9 a coordinadora nacional de Esquerda Unida, SX do PCG, deputada no parlamento de Galicia, e \u00e9 unha muller intelixente, amable e cordial coa que sempre \u00e9 un pracer manter unha conversa .Acheg\u00e1monos [...]","og_url":"https:\/\/www.anovapeneira.gal\/index.php\/2019\/07\/22\/eva-solla-coordinadora-nacional-de-esquerda-unida\/","article_publisher":"https:\/\/www.facebook.com\/anovapeneira","article_published_time":"2019-07-22T21:01:00+00:00","article_modified_time":"2019-07-23T05:51:22+00:00","og_image":[{"width":720,"height":473,"url":"https:\/\/www.anovapeneira.gal\/wp-content\/uploads\/2019\/07\/eva_solla_a_nova_peneira.jpg","type":"image\/jpeg"}],"author":"Redacci\u00f3n A Nova Peneira","twitter_card":"summary_large_image","twitter_creator":"@APeneira","twitter_site":"@APeneira","twitter_misc":{"Escrito por":"Redacci\u00f3n A Nova Peneira","Tempo de lectura":"7 minutos"},"schema":{"@context":"https:\/\/schema.org","@graph":[{"@type":"Article","@id":"https:\/\/www.anovapeneira.gal\/index.php\/2019\/07\/22\/eva-solla-coordinadora-nacional-de-esquerda-unida\/#article","isPartOf":{"@id":"https:\/\/www.anovapeneira.gal\/index.php\/2019\/07\/22\/eva-solla-coordinadora-nacional-de-esquerda-unida\/"},"author":{"name":"Redacci\u00f3n A Nova Peneira","@id":"https:\/\/www.anovapeneira.gal\/#\/schema\/person\/b93e3f8932e3f8da96334607eb6ac6aa"},"headline":"Eva Solla coordinadora nacional de Esquerda Unida","datePublished":"2019-07-22T21:01:00+00:00","dateModified":"2019-07-23T05:51:22+00:00","mainEntityOfPage":{"@id":"https:\/\/www.anovapeneira.gal\/index.php\/2019\/07\/22\/eva-solla-coordinadora-nacional-de-esquerda-unida\/"},"wordCount":1432,"commentCount":2,"publisher":{"@id":"https:\/\/www.anovapeneira.gal\/#organization"},"image":{"@id":"https:\/\/www.anovapeneira.gal\/index.php\/2019\/07\/22\/eva-solla-coordinadora-nacional-de-esquerda-unida\/#primaryimage"},"thumbnailUrl":"https:\/\/www.anovapeneira.gal\/wp-content\/uploads\/2019\/07\/eva_solla_a_nova_peneira.jpg","keywords":["Esquerda Unida","Eva Solla","Pol\u00edtica"],"articleSection":["Entrevistas"],"inLanguage":"gl-ES","potentialAction":[{"@type":"CommentAction","name":"Comment","target":["https:\/\/www.anovapeneira.gal\/index.php\/2019\/07\/22\/eva-solla-coordinadora-nacional-de-esquerda-unida\/#respond"]}]},{"@type":"WebPage","@id":"https:\/\/www.anovapeneira.gal\/index.php\/2019\/07\/22\/eva-solla-coordinadora-nacional-de-esquerda-unida\/","url":"https:\/\/www.anovapeneira.gal\/index.php\/2019\/07\/22\/eva-solla-coordinadora-nacional-de-esquerda-unida\/","name":"Eva Solla coordinadora nacional de Esquerda Unida -","isPartOf":{"@id":"https:\/\/www.anovapeneira.gal\/#website"},"primaryImageOfPage":{"@id":"https:\/\/www.anovapeneira.gal\/index.php\/2019\/07\/22\/eva-solla-coordinadora-nacional-de-esquerda-unida\/#primaryimage"},"image":{"@id":"https:\/\/www.anovapeneira.gal\/index.php\/2019\/07\/22\/eva-solla-coordinadora-nacional-de-esquerda-unida\/#primaryimage"},"thumbnailUrl":"https:\/\/www.anovapeneira.gal\/wp-content\/uploads\/2019\/07\/eva_solla_a_nova_peneira.jpg","datePublished":"2019-07-22T21:01:00+00:00","dateModified":"2019-07-23T05:51:22+00:00","breadcrumb":{"@id":"https:\/\/www.anovapeneira.gal\/index.php\/2019\/07\/22\/eva-solla-coordinadora-nacional-de-esquerda-unida\/#breadcrumb"},"inLanguage":"gl-ES","potentialAction":[{"@type":"ReadAction","target":["https:\/\/www.anovapeneira.gal\/index.php\/2019\/07\/22\/eva-solla-coordinadora-nacional-de-esquerda-unida\/"]}]},{"@type":"ImageObject","inLanguage":"gl-ES","@id":"https:\/\/www.anovapeneira.gal\/index.php\/2019\/07\/22\/eva-solla-coordinadora-nacional-de-esquerda-unida\/#primaryimage","url":"https:\/\/www.anovapeneira.gal\/wp-content\/uploads\/2019\/07\/eva_solla_a_nova_peneira.jpg","contentUrl":"https:\/\/www.anovapeneira.gal\/wp-content\/uploads\/2019\/07\/eva_solla_a_nova_peneira.jpg","width":720,"height":473,"caption":"Eva Solla coordinadora nacional de Esquerda Unida. A Nova Peneira"},{"@type":"BreadcrumbList","@id":"https:\/\/www.anovapeneira.gal\/index.php\/2019\/07\/22\/eva-solla-coordinadora-nacional-de-esquerda-unida\/#breadcrumb","itemListElement":[{"@type":"ListItem","position":1,"name":"Portada","item":"https:\/\/www.anovapeneira.gal\/"},{"@type":"ListItem","position":2,"name":"Eva Solla coordinadora nacional de Esquerda Unida"}]},{"@type":"WebSite","@id":"https:\/\/www.anovapeneira.gal\/#website","url":"https:\/\/www.anovapeneira.gal\/","name":"","description":"Xornal galego de informaci\u00f3n xeral Publicaci\u00f3n mensual de novas de Galicia e en especial dos Concellos da sur da provincia de Pontevedra.","publisher":{"@id":"https:\/\/www.anovapeneira.gal\/#organization"},"potentialAction":[{"@type":"SearchAction","target":{"@type":"EntryPoint","urlTemplate":"https:\/\/www.anovapeneira.gal\/?s={search_term_string}"},"query-input":{"@type":"PropertyValueSpecification","valueRequired":true,"valueName":"search_term_string"}}],"inLanguage":"gl-ES"},{"@type":"Organization","@id":"https:\/\/www.anovapeneira.gal\/#organization","name":"A Nova Peneira","url":"https:\/\/www.anovapeneira.gal\/","logo":{"@type":"ImageObject","inLanguage":"gl-ES","@id":"https:\/\/www.anovapeneira.gal\/#\/schema\/logo\/image\/","url":"http:\/\/www.anovapeneira.gal\/wp-content\/uploads\/2019\/06\/logo_a_nova_peneira_portal_web.png","contentUrl":"http:\/\/www.anovapeneira.gal\/wp-content\/uploads\/2019\/06\/logo_a_nova_peneira_portal_web.png","width":300,"height":100,"caption":"A Nova Peneira"},"image":{"@id":"https:\/\/www.anovapeneira.gal\/#\/schema\/logo\/image\/"},"sameAs":["https:\/\/www.facebook.com\/anovapeneira","https:\/\/x.com\/APeneira"]},{"@type":"Person","@id":"https:\/\/www.anovapeneira.gal\/#\/schema\/person\/b93e3f8932e3f8da96334607eb6ac6aa","name":"Redacci\u00f3n A Nova Peneira","image":{"@type":"ImageObject","inLanguage":"gl-ES","@id":"https:\/\/secure.gravatar.com\/avatar\/c052a2551a06e23fac63626232eaa90abd78dbcf1700fc46a2b2c89fd27b735f?s=96&d=mm&r=g","url":"https:\/\/secure.gravatar.com\/avatar\/c052a2551a06e23fac63626232eaa90abd78dbcf1700fc46a2b2c89fd27b735f?s=96&d=mm&r=g","contentUrl":"https:\/\/secure.gravatar.com\/avatar\/c052a2551a06e23fac63626232eaa90abd78dbcf1700fc46a2b2c89fd27b735f?s=96&d=mm&r=g","caption":"Redacci\u00f3n A Nova Peneira"},"sameAs":["http:\/\/www.anovapeneira.gal\/"],"url":"https:\/\/www.anovapeneira.gal\/index.php\/author\/redactor\/"}]}},"jetpack_featured_media_url":"https:\/\/www.anovapeneira.gal\/wp-content\/uploads\/2019\/07\/eva_solla_a_nova_peneira.jpg","_links":{"self":[{"href":"https:\/\/www.anovapeneira.gal\/index.php\/wp-json\/wp\/v2\/posts\/524","targetHints":{"allow":["GET"]}}],"collection":[{"href":"https:\/\/www.anovapeneira.gal\/index.php\/wp-json\/wp\/v2\/posts"}],"about":[{"href":"https:\/\/www.anovapeneira.gal\/index.php\/wp-json\/wp\/v2\/types\/post"}],"author":[{"embeddable":true,"href":"https:\/\/www.anovapeneira.gal\/index.php\/wp-json\/wp\/v2\/users\/3"}],"replies":[{"embeddable":true,"href":"https:\/\/www.anovapeneira.gal\/index.php\/wp-json\/wp\/v2\/comments?post=524"}],"version-history":[{"count":1,"href":"https:\/\/www.anovapeneira.gal\/index.php\/wp-json\/wp\/v2\/posts\/524\/revisions"}],"predecessor-version":[{"id":526,"href":"https:\/\/www.anovapeneira.gal\/index.php\/wp-json\/wp\/v2\/posts\/524\/revisions\/526"}],"wp:featuredmedia":[{"embeddable":true,"href":"https:\/\/www.anovapeneira.gal\/index.php\/wp-json\/wp\/v2\/media\/525"}],"wp:attachment":[{"href":"https:\/\/www.anovapeneira.gal\/index.php\/wp-json\/wp\/v2\/media?parent=524"}],"wp:term":[{"taxonomy":"category","embeddable":true,"href":"https:\/\/www.anovapeneira.gal\/index.php\/wp-json\/wp\/v2\/categories?post=524"},{"taxonomy":"post_tag","embeddable":true,"href":"https:\/\/www.anovapeneira.gal\/index.php\/wp-json\/wp\/v2\/tags?post=524"}],"curies":[{"name":"wp","href":"https:\/\/api.w.org\/{rel}","templated":true}]}}