{"id":5242,"date":"2021-04-20T12:00:22","date_gmt":"2021-04-20T10:00:22","guid":{"rendered":"http:\/\/www.anovapeneira.gal\/?p=5242"},"modified":"2021-04-18T19:01:45","modified_gmt":"2021-04-18T17:01:45","slug":"xornalixo-vs-xornalismo","status":"publish","type":"post","link":"https:\/\/www.anovapeneira.gal\/index.php\/2021\/04\/20\/xornalixo-vs-xornalismo\/","title":{"rendered":"Xornalixo vs. Xornalismo"},"content":{"rendered":"\n<figure class=\"wp-block-image size-large is-resized\"><img loading=\"lazy\" decoding=\"async\" src=\"http:\/\/www.anovapeneira.gal\/wp-content\/uploads\/2019\/07\/moncho_lareu_a_nova_peneira_bn.jpg\" alt=\"\" class=\"wp-image-751\" width=\"95\" height=\"111\"\/><figcaption>Moncho Lareu. Membro de Anova e do CC da FPG<\/figcaption><\/figure>\n\n\n\n<p>Deb\u00e1tese nestes d\u00edas encol dunha pol\u00e9mica nacida na lameira na que se converteu a pol\u00edtica do Reino de Espa\u00f1a, para sermos exactos, na lameira fedorenta que \u00e9 a pol\u00edtica da s\u00faa capital e na campa\u00f1a miserenta das elecci\u00f3ns auton\u00f3micas madrile\u00f1as. Na \u201cEspa\u00f1a de las pol\u00e9micas\u201d, esta \u00faltima nace a partir dun v\u00eddeo de precampa\u00f1a da candidtura Unidas Podemos, un espazo pol\u00edtico que, coas s\u00faas virtudes e os seus defectos, se rebelou dende o seu nacemento no m\u00e1is atacado, denostado e insultado de todo o espectro politico estatal, exceptuando as periferias, onde as esquerdas independentistas xa temos talos \u00e1 hora de aturar as campa\u00f1as intoxicadoras das empresas medi\u00e1ticas do r\u00e9xime espa\u00f1ol.<\/p>\n\n\n\n<p>Nun v\u00eddeo para redes, esta candidatura da nova esquerda socialdem\u00f3crata, coloca ao xornalismo espa\u00f1ol m\u00e1is palanganeiro, vasalo e servil diante do espello. Do espello da s\u00faa manipulaci\u00f3n, da s\u00faa propaganda e da s\u00faa ira m\u00e1is miserenta. De contado saltan todas as alarmas no v\u00e9rtice VIP do gremio, e de forma inmediata, tanto xornalistas \u201cprogres\u201d coma xornalistas \u201cfachas\u201d da&nbsp;<em>caverna<\/em>sacan o seu m\u00e1is lament\u00e1bel e hip\u00f3cr\u00edta corporativismo para berrar aos catro ventos que eles son intoc\u00e1beis, que son sagrados, que est\u00e1n tocados pola providencia e que calquera ataque ao seu grei \u00e9 un \u201cataque a la democracia\u201d [sic]. Pretenden dicirnos do xeito m\u00e1is c\u00ednico e vitimista imaxin\u00e1bel que eles poden atacar sen ser atacados, desenmascarar sen ser desenmascarados, insultar sen ser insultados. Do contrario, tratar\u00edase dun ataque a \u201cla libertad de expresi\u00f3n\u201d.<\/p>\n\n\n\n<p>Detr\u00e1s de semellante hiperventilaci\u00f3n, sobreactuaci\u00f3n e sainete grotesco co que reaccionan os nomes m\u00e1is sobranceiros e co\u00f1ecidos da profesi\u00f3n est\u00e1 o medo a que se destapen as s\u00faas miserias: a s\u00faa submisi\u00f3n editorial e discursiva \u00e1s grandes empresas e \u00e1 banca, as s\u00faas relaci\u00f3ns coas cloacas e coa corrupci\u00f3n, a s\u00faa actitude cortes\u00e1 coa monarqu\u00eda m\u00e1is ladroa e podre de Europa, os seus negocios suxos con patrocinadores e testaferros, a s\u00faa complicidade \u00e1 hora de tapar as torturas, os abusos policiais e as vulneraci\u00f3ns dos dereitos humanos no Estado Espa\u00f1ol mentres se inventan as de Cuba, Venezuela e outros paises que non se someten \u00e1 orde mundial terrorista e criminal do capitalismo en fase imperialista.<\/p>\n\n\n\n<p>Son lixo, xornalixo. Falan no nome do xornalismo cando est\u00e1n a lixar o seu nome e reputaci\u00f3n. E, por suposto, non lle chegan \u00e1 sola dos zapatos \u00e1s e aos xornalistas de verdade. Aos subalternos, aos precarios, aos subcontratados, aos que se deixan a pel por erguer pequenos proxectos alternativos non sometidos aos grandes poderes f\u00e1cticos. Non lle chegan \u00e1 sola dos zapatos tampouco aos reporteiros que son agredidos pola pol\u00edc\u00eda do r\u00e9xime ou por bandas de fascistas, aos xornalistas despedidos por dicir verdades inc\u00f3modas, aos que entran en listas negras \u201cdos de arriba\u201d e te\u00f1en que malvivir traballando por libre ou no anonimato, publicando moitas veces con pseud\u00f3nimos. A \u201cnormalidade democr\u00e1tica\u201d do Reino borb\u00f3nico.<\/p>\n\n\n\n<p>Venme \u00e1 cabeza Pepe Rei, xornalista galego, internacionalista e solidario, recentemente falecido e que fomos co\u00f1ecendo grazas a&nbsp;<em>Ardi Beltza<\/em>ou<em>Kalegorria<\/em>e \u00e1s s\u00faas visitas estivais a Galiza, onde participaba nos 25 de xullo nas manifestaci\u00f3ns independentistas da Frente Popular Galega. Pepe Rei foi xulgado e procesado en varias ocasi\u00f3ns por contar as verdades. Os seus medios foron pechados e censurados, e ning\u00fan destes \u201cgrandes nomes\u201d do xornalixo espa\u00f1ol se solidarizou con el, todo o contrario. Venme \u00e1 cabeza Rebeca Quint\u00e1ns, golpe a golpe. V\u00e9\u00f1enme \u00e1 cabeza Josu Muguruza e Xabier Galdeano, xornalistas do diario&nbsp;<em>Egin<\/em>asasinados polo terrorismo de estado espa\u00f1ol, ou Martxelo Otamendi, director de<em>Egunkaria<\/em>torturado baixo custodia xudicial xunto con outros compa\u00f1eiros por facer un xornal en euskera. Para eles non houbo \u201ccorporativismo\u201d, abof\u00e9.<\/p>\n\n\n\n<p>\u00c1 hora de exercer o oficio tam\u00e9n hai clases. Os acomodados non morden da man de quen lles d\u00e1 de comer, son submisos co poder e tremendamente agresivos con que ameace m\u00ednimamente os piares do mesmo. Doutro lado est\u00e1n os traballadores e traballadoras dos media, os Xornalistas con mai\u00fasculas, os que est\u00e1n a p\u00e9 de r\u00faa, os que arriscan e os que est\u00e1n do lado dos desherdados e oprimidos, os que, por exemplo, erguen con moito sacrificio e poucas axudas proxectos informativos populares e comarcais, como esta&nbsp;<em>A Nova Peneira<\/em>. Son o proletariado da informaci\u00f3n. Son a nosa xente.<\/p>\n","protected":false},"excerpt":{"rendered":"<div class=\"mh-excerpt\"><p>Deb\u00e1tese nestes d\u00edas encol dunha pol\u00e9mica nacida na lameira na que se converteu a pol\u00edtica do Reino de Espa\u00f1a, para sermos exactos, na lameira fedorenta que \u00e9 a pol\u00edtica da s\u00faa capital e na campa\u00f1a miserenta das elecci\u00f3ns auton\u00f3micas madrile\u00f1as <a class=\"mh-excerpt-more\" href=\"https:\/\/www.anovapeneira.gal\/index.php\/2021\/04\/20\/xornalixo-vs-xornalismo\/\" title=\"Xornalixo vs. Xornalismo\">[&#8230;]<\/a><\/p>\n<\/div>","protected":false},"author":20,"featured_media":584,"comment_status":"open","ping_status":"open","sticky":false,"template":"","format":"standard","meta":{"_exactmetrics_skip_tracking":false,"_exactmetrics_sitenote_active":false,"_exactmetrics_sitenote_note":"","_exactmetrics_sitenote_category":0,"footnotes":""},"categories":[7],"tags":[58],"class_list":{"0":"post-5242","1":"post","2":"type-post","3":"status-publish","4":"format-standard","5":"has-post-thumbnail","7":"category-artigos-de-opinion","8":"tag-opinion"},"yoast_head":"<!-- This site is optimized with the Yoast SEO plugin v27.4 - https:\/\/yoast.com\/product\/yoast-seo-wordpress\/ -->\n<title>Xornalixo vs. Xornalismo -<\/title>\n<meta name=\"description\" content=\"Deb\u00e1tese nestes d\u00edas encol dunha pol\u00e9mica nacida na lameira na que se converteu a pol\u00edtica do Reino de Espa\u00f1a, para sermos exactos, na lameira fedorenta que \u00e9 a pol\u00edtica da s\u00faa capital e na campa\u00f1a miserenta das elecci\u00f3ns auton\u00f3micas madrile\u00f1as\" \/>\n<meta name=\"robots\" content=\"index, follow, max-snippet:-1, max-image-preview:large, max-video-preview:-1\" \/>\n<link rel=\"canonical\" href=\"https:\/\/www.anovapeneira.gal\/index.php\/2021\/04\/20\/xornalixo-vs-xornalismo\/\" \/>\n<meta property=\"og:locale\" content=\"gl_ES\" \/>\n<meta property=\"og:type\" content=\"article\" \/>\n<meta property=\"og:title\" content=\"Xornalixo vs. Xornalismo\" \/>\n<meta property=\"og:description\" content=\"Deb\u00e1tese nestes d\u00edas encol dunha pol\u00e9mica nacida na lameira na que se converteu a pol\u00edtica do Reino de Espa\u00f1a, para sermos exactos, na lameira fedorenta que \u00e9 a pol\u00edtica da s\u00faa capital e na campa\u00f1a miserenta das elecci\u00f3ns auton\u00f3micas madrile\u00f1as\" \/>\n<meta property=\"og:url\" content=\"https:\/\/www.anovapeneira.gal\/index.php\/2021\/04\/20\/xornalixo-vs-xornalismo\/\" \/>\n<meta property=\"article:publisher\" content=\"https:\/\/www.facebook.com\/anovapeneira\" \/>\n<meta property=\"article:published_time\" content=\"2021-04-20T10:00:22+00:00\" \/>\n<meta property=\"og:image\" content=\"https:\/\/www.anovapeneira.gal\/wp-content\/uploads\/2019\/07\/ARTIGO_DE_OPINION_A_NOVA_PENEIRA.jpg\" \/>\n\t<meta property=\"og:image:width\" content=\"720\" \/>\n\t<meta property=\"og:image:height\" content=\"473\" \/>\n\t<meta property=\"og:image:type\" content=\"image\/jpeg\" \/>\n<meta name=\"author\" content=\"Moncho Lareu\" \/>\n<meta name=\"twitter:card\" content=\"summary_large_image\" \/>\n<meta name=\"twitter:title\" content=\"Xornalixo vs. Xornalismo\" \/>\n<meta name=\"twitter:description\" content=\"Deb\u00e1tese nestes d\u00edas encol dunha pol\u00e9mica nacida na lameira na que se converteu a pol\u00edtica do Reino de Espa\u00f1a, para sermos exactos, na lameira fedorenta que \u00e9 a pol\u00edtica da s\u00faa capital e na campa\u00f1a miserenta das elecci\u00f3ns auton\u00f3micas madrile\u00f1as\" \/>\n<meta name=\"twitter:creator\" content=\"@APeneira\" \/>\n<meta name=\"twitter:site\" content=\"@APeneira\" \/>\n<meta name=\"twitter:label1\" content=\"Escrito por\" \/>\n\t<meta name=\"twitter:data1\" content=\"Moncho Lareu\" \/>\n\t<meta name=\"twitter:label2\" content=\"Tempo de lectura\" \/>\n\t<meta name=\"twitter:data2\" content=\"4 minutos\" \/>\n<script type=\"application\/ld+json\" class=\"yoast-schema-graph\">{\"@context\":\"https:\\\/\\\/schema.org\",\"@graph\":[{\"@type\":\"Article\",\"@id\":\"https:\\\/\\\/www.anovapeneira.gal\\\/index.php\\\/2021\\\/04\\\/20\\\/xornalixo-vs-xornalismo\\\/#article\",\"isPartOf\":{\"@id\":\"https:\\\/\\\/www.anovapeneira.gal\\\/index.php\\\/2021\\\/04\\\/20\\\/xornalixo-vs-xornalismo\\\/\"},\"author\":{\"name\":\"Moncho Lareu\",\"@id\":\"https:\\\/\\\/www.anovapeneira.gal\\\/#\\\/schema\\\/person\\\/3df7d3e1f38ddcee2ddb9d0bee1a0628\"},\"headline\":\"Xornalixo vs. Xornalismo\",\"datePublished\":\"2021-04-20T10:00:22+00:00\",\"mainEntityOfPage\":{\"@id\":\"https:\\\/\\\/www.anovapeneira.gal\\\/index.php\\\/2021\\\/04\\\/20\\\/xornalixo-vs-xornalismo\\\/\"},\"wordCount\":777,\"commentCount\":0,\"publisher\":{\"@id\":\"https:\\\/\\\/www.anovapeneira.gal\\\/#organization\"},\"image\":{\"@id\":\"https:\\\/\\\/www.anovapeneira.gal\\\/index.php\\\/2021\\\/04\\\/20\\\/xornalixo-vs-xornalismo\\\/#primaryimage\"},\"thumbnailUrl\":\"https:\\\/\\\/www.anovapeneira.gal\\\/wp-content\\\/uploads\\\/2019\\\/07\\\/ARTIGO_DE_OPINION_A_NOVA_PENEIRA.jpg\",\"keywords\":[\"Opini\u00f3n\"],\"articleSection\":[\"Artigos de opini\u00f3n\"],\"inLanguage\":\"gl-ES\",\"potentialAction\":[{\"@type\":\"CommentAction\",\"name\":\"Comment\",\"target\":[\"https:\\\/\\\/www.anovapeneira.gal\\\/index.php\\\/2021\\\/04\\\/20\\\/xornalixo-vs-xornalismo\\\/#respond\"]}]},{\"@type\":\"WebPage\",\"@id\":\"https:\\\/\\\/www.anovapeneira.gal\\\/index.php\\\/2021\\\/04\\\/20\\\/xornalixo-vs-xornalismo\\\/\",\"url\":\"https:\\\/\\\/www.anovapeneira.gal\\\/index.php\\\/2021\\\/04\\\/20\\\/xornalixo-vs-xornalismo\\\/\",\"name\":\"Xornalixo vs. Xornalismo -\",\"isPartOf\":{\"@id\":\"https:\\\/\\\/www.anovapeneira.gal\\\/#website\"},\"primaryImageOfPage\":{\"@id\":\"https:\\\/\\\/www.anovapeneira.gal\\\/index.php\\\/2021\\\/04\\\/20\\\/xornalixo-vs-xornalismo\\\/#primaryimage\"},\"image\":{\"@id\":\"https:\\\/\\\/www.anovapeneira.gal\\\/index.php\\\/2021\\\/04\\\/20\\\/xornalixo-vs-xornalismo\\\/#primaryimage\"},\"thumbnailUrl\":\"https:\\\/\\\/www.anovapeneira.gal\\\/wp-content\\\/uploads\\\/2019\\\/07\\\/ARTIGO_DE_OPINION_A_NOVA_PENEIRA.jpg\",\"datePublished\":\"2021-04-20T10:00:22+00:00\",\"description\":\"Deb\u00e1tese nestes d\u00edas encol dunha pol\u00e9mica nacida na lameira na que se converteu a pol\u00edtica do Reino de Espa\u00f1a, para sermos exactos, na lameira fedorenta que \u00e9 a pol\u00edtica da s\u00faa capital e na campa\u00f1a miserenta das elecci\u00f3ns auton\u00f3micas madrile\u00f1as\",\"breadcrumb\":{\"@id\":\"https:\\\/\\\/www.anovapeneira.gal\\\/index.php\\\/2021\\\/04\\\/20\\\/xornalixo-vs-xornalismo\\\/#breadcrumb\"},\"inLanguage\":\"gl-ES\",\"potentialAction\":[{\"@type\":\"ReadAction\",\"target\":[\"https:\\\/\\\/www.anovapeneira.gal\\\/index.php\\\/2021\\\/04\\\/20\\\/xornalixo-vs-xornalismo\\\/\"]}]},{\"@type\":\"ImageObject\",\"inLanguage\":\"gl-ES\",\"@id\":\"https:\\\/\\\/www.anovapeneira.gal\\\/index.php\\\/2021\\\/04\\\/20\\\/xornalixo-vs-xornalismo\\\/#primaryimage\",\"url\":\"https:\\\/\\\/www.anovapeneira.gal\\\/wp-content\\\/uploads\\\/2019\\\/07\\\/ARTIGO_DE_OPINION_A_NOVA_PENEIRA.jpg\",\"contentUrl\":\"https:\\\/\\\/www.anovapeneira.gal\\\/wp-content\\\/uploads\\\/2019\\\/07\\\/ARTIGO_DE_OPINION_A_NOVA_PENEIRA.jpg\",\"width\":720,\"height\":473,\"caption\":\"Artigo de opini\u00f3n A Nova Peneira\"},{\"@type\":\"BreadcrumbList\",\"@id\":\"https:\\\/\\\/www.anovapeneira.gal\\\/index.php\\\/2021\\\/04\\\/20\\\/xornalixo-vs-xornalismo\\\/#breadcrumb\",\"itemListElement\":[{\"@type\":\"ListItem\",\"position\":1,\"name\":\"Portada\",\"item\":\"https:\\\/\\\/www.anovapeneira.gal\\\/\"},{\"@type\":\"ListItem\",\"position\":2,\"name\":\"Xornalixo vs. Xornalismo\"}]},{\"@type\":\"WebSite\",\"@id\":\"https:\\\/\\\/www.anovapeneira.gal\\\/#website\",\"url\":\"https:\\\/\\\/www.anovapeneira.gal\\\/\",\"name\":\"\",\"description\":\"Xornal galego de informaci\u00f3n xeral Publicaci\u00f3n mensual de novas de Galicia e en especial dos Concellos da sur da provincia de Pontevedra.\",\"publisher\":{\"@id\":\"https:\\\/\\\/www.anovapeneira.gal\\\/#organization\"},\"potentialAction\":[{\"@type\":\"SearchAction\",\"target\":{\"@type\":\"EntryPoint\",\"urlTemplate\":\"https:\\\/\\\/www.anovapeneira.gal\\\/?s={search_term_string}\"},\"query-input\":{\"@type\":\"PropertyValueSpecification\",\"valueRequired\":true,\"valueName\":\"search_term_string\"}}],\"inLanguage\":\"gl-ES\"},{\"@type\":\"Organization\",\"@id\":\"https:\\\/\\\/www.anovapeneira.gal\\\/#organization\",\"name\":\"A Nova Peneira\",\"url\":\"https:\\\/\\\/www.anovapeneira.gal\\\/\",\"logo\":{\"@type\":\"ImageObject\",\"inLanguage\":\"gl-ES\",\"@id\":\"https:\\\/\\\/www.anovapeneira.gal\\\/#\\\/schema\\\/logo\\\/image\\\/\",\"url\":\"http:\\\/\\\/www.anovapeneira.gal\\\/wp-content\\\/uploads\\\/2019\\\/06\\\/logo_a_nova_peneira_portal_web.png\",\"contentUrl\":\"http:\\\/\\\/www.anovapeneira.gal\\\/wp-content\\\/uploads\\\/2019\\\/06\\\/logo_a_nova_peneira_portal_web.png\",\"width\":300,\"height\":100,\"caption\":\"A Nova Peneira\"},\"image\":{\"@id\":\"https:\\\/\\\/www.anovapeneira.gal\\\/#\\\/schema\\\/logo\\\/image\\\/\"},\"sameAs\":[\"https:\\\/\\\/www.facebook.com\\\/anovapeneira\",\"https:\\\/\\\/x.com\\\/APeneira\"]},{\"@type\":\"Person\",\"@id\":\"https:\\\/\\\/www.anovapeneira.gal\\\/#\\\/schema\\\/person\\\/3df7d3e1f38ddcee2ddb9d0bee1a0628\",\"name\":\"Moncho Lareu\",\"image\":{\"@type\":\"ImageObject\",\"inLanguage\":\"gl-ES\",\"@id\":\"https:\\\/\\\/secure.gravatar.com\\\/avatar\\\/47b1711433a3b83d9747992d63c05708f734f76ad2d588ae93638a06737a5471?s=96&d=mm&r=g\",\"url\":\"https:\\\/\\\/secure.gravatar.com\\\/avatar\\\/47b1711433a3b83d9747992d63c05708f734f76ad2d588ae93638a06737a5471?s=96&d=mm&r=g\",\"contentUrl\":\"https:\\\/\\\/secure.gravatar.com\\\/avatar\\\/47b1711433a3b83d9747992d63c05708f734f76ad2d588ae93638a06737a5471?s=96&d=mm&r=g\",\"caption\":\"Moncho Lareu\"},\"sameAs\":[\"http:\\\/\\\/www.anovapeneira.gal\\\/\"],\"url\":\"https:\\\/\\\/www.anovapeneira.gal\\\/index.php\\\/author\\\/moncho-lareu\\\/\"}]}<\/script>\n<!-- \/ Yoast SEO plugin. -->","yoast_head_json":{"title":"Xornalixo vs. Xornalismo -","description":"Deb\u00e1tese nestes d\u00edas encol dunha pol\u00e9mica nacida na lameira na que se converteu a pol\u00edtica do Reino de Espa\u00f1a, para sermos exactos, na lameira fedorenta que \u00e9 a pol\u00edtica da s\u00faa capital e na campa\u00f1a miserenta das elecci\u00f3ns auton\u00f3micas madrile\u00f1as","robots":{"index":"index","follow":"follow","max-snippet":"max-snippet:-1","max-image-preview":"max-image-preview:large","max-video-preview":"max-video-preview:-1"},"canonical":"https:\/\/www.anovapeneira.gal\/index.php\/2021\/04\/20\/xornalixo-vs-xornalismo\/","og_locale":"gl_ES","og_type":"article","og_title":"Xornalixo vs. Xornalismo","og_description":"Deb\u00e1tese nestes d\u00edas encol dunha pol\u00e9mica nacida na lameira na que se converteu a pol\u00edtica do Reino de Espa\u00f1a, para sermos exactos, na lameira fedorenta que \u00e9 a pol\u00edtica da s\u00faa capital e na campa\u00f1a miserenta das elecci\u00f3ns auton\u00f3micas madrile\u00f1as","og_url":"https:\/\/www.anovapeneira.gal\/index.php\/2021\/04\/20\/xornalixo-vs-xornalismo\/","article_publisher":"https:\/\/www.facebook.com\/anovapeneira","article_published_time":"2021-04-20T10:00:22+00:00","og_image":[{"width":720,"height":473,"url":"https:\/\/www.anovapeneira.gal\/wp-content\/uploads\/2019\/07\/ARTIGO_DE_OPINION_A_NOVA_PENEIRA.jpg","type":"image\/jpeg"}],"author":"Moncho Lareu","twitter_card":"summary_large_image","twitter_title":"Xornalixo vs. Xornalismo","twitter_description":"Deb\u00e1tese nestes d\u00edas encol dunha pol\u00e9mica nacida na lameira na que se converteu a pol\u00edtica do Reino de Espa\u00f1a, para sermos exactos, na lameira fedorenta que \u00e9 a pol\u00edtica da s\u00faa capital e na campa\u00f1a miserenta das elecci\u00f3ns auton\u00f3micas madrile\u00f1as","twitter_creator":"@APeneira","twitter_site":"@APeneira","twitter_misc":{"Escrito por":"Moncho Lareu","Tempo de lectura":"4 minutos"},"schema":{"@context":"https:\/\/schema.org","@graph":[{"@type":"Article","@id":"https:\/\/www.anovapeneira.gal\/index.php\/2021\/04\/20\/xornalixo-vs-xornalismo\/#article","isPartOf":{"@id":"https:\/\/www.anovapeneira.gal\/index.php\/2021\/04\/20\/xornalixo-vs-xornalismo\/"},"author":{"name":"Moncho Lareu","@id":"https:\/\/www.anovapeneira.gal\/#\/schema\/person\/3df7d3e1f38ddcee2ddb9d0bee1a0628"},"headline":"Xornalixo vs. Xornalismo","datePublished":"2021-04-20T10:00:22+00:00","mainEntityOfPage":{"@id":"https:\/\/www.anovapeneira.gal\/index.php\/2021\/04\/20\/xornalixo-vs-xornalismo\/"},"wordCount":777,"commentCount":0,"publisher":{"@id":"https:\/\/www.anovapeneira.gal\/#organization"},"image":{"@id":"https:\/\/www.anovapeneira.gal\/index.php\/2021\/04\/20\/xornalixo-vs-xornalismo\/#primaryimage"},"thumbnailUrl":"https:\/\/www.anovapeneira.gal\/wp-content\/uploads\/2019\/07\/ARTIGO_DE_OPINION_A_NOVA_PENEIRA.jpg","keywords":["Opini\u00f3n"],"articleSection":["Artigos de opini\u00f3n"],"inLanguage":"gl-ES","potentialAction":[{"@type":"CommentAction","name":"Comment","target":["https:\/\/www.anovapeneira.gal\/index.php\/2021\/04\/20\/xornalixo-vs-xornalismo\/#respond"]}]},{"@type":"WebPage","@id":"https:\/\/www.anovapeneira.gal\/index.php\/2021\/04\/20\/xornalixo-vs-xornalismo\/","url":"https:\/\/www.anovapeneira.gal\/index.php\/2021\/04\/20\/xornalixo-vs-xornalismo\/","name":"Xornalixo vs. Xornalismo -","isPartOf":{"@id":"https:\/\/www.anovapeneira.gal\/#website"},"primaryImageOfPage":{"@id":"https:\/\/www.anovapeneira.gal\/index.php\/2021\/04\/20\/xornalixo-vs-xornalismo\/#primaryimage"},"image":{"@id":"https:\/\/www.anovapeneira.gal\/index.php\/2021\/04\/20\/xornalixo-vs-xornalismo\/#primaryimage"},"thumbnailUrl":"https:\/\/www.anovapeneira.gal\/wp-content\/uploads\/2019\/07\/ARTIGO_DE_OPINION_A_NOVA_PENEIRA.jpg","datePublished":"2021-04-20T10:00:22+00:00","description":"Deb\u00e1tese nestes d\u00edas encol dunha pol\u00e9mica nacida na lameira na que se converteu a pol\u00edtica do Reino de Espa\u00f1a, para sermos exactos, na lameira fedorenta que \u00e9 a pol\u00edtica da s\u00faa capital e na campa\u00f1a miserenta das elecci\u00f3ns auton\u00f3micas madrile\u00f1as","breadcrumb":{"@id":"https:\/\/www.anovapeneira.gal\/index.php\/2021\/04\/20\/xornalixo-vs-xornalismo\/#breadcrumb"},"inLanguage":"gl-ES","potentialAction":[{"@type":"ReadAction","target":["https:\/\/www.anovapeneira.gal\/index.php\/2021\/04\/20\/xornalixo-vs-xornalismo\/"]}]},{"@type":"ImageObject","inLanguage":"gl-ES","@id":"https:\/\/www.anovapeneira.gal\/index.php\/2021\/04\/20\/xornalixo-vs-xornalismo\/#primaryimage","url":"https:\/\/www.anovapeneira.gal\/wp-content\/uploads\/2019\/07\/ARTIGO_DE_OPINION_A_NOVA_PENEIRA.jpg","contentUrl":"https:\/\/www.anovapeneira.gal\/wp-content\/uploads\/2019\/07\/ARTIGO_DE_OPINION_A_NOVA_PENEIRA.jpg","width":720,"height":473,"caption":"Artigo de opini\u00f3n A Nova Peneira"},{"@type":"BreadcrumbList","@id":"https:\/\/www.anovapeneira.gal\/index.php\/2021\/04\/20\/xornalixo-vs-xornalismo\/#breadcrumb","itemListElement":[{"@type":"ListItem","position":1,"name":"Portada","item":"https:\/\/www.anovapeneira.gal\/"},{"@type":"ListItem","position":2,"name":"Xornalixo vs. Xornalismo"}]},{"@type":"WebSite","@id":"https:\/\/www.anovapeneira.gal\/#website","url":"https:\/\/www.anovapeneira.gal\/","name":"","description":"Xornal galego de informaci\u00f3n xeral Publicaci\u00f3n mensual de novas de Galicia e en especial dos Concellos da sur da provincia de Pontevedra.","publisher":{"@id":"https:\/\/www.anovapeneira.gal\/#organization"},"potentialAction":[{"@type":"SearchAction","target":{"@type":"EntryPoint","urlTemplate":"https:\/\/www.anovapeneira.gal\/?s={search_term_string}"},"query-input":{"@type":"PropertyValueSpecification","valueRequired":true,"valueName":"search_term_string"}}],"inLanguage":"gl-ES"},{"@type":"Organization","@id":"https:\/\/www.anovapeneira.gal\/#organization","name":"A Nova Peneira","url":"https:\/\/www.anovapeneira.gal\/","logo":{"@type":"ImageObject","inLanguage":"gl-ES","@id":"https:\/\/www.anovapeneira.gal\/#\/schema\/logo\/image\/","url":"http:\/\/www.anovapeneira.gal\/wp-content\/uploads\/2019\/06\/logo_a_nova_peneira_portal_web.png","contentUrl":"http:\/\/www.anovapeneira.gal\/wp-content\/uploads\/2019\/06\/logo_a_nova_peneira_portal_web.png","width":300,"height":100,"caption":"A Nova Peneira"},"image":{"@id":"https:\/\/www.anovapeneira.gal\/#\/schema\/logo\/image\/"},"sameAs":["https:\/\/www.facebook.com\/anovapeneira","https:\/\/x.com\/APeneira"]},{"@type":"Person","@id":"https:\/\/www.anovapeneira.gal\/#\/schema\/person\/3df7d3e1f38ddcee2ddb9d0bee1a0628","name":"Moncho Lareu","image":{"@type":"ImageObject","inLanguage":"gl-ES","@id":"https:\/\/secure.gravatar.com\/avatar\/47b1711433a3b83d9747992d63c05708f734f76ad2d588ae93638a06737a5471?s=96&d=mm&r=g","url":"https:\/\/secure.gravatar.com\/avatar\/47b1711433a3b83d9747992d63c05708f734f76ad2d588ae93638a06737a5471?s=96&d=mm&r=g","contentUrl":"https:\/\/secure.gravatar.com\/avatar\/47b1711433a3b83d9747992d63c05708f734f76ad2d588ae93638a06737a5471?s=96&d=mm&r=g","caption":"Moncho Lareu"},"sameAs":["http:\/\/www.anovapeneira.gal\/"],"url":"https:\/\/www.anovapeneira.gal\/index.php\/author\/moncho-lareu\/"}]}},"jetpack_featured_media_url":"https:\/\/www.anovapeneira.gal\/wp-content\/uploads\/2019\/07\/ARTIGO_DE_OPINION_A_NOVA_PENEIRA.jpg","_links":{"self":[{"href":"https:\/\/www.anovapeneira.gal\/index.php\/wp-json\/wp\/v2\/posts\/5242","targetHints":{"allow":["GET"]}}],"collection":[{"href":"https:\/\/www.anovapeneira.gal\/index.php\/wp-json\/wp\/v2\/posts"}],"about":[{"href":"https:\/\/www.anovapeneira.gal\/index.php\/wp-json\/wp\/v2\/types\/post"}],"author":[{"embeddable":true,"href":"https:\/\/www.anovapeneira.gal\/index.php\/wp-json\/wp\/v2\/users\/20"}],"replies":[{"embeddable":true,"href":"https:\/\/www.anovapeneira.gal\/index.php\/wp-json\/wp\/v2\/comments?post=5242"}],"version-history":[{"count":1,"href":"https:\/\/www.anovapeneira.gal\/index.php\/wp-json\/wp\/v2\/posts\/5242\/revisions"}],"predecessor-version":[{"id":5243,"href":"https:\/\/www.anovapeneira.gal\/index.php\/wp-json\/wp\/v2\/posts\/5242\/revisions\/5243"}],"wp:featuredmedia":[{"embeddable":true,"href":"https:\/\/www.anovapeneira.gal\/index.php\/wp-json\/wp\/v2\/media\/584"}],"wp:attachment":[{"href":"https:\/\/www.anovapeneira.gal\/index.php\/wp-json\/wp\/v2\/media?parent=5242"}],"wp:term":[{"taxonomy":"category","embeddable":true,"href":"https:\/\/www.anovapeneira.gal\/index.php\/wp-json\/wp\/v2\/categories?post=5242"},{"taxonomy":"post_tag","embeddable":true,"href":"https:\/\/www.anovapeneira.gal\/index.php\/wp-json\/wp\/v2\/tags?post=5242"}],"curies":[{"name":"wp","href":"https:\/\/api.w.org\/{rel}","templated":true}]}}