{"id":5251,"date":"2021-04-21T12:00:02","date_gmt":"2021-04-21T10:00:02","guid":{"rendered":"http:\/\/www.anovapeneira.gal\/?p=5251"},"modified":"2021-04-18T19:16:44","modified_gmt":"2021-04-18T17:16:44","slug":"que-non-son-xigantes-meu-senor-senon-muinos","status":"publish","type":"post","link":"https:\/\/www.anovapeneira.gal\/index.php\/2021\/04\/21\/que-non-son-xigantes-meu-senor-senon-muinos\/","title":{"rendered":"Que non son xigantes meu se\u00f1or, sen\u00f3n mu\u00ed\u00f1os !"},"content":{"rendered":"\n<pre class=\"wp-block-verse\">Alberto Pazos Deputado do PP<\/pre>\n\n\n\n<p>Durante un debate sobre a cuesti\u00f3n e\u00f3lica mantido no Parlamento de Galicia na pasada lexislatura, un representante da esquerda rupturista dirixiuse \u00e1 bancada popular acus\u00e1ndonos de fomentar a implantaci\u00f3n de \u201cxigantes de ferro\u201d no territorio galego. Comprender\u00e1n o dif\u00edcil que resultou reprimir as ansias por responder \u00e1 boutade da s\u00faa se\u00f1or\u00eda coa famosa expresi\u00f3n de Sancho Panza: Que non son xigantes meu se\u00f1or, sen\u00f3n mu\u00ed\u00f1os !<\/p>\n\n\n\n<p>A falta dun discurso coherente en relaci\u00f3n \u00e1s enerx\u00edas renovables, fai que a esquerda galega incorra constantemente neste tipo de expresi\u00f3ns rechamantes para agochar as s\u00faas carencias argumentais en materia enerx\u00e9tica.<\/p>\n\n\n\n<p>O certo \u00e9 que nos \u00faltimos anos temos abundantes exemplos dos bandazos ideol\u00f3xicos de determinadas organizaci\u00f3ns pol\u00edticas en relaci\u00f3n a este tema, pasando de autoproclamarse m\u00e1ximos defensores da \u201crevoluci\u00f3n verde\u201d, a atacar furibundamente as instalaci\u00f3ns que permiten o aproveitamento de enerx\u00edas renovables.<\/p>\n\n\n\n<p>Sinceramente, penso que ser\u00eda moi desexable para o conxunto do pa\u00eds que f\u00f3semos quen de alcanzar acordos en torno a posturas de maior equilibrio que permitan conciliar o aproveitamento das posibilidades e\u00f3licas que ofrece Galicia, co imprescindible respecto ao medio ambiente e ao benestar da veci\u00f1anza.<\/p>\n\n\n\n<p>Este dobre obxectivo foi o que motivou a recente aprobaci\u00f3n da Lei de reactivaci\u00f3n econ\u00f3mica e social de Galicia, impulsada polo Grupo Popular no Parlamento galego. Por unha banda, pretende simplificar a tramitaci\u00f3n burocr\u00e1tica permitindo a elaboraci\u00f3n en paralelo de informes que antes se recababan de forma sucesiva, e polo tanto, sen reducir nin unha soa das garant\u00edas administrativas para evitar abusos dos operadores.<\/p>\n\n\n\n<p>Ademais, a lei impulsa de maneira decidida a aposta polos proxectos que fomentan o autoconsumo de enerx\u00eda no \u00e1mbito industrial, e prioriza aqueles proxectos e\u00f3licos ligados \u00e1 creaci\u00f3n ou mantemento dun m\u00ednimo de 25 empregos.<\/p>\n\n\n\n<p>Respecto das garant\u00edas medioambientais, esta nova lexislaci\u00f3n enmarca o desenvolvemento e\u00f3lico nunha planificaci\u00f3n territorial definida, que pretende compatibilizar a creaci\u00f3n de riqueza e emprego co respecto ao medio ambiente en xeral, e \u00e1 Rede Natura en particular.<\/p>\n\n\n\n<p>Ning\u00fan proxecto e\u00f3lico pode ser autorizado sen que previamente se te\u00f1a acreditado a s\u00faa compatibilidade co resto de actividades econ\u00f3micas e coa defensa da biodiversidade. Ning\u00fan proxecto e\u00f3lico pode obter o pl\u00e1cet do Goberno galego sen superar unha avaliaci\u00f3n de impacto ambiental ordinaria, seguindo o procedemento m\u00e1is garantista de todos cantos contempla a lexislaci\u00f3n estatal.<\/p>\n\n\n\n<p>As concesi\u00f3ns de explotaci\u00f3n de parques e\u00f3licos forman parte dos denominados actos administrativos regrados, e dicir, as administraci\u00f3ns te\u00f1en a obriga de concedelas si se cumpren todas as obrigas legais, do mesmo xeito que est\u00e1n obrigadas a denegalas cando isto non acontece. Negarse a dar tr\u00e1mite a estes proxectos, tal e como solicitan recorrentemente certas organizaci\u00f3ns pol\u00edticas, equivale a esixirlle aos responsables p\u00fablicos que incorran en prevaricaci\u00f3n.<\/p>\n\n\n\n<p>Afortunadamente, o avance da tecnolox\u00eda e\u00f3lica permite que un novo mu\u00ed\u00f1o substit\u00faa a 10 mu\u00ed\u00f1os antigos, reducindo de maneira importante o impacto visual na nosa paisaxe, e, xunto \u00e1 maior conciencia ecol\u00f3xica implantada na nosa sociedade que recolle a nosa lexislaci\u00f3n, permite unha maior racionalizaci\u00f3n destas instalaci\u00f3ns na busca do maior aproveitamento enerx\u00e9tico co menor custe ambiental.<\/p>\n\n\n\n<p>Pero non nos enganemos. Ningunha enerx\u00eda, por limpa que sexa, est\u00e1 libre de efectos indesexados. De a\u00ed que levemos anos defendendo a necesidade dun mix enerx\u00e9tico equilibrado, que permita garantir un abastecemento razoable das necesidades de consumo do noso pa\u00eds ao tempo que equilibrar o impacto ambiental asociado a todas e cada unha desas fontes enerx\u00e9ticas limpas.<\/p>\n\n\n\n<p>O que non se pode \u00e9 incorrer no rid\u00edculo de pretender unha enerx\u00eda e\u00f3lica sen mu\u00ed\u00f1os, unha enerx\u00eda solar sen paneis solares ou unha maremotriz sen turbinas. Non se deben confundir mu\u00ed\u00f1os e xigantes.&nbsp;<\/p>\n","protected":false},"excerpt":{"rendered":"<div class=\"mh-excerpt\"><p>Durante un debate sobre a cuesti\u00f3n e\u00f3lica mantido no Parlamento de Galicia na pasada lexislatura, un representante da esquerda rupturista dirixiuse \u00e1 bancada popular acus\u00e1ndonos de fomentar a implantaci\u00f3n de \u201cxigantes de ferro\u201d no territorio galego. Comprender\u00e1n o dif\u00edcil que resultou reprimir as ansias por responder \u00e1 boutade da s\u00faa se\u00f1or\u00eda coa famosa expresi\u00f3n de Sancho Panza: Que non son xigantes meu se\u00f1or, sen\u00f3n mu\u00ed\u00f1os ! <a class=\"mh-excerpt-more\" href=\"https:\/\/www.anovapeneira.gal\/index.php\/2021\/04\/21\/que-non-son-xigantes-meu-senor-senon-muinos\/\" title=\"Que non son xigantes meu se\u00f1or, sen\u00f3n mu\u00ed\u00f1os !\">[&#8230;]<\/a><\/p>\n<\/div>","protected":false},"author":3,"featured_media":3732,"comment_status":"open","ping_status":"open","sticky":false,"template":"","format":"standard","meta":{"_exactmetrics_skip_tracking":false,"_exactmetrics_sitenote_active":false,"_exactmetrics_sitenote_note":"","_exactmetrics_sitenote_category":0,"footnotes":""},"categories":[20],"tags":[],"class_list":{"0":"post-5251","1":"post","2":"type-post","3":"status-publish","4":"format-standard","5":"has-post-thumbnail","7":"category-val-minor"},"yoast_head":"<!-- This site is optimized with the Yoast SEO plugin v27.5 - https:\/\/yoast.com\/product\/yoast-seo-wordpress\/ -->\n<title>Que non son xigantes meu se\u00f1or, sen\u00f3n mu\u00ed\u00f1os ! -<\/title>\n<meta name=\"description\" content=\"Durante un debate sobre a cuesti\u00f3n e\u00f3lica mantido no Parlamento de Galicia na pasada lexislatura, un representante da esquerda rupturista dirixiuse \u00e1 bancada popular acus\u00e1ndonos de fomentar a implantaci\u00f3n de \u201cxigantes de ferro\u201d no territorio galego. Comprender\u00e1n o dif\u00edcil que resultou reprimir as ansias por responder \u00e1 boutade da s\u00faa se\u00f1or\u00eda coa famosa expresi\u00f3n de Sancho Panza: Que non son xigantes meu se\u00f1or, sen\u00f3n mu\u00ed\u00f1os !\" \/>\n<meta name=\"robots\" content=\"index, follow, max-snippet:-1, max-image-preview:large, max-video-preview:-1\" \/>\n<link rel=\"canonical\" href=\"https:\/\/www.anovapeneira.gal\/index.php\/2021\/04\/21\/que-non-son-xigantes-meu-senor-senon-muinos\/\" \/>\n<meta property=\"og:locale\" content=\"gl_ES\" \/>\n<meta property=\"og:type\" content=\"article\" \/>\n<meta property=\"og:title\" content=\"Que non son xigantes meu se\u00f1or, sen\u00f3n mu\u00ed\u00f1os ! -\" \/>\n<meta property=\"og:description\" content=\"Durante un debate sobre a cuesti\u00f3n e\u00f3lica mantido no Parlamento de Galicia na pasada lexislatura, un representante da esquerda rupturista dirixiuse \u00e1 bancada popular acus\u00e1ndonos de fomentar a implantaci\u00f3n de \u201cxigantes de ferro\u201d no territorio galego. Comprender\u00e1n o dif\u00edcil que resultou reprimir as ansias por responder \u00e1 boutade da s\u00faa se\u00f1or\u00eda coa famosa expresi\u00f3n de Sancho Panza: Que non son xigantes meu se\u00f1or, sen\u00f3n mu\u00ed\u00f1os !\" \/>\n<meta property=\"og:url\" content=\"https:\/\/www.anovapeneira.gal\/index.php\/2021\/04\/21\/que-non-son-xigantes-meu-senor-senon-muinos\/\" \/>\n<meta property=\"article:publisher\" content=\"https:\/\/www.facebook.com\/anovapeneira\" \/>\n<meta property=\"article:published_time\" content=\"2021-04-21T10:00:02+00:00\" \/>\n<meta property=\"og:image\" content=\"https:\/\/www.anovapeneira.gal\/wp-content\/uploads\/2020\/08\/alberto_pazos_secretario_organizacion_pp_a_nova_peneira.jpg\" \/>\n\t<meta property=\"og:image:width\" content=\"720\" \/>\n\t<meta property=\"og:image:height\" content=\"432\" \/>\n\t<meta property=\"og:image:type\" content=\"image\/jpeg\" \/>\n<meta name=\"author\" content=\"Redacci\u00f3n A Nova Peneira\" \/>\n<meta name=\"twitter:card\" content=\"summary_large_image\" \/>\n<meta name=\"twitter:description\" content=\"Durante un debate sobre a cuesti\u00f3n e\u00f3lica mantido no Parlamento de Galicia na pasada lexislatura, un representante da esquerda rupturista dirixiuse \u00e1 bancada popular acus\u00e1ndonos de fomentar a implantaci\u00f3n de \u201cxigantes de ferro\u201d no territorio galego. Comprender\u00e1n o dif\u00edcil que resultou reprimir as ansias por responder \u00e1 boutade da s\u00faa se\u00f1or\u00eda coa famosa expresi\u00f3n de Sancho Panza: Que non son xigantes meu se\u00f1or, sen\u00f3n mu\u00ed\u00f1os !\" \/>\n<meta name=\"twitter:creator\" content=\"@APeneira\" \/>\n<meta name=\"twitter:site\" content=\"@APeneira\" \/>\n<meta name=\"twitter:label1\" content=\"Escrito por\" \/>\n\t<meta name=\"twitter:data1\" content=\"Redacci\u00f3n A Nova Peneira\" \/>\n\t<meta name=\"twitter:label2\" content=\"Tempo de lectura\" \/>\n\t<meta name=\"twitter:data2\" content=\"3 minutos\" \/>\n<script type=\"application\/ld+json\" class=\"yoast-schema-graph\">{\"@context\":\"https:\\\/\\\/schema.org\",\"@graph\":[{\"@type\":\"Article\",\"@id\":\"https:\\\/\\\/www.anovapeneira.gal\\\/index.php\\\/2021\\\/04\\\/21\\\/que-non-son-xigantes-meu-senor-senon-muinos\\\/#article\",\"isPartOf\":{\"@id\":\"https:\\\/\\\/www.anovapeneira.gal\\\/index.php\\\/2021\\\/04\\\/21\\\/que-non-son-xigantes-meu-senor-senon-muinos\\\/\"},\"author\":{\"name\":\"Redacci\u00f3n A Nova Peneira\",\"@id\":\"https:\\\/\\\/www.anovapeneira.gal\\\/#\\\/schema\\\/person\\\/b93e3f8932e3f8da96334607eb6ac6aa\"},\"headline\":\"Que non son xigantes meu se\u00f1or, sen\u00f3n mu\u00ed\u00f1os !\",\"datePublished\":\"2021-04-21T10:00:02+00:00\",\"mainEntityOfPage\":{\"@id\":\"https:\\\/\\\/www.anovapeneira.gal\\\/index.php\\\/2021\\\/04\\\/21\\\/que-non-son-xigantes-meu-senor-senon-muinos\\\/\"},\"wordCount\":682,\"commentCount\":0,\"publisher\":{\"@id\":\"https:\\\/\\\/www.anovapeneira.gal\\\/#organization\"},\"image\":{\"@id\":\"https:\\\/\\\/www.anovapeneira.gal\\\/index.php\\\/2021\\\/04\\\/21\\\/que-non-son-xigantes-meu-senor-senon-muinos\\\/#primaryimage\"},\"thumbnailUrl\":\"https:\\\/\\\/www.anovapeneira.gal\\\/wp-content\\\/uploads\\\/2020\\\/08\\\/alberto_pazos_secretario_organizacion_pp_a_nova_peneira.jpg\",\"articleSection\":[\"Val Mi\u00f1or\"],\"inLanguage\":\"gl-ES\",\"potentialAction\":[{\"@type\":\"CommentAction\",\"name\":\"Comment\",\"target\":[\"https:\\\/\\\/www.anovapeneira.gal\\\/index.php\\\/2021\\\/04\\\/21\\\/que-non-son-xigantes-meu-senor-senon-muinos\\\/#respond\"]}]},{\"@type\":\"WebPage\",\"@id\":\"https:\\\/\\\/www.anovapeneira.gal\\\/index.php\\\/2021\\\/04\\\/21\\\/que-non-son-xigantes-meu-senor-senon-muinos\\\/\",\"url\":\"https:\\\/\\\/www.anovapeneira.gal\\\/index.php\\\/2021\\\/04\\\/21\\\/que-non-son-xigantes-meu-senor-senon-muinos\\\/\",\"name\":\"Que non son xigantes meu se\u00f1or, sen\u00f3n mu\u00ed\u00f1os ! -\",\"isPartOf\":{\"@id\":\"https:\\\/\\\/www.anovapeneira.gal\\\/#website\"},\"primaryImageOfPage\":{\"@id\":\"https:\\\/\\\/www.anovapeneira.gal\\\/index.php\\\/2021\\\/04\\\/21\\\/que-non-son-xigantes-meu-senor-senon-muinos\\\/#primaryimage\"},\"image\":{\"@id\":\"https:\\\/\\\/www.anovapeneira.gal\\\/index.php\\\/2021\\\/04\\\/21\\\/que-non-son-xigantes-meu-senor-senon-muinos\\\/#primaryimage\"},\"thumbnailUrl\":\"https:\\\/\\\/www.anovapeneira.gal\\\/wp-content\\\/uploads\\\/2020\\\/08\\\/alberto_pazos_secretario_organizacion_pp_a_nova_peneira.jpg\",\"datePublished\":\"2021-04-21T10:00:02+00:00\",\"description\":\"Durante un debate sobre a cuesti\u00f3n e\u00f3lica mantido no Parlamento de Galicia na pasada lexislatura, un representante da esquerda rupturista dirixiuse \u00e1 bancada popular acus\u00e1ndonos de fomentar a implantaci\u00f3n de \u201cxigantes de ferro\u201d no territorio galego. Comprender\u00e1n o dif\u00edcil que resultou reprimir as ansias por responder \u00e1 boutade da s\u00faa se\u00f1or\u00eda coa famosa expresi\u00f3n de Sancho Panza: Que non son xigantes meu se\u00f1or, sen\u00f3n mu\u00ed\u00f1os !\",\"breadcrumb\":{\"@id\":\"https:\\\/\\\/www.anovapeneira.gal\\\/index.php\\\/2021\\\/04\\\/21\\\/que-non-son-xigantes-meu-senor-senon-muinos\\\/#breadcrumb\"},\"inLanguage\":\"gl-ES\",\"potentialAction\":[{\"@type\":\"ReadAction\",\"target\":[\"https:\\\/\\\/www.anovapeneira.gal\\\/index.php\\\/2021\\\/04\\\/21\\\/que-non-son-xigantes-meu-senor-senon-muinos\\\/\"]}]},{\"@type\":\"ImageObject\",\"inLanguage\":\"gl-ES\",\"@id\":\"https:\\\/\\\/www.anovapeneira.gal\\\/index.php\\\/2021\\\/04\\\/21\\\/que-non-son-xigantes-meu-senor-senon-muinos\\\/#primaryimage\",\"url\":\"https:\\\/\\\/www.anovapeneira.gal\\\/wp-content\\\/uploads\\\/2020\\\/08\\\/alberto_pazos_secretario_organizacion_pp_a_nova_peneira.jpg\",\"contentUrl\":\"https:\\\/\\\/www.anovapeneira.gal\\\/wp-content\\\/uploads\\\/2020\\\/08\\\/alberto_pazos_secretario_organizacion_pp_a_nova_peneira.jpg\",\"width\":720,\"height\":432,\"caption\":\"Alberto Pazos secretario do PPdeG\"},{\"@type\":\"BreadcrumbList\",\"@id\":\"https:\\\/\\\/www.anovapeneira.gal\\\/index.php\\\/2021\\\/04\\\/21\\\/que-non-son-xigantes-meu-senor-senon-muinos\\\/#breadcrumb\",\"itemListElement\":[{\"@type\":\"ListItem\",\"position\":1,\"name\":\"Portada\",\"item\":\"https:\\\/\\\/www.anovapeneira.gal\\\/\"},{\"@type\":\"ListItem\",\"position\":2,\"name\":\"Que non son xigantes meu se\u00f1or, sen\u00f3n mu\u00ed\u00f1os !\"}]},{\"@type\":\"WebSite\",\"@id\":\"https:\\\/\\\/www.anovapeneira.gal\\\/#website\",\"url\":\"https:\\\/\\\/www.anovapeneira.gal\\\/\",\"name\":\"\",\"description\":\"Xornal galego de informaci\u00f3n xeral Publicaci\u00f3n mensual de novas de Galicia e en especial dos Concellos da sur da provincia de Pontevedra.\",\"publisher\":{\"@id\":\"https:\\\/\\\/www.anovapeneira.gal\\\/#organization\"},\"potentialAction\":[{\"@type\":\"SearchAction\",\"target\":{\"@type\":\"EntryPoint\",\"urlTemplate\":\"https:\\\/\\\/www.anovapeneira.gal\\\/?s={search_term_string}\"},\"query-input\":{\"@type\":\"PropertyValueSpecification\",\"valueRequired\":true,\"valueName\":\"search_term_string\"}}],\"inLanguage\":\"gl-ES\"},{\"@type\":\"Organization\",\"@id\":\"https:\\\/\\\/www.anovapeneira.gal\\\/#organization\",\"name\":\"A Nova Peneira\",\"url\":\"https:\\\/\\\/www.anovapeneira.gal\\\/\",\"logo\":{\"@type\":\"ImageObject\",\"inLanguage\":\"gl-ES\",\"@id\":\"https:\\\/\\\/www.anovapeneira.gal\\\/#\\\/schema\\\/logo\\\/image\\\/\",\"url\":\"http:\\\/\\\/www.anovapeneira.gal\\\/wp-content\\\/uploads\\\/2019\\\/06\\\/logo_a_nova_peneira_portal_web.png\",\"contentUrl\":\"http:\\\/\\\/www.anovapeneira.gal\\\/wp-content\\\/uploads\\\/2019\\\/06\\\/logo_a_nova_peneira_portal_web.png\",\"width\":300,\"height\":100,\"caption\":\"A Nova Peneira\"},\"image\":{\"@id\":\"https:\\\/\\\/www.anovapeneira.gal\\\/#\\\/schema\\\/logo\\\/image\\\/\"},\"sameAs\":[\"https:\\\/\\\/www.facebook.com\\\/anovapeneira\",\"https:\\\/\\\/x.com\\\/APeneira\"]},{\"@type\":\"Person\",\"@id\":\"https:\\\/\\\/www.anovapeneira.gal\\\/#\\\/schema\\\/person\\\/b93e3f8932e3f8da96334607eb6ac6aa\",\"name\":\"Redacci\u00f3n A Nova Peneira\",\"image\":{\"@type\":\"ImageObject\",\"inLanguage\":\"gl-ES\",\"@id\":\"https:\\\/\\\/secure.gravatar.com\\\/avatar\\\/c052a2551a06e23fac63626232eaa90abd78dbcf1700fc46a2b2c89fd27b735f?s=96&d=mm&r=g\",\"url\":\"https:\\\/\\\/secure.gravatar.com\\\/avatar\\\/c052a2551a06e23fac63626232eaa90abd78dbcf1700fc46a2b2c89fd27b735f?s=96&d=mm&r=g\",\"contentUrl\":\"https:\\\/\\\/secure.gravatar.com\\\/avatar\\\/c052a2551a06e23fac63626232eaa90abd78dbcf1700fc46a2b2c89fd27b735f?s=96&d=mm&r=g\",\"caption\":\"Redacci\u00f3n A Nova Peneira\"},\"sameAs\":[\"http:\\\/\\\/www.anovapeneira.gal\\\/\"],\"url\":\"https:\\\/\\\/www.anovapeneira.gal\\\/index.php\\\/author\\\/redactor\\\/\"}]}<\/script>\n<!-- \/ Yoast SEO plugin. -->","yoast_head_json":{"title":"Que non son xigantes meu se\u00f1or, sen\u00f3n mu\u00ed\u00f1os ! -","description":"Durante un debate sobre a cuesti\u00f3n e\u00f3lica mantido no Parlamento de Galicia na pasada lexislatura, un representante da esquerda rupturista dirixiuse \u00e1 bancada popular acus\u00e1ndonos de fomentar a implantaci\u00f3n de \u201cxigantes de ferro\u201d no territorio galego. Comprender\u00e1n o dif\u00edcil que resultou reprimir as ansias por responder \u00e1 boutade da s\u00faa se\u00f1or\u00eda coa famosa expresi\u00f3n de Sancho Panza: Que non son xigantes meu se\u00f1or, sen\u00f3n mu\u00ed\u00f1os !","robots":{"index":"index","follow":"follow","max-snippet":"max-snippet:-1","max-image-preview":"max-image-preview:large","max-video-preview":"max-video-preview:-1"},"canonical":"https:\/\/www.anovapeneira.gal\/index.php\/2021\/04\/21\/que-non-son-xigantes-meu-senor-senon-muinos\/","og_locale":"gl_ES","og_type":"article","og_title":"Que non son xigantes meu se\u00f1or, sen\u00f3n mu\u00ed\u00f1os ! -","og_description":"Durante un debate sobre a cuesti\u00f3n e\u00f3lica mantido no Parlamento de Galicia na pasada lexislatura, un representante da esquerda rupturista dirixiuse \u00e1 bancada popular acus\u00e1ndonos de fomentar a implantaci\u00f3n de \u201cxigantes de ferro\u201d no territorio galego. Comprender\u00e1n o dif\u00edcil que resultou reprimir as ansias por responder \u00e1 boutade da s\u00faa se\u00f1or\u00eda coa famosa expresi\u00f3n de Sancho Panza: Que non son xigantes meu se\u00f1or, sen\u00f3n mu\u00ed\u00f1os !","og_url":"https:\/\/www.anovapeneira.gal\/index.php\/2021\/04\/21\/que-non-son-xigantes-meu-senor-senon-muinos\/","article_publisher":"https:\/\/www.facebook.com\/anovapeneira","article_published_time":"2021-04-21T10:00:02+00:00","og_image":[{"width":720,"height":432,"url":"https:\/\/www.anovapeneira.gal\/wp-content\/uploads\/2020\/08\/alberto_pazos_secretario_organizacion_pp_a_nova_peneira.jpg","type":"image\/jpeg"}],"author":"Redacci\u00f3n A Nova Peneira","twitter_card":"summary_large_image","twitter_description":"Durante un debate sobre a cuesti\u00f3n e\u00f3lica mantido no Parlamento de Galicia na pasada lexislatura, un representante da esquerda rupturista dirixiuse \u00e1 bancada popular acus\u00e1ndonos de fomentar a implantaci\u00f3n de \u201cxigantes de ferro\u201d no territorio galego. Comprender\u00e1n o dif\u00edcil que resultou reprimir as ansias por responder \u00e1 boutade da s\u00faa se\u00f1or\u00eda coa famosa expresi\u00f3n de Sancho Panza: Que non son xigantes meu se\u00f1or, sen\u00f3n mu\u00ed\u00f1os !","twitter_creator":"@APeneira","twitter_site":"@APeneira","twitter_misc":{"Escrito por":"Redacci\u00f3n A Nova Peneira","Tempo de lectura":"3 minutos"},"schema":{"@context":"https:\/\/schema.org","@graph":[{"@type":"Article","@id":"https:\/\/www.anovapeneira.gal\/index.php\/2021\/04\/21\/que-non-son-xigantes-meu-senor-senon-muinos\/#article","isPartOf":{"@id":"https:\/\/www.anovapeneira.gal\/index.php\/2021\/04\/21\/que-non-son-xigantes-meu-senor-senon-muinos\/"},"author":{"name":"Redacci\u00f3n A Nova Peneira","@id":"https:\/\/www.anovapeneira.gal\/#\/schema\/person\/b93e3f8932e3f8da96334607eb6ac6aa"},"headline":"Que non son xigantes meu se\u00f1or, sen\u00f3n mu\u00ed\u00f1os !","datePublished":"2021-04-21T10:00:02+00:00","mainEntityOfPage":{"@id":"https:\/\/www.anovapeneira.gal\/index.php\/2021\/04\/21\/que-non-son-xigantes-meu-senor-senon-muinos\/"},"wordCount":682,"commentCount":0,"publisher":{"@id":"https:\/\/www.anovapeneira.gal\/#organization"},"image":{"@id":"https:\/\/www.anovapeneira.gal\/index.php\/2021\/04\/21\/que-non-son-xigantes-meu-senor-senon-muinos\/#primaryimage"},"thumbnailUrl":"https:\/\/www.anovapeneira.gal\/wp-content\/uploads\/2020\/08\/alberto_pazos_secretario_organizacion_pp_a_nova_peneira.jpg","articleSection":["Val Mi\u00f1or"],"inLanguage":"gl-ES","potentialAction":[{"@type":"CommentAction","name":"Comment","target":["https:\/\/www.anovapeneira.gal\/index.php\/2021\/04\/21\/que-non-son-xigantes-meu-senor-senon-muinos\/#respond"]}]},{"@type":"WebPage","@id":"https:\/\/www.anovapeneira.gal\/index.php\/2021\/04\/21\/que-non-son-xigantes-meu-senor-senon-muinos\/","url":"https:\/\/www.anovapeneira.gal\/index.php\/2021\/04\/21\/que-non-son-xigantes-meu-senor-senon-muinos\/","name":"Que non son xigantes meu se\u00f1or, sen\u00f3n mu\u00ed\u00f1os ! -","isPartOf":{"@id":"https:\/\/www.anovapeneira.gal\/#website"},"primaryImageOfPage":{"@id":"https:\/\/www.anovapeneira.gal\/index.php\/2021\/04\/21\/que-non-son-xigantes-meu-senor-senon-muinos\/#primaryimage"},"image":{"@id":"https:\/\/www.anovapeneira.gal\/index.php\/2021\/04\/21\/que-non-son-xigantes-meu-senor-senon-muinos\/#primaryimage"},"thumbnailUrl":"https:\/\/www.anovapeneira.gal\/wp-content\/uploads\/2020\/08\/alberto_pazos_secretario_organizacion_pp_a_nova_peneira.jpg","datePublished":"2021-04-21T10:00:02+00:00","description":"Durante un debate sobre a cuesti\u00f3n e\u00f3lica mantido no Parlamento de Galicia na pasada lexislatura, un representante da esquerda rupturista dirixiuse \u00e1 bancada popular acus\u00e1ndonos de fomentar a implantaci\u00f3n de \u201cxigantes de ferro\u201d no territorio galego. Comprender\u00e1n o dif\u00edcil que resultou reprimir as ansias por responder \u00e1 boutade da s\u00faa se\u00f1or\u00eda coa famosa expresi\u00f3n de Sancho Panza: Que non son xigantes meu se\u00f1or, sen\u00f3n mu\u00ed\u00f1os !","breadcrumb":{"@id":"https:\/\/www.anovapeneira.gal\/index.php\/2021\/04\/21\/que-non-son-xigantes-meu-senor-senon-muinos\/#breadcrumb"},"inLanguage":"gl-ES","potentialAction":[{"@type":"ReadAction","target":["https:\/\/www.anovapeneira.gal\/index.php\/2021\/04\/21\/que-non-son-xigantes-meu-senor-senon-muinos\/"]}]},{"@type":"ImageObject","inLanguage":"gl-ES","@id":"https:\/\/www.anovapeneira.gal\/index.php\/2021\/04\/21\/que-non-son-xigantes-meu-senor-senon-muinos\/#primaryimage","url":"https:\/\/www.anovapeneira.gal\/wp-content\/uploads\/2020\/08\/alberto_pazos_secretario_organizacion_pp_a_nova_peneira.jpg","contentUrl":"https:\/\/www.anovapeneira.gal\/wp-content\/uploads\/2020\/08\/alberto_pazos_secretario_organizacion_pp_a_nova_peneira.jpg","width":720,"height":432,"caption":"Alberto Pazos secretario do PPdeG"},{"@type":"BreadcrumbList","@id":"https:\/\/www.anovapeneira.gal\/index.php\/2021\/04\/21\/que-non-son-xigantes-meu-senor-senon-muinos\/#breadcrumb","itemListElement":[{"@type":"ListItem","position":1,"name":"Portada","item":"https:\/\/www.anovapeneira.gal\/"},{"@type":"ListItem","position":2,"name":"Que non son xigantes meu se\u00f1or, sen\u00f3n mu\u00ed\u00f1os !"}]},{"@type":"WebSite","@id":"https:\/\/www.anovapeneira.gal\/#website","url":"https:\/\/www.anovapeneira.gal\/","name":"","description":"Xornal galego de informaci\u00f3n xeral Publicaci\u00f3n mensual de novas de Galicia e en especial dos Concellos da sur da provincia de Pontevedra.","publisher":{"@id":"https:\/\/www.anovapeneira.gal\/#organization"},"potentialAction":[{"@type":"SearchAction","target":{"@type":"EntryPoint","urlTemplate":"https:\/\/www.anovapeneira.gal\/?s={search_term_string}"},"query-input":{"@type":"PropertyValueSpecification","valueRequired":true,"valueName":"search_term_string"}}],"inLanguage":"gl-ES"},{"@type":"Organization","@id":"https:\/\/www.anovapeneira.gal\/#organization","name":"A Nova Peneira","url":"https:\/\/www.anovapeneira.gal\/","logo":{"@type":"ImageObject","inLanguage":"gl-ES","@id":"https:\/\/www.anovapeneira.gal\/#\/schema\/logo\/image\/","url":"http:\/\/www.anovapeneira.gal\/wp-content\/uploads\/2019\/06\/logo_a_nova_peneira_portal_web.png","contentUrl":"http:\/\/www.anovapeneira.gal\/wp-content\/uploads\/2019\/06\/logo_a_nova_peneira_portal_web.png","width":300,"height":100,"caption":"A Nova Peneira"},"image":{"@id":"https:\/\/www.anovapeneira.gal\/#\/schema\/logo\/image\/"},"sameAs":["https:\/\/www.facebook.com\/anovapeneira","https:\/\/x.com\/APeneira"]},{"@type":"Person","@id":"https:\/\/www.anovapeneira.gal\/#\/schema\/person\/b93e3f8932e3f8da96334607eb6ac6aa","name":"Redacci\u00f3n A Nova Peneira","image":{"@type":"ImageObject","inLanguage":"gl-ES","@id":"https:\/\/secure.gravatar.com\/avatar\/c052a2551a06e23fac63626232eaa90abd78dbcf1700fc46a2b2c89fd27b735f?s=96&d=mm&r=g","url":"https:\/\/secure.gravatar.com\/avatar\/c052a2551a06e23fac63626232eaa90abd78dbcf1700fc46a2b2c89fd27b735f?s=96&d=mm&r=g","contentUrl":"https:\/\/secure.gravatar.com\/avatar\/c052a2551a06e23fac63626232eaa90abd78dbcf1700fc46a2b2c89fd27b735f?s=96&d=mm&r=g","caption":"Redacci\u00f3n A Nova Peneira"},"sameAs":["http:\/\/www.anovapeneira.gal\/"],"url":"https:\/\/www.anovapeneira.gal\/index.php\/author\/redactor\/"}]}},"jetpack_featured_media_url":"https:\/\/www.anovapeneira.gal\/wp-content\/uploads\/2020\/08\/alberto_pazos_secretario_organizacion_pp_a_nova_peneira.jpg","_links":{"self":[{"href":"https:\/\/www.anovapeneira.gal\/index.php\/wp-json\/wp\/v2\/posts\/5251","targetHints":{"allow":["GET"]}}],"collection":[{"href":"https:\/\/www.anovapeneira.gal\/index.php\/wp-json\/wp\/v2\/posts"}],"about":[{"href":"https:\/\/www.anovapeneira.gal\/index.php\/wp-json\/wp\/v2\/types\/post"}],"author":[{"embeddable":true,"href":"https:\/\/www.anovapeneira.gal\/index.php\/wp-json\/wp\/v2\/users\/3"}],"replies":[{"embeddable":true,"href":"https:\/\/www.anovapeneira.gal\/index.php\/wp-json\/wp\/v2\/comments?post=5251"}],"version-history":[{"count":1,"href":"https:\/\/www.anovapeneira.gal\/index.php\/wp-json\/wp\/v2\/posts\/5251\/revisions"}],"predecessor-version":[{"id":5252,"href":"https:\/\/www.anovapeneira.gal\/index.php\/wp-json\/wp\/v2\/posts\/5251\/revisions\/5252"}],"wp:featuredmedia":[{"embeddable":true,"href":"https:\/\/www.anovapeneira.gal\/index.php\/wp-json\/wp\/v2\/media\/3732"}],"wp:attachment":[{"href":"https:\/\/www.anovapeneira.gal\/index.php\/wp-json\/wp\/v2\/media?parent=5251"}],"wp:term":[{"taxonomy":"category","embeddable":true,"href":"https:\/\/www.anovapeneira.gal\/index.php\/wp-json\/wp\/v2\/categories?post=5251"},{"taxonomy":"post_tag","embeddable":true,"href":"https:\/\/www.anovapeneira.gal\/index.php\/wp-json\/wp\/v2\/tags?post=5251"}],"curies":[{"name":"wp","href":"https:\/\/api.w.org\/{rel}","templated":true}]}}