{"id":5253,"date":"2021-04-22T10:00:07","date_gmt":"2021-04-22T08:00:07","guid":{"rendered":"http:\/\/www.anovapeneira.gal\/?p=5253"},"modified":"2021-04-18T19:22:31","modified_gmt":"2021-04-18T17:22:31","slug":"territorio-renovabel-e-enerxias-ao-servizo-do-pais","status":"publish","type":"post","link":"https:\/\/www.anovapeneira.gal\/index.php\/2021\/04\/22\/territorio-renovabel-e-enerxias-ao-servizo-do-pais\/","title":{"rendered":"Territorio renov\u00e1bel e enerx\u00edas ao servizo do pa\u00eds"},"content":{"rendered":"\n<pre class=\"wp-block-verse\"><strong>Lu\u00eds Bar\u00e1 Deputado do BNG<\/strong><\/pre>\n\n\n\n<p>Os grandes poderes econ\u00f3micos son especialistas en apropiarse do discurso e po\u00f1elo ao servizo dos seus intereses. Renov\u00e1bel, sustent\u00e1bel ou circular son os novos mantras que o capitalismo utiliza para travestirse de verde e supostamente capitanear a preocupaci\u00f3n polo medio e a loita contra a emerxencia clim\u00e1tica. As mesmas corporaci\u00f3ns que fixeron grandes negocios coas enerx\u00edas f\u00f3siles e puxeron o mundo ao borde do abismo son as abandeiradas da transici\u00f3n ecol\u00f3xica e do desenvolvemento sustent\u00e1bel.<\/p>\n\n\n\n<p>O Grean Deal \u00e9 a marca dunha trampa e dunha estafa. A bandeira de comenencia que utilizan a EU, os Estados e a a Xunta para facer pasar como renov\u00e1bel o que \u00e9 en realidade \u00e9 un fest\u00edn de investidores e especuladores de toda pelaxe que ven no verde un negocio que move miles de mill\u00f3ns e que ofrece grandes marxes de beneficio.<\/p>\n\n\n\n<p>O que estamos a vivir coa enxurrada de parques e\u00f3licos que asedian cada recanto do pa\u00eds \u00e9 unha carreira desenfreada, apresurada e falta de garant\u00edas para coller parte do pastel. Unha aut\u00e9ntica rapa\u00f1ota, o gran casino e\u00f3lico no que sempre saen ga\u00f1ando os mesmos intereses, mentres perde o pa\u00eds e as comunidades locais.<\/p>\n\n\n\n<p>A megainvasi\u00f3n e\u00f3lica \u00e9 en primeiro lugar un ataque contra Galiza. E \u00e9 tam\u00e9n u ha agresi\u00f3n contra o medio, contra a xente, contra os dereitos democr\u00e1ticos. Vulnera todo tipo de garant\u00edas de participaci\u00f3n e transparencia, viola varias directivas comunitarias, pon en risco h\u00e1bitats e especies declaradasde interese prioritario, incorre na fraude de lei da fragmentaci\u00f3n de proxectos, atenta contra as actividades tradicionais e contra alternativas de desenvolvemento autocentrado, non se vencella con proxectos industriais end\u00f3xenos, desertiza o territorio, ap\u00f3iase no abuso de poder e na chantaxe, co amparo da administraci\u00f3n auton\u00f3mica e \u00e1s veces tam\u00e9n da municipal. En definitiva, sup\u00f3n un gran espolio da riqueza e dos recursos do pa\u00eds, que deber\u00edan estar ao servizo do desenvolvemento de Galiza, das maior\u00edas sociais e das comunidades locais.<\/p>\n\n\n\n<p>Nas \u00faltimas semanas estase a producir unha aut\u00e9ntica insurrecci\u00f3n social contra este modelo extractivista, de industrializaci\u00f3n intensiva e forzada do monte. Numerosas plataformas, comunidades de montes, organizaci\u00f3ns sindicais, entidades ecoloxistas e corporaci\u00f3ns municipais estanse pronunciando publicamente contra os abusos, contra o fondo e contra a forma.<\/p>\n\n\n\n<p>O BNG ten unha aposta clara e decidida polas renov\u00e1beis, mais non tragamos con rodas de mu\u00ed\u00f1o (nin hidr\u00e1ulico nin e\u00f3lico). Acreditamos noutro modelo de desenvolvemento enerx\u00e9tico e de aproveitamento da riqueza do noso vento. Un modelo que debe estar ao servizo do pa\u00eds, ser de iniciativa e desenvolvemento p\u00fablico, contar cun amplo proceso de participaci\u00f3n, ser xusto desde o punto de vista econ\u00f3mico e social, favorecer o desenvolvemento das comunidades locais, ten un enfoque distribu\u00eddo fronte ao sistema centralizado e oligop\u00f3lico dominante, fomentar o autoconsumo e as comunidades enerx\u00e9ticas, respectar os territorios de alto valor ambiental, ser compat\u00edbel e complementario en relaci\u00f3n con actividades econ\u00f3micas tradicionais, e estar dimensionado en funci\u00f3n dos nosos intereses e non nunha l\u00f3xica de acumulaci\u00f3n e de rapina.<\/p>\n\n\n\n<p>E se queremos falar de renov\u00e1beis hai que ten en conta un principio b\u00e1sico: o principal ben que hai que preservar, como un seguro de vida colectivo, \u00e9 a biodiversidade. De nada vale implantar renov\u00e1beis se destruimos h\u00e1bitats e especiies que son esenciais para a vida e o futuro do planeta.<\/p>\n\n\n\n<p>Este \u00e9 tam\u00e9n un debate sobre a necesidade de defender a democracia, a participaci\u00f3n e o verdadeiro interese p\u00fablico. O dereito, en suma, a vivir en territorios renov\u00e1beis, biodiversos, saud\u00e1beis. O dereito que temos a po\u00f1er a enerx\u00eda ao servizo do pa\u00eds e da maior\u00eda social.<\/p>\n","protected":false},"excerpt":{"rendered":"<div class=\"mh-excerpt\"><p>Os grandes poderes econ\u00f3micos son especialistas en apropiarse do discurso e po\u00f1elo ao servizo dos seus intereses. Renov\u00e1bel, sustent\u00e1bel ou circular son os novos mantras que o capitalismo utiliza para travestirse de verde e supostamente capitanear a preocupaci\u00f3n polo medio e a loita contra a emerxencia clim\u00e1tica. As mesmas corporaci\u00f3ns que fixeron grandes negocios coas enerx\u00edas f\u00f3siles e puxeron o mundo ao borde do abismo son as abandeiradas da transici\u00f3n ecol\u00f3xica e do desenvolvemento sustent\u00e1bel <a class=\"mh-excerpt-more\" href=\"https:\/\/www.anovapeneira.gal\/index.php\/2021\/04\/22\/territorio-renovabel-e-enerxias-ao-servizo-do-pais\/\" title=\"Territorio renov\u00e1bel e enerx\u00edas ao servizo do pa\u00eds\">[&#8230;]<\/a><\/p>\n<\/div>","protected":false},"author":3,"featured_media":3742,"comment_status":"open","ping_status":"open","sticky":false,"template":"","format":"standard","meta":{"_exactmetrics_skip_tracking":false,"_exactmetrics_sitenote_active":false,"_exactmetrics_sitenote_note":"","_exactmetrics_sitenote_category":0,"footnotes":""},"categories":[263],"tags":[1249],"class_list":{"0":"post-5253","1":"post","2":"type-post","3":"status-publish","4":"format-standard","5":"has-post-thumbnail","7":"category-novas","8":"tag-renovabel"},"yoast_head":"<!-- This site is optimized with the Yoast SEO plugin v27.5 - https:\/\/yoast.com\/product\/yoast-seo-wordpress\/ -->\n<title>Territorio renov\u00e1bel e enerx\u00edas ao servizo do pa\u00eds -<\/title>\n<meta name=\"description\" content=\"Os grandes poderes econ\u00f3micos son especialistas en apropiarse do discurso e po\u00f1elo ao servizo dos seus intereses. Renov\u00e1bel, sustent\u00e1bel ou circular son os novos mantras que o capitalismo utiliza para travestirse de verde e supostamente capitanear a preocupaci\u00f3n polo medio e a loita contra a emerxencia clim\u00e1tica. As mesmas corporaci\u00f3ns que fixeron grandes negocios coas enerx\u00edas f\u00f3siles e puxeron o mundo ao borde do abismo son as abandeiradas da transici\u00f3n ecol\u00f3xica e do desenvolvemento sustent\u00e1bel\" \/>\n<meta name=\"robots\" content=\"index, follow, max-snippet:-1, max-image-preview:large, max-video-preview:-1\" \/>\n<link rel=\"canonical\" href=\"https:\/\/www.anovapeneira.gal\/index.php\/2021\/04\/22\/territorio-renovabel-e-enerxias-ao-servizo-do-pais\/\" \/>\n<meta property=\"og:locale\" content=\"gl_ES\" \/>\n<meta property=\"og:type\" content=\"article\" \/>\n<meta property=\"og:title\" content=\"Territorio renov\u00e1bel e enerx\u00edas ao servizo do pa\u00eds -\" \/>\n<meta property=\"og:description\" content=\"Os grandes poderes econ\u00f3micos son especialistas en apropiarse do discurso e po\u00f1elo ao servizo dos seus intereses. Renov\u00e1bel, sustent\u00e1bel ou circular son os novos mantras que o capitalismo utiliza para travestirse de verde e supostamente capitanear a preocupaci\u00f3n polo medio e a loita contra a emerxencia clim\u00e1tica. As mesmas corporaci\u00f3ns que fixeron grandes negocios coas enerx\u00edas f\u00f3siles e puxeron o mundo ao borde do abismo son as abandeiradas da transici\u00f3n ecol\u00f3xica e do desenvolvemento sustent\u00e1bel\" \/>\n<meta property=\"og:url\" content=\"https:\/\/www.anovapeneira.gal\/index.php\/2021\/04\/22\/territorio-renovabel-e-enerxias-ao-servizo-do-pais\/\" \/>\n<meta property=\"article:publisher\" content=\"https:\/\/www.facebook.com\/anovapeneira\" \/>\n<meta property=\"article:published_time\" content=\"2021-04-22T08:00:07+00:00\" \/>\n<meta property=\"og:image\" content=\"https:\/\/www.anovapeneira.gal\/wp-content\/uploads\/2020\/08\/luis_bara_bng_pontevedra_a_nova_peneira.jpg\" \/>\n\t<meta property=\"og:image:width\" content=\"720\" \/>\n\t<meta property=\"og:image:height\" content=\"432\" \/>\n\t<meta property=\"og:image:type\" content=\"image\/jpeg\" \/>\n<meta name=\"author\" content=\"Redacci\u00f3n A Nova Peneira\" \/>\n<meta name=\"twitter:card\" content=\"summary_large_image\" \/>\n<meta name=\"twitter:description\" content=\"Os grandes poderes econ\u00f3micos son especialistas en apropiarse do discurso e po\u00f1elo ao servizo dos seus intereses. Renov\u00e1bel, sustent\u00e1bel ou circular son os novos mantras que o capitalismo utiliza para travestirse de verde e supostamente capitanear a preocupaci\u00f3n polo medio e a loita contra a emerxencia clim\u00e1tica. As mesmas corporaci\u00f3ns que fixeron grandes negocios coas enerx\u00edas f\u00f3siles e puxeron o mundo ao borde do abismo son as abandeiradas da transici\u00f3n ecol\u00f3xica e do desenvolvemento sustent\u00e1bel\" \/>\n<meta name=\"twitter:creator\" content=\"@APeneira\" \/>\n<meta name=\"twitter:site\" content=\"@APeneira\" \/>\n<meta name=\"twitter:label1\" content=\"Escrito por\" \/>\n\t<meta name=\"twitter:data1\" content=\"Redacci\u00f3n A Nova Peneira\" \/>\n\t<meta name=\"twitter:label2\" content=\"Tempo de lectura\" \/>\n\t<meta name=\"twitter:data2\" content=\"3 minutos\" \/>\n<script type=\"application\/ld+json\" class=\"yoast-schema-graph\">{\"@context\":\"https:\\\/\\\/schema.org\",\"@graph\":[{\"@type\":\"Article\",\"@id\":\"https:\\\/\\\/www.anovapeneira.gal\\\/index.php\\\/2021\\\/04\\\/22\\\/territorio-renovabel-e-enerxias-ao-servizo-do-pais\\\/#article\",\"isPartOf\":{\"@id\":\"https:\\\/\\\/www.anovapeneira.gal\\\/index.php\\\/2021\\\/04\\\/22\\\/territorio-renovabel-e-enerxias-ao-servizo-do-pais\\\/\"},\"author\":{\"name\":\"Redacci\u00f3n A Nova Peneira\",\"@id\":\"https:\\\/\\\/www.anovapeneira.gal\\\/#\\\/schema\\\/person\\\/b93e3f8932e3f8da96334607eb6ac6aa\"},\"headline\":\"Territorio renov\u00e1bel e enerx\u00edas ao servizo do pa\u00eds\",\"datePublished\":\"2021-04-22T08:00:07+00:00\",\"mainEntityOfPage\":{\"@id\":\"https:\\\/\\\/www.anovapeneira.gal\\\/index.php\\\/2021\\\/04\\\/22\\\/territorio-renovabel-e-enerxias-ao-servizo-do-pais\\\/\"},\"wordCount\":665,\"commentCount\":0,\"publisher\":{\"@id\":\"https:\\\/\\\/www.anovapeneira.gal\\\/#organization\"},\"image\":{\"@id\":\"https:\\\/\\\/www.anovapeneira.gal\\\/index.php\\\/2021\\\/04\\\/22\\\/territorio-renovabel-e-enerxias-ao-servizo-do-pais\\\/#primaryimage\"},\"thumbnailUrl\":\"https:\\\/\\\/www.anovapeneira.gal\\\/wp-content\\\/uploads\\\/2020\\\/08\\\/luis_bara_bng_pontevedra_a_nova_peneira.jpg\",\"keywords\":[\"Renov\u00e1bel\"],\"articleSection\":[\"Novas\"],\"inLanguage\":\"gl-ES\",\"potentialAction\":[{\"@type\":\"CommentAction\",\"name\":\"Comment\",\"target\":[\"https:\\\/\\\/www.anovapeneira.gal\\\/index.php\\\/2021\\\/04\\\/22\\\/territorio-renovabel-e-enerxias-ao-servizo-do-pais\\\/#respond\"]}]},{\"@type\":\"WebPage\",\"@id\":\"https:\\\/\\\/www.anovapeneira.gal\\\/index.php\\\/2021\\\/04\\\/22\\\/territorio-renovabel-e-enerxias-ao-servizo-do-pais\\\/\",\"url\":\"https:\\\/\\\/www.anovapeneira.gal\\\/index.php\\\/2021\\\/04\\\/22\\\/territorio-renovabel-e-enerxias-ao-servizo-do-pais\\\/\",\"name\":\"Territorio renov\u00e1bel e enerx\u00edas ao servizo do pa\u00eds -\",\"isPartOf\":{\"@id\":\"https:\\\/\\\/www.anovapeneira.gal\\\/#website\"},\"primaryImageOfPage\":{\"@id\":\"https:\\\/\\\/www.anovapeneira.gal\\\/index.php\\\/2021\\\/04\\\/22\\\/territorio-renovabel-e-enerxias-ao-servizo-do-pais\\\/#primaryimage\"},\"image\":{\"@id\":\"https:\\\/\\\/www.anovapeneira.gal\\\/index.php\\\/2021\\\/04\\\/22\\\/territorio-renovabel-e-enerxias-ao-servizo-do-pais\\\/#primaryimage\"},\"thumbnailUrl\":\"https:\\\/\\\/www.anovapeneira.gal\\\/wp-content\\\/uploads\\\/2020\\\/08\\\/luis_bara_bng_pontevedra_a_nova_peneira.jpg\",\"datePublished\":\"2021-04-22T08:00:07+00:00\",\"description\":\"Os grandes poderes econ\u00f3micos son especialistas en apropiarse do discurso e po\u00f1elo ao servizo dos seus intereses. Renov\u00e1bel, sustent\u00e1bel ou circular son os novos mantras que o capitalismo utiliza para travestirse de verde e supostamente capitanear a preocupaci\u00f3n polo medio e a loita contra a emerxencia clim\u00e1tica. As mesmas corporaci\u00f3ns que fixeron grandes negocios coas enerx\u00edas f\u00f3siles e puxeron o mundo ao borde do abismo son as abandeiradas da transici\u00f3n ecol\u00f3xica e do desenvolvemento sustent\u00e1bel\",\"breadcrumb\":{\"@id\":\"https:\\\/\\\/www.anovapeneira.gal\\\/index.php\\\/2021\\\/04\\\/22\\\/territorio-renovabel-e-enerxias-ao-servizo-do-pais\\\/#breadcrumb\"},\"inLanguage\":\"gl-ES\",\"potentialAction\":[{\"@type\":\"ReadAction\",\"target\":[\"https:\\\/\\\/www.anovapeneira.gal\\\/index.php\\\/2021\\\/04\\\/22\\\/territorio-renovabel-e-enerxias-ao-servizo-do-pais\\\/\"]}]},{\"@type\":\"ImageObject\",\"inLanguage\":\"gl-ES\",\"@id\":\"https:\\\/\\\/www.anovapeneira.gal\\\/index.php\\\/2021\\\/04\\\/22\\\/territorio-renovabel-e-enerxias-ao-servizo-do-pais\\\/#primaryimage\",\"url\":\"https:\\\/\\\/www.anovapeneira.gal\\\/wp-content\\\/uploads\\\/2020\\\/08\\\/luis_bara_bng_pontevedra_a_nova_peneira.jpg\",\"contentUrl\":\"https:\\\/\\\/www.anovapeneira.gal\\\/wp-content\\\/uploads\\\/2020\\\/08\\\/luis_bara_bng_pontevedra_a_nova_peneira.jpg\",\"width\":720,\"height\":432,\"caption\":\"Lu\u00eds Bar\u00e1 Parlamentario auton\u00f3mico do BNG pola provincia de Pontevedra\"},{\"@type\":\"BreadcrumbList\",\"@id\":\"https:\\\/\\\/www.anovapeneira.gal\\\/index.php\\\/2021\\\/04\\\/22\\\/territorio-renovabel-e-enerxias-ao-servizo-do-pais\\\/#breadcrumb\",\"itemListElement\":[{\"@type\":\"ListItem\",\"position\":1,\"name\":\"Portada\",\"item\":\"https:\\\/\\\/www.anovapeneira.gal\\\/\"},{\"@type\":\"ListItem\",\"position\":2,\"name\":\"Territorio renov\u00e1bel e enerx\u00edas ao servizo do pa\u00eds\"}]},{\"@type\":\"WebSite\",\"@id\":\"https:\\\/\\\/www.anovapeneira.gal\\\/#website\",\"url\":\"https:\\\/\\\/www.anovapeneira.gal\\\/\",\"name\":\"\",\"description\":\"Xornal galego de informaci\u00f3n xeral Publicaci\u00f3n mensual de novas de Galicia e en especial dos Concellos da sur da provincia de Pontevedra.\",\"publisher\":{\"@id\":\"https:\\\/\\\/www.anovapeneira.gal\\\/#organization\"},\"potentialAction\":[{\"@type\":\"SearchAction\",\"target\":{\"@type\":\"EntryPoint\",\"urlTemplate\":\"https:\\\/\\\/www.anovapeneira.gal\\\/?s={search_term_string}\"},\"query-input\":{\"@type\":\"PropertyValueSpecification\",\"valueRequired\":true,\"valueName\":\"search_term_string\"}}],\"inLanguage\":\"gl-ES\"},{\"@type\":\"Organization\",\"@id\":\"https:\\\/\\\/www.anovapeneira.gal\\\/#organization\",\"name\":\"A Nova Peneira\",\"url\":\"https:\\\/\\\/www.anovapeneira.gal\\\/\",\"logo\":{\"@type\":\"ImageObject\",\"inLanguage\":\"gl-ES\",\"@id\":\"https:\\\/\\\/www.anovapeneira.gal\\\/#\\\/schema\\\/logo\\\/image\\\/\",\"url\":\"http:\\\/\\\/www.anovapeneira.gal\\\/wp-content\\\/uploads\\\/2019\\\/06\\\/logo_a_nova_peneira_portal_web.png\",\"contentUrl\":\"http:\\\/\\\/www.anovapeneira.gal\\\/wp-content\\\/uploads\\\/2019\\\/06\\\/logo_a_nova_peneira_portal_web.png\",\"width\":300,\"height\":100,\"caption\":\"A Nova Peneira\"},\"image\":{\"@id\":\"https:\\\/\\\/www.anovapeneira.gal\\\/#\\\/schema\\\/logo\\\/image\\\/\"},\"sameAs\":[\"https:\\\/\\\/www.facebook.com\\\/anovapeneira\",\"https:\\\/\\\/x.com\\\/APeneira\"]},{\"@type\":\"Person\",\"@id\":\"https:\\\/\\\/www.anovapeneira.gal\\\/#\\\/schema\\\/person\\\/b93e3f8932e3f8da96334607eb6ac6aa\",\"name\":\"Redacci\u00f3n A Nova Peneira\",\"image\":{\"@type\":\"ImageObject\",\"inLanguage\":\"gl-ES\",\"@id\":\"https:\\\/\\\/secure.gravatar.com\\\/avatar\\\/c052a2551a06e23fac63626232eaa90abd78dbcf1700fc46a2b2c89fd27b735f?s=96&d=mm&r=g\",\"url\":\"https:\\\/\\\/secure.gravatar.com\\\/avatar\\\/c052a2551a06e23fac63626232eaa90abd78dbcf1700fc46a2b2c89fd27b735f?s=96&d=mm&r=g\",\"contentUrl\":\"https:\\\/\\\/secure.gravatar.com\\\/avatar\\\/c052a2551a06e23fac63626232eaa90abd78dbcf1700fc46a2b2c89fd27b735f?s=96&d=mm&r=g\",\"caption\":\"Redacci\u00f3n A Nova Peneira\"},\"sameAs\":[\"http:\\\/\\\/www.anovapeneira.gal\\\/\"],\"url\":\"https:\\\/\\\/www.anovapeneira.gal\\\/index.php\\\/author\\\/redactor\\\/\"}]}<\/script>\n<!-- \/ Yoast SEO plugin. -->","yoast_head_json":{"title":"Territorio renov\u00e1bel e enerx\u00edas ao servizo do pa\u00eds -","description":"Os grandes poderes econ\u00f3micos son especialistas en apropiarse do discurso e po\u00f1elo ao servizo dos seus intereses. Renov\u00e1bel, sustent\u00e1bel ou circular son os novos mantras que o capitalismo utiliza para travestirse de verde e supostamente capitanear a preocupaci\u00f3n polo medio e a loita contra a emerxencia clim\u00e1tica. As mesmas corporaci\u00f3ns que fixeron grandes negocios coas enerx\u00edas f\u00f3siles e puxeron o mundo ao borde do abismo son as abandeiradas da transici\u00f3n ecol\u00f3xica e do desenvolvemento sustent\u00e1bel","robots":{"index":"index","follow":"follow","max-snippet":"max-snippet:-1","max-image-preview":"max-image-preview:large","max-video-preview":"max-video-preview:-1"},"canonical":"https:\/\/www.anovapeneira.gal\/index.php\/2021\/04\/22\/territorio-renovabel-e-enerxias-ao-servizo-do-pais\/","og_locale":"gl_ES","og_type":"article","og_title":"Territorio renov\u00e1bel e enerx\u00edas ao servizo do pa\u00eds -","og_description":"Os grandes poderes econ\u00f3micos son especialistas en apropiarse do discurso e po\u00f1elo ao servizo dos seus intereses. Renov\u00e1bel, sustent\u00e1bel ou circular son os novos mantras que o capitalismo utiliza para travestirse de verde e supostamente capitanear a preocupaci\u00f3n polo medio e a loita contra a emerxencia clim\u00e1tica. As mesmas corporaci\u00f3ns que fixeron grandes negocios coas enerx\u00edas f\u00f3siles e puxeron o mundo ao borde do abismo son as abandeiradas da transici\u00f3n ecol\u00f3xica e do desenvolvemento sustent\u00e1bel","og_url":"https:\/\/www.anovapeneira.gal\/index.php\/2021\/04\/22\/territorio-renovabel-e-enerxias-ao-servizo-do-pais\/","article_publisher":"https:\/\/www.facebook.com\/anovapeneira","article_published_time":"2021-04-22T08:00:07+00:00","og_image":[{"width":720,"height":432,"url":"https:\/\/www.anovapeneira.gal\/wp-content\/uploads\/2020\/08\/luis_bara_bng_pontevedra_a_nova_peneira.jpg","type":"image\/jpeg"}],"author":"Redacci\u00f3n A Nova Peneira","twitter_card":"summary_large_image","twitter_description":"Os grandes poderes econ\u00f3micos son especialistas en apropiarse do discurso e po\u00f1elo ao servizo dos seus intereses. Renov\u00e1bel, sustent\u00e1bel ou circular son os novos mantras que o capitalismo utiliza para travestirse de verde e supostamente capitanear a preocupaci\u00f3n polo medio e a loita contra a emerxencia clim\u00e1tica. As mesmas corporaci\u00f3ns que fixeron grandes negocios coas enerx\u00edas f\u00f3siles e puxeron o mundo ao borde do abismo son as abandeiradas da transici\u00f3n ecol\u00f3xica e do desenvolvemento sustent\u00e1bel","twitter_creator":"@APeneira","twitter_site":"@APeneira","twitter_misc":{"Escrito por":"Redacci\u00f3n A Nova Peneira","Tempo de lectura":"3 minutos"},"schema":{"@context":"https:\/\/schema.org","@graph":[{"@type":"Article","@id":"https:\/\/www.anovapeneira.gal\/index.php\/2021\/04\/22\/territorio-renovabel-e-enerxias-ao-servizo-do-pais\/#article","isPartOf":{"@id":"https:\/\/www.anovapeneira.gal\/index.php\/2021\/04\/22\/territorio-renovabel-e-enerxias-ao-servizo-do-pais\/"},"author":{"name":"Redacci\u00f3n A Nova Peneira","@id":"https:\/\/www.anovapeneira.gal\/#\/schema\/person\/b93e3f8932e3f8da96334607eb6ac6aa"},"headline":"Territorio renov\u00e1bel e enerx\u00edas ao servizo do pa\u00eds","datePublished":"2021-04-22T08:00:07+00:00","mainEntityOfPage":{"@id":"https:\/\/www.anovapeneira.gal\/index.php\/2021\/04\/22\/territorio-renovabel-e-enerxias-ao-servizo-do-pais\/"},"wordCount":665,"commentCount":0,"publisher":{"@id":"https:\/\/www.anovapeneira.gal\/#organization"},"image":{"@id":"https:\/\/www.anovapeneira.gal\/index.php\/2021\/04\/22\/territorio-renovabel-e-enerxias-ao-servizo-do-pais\/#primaryimage"},"thumbnailUrl":"https:\/\/www.anovapeneira.gal\/wp-content\/uploads\/2020\/08\/luis_bara_bng_pontevedra_a_nova_peneira.jpg","keywords":["Renov\u00e1bel"],"articleSection":["Novas"],"inLanguage":"gl-ES","potentialAction":[{"@type":"CommentAction","name":"Comment","target":["https:\/\/www.anovapeneira.gal\/index.php\/2021\/04\/22\/territorio-renovabel-e-enerxias-ao-servizo-do-pais\/#respond"]}]},{"@type":"WebPage","@id":"https:\/\/www.anovapeneira.gal\/index.php\/2021\/04\/22\/territorio-renovabel-e-enerxias-ao-servizo-do-pais\/","url":"https:\/\/www.anovapeneira.gal\/index.php\/2021\/04\/22\/territorio-renovabel-e-enerxias-ao-servizo-do-pais\/","name":"Territorio renov\u00e1bel e enerx\u00edas ao servizo do pa\u00eds -","isPartOf":{"@id":"https:\/\/www.anovapeneira.gal\/#website"},"primaryImageOfPage":{"@id":"https:\/\/www.anovapeneira.gal\/index.php\/2021\/04\/22\/territorio-renovabel-e-enerxias-ao-servizo-do-pais\/#primaryimage"},"image":{"@id":"https:\/\/www.anovapeneira.gal\/index.php\/2021\/04\/22\/territorio-renovabel-e-enerxias-ao-servizo-do-pais\/#primaryimage"},"thumbnailUrl":"https:\/\/www.anovapeneira.gal\/wp-content\/uploads\/2020\/08\/luis_bara_bng_pontevedra_a_nova_peneira.jpg","datePublished":"2021-04-22T08:00:07+00:00","description":"Os grandes poderes econ\u00f3micos son especialistas en apropiarse do discurso e po\u00f1elo ao servizo dos seus intereses. Renov\u00e1bel, sustent\u00e1bel ou circular son os novos mantras que o capitalismo utiliza para travestirse de verde e supostamente capitanear a preocupaci\u00f3n polo medio e a loita contra a emerxencia clim\u00e1tica. As mesmas corporaci\u00f3ns que fixeron grandes negocios coas enerx\u00edas f\u00f3siles e puxeron o mundo ao borde do abismo son as abandeiradas da transici\u00f3n ecol\u00f3xica e do desenvolvemento sustent\u00e1bel","breadcrumb":{"@id":"https:\/\/www.anovapeneira.gal\/index.php\/2021\/04\/22\/territorio-renovabel-e-enerxias-ao-servizo-do-pais\/#breadcrumb"},"inLanguage":"gl-ES","potentialAction":[{"@type":"ReadAction","target":["https:\/\/www.anovapeneira.gal\/index.php\/2021\/04\/22\/territorio-renovabel-e-enerxias-ao-servizo-do-pais\/"]}]},{"@type":"ImageObject","inLanguage":"gl-ES","@id":"https:\/\/www.anovapeneira.gal\/index.php\/2021\/04\/22\/territorio-renovabel-e-enerxias-ao-servizo-do-pais\/#primaryimage","url":"https:\/\/www.anovapeneira.gal\/wp-content\/uploads\/2020\/08\/luis_bara_bng_pontevedra_a_nova_peneira.jpg","contentUrl":"https:\/\/www.anovapeneira.gal\/wp-content\/uploads\/2020\/08\/luis_bara_bng_pontevedra_a_nova_peneira.jpg","width":720,"height":432,"caption":"Lu\u00eds Bar\u00e1 Parlamentario auton\u00f3mico do BNG pola provincia de Pontevedra"},{"@type":"BreadcrumbList","@id":"https:\/\/www.anovapeneira.gal\/index.php\/2021\/04\/22\/territorio-renovabel-e-enerxias-ao-servizo-do-pais\/#breadcrumb","itemListElement":[{"@type":"ListItem","position":1,"name":"Portada","item":"https:\/\/www.anovapeneira.gal\/"},{"@type":"ListItem","position":2,"name":"Territorio renov\u00e1bel e enerx\u00edas ao servizo do pa\u00eds"}]},{"@type":"WebSite","@id":"https:\/\/www.anovapeneira.gal\/#website","url":"https:\/\/www.anovapeneira.gal\/","name":"","description":"Xornal galego de informaci\u00f3n xeral Publicaci\u00f3n mensual de novas de Galicia e en especial dos Concellos da sur da provincia de Pontevedra.","publisher":{"@id":"https:\/\/www.anovapeneira.gal\/#organization"},"potentialAction":[{"@type":"SearchAction","target":{"@type":"EntryPoint","urlTemplate":"https:\/\/www.anovapeneira.gal\/?s={search_term_string}"},"query-input":{"@type":"PropertyValueSpecification","valueRequired":true,"valueName":"search_term_string"}}],"inLanguage":"gl-ES"},{"@type":"Organization","@id":"https:\/\/www.anovapeneira.gal\/#organization","name":"A Nova Peneira","url":"https:\/\/www.anovapeneira.gal\/","logo":{"@type":"ImageObject","inLanguage":"gl-ES","@id":"https:\/\/www.anovapeneira.gal\/#\/schema\/logo\/image\/","url":"http:\/\/www.anovapeneira.gal\/wp-content\/uploads\/2019\/06\/logo_a_nova_peneira_portal_web.png","contentUrl":"http:\/\/www.anovapeneira.gal\/wp-content\/uploads\/2019\/06\/logo_a_nova_peneira_portal_web.png","width":300,"height":100,"caption":"A Nova Peneira"},"image":{"@id":"https:\/\/www.anovapeneira.gal\/#\/schema\/logo\/image\/"},"sameAs":["https:\/\/www.facebook.com\/anovapeneira","https:\/\/x.com\/APeneira"]},{"@type":"Person","@id":"https:\/\/www.anovapeneira.gal\/#\/schema\/person\/b93e3f8932e3f8da96334607eb6ac6aa","name":"Redacci\u00f3n A Nova Peneira","image":{"@type":"ImageObject","inLanguage":"gl-ES","@id":"https:\/\/secure.gravatar.com\/avatar\/c052a2551a06e23fac63626232eaa90abd78dbcf1700fc46a2b2c89fd27b735f?s=96&d=mm&r=g","url":"https:\/\/secure.gravatar.com\/avatar\/c052a2551a06e23fac63626232eaa90abd78dbcf1700fc46a2b2c89fd27b735f?s=96&d=mm&r=g","contentUrl":"https:\/\/secure.gravatar.com\/avatar\/c052a2551a06e23fac63626232eaa90abd78dbcf1700fc46a2b2c89fd27b735f?s=96&d=mm&r=g","caption":"Redacci\u00f3n A Nova Peneira"},"sameAs":["http:\/\/www.anovapeneira.gal\/"],"url":"https:\/\/www.anovapeneira.gal\/index.php\/author\/redactor\/"}]}},"jetpack_featured_media_url":"https:\/\/www.anovapeneira.gal\/wp-content\/uploads\/2020\/08\/luis_bara_bng_pontevedra_a_nova_peneira.jpg","_links":{"self":[{"href":"https:\/\/www.anovapeneira.gal\/index.php\/wp-json\/wp\/v2\/posts\/5253","targetHints":{"allow":["GET"]}}],"collection":[{"href":"https:\/\/www.anovapeneira.gal\/index.php\/wp-json\/wp\/v2\/posts"}],"about":[{"href":"https:\/\/www.anovapeneira.gal\/index.php\/wp-json\/wp\/v2\/types\/post"}],"author":[{"embeddable":true,"href":"https:\/\/www.anovapeneira.gal\/index.php\/wp-json\/wp\/v2\/users\/3"}],"replies":[{"embeddable":true,"href":"https:\/\/www.anovapeneira.gal\/index.php\/wp-json\/wp\/v2\/comments?post=5253"}],"version-history":[{"count":1,"href":"https:\/\/www.anovapeneira.gal\/index.php\/wp-json\/wp\/v2\/posts\/5253\/revisions"}],"predecessor-version":[{"id":5254,"href":"https:\/\/www.anovapeneira.gal\/index.php\/wp-json\/wp\/v2\/posts\/5253\/revisions\/5254"}],"wp:featuredmedia":[{"embeddable":true,"href":"https:\/\/www.anovapeneira.gal\/index.php\/wp-json\/wp\/v2\/media\/3742"}],"wp:attachment":[{"href":"https:\/\/www.anovapeneira.gal\/index.php\/wp-json\/wp\/v2\/media?parent=5253"}],"wp:term":[{"taxonomy":"category","embeddable":true,"href":"https:\/\/www.anovapeneira.gal\/index.php\/wp-json\/wp\/v2\/categories?post=5253"},{"taxonomy":"post_tag","embeddable":true,"href":"https:\/\/www.anovapeneira.gal\/index.php\/wp-json\/wp\/v2\/tags?post=5253"}],"curies":[{"name":"wp","href":"https:\/\/api.w.org\/{rel}","templated":true}]}}