{"id":5255,"date":"2021-04-23T10:00:25","date_gmt":"2021-04-23T08:00:25","guid":{"rendered":"http:\/\/www.anovapeneira.gal\/?p=5255"},"modified":"2021-04-18T19:41:52","modified_gmt":"2021-04-18T17:41:52","slug":"anabel-antela-presenta-o-seu-traballo-en-ponteareas","status":"publish","type":"post","link":"https:\/\/www.anovapeneira.gal\/index.php\/2021\/04\/23\/anabel-antela-presenta-o-seu-traballo-en-ponteareas\/","title":{"rendered":"Anabel Antela presenta o seu traballo en Ponteareas"},"content":{"rendered":"\n<p>Na Peneira anterior conversamos con Anabel. Recordemos que ela \u00e9 unha moza de Ponteareas que ven de rematar a s\u00faa carreira universitaria e que como traballo de fin de grao publicou unha exhaustiva investigaci\u00f3n sobre a situaci\u00f3n do idioma galego no sector t\u00e9xtil: \u201cA lingua galega no sector t\u00e9xtil, visi\u00f3n opini\u00f3n e posici\u00f3n da xeraci\u00f3n millennial galega\u201d.<\/p>\n\n\n\n<p>O pasado 15 deste mes de abril, Anabel, supo\u00f1o que especialmente ilusionada, presentou o seu libro na s\u00faa terra, Ponteareas. O acto desenvolveuse no auditorio Reveriano Soutullo coa compa\u00f1\u00eda de Marcos Maceira, presidente da MLN, e coa presenza da alcaldesa accidental Cristina&nbsp;Fern\u00e1ndez. Considerando as limitaci\u00f3ns l\u00f3xicas de aforo, derivadas da pandemia sanitaria, o espazo encheu o n\u00famero m\u00e1ximo de asistentes que permit\u00edan as circunstancias epid\u00e9micas que estamos a vivir. E para min, que tiven a fortuna de asistir \u00e1 presentaci\u00f3n, supuxo unha alegr\u00eda inmensa ver a mozos e mozas no p\u00fablico dun acto que defend\u00eda a normalidade do uso do noso idioma no noso pa\u00eds. Quixera rematar esta cr\u00f3nica dirix\u00edndome a Anabel, e a todos os mozos e mozas que a acompa\u00f1aron na presentaci\u00f3n do seu traballo, expresando o meu desexo de que se mante\u00f1an firmes no seu compromiso de defender o noso idioma, que o falen sempre, en todos os contextos posibles; na universidade, no seu traballo, no seu lecer, cando lle vaian facer as beiras a unha moza ou a un mozo, coas s\u00faas familias, cos seus colegas, cando practiquen deporte, nas s\u00faas compras&#8230;&#8230;.,pois te\u00f1o a certeza de que os seus devanceiros amaron en galego, sufriron en galego, gozaron en galego, padeceron en galego, riron en galego, choraron en galego, viviron en galego e morreron en galego. Est\u00e1 neles e nelas, nos mozos e mozas da idade de Anabel, evitar que o idioma se perda. D\u00e9benllo a quen estivo antes e a quen vir\u00e1 despois.<\/p>\n","protected":false},"excerpt":{"rendered":"<div class=\"mh-excerpt\"><p>Na Peneira anterior conversamos con Anabel. Recordemos que ela \u00e9 unha moza de Ponteareas que ven de rematar a s\u00faa carreira universitaria e que como traballo de fin de grao publicou unha exhaustiva investigaci\u00f3n sobre a situaci\u00f3n do idioma galego no sector t\u00e9xtil: \u201cA lingua galega no sector t\u00e9xtil, visi\u00f3n opini\u00f3n e posici\u00f3n da xeraci\u00f3n millennial galega\u201d. <a class=\"mh-excerpt-more\" href=\"https:\/\/www.anovapeneira.gal\/index.php\/2021\/04\/23\/anabel-antela-presenta-o-seu-traballo-en-ponteareas\/\" title=\"Anabel Antela presenta o seu traballo en Ponteareas\">[&#8230;]<\/a><\/p>\n<\/div>","protected":false},"author":2,"featured_media":5256,"comment_status":"open","ping_status":"open","sticky":false,"template":"","format":"standard","meta":{"_exactmetrics_skip_tracking":false,"_exactmetrics_sitenote_active":false,"_exactmetrics_sitenote_note":"","_exactmetrics_sitenote_category":0,"footnotes":""},"categories":[25],"tags":[208],"class_list":{"0":"post-5255","1":"post","2":"type-post","3":"status-publish","4":"format-standard","5":"has-post-thumbnail","7":"category-condado","8":"tag-concello-de-ponteareas"},"yoast_head":"<!-- This site is optimized with the Yoast SEO plugin v27.4 - https:\/\/yoast.com\/product\/yoast-seo-wordpress\/ -->\n<title>Anabel Antela presenta o seu traballo en Ponteareas -<\/title>\n<meta name=\"description\" content=\"Na Peneira anterior conversamos con Anabel. Recordemos que ela \u00e9 unha moza de Ponteareas que ven de rematar a s\u00faa carreira universitaria e que como traballo de fin de grao publicou unha exhaustiva investigaci\u00f3n sobre a situaci\u00f3n do idioma galego no sector t\u00e9xtil: \u201cA lingua galega no sector t\u00e9xtil, visi\u00f3n opini\u00f3n e posici\u00f3n da xeraci\u00f3n millennial galega\u201d.\" \/>\n<meta name=\"robots\" content=\"index, follow, max-snippet:-1, max-image-preview:large, max-video-preview:-1\" \/>\n<link rel=\"canonical\" href=\"https:\/\/www.anovapeneira.gal\/index.php\/2021\/04\/23\/anabel-antela-presenta-o-seu-traballo-en-ponteareas\/\" \/>\n<meta property=\"og:locale\" content=\"gl_ES\" \/>\n<meta property=\"og:type\" content=\"article\" \/>\n<meta property=\"og:title\" content=\"Anabel Antela presenta o seu traballo en Ponteareas -\" \/>\n<meta property=\"og:description\" content=\"Na Peneira anterior conversamos con Anabel. Recordemos que ela \u00e9 unha moza de Ponteareas que ven de rematar a s\u00faa carreira universitaria e que como traballo de fin de grao publicou unha exhaustiva investigaci\u00f3n sobre a situaci\u00f3n do idioma galego no sector t\u00e9xtil: \u201cA lingua galega no sector t\u00e9xtil, visi\u00f3n opini\u00f3n e posici\u00f3n da xeraci\u00f3n millennial galega\u201d.\" \/>\n<meta property=\"og:url\" content=\"https:\/\/www.anovapeneira.gal\/index.php\/2021\/04\/23\/anabel-antela-presenta-o-seu-traballo-en-ponteareas\/\" \/>\n<meta property=\"article:publisher\" content=\"https:\/\/www.facebook.com\/anovapeneira\" \/>\n<meta property=\"article:published_time\" content=\"2021-04-23T08:00:25+00:00\" \/>\n<meta property=\"og:image\" content=\"https:\/\/www.anovapeneira.gal\/wp-content\/uploads\/2021\/04\/anabel_antela.jpg\" \/>\n\t<meta property=\"og:image:width\" content=\"720\" \/>\n\t<meta property=\"og:image:height\" content=\"432\" \/>\n\t<meta property=\"og:image:type\" content=\"image\/jpeg\" \/>\n<meta name=\"author\" content=\"Tino Lago\" \/>\n<meta name=\"twitter:card\" content=\"summary_large_image\" \/>\n<meta name=\"twitter:description\" content=\"Na Peneira anterior conversamos con Anabel. Recordemos que ela \u00e9 unha moza de Ponteareas que ven de rematar a s\u00faa carreira universitaria e que como traballo de fin de grao publicou unha exhaustiva investigaci\u00f3n sobre a situaci\u00f3n do idioma galego no sector t\u00e9xtil: \u201cA lingua galega no sector t\u00e9xtil, visi\u00f3n opini\u00f3n e posici\u00f3n da xeraci\u00f3n millennial galega\u201d.\" \/>\n<meta name=\"twitter:creator\" content=\"@APeneira\" \/>\n<meta name=\"twitter:site\" content=\"@APeneira\" \/>\n<meta name=\"twitter:label1\" content=\"Escrito por\" \/>\n\t<meta name=\"twitter:data1\" content=\"Tino Lago\" \/>\n\t<meta name=\"twitter:label2\" content=\"Tempo de lectura\" \/>\n\t<meta name=\"twitter:data2\" content=\"2 minutos\" \/>\n<script type=\"application\/ld+json\" class=\"yoast-schema-graph\">{\"@context\":\"https:\\\/\\\/schema.org\",\"@graph\":[{\"@type\":\"Article\",\"@id\":\"https:\\\/\\\/www.anovapeneira.gal\\\/index.php\\\/2021\\\/04\\\/23\\\/anabel-antela-presenta-o-seu-traballo-en-ponteareas\\\/#article\",\"isPartOf\":{\"@id\":\"https:\\\/\\\/www.anovapeneira.gal\\\/index.php\\\/2021\\\/04\\\/23\\\/anabel-antela-presenta-o-seu-traballo-en-ponteareas\\\/\"},\"author\":{\"name\":\"Tino Lago\",\"@id\":\"https:\\\/\\\/www.anovapeneira.gal\\\/#\\\/schema\\\/person\\\/424dfe65e3070fd8a44d22d2c088762a\"},\"headline\":\"Anabel Antela presenta o seu traballo en Ponteareas\",\"datePublished\":\"2021-04-23T08:00:25+00:00\",\"mainEntityOfPage\":{\"@id\":\"https:\\\/\\\/www.anovapeneira.gal\\\/index.php\\\/2021\\\/04\\\/23\\\/anabel-antela-presenta-o-seu-traballo-en-ponteareas\\\/\"},\"wordCount\":345,\"commentCount\":0,\"publisher\":{\"@id\":\"https:\\\/\\\/www.anovapeneira.gal\\\/#organization\"},\"image\":{\"@id\":\"https:\\\/\\\/www.anovapeneira.gal\\\/index.php\\\/2021\\\/04\\\/23\\\/anabel-antela-presenta-o-seu-traballo-en-ponteareas\\\/#primaryimage\"},\"thumbnailUrl\":\"https:\\\/\\\/www.anovapeneira.gal\\\/wp-content\\\/uploads\\\/2021\\\/04\\\/anabel_antela.jpg\",\"keywords\":[\"Concello de Ponteareas\"],\"articleSection\":[\"Condado\"],\"inLanguage\":\"gl-ES\",\"potentialAction\":[{\"@type\":\"CommentAction\",\"name\":\"Comment\",\"target\":[\"https:\\\/\\\/www.anovapeneira.gal\\\/index.php\\\/2021\\\/04\\\/23\\\/anabel-antela-presenta-o-seu-traballo-en-ponteareas\\\/#respond\"]}]},{\"@type\":\"WebPage\",\"@id\":\"https:\\\/\\\/www.anovapeneira.gal\\\/index.php\\\/2021\\\/04\\\/23\\\/anabel-antela-presenta-o-seu-traballo-en-ponteareas\\\/\",\"url\":\"https:\\\/\\\/www.anovapeneira.gal\\\/index.php\\\/2021\\\/04\\\/23\\\/anabel-antela-presenta-o-seu-traballo-en-ponteareas\\\/\",\"name\":\"Anabel Antela presenta o seu traballo en Ponteareas -\",\"isPartOf\":{\"@id\":\"https:\\\/\\\/www.anovapeneira.gal\\\/#website\"},\"primaryImageOfPage\":{\"@id\":\"https:\\\/\\\/www.anovapeneira.gal\\\/index.php\\\/2021\\\/04\\\/23\\\/anabel-antela-presenta-o-seu-traballo-en-ponteareas\\\/#primaryimage\"},\"image\":{\"@id\":\"https:\\\/\\\/www.anovapeneira.gal\\\/index.php\\\/2021\\\/04\\\/23\\\/anabel-antela-presenta-o-seu-traballo-en-ponteareas\\\/#primaryimage\"},\"thumbnailUrl\":\"https:\\\/\\\/www.anovapeneira.gal\\\/wp-content\\\/uploads\\\/2021\\\/04\\\/anabel_antela.jpg\",\"datePublished\":\"2021-04-23T08:00:25+00:00\",\"description\":\"Na Peneira anterior conversamos con Anabel. Recordemos que ela \u00e9 unha moza de Ponteareas que ven de rematar a s\u00faa carreira universitaria e que como traballo de fin de grao publicou unha exhaustiva investigaci\u00f3n sobre a situaci\u00f3n do idioma galego no sector t\u00e9xtil: \u201cA lingua galega no sector t\u00e9xtil, visi\u00f3n opini\u00f3n e posici\u00f3n da xeraci\u00f3n millennial galega\u201d.\",\"breadcrumb\":{\"@id\":\"https:\\\/\\\/www.anovapeneira.gal\\\/index.php\\\/2021\\\/04\\\/23\\\/anabel-antela-presenta-o-seu-traballo-en-ponteareas\\\/#breadcrumb\"},\"inLanguage\":\"gl-ES\",\"potentialAction\":[{\"@type\":\"ReadAction\",\"target\":[\"https:\\\/\\\/www.anovapeneira.gal\\\/index.php\\\/2021\\\/04\\\/23\\\/anabel-antela-presenta-o-seu-traballo-en-ponteareas\\\/\"]}]},{\"@type\":\"ImageObject\",\"inLanguage\":\"gl-ES\",\"@id\":\"https:\\\/\\\/www.anovapeneira.gal\\\/index.php\\\/2021\\\/04\\\/23\\\/anabel-antela-presenta-o-seu-traballo-en-ponteareas\\\/#primaryimage\",\"url\":\"https:\\\/\\\/www.anovapeneira.gal\\\/wp-content\\\/uploads\\\/2021\\\/04\\\/anabel_antela.jpg\",\"contentUrl\":\"https:\\\/\\\/www.anovapeneira.gal\\\/wp-content\\\/uploads\\\/2021\\\/04\\\/anabel_antela.jpg\",\"width\":720,\"height\":432,\"caption\":\"Anabel Antela presenta o seu traballo en Ponteareas\"},{\"@type\":\"BreadcrumbList\",\"@id\":\"https:\\\/\\\/www.anovapeneira.gal\\\/index.php\\\/2021\\\/04\\\/23\\\/anabel-antela-presenta-o-seu-traballo-en-ponteareas\\\/#breadcrumb\",\"itemListElement\":[{\"@type\":\"ListItem\",\"position\":1,\"name\":\"Portada\",\"item\":\"https:\\\/\\\/www.anovapeneira.gal\\\/\"},{\"@type\":\"ListItem\",\"position\":2,\"name\":\"Anabel Antela presenta o seu traballo en Ponteareas\"}]},{\"@type\":\"WebSite\",\"@id\":\"https:\\\/\\\/www.anovapeneira.gal\\\/#website\",\"url\":\"https:\\\/\\\/www.anovapeneira.gal\\\/\",\"name\":\"\",\"description\":\"Xornal galego de informaci\u00f3n xeral Publicaci\u00f3n mensual de novas de Galicia e en especial dos Concellos da sur da provincia de Pontevedra.\",\"publisher\":{\"@id\":\"https:\\\/\\\/www.anovapeneira.gal\\\/#organization\"},\"potentialAction\":[{\"@type\":\"SearchAction\",\"target\":{\"@type\":\"EntryPoint\",\"urlTemplate\":\"https:\\\/\\\/www.anovapeneira.gal\\\/?s={search_term_string}\"},\"query-input\":{\"@type\":\"PropertyValueSpecification\",\"valueRequired\":true,\"valueName\":\"search_term_string\"}}],\"inLanguage\":\"gl-ES\"},{\"@type\":\"Organization\",\"@id\":\"https:\\\/\\\/www.anovapeneira.gal\\\/#organization\",\"name\":\"A Nova Peneira\",\"url\":\"https:\\\/\\\/www.anovapeneira.gal\\\/\",\"logo\":{\"@type\":\"ImageObject\",\"inLanguage\":\"gl-ES\",\"@id\":\"https:\\\/\\\/www.anovapeneira.gal\\\/#\\\/schema\\\/logo\\\/image\\\/\",\"url\":\"http:\\\/\\\/www.anovapeneira.gal\\\/wp-content\\\/uploads\\\/2019\\\/06\\\/logo_a_nova_peneira_portal_web.png\",\"contentUrl\":\"http:\\\/\\\/www.anovapeneira.gal\\\/wp-content\\\/uploads\\\/2019\\\/06\\\/logo_a_nova_peneira_portal_web.png\",\"width\":300,\"height\":100,\"caption\":\"A Nova Peneira\"},\"image\":{\"@id\":\"https:\\\/\\\/www.anovapeneira.gal\\\/#\\\/schema\\\/logo\\\/image\\\/\"},\"sameAs\":[\"https:\\\/\\\/www.facebook.com\\\/anovapeneira\",\"https:\\\/\\\/x.com\\\/APeneira\"]},{\"@type\":\"Person\",\"@id\":\"https:\\\/\\\/www.anovapeneira.gal\\\/#\\\/schema\\\/person\\\/424dfe65e3070fd8a44d22d2c088762a\",\"name\":\"Tino Lago\",\"image\":{\"@type\":\"ImageObject\",\"inLanguage\":\"gl-ES\",\"@id\":\"https:\\\/\\\/secure.gravatar.com\\\/avatar\\\/b3df6a06e44bab3111583b90f0f33a0379ee5e3d22cbadd232d39f21c30c62be?s=96&d=mm&r=g\",\"url\":\"https:\\\/\\\/secure.gravatar.com\\\/avatar\\\/b3df6a06e44bab3111583b90f0f33a0379ee5e3d22cbadd232d39f21c30c62be?s=96&d=mm&r=g\",\"contentUrl\":\"https:\\\/\\\/secure.gravatar.com\\\/avatar\\\/b3df6a06e44bab3111583b90f0f33a0379ee5e3d22cbadd232d39f21c30c62be?s=96&d=mm&r=g\",\"caption\":\"Tino Lago\"},\"sameAs\":[\"http:\\\/\\\/www.anovapeneira.gal\"],\"url\":\"https:\\\/\\\/www.anovapeneira.gal\\\/index.php\\\/author\\\/director\\\/\"}]}<\/script>\n<!-- \/ Yoast SEO plugin. -->","yoast_head_json":{"title":"Anabel Antela presenta o seu traballo en Ponteareas -","description":"Na Peneira anterior conversamos con Anabel. Recordemos que ela \u00e9 unha moza de Ponteareas que ven de rematar a s\u00faa carreira universitaria e que como traballo de fin de grao publicou unha exhaustiva investigaci\u00f3n sobre a situaci\u00f3n do idioma galego no sector t\u00e9xtil: \u201cA lingua galega no sector t\u00e9xtil, visi\u00f3n opini\u00f3n e posici\u00f3n da xeraci\u00f3n millennial galega\u201d.","robots":{"index":"index","follow":"follow","max-snippet":"max-snippet:-1","max-image-preview":"max-image-preview:large","max-video-preview":"max-video-preview:-1"},"canonical":"https:\/\/www.anovapeneira.gal\/index.php\/2021\/04\/23\/anabel-antela-presenta-o-seu-traballo-en-ponteareas\/","og_locale":"gl_ES","og_type":"article","og_title":"Anabel Antela presenta o seu traballo en Ponteareas -","og_description":"Na Peneira anterior conversamos con Anabel. Recordemos que ela \u00e9 unha moza de Ponteareas que ven de rematar a s\u00faa carreira universitaria e que como traballo de fin de grao publicou unha exhaustiva investigaci\u00f3n sobre a situaci\u00f3n do idioma galego no sector t\u00e9xtil: \u201cA lingua galega no sector t\u00e9xtil, visi\u00f3n opini\u00f3n e posici\u00f3n da xeraci\u00f3n millennial galega\u201d.","og_url":"https:\/\/www.anovapeneira.gal\/index.php\/2021\/04\/23\/anabel-antela-presenta-o-seu-traballo-en-ponteareas\/","article_publisher":"https:\/\/www.facebook.com\/anovapeneira","article_published_time":"2021-04-23T08:00:25+00:00","og_image":[{"width":720,"height":432,"url":"https:\/\/www.anovapeneira.gal\/wp-content\/uploads\/2021\/04\/anabel_antela.jpg","type":"image\/jpeg"}],"author":"Tino Lago","twitter_card":"summary_large_image","twitter_description":"Na Peneira anterior conversamos con Anabel. Recordemos que ela \u00e9 unha moza de Ponteareas que ven de rematar a s\u00faa carreira universitaria e que como traballo de fin de grao publicou unha exhaustiva investigaci\u00f3n sobre a situaci\u00f3n do idioma galego no sector t\u00e9xtil: \u201cA lingua galega no sector t\u00e9xtil, visi\u00f3n opini\u00f3n e posici\u00f3n da xeraci\u00f3n millennial galega\u201d.","twitter_creator":"@APeneira","twitter_site":"@APeneira","twitter_misc":{"Escrito por":"Tino Lago","Tempo de lectura":"2 minutos"},"schema":{"@context":"https:\/\/schema.org","@graph":[{"@type":"Article","@id":"https:\/\/www.anovapeneira.gal\/index.php\/2021\/04\/23\/anabel-antela-presenta-o-seu-traballo-en-ponteareas\/#article","isPartOf":{"@id":"https:\/\/www.anovapeneira.gal\/index.php\/2021\/04\/23\/anabel-antela-presenta-o-seu-traballo-en-ponteareas\/"},"author":{"name":"Tino Lago","@id":"https:\/\/www.anovapeneira.gal\/#\/schema\/person\/424dfe65e3070fd8a44d22d2c088762a"},"headline":"Anabel Antela presenta o seu traballo en Ponteareas","datePublished":"2021-04-23T08:00:25+00:00","mainEntityOfPage":{"@id":"https:\/\/www.anovapeneira.gal\/index.php\/2021\/04\/23\/anabel-antela-presenta-o-seu-traballo-en-ponteareas\/"},"wordCount":345,"commentCount":0,"publisher":{"@id":"https:\/\/www.anovapeneira.gal\/#organization"},"image":{"@id":"https:\/\/www.anovapeneira.gal\/index.php\/2021\/04\/23\/anabel-antela-presenta-o-seu-traballo-en-ponteareas\/#primaryimage"},"thumbnailUrl":"https:\/\/www.anovapeneira.gal\/wp-content\/uploads\/2021\/04\/anabel_antela.jpg","keywords":["Concello de Ponteareas"],"articleSection":["Condado"],"inLanguage":"gl-ES","potentialAction":[{"@type":"CommentAction","name":"Comment","target":["https:\/\/www.anovapeneira.gal\/index.php\/2021\/04\/23\/anabel-antela-presenta-o-seu-traballo-en-ponteareas\/#respond"]}]},{"@type":"WebPage","@id":"https:\/\/www.anovapeneira.gal\/index.php\/2021\/04\/23\/anabel-antela-presenta-o-seu-traballo-en-ponteareas\/","url":"https:\/\/www.anovapeneira.gal\/index.php\/2021\/04\/23\/anabel-antela-presenta-o-seu-traballo-en-ponteareas\/","name":"Anabel Antela presenta o seu traballo en Ponteareas -","isPartOf":{"@id":"https:\/\/www.anovapeneira.gal\/#website"},"primaryImageOfPage":{"@id":"https:\/\/www.anovapeneira.gal\/index.php\/2021\/04\/23\/anabel-antela-presenta-o-seu-traballo-en-ponteareas\/#primaryimage"},"image":{"@id":"https:\/\/www.anovapeneira.gal\/index.php\/2021\/04\/23\/anabel-antela-presenta-o-seu-traballo-en-ponteareas\/#primaryimage"},"thumbnailUrl":"https:\/\/www.anovapeneira.gal\/wp-content\/uploads\/2021\/04\/anabel_antela.jpg","datePublished":"2021-04-23T08:00:25+00:00","description":"Na Peneira anterior conversamos con Anabel. Recordemos que ela \u00e9 unha moza de Ponteareas que ven de rematar a s\u00faa carreira universitaria e que como traballo de fin de grao publicou unha exhaustiva investigaci\u00f3n sobre a situaci\u00f3n do idioma galego no sector t\u00e9xtil: \u201cA lingua galega no sector t\u00e9xtil, visi\u00f3n opini\u00f3n e posici\u00f3n da xeraci\u00f3n millennial galega\u201d.","breadcrumb":{"@id":"https:\/\/www.anovapeneira.gal\/index.php\/2021\/04\/23\/anabel-antela-presenta-o-seu-traballo-en-ponteareas\/#breadcrumb"},"inLanguage":"gl-ES","potentialAction":[{"@type":"ReadAction","target":["https:\/\/www.anovapeneira.gal\/index.php\/2021\/04\/23\/anabel-antela-presenta-o-seu-traballo-en-ponteareas\/"]}]},{"@type":"ImageObject","inLanguage":"gl-ES","@id":"https:\/\/www.anovapeneira.gal\/index.php\/2021\/04\/23\/anabel-antela-presenta-o-seu-traballo-en-ponteareas\/#primaryimage","url":"https:\/\/www.anovapeneira.gal\/wp-content\/uploads\/2021\/04\/anabel_antela.jpg","contentUrl":"https:\/\/www.anovapeneira.gal\/wp-content\/uploads\/2021\/04\/anabel_antela.jpg","width":720,"height":432,"caption":"Anabel Antela presenta o seu traballo en Ponteareas"},{"@type":"BreadcrumbList","@id":"https:\/\/www.anovapeneira.gal\/index.php\/2021\/04\/23\/anabel-antela-presenta-o-seu-traballo-en-ponteareas\/#breadcrumb","itemListElement":[{"@type":"ListItem","position":1,"name":"Portada","item":"https:\/\/www.anovapeneira.gal\/"},{"@type":"ListItem","position":2,"name":"Anabel Antela presenta o seu traballo en Ponteareas"}]},{"@type":"WebSite","@id":"https:\/\/www.anovapeneira.gal\/#website","url":"https:\/\/www.anovapeneira.gal\/","name":"","description":"Xornal galego de informaci\u00f3n xeral Publicaci\u00f3n mensual de novas de Galicia e en especial dos Concellos da sur da provincia de Pontevedra.","publisher":{"@id":"https:\/\/www.anovapeneira.gal\/#organization"},"potentialAction":[{"@type":"SearchAction","target":{"@type":"EntryPoint","urlTemplate":"https:\/\/www.anovapeneira.gal\/?s={search_term_string}"},"query-input":{"@type":"PropertyValueSpecification","valueRequired":true,"valueName":"search_term_string"}}],"inLanguage":"gl-ES"},{"@type":"Organization","@id":"https:\/\/www.anovapeneira.gal\/#organization","name":"A Nova Peneira","url":"https:\/\/www.anovapeneira.gal\/","logo":{"@type":"ImageObject","inLanguage":"gl-ES","@id":"https:\/\/www.anovapeneira.gal\/#\/schema\/logo\/image\/","url":"http:\/\/www.anovapeneira.gal\/wp-content\/uploads\/2019\/06\/logo_a_nova_peneira_portal_web.png","contentUrl":"http:\/\/www.anovapeneira.gal\/wp-content\/uploads\/2019\/06\/logo_a_nova_peneira_portal_web.png","width":300,"height":100,"caption":"A Nova Peneira"},"image":{"@id":"https:\/\/www.anovapeneira.gal\/#\/schema\/logo\/image\/"},"sameAs":["https:\/\/www.facebook.com\/anovapeneira","https:\/\/x.com\/APeneira"]},{"@type":"Person","@id":"https:\/\/www.anovapeneira.gal\/#\/schema\/person\/424dfe65e3070fd8a44d22d2c088762a","name":"Tino Lago","image":{"@type":"ImageObject","inLanguage":"gl-ES","@id":"https:\/\/secure.gravatar.com\/avatar\/b3df6a06e44bab3111583b90f0f33a0379ee5e3d22cbadd232d39f21c30c62be?s=96&d=mm&r=g","url":"https:\/\/secure.gravatar.com\/avatar\/b3df6a06e44bab3111583b90f0f33a0379ee5e3d22cbadd232d39f21c30c62be?s=96&d=mm&r=g","contentUrl":"https:\/\/secure.gravatar.com\/avatar\/b3df6a06e44bab3111583b90f0f33a0379ee5e3d22cbadd232d39f21c30c62be?s=96&d=mm&r=g","caption":"Tino Lago"},"sameAs":["http:\/\/www.anovapeneira.gal"],"url":"https:\/\/www.anovapeneira.gal\/index.php\/author\/director\/"}]}},"jetpack_featured_media_url":"https:\/\/www.anovapeneira.gal\/wp-content\/uploads\/2021\/04\/anabel_antela.jpg","_links":{"self":[{"href":"https:\/\/www.anovapeneira.gal\/index.php\/wp-json\/wp\/v2\/posts\/5255","targetHints":{"allow":["GET"]}}],"collection":[{"href":"https:\/\/www.anovapeneira.gal\/index.php\/wp-json\/wp\/v2\/posts"}],"about":[{"href":"https:\/\/www.anovapeneira.gal\/index.php\/wp-json\/wp\/v2\/types\/post"}],"author":[{"embeddable":true,"href":"https:\/\/www.anovapeneira.gal\/index.php\/wp-json\/wp\/v2\/users\/2"}],"replies":[{"embeddable":true,"href":"https:\/\/www.anovapeneira.gal\/index.php\/wp-json\/wp\/v2\/comments?post=5255"}],"version-history":[{"count":1,"href":"https:\/\/www.anovapeneira.gal\/index.php\/wp-json\/wp\/v2\/posts\/5255\/revisions"}],"predecessor-version":[{"id":5257,"href":"https:\/\/www.anovapeneira.gal\/index.php\/wp-json\/wp\/v2\/posts\/5255\/revisions\/5257"}],"wp:featuredmedia":[{"embeddable":true,"href":"https:\/\/www.anovapeneira.gal\/index.php\/wp-json\/wp\/v2\/media\/5256"}],"wp:attachment":[{"href":"https:\/\/www.anovapeneira.gal\/index.php\/wp-json\/wp\/v2\/media?parent=5255"}],"wp:term":[{"taxonomy":"category","embeddable":true,"href":"https:\/\/www.anovapeneira.gal\/index.php\/wp-json\/wp\/v2\/categories?post=5255"},{"taxonomy":"post_tag","embeddable":true,"href":"https:\/\/www.anovapeneira.gal\/index.php\/wp-json\/wp\/v2\/tags?post=5255"}],"curies":[{"name":"wp","href":"https:\/\/api.w.org\/{rel}","templated":true}]}}