{"id":5258,"date":"2021-04-22T12:00:59","date_gmt":"2021-04-22T10:00:59","guid":{"rendered":"http:\/\/www.anovapeneira.gal\/?p=5258"},"modified":"2021-04-18T19:35:54","modified_gmt":"2021-04-18T17:35:54","slug":"pola-democratizacion-da-enerxia","status":"publish","type":"post","link":"https:\/\/www.anovapeneira.gal\/index.php\/2021\/04\/22\/pola-democratizacion-da-enerxia\/","title":{"rendered":"Pola democratizaci\u00f3n da enerx\u00eda"},"content":{"rendered":"\n<pre class=\"wp-block-verse\"><strong>Ant\u00f3n S\u00e1nchez portavoz de Anova Irmandade nacionalista<\/strong><\/pre>\n\n\n\n<p>\u00c1 febre e\u00f3lica fomentada pola Xunta de Galicia sum\u00e1ronse nos \u00faltimos tempos megaparques tramitados polo goberno espa\u00f1ol que intensifican m\u00e1is a pol\u00edtica do espolio que estamos a sufrir en Galiza.<\/p>\n\n\n\n<p>Este feito est\u00e1 a ter resposta na sociedade civil onde se te\u00f1en creado organizaci\u00f3ns e plataformas de defensa do territorio ante o abandono dos gobernos da defensa do interese xeral.<\/p>\n\n\n\n<p>Non \u00e9 dif\u00edcil ver estes d\u00edas debates sobre si renovables s\u00ed ou renovables non.<\/p>\n\n\n\n<p>M\u00e1is eu digo que \u00e9se non \u00e9 o debate. Ata Endesa ou Iberdrola o te\u00f1en claro.<\/p>\n\n\n\n<p>O gran debate \u00e9 o como se desenvolve unha verdadeira transici\u00f3n enerx\u00e9tica.<\/p>\n\n\n\n<p>Como se est\u00e1 a facer por parte da Xunta de Galicia e o goberno espa\u00f1ol?<\/p>\n\n\n\n<p>A maior avalancha da historia de e\u00f3licos de Galiza, que poder\u00eda incrementar en 4 anos un 200% da xa instalada, nun pa\u00eds que xa \u00e9 con diferencia o m\u00e1is densamente ocupado con aeroxeradores, estase a producir cun Plan Sectorial E\u00f3lico de 1997, totalmente desfasado e obsoleto.<\/p>\n\n\n\n<p>S\u00f3 por po\u00f1er un exemplo, a distancia m\u00ednima \u00e1s vivendas que se fixa nese plan son 500 mts, cando os aeroxeradores ti\u00f1an uns 50 mts de altura. Hoxe chegan aos 150-200 mts e a distancia \u00e1s vivendas mantense en 500, coa ameaza que iso sup\u00f3n para a xente do rural que os te\u00f1a que sufrir.<\/p>\n\n\n\n<p>Para o Plan e\u00f3lico do 97 todo o solo r\u00fastico de Galiza ag\u00e1s a superficie Rede Natura \u00e9 susceptible actualmente de contar cun parque e\u00f3lico ou estar nas s\u00faas inmediaci\u00f3ns.<\/p>\n\n\n\n<p>Unha superficie de Rede Natura moi por debaixo da media do Estado e europea, e cunha demanda de ampliaci\u00f3n por parte da UE, dende hai m\u00e1is de 10 anos.<\/p>\n\n\n\n<p>A maior avalancha de e\u00f3licos da historia d\u00e1se con dita ampliaci\u00f3n de Rede Natura metida nun caix\u00f3n mentres se sit\u00faan aeroxeradores nos bordes de Rede Natura e nas posibles zonas de ampliaci\u00f3n, hipotecando unha futura ampliaci\u00f3n \u00e1 maior gloria das grandes empresas que controlan o sector.<\/p>\n\n\n\n<p>A \u00e9sto hai que sumarlle unha lexislaci\u00f3n recentemente desenvolta \u00e1 medida das el\u00e9ctricas que reducen os prazos de tramitaci\u00f3n e o tempo que ten a xente para informarse, e que rebaixa as garant\u00edas de conservaci\u00f3n ambiental, paisax\u00edstica e patrimonial.<\/p>\n\n\n\n<p>Haber\u00eda que preguntarse o porqu\u00e9 desta precipitaci\u00f3n podendo facer as cousas ben. A resposta? O negocio dunha elite.<\/p>\n\n\n\n<p>Asemade o control dos parques que se est\u00e1n a instalar corresponde a empresas que son conglomerados de el\u00e9ctricas, fondos de investimento, ou construtoras, maioritariamente de capital estranxeiro, que obter\u00e1n enormes beneficios, crear\u00e1n pouco emprego e deixar\u00e1n en forma de impostos e arrendamentos unha pequen\u00edsima parte do pastel que se empe\u00f1a en regalarlles a Xunta de Galicia.<\/p>\n\n\n\n<p>Moi resumidamente \u00e9ste \u00e9 o contexto no que se da a invasi\u00f3n e\u00f3lica. Grandes impactos, control en poucas mans, xeraci\u00f3n de pouco emprego e pouqu\u00edsima econom\u00eda local.<\/p>\n\n\n\n<p>A ALTERNATIVA?A DEMOCRATIZACI\u00d3N DA ENERX\u00cdA.<\/p>\n\n\n\n<p>En primeiro lugar esa alternativa ten que ser democr\u00e1tica e trasparente froito dun debate pol\u00edtico e social coas cartas enriba da mesa.<\/p>\n\n\n\n<p>Temos que definir un modelo de transici\u00f3n cara un pa\u00eds menos dependente enerxeticamente, menos contaminante, e que reduza as emisi\u00f3ns de gases de efecto invernadoiro, onde se concrete a potencia a instalar durante os vindeiros anos ,calculada despois de ter en conta moitos factores, entre os que deben estar pol\u00edticas de reduci\u00f3n de consumo e que desboten o papel de Galiza como exportador de enerx\u00eda.<\/p>\n\n\n\n<p>Como sinala a Directiva europea priorizarase a xeraci\u00f3n distribu\u00edda ,coa produci\u00f3n nas mans de moitos e pequenos e preto do lugar de consumo e fomentarase o autoconsumo.<\/p>\n\n\n\n<p>A transici\u00f3n enerx\u00e9tica debe de ser ademais de viable ambientalmente, tendo en conta que os recursos minerais do planeta son finitos, unha revoluci\u00f3n democratizadora.<\/p>\n\n\n\n<p>Debe servir para pasar dun modelo controlado por un oligopolio a un modelo en mans da xente. As\u00ed a alternativa a este modelo deber\u00e1 lexislar para favorecer a entrada da cidadan\u00eda en f\u00f3rmulas cooperativas de produci\u00f3n e a entrada da participaci\u00f3n p\u00fablica.<\/p>\n\n\n\n<p>As\u00ed non so implantaremos renovables sen\u00f3n que tam\u00e9n se xerar\u00e1n rendas que beneficiar\u00e1n sobre todo \u00e1 xente do rural, tendo en conta que o negocio do vento factura uns 600 mill\u00f3ns de euros anuais, que agora voan para a elite econ\u00f3mica, e que pretenden triplicar a potencia instalada en poucos anos, non \u00e9 cuesti\u00f3n menor.<\/p>\n\n\n\n<p>Nun contexto onde a desigualdade econ\u00f3mica \u00e9 un grave problema, as instituci\u00f3ns p\u00fablicas deben de tomar partido pola xente.<\/p>\n\n\n\n<p>Mentres non haxa un armaz\u00f3n normativo que garanta unha transici\u00f3n verdadeiramente sostible establecerase unha moratoria, per\u00edodo no que se elaborar\u00e1 un no Plan E\u00f3lico de Galiza, cos principios antes enunciados, publicarase unha proposta de ampliaci\u00f3n de Rede Natura e revisaranse as Directrices da Paisaxe, establecendo zonas de exclusi\u00f3n naqueles lugares que te\u00f1en que preservarse.<\/p>\n\n\n\n<p>Deber\u00eda de aprobarse un mapa de solos con aptitude agron\u00f3mica para protexer os solos con alta aptitude agron\u00f3mica ou actividade agrogandeira.<\/p>\n\n\n\n<p>Esta alternativa non s\u00f3 \u00e9 posible, sen\u00f3n \u00e9 pola que optar\u00eda calquera goberno que mirase polo interese dos galegos e galegas.<\/p>\n\n\n\n<p>\u00c9 a alternativa democr\u00e1tica, despois de moitos anos de saqueo dos nosos recursos naturais, e \u00e9 o momento de reivindicala.<\/p>\n","protected":false},"excerpt":{"rendered":"<div class=\"mh-excerpt\"><p>\u00c1 febre e\u00f3lica fomentada pola Xunta de Galicia sum\u00e1ronse nos \u00faltimos tempos megaparques tramitados polo goberno espa\u00f1ol que intensifican m\u00e1is a pol\u00edtica do espolio que estamos a sufrir en Galiza <a class=\"mh-excerpt-more\" href=\"https:\/\/www.anovapeneira.gal\/index.php\/2021\/04\/22\/pola-democratizacion-da-enerxia\/\" title=\"Pola democratizaci\u00f3n da enerx\u00eda\">[&#8230;]<\/a><\/p>\n<\/div>","protected":false},"author":3,"featured_media":3435,"comment_status":"open","ping_status":"open","sticky":false,"template":"","format":"standard","meta":{"_exactmetrics_skip_tracking":false,"_exactmetrics_sitenote_active":false,"_exactmetrics_sitenote_note":"","_exactmetrics_sitenote_category":0,"footnotes":""},"categories":[263],"tags":[1250],"class_list":{"0":"post-5258","1":"post","2":"type-post","3":"status-publish","4":"format-standard","5":"has-post-thumbnail","7":"category-novas","8":"tag-enerxia"},"yoast_head":"<!-- This site is optimized with the Yoast SEO plugin v27.5 - https:\/\/yoast.com\/product\/yoast-seo-wordpress\/ -->\n<title>Pola democratizaci\u00f3n da enerx\u00eda -<\/title>\n<meta name=\"description\" content=\"\u00c1 febre e\u00f3lica fomentada pola Xunta de Galicia sum\u00e1ronse nos \u00faltimos tempos megaparques tramitados polo goberno espa\u00f1ol que intensifican m\u00e1is a pol\u00edtica do espolio que estamos a sufrir en Galiza\" \/>\n<meta name=\"robots\" content=\"index, follow, max-snippet:-1, max-image-preview:large, max-video-preview:-1\" \/>\n<link rel=\"canonical\" href=\"https:\/\/www.anovapeneira.gal\/index.php\/2021\/04\/22\/pola-democratizacion-da-enerxia\/\" \/>\n<meta property=\"og:locale\" content=\"gl_ES\" \/>\n<meta property=\"og:type\" content=\"article\" \/>\n<meta property=\"og:title\" content=\"Pola democratizaci\u00f3n da enerx\u00eda -\" \/>\n<meta property=\"og:description\" content=\"\u00c1 febre e\u00f3lica fomentada pola Xunta de Galicia sum\u00e1ronse nos \u00faltimos tempos megaparques tramitados polo goberno espa\u00f1ol que intensifican m\u00e1is a pol\u00edtica do espolio que estamos a sufrir en Galiza\" \/>\n<meta property=\"og:url\" content=\"https:\/\/www.anovapeneira.gal\/index.php\/2021\/04\/22\/pola-democratizacion-da-enerxia\/\" \/>\n<meta property=\"article:publisher\" content=\"https:\/\/www.facebook.com\/anovapeneira\" \/>\n<meta property=\"article:published_time\" content=\"2021-04-22T10:00:59+00:00\" \/>\n<meta property=\"og:image\" content=\"https:\/\/www.anovapeneira.gal\/wp-content\/uploads\/2020\/06\/galicia_en_comun_a_nova_peneira.jpg\" \/>\n\t<meta property=\"og:image:width\" content=\"720\" \/>\n\t<meta property=\"og:image:height\" content=\"432\" \/>\n\t<meta property=\"og:image:type\" content=\"image\/jpeg\" \/>\n<meta name=\"author\" content=\"Redacci\u00f3n A Nova Peneira\" \/>\n<meta name=\"twitter:card\" content=\"summary_large_image\" \/>\n<meta name=\"twitter:description\" content=\"\u00c1 febre e\u00f3lica fomentada pola Xunta de Galicia sum\u00e1ronse nos \u00faltimos tempos megaparques tramitados polo goberno espa\u00f1ol que intensifican m\u00e1is a pol\u00edtica do espolio que estamos a sufrir en Galiza\" \/>\n<meta name=\"twitter:creator\" content=\"@APeneira\" \/>\n<meta name=\"twitter:site\" content=\"@APeneira\" \/>\n<meta name=\"twitter:label1\" content=\"Escrito por\" \/>\n\t<meta name=\"twitter:data1\" content=\"Redacci\u00f3n A Nova Peneira\" \/>\n\t<meta name=\"twitter:label2\" content=\"Tempo de lectura\" \/>\n\t<meta name=\"twitter:data2\" content=\"4 minutos\" \/>\n<script type=\"application\/ld+json\" class=\"yoast-schema-graph\">{\"@context\":\"https:\\\/\\\/schema.org\",\"@graph\":[{\"@type\":\"Article\",\"@id\":\"https:\\\/\\\/www.anovapeneira.gal\\\/index.php\\\/2021\\\/04\\\/22\\\/pola-democratizacion-da-enerxia\\\/#article\",\"isPartOf\":{\"@id\":\"https:\\\/\\\/www.anovapeneira.gal\\\/index.php\\\/2021\\\/04\\\/22\\\/pola-democratizacion-da-enerxia\\\/\"},\"author\":{\"name\":\"Redacci\u00f3n A Nova Peneira\",\"@id\":\"https:\\\/\\\/www.anovapeneira.gal\\\/#\\\/schema\\\/person\\\/b93e3f8932e3f8da96334607eb6ac6aa\"},\"headline\":\"Pola democratizaci\u00f3n da enerx\u00eda\",\"datePublished\":\"2021-04-22T10:00:59+00:00\",\"mainEntityOfPage\":{\"@id\":\"https:\\\/\\\/www.anovapeneira.gal\\\/index.php\\\/2021\\\/04\\\/22\\\/pola-democratizacion-da-enerxia\\\/\"},\"wordCount\":923,\"commentCount\":0,\"publisher\":{\"@id\":\"https:\\\/\\\/www.anovapeneira.gal\\\/#organization\"},\"image\":{\"@id\":\"https:\\\/\\\/www.anovapeneira.gal\\\/index.php\\\/2021\\\/04\\\/22\\\/pola-democratizacion-da-enerxia\\\/#primaryimage\"},\"thumbnailUrl\":\"https:\\\/\\\/www.anovapeneira.gal\\\/wp-content\\\/uploads\\\/2020\\\/06\\\/galicia_en_comun_a_nova_peneira.jpg\",\"keywords\":[\"enerx\u00eda\"],\"articleSection\":[\"Novas\"],\"inLanguage\":\"gl-ES\",\"potentialAction\":[{\"@type\":\"CommentAction\",\"name\":\"Comment\",\"target\":[\"https:\\\/\\\/www.anovapeneira.gal\\\/index.php\\\/2021\\\/04\\\/22\\\/pola-democratizacion-da-enerxia\\\/#respond\"]}]},{\"@type\":\"WebPage\",\"@id\":\"https:\\\/\\\/www.anovapeneira.gal\\\/index.php\\\/2021\\\/04\\\/22\\\/pola-democratizacion-da-enerxia\\\/\",\"url\":\"https:\\\/\\\/www.anovapeneira.gal\\\/index.php\\\/2021\\\/04\\\/22\\\/pola-democratizacion-da-enerxia\\\/\",\"name\":\"Pola democratizaci\u00f3n da enerx\u00eda -\",\"isPartOf\":{\"@id\":\"https:\\\/\\\/www.anovapeneira.gal\\\/#website\"},\"primaryImageOfPage\":{\"@id\":\"https:\\\/\\\/www.anovapeneira.gal\\\/index.php\\\/2021\\\/04\\\/22\\\/pola-democratizacion-da-enerxia\\\/#primaryimage\"},\"image\":{\"@id\":\"https:\\\/\\\/www.anovapeneira.gal\\\/index.php\\\/2021\\\/04\\\/22\\\/pola-democratizacion-da-enerxia\\\/#primaryimage\"},\"thumbnailUrl\":\"https:\\\/\\\/www.anovapeneira.gal\\\/wp-content\\\/uploads\\\/2020\\\/06\\\/galicia_en_comun_a_nova_peneira.jpg\",\"datePublished\":\"2021-04-22T10:00:59+00:00\",\"description\":\"\u00c1 febre e\u00f3lica fomentada pola Xunta de Galicia sum\u00e1ronse nos \u00faltimos tempos megaparques tramitados polo goberno espa\u00f1ol que intensifican m\u00e1is a pol\u00edtica do espolio que estamos a sufrir en Galiza\",\"breadcrumb\":{\"@id\":\"https:\\\/\\\/www.anovapeneira.gal\\\/index.php\\\/2021\\\/04\\\/22\\\/pola-democratizacion-da-enerxia\\\/#breadcrumb\"},\"inLanguage\":\"gl-ES\",\"potentialAction\":[{\"@type\":\"ReadAction\",\"target\":[\"https:\\\/\\\/www.anovapeneira.gal\\\/index.php\\\/2021\\\/04\\\/22\\\/pola-democratizacion-da-enerxia\\\/\"]}]},{\"@type\":\"ImageObject\",\"inLanguage\":\"gl-ES\",\"@id\":\"https:\\\/\\\/www.anovapeneira.gal\\\/index.php\\\/2021\\\/04\\\/22\\\/pola-democratizacion-da-enerxia\\\/#primaryimage\",\"url\":\"https:\\\/\\\/www.anovapeneira.gal\\\/wp-content\\\/uploads\\\/2020\\\/06\\\/galicia_en_comun_a_nova_peneira.jpg\",\"contentUrl\":\"https:\\\/\\\/www.anovapeneira.gal\\\/wp-content\\\/uploads\\\/2020\\\/06\\\/galicia_en_comun_a_nova_peneira.jpg\",\"width\":720,\"height\":432,\"caption\":\"Ant\u00f3n S\u00e1nchez, nunha intervenci\u00f3n no Parlamento\"},{\"@type\":\"BreadcrumbList\",\"@id\":\"https:\\\/\\\/www.anovapeneira.gal\\\/index.php\\\/2021\\\/04\\\/22\\\/pola-democratizacion-da-enerxia\\\/#breadcrumb\",\"itemListElement\":[{\"@type\":\"ListItem\",\"position\":1,\"name\":\"Portada\",\"item\":\"https:\\\/\\\/www.anovapeneira.gal\\\/\"},{\"@type\":\"ListItem\",\"position\":2,\"name\":\"Pola democratizaci\u00f3n da enerx\u00eda\"}]},{\"@type\":\"WebSite\",\"@id\":\"https:\\\/\\\/www.anovapeneira.gal\\\/#website\",\"url\":\"https:\\\/\\\/www.anovapeneira.gal\\\/\",\"name\":\"\",\"description\":\"Xornal galego de informaci\u00f3n xeral Publicaci\u00f3n mensual de novas de Galicia e en especial dos Concellos da sur da provincia de Pontevedra.\",\"publisher\":{\"@id\":\"https:\\\/\\\/www.anovapeneira.gal\\\/#organization\"},\"potentialAction\":[{\"@type\":\"SearchAction\",\"target\":{\"@type\":\"EntryPoint\",\"urlTemplate\":\"https:\\\/\\\/www.anovapeneira.gal\\\/?s={search_term_string}\"},\"query-input\":{\"@type\":\"PropertyValueSpecification\",\"valueRequired\":true,\"valueName\":\"search_term_string\"}}],\"inLanguage\":\"gl-ES\"},{\"@type\":\"Organization\",\"@id\":\"https:\\\/\\\/www.anovapeneira.gal\\\/#organization\",\"name\":\"A Nova Peneira\",\"url\":\"https:\\\/\\\/www.anovapeneira.gal\\\/\",\"logo\":{\"@type\":\"ImageObject\",\"inLanguage\":\"gl-ES\",\"@id\":\"https:\\\/\\\/www.anovapeneira.gal\\\/#\\\/schema\\\/logo\\\/image\\\/\",\"url\":\"http:\\\/\\\/www.anovapeneira.gal\\\/wp-content\\\/uploads\\\/2019\\\/06\\\/logo_a_nova_peneira_portal_web.png\",\"contentUrl\":\"http:\\\/\\\/www.anovapeneira.gal\\\/wp-content\\\/uploads\\\/2019\\\/06\\\/logo_a_nova_peneira_portal_web.png\",\"width\":300,\"height\":100,\"caption\":\"A Nova Peneira\"},\"image\":{\"@id\":\"https:\\\/\\\/www.anovapeneira.gal\\\/#\\\/schema\\\/logo\\\/image\\\/\"},\"sameAs\":[\"https:\\\/\\\/www.facebook.com\\\/anovapeneira\",\"https:\\\/\\\/x.com\\\/APeneira\"]},{\"@type\":\"Person\",\"@id\":\"https:\\\/\\\/www.anovapeneira.gal\\\/#\\\/schema\\\/person\\\/b93e3f8932e3f8da96334607eb6ac6aa\",\"name\":\"Redacci\u00f3n A Nova Peneira\",\"image\":{\"@type\":\"ImageObject\",\"inLanguage\":\"gl-ES\",\"@id\":\"https:\\\/\\\/secure.gravatar.com\\\/avatar\\\/c052a2551a06e23fac63626232eaa90abd78dbcf1700fc46a2b2c89fd27b735f?s=96&d=mm&r=g\",\"url\":\"https:\\\/\\\/secure.gravatar.com\\\/avatar\\\/c052a2551a06e23fac63626232eaa90abd78dbcf1700fc46a2b2c89fd27b735f?s=96&d=mm&r=g\",\"contentUrl\":\"https:\\\/\\\/secure.gravatar.com\\\/avatar\\\/c052a2551a06e23fac63626232eaa90abd78dbcf1700fc46a2b2c89fd27b735f?s=96&d=mm&r=g\",\"caption\":\"Redacci\u00f3n A Nova Peneira\"},\"sameAs\":[\"http:\\\/\\\/www.anovapeneira.gal\\\/\"],\"url\":\"https:\\\/\\\/www.anovapeneira.gal\\\/index.php\\\/author\\\/redactor\\\/\"}]}<\/script>\n<!-- \/ Yoast SEO plugin. -->","yoast_head_json":{"title":"Pola democratizaci\u00f3n da enerx\u00eda -","description":"\u00c1 febre e\u00f3lica fomentada pola Xunta de Galicia sum\u00e1ronse nos \u00faltimos tempos megaparques tramitados polo goberno espa\u00f1ol que intensifican m\u00e1is a pol\u00edtica do espolio que estamos a sufrir en Galiza","robots":{"index":"index","follow":"follow","max-snippet":"max-snippet:-1","max-image-preview":"max-image-preview:large","max-video-preview":"max-video-preview:-1"},"canonical":"https:\/\/www.anovapeneira.gal\/index.php\/2021\/04\/22\/pola-democratizacion-da-enerxia\/","og_locale":"gl_ES","og_type":"article","og_title":"Pola democratizaci\u00f3n da enerx\u00eda -","og_description":"\u00c1 febre e\u00f3lica fomentada pola Xunta de Galicia sum\u00e1ronse nos \u00faltimos tempos megaparques tramitados polo goberno espa\u00f1ol que intensifican m\u00e1is a pol\u00edtica do espolio que estamos a sufrir en Galiza","og_url":"https:\/\/www.anovapeneira.gal\/index.php\/2021\/04\/22\/pola-democratizacion-da-enerxia\/","article_publisher":"https:\/\/www.facebook.com\/anovapeneira","article_published_time":"2021-04-22T10:00:59+00:00","og_image":[{"width":720,"height":432,"url":"https:\/\/www.anovapeneira.gal\/wp-content\/uploads\/2020\/06\/galicia_en_comun_a_nova_peneira.jpg","type":"image\/jpeg"}],"author":"Redacci\u00f3n A Nova Peneira","twitter_card":"summary_large_image","twitter_description":"\u00c1 febre e\u00f3lica fomentada pola Xunta de Galicia sum\u00e1ronse nos \u00faltimos tempos megaparques tramitados polo goberno espa\u00f1ol que intensifican m\u00e1is a pol\u00edtica do espolio que estamos a sufrir en Galiza","twitter_creator":"@APeneira","twitter_site":"@APeneira","twitter_misc":{"Escrito por":"Redacci\u00f3n A Nova Peneira","Tempo de lectura":"4 minutos"},"schema":{"@context":"https:\/\/schema.org","@graph":[{"@type":"Article","@id":"https:\/\/www.anovapeneira.gal\/index.php\/2021\/04\/22\/pola-democratizacion-da-enerxia\/#article","isPartOf":{"@id":"https:\/\/www.anovapeneira.gal\/index.php\/2021\/04\/22\/pola-democratizacion-da-enerxia\/"},"author":{"name":"Redacci\u00f3n A Nova Peneira","@id":"https:\/\/www.anovapeneira.gal\/#\/schema\/person\/b93e3f8932e3f8da96334607eb6ac6aa"},"headline":"Pola democratizaci\u00f3n da enerx\u00eda","datePublished":"2021-04-22T10:00:59+00:00","mainEntityOfPage":{"@id":"https:\/\/www.anovapeneira.gal\/index.php\/2021\/04\/22\/pola-democratizacion-da-enerxia\/"},"wordCount":923,"commentCount":0,"publisher":{"@id":"https:\/\/www.anovapeneira.gal\/#organization"},"image":{"@id":"https:\/\/www.anovapeneira.gal\/index.php\/2021\/04\/22\/pola-democratizacion-da-enerxia\/#primaryimage"},"thumbnailUrl":"https:\/\/www.anovapeneira.gal\/wp-content\/uploads\/2020\/06\/galicia_en_comun_a_nova_peneira.jpg","keywords":["enerx\u00eda"],"articleSection":["Novas"],"inLanguage":"gl-ES","potentialAction":[{"@type":"CommentAction","name":"Comment","target":["https:\/\/www.anovapeneira.gal\/index.php\/2021\/04\/22\/pola-democratizacion-da-enerxia\/#respond"]}]},{"@type":"WebPage","@id":"https:\/\/www.anovapeneira.gal\/index.php\/2021\/04\/22\/pola-democratizacion-da-enerxia\/","url":"https:\/\/www.anovapeneira.gal\/index.php\/2021\/04\/22\/pola-democratizacion-da-enerxia\/","name":"Pola democratizaci\u00f3n da enerx\u00eda -","isPartOf":{"@id":"https:\/\/www.anovapeneira.gal\/#website"},"primaryImageOfPage":{"@id":"https:\/\/www.anovapeneira.gal\/index.php\/2021\/04\/22\/pola-democratizacion-da-enerxia\/#primaryimage"},"image":{"@id":"https:\/\/www.anovapeneira.gal\/index.php\/2021\/04\/22\/pola-democratizacion-da-enerxia\/#primaryimage"},"thumbnailUrl":"https:\/\/www.anovapeneira.gal\/wp-content\/uploads\/2020\/06\/galicia_en_comun_a_nova_peneira.jpg","datePublished":"2021-04-22T10:00:59+00:00","description":"\u00c1 febre e\u00f3lica fomentada pola Xunta de Galicia sum\u00e1ronse nos \u00faltimos tempos megaparques tramitados polo goberno espa\u00f1ol que intensifican m\u00e1is a pol\u00edtica do espolio que estamos a sufrir en Galiza","breadcrumb":{"@id":"https:\/\/www.anovapeneira.gal\/index.php\/2021\/04\/22\/pola-democratizacion-da-enerxia\/#breadcrumb"},"inLanguage":"gl-ES","potentialAction":[{"@type":"ReadAction","target":["https:\/\/www.anovapeneira.gal\/index.php\/2021\/04\/22\/pola-democratizacion-da-enerxia\/"]}]},{"@type":"ImageObject","inLanguage":"gl-ES","@id":"https:\/\/www.anovapeneira.gal\/index.php\/2021\/04\/22\/pola-democratizacion-da-enerxia\/#primaryimage","url":"https:\/\/www.anovapeneira.gal\/wp-content\/uploads\/2020\/06\/galicia_en_comun_a_nova_peneira.jpg","contentUrl":"https:\/\/www.anovapeneira.gal\/wp-content\/uploads\/2020\/06\/galicia_en_comun_a_nova_peneira.jpg","width":720,"height":432,"caption":"Ant\u00f3n S\u00e1nchez, nunha intervenci\u00f3n no Parlamento"},{"@type":"BreadcrumbList","@id":"https:\/\/www.anovapeneira.gal\/index.php\/2021\/04\/22\/pola-democratizacion-da-enerxia\/#breadcrumb","itemListElement":[{"@type":"ListItem","position":1,"name":"Portada","item":"https:\/\/www.anovapeneira.gal\/"},{"@type":"ListItem","position":2,"name":"Pola democratizaci\u00f3n da enerx\u00eda"}]},{"@type":"WebSite","@id":"https:\/\/www.anovapeneira.gal\/#website","url":"https:\/\/www.anovapeneira.gal\/","name":"","description":"Xornal galego de informaci\u00f3n xeral Publicaci\u00f3n mensual de novas de Galicia e en especial dos Concellos da sur da provincia de Pontevedra.","publisher":{"@id":"https:\/\/www.anovapeneira.gal\/#organization"},"potentialAction":[{"@type":"SearchAction","target":{"@type":"EntryPoint","urlTemplate":"https:\/\/www.anovapeneira.gal\/?s={search_term_string}"},"query-input":{"@type":"PropertyValueSpecification","valueRequired":true,"valueName":"search_term_string"}}],"inLanguage":"gl-ES"},{"@type":"Organization","@id":"https:\/\/www.anovapeneira.gal\/#organization","name":"A Nova Peneira","url":"https:\/\/www.anovapeneira.gal\/","logo":{"@type":"ImageObject","inLanguage":"gl-ES","@id":"https:\/\/www.anovapeneira.gal\/#\/schema\/logo\/image\/","url":"http:\/\/www.anovapeneira.gal\/wp-content\/uploads\/2019\/06\/logo_a_nova_peneira_portal_web.png","contentUrl":"http:\/\/www.anovapeneira.gal\/wp-content\/uploads\/2019\/06\/logo_a_nova_peneira_portal_web.png","width":300,"height":100,"caption":"A Nova Peneira"},"image":{"@id":"https:\/\/www.anovapeneira.gal\/#\/schema\/logo\/image\/"},"sameAs":["https:\/\/www.facebook.com\/anovapeneira","https:\/\/x.com\/APeneira"]},{"@type":"Person","@id":"https:\/\/www.anovapeneira.gal\/#\/schema\/person\/b93e3f8932e3f8da96334607eb6ac6aa","name":"Redacci\u00f3n A Nova Peneira","image":{"@type":"ImageObject","inLanguage":"gl-ES","@id":"https:\/\/secure.gravatar.com\/avatar\/c052a2551a06e23fac63626232eaa90abd78dbcf1700fc46a2b2c89fd27b735f?s=96&d=mm&r=g","url":"https:\/\/secure.gravatar.com\/avatar\/c052a2551a06e23fac63626232eaa90abd78dbcf1700fc46a2b2c89fd27b735f?s=96&d=mm&r=g","contentUrl":"https:\/\/secure.gravatar.com\/avatar\/c052a2551a06e23fac63626232eaa90abd78dbcf1700fc46a2b2c89fd27b735f?s=96&d=mm&r=g","caption":"Redacci\u00f3n A Nova Peneira"},"sameAs":["http:\/\/www.anovapeneira.gal\/"],"url":"https:\/\/www.anovapeneira.gal\/index.php\/author\/redactor\/"}]}},"jetpack_featured_media_url":"https:\/\/www.anovapeneira.gal\/wp-content\/uploads\/2020\/06\/galicia_en_comun_a_nova_peneira.jpg","_links":{"self":[{"href":"https:\/\/www.anovapeneira.gal\/index.php\/wp-json\/wp\/v2\/posts\/5258","targetHints":{"allow":["GET"]}}],"collection":[{"href":"https:\/\/www.anovapeneira.gal\/index.php\/wp-json\/wp\/v2\/posts"}],"about":[{"href":"https:\/\/www.anovapeneira.gal\/index.php\/wp-json\/wp\/v2\/types\/post"}],"author":[{"embeddable":true,"href":"https:\/\/www.anovapeneira.gal\/index.php\/wp-json\/wp\/v2\/users\/3"}],"replies":[{"embeddable":true,"href":"https:\/\/www.anovapeneira.gal\/index.php\/wp-json\/wp\/v2\/comments?post=5258"}],"version-history":[{"count":2,"href":"https:\/\/www.anovapeneira.gal\/index.php\/wp-json\/wp\/v2\/posts\/5258\/revisions"}],"predecessor-version":[{"id":5260,"href":"https:\/\/www.anovapeneira.gal\/index.php\/wp-json\/wp\/v2\/posts\/5258\/revisions\/5260"}],"wp:featuredmedia":[{"embeddable":true,"href":"https:\/\/www.anovapeneira.gal\/index.php\/wp-json\/wp\/v2\/media\/3435"}],"wp:attachment":[{"href":"https:\/\/www.anovapeneira.gal\/index.php\/wp-json\/wp\/v2\/media?parent=5258"}],"wp:term":[{"taxonomy":"category","embeddable":true,"href":"https:\/\/www.anovapeneira.gal\/index.php\/wp-json\/wp\/v2\/categories?post=5258"},{"taxonomy":"post_tag","embeddable":true,"href":"https:\/\/www.anovapeneira.gal\/index.php\/wp-json\/wp\/v2\/tags?post=5258"}],"curies":[{"name":"wp","href":"https:\/\/api.w.org\/{rel}","templated":true}]}}