{"id":5273,"date":"2021-04-26T12:00:20","date_gmt":"2021-04-26T10:00:20","guid":{"rendered":"http:\/\/www.anovapeneira.gal\/?p=5273"},"modified":"2021-04-23T16:22:45","modified_gmt":"2021-04-23T14:22:45","slug":"a-cuadrilla-dos-chokoslovakos-de-redondela","status":"publish","type":"post","link":"https:\/\/www.anovapeneira.gal\/index.php\/2021\/04\/26\/a-cuadrilla-dos-chokoslovakos-de-redondela\/","title":{"rendered":"A cuadrilla dos chokoslovakos de redondela"},"content":{"rendered":"\n<pre class=\"wp-block-verse\"><em><strong>Marcos Santos<\/strong><\/em><\/pre>\n\n\n\n<h2 class=\"wp-block-heading\"><strong>Desde a temporada 2.018 -2.019 un grupo de seareiros asolaga os currunchos do campo de Santa Mari\u00f1a de ledicia, emoci\u00f3n e paix\u00f3n para animar aos xogadores do choco nos seus partidos. Desde o mes de febreiro deste ano est\u00e1n constitu\u00eddos oficialmente como a primeira cuadrilla de seareiros da historia do choco. N\u00f3s falamos con Hugo Pazos e Xaime Villaverde o presidente e o vicepresidente da cuadrilla. Vela\u00ed vai o que deu de si a nosa conversa<\/strong><\/h2>\n\n\n\n<p>\u201c&nbsp;<em><strong>Os Chokoslovakos vi\u00f1emos para quedarnos\u201d<\/strong><\/em><\/p>\n\n\n\n<p><strong>Malia termos unha historia moi importante nunca se oficializara unha cuadrilla de seareiros do choco. Como xorde a idea?<\/strong><\/p>\n\n\n\n<blockquote class=\"wp-block-quote is-layout-flow wp-block-quote-is-layout-flow\"><p>Ben, foi cando estabamos xogando as eliminatorias de ascenso de preferente a terceira. Como sabes non dabamos subido, e un d\u00eda tomando unhas cervexas falamos de que cando acadarmos o ascenso fariamos unha cuadrilla<\/p><\/blockquote>\n\n\n\n<p><strong>Podemos dicir ent\u00f3n que a primeira cuadrilla oficial do choco, sae dun bar?<\/strong><\/p>\n\n\n\n<blockquote class=\"wp-block-quote is-layout-flow wp-block-quote-is-layout-flow\"><p>Pois si, podes dicilo porque \u00e9 as\u00ed. Foi naqueles pasados tempos felices nos que se pod\u00edan tomar ca\u00f1as de noite nos bares<\/p><\/blockquote>\n\n\n\n<p><strong>En que situaci\u00f3n deportiva se encontra agora mesmo o equipo?<\/strong><\/p>\n\n\n\n<blockquote class=\"wp-block-quote is-layout-flow wp-block-quote-is-layout-flow\"><p>Na disputa dunha fase de ascenso que de conseguir subir levar\u00edao \u00e1 2\u00ba categor\u00eda da federaci\u00f3n espa\u00f1ola. O obxectivo da temporada, a permanencia, xa est\u00e1 conseguido. Agora todo o que poida vir a maiores benvido sexa. Se puideramos quedar entre os dous primeiros e pelexar ata o final polo ascenso, e n\u00f3s viaxar a ver as eliminatorias, ser\u00eda marabilloso<\/p><\/blockquote>\n\n\n\n<p><strong>No actual contexto sanitario a posibilidade de asistir aos partidos de f\u00f3ra limitouse moito , non?<\/strong><\/p>\n\n\n\n<blockquote class=\"wp-block-quote is-layout-flow wp-block-quote-is-layout-flow\"><p>Si, agora ir ao f\u00fatbol , como a calquera outro espect\u00e1culo, est\u00e1 moi complicado. \u00c9 normal que ante as limitaci\u00f3ns se lle dea prioridade aos afeccionados de casa. O f\u00fatbol cambiou moit\u00edsimo desde que a pandemia sanitaria \u00e9 a nosa compa\u00f1eira vital<\/p><\/blockquote>\n\n\n\n<p><strong>No \u00faltimo partido da fase regular, contra o Pontellas, a falta de 10 mnt estabamos f\u00f3ra das eliminatorias de ascenso, ata que chegou o gol salvador..<\/strong><\/p>\n\n\n\n<blockquote class=\"wp-block-quote is-layout-flow wp-block-quote-is-layout-flow\"><p>Si, o gol de Alberto Su\u00e1rez. Supuxo unha explosi\u00f3n de ledicia equiparable en intensidade \u00e1s ondas xigantes dun maremoto. Eu creo que nese partido perd\u00edn tres anos de vida<\/p><\/blockquote>\n\n\n\n<p><strong>E comezamos as eliminatorias ga\u00f1ando en Abegondo ?<\/strong><\/p>\n\n\n\n<blockquote class=\"wp-block-quote is-layout-flow wp-block-quote-is-layout-flow\"><p>Un resultado hist\u00f3rico abof\u00e9. Despois de nove temporadas en terceira ga\u00f1amos na casa do Depor B, por vez primeira<\/p><\/blockquote>\n\n\n\n<p><strong>Alg\u00fan xogador ao que admiredes especialmente?<\/strong><\/p>\n\n\n\n<blockquote class=\"wp-block-quote is-layout-flow wp-block-quote-is-layout-flow\"><p>A todo o equipo<\/p><\/blockquote>\n\n\n\n<p><strong>Ai non, iso non vale. En A Nova Peneira non admitimos a ambig\u00fcidade. Hai que mollarse\u00a1\u00a1\u00a1<\/strong><\/p>\n\n\n\n<blockquote class=\"wp-block-quote is-layout-flow wp-block-quote-is-layout-flow\"><p>Ha ha ha ha. Pois ben, se cadra polo tempo que levan e polo que significan imos destacar a Comis e a Cortegoso<\/p><\/blockquote>\n\n\n\n<p><strong>Ben, eu creo que Comis \u00e9 un pouco chokoslovako?<\/strong><\/p>\n\n\n\n<blockquote class=\"wp-block-quote is-layout-flow wp-block-quote-is-layout-flow\"><p>Ha ha ha ha. \u00c9 certo que os goles que marca soe celebralos con n\u00f3s<\/p><\/blockquote>\n\n\n\n<p><strong>E a Cortegoso fostes miralo cando xogou coa selecci\u00f3n galega?<\/strong><\/p>\n\n\n\n<blockquote class=\"wp-block-quote is-layout-flow wp-block-quote-is-layout-flow\"><p>E tanto que si. Galicia 2-Castilla La Mancha 0<\/p><\/blockquote>\n\n\n\n<p><strong>O que m\u00e1is me gusta da vosa cuadrilla \u00e9 que v\u00f3s declarades \u201cantifascistas\u201d<\/strong><\/p>\n\n\n\n<blockquote class=\"wp-block-quote is-layout-flow wp-block-quote-is-layout-flow\"><p>Por suposto. Somos un grupo plural, con sensibilidades diversas, pero de esquerdas e que est\u00e1 radicalmente en contra do racismo , da xenofobia, da intolerancia e de todo o malo que significa a ultra dereita<\/p><\/blockquote>\n\n\n\n<p><strong>E que lle diriades aos que din de non mesturar o f\u00fatbol coa pol\u00edtica?<\/strong><\/p>\n\n\n\n<blockquote class=\"wp-block-quote is-layout-flow wp-block-quote-is-layout-flow\"><p>O f\u00fatbol \u00e9 parte da vida e todo na vida \u00e9 pol\u00edtica. Os que din iso curiosamente son todos de dereitas<\/p><\/blockquote>\n\n\n\n<p><strong>Algo que tam\u00e9n me gusta moito \u00e9 que sempre acabades facendo moi boas migas cos grupos de seareiros dos equipos rivais?<\/strong><\/p>\n\n\n\n<blockquote class=\"wp-block-quote is-layout-flow wp-block-quote-is-layout-flow\"><p>Hai que tratar ben a todo o mundo e respectar os sentimentos dos demais. \u00c9 a \u00fanica maneira de vivir de maneira civilizada. C\u00f3mpre dicir que cando n\u00f3s fomos a Cangas ou \u00e1 Estrada trat\u00e1ronnos xenial nos dous sitios<\/p><\/blockquote>\n\n\n\n<p><strong>Que sentides cando das ringleiras do Choco saen xogadores como Pablo Cou\u00f1ago ou Iago Bouz\u00f3n que chegan \u00e1 elite do f\u00fatbol?<\/strong><\/p>\n\n\n\n<blockquote class=\"wp-block-quote is-layout-flow wp-block-quote-is-layout-flow\"><p>Un orgullo inmenso desde logo<\/p><\/blockquote>\n\n\n\n<p><strong>Creo que contra as arbitraxes protestades moito?<\/strong><\/p>\n\n\n\n<blockquote class=\"wp-block-quote is-layout-flow wp-block-quote-is-layout-flow\"><p>Ha ha ha ha. Supo\u00f1o que como todas as afecci\u00f3ns do mundo. De feito a n\u00f3s non nos gusta cando algu\u00e9n \u00e9 moi agresivo cos \u00e1rbitros e cae no insulto. Hai que respectalos pois eles tam\u00e9n est\u00e1n traballando e poden equivocarse<\/p><\/blockquote>\n\n\n\n<p><strong>Explic\u00e1denos o voso canto de que \u201cSanta Mari\u00f1a non \u00e9 un cine\u201d?<\/strong><\/p>\n\n\n\n<blockquote class=\"wp-block-quote is-layout-flow wp-block-quote-is-layout-flow\"><p>Ref\u00edrese ao universal que \u00e9 o sentimento choqueiro para calquera redondel\u00e1n<\/p><\/blockquote>\n\n\n\n<p><strong>Que \u00e9 o sentimento choqueiro?<\/strong><\/p>\n\n\n\n<blockquote class=\"wp-block-quote is-layout-flow wp-block-quote-is-layout-flow\"><p>Iso m\u00e1mase desde neno, desde que os noso pais nos levaban ao campo de terra. O Sentimento choqueiro est\u00e1 indisolublemente unido a Redondela. Son os viadutos, e a Picota, e a praia , e as feiras do 6 e o 21, e a festa da Coca, e a festa do Choco, e o entroido de ver\u00e1n, e o carballo das cen p\u00f3las, e a illa de San Sim\u00f3n, e o arte lixo, e milleiros de emoci\u00f3ns m\u00e1is que non caber\u00edan nin en todas as p\u00e1xinas do xornal. E porqu\u00e9 non dicilo, o sentimento choqueiro tam\u00e9n \u00e9 Lareira coa Peneira, ao lombo, desde o Salgueiral ata Santa Mari\u00f1a<\/p><\/blockquote>\n\n\n\n<p><strong>Ha ha ha ha .Moitas grazas, quedamos logo emprazados para facer a seguinte cando consigamos o ascenso a segunda?<\/strong><\/p>\n\n\n\n<blockquote class=\"wp-block-quote is-layout-flow wp-block-quote-is-layout-flow\"><p>Aceptamos encantados o reto, claro que si. Dicir tam\u00e9n que n\u00f3s somos un colectivo aberto a calquera seareiro ou seareira que queira participar con n\u00f3s e desde logo que ser\u00e1 moi ben recibido.<\/p><\/blockquote>\n\n\n\n<p><strong>P\u00e1gase cota?<\/strong><\/p>\n\n\n\n<blockquote class=\"wp-block-quote is-layout-flow wp-block-quote-is-layout-flow\"><p>Non, \u00e9 de balde<\/p><\/blockquote>\n\n\n\n<p><strong>Os chokoslovakos vi\u00f1eron para quedarse?<\/strong><\/p>\n\n\n\n<blockquote class=\"wp-block-quote is-layout-flow wp-block-quote-is-layout-flow\"><p>Si claro esa \u00e9 a nosa intenci\u00f3n<\/p><\/blockquote>\n","protected":false},"excerpt":{"rendered":"<div class=\"mh-excerpt\"><p>Desde a temporada 2.018 -2.019 un grupo de seareiros asolaga os currunchos do campo de Santa Mari\u00f1a de ledicia, emoci\u00f3n e paix\u00f3n para animar aos xogadores do choco nos seus partidos. Desde o mes de febreiro deste ano est\u00e1n constitu\u00eddos oficialmente como a primeira cuadrilla de seareiros da historia do choco. N\u00f3s falamos con Hugo Pazos e Xaime Villaverde o presidente e o vicepresidente da cuadrilla. Vela\u00ed vai o que deu de si a nosa conversa <a class=\"mh-excerpt-more\" href=\"https:\/\/www.anovapeneira.gal\/index.php\/2021\/04\/26\/a-cuadrilla-dos-chokoslovakos-de-redondela\/\" title=\"A cuadrilla dos chokoslovakos de redondela\">[&#8230;]<\/a><\/p>\n<\/div>","protected":false},"author":6,"featured_media":5274,"comment_status":"open","ping_status":"open","sticky":false,"template":"","format":"standard","meta":{"_exactmetrics_skip_tracking":false,"_exactmetrics_sitenote_active":false,"_exactmetrics_sitenote_note":"","_exactmetrics_sitenote_category":0,"footnotes":""},"categories":[495],"tags":[171],"class_list":{"0":"post-5273","1":"post","2":"type-post","3":"status-publish","4":"format-standard","5":"has-post-thumbnail","7":"category-redondela-reportaxes","8":"tag-concello-de-redondela"},"yoast_head":"<!-- This site is optimized with the Yoast SEO plugin v27.4 - https:\/\/yoast.com\/product\/yoast-seo-wordpress\/ -->\n<title>A cuadrilla dos chokoslovakos de redondela -<\/title>\n<meta name=\"description\" content=\"Desde a temporada 2.018 -2.019 un grupo de seareiros asolaga os currunchos do campo de Santa Mari\u00f1a de ledicia, emoci\u00f3n e paix\u00f3n para animar aos xogadores do choco nos seus partidos. Desde o mes de febreiro deste ano est\u00e1n constitu\u00eddos oficialmente como a primeira cuadrilla de seareiros da historia do choco. N\u00f3s falamos con Hugo Pazos e Xaime Villaverde o presidente e o vicepresidente da cuadrilla. Vela\u00ed vai o que deu de si a nosa conversa\" \/>\n<meta name=\"robots\" content=\"index, follow, max-snippet:-1, max-image-preview:large, max-video-preview:-1\" \/>\n<link rel=\"canonical\" href=\"https:\/\/www.anovapeneira.gal\/index.php\/2021\/04\/26\/a-cuadrilla-dos-chokoslovakos-de-redondela\/\" \/>\n<meta property=\"og:locale\" content=\"gl_ES\" \/>\n<meta property=\"og:type\" content=\"article\" \/>\n<meta property=\"og:title\" content=\"A cuadrilla dos chokoslovakos de redondela -\" \/>\n<meta property=\"og:description\" content=\"Desde a temporada 2.018 -2.019 un grupo de seareiros asolaga os currunchos do campo de Santa Mari\u00f1a de ledicia, emoci\u00f3n e paix\u00f3n para animar aos xogadores do choco nos seus partidos. Desde o mes de febreiro deste ano est\u00e1n constitu\u00eddos oficialmente como a primeira cuadrilla de seareiros da historia do choco. N\u00f3s falamos con Hugo Pazos e Xaime Villaverde o presidente e o vicepresidente da cuadrilla. Vela\u00ed vai o que deu de si a nosa conversa\" \/>\n<meta property=\"og:url\" content=\"https:\/\/www.anovapeneira.gal\/index.php\/2021\/04\/26\/a-cuadrilla-dos-chokoslovakos-de-redondela\/\" \/>\n<meta property=\"article:publisher\" content=\"https:\/\/www.facebook.com\/anovapeneira\" \/>\n<meta property=\"article:published_time\" content=\"2021-04-26T10:00:20+00:00\" \/>\n<meta property=\"og:image\" content=\"https:\/\/www.anovapeneira.gal\/wp-content\/uploads\/2021\/04\/choco_de_redondela.jpg\" \/>\n\t<meta property=\"og:image:width\" content=\"720\" \/>\n\t<meta property=\"og:image:height\" content=\"432\" \/>\n\t<meta property=\"og:image:type\" content=\"image\/jpeg\" \/>\n<meta name=\"author\" content=\"Marcos Santos\" \/>\n<meta name=\"twitter:card\" content=\"summary_large_image\" \/>\n<meta name=\"twitter:image\" content=\"https:\/\/www.anovapeneira.gal\/wp-content\/uploads\/2021\/04\/choco_de_redondela.jpg\" \/>\n<meta name=\"twitter:creator\" content=\"@APeneira\" \/>\n<meta name=\"twitter:site\" content=\"@APeneira\" \/>\n<meta name=\"twitter:label1\" content=\"Escrito por\" \/>\n\t<meta name=\"twitter:data1\" content=\"Marcos Santos\" \/>\n\t<meta name=\"twitter:label2\" content=\"Tempo de lectura\" \/>\n\t<meta name=\"twitter:data2\" content=\"4 minutos\" \/>\n<script type=\"application\/ld+json\" class=\"yoast-schema-graph\">{\"@context\":\"https:\\\/\\\/schema.org\",\"@graph\":[{\"@type\":\"Article\",\"@id\":\"https:\\\/\\\/www.anovapeneira.gal\\\/index.php\\\/2021\\\/04\\\/26\\\/a-cuadrilla-dos-chokoslovakos-de-redondela\\\/#article\",\"isPartOf\":{\"@id\":\"https:\\\/\\\/www.anovapeneira.gal\\\/index.php\\\/2021\\\/04\\\/26\\\/a-cuadrilla-dos-chokoslovakos-de-redondela\\\/\"},\"author\":{\"name\":\"Marcos Santos\",\"@id\":\"https:\\\/\\\/www.anovapeneira.gal\\\/#\\\/schema\\\/person\\\/d9d84823564720e7593293bab054e52d\"},\"headline\":\"A cuadrilla dos chokoslovakos de redondela\",\"datePublished\":\"2021-04-26T10:00:20+00:00\",\"mainEntityOfPage\":{\"@id\":\"https:\\\/\\\/www.anovapeneira.gal\\\/index.php\\\/2021\\\/04\\\/26\\\/a-cuadrilla-dos-chokoslovakos-de-redondela\\\/\"},\"wordCount\":943,\"commentCount\":0,\"publisher\":{\"@id\":\"https:\\\/\\\/www.anovapeneira.gal\\\/#organization\"},\"image\":{\"@id\":\"https:\\\/\\\/www.anovapeneira.gal\\\/index.php\\\/2021\\\/04\\\/26\\\/a-cuadrilla-dos-chokoslovakos-de-redondela\\\/#primaryimage\"},\"thumbnailUrl\":\"https:\\\/\\\/www.anovapeneira.gal\\\/wp-content\\\/uploads\\\/2021\\\/04\\\/choco_de_redondela.jpg\",\"keywords\":[\"Concello de Redondela\"],\"articleSection\":[\"Redondela\"],\"inLanguage\":\"gl-ES\",\"potentialAction\":[{\"@type\":\"CommentAction\",\"name\":\"Comment\",\"target\":[\"https:\\\/\\\/www.anovapeneira.gal\\\/index.php\\\/2021\\\/04\\\/26\\\/a-cuadrilla-dos-chokoslovakos-de-redondela\\\/#respond\"]}]},{\"@type\":\"WebPage\",\"@id\":\"https:\\\/\\\/www.anovapeneira.gal\\\/index.php\\\/2021\\\/04\\\/26\\\/a-cuadrilla-dos-chokoslovakos-de-redondela\\\/\",\"url\":\"https:\\\/\\\/www.anovapeneira.gal\\\/index.php\\\/2021\\\/04\\\/26\\\/a-cuadrilla-dos-chokoslovakos-de-redondela\\\/\",\"name\":\"A cuadrilla dos chokoslovakos de redondela -\",\"isPartOf\":{\"@id\":\"https:\\\/\\\/www.anovapeneira.gal\\\/#website\"},\"primaryImageOfPage\":{\"@id\":\"https:\\\/\\\/www.anovapeneira.gal\\\/index.php\\\/2021\\\/04\\\/26\\\/a-cuadrilla-dos-chokoslovakos-de-redondela\\\/#primaryimage\"},\"image\":{\"@id\":\"https:\\\/\\\/www.anovapeneira.gal\\\/index.php\\\/2021\\\/04\\\/26\\\/a-cuadrilla-dos-chokoslovakos-de-redondela\\\/#primaryimage\"},\"thumbnailUrl\":\"https:\\\/\\\/www.anovapeneira.gal\\\/wp-content\\\/uploads\\\/2021\\\/04\\\/choco_de_redondela.jpg\",\"datePublished\":\"2021-04-26T10:00:20+00:00\",\"description\":\"Desde a temporada 2.018 -2.019 un grupo de seareiros asolaga os currunchos do campo de Santa Mari\u00f1a de ledicia, emoci\u00f3n e paix\u00f3n para animar aos xogadores do choco nos seus partidos. Desde o mes de febreiro deste ano est\u00e1n constitu\u00eddos oficialmente como a primeira cuadrilla de seareiros da historia do choco. N\u00f3s falamos con Hugo Pazos e Xaime Villaverde o presidente e o vicepresidente da cuadrilla. Vela\u00ed vai o que deu de si a nosa conversa\",\"breadcrumb\":{\"@id\":\"https:\\\/\\\/www.anovapeneira.gal\\\/index.php\\\/2021\\\/04\\\/26\\\/a-cuadrilla-dos-chokoslovakos-de-redondela\\\/#breadcrumb\"},\"inLanguage\":\"gl-ES\",\"potentialAction\":[{\"@type\":\"ReadAction\",\"target\":[\"https:\\\/\\\/www.anovapeneira.gal\\\/index.php\\\/2021\\\/04\\\/26\\\/a-cuadrilla-dos-chokoslovakos-de-redondela\\\/\"]}]},{\"@type\":\"ImageObject\",\"inLanguage\":\"gl-ES\",\"@id\":\"https:\\\/\\\/www.anovapeneira.gal\\\/index.php\\\/2021\\\/04\\\/26\\\/a-cuadrilla-dos-chokoslovakos-de-redondela\\\/#primaryimage\",\"url\":\"https:\\\/\\\/www.anovapeneira.gal\\\/wp-content\\\/uploads\\\/2021\\\/04\\\/choco_de_redondela.jpg\",\"contentUrl\":\"https:\\\/\\\/www.anovapeneira.gal\\\/wp-content\\\/uploads\\\/2021\\\/04\\\/choco_de_redondela.jpg\",\"width\":720,\"height\":432,\"caption\":\"A cuadrilla dos chokoslovakos de redondela\"},{\"@type\":\"BreadcrumbList\",\"@id\":\"https:\\\/\\\/www.anovapeneira.gal\\\/index.php\\\/2021\\\/04\\\/26\\\/a-cuadrilla-dos-chokoslovakos-de-redondela\\\/#breadcrumb\",\"itemListElement\":[{\"@type\":\"ListItem\",\"position\":1,\"name\":\"Portada\",\"item\":\"https:\\\/\\\/www.anovapeneira.gal\\\/\"},{\"@type\":\"ListItem\",\"position\":2,\"name\":\"A cuadrilla dos chokoslovakos de redondela\"}]},{\"@type\":\"WebSite\",\"@id\":\"https:\\\/\\\/www.anovapeneira.gal\\\/#website\",\"url\":\"https:\\\/\\\/www.anovapeneira.gal\\\/\",\"name\":\"\",\"description\":\"Xornal galego de informaci\u00f3n xeral Publicaci\u00f3n mensual de novas de Galicia e en especial dos Concellos da sur da provincia de Pontevedra.\",\"publisher\":{\"@id\":\"https:\\\/\\\/www.anovapeneira.gal\\\/#organization\"},\"potentialAction\":[{\"@type\":\"SearchAction\",\"target\":{\"@type\":\"EntryPoint\",\"urlTemplate\":\"https:\\\/\\\/www.anovapeneira.gal\\\/?s={search_term_string}\"},\"query-input\":{\"@type\":\"PropertyValueSpecification\",\"valueRequired\":true,\"valueName\":\"search_term_string\"}}],\"inLanguage\":\"gl-ES\"},{\"@type\":\"Organization\",\"@id\":\"https:\\\/\\\/www.anovapeneira.gal\\\/#organization\",\"name\":\"A Nova Peneira\",\"url\":\"https:\\\/\\\/www.anovapeneira.gal\\\/\",\"logo\":{\"@type\":\"ImageObject\",\"inLanguage\":\"gl-ES\",\"@id\":\"https:\\\/\\\/www.anovapeneira.gal\\\/#\\\/schema\\\/logo\\\/image\\\/\",\"url\":\"http:\\\/\\\/www.anovapeneira.gal\\\/wp-content\\\/uploads\\\/2019\\\/06\\\/logo_a_nova_peneira_portal_web.png\",\"contentUrl\":\"http:\\\/\\\/www.anovapeneira.gal\\\/wp-content\\\/uploads\\\/2019\\\/06\\\/logo_a_nova_peneira_portal_web.png\",\"width\":300,\"height\":100,\"caption\":\"A Nova Peneira\"},\"image\":{\"@id\":\"https:\\\/\\\/www.anovapeneira.gal\\\/#\\\/schema\\\/logo\\\/image\\\/\"},\"sameAs\":[\"https:\\\/\\\/www.facebook.com\\\/anovapeneira\",\"https:\\\/\\\/x.com\\\/APeneira\"]},{\"@type\":\"Person\",\"@id\":\"https:\\\/\\\/www.anovapeneira.gal\\\/#\\\/schema\\\/person\\\/d9d84823564720e7593293bab054e52d\",\"name\":\"Marcos Santos\",\"image\":{\"@type\":\"ImageObject\",\"inLanguage\":\"gl-ES\",\"@id\":\"https:\\\/\\\/secure.gravatar.com\\\/avatar\\\/0e8017099a7a47c0a9d2275e865fe326484561eb3d70649069e4b8e61a8d2e8c?s=96&d=mm&r=g\",\"url\":\"https:\\\/\\\/secure.gravatar.com\\\/avatar\\\/0e8017099a7a47c0a9d2275e865fe326484561eb3d70649069e4b8e61a8d2e8c?s=96&d=mm&r=g\",\"contentUrl\":\"https:\\\/\\\/secure.gravatar.com\\\/avatar\\\/0e8017099a7a47c0a9d2275e865fe326484561eb3d70649069e4b8e61a8d2e8c?s=96&d=mm&r=g\",\"caption\":\"Marcos Santos\"},\"sameAs\":[\"http:\\\/\\\/anovapeneira.gal\"],\"url\":\"https:\\\/\\\/www.anovapeneira.gal\\\/index.php\\\/author\\\/marcos-santos\\\/\"}]}<\/script>\n<!-- \/ Yoast SEO plugin. -->","yoast_head_json":{"title":"A cuadrilla dos chokoslovakos de redondela -","description":"Desde a temporada 2.018 -2.019 un grupo de seareiros asolaga os currunchos do campo de Santa Mari\u00f1a de ledicia, emoci\u00f3n e paix\u00f3n para animar aos xogadores do choco nos seus partidos. Desde o mes de febreiro deste ano est\u00e1n constitu\u00eddos oficialmente como a primeira cuadrilla de seareiros da historia do choco. N\u00f3s falamos con Hugo Pazos e Xaime Villaverde o presidente e o vicepresidente da cuadrilla. Vela\u00ed vai o que deu de si a nosa conversa","robots":{"index":"index","follow":"follow","max-snippet":"max-snippet:-1","max-image-preview":"max-image-preview:large","max-video-preview":"max-video-preview:-1"},"canonical":"https:\/\/www.anovapeneira.gal\/index.php\/2021\/04\/26\/a-cuadrilla-dos-chokoslovakos-de-redondela\/","og_locale":"gl_ES","og_type":"article","og_title":"A cuadrilla dos chokoslovakos de redondela -","og_description":"Desde a temporada 2.018 -2.019 un grupo de seareiros asolaga os currunchos do campo de Santa Mari\u00f1a de ledicia, emoci\u00f3n e paix\u00f3n para animar aos xogadores do choco nos seus partidos. Desde o mes de febreiro deste ano est\u00e1n constitu\u00eddos oficialmente como a primeira cuadrilla de seareiros da historia do choco. N\u00f3s falamos con Hugo Pazos e Xaime Villaverde o presidente e o vicepresidente da cuadrilla. Vela\u00ed vai o que deu de si a nosa conversa","og_url":"https:\/\/www.anovapeneira.gal\/index.php\/2021\/04\/26\/a-cuadrilla-dos-chokoslovakos-de-redondela\/","article_publisher":"https:\/\/www.facebook.com\/anovapeneira","article_published_time":"2021-04-26T10:00:20+00:00","og_image":[{"width":720,"height":432,"url":"https:\/\/www.anovapeneira.gal\/wp-content\/uploads\/2021\/04\/choco_de_redondela.jpg","type":"image\/jpeg"}],"author":"Marcos Santos","twitter_card":"summary_large_image","twitter_image":"https:\/\/www.anovapeneira.gal\/wp-content\/uploads\/2021\/04\/choco_de_redondela.jpg","twitter_creator":"@APeneira","twitter_site":"@APeneira","twitter_misc":{"Escrito por":"Marcos Santos","Tempo de lectura":"4 minutos"},"schema":{"@context":"https:\/\/schema.org","@graph":[{"@type":"Article","@id":"https:\/\/www.anovapeneira.gal\/index.php\/2021\/04\/26\/a-cuadrilla-dos-chokoslovakos-de-redondela\/#article","isPartOf":{"@id":"https:\/\/www.anovapeneira.gal\/index.php\/2021\/04\/26\/a-cuadrilla-dos-chokoslovakos-de-redondela\/"},"author":{"name":"Marcos Santos","@id":"https:\/\/www.anovapeneira.gal\/#\/schema\/person\/d9d84823564720e7593293bab054e52d"},"headline":"A cuadrilla dos chokoslovakos de redondela","datePublished":"2021-04-26T10:00:20+00:00","mainEntityOfPage":{"@id":"https:\/\/www.anovapeneira.gal\/index.php\/2021\/04\/26\/a-cuadrilla-dos-chokoslovakos-de-redondela\/"},"wordCount":943,"commentCount":0,"publisher":{"@id":"https:\/\/www.anovapeneira.gal\/#organization"},"image":{"@id":"https:\/\/www.anovapeneira.gal\/index.php\/2021\/04\/26\/a-cuadrilla-dos-chokoslovakos-de-redondela\/#primaryimage"},"thumbnailUrl":"https:\/\/www.anovapeneira.gal\/wp-content\/uploads\/2021\/04\/choco_de_redondela.jpg","keywords":["Concello de Redondela"],"articleSection":["Redondela"],"inLanguage":"gl-ES","potentialAction":[{"@type":"CommentAction","name":"Comment","target":["https:\/\/www.anovapeneira.gal\/index.php\/2021\/04\/26\/a-cuadrilla-dos-chokoslovakos-de-redondela\/#respond"]}]},{"@type":"WebPage","@id":"https:\/\/www.anovapeneira.gal\/index.php\/2021\/04\/26\/a-cuadrilla-dos-chokoslovakos-de-redondela\/","url":"https:\/\/www.anovapeneira.gal\/index.php\/2021\/04\/26\/a-cuadrilla-dos-chokoslovakos-de-redondela\/","name":"A cuadrilla dos chokoslovakos de redondela -","isPartOf":{"@id":"https:\/\/www.anovapeneira.gal\/#website"},"primaryImageOfPage":{"@id":"https:\/\/www.anovapeneira.gal\/index.php\/2021\/04\/26\/a-cuadrilla-dos-chokoslovakos-de-redondela\/#primaryimage"},"image":{"@id":"https:\/\/www.anovapeneira.gal\/index.php\/2021\/04\/26\/a-cuadrilla-dos-chokoslovakos-de-redondela\/#primaryimage"},"thumbnailUrl":"https:\/\/www.anovapeneira.gal\/wp-content\/uploads\/2021\/04\/choco_de_redondela.jpg","datePublished":"2021-04-26T10:00:20+00:00","description":"Desde a temporada 2.018 -2.019 un grupo de seareiros asolaga os currunchos do campo de Santa Mari\u00f1a de ledicia, emoci\u00f3n e paix\u00f3n para animar aos xogadores do choco nos seus partidos. Desde o mes de febreiro deste ano est\u00e1n constitu\u00eddos oficialmente como a primeira cuadrilla de seareiros da historia do choco. N\u00f3s falamos con Hugo Pazos e Xaime Villaverde o presidente e o vicepresidente da cuadrilla. Vela\u00ed vai o que deu de si a nosa conversa","breadcrumb":{"@id":"https:\/\/www.anovapeneira.gal\/index.php\/2021\/04\/26\/a-cuadrilla-dos-chokoslovakos-de-redondela\/#breadcrumb"},"inLanguage":"gl-ES","potentialAction":[{"@type":"ReadAction","target":["https:\/\/www.anovapeneira.gal\/index.php\/2021\/04\/26\/a-cuadrilla-dos-chokoslovakos-de-redondela\/"]}]},{"@type":"ImageObject","inLanguage":"gl-ES","@id":"https:\/\/www.anovapeneira.gal\/index.php\/2021\/04\/26\/a-cuadrilla-dos-chokoslovakos-de-redondela\/#primaryimage","url":"https:\/\/www.anovapeneira.gal\/wp-content\/uploads\/2021\/04\/choco_de_redondela.jpg","contentUrl":"https:\/\/www.anovapeneira.gal\/wp-content\/uploads\/2021\/04\/choco_de_redondela.jpg","width":720,"height":432,"caption":"A cuadrilla dos chokoslovakos de redondela"},{"@type":"BreadcrumbList","@id":"https:\/\/www.anovapeneira.gal\/index.php\/2021\/04\/26\/a-cuadrilla-dos-chokoslovakos-de-redondela\/#breadcrumb","itemListElement":[{"@type":"ListItem","position":1,"name":"Portada","item":"https:\/\/www.anovapeneira.gal\/"},{"@type":"ListItem","position":2,"name":"A cuadrilla dos chokoslovakos de redondela"}]},{"@type":"WebSite","@id":"https:\/\/www.anovapeneira.gal\/#website","url":"https:\/\/www.anovapeneira.gal\/","name":"","description":"Xornal galego de informaci\u00f3n xeral Publicaci\u00f3n mensual de novas de Galicia e en especial dos Concellos da sur da provincia de Pontevedra.","publisher":{"@id":"https:\/\/www.anovapeneira.gal\/#organization"},"potentialAction":[{"@type":"SearchAction","target":{"@type":"EntryPoint","urlTemplate":"https:\/\/www.anovapeneira.gal\/?s={search_term_string}"},"query-input":{"@type":"PropertyValueSpecification","valueRequired":true,"valueName":"search_term_string"}}],"inLanguage":"gl-ES"},{"@type":"Organization","@id":"https:\/\/www.anovapeneira.gal\/#organization","name":"A Nova Peneira","url":"https:\/\/www.anovapeneira.gal\/","logo":{"@type":"ImageObject","inLanguage":"gl-ES","@id":"https:\/\/www.anovapeneira.gal\/#\/schema\/logo\/image\/","url":"http:\/\/www.anovapeneira.gal\/wp-content\/uploads\/2019\/06\/logo_a_nova_peneira_portal_web.png","contentUrl":"http:\/\/www.anovapeneira.gal\/wp-content\/uploads\/2019\/06\/logo_a_nova_peneira_portal_web.png","width":300,"height":100,"caption":"A Nova Peneira"},"image":{"@id":"https:\/\/www.anovapeneira.gal\/#\/schema\/logo\/image\/"},"sameAs":["https:\/\/www.facebook.com\/anovapeneira","https:\/\/x.com\/APeneira"]},{"@type":"Person","@id":"https:\/\/www.anovapeneira.gal\/#\/schema\/person\/d9d84823564720e7593293bab054e52d","name":"Marcos Santos","image":{"@type":"ImageObject","inLanguage":"gl-ES","@id":"https:\/\/secure.gravatar.com\/avatar\/0e8017099a7a47c0a9d2275e865fe326484561eb3d70649069e4b8e61a8d2e8c?s=96&d=mm&r=g","url":"https:\/\/secure.gravatar.com\/avatar\/0e8017099a7a47c0a9d2275e865fe326484561eb3d70649069e4b8e61a8d2e8c?s=96&d=mm&r=g","contentUrl":"https:\/\/secure.gravatar.com\/avatar\/0e8017099a7a47c0a9d2275e865fe326484561eb3d70649069e4b8e61a8d2e8c?s=96&d=mm&r=g","caption":"Marcos Santos"},"sameAs":["http:\/\/anovapeneira.gal"],"url":"https:\/\/www.anovapeneira.gal\/index.php\/author\/marcos-santos\/"}]}},"jetpack_featured_media_url":"https:\/\/www.anovapeneira.gal\/wp-content\/uploads\/2021\/04\/choco_de_redondela.jpg","_links":{"self":[{"href":"https:\/\/www.anovapeneira.gal\/index.php\/wp-json\/wp\/v2\/posts\/5273","targetHints":{"allow":["GET"]}}],"collection":[{"href":"https:\/\/www.anovapeneira.gal\/index.php\/wp-json\/wp\/v2\/posts"}],"about":[{"href":"https:\/\/www.anovapeneira.gal\/index.php\/wp-json\/wp\/v2\/types\/post"}],"author":[{"embeddable":true,"href":"https:\/\/www.anovapeneira.gal\/index.php\/wp-json\/wp\/v2\/users\/6"}],"replies":[{"embeddable":true,"href":"https:\/\/www.anovapeneira.gal\/index.php\/wp-json\/wp\/v2\/comments?post=5273"}],"version-history":[{"count":1,"href":"https:\/\/www.anovapeneira.gal\/index.php\/wp-json\/wp\/v2\/posts\/5273\/revisions"}],"predecessor-version":[{"id":5275,"href":"https:\/\/www.anovapeneira.gal\/index.php\/wp-json\/wp\/v2\/posts\/5273\/revisions\/5275"}],"wp:featuredmedia":[{"embeddable":true,"href":"https:\/\/www.anovapeneira.gal\/index.php\/wp-json\/wp\/v2\/media\/5274"}],"wp:attachment":[{"href":"https:\/\/www.anovapeneira.gal\/index.php\/wp-json\/wp\/v2\/media?parent=5273"}],"wp:term":[{"taxonomy":"category","embeddable":true,"href":"https:\/\/www.anovapeneira.gal\/index.php\/wp-json\/wp\/v2\/categories?post=5273"},{"taxonomy":"post_tag","embeddable":true,"href":"https:\/\/www.anovapeneira.gal\/index.php\/wp-json\/wp\/v2\/tags?post=5273"}],"curies":[{"name":"wp","href":"https:\/\/api.w.org\/{rel}","templated":true}]}}