{"id":5280,"date":"2021-04-28T10:00:31","date_gmt":"2021-04-28T08:00:31","guid":{"rendered":"http:\/\/www.anovapeneira.gal\/?p=5280"},"modified":"2021-04-26T16:57:57","modified_gmt":"2021-04-26T14:57:57","slug":"un-cafe-con-carmen-nunez-voceira-bng-de-tui","status":"publish","type":"post","link":"https:\/\/www.anovapeneira.gal\/index.php\/2021\/04\/28\/un-cafe-con-carmen-nunez-voceira-bng-de-tui\/","title":{"rendered":"Un caf\u00e9 con Carmen N\u00fa\u00f1ez, voceira BNG de Tui"},"content":{"rendered":"\n<pre class=\"wp-block-verse\"><strong>Tino Lago<\/strong><\/pre>\n\n\n\n<p><strong>A Nova Peneira cumpre neste 2.021 a s\u00faa primeira d\u00e9cada de vida. E neste mes de maio xa hai 8 anos que o seu cami\u00f1o e o meu se cruzaron por casualidade nos termos que describ\u00eda Julio Cortazar: \u201dE debo dicir que conf\u00edo plenamente na casualidade de terte co\u00f1ecido. Que nunca intentarei esquecerte, e que se o fixera non o conseguir\u00eda\u201d. Nestes oito anos centos de milleiros de quil\u00f3metros, polas estradas do meu pa\u00eds, aloumi\u00f1an o meu lombo. Escrutei milleiros de ollos, estreitei centos de mans, escoitei ,aprend\u00edn, admirei, abraieime, alporiceime, decepcioneime, angustieime , ilusioneime, pelexei, ga\u00f1ei, perd\u00edn, chorei, rin, acertei, errei&#8230;..E de cando en vez, s\u00f3 de cando en vez, queda algo de tempo para compartir un momento de serenidade e acougo cunha persoa intelixente e boa desas que fan que nunca se perda a fe no ser humano. Vela\u00ed vai o que deu de si o meu caf\u00e9 con Carmen. Ela \u00e9 m\u00e9dica, voceira do BNG de Tui e unha excelente conversadora<\/strong><\/p>\n\n\n\n<p>\u201c<strong>O BNG est\u00e1 totalmente en contra da decisi\u00f3n de facer o aparcadoiro soterrado. Temos 480 prazas de balde, e imos pasar a ter 298 de pago\u201d<\/strong><\/p>\n\n\n\n<p><strong>Carmen, ti es m\u00e9dica, como cres que van evolucionar as circunstancias epid\u00e9micas?<\/strong><\/p>\n\n\n\n<blockquote class=\"wp-block-quote is-layout-flow wp-block-quote-is-layout-flow\"><p>A impresi\u00f3n que te\u00f1o \u00e9 que van comezar evolucionar en sentido positivo pola vacinaci\u00f3n, canta m\u00e1is xente estea vacinada vai ser m\u00e1is dif\u00edcil a transmisi\u00f3n do virus e vaise notar esa inmunidade.<\/p><\/blockquote>\n\n\n\n<p><strong>Ent\u00f3n cres que a incidencia vai ir relacionada co ritmo de vacinaci\u00f3n? Cun 70% de vacinaci\u00f3n, como di o goberno, xa se consigue a inmunidade de raba\u00f1o?<\/strong><\/p>\n\n\n\n<blockquote class=\"wp-block-quote is-layout-flow wp-block-quote-is-layout-flow\"><p>Si, canto m\u00e1is xente vacinada iremos vendo menos contaxios, e penso que si, que con ese 70% de poboaci\u00f3n vacinada cortaremos a transmisi\u00f3n do virus.<\/p><\/blockquote>\n\n\n\n<p><strong>Racionalmente, hai motivo para ter medo polos efectos secundarios das vacinas?<\/strong><\/p>\n\n\n\n<blockquote class=\"wp-block-quote is-layout-flow wp-block-quote-is-layout-flow\"><p>Efectos secundarios te\u00f1en todos os f\u00e1rmacos, a d\u00fabida \u00e9 normal. Pero eu conf\u00edo plenamente na comunidade cient\u00edfica e na xente que traballa coas vacinas. Eles son os que co\u00f1ecen que vacina vai ben segundo o rango de idade. O medo \u00e9 normal na sociedade, pero creo que a mellor maneira de combatela \u00e9 informando de todo. \u00c9 algo moi novo e sempre vai haber alg\u00fan tipo de incerteza .<\/p><\/blockquote>\n\n\n\n<p><strong>Os casos de trombos graves producidos pola vacina de Janssen que fixo paralizar a vacinaci\u00f3n nos EEUU e a s\u00faa exportaci\u00f3n a Europa foron 6 casos entre 6.800.000 vacinas administradas.Non chega nin a un por mill\u00f3n. Non che parece excesivo parar a vacinaci\u00f3n por iso?<\/strong><\/p>\n\n\n\n<blockquote class=\"wp-block-quote is-layout-flow wp-block-quote-is-layout-flow\"><p>Desde logo que si, que \u00e9 excesivo. Non haber\u00e1 algo m\u00e1is?, par\u00e9ceme raro que sexa s\u00f3 por iso, poder ser que haxa un indicio de que algo pasa e prefiran esperar.<\/p><\/blockquote>\n\n\n\n<p><strong>Como viviches estes quince meses que levamos de pandemia Carmen?<\/strong><\/p>\n\n\n\n<blockquote class=\"wp-block-quote is-layout-flow wp-block-quote-is-layout-flow\"><p>No terreo laboral estou moi cansa. Eu traballo como m\u00e9dica de familia en atenci\u00f3n primaria . A atenci\u00f3n primaria est\u00e1 totalmente abandonada, penso que \u00e9 un deterioro planificado porque queren acabar con ela xa moito antes da pandemia. Estaba moi desencantada e nun punto de des\u00e1nimo laboral tremendo, pero cando comezou a pandemia reconcilieime de novo coa mi\u00f1a profesi\u00f3n. Vendo o mal dotados que estamos en atenci\u00f3n primaria, con moitas carencias e unha falta de persoal tremenda, organiz\u00e1monos moi ben. Se cadra na prensa non o parece, pero te\u00f1o a convicci\u00f3n de que o sistema non colapsou pola atenci\u00f3n primaria. Fomos a barreira que fixo non colapsar ao sistema hospitalario, t\u00e9\u00f1oo clar\u00edsimo. Nestes intres sentinme moi ben e reconciliada coa mi\u00f1a profesi\u00f3n da mesma maneira que cando estiven nos Campamentos saharauis.<\/p><\/blockquote>\n\n\n\n<p><strong>O Concello de Tui creo que foi dos que m\u00e1is tempo estivo pechado perimetralmente, cunha incidencia moi elevada. Como se levou o estar tanto tempo sen poder sa\u00edr do concello?<\/strong><\/p>\n\n\n\n<blockquote class=\"wp-block-quote is-layout-flow wp-block-quote-is-layout-flow\"><p>En xeral mal, demasiado tempo. Aqu\u00ed facemos moita vida xunto con Portugal, o golpe econ\u00f3mico para o pequeno comercio \u00e9 moi duro. Xa estaba mal o comercio local e isto foi desastroso.<\/p><\/blockquote>\n\n\n\n<p><strong>Imos entrar no tema pol\u00edtico. Como cres que xestionou o goberno de Enrique Cabaleiro esta situaci\u00f3n tan dif\u00edcil?<\/strong><\/p>\n\n\n\n<blockquote class=\"wp-block-quote is-layout-flow wp-block-quote-is-layout-flow\"><p>Da xesti\u00f3n do Covid non te\u00f1o nada malo que dicir. Penso que a colaboraci\u00f3n de todos os grupos pol\u00edticos co goberno foi a adecuada. E eles fix\u00e9rono o mellor que souberon e puideron , nun contexto terriblemente dif\u00edcil. Fomos informados de todo, houbo axudas para hostaler\u00eda e o pequeno comercio.<\/p><\/blockquote>\n\n\n\n<p><strong>Este ano, fora desta situaci\u00f3n pand\u00e9mica, houbo espazo para facer pol\u00edtica municipal?<\/strong><\/p>\n\n\n\n<blockquote class=\"wp-block-quote is-layout-flow wp-block-quote-is-layout-flow\"><p>Nestes \u00faltimos meses estanse tomando decisi\u00f3n que creemos que son equivocadas. Estanse tomando sen consenso pol\u00edtico de ning\u00fan grupo, de maneira atropelada e nada planificada e estamos en total desacordo.<\/p><\/blockquote>\n\n\n\n<p><strong>Por exemplo?<\/strong><\/p>\n\n\n\n<blockquote class=\"wp-block-quote is-layout-flow wp-block-quote-is-layout-flow\"><p>Coa decisi\u00f3n de facer o aparcadoiro soterrado. \u00c9 unha obra moi importante cun orzamento de 4.000.000 de euros e concesi\u00f3n por 40 anos con 298 prazas para estacionar. Isto sup\u00f3n a supresi\u00f3n das prazas de superficie na parte de atr\u00e1s do Centro de Sa\u00fade, da R\u00faa de Ourense , de Compostela e de t\u00f3dalas fincas dos arredores. Ti\u00f1amos 480 prazas de aparcadoiro de balde e agora imos ter 298 prazas de pago. Esta licitaci\u00f3n leva consigo o compromiso do concello de mercar, polo menos, 75 prazas. Destas 75 prazas, 36 son para o Centro de Sa\u00fade, aprobouse no \u00faltimo pleno 1.300.000\u20ac para mercalas. Isto suponos unha inversi\u00f3n de m\u00e1is de 4.000.000 de euros para non solucionar o problema dos aparcadoiros e renunciar \u00e1 zona verde que vai ser unha explanada de cemento.<\/p><\/blockquote>\n\n\n\n<p><strong>4.000.000\u20ac que saen dos fondos do Concello de Tui?<\/strong><\/p>\n\n\n\n<blockquote class=\"wp-block-quote is-layout-flow wp-block-quote-is-layout-flow\"><p>Non, esta \u00e9 unha licitaci\u00f3n a unha empresa privada. Ela pon os fondos a cambio de 40 anos de concesi\u00f3n. O que ten que p\u00f3r o concello son 1.300.000\u20ac para a empresa que lle merca as 75 prazas de aparcadoiro. Ten que facer urbanizaci\u00f3n de servizos b\u00e1sicos que son 200.000\u20ac e a urbanizaci\u00f3n de enriba dos aparcadoiros. O total do investimento municipal est\u00e1 a\u00ednda por ver, e a experiencia que nos chega doutros concellos nos que xa se fixo \u00e9 que isto non funciona.<\/p><\/blockquote>\n\n\n\n<p><strong>Para cando est\u00e1n previstas as obras?<\/strong><\/p>\n\n\n\n<blockquote class=\"wp-block-quote is-layout-flow wp-block-quote-is-layout-flow\"><p>Para xullo probablemente e ten un prazo de execuci\u00f3n de dez meses. Para a vindeiras elecci\u00f3ns van estar rematadas. Isto vai sen ning\u00fan tipo de consenso e sen un estudo de alternativas.<\/p><\/blockquote>\n\n\n\n<p><strong>Al\u00e9n do aparcadoiro , con que outro tipo de decisi\u00f3ns pol\u00edticas est\u00e1s en desacordo?<\/strong><\/p>\n\n\n\n<blockquote class=\"wp-block-quote is-layout-flow wp-block-quote-is-layout-flow\"><p>Tampouco nos gusta como se artellan os plenos, pois decidiron que sexan cada dous meses e non mensuais como se fixeron ata o ano pasado. Ese mesmo ano celebr\u00e1ronse cinco plenos extraordinarios porque non daba un cada dous meses para levar a cabo a xesti\u00f3n do concello. Isto leva a moito m\u00e1is gasto econ\u00f3mico e estes plenos non te\u00f1en rogos, preguntas nin moci\u00f3ns. Hab\u00eda o compromiso do equipo de goberno de que os plenos volver\u00edan ser mensuais, pero seguen sendo cada dous meses e non nos parece ben<\/p><\/blockquote>\n\n\n\n<blockquote class=\"wp-block-quote is-layout-flow wp-block-quote-is-layout-flow\"><p>Tam\u00e9n vemos que para os temas importantes non hai pretensi\u00f3n de di\u00e1logo coa oposici\u00f3n. O concello ten moitos espazos p\u00fablicos coma o edificio de Cam-Fran, a finca Lagarteira, o edificio ao car\u00f3n dos xulgados que est\u00e1 baleiro, o edificio da Inmaculada\u2026 todos est\u00e1n baleiros e sen aproveitar e queremos chegar a un consenso para ver que utilidade se lles da. Non hai planificaci\u00f3n e si moita improvisaci\u00f3n.<\/p><\/blockquote>\n\n\n\n<p><strong>Cales son as li\u00f1as pol\u00edticas mais relevantes que estivestes desenvolvendo na oposici\u00f3n?<\/strong><\/p>\n\n\n\n<blockquote class=\"wp-block-quote is-layout-flow wp-block-quote-is-layout-flow\"><p>Este ano foi moi complicado pero estivemos facendo moito traballo informativo reun\u00edndonos coas diferentes asociaci\u00f3n e polo comercio local para informar no tema do aparcadoiro soterrado. Tam\u00e9n sobre a peonalizaci\u00f3n da corredoira. Esta tivo rexeitamento porque prexudicou ao comercio da zona e pecharon varios negocios.<\/p><\/blockquote>\n\n\n\n<blockquote class=\"wp-block-quote is-layout-flow wp-block-quote-is-layout-flow\"><p>Por outra banda procuramos que o Concello incremente a s\u00faa sensibilidade para co medio ambiente. En todos os plenos levamos propostas referentes a ese eido para reforzar a recollida selectiva nas parroquias, transformar o punto limpo de forma que se converta nun elemento chave na xesti\u00f3n de residuos&#8230;.<\/p><\/blockquote>\n\n\n\n<p><strong>Que sensibilidade percibes pola r\u00faa sobre o traballo pol\u00edtico do BNG?<\/strong><\/p>\n\n\n\n<blockquote class=\"wp-block-quote is-layout-flow wp-block-quote-is-layout-flow\"><p>Penso que somos bastante serios no noso traballo de oposici\u00f3n e non desprestixiamos nin insultamos a ningu\u00e9n. Te\u00f1o a percepci\u00f3n de que somos capaces de transmitilo as\u00ed e a aceptaci\u00f3n \u00e9 boa.<\/p><\/blockquote>\n\n\n\n<p><strong>E para rematar como andas de \u00e1nimos, preparada para as elecci\u00f3n do 2022?<\/strong><\/p>\n\n\n\n<blockquote class=\"wp-block-quote is-layout-flow wp-block-quote-is-layout-flow\"><p>Eu estou ao dispor dos meus compa\u00f1eiros e compa\u00f1eiras do BNG local desde logo. Pero a mi\u00f1a ilusi\u00f3n e o meu \u00e1nimo son a\u00ednda maiores que cando comecei.<\/p><\/blockquote>\n","protected":false},"excerpt":{"rendered":"<div class=\"mh-excerpt\"><p>Tino Lago A Nova Peneira cumpre neste 2.021 a s\u00faa primeira d\u00e9cada de vida. E neste mes de maio xa hai 8 anos que o seu cami\u00f1o e o meu se cruzaron por casualidade nos <a class=\"mh-excerpt-more\" href=\"https:\/\/www.anovapeneira.gal\/index.php\/2021\/04\/28\/un-cafe-con-carmen-nunez-voceira-bng-de-tui\/\" title=\"Un caf\u00e9 con Carmen N\u00fa\u00f1ez, voceira BNG de Tui\">[&#8230;]<\/a><\/p>\n<\/div>","protected":false},"author":2,"featured_media":5281,"comment_status":"open","ping_status":"open","sticky":false,"template":"","format":"standard","meta":{"_exactmetrics_skip_tracking":false,"_exactmetrics_sitenote_active":false,"_exactmetrics_sitenote_note":"","_exactmetrics_sitenote_category":0,"footnotes":""},"categories":[266],"tags":[],"class_list":{"0":"post-5280","1":"post","2":"type-post","3":"status-publish","4":"format-standard","5":"has-post-thumbnail","7":"category-baixo-mino-entrevistas"},"yoast_head":"<!-- This site is optimized with the Yoast SEO plugin v27.5 - https:\/\/yoast.com\/product\/yoast-seo-wordpress\/ -->\n<title>Un caf\u00e9 con Carmen N\u00fa\u00f1ez, voceira BNG de Tui -<\/title>\n<meta name=\"description\" content=\"E neste mes de maio xa hai 8 anos que o seu cami\u00f1o e o meu se cruzaron por casualidade nos termos que describ\u00eda Julio Cortazar: \u201dE debo dicir que conf\u00edo plenamente na casualidade de terte co\u00f1ecido. Que nunca intentarei esquecerte, e que se o fixera non o conseguir\u00eda\u201d. Nestes oito anos centos de milleiros de quil\u00f3metros, polas estradas do meu pa\u00eds, aloumi\u00f1an o meu lombo\" \/>\n<meta name=\"robots\" content=\"index, follow, max-snippet:-1, max-image-preview:large, max-video-preview:-1\" \/>\n<link rel=\"canonical\" href=\"https:\/\/www.anovapeneira.gal\/index.php\/2021\/04\/28\/un-cafe-con-carmen-nunez-voceira-bng-de-tui\/\" \/>\n<meta property=\"og:locale\" content=\"gl_ES\" \/>\n<meta property=\"og:type\" content=\"article\" \/>\n<meta property=\"og:title\" content=\"Un caf\u00e9 con Carmen N\u00fa\u00f1ez, voceira BNG de Tui -\" \/>\n<meta property=\"og:description\" content=\"E neste mes de maio xa hai 8 anos que o seu cami\u00f1o e o meu se cruzaron por casualidade nos termos que describ\u00eda Julio Cortazar: \u201dE debo dicir que conf\u00edo plenamente na casualidade de terte co\u00f1ecido. Que nunca intentarei esquecerte, e que se o fixera non o conseguir\u00eda\u201d. Nestes oito anos centos de milleiros de quil\u00f3metros, polas estradas do meu pa\u00eds, aloumi\u00f1an o meu lombo\" \/>\n<meta property=\"og:url\" content=\"https:\/\/www.anovapeneira.gal\/index.php\/2021\/04\/28\/un-cafe-con-carmen-nunez-voceira-bng-de-tui\/\" \/>\n<meta property=\"article:publisher\" content=\"https:\/\/www.facebook.com\/anovapeneira\" \/>\n<meta property=\"article:published_time\" content=\"2021-04-28T08:00:31+00:00\" \/>\n<meta property=\"og:image\" content=\"https:\/\/www.anovapeneira.gal\/wp-content\/uploads\/2021\/04\/carmen_nunez_voceira_bng_tui.jpg\" \/>\n\t<meta property=\"og:image:width\" content=\"720\" \/>\n\t<meta property=\"og:image:height\" content=\"432\" \/>\n\t<meta property=\"og:image:type\" content=\"image\/jpeg\" \/>\n<meta name=\"author\" content=\"Tino Lago\" \/>\n<meta name=\"twitter:card\" content=\"summary_large_image\" \/>\n<meta name=\"twitter:creator\" content=\"@APeneira\" \/>\n<meta name=\"twitter:site\" content=\"@APeneira\" \/>\n<meta name=\"twitter:label1\" content=\"Escrito por\" \/>\n\t<meta name=\"twitter:data1\" content=\"Tino Lago\" \/>\n\t<meta name=\"twitter:label2\" content=\"Tempo de lectura\" \/>\n\t<meta name=\"twitter:data2\" content=\"7 minutos\" \/>\n<script type=\"application\/ld+json\" class=\"yoast-schema-graph\">{\"@context\":\"https:\\\/\\\/schema.org\",\"@graph\":[{\"@type\":\"Article\",\"@id\":\"https:\\\/\\\/www.anovapeneira.gal\\\/index.php\\\/2021\\\/04\\\/28\\\/un-cafe-con-carmen-nunez-voceira-bng-de-tui\\\/#article\",\"isPartOf\":{\"@id\":\"https:\\\/\\\/www.anovapeneira.gal\\\/index.php\\\/2021\\\/04\\\/28\\\/un-cafe-con-carmen-nunez-voceira-bng-de-tui\\\/\"},\"author\":{\"name\":\"Tino Lago\",\"@id\":\"https:\\\/\\\/www.anovapeneira.gal\\\/#\\\/schema\\\/person\\\/424dfe65e3070fd8a44d22d2c088762a\"},\"headline\":\"Un caf\u00e9 con Carmen N\u00fa\u00f1ez, voceira BNG de Tui\",\"datePublished\":\"2021-04-28T08:00:31+00:00\",\"mainEntityOfPage\":{\"@id\":\"https:\\\/\\\/www.anovapeneira.gal\\\/index.php\\\/2021\\\/04\\\/28\\\/un-cafe-con-carmen-nunez-voceira-bng-de-tui\\\/\"},\"wordCount\":1492,\"commentCount\":0,\"publisher\":{\"@id\":\"https:\\\/\\\/www.anovapeneira.gal\\\/#organization\"},\"image\":{\"@id\":\"https:\\\/\\\/www.anovapeneira.gal\\\/index.php\\\/2021\\\/04\\\/28\\\/un-cafe-con-carmen-nunez-voceira-bng-de-tui\\\/#primaryimage\"},\"thumbnailUrl\":\"https:\\\/\\\/www.anovapeneira.gal\\\/wp-content\\\/uploads\\\/2021\\\/04\\\/carmen_nunez_voceira_bng_tui.jpg\",\"articleSection\":[\"Baixo Mi\u00f1o\"],\"inLanguage\":\"gl-ES\",\"potentialAction\":[{\"@type\":\"CommentAction\",\"name\":\"Comment\",\"target\":[\"https:\\\/\\\/www.anovapeneira.gal\\\/index.php\\\/2021\\\/04\\\/28\\\/un-cafe-con-carmen-nunez-voceira-bng-de-tui\\\/#respond\"]}]},{\"@type\":\"WebPage\",\"@id\":\"https:\\\/\\\/www.anovapeneira.gal\\\/index.php\\\/2021\\\/04\\\/28\\\/un-cafe-con-carmen-nunez-voceira-bng-de-tui\\\/\",\"url\":\"https:\\\/\\\/www.anovapeneira.gal\\\/index.php\\\/2021\\\/04\\\/28\\\/un-cafe-con-carmen-nunez-voceira-bng-de-tui\\\/\",\"name\":\"Un caf\u00e9 con Carmen N\u00fa\u00f1ez, voceira BNG de Tui -\",\"isPartOf\":{\"@id\":\"https:\\\/\\\/www.anovapeneira.gal\\\/#website\"},\"primaryImageOfPage\":{\"@id\":\"https:\\\/\\\/www.anovapeneira.gal\\\/index.php\\\/2021\\\/04\\\/28\\\/un-cafe-con-carmen-nunez-voceira-bng-de-tui\\\/#primaryimage\"},\"image\":{\"@id\":\"https:\\\/\\\/www.anovapeneira.gal\\\/index.php\\\/2021\\\/04\\\/28\\\/un-cafe-con-carmen-nunez-voceira-bng-de-tui\\\/#primaryimage\"},\"thumbnailUrl\":\"https:\\\/\\\/www.anovapeneira.gal\\\/wp-content\\\/uploads\\\/2021\\\/04\\\/carmen_nunez_voceira_bng_tui.jpg\",\"datePublished\":\"2021-04-28T08:00:31+00:00\",\"description\":\"E neste mes de maio xa hai 8 anos que o seu cami\u00f1o e o meu se cruzaron por casualidade nos termos que describ\u00eda Julio Cortazar: \u201dE debo dicir que conf\u00edo plenamente na casualidade de terte co\u00f1ecido. Que nunca intentarei esquecerte, e que se o fixera non o conseguir\u00eda\u201d. Nestes oito anos centos de milleiros de quil\u00f3metros, polas estradas do meu pa\u00eds, aloumi\u00f1an o meu lombo\",\"breadcrumb\":{\"@id\":\"https:\\\/\\\/www.anovapeneira.gal\\\/index.php\\\/2021\\\/04\\\/28\\\/un-cafe-con-carmen-nunez-voceira-bng-de-tui\\\/#breadcrumb\"},\"inLanguage\":\"gl-ES\",\"potentialAction\":[{\"@type\":\"ReadAction\",\"target\":[\"https:\\\/\\\/www.anovapeneira.gal\\\/index.php\\\/2021\\\/04\\\/28\\\/un-cafe-con-carmen-nunez-voceira-bng-de-tui\\\/\"]}]},{\"@type\":\"ImageObject\",\"inLanguage\":\"gl-ES\",\"@id\":\"https:\\\/\\\/www.anovapeneira.gal\\\/index.php\\\/2021\\\/04\\\/28\\\/un-cafe-con-carmen-nunez-voceira-bng-de-tui\\\/#primaryimage\",\"url\":\"https:\\\/\\\/www.anovapeneira.gal\\\/wp-content\\\/uploads\\\/2021\\\/04\\\/carmen_nunez_voceira_bng_tui.jpg\",\"contentUrl\":\"https:\\\/\\\/www.anovapeneira.gal\\\/wp-content\\\/uploads\\\/2021\\\/04\\\/carmen_nunez_voceira_bng_tui.jpg\",\"width\":720,\"height\":432,\"caption\":\"Un caf\u00e9 con Carmen N\u00fa\u00f1ez, voceira BNG de Tui\"},{\"@type\":\"BreadcrumbList\",\"@id\":\"https:\\\/\\\/www.anovapeneira.gal\\\/index.php\\\/2021\\\/04\\\/28\\\/un-cafe-con-carmen-nunez-voceira-bng-de-tui\\\/#breadcrumb\",\"itemListElement\":[{\"@type\":\"ListItem\",\"position\":1,\"name\":\"Portada\",\"item\":\"https:\\\/\\\/www.anovapeneira.gal\\\/\"},{\"@type\":\"ListItem\",\"position\":2,\"name\":\"Un caf\u00e9 con Carmen N\u00fa\u00f1ez, voceira BNG de Tui\"}]},{\"@type\":\"WebSite\",\"@id\":\"https:\\\/\\\/www.anovapeneira.gal\\\/#website\",\"url\":\"https:\\\/\\\/www.anovapeneira.gal\\\/\",\"name\":\"\",\"description\":\"Xornal galego de informaci\u00f3n xeral Publicaci\u00f3n mensual de novas de Galicia e en especial dos Concellos da sur da provincia de Pontevedra.\",\"publisher\":{\"@id\":\"https:\\\/\\\/www.anovapeneira.gal\\\/#organization\"},\"potentialAction\":[{\"@type\":\"SearchAction\",\"target\":{\"@type\":\"EntryPoint\",\"urlTemplate\":\"https:\\\/\\\/www.anovapeneira.gal\\\/?s={search_term_string}\"},\"query-input\":{\"@type\":\"PropertyValueSpecification\",\"valueRequired\":true,\"valueName\":\"search_term_string\"}}],\"inLanguage\":\"gl-ES\"},{\"@type\":\"Organization\",\"@id\":\"https:\\\/\\\/www.anovapeneira.gal\\\/#organization\",\"name\":\"A Nova Peneira\",\"url\":\"https:\\\/\\\/www.anovapeneira.gal\\\/\",\"logo\":{\"@type\":\"ImageObject\",\"inLanguage\":\"gl-ES\",\"@id\":\"https:\\\/\\\/www.anovapeneira.gal\\\/#\\\/schema\\\/logo\\\/image\\\/\",\"url\":\"http:\\\/\\\/www.anovapeneira.gal\\\/wp-content\\\/uploads\\\/2019\\\/06\\\/logo_a_nova_peneira_portal_web.png\",\"contentUrl\":\"http:\\\/\\\/www.anovapeneira.gal\\\/wp-content\\\/uploads\\\/2019\\\/06\\\/logo_a_nova_peneira_portal_web.png\",\"width\":300,\"height\":100,\"caption\":\"A Nova Peneira\"},\"image\":{\"@id\":\"https:\\\/\\\/www.anovapeneira.gal\\\/#\\\/schema\\\/logo\\\/image\\\/\"},\"sameAs\":[\"https:\\\/\\\/www.facebook.com\\\/anovapeneira\",\"https:\\\/\\\/x.com\\\/APeneira\"]},{\"@type\":\"Person\",\"@id\":\"https:\\\/\\\/www.anovapeneira.gal\\\/#\\\/schema\\\/person\\\/424dfe65e3070fd8a44d22d2c088762a\",\"name\":\"Tino Lago\",\"image\":{\"@type\":\"ImageObject\",\"inLanguage\":\"gl-ES\",\"@id\":\"https:\\\/\\\/secure.gravatar.com\\\/avatar\\\/b3df6a06e44bab3111583b90f0f33a0379ee5e3d22cbadd232d39f21c30c62be?s=96&d=mm&r=g\",\"url\":\"https:\\\/\\\/secure.gravatar.com\\\/avatar\\\/b3df6a06e44bab3111583b90f0f33a0379ee5e3d22cbadd232d39f21c30c62be?s=96&d=mm&r=g\",\"contentUrl\":\"https:\\\/\\\/secure.gravatar.com\\\/avatar\\\/b3df6a06e44bab3111583b90f0f33a0379ee5e3d22cbadd232d39f21c30c62be?s=96&d=mm&r=g\",\"caption\":\"Tino Lago\"},\"sameAs\":[\"http:\\\/\\\/www.anovapeneira.gal\"],\"url\":\"https:\\\/\\\/www.anovapeneira.gal\\\/index.php\\\/author\\\/director\\\/\"}]}<\/script>\n<!-- \/ Yoast SEO plugin. -->","yoast_head_json":{"title":"Un caf\u00e9 con Carmen N\u00fa\u00f1ez, voceira BNG de Tui -","description":"E neste mes de maio xa hai 8 anos que o seu cami\u00f1o e o meu se cruzaron por casualidade nos termos que describ\u00eda Julio Cortazar: \u201dE debo dicir que conf\u00edo plenamente na casualidade de terte co\u00f1ecido. Que nunca intentarei esquecerte, e que se o fixera non o conseguir\u00eda\u201d. Nestes oito anos centos de milleiros de quil\u00f3metros, polas estradas do meu pa\u00eds, aloumi\u00f1an o meu lombo","robots":{"index":"index","follow":"follow","max-snippet":"max-snippet:-1","max-image-preview":"max-image-preview:large","max-video-preview":"max-video-preview:-1"},"canonical":"https:\/\/www.anovapeneira.gal\/index.php\/2021\/04\/28\/un-cafe-con-carmen-nunez-voceira-bng-de-tui\/","og_locale":"gl_ES","og_type":"article","og_title":"Un caf\u00e9 con Carmen N\u00fa\u00f1ez, voceira BNG de Tui -","og_description":"E neste mes de maio xa hai 8 anos que o seu cami\u00f1o e o meu se cruzaron por casualidade nos termos que describ\u00eda Julio Cortazar: \u201dE debo dicir que conf\u00edo plenamente na casualidade de terte co\u00f1ecido. Que nunca intentarei esquecerte, e que se o fixera non o conseguir\u00eda\u201d. Nestes oito anos centos de milleiros de quil\u00f3metros, polas estradas do meu pa\u00eds, aloumi\u00f1an o meu lombo","og_url":"https:\/\/www.anovapeneira.gal\/index.php\/2021\/04\/28\/un-cafe-con-carmen-nunez-voceira-bng-de-tui\/","article_publisher":"https:\/\/www.facebook.com\/anovapeneira","article_published_time":"2021-04-28T08:00:31+00:00","og_image":[{"width":720,"height":432,"url":"https:\/\/www.anovapeneira.gal\/wp-content\/uploads\/2021\/04\/carmen_nunez_voceira_bng_tui.jpg","type":"image\/jpeg"}],"author":"Tino Lago","twitter_card":"summary_large_image","twitter_creator":"@APeneira","twitter_site":"@APeneira","twitter_misc":{"Escrito por":"Tino Lago","Tempo de lectura":"7 minutos"},"schema":{"@context":"https:\/\/schema.org","@graph":[{"@type":"Article","@id":"https:\/\/www.anovapeneira.gal\/index.php\/2021\/04\/28\/un-cafe-con-carmen-nunez-voceira-bng-de-tui\/#article","isPartOf":{"@id":"https:\/\/www.anovapeneira.gal\/index.php\/2021\/04\/28\/un-cafe-con-carmen-nunez-voceira-bng-de-tui\/"},"author":{"name":"Tino Lago","@id":"https:\/\/www.anovapeneira.gal\/#\/schema\/person\/424dfe65e3070fd8a44d22d2c088762a"},"headline":"Un caf\u00e9 con Carmen N\u00fa\u00f1ez, voceira BNG de Tui","datePublished":"2021-04-28T08:00:31+00:00","mainEntityOfPage":{"@id":"https:\/\/www.anovapeneira.gal\/index.php\/2021\/04\/28\/un-cafe-con-carmen-nunez-voceira-bng-de-tui\/"},"wordCount":1492,"commentCount":0,"publisher":{"@id":"https:\/\/www.anovapeneira.gal\/#organization"},"image":{"@id":"https:\/\/www.anovapeneira.gal\/index.php\/2021\/04\/28\/un-cafe-con-carmen-nunez-voceira-bng-de-tui\/#primaryimage"},"thumbnailUrl":"https:\/\/www.anovapeneira.gal\/wp-content\/uploads\/2021\/04\/carmen_nunez_voceira_bng_tui.jpg","articleSection":["Baixo Mi\u00f1o"],"inLanguage":"gl-ES","potentialAction":[{"@type":"CommentAction","name":"Comment","target":["https:\/\/www.anovapeneira.gal\/index.php\/2021\/04\/28\/un-cafe-con-carmen-nunez-voceira-bng-de-tui\/#respond"]}]},{"@type":"WebPage","@id":"https:\/\/www.anovapeneira.gal\/index.php\/2021\/04\/28\/un-cafe-con-carmen-nunez-voceira-bng-de-tui\/","url":"https:\/\/www.anovapeneira.gal\/index.php\/2021\/04\/28\/un-cafe-con-carmen-nunez-voceira-bng-de-tui\/","name":"Un caf\u00e9 con Carmen N\u00fa\u00f1ez, voceira BNG de Tui -","isPartOf":{"@id":"https:\/\/www.anovapeneira.gal\/#website"},"primaryImageOfPage":{"@id":"https:\/\/www.anovapeneira.gal\/index.php\/2021\/04\/28\/un-cafe-con-carmen-nunez-voceira-bng-de-tui\/#primaryimage"},"image":{"@id":"https:\/\/www.anovapeneira.gal\/index.php\/2021\/04\/28\/un-cafe-con-carmen-nunez-voceira-bng-de-tui\/#primaryimage"},"thumbnailUrl":"https:\/\/www.anovapeneira.gal\/wp-content\/uploads\/2021\/04\/carmen_nunez_voceira_bng_tui.jpg","datePublished":"2021-04-28T08:00:31+00:00","description":"E neste mes de maio xa hai 8 anos que o seu cami\u00f1o e o meu se cruzaron por casualidade nos termos que describ\u00eda Julio Cortazar: \u201dE debo dicir que conf\u00edo plenamente na casualidade de terte co\u00f1ecido. Que nunca intentarei esquecerte, e que se o fixera non o conseguir\u00eda\u201d. Nestes oito anos centos de milleiros de quil\u00f3metros, polas estradas do meu pa\u00eds, aloumi\u00f1an o meu lombo","breadcrumb":{"@id":"https:\/\/www.anovapeneira.gal\/index.php\/2021\/04\/28\/un-cafe-con-carmen-nunez-voceira-bng-de-tui\/#breadcrumb"},"inLanguage":"gl-ES","potentialAction":[{"@type":"ReadAction","target":["https:\/\/www.anovapeneira.gal\/index.php\/2021\/04\/28\/un-cafe-con-carmen-nunez-voceira-bng-de-tui\/"]}]},{"@type":"ImageObject","inLanguage":"gl-ES","@id":"https:\/\/www.anovapeneira.gal\/index.php\/2021\/04\/28\/un-cafe-con-carmen-nunez-voceira-bng-de-tui\/#primaryimage","url":"https:\/\/www.anovapeneira.gal\/wp-content\/uploads\/2021\/04\/carmen_nunez_voceira_bng_tui.jpg","contentUrl":"https:\/\/www.anovapeneira.gal\/wp-content\/uploads\/2021\/04\/carmen_nunez_voceira_bng_tui.jpg","width":720,"height":432,"caption":"Un caf\u00e9 con Carmen N\u00fa\u00f1ez, voceira BNG de Tui"},{"@type":"BreadcrumbList","@id":"https:\/\/www.anovapeneira.gal\/index.php\/2021\/04\/28\/un-cafe-con-carmen-nunez-voceira-bng-de-tui\/#breadcrumb","itemListElement":[{"@type":"ListItem","position":1,"name":"Portada","item":"https:\/\/www.anovapeneira.gal\/"},{"@type":"ListItem","position":2,"name":"Un caf\u00e9 con Carmen N\u00fa\u00f1ez, voceira BNG de Tui"}]},{"@type":"WebSite","@id":"https:\/\/www.anovapeneira.gal\/#website","url":"https:\/\/www.anovapeneira.gal\/","name":"","description":"Xornal galego de informaci\u00f3n xeral Publicaci\u00f3n mensual de novas de Galicia e en especial dos Concellos da sur da provincia de Pontevedra.","publisher":{"@id":"https:\/\/www.anovapeneira.gal\/#organization"},"potentialAction":[{"@type":"SearchAction","target":{"@type":"EntryPoint","urlTemplate":"https:\/\/www.anovapeneira.gal\/?s={search_term_string}"},"query-input":{"@type":"PropertyValueSpecification","valueRequired":true,"valueName":"search_term_string"}}],"inLanguage":"gl-ES"},{"@type":"Organization","@id":"https:\/\/www.anovapeneira.gal\/#organization","name":"A Nova Peneira","url":"https:\/\/www.anovapeneira.gal\/","logo":{"@type":"ImageObject","inLanguage":"gl-ES","@id":"https:\/\/www.anovapeneira.gal\/#\/schema\/logo\/image\/","url":"http:\/\/www.anovapeneira.gal\/wp-content\/uploads\/2019\/06\/logo_a_nova_peneira_portal_web.png","contentUrl":"http:\/\/www.anovapeneira.gal\/wp-content\/uploads\/2019\/06\/logo_a_nova_peneira_portal_web.png","width":300,"height":100,"caption":"A Nova Peneira"},"image":{"@id":"https:\/\/www.anovapeneira.gal\/#\/schema\/logo\/image\/"},"sameAs":["https:\/\/www.facebook.com\/anovapeneira","https:\/\/x.com\/APeneira"]},{"@type":"Person","@id":"https:\/\/www.anovapeneira.gal\/#\/schema\/person\/424dfe65e3070fd8a44d22d2c088762a","name":"Tino Lago","image":{"@type":"ImageObject","inLanguage":"gl-ES","@id":"https:\/\/secure.gravatar.com\/avatar\/b3df6a06e44bab3111583b90f0f33a0379ee5e3d22cbadd232d39f21c30c62be?s=96&d=mm&r=g","url":"https:\/\/secure.gravatar.com\/avatar\/b3df6a06e44bab3111583b90f0f33a0379ee5e3d22cbadd232d39f21c30c62be?s=96&d=mm&r=g","contentUrl":"https:\/\/secure.gravatar.com\/avatar\/b3df6a06e44bab3111583b90f0f33a0379ee5e3d22cbadd232d39f21c30c62be?s=96&d=mm&r=g","caption":"Tino Lago"},"sameAs":["http:\/\/www.anovapeneira.gal"],"url":"https:\/\/www.anovapeneira.gal\/index.php\/author\/director\/"}]}},"jetpack_featured_media_url":"https:\/\/www.anovapeneira.gal\/wp-content\/uploads\/2021\/04\/carmen_nunez_voceira_bng_tui.jpg","_links":{"self":[{"href":"https:\/\/www.anovapeneira.gal\/index.php\/wp-json\/wp\/v2\/posts\/5280","targetHints":{"allow":["GET"]}}],"collection":[{"href":"https:\/\/www.anovapeneira.gal\/index.php\/wp-json\/wp\/v2\/posts"}],"about":[{"href":"https:\/\/www.anovapeneira.gal\/index.php\/wp-json\/wp\/v2\/types\/post"}],"author":[{"embeddable":true,"href":"https:\/\/www.anovapeneira.gal\/index.php\/wp-json\/wp\/v2\/users\/2"}],"replies":[{"embeddable":true,"href":"https:\/\/www.anovapeneira.gal\/index.php\/wp-json\/wp\/v2\/comments?post=5280"}],"version-history":[{"count":1,"href":"https:\/\/www.anovapeneira.gal\/index.php\/wp-json\/wp\/v2\/posts\/5280\/revisions"}],"predecessor-version":[{"id":5282,"href":"https:\/\/www.anovapeneira.gal\/index.php\/wp-json\/wp\/v2\/posts\/5280\/revisions\/5282"}],"wp:featuredmedia":[{"embeddable":true,"href":"https:\/\/www.anovapeneira.gal\/index.php\/wp-json\/wp\/v2\/media\/5281"}],"wp:attachment":[{"href":"https:\/\/www.anovapeneira.gal\/index.php\/wp-json\/wp\/v2\/media?parent=5280"}],"wp:term":[{"taxonomy":"category","embeddable":true,"href":"https:\/\/www.anovapeneira.gal\/index.php\/wp-json\/wp\/v2\/categories?post=5280"},{"taxonomy":"post_tag","embeddable":true,"href":"https:\/\/www.anovapeneira.gal\/index.php\/wp-json\/wp\/v2\/tags?post=5280"}],"curies":[{"name":"wp","href":"https:\/\/api.w.org\/{rel}","templated":true}]}}