{"id":5283,"date":"2021-04-28T10:00:54","date_gmt":"2021-04-28T08:00:54","guid":{"rendered":"http:\/\/www.anovapeneira.gal\/?p=5283"},"modified":"2021-05-25T12:33:25","modified_gmt":"2021-05-25T10:33:25","slug":"saude","status":"publish","type":"post","link":"https:\/\/www.anovapeneira.gal\/index.php\/2021\/04\/28\/saude\/","title":{"rendered":"Sa\u00fade"},"content":{"rendered":"\n<figure class=\"wp-block-image size-large is-resized is-style-default\"><img loading=\"lazy\" decoding=\"async\" src=\"http:\/\/www.anovapeneira.gal\/wp-content\/uploads\/2021\/04\/retrato_fernando_miranda.jpg\" alt=\"Fernando Miranda\" class=\"wp-image-5285\" width=\"95\" height=\"115\"\/><figcaption>Fernando Miranda. Libreiro de Bueu<\/figcaption><\/figure>\n\n\n\n<p>O s\u00e1bado 17 de abril, \u00e1s 13:00 horas e diante do monumento dedicado a Johan Carballeira en Bueu, celebr\u00e1base unha pequena mais sentida homenaxe a este periodista e pol\u00edtico asasinado no mesmo d\u00eda do 1937<\/p>\n\n\n\n<p>A actual situaci\u00f3n pand\u00e9mica fai que eventos que noutras ocasi\u00f3ns te\u00f1en maior duraci\u00f3n e m\u00e1is asistencia queden reducidos a actos m\u00e1is sinxelos, pero non por elo menos importantes.<\/p>\n\n\n\n<p>O mesmo s\u00e1bado polo tarde, e grazas \u00e1 editorial Kalandraka e ao Concello de Bueu, pequen@s e maiores gozaron da m\u00fasica de Paco Nogueiras e da arte de Marc Taeger, quen vi\u00f1eron presentar o seu libro-disco EXTRA!<\/p>\n\n\n\n<p>O aforo do Centro Social do Mar viuse reducido a 80 persoas, mais \u00e9 tal a necesidade que temos moit@s de actos culturais que a organizaci\u00f3n decidiu facer dous pases aumentando o n\u00famero de afortunad@s a 160. Por suposto que tam\u00e9n influ\u00edu o feito de que a rapazada deste pobo participe no disco e o moi queridos que son Paco e Marc.<\/p>\n\n\n\n<p>A experiencia da celebraci\u00f3n do FICBUEU fixo que se puidese imitar o seu protocolo de seguridade e que as 80 butacas utilizables destacasen no medio das preto de 250 de aforo real do CIM. Iso unido a pre inscrici\u00f3n e ao control na entrada do local logrou un evento seguro para t\u00f3dol@s asistentes.<\/p>\n\n\n\n<p>A mesma fin de semana houbo un evento que encheu o peirao de Bueu as\u00ed como as r\u00faas e a hostaler\u00eda do noso pobo. Foi o Campionato Galego de Bateis organizado pola Federaci\u00f3n Galega de Remo, o Club do Mar Bueu Teccarsa e o Concello de Bueu.<\/p>\n\n\n\n<p>Pese aos esforzos da organizaci\u00f3n lembrando por megafon\u00eda que hai que seguir respectando a distancia de seguridade, houbo xente que non o quer\u00eda entender. As\u00ed como veci\u00f1os que se saltaron o peche perimetral dos seus Concellos.<\/p>\n\n\n\n<p>@s deportistas federad@s te\u00f1en todo o dereito do mundo a desprazarse para participar na competici\u00f3n. @s seus seguidoras\/es deber\u00eda agardar un pouco e non po\u00f1er en perigo a sa\u00fade comunitaria. Na nosa actitude est\u00e1 a \u00fanica esperanza de que isto non empeore antes de alcanzar a inmunidade colectiva grazas \u00e1 vacinaci\u00f3n. Porque como agardemos aos nosos dirixentes&#8230;<\/p>\n\n\n\n<p>Hai dous meses solicitei na web do SERGAS unha tarxeta por extrav\u00edo da mi\u00f1a. Na p\u00e1xina po\u00f1\u00eda que estaba en tr\u00e1mite pero non era as\u00ed. Tiven que ir ao Centro de Sa\u00fade a recoller un impreso, pagar as taxas nunha entidade bancaria e volver entregar o comprobante de ter feito o ingreso. Aproveitei para pedir cita m\u00e9dica porque me saen unhas manchas nas mans. D\u00e9ronme cita&#8230; telef\u00f3nica!<\/p>\n\n\n\n<p>Para un asunto burocr\u00e1tico podo entrar d\u00faas veces no Centro de Sa\u00fade pasando polo medio da xente amontoada na porta agardando a s\u00faa quenda para que se lle extraia sangue. Para que o m\u00e9dico poda facer ben o seu traballo non podo entrar.<\/p>\n\n\n\n<p>Isto s\u00f3 ten un sentido: cansarnos e que acudamos a un seguro privado. E non deber\u00edamos permitilo!<\/p>\n\n\n\n<p>Temos moi bos sanitarios, s\u00f3 falla o xestor.<\/p>\n\n\n\n<p>INVIRTAMOS EN CULTURA, DEPORTE E SA\u00daDE!<\/p>\n","protected":false},"excerpt":{"rendered":"<div class=\"mh-excerpt\"><p>O s\u00e1bado 17 de abril, \u00e1s 13:00 horas e diante do monumento dedicado a Johan Carballeira en Bueu, celebr\u00e1base unha pequena mais sentida homenaxe a este periodista e pol\u00edtico asasinado no mesmo d\u00eda do 1937 <a class=\"mh-excerpt-more\" href=\"https:\/\/www.anovapeneira.gal\/index.php\/2021\/04\/28\/saude\/\" title=\"Sa\u00fade\">[&#8230;]<\/a><\/p>\n<\/div>","protected":false},"author":38,"featured_media":584,"comment_status":"open","ping_status":"open","sticky":false,"template":"","format":"standard","meta":{"_exactmetrics_skip_tracking":false,"_exactmetrics_sitenote_active":false,"_exactmetrics_sitenote_note":"","_exactmetrics_sitenote_category":0,"footnotes":""},"categories":[7],"tags":[],"class_list":{"0":"post-5283","1":"post","2":"type-post","3":"status-publish","4":"format-standard","5":"has-post-thumbnail","7":"category-artigos-de-opinion"},"yoast_head":"<!-- This site is optimized with the Yoast SEO plugin v27.5 - https:\/\/yoast.com\/product\/yoast-seo-wordpress\/ -->\n<title>Sa\u00fade -<\/title>\n<meta name=\"description\" content=\"O s\u00e1bado 17 de abril, \u00e1s 13:00 horas e diante do monumento dedicado a Johan Carballeira en Bueu, celebr\u00e1base unha pequena mais sentida homenaxe a este periodista e pol\u00edtico asasinado no mesmo d\u00eda do 1937\" \/>\n<meta name=\"robots\" content=\"index, follow, max-snippet:-1, max-image-preview:large, max-video-preview:-1\" \/>\n<link rel=\"canonical\" href=\"https:\/\/www.anovapeneira.gal\/index.php\/2021\/04\/28\/saude\/\" \/>\n<meta property=\"og:locale\" content=\"gl_ES\" \/>\n<meta property=\"og:type\" content=\"article\" \/>\n<meta property=\"og:title\" content=\"Sa\u00fade Fernando Miranda. Libreiro de Bueu\" \/>\n<meta property=\"og:description\" content=\"O s\u00e1bado 17 de abril, \u00e1s 13:00 horas e diante do monumento dedicado a Johan Carballeira en Bueu, celebr\u00e1base unha pequena mais sentida homenaxe a este periodista e pol\u00edtico asasinado no mesmo d\u00eda do 1937\" \/>\n<meta property=\"og:url\" content=\"https:\/\/www.anovapeneira.gal\/index.php\/2021\/04\/28\/saude\/\" \/>\n<meta property=\"article:publisher\" content=\"https:\/\/www.facebook.com\/anovapeneira\" \/>\n<meta property=\"article:published_time\" content=\"2021-04-28T08:00:54+00:00\" \/>\n<meta property=\"article:modified_time\" content=\"2021-05-25T10:33:25+00:00\" \/>\n<meta property=\"og:image\" content=\"https:\/\/www.anovapeneira.gal\/wp-content\/uploads\/2021\/04\/Fernando_Miranda_Libreiro_Bueu.jpg\" \/>\n\t<meta property=\"og:image:width\" content=\"720\" \/>\n\t<meta property=\"og:image:height\" content=\"432\" \/>\n\t<meta property=\"og:image:type\" content=\"image\/jpeg\" \/>\n<meta name=\"author\" content=\"Fernando Miranda Est\u00e9vez\" \/>\n<meta name=\"twitter:card\" content=\"summary_large_image\" \/>\n<meta name=\"twitter:title\" content=\"Sa\u00fade Fernando Miranda. Libreiro de Bueu\" \/>\n<meta name=\"twitter:description\" content=\"O s\u00e1bado 17 de abril, \u00e1s 13:00 horas e diante do monumento dedicado a Johan Carballeira en Bueu, celebr\u00e1base unha pequena mais sentida homenaxe a este periodista e pol\u00edtico asasinado no mesmo d\u00eda do 1937\" \/>\n<meta name=\"twitter:image\" content=\"https:\/\/www.anovapeneira.gal\/wp-content\/uploads\/2021\/04\/Fernando_Miranda_Libreiro_Bueu.jpg\" \/>\n<meta name=\"twitter:creator\" content=\"@APeneira\" \/>\n<meta name=\"twitter:site\" content=\"@APeneira\" \/>\n<meta name=\"twitter:label1\" content=\"Escrito por\" \/>\n\t<meta name=\"twitter:data1\" content=\"Fernando Miranda Est\u00e9vez\" \/>\n\t<meta name=\"twitter:label2\" content=\"Tempo de lectura\" \/>\n\t<meta name=\"twitter:data2\" content=\"3 minutos\" \/>\n<script type=\"application\/ld+json\" class=\"yoast-schema-graph\">{\"@context\":\"https:\\\/\\\/schema.org\",\"@graph\":[{\"@type\":\"Article\",\"@id\":\"https:\\\/\\\/www.anovapeneira.gal\\\/index.php\\\/2021\\\/04\\\/28\\\/saude\\\/#article\",\"isPartOf\":{\"@id\":\"https:\\\/\\\/www.anovapeneira.gal\\\/index.php\\\/2021\\\/04\\\/28\\\/saude\\\/\"},\"author\":{\"name\":\"Fernando Miranda Est\u00e9vez\",\"@id\":\"https:\\\/\\\/www.anovapeneira.gal\\\/#\\\/schema\\\/person\\\/2e1b05e40bb557c3dc0a175352f7c5db\"},\"headline\":\"Sa\u00fade\",\"datePublished\":\"2021-04-28T08:00:54+00:00\",\"dateModified\":\"2021-05-25T10:33:25+00:00\",\"mainEntityOfPage\":{\"@id\":\"https:\\\/\\\/www.anovapeneira.gal\\\/index.php\\\/2021\\\/04\\\/28\\\/saude\\\/\"},\"wordCount\":549,\"commentCount\":0,\"publisher\":{\"@id\":\"https:\\\/\\\/www.anovapeneira.gal\\\/#organization\"},\"image\":{\"@id\":\"https:\\\/\\\/www.anovapeneira.gal\\\/index.php\\\/2021\\\/04\\\/28\\\/saude\\\/#primaryimage\"},\"thumbnailUrl\":\"https:\\\/\\\/www.anovapeneira.gal\\\/wp-content\\\/uploads\\\/2019\\\/07\\\/ARTIGO_DE_OPINION_A_NOVA_PENEIRA.jpg\",\"articleSection\":[\"Artigos de opini\u00f3n\"],\"inLanguage\":\"gl-ES\",\"potentialAction\":[{\"@type\":\"CommentAction\",\"name\":\"Comment\",\"target\":[\"https:\\\/\\\/www.anovapeneira.gal\\\/index.php\\\/2021\\\/04\\\/28\\\/saude\\\/#respond\"]}]},{\"@type\":\"WebPage\",\"@id\":\"https:\\\/\\\/www.anovapeneira.gal\\\/index.php\\\/2021\\\/04\\\/28\\\/saude\\\/\",\"url\":\"https:\\\/\\\/www.anovapeneira.gal\\\/index.php\\\/2021\\\/04\\\/28\\\/saude\\\/\",\"name\":\"Sa\u00fade -\",\"isPartOf\":{\"@id\":\"https:\\\/\\\/www.anovapeneira.gal\\\/#website\"},\"primaryImageOfPage\":{\"@id\":\"https:\\\/\\\/www.anovapeneira.gal\\\/index.php\\\/2021\\\/04\\\/28\\\/saude\\\/#primaryimage\"},\"image\":{\"@id\":\"https:\\\/\\\/www.anovapeneira.gal\\\/index.php\\\/2021\\\/04\\\/28\\\/saude\\\/#primaryimage\"},\"thumbnailUrl\":\"https:\\\/\\\/www.anovapeneira.gal\\\/wp-content\\\/uploads\\\/2019\\\/07\\\/ARTIGO_DE_OPINION_A_NOVA_PENEIRA.jpg\",\"datePublished\":\"2021-04-28T08:00:54+00:00\",\"dateModified\":\"2021-05-25T10:33:25+00:00\",\"description\":\"O s\u00e1bado 17 de abril, \u00e1s 13:00 horas e diante do monumento dedicado a Johan Carballeira en Bueu, celebr\u00e1base unha pequena mais sentida homenaxe a este periodista e pol\u00edtico asasinado no mesmo d\u00eda do 1937\",\"breadcrumb\":{\"@id\":\"https:\\\/\\\/www.anovapeneira.gal\\\/index.php\\\/2021\\\/04\\\/28\\\/saude\\\/#breadcrumb\"},\"inLanguage\":\"gl-ES\",\"potentialAction\":[{\"@type\":\"ReadAction\",\"target\":[\"https:\\\/\\\/www.anovapeneira.gal\\\/index.php\\\/2021\\\/04\\\/28\\\/saude\\\/\"]}]},{\"@type\":\"ImageObject\",\"inLanguage\":\"gl-ES\",\"@id\":\"https:\\\/\\\/www.anovapeneira.gal\\\/index.php\\\/2021\\\/04\\\/28\\\/saude\\\/#primaryimage\",\"url\":\"https:\\\/\\\/www.anovapeneira.gal\\\/wp-content\\\/uploads\\\/2019\\\/07\\\/ARTIGO_DE_OPINION_A_NOVA_PENEIRA.jpg\",\"contentUrl\":\"https:\\\/\\\/www.anovapeneira.gal\\\/wp-content\\\/uploads\\\/2019\\\/07\\\/ARTIGO_DE_OPINION_A_NOVA_PENEIRA.jpg\",\"width\":720,\"height\":473,\"caption\":\"Artigo de opini\u00f3n A Nova Peneira\"},{\"@type\":\"BreadcrumbList\",\"@id\":\"https:\\\/\\\/www.anovapeneira.gal\\\/index.php\\\/2021\\\/04\\\/28\\\/saude\\\/#breadcrumb\",\"itemListElement\":[{\"@type\":\"ListItem\",\"position\":1,\"name\":\"Portada\",\"item\":\"https:\\\/\\\/www.anovapeneira.gal\\\/\"},{\"@type\":\"ListItem\",\"position\":2,\"name\":\"Sa\u00fade\"}]},{\"@type\":\"WebSite\",\"@id\":\"https:\\\/\\\/www.anovapeneira.gal\\\/#website\",\"url\":\"https:\\\/\\\/www.anovapeneira.gal\\\/\",\"name\":\"\",\"description\":\"Xornal galego de informaci\u00f3n xeral Publicaci\u00f3n mensual de novas de Galicia e en especial dos Concellos da sur da provincia de Pontevedra.\",\"publisher\":{\"@id\":\"https:\\\/\\\/www.anovapeneira.gal\\\/#organization\"},\"potentialAction\":[{\"@type\":\"SearchAction\",\"target\":{\"@type\":\"EntryPoint\",\"urlTemplate\":\"https:\\\/\\\/www.anovapeneira.gal\\\/?s={search_term_string}\"},\"query-input\":{\"@type\":\"PropertyValueSpecification\",\"valueRequired\":true,\"valueName\":\"search_term_string\"}}],\"inLanguage\":\"gl-ES\"},{\"@type\":\"Organization\",\"@id\":\"https:\\\/\\\/www.anovapeneira.gal\\\/#organization\",\"name\":\"A Nova Peneira\",\"url\":\"https:\\\/\\\/www.anovapeneira.gal\\\/\",\"logo\":{\"@type\":\"ImageObject\",\"inLanguage\":\"gl-ES\",\"@id\":\"https:\\\/\\\/www.anovapeneira.gal\\\/#\\\/schema\\\/logo\\\/image\\\/\",\"url\":\"http:\\\/\\\/www.anovapeneira.gal\\\/wp-content\\\/uploads\\\/2019\\\/06\\\/logo_a_nova_peneira_portal_web.png\",\"contentUrl\":\"http:\\\/\\\/www.anovapeneira.gal\\\/wp-content\\\/uploads\\\/2019\\\/06\\\/logo_a_nova_peneira_portal_web.png\",\"width\":300,\"height\":100,\"caption\":\"A Nova Peneira\"},\"image\":{\"@id\":\"https:\\\/\\\/www.anovapeneira.gal\\\/#\\\/schema\\\/logo\\\/image\\\/\"},\"sameAs\":[\"https:\\\/\\\/www.facebook.com\\\/anovapeneira\",\"https:\\\/\\\/x.com\\\/APeneira\"]},{\"@type\":\"Person\",\"@id\":\"https:\\\/\\\/www.anovapeneira.gal\\\/#\\\/schema\\\/person\\\/2e1b05e40bb557c3dc0a175352f7c5db\",\"name\":\"Fernando Miranda Est\u00e9vez\",\"image\":{\"@type\":\"ImageObject\",\"inLanguage\":\"gl-ES\",\"@id\":\"https:\\\/\\\/secure.gravatar.com\\\/avatar\\\/20fcdf350ac9152adc4a2baf08c10ddb3bb475a1881e6915a2a1e7936bd5cc68?s=96&d=mm&r=g\",\"url\":\"https:\\\/\\\/secure.gravatar.com\\\/avatar\\\/20fcdf350ac9152adc4a2baf08c10ddb3bb475a1881e6915a2a1e7936bd5cc68?s=96&d=mm&r=g\",\"contentUrl\":\"https:\\\/\\\/secure.gravatar.com\\\/avatar\\\/20fcdf350ac9152adc4a2baf08c10ddb3bb475a1881e6915a2a1e7936bd5cc68?s=96&d=mm&r=g\",\"caption\":\"Fernando Miranda Est\u00e9vez\"},\"url\":\"https:\\\/\\\/www.anovapeneira.gal\\\/index.php\\\/author\\\/fernandomiranda\\\/\"}]}<\/script>\n<!-- \/ Yoast SEO plugin. -->","yoast_head_json":{"title":"Sa\u00fade -","description":"O s\u00e1bado 17 de abril, \u00e1s 13:00 horas e diante do monumento dedicado a Johan Carballeira en Bueu, celebr\u00e1base unha pequena mais sentida homenaxe a este periodista e pol\u00edtico asasinado no mesmo d\u00eda do 1937","robots":{"index":"index","follow":"follow","max-snippet":"max-snippet:-1","max-image-preview":"max-image-preview:large","max-video-preview":"max-video-preview:-1"},"canonical":"https:\/\/www.anovapeneira.gal\/index.php\/2021\/04\/28\/saude\/","og_locale":"gl_ES","og_type":"article","og_title":"Sa\u00fade Fernando Miranda. Libreiro de Bueu","og_description":"O s\u00e1bado 17 de abril, \u00e1s 13:00 horas e diante do monumento dedicado a Johan Carballeira en Bueu, celebr\u00e1base unha pequena mais sentida homenaxe a este periodista e pol\u00edtico asasinado no mesmo d\u00eda do 1937","og_url":"https:\/\/www.anovapeneira.gal\/index.php\/2021\/04\/28\/saude\/","article_publisher":"https:\/\/www.facebook.com\/anovapeneira","article_published_time":"2021-04-28T08:00:54+00:00","article_modified_time":"2021-05-25T10:33:25+00:00","og_image":[{"width":720,"height":432,"url":"https:\/\/www.anovapeneira.gal\/wp-content\/uploads\/2021\/04\/Fernando_Miranda_Libreiro_Bueu.jpg","type":"image\/jpeg"}],"author":"Fernando Miranda Est\u00e9vez","twitter_card":"summary_large_image","twitter_title":"Sa\u00fade Fernando Miranda. Libreiro de Bueu","twitter_description":"O s\u00e1bado 17 de abril, \u00e1s 13:00 horas e diante do monumento dedicado a Johan Carballeira en Bueu, celebr\u00e1base unha pequena mais sentida homenaxe a este periodista e pol\u00edtico asasinado no mesmo d\u00eda do 1937","twitter_image":"https:\/\/www.anovapeneira.gal\/wp-content\/uploads\/2021\/04\/Fernando_Miranda_Libreiro_Bueu.jpg","twitter_creator":"@APeneira","twitter_site":"@APeneira","twitter_misc":{"Escrito por":"Fernando Miranda Est\u00e9vez","Tempo de lectura":"3 minutos"},"schema":{"@context":"https:\/\/schema.org","@graph":[{"@type":"Article","@id":"https:\/\/www.anovapeneira.gal\/index.php\/2021\/04\/28\/saude\/#article","isPartOf":{"@id":"https:\/\/www.anovapeneira.gal\/index.php\/2021\/04\/28\/saude\/"},"author":{"name":"Fernando Miranda Est\u00e9vez","@id":"https:\/\/www.anovapeneira.gal\/#\/schema\/person\/2e1b05e40bb557c3dc0a175352f7c5db"},"headline":"Sa\u00fade","datePublished":"2021-04-28T08:00:54+00:00","dateModified":"2021-05-25T10:33:25+00:00","mainEntityOfPage":{"@id":"https:\/\/www.anovapeneira.gal\/index.php\/2021\/04\/28\/saude\/"},"wordCount":549,"commentCount":0,"publisher":{"@id":"https:\/\/www.anovapeneira.gal\/#organization"},"image":{"@id":"https:\/\/www.anovapeneira.gal\/index.php\/2021\/04\/28\/saude\/#primaryimage"},"thumbnailUrl":"https:\/\/www.anovapeneira.gal\/wp-content\/uploads\/2019\/07\/ARTIGO_DE_OPINION_A_NOVA_PENEIRA.jpg","articleSection":["Artigos de opini\u00f3n"],"inLanguage":"gl-ES","potentialAction":[{"@type":"CommentAction","name":"Comment","target":["https:\/\/www.anovapeneira.gal\/index.php\/2021\/04\/28\/saude\/#respond"]}]},{"@type":"WebPage","@id":"https:\/\/www.anovapeneira.gal\/index.php\/2021\/04\/28\/saude\/","url":"https:\/\/www.anovapeneira.gal\/index.php\/2021\/04\/28\/saude\/","name":"Sa\u00fade -","isPartOf":{"@id":"https:\/\/www.anovapeneira.gal\/#website"},"primaryImageOfPage":{"@id":"https:\/\/www.anovapeneira.gal\/index.php\/2021\/04\/28\/saude\/#primaryimage"},"image":{"@id":"https:\/\/www.anovapeneira.gal\/index.php\/2021\/04\/28\/saude\/#primaryimage"},"thumbnailUrl":"https:\/\/www.anovapeneira.gal\/wp-content\/uploads\/2019\/07\/ARTIGO_DE_OPINION_A_NOVA_PENEIRA.jpg","datePublished":"2021-04-28T08:00:54+00:00","dateModified":"2021-05-25T10:33:25+00:00","description":"O s\u00e1bado 17 de abril, \u00e1s 13:00 horas e diante do monumento dedicado a Johan Carballeira en Bueu, celebr\u00e1base unha pequena mais sentida homenaxe a este periodista e pol\u00edtico asasinado no mesmo d\u00eda do 1937","breadcrumb":{"@id":"https:\/\/www.anovapeneira.gal\/index.php\/2021\/04\/28\/saude\/#breadcrumb"},"inLanguage":"gl-ES","potentialAction":[{"@type":"ReadAction","target":["https:\/\/www.anovapeneira.gal\/index.php\/2021\/04\/28\/saude\/"]}]},{"@type":"ImageObject","inLanguage":"gl-ES","@id":"https:\/\/www.anovapeneira.gal\/index.php\/2021\/04\/28\/saude\/#primaryimage","url":"https:\/\/www.anovapeneira.gal\/wp-content\/uploads\/2019\/07\/ARTIGO_DE_OPINION_A_NOVA_PENEIRA.jpg","contentUrl":"https:\/\/www.anovapeneira.gal\/wp-content\/uploads\/2019\/07\/ARTIGO_DE_OPINION_A_NOVA_PENEIRA.jpg","width":720,"height":473,"caption":"Artigo de opini\u00f3n A Nova Peneira"},{"@type":"BreadcrumbList","@id":"https:\/\/www.anovapeneira.gal\/index.php\/2021\/04\/28\/saude\/#breadcrumb","itemListElement":[{"@type":"ListItem","position":1,"name":"Portada","item":"https:\/\/www.anovapeneira.gal\/"},{"@type":"ListItem","position":2,"name":"Sa\u00fade"}]},{"@type":"WebSite","@id":"https:\/\/www.anovapeneira.gal\/#website","url":"https:\/\/www.anovapeneira.gal\/","name":"","description":"Xornal galego de informaci\u00f3n xeral Publicaci\u00f3n mensual de novas de Galicia e en especial dos Concellos da sur da provincia de Pontevedra.","publisher":{"@id":"https:\/\/www.anovapeneira.gal\/#organization"},"potentialAction":[{"@type":"SearchAction","target":{"@type":"EntryPoint","urlTemplate":"https:\/\/www.anovapeneira.gal\/?s={search_term_string}"},"query-input":{"@type":"PropertyValueSpecification","valueRequired":true,"valueName":"search_term_string"}}],"inLanguage":"gl-ES"},{"@type":"Organization","@id":"https:\/\/www.anovapeneira.gal\/#organization","name":"A Nova Peneira","url":"https:\/\/www.anovapeneira.gal\/","logo":{"@type":"ImageObject","inLanguage":"gl-ES","@id":"https:\/\/www.anovapeneira.gal\/#\/schema\/logo\/image\/","url":"http:\/\/www.anovapeneira.gal\/wp-content\/uploads\/2019\/06\/logo_a_nova_peneira_portal_web.png","contentUrl":"http:\/\/www.anovapeneira.gal\/wp-content\/uploads\/2019\/06\/logo_a_nova_peneira_portal_web.png","width":300,"height":100,"caption":"A Nova Peneira"},"image":{"@id":"https:\/\/www.anovapeneira.gal\/#\/schema\/logo\/image\/"},"sameAs":["https:\/\/www.facebook.com\/anovapeneira","https:\/\/x.com\/APeneira"]},{"@type":"Person","@id":"https:\/\/www.anovapeneira.gal\/#\/schema\/person\/2e1b05e40bb557c3dc0a175352f7c5db","name":"Fernando Miranda Est\u00e9vez","image":{"@type":"ImageObject","inLanguage":"gl-ES","@id":"https:\/\/secure.gravatar.com\/avatar\/20fcdf350ac9152adc4a2baf08c10ddb3bb475a1881e6915a2a1e7936bd5cc68?s=96&d=mm&r=g","url":"https:\/\/secure.gravatar.com\/avatar\/20fcdf350ac9152adc4a2baf08c10ddb3bb475a1881e6915a2a1e7936bd5cc68?s=96&d=mm&r=g","contentUrl":"https:\/\/secure.gravatar.com\/avatar\/20fcdf350ac9152adc4a2baf08c10ddb3bb475a1881e6915a2a1e7936bd5cc68?s=96&d=mm&r=g","caption":"Fernando Miranda Est\u00e9vez"},"url":"https:\/\/www.anovapeneira.gal\/index.php\/author\/fernandomiranda\/"}]}},"jetpack_featured_media_url":"https:\/\/www.anovapeneira.gal\/wp-content\/uploads\/2019\/07\/ARTIGO_DE_OPINION_A_NOVA_PENEIRA.jpg","_links":{"self":[{"href":"https:\/\/www.anovapeneira.gal\/index.php\/wp-json\/wp\/v2\/posts\/5283","targetHints":{"allow":["GET"]}}],"collection":[{"href":"https:\/\/www.anovapeneira.gal\/index.php\/wp-json\/wp\/v2\/posts"}],"about":[{"href":"https:\/\/www.anovapeneira.gal\/index.php\/wp-json\/wp\/v2\/types\/post"}],"author":[{"embeddable":true,"href":"https:\/\/www.anovapeneira.gal\/index.php\/wp-json\/wp\/v2\/users\/38"}],"replies":[{"embeddable":true,"href":"https:\/\/www.anovapeneira.gal\/index.php\/wp-json\/wp\/v2\/comments?post=5283"}],"version-history":[{"count":3,"href":"https:\/\/www.anovapeneira.gal\/index.php\/wp-json\/wp\/v2\/posts\/5283\/revisions"}],"predecessor-version":[{"id":5675,"href":"https:\/\/www.anovapeneira.gal\/index.php\/wp-json\/wp\/v2\/posts\/5283\/revisions\/5675"}],"wp:featuredmedia":[{"embeddable":true,"href":"https:\/\/www.anovapeneira.gal\/index.php\/wp-json\/wp\/v2\/media\/584"}],"wp:attachment":[{"href":"https:\/\/www.anovapeneira.gal\/index.php\/wp-json\/wp\/v2\/media?parent=5283"}],"wp:term":[{"taxonomy":"category","embeddable":true,"href":"https:\/\/www.anovapeneira.gal\/index.php\/wp-json\/wp\/v2\/categories?post=5283"},{"taxonomy":"post_tag","embeddable":true,"href":"https:\/\/www.anovapeneira.gal\/index.php\/wp-json\/wp\/v2\/tags?post=5283"}],"curies":[{"name":"wp","href":"https:\/\/api.w.org\/{rel}","templated":true}]}}