{"id":5288,"date":"2021-04-29T10:00:12","date_gmt":"2021-04-29T08:00:12","guid":{"rendered":"http:\/\/www.anovapeneira.gal\/?p=5288"},"modified":"2021-04-28T14:06:34","modified_gmt":"2021-04-28T12:06:34","slug":"o-bng-esixe-dos-gobernos-da-xunta-e-de-gondomar-a-garantia-inmediata-da-prestacion-servizo-de-comedor-escolar-no-vindeiro-curso","status":"publish","type":"post","link":"https:\/\/www.anovapeneira.gal\/index.php\/2021\/04\/29\/o-bng-esixe-dos-gobernos-da-xunta-e-de-gondomar-a-garantia-inmediata-da-prestacion-servizo-de-comedor-escolar-no-vindeiro-curso\/","title":{"rendered":"O BNG esixe dos gobernos da Xunta e de Gondomar a garant\u00eda inmediata da prestaci\u00f3n servizo de comedor escolar no vindeiro curso"},"content":{"rendered":"\n<h4 class=\"wp-block-heading\"><strong>Carmela Gonz\u00e1lez, deputada do BNG no Parlamento galego, e a portavoz municipal, Manuela Rodr\u00edguez, reun\u00edronse con representantes das ANPAs de Gondomar para abordar a situaci\u00f3n provocada pola deixamento de funci\u00f3ns de ambas administraci\u00f3ns<\/strong><\/h4>\n\n\n\n<p><strong>Gondomar, 26 de abril de 2021<\/strong><\/p>\n\n\n\n<p>O BNG esixe aos gobernos da Xunta e do Concello de Gondomar que, sen m\u00e1is dilaci\u00f3n, garantan a prestaci\u00f3n do servizo de comedores escolares no vindeiro curso 2021-2022. As\u00ed o defendeu no encontro telem\u00e1tico mantido con representantes das ANPAs de Gondomar onde analizaron a situaci\u00f3n provocada polo deixamento de funci\u00f3ns das administraci\u00f3ns que dende o curso 2013-14 anos vi\u00f1an mantendo un convenio de colaboraci\u00f3n para a prestaci\u00f3n do servizo.<\/p>\n\n\n\n<p>A Xunta de Galiza ten competencias plenas en materia educativa polo que debe prover a prestaci\u00f3n deste servizo p\u00fablico educativo ao alumnado de primaria e secundaria obrigatoria e de segundo de educaci\u00f3n infantil, tal como recolle o decreto 132-2013 da propia Xunta de Galiza. Pola s\u00faa banda, o Concello, que actualmente xestiona o servizo, ti\u00f1a que ter abordado con m\u00e1is antelaci\u00f3n a s\u00faa decisi\u00f3n de non continuar coa xesti\u00f3n e ter esixido \u00e1 Xunta que se fixera cargo dela.&nbsp;<\/p>\n\n\n\n<p>&#8220;<em>Porque exercer o goberno non se pode reducir a manifestar que non se quere seguir co convenio sen buscar unha alternativa, como est\u00e1 a facer o goberno local do Sr Ferreira; nin, tendo a obriga de prestar o servizo, tentar endosarllo as familias como pretende o goberno galego do Sr. Feij\u00f3o presionando \u00e1s ANPAs a trav\u00e9s das direcci\u00f3ns dos centros&#8221;<\/em>, indica Rodr\u00edguez.<\/p>\n\n\n\n<p>A portavoz municipal do Bloque tam\u00e9n denuncia que hai case quince d\u00edas que a concelleira Nuria Lameiro e o Alcalde anunciaron unha reuni\u00f3n coas ANPAs, m\u00e1is a d\u00eda de hoxe a\u00ednda non est\u00e1 fixada, o que &#8220;<em>v\u00e9n demostrar, m\u00e1is unha vez, a s\u00faa incompetencia. E o que \u00e9 peor, o desleixo co que tratan este tema que non consideran importante, tal como afirmou o Alcalde ante as preguntas da voceira do BNG no pleno do pasado 4 de abril.<\/em>&#8220;<\/p>\n\n\n\n<p><strong>O BNG presentar\u00e1 iniciativas no Parlamento e no Concello<\/strong><\/p>\n\n\n\n<p>Froito da reuni\u00f3n da deputada do BNG, Carmela Gonz\u00e1lez, e a portavoz municipal no concello, Manuela Rodr\u00edguez, con representantes das ANPAs, resultou o acordo de trasladaren sendas iniciativas ao Parlamento galego e ao Pleno municipal, respectivamente. Nelas, o BNG instar\u00e1 a Xunta e Concello a garantir a prestaci\u00f3n do servizo de comedor nos colexios de Gondomar,&nbsp;<em>&#8220;a non asunci\u00f3n deste servizo por parte da administraci\u00f3n p\u00fablica constituir\u00eda un claro abandono das familias e \u00e1s s\u00faas crianzas&#8221;, afirma Gonz\u00e1lez.<\/em><\/p>\n\n\n\n<p>A deputada do BNG es\u00edxelle \u00e1 Xunta que disipe a d\u00fabida de se os colexios de Gondomar van ter ou non eses servizos fundamentais para as familias e que marcan a diferencia \u00e1 hora de elixir o centro ao que enviar as s\u00faas crianzas. Para evitar que a falla de servizos de conciliaci\u00f3n como o comedor escolar e as aulas matinais provoque o desv\u00edo de alumnado a colexios de concellos lim\u00edtrofes -en moitos casos colexios privados concertados-, coa conseguinte baixada de matr\u00edcula nos colexios p\u00fablicos de Gondomar, ou a privaci\u00f3n dese dereito a aquelas familias quen non se poden permitir ese desprazamento.<\/p>\n","protected":false},"excerpt":{"rendered":"<div class=\"mh-excerpt\"><p>Carmela Gonz\u00e1lez, deputada do BNG no Parlamento galego, e a portavoz municipal, Manuela Rodr\u00edguez, reun\u00edronse con representantes das ANPAs de Gondomar para abordar a situaci\u00f3n provocada pola deixamento de funci\u00f3ns de ambas administraci\u00f3ns <a class=\"mh-excerpt-more\" href=\"https:\/\/www.anovapeneira.gal\/index.php\/2021\/04\/29\/o-bng-esixe-dos-gobernos-da-xunta-e-de-gondomar-a-garantia-inmediata-da-prestacion-servizo-de-comedor-escolar-no-vindeiro-curso\/\" title=\"O BNG esixe dos gobernos da Xunta e de Gondomar a garant\u00eda inmediata da prestaci\u00f3n servizo de comedor escolar no vindeiro curso\">[&#8230;]<\/a><\/p>\n<\/div>","protected":false},"author":1,"featured_media":5290,"comment_status":"open","ping_status":"open","sticky":false,"template":"","format":"standard","meta":{"_exactmetrics_skip_tracking":false,"_exactmetrics_sitenote_active":false,"_exactmetrics_sitenote_note":"","_exactmetrics_sitenote_category":0,"footnotes":""},"categories":[20],"tags":[149],"class_list":{"0":"post-5288","1":"post","2":"type-post","3":"status-publish","4":"format-standard","5":"has-post-thumbnail","7":"category-val-minor","8":"tag-concello-de-gondomar"},"yoast_head":"<!-- This site is optimized with the Yoast SEO plugin v27.5 - https:\/\/yoast.com\/product\/yoast-seo-wordpress\/ -->\n<title>O BNG esixe dos gobernos da Xunta e de Gondomar a garant\u00eda inmediata da prestaci\u00f3n servizo de comedor escolar no vindeiro curso -<\/title>\n<meta name=\"description\" content=\"Carmela Gonz\u00e1lez, deputada do BNG no Parlamento galego, e a portavoz municipal, Manuela Rodr\u00edguez, reun\u00edronse con representantes das ANPAs de Gondomar para abordar a situaci\u00f3n provocada pola deixamento de funci\u00f3ns de ambas administraci\u00f3ns\" \/>\n<meta name=\"robots\" content=\"index, follow, max-snippet:-1, max-image-preview:large, max-video-preview:-1\" \/>\n<link rel=\"canonical\" href=\"https:\/\/www.anovapeneira.gal\/index.php\/2021\/04\/29\/o-bng-esixe-dos-gobernos-da-xunta-e-de-gondomar-a-garantia-inmediata-da-prestacion-servizo-de-comedor-escolar-no-vindeiro-curso\/\" \/>\n<meta property=\"og:locale\" content=\"gl_ES\" \/>\n<meta property=\"og:type\" content=\"article\" \/>\n<meta property=\"og:title\" content=\"O BNG esixe dos gobernos da Xunta e de Gondomar a garant\u00eda inmediata da prestaci\u00f3n servizo de comedor escolar no vindeiro curso -\" \/>\n<meta property=\"og:description\" content=\"Carmela Gonz\u00e1lez, deputada do BNG no Parlamento galego, e a portavoz municipal, Manuela Rodr\u00edguez, reun\u00edronse con representantes das ANPAs de Gondomar para abordar a situaci\u00f3n provocada pola deixamento de funci\u00f3ns de ambas administraci\u00f3ns\" \/>\n<meta property=\"og:url\" content=\"https:\/\/www.anovapeneira.gal\/index.php\/2021\/04\/29\/o-bng-esixe-dos-gobernos-da-xunta-e-de-gondomar-a-garantia-inmediata-da-prestacion-servizo-de-comedor-escolar-no-vindeiro-curso\/\" \/>\n<meta property=\"article:publisher\" content=\"https:\/\/www.facebook.com\/anovapeneira\" \/>\n<meta property=\"article:author\" content=\"https:\/\/www.facebook.com\/anovapeneira\/\" \/>\n<meta property=\"article:published_time\" content=\"2021-04-29T08:00:12+00:00\" \/>\n<meta property=\"og:image\" content=\"https:\/\/www.anovapeneira.gal\/wp-content\/uploads\/2021\/04\/foto-comedores-bng.jpg\" \/>\n\t<meta property=\"og:image:width\" content=\"720\" \/>\n\t<meta property=\"og:image:height\" content=\"432\" \/>\n\t<meta property=\"og:image:type\" content=\"image\/jpeg\" \/>\n<meta name=\"author\" content=\"admin\" \/>\n<meta name=\"twitter:card\" content=\"summary_large_image\" \/>\n<meta name=\"twitter:creator\" content=\"@APeneira\" \/>\n<meta name=\"twitter:site\" content=\"@APeneira\" \/>\n<meta name=\"twitter:label1\" content=\"Escrito por\" \/>\n\t<meta name=\"twitter:data1\" content=\"admin\" \/>\n\t<meta name=\"twitter:label2\" content=\"Tempo de lectura\" \/>\n\t<meta name=\"twitter:data2\" content=\"3 minutos\" \/>\n<script type=\"application\/ld+json\" class=\"yoast-schema-graph\">{\"@context\":\"https:\\\/\\\/schema.org\",\"@graph\":[{\"@type\":\"Article\",\"@id\":\"https:\\\/\\\/www.anovapeneira.gal\\\/index.php\\\/2021\\\/04\\\/29\\\/o-bng-esixe-dos-gobernos-da-xunta-e-de-gondomar-a-garantia-inmediata-da-prestacion-servizo-de-comedor-escolar-no-vindeiro-curso\\\/#article\",\"isPartOf\":{\"@id\":\"https:\\\/\\\/www.anovapeneira.gal\\\/index.php\\\/2021\\\/04\\\/29\\\/o-bng-esixe-dos-gobernos-da-xunta-e-de-gondomar-a-garantia-inmediata-da-prestacion-servizo-de-comedor-escolar-no-vindeiro-curso\\\/\"},\"author\":{\"name\":\"admin\",\"@id\":\"https:\\\/\\\/www.anovapeneira.gal\\\/#\\\/schema\\\/person\\\/fb77575328c93684dae4b0075f90c2cb\"},\"headline\":\"O BNG esixe dos gobernos da Xunta e de Gondomar a garant\u00eda inmediata da prestaci\u00f3n servizo de comedor escolar no vindeiro curso\",\"datePublished\":\"2021-04-29T08:00:12+00:00\",\"mainEntityOfPage\":{\"@id\":\"https:\\\/\\\/www.anovapeneira.gal\\\/index.php\\\/2021\\\/04\\\/29\\\/o-bng-esixe-dos-gobernos-da-xunta-e-de-gondomar-a-garantia-inmediata-da-prestacion-servizo-de-comedor-escolar-no-vindeiro-curso\\\/\"},\"wordCount\":594,\"commentCount\":0,\"publisher\":{\"@id\":\"https:\\\/\\\/www.anovapeneira.gal\\\/#organization\"},\"image\":{\"@id\":\"https:\\\/\\\/www.anovapeneira.gal\\\/index.php\\\/2021\\\/04\\\/29\\\/o-bng-esixe-dos-gobernos-da-xunta-e-de-gondomar-a-garantia-inmediata-da-prestacion-servizo-de-comedor-escolar-no-vindeiro-curso\\\/#primaryimage\"},\"thumbnailUrl\":\"https:\\\/\\\/www.anovapeneira.gal\\\/wp-content\\\/uploads\\\/2021\\\/04\\\/foto-comedores-bng.jpg\",\"keywords\":[\"Concello de Gondomar\"],\"articleSection\":[\"Val Mi\u00f1or\"],\"inLanguage\":\"gl-ES\",\"potentialAction\":[{\"@type\":\"CommentAction\",\"name\":\"Comment\",\"target\":[\"https:\\\/\\\/www.anovapeneira.gal\\\/index.php\\\/2021\\\/04\\\/29\\\/o-bng-esixe-dos-gobernos-da-xunta-e-de-gondomar-a-garantia-inmediata-da-prestacion-servizo-de-comedor-escolar-no-vindeiro-curso\\\/#respond\"]}]},{\"@type\":\"WebPage\",\"@id\":\"https:\\\/\\\/www.anovapeneira.gal\\\/index.php\\\/2021\\\/04\\\/29\\\/o-bng-esixe-dos-gobernos-da-xunta-e-de-gondomar-a-garantia-inmediata-da-prestacion-servizo-de-comedor-escolar-no-vindeiro-curso\\\/\",\"url\":\"https:\\\/\\\/www.anovapeneira.gal\\\/index.php\\\/2021\\\/04\\\/29\\\/o-bng-esixe-dos-gobernos-da-xunta-e-de-gondomar-a-garantia-inmediata-da-prestacion-servizo-de-comedor-escolar-no-vindeiro-curso\\\/\",\"name\":\"O BNG esixe dos gobernos da Xunta e de Gondomar a garant\u00eda inmediata da prestaci\u00f3n servizo de comedor escolar no vindeiro curso -\",\"isPartOf\":{\"@id\":\"https:\\\/\\\/www.anovapeneira.gal\\\/#website\"},\"primaryImageOfPage\":{\"@id\":\"https:\\\/\\\/www.anovapeneira.gal\\\/index.php\\\/2021\\\/04\\\/29\\\/o-bng-esixe-dos-gobernos-da-xunta-e-de-gondomar-a-garantia-inmediata-da-prestacion-servizo-de-comedor-escolar-no-vindeiro-curso\\\/#primaryimage\"},\"image\":{\"@id\":\"https:\\\/\\\/www.anovapeneira.gal\\\/index.php\\\/2021\\\/04\\\/29\\\/o-bng-esixe-dos-gobernos-da-xunta-e-de-gondomar-a-garantia-inmediata-da-prestacion-servizo-de-comedor-escolar-no-vindeiro-curso\\\/#primaryimage\"},\"thumbnailUrl\":\"https:\\\/\\\/www.anovapeneira.gal\\\/wp-content\\\/uploads\\\/2021\\\/04\\\/foto-comedores-bng.jpg\",\"datePublished\":\"2021-04-29T08:00:12+00:00\",\"description\":\"Carmela Gonz\u00e1lez, deputada do BNG no Parlamento galego, e a portavoz municipal, Manuela Rodr\u00edguez, reun\u00edronse con representantes das ANPAs de Gondomar para abordar a situaci\u00f3n provocada pola deixamento de funci\u00f3ns de ambas administraci\u00f3ns\",\"breadcrumb\":{\"@id\":\"https:\\\/\\\/www.anovapeneira.gal\\\/index.php\\\/2021\\\/04\\\/29\\\/o-bng-esixe-dos-gobernos-da-xunta-e-de-gondomar-a-garantia-inmediata-da-prestacion-servizo-de-comedor-escolar-no-vindeiro-curso\\\/#breadcrumb\"},\"inLanguage\":\"gl-ES\",\"potentialAction\":[{\"@type\":\"ReadAction\",\"target\":[\"https:\\\/\\\/www.anovapeneira.gal\\\/index.php\\\/2021\\\/04\\\/29\\\/o-bng-esixe-dos-gobernos-da-xunta-e-de-gondomar-a-garantia-inmediata-da-prestacion-servizo-de-comedor-escolar-no-vindeiro-curso\\\/\"]}]},{\"@type\":\"ImageObject\",\"inLanguage\":\"gl-ES\",\"@id\":\"https:\\\/\\\/www.anovapeneira.gal\\\/index.php\\\/2021\\\/04\\\/29\\\/o-bng-esixe-dos-gobernos-da-xunta-e-de-gondomar-a-garantia-inmediata-da-prestacion-servizo-de-comedor-escolar-no-vindeiro-curso\\\/#primaryimage\",\"url\":\"https:\\\/\\\/www.anovapeneira.gal\\\/wp-content\\\/uploads\\\/2021\\\/04\\\/foto-comedores-bng.jpg\",\"contentUrl\":\"https:\\\/\\\/www.anovapeneira.gal\\\/wp-content\\\/uploads\\\/2021\\\/04\\\/foto-comedores-bng.jpg\",\"width\":720,\"height\":432,\"caption\":\"O BNG esixe dos gobernos da Xunta e de Gondomar a garant\u00eda inmediata da prestaci\u00f3n servizo de comedor escolar no vindeiro curso\"},{\"@type\":\"BreadcrumbList\",\"@id\":\"https:\\\/\\\/www.anovapeneira.gal\\\/index.php\\\/2021\\\/04\\\/29\\\/o-bng-esixe-dos-gobernos-da-xunta-e-de-gondomar-a-garantia-inmediata-da-prestacion-servizo-de-comedor-escolar-no-vindeiro-curso\\\/#breadcrumb\",\"itemListElement\":[{\"@type\":\"ListItem\",\"position\":1,\"name\":\"Portada\",\"item\":\"https:\\\/\\\/www.anovapeneira.gal\\\/\"},{\"@type\":\"ListItem\",\"position\":2,\"name\":\"O BNG esixe dos gobernos da Xunta e de Gondomar a garant\u00eda inmediata da prestaci\u00f3n servizo de comedor escolar no vindeiro curso\"}]},{\"@type\":\"WebSite\",\"@id\":\"https:\\\/\\\/www.anovapeneira.gal\\\/#website\",\"url\":\"https:\\\/\\\/www.anovapeneira.gal\\\/\",\"name\":\"\",\"description\":\"Xornal galego de informaci\u00f3n xeral Publicaci\u00f3n mensual de novas de Galicia e en especial dos Concellos da sur da provincia de Pontevedra.\",\"publisher\":{\"@id\":\"https:\\\/\\\/www.anovapeneira.gal\\\/#organization\"},\"potentialAction\":[{\"@type\":\"SearchAction\",\"target\":{\"@type\":\"EntryPoint\",\"urlTemplate\":\"https:\\\/\\\/www.anovapeneira.gal\\\/?s={search_term_string}\"},\"query-input\":{\"@type\":\"PropertyValueSpecification\",\"valueRequired\":true,\"valueName\":\"search_term_string\"}}],\"inLanguage\":\"gl-ES\"},{\"@type\":\"Organization\",\"@id\":\"https:\\\/\\\/www.anovapeneira.gal\\\/#organization\",\"name\":\"A Nova Peneira\",\"url\":\"https:\\\/\\\/www.anovapeneira.gal\\\/\",\"logo\":{\"@type\":\"ImageObject\",\"inLanguage\":\"gl-ES\",\"@id\":\"https:\\\/\\\/www.anovapeneira.gal\\\/#\\\/schema\\\/logo\\\/image\\\/\",\"url\":\"http:\\\/\\\/www.anovapeneira.gal\\\/wp-content\\\/uploads\\\/2019\\\/06\\\/logo_a_nova_peneira_portal_web.png\",\"contentUrl\":\"http:\\\/\\\/www.anovapeneira.gal\\\/wp-content\\\/uploads\\\/2019\\\/06\\\/logo_a_nova_peneira_portal_web.png\",\"width\":300,\"height\":100,\"caption\":\"A Nova Peneira\"},\"image\":{\"@id\":\"https:\\\/\\\/www.anovapeneira.gal\\\/#\\\/schema\\\/logo\\\/image\\\/\"},\"sameAs\":[\"https:\\\/\\\/www.facebook.com\\\/anovapeneira\",\"https:\\\/\\\/x.com\\\/APeneira\"]},{\"@type\":\"Person\",\"@id\":\"https:\\\/\\\/www.anovapeneira.gal\\\/#\\\/schema\\\/person\\\/fb77575328c93684dae4b0075f90c2cb\",\"name\":\"admin\",\"image\":{\"@type\":\"ImageObject\",\"inLanguage\":\"gl-ES\",\"@id\":\"https:\\\/\\\/secure.gravatar.com\\\/avatar\\\/df15c36ce375448325e0bc870e91bbee95947a002eb98dcfd6c2b053e18843e9?s=96&d=mm&r=g\",\"url\":\"https:\\\/\\\/secure.gravatar.com\\\/avatar\\\/df15c36ce375448325e0bc870e91bbee95947a002eb98dcfd6c2b053e18843e9?s=96&d=mm&r=g\",\"contentUrl\":\"https:\\\/\\\/secure.gravatar.com\\\/avatar\\\/df15c36ce375448325e0bc870e91bbee95947a002eb98dcfd6c2b053e18843e9?s=96&d=mm&r=g\",\"caption\":\"admin\"},\"description\":\"Xornal galego de informaci\u00f3n xeral Publicaci\u00f3n mensual de novas de Galicia e en especial dos Concellos da sur da provincia de Pontevedra.\",\"sameAs\":[\"http:\\\/\\\/www.anovapeneira.gal\\\/\",\"https:\\\/\\\/www.facebook.com\\\/anovapeneira\\\/\"],\"url\":\"https:\\\/\\\/www.anovapeneira.gal\\\/index.php\\\/author\\\/admin\\\/\"}]}<\/script>\n<!-- \/ Yoast SEO plugin. -->","yoast_head_json":{"title":"O BNG esixe dos gobernos da Xunta e de Gondomar a garant\u00eda inmediata da prestaci\u00f3n servizo de comedor escolar no vindeiro curso -","description":"Carmela Gonz\u00e1lez, deputada do BNG no Parlamento galego, e a portavoz municipal, Manuela Rodr\u00edguez, reun\u00edronse con representantes das ANPAs de Gondomar para abordar a situaci\u00f3n provocada pola deixamento de funci\u00f3ns de ambas administraci\u00f3ns","robots":{"index":"index","follow":"follow","max-snippet":"max-snippet:-1","max-image-preview":"max-image-preview:large","max-video-preview":"max-video-preview:-1"},"canonical":"https:\/\/www.anovapeneira.gal\/index.php\/2021\/04\/29\/o-bng-esixe-dos-gobernos-da-xunta-e-de-gondomar-a-garantia-inmediata-da-prestacion-servizo-de-comedor-escolar-no-vindeiro-curso\/","og_locale":"gl_ES","og_type":"article","og_title":"O BNG esixe dos gobernos da Xunta e de Gondomar a garant\u00eda inmediata da prestaci\u00f3n servizo de comedor escolar no vindeiro curso -","og_description":"Carmela Gonz\u00e1lez, deputada do BNG no Parlamento galego, e a portavoz municipal, Manuela Rodr\u00edguez, reun\u00edronse con representantes das ANPAs de Gondomar para abordar a situaci\u00f3n provocada pola deixamento de funci\u00f3ns de ambas administraci\u00f3ns","og_url":"https:\/\/www.anovapeneira.gal\/index.php\/2021\/04\/29\/o-bng-esixe-dos-gobernos-da-xunta-e-de-gondomar-a-garantia-inmediata-da-prestacion-servizo-de-comedor-escolar-no-vindeiro-curso\/","article_publisher":"https:\/\/www.facebook.com\/anovapeneira","article_author":"https:\/\/www.facebook.com\/anovapeneira\/","article_published_time":"2021-04-29T08:00:12+00:00","og_image":[{"width":720,"height":432,"url":"https:\/\/www.anovapeneira.gal\/wp-content\/uploads\/2021\/04\/foto-comedores-bng.jpg","type":"image\/jpeg"}],"author":"admin","twitter_card":"summary_large_image","twitter_creator":"@APeneira","twitter_site":"@APeneira","twitter_misc":{"Escrito por":"admin","Tempo de lectura":"3 minutos"},"schema":{"@context":"https:\/\/schema.org","@graph":[{"@type":"Article","@id":"https:\/\/www.anovapeneira.gal\/index.php\/2021\/04\/29\/o-bng-esixe-dos-gobernos-da-xunta-e-de-gondomar-a-garantia-inmediata-da-prestacion-servizo-de-comedor-escolar-no-vindeiro-curso\/#article","isPartOf":{"@id":"https:\/\/www.anovapeneira.gal\/index.php\/2021\/04\/29\/o-bng-esixe-dos-gobernos-da-xunta-e-de-gondomar-a-garantia-inmediata-da-prestacion-servizo-de-comedor-escolar-no-vindeiro-curso\/"},"author":{"name":"admin","@id":"https:\/\/www.anovapeneira.gal\/#\/schema\/person\/fb77575328c93684dae4b0075f90c2cb"},"headline":"O BNG esixe dos gobernos da Xunta e de Gondomar a garant\u00eda inmediata da prestaci\u00f3n servizo de comedor escolar no vindeiro curso","datePublished":"2021-04-29T08:00:12+00:00","mainEntityOfPage":{"@id":"https:\/\/www.anovapeneira.gal\/index.php\/2021\/04\/29\/o-bng-esixe-dos-gobernos-da-xunta-e-de-gondomar-a-garantia-inmediata-da-prestacion-servizo-de-comedor-escolar-no-vindeiro-curso\/"},"wordCount":594,"commentCount":0,"publisher":{"@id":"https:\/\/www.anovapeneira.gal\/#organization"},"image":{"@id":"https:\/\/www.anovapeneira.gal\/index.php\/2021\/04\/29\/o-bng-esixe-dos-gobernos-da-xunta-e-de-gondomar-a-garantia-inmediata-da-prestacion-servizo-de-comedor-escolar-no-vindeiro-curso\/#primaryimage"},"thumbnailUrl":"https:\/\/www.anovapeneira.gal\/wp-content\/uploads\/2021\/04\/foto-comedores-bng.jpg","keywords":["Concello de Gondomar"],"articleSection":["Val Mi\u00f1or"],"inLanguage":"gl-ES","potentialAction":[{"@type":"CommentAction","name":"Comment","target":["https:\/\/www.anovapeneira.gal\/index.php\/2021\/04\/29\/o-bng-esixe-dos-gobernos-da-xunta-e-de-gondomar-a-garantia-inmediata-da-prestacion-servizo-de-comedor-escolar-no-vindeiro-curso\/#respond"]}]},{"@type":"WebPage","@id":"https:\/\/www.anovapeneira.gal\/index.php\/2021\/04\/29\/o-bng-esixe-dos-gobernos-da-xunta-e-de-gondomar-a-garantia-inmediata-da-prestacion-servizo-de-comedor-escolar-no-vindeiro-curso\/","url":"https:\/\/www.anovapeneira.gal\/index.php\/2021\/04\/29\/o-bng-esixe-dos-gobernos-da-xunta-e-de-gondomar-a-garantia-inmediata-da-prestacion-servizo-de-comedor-escolar-no-vindeiro-curso\/","name":"O BNG esixe dos gobernos da Xunta e de Gondomar a garant\u00eda inmediata da prestaci\u00f3n servizo de comedor escolar no vindeiro curso -","isPartOf":{"@id":"https:\/\/www.anovapeneira.gal\/#website"},"primaryImageOfPage":{"@id":"https:\/\/www.anovapeneira.gal\/index.php\/2021\/04\/29\/o-bng-esixe-dos-gobernos-da-xunta-e-de-gondomar-a-garantia-inmediata-da-prestacion-servizo-de-comedor-escolar-no-vindeiro-curso\/#primaryimage"},"image":{"@id":"https:\/\/www.anovapeneira.gal\/index.php\/2021\/04\/29\/o-bng-esixe-dos-gobernos-da-xunta-e-de-gondomar-a-garantia-inmediata-da-prestacion-servizo-de-comedor-escolar-no-vindeiro-curso\/#primaryimage"},"thumbnailUrl":"https:\/\/www.anovapeneira.gal\/wp-content\/uploads\/2021\/04\/foto-comedores-bng.jpg","datePublished":"2021-04-29T08:00:12+00:00","description":"Carmela Gonz\u00e1lez, deputada do BNG no Parlamento galego, e a portavoz municipal, Manuela Rodr\u00edguez, reun\u00edronse con representantes das ANPAs de Gondomar para abordar a situaci\u00f3n provocada pola deixamento de funci\u00f3ns de ambas administraci\u00f3ns","breadcrumb":{"@id":"https:\/\/www.anovapeneira.gal\/index.php\/2021\/04\/29\/o-bng-esixe-dos-gobernos-da-xunta-e-de-gondomar-a-garantia-inmediata-da-prestacion-servizo-de-comedor-escolar-no-vindeiro-curso\/#breadcrumb"},"inLanguage":"gl-ES","potentialAction":[{"@type":"ReadAction","target":["https:\/\/www.anovapeneira.gal\/index.php\/2021\/04\/29\/o-bng-esixe-dos-gobernos-da-xunta-e-de-gondomar-a-garantia-inmediata-da-prestacion-servizo-de-comedor-escolar-no-vindeiro-curso\/"]}]},{"@type":"ImageObject","inLanguage":"gl-ES","@id":"https:\/\/www.anovapeneira.gal\/index.php\/2021\/04\/29\/o-bng-esixe-dos-gobernos-da-xunta-e-de-gondomar-a-garantia-inmediata-da-prestacion-servizo-de-comedor-escolar-no-vindeiro-curso\/#primaryimage","url":"https:\/\/www.anovapeneira.gal\/wp-content\/uploads\/2021\/04\/foto-comedores-bng.jpg","contentUrl":"https:\/\/www.anovapeneira.gal\/wp-content\/uploads\/2021\/04\/foto-comedores-bng.jpg","width":720,"height":432,"caption":"O BNG esixe dos gobernos da Xunta e de Gondomar a garant\u00eda inmediata da prestaci\u00f3n servizo de comedor escolar no vindeiro curso"},{"@type":"BreadcrumbList","@id":"https:\/\/www.anovapeneira.gal\/index.php\/2021\/04\/29\/o-bng-esixe-dos-gobernos-da-xunta-e-de-gondomar-a-garantia-inmediata-da-prestacion-servizo-de-comedor-escolar-no-vindeiro-curso\/#breadcrumb","itemListElement":[{"@type":"ListItem","position":1,"name":"Portada","item":"https:\/\/www.anovapeneira.gal\/"},{"@type":"ListItem","position":2,"name":"O BNG esixe dos gobernos da Xunta e de Gondomar a garant\u00eda inmediata da prestaci\u00f3n servizo de comedor escolar no vindeiro curso"}]},{"@type":"WebSite","@id":"https:\/\/www.anovapeneira.gal\/#website","url":"https:\/\/www.anovapeneira.gal\/","name":"","description":"Xornal galego de informaci\u00f3n xeral Publicaci\u00f3n mensual de novas de Galicia e en especial dos Concellos da sur da provincia de Pontevedra.","publisher":{"@id":"https:\/\/www.anovapeneira.gal\/#organization"},"potentialAction":[{"@type":"SearchAction","target":{"@type":"EntryPoint","urlTemplate":"https:\/\/www.anovapeneira.gal\/?s={search_term_string}"},"query-input":{"@type":"PropertyValueSpecification","valueRequired":true,"valueName":"search_term_string"}}],"inLanguage":"gl-ES"},{"@type":"Organization","@id":"https:\/\/www.anovapeneira.gal\/#organization","name":"A Nova Peneira","url":"https:\/\/www.anovapeneira.gal\/","logo":{"@type":"ImageObject","inLanguage":"gl-ES","@id":"https:\/\/www.anovapeneira.gal\/#\/schema\/logo\/image\/","url":"http:\/\/www.anovapeneira.gal\/wp-content\/uploads\/2019\/06\/logo_a_nova_peneira_portal_web.png","contentUrl":"http:\/\/www.anovapeneira.gal\/wp-content\/uploads\/2019\/06\/logo_a_nova_peneira_portal_web.png","width":300,"height":100,"caption":"A Nova Peneira"},"image":{"@id":"https:\/\/www.anovapeneira.gal\/#\/schema\/logo\/image\/"},"sameAs":["https:\/\/www.facebook.com\/anovapeneira","https:\/\/x.com\/APeneira"]},{"@type":"Person","@id":"https:\/\/www.anovapeneira.gal\/#\/schema\/person\/fb77575328c93684dae4b0075f90c2cb","name":"admin","image":{"@type":"ImageObject","inLanguage":"gl-ES","@id":"https:\/\/secure.gravatar.com\/avatar\/df15c36ce375448325e0bc870e91bbee95947a002eb98dcfd6c2b053e18843e9?s=96&d=mm&r=g","url":"https:\/\/secure.gravatar.com\/avatar\/df15c36ce375448325e0bc870e91bbee95947a002eb98dcfd6c2b053e18843e9?s=96&d=mm&r=g","contentUrl":"https:\/\/secure.gravatar.com\/avatar\/df15c36ce375448325e0bc870e91bbee95947a002eb98dcfd6c2b053e18843e9?s=96&d=mm&r=g","caption":"admin"},"description":"Xornal galego de informaci\u00f3n xeral Publicaci\u00f3n mensual de novas de Galicia e en especial dos Concellos da sur da provincia de Pontevedra.","sameAs":["http:\/\/www.anovapeneira.gal\/","https:\/\/www.facebook.com\/anovapeneira\/"],"url":"https:\/\/www.anovapeneira.gal\/index.php\/author\/admin\/"}]}},"jetpack_featured_media_url":"https:\/\/www.anovapeneira.gal\/wp-content\/uploads\/2021\/04\/foto-comedores-bng.jpg","_links":{"self":[{"href":"https:\/\/www.anovapeneira.gal\/index.php\/wp-json\/wp\/v2\/posts\/5288","targetHints":{"allow":["GET"]}}],"collection":[{"href":"https:\/\/www.anovapeneira.gal\/index.php\/wp-json\/wp\/v2\/posts"}],"about":[{"href":"https:\/\/www.anovapeneira.gal\/index.php\/wp-json\/wp\/v2\/types\/post"}],"author":[{"embeddable":true,"href":"https:\/\/www.anovapeneira.gal\/index.php\/wp-json\/wp\/v2\/users\/1"}],"replies":[{"embeddable":true,"href":"https:\/\/www.anovapeneira.gal\/index.php\/wp-json\/wp\/v2\/comments?post=5288"}],"version-history":[{"count":2,"href":"https:\/\/www.anovapeneira.gal\/index.php\/wp-json\/wp\/v2\/posts\/5288\/revisions"}],"predecessor-version":[{"id":5291,"href":"https:\/\/www.anovapeneira.gal\/index.php\/wp-json\/wp\/v2\/posts\/5288\/revisions\/5291"}],"wp:featuredmedia":[{"embeddable":true,"href":"https:\/\/www.anovapeneira.gal\/index.php\/wp-json\/wp\/v2\/media\/5290"}],"wp:attachment":[{"href":"https:\/\/www.anovapeneira.gal\/index.php\/wp-json\/wp\/v2\/media?parent=5288"}],"wp:term":[{"taxonomy":"category","embeddable":true,"href":"https:\/\/www.anovapeneira.gal\/index.php\/wp-json\/wp\/v2\/categories?post=5288"},{"taxonomy":"post_tag","embeddable":true,"href":"https:\/\/www.anovapeneira.gal\/index.php\/wp-json\/wp\/v2\/tags?post=5288"}],"curies":[{"name":"wp","href":"https:\/\/api.w.org\/{rel}","templated":true}]}}