{"id":5292,"date":"2021-04-29T12:00:56","date_gmt":"2021-04-29T10:00:56","guid":{"rendered":"http:\/\/www.anovapeneira.gal\/?p=5292"},"modified":"2021-04-28T14:15:56","modified_gmt":"2021-04-28T12:15:56","slug":"quen-se-consola-no-dia-das-nosas-letras","status":"publish","type":"post","link":"https:\/\/www.anovapeneira.gal\/index.php\/2021\/04\/29\/quen-se-consola-no-dia-das-nosas-letras\/","title":{"rendered":"QUEN SE CONSOLA NO D\u00cdA DAS NOSAS LETRAS?"},"content":{"rendered":"\n<figure class=\"wp-block-image size-large is-resized\"><img loading=\"lazy\" decoding=\"async\" src=\"http:\/\/www.anovapeneira.gal\/wp-content\/uploads\/2019\/07\/Baldomero_Iglesias_Dobarrio_Mero.jpg\" alt=\"Baldomero Iglesias Dobarrio Mero artigos de opini\u00f3n A Nova Peneira\" class=\"wp-image-482\" width=\"95\" height=\"111\"\/><figcaption>Baldomero Iglesias Dobarrio, Mero<\/figcaption><\/figure>\n\n\n\n<p>Hai, desde xa moito tempo, unha indixencia de saberes na pol\u00edtica que se presenta asombrosa. Parece ser que aquela xente que nos representa, envolta en mil discursos, despois goberna en contra de n\u00f3s e tal como lle peta. Non sei se \u00e9 a s\u00faa apetencia de favores, ben remunerados, quizais un modo de comportamento suicida que nos agon\u00eda, ou ansias de domear desde o poleiro con certa prepotencia globalizadora. Os que exercen a pol\u00edtica, ben se ve, non nos representan, sequera como queremos, sequera como deberan. Non sei cal \u00e9 o estra\u00f1o filtro que os purifica, que se volven esquecedizos dos compromisos que un d\u00eda fixeran. Non te\u00f1en nunca raz\u00f3ns de peso para garantir o entendemento, para convencernos, sequera para expresar as dificultades que poidan ter, os problemas cos que se atopan. O peor xorde cando queren xustificar os desatinos con enquisas -metodolox\u00eda moi recorrida- cheas de n\u00fameros e porcentaxes, an\u00e1lises sisudos de cifras informes, sempre desproporcionadas pola racionalidade dos argumentos que n\u00f3s temos e que son moito m\u00e1is sinxelos. Enormes variables entran en xogo, e non as ven! Tan na altura est\u00e1n que non as ven, nin tampouco a n\u00f3s nos ven. Anque eles evitan as\u00ed, nesa mudez e cegueira, a responsabilidade nos danos causados. Estamos xa no perfil mesmo do precipicio. E v\u00e9n a\u00ed o mes de maio -que por maio era por maio- cando as festas de consolaci\u00f3n para o Noso Idioma. E a\u00ed estamos, no exemplo &nbsp;da Lingua, que se nos vai perdida. Ningu\u00e9n petou na mesa fortemente, ou botou un xuramento escandalizado no medio do deserto! Ningu\u00e9n lembra xa que se somos algo \u00e9 por esa &#8220;vulgaridade&#8221; da Nosa Lingua, \u00e1 que desprezan evitando po\u00f1erlle remedio a esta perda de falantes, non xa na cidade ou nas vilas sen\u00f3n nas aldeas. Si, esa nosa Lingua que tanto ignoran e que tantos falan como cuspindo, que adob\u00edan con tempos compostos e&nbsp; outras fon\u00e9ticas obviedades. Estamos, como digo, no baleiro do interese e do co\u00f1ecemento, nesa teimosa ignorancia que nos rouba a n\u00f3s mesmos, que nos inmola na pira na que ardemos. \u00c9 xa unha causa \u00e1 que chegamos, entretidos en anagramas e quincallas varias. Estamos nesa ausencia de cumprimento e de rigor, de ciencia e entendemento plasmado en algoritmos e ausente de afectos. Haber\u00eda que enfadarse co comportamento pasivo de tanta xente, de tanta instituci\u00f3n, de tantos involucrados. E isto fainos perigar nesta penuria \u00e1 que chegamos. Pretendemos ser donos de n\u00f3s, e estamos sen bens. Desposu\u00eddos do tem\u00f3n que nos conduza e leve. E cando falo da xente da pol\u00edtica, ref\u00edrome \u00e1 totalidade, uns e outros non saben a que xogan, non saben o que \u00e9 o ben com\u00fan, o tesouro a protexer. E ent\u00f3n, a\u00ednda que quixeran -que non queren-, son incapaces de facer funcionar as mec\u00e1nicas institucionais e calmar as nosas amargas conciencias, non escarmentan no voto! Non proxectan a ollada moito m\u00e1is lonxe, a aquel horizonte de propiedade, aquel que nos seduce co que temos, que \u00e9 moito e non sabemos estimar. Son, polo tanto, incoherentes e foxen con moita habilidade \u00e1 virtual condici\u00f3n das redes e supostos espellismos de frases lapidarias e convencementos ficticios. Non saben repartir para todos, ese beneficio da Lingua, na equidade digna e educada de quen serve a sublime condici\u00f3n dun ben social e com\u00fan. Seguimos a ter unha d\u00e9beda hist\u00f3rica que a\u00ednda non pagaron os da cima do poleiro. M\u00e1goa de tanto tempo perdido, m\u00e1goa do beneficio estragado, en tempo, en crianzas, en Cultura da de verdade, en satisfacci\u00f3ns que nos enchan de esperanzas. Coido tampouco saben pedir desculpas por ocupar un sitio e non saber acadar alg\u00fan logro neste terreo. Quizais tampouco te\u00f1an a responsabilidade precisa, que lle chaman directa, ou si? N\u00f3s temos a nosa e agardaremos sempre a focalizar a aqueles tantos que nada avanzaron e a localizar a algu\u00e9n con capacidades de inclusi\u00f3n e namoro, que sexa torpe nas desculpas e efectivo nos acordos. Eu n\u00e9gome a someterme aos que sempre ga\u00f1an.<\/p>\n\n\n\n<p>En verdade, precisamos dun sistema afectivo, romper alianzas t\u00f3xicas e ga\u00f1ar xenerosidade. Serei de novo ese parvo idealista!&nbsp;<\/p>\n","protected":false},"excerpt":{"rendered":"<div class=\"mh-excerpt\"><p>Hai, desde xa moito tempo, unha indixencia de saberes na pol\u00edtica que se presenta asombrosa. Parece ser que aquela xente que nos representa, envolta en mil discursos, despois goberna en contra de n\u00f3s e tal como lle peta. Non sei se \u00e9 a s\u00faa apetencia de favores, ben remunerados, quizais un modo de comportamento suicida que nos agon\u00eda, ou ansias de domear desde o poleiro con certa prepotencia globalizadora <a class=\"mh-excerpt-more\" href=\"https:\/\/www.anovapeneira.gal\/index.php\/2021\/04\/29\/quen-se-consola-no-dia-das-nosas-letras\/\" title=\"QUEN SE CONSOLA NO D\u00cdA DAS NOSAS LETRAS?\">[&#8230;]<\/a><\/p>\n<\/div>","protected":false},"author":5,"featured_media":584,"comment_status":"open","ping_status":"open","sticky":false,"template":"","format":"standard","meta":{"_exactmetrics_skip_tracking":false,"_exactmetrics_sitenote_active":false,"_exactmetrics_sitenote_note":"","_exactmetrics_sitenote_category":0,"footnotes":""},"categories":[7],"tags":[],"class_list":{"0":"post-5292","1":"post","2":"type-post","3":"status-publish","4":"format-standard","5":"has-post-thumbnail","7":"category-artigos-de-opinion"},"yoast_head":"<!-- This site is optimized with the Yoast SEO plugin v27.5 - https:\/\/yoast.com\/product\/yoast-seo-wordpress\/ -->\n<title>QUEN SE CONSOLA NO D\u00cdA DAS NOSAS LETRAS? -<\/title>\n<meta name=\"description\" content=\"Hai, desde xa moito tempo, unha indixencia de saberes na pol\u00edtica que se presenta asombrosa. Parece ser que aquela xente que nos representa, envolta en mil discursos, despois goberna en contra de n\u00f3s e tal como lle peta. Non sei se \u00e9 a s\u00faa apetencia de favores, ben remunerados, quizais un modo de comportamento suicida que nos agon\u00eda, ou ansias de domear desde o poleiro con certa prepotencia globalizadora\" \/>\n<meta name=\"robots\" content=\"index, follow, max-snippet:-1, max-image-preview:large, max-video-preview:-1\" \/>\n<link rel=\"canonical\" href=\"https:\/\/www.anovapeneira.gal\/index.php\/2021\/04\/29\/quen-se-consola-no-dia-das-nosas-letras\/\" \/>\n<meta property=\"og:locale\" content=\"gl_ES\" \/>\n<meta property=\"og:type\" content=\"article\" \/>\n<meta property=\"og:title\" content=\"QUEN SE CONSOLA NO D\u00cdA DAS NOSAS LETRAS? -\" \/>\n<meta property=\"og:description\" content=\"Hai, desde xa moito tempo, unha indixencia de saberes na pol\u00edtica que se presenta asombrosa. Parece ser que aquela xente que nos representa, envolta en mil discursos, despois goberna en contra de n\u00f3s e tal como lle peta. Non sei se \u00e9 a s\u00faa apetencia de favores, ben remunerados, quizais un modo de comportamento suicida que nos agon\u00eda, ou ansias de domear desde o poleiro con certa prepotencia globalizadora\" \/>\n<meta property=\"og:url\" content=\"https:\/\/www.anovapeneira.gal\/index.php\/2021\/04\/29\/quen-se-consola-no-dia-das-nosas-letras\/\" \/>\n<meta property=\"article:publisher\" content=\"https:\/\/www.facebook.com\/anovapeneira\" \/>\n<meta property=\"article:published_time\" content=\"2021-04-29T10:00:56+00:00\" \/>\n<meta property=\"og:image\" content=\"https:\/\/www.anovapeneira.gal\/wp-content\/uploads\/2019\/07\/ARTIGO_DE_OPINION_A_NOVA_PENEIRA.jpg\" \/>\n\t<meta property=\"og:image:width\" content=\"720\" \/>\n\t<meta property=\"og:image:height\" content=\"473\" \/>\n\t<meta property=\"og:image:type\" content=\"image\/jpeg\" \/>\n<meta name=\"author\" content=\"Baldomero Iglesias Dobarrio, Mero\" \/>\n<meta name=\"twitter:card\" content=\"summary_large_image\" \/>\n<meta name=\"twitter:image\" content=\"https:\/\/www.anovapeneira.gal\/wp-content\/uploads\/2019\/07\/ARTIGO_DE_OPINION_A_NOVA_PENEIRA.jpg\" \/>\n<meta name=\"twitter:creator\" content=\"@APeneira\" \/>\n<meta name=\"twitter:site\" content=\"@APeneira\" \/>\n<meta name=\"twitter:label1\" content=\"Escrito por\" \/>\n\t<meta name=\"twitter:data1\" content=\"Baldomero Iglesias Dobarrio, Mero\" \/>\n\t<meta name=\"twitter:label2\" content=\"Tempo de lectura\" \/>\n\t<meta name=\"twitter:data2\" content=\"3 minutos\" \/>\n<script type=\"application\/ld+json\" class=\"yoast-schema-graph\">{\"@context\":\"https:\\\/\\\/schema.org\",\"@graph\":[{\"@type\":\"Article\",\"@id\":\"https:\\\/\\\/www.anovapeneira.gal\\\/index.php\\\/2021\\\/04\\\/29\\\/quen-se-consola-no-dia-das-nosas-letras\\\/#article\",\"isPartOf\":{\"@id\":\"https:\\\/\\\/www.anovapeneira.gal\\\/index.php\\\/2021\\\/04\\\/29\\\/quen-se-consola-no-dia-das-nosas-letras\\\/\"},\"author\":{\"name\":\"Baldomero Iglesias Dobarrio, Mero\",\"@id\":\"https:\\\/\\\/www.anovapeneira.gal\\\/#\\\/schema\\\/person\\\/b051ed40cfc100e281476674783b32fc\"},\"headline\":\"QUEN SE CONSOLA NO D\u00cdA DAS NOSAS LETRAS?\",\"datePublished\":\"2021-04-29T10:00:56+00:00\",\"mainEntityOfPage\":{\"@id\":\"https:\\\/\\\/www.anovapeneira.gal\\\/index.php\\\/2021\\\/04\\\/29\\\/quen-se-consola-no-dia-das-nosas-letras\\\/\"},\"wordCount\":735,\"commentCount\":0,\"publisher\":{\"@id\":\"https:\\\/\\\/www.anovapeneira.gal\\\/#organization\"},\"image\":{\"@id\":\"https:\\\/\\\/www.anovapeneira.gal\\\/index.php\\\/2021\\\/04\\\/29\\\/quen-se-consola-no-dia-das-nosas-letras\\\/#primaryimage\"},\"thumbnailUrl\":\"https:\\\/\\\/www.anovapeneira.gal\\\/wp-content\\\/uploads\\\/2019\\\/07\\\/ARTIGO_DE_OPINION_A_NOVA_PENEIRA.jpg\",\"articleSection\":[\"Artigos de opini\u00f3n\"],\"inLanguage\":\"gl-ES\",\"potentialAction\":[{\"@type\":\"CommentAction\",\"name\":\"Comment\",\"target\":[\"https:\\\/\\\/www.anovapeneira.gal\\\/index.php\\\/2021\\\/04\\\/29\\\/quen-se-consola-no-dia-das-nosas-letras\\\/#respond\"]}]},{\"@type\":\"WebPage\",\"@id\":\"https:\\\/\\\/www.anovapeneira.gal\\\/index.php\\\/2021\\\/04\\\/29\\\/quen-se-consola-no-dia-das-nosas-letras\\\/\",\"url\":\"https:\\\/\\\/www.anovapeneira.gal\\\/index.php\\\/2021\\\/04\\\/29\\\/quen-se-consola-no-dia-das-nosas-letras\\\/\",\"name\":\"QUEN SE CONSOLA NO D\u00cdA DAS NOSAS LETRAS? -\",\"isPartOf\":{\"@id\":\"https:\\\/\\\/www.anovapeneira.gal\\\/#website\"},\"primaryImageOfPage\":{\"@id\":\"https:\\\/\\\/www.anovapeneira.gal\\\/index.php\\\/2021\\\/04\\\/29\\\/quen-se-consola-no-dia-das-nosas-letras\\\/#primaryimage\"},\"image\":{\"@id\":\"https:\\\/\\\/www.anovapeneira.gal\\\/index.php\\\/2021\\\/04\\\/29\\\/quen-se-consola-no-dia-das-nosas-letras\\\/#primaryimage\"},\"thumbnailUrl\":\"https:\\\/\\\/www.anovapeneira.gal\\\/wp-content\\\/uploads\\\/2019\\\/07\\\/ARTIGO_DE_OPINION_A_NOVA_PENEIRA.jpg\",\"datePublished\":\"2021-04-29T10:00:56+00:00\",\"description\":\"Hai, desde xa moito tempo, unha indixencia de saberes na pol\u00edtica que se presenta asombrosa. Parece ser que aquela xente que nos representa, envolta en mil discursos, despois goberna en contra de n\u00f3s e tal como lle peta. Non sei se \u00e9 a s\u00faa apetencia de favores, ben remunerados, quizais un modo de comportamento suicida que nos agon\u00eda, ou ansias de domear desde o poleiro con certa prepotencia globalizadora\",\"breadcrumb\":{\"@id\":\"https:\\\/\\\/www.anovapeneira.gal\\\/index.php\\\/2021\\\/04\\\/29\\\/quen-se-consola-no-dia-das-nosas-letras\\\/#breadcrumb\"},\"inLanguage\":\"gl-ES\",\"potentialAction\":[{\"@type\":\"ReadAction\",\"target\":[\"https:\\\/\\\/www.anovapeneira.gal\\\/index.php\\\/2021\\\/04\\\/29\\\/quen-se-consola-no-dia-das-nosas-letras\\\/\"]}]},{\"@type\":\"ImageObject\",\"inLanguage\":\"gl-ES\",\"@id\":\"https:\\\/\\\/www.anovapeneira.gal\\\/index.php\\\/2021\\\/04\\\/29\\\/quen-se-consola-no-dia-das-nosas-letras\\\/#primaryimage\",\"url\":\"https:\\\/\\\/www.anovapeneira.gal\\\/wp-content\\\/uploads\\\/2019\\\/07\\\/ARTIGO_DE_OPINION_A_NOVA_PENEIRA.jpg\",\"contentUrl\":\"https:\\\/\\\/www.anovapeneira.gal\\\/wp-content\\\/uploads\\\/2019\\\/07\\\/ARTIGO_DE_OPINION_A_NOVA_PENEIRA.jpg\",\"width\":720,\"height\":473,\"caption\":\"Artigo de opini\u00f3n A Nova Peneira\"},{\"@type\":\"BreadcrumbList\",\"@id\":\"https:\\\/\\\/www.anovapeneira.gal\\\/index.php\\\/2021\\\/04\\\/29\\\/quen-se-consola-no-dia-das-nosas-letras\\\/#breadcrumb\",\"itemListElement\":[{\"@type\":\"ListItem\",\"position\":1,\"name\":\"Portada\",\"item\":\"https:\\\/\\\/www.anovapeneira.gal\\\/\"},{\"@type\":\"ListItem\",\"position\":2,\"name\":\"QUEN SE CONSOLA NO D\u00cdA DAS NOSAS LETRAS?\"}]},{\"@type\":\"WebSite\",\"@id\":\"https:\\\/\\\/www.anovapeneira.gal\\\/#website\",\"url\":\"https:\\\/\\\/www.anovapeneira.gal\\\/\",\"name\":\"\",\"description\":\"Xornal galego de informaci\u00f3n xeral Publicaci\u00f3n mensual de novas de Galicia e en especial dos Concellos da sur da provincia de Pontevedra.\",\"publisher\":{\"@id\":\"https:\\\/\\\/www.anovapeneira.gal\\\/#organization\"},\"potentialAction\":[{\"@type\":\"SearchAction\",\"target\":{\"@type\":\"EntryPoint\",\"urlTemplate\":\"https:\\\/\\\/www.anovapeneira.gal\\\/?s={search_term_string}\"},\"query-input\":{\"@type\":\"PropertyValueSpecification\",\"valueRequired\":true,\"valueName\":\"search_term_string\"}}],\"inLanguage\":\"gl-ES\"},{\"@type\":\"Organization\",\"@id\":\"https:\\\/\\\/www.anovapeneira.gal\\\/#organization\",\"name\":\"A Nova Peneira\",\"url\":\"https:\\\/\\\/www.anovapeneira.gal\\\/\",\"logo\":{\"@type\":\"ImageObject\",\"inLanguage\":\"gl-ES\",\"@id\":\"https:\\\/\\\/www.anovapeneira.gal\\\/#\\\/schema\\\/logo\\\/image\\\/\",\"url\":\"http:\\\/\\\/www.anovapeneira.gal\\\/wp-content\\\/uploads\\\/2019\\\/06\\\/logo_a_nova_peneira_portal_web.png\",\"contentUrl\":\"http:\\\/\\\/www.anovapeneira.gal\\\/wp-content\\\/uploads\\\/2019\\\/06\\\/logo_a_nova_peneira_portal_web.png\",\"width\":300,\"height\":100,\"caption\":\"A Nova Peneira\"},\"image\":{\"@id\":\"https:\\\/\\\/www.anovapeneira.gal\\\/#\\\/schema\\\/logo\\\/image\\\/\"},\"sameAs\":[\"https:\\\/\\\/www.facebook.com\\\/anovapeneira\",\"https:\\\/\\\/x.com\\\/APeneira\"]},{\"@type\":\"Person\",\"@id\":\"https:\\\/\\\/www.anovapeneira.gal\\\/#\\\/schema\\\/person\\\/b051ed40cfc100e281476674783b32fc\",\"name\":\"Baldomero Iglesias Dobarrio, Mero\",\"image\":{\"@type\":\"ImageObject\",\"inLanguage\":\"gl-ES\",\"@id\":\"https:\\\/\\\/secure.gravatar.com\\\/avatar\\\/ca78fc089f8cf28197f88de2c9ac213e2f7d2097d8e359d9359b8778b539c59d?s=96&d=mm&r=g\",\"url\":\"https:\\\/\\\/secure.gravatar.com\\\/avatar\\\/ca78fc089f8cf28197f88de2c9ac213e2f7d2097d8e359d9359b8778b539c59d?s=96&d=mm&r=g\",\"contentUrl\":\"https:\\\/\\\/secure.gravatar.com\\\/avatar\\\/ca78fc089f8cf28197f88de2c9ac213e2f7d2097d8e359d9359b8778b539c59d?s=96&d=mm&r=g\",\"caption\":\"Baldomero Iglesias Dobarrio, Mero\"},\"sameAs\":[\"http:\\\/\\\/anovapeneira.gal\"],\"url\":\"https:\\\/\\\/www.anovapeneira.gal\\\/index.php\\\/author\\\/opinionmero\\\/\"}]}<\/script>\n<!-- \/ Yoast SEO plugin. -->","yoast_head_json":{"title":"QUEN SE CONSOLA NO D\u00cdA DAS NOSAS LETRAS? -","description":"Hai, desde xa moito tempo, unha indixencia de saberes na pol\u00edtica que se presenta asombrosa. Parece ser que aquela xente que nos representa, envolta en mil discursos, despois goberna en contra de n\u00f3s e tal como lle peta. Non sei se \u00e9 a s\u00faa apetencia de favores, ben remunerados, quizais un modo de comportamento suicida que nos agon\u00eda, ou ansias de domear desde o poleiro con certa prepotencia globalizadora","robots":{"index":"index","follow":"follow","max-snippet":"max-snippet:-1","max-image-preview":"max-image-preview:large","max-video-preview":"max-video-preview:-1"},"canonical":"https:\/\/www.anovapeneira.gal\/index.php\/2021\/04\/29\/quen-se-consola-no-dia-das-nosas-letras\/","og_locale":"gl_ES","og_type":"article","og_title":"QUEN SE CONSOLA NO D\u00cdA DAS NOSAS LETRAS? -","og_description":"Hai, desde xa moito tempo, unha indixencia de saberes na pol\u00edtica que se presenta asombrosa. Parece ser que aquela xente que nos representa, envolta en mil discursos, despois goberna en contra de n\u00f3s e tal como lle peta. Non sei se \u00e9 a s\u00faa apetencia de favores, ben remunerados, quizais un modo de comportamento suicida que nos agon\u00eda, ou ansias de domear desde o poleiro con certa prepotencia globalizadora","og_url":"https:\/\/www.anovapeneira.gal\/index.php\/2021\/04\/29\/quen-se-consola-no-dia-das-nosas-letras\/","article_publisher":"https:\/\/www.facebook.com\/anovapeneira","article_published_time":"2021-04-29T10:00:56+00:00","og_image":[{"width":720,"height":473,"url":"https:\/\/www.anovapeneira.gal\/wp-content\/uploads\/2019\/07\/ARTIGO_DE_OPINION_A_NOVA_PENEIRA.jpg","type":"image\/jpeg"}],"author":"Baldomero Iglesias Dobarrio, Mero","twitter_card":"summary_large_image","twitter_image":"https:\/\/www.anovapeneira.gal\/wp-content\/uploads\/2019\/07\/ARTIGO_DE_OPINION_A_NOVA_PENEIRA.jpg","twitter_creator":"@APeneira","twitter_site":"@APeneira","twitter_misc":{"Escrito por":"Baldomero Iglesias Dobarrio, Mero","Tempo de lectura":"3 minutos"},"schema":{"@context":"https:\/\/schema.org","@graph":[{"@type":"Article","@id":"https:\/\/www.anovapeneira.gal\/index.php\/2021\/04\/29\/quen-se-consola-no-dia-das-nosas-letras\/#article","isPartOf":{"@id":"https:\/\/www.anovapeneira.gal\/index.php\/2021\/04\/29\/quen-se-consola-no-dia-das-nosas-letras\/"},"author":{"name":"Baldomero Iglesias Dobarrio, Mero","@id":"https:\/\/www.anovapeneira.gal\/#\/schema\/person\/b051ed40cfc100e281476674783b32fc"},"headline":"QUEN SE CONSOLA NO D\u00cdA DAS NOSAS LETRAS?","datePublished":"2021-04-29T10:00:56+00:00","mainEntityOfPage":{"@id":"https:\/\/www.anovapeneira.gal\/index.php\/2021\/04\/29\/quen-se-consola-no-dia-das-nosas-letras\/"},"wordCount":735,"commentCount":0,"publisher":{"@id":"https:\/\/www.anovapeneira.gal\/#organization"},"image":{"@id":"https:\/\/www.anovapeneira.gal\/index.php\/2021\/04\/29\/quen-se-consola-no-dia-das-nosas-letras\/#primaryimage"},"thumbnailUrl":"https:\/\/www.anovapeneira.gal\/wp-content\/uploads\/2019\/07\/ARTIGO_DE_OPINION_A_NOVA_PENEIRA.jpg","articleSection":["Artigos de opini\u00f3n"],"inLanguage":"gl-ES","potentialAction":[{"@type":"CommentAction","name":"Comment","target":["https:\/\/www.anovapeneira.gal\/index.php\/2021\/04\/29\/quen-se-consola-no-dia-das-nosas-letras\/#respond"]}]},{"@type":"WebPage","@id":"https:\/\/www.anovapeneira.gal\/index.php\/2021\/04\/29\/quen-se-consola-no-dia-das-nosas-letras\/","url":"https:\/\/www.anovapeneira.gal\/index.php\/2021\/04\/29\/quen-se-consola-no-dia-das-nosas-letras\/","name":"QUEN SE CONSOLA NO D\u00cdA DAS NOSAS LETRAS? -","isPartOf":{"@id":"https:\/\/www.anovapeneira.gal\/#website"},"primaryImageOfPage":{"@id":"https:\/\/www.anovapeneira.gal\/index.php\/2021\/04\/29\/quen-se-consola-no-dia-das-nosas-letras\/#primaryimage"},"image":{"@id":"https:\/\/www.anovapeneira.gal\/index.php\/2021\/04\/29\/quen-se-consola-no-dia-das-nosas-letras\/#primaryimage"},"thumbnailUrl":"https:\/\/www.anovapeneira.gal\/wp-content\/uploads\/2019\/07\/ARTIGO_DE_OPINION_A_NOVA_PENEIRA.jpg","datePublished":"2021-04-29T10:00:56+00:00","description":"Hai, desde xa moito tempo, unha indixencia de saberes na pol\u00edtica que se presenta asombrosa. Parece ser que aquela xente que nos representa, envolta en mil discursos, despois goberna en contra de n\u00f3s e tal como lle peta. Non sei se \u00e9 a s\u00faa apetencia de favores, ben remunerados, quizais un modo de comportamento suicida que nos agon\u00eda, ou ansias de domear desde o poleiro con certa prepotencia globalizadora","breadcrumb":{"@id":"https:\/\/www.anovapeneira.gal\/index.php\/2021\/04\/29\/quen-se-consola-no-dia-das-nosas-letras\/#breadcrumb"},"inLanguage":"gl-ES","potentialAction":[{"@type":"ReadAction","target":["https:\/\/www.anovapeneira.gal\/index.php\/2021\/04\/29\/quen-se-consola-no-dia-das-nosas-letras\/"]}]},{"@type":"ImageObject","inLanguage":"gl-ES","@id":"https:\/\/www.anovapeneira.gal\/index.php\/2021\/04\/29\/quen-se-consola-no-dia-das-nosas-letras\/#primaryimage","url":"https:\/\/www.anovapeneira.gal\/wp-content\/uploads\/2019\/07\/ARTIGO_DE_OPINION_A_NOVA_PENEIRA.jpg","contentUrl":"https:\/\/www.anovapeneira.gal\/wp-content\/uploads\/2019\/07\/ARTIGO_DE_OPINION_A_NOVA_PENEIRA.jpg","width":720,"height":473,"caption":"Artigo de opini\u00f3n A Nova Peneira"},{"@type":"BreadcrumbList","@id":"https:\/\/www.anovapeneira.gal\/index.php\/2021\/04\/29\/quen-se-consola-no-dia-das-nosas-letras\/#breadcrumb","itemListElement":[{"@type":"ListItem","position":1,"name":"Portada","item":"https:\/\/www.anovapeneira.gal\/"},{"@type":"ListItem","position":2,"name":"QUEN SE CONSOLA NO D\u00cdA DAS NOSAS LETRAS?"}]},{"@type":"WebSite","@id":"https:\/\/www.anovapeneira.gal\/#website","url":"https:\/\/www.anovapeneira.gal\/","name":"","description":"Xornal galego de informaci\u00f3n xeral Publicaci\u00f3n mensual de novas de Galicia e en especial dos Concellos da sur da provincia de Pontevedra.","publisher":{"@id":"https:\/\/www.anovapeneira.gal\/#organization"},"potentialAction":[{"@type":"SearchAction","target":{"@type":"EntryPoint","urlTemplate":"https:\/\/www.anovapeneira.gal\/?s={search_term_string}"},"query-input":{"@type":"PropertyValueSpecification","valueRequired":true,"valueName":"search_term_string"}}],"inLanguage":"gl-ES"},{"@type":"Organization","@id":"https:\/\/www.anovapeneira.gal\/#organization","name":"A Nova Peneira","url":"https:\/\/www.anovapeneira.gal\/","logo":{"@type":"ImageObject","inLanguage":"gl-ES","@id":"https:\/\/www.anovapeneira.gal\/#\/schema\/logo\/image\/","url":"http:\/\/www.anovapeneira.gal\/wp-content\/uploads\/2019\/06\/logo_a_nova_peneira_portal_web.png","contentUrl":"http:\/\/www.anovapeneira.gal\/wp-content\/uploads\/2019\/06\/logo_a_nova_peneira_portal_web.png","width":300,"height":100,"caption":"A Nova Peneira"},"image":{"@id":"https:\/\/www.anovapeneira.gal\/#\/schema\/logo\/image\/"},"sameAs":["https:\/\/www.facebook.com\/anovapeneira","https:\/\/x.com\/APeneira"]},{"@type":"Person","@id":"https:\/\/www.anovapeneira.gal\/#\/schema\/person\/b051ed40cfc100e281476674783b32fc","name":"Baldomero Iglesias Dobarrio, Mero","image":{"@type":"ImageObject","inLanguage":"gl-ES","@id":"https:\/\/secure.gravatar.com\/avatar\/ca78fc089f8cf28197f88de2c9ac213e2f7d2097d8e359d9359b8778b539c59d?s=96&d=mm&r=g","url":"https:\/\/secure.gravatar.com\/avatar\/ca78fc089f8cf28197f88de2c9ac213e2f7d2097d8e359d9359b8778b539c59d?s=96&d=mm&r=g","contentUrl":"https:\/\/secure.gravatar.com\/avatar\/ca78fc089f8cf28197f88de2c9ac213e2f7d2097d8e359d9359b8778b539c59d?s=96&d=mm&r=g","caption":"Baldomero Iglesias Dobarrio, Mero"},"sameAs":["http:\/\/anovapeneira.gal"],"url":"https:\/\/www.anovapeneira.gal\/index.php\/author\/opinionmero\/"}]}},"jetpack_featured_media_url":"https:\/\/www.anovapeneira.gal\/wp-content\/uploads\/2019\/07\/ARTIGO_DE_OPINION_A_NOVA_PENEIRA.jpg","_links":{"self":[{"href":"https:\/\/www.anovapeneira.gal\/index.php\/wp-json\/wp\/v2\/posts\/5292","targetHints":{"allow":["GET"]}}],"collection":[{"href":"https:\/\/www.anovapeneira.gal\/index.php\/wp-json\/wp\/v2\/posts"}],"about":[{"href":"https:\/\/www.anovapeneira.gal\/index.php\/wp-json\/wp\/v2\/types\/post"}],"author":[{"embeddable":true,"href":"https:\/\/www.anovapeneira.gal\/index.php\/wp-json\/wp\/v2\/users\/5"}],"replies":[{"embeddable":true,"href":"https:\/\/www.anovapeneira.gal\/index.php\/wp-json\/wp\/v2\/comments?post=5292"}],"version-history":[{"count":1,"href":"https:\/\/www.anovapeneira.gal\/index.php\/wp-json\/wp\/v2\/posts\/5292\/revisions"}],"predecessor-version":[{"id":5293,"href":"https:\/\/www.anovapeneira.gal\/index.php\/wp-json\/wp\/v2\/posts\/5292\/revisions\/5293"}],"wp:featuredmedia":[{"embeddable":true,"href":"https:\/\/www.anovapeneira.gal\/index.php\/wp-json\/wp\/v2\/media\/584"}],"wp:attachment":[{"href":"https:\/\/www.anovapeneira.gal\/index.php\/wp-json\/wp\/v2\/media?parent=5292"}],"wp:term":[{"taxonomy":"category","embeddable":true,"href":"https:\/\/www.anovapeneira.gal\/index.php\/wp-json\/wp\/v2\/categories?post=5292"},{"taxonomy":"post_tag","embeddable":true,"href":"https:\/\/www.anovapeneira.gal\/index.php\/wp-json\/wp\/v2\/tags?post=5292"}],"curies":[{"name":"wp","href":"https:\/\/api.w.org\/{rel}","templated":true}]}}