{"id":530,"date":"2019-07-23T00:12:41","date_gmt":"2019-07-22T22:12:41","guid":{"rendered":"http:\/\/www.anovapeneira.gal\/?p=530"},"modified":"2019-07-24T08:26:33","modified_gmt":"2019-07-24T06:26:33","slug":"a-deputacion-inicia-a-contratacion-das-obras-para-mellorar-a-mobilidade-peonil-na-parroquia-de-gulans-en-ponteareas","status":"publish","type":"post","link":"https:\/\/www.anovapeneira.gal\/index.php\/2019\/07\/23\/a-deputacion-inicia-a-contratacion-das-obras-para-mellorar-a-mobilidade-peonil-na-parroquia-de-gulans-en-ponteareas\/","title":{"rendered":"A Deputaci\u00f3n inicia a contrataci\u00f3n das obras para mellorar a mobilidade peonil na parroquia de Gul\u00e1ns en Ponteareas"},"content":{"rendered":"\n<p><strong>Pontevedra.\n12 de xullo de 2019<\/strong><\/p>\n\n\n\n<p><strong>Crearase unha plataforma \u00fanica entre o colexio Feliciano Barrera, o cemiterio e a igrexa, e unha \u2018zona 30\u2019 para aumentar a seguranza viaria.<\/strong><\/p>\n\n\n\n<p>A\nDeputaci\u00f3n de Pontevedra aprobou hoxe en Xunta de Goberno o\nexpediente de contrataci\u00f3n para adxudicar as obras de mellora da\nmobilidade peonil nas inmediaci\u00f3ns da igrexa de Gul\u00e1ns en\nPonteareas. In\u00edcianse agora os prazos para que a instituci\u00f3n\nprovincial saque a licitaci\u00f3n o proxecto, se abra a recepci\u00f3n de\nofertas e se contrate \u00e1 construtora, tr\u00e1mites que deber\u00edan estar\nlistos antes do inverno se non xorden complicaci\u00f3ns.  \n<\/p>\n\n\n\n<p> A\nactuaci\u00f3n, impulsada polo departamento de Mobilidade provincial,\npretende aumentar a seguranza viaria con elementos de calmado de\ntr\u00e1fico e unha plataforma \u00fanica entre os equipamentos, de feito que\nse habilita unha \u2018zona 30\u2019 de velocidade m\u00e1xima. Darase as\u00ed\nresposta \u00e1s continuas reclamaci\u00f3ns da veci\u00f1anza da zona e do\nalumnado do centro de ensino para rematar coas situaci\u00f3ns de perigo\npara as persoas que pasan cami\u00f1ando polo \u00e1mbito de actuaci\u00f3n (un\ntreito de medio quil\u00f3metro da estrada provincial EP-4004).  \n<\/p>\n\n\n\n<p>O\nproxecto de Gul\u00e1ns incl\u00fae a creaci\u00f3n dunha nova beirav\u00eda na marxe\nesquerda aproveitando os sobreanchos existentes. No inicio da\nactuaci\u00f3n construirase un paso de pe\u00f3ns sobreelevado, e ao final,\ncando se chega \u00e1 zona de equipamentos (igrexa, cemiterio e colexio)\nhabilitarase a plataforma \u00fanica de prioridade peonil en formig\u00f3n e\nfranxas de pedra, todo elo nun \u00e1rea de velocidade m\u00e1xima a 30\nquil\u00f3metros por hora. Para aumentar a calidade urbana dotarase \u00e1\nzona dunha nova iluminaci\u00f3n, substitu\u00edndo as luminarias e os\nb\u00e1culos existentes por outras novas de maior eficiencia enerx\u00e9tica,\nas\u00ed como instalando balizas led no pavimento para marcar a zona de\nconvivencia.<\/p>\n\n\n\n<p>Con\nesta actuaci\u00f3n pers\u00e9guese priorizar o tr\u00e1nsito peonil con\nseguridade, especialmente para os colectivos m\u00e1is vulnerables\n(pe\u00f3ns, ciclistas e persoas con mobilidade reducida) sempre baixo as\npremisas de buscar un dese\u00f1o que sexa comprensible, utilizable e\npracticable por todas as persoas ademais de garantir unha circulaci\u00f3n\nrodada tam\u00e9n m\u00e1is segura para os condutores. \n<\/p>\n\n\n\n<p>O\nconvenio asinado con Ponteareas para esta obra establece que a\nDeputaci\u00f3n de Pontevedra financiar\u00e1 o 80% e o Concello o 20%\nrestante dun investimento total de 382.858,96 euros e incl\u00fae a\ntransferencia da titularidade do treito reformado ao Concello.<\/p>\n\n\n\n<p><strong><br><\/strong><\/p>\n","protected":false},"excerpt":{"rendered":"<div class=\"mh-excerpt\"><p>Crearase unha plataforma \u00fanica entre o colexio Feliciano Barrera, o cemiterio e a igrexa, e unha \u2018zona 30\u2019 para aumentar a seguranza viaria.\ufeff <a class=\"mh-excerpt-more\" href=\"https:\/\/www.anovapeneira.gal\/index.php\/2019\/07\/23\/a-deputacion-inicia-a-contratacion-das-obras-para-mellorar-a-mobilidade-peonil-na-parroquia-de-gulans-en-ponteareas\/\" title=\"A Deputaci\u00f3n inicia a contrataci\u00f3n das obras para mellorar a mobilidade peonil na parroquia de Gul\u00e1ns en Ponteareas\">[&#8230;]<\/a><\/p>\n<\/div>","protected":false},"author":3,"featured_media":531,"comment_status":"open","ping_status":"open","sticky":false,"template":"","format":"standard","meta":{"_exactmetrics_skip_tracking":false,"_exactmetrics_sitenote_active":false,"_exactmetrics_sitenote_note":"","_exactmetrics_sitenote_category":0,"footnotes":""},"categories":[25],"tags":[208,111,121,209],"class_list":{"0":"post-530","1":"post","2":"type-post","3":"status-publish","4":"format-standard","5":"has-post-thumbnail","7":"category-condado","8":"tag-concello-de-ponteareas","9":"tag-deputacion-pontevedra","10":"tag-fomento","11":"tag-parroquia-de-gulans"},"yoast_head":"<!-- This site is optimized with the Yoast SEO plugin v27.4 - https:\/\/yoast.com\/product\/yoast-seo-wordpress\/ -->\n<title>A Deputaci\u00f3n inicia a contrataci\u00f3n das obras para mellorar a mobilidade peonil na parroquia de Gul\u00e1ns en Ponteareas -<\/title>\n<meta name=\"robots\" content=\"index, follow, max-snippet:-1, max-image-preview:large, max-video-preview:-1\" \/>\n<link rel=\"canonical\" href=\"https:\/\/www.anovapeneira.gal\/index.php\/2019\/07\/23\/a-deputacion-inicia-a-contratacion-das-obras-para-mellorar-a-mobilidade-peonil-na-parroquia-de-gulans-en-ponteareas\/\" \/>\n<meta property=\"og:locale\" content=\"gl_ES\" \/>\n<meta property=\"og:type\" content=\"article\" \/>\n<meta property=\"og:title\" content=\"A Deputaci\u00f3n inicia a contrataci\u00f3n das obras para mellorar a mobilidade peonil na parroquia de Gul\u00e1ns en Ponteareas -\" \/>\n<meta property=\"og:description\" content=\"Crearase unha plataforma \u00fanica entre o colexio Feliciano Barrera, o cemiterio e a igrexa, e unha \u2018zona 30\u2019 para aumentar a seguranza viaria.\ufeff [...]\" \/>\n<meta property=\"og:url\" content=\"https:\/\/www.anovapeneira.gal\/index.php\/2019\/07\/23\/a-deputacion-inicia-a-contratacion-das-obras-para-mellorar-a-mobilidade-peonil-na-parroquia-de-gulans-en-ponteareas\/\" \/>\n<meta property=\"article:publisher\" content=\"https:\/\/www.facebook.com\/anovapeneira\" \/>\n<meta property=\"article:published_time\" content=\"2019-07-22T22:12:41+00:00\" \/>\n<meta property=\"article:modified_time\" content=\"2019-07-24T06:26:33+00:00\" \/>\n<meta property=\"og:image\" content=\"https:\/\/www.anovapeneira.gal\/wp-content\/uploads\/2019\/07\/Infografia_obras_gulnas_a_nova_peneira.jpg\" \/>\n\t<meta property=\"og:image:width\" content=\"720\" \/>\n\t<meta property=\"og:image:height\" content=\"473\" \/>\n\t<meta property=\"og:image:type\" content=\"image\/jpeg\" \/>\n<meta name=\"author\" content=\"Redacci\u00f3n A Nova Peneira\" \/>\n<meta name=\"twitter:card\" content=\"summary_large_image\" \/>\n<meta name=\"twitter:creator\" content=\"@APeneira\" \/>\n<meta name=\"twitter:site\" content=\"@APeneira\" \/>\n<meta name=\"twitter:label1\" content=\"Escrito por\" \/>\n\t<meta name=\"twitter:data1\" content=\"Redacci\u00f3n A Nova Peneira\" \/>\n\t<meta name=\"twitter:label2\" content=\"Tempo de lectura\" \/>\n\t<meta name=\"twitter:data2\" content=\"2 minutos\" \/>\n<script type=\"application\/ld+json\" class=\"yoast-schema-graph\">{\"@context\":\"https:\\\/\\\/schema.org\",\"@graph\":[{\"@type\":\"Article\",\"@id\":\"https:\\\/\\\/www.anovapeneira.gal\\\/index.php\\\/2019\\\/07\\\/23\\\/a-deputacion-inicia-a-contratacion-das-obras-para-mellorar-a-mobilidade-peonil-na-parroquia-de-gulans-en-ponteareas\\\/#article\",\"isPartOf\":{\"@id\":\"https:\\\/\\\/www.anovapeneira.gal\\\/index.php\\\/2019\\\/07\\\/23\\\/a-deputacion-inicia-a-contratacion-das-obras-para-mellorar-a-mobilidade-peonil-na-parroquia-de-gulans-en-ponteareas\\\/\"},\"author\":{\"name\":\"Redacci\u00f3n A Nova Peneira\",\"@id\":\"https:\\\/\\\/www.anovapeneira.gal\\\/#\\\/schema\\\/person\\\/b93e3f8932e3f8da96334607eb6ac6aa\"},\"headline\":\"A Deputaci\u00f3n inicia a contrataci\u00f3n das obras para mellorar a mobilidade peonil na parroquia de Gul\u00e1ns en Ponteareas\",\"datePublished\":\"2019-07-22T22:12:41+00:00\",\"dateModified\":\"2019-07-24T06:26:33+00:00\",\"mainEntityOfPage\":{\"@id\":\"https:\\\/\\\/www.anovapeneira.gal\\\/index.php\\\/2019\\\/07\\\/23\\\/a-deputacion-inicia-a-contratacion-das-obras-para-mellorar-a-mobilidade-peonil-na-parroquia-de-gulans-en-ponteareas\\\/\"},\"wordCount\":427,\"commentCount\":0,\"publisher\":{\"@id\":\"https:\\\/\\\/www.anovapeneira.gal\\\/#organization\"},\"image\":{\"@id\":\"https:\\\/\\\/www.anovapeneira.gal\\\/index.php\\\/2019\\\/07\\\/23\\\/a-deputacion-inicia-a-contratacion-das-obras-para-mellorar-a-mobilidade-peonil-na-parroquia-de-gulans-en-ponteareas\\\/#primaryimage\"},\"thumbnailUrl\":\"https:\\\/\\\/www.anovapeneira.gal\\\/wp-content\\\/uploads\\\/2019\\\/07\\\/Infografia_obras_gulnas_a_nova_peneira.jpg\",\"keywords\":[\"Concello de Ponteareas\",\"Deputaci\u00f3n Pontevedra\",\"Fomento\",\"Parroqu\u00eda de Gul\u00e1ns\"],\"articleSection\":[\"Condado\"],\"inLanguage\":\"gl-ES\",\"potentialAction\":[{\"@type\":\"CommentAction\",\"name\":\"Comment\",\"target\":[\"https:\\\/\\\/www.anovapeneira.gal\\\/index.php\\\/2019\\\/07\\\/23\\\/a-deputacion-inicia-a-contratacion-das-obras-para-mellorar-a-mobilidade-peonil-na-parroquia-de-gulans-en-ponteareas\\\/#respond\"]}]},{\"@type\":\"WebPage\",\"@id\":\"https:\\\/\\\/www.anovapeneira.gal\\\/index.php\\\/2019\\\/07\\\/23\\\/a-deputacion-inicia-a-contratacion-das-obras-para-mellorar-a-mobilidade-peonil-na-parroquia-de-gulans-en-ponteareas\\\/\",\"url\":\"https:\\\/\\\/www.anovapeneira.gal\\\/index.php\\\/2019\\\/07\\\/23\\\/a-deputacion-inicia-a-contratacion-das-obras-para-mellorar-a-mobilidade-peonil-na-parroquia-de-gulans-en-ponteareas\\\/\",\"name\":\"A Deputaci\u00f3n inicia a contrataci\u00f3n das obras para mellorar a mobilidade peonil na parroquia de Gul\u00e1ns en Ponteareas -\",\"isPartOf\":{\"@id\":\"https:\\\/\\\/www.anovapeneira.gal\\\/#website\"},\"primaryImageOfPage\":{\"@id\":\"https:\\\/\\\/www.anovapeneira.gal\\\/index.php\\\/2019\\\/07\\\/23\\\/a-deputacion-inicia-a-contratacion-das-obras-para-mellorar-a-mobilidade-peonil-na-parroquia-de-gulans-en-ponteareas\\\/#primaryimage\"},\"image\":{\"@id\":\"https:\\\/\\\/www.anovapeneira.gal\\\/index.php\\\/2019\\\/07\\\/23\\\/a-deputacion-inicia-a-contratacion-das-obras-para-mellorar-a-mobilidade-peonil-na-parroquia-de-gulans-en-ponteareas\\\/#primaryimage\"},\"thumbnailUrl\":\"https:\\\/\\\/www.anovapeneira.gal\\\/wp-content\\\/uploads\\\/2019\\\/07\\\/Infografia_obras_gulnas_a_nova_peneira.jpg\",\"datePublished\":\"2019-07-22T22:12:41+00:00\",\"dateModified\":\"2019-07-24T06:26:33+00:00\",\"breadcrumb\":{\"@id\":\"https:\\\/\\\/www.anovapeneira.gal\\\/index.php\\\/2019\\\/07\\\/23\\\/a-deputacion-inicia-a-contratacion-das-obras-para-mellorar-a-mobilidade-peonil-na-parroquia-de-gulans-en-ponteareas\\\/#breadcrumb\"},\"inLanguage\":\"gl-ES\",\"potentialAction\":[{\"@type\":\"ReadAction\",\"target\":[\"https:\\\/\\\/www.anovapeneira.gal\\\/index.php\\\/2019\\\/07\\\/23\\\/a-deputacion-inicia-a-contratacion-das-obras-para-mellorar-a-mobilidade-peonil-na-parroquia-de-gulans-en-ponteareas\\\/\"]}]},{\"@type\":\"ImageObject\",\"inLanguage\":\"gl-ES\",\"@id\":\"https:\\\/\\\/www.anovapeneira.gal\\\/index.php\\\/2019\\\/07\\\/23\\\/a-deputacion-inicia-a-contratacion-das-obras-para-mellorar-a-mobilidade-peonil-na-parroquia-de-gulans-en-ponteareas\\\/#primaryimage\",\"url\":\"https:\\\/\\\/www.anovapeneira.gal\\\/wp-content\\\/uploads\\\/2019\\\/07\\\/Infografia_obras_gulnas_a_nova_peneira.jpg\",\"contentUrl\":\"https:\\\/\\\/www.anovapeneira.gal\\\/wp-content\\\/uploads\\\/2019\\\/07\\\/Infografia_obras_gulnas_a_nova_peneira.jpg\",\"width\":720,\"height\":473,\"caption\":\"Obras parroqu\u00eda Gul\u00e1ns Concello de Ponteareas A Nova Peneira\"},{\"@type\":\"BreadcrumbList\",\"@id\":\"https:\\\/\\\/www.anovapeneira.gal\\\/index.php\\\/2019\\\/07\\\/23\\\/a-deputacion-inicia-a-contratacion-das-obras-para-mellorar-a-mobilidade-peonil-na-parroquia-de-gulans-en-ponteareas\\\/#breadcrumb\",\"itemListElement\":[{\"@type\":\"ListItem\",\"position\":1,\"name\":\"Portada\",\"item\":\"https:\\\/\\\/www.anovapeneira.gal\\\/\"},{\"@type\":\"ListItem\",\"position\":2,\"name\":\"A Deputaci\u00f3n inicia a contrataci\u00f3n das obras para mellorar a mobilidade peonil na parroquia de Gul\u00e1ns en Ponteareas\"}]},{\"@type\":\"WebSite\",\"@id\":\"https:\\\/\\\/www.anovapeneira.gal\\\/#website\",\"url\":\"https:\\\/\\\/www.anovapeneira.gal\\\/\",\"name\":\"\",\"description\":\"Xornal galego de informaci\u00f3n xeral Publicaci\u00f3n mensual de novas de Galicia e en especial dos Concellos da sur da provincia de Pontevedra.\",\"publisher\":{\"@id\":\"https:\\\/\\\/www.anovapeneira.gal\\\/#organization\"},\"potentialAction\":[{\"@type\":\"SearchAction\",\"target\":{\"@type\":\"EntryPoint\",\"urlTemplate\":\"https:\\\/\\\/www.anovapeneira.gal\\\/?s={search_term_string}\"},\"query-input\":{\"@type\":\"PropertyValueSpecification\",\"valueRequired\":true,\"valueName\":\"search_term_string\"}}],\"inLanguage\":\"gl-ES\"},{\"@type\":\"Organization\",\"@id\":\"https:\\\/\\\/www.anovapeneira.gal\\\/#organization\",\"name\":\"A Nova Peneira\",\"url\":\"https:\\\/\\\/www.anovapeneira.gal\\\/\",\"logo\":{\"@type\":\"ImageObject\",\"inLanguage\":\"gl-ES\",\"@id\":\"https:\\\/\\\/www.anovapeneira.gal\\\/#\\\/schema\\\/logo\\\/image\\\/\",\"url\":\"http:\\\/\\\/www.anovapeneira.gal\\\/wp-content\\\/uploads\\\/2019\\\/06\\\/logo_a_nova_peneira_portal_web.png\",\"contentUrl\":\"http:\\\/\\\/www.anovapeneira.gal\\\/wp-content\\\/uploads\\\/2019\\\/06\\\/logo_a_nova_peneira_portal_web.png\",\"width\":300,\"height\":100,\"caption\":\"A Nova Peneira\"},\"image\":{\"@id\":\"https:\\\/\\\/www.anovapeneira.gal\\\/#\\\/schema\\\/logo\\\/image\\\/\"},\"sameAs\":[\"https:\\\/\\\/www.facebook.com\\\/anovapeneira\",\"https:\\\/\\\/x.com\\\/APeneira\"]},{\"@type\":\"Person\",\"@id\":\"https:\\\/\\\/www.anovapeneira.gal\\\/#\\\/schema\\\/person\\\/b93e3f8932e3f8da96334607eb6ac6aa\",\"name\":\"Redacci\u00f3n A Nova Peneira\",\"image\":{\"@type\":\"ImageObject\",\"inLanguage\":\"gl-ES\",\"@id\":\"https:\\\/\\\/secure.gravatar.com\\\/avatar\\\/c052a2551a06e23fac63626232eaa90abd78dbcf1700fc46a2b2c89fd27b735f?s=96&d=mm&r=g\",\"url\":\"https:\\\/\\\/secure.gravatar.com\\\/avatar\\\/c052a2551a06e23fac63626232eaa90abd78dbcf1700fc46a2b2c89fd27b735f?s=96&d=mm&r=g\",\"contentUrl\":\"https:\\\/\\\/secure.gravatar.com\\\/avatar\\\/c052a2551a06e23fac63626232eaa90abd78dbcf1700fc46a2b2c89fd27b735f?s=96&d=mm&r=g\",\"caption\":\"Redacci\u00f3n A Nova Peneira\"},\"sameAs\":[\"http:\\\/\\\/www.anovapeneira.gal\\\/\"],\"url\":\"https:\\\/\\\/www.anovapeneira.gal\\\/index.php\\\/author\\\/redactor\\\/\"}]}<\/script>\n<!-- \/ Yoast SEO plugin. -->","yoast_head_json":{"title":"A Deputaci\u00f3n inicia a contrataci\u00f3n das obras para mellorar a mobilidade peonil na parroquia de Gul\u00e1ns en Ponteareas -","robots":{"index":"index","follow":"follow","max-snippet":"max-snippet:-1","max-image-preview":"max-image-preview:large","max-video-preview":"max-video-preview:-1"},"canonical":"https:\/\/www.anovapeneira.gal\/index.php\/2019\/07\/23\/a-deputacion-inicia-a-contratacion-das-obras-para-mellorar-a-mobilidade-peonil-na-parroquia-de-gulans-en-ponteareas\/","og_locale":"gl_ES","og_type":"article","og_title":"A Deputaci\u00f3n inicia a contrataci\u00f3n das obras para mellorar a mobilidade peonil na parroquia de Gul\u00e1ns en Ponteareas -","og_description":"Crearase unha plataforma \u00fanica entre o colexio Feliciano Barrera, o cemiterio e a igrexa, e unha \u2018zona 30\u2019 para aumentar a seguranza viaria.\ufeff [...]","og_url":"https:\/\/www.anovapeneira.gal\/index.php\/2019\/07\/23\/a-deputacion-inicia-a-contratacion-das-obras-para-mellorar-a-mobilidade-peonil-na-parroquia-de-gulans-en-ponteareas\/","article_publisher":"https:\/\/www.facebook.com\/anovapeneira","article_published_time":"2019-07-22T22:12:41+00:00","article_modified_time":"2019-07-24T06:26:33+00:00","og_image":[{"width":720,"height":473,"url":"https:\/\/www.anovapeneira.gal\/wp-content\/uploads\/2019\/07\/Infografia_obras_gulnas_a_nova_peneira.jpg","type":"image\/jpeg"}],"author":"Redacci\u00f3n A Nova Peneira","twitter_card":"summary_large_image","twitter_creator":"@APeneira","twitter_site":"@APeneira","twitter_misc":{"Escrito por":"Redacci\u00f3n A Nova Peneira","Tempo de lectura":"2 minutos"},"schema":{"@context":"https:\/\/schema.org","@graph":[{"@type":"Article","@id":"https:\/\/www.anovapeneira.gal\/index.php\/2019\/07\/23\/a-deputacion-inicia-a-contratacion-das-obras-para-mellorar-a-mobilidade-peonil-na-parroquia-de-gulans-en-ponteareas\/#article","isPartOf":{"@id":"https:\/\/www.anovapeneira.gal\/index.php\/2019\/07\/23\/a-deputacion-inicia-a-contratacion-das-obras-para-mellorar-a-mobilidade-peonil-na-parroquia-de-gulans-en-ponteareas\/"},"author":{"name":"Redacci\u00f3n A Nova Peneira","@id":"https:\/\/www.anovapeneira.gal\/#\/schema\/person\/b93e3f8932e3f8da96334607eb6ac6aa"},"headline":"A Deputaci\u00f3n inicia a contrataci\u00f3n das obras para mellorar a mobilidade peonil na parroquia de Gul\u00e1ns en Ponteareas","datePublished":"2019-07-22T22:12:41+00:00","dateModified":"2019-07-24T06:26:33+00:00","mainEntityOfPage":{"@id":"https:\/\/www.anovapeneira.gal\/index.php\/2019\/07\/23\/a-deputacion-inicia-a-contratacion-das-obras-para-mellorar-a-mobilidade-peonil-na-parroquia-de-gulans-en-ponteareas\/"},"wordCount":427,"commentCount":0,"publisher":{"@id":"https:\/\/www.anovapeneira.gal\/#organization"},"image":{"@id":"https:\/\/www.anovapeneira.gal\/index.php\/2019\/07\/23\/a-deputacion-inicia-a-contratacion-das-obras-para-mellorar-a-mobilidade-peonil-na-parroquia-de-gulans-en-ponteareas\/#primaryimage"},"thumbnailUrl":"https:\/\/www.anovapeneira.gal\/wp-content\/uploads\/2019\/07\/Infografia_obras_gulnas_a_nova_peneira.jpg","keywords":["Concello de Ponteareas","Deputaci\u00f3n Pontevedra","Fomento","Parroqu\u00eda de Gul\u00e1ns"],"articleSection":["Condado"],"inLanguage":"gl-ES","potentialAction":[{"@type":"CommentAction","name":"Comment","target":["https:\/\/www.anovapeneira.gal\/index.php\/2019\/07\/23\/a-deputacion-inicia-a-contratacion-das-obras-para-mellorar-a-mobilidade-peonil-na-parroquia-de-gulans-en-ponteareas\/#respond"]}]},{"@type":"WebPage","@id":"https:\/\/www.anovapeneira.gal\/index.php\/2019\/07\/23\/a-deputacion-inicia-a-contratacion-das-obras-para-mellorar-a-mobilidade-peonil-na-parroquia-de-gulans-en-ponteareas\/","url":"https:\/\/www.anovapeneira.gal\/index.php\/2019\/07\/23\/a-deputacion-inicia-a-contratacion-das-obras-para-mellorar-a-mobilidade-peonil-na-parroquia-de-gulans-en-ponteareas\/","name":"A Deputaci\u00f3n inicia a contrataci\u00f3n das obras para mellorar a mobilidade peonil na parroquia de Gul\u00e1ns en Ponteareas -","isPartOf":{"@id":"https:\/\/www.anovapeneira.gal\/#website"},"primaryImageOfPage":{"@id":"https:\/\/www.anovapeneira.gal\/index.php\/2019\/07\/23\/a-deputacion-inicia-a-contratacion-das-obras-para-mellorar-a-mobilidade-peonil-na-parroquia-de-gulans-en-ponteareas\/#primaryimage"},"image":{"@id":"https:\/\/www.anovapeneira.gal\/index.php\/2019\/07\/23\/a-deputacion-inicia-a-contratacion-das-obras-para-mellorar-a-mobilidade-peonil-na-parroquia-de-gulans-en-ponteareas\/#primaryimage"},"thumbnailUrl":"https:\/\/www.anovapeneira.gal\/wp-content\/uploads\/2019\/07\/Infografia_obras_gulnas_a_nova_peneira.jpg","datePublished":"2019-07-22T22:12:41+00:00","dateModified":"2019-07-24T06:26:33+00:00","breadcrumb":{"@id":"https:\/\/www.anovapeneira.gal\/index.php\/2019\/07\/23\/a-deputacion-inicia-a-contratacion-das-obras-para-mellorar-a-mobilidade-peonil-na-parroquia-de-gulans-en-ponteareas\/#breadcrumb"},"inLanguage":"gl-ES","potentialAction":[{"@type":"ReadAction","target":["https:\/\/www.anovapeneira.gal\/index.php\/2019\/07\/23\/a-deputacion-inicia-a-contratacion-das-obras-para-mellorar-a-mobilidade-peonil-na-parroquia-de-gulans-en-ponteareas\/"]}]},{"@type":"ImageObject","inLanguage":"gl-ES","@id":"https:\/\/www.anovapeneira.gal\/index.php\/2019\/07\/23\/a-deputacion-inicia-a-contratacion-das-obras-para-mellorar-a-mobilidade-peonil-na-parroquia-de-gulans-en-ponteareas\/#primaryimage","url":"https:\/\/www.anovapeneira.gal\/wp-content\/uploads\/2019\/07\/Infografia_obras_gulnas_a_nova_peneira.jpg","contentUrl":"https:\/\/www.anovapeneira.gal\/wp-content\/uploads\/2019\/07\/Infografia_obras_gulnas_a_nova_peneira.jpg","width":720,"height":473,"caption":"Obras parroqu\u00eda Gul\u00e1ns Concello de Ponteareas A Nova Peneira"},{"@type":"BreadcrumbList","@id":"https:\/\/www.anovapeneira.gal\/index.php\/2019\/07\/23\/a-deputacion-inicia-a-contratacion-das-obras-para-mellorar-a-mobilidade-peonil-na-parroquia-de-gulans-en-ponteareas\/#breadcrumb","itemListElement":[{"@type":"ListItem","position":1,"name":"Portada","item":"https:\/\/www.anovapeneira.gal\/"},{"@type":"ListItem","position":2,"name":"A Deputaci\u00f3n inicia a contrataci\u00f3n das obras para mellorar a mobilidade peonil na parroquia de Gul\u00e1ns en Ponteareas"}]},{"@type":"WebSite","@id":"https:\/\/www.anovapeneira.gal\/#website","url":"https:\/\/www.anovapeneira.gal\/","name":"","description":"Xornal galego de informaci\u00f3n xeral Publicaci\u00f3n mensual de novas de Galicia e en especial dos Concellos da sur da provincia de Pontevedra.","publisher":{"@id":"https:\/\/www.anovapeneira.gal\/#organization"},"potentialAction":[{"@type":"SearchAction","target":{"@type":"EntryPoint","urlTemplate":"https:\/\/www.anovapeneira.gal\/?s={search_term_string}"},"query-input":{"@type":"PropertyValueSpecification","valueRequired":true,"valueName":"search_term_string"}}],"inLanguage":"gl-ES"},{"@type":"Organization","@id":"https:\/\/www.anovapeneira.gal\/#organization","name":"A Nova Peneira","url":"https:\/\/www.anovapeneira.gal\/","logo":{"@type":"ImageObject","inLanguage":"gl-ES","@id":"https:\/\/www.anovapeneira.gal\/#\/schema\/logo\/image\/","url":"http:\/\/www.anovapeneira.gal\/wp-content\/uploads\/2019\/06\/logo_a_nova_peneira_portal_web.png","contentUrl":"http:\/\/www.anovapeneira.gal\/wp-content\/uploads\/2019\/06\/logo_a_nova_peneira_portal_web.png","width":300,"height":100,"caption":"A Nova Peneira"},"image":{"@id":"https:\/\/www.anovapeneira.gal\/#\/schema\/logo\/image\/"},"sameAs":["https:\/\/www.facebook.com\/anovapeneira","https:\/\/x.com\/APeneira"]},{"@type":"Person","@id":"https:\/\/www.anovapeneira.gal\/#\/schema\/person\/b93e3f8932e3f8da96334607eb6ac6aa","name":"Redacci\u00f3n A Nova Peneira","image":{"@type":"ImageObject","inLanguage":"gl-ES","@id":"https:\/\/secure.gravatar.com\/avatar\/c052a2551a06e23fac63626232eaa90abd78dbcf1700fc46a2b2c89fd27b735f?s=96&d=mm&r=g","url":"https:\/\/secure.gravatar.com\/avatar\/c052a2551a06e23fac63626232eaa90abd78dbcf1700fc46a2b2c89fd27b735f?s=96&d=mm&r=g","contentUrl":"https:\/\/secure.gravatar.com\/avatar\/c052a2551a06e23fac63626232eaa90abd78dbcf1700fc46a2b2c89fd27b735f?s=96&d=mm&r=g","caption":"Redacci\u00f3n A Nova Peneira"},"sameAs":["http:\/\/www.anovapeneira.gal\/"],"url":"https:\/\/www.anovapeneira.gal\/index.php\/author\/redactor\/"}]}},"jetpack_featured_media_url":"https:\/\/www.anovapeneira.gal\/wp-content\/uploads\/2019\/07\/Infografia_obras_gulnas_a_nova_peneira.jpg","_links":{"self":[{"href":"https:\/\/www.anovapeneira.gal\/index.php\/wp-json\/wp\/v2\/posts\/530","targetHints":{"allow":["GET"]}}],"collection":[{"href":"https:\/\/www.anovapeneira.gal\/index.php\/wp-json\/wp\/v2\/posts"}],"about":[{"href":"https:\/\/www.anovapeneira.gal\/index.php\/wp-json\/wp\/v2\/types\/post"}],"author":[{"embeddable":true,"href":"https:\/\/www.anovapeneira.gal\/index.php\/wp-json\/wp\/v2\/users\/3"}],"replies":[{"embeddable":true,"href":"https:\/\/www.anovapeneira.gal\/index.php\/wp-json\/wp\/v2\/comments?post=530"}],"version-history":[{"count":1,"href":"https:\/\/www.anovapeneira.gal\/index.php\/wp-json\/wp\/v2\/posts\/530\/revisions"}],"predecessor-version":[{"id":532,"href":"https:\/\/www.anovapeneira.gal\/index.php\/wp-json\/wp\/v2\/posts\/530\/revisions\/532"}],"wp:featuredmedia":[{"embeddable":true,"href":"https:\/\/www.anovapeneira.gal\/index.php\/wp-json\/wp\/v2\/media\/531"}],"wp:attachment":[{"href":"https:\/\/www.anovapeneira.gal\/index.php\/wp-json\/wp\/v2\/media?parent=530"}],"wp:term":[{"taxonomy":"category","embeddable":true,"href":"https:\/\/www.anovapeneira.gal\/index.php\/wp-json\/wp\/v2\/categories?post=530"},{"taxonomy":"post_tag","embeddable":true,"href":"https:\/\/www.anovapeneira.gal\/index.php\/wp-json\/wp\/v2\/tags?post=530"}],"curies":[{"name":"wp","href":"https:\/\/api.w.org\/{rel}","templated":true}]}}