{"id":5304,"date":"2021-05-03T12:00:52","date_gmt":"2021-05-03T10:00:52","guid":{"rendered":"http:\/\/www.anovapeneira.gal\/?p=5304"},"modified":"2021-05-02T22:18:21","modified_gmt":"2021-05-02T20:18:21","slug":"xose-represas-renuncia-a-alcaldia-de-ponteareas-por-razons-de-saude","status":"publish","type":"post","link":"https:\/\/www.anovapeneira.gal\/index.php\/2021\/05\/03\/xose-represas-renuncia-a-alcaldia-de-ponteareas-por-razons-de-saude\/","title":{"rendered":"Xos\u00e9 Represas renuncia \u00e1 Alcald\u00eda de Ponteareas por raz\u00f3ns de sa\u00fade"},"content":{"rendered":"\n<p><strong>Ponteareas, 29 de abril de 2021<\/strong><\/p>\n\n\n\n<p>O Alcalde de Ponteareas, o nacionalista Xos\u00e9 Represas, presentou a s\u00faa renuncia na ma\u00f1\u00e1 deste xoves por raz\u00f3ns de sa\u00fade. Represas estaba de baixa por enfermidade dende o pasado mes de decembro, ocupando a alcald\u00eda dende ent\u00f3n a primeira tenente de alcalde, Cristina Fern\u00e1ndez Davila (BNG).<\/p>\n\n\n\n<p>A formaci\u00f3n nacionalista expresou a s\u00faa tristura e o seu pesar pola renuncia de Represas, a quen transmitiron \u201ctodo o noso \u00e1nimo e alento para continuar enfrontando o seu estado de sa\u00fade coa coraxe e a forza que veu demostrando nestes meses\u201d. O BNG e o grupo municipal que compartiu con Represas estes anos de goberno desex\u00e1ronlle ao alcalde a s\u00faa recuperaci\u00f3n.<\/p>\n\n\n\n<p>Ademais, os nacionalistas eloxiaron a figura de Represas ao fronte do Concello dende o ano 2015. \u201cO goberno presidido por Xos\u00e9 Represas marcou un antes e un despois na historia pol\u00edtica de Ponteareas, supuxo un novo xeito de gobernar, puxo en marcha a modernizaci\u00f3n do Concello e da localidade, saneou unha facenda local arruinada e iniciou a execuci\u00f3n de grandes proxectos de transformaci\u00f3n para o futuro de Ponteareas\u201d, salientou o BNG. \u201cRepresas destacou pola s\u00faa capacidade, a s\u00faa entrega a Ponteareas e \u00e1 s\u00faa veci\u00f1anza e o seu talante dialogante e conciliador\u201d, engadiu a forza nacionalista.<\/p>\n\n\n\n<p>Durante as \u00faltimas semanas Xos\u00e9 Represas e o Grupo Municipal do BNG vi\u00f1eron traballando con intensidade no seu relevo para que o proxecto pol\u00edtico do BNG e a acci\u00f3n de goberno contin\u00fae con eficacia nos dous anos que restan do actual mandato. O Bloque propor\u00e1 que a nova alcaldesa sexa Cristina Fern\u00e1ndez Davila, actual primeira tenente de alcalde, quen compartiu responsabilidades de goberno con Represas dende 2015. A formaci\u00f3n nacionalista salientou a experiencia e a capacidade da que, previsiblemente, ser\u00e1 nova alcaldesa de Ponteareas quen, co resto do grupo municipal, seguir\u00e1n dando resposta coa mesma ilusi\u00f3n e capacidade aos retos do Concello.<\/p>\n\n\n\n<p>A voceira nacional do BNG, Ana Pont\u00f3n tam\u00e9n transmitiu o seu reco\u00f1ecemento \u00e1 \u201ctraxectoria exemplar de Xos\u00e9 Represas, o primeiro alcalde nacionalista da historia de Ponteareas\u201d e desexoulle o seu restablecemento.<\/p>\n","protected":false},"excerpt":{"rendered":"<div class=\"mh-excerpt\"><p>O Alcalde de Ponteareas, o nacionalista Xos\u00e9 Represas, presentou a s\u00faa renuncia na ma\u00f1\u00e1 deste xoves por raz\u00f3ns de sa\u00fade. Represas estaba de baixa por enfermidade dende o pasado mes de decembro, ocupando a alcald\u00eda dende ent\u00f3n a primeira tenente de alcalde, Cristina Fern\u00e1ndez Davila (BNG). <a class=\"mh-excerpt-more\" href=\"https:\/\/www.anovapeneira.gal\/index.php\/2021\/05\/03\/xose-represas-renuncia-a-alcaldia-de-ponteareas-por-razons-de-saude\/\" title=\"Xos\u00e9 Represas renuncia \u00e1 Alcald\u00eda de Ponteareas por raz\u00f3ns de sa\u00fade\">[&#8230;]<\/a><\/p>\n<\/div>","protected":false},"author":3,"featured_media":5305,"comment_status":"open","ping_status":"open","sticky":false,"template":"","format":"standard","meta":{"_exactmetrics_skip_tracking":false,"_exactmetrics_sitenote_active":false,"_exactmetrics_sitenote_note":"","_exactmetrics_sitenote_category":0,"footnotes":""},"categories":[25],"tags":[208],"class_list":{"0":"post-5304","1":"post","2":"type-post","3":"status-publish","4":"format-standard","5":"has-post-thumbnail","7":"category-condado","8":"tag-concello-de-ponteareas"},"yoast_head":"<!-- This site is optimized with the Yoast SEO plugin v27.4 - https:\/\/yoast.com\/product\/yoast-seo-wordpress\/ -->\n<title>Xos\u00e9 Represas renuncia \u00e1 Alcald\u00eda de Ponteareas por raz\u00f3ns de sa\u00fade -<\/title>\n<meta name=\"description\" content=\"O Alcalde de Ponteareas, o nacionalista Xos\u00e9 Represas, presentou a s\u00faa renuncia na ma\u00f1\u00e1 deste xoves por raz\u00f3ns de sa\u00fade. Represas estaba de baixa por enfermidade dende o pasado mes de decembro, ocupando a alcald\u00eda dende ent\u00f3n a primeira tenente de alcalde, Cristina Fern\u00e1ndez Davila (BNG).\" \/>\n<meta name=\"robots\" content=\"index, follow, max-snippet:-1, max-image-preview:large, max-video-preview:-1\" \/>\n<link rel=\"canonical\" href=\"https:\/\/www.anovapeneira.gal\/index.php\/2021\/05\/03\/xose-represas-renuncia-a-alcaldia-de-ponteareas-por-razons-de-saude\/\" \/>\n<meta property=\"og:locale\" content=\"gl_ES\" \/>\n<meta property=\"og:type\" content=\"article\" \/>\n<meta property=\"og:title\" content=\"Xos\u00e9 Represas renuncia \u00e1 Alcald\u00eda de Ponteareas por raz\u00f3ns de sa\u00fade -\" \/>\n<meta property=\"og:description\" content=\"O Alcalde de Ponteareas, o nacionalista Xos\u00e9 Represas, presentou a s\u00faa renuncia na ma\u00f1\u00e1 deste xoves por raz\u00f3ns de sa\u00fade. Represas estaba de baixa por enfermidade dende o pasado mes de decembro, ocupando a alcald\u00eda dende ent\u00f3n a primeira tenente de alcalde, Cristina Fern\u00e1ndez Davila (BNG).\" \/>\n<meta property=\"og:url\" content=\"https:\/\/www.anovapeneira.gal\/index.php\/2021\/05\/03\/xose-represas-renuncia-a-alcaldia-de-ponteareas-por-razons-de-saude\/\" \/>\n<meta property=\"article:publisher\" content=\"https:\/\/www.facebook.com\/anovapeneira\" \/>\n<meta property=\"article:published_time\" content=\"2021-05-03T10:00:52+00:00\" \/>\n<meta property=\"og:image\" content=\"https:\/\/www.anovapeneira.gal\/wp-content\/uploads\/2021\/05\/RepresasBNG.jpg\" \/>\n\t<meta property=\"og:image:width\" content=\"720\" \/>\n\t<meta property=\"og:image:height\" content=\"432\" \/>\n\t<meta property=\"og:image:type\" content=\"image\/jpeg\" \/>\n<meta name=\"author\" content=\"Redacci\u00f3n A Nova Peneira\" \/>\n<meta name=\"twitter:card\" content=\"summary_large_image\" \/>\n<meta name=\"twitter:creator\" content=\"@APeneira\" \/>\n<meta name=\"twitter:site\" content=\"@APeneira\" \/>\n<meta name=\"twitter:label1\" content=\"Escrito por\" \/>\n\t<meta name=\"twitter:data1\" content=\"Redacci\u00f3n A Nova Peneira\" \/>\n\t<meta name=\"twitter:label2\" content=\"Tempo de lectura\" \/>\n\t<meta name=\"twitter:data2\" content=\"2 minutos\" \/>\n<script type=\"application\/ld+json\" class=\"yoast-schema-graph\">{\"@context\":\"https:\\\/\\\/schema.org\",\"@graph\":[{\"@type\":\"Article\",\"@id\":\"https:\\\/\\\/www.anovapeneira.gal\\\/index.php\\\/2021\\\/05\\\/03\\\/xose-represas-renuncia-a-alcaldia-de-ponteareas-por-razons-de-saude\\\/#article\",\"isPartOf\":{\"@id\":\"https:\\\/\\\/www.anovapeneira.gal\\\/index.php\\\/2021\\\/05\\\/03\\\/xose-represas-renuncia-a-alcaldia-de-ponteareas-por-razons-de-saude\\\/\"},\"author\":{\"name\":\"Redacci\u00f3n A Nova Peneira\",\"@id\":\"https:\\\/\\\/www.anovapeneira.gal\\\/#\\\/schema\\\/person\\\/b93e3f8932e3f8da96334607eb6ac6aa\"},\"headline\":\"Xos\u00e9 Represas renuncia \u00e1 Alcald\u00eda de Ponteareas por raz\u00f3ns de sa\u00fade\",\"datePublished\":\"2021-05-03T10:00:52+00:00\",\"mainEntityOfPage\":{\"@id\":\"https:\\\/\\\/www.anovapeneira.gal\\\/index.php\\\/2021\\\/05\\\/03\\\/xose-represas-renuncia-a-alcaldia-de-ponteareas-por-razons-de-saude\\\/\"},\"wordCount\":381,\"commentCount\":0,\"publisher\":{\"@id\":\"https:\\\/\\\/www.anovapeneira.gal\\\/#organization\"},\"image\":{\"@id\":\"https:\\\/\\\/www.anovapeneira.gal\\\/index.php\\\/2021\\\/05\\\/03\\\/xose-represas-renuncia-a-alcaldia-de-ponteareas-por-razons-de-saude\\\/#primaryimage\"},\"thumbnailUrl\":\"https:\\\/\\\/www.anovapeneira.gal\\\/wp-content\\\/uploads\\\/2021\\\/05\\\/RepresasBNG.jpg\",\"keywords\":[\"Concello de Ponteareas\"],\"articleSection\":[\"Condado\"],\"inLanguage\":\"gl-ES\",\"potentialAction\":[{\"@type\":\"CommentAction\",\"name\":\"Comment\",\"target\":[\"https:\\\/\\\/www.anovapeneira.gal\\\/index.php\\\/2021\\\/05\\\/03\\\/xose-represas-renuncia-a-alcaldia-de-ponteareas-por-razons-de-saude\\\/#respond\"]}]},{\"@type\":\"WebPage\",\"@id\":\"https:\\\/\\\/www.anovapeneira.gal\\\/index.php\\\/2021\\\/05\\\/03\\\/xose-represas-renuncia-a-alcaldia-de-ponteareas-por-razons-de-saude\\\/\",\"url\":\"https:\\\/\\\/www.anovapeneira.gal\\\/index.php\\\/2021\\\/05\\\/03\\\/xose-represas-renuncia-a-alcaldia-de-ponteareas-por-razons-de-saude\\\/\",\"name\":\"Xos\u00e9 Represas renuncia \u00e1 Alcald\u00eda de Ponteareas por raz\u00f3ns de sa\u00fade -\",\"isPartOf\":{\"@id\":\"https:\\\/\\\/www.anovapeneira.gal\\\/#website\"},\"primaryImageOfPage\":{\"@id\":\"https:\\\/\\\/www.anovapeneira.gal\\\/index.php\\\/2021\\\/05\\\/03\\\/xose-represas-renuncia-a-alcaldia-de-ponteareas-por-razons-de-saude\\\/#primaryimage\"},\"image\":{\"@id\":\"https:\\\/\\\/www.anovapeneira.gal\\\/index.php\\\/2021\\\/05\\\/03\\\/xose-represas-renuncia-a-alcaldia-de-ponteareas-por-razons-de-saude\\\/#primaryimage\"},\"thumbnailUrl\":\"https:\\\/\\\/www.anovapeneira.gal\\\/wp-content\\\/uploads\\\/2021\\\/05\\\/RepresasBNG.jpg\",\"datePublished\":\"2021-05-03T10:00:52+00:00\",\"description\":\"O Alcalde de Ponteareas, o nacionalista Xos\u00e9 Represas, presentou a s\u00faa renuncia na ma\u00f1\u00e1 deste xoves por raz\u00f3ns de sa\u00fade. Represas estaba de baixa por enfermidade dende o pasado mes de decembro, ocupando a alcald\u00eda dende ent\u00f3n a primeira tenente de alcalde, Cristina Fern\u00e1ndez Davila (BNG).\",\"breadcrumb\":{\"@id\":\"https:\\\/\\\/www.anovapeneira.gal\\\/index.php\\\/2021\\\/05\\\/03\\\/xose-represas-renuncia-a-alcaldia-de-ponteareas-por-razons-de-saude\\\/#breadcrumb\"},\"inLanguage\":\"gl-ES\",\"potentialAction\":[{\"@type\":\"ReadAction\",\"target\":[\"https:\\\/\\\/www.anovapeneira.gal\\\/index.php\\\/2021\\\/05\\\/03\\\/xose-represas-renuncia-a-alcaldia-de-ponteareas-por-razons-de-saude\\\/\"]}]},{\"@type\":\"ImageObject\",\"inLanguage\":\"gl-ES\",\"@id\":\"https:\\\/\\\/www.anovapeneira.gal\\\/index.php\\\/2021\\\/05\\\/03\\\/xose-represas-renuncia-a-alcaldia-de-ponteareas-por-razons-de-saude\\\/#primaryimage\",\"url\":\"https:\\\/\\\/www.anovapeneira.gal\\\/wp-content\\\/uploads\\\/2021\\\/05\\\/RepresasBNG.jpg\",\"contentUrl\":\"https:\\\/\\\/www.anovapeneira.gal\\\/wp-content\\\/uploads\\\/2021\\\/05\\\/RepresasBNG.jpg\",\"width\":720,\"height\":432,\"caption\":\"Represas Concello de Ponteareas\"},{\"@type\":\"BreadcrumbList\",\"@id\":\"https:\\\/\\\/www.anovapeneira.gal\\\/index.php\\\/2021\\\/05\\\/03\\\/xose-represas-renuncia-a-alcaldia-de-ponteareas-por-razons-de-saude\\\/#breadcrumb\",\"itemListElement\":[{\"@type\":\"ListItem\",\"position\":1,\"name\":\"Portada\",\"item\":\"https:\\\/\\\/www.anovapeneira.gal\\\/\"},{\"@type\":\"ListItem\",\"position\":2,\"name\":\"Xos\u00e9 Represas renuncia \u00e1 Alcald\u00eda de Ponteareas por raz\u00f3ns de sa\u00fade\"}]},{\"@type\":\"WebSite\",\"@id\":\"https:\\\/\\\/www.anovapeneira.gal\\\/#website\",\"url\":\"https:\\\/\\\/www.anovapeneira.gal\\\/\",\"name\":\"\",\"description\":\"Xornal galego de informaci\u00f3n xeral Publicaci\u00f3n mensual de novas de Galicia e en especial dos Concellos da sur da provincia de Pontevedra.\",\"publisher\":{\"@id\":\"https:\\\/\\\/www.anovapeneira.gal\\\/#organization\"},\"potentialAction\":[{\"@type\":\"SearchAction\",\"target\":{\"@type\":\"EntryPoint\",\"urlTemplate\":\"https:\\\/\\\/www.anovapeneira.gal\\\/?s={search_term_string}\"},\"query-input\":{\"@type\":\"PropertyValueSpecification\",\"valueRequired\":true,\"valueName\":\"search_term_string\"}}],\"inLanguage\":\"gl-ES\"},{\"@type\":\"Organization\",\"@id\":\"https:\\\/\\\/www.anovapeneira.gal\\\/#organization\",\"name\":\"A Nova Peneira\",\"url\":\"https:\\\/\\\/www.anovapeneira.gal\\\/\",\"logo\":{\"@type\":\"ImageObject\",\"inLanguage\":\"gl-ES\",\"@id\":\"https:\\\/\\\/www.anovapeneira.gal\\\/#\\\/schema\\\/logo\\\/image\\\/\",\"url\":\"http:\\\/\\\/www.anovapeneira.gal\\\/wp-content\\\/uploads\\\/2019\\\/06\\\/logo_a_nova_peneira_portal_web.png\",\"contentUrl\":\"http:\\\/\\\/www.anovapeneira.gal\\\/wp-content\\\/uploads\\\/2019\\\/06\\\/logo_a_nova_peneira_portal_web.png\",\"width\":300,\"height\":100,\"caption\":\"A Nova Peneira\"},\"image\":{\"@id\":\"https:\\\/\\\/www.anovapeneira.gal\\\/#\\\/schema\\\/logo\\\/image\\\/\"},\"sameAs\":[\"https:\\\/\\\/www.facebook.com\\\/anovapeneira\",\"https:\\\/\\\/x.com\\\/APeneira\"]},{\"@type\":\"Person\",\"@id\":\"https:\\\/\\\/www.anovapeneira.gal\\\/#\\\/schema\\\/person\\\/b93e3f8932e3f8da96334607eb6ac6aa\",\"name\":\"Redacci\u00f3n A Nova Peneira\",\"image\":{\"@type\":\"ImageObject\",\"inLanguage\":\"gl-ES\",\"@id\":\"https:\\\/\\\/secure.gravatar.com\\\/avatar\\\/c052a2551a06e23fac63626232eaa90abd78dbcf1700fc46a2b2c89fd27b735f?s=96&d=mm&r=g\",\"url\":\"https:\\\/\\\/secure.gravatar.com\\\/avatar\\\/c052a2551a06e23fac63626232eaa90abd78dbcf1700fc46a2b2c89fd27b735f?s=96&d=mm&r=g\",\"contentUrl\":\"https:\\\/\\\/secure.gravatar.com\\\/avatar\\\/c052a2551a06e23fac63626232eaa90abd78dbcf1700fc46a2b2c89fd27b735f?s=96&d=mm&r=g\",\"caption\":\"Redacci\u00f3n A Nova Peneira\"},\"sameAs\":[\"http:\\\/\\\/www.anovapeneira.gal\\\/\"],\"url\":\"https:\\\/\\\/www.anovapeneira.gal\\\/index.php\\\/author\\\/redactor\\\/\"}]}<\/script>\n<!-- \/ Yoast SEO plugin. -->","yoast_head_json":{"title":"Xos\u00e9 Represas renuncia \u00e1 Alcald\u00eda de Ponteareas por raz\u00f3ns de sa\u00fade -","description":"O Alcalde de Ponteareas, o nacionalista Xos\u00e9 Represas, presentou a s\u00faa renuncia na ma\u00f1\u00e1 deste xoves por raz\u00f3ns de sa\u00fade. Represas estaba de baixa por enfermidade dende o pasado mes de decembro, ocupando a alcald\u00eda dende ent\u00f3n a primeira tenente de alcalde, Cristina Fern\u00e1ndez Davila (BNG).","robots":{"index":"index","follow":"follow","max-snippet":"max-snippet:-1","max-image-preview":"max-image-preview:large","max-video-preview":"max-video-preview:-1"},"canonical":"https:\/\/www.anovapeneira.gal\/index.php\/2021\/05\/03\/xose-represas-renuncia-a-alcaldia-de-ponteareas-por-razons-de-saude\/","og_locale":"gl_ES","og_type":"article","og_title":"Xos\u00e9 Represas renuncia \u00e1 Alcald\u00eda de Ponteareas por raz\u00f3ns de sa\u00fade -","og_description":"O Alcalde de Ponteareas, o nacionalista Xos\u00e9 Represas, presentou a s\u00faa renuncia na ma\u00f1\u00e1 deste xoves por raz\u00f3ns de sa\u00fade. Represas estaba de baixa por enfermidade dende o pasado mes de decembro, ocupando a alcald\u00eda dende ent\u00f3n a primeira tenente de alcalde, Cristina Fern\u00e1ndez Davila (BNG).","og_url":"https:\/\/www.anovapeneira.gal\/index.php\/2021\/05\/03\/xose-represas-renuncia-a-alcaldia-de-ponteareas-por-razons-de-saude\/","article_publisher":"https:\/\/www.facebook.com\/anovapeneira","article_published_time":"2021-05-03T10:00:52+00:00","og_image":[{"width":720,"height":432,"url":"https:\/\/www.anovapeneira.gal\/wp-content\/uploads\/2021\/05\/RepresasBNG.jpg","type":"image\/jpeg"}],"author":"Redacci\u00f3n A Nova Peneira","twitter_card":"summary_large_image","twitter_creator":"@APeneira","twitter_site":"@APeneira","twitter_misc":{"Escrito por":"Redacci\u00f3n A Nova Peneira","Tempo de lectura":"2 minutos"},"schema":{"@context":"https:\/\/schema.org","@graph":[{"@type":"Article","@id":"https:\/\/www.anovapeneira.gal\/index.php\/2021\/05\/03\/xose-represas-renuncia-a-alcaldia-de-ponteareas-por-razons-de-saude\/#article","isPartOf":{"@id":"https:\/\/www.anovapeneira.gal\/index.php\/2021\/05\/03\/xose-represas-renuncia-a-alcaldia-de-ponteareas-por-razons-de-saude\/"},"author":{"name":"Redacci\u00f3n A Nova Peneira","@id":"https:\/\/www.anovapeneira.gal\/#\/schema\/person\/b93e3f8932e3f8da96334607eb6ac6aa"},"headline":"Xos\u00e9 Represas renuncia \u00e1 Alcald\u00eda de Ponteareas por raz\u00f3ns de sa\u00fade","datePublished":"2021-05-03T10:00:52+00:00","mainEntityOfPage":{"@id":"https:\/\/www.anovapeneira.gal\/index.php\/2021\/05\/03\/xose-represas-renuncia-a-alcaldia-de-ponteareas-por-razons-de-saude\/"},"wordCount":381,"commentCount":0,"publisher":{"@id":"https:\/\/www.anovapeneira.gal\/#organization"},"image":{"@id":"https:\/\/www.anovapeneira.gal\/index.php\/2021\/05\/03\/xose-represas-renuncia-a-alcaldia-de-ponteareas-por-razons-de-saude\/#primaryimage"},"thumbnailUrl":"https:\/\/www.anovapeneira.gal\/wp-content\/uploads\/2021\/05\/RepresasBNG.jpg","keywords":["Concello de Ponteareas"],"articleSection":["Condado"],"inLanguage":"gl-ES","potentialAction":[{"@type":"CommentAction","name":"Comment","target":["https:\/\/www.anovapeneira.gal\/index.php\/2021\/05\/03\/xose-represas-renuncia-a-alcaldia-de-ponteareas-por-razons-de-saude\/#respond"]}]},{"@type":"WebPage","@id":"https:\/\/www.anovapeneira.gal\/index.php\/2021\/05\/03\/xose-represas-renuncia-a-alcaldia-de-ponteareas-por-razons-de-saude\/","url":"https:\/\/www.anovapeneira.gal\/index.php\/2021\/05\/03\/xose-represas-renuncia-a-alcaldia-de-ponteareas-por-razons-de-saude\/","name":"Xos\u00e9 Represas renuncia \u00e1 Alcald\u00eda de Ponteareas por raz\u00f3ns de sa\u00fade -","isPartOf":{"@id":"https:\/\/www.anovapeneira.gal\/#website"},"primaryImageOfPage":{"@id":"https:\/\/www.anovapeneira.gal\/index.php\/2021\/05\/03\/xose-represas-renuncia-a-alcaldia-de-ponteareas-por-razons-de-saude\/#primaryimage"},"image":{"@id":"https:\/\/www.anovapeneira.gal\/index.php\/2021\/05\/03\/xose-represas-renuncia-a-alcaldia-de-ponteareas-por-razons-de-saude\/#primaryimage"},"thumbnailUrl":"https:\/\/www.anovapeneira.gal\/wp-content\/uploads\/2021\/05\/RepresasBNG.jpg","datePublished":"2021-05-03T10:00:52+00:00","description":"O Alcalde de Ponteareas, o nacionalista Xos\u00e9 Represas, presentou a s\u00faa renuncia na ma\u00f1\u00e1 deste xoves por raz\u00f3ns de sa\u00fade. Represas estaba de baixa por enfermidade dende o pasado mes de decembro, ocupando a alcald\u00eda dende ent\u00f3n a primeira tenente de alcalde, Cristina Fern\u00e1ndez Davila (BNG).","breadcrumb":{"@id":"https:\/\/www.anovapeneira.gal\/index.php\/2021\/05\/03\/xose-represas-renuncia-a-alcaldia-de-ponteareas-por-razons-de-saude\/#breadcrumb"},"inLanguage":"gl-ES","potentialAction":[{"@type":"ReadAction","target":["https:\/\/www.anovapeneira.gal\/index.php\/2021\/05\/03\/xose-represas-renuncia-a-alcaldia-de-ponteareas-por-razons-de-saude\/"]}]},{"@type":"ImageObject","inLanguage":"gl-ES","@id":"https:\/\/www.anovapeneira.gal\/index.php\/2021\/05\/03\/xose-represas-renuncia-a-alcaldia-de-ponteareas-por-razons-de-saude\/#primaryimage","url":"https:\/\/www.anovapeneira.gal\/wp-content\/uploads\/2021\/05\/RepresasBNG.jpg","contentUrl":"https:\/\/www.anovapeneira.gal\/wp-content\/uploads\/2021\/05\/RepresasBNG.jpg","width":720,"height":432,"caption":"Represas Concello de Ponteareas"},{"@type":"BreadcrumbList","@id":"https:\/\/www.anovapeneira.gal\/index.php\/2021\/05\/03\/xose-represas-renuncia-a-alcaldia-de-ponteareas-por-razons-de-saude\/#breadcrumb","itemListElement":[{"@type":"ListItem","position":1,"name":"Portada","item":"https:\/\/www.anovapeneira.gal\/"},{"@type":"ListItem","position":2,"name":"Xos\u00e9 Represas renuncia \u00e1 Alcald\u00eda de Ponteareas por raz\u00f3ns de sa\u00fade"}]},{"@type":"WebSite","@id":"https:\/\/www.anovapeneira.gal\/#website","url":"https:\/\/www.anovapeneira.gal\/","name":"","description":"Xornal galego de informaci\u00f3n xeral Publicaci\u00f3n mensual de novas de Galicia e en especial dos Concellos da sur da provincia de Pontevedra.","publisher":{"@id":"https:\/\/www.anovapeneira.gal\/#organization"},"potentialAction":[{"@type":"SearchAction","target":{"@type":"EntryPoint","urlTemplate":"https:\/\/www.anovapeneira.gal\/?s={search_term_string}"},"query-input":{"@type":"PropertyValueSpecification","valueRequired":true,"valueName":"search_term_string"}}],"inLanguage":"gl-ES"},{"@type":"Organization","@id":"https:\/\/www.anovapeneira.gal\/#organization","name":"A Nova Peneira","url":"https:\/\/www.anovapeneira.gal\/","logo":{"@type":"ImageObject","inLanguage":"gl-ES","@id":"https:\/\/www.anovapeneira.gal\/#\/schema\/logo\/image\/","url":"http:\/\/www.anovapeneira.gal\/wp-content\/uploads\/2019\/06\/logo_a_nova_peneira_portal_web.png","contentUrl":"http:\/\/www.anovapeneira.gal\/wp-content\/uploads\/2019\/06\/logo_a_nova_peneira_portal_web.png","width":300,"height":100,"caption":"A Nova Peneira"},"image":{"@id":"https:\/\/www.anovapeneira.gal\/#\/schema\/logo\/image\/"},"sameAs":["https:\/\/www.facebook.com\/anovapeneira","https:\/\/x.com\/APeneira"]},{"@type":"Person","@id":"https:\/\/www.anovapeneira.gal\/#\/schema\/person\/b93e3f8932e3f8da96334607eb6ac6aa","name":"Redacci\u00f3n A Nova Peneira","image":{"@type":"ImageObject","inLanguage":"gl-ES","@id":"https:\/\/secure.gravatar.com\/avatar\/c052a2551a06e23fac63626232eaa90abd78dbcf1700fc46a2b2c89fd27b735f?s=96&d=mm&r=g","url":"https:\/\/secure.gravatar.com\/avatar\/c052a2551a06e23fac63626232eaa90abd78dbcf1700fc46a2b2c89fd27b735f?s=96&d=mm&r=g","contentUrl":"https:\/\/secure.gravatar.com\/avatar\/c052a2551a06e23fac63626232eaa90abd78dbcf1700fc46a2b2c89fd27b735f?s=96&d=mm&r=g","caption":"Redacci\u00f3n A Nova Peneira"},"sameAs":["http:\/\/www.anovapeneira.gal\/"],"url":"https:\/\/www.anovapeneira.gal\/index.php\/author\/redactor\/"}]}},"jetpack_featured_media_url":"https:\/\/www.anovapeneira.gal\/wp-content\/uploads\/2021\/05\/RepresasBNG.jpg","_links":{"self":[{"href":"https:\/\/www.anovapeneira.gal\/index.php\/wp-json\/wp\/v2\/posts\/5304","targetHints":{"allow":["GET"]}}],"collection":[{"href":"https:\/\/www.anovapeneira.gal\/index.php\/wp-json\/wp\/v2\/posts"}],"about":[{"href":"https:\/\/www.anovapeneira.gal\/index.php\/wp-json\/wp\/v2\/types\/post"}],"author":[{"embeddable":true,"href":"https:\/\/www.anovapeneira.gal\/index.php\/wp-json\/wp\/v2\/users\/3"}],"replies":[{"embeddable":true,"href":"https:\/\/www.anovapeneira.gal\/index.php\/wp-json\/wp\/v2\/comments?post=5304"}],"version-history":[{"count":1,"href":"https:\/\/www.anovapeneira.gal\/index.php\/wp-json\/wp\/v2\/posts\/5304\/revisions"}],"predecessor-version":[{"id":5306,"href":"https:\/\/www.anovapeneira.gal\/index.php\/wp-json\/wp\/v2\/posts\/5304\/revisions\/5306"}],"wp:featuredmedia":[{"embeddable":true,"href":"https:\/\/www.anovapeneira.gal\/index.php\/wp-json\/wp\/v2\/media\/5305"}],"wp:attachment":[{"href":"https:\/\/www.anovapeneira.gal\/index.php\/wp-json\/wp\/v2\/media?parent=5304"}],"wp:term":[{"taxonomy":"category","embeddable":true,"href":"https:\/\/www.anovapeneira.gal\/index.php\/wp-json\/wp\/v2\/categories?post=5304"},{"taxonomy":"post_tag","embeddable":true,"href":"https:\/\/www.anovapeneira.gal\/index.php\/wp-json\/wp\/v2\/tags?post=5304"}],"curies":[{"name":"wp","href":"https:\/\/api.w.org\/{rel}","templated":true}]}}