{"id":5307,"date":"2021-05-04T10:00:49","date_gmt":"2021-05-04T08:00:49","guid":{"rendered":"http:\/\/www.anovapeneira.gal\/?p=5307"},"modified":"2021-05-02T22:24:18","modified_gmt":"2021-05-02T20:24:18","slug":"maio-chega-ao-rosal-cargado-de-actividades-culturais","status":"publish","type":"post","link":"https:\/\/www.anovapeneira.gal\/index.php\/2021\/05\/04\/maio-chega-ao-rosal-cargado-de-actividades-culturais\/","title":{"rendered":"Maio chega ao Rosal cargado de actividades culturais"},"content":{"rendered":"\n<p><strong>A primeira cita ser\u00e1 este domingo 2 de maio (19 h) no Auditorio Municipal co espect\u00e1culo de monicreques \u2018O traxe novo do rei\u2019<\/strong><\/p>\n\n\n\n<p><strong>O Rosal, 29 de abril de 2021<\/strong><\/p>\n\n\n\n<p><strong>Maio<\/strong> chega ao Rosal <strong>cargado de actividades culturais de balde para todos os p\u00fablicos<\/strong>: monicreques, m\u00fasica, unha exposici\u00f3n e mesmo un espect\u00e1culo de tradici\u00f3n oral e palabras cruzadas con tres reco\u00f1ecidos narradores. A primeira cita ser\u00e1 este <strong>domingo 2 de maio \u00e1s 19.00 horas no Auditorio Municipal<\/strong> rosaleiro, onde o p\u00fablico poder\u00e1 desfrutar do <strong>espect\u00e1culo de monicreques<\/strong> de Tarabelos <strong>\u2018O traxe novo do rei\u2019<\/strong>.<\/p>\n\n\n\n<p>Retallos dos contos de sempre con esta historia sobre un traxe especial para un rei especial, un traxe novo e m\u00e1xico que promet\u00eda ser un capricho inigualabre e unha ferramenta perfecta para saber o nivel de intelixencia de calquera habitante da corte. Pero&#8230; funcionar\u00e1? Xa se pode <a href=\"https:\/\/portal.concellodorosal.es\/reservas\/espectaculo-de-monicreques-o-traxe-novo-do-rei\/\"><strong>reservar entrada na web municipal<\/strong><\/a> para descubrir como remata a historia.<\/p>\n\n\n\n<figure class=\"wp-block-image size-large\"><img loading=\"lazy\" decoding=\"async\" width=\"724\" height=\"1024\" src=\"http:\/\/www.anovapeneira.gal\/wp-content\/uploads\/2021\/05\/O-TRAXE-NOVO-DO-REI-A4-724x1024.jpg\" alt=\"\" class=\"wp-image-5308\" srcset=\"https:\/\/www.anovapeneira.gal\/wp-content\/uploads\/2021\/05\/O-TRAXE-NOVO-DO-REI-A4-724x1024.jpg 724w, https:\/\/www.anovapeneira.gal\/wp-content\/uploads\/2021\/05\/O-TRAXE-NOVO-DO-REI-A4-212x300.jpg 212w, https:\/\/www.anovapeneira.gal\/wp-content\/uploads\/2021\/05\/O-TRAXE-NOVO-DO-REI-A4-768x1086.jpg 768w, https:\/\/www.anovapeneira.gal\/wp-content\/uploads\/2021\/05\/O-TRAXE-NOVO-DO-REI-A4-1086x1536.jpg 1086w, https:\/\/www.anovapeneira.gal\/wp-content\/uploads\/2021\/05\/O-TRAXE-NOVO-DO-REI-A4.jpg 1240w\" sizes=\"auto, (max-width: 724px) 100vw, 724px\" \/><\/figure>\n\n\n\n<p>O <strong>domingo 9 de maio<\/strong> ser\u00e1 a seguinte cita na axenda cultural coa celebraci\u00f3n do <strong>Concerto 35 aniversario organizado pola Agrupaci\u00f3n Musical do Rosal<\/strong>. Ser\u00e1 \u00e1s 18.00 horas na Praza do Calvario. Neste mesmo escenario desenvolveranse as actuaci\u00f3ns musicais do <strong>luns 17 de maio<\/strong> (19.00 h), nas que participar\u00e1 o <strong>Coro infantil da Agrupaci\u00f3n Musical do Rosal, Orballo e Lirolai<\/strong>.<\/p>\n\n\n\n<p>A \u00faltima actuaci\u00f3n ter\u00e1 lugar o <strong>domingo 23 de maio<\/strong> e correr\u00e1 a cargo <strong>de Quico Cadaval, Celso Sanmart\u00edn e Jos\u00e9 Luis Guti\u00e9rrez, <\/strong><em><strong>Guti<\/strong><\/em><strong>.<\/strong> Os narradores <strong>protagonizar\u00e1n \u2018Tres vellas (polo menos)\u2019<\/strong>, un espect\u00e1culo no que compartir\u00e1n co p\u00fablico as historias que lles contaron a eles varias vellas, fermosas narraci\u00f3ns de mulleres sobre mulleres coas que se busca rescatar o relato daquelas persoas de idade avanzada \u00e1s que moitas veces se lle nega a voz para que a s\u00faa memoria, sabedor\u00eda e esencia non se perda. Ter\u00e1 lugar no Auditorio Municipal \u00e1s 19.00 h.<\/p>\n\n\n\n<p>As actividades completaranse cunha <strong>exposici\u00f3n das l\u00e1minas<\/strong> <strong>da escritora, poeta e tradutora Xela Arias<\/strong>, a quen se lle dedica este ano o D\u00eda das Letras Galegas. A mostra poder\u00e1 vese <strong>na Praza do Calvario do 10 ao 23 de maio<\/strong>.<\/p>\n\n\n\n<p>Todas as actuaci\u00f3ns ter\u00e1n aforo limitado e desenvolveranse cumprindo con todas as medidas e protocolos de seguridade marcados polas autoridades sanitarias.<\/p>\n\n\n\n<figure class=\"wp-block-image size-large\"><img loading=\"lazy\" decoding=\"async\" width=\"724\" height=\"1024\" src=\"http:\/\/www.anovapeneira.gal\/wp-content\/uploads\/2021\/05\/CARTAZ-AXENDA-MAIO-2021-1-724x1024.jpg\" alt=\"\" class=\"wp-image-5309\" srcset=\"https:\/\/www.anovapeneira.gal\/wp-content\/uploads\/2021\/05\/CARTAZ-AXENDA-MAIO-2021-1-724x1024.jpg 724w, https:\/\/www.anovapeneira.gal\/wp-content\/uploads\/2021\/05\/CARTAZ-AXENDA-MAIO-2021-1-212x300.jpg 212w, https:\/\/www.anovapeneira.gal\/wp-content\/uploads\/2021\/05\/CARTAZ-AXENDA-MAIO-2021-1-768x1086.jpg 768w, https:\/\/www.anovapeneira.gal\/wp-content\/uploads\/2021\/05\/CARTAZ-AXENDA-MAIO-2021-1-1086x1536.jpg 1086w, https:\/\/www.anovapeneira.gal\/wp-content\/uploads\/2021\/05\/CARTAZ-AXENDA-MAIO-2021-1.jpg 1240w\" sizes=\"auto, (max-width: 724px) 100vw, 724px\" \/><\/figure>\n\n\n\n<p><\/p>\n","protected":false},"excerpt":{"rendered":"<div class=\"mh-excerpt\"><p>Maio chega ao Rosal cargado de actividades culturais de balde para todos os p\u00fablicos: monicreques, m\u00fasica, unha exposici\u00f3n e mesmo un espect\u00e1culo de tradici\u00f3n oral e palabras cruzadas con tres reco\u00f1ecidos narradores. A primeira cita ser\u00e1 este domingo 2 de maio \u00e1s 19.00 horas no Auditorio Municipal rosaleiro, onde o p\u00fablico poder\u00e1 desfrutar do espect\u00e1culo de monicreques de Tarabelos \u2018O traxe novo do rei\u2019 <a class=\"mh-excerpt-more\" href=\"https:\/\/www.anovapeneira.gal\/index.php\/2021\/05\/04\/maio-chega-ao-rosal-cargado-de-actividades-culturais\/\" title=\"Maio chega ao Rosal cargado de actividades culturais\">[&#8230;]<\/a><\/p>\n<\/div>","protected":false},"author":3,"featured_media":5311,"comment_status":"open","ping_status":"open","sticky":false,"template":"","format":"standard","meta":{"_exactmetrics_skip_tracking":false,"_exactmetrics_sitenote_active":false,"_exactmetrics_sitenote_note":"","_exactmetrics_sitenote_category":0,"footnotes":""},"categories":[21],"tags":[131],"class_list":{"0":"post-5307","1":"post","2":"type-post","3":"status-publish","4":"format-standard","5":"has-post-thumbnail","7":"category-baixo-mino","8":"tag-concello-do-rosal"},"yoast_head":"<!-- This site is optimized with the Yoast SEO plugin v27.4 - https:\/\/yoast.com\/product\/yoast-seo-wordpress\/ -->\n<title>Maio chega ao Rosal cargado de actividades culturais -<\/title>\n<meta name=\"description\" content=\"Maio chega ao Rosal cargado de actividades culturais de balde para todos os p\u00fablicos: monicreques, m\u00fasica, unha exposici\u00f3n e mesmo un espect\u00e1culo de tradici\u00f3n oral e palabras cruzadas con tres reco\u00f1ecidos narradores. A primeira cita ser\u00e1 este domingo 2 de maio \u00e1s 19.00 horas no Auditorio Municipal rosaleiro, onde o p\u00fablico poder\u00e1 desfrutar do espect\u00e1culo de monicreques de Tarabelos \u2018O traxe novo do rei\u2019.\" \/>\n<meta name=\"robots\" content=\"index, follow, max-snippet:-1, max-image-preview:large, max-video-preview:-1\" \/>\n<link rel=\"canonical\" href=\"https:\/\/www.anovapeneira.gal\/index.php\/2021\/05\/04\/maio-chega-ao-rosal-cargado-de-actividades-culturais\/\" \/>\n<meta property=\"og:locale\" content=\"gl_ES\" \/>\n<meta property=\"og:type\" content=\"article\" \/>\n<meta property=\"og:title\" content=\"Maio chega ao Rosal cargado de actividades culturais -\" \/>\n<meta property=\"og:description\" content=\"Maio chega ao Rosal cargado de actividades culturais de balde para todos os p\u00fablicos: monicreques, m\u00fasica, unha exposici\u00f3n e mesmo un espect\u00e1culo de tradici\u00f3n oral e palabras cruzadas con tres reco\u00f1ecidos narradores. A primeira cita ser\u00e1 este domingo 2 de maio \u00e1s 19.00 horas no Auditorio Municipal rosaleiro, onde o p\u00fablico poder\u00e1 desfrutar do espect\u00e1culo de monicreques de Tarabelos \u2018O traxe novo do rei\u2019.\" \/>\n<meta property=\"og:url\" content=\"https:\/\/www.anovapeneira.gal\/index.php\/2021\/05\/04\/maio-chega-ao-rosal-cargado-de-actividades-culturais\/\" \/>\n<meta property=\"article:publisher\" content=\"https:\/\/www.facebook.com\/anovapeneira\" \/>\n<meta property=\"article:published_time\" content=\"2021-05-04T08:00:49+00:00\" \/>\n<meta property=\"og:image\" content=\"https:\/\/www.anovapeneira.gal\/wp-content\/uploads\/2021\/05\/maio_rosal.jpg\" \/>\n\t<meta property=\"og:image:width\" content=\"720\" \/>\n\t<meta property=\"og:image:height\" content=\"432\" \/>\n\t<meta property=\"og:image:type\" content=\"image\/jpeg\" \/>\n<meta name=\"author\" content=\"Redacci\u00f3n A Nova Peneira\" \/>\n<meta name=\"twitter:card\" content=\"summary_large_image\" \/>\n<meta name=\"twitter:creator\" content=\"@APeneira\" \/>\n<meta name=\"twitter:site\" content=\"@APeneira\" \/>\n<meta name=\"twitter:label1\" content=\"Escrito por\" \/>\n\t<meta name=\"twitter:data1\" content=\"Redacci\u00f3n A Nova Peneira\" \/>\n\t<meta name=\"twitter:label2\" content=\"Tempo de lectura\" \/>\n\t<meta name=\"twitter:data2\" content=\"3 minutos\" \/>\n<script type=\"application\/ld+json\" class=\"yoast-schema-graph\">{\"@context\":\"https:\\\/\\\/schema.org\",\"@graph\":[{\"@type\":\"Article\",\"@id\":\"https:\\\/\\\/www.anovapeneira.gal\\\/index.php\\\/2021\\\/05\\\/04\\\/maio-chega-ao-rosal-cargado-de-actividades-culturais\\\/#article\",\"isPartOf\":{\"@id\":\"https:\\\/\\\/www.anovapeneira.gal\\\/index.php\\\/2021\\\/05\\\/04\\\/maio-chega-ao-rosal-cargado-de-actividades-culturais\\\/\"},\"author\":{\"name\":\"Redacci\u00f3n A Nova Peneira\",\"@id\":\"https:\\\/\\\/www.anovapeneira.gal\\\/#\\\/schema\\\/person\\\/b93e3f8932e3f8da96334607eb6ac6aa\"},\"headline\":\"Maio chega ao Rosal cargado de actividades culturais\",\"datePublished\":\"2021-05-04T08:00:49+00:00\",\"mainEntityOfPage\":{\"@id\":\"https:\\\/\\\/www.anovapeneira.gal\\\/index.php\\\/2021\\\/05\\\/04\\\/maio-chega-ao-rosal-cargado-de-actividades-culturais\\\/\"},\"wordCount\":389,\"commentCount\":0,\"publisher\":{\"@id\":\"https:\\\/\\\/www.anovapeneira.gal\\\/#organization\"},\"image\":{\"@id\":\"https:\\\/\\\/www.anovapeneira.gal\\\/index.php\\\/2021\\\/05\\\/04\\\/maio-chega-ao-rosal-cargado-de-actividades-culturais\\\/#primaryimage\"},\"thumbnailUrl\":\"https:\\\/\\\/www.anovapeneira.gal\\\/wp-content\\\/uploads\\\/2021\\\/05\\\/maio_rosal.jpg\",\"keywords\":[\"Concello do Rosal\"],\"articleSection\":[\"Baixo Mi\u00f1o\"],\"inLanguage\":\"gl-ES\",\"potentialAction\":[{\"@type\":\"CommentAction\",\"name\":\"Comment\",\"target\":[\"https:\\\/\\\/www.anovapeneira.gal\\\/index.php\\\/2021\\\/05\\\/04\\\/maio-chega-ao-rosal-cargado-de-actividades-culturais\\\/#respond\"]}]},{\"@type\":\"WebPage\",\"@id\":\"https:\\\/\\\/www.anovapeneira.gal\\\/index.php\\\/2021\\\/05\\\/04\\\/maio-chega-ao-rosal-cargado-de-actividades-culturais\\\/\",\"url\":\"https:\\\/\\\/www.anovapeneira.gal\\\/index.php\\\/2021\\\/05\\\/04\\\/maio-chega-ao-rosal-cargado-de-actividades-culturais\\\/\",\"name\":\"Maio chega ao Rosal cargado de actividades culturais -\",\"isPartOf\":{\"@id\":\"https:\\\/\\\/www.anovapeneira.gal\\\/#website\"},\"primaryImageOfPage\":{\"@id\":\"https:\\\/\\\/www.anovapeneira.gal\\\/index.php\\\/2021\\\/05\\\/04\\\/maio-chega-ao-rosal-cargado-de-actividades-culturais\\\/#primaryimage\"},\"image\":{\"@id\":\"https:\\\/\\\/www.anovapeneira.gal\\\/index.php\\\/2021\\\/05\\\/04\\\/maio-chega-ao-rosal-cargado-de-actividades-culturais\\\/#primaryimage\"},\"thumbnailUrl\":\"https:\\\/\\\/www.anovapeneira.gal\\\/wp-content\\\/uploads\\\/2021\\\/05\\\/maio_rosal.jpg\",\"datePublished\":\"2021-05-04T08:00:49+00:00\",\"description\":\"Maio chega ao Rosal cargado de actividades culturais de balde para todos os p\u00fablicos: monicreques, m\u00fasica, unha exposici\u00f3n e mesmo un espect\u00e1culo de tradici\u00f3n oral e palabras cruzadas con tres reco\u00f1ecidos narradores. A primeira cita ser\u00e1 este domingo 2 de maio \u00e1s 19.00 horas no Auditorio Municipal rosaleiro, onde o p\u00fablico poder\u00e1 desfrutar do espect\u00e1culo de monicreques de Tarabelos \u2018O traxe novo do rei\u2019.\",\"breadcrumb\":{\"@id\":\"https:\\\/\\\/www.anovapeneira.gal\\\/index.php\\\/2021\\\/05\\\/04\\\/maio-chega-ao-rosal-cargado-de-actividades-culturais\\\/#breadcrumb\"},\"inLanguage\":\"gl-ES\",\"potentialAction\":[{\"@type\":\"ReadAction\",\"target\":[\"https:\\\/\\\/www.anovapeneira.gal\\\/index.php\\\/2021\\\/05\\\/04\\\/maio-chega-ao-rosal-cargado-de-actividades-culturais\\\/\"]}]},{\"@type\":\"ImageObject\",\"inLanguage\":\"gl-ES\",\"@id\":\"https:\\\/\\\/www.anovapeneira.gal\\\/index.php\\\/2021\\\/05\\\/04\\\/maio-chega-ao-rosal-cargado-de-actividades-culturais\\\/#primaryimage\",\"url\":\"https:\\\/\\\/www.anovapeneira.gal\\\/wp-content\\\/uploads\\\/2021\\\/05\\\/maio_rosal.jpg\",\"contentUrl\":\"https:\\\/\\\/www.anovapeneira.gal\\\/wp-content\\\/uploads\\\/2021\\\/05\\\/maio_rosal.jpg\",\"width\":720,\"height\":432,\"caption\":\"Actividade cultural Maio Concello do Rosal\"},{\"@type\":\"BreadcrumbList\",\"@id\":\"https:\\\/\\\/www.anovapeneira.gal\\\/index.php\\\/2021\\\/05\\\/04\\\/maio-chega-ao-rosal-cargado-de-actividades-culturais\\\/#breadcrumb\",\"itemListElement\":[{\"@type\":\"ListItem\",\"position\":1,\"name\":\"Portada\",\"item\":\"https:\\\/\\\/www.anovapeneira.gal\\\/\"},{\"@type\":\"ListItem\",\"position\":2,\"name\":\"Maio chega ao Rosal cargado de actividades culturais\"}]},{\"@type\":\"WebSite\",\"@id\":\"https:\\\/\\\/www.anovapeneira.gal\\\/#website\",\"url\":\"https:\\\/\\\/www.anovapeneira.gal\\\/\",\"name\":\"\",\"description\":\"Xornal galego de informaci\u00f3n xeral Publicaci\u00f3n mensual de novas de Galicia e en especial dos Concellos da sur da provincia de Pontevedra.\",\"publisher\":{\"@id\":\"https:\\\/\\\/www.anovapeneira.gal\\\/#organization\"},\"potentialAction\":[{\"@type\":\"SearchAction\",\"target\":{\"@type\":\"EntryPoint\",\"urlTemplate\":\"https:\\\/\\\/www.anovapeneira.gal\\\/?s={search_term_string}\"},\"query-input\":{\"@type\":\"PropertyValueSpecification\",\"valueRequired\":true,\"valueName\":\"search_term_string\"}}],\"inLanguage\":\"gl-ES\"},{\"@type\":\"Organization\",\"@id\":\"https:\\\/\\\/www.anovapeneira.gal\\\/#organization\",\"name\":\"A Nova Peneira\",\"url\":\"https:\\\/\\\/www.anovapeneira.gal\\\/\",\"logo\":{\"@type\":\"ImageObject\",\"inLanguage\":\"gl-ES\",\"@id\":\"https:\\\/\\\/www.anovapeneira.gal\\\/#\\\/schema\\\/logo\\\/image\\\/\",\"url\":\"http:\\\/\\\/www.anovapeneira.gal\\\/wp-content\\\/uploads\\\/2019\\\/06\\\/logo_a_nova_peneira_portal_web.png\",\"contentUrl\":\"http:\\\/\\\/www.anovapeneira.gal\\\/wp-content\\\/uploads\\\/2019\\\/06\\\/logo_a_nova_peneira_portal_web.png\",\"width\":300,\"height\":100,\"caption\":\"A Nova Peneira\"},\"image\":{\"@id\":\"https:\\\/\\\/www.anovapeneira.gal\\\/#\\\/schema\\\/logo\\\/image\\\/\"},\"sameAs\":[\"https:\\\/\\\/www.facebook.com\\\/anovapeneira\",\"https:\\\/\\\/x.com\\\/APeneira\"]},{\"@type\":\"Person\",\"@id\":\"https:\\\/\\\/www.anovapeneira.gal\\\/#\\\/schema\\\/person\\\/b93e3f8932e3f8da96334607eb6ac6aa\",\"name\":\"Redacci\u00f3n A Nova Peneira\",\"image\":{\"@type\":\"ImageObject\",\"inLanguage\":\"gl-ES\",\"@id\":\"https:\\\/\\\/secure.gravatar.com\\\/avatar\\\/c052a2551a06e23fac63626232eaa90abd78dbcf1700fc46a2b2c89fd27b735f?s=96&d=mm&r=g\",\"url\":\"https:\\\/\\\/secure.gravatar.com\\\/avatar\\\/c052a2551a06e23fac63626232eaa90abd78dbcf1700fc46a2b2c89fd27b735f?s=96&d=mm&r=g\",\"contentUrl\":\"https:\\\/\\\/secure.gravatar.com\\\/avatar\\\/c052a2551a06e23fac63626232eaa90abd78dbcf1700fc46a2b2c89fd27b735f?s=96&d=mm&r=g\",\"caption\":\"Redacci\u00f3n A Nova Peneira\"},\"sameAs\":[\"http:\\\/\\\/www.anovapeneira.gal\\\/\"],\"url\":\"https:\\\/\\\/www.anovapeneira.gal\\\/index.php\\\/author\\\/redactor\\\/\"}]}<\/script>\n<!-- \/ Yoast SEO plugin. -->","yoast_head_json":{"title":"Maio chega ao Rosal cargado de actividades culturais -","description":"Maio chega ao Rosal cargado de actividades culturais de balde para todos os p\u00fablicos: monicreques, m\u00fasica, unha exposici\u00f3n e mesmo un espect\u00e1culo de tradici\u00f3n oral e palabras cruzadas con tres reco\u00f1ecidos narradores. A primeira cita ser\u00e1 este domingo 2 de maio \u00e1s 19.00 horas no Auditorio Municipal rosaleiro, onde o p\u00fablico poder\u00e1 desfrutar do espect\u00e1culo de monicreques de Tarabelos \u2018O traxe novo do rei\u2019.","robots":{"index":"index","follow":"follow","max-snippet":"max-snippet:-1","max-image-preview":"max-image-preview:large","max-video-preview":"max-video-preview:-1"},"canonical":"https:\/\/www.anovapeneira.gal\/index.php\/2021\/05\/04\/maio-chega-ao-rosal-cargado-de-actividades-culturais\/","og_locale":"gl_ES","og_type":"article","og_title":"Maio chega ao Rosal cargado de actividades culturais -","og_description":"Maio chega ao Rosal cargado de actividades culturais de balde para todos os p\u00fablicos: monicreques, m\u00fasica, unha exposici\u00f3n e mesmo un espect\u00e1culo de tradici\u00f3n oral e palabras cruzadas con tres reco\u00f1ecidos narradores. A primeira cita ser\u00e1 este domingo 2 de maio \u00e1s 19.00 horas no Auditorio Municipal rosaleiro, onde o p\u00fablico poder\u00e1 desfrutar do espect\u00e1culo de monicreques de Tarabelos \u2018O traxe novo do rei\u2019.","og_url":"https:\/\/www.anovapeneira.gal\/index.php\/2021\/05\/04\/maio-chega-ao-rosal-cargado-de-actividades-culturais\/","article_publisher":"https:\/\/www.facebook.com\/anovapeneira","article_published_time":"2021-05-04T08:00:49+00:00","og_image":[{"width":720,"height":432,"url":"https:\/\/www.anovapeneira.gal\/wp-content\/uploads\/2021\/05\/maio_rosal.jpg","type":"image\/jpeg"}],"author":"Redacci\u00f3n A Nova Peneira","twitter_card":"summary_large_image","twitter_creator":"@APeneira","twitter_site":"@APeneira","twitter_misc":{"Escrito por":"Redacci\u00f3n A Nova Peneira","Tempo de lectura":"3 minutos"},"schema":{"@context":"https:\/\/schema.org","@graph":[{"@type":"Article","@id":"https:\/\/www.anovapeneira.gal\/index.php\/2021\/05\/04\/maio-chega-ao-rosal-cargado-de-actividades-culturais\/#article","isPartOf":{"@id":"https:\/\/www.anovapeneira.gal\/index.php\/2021\/05\/04\/maio-chega-ao-rosal-cargado-de-actividades-culturais\/"},"author":{"name":"Redacci\u00f3n A Nova Peneira","@id":"https:\/\/www.anovapeneira.gal\/#\/schema\/person\/b93e3f8932e3f8da96334607eb6ac6aa"},"headline":"Maio chega ao Rosal cargado de actividades culturais","datePublished":"2021-05-04T08:00:49+00:00","mainEntityOfPage":{"@id":"https:\/\/www.anovapeneira.gal\/index.php\/2021\/05\/04\/maio-chega-ao-rosal-cargado-de-actividades-culturais\/"},"wordCount":389,"commentCount":0,"publisher":{"@id":"https:\/\/www.anovapeneira.gal\/#organization"},"image":{"@id":"https:\/\/www.anovapeneira.gal\/index.php\/2021\/05\/04\/maio-chega-ao-rosal-cargado-de-actividades-culturais\/#primaryimage"},"thumbnailUrl":"https:\/\/www.anovapeneira.gal\/wp-content\/uploads\/2021\/05\/maio_rosal.jpg","keywords":["Concello do Rosal"],"articleSection":["Baixo Mi\u00f1o"],"inLanguage":"gl-ES","potentialAction":[{"@type":"CommentAction","name":"Comment","target":["https:\/\/www.anovapeneira.gal\/index.php\/2021\/05\/04\/maio-chega-ao-rosal-cargado-de-actividades-culturais\/#respond"]}]},{"@type":"WebPage","@id":"https:\/\/www.anovapeneira.gal\/index.php\/2021\/05\/04\/maio-chega-ao-rosal-cargado-de-actividades-culturais\/","url":"https:\/\/www.anovapeneira.gal\/index.php\/2021\/05\/04\/maio-chega-ao-rosal-cargado-de-actividades-culturais\/","name":"Maio chega ao Rosal cargado de actividades culturais -","isPartOf":{"@id":"https:\/\/www.anovapeneira.gal\/#website"},"primaryImageOfPage":{"@id":"https:\/\/www.anovapeneira.gal\/index.php\/2021\/05\/04\/maio-chega-ao-rosal-cargado-de-actividades-culturais\/#primaryimage"},"image":{"@id":"https:\/\/www.anovapeneira.gal\/index.php\/2021\/05\/04\/maio-chega-ao-rosal-cargado-de-actividades-culturais\/#primaryimage"},"thumbnailUrl":"https:\/\/www.anovapeneira.gal\/wp-content\/uploads\/2021\/05\/maio_rosal.jpg","datePublished":"2021-05-04T08:00:49+00:00","description":"Maio chega ao Rosal cargado de actividades culturais de balde para todos os p\u00fablicos: monicreques, m\u00fasica, unha exposici\u00f3n e mesmo un espect\u00e1culo de tradici\u00f3n oral e palabras cruzadas con tres reco\u00f1ecidos narradores. A primeira cita ser\u00e1 este domingo 2 de maio \u00e1s 19.00 horas no Auditorio Municipal rosaleiro, onde o p\u00fablico poder\u00e1 desfrutar do espect\u00e1culo de monicreques de Tarabelos \u2018O traxe novo do rei\u2019.","breadcrumb":{"@id":"https:\/\/www.anovapeneira.gal\/index.php\/2021\/05\/04\/maio-chega-ao-rosal-cargado-de-actividades-culturais\/#breadcrumb"},"inLanguage":"gl-ES","potentialAction":[{"@type":"ReadAction","target":["https:\/\/www.anovapeneira.gal\/index.php\/2021\/05\/04\/maio-chega-ao-rosal-cargado-de-actividades-culturais\/"]}]},{"@type":"ImageObject","inLanguage":"gl-ES","@id":"https:\/\/www.anovapeneira.gal\/index.php\/2021\/05\/04\/maio-chega-ao-rosal-cargado-de-actividades-culturais\/#primaryimage","url":"https:\/\/www.anovapeneira.gal\/wp-content\/uploads\/2021\/05\/maio_rosal.jpg","contentUrl":"https:\/\/www.anovapeneira.gal\/wp-content\/uploads\/2021\/05\/maio_rosal.jpg","width":720,"height":432,"caption":"Actividade cultural Maio Concello do Rosal"},{"@type":"BreadcrumbList","@id":"https:\/\/www.anovapeneira.gal\/index.php\/2021\/05\/04\/maio-chega-ao-rosal-cargado-de-actividades-culturais\/#breadcrumb","itemListElement":[{"@type":"ListItem","position":1,"name":"Portada","item":"https:\/\/www.anovapeneira.gal\/"},{"@type":"ListItem","position":2,"name":"Maio chega ao Rosal cargado de actividades culturais"}]},{"@type":"WebSite","@id":"https:\/\/www.anovapeneira.gal\/#website","url":"https:\/\/www.anovapeneira.gal\/","name":"","description":"Xornal galego de informaci\u00f3n xeral Publicaci\u00f3n mensual de novas de Galicia e en especial dos Concellos da sur da provincia de Pontevedra.","publisher":{"@id":"https:\/\/www.anovapeneira.gal\/#organization"},"potentialAction":[{"@type":"SearchAction","target":{"@type":"EntryPoint","urlTemplate":"https:\/\/www.anovapeneira.gal\/?s={search_term_string}"},"query-input":{"@type":"PropertyValueSpecification","valueRequired":true,"valueName":"search_term_string"}}],"inLanguage":"gl-ES"},{"@type":"Organization","@id":"https:\/\/www.anovapeneira.gal\/#organization","name":"A Nova Peneira","url":"https:\/\/www.anovapeneira.gal\/","logo":{"@type":"ImageObject","inLanguage":"gl-ES","@id":"https:\/\/www.anovapeneira.gal\/#\/schema\/logo\/image\/","url":"http:\/\/www.anovapeneira.gal\/wp-content\/uploads\/2019\/06\/logo_a_nova_peneira_portal_web.png","contentUrl":"http:\/\/www.anovapeneira.gal\/wp-content\/uploads\/2019\/06\/logo_a_nova_peneira_portal_web.png","width":300,"height":100,"caption":"A Nova Peneira"},"image":{"@id":"https:\/\/www.anovapeneira.gal\/#\/schema\/logo\/image\/"},"sameAs":["https:\/\/www.facebook.com\/anovapeneira","https:\/\/x.com\/APeneira"]},{"@type":"Person","@id":"https:\/\/www.anovapeneira.gal\/#\/schema\/person\/b93e3f8932e3f8da96334607eb6ac6aa","name":"Redacci\u00f3n A Nova Peneira","image":{"@type":"ImageObject","inLanguage":"gl-ES","@id":"https:\/\/secure.gravatar.com\/avatar\/c052a2551a06e23fac63626232eaa90abd78dbcf1700fc46a2b2c89fd27b735f?s=96&d=mm&r=g","url":"https:\/\/secure.gravatar.com\/avatar\/c052a2551a06e23fac63626232eaa90abd78dbcf1700fc46a2b2c89fd27b735f?s=96&d=mm&r=g","contentUrl":"https:\/\/secure.gravatar.com\/avatar\/c052a2551a06e23fac63626232eaa90abd78dbcf1700fc46a2b2c89fd27b735f?s=96&d=mm&r=g","caption":"Redacci\u00f3n A Nova Peneira"},"sameAs":["http:\/\/www.anovapeneira.gal\/"],"url":"https:\/\/www.anovapeneira.gal\/index.php\/author\/redactor\/"}]}},"jetpack_featured_media_url":"https:\/\/www.anovapeneira.gal\/wp-content\/uploads\/2021\/05\/maio_rosal.jpg","_links":{"self":[{"href":"https:\/\/www.anovapeneira.gal\/index.php\/wp-json\/wp\/v2\/posts\/5307","targetHints":{"allow":["GET"]}}],"collection":[{"href":"https:\/\/www.anovapeneira.gal\/index.php\/wp-json\/wp\/v2\/posts"}],"about":[{"href":"https:\/\/www.anovapeneira.gal\/index.php\/wp-json\/wp\/v2\/types\/post"}],"author":[{"embeddable":true,"href":"https:\/\/www.anovapeneira.gal\/index.php\/wp-json\/wp\/v2\/users\/3"}],"replies":[{"embeddable":true,"href":"https:\/\/www.anovapeneira.gal\/index.php\/wp-json\/wp\/v2\/comments?post=5307"}],"version-history":[{"count":1,"href":"https:\/\/www.anovapeneira.gal\/index.php\/wp-json\/wp\/v2\/posts\/5307\/revisions"}],"predecessor-version":[{"id":5310,"href":"https:\/\/www.anovapeneira.gal\/index.php\/wp-json\/wp\/v2\/posts\/5307\/revisions\/5310"}],"wp:featuredmedia":[{"embeddable":true,"href":"https:\/\/www.anovapeneira.gal\/index.php\/wp-json\/wp\/v2\/media\/5311"}],"wp:attachment":[{"href":"https:\/\/www.anovapeneira.gal\/index.php\/wp-json\/wp\/v2\/media?parent=5307"}],"wp:term":[{"taxonomy":"category","embeddable":true,"href":"https:\/\/www.anovapeneira.gal\/index.php\/wp-json\/wp\/v2\/categories?post=5307"},{"taxonomy":"post_tag","embeddable":true,"href":"https:\/\/www.anovapeneira.gal\/index.php\/wp-json\/wp\/v2\/tags?post=5307"}],"curies":[{"name":"wp","href":"https:\/\/api.w.org\/{rel}","templated":true}]}}