{"id":5324,"date":"2021-05-04T12:00:00","date_gmt":"2021-05-04T10:00:00","guid":{"rendered":"http:\/\/www.anovapeneira.gal\/?p=5324"},"modified":"2021-05-03T16:20:25","modified_gmt":"2021-05-03T14:20:25","slug":"unha-pandemia-que-pode-con500-anos-de-historia","status":"publish","type":"post","link":"https:\/\/www.anovapeneira.gal\/index.php\/2021\/05\/04\/unha-pandemia-que-pode-con500-anos-de-historia\/","title":{"rendered":"Unha pandemia que pode con500 anos de historia"},"content":{"rendered":"\n<p>Ao longo do ano que levamos convivindo coa COVID-19, p\u00faxose de manifesto a fraxilidade e falta de coordinaci\u00f3n de moitas das principais estruturas do pa\u00eds. M\u00e1is al\u00e1 da pol\u00edtica e dunha mellor ou peor xesti\u00f3n desta, hai certas estruturas base que polo seu fin formativo, non acostuman a sa\u00edr nos informativos, o sistema universitario \u00e9 unha delas.<\/p>\n\n\n\n<p>En concreto, dentro do sistema universitario Galego, atop\u00e1monos coa Universidade de Santiago de Compostela (USC), que se sit\u00faa segundo o Center for World University Rankings(CWUR) no posto 467 internacional e no 13 de Espa\u00f1a, \u00e9 dicir, at\u00f3pase entre as 500 mellores universidades do mundo.<\/p>\n\n\n\n<p>No Regulamento de selecci\u00f3n de profesorado permanente(2019), concretamente no apartado deselecci\u00f3n, especif\u00edcaseque se deber\u00e1valorar a adecuaci\u00f3n de cada persoa aspirante \u00e1s tarefas docentes e investigadoras propias da praza obxecto de convocatoria.Non obstante,os criterios de valoraci\u00f3n acostuman a primar a calidade da investigaci\u00f3n da universidade antes que a docencia que nela se imparte. En moitas das materias impartidas nesta universidade, en diversos graos, o profesorado non est\u00e1 preparado para ensinar, malia a s\u00faa calidade como investigador\/a. A maiores, moitos destes profesores consid\u00e9ranse unha autoridade na s\u00faa especialidade, de modo que non hai criterios externos de calidade, o que pode explicar moitas das carencias nos cursos.Maiso peor \u00e9 queestas mostras de falta de calidadeperc\u00edbense como compo\u00f1entes de excelencia acad\u00e9mica: \u201cNon \u00e9 que a ensinanza esteamal dese\u00f1ada, \u00e9 que o que o profesor fai \u00e9 o canon de excelencia nesa materia\u201d (Quintanilla, 1998).<\/p>\n\n\n\n<p>Por desgraza para os alumnos,esta excelencia non s\u00f3 non os beneficia, sen\u00f3n que en moitos casos saen prexudicados. Moitos dos docentes que imparten as clases son prestixiosos investigadores, m\u00e1iscarecen das habilidades precisas para aensinanza. En certos casos preparan presentaci\u00f3nsque unicamente len,transmitindoas\u00ed c\u00famulos de informaci\u00f3n,sen explicaci\u00f3ns e sen tratar de que se entenda cando non se te\u00f1en os co\u00f1ecementos previos. Isto \u00e9 unha problem\u00e1tica que leva acontecendo moitos anos -quizaisporque o sistema universitario actual non est\u00e1 adaptado \u00e1s necesidades da sociedade actual-,maisa pandemia e as restritivas medidas asociadas en canto \u00e1 docencia presencial sumou a\u00ednda m\u00e1is dificultades aosestudantes da USC.<\/p>\n\n\n\n<p>Dende o 20 de setembro de 2020 acentuouse a aciaga planificaci\u00f3n do novo curso, os docentes comezaron a aproveitarse da docencia semipresencial: enmoitos casos non acodensequera \u00e1saulas, dando clase online, maisfacendo queos alumnosasistande xeito presencial; acoden presencialmentemaisempreganas clases para outros fins, e a materia a engaden ao campus virtual en forma de v\u00eddeos, etc., \u00e9 dicir, nunha situaci\u00f3n tan complexa, duplican as horas de clases te\u00f3ricas aoseu gusto, incrementan a carga de traballo particular para \u201csubstitu\u00edr\u201d a falta dunha docencia axeitada.<\/p>\n\n\n\n<p>A maiores, mostran diversas dificultades para cambiar o seu m\u00e9todo de avaliaci\u00f3n, incitando en certos momentos a eludir medidas de seguridade contra a COVID-19, neg\u00e1ndose a adaptar exames para persoas confinadase amosandounha empat\u00eda nula por eles\/as. Isto s\u00f3 manifesta queo que prima segue a ser a excelencia da universidade, a que aportan os investigadores e os m\u00e9ritos que estes obte\u00f1en, mentres que a calidade da docencia deixa cada vez m\u00e1is que desexar.<\/p>\n\n\n\n<p>500 anos de historia deixan a varias xeraci\u00f3ns de alumnos cunha ensinanza practicamente aut\u00f3noma.<\/p>\n\n\n\n<p>Sara Lorenzo Costas<\/p>\n","protected":false},"excerpt":{"rendered":"<div class=\"mh-excerpt\"><p>Ao longo do ano que levamos convivindo coa COVID-19, p\u00faxose de manifesto a fraxilidade e falta de coordinaci\u00f3n de moitas das principais estruturas do pa\u00eds. M\u00e1is al\u00e1 da pol\u00edtica e dunha mellor ou peor xesti\u00f3n desta, hai certas estruturas base que polo seu fin formativo, non acostuman a sa\u00edr nos informativos, o sistema universitario \u00e9 unha delas. <a class=\"mh-excerpt-more\" href=\"https:\/\/www.anovapeneira.gal\/index.php\/2021\/05\/04\/unha-pandemia-que-pode-con500-anos-de-historia\/\" title=\"Unha pandemia que pode con500 anos de historia\">[&#8230;]<\/a><\/p>\n<\/div>","protected":false},"author":3,"featured_media":5325,"comment_status":"open","ping_status":"open","sticky":false,"template":"","format":"standard","meta":{"_exactmetrics_skip_tracking":false,"_exactmetrics_sitenote_active":false,"_exactmetrics_sitenote_note":"","_exactmetrics_sitenote_category":0,"footnotes":""},"categories":[23],"tags":[218],"class_list":{"0":"post-5324","1":"post","2":"type-post","3":"status-publish","4":"format-standard","5":"has-post-thumbnail","7":"category-a-lourina","8":"tag-concello-de-mos"},"yoast_head":"<!-- This site is optimized with the Yoast SEO plugin v27.4 - https:\/\/yoast.com\/product\/yoast-seo-wordpress\/ -->\n<title>Unha pandemia que pode con500 anos de historia -<\/title>\n<meta name=\"description\" content=\"Ao longo do ano que levamos convivindo coa COVID-19, p\u00faxose de manifesto a fraxilidade e falta de coordinaci\u00f3n de moitas das principais estruturas do pa\u00eds. M\u00e1is al\u00e1 da pol\u00edtica e dunha mellor ou peor xesti\u00f3n desta, hai certas estruturas base que polo seu fin formativo, non acostuman a sa\u00edr nos informativos, o sistema universitario \u00e9 unha delas.\" \/>\n<meta name=\"robots\" content=\"index, follow, max-snippet:-1, max-image-preview:large, max-video-preview:-1\" \/>\n<link rel=\"canonical\" href=\"https:\/\/www.anovapeneira.gal\/index.php\/2021\/05\/04\/unha-pandemia-que-pode-con500-anos-de-historia\/\" \/>\n<meta property=\"og:locale\" content=\"gl_ES\" \/>\n<meta property=\"og:type\" content=\"article\" \/>\n<meta property=\"og:title\" content=\"Unha pandemia que pode con500 anos de historia -\" \/>\n<meta property=\"og:description\" content=\"Ao longo do ano que levamos convivindo coa COVID-19, p\u00faxose de manifesto a fraxilidade e falta de coordinaci\u00f3n de moitas das principais estruturas do pa\u00eds. M\u00e1is al\u00e1 da pol\u00edtica e dunha mellor ou peor xesti\u00f3n desta, hai certas estruturas base que polo seu fin formativo, non acostuman a sa\u00edr nos informativos, o sistema universitario \u00e9 unha delas.\" \/>\n<meta property=\"og:url\" content=\"https:\/\/www.anovapeneira.gal\/index.php\/2021\/05\/04\/unha-pandemia-que-pode-con500-anos-de-historia\/\" \/>\n<meta property=\"article:publisher\" content=\"https:\/\/www.facebook.com\/anovapeneira\" \/>\n<meta property=\"article:published_time\" content=\"2021-05-04T10:00:00+00:00\" \/>\n<meta property=\"og:image\" content=\"https:\/\/www.anovapeneira.gal\/wp-content\/uploads\/2021\/05\/sara-lorenzo.jpg\" \/>\n\t<meta property=\"og:image:width\" content=\"720\" \/>\n\t<meta property=\"og:image:height\" content=\"432\" \/>\n\t<meta property=\"og:image:type\" content=\"image\/jpeg\" \/>\n<meta name=\"author\" content=\"Redacci\u00f3n A Nova Peneira\" \/>\n<meta name=\"twitter:card\" content=\"summary_large_image\" \/>\n<meta name=\"twitter:creator\" content=\"@APeneira\" \/>\n<meta name=\"twitter:site\" content=\"@APeneira\" \/>\n<meta name=\"twitter:label1\" content=\"Escrito por\" \/>\n\t<meta name=\"twitter:data1\" content=\"Redacci\u00f3n A Nova Peneira\" \/>\n\t<meta name=\"twitter:label2\" content=\"Tempo de lectura\" \/>\n\t<meta name=\"twitter:data2\" content=\"3 minutos\" \/>\n<script type=\"application\/ld+json\" class=\"yoast-schema-graph\">{\"@context\":\"https:\\\/\\\/schema.org\",\"@graph\":[{\"@type\":\"Article\",\"@id\":\"https:\\\/\\\/www.anovapeneira.gal\\\/index.php\\\/2021\\\/05\\\/04\\\/unha-pandemia-que-pode-con500-anos-de-historia\\\/#article\",\"isPartOf\":{\"@id\":\"https:\\\/\\\/www.anovapeneira.gal\\\/index.php\\\/2021\\\/05\\\/04\\\/unha-pandemia-que-pode-con500-anos-de-historia\\\/\"},\"author\":{\"name\":\"Redacci\u00f3n A Nova Peneira\",\"@id\":\"https:\\\/\\\/www.anovapeneira.gal\\\/#\\\/schema\\\/person\\\/b93e3f8932e3f8da96334607eb6ac6aa\"},\"headline\":\"Unha pandemia que pode con500 anos de historia\",\"datePublished\":\"2021-05-04T10:00:00+00:00\",\"mainEntityOfPage\":{\"@id\":\"https:\\\/\\\/www.anovapeneira.gal\\\/index.php\\\/2021\\\/05\\\/04\\\/unha-pandemia-que-pode-con500-anos-de-historia\\\/\"},\"wordCount\":562,\"commentCount\":0,\"publisher\":{\"@id\":\"https:\\\/\\\/www.anovapeneira.gal\\\/#organization\"},\"image\":{\"@id\":\"https:\\\/\\\/www.anovapeneira.gal\\\/index.php\\\/2021\\\/05\\\/04\\\/unha-pandemia-que-pode-con500-anos-de-historia\\\/#primaryimage\"},\"thumbnailUrl\":\"https:\\\/\\\/www.anovapeneira.gal\\\/wp-content\\\/uploads\\\/2021\\\/05\\\/sara-lorenzo.jpg\",\"keywords\":[\"Concello de Mos\"],\"articleSection\":[\"A Louri\u00f1a\"],\"inLanguage\":\"gl-ES\",\"potentialAction\":[{\"@type\":\"CommentAction\",\"name\":\"Comment\",\"target\":[\"https:\\\/\\\/www.anovapeneira.gal\\\/index.php\\\/2021\\\/05\\\/04\\\/unha-pandemia-que-pode-con500-anos-de-historia\\\/#respond\"]}]},{\"@type\":\"WebPage\",\"@id\":\"https:\\\/\\\/www.anovapeneira.gal\\\/index.php\\\/2021\\\/05\\\/04\\\/unha-pandemia-que-pode-con500-anos-de-historia\\\/\",\"url\":\"https:\\\/\\\/www.anovapeneira.gal\\\/index.php\\\/2021\\\/05\\\/04\\\/unha-pandemia-que-pode-con500-anos-de-historia\\\/\",\"name\":\"Unha pandemia que pode con500 anos de historia -\",\"isPartOf\":{\"@id\":\"https:\\\/\\\/www.anovapeneira.gal\\\/#website\"},\"primaryImageOfPage\":{\"@id\":\"https:\\\/\\\/www.anovapeneira.gal\\\/index.php\\\/2021\\\/05\\\/04\\\/unha-pandemia-que-pode-con500-anos-de-historia\\\/#primaryimage\"},\"image\":{\"@id\":\"https:\\\/\\\/www.anovapeneira.gal\\\/index.php\\\/2021\\\/05\\\/04\\\/unha-pandemia-que-pode-con500-anos-de-historia\\\/#primaryimage\"},\"thumbnailUrl\":\"https:\\\/\\\/www.anovapeneira.gal\\\/wp-content\\\/uploads\\\/2021\\\/05\\\/sara-lorenzo.jpg\",\"datePublished\":\"2021-05-04T10:00:00+00:00\",\"description\":\"Ao longo do ano que levamos convivindo coa COVID-19, p\u00faxose de manifesto a fraxilidade e falta de coordinaci\u00f3n de moitas das principais estruturas do pa\u00eds. M\u00e1is al\u00e1 da pol\u00edtica e dunha mellor ou peor xesti\u00f3n desta, hai certas estruturas base que polo seu fin formativo, non acostuman a sa\u00edr nos informativos, o sistema universitario \u00e9 unha delas.\",\"breadcrumb\":{\"@id\":\"https:\\\/\\\/www.anovapeneira.gal\\\/index.php\\\/2021\\\/05\\\/04\\\/unha-pandemia-que-pode-con500-anos-de-historia\\\/#breadcrumb\"},\"inLanguage\":\"gl-ES\",\"potentialAction\":[{\"@type\":\"ReadAction\",\"target\":[\"https:\\\/\\\/www.anovapeneira.gal\\\/index.php\\\/2021\\\/05\\\/04\\\/unha-pandemia-que-pode-con500-anos-de-historia\\\/\"]}]},{\"@type\":\"ImageObject\",\"inLanguage\":\"gl-ES\",\"@id\":\"https:\\\/\\\/www.anovapeneira.gal\\\/index.php\\\/2021\\\/05\\\/04\\\/unha-pandemia-que-pode-con500-anos-de-historia\\\/#primaryimage\",\"url\":\"https:\\\/\\\/www.anovapeneira.gal\\\/wp-content\\\/uploads\\\/2021\\\/05\\\/sara-lorenzo.jpg\",\"contentUrl\":\"https:\\\/\\\/www.anovapeneira.gal\\\/wp-content\\\/uploads\\\/2021\\\/05\\\/sara-lorenzo.jpg\",\"width\":720,\"height\":432,\"caption\":\"Sara Lorenzo Concello de Mos\"},{\"@type\":\"BreadcrumbList\",\"@id\":\"https:\\\/\\\/www.anovapeneira.gal\\\/index.php\\\/2021\\\/05\\\/04\\\/unha-pandemia-que-pode-con500-anos-de-historia\\\/#breadcrumb\",\"itemListElement\":[{\"@type\":\"ListItem\",\"position\":1,\"name\":\"Portada\",\"item\":\"https:\\\/\\\/www.anovapeneira.gal\\\/\"},{\"@type\":\"ListItem\",\"position\":2,\"name\":\"Unha pandemia que pode con500 anos de historia\"}]},{\"@type\":\"WebSite\",\"@id\":\"https:\\\/\\\/www.anovapeneira.gal\\\/#website\",\"url\":\"https:\\\/\\\/www.anovapeneira.gal\\\/\",\"name\":\"\",\"description\":\"Xornal galego de informaci\u00f3n xeral Publicaci\u00f3n mensual de novas de Galicia e en especial dos Concellos da sur da provincia de Pontevedra.\",\"publisher\":{\"@id\":\"https:\\\/\\\/www.anovapeneira.gal\\\/#organization\"},\"potentialAction\":[{\"@type\":\"SearchAction\",\"target\":{\"@type\":\"EntryPoint\",\"urlTemplate\":\"https:\\\/\\\/www.anovapeneira.gal\\\/?s={search_term_string}\"},\"query-input\":{\"@type\":\"PropertyValueSpecification\",\"valueRequired\":true,\"valueName\":\"search_term_string\"}}],\"inLanguage\":\"gl-ES\"},{\"@type\":\"Organization\",\"@id\":\"https:\\\/\\\/www.anovapeneira.gal\\\/#organization\",\"name\":\"A Nova Peneira\",\"url\":\"https:\\\/\\\/www.anovapeneira.gal\\\/\",\"logo\":{\"@type\":\"ImageObject\",\"inLanguage\":\"gl-ES\",\"@id\":\"https:\\\/\\\/www.anovapeneira.gal\\\/#\\\/schema\\\/logo\\\/image\\\/\",\"url\":\"http:\\\/\\\/www.anovapeneira.gal\\\/wp-content\\\/uploads\\\/2019\\\/06\\\/logo_a_nova_peneira_portal_web.png\",\"contentUrl\":\"http:\\\/\\\/www.anovapeneira.gal\\\/wp-content\\\/uploads\\\/2019\\\/06\\\/logo_a_nova_peneira_portal_web.png\",\"width\":300,\"height\":100,\"caption\":\"A Nova Peneira\"},\"image\":{\"@id\":\"https:\\\/\\\/www.anovapeneira.gal\\\/#\\\/schema\\\/logo\\\/image\\\/\"},\"sameAs\":[\"https:\\\/\\\/www.facebook.com\\\/anovapeneira\",\"https:\\\/\\\/x.com\\\/APeneira\"]},{\"@type\":\"Person\",\"@id\":\"https:\\\/\\\/www.anovapeneira.gal\\\/#\\\/schema\\\/person\\\/b93e3f8932e3f8da96334607eb6ac6aa\",\"name\":\"Redacci\u00f3n A Nova Peneira\",\"image\":{\"@type\":\"ImageObject\",\"inLanguage\":\"gl-ES\",\"@id\":\"https:\\\/\\\/secure.gravatar.com\\\/avatar\\\/c052a2551a06e23fac63626232eaa90abd78dbcf1700fc46a2b2c89fd27b735f?s=96&d=mm&r=g\",\"url\":\"https:\\\/\\\/secure.gravatar.com\\\/avatar\\\/c052a2551a06e23fac63626232eaa90abd78dbcf1700fc46a2b2c89fd27b735f?s=96&d=mm&r=g\",\"contentUrl\":\"https:\\\/\\\/secure.gravatar.com\\\/avatar\\\/c052a2551a06e23fac63626232eaa90abd78dbcf1700fc46a2b2c89fd27b735f?s=96&d=mm&r=g\",\"caption\":\"Redacci\u00f3n A Nova Peneira\"},\"sameAs\":[\"http:\\\/\\\/www.anovapeneira.gal\\\/\"],\"url\":\"https:\\\/\\\/www.anovapeneira.gal\\\/index.php\\\/author\\\/redactor\\\/\"}]}<\/script>\n<!-- \/ Yoast SEO plugin. -->","yoast_head_json":{"title":"Unha pandemia que pode con500 anos de historia -","description":"Ao longo do ano que levamos convivindo coa COVID-19, p\u00faxose de manifesto a fraxilidade e falta de coordinaci\u00f3n de moitas das principais estruturas do pa\u00eds. M\u00e1is al\u00e1 da pol\u00edtica e dunha mellor ou peor xesti\u00f3n desta, hai certas estruturas base que polo seu fin formativo, non acostuman a sa\u00edr nos informativos, o sistema universitario \u00e9 unha delas.","robots":{"index":"index","follow":"follow","max-snippet":"max-snippet:-1","max-image-preview":"max-image-preview:large","max-video-preview":"max-video-preview:-1"},"canonical":"https:\/\/www.anovapeneira.gal\/index.php\/2021\/05\/04\/unha-pandemia-que-pode-con500-anos-de-historia\/","og_locale":"gl_ES","og_type":"article","og_title":"Unha pandemia que pode con500 anos de historia -","og_description":"Ao longo do ano que levamos convivindo coa COVID-19, p\u00faxose de manifesto a fraxilidade e falta de coordinaci\u00f3n de moitas das principais estruturas do pa\u00eds. M\u00e1is al\u00e1 da pol\u00edtica e dunha mellor ou peor xesti\u00f3n desta, hai certas estruturas base que polo seu fin formativo, non acostuman a sa\u00edr nos informativos, o sistema universitario \u00e9 unha delas.","og_url":"https:\/\/www.anovapeneira.gal\/index.php\/2021\/05\/04\/unha-pandemia-que-pode-con500-anos-de-historia\/","article_publisher":"https:\/\/www.facebook.com\/anovapeneira","article_published_time":"2021-05-04T10:00:00+00:00","og_image":[{"width":720,"height":432,"url":"https:\/\/www.anovapeneira.gal\/wp-content\/uploads\/2021\/05\/sara-lorenzo.jpg","type":"image\/jpeg"}],"author":"Redacci\u00f3n A Nova Peneira","twitter_card":"summary_large_image","twitter_creator":"@APeneira","twitter_site":"@APeneira","twitter_misc":{"Escrito por":"Redacci\u00f3n A Nova Peneira","Tempo de lectura":"3 minutos"},"schema":{"@context":"https:\/\/schema.org","@graph":[{"@type":"Article","@id":"https:\/\/www.anovapeneira.gal\/index.php\/2021\/05\/04\/unha-pandemia-que-pode-con500-anos-de-historia\/#article","isPartOf":{"@id":"https:\/\/www.anovapeneira.gal\/index.php\/2021\/05\/04\/unha-pandemia-que-pode-con500-anos-de-historia\/"},"author":{"name":"Redacci\u00f3n A Nova Peneira","@id":"https:\/\/www.anovapeneira.gal\/#\/schema\/person\/b93e3f8932e3f8da96334607eb6ac6aa"},"headline":"Unha pandemia que pode con500 anos de historia","datePublished":"2021-05-04T10:00:00+00:00","mainEntityOfPage":{"@id":"https:\/\/www.anovapeneira.gal\/index.php\/2021\/05\/04\/unha-pandemia-que-pode-con500-anos-de-historia\/"},"wordCount":562,"commentCount":0,"publisher":{"@id":"https:\/\/www.anovapeneira.gal\/#organization"},"image":{"@id":"https:\/\/www.anovapeneira.gal\/index.php\/2021\/05\/04\/unha-pandemia-que-pode-con500-anos-de-historia\/#primaryimage"},"thumbnailUrl":"https:\/\/www.anovapeneira.gal\/wp-content\/uploads\/2021\/05\/sara-lorenzo.jpg","keywords":["Concello de Mos"],"articleSection":["A Louri\u00f1a"],"inLanguage":"gl-ES","potentialAction":[{"@type":"CommentAction","name":"Comment","target":["https:\/\/www.anovapeneira.gal\/index.php\/2021\/05\/04\/unha-pandemia-que-pode-con500-anos-de-historia\/#respond"]}]},{"@type":"WebPage","@id":"https:\/\/www.anovapeneira.gal\/index.php\/2021\/05\/04\/unha-pandemia-que-pode-con500-anos-de-historia\/","url":"https:\/\/www.anovapeneira.gal\/index.php\/2021\/05\/04\/unha-pandemia-que-pode-con500-anos-de-historia\/","name":"Unha pandemia que pode con500 anos de historia -","isPartOf":{"@id":"https:\/\/www.anovapeneira.gal\/#website"},"primaryImageOfPage":{"@id":"https:\/\/www.anovapeneira.gal\/index.php\/2021\/05\/04\/unha-pandemia-que-pode-con500-anos-de-historia\/#primaryimage"},"image":{"@id":"https:\/\/www.anovapeneira.gal\/index.php\/2021\/05\/04\/unha-pandemia-que-pode-con500-anos-de-historia\/#primaryimage"},"thumbnailUrl":"https:\/\/www.anovapeneira.gal\/wp-content\/uploads\/2021\/05\/sara-lorenzo.jpg","datePublished":"2021-05-04T10:00:00+00:00","description":"Ao longo do ano que levamos convivindo coa COVID-19, p\u00faxose de manifesto a fraxilidade e falta de coordinaci\u00f3n de moitas das principais estruturas do pa\u00eds. M\u00e1is al\u00e1 da pol\u00edtica e dunha mellor ou peor xesti\u00f3n desta, hai certas estruturas base que polo seu fin formativo, non acostuman a sa\u00edr nos informativos, o sistema universitario \u00e9 unha delas.","breadcrumb":{"@id":"https:\/\/www.anovapeneira.gal\/index.php\/2021\/05\/04\/unha-pandemia-que-pode-con500-anos-de-historia\/#breadcrumb"},"inLanguage":"gl-ES","potentialAction":[{"@type":"ReadAction","target":["https:\/\/www.anovapeneira.gal\/index.php\/2021\/05\/04\/unha-pandemia-que-pode-con500-anos-de-historia\/"]}]},{"@type":"ImageObject","inLanguage":"gl-ES","@id":"https:\/\/www.anovapeneira.gal\/index.php\/2021\/05\/04\/unha-pandemia-que-pode-con500-anos-de-historia\/#primaryimage","url":"https:\/\/www.anovapeneira.gal\/wp-content\/uploads\/2021\/05\/sara-lorenzo.jpg","contentUrl":"https:\/\/www.anovapeneira.gal\/wp-content\/uploads\/2021\/05\/sara-lorenzo.jpg","width":720,"height":432,"caption":"Sara Lorenzo Concello de Mos"},{"@type":"BreadcrumbList","@id":"https:\/\/www.anovapeneira.gal\/index.php\/2021\/05\/04\/unha-pandemia-que-pode-con500-anos-de-historia\/#breadcrumb","itemListElement":[{"@type":"ListItem","position":1,"name":"Portada","item":"https:\/\/www.anovapeneira.gal\/"},{"@type":"ListItem","position":2,"name":"Unha pandemia que pode con500 anos de historia"}]},{"@type":"WebSite","@id":"https:\/\/www.anovapeneira.gal\/#website","url":"https:\/\/www.anovapeneira.gal\/","name":"","description":"Xornal galego de informaci\u00f3n xeral Publicaci\u00f3n mensual de novas de Galicia e en especial dos Concellos da sur da provincia de Pontevedra.","publisher":{"@id":"https:\/\/www.anovapeneira.gal\/#organization"},"potentialAction":[{"@type":"SearchAction","target":{"@type":"EntryPoint","urlTemplate":"https:\/\/www.anovapeneira.gal\/?s={search_term_string}"},"query-input":{"@type":"PropertyValueSpecification","valueRequired":true,"valueName":"search_term_string"}}],"inLanguage":"gl-ES"},{"@type":"Organization","@id":"https:\/\/www.anovapeneira.gal\/#organization","name":"A Nova Peneira","url":"https:\/\/www.anovapeneira.gal\/","logo":{"@type":"ImageObject","inLanguage":"gl-ES","@id":"https:\/\/www.anovapeneira.gal\/#\/schema\/logo\/image\/","url":"http:\/\/www.anovapeneira.gal\/wp-content\/uploads\/2019\/06\/logo_a_nova_peneira_portal_web.png","contentUrl":"http:\/\/www.anovapeneira.gal\/wp-content\/uploads\/2019\/06\/logo_a_nova_peneira_portal_web.png","width":300,"height":100,"caption":"A Nova Peneira"},"image":{"@id":"https:\/\/www.anovapeneira.gal\/#\/schema\/logo\/image\/"},"sameAs":["https:\/\/www.facebook.com\/anovapeneira","https:\/\/x.com\/APeneira"]},{"@type":"Person","@id":"https:\/\/www.anovapeneira.gal\/#\/schema\/person\/b93e3f8932e3f8da96334607eb6ac6aa","name":"Redacci\u00f3n A Nova Peneira","image":{"@type":"ImageObject","inLanguage":"gl-ES","@id":"https:\/\/secure.gravatar.com\/avatar\/c052a2551a06e23fac63626232eaa90abd78dbcf1700fc46a2b2c89fd27b735f?s=96&d=mm&r=g","url":"https:\/\/secure.gravatar.com\/avatar\/c052a2551a06e23fac63626232eaa90abd78dbcf1700fc46a2b2c89fd27b735f?s=96&d=mm&r=g","contentUrl":"https:\/\/secure.gravatar.com\/avatar\/c052a2551a06e23fac63626232eaa90abd78dbcf1700fc46a2b2c89fd27b735f?s=96&d=mm&r=g","caption":"Redacci\u00f3n A Nova Peneira"},"sameAs":["http:\/\/www.anovapeneira.gal\/"],"url":"https:\/\/www.anovapeneira.gal\/index.php\/author\/redactor\/"}]}},"jetpack_featured_media_url":"https:\/\/www.anovapeneira.gal\/wp-content\/uploads\/2021\/05\/sara-lorenzo.jpg","_links":{"self":[{"href":"https:\/\/www.anovapeneira.gal\/index.php\/wp-json\/wp\/v2\/posts\/5324","targetHints":{"allow":["GET"]}}],"collection":[{"href":"https:\/\/www.anovapeneira.gal\/index.php\/wp-json\/wp\/v2\/posts"}],"about":[{"href":"https:\/\/www.anovapeneira.gal\/index.php\/wp-json\/wp\/v2\/types\/post"}],"author":[{"embeddable":true,"href":"https:\/\/www.anovapeneira.gal\/index.php\/wp-json\/wp\/v2\/users\/3"}],"replies":[{"embeddable":true,"href":"https:\/\/www.anovapeneira.gal\/index.php\/wp-json\/wp\/v2\/comments?post=5324"}],"version-history":[{"count":1,"href":"https:\/\/www.anovapeneira.gal\/index.php\/wp-json\/wp\/v2\/posts\/5324\/revisions"}],"predecessor-version":[{"id":5326,"href":"https:\/\/www.anovapeneira.gal\/index.php\/wp-json\/wp\/v2\/posts\/5324\/revisions\/5326"}],"wp:featuredmedia":[{"embeddable":true,"href":"https:\/\/www.anovapeneira.gal\/index.php\/wp-json\/wp\/v2\/media\/5325"}],"wp:attachment":[{"href":"https:\/\/www.anovapeneira.gal\/index.php\/wp-json\/wp\/v2\/media?parent=5324"}],"wp:term":[{"taxonomy":"category","embeddable":true,"href":"https:\/\/www.anovapeneira.gal\/index.php\/wp-json\/wp\/v2\/categories?post=5324"},{"taxonomy":"post_tag","embeddable":true,"href":"https:\/\/www.anovapeneira.gal\/index.php\/wp-json\/wp\/v2\/tags?post=5324"}],"curies":[{"name":"wp","href":"https:\/\/api.w.org\/{rel}","templated":true}]}}