{"id":5331,"date":"2021-05-06T12:00:21","date_gmt":"2021-05-06T10:00:21","guid":{"rendered":"http:\/\/www.anovapeneira.gal\/?p=5331"},"modified":"2021-05-09T21:46:33","modified_gmt":"2021-05-09T19:46:33","slug":"a-igm-chama-a-sociedade-civil-a-defender-meiras-diante-da-rapina-dos-franco","status":"publish","type":"post","link":"https:\/\/www.anovapeneira.gal\/index.php\/2021\/05\/06\/a-igm-chama-a-sociedade-civil-a-defender-meiras-diante-da-rapina-dos-franco\/","title":{"rendered":"A IGM chama \u00e1 sociedade civil a defender Meir\u00e1s diante da rapina dos Franco"},"content":{"rendered":"\n<ul class=\"wp-block-list\"><li><em>Colectivos memorial\u00edsticos, asociaci\u00f3ns culturais e entidades de todo o pa\u00eds comezan a se organizar para responder \u00e1 ameaza dun novo espolio do Pazo despois de que a xustiza espa\u00f1ola concedese permiso \u00e1 familia do ditador para retirar bens m\u00f3beis xa catalogados de Meir\u00e1s, que goza da protecci\u00f3n de BIC.<\/em><\/li><\/ul>\n\n\n\n<ul class=\"wp-block-list\"><li><em>Convocan unha mobilizaci\u00f3n nacional en defensa do Pazo para o 19 de xu\u00f1o.<\/em><\/li><\/ul>\n\n\n\n<p><strong>SADA, 3 DE MAIO DE 2021<\/strong><\/p>\n\n\n\n<p>O Pazo \u00e9 do pobo e a sociedade civil organizada defender\u00e1 Meir\u00e1s diante da rapina da familia Franco. Con este fin a Iniciativa Galega pola Memoria (IGM) lanzou un chamamento \u00e1 sociedade civil para levantar unha fronte de oposici\u00f3n \u00e1 decisi\u00f3n da xustiza espa\u00f1ola de consentir que os Franco poidan perpetrar un \u00faltimo espolio en Meir\u00e1s. O grupo impulsor, do que son portavoces os investigadores Carlos Bab\u00edo e Manuel P\u00e9rez Lorenzo, est\u00e1 a promover adhesi\u00f3ns de colectivos de memoria, asociaci\u00f3ns culturais e entidades de todo tipo de Galiza para reactivar o movemento social que permitiu a recuperaci\u00f3n do Pazo de Meir\u00e1s.<\/p>\n\n\n\n<p>A <strong>Iniciativa Defende Meir\u00e1s<\/strong> convoca unha mobilizaci\u00f3n nacional para o 19 de xullo da que se ir\u00e1n avanzando detalles nas pr\u00f3ximas semanas.<\/p>\n\n\n\n<p>A <strong>Iniciativa Defende Meir\u00e1s<\/strong> nace para facer fronte \u00e1 decisi\u00f3n da xustiza espa\u00f1ola de conceder a propiedade dos bens m\u00f3beis que seguen no Pazo e o permiso para sacalos de al\u00ed co amplo prazo dun mes \u00e1 familia Franco.<\/p>\n\n\n\n<p>A <strong>Iniciativa Defende Meir\u00e1s<\/strong> nace contra a pasividade do Estado e da Xunta de Galiza, que a\u00ednda non foron quen de contestar esa decisi\u00f3n. E nace para esixir dos poderes p\u00fablicos que respondan esta interpretaci\u00f3n da sentenza do Xulgado de 1\u00aa Instancia sobre a devoluci\u00f3n do Pazo de Meir\u00e1s ao Patrimonio p\u00fablico realizada nun Auto xudicial recente que ampara a propiedade da familia Franco dos bens mobles do Pazo. O Estado debe establecer con car\u00e1cter inmediato unha estratexia que permita devolver agora e no futuro aqueles bens que figuran en diferentes inventarios confeccionados a instancias xudiciais.<\/p>\n\n\n\n<p>Polo que respecta \u00e1 Xunta de Galiza debe incorporar, como anexo \u00e1 Declaraci\u00f3n BIC do Pazo de Meir\u00e1s, o inventario de bens mobles e vinculalos \u00e1 categor\u00eda de protecci\u00f3n da que goza na actualidade o espazo como <em>Sitio Hist\u00f3rico<\/em>.<\/p>\n\n\n\n<p>A <strong>Iniciativa Defende Meir\u00e1s<\/strong> solicita a inmediata apertura do Pazo de Meir\u00e1s e a organizaci\u00f3n dun acto p\u00fablico de homenaxe \u00e1s v\u00edtimas daquel espolio e de posta en valor do proceso pilotado pola cidadan\u00eda galega que fixo pos\u00edbel a recuperaci\u00f3n deste ben patrimonial no marco da loita contra a impunidade franquista. Os colectivos memorial\u00edsticos reclaman que os usos futuros do Pazo te\u00f1an como eixo a Memoria Hist\u00f3rica.<\/p>\n","protected":false},"excerpt":{"rendered":"<div class=\"mh-excerpt\"><p>Colectivos memorial\u00edsticos, asociaci\u00f3ns culturais e entidades de todo o pa\u00eds comezan a se organizar para responder \u00e1 ameaza dun novo espolio do Pazo despois de que a xustiza espa\u00f1ola concedese permiso \u00e1 familia do ditador para retirar bens m\u00f3beis xa catalogados de Meir\u00e1s, que goza da protecci\u00f3n de BIC <a class=\"mh-excerpt-more\" href=\"https:\/\/www.anovapeneira.gal\/index.php\/2021\/05\/06\/a-igm-chama-a-sociedade-civil-a-defender-meiras-diante-da-rapina-dos-franco\/\" title=\"A IGM chama \u00e1 sociedade civil a defender Meir\u00e1s diante da rapina dos Franco\">[&#8230;]<\/a><\/p>\n<\/div>","protected":false},"author":3,"featured_media":4885,"comment_status":"open","ping_status":"open","sticky":false,"template":"","format":"standard","meta":{"_exactmetrics_skip_tracking":false,"_exactmetrics_sitenote_active":false,"_exactmetrics_sitenote_note":"","_exactmetrics_sitenote_category":0,"footnotes":""},"categories":[263],"tags":[1229],"class_list":{"0":"post-5331","1":"post","2":"type-post","3":"status-publish","4":"format-standard","5":"has-post-thumbnail","7":"category-novas","8":"tag-igm"},"yoast_head":"<!-- This site is optimized with the Yoast SEO plugin v27.4 - https:\/\/yoast.com\/product\/yoast-seo-wordpress\/ -->\n<title>A IGM chama \u00e1 sociedade civil a defender Meir\u00e1s diante da rapina dos Franco -<\/title>\n<meta name=\"description\" content=\"Colectivos memorial\u00edsticos, asociaci\u00f3ns culturais e entidades de todo o pa\u00eds comezan a se organizar para responder \u00e1 ameaza dun novo espolio do Pazo despois de que a xustiza espa\u00f1ola concedese permiso \u00e1 familia do ditador para retirar bens m\u00f3beis xa catalogados de Meir\u00e1s, que goza da protecci\u00f3n de BIC\" \/>\n<meta name=\"robots\" content=\"index, follow, max-snippet:-1, max-image-preview:large, max-video-preview:-1\" \/>\n<link rel=\"canonical\" href=\"https:\/\/www.anovapeneira.gal\/index.php\/2021\/05\/06\/a-igm-chama-a-sociedade-civil-a-defender-meiras-diante-da-rapina-dos-franco\/\" \/>\n<meta property=\"og:locale\" content=\"gl_ES\" \/>\n<meta property=\"og:type\" content=\"article\" \/>\n<meta property=\"og:title\" content=\"A IGM chama \u00e1 sociedade civil a defender Meir\u00e1s diante da rapina dos Franco -\" \/>\n<meta property=\"og:description\" content=\"Colectivos memorial\u00edsticos, asociaci\u00f3ns culturais e entidades de todo o pa\u00eds comezan a se organizar para responder \u00e1 ameaza dun novo espolio do Pazo despois de que a xustiza espa\u00f1ola concedese permiso \u00e1 familia do ditador para retirar bens m\u00f3beis xa catalogados de Meir\u00e1s, que goza da protecci\u00f3n de BIC\" \/>\n<meta property=\"og:url\" content=\"https:\/\/www.anovapeneira.gal\/index.php\/2021\/05\/06\/a-igm-chama-a-sociedade-civil-a-defender-meiras-diante-da-rapina-dos-franco\/\" \/>\n<meta property=\"article:publisher\" content=\"https:\/\/www.facebook.com\/anovapeneira\" \/>\n<meta property=\"article:published_time\" content=\"2021-05-06T10:00:21+00:00\" \/>\n<meta property=\"article:modified_time\" content=\"2021-05-09T19:46:33+00:00\" \/>\n<meta property=\"og:image\" content=\"https:\/\/www.anovapeneira.gal\/wp-content\/uploads\/2021\/02\/iniciativagalegapolamemoria.gif\" \/>\n\t<meta property=\"og:image:width\" content=\"1920\" \/>\n\t<meta property=\"og:image:height\" content=\"1146\" \/>\n\t<meta property=\"og:image:type\" content=\"image\/gif\" \/>\n<meta name=\"author\" content=\"Redacci\u00f3n A Nova Peneira\" \/>\n<meta name=\"twitter:card\" content=\"summary_large_image\" \/>\n<meta name=\"twitter:creator\" content=\"@APeneira\" \/>\n<meta name=\"twitter:site\" content=\"@APeneira\" \/>\n<meta name=\"twitter:label1\" content=\"Escrito por\" \/>\n\t<meta name=\"twitter:data1\" content=\"Redacci\u00f3n A Nova Peneira\" \/>\n\t<meta name=\"twitter:label2\" content=\"Tempo de lectura\" \/>\n\t<meta name=\"twitter:data2\" content=\"2 minutos\" \/>\n<script type=\"application\/ld+json\" class=\"yoast-schema-graph\">{\"@context\":\"https:\\\/\\\/schema.org\",\"@graph\":[{\"@type\":\"Article\",\"@id\":\"https:\\\/\\\/www.anovapeneira.gal\\\/index.php\\\/2021\\\/05\\\/06\\\/a-igm-chama-a-sociedade-civil-a-defender-meiras-diante-da-rapina-dos-franco\\\/#article\",\"isPartOf\":{\"@id\":\"https:\\\/\\\/www.anovapeneira.gal\\\/index.php\\\/2021\\\/05\\\/06\\\/a-igm-chama-a-sociedade-civil-a-defender-meiras-diante-da-rapina-dos-franco\\\/\"},\"author\":{\"name\":\"Redacci\u00f3n A Nova Peneira\",\"@id\":\"https:\\\/\\\/www.anovapeneira.gal\\\/#\\\/schema\\\/person\\\/b93e3f8932e3f8da96334607eb6ac6aa\"},\"headline\":\"A IGM chama \u00e1 sociedade civil a defender Meir\u00e1s diante da rapina dos Franco\",\"datePublished\":\"2021-05-06T10:00:21+00:00\",\"dateModified\":\"2021-05-09T19:46:33+00:00\",\"mainEntityOfPage\":{\"@id\":\"https:\\\/\\\/www.anovapeneira.gal\\\/index.php\\\/2021\\\/05\\\/06\\\/a-igm-chama-a-sociedade-civil-a-defender-meiras-diante-da-rapina-dos-franco\\\/\"},\"wordCount\":484,\"commentCount\":0,\"publisher\":{\"@id\":\"https:\\\/\\\/www.anovapeneira.gal\\\/#organization\"},\"image\":{\"@id\":\"https:\\\/\\\/www.anovapeneira.gal\\\/index.php\\\/2021\\\/05\\\/06\\\/a-igm-chama-a-sociedade-civil-a-defender-meiras-diante-da-rapina-dos-franco\\\/#primaryimage\"},\"thumbnailUrl\":\"https:\\\/\\\/www.anovapeneira.gal\\\/wp-content\\\/uploads\\\/2021\\\/02\\\/iniciativagalegapolamemoria.gif\",\"keywords\":[\"IGM\"],\"articleSection\":[\"Novas\"],\"inLanguage\":\"gl-ES\",\"potentialAction\":[{\"@type\":\"CommentAction\",\"name\":\"Comment\",\"target\":[\"https:\\\/\\\/www.anovapeneira.gal\\\/index.php\\\/2021\\\/05\\\/06\\\/a-igm-chama-a-sociedade-civil-a-defender-meiras-diante-da-rapina-dos-franco\\\/#respond\"]}]},{\"@type\":\"WebPage\",\"@id\":\"https:\\\/\\\/www.anovapeneira.gal\\\/index.php\\\/2021\\\/05\\\/06\\\/a-igm-chama-a-sociedade-civil-a-defender-meiras-diante-da-rapina-dos-franco\\\/\",\"url\":\"https:\\\/\\\/www.anovapeneira.gal\\\/index.php\\\/2021\\\/05\\\/06\\\/a-igm-chama-a-sociedade-civil-a-defender-meiras-diante-da-rapina-dos-franco\\\/\",\"name\":\"A IGM chama \u00e1 sociedade civil a defender Meir\u00e1s diante da rapina dos Franco -\",\"isPartOf\":{\"@id\":\"https:\\\/\\\/www.anovapeneira.gal\\\/#website\"},\"primaryImageOfPage\":{\"@id\":\"https:\\\/\\\/www.anovapeneira.gal\\\/index.php\\\/2021\\\/05\\\/06\\\/a-igm-chama-a-sociedade-civil-a-defender-meiras-diante-da-rapina-dos-franco\\\/#primaryimage\"},\"image\":{\"@id\":\"https:\\\/\\\/www.anovapeneira.gal\\\/index.php\\\/2021\\\/05\\\/06\\\/a-igm-chama-a-sociedade-civil-a-defender-meiras-diante-da-rapina-dos-franco\\\/#primaryimage\"},\"thumbnailUrl\":\"https:\\\/\\\/www.anovapeneira.gal\\\/wp-content\\\/uploads\\\/2021\\\/02\\\/iniciativagalegapolamemoria.gif\",\"datePublished\":\"2021-05-06T10:00:21+00:00\",\"dateModified\":\"2021-05-09T19:46:33+00:00\",\"description\":\"Colectivos memorial\u00edsticos, asociaci\u00f3ns culturais e entidades de todo o pa\u00eds comezan a se organizar para responder \u00e1 ameaza dun novo espolio do Pazo despois de que a xustiza espa\u00f1ola concedese permiso \u00e1 familia do ditador para retirar bens m\u00f3beis xa catalogados de Meir\u00e1s, que goza da protecci\u00f3n de BIC\",\"breadcrumb\":{\"@id\":\"https:\\\/\\\/www.anovapeneira.gal\\\/index.php\\\/2021\\\/05\\\/06\\\/a-igm-chama-a-sociedade-civil-a-defender-meiras-diante-da-rapina-dos-franco\\\/#breadcrumb\"},\"inLanguage\":\"gl-ES\",\"potentialAction\":[{\"@type\":\"ReadAction\",\"target\":[\"https:\\\/\\\/www.anovapeneira.gal\\\/index.php\\\/2021\\\/05\\\/06\\\/a-igm-chama-a-sociedade-civil-a-defender-meiras-diante-da-rapina-dos-franco\\\/\"]}]},{\"@type\":\"ImageObject\",\"inLanguage\":\"gl-ES\",\"@id\":\"https:\\\/\\\/www.anovapeneira.gal\\\/index.php\\\/2021\\\/05\\\/06\\\/a-igm-chama-a-sociedade-civil-a-defender-meiras-diante-da-rapina-dos-franco\\\/#primaryimage\",\"url\":\"https:\\\/\\\/www.anovapeneira.gal\\\/wp-content\\\/uploads\\\/2021\\\/02\\\/iniciativagalegapolamemoria.gif\",\"contentUrl\":\"https:\\\/\\\/www.anovapeneira.gal\\\/wp-content\\\/uploads\\\/2021\\\/02\\\/iniciativagalegapolamemoria.gif\",\"width\":1920,\"height\":1146,\"caption\":\"Iniciativa Galega pola memoria\"},{\"@type\":\"BreadcrumbList\",\"@id\":\"https:\\\/\\\/www.anovapeneira.gal\\\/index.php\\\/2021\\\/05\\\/06\\\/a-igm-chama-a-sociedade-civil-a-defender-meiras-diante-da-rapina-dos-franco\\\/#breadcrumb\",\"itemListElement\":[{\"@type\":\"ListItem\",\"position\":1,\"name\":\"Portada\",\"item\":\"https:\\\/\\\/www.anovapeneira.gal\\\/\"},{\"@type\":\"ListItem\",\"position\":2,\"name\":\"A IGM chama \u00e1 sociedade civil a defender Meir\u00e1s diante da rapina dos Franco\"}]},{\"@type\":\"WebSite\",\"@id\":\"https:\\\/\\\/www.anovapeneira.gal\\\/#website\",\"url\":\"https:\\\/\\\/www.anovapeneira.gal\\\/\",\"name\":\"\",\"description\":\"Xornal galego de informaci\u00f3n xeral Publicaci\u00f3n mensual de novas de Galicia e en especial dos Concellos da sur da provincia de Pontevedra.\",\"publisher\":{\"@id\":\"https:\\\/\\\/www.anovapeneira.gal\\\/#organization\"},\"potentialAction\":[{\"@type\":\"SearchAction\",\"target\":{\"@type\":\"EntryPoint\",\"urlTemplate\":\"https:\\\/\\\/www.anovapeneira.gal\\\/?s={search_term_string}\"},\"query-input\":{\"@type\":\"PropertyValueSpecification\",\"valueRequired\":true,\"valueName\":\"search_term_string\"}}],\"inLanguage\":\"gl-ES\"},{\"@type\":\"Organization\",\"@id\":\"https:\\\/\\\/www.anovapeneira.gal\\\/#organization\",\"name\":\"A Nova Peneira\",\"url\":\"https:\\\/\\\/www.anovapeneira.gal\\\/\",\"logo\":{\"@type\":\"ImageObject\",\"inLanguage\":\"gl-ES\",\"@id\":\"https:\\\/\\\/www.anovapeneira.gal\\\/#\\\/schema\\\/logo\\\/image\\\/\",\"url\":\"http:\\\/\\\/www.anovapeneira.gal\\\/wp-content\\\/uploads\\\/2019\\\/06\\\/logo_a_nova_peneira_portal_web.png\",\"contentUrl\":\"http:\\\/\\\/www.anovapeneira.gal\\\/wp-content\\\/uploads\\\/2019\\\/06\\\/logo_a_nova_peneira_portal_web.png\",\"width\":300,\"height\":100,\"caption\":\"A Nova Peneira\"},\"image\":{\"@id\":\"https:\\\/\\\/www.anovapeneira.gal\\\/#\\\/schema\\\/logo\\\/image\\\/\"},\"sameAs\":[\"https:\\\/\\\/www.facebook.com\\\/anovapeneira\",\"https:\\\/\\\/x.com\\\/APeneira\"]},{\"@type\":\"Person\",\"@id\":\"https:\\\/\\\/www.anovapeneira.gal\\\/#\\\/schema\\\/person\\\/b93e3f8932e3f8da96334607eb6ac6aa\",\"name\":\"Redacci\u00f3n A Nova Peneira\",\"image\":{\"@type\":\"ImageObject\",\"inLanguage\":\"gl-ES\",\"@id\":\"https:\\\/\\\/secure.gravatar.com\\\/avatar\\\/c052a2551a06e23fac63626232eaa90abd78dbcf1700fc46a2b2c89fd27b735f?s=96&d=mm&r=g\",\"url\":\"https:\\\/\\\/secure.gravatar.com\\\/avatar\\\/c052a2551a06e23fac63626232eaa90abd78dbcf1700fc46a2b2c89fd27b735f?s=96&d=mm&r=g\",\"contentUrl\":\"https:\\\/\\\/secure.gravatar.com\\\/avatar\\\/c052a2551a06e23fac63626232eaa90abd78dbcf1700fc46a2b2c89fd27b735f?s=96&d=mm&r=g\",\"caption\":\"Redacci\u00f3n A Nova Peneira\"},\"sameAs\":[\"http:\\\/\\\/www.anovapeneira.gal\\\/\"],\"url\":\"https:\\\/\\\/www.anovapeneira.gal\\\/index.php\\\/author\\\/redactor\\\/\"}]}<\/script>\n<!-- \/ Yoast SEO plugin. -->","yoast_head_json":{"title":"A IGM chama \u00e1 sociedade civil a defender Meir\u00e1s diante da rapina dos Franco -","description":"Colectivos memorial\u00edsticos, asociaci\u00f3ns culturais e entidades de todo o pa\u00eds comezan a se organizar para responder \u00e1 ameaza dun novo espolio do Pazo despois de que a xustiza espa\u00f1ola concedese permiso \u00e1 familia do ditador para retirar bens m\u00f3beis xa catalogados de Meir\u00e1s, que goza da protecci\u00f3n de BIC","robots":{"index":"index","follow":"follow","max-snippet":"max-snippet:-1","max-image-preview":"max-image-preview:large","max-video-preview":"max-video-preview:-1"},"canonical":"https:\/\/www.anovapeneira.gal\/index.php\/2021\/05\/06\/a-igm-chama-a-sociedade-civil-a-defender-meiras-diante-da-rapina-dos-franco\/","og_locale":"gl_ES","og_type":"article","og_title":"A IGM chama \u00e1 sociedade civil a defender Meir\u00e1s diante da rapina dos Franco -","og_description":"Colectivos memorial\u00edsticos, asociaci\u00f3ns culturais e entidades de todo o pa\u00eds comezan a se organizar para responder \u00e1 ameaza dun novo espolio do Pazo despois de que a xustiza espa\u00f1ola concedese permiso \u00e1 familia do ditador para retirar bens m\u00f3beis xa catalogados de Meir\u00e1s, que goza da protecci\u00f3n de BIC","og_url":"https:\/\/www.anovapeneira.gal\/index.php\/2021\/05\/06\/a-igm-chama-a-sociedade-civil-a-defender-meiras-diante-da-rapina-dos-franco\/","article_publisher":"https:\/\/www.facebook.com\/anovapeneira","article_published_time":"2021-05-06T10:00:21+00:00","article_modified_time":"2021-05-09T19:46:33+00:00","og_image":[{"width":1920,"height":1146,"url":"https:\/\/www.anovapeneira.gal\/wp-content\/uploads\/2021\/02\/iniciativagalegapolamemoria.gif","type":"image\/gif"}],"author":"Redacci\u00f3n A Nova Peneira","twitter_card":"summary_large_image","twitter_creator":"@APeneira","twitter_site":"@APeneira","twitter_misc":{"Escrito por":"Redacci\u00f3n A Nova Peneira","Tempo de lectura":"2 minutos"},"schema":{"@context":"https:\/\/schema.org","@graph":[{"@type":"Article","@id":"https:\/\/www.anovapeneira.gal\/index.php\/2021\/05\/06\/a-igm-chama-a-sociedade-civil-a-defender-meiras-diante-da-rapina-dos-franco\/#article","isPartOf":{"@id":"https:\/\/www.anovapeneira.gal\/index.php\/2021\/05\/06\/a-igm-chama-a-sociedade-civil-a-defender-meiras-diante-da-rapina-dos-franco\/"},"author":{"name":"Redacci\u00f3n A Nova Peneira","@id":"https:\/\/www.anovapeneira.gal\/#\/schema\/person\/b93e3f8932e3f8da96334607eb6ac6aa"},"headline":"A IGM chama \u00e1 sociedade civil a defender Meir\u00e1s diante da rapina dos Franco","datePublished":"2021-05-06T10:00:21+00:00","dateModified":"2021-05-09T19:46:33+00:00","mainEntityOfPage":{"@id":"https:\/\/www.anovapeneira.gal\/index.php\/2021\/05\/06\/a-igm-chama-a-sociedade-civil-a-defender-meiras-diante-da-rapina-dos-franco\/"},"wordCount":484,"commentCount":0,"publisher":{"@id":"https:\/\/www.anovapeneira.gal\/#organization"},"image":{"@id":"https:\/\/www.anovapeneira.gal\/index.php\/2021\/05\/06\/a-igm-chama-a-sociedade-civil-a-defender-meiras-diante-da-rapina-dos-franco\/#primaryimage"},"thumbnailUrl":"https:\/\/www.anovapeneira.gal\/wp-content\/uploads\/2021\/02\/iniciativagalegapolamemoria.gif","keywords":["IGM"],"articleSection":["Novas"],"inLanguage":"gl-ES","potentialAction":[{"@type":"CommentAction","name":"Comment","target":["https:\/\/www.anovapeneira.gal\/index.php\/2021\/05\/06\/a-igm-chama-a-sociedade-civil-a-defender-meiras-diante-da-rapina-dos-franco\/#respond"]}]},{"@type":"WebPage","@id":"https:\/\/www.anovapeneira.gal\/index.php\/2021\/05\/06\/a-igm-chama-a-sociedade-civil-a-defender-meiras-diante-da-rapina-dos-franco\/","url":"https:\/\/www.anovapeneira.gal\/index.php\/2021\/05\/06\/a-igm-chama-a-sociedade-civil-a-defender-meiras-diante-da-rapina-dos-franco\/","name":"A IGM chama \u00e1 sociedade civil a defender Meir\u00e1s diante da rapina dos Franco -","isPartOf":{"@id":"https:\/\/www.anovapeneira.gal\/#website"},"primaryImageOfPage":{"@id":"https:\/\/www.anovapeneira.gal\/index.php\/2021\/05\/06\/a-igm-chama-a-sociedade-civil-a-defender-meiras-diante-da-rapina-dos-franco\/#primaryimage"},"image":{"@id":"https:\/\/www.anovapeneira.gal\/index.php\/2021\/05\/06\/a-igm-chama-a-sociedade-civil-a-defender-meiras-diante-da-rapina-dos-franco\/#primaryimage"},"thumbnailUrl":"https:\/\/www.anovapeneira.gal\/wp-content\/uploads\/2021\/02\/iniciativagalegapolamemoria.gif","datePublished":"2021-05-06T10:00:21+00:00","dateModified":"2021-05-09T19:46:33+00:00","description":"Colectivos memorial\u00edsticos, asociaci\u00f3ns culturais e entidades de todo o pa\u00eds comezan a se organizar para responder \u00e1 ameaza dun novo espolio do Pazo despois de que a xustiza espa\u00f1ola concedese permiso \u00e1 familia do ditador para retirar bens m\u00f3beis xa catalogados de Meir\u00e1s, que goza da protecci\u00f3n de BIC","breadcrumb":{"@id":"https:\/\/www.anovapeneira.gal\/index.php\/2021\/05\/06\/a-igm-chama-a-sociedade-civil-a-defender-meiras-diante-da-rapina-dos-franco\/#breadcrumb"},"inLanguage":"gl-ES","potentialAction":[{"@type":"ReadAction","target":["https:\/\/www.anovapeneira.gal\/index.php\/2021\/05\/06\/a-igm-chama-a-sociedade-civil-a-defender-meiras-diante-da-rapina-dos-franco\/"]}]},{"@type":"ImageObject","inLanguage":"gl-ES","@id":"https:\/\/www.anovapeneira.gal\/index.php\/2021\/05\/06\/a-igm-chama-a-sociedade-civil-a-defender-meiras-diante-da-rapina-dos-franco\/#primaryimage","url":"https:\/\/www.anovapeneira.gal\/wp-content\/uploads\/2021\/02\/iniciativagalegapolamemoria.gif","contentUrl":"https:\/\/www.anovapeneira.gal\/wp-content\/uploads\/2021\/02\/iniciativagalegapolamemoria.gif","width":1920,"height":1146,"caption":"Iniciativa Galega pola memoria"},{"@type":"BreadcrumbList","@id":"https:\/\/www.anovapeneira.gal\/index.php\/2021\/05\/06\/a-igm-chama-a-sociedade-civil-a-defender-meiras-diante-da-rapina-dos-franco\/#breadcrumb","itemListElement":[{"@type":"ListItem","position":1,"name":"Portada","item":"https:\/\/www.anovapeneira.gal\/"},{"@type":"ListItem","position":2,"name":"A IGM chama \u00e1 sociedade civil a defender Meir\u00e1s diante da rapina dos Franco"}]},{"@type":"WebSite","@id":"https:\/\/www.anovapeneira.gal\/#website","url":"https:\/\/www.anovapeneira.gal\/","name":"","description":"Xornal galego de informaci\u00f3n xeral Publicaci\u00f3n mensual de novas de Galicia e en especial dos Concellos da sur da provincia de Pontevedra.","publisher":{"@id":"https:\/\/www.anovapeneira.gal\/#organization"},"potentialAction":[{"@type":"SearchAction","target":{"@type":"EntryPoint","urlTemplate":"https:\/\/www.anovapeneira.gal\/?s={search_term_string}"},"query-input":{"@type":"PropertyValueSpecification","valueRequired":true,"valueName":"search_term_string"}}],"inLanguage":"gl-ES"},{"@type":"Organization","@id":"https:\/\/www.anovapeneira.gal\/#organization","name":"A Nova Peneira","url":"https:\/\/www.anovapeneira.gal\/","logo":{"@type":"ImageObject","inLanguage":"gl-ES","@id":"https:\/\/www.anovapeneira.gal\/#\/schema\/logo\/image\/","url":"http:\/\/www.anovapeneira.gal\/wp-content\/uploads\/2019\/06\/logo_a_nova_peneira_portal_web.png","contentUrl":"http:\/\/www.anovapeneira.gal\/wp-content\/uploads\/2019\/06\/logo_a_nova_peneira_portal_web.png","width":300,"height":100,"caption":"A Nova Peneira"},"image":{"@id":"https:\/\/www.anovapeneira.gal\/#\/schema\/logo\/image\/"},"sameAs":["https:\/\/www.facebook.com\/anovapeneira","https:\/\/x.com\/APeneira"]},{"@type":"Person","@id":"https:\/\/www.anovapeneira.gal\/#\/schema\/person\/b93e3f8932e3f8da96334607eb6ac6aa","name":"Redacci\u00f3n A Nova Peneira","image":{"@type":"ImageObject","inLanguage":"gl-ES","@id":"https:\/\/secure.gravatar.com\/avatar\/c052a2551a06e23fac63626232eaa90abd78dbcf1700fc46a2b2c89fd27b735f?s=96&d=mm&r=g","url":"https:\/\/secure.gravatar.com\/avatar\/c052a2551a06e23fac63626232eaa90abd78dbcf1700fc46a2b2c89fd27b735f?s=96&d=mm&r=g","contentUrl":"https:\/\/secure.gravatar.com\/avatar\/c052a2551a06e23fac63626232eaa90abd78dbcf1700fc46a2b2c89fd27b735f?s=96&d=mm&r=g","caption":"Redacci\u00f3n A Nova Peneira"},"sameAs":["http:\/\/www.anovapeneira.gal\/"],"url":"https:\/\/www.anovapeneira.gal\/index.php\/author\/redactor\/"}]}},"jetpack_featured_media_url":"https:\/\/www.anovapeneira.gal\/wp-content\/uploads\/2021\/02\/iniciativagalegapolamemoria.gif","_links":{"self":[{"href":"https:\/\/www.anovapeneira.gal\/index.php\/wp-json\/wp\/v2\/posts\/5331","targetHints":{"allow":["GET"]}}],"collection":[{"href":"https:\/\/www.anovapeneira.gal\/index.php\/wp-json\/wp\/v2\/posts"}],"about":[{"href":"https:\/\/www.anovapeneira.gal\/index.php\/wp-json\/wp\/v2\/types\/post"}],"author":[{"embeddable":true,"href":"https:\/\/www.anovapeneira.gal\/index.php\/wp-json\/wp\/v2\/users\/3"}],"replies":[{"embeddable":true,"href":"https:\/\/www.anovapeneira.gal\/index.php\/wp-json\/wp\/v2\/comments?post=5331"}],"version-history":[{"count":2,"href":"https:\/\/www.anovapeneira.gal\/index.php\/wp-json\/wp\/v2\/posts\/5331\/revisions"}],"predecessor-version":[{"id":5342,"href":"https:\/\/www.anovapeneira.gal\/index.php\/wp-json\/wp\/v2\/posts\/5331\/revisions\/5342"}],"wp:featuredmedia":[{"embeddable":true,"href":"https:\/\/www.anovapeneira.gal\/index.php\/wp-json\/wp\/v2\/media\/4885"}],"wp:attachment":[{"href":"https:\/\/www.anovapeneira.gal\/index.php\/wp-json\/wp\/v2\/media?parent=5331"}],"wp:term":[{"taxonomy":"category","embeddable":true,"href":"https:\/\/www.anovapeneira.gal\/index.php\/wp-json\/wp\/v2\/categories?post=5331"},{"taxonomy":"post_tag","embeddable":true,"href":"https:\/\/www.anovapeneira.gal\/index.php\/wp-json\/wp\/v2\/tags?post=5331"}],"curies":[{"name":"wp","href":"https:\/\/api.w.org\/{rel}","templated":true}]}}