{"id":5333,"date":"2021-05-07T10:00:12","date_gmt":"2021-05-07T08:00:12","guid":{"rendered":"http:\/\/www.anovapeneira.gal\/?p=5333"},"modified":"2021-05-03T16:31:58","modified_gmt":"2021-05-03T14:31:58","slug":"galiza-nova-reforzase-coa-integracion-de-isca","status":"publish","type":"post","link":"https:\/\/www.anovapeneira.gal\/index.php\/2021\/05\/07\/galiza-nova-reforzase-coa-integracion-de-isca\/","title":{"rendered":"Galiza Nova ref\u00f3rzase coa integraci\u00f3n de Isca!"},"content":{"rendered":"\n<h4 class=\"wp-block-heading\"><em>A mocidade do BNG \u00fanese nunha soa fronte com\u00fan, consolidando Galiza Nova como a organizaci\u00f3n pol\u00edtica referencial para a mocidade galega.<\/em><\/h4>\n\n\n\n<p>Na ma\u00f1\u00e1 de hoxe, Galiza Nova e Isca! ve\u00f1en de asinar publicamente a integraci\u00f3n de Isca! no seo de Galiza Nova. Nun acto p\u00fablico realizado na Sede Nacional do BNG as d\u00faas organizaci\u00f3ns reafirmaron o seu compromiso coa loita organizada da mocidade.<\/p>\n\n\n\n<p><strong>As d\u00faas organizaci\u00f3ns declararon que a coincidencia nas s\u00faas an\u00e1lises sobre as problem\u00e1ticas da mocidade foron claves \u00e1 hora de acadar este acordo<\/strong>. Consideran que o presente pol\u00edtico de Galiza amosa que a mocidade do pa\u00eds vive desde a crise do 2008 un proceso de erosi\u00f3n social e econ\u00f3mica que a actual crise sanitaria viu a agravar.<\/p>\n\n\n\n<p>Paulo R\u00edos, Secretario Xeral de Galiza Nova, analizou que \u201c\u00e1s altas taxas de desemprego xuvenil, \u00e1 emigraci\u00f3n forzada ou ao desmantelamento paulatino de servizos p\u00fablicos b\u00e1sicos, como o ensino, a sa\u00fade ou o transporte, v\u00e9nse sumar desde hai anos o embate do Estado Espa\u00f1ol contra os dereitos e as liberdades pol\u00edticas m\u00e1is b\u00e1sicas\u201d. Segundo <strong>R\u00edos isto sup\u00f3n que as posibilidades de desenvolver unha vida emancipada por parte da mocidade \u201cvense reducidas de xeito abismal\u201d.<\/strong> \u201c Todo isto fai que o proxecto pol\u00edtico dunha Galiza soberana e democr\u00e1tica sexa m\u00e1is urxente ca nunca\u201d declarou.<\/p>\n\n\n\n<p>Pola s\u00faa banda Daniel Barral, de Isca! considerou que <strong>\u201co panorama actual fai que sexa preciso unirmos forzas e facermos fronte com\u00fan\u201d, pois, segundo considera \u201ca mocidade nacionalista organizada debemos xogar a nosa parte\u201d.<\/strong><\/p>\n\n\n\n<p>Barral declarou que \u201chai anos que traballamos no mesmo proxecto de liberaci\u00f3n nacional e que temos ao BNG como referente pol\u00edtico<strong>\u201d. Esta sinton\u00eda existente considera que \u201cnon \u00e9 conxuntural\u201d, sen\u00f3n que \u00e9 o \u201cresultado esper\u00e1bel de acreditarmos na Rep\u00fablica Galega como \u00fanico futuro pos\u00edbel para a mocidade\u201d<\/strong>. Ademais, considerou que ese \u00e9 o \u00fanico marco democr\u00e1tico a trav\u00e9s do cal \u201cconducir todas as loitas\u201d, facendo fincap\u00e9 na loita de clase, o feminismo, a loita LGBT, o antiimperialismo e \u201ccalquera outra loita contra a opresi\u00f3n ou discriminaci\u00f3n\u201d.<\/p>\n\n\n\n<p>Na rolda de prensa sinalaron que coa sinatura deste acordo a mocidade que participa do BNG pasar\u00e1 a estar integrada nunha soa fronte com\u00fan<strong>, consolidando Galiza Nova como a organizaci\u00f3n pol\u00edtica referencial para a mocidade galega<\/strong>.<\/p>\n\n\n\n<p>Desde Galiza Nova e Isca! esperan que esta integraci\u00f3n reverta nun reforzo da esquerda soberanista galega e que contrib\u00faa a sumar m\u00e1is mozas ao seu proxecto pol\u00edtico. Segundo o comunicado emitido polas d\u00faas organizaci\u00f3ns, esperan que \u201ca suma non sexa apenas cuantitativa, sen\u00f3n cualitativa\u201d, pois consideran que \u201cnon \u00e9 s\u00f3 cuesti\u00f3n de termos m\u00e1is mans a puxar do carro\u201d, sen\u00f3n que \u201c\u00e9 preciso que a mocidade te\u00f1a unha voz de seu e unha maneira de articular a soluci\u00f3n daqueles problemas que a afectan de maneira espec\u00edfica\u201d. O comunicado emitido convida a todas as mozas a participaren no proxecto de constru\u00edrmos un pa\u00eds de todas e para todas.<\/p>\n","protected":false},"excerpt":{"rendered":"<div class=\"mh-excerpt\"><p>A mocidade do BNG \u00fanese nunha soa fronte com\u00fan, consolidando Galiza Nova como a organizaci\u00f3n pol\u00edtica referencial para a mocidade galega <a class=\"mh-excerpt-more\" href=\"https:\/\/www.anovapeneira.gal\/index.php\/2021\/05\/07\/galiza-nova-reforzase-coa-integracion-de-isca\/\" title=\"Galiza Nova ref\u00f3rzase coa integraci\u00f3n de Isca!\">[&#8230;]<\/a><\/p>\n<\/div>","protected":false},"author":3,"featured_media":5334,"comment_status":"open","ping_status":"open","sticky":false,"template":"","format":"standard","meta":{"_exactmetrics_skip_tracking":false,"_exactmetrics_sitenote_active":false,"_exactmetrics_sitenote_note":"","_exactmetrics_sitenote_category":0,"footnotes":""},"categories":[263],"tags":[838],"class_list":{"0":"post-5333","1":"post","2":"type-post","3":"status-publish","4":"format-standard","5":"has-post-thumbnail","7":"category-novas","8":"tag-galiza-nova"},"yoast_head":"<!-- This site is optimized with the Yoast SEO plugin v27.4 - https:\/\/yoast.com\/product\/yoast-seo-wordpress\/ -->\n<title>Galiza Nova ref\u00f3rzase coa integraci\u00f3n de Isca! -<\/title>\n<meta name=\"description\" content=\"A mocidade do BNG \u00fanese nunha soa fronte com\u00fan, consolidando Galiza Nova como a organizaci\u00f3n pol\u00edtica referencial para a mocidade galega\" \/>\n<meta name=\"robots\" content=\"index, follow, max-snippet:-1, max-image-preview:large, max-video-preview:-1\" \/>\n<link rel=\"canonical\" href=\"https:\/\/www.anovapeneira.gal\/index.php\/2021\/05\/07\/galiza-nova-reforzase-coa-integracion-de-isca\/\" \/>\n<meta property=\"og:locale\" content=\"gl_ES\" \/>\n<meta property=\"og:type\" content=\"article\" \/>\n<meta property=\"og:title\" content=\"Galiza Nova ref\u00f3rzase coa integraci\u00f3n de Isca! -\" \/>\n<meta property=\"og:description\" content=\"A mocidade do BNG \u00fanese nunha soa fronte com\u00fan, consolidando Galiza Nova como a organizaci\u00f3n pol\u00edtica referencial para a mocidade galega\" \/>\n<meta property=\"og:url\" content=\"https:\/\/www.anovapeneira.gal\/index.php\/2021\/05\/07\/galiza-nova-reforzase-coa-integracion-de-isca\/\" \/>\n<meta property=\"article:publisher\" content=\"https:\/\/www.facebook.com\/anovapeneira\" \/>\n<meta property=\"article:published_time\" content=\"2021-05-07T08:00:12+00:00\" \/>\n<meta property=\"og:image\" content=\"https:\/\/www.anovapeneira.gal\/wp-content\/uploads\/2021\/05\/galiza_nova.jpg\" \/>\n\t<meta property=\"og:image:width\" content=\"720\" \/>\n\t<meta property=\"og:image:height\" content=\"432\" \/>\n\t<meta property=\"og:image:type\" content=\"image\/jpeg\" \/>\n<meta name=\"author\" content=\"Redacci\u00f3n A Nova Peneira\" \/>\n<meta name=\"twitter:card\" content=\"summary_large_image\" \/>\n<meta name=\"twitter:creator\" content=\"@APeneira\" \/>\n<meta name=\"twitter:site\" content=\"@APeneira\" \/>\n<meta name=\"twitter:label1\" content=\"Escrito por\" \/>\n\t<meta name=\"twitter:data1\" content=\"Redacci\u00f3n A Nova Peneira\" \/>\n\t<meta name=\"twitter:label2\" content=\"Tempo de lectura\" \/>\n\t<meta name=\"twitter:data2\" content=\"3 minutos\" \/>\n<script type=\"application\/ld+json\" class=\"yoast-schema-graph\">{\"@context\":\"https:\\\/\\\/schema.org\",\"@graph\":[{\"@type\":\"Article\",\"@id\":\"https:\\\/\\\/www.anovapeneira.gal\\\/index.php\\\/2021\\\/05\\\/07\\\/galiza-nova-reforzase-coa-integracion-de-isca\\\/#article\",\"isPartOf\":{\"@id\":\"https:\\\/\\\/www.anovapeneira.gal\\\/index.php\\\/2021\\\/05\\\/07\\\/galiza-nova-reforzase-coa-integracion-de-isca\\\/\"},\"author\":{\"name\":\"Redacci\u00f3n A Nova Peneira\",\"@id\":\"https:\\\/\\\/www.anovapeneira.gal\\\/#\\\/schema\\\/person\\\/b93e3f8932e3f8da96334607eb6ac6aa\"},\"headline\":\"Galiza Nova ref\u00f3rzase coa integraci\u00f3n de Isca!\",\"datePublished\":\"2021-05-07T08:00:12+00:00\",\"mainEntityOfPage\":{\"@id\":\"https:\\\/\\\/www.anovapeneira.gal\\\/index.php\\\/2021\\\/05\\\/07\\\/galiza-nova-reforzase-coa-integracion-de-isca\\\/\"},\"wordCount\":539,\"commentCount\":0,\"publisher\":{\"@id\":\"https:\\\/\\\/www.anovapeneira.gal\\\/#organization\"},\"image\":{\"@id\":\"https:\\\/\\\/www.anovapeneira.gal\\\/index.php\\\/2021\\\/05\\\/07\\\/galiza-nova-reforzase-coa-integracion-de-isca\\\/#primaryimage\"},\"thumbnailUrl\":\"https:\\\/\\\/www.anovapeneira.gal\\\/wp-content\\\/uploads\\\/2021\\\/05\\\/galiza_nova.jpg\",\"keywords\":[\"Galiza Nova\"],\"articleSection\":[\"Novas\"],\"inLanguage\":\"gl-ES\",\"potentialAction\":[{\"@type\":\"CommentAction\",\"name\":\"Comment\",\"target\":[\"https:\\\/\\\/www.anovapeneira.gal\\\/index.php\\\/2021\\\/05\\\/07\\\/galiza-nova-reforzase-coa-integracion-de-isca\\\/#respond\"]}]},{\"@type\":\"WebPage\",\"@id\":\"https:\\\/\\\/www.anovapeneira.gal\\\/index.php\\\/2021\\\/05\\\/07\\\/galiza-nova-reforzase-coa-integracion-de-isca\\\/\",\"url\":\"https:\\\/\\\/www.anovapeneira.gal\\\/index.php\\\/2021\\\/05\\\/07\\\/galiza-nova-reforzase-coa-integracion-de-isca\\\/\",\"name\":\"Galiza Nova ref\u00f3rzase coa integraci\u00f3n de Isca! -\",\"isPartOf\":{\"@id\":\"https:\\\/\\\/www.anovapeneira.gal\\\/#website\"},\"primaryImageOfPage\":{\"@id\":\"https:\\\/\\\/www.anovapeneira.gal\\\/index.php\\\/2021\\\/05\\\/07\\\/galiza-nova-reforzase-coa-integracion-de-isca\\\/#primaryimage\"},\"image\":{\"@id\":\"https:\\\/\\\/www.anovapeneira.gal\\\/index.php\\\/2021\\\/05\\\/07\\\/galiza-nova-reforzase-coa-integracion-de-isca\\\/#primaryimage\"},\"thumbnailUrl\":\"https:\\\/\\\/www.anovapeneira.gal\\\/wp-content\\\/uploads\\\/2021\\\/05\\\/galiza_nova.jpg\",\"datePublished\":\"2021-05-07T08:00:12+00:00\",\"description\":\"A mocidade do BNG \u00fanese nunha soa fronte com\u00fan, consolidando Galiza Nova como a organizaci\u00f3n pol\u00edtica referencial para a mocidade galega\",\"breadcrumb\":{\"@id\":\"https:\\\/\\\/www.anovapeneira.gal\\\/index.php\\\/2021\\\/05\\\/07\\\/galiza-nova-reforzase-coa-integracion-de-isca\\\/#breadcrumb\"},\"inLanguage\":\"gl-ES\",\"potentialAction\":[{\"@type\":\"ReadAction\",\"target\":[\"https:\\\/\\\/www.anovapeneira.gal\\\/index.php\\\/2021\\\/05\\\/07\\\/galiza-nova-reforzase-coa-integracion-de-isca\\\/\"]}]},{\"@type\":\"ImageObject\",\"inLanguage\":\"gl-ES\",\"@id\":\"https:\\\/\\\/www.anovapeneira.gal\\\/index.php\\\/2021\\\/05\\\/07\\\/galiza-nova-reforzase-coa-integracion-de-isca\\\/#primaryimage\",\"url\":\"https:\\\/\\\/www.anovapeneira.gal\\\/wp-content\\\/uploads\\\/2021\\\/05\\\/galiza_nova.jpg\",\"contentUrl\":\"https:\\\/\\\/www.anovapeneira.gal\\\/wp-content\\\/uploads\\\/2021\\\/05\\\/galiza_nova.jpg\",\"width\":720,\"height\":432},{\"@type\":\"BreadcrumbList\",\"@id\":\"https:\\\/\\\/www.anovapeneira.gal\\\/index.php\\\/2021\\\/05\\\/07\\\/galiza-nova-reforzase-coa-integracion-de-isca\\\/#breadcrumb\",\"itemListElement\":[{\"@type\":\"ListItem\",\"position\":1,\"name\":\"Portada\",\"item\":\"https:\\\/\\\/www.anovapeneira.gal\\\/\"},{\"@type\":\"ListItem\",\"position\":2,\"name\":\"Galiza Nova ref\u00f3rzase coa integraci\u00f3n de Isca!\"}]},{\"@type\":\"WebSite\",\"@id\":\"https:\\\/\\\/www.anovapeneira.gal\\\/#website\",\"url\":\"https:\\\/\\\/www.anovapeneira.gal\\\/\",\"name\":\"\",\"description\":\"Xornal galego de informaci\u00f3n xeral Publicaci\u00f3n mensual de novas de Galicia e en especial dos Concellos da sur da provincia de Pontevedra.\",\"publisher\":{\"@id\":\"https:\\\/\\\/www.anovapeneira.gal\\\/#organization\"},\"potentialAction\":[{\"@type\":\"SearchAction\",\"target\":{\"@type\":\"EntryPoint\",\"urlTemplate\":\"https:\\\/\\\/www.anovapeneira.gal\\\/?s={search_term_string}\"},\"query-input\":{\"@type\":\"PropertyValueSpecification\",\"valueRequired\":true,\"valueName\":\"search_term_string\"}}],\"inLanguage\":\"gl-ES\"},{\"@type\":\"Organization\",\"@id\":\"https:\\\/\\\/www.anovapeneira.gal\\\/#organization\",\"name\":\"A Nova Peneira\",\"url\":\"https:\\\/\\\/www.anovapeneira.gal\\\/\",\"logo\":{\"@type\":\"ImageObject\",\"inLanguage\":\"gl-ES\",\"@id\":\"https:\\\/\\\/www.anovapeneira.gal\\\/#\\\/schema\\\/logo\\\/image\\\/\",\"url\":\"http:\\\/\\\/www.anovapeneira.gal\\\/wp-content\\\/uploads\\\/2019\\\/06\\\/logo_a_nova_peneira_portal_web.png\",\"contentUrl\":\"http:\\\/\\\/www.anovapeneira.gal\\\/wp-content\\\/uploads\\\/2019\\\/06\\\/logo_a_nova_peneira_portal_web.png\",\"width\":300,\"height\":100,\"caption\":\"A Nova Peneira\"},\"image\":{\"@id\":\"https:\\\/\\\/www.anovapeneira.gal\\\/#\\\/schema\\\/logo\\\/image\\\/\"},\"sameAs\":[\"https:\\\/\\\/www.facebook.com\\\/anovapeneira\",\"https:\\\/\\\/x.com\\\/APeneira\"]},{\"@type\":\"Person\",\"@id\":\"https:\\\/\\\/www.anovapeneira.gal\\\/#\\\/schema\\\/person\\\/b93e3f8932e3f8da96334607eb6ac6aa\",\"name\":\"Redacci\u00f3n A Nova Peneira\",\"image\":{\"@type\":\"ImageObject\",\"inLanguage\":\"gl-ES\",\"@id\":\"https:\\\/\\\/secure.gravatar.com\\\/avatar\\\/c052a2551a06e23fac63626232eaa90abd78dbcf1700fc46a2b2c89fd27b735f?s=96&d=mm&r=g\",\"url\":\"https:\\\/\\\/secure.gravatar.com\\\/avatar\\\/c052a2551a06e23fac63626232eaa90abd78dbcf1700fc46a2b2c89fd27b735f?s=96&d=mm&r=g\",\"contentUrl\":\"https:\\\/\\\/secure.gravatar.com\\\/avatar\\\/c052a2551a06e23fac63626232eaa90abd78dbcf1700fc46a2b2c89fd27b735f?s=96&d=mm&r=g\",\"caption\":\"Redacci\u00f3n A Nova Peneira\"},\"sameAs\":[\"http:\\\/\\\/www.anovapeneira.gal\\\/\"],\"url\":\"https:\\\/\\\/www.anovapeneira.gal\\\/index.php\\\/author\\\/redactor\\\/\"}]}<\/script>\n<!-- \/ Yoast SEO plugin. -->","yoast_head_json":{"title":"Galiza Nova ref\u00f3rzase coa integraci\u00f3n de Isca! -","description":"A mocidade do BNG \u00fanese nunha soa fronte com\u00fan, consolidando Galiza Nova como a organizaci\u00f3n pol\u00edtica referencial para a mocidade galega","robots":{"index":"index","follow":"follow","max-snippet":"max-snippet:-1","max-image-preview":"max-image-preview:large","max-video-preview":"max-video-preview:-1"},"canonical":"https:\/\/www.anovapeneira.gal\/index.php\/2021\/05\/07\/galiza-nova-reforzase-coa-integracion-de-isca\/","og_locale":"gl_ES","og_type":"article","og_title":"Galiza Nova ref\u00f3rzase coa integraci\u00f3n de Isca! -","og_description":"A mocidade do BNG \u00fanese nunha soa fronte com\u00fan, consolidando Galiza Nova como a organizaci\u00f3n pol\u00edtica referencial para a mocidade galega","og_url":"https:\/\/www.anovapeneira.gal\/index.php\/2021\/05\/07\/galiza-nova-reforzase-coa-integracion-de-isca\/","article_publisher":"https:\/\/www.facebook.com\/anovapeneira","article_published_time":"2021-05-07T08:00:12+00:00","og_image":[{"width":720,"height":432,"url":"https:\/\/www.anovapeneira.gal\/wp-content\/uploads\/2021\/05\/galiza_nova.jpg","type":"image\/jpeg"}],"author":"Redacci\u00f3n A Nova Peneira","twitter_card":"summary_large_image","twitter_creator":"@APeneira","twitter_site":"@APeneira","twitter_misc":{"Escrito por":"Redacci\u00f3n A Nova Peneira","Tempo de lectura":"3 minutos"},"schema":{"@context":"https:\/\/schema.org","@graph":[{"@type":"Article","@id":"https:\/\/www.anovapeneira.gal\/index.php\/2021\/05\/07\/galiza-nova-reforzase-coa-integracion-de-isca\/#article","isPartOf":{"@id":"https:\/\/www.anovapeneira.gal\/index.php\/2021\/05\/07\/galiza-nova-reforzase-coa-integracion-de-isca\/"},"author":{"name":"Redacci\u00f3n A Nova Peneira","@id":"https:\/\/www.anovapeneira.gal\/#\/schema\/person\/b93e3f8932e3f8da96334607eb6ac6aa"},"headline":"Galiza Nova ref\u00f3rzase coa integraci\u00f3n de Isca!","datePublished":"2021-05-07T08:00:12+00:00","mainEntityOfPage":{"@id":"https:\/\/www.anovapeneira.gal\/index.php\/2021\/05\/07\/galiza-nova-reforzase-coa-integracion-de-isca\/"},"wordCount":539,"commentCount":0,"publisher":{"@id":"https:\/\/www.anovapeneira.gal\/#organization"},"image":{"@id":"https:\/\/www.anovapeneira.gal\/index.php\/2021\/05\/07\/galiza-nova-reforzase-coa-integracion-de-isca\/#primaryimage"},"thumbnailUrl":"https:\/\/www.anovapeneira.gal\/wp-content\/uploads\/2021\/05\/galiza_nova.jpg","keywords":["Galiza Nova"],"articleSection":["Novas"],"inLanguage":"gl-ES","potentialAction":[{"@type":"CommentAction","name":"Comment","target":["https:\/\/www.anovapeneira.gal\/index.php\/2021\/05\/07\/galiza-nova-reforzase-coa-integracion-de-isca\/#respond"]}]},{"@type":"WebPage","@id":"https:\/\/www.anovapeneira.gal\/index.php\/2021\/05\/07\/galiza-nova-reforzase-coa-integracion-de-isca\/","url":"https:\/\/www.anovapeneira.gal\/index.php\/2021\/05\/07\/galiza-nova-reforzase-coa-integracion-de-isca\/","name":"Galiza Nova ref\u00f3rzase coa integraci\u00f3n de Isca! -","isPartOf":{"@id":"https:\/\/www.anovapeneira.gal\/#website"},"primaryImageOfPage":{"@id":"https:\/\/www.anovapeneira.gal\/index.php\/2021\/05\/07\/galiza-nova-reforzase-coa-integracion-de-isca\/#primaryimage"},"image":{"@id":"https:\/\/www.anovapeneira.gal\/index.php\/2021\/05\/07\/galiza-nova-reforzase-coa-integracion-de-isca\/#primaryimage"},"thumbnailUrl":"https:\/\/www.anovapeneira.gal\/wp-content\/uploads\/2021\/05\/galiza_nova.jpg","datePublished":"2021-05-07T08:00:12+00:00","description":"A mocidade do BNG \u00fanese nunha soa fronte com\u00fan, consolidando Galiza Nova como a organizaci\u00f3n pol\u00edtica referencial para a mocidade galega","breadcrumb":{"@id":"https:\/\/www.anovapeneira.gal\/index.php\/2021\/05\/07\/galiza-nova-reforzase-coa-integracion-de-isca\/#breadcrumb"},"inLanguage":"gl-ES","potentialAction":[{"@type":"ReadAction","target":["https:\/\/www.anovapeneira.gal\/index.php\/2021\/05\/07\/galiza-nova-reforzase-coa-integracion-de-isca\/"]}]},{"@type":"ImageObject","inLanguage":"gl-ES","@id":"https:\/\/www.anovapeneira.gal\/index.php\/2021\/05\/07\/galiza-nova-reforzase-coa-integracion-de-isca\/#primaryimage","url":"https:\/\/www.anovapeneira.gal\/wp-content\/uploads\/2021\/05\/galiza_nova.jpg","contentUrl":"https:\/\/www.anovapeneira.gal\/wp-content\/uploads\/2021\/05\/galiza_nova.jpg","width":720,"height":432},{"@type":"BreadcrumbList","@id":"https:\/\/www.anovapeneira.gal\/index.php\/2021\/05\/07\/galiza-nova-reforzase-coa-integracion-de-isca\/#breadcrumb","itemListElement":[{"@type":"ListItem","position":1,"name":"Portada","item":"https:\/\/www.anovapeneira.gal\/"},{"@type":"ListItem","position":2,"name":"Galiza Nova ref\u00f3rzase coa integraci\u00f3n de Isca!"}]},{"@type":"WebSite","@id":"https:\/\/www.anovapeneira.gal\/#website","url":"https:\/\/www.anovapeneira.gal\/","name":"","description":"Xornal galego de informaci\u00f3n xeral Publicaci\u00f3n mensual de novas de Galicia e en especial dos Concellos da sur da provincia de Pontevedra.","publisher":{"@id":"https:\/\/www.anovapeneira.gal\/#organization"},"potentialAction":[{"@type":"SearchAction","target":{"@type":"EntryPoint","urlTemplate":"https:\/\/www.anovapeneira.gal\/?s={search_term_string}"},"query-input":{"@type":"PropertyValueSpecification","valueRequired":true,"valueName":"search_term_string"}}],"inLanguage":"gl-ES"},{"@type":"Organization","@id":"https:\/\/www.anovapeneira.gal\/#organization","name":"A Nova Peneira","url":"https:\/\/www.anovapeneira.gal\/","logo":{"@type":"ImageObject","inLanguage":"gl-ES","@id":"https:\/\/www.anovapeneira.gal\/#\/schema\/logo\/image\/","url":"http:\/\/www.anovapeneira.gal\/wp-content\/uploads\/2019\/06\/logo_a_nova_peneira_portal_web.png","contentUrl":"http:\/\/www.anovapeneira.gal\/wp-content\/uploads\/2019\/06\/logo_a_nova_peneira_portal_web.png","width":300,"height":100,"caption":"A Nova Peneira"},"image":{"@id":"https:\/\/www.anovapeneira.gal\/#\/schema\/logo\/image\/"},"sameAs":["https:\/\/www.facebook.com\/anovapeneira","https:\/\/x.com\/APeneira"]},{"@type":"Person","@id":"https:\/\/www.anovapeneira.gal\/#\/schema\/person\/b93e3f8932e3f8da96334607eb6ac6aa","name":"Redacci\u00f3n A Nova Peneira","image":{"@type":"ImageObject","inLanguage":"gl-ES","@id":"https:\/\/secure.gravatar.com\/avatar\/c052a2551a06e23fac63626232eaa90abd78dbcf1700fc46a2b2c89fd27b735f?s=96&d=mm&r=g","url":"https:\/\/secure.gravatar.com\/avatar\/c052a2551a06e23fac63626232eaa90abd78dbcf1700fc46a2b2c89fd27b735f?s=96&d=mm&r=g","contentUrl":"https:\/\/secure.gravatar.com\/avatar\/c052a2551a06e23fac63626232eaa90abd78dbcf1700fc46a2b2c89fd27b735f?s=96&d=mm&r=g","caption":"Redacci\u00f3n A Nova Peneira"},"sameAs":["http:\/\/www.anovapeneira.gal\/"],"url":"https:\/\/www.anovapeneira.gal\/index.php\/author\/redactor\/"}]}},"jetpack_featured_media_url":"https:\/\/www.anovapeneira.gal\/wp-content\/uploads\/2021\/05\/galiza_nova.jpg","_links":{"self":[{"href":"https:\/\/www.anovapeneira.gal\/index.php\/wp-json\/wp\/v2\/posts\/5333","targetHints":{"allow":["GET"]}}],"collection":[{"href":"https:\/\/www.anovapeneira.gal\/index.php\/wp-json\/wp\/v2\/posts"}],"about":[{"href":"https:\/\/www.anovapeneira.gal\/index.php\/wp-json\/wp\/v2\/types\/post"}],"author":[{"embeddable":true,"href":"https:\/\/www.anovapeneira.gal\/index.php\/wp-json\/wp\/v2\/users\/3"}],"replies":[{"embeddable":true,"href":"https:\/\/www.anovapeneira.gal\/index.php\/wp-json\/wp\/v2\/comments?post=5333"}],"version-history":[{"count":1,"href":"https:\/\/www.anovapeneira.gal\/index.php\/wp-json\/wp\/v2\/posts\/5333\/revisions"}],"predecessor-version":[{"id":5335,"href":"https:\/\/www.anovapeneira.gal\/index.php\/wp-json\/wp\/v2\/posts\/5333\/revisions\/5335"}],"wp:featuredmedia":[{"embeddable":true,"href":"https:\/\/www.anovapeneira.gal\/index.php\/wp-json\/wp\/v2\/media\/5334"}],"wp:attachment":[{"href":"https:\/\/www.anovapeneira.gal\/index.php\/wp-json\/wp\/v2\/media?parent=5333"}],"wp:term":[{"taxonomy":"category","embeddable":true,"href":"https:\/\/www.anovapeneira.gal\/index.php\/wp-json\/wp\/v2\/categories?post=5333"},{"taxonomy":"post_tag","embeddable":true,"href":"https:\/\/www.anovapeneira.gal\/index.php\/wp-json\/wp\/v2\/tags?post=5333"}],"curies":[{"name":"wp","href":"https:\/\/api.w.org\/{rel}","templated":true}]}}