{"id":5336,"date":"2021-05-07T12:00:49","date_gmt":"2021-05-07T10:00:49","guid":{"rendered":"http:\/\/www.anovapeneira.gal\/?p=5336"},"modified":"2021-05-03T16:39:09","modified_gmt":"2021-05-03T14:39:09","slug":"obras-feitas-no-entorno-da-capela-de-san-amaro","status":"publish","type":"post","link":"https:\/\/www.anovapeneira.gal\/index.php\/2021\/05\/07\/obras-feitas-no-entorno-da-capela-de-san-amaro\/","title":{"rendered":"OBRAS FEITAS NO ENTORNO DA CAPELA DE SAN AMARO"},"content":{"rendered":"\n<p><strong>Cangas, 23 de abril de 2021<\/strong><\/p>\n\n\n\n<h4 class=\"wp-block-heading\">O d\u00eda 11 de decembro de 2020 dende AVANTE! &#8211; Candidatura Veci\u00f1al po\u00f1\u00edamos en co\u00f1ecemento do Concello de Cangas un movemento de terras e tala de \u00e1rbores no entorno da Capela de San Amaro (Ald\u00e1n).<\/h4>\n\n\n\n<p>Debido o alto valor ecol\u00f3xico e patrimonial dese entorno, na instancia solicit\u00e1bamos \u201cCo\u00f1ecer si se solicitou alg\u00fan permiso para facer estas obras por parte de algunha entidade, e po\u00f1er en co\u00f1ecemento do inspector de obras do Concello eses traballos para que informe. Saber si se solicitou Informe \u00e1 Direcci\u00f3n Xeral de Patrimonio\u201d.<\/p>\n\n\n\n<p>En febreiro de 2021, observamos que no mesmo entorno da Capela de San Amaro realizouse unha obra de construci\u00f3n dunha rampa de acceso, polo que o 19 de febreiro solicitamos novamente por escrito ao Concello de Cangas que nos desen resposta \u00e1 solicitude anterior presentada en decembro de 2020, e que puxeran en co\u00f1ecemento da Direcci\u00f3n Xeral de Patrimonio esta obra, para co\u00f1ecer se conta con proxecto de obra e con todos os permisos eautorizaci\u00f3ns por parte da Direcci\u00f3n Xeral de Patrimonio.<\/p>\n\n\n\n<p>Ante a falta de resposta \u00e1s nosas solicitudes de informaci\u00f3n, e ante a innacci\u00f3n por parte do goberno municipal nun asunto desta gravidade, o 12 de marzo pres\u00e9ntase instancia na Direcci\u00f3n Xeral de Patrimonio Cultural, para dar a co\u00f1ecer a construci\u00f3n desta rampa de acceso no entorno da capela e preguntar se se solicitou alg\u00fan permiso para facer estas obraspor parte dalgunha entidade.<\/p>\n\n\n\n<p>Neste mes de abril, tivemos incluso que ampliar a informaci\u00f3n da instancia inicial presentada na Direcci\u00f3n Xeral. Pois adem\u00e1is da rampa, a desfeita no entorno da capela contin\u00faa co paso do tempo. Contin\u00faase a alterar o entorno da Capela de San Amaro, desta vez coa instalaci\u00f3n de unha varanda na escaleira de pedra que sube ao adro da capela, danando este ben.<\/p>\n\n\n\n<p>Novamente pux\u00e9molo en co\u00f1ecemento da Direcci\u00f3n Xeral de Patrimonio, e nesa mesma data, presentamos ante a Valedora do Pobo unha queixa formal contra o Concello de Cangas e a Direcci\u00f3n Xeral de Patrimonio Cultural, coa seguinte motivaci\u00f3n:<\/p>\n\n\n\n<ul class=\"wp-block-list\"><li>Pola falta de resposta, para informar deste asunto, e pola s\u00faa inacci\u00f3n ante unhasactuaci\u00f3ns urban\u00edsticas no entorno da Capela de San Amaro que se suceden no tempo, e que danan gravemente o patrimonio hist\u00f3rico e cultural.<\/li><\/ul>\n\n\n\n<ul class=\"wp-block-list\"><li>Instando \u00e1s d\u00faas administraci\u00f3ns a actuar e a repo\u00f1er a integridade do lugar, tal e como se conservou durante s\u00e9culos, e a recriminar as acci\u00f3ns, decisi\u00f3ns e inacci\u00f3ns dos responsables<\/li><\/ul>\n\n\n\n<p>Avante! \u2013 Candidatura Veci\u00f1al<\/p>\n","protected":false},"excerpt":{"rendered":"<div class=\"mh-excerpt\"><p>O d\u00eda 11 de decembro de 2020 dende AVANTE! &#8211; Candidatura Veci\u00f1al po\u00f1\u00edamos en co\u00f1ecemento do Concello de Cangas un movemento de terras e tala de \u00e1rbores no entorno da Capela de San Amaro (Ald\u00e1n) <a class=\"mh-excerpt-more\" href=\"https:\/\/www.anovapeneira.gal\/index.php\/2021\/05\/07\/obras-feitas-no-entorno-da-capela-de-san-amaro\/\" title=\"OBRAS FEITAS NO ENTORNO DA CAPELA DE SAN AMARO\">[&#8230;]<\/a><\/p>\n<\/div>","protected":false},"author":3,"featured_media":5339,"comment_status":"open","ping_status":"open","sticky":false,"template":"","format":"standard","meta":{"_exactmetrics_skip_tracking":false,"_exactmetrics_sitenote_active":false,"_exactmetrics_sitenote_note":"","_exactmetrics_sitenote_category":0,"footnotes":""},"categories":[22],"tags":[681],"class_list":{"0":"post-5336","1":"post","2":"type-post","3":"status-publish","4":"format-standard","5":"has-post-thumbnail","7":"category-morrazo","8":"tag-concello-de-cangas-do-morrazo"},"yoast_head":"<!-- This site is optimized with the Yoast SEO plugin v27.4 - https:\/\/yoast.com\/product\/yoast-seo-wordpress\/ -->\n<title>OBRAS FEITAS NO ENTORNO DA CAPELA DE SAN AMARO -<\/title>\n<meta name=\"description\" content=\"O d\u00eda 11 de decembro de 2020 dende AVANTE! - Candidatura Veci\u00f1al po\u00f1\u00edamos en co\u00f1ecemento do Concello de Cangas un movemento de terras e tala de \u00e1rbores no entorno da Capela de San Amaro (Ald\u00e1n)\" \/>\n<meta name=\"robots\" content=\"index, follow, max-snippet:-1, max-image-preview:large, max-video-preview:-1\" \/>\n<link rel=\"canonical\" href=\"https:\/\/www.anovapeneira.gal\/index.php\/2021\/05\/07\/obras-feitas-no-entorno-da-capela-de-san-amaro\/\" \/>\n<meta property=\"og:locale\" content=\"gl_ES\" \/>\n<meta property=\"og:type\" content=\"article\" \/>\n<meta property=\"og:title\" content=\"OBRAS FEITAS NO ENTORNO DA CAPELA DE SAN AMARO -\" \/>\n<meta property=\"og:description\" content=\"O d\u00eda 11 de decembro de 2020 dende AVANTE! - Candidatura Veci\u00f1al po\u00f1\u00edamos en co\u00f1ecemento do Concello de Cangas un movemento de terras e tala de \u00e1rbores no entorno da Capela de San Amaro (Ald\u00e1n)\" \/>\n<meta property=\"og:url\" content=\"https:\/\/www.anovapeneira.gal\/index.php\/2021\/05\/07\/obras-feitas-no-entorno-da-capela-de-san-amaro\/\" \/>\n<meta property=\"article:publisher\" content=\"https:\/\/www.facebook.com\/anovapeneira\" \/>\n<meta property=\"article:published_time\" content=\"2021-05-07T10:00:49+00:00\" \/>\n<meta property=\"og:image\" content=\"https:\/\/www.anovapeneira.gal\/wp-content\/uploads\/2021\/05\/obras_capela_aldan.jpg\" \/>\n\t<meta property=\"og:image:width\" content=\"720\" \/>\n\t<meta property=\"og:image:height\" content=\"432\" \/>\n\t<meta property=\"og:image:type\" content=\"image\/jpeg\" \/>\n<meta name=\"author\" content=\"Redacci\u00f3n A Nova Peneira\" \/>\n<meta name=\"twitter:card\" content=\"summary_large_image\" \/>\n<meta name=\"twitter:creator\" content=\"@APeneira\" \/>\n<meta name=\"twitter:site\" content=\"@APeneira\" \/>\n<meta name=\"twitter:label1\" content=\"Escrito por\" \/>\n\t<meta name=\"twitter:data1\" content=\"Redacci\u00f3n A Nova Peneira\" \/>\n\t<meta name=\"twitter:label2\" content=\"Tempo de lectura\" \/>\n\t<meta name=\"twitter:data2\" content=\"2 minutos\" \/>\n<script type=\"application\/ld+json\" class=\"yoast-schema-graph\">{\"@context\":\"https:\\\/\\\/schema.org\",\"@graph\":[{\"@type\":\"Article\",\"@id\":\"https:\\\/\\\/www.anovapeneira.gal\\\/index.php\\\/2021\\\/05\\\/07\\\/obras-feitas-no-entorno-da-capela-de-san-amaro\\\/#article\",\"isPartOf\":{\"@id\":\"https:\\\/\\\/www.anovapeneira.gal\\\/index.php\\\/2021\\\/05\\\/07\\\/obras-feitas-no-entorno-da-capela-de-san-amaro\\\/\"},\"author\":{\"name\":\"Redacci\u00f3n A Nova Peneira\",\"@id\":\"https:\\\/\\\/www.anovapeneira.gal\\\/#\\\/schema\\\/person\\\/b93e3f8932e3f8da96334607eb6ac6aa\"},\"headline\":\"OBRAS FEITAS NO ENTORNO DA CAPELA DE SAN AMARO\",\"datePublished\":\"2021-05-07T10:00:49+00:00\",\"mainEntityOfPage\":{\"@id\":\"https:\\\/\\\/www.anovapeneira.gal\\\/index.php\\\/2021\\\/05\\\/07\\\/obras-feitas-no-entorno-da-capela-de-san-amaro\\\/\"},\"wordCount\":454,\"commentCount\":0,\"publisher\":{\"@id\":\"https:\\\/\\\/www.anovapeneira.gal\\\/#organization\"},\"image\":{\"@id\":\"https:\\\/\\\/www.anovapeneira.gal\\\/index.php\\\/2021\\\/05\\\/07\\\/obras-feitas-no-entorno-da-capela-de-san-amaro\\\/#primaryimage\"},\"thumbnailUrl\":\"https:\\\/\\\/www.anovapeneira.gal\\\/wp-content\\\/uploads\\\/2021\\\/05\\\/obras_capela_aldan.jpg\",\"keywords\":[\"Concello de Cangas do Morrazo\"],\"articleSection\":[\"Morrazo\"],\"inLanguage\":\"gl-ES\",\"potentialAction\":[{\"@type\":\"CommentAction\",\"name\":\"Comment\",\"target\":[\"https:\\\/\\\/www.anovapeneira.gal\\\/index.php\\\/2021\\\/05\\\/07\\\/obras-feitas-no-entorno-da-capela-de-san-amaro\\\/#respond\"]}]},{\"@type\":\"WebPage\",\"@id\":\"https:\\\/\\\/www.anovapeneira.gal\\\/index.php\\\/2021\\\/05\\\/07\\\/obras-feitas-no-entorno-da-capela-de-san-amaro\\\/\",\"url\":\"https:\\\/\\\/www.anovapeneira.gal\\\/index.php\\\/2021\\\/05\\\/07\\\/obras-feitas-no-entorno-da-capela-de-san-amaro\\\/\",\"name\":\"OBRAS FEITAS NO ENTORNO DA CAPELA DE SAN AMARO -\",\"isPartOf\":{\"@id\":\"https:\\\/\\\/www.anovapeneira.gal\\\/#website\"},\"primaryImageOfPage\":{\"@id\":\"https:\\\/\\\/www.anovapeneira.gal\\\/index.php\\\/2021\\\/05\\\/07\\\/obras-feitas-no-entorno-da-capela-de-san-amaro\\\/#primaryimage\"},\"image\":{\"@id\":\"https:\\\/\\\/www.anovapeneira.gal\\\/index.php\\\/2021\\\/05\\\/07\\\/obras-feitas-no-entorno-da-capela-de-san-amaro\\\/#primaryimage\"},\"thumbnailUrl\":\"https:\\\/\\\/www.anovapeneira.gal\\\/wp-content\\\/uploads\\\/2021\\\/05\\\/obras_capela_aldan.jpg\",\"datePublished\":\"2021-05-07T10:00:49+00:00\",\"description\":\"O d\u00eda 11 de decembro de 2020 dende AVANTE! - Candidatura Veci\u00f1al po\u00f1\u00edamos en co\u00f1ecemento do Concello de Cangas un movemento de terras e tala de \u00e1rbores no entorno da Capela de San Amaro (Ald\u00e1n)\",\"breadcrumb\":{\"@id\":\"https:\\\/\\\/www.anovapeneira.gal\\\/index.php\\\/2021\\\/05\\\/07\\\/obras-feitas-no-entorno-da-capela-de-san-amaro\\\/#breadcrumb\"},\"inLanguage\":\"gl-ES\",\"potentialAction\":[{\"@type\":\"ReadAction\",\"target\":[\"https:\\\/\\\/www.anovapeneira.gal\\\/index.php\\\/2021\\\/05\\\/07\\\/obras-feitas-no-entorno-da-capela-de-san-amaro\\\/\"]}]},{\"@type\":\"ImageObject\",\"inLanguage\":\"gl-ES\",\"@id\":\"https:\\\/\\\/www.anovapeneira.gal\\\/index.php\\\/2021\\\/05\\\/07\\\/obras-feitas-no-entorno-da-capela-de-san-amaro\\\/#primaryimage\",\"url\":\"https:\\\/\\\/www.anovapeneira.gal\\\/wp-content\\\/uploads\\\/2021\\\/05\\\/obras_capela_aldan.jpg\",\"contentUrl\":\"https:\\\/\\\/www.anovapeneira.gal\\\/wp-content\\\/uploads\\\/2021\\\/05\\\/obras_capela_aldan.jpg\",\"width\":720,\"height\":432,\"caption\":\"Obras Capela Ald\u00e1n\"},{\"@type\":\"BreadcrumbList\",\"@id\":\"https:\\\/\\\/www.anovapeneira.gal\\\/index.php\\\/2021\\\/05\\\/07\\\/obras-feitas-no-entorno-da-capela-de-san-amaro\\\/#breadcrumb\",\"itemListElement\":[{\"@type\":\"ListItem\",\"position\":1,\"name\":\"Portada\",\"item\":\"https:\\\/\\\/www.anovapeneira.gal\\\/\"},{\"@type\":\"ListItem\",\"position\":2,\"name\":\"OBRAS FEITAS NO ENTORNO DA CAPELA DE SAN AMARO\"}]},{\"@type\":\"WebSite\",\"@id\":\"https:\\\/\\\/www.anovapeneira.gal\\\/#website\",\"url\":\"https:\\\/\\\/www.anovapeneira.gal\\\/\",\"name\":\"\",\"description\":\"Xornal galego de informaci\u00f3n xeral Publicaci\u00f3n mensual de novas de Galicia e en especial dos Concellos da sur da provincia de Pontevedra.\",\"publisher\":{\"@id\":\"https:\\\/\\\/www.anovapeneira.gal\\\/#organization\"},\"potentialAction\":[{\"@type\":\"SearchAction\",\"target\":{\"@type\":\"EntryPoint\",\"urlTemplate\":\"https:\\\/\\\/www.anovapeneira.gal\\\/?s={search_term_string}\"},\"query-input\":{\"@type\":\"PropertyValueSpecification\",\"valueRequired\":true,\"valueName\":\"search_term_string\"}}],\"inLanguage\":\"gl-ES\"},{\"@type\":\"Organization\",\"@id\":\"https:\\\/\\\/www.anovapeneira.gal\\\/#organization\",\"name\":\"A Nova Peneira\",\"url\":\"https:\\\/\\\/www.anovapeneira.gal\\\/\",\"logo\":{\"@type\":\"ImageObject\",\"inLanguage\":\"gl-ES\",\"@id\":\"https:\\\/\\\/www.anovapeneira.gal\\\/#\\\/schema\\\/logo\\\/image\\\/\",\"url\":\"http:\\\/\\\/www.anovapeneira.gal\\\/wp-content\\\/uploads\\\/2019\\\/06\\\/logo_a_nova_peneira_portal_web.png\",\"contentUrl\":\"http:\\\/\\\/www.anovapeneira.gal\\\/wp-content\\\/uploads\\\/2019\\\/06\\\/logo_a_nova_peneira_portal_web.png\",\"width\":300,\"height\":100,\"caption\":\"A Nova Peneira\"},\"image\":{\"@id\":\"https:\\\/\\\/www.anovapeneira.gal\\\/#\\\/schema\\\/logo\\\/image\\\/\"},\"sameAs\":[\"https:\\\/\\\/www.facebook.com\\\/anovapeneira\",\"https:\\\/\\\/x.com\\\/APeneira\"]},{\"@type\":\"Person\",\"@id\":\"https:\\\/\\\/www.anovapeneira.gal\\\/#\\\/schema\\\/person\\\/b93e3f8932e3f8da96334607eb6ac6aa\",\"name\":\"Redacci\u00f3n A Nova Peneira\",\"image\":{\"@type\":\"ImageObject\",\"inLanguage\":\"gl-ES\",\"@id\":\"https:\\\/\\\/secure.gravatar.com\\\/avatar\\\/c052a2551a06e23fac63626232eaa90abd78dbcf1700fc46a2b2c89fd27b735f?s=96&d=mm&r=g\",\"url\":\"https:\\\/\\\/secure.gravatar.com\\\/avatar\\\/c052a2551a06e23fac63626232eaa90abd78dbcf1700fc46a2b2c89fd27b735f?s=96&d=mm&r=g\",\"contentUrl\":\"https:\\\/\\\/secure.gravatar.com\\\/avatar\\\/c052a2551a06e23fac63626232eaa90abd78dbcf1700fc46a2b2c89fd27b735f?s=96&d=mm&r=g\",\"caption\":\"Redacci\u00f3n A Nova Peneira\"},\"sameAs\":[\"http:\\\/\\\/www.anovapeneira.gal\\\/\"],\"url\":\"https:\\\/\\\/www.anovapeneira.gal\\\/index.php\\\/author\\\/redactor\\\/\"}]}<\/script>\n<!-- \/ Yoast SEO plugin. -->","yoast_head_json":{"title":"OBRAS FEITAS NO ENTORNO DA CAPELA DE SAN AMARO -","description":"O d\u00eda 11 de decembro de 2020 dende AVANTE! - Candidatura Veci\u00f1al po\u00f1\u00edamos en co\u00f1ecemento do Concello de Cangas un movemento de terras e tala de \u00e1rbores no entorno da Capela de San Amaro (Ald\u00e1n)","robots":{"index":"index","follow":"follow","max-snippet":"max-snippet:-1","max-image-preview":"max-image-preview:large","max-video-preview":"max-video-preview:-1"},"canonical":"https:\/\/www.anovapeneira.gal\/index.php\/2021\/05\/07\/obras-feitas-no-entorno-da-capela-de-san-amaro\/","og_locale":"gl_ES","og_type":"article","og_title":"OBRAS FEITAS NO ENTORNO DA CAPELA DE SAN AMARO -","og_description":"O d\u00eda 11 de decembro de 2020 dende AVANTE! - Candidatura Veci\u00f1al po\u00f1\u00edamos en co\u00f1ecemento do Concello de Cangas un movemento de terras e tala de \u00e1rbores no entorno da Capela de San Amaro (Ald\u00e1n)","og_url":"https:\/\/www.anovapeneira.gal\/index.php\/2021\/05\/07\/obras-feitas-no-entorno-da-capela-de-san-amaro\/","article_publisher":"https:\/\/www.facebook.com\/anovapeneira","article_published_time":"2021-05-07T10:00:49+00:00","og_image":[{"width":720,"height":432,"url":"https:\/\/www.anovapeneira.gal\/wp-content\/uploads\/2021\/05\/obras_capela_aldan.jpg","type":"image\/jpeg"}],"author":"Redacci\u00f3n A Nova Peneira","twitter_card":"summary_large_image","twitter_creator":"@APeneira","twitter_site":"@APeneira","twitter_misc":{"Escrito por":"Redacci\u00f3n A Nova Peneira","Tempo de lectura":"2 minutos"},"schema":{"@context":"https:\/\/schema.org","@graph":[{"@type":"Article","@id":"https:\/\/www.anovapeneira.gal\/index.php\/2021\/05\/07\/obras-feitas-no-entorno-da-capela-de-san-amaro\/#article","isPartOf":{"@id":"https:\/\/www.anovapeneira.gal\/index.php\/2021\/05\/07\/obras-feitas-no-entorno-da-capela-de-san-amaro\/"},"author":{"name":"Redacci\u00f3n A Nova Peneira","@id":"https:\/\/www.anovapeneira.gal\/#\/schema\/person\/b93e3f8932e3f8da96334607eb6ac6aa"},"headline":"OBRAS FEITAS NO ENTORNO DA CAPELA DE SAN AMARO","datePublished":"2021-05-07T10:00:49+00:00","mainEntityOfPage":{"@id":"https:\/\/www.anovapeneira.gal\/index.php\/2021\/05\/07\/obras-feitas-no-entorno-da-capela-de-san-amaro\/"},"wordCount":454,"commentCount":0,"publisher":{"@id":"https:\/\/www.anovapeneira.gal\/#organization"},"image":{"@id":"https:\/\/www.anovapeneira.gal\/index.php\/2021\/05\/07\/obras-feitas-no-entorno-da-capela-de-san-amaro\/#primaryimage"},"thumbnailUrl":"https:\/\/www.anovapeneira.gal\/wp-content\/uploads\/2021\/05\/obras_capela_aldan.jpg","keywords":["Concello de Cangas do Morrazo"],"articleSection":["Morrazo"],"inLanguage":"gl-ES","potentialAction":[{"@type":"CommentAction","name":"Comment","target":["https:\/\/www.anovapeneira.gal\/index.php\/2021\/05\/07\/obras-feitas-no-entorno-da-capela-de-san-amaro\/#respond"]}]},{"@type":"WebPage","@id":"https:\/\/www.anovapeneira.gal\/index.php\/2021\/05\/07\/obras-feitas-no-entorno-da-capela-de-san-amaro\/","url":"https:\/\/www.anovapeneira.gal\/index.php\/2021\/05\/07\/obras-feitas-no-entorno-da-capela-de-san-amaro\/","name":"OBRAS FEITAS NO ENTORNO DA CAPELA DE SAN AMARO -","isPartOf":{"@id":"https:\/\/www.anovapeneira.gal\/#website"},"primaryImageOfPage":{"@id":"https:\/\/www.anovapeneira.gal\/index.php\/2021\/05\/07\/obras-feitas-no-entorno-da-capela-de-san-amaro\/#primaryimage"},"image":{"@id":"https:\/\/www.anovapeneira.gal\/index.php\/2021\/05\/07\/obras-feitas-no-entorno-da-capela-de-san-amaro\/#primaryimage"},"thumbnailUrl":"https:\/\/www.anovapeneira.gal\/wp-content\/uploads\/2021\/05\/obras_capela_aldan.jpg","datePublished":"2021-05-07T10:00:49+00:00","description":"O d\u00eda 11 de decembro de 2020 dende AVANTE! - Candidatura Veci\u00f1al po\u00f1\u00edamos en co\u00f1ecemento do Concello de Cangas un movemento de terras e tala de \u00e1rbores no entorno da Capela de San Amaro (Ald\u00e1n)","breadcrumb":{"@id":"https:\/\/www.anovapeneira.gal\/index.php\/2021\/05\/07\/obras-feitas-no-entorno-da-capela-de-san-amaro\/#breadcrumb"},"inLanguage":"gl-ES","potentialAction":[{"@type":"ReadAction","target":["https:\/\/www.anovapeneira.gal\/index.php\/2021\/05\/07\/obras-feitas-no-entorno-da-capela-de-san-amaro\/"]}]},{"@type":"ImageObject","inLanguage":"gl-ES","@id":"https:\/\/www.anovapeneira.gal\/index.php\/2021\/05\/07\/obras-feitas-no-entorno-da-capela-de-san-amaro\/#primaryimage","url":"https:\/\/www.anovapeneira.gal\/wp-content\/uploads\/2021\/05\/obras_capela_aldan.jpg","contentUrl":"https:\/\/www.anovapeneira.gal\/wp-content\/uploads\/2021\/05\/obras_capela_aldan.jpg","width":720,"height":432,"caption":"Obras Capela Ald\u00e1n"},{"@type":"BreadcrumbList","@id":"https:\/\/www.anovapeneira.gal\/index.php\/2021\/05\/07\/obras-feitas-no-entorno-da-capela-de-san-amaro\/#breadcrumb","itemListElement":[{"@type":"ListItem","position":1,"name":"Portada","item":"https:\/\/www.anovapeneira.gal\/"},{"@type":"ListItem","position":2,"name":"OBRAS FEITAS NO ENTORNO DA CAPELA DE SAN AMARO"}]},{"@type":"WebSite","@id":"https:\/\/www.anovapeneira.gal\/#website","url":"https:\/\/www.anovapeneira.gal\/","name":"","description":"Xornal galego de informaci\u00f3n xeral Publicaci\u00f3n mensual de novas de Galicia e en especial dos Concellos da sur da provincia de Pontevedra.","publisher":{"@id":"https:\/\/www.anovapeneira.gal\/#organization"},"potentialAction":[{"@type":"SearchAction","target":{"@type":"EntryPoint","urlTemplate":"https:\/\/www.anovapeneira.gal\/?s={search_term_string}"},"query-input":{"@type":"PropertyValueSpecification","valueRequired":true,"valueName":"search_term_string"}}],"inLanguage":"gl-ES"},{"@type":"Organization","@id":"https:\/\/www.anovapeneira.gal\/#organization","name":"A Nova Peneira","url":"https:\/\/www.anovapeneira.gal\/","logo":{"@type":"ImageObject","inLanguage":"gl-ES","@id":"https:\/\/www.anovapeneira.gal\/#\/schema\/logo\/image\/","url":"http:\/\/www.anovapeneira.gal\/wp-content\/uploads\/2019\/06\/logo_a_nova_peneira_portal_web.png","contentUrl":"http:\/\/www.anovapeneira.gal\/wp-content\/uploads\/2019\/06\/logo_a_nova_peneira_portal_web.png","width":300,"height":100,"caption":"A Nova Peneira"},"image":{"@id":"https:\/\/www.anovapeneira.gal\/#\/schema\/logo\/image\/"},"sameAs":["https:\/\/www.facebook.com\/anovapeneira","https:\/\/x.com\/APeneira"]},{"@type":"Person","@id":"https:\/\/www.anovapeneira.gal\/#\/schema\/person\/b93e3f8932e3f8da96334607eb6ac6aa","name":"Redacci\u00f3n A Nova Peneira","image":{"@type":"ImageObject","inLanguage":"gl-ES","@id":"https:\/\/secure.gravatar.com\/avatar\/c052a2551a06e23fac63626232eaa90abd78dbcf1700fc46a2b2c89fd27b735f?s=96&d=mm&r=g","url":"https:\/\/secure.gravatar.com\/avatar\/c052a2551a06e23fac63626232eaa90abd78dbcf1700fc46a2b2c89fd27b735f?s=96&d=mm&r=g","contentUrl":"https:\/\/secure.gravatar.com\/avatar\/c052a2551a06e23fac63626232eaa90abd78dbcf1700fc46a2b2c89fd27b735f?s=96&d=mm&r=g","caption":"Redacci\u00f3n A Nova Peneira"},"sameAs":["http:\/\/www.anovapeneira.gal\/"],"url":"https:\/\/www.anovapeneira.gal\/index.php\/author\/redactor\/"}]}},"jetpack_featured_media_url":"https:\/\/www.anovapeneira.gal\/wp-content\/uploads\/2021\/05\/obras_capela_aldan.jpg","_links":{"self":[{"href":"https:\/\/www.anovapeneira.gal\/index.php\/wp-json\/wp\/v2\/posts\/5336","targetHints":{"allow":["GET"]}}],"collection":[{"href":"https:\/\/www.anovapeneira.gal\/index.php\/wp-json\/wp\/v2\/posts"}],"about":[{"href":"https:\/\/www.anovapeneira.gal\/index.php\/wp-json\/wp\/v2\/types\/post"}],"author":[{"embeddable":true,"href":"https:\/\/www.anovapeneira.gal\/index.php\/wp-json\/wp\/v2\/users\/3"}],"replies":[{"embeddable":true,"href":"https:\/\/www.anovapeneira.gal\/index.php\/wp-json\/wp\/v2\/comments?post=5336"}],"version-history":[{"count":3,"href":"https:\/\/www.anovapeneira.gal\/index.php\/wp-json\/wp\/v2\/posts\/5336\/revisions"}],"predecessor-version":[{"id":5340,"href":"https:\/\/www.anovapeneira.gal\/index.php\/wp-json\/wp\/v2\/posts\/5336\/revisions\/5340"}],"wp:featuredmedia":[{"embeddable":true,"href":"https:\/\/www.anovapeneira.gal\/index.php\/wp-json\/wp\/v2\/media\/5339"}],"wp:attachment":[{"href":"https:\/\/www.anovapeneira.gal\/index.php\/wp-json\/wp\/v2\/media?parent=5336"}],"wp:term":[{"taxonomy":"category","embeddable":true,"href":"https:\/\/www.anovapeneira.gal\/index.php\/wp-json\/wp\/v2\/categories?post=5336"},{"taxonomy":"post_tag","embeddable":true,"href":"https:\/\/www.anovapeneira.gal\/index.php\/wp-json\/wp\/v2\/tags?post=5336"}],"curies":[{"name":"wp","href":"https:\/\/api.w.org\/{rel}","templated":true}]}}