{"id":5343,"date":"2021-05-10T10:00:03","date_gmt":"2021-05-10T08:00:03","guid":{"rendered":"http:\/\/www.anovapeneira.gal\/?p=5343"},"modified":"2021-05-09T21:54:23","modified_gmt":"2021-05-09T19:54:23","slug":"a-plataforma-a-auga-e-vida-nominadapara-o-premio-do-cidadan-europeo-2021","status":"publish","type":"post","link":"https:\/\/www.anovapeneira.gal\/index.php\/2021\/05\/10\/a-plataforma-a-auga-e-vida-nominadapara-o-premio-do-cidadan-europeo-2021\/","title":{"rendered":"A plataforma \u2018A Auga \u00e9 Vida\u2019, nominadapara o Premio do Cidad\u00e1n Europeo 2021"},"content":{"rendered":"\n<p><strong>A candidatura pon en valor a defensa da auga como ben de acceso universale a reivindicaci\u00f3n do monte com\u00fan como fonte de riqueza.<\/strong><\/p>\n\n\n\n<p><strong>Os premios, convocados polo Parlamento Europeo, van dirixidos a proxectos que promocionen os dereitos fundamentais.<\/strong><\/p>\n\n\n\n<p>O Parlamento Europeo xa ten sobre a mesa a candidatura da Plataforma \u2018A Auga \u00e9 Vida\u2019para os Premios Cidad\u00e1n Europeo 2021.Otraballo realizado para reivindicar a biodiversidade e a protecci\u00f3n daaugacomo ben de acceso universalfiguran entre os criteriospara a nominaci\u00f3n dun colectivo que naceuhai m\u00e1is de tres anospara defender os mananciais e o patrimonio natural do concello de Mos fronte \u00e1s pretensi\u00f3ns de constru\u00edr un macrocentro comercial en terreoscomunaiscualificados como \u201cr\u00fasticos de protecci\u00f3n forestal\u201d<\/p>\n\n\n\n<p>As acci\u00f3ns promovidas dende \u00e1 plataforma \u2018A Auga \u00e9 Vida\u2019 nos \u00faltimos anos contribu\u00edron \u00e1 concienciaci\u00f3n social sobre a importancia do monte veci\u00f1al \u201cnas s\u00faas m\u00faltiples vertentes,social, econ\u00f3micae ambiental, \u201cdada a necesidade da s\u00faa valorizaci\u00f3n como elemento de creaci\u00f3n de emprego e de xeraci\u00f3n de riqueza\u201d. Na descrici\u00f3n do proxecto recollidana candidatura, ademais,o traballorealizadoen Mos, durante m\u00e1is de cincod\u00e9cadas,polas tra\u00eddasveci\u00f1ais de augas, \u201cherdeiras dunha maneira de autoxesti\u00f3n e construci\u00f3n cultural e unha das m\u00e1is ricas expresi\u00f3ns da xesti\u00f3n ambiental participativa existentes no noso pa\u00eds\u201d.<\/p>\n\n\n\n<p>A plataforma &#8216;A Auga \u00e9 Vida&#8217; naceu da agrupaci\u00f3n das comunidades de augas afectadas pola recalificaci\u00f3n dos terreos de protecci\u00f3n forestal, xunto coa Asociaci\u00f3n de Veci\u00f1os da Portela, a Comunidade de Montes de Tameiga e numerosas persoas comprometidas, a t\u00edtulo individual, coa defensa dos mananciais e o patrimonio natural. O proxecto impulsado polo R.C. Celta e o goberno municipal non garante o abastecemento para as 5.600 persoas que actualmente dependen dos mananciais ameazados e a propia Confederaci\u00f3n Hidrogr\u00e1fica Mi\u00f1o-Sil emitiu un informe desfavorable para a construci\u00f3n da \u00e1rea comercial. Por outra parte, a Plataforma reivindicou en reiteradas ocasi\u00f3ns a urxencia que ten a sociedade para garantir a conservaci\u00f3n da auga como ben com\u00fan, as\u00ed como o acceso universal a este ben de primeira necesidade.<\/p>\n\n\n\n<p><strong>Premios do &#8216;Cidad\u00e1n Europeo&#8217;<\/strong><\/p>\n\n\n\n<p>O Parlamento Europeo convoca todos os anos os Premios do Cidad\u00e1n Europeo, dirixidos a persoas ou colectivos que traballan en defensa dos dereitos fundamentais e os valores fundacionais da Uni\u00f3n Europea. Entre eles figura a protecci\u00f3n do medio ambiente e a necesidade de po\u00f1er en marcha pol\u00edticas que garantan un desenvolvemento sustentable. Poden optar a estes galard\u00f3ns aqueles proxectos que sirvan para promocionar unha mellor comprensi\u00f3n mutua e unha maior integraci\u00f3n entre a cidadan\u00eda dos estados membros, as\u00ed como aqueles que afonden nunha cooperaci\u00f3n cultural transfronteiriza ou transnacional a longo prazo que contrib\u00faa ao reforzo do esp\u00edrito europeo.<\/p>\n","protected":false},"excerpt":{"rendered":"<div class=\"mh-excerpt\"><p>O Parlamento Europeo xa ten sobre a mesa a candidatura da Plataforma \u2018A Auga \u00e9 Vida\u2019para os Premios Cidad\u00e1n Europeo 2021.Otraballo realizado para reivindicar a biodiversidade e a protecci\u00f3n daaugacomo ben de acceso universalfiguran entre os criteriospara a nominaci\u00f3n dun colectivo que naceuhai m\u00e1is de tres anospara defender os mananciais e o patrimonio natural do concello de Mos fronte \u00e1s pretensi\u00f3ns de constru\u00edr un macrocentro comercial en terreoscomunaiscualificados como \u201cr\u00fasticos de protecci\u00f3n forestal\u201d <a class=\"mh-excerpt-more\" href=\"https:\/\/www.anovapeneira.gal\/index.php\/2021\/05\/10\/a-plataforma-a-auga-e-vida-nominadapara-o-premio-do-cidadan-europeo-2021\/\" title=\"A plataforma \u2018A Auga \u00e9 Vida\u2019, nominadapara o Premio do Cidad\u00e1n Europeo 2021\">[&#8230;]<\/a><\/p>\n<\/div>","protected":false},"author":3,"featured_media":5344,"comment_status":"open","ping_status":"open","sticky":false,"template":"","format":"standard","meta":{"_exactmetrics_skip_tracking":false,"_exactmetrics_sitenote_active":false,"_exactmetrics_sitenote_note":"","_exactmetrics_sitenote_category":0,"footnotes":""},"categories":[23],"tags":[218],"class_list":{"0":"post-5343","1":"post","2":"type-post","3":"status-publish","4":"format-standard","5":"has-post-thumbnail","7":"category-a-lourina","8":"tag-concello-de-mos"},"yoast_head":"<!-- This site is optimized with the Yoast SEO plugin v27.4 - https:\/\/yoast.com\/product\/yoast-seo-wordpress\/ -->\n<title>A plataforma \u2018A Auga \u00e9 Vida\u2019, nominadapara o Premio do Cidad\u00e1n Europeo 2021 -<\/title>\n<meta name=\"description\" content=\"O Parlamento Europeo xa ten sobre a mesa a candidatura da Plataforma \u2018A Auga \u00e9 Vida\u2019para os Premios Cidad\u00e1n Europeo 2021.Otraballo realizado para reivindicar a biodiversidade e a protecci\u00f3n daaugacomo ben de acceso universalfiguran entre os criteriospara a nominaci\u00f3n dun colectivo que naceuhai m\u00e1is de tres anospara defender os mananciais e o patrimonio natural do concello de Mos fronte \u00e1s pretensi\u00f3ns de constru\u00edr un macrocentro comercial en terreoscomunaiscualificados como \u201cr\u00fasticos de protecci\u00f3n forestal\u201d\" \/>\n<meta name=\"robots\" content=\"index, follow, max-snippet:-1, max-image-preview:large, max-video-preview:-1\" \/>\n<link rel=\"canonical\" href=\"https:\/\/www.anovapeneira.gal\/index.php\/2021\/05\/10\/a-plataforma-a-auga-e-vida-nominadapara-o-premio-do-cidadan-europeo-2021\/\" \/>\n<meta property=\"og:locale\" content=\"gl_ES\" \/>\n<meta property=\"og:type\" content=\"article\" \/>\n<meta property=\"og:title\" content=\"A plataforma \u2018A Auga \u00e9 Vida\u2019, nominadapara o Premio do Cidad\u00e1n Europeo 2021 -\" \/>\n<meta property=\"og:description\" content=\"O Parlamento Europeo xa ten sobre a mesa a candidatura da Plataforma \u2018A Auga \u00e9 Vida\u2019para os Premios Cidad\u00e1n Europeo 2021.Otraballo realizado para reivindicar a biodiversidade e a protecci\u00f3n daaugacomo ben de acceso universalfiguran entre os criteriospara a nominaci\u00f3n dun colectivo que naceuhai m\u00e1is de tres anospara defender os mananciais e o patrimonio natural do concello de Mos fronte \u00e1s pretensi\u00f3ns de constru\u00edr un macrocentro comercial en terreoscomunaiscualificados como \u201cr\u00fasticos de protecci\u00f3n forestal\u201d\" \/>\n<meta property=\"og:url\" content=\"https:\/\/www.anovapeneira.gal\/index.php\/2021\/05\/10\/a-plataforma-a-auga-e-vida-nominadapara-o-premio-do-cidadan-europeo-2021\/\" \/>\n<meta property=\"article:publisher\" content=\"https:\/\/www.facebook.com\/anovapeneira\" \/>\n<meta property=\"article:published_time\" content=\"2021-05-10T08:00:03+00:00\" \/>\n<meta property=\"og:image\" content=\"https:\/\/www.anovapeneira.gal\/wp-content\/uploads\/2021\/05\/tameiga_comercio_non.jpg\" \/>\n\t<meta property=\"og:image:width\" content=\"720\" \/>\n\t<meta property=\"og:image:height\" content=\"432\" \/>\n\t<meta property=\"og:image:type\" content=\"image\/jpeg\" \/>\n<meta name=\"author\" content=\"Redacci\u00f3n A Nova Peneira\" \/>\n<meta name=\"twitter:card\" content=\"summary_large_image\" \/>\n<meta name=\"twitter:creator\" content=\"@APeneira\" \/>\n<meta name=\"twitter:site\" content=\"@APeneira\" \/>\n<meta name=\"twitter:label1\" content=\"Escrito por\" \/>\n\t<meta name=\"twitter:data1\" content=\"Redacci\u00f3n A Nova Peneira\" \/>\n\t<meta name=\"twitter:label2\" content=\"Tempo de lectura\" \/>\n\t<meta name=\"twitter:data2\" content=\"2 minutos\" \/>\n<script type=\"application\/ld+json\" class=\"yoast-schema-graph\">{\"@context\":\"https:\\\/\\\/schema.org\",\"@graph\":[{\"@type\":\"Article\",\"@id\":\"https:\\\/\\\/www.anovapeneira.gal\\\/index.php\\\/2021\\\/05\\\/10\\\/a-plataforma-a-auga-e-vida-nominadapara-o-premio-do-cidadan-europeo-2021\\\/#article\",\"isPartOf\":{\"@id\":\"https:\\\/\\\/www.anovapeneira.gal\\\/index.php\\\/2021\\\/05\\\/10\\\/a-plataforma-a-auga-e-vida-nominadapara-o-premio-do-cidadan-europeo-2021\\\/\"},\"author\":{\"name\":\"Redacci\u00f3n A Nova Peneira\",\"@id\":\"https:\\\/\\\/www.anovapeneira.gal\\\/#\\\/schema\\\/person\\\/b93e3f8932e3f8da96334607eb6ac6aa\"},\"headline\":\"A plataforma \u2018A Auga \u00e9 Vida\u2019, nominadapara o Premio do Cidad\u00e1n Europeo 2021\",\"datePublished\":\"2021-05-10T08:00:03+00:00\",\"mainEntityOfPage\":{\"@id\":\"https:\\\/\\\/www.anovapeneira.gal\\\/index.php\\\/2021\\\/05\\\/10\\\/a-plataforma-a-auga-e-vida-nominadapara-o-premio-do-cidadan-europeo-2021\\\/\"},\"wordCount\":490,\"commentCount\":0,\"publisher\":{\"@id\":\"https:\\\/\\\/www.anovapeneira.gal\\\/#organization\"},\"image\":{\"@id\":\"https:\\\/\\\/www.anovapeneira.gal\\\/index.php\\\/2021\\\/05\\\/10\\\/a-plataforma-a-auga-e-vida-nominadapara-o-premio-do-cidadan-europeo-2021\\\/#primaryimage\"},\"thumbnailUrl\":\"https:\\\/\\\/www.anovapeneira.gal\\\/wp-content\\\/uploads\\\/2021\\\/05\\\/tameiga_comercio_non.jpg\",\"keywords\":[\"Concello de Mos\"],\"articleSection\":[\"A Louri\u00f1a\"],\"inLanguage\":\"gl-ES\",\"potentialAction\":[{\"@type\":\"CommentAction\",\"name\":\"Comment\",\"target\":[\"https:\\\/\\\/www.anovapeneira.gal\\\/index.php\\\/2021\\\/05\\\/10\\\/a-plataforma-a-auga-e-vida-nominadapara-o-premio-do-cidadan-europeo-2021\\\/#respond\"]}]},{\"@type\":\"WebPage\",\"@id\":\"https:\\\/\\\/www.anovapeneira.gal\\\/index.php\\\/2021\\\/05\\\/10\\\/a-plataforma-a-auga-e-vida-nominadapara-o-premio-do-cidadan-europeo-2021\\\/\",\"url\":\"https:\\\/\\\/www.anovapeneira.gal\\\/index.php\\\/2021\\\/05\\\/10\\\/a-plataforma-a-auga-e-vida-nominadapara-o-premio-do-cidadan-europeo-2021\\\/\",\"name\":\"A plataforma \u2018A Auga \u00e9 Vida\u2019, nominadapara o Premio do Cidad\u00e1n Europeo 2021 -\",\"isPartOf\":{\"@id\":\"https:\\\/\\\/www.anovapeneira.gal\\\/#website\"},\"primaryImageOfPage\":{\"@id\":\"https:\\\/\\\/www.anovapeneira.gal\\\/index.php\\\/2021\\\/05\\\/10\\\/a-plataforma-a-auga-e-vida-nominadapara-o-premio-do-cidadan-europeo-2021\\\/#primaryimage\"},\"image\":{\"@id\":\"https:\\\/\\\/www.anovapeneira.gal\\\/index.php\\\/2021\\\/05\\\/10\\\/a-plataforma-a-auga-e-vida-nominadapara-o-premio-do-cidadan-europeo-2021\\\/#primaryimage\"},\"thumbnailUrl\":\"https:\\\/\\\/www.anovapeneira.gal\\\/wp-content\\\/uploads\\\/2021\\\/05\\\/tameiga_comercio_non.jpg\",\"datePublished\":\"2021-05-10T08:00:03+00:00\",\"description\":\"O Parlamento Europeo xa ten sobre a mesa a candidatura da Plataforma \u2018A Auga \u00e9 Vida\u2019para os Premios Cidad\u00e1n Europeo 2021.Otraballo realizado para reivindicar a biodiversidade e a protecci\u00f3n daaugacomo ben de acceso universalfiguran entre os criteriospara a nominaci\u00f3n dun colectivo que naceuhai m\u00e1is de tres anospara defender os mananciais e o patrimonio natural do concello de Mos fronte \u00e1s pretensi\u00f3ns de constru\u00edr un macrocentro comercial en terreoscomunaiscualificados como \u201cr\u00fasticos de protecci\u00f3n forestal\u201d\",\"breadcrumb\":{\"@id\":\"https:\\\/\\\/www.anovapeneira.gal\\\/index.php\\\/2021\\\/05\\\/10\\\/a-plataforma-a-auga-e-vida-nominadapara-o-premio-do-cidadan-europeo-2021\\\/#breadcrumb\"},\"inLanguage\":\"gl-ES\",\"potentialAction\":[{\"@type\":\"ReadAction\",\"target\":[\"https:\\\/\\\/www.anovapeneira.gal\\\/index.php\\\/2021\\\/05\\\/10\\\/a-plataforma-a-auga-e-vida-nominadapara-o-premio-do-cidadan-europeo-2021\\\/\"]}]},{\"@type\":\"ImageObject\",\"inLanguage\":\"gl-ES\",\"@id\":\"https:\\\/\\\/www.anovapeneira.gal\\\/index.php\\\/2021\\\/05\\\/10\\\/a-plataforma-a-auga-e-vida-nominadapara-o-premio-do-cidadan-europeo-2021\\\/#primaryimage\",\"url\":\"https:\\\/\\\/www.anovapeneira.gal\\\/wp-content\\\/uploads\\\/2021\\\/05\\\/tameiga_comercio_non.jpg\",\"contentUrl\":\"https:\\\/\\\/www.anovapeneira.gal\\\/wp-content\\\/uploads\\\/2021\\\/05\\\/tameiga_comercio_non.jpg\",\"width\":720,\"height\":432,\"caption\":\"A plataforma \u2018A Auga \u00e9 Vida\u2019, nominadapara o Premio do Cidad\u00e1n Europeo 2021\"},{\"@type\":\"BreadcrumbList\",\"@id\":\"https:\\\/\\\/www.anovapeneira.gal\\\/index.php\\\/2021\\\/05\\\/10\\\/a-plataforma-a-auga-e-vida-nominadapara-o-premio-do-cidadan-europeo-2021\\\/#breadcrumb\",\"itemListElement\":[{\"@type\":\"ListItem\",\"position\":1,\"name\":\"Portada\",\"item\":\"https:\\\/\\\/www.anovapeneira.gal\\\/\"},{\"@type\":\"ListItem\",\"position\":2,\"name\":\"A plataforma \u2018A Auga \u00e9 Vida\u2019, nominadapara o Premio do Cidad\u00e1n Europeo 2021\"}]},{\"@type\":\"WebSite\",\"@id\":\"https:\\\/\\\/www.anovapeneira.gal\\\/#website\",\"url\":\"https:\\\/\\\/www.anovapeneira.gal\\\/\",\"name\":\"\",\"description\":\"Xornal galego de informaci\u00f3n xeral Publicaci\u00f3n mensual de novas de Galicia e en especial dos Concellos da sur da provincia de Pontevedra.\",\"publisher\":{\"@id\":\"https:\\\/\\\/www.anovapeneira.gal\\\/#organization\"},\"potentialAction\":[{\"@type\":\"SearchAction\",\"target\":{\"@type\":\"EntryPoint\",\"urlTemplate\":\"https:\\\/\\\/www.anovapeneira.gal\\\/?s={search_term_string}\"},\"query-input\":{\"@type\":\"PropertyValueSpecification\",\"valueRequired\":true,\"valueName\":\"search_term_string\"}}],\"inLanguage\":\"gl-ES\"},{\"@type\":\"Organization\",\"@id\":\"https:\\\/\\\/www.anovapeneira.gal\\\/#organization\",\"name\":\"A Nova Peneira\",\"url\":\"https:\\\/\\\/www.anovapeneira.gal\\\/\",\"logo\":{\"@type\":\"ImageObject\",\"inLanguage\":\"gl-ES\",\"@id\":\"https:\\\/\\\/www.anovapeneira.gal\\\/#\\\/schema\\\/logo\\\/image\\\/\",\"url\":\"http:\\\/\\\/www.anovapeneira.gal\\\/wp-content\\\/uploads\\\/2019\\\/06\\\/logo_a_nova_peneira_portal_web.png\",\"contentUrl\":\"http:\\\/\\\/www.anovapeneira.gal\\\/wp-content\\\/uploads\\\/2019\\\/06\\\/logo_a_nova_peneira_portal_web.png\",\"width\":300,\"height\":100,\"caption\":\"A Nova Peneira\"},\"image\":{\"@id\":\"https:\\\/\\\/www.anovapeneira.gal\\\/#\\\/schema\\\/logo\\\/image\\\/\"},\"sameAs\":[\"https:\\\/\\\/www.facebook.com\\\/anovapeneira\",\"https:\\\/\\\/x.com\\\/APeneira\"]},{\"@type\":\"Person\",\"@id\":\"https:\\\/\\\/www.anovapeneira.gal\\\/#\\\/schema\\\/person\\\/b93e3f8932e3f8da96334607eb6ac6aa\",\"name\":\"Redacci\u00f3n A Nova Peneira\",\"image\":{\"@type\":\"ImageObject\",\"inLanguage\":\"gl-ES\",\"@id\":\"https:\\\/\\\/secure.gravatar.com\\\/avatar\\\/c052a2551a06e23fac63626232eaa90abd78dbcf1700fc46a2b2c89fd27b735f?s=96&d=mm&r=g\",\"url\":\"https:\\\/\\\/secure.gravatar.com\\\/avatar\\\/c052a2551a06e23fac63626232eaa90abd78dbcf1700fc46a2b2c89fd27b735f?s=96&d=mm&r=g\",\"contentUrl\":\"https:\\\/\\\/secure.gravatar.com\\\/avatar\\\/c052a2551a06e23fac63626232eaa90abd78dbcf1700fc46a2b2c89fd27b735f?s=96&d=mm&r=g\",\"caption\":\"Redacci\u00f3n A Nova Peneira\"},\"sameAs\":[\"http:\\\/\\\/www.anovapeneira.gal\\\/\"],\"url\":\"https:\\\/\\\/www.anovapeneira.gal\\\/index.php\\\/author\\\/redactor\\\/\"}]}<\/script>\n<!-- \/ Yoast SEO plugin. -->","yoast_head_json":{"title":"A plataforma \u2018A Auga \u00e9 Vida\u2019, nominadapara o Premio do Cidad\u00e1n Europeo 2021 -","description":"O Parlamento Europeo xa ten sobre a mesa a candidatura da Plataforma \u2018A Auga \u00e9 Vida\u2019para os Premios Cidad\u00e1n Europeo 2021.Otraballo realizado para reivindicar a biodiversidade e a protecci\u00f3n daaugacomo ben de acceso universalfiguran entre os criteriospara a nominaci\u00f3n dun colectivo que naceuhai m\u00e1is de tres anospara defender os mananciais e o patrimonio natural do concello de Mos fronte \u00e1s pretensi\u00f3ns de constru\u00edr un macrocentro comercial en terreoscomunaiscualificados como \u201cr\u00fasticos de protecci\u00f3n forestal\u201d","robots":{"index":"index","follow":"follow","max-snippet":"max-snippet:-1","max-image-preview":"max-image-preview:large","max-video-preview":"max-video-preview:-1"},"canonical":"https:\/\/www.anovapeneira.gal\/index.php\/2021\/05\/10\/a-plataforma-a-auga-e-vida-nominadapara-o-premio-do-cidadan-europeo-2021\/","og_locale":"gl_ES","og_type":"article","og_title":"A plataforma \u2018A Auga \u00e9 Vida\u2019, nominadapara o Premio do Cidad\u00e1n Europeo 2021 -","og_description":"O Parlamento Europeo xa ten sobre a mesa a candidatura da Plataforma \u2018A Auga \u00e9 Vida\u2019para os Premios Cidad\u00e1n Europeo 2021.Otraballo realizado para reivindicar a biodiversidade e a protecci\u00f3n daaugacomo ben de acceso universalfiguran entre os criteriospara a nominaci\u00f3n dun colectivo que naceuhai m\u00e1is de tres anospara defender os mananciais e o patrimonio natural do concello de Mos fronte \u00e1s pretensi\u00f3ns de constru\u00edr un macrocentro comercial en terreoscomunaiscualificados como \u201cr\u00fasticos de protecci\u00f3n forestal\u201d","og_url":"https:\/\/www.anovapeneira.gal\/index.php\/2021\/05\/10\/a-plataforma-a-auga-e-vida-nominadapara-o-premio-do-cidadan-europeo-2021\/","article_publisher":"https:\/\/www.facebook.com\/anovapeneira","article_published_time":"2021-05-10T08:00:03+00:00","og_image":[{"width":720,"height":432,"url":"https:\/\/www.anovapeneira.gal\/wp-content\/uploads\/2021\/05\/tameiga_comercio_non.jpg","type":"image\/jpeg"}],"author":"Redacci\u00f3n A Nova Peneira","twitter_card":"summary_large_image","twitter_creator":"@APeneira","twitter_site":"@APeneira","twitter_misc":{"Escrito por":"Redacci\u00f3n A Nova Peneira","Tempo de lectura":"2 minutos"},"schema":{"@context":"https:\/\/schema.org","@graph":[{"@type":"Article","@id":"https:\/\/www.anovapeneira.gal\/index.php\/2021\/05\/10\/a-plataforma-a-auga-e-vida-nominadapara-o-premio-do-cidadan-europeo-2021\/#article","isPartOf":{"@id":"https:\/\/www.anovapeneira.gal\/index.php\/2021\/05\/10\/a-plataforma-a-auga-e-vida-nominadapara-o-premio-do-cidadan-europeo-2021\/"},"author":{"name":"Redacci\u00f3n A Nova Peneira","@id":"https:\/\/www.anovapeneira.gal\/#\/schema\/person\/b93e3f8932e3f8da96334607eb6ac6aa"},"headline":"A plataforma \u2018A Auga \u00e9 Vida\u2019, nominadapara o Premio do Cidad\u00e1n Europeo 2021","datePublished":"2021-05-10T08:00:03+00:00","mainEntityOfPage":{"@id":"https:\/\/www.anovapeneira.gal\/index.php\/2021\/05\/10\/a-plataforma-a-auga-e-vida-nominadapara-o-premio-do-cidadan-europeo-2021\/"},"wordCount":490,"commentCount":0,"publisher":{"@id":"https:\/\/www.anovapeneira.gal\/#organization"},"image":{"@id":"https:\/\/www.anovapeneira.gal\/index.php\/2021\/05\/10\/a-plataforma-a-auga-e-vida-nominadapara-o-premio-do-cidadan-europeo-2021\/#primaryimage"},"thumbnailUrl":"https:\/\/www.anovapeneira.gal\/wp-content\/uploads\/2021\/05\/tameiga_comercio_non.jpg","keywords":["Concello de Mos"],"articleSection":["A Louri\u00f1a"],"inLanguage":"gl-ES","potentialAction":[{"@type":"CommentAction","name":"Comment","target":["https:\/\/www.anovapeneira.gal\/index.php\/2021\/05\/10\/a-plataforma-a-auga-e-vida-nominadapara-o-premio-do-cidadan-europeo-2021\/#respond"]}]},{"@type":"WebPage","@id":"https:\/\/www.anovapeneira.gal\/index.php\/2021\/05\/10\/a-plataforma-a-auga-e-vida-nominadapara-o-premio-do-cidadan-europeo-2021\/","url":"https:\/\/www.anovapeneira.gal\/index.php\/2021\/05\/10\/a-plataforma-a-auga-e-vida-nominadapara-o-premio-do-cidadan-europeo-2021\/","name":"A plataforma \u2018A Auga \u00e9 Vida\u2019, nominadapara o Premio do Cidad\u00e1n Europeo 2021 -","isPartOf":{"@id":"https:\/\/www.anovapeneira.gal\/#website"},"primaryImageOfPage":{"@id":"https:\/\/www.anovapeneira.gal\/index.php\/2021\/05\/10\/a-plataforma-a-auga-e-vida-nominadapara-o-premio-do-cidadan-europeo-2021\/#primaryimage"},"image":{"@id":"https:\/\/www.anovapeneira.gal\/index.php\/2021\/05\/10\/a-plataforma-a-auga-e-vida-nominadapara-o-premio-do-cidadan-europeo-2021\/#primaryimage"},"thumbnailUrl":"https:\/\/www.anovapeneira.gal\/wp-content\/uploads\/2021\/05\/tameiga_comercio_non.jpg","datePublished":"2021-05-10T08:00:03+00:00","description":"O Parlamento Europeo xa ten sobre a mesa a candidatura da Plataforma \u2018A Auga \u00e9 Vida\u2019para os Premios Cidad\u00e1n Europeo 2021.Otraballo realizado para reivindicar a biodiversidade e a protecci\u00f3n daaugacomo ben de acceso universalfiguran entre os criteriospara a nominaci\u00f3n dun colectivo que naceuhai m\u00e1is de tres anospara defender os mananciais e o patrimonio natural do concello de Mos fronte \u00e1s pretensi\u00f3ns de constru\u00edr un macrocentro comercial en terreoscomunaiscualificados como \u201cr\u00fasticos de protecci\u00f3n forestal\u201d","breadcrumb":{"@id":"https:\/\/www.anovapeneira.gal\/index.php\/2021\/05\/10\/a-plataforma-a-auga-e-vida-nominadapara-o-premio-do-cidadan-europeo-2021\/#breadcrumb"},"inLanguage":"gl-ES","potentialAction":[{"@type":"ReadAction","target":["https:\/\/www.anovapeneira.gal\/index.php\/2021\/05\/10\/a-plataforma-a-auga-e-vida-nominadapara-o-premio-do-cidadan-europeo-2021\/"]}]},{"@type":"ImageObject","inLanguage":"gl-ES","@id":"https:\/\/www.anovapeneira.gal\/index.php\/2021\/05\/10\/a-plataforma-a-auga-e-vida-nominadapara-o-premio-do-cidadan-europeo-2021\/#primaryimage","url":"https:\/\/www.anovapeneira.gal\/wp-content\/uploads\/2021\/05\/tameiga_comercio_non.jpg","contentUrl":"https:\/\/www.anovapeneira.gal\/wp-content\/uploads\/2021\/05\/tameiga_comercio_non.jpg","width":720,"height":432,"caption":"A plataforma \u2018A Auga \u00e9 Vida\u2019, nominadapara o Premio do Cidad\u00e1n Europeo 2021"},{"@type":"BreadcrumbList","@id":"https:\/\/www.anovapeneira.gal\/index.php\/2021\/05\/10\/a-plataforma-a-auga-e-vida-nominadapara-o-premio-do-cidadan-europeo-2021\/#breadcrumb","itemListElement":[{"@type":"ListItem","position":1,"name":"Portada","item":"https:\/\/www.anovapeneira.gal\/"},{"@type":"ListItem","position":2,"name":"A plataforma \u2018A Auga \u00e9 Vida\u2019, nominadapara o Premio do Cidad\u00e1n Europeo 2021"}]},{"@type":"WebSite","@id":"https:\/\/www.anovapeneira.gal\/#website","url":"https:\/\/www.anovapeneira.gal\/","name":"","description":"Xornal galego de informaci\u00f3n xeral Publicaci\u00f3n mensual de novas de Galicia e en especial dos Concellos da sur da provincia de Pontevedra.","publisher":{"@id":"https:\/\/www.anovapeneira.gal\/#organization"},"potentialAction":[{"@type":"SearchAction","target":{"@type":"EntryPoint","urlTemplate":"https:\/\/www.anovapeneira.gal\/?s={search_term_string}"},"query-input":{"@type":"PropertyValueSpecification","valueRequired":true,"valueName":"search_term_string"}}],"inLanguage":"gl-ES"},{"@type":"Organization","@id":"https:\/\/www.anovapeneira.gal\/#organization","name":"A Nova Peneira","url":"https:\/\/www.anovapeneira.gal\/","logo":{"@type":"ImageObject","inLanguage":"gl-ES","@id":"https:\/\/www.anovapeneira.gal\/#\/schema\/logo\/image\/","url":"http:\/\/www.anovapeneira.gal\/wp-content\/uploads\/2019\/06\/logo_a_nova_peneira_portal_web.png","contentUrl":"http:\/\/www.anovapeneira.gal\/wp-content\/uploads\/2019\/06\/logo_a_nova_peneira_portal_web.png","width":300,"height":100,"caption":"A Nova Peneira"},"image":{"@id":"https:\/\/www.anovapeneira.gal\/#\/schema\/logo\/image\/"},"sameAs":["https:\/\/www.facebook.com\/anovapeneira","https:\/\/x.com\/APeneira"]},{"@type":"Person","@id":"https:\/\/www.anovapeneira.gal\/#\/schema\/person\/b93e3f8932e3f8da96334607eb6ac6aa","name":"Redacci\u00f3n A Nova Peneira","image":{"@type":"ImageObject","inLanguage":"gl-ES","@id":"https:\/\/secure.gravatar.com\/avatar\/c052a2551a06e23fac63626232eaa90abd78dbcf1700fc46a2b2c89fd27b735f?s=96&d=mm&r=g","url":"https:\/\/secure.gravatar.com\/avatar\/c052a2551a06e23fac63626232eaa90abd78dbcf1700fc46a2b2c89fd27b735f?s=96&d=mm&r=g","contentUrl":"https:\/\/secure.gravatar.com\/avatar\/c052a2551a06e23fac63626232eaa90abd78dbcf1700fc46a2b2c89fd27b735f?s=96&d=mm&r=g","caption":"Redacci\u00f3n A Nova Peneira"},"sameAs":["http:\/\/www.anovapeneira.gal\/"],"url":"https:\/\/www.anovapeneira.gal\/index.php\/author\/redactor\/"}]}},"jetpack_featured_media_url":"https:\/\/www.anovapeneira.gal\/wp-content\/uploads\/2021\/05\/tameiga_comercio_non.jpg","_links":{"self":[{"href":"https:\/\/www.anovapeneira.gal\/index.php\/wp-json\/wp\/v2\/posts\/5343","targetHints":{"allow":["GET"]}}],"collection":[{"href":"https:\/\/www.anovapeneira.gal\/index.php\/wp-json\/wp\/v2\/posts"}],"about":[{"href":"https:\/\/www.anovapeneira.gal\/index.php\/wp-json\/wp\/v2\/types\/post"}],"author":[{"embeddable":true,"href":"https:\/\/www.anovapeneira.gal\/index.php\/wp-json\/wp\/v2\/users\/3"}],"replies":[{"embeddable":true,"href":"https:\/\/www.anovapeneira.gal\/index.php\/wp-json\/wp\/v2\/comments?post=5343"}],"version-history":[{"count":1,"href":"https:\/\/www.anovapeneira.gal\/index.php\/wp-json\/wp\/v2\/posts\/5343\/revisions"}],"predecessor-version":[{"id":5345,"href":"https:\/\/www.anovapeneira.gal\/index.php\/wp-json\/wp\/v2\/posts\/5343\/revisions\/5345"}],"wp:featuredmedia":[{"embeddable":true,"href":"https:\/\/www.anovapeneira.gal\/index.php\/wp-json\/wp\/v2\/media\/5344"}],"wp:attachment":[{"href":"https:\/\/www.anovapeneira.gal\/index.php\/wp-json\/wp\/v2\/media?parent=5343"}],"wp:term":[{"taxonomy":"category","embeddable":true,"href":"https:\/\/www.anovapeneira.gal\/index.php\/wp-json\/wp\/v2\/categories?post=5343"},{"taxonomy":"post_tag","embeddable":true,"href":"https:\/\/www.anovapeneira.gal\/index.php\/wp-json\/wp\/v2\/tags?post=5343"}],"curies":[{"name":"wp","href":"https:\/\/api.w.org\/{rel}","templated":true}]}}